{"id":4507,"date":"2021-01-12T08:24:21","date_gmt":"2021-01-12T08:24:21","guid":{"rendered":"https:\/\/allasorias.hu\/hirek\/?p=4507"},"modified":"2021-01-12T08:25:04","modified_gmt":"2021-01-12T08:25:04","slug":"folytatodnak-a-minimalber-targyalasok","status":"publish","type":"post","link":"https:\/\/allasorias.hu\/hirek\/folytatodnak-a-minimalber-targyalasok\/","title":{"rendered":"Folytat\u00f3dnak a minim\u00e1lb\u00e9r t\u00e1rgyal\u00e1sok"},"content":{"rendered":"<p><strong>M\u00e9g mindig nincs megegyez\u00e9s a minim\u00e1lb\u00e9r \u00f6sszeg\u00e9r\u0151l a t\u00e1rgyal\u00f3felek k\u00f6z\u00f6tt, de n\u00e9mi megegyez\u00e9si hajlam m\u00e1r l\u00e1tszik. Az elm\u00falt h\u00e9t p\u00e9ntek\u00e9n \u00fajabb egyeztet\u00e9s zajlott az idei minim\u00e9lb\u00e9r \u00f6sszeg\u00e9r\u0151l a munk\u00e1ltat\u00f3k \u00e9s a munkav\u00e1llal\u00f3k k\u00f6z\u00f6tt.<\/strong><\/p>\n<p>T\u00f6rt\u00e9nt el\u0151rel\u00e9p\u00e9s, a t\u00e1rgyal\u00e1sok a h\u00e9ten folytat\u00f3dnak. Konstrukt\u00edvan, j\u00f3 hangulatban zajlott a munk\u00e1ltat\u00f3i \u00e9s a munkav\u00e1llal\u00f3i szervezetek k\u00f6zti egyeztet\u00e9s p\u00e9nteken a minim\u00e1lb\u00e9r idei \u00f6sszege \u00fcgy\u00e9ben &#8211; mondt\u00e1k a N\u00e9pszav\u00e1nak a megbesz\u00e9l\u00e9s r\u00e9sztvev\u0151i. Hozz\u00e1tett\u00e9k: a Versenyszf\u00e9ra \u00e9s a Korm\u00e1ny \u00c1lland\u00f3 Konzult\u00e1ci\u00f3s F\u00f3rum\u00e1nak (VKF) k\u00f6vetkez\u0151 \u00fcl\u00e9s\u00e9ig azonban nem akarnak tov\u00e1bbi nyilv\u00e1nos vit\u00e1t, \u00edgy nem k\u00edv\u00e1nnak a k\u00e9rd\u00e9sben nyilatkozni. Kord\u00e1s L\u00e1szl\u00f3, a Magyar Szakszervezeti Sz\u00f6vets\u00e9g eln\u00f6ke annyit ugyanakkor el\u00e1rult a lapnak, hogy \u201et\u00f6rt\u00e9nt el\u0151remozdul\u00e1s\u201d. Rolek Ferenc, a Munkaad\u00f3k \u00e9s Gy\u00e1riparosok Orsz\u00e1gos Sz\u00f6vets\u00e9g\u00e9nek (MGYOSZ) aleln\u00f6ke pedig azt k\u00f6z\u00f6lte: tudom\u00e1sa szerint ezen a h\u00e9ten ism\u00e9t lesz VKF-\u00fcl\u00e9s, de a pontos id\u0151pontot m\u00e9g nem ismerik, mert m\u00e9g nem kapt\u00e1k meg a korm\u00e1ny illet\u00e9kes\u00e9t\u0151l a megh\u00edv\u00f3t. A munkaad\u00f3k b\u00e9remel\u00e9si aj\u00e1nlata jelenleg 3 sz\u00e1zal\u00e9k, m\u00edg a munkav\u00e1llal\u00f3k ragaszkodnak az 5 sz\u00e1zal\u00e9kos fejleszt\u00e9shez.Mivel egyel\u0151re nincs megegyez\u00e9s, a minim\u00e1lb\u00e9r jelenleg a tavalyival megegyez\u0151 \u00f6sszeg, 161 ezer forint, a garant\u00e1lt b\u00e9rminimum pedig 210.600 forint.<\/p>\n<p>&nbsp;<\/p>\n<p>Forr\u00e1s: hrportal.hu<\/p>\n","protected":false},"excerpt":{"rendered":"<p>M\u00e9g mindig nincs megegyez\u00e9s a minim\u00e1lb\u00e9r \u00f6sszeg\u00e9r\u0151l a t\u00e1rgyal\u00f3felek k\u00f6z\u00f6tt, de n\u00e9mi megegyez\u00e9si hajlam m\u00e1r l\u00e1tszik. Az elm\u00falt h\u00e9t p\u00e9ntek\u00e9n \u00fajabb egyeztet\u00e9s zajlott az idei minim\u00e9lb\u00e9r \u00f6sszeg\u00e9r\u0151l a munk\u00e1ltat\u00f3k \u00e9s a munkav\u00e1llal\u00f3k k\u00f6z\u00f6tt. T\u00f6rt\u00e9nt el\u0151rel\u00e9p\u00e9s, a t\u00e1rgyal\u00e1sok a h\u00e9ten folytat\u00f3dnak. Konstrukt\u00edvan, j\u00f3 hangulatban zajlott a munk\u00e1ltat\u00f3i \u00e9s a munkav\u00e1llal\u00f3i szervezetek k\u00f6zti egyeztet\u00e9s p\u00e9nteken a minim\u00e1lb\u00e9r [&hellip;]<\/p>\n","protected":false},"author":1,"featured_media":4478,"comment_status":"open","ping_status":"open","sticky":false,"template":"","format":"standard","meta":{"_monsterinsights_skip_tracking":false,"footnotes":""},"categories":[198],"tags":[],"class_list":["post-4507","post","type-post","status-publish","format-standard","has-post-thumbnail","hentry","category-gazdasag"],"aioseo_notices":[],"aioseo_head":"\n\t\t<!-- All in One SEO 5.0.0.1 - aioseo.com -->\n\t<meta name=\"description\" content=\"M\u00e9g mindig nincs megegyez\u00e9s a minim\u00e1lb\u00e9r \u00f6sszeg\u00e9r\u0151l a t\u00e1rgyal\u00f3felek k\u00f6z\u00f6tt, de n\u00e9mi megegyez\u00e9si hajlam m\u00e1r l\u00e1tszik. Az elm\u00falt h\u00e9t p\u00e9ntek\u00e9n \u00fajabb egyeztet\u00e9s zajlott az idei minim\u00e9lb\u00e9r \u00f6sszeg\u00e9r\u0151l a munk\u00e1ltat\u00f3k \u00e9s a munkav\u00e1llal\u00f3k k\u00f6z\u00f6tt. T\u00f6rt\u00e9nt el\u0151rel\u00e9p\u00e9s, a t\u00e1rgyal\u00e1sok a h\u00e9ten folytat\u00f3dnak. Konstrukt\u00edvan, j\u00f3 hangulatban zajlott a munk\u00e1ltat\u00f3i \u00e9s a munkav\u00e1llal\u00f3i szervezetek k\u00f6zti egyeztet\u00e9s p\u00e9nteken a minim\u00e1lb\u00e9r\" \/>\n\t<meta name=\"robots\" content=\"max-image-preview:large\" \/>\n\t<meta name=\"author\" content=\"Juh\u00e1sz P\u00e9ter\"\/>\n\t<link rel=\"canonical\" href=\"https:\/\/allasorias.hu\/hirek\/folytatodnak-a-minimalber-targyalasok\/\" \/>\n\t<meta name=\"generator\" content=\"All in One SEO (AIOSEO) 5.0.0.1\" \/>\n\t\t<meta property=\"og:locale\" content=\"hu_HU\" \/>\n\t\t<meta property=\"og:site_name\" content=\"AllasOrias.hu | H\u00edrek-lapszemle | \u00dczleti h\u00edrek az \u00e1ll\u00e1s \u00e9s a munka vil\u00e1g\u00e1b\u00f3l\" \/>\n\t\t<meta property=\"og:type\" content=\"article\" \/>\n\t\t<meta property=\"og:title\" content=\"Folytat\u00f3dnak a minim\u00e1lb\u00e9r t\u00e1rgyal\u00e1sok | AllasOrias.hu | H\u00edrek-lapszemle\" \/>\n\t\t<meta property=\"og:description\" content=\"M\u00e9g mindig nincs megegyez\u00e9s a minim\u00e1lb\u00e9r \u00f6sszeg\u00e9r\u0151l a t\u00e1rgyal\u00f3felek k\u00f6z\u00f6tt, de n\u00e9mi megegyez\u00e9si hajlam m\u00e1r l\u00e1tszik. Az elm\u00falt h\u00e9t p\u00e9ntek\u00e9n \u00fajabb egyeztet\u00e9s zajlott az idei minim\u00e9lb\u00e9r \u00f6sszeg\u00e9r\u0151l a munk\u00e1ltat\u00f3k \u00e9s a munkav\u00e1llal\u00f3k k\u00f6z\u00f6tt. T\u00f6rt\u00e9nt el\u0151rel\u00e9p\u00e9s, a t\u00e1rgyal\u00e1sok a h\u00e9ten folytat\u00f3dnak. Konstrukt\u00edvan, j\u00f3 hangulatban zajlott a munk\u00e1ltat\u00f3i \u00e9s a munkav\u00e1llal\u00f3i szervezetek k\u00f6zti egyeztet\u00e9s p\u00e9nteken a minim\u00e1lb\u00e9r\" \/>\n\t\t<meta property=\"og:url\" content=\"https:\/\/allasorias.hu\/hirek\/folytatodnak-a-minimalber-targyalasok\/\" \/>\n\t\t<meta property=\"og:image\" content=\"https:\/\/allasorias.hu\/hirek\/wp-content\/uploads\/2020\/12\/minimalber_1.jpg\" \/>\n\t\t<meta property=\"og:image:secure_url\" content=\"https:\/\/allasorias.hu\/hirek\/wp-content\/uploads\/2020\/12\/minimalber_1.jpg\" \/>\n\t\t<meta property=\"og:image:width\" content=\"780\" \/>\n\t\t<meta property=\"og:image:height\" content=\"439\" \/>\n\t\t<meta property=\"article:published_time\" content=\"2021-01-12T08:24:21+00:00\" \/>\n\t\t<meta property=\"article:modified_time\" content=\"2021-01-12T08:25:04+00:00\" \/>\n\t\t<meta property=\"article:publisher\" content=\"https:\/\/www.facebook.com\/allasorias\" \/>\n\t\t<meta name=\"twitter:card\" content=\"summary_large_image\" \/>\n\t\t<meta name=\"twitter:title\" content=\"Folytat\u00f3dnak a minim\u00e1lb\u00e9r t\u00e1rgyal\u00e1sok | AllasOrias.hu | H\u00edrek-lapszemle\" \/>\n\t\t<meta name=\"twitter:description\" content=\"M\u00e9g mindig nincs megegyez\u00e9s a minim\u00e1lb\u00e9r \u00f6sszeg\u00e9r\u0151l a t\u00e1rgyal\u00f3felek k\u00f6z\u00f6tt, de n\u00e9mi megegyez\u00e9si hajlam m\u00e1r l\u00e1tszik. Az elm\u00falt h\u00e9t p\u00e9ntek\u00e9n \u00fajabb egyeztet\u00e9s zajlott az idei minim\u00e9lb\u00e9r \u00f6sszeg\u00e9r\u0151l a munk\u00e1ltat\u00f3k \u00e9s a munkav\u00e1llal\u00f3k k\u00f6z\u00f6tt. T\u00f6rt\u00e9nt el\u0151rel\u00e9p\u00e9s, a t\u00e1rgyal\u00e1sok a h\u00e9ten folytat\u00f3dnak. Konstrukt\u00edvan, j\u00f3 hangulatban zajlott a munk\u00e1ltat\u00f3i \u00e9s a munkav\u00e1llal\u00f3i szervezetek k\u00f6zti egyeztet\u00e9s p\u00e9nteken a minim\u00e1lb\u00e9r\" \/>\n\t\t<meta name=\"twitter:image\" content=\"https:\/\/allasorias.hu\/hirek\/wp-content\/uploads\/2020\/12\/minimalber_1.jpg\" \/>\n\t\t<meta name=\"twitter:label1\" content=\"Written by\" \/>\n\t\t<meta name=\"twitter:data1\" content=\"Juh\u00e1sz P\u00e9ter\" \/>\n\t\t<meta name=\"twitter:label2\" content=\"Est. reading time\" \/>\n\t\t<meta name=\"twitter:data2\" content=\"2 minutes\" \/>\n\t\t<script type=\"application\/ld+json\" class=\"aioseo-schema\">\n\t\t\t{\"@context\":\"https:\\\/\\\/schema.org\",\"@graph\":[{\"@type\":\"Article\",\"@id\":\"https:\\\/\\\/allasorias.hu\\\/hirek\\\/folytatodnak-a-minimalber-targyalasok\\\/#article\",\"name\":\"Folytat\\u00f3dnak a minim\\u00e1lb\\u00e9r t\\u00e1rgyal\\u00e1sok | AllasOrias.hu | H\\u00edrek-lapszemle\",\"headline\":\"Folytat\\u00f3dnak a minim\\u00e1lb\\u00e9r t\\u00e1rgyal\\u00e1sok\",\"author\":{\"@id\":\"https:\\\/\\\/allasorias.hu\\\/hirek\\\/author\\\/admin-allasorias\\\/#author\"},\"publisher\":{\"@id\":\"https:\\\/\\\/allasorias.hu\\\/hirek\\\/#organization\"},\"image\":{\"@type\":\"ImageObject\",\"url\":\"https:\\\/\\\/allasorias.hu\\\/hirek\\\/wp-content\\\/uploads\\\/2020\\\/12\\\/minimalber_1.jpg\",\"width\":780,\"height\":439},\"datePublished\":\"2021-01-12T08:24:21+02:00\",\"dateModified\":\"2021-01-12T08:25:04+02:00\",\"inLanguage\":\"hu-HU\",\"mainEntityOfPage\":{\"@id\":\"https:\\\/\\\/allasorias.hu\\\/hirek\\\/folytatodnak-a-minimalber-targyalasok\\\/#webpage\"},\"isPartOf\":{\"@id\":\"https:\\\/\\\/allasorias.hu\\\/hirek\\\/folytatodnak-a-minimalber-targyalasok\\\/#webpage\"},\"articleSection\":\"Gazdas\\u00e1g\"},{\"@type\":\"BreadcrumbList\",\"@id\":\"https:\\\/\\\/allasorias.hu\\\/hirek\\\/folytatodnak-a-minimalber-targyalasok\\\/#breadcrumblist\",\"itemListElement\":[{\"@type\":\"ListItem\",\"@id\":\"https:\\\/\\\/allasorias.hu\\\/hirek#listItem\",\"position\":1,\"name\":\"Home\",\"item\":\"https:\\\/\\\/allasorias.hu\\\/hirek\",\"nextItem\":{\"@type\":\"ListItem\",\"@id\":\"https:\\\/\\\/allasorias.hu\\\/hirek\\\/temak\\\/gazdasag\\\/#listItem\",\"name\":\"Gazdas\\u00e1g\"}},{\"@type\":\"ListItem\",\"@id\":\"https:\\\/\\\/allasorias.hu\\\/hirek\\\/temak\\\/gazdasag\\\/#listItem\",\"position\":2,\"name\":\"Gazdas\\u00e1g\",\"item\":\"https:\\\/\\\/allasorias.hu\\\/hirek\\\/temak\\\/gazdasag\\\/\",\"nextItem\":{\"@type\":\"ListItem\",\"@id\":\"https:\\\/\\\/allasorias.hu\\\/hirek\\\/folytatodnak-a-minimalber-targyalasok\\\/#listItem\",\"name\":\"Folytat\\u00f3dnak a minim\\u00e1lb\\u00e9r t\\u00e1rgyal\\u00e1sok\"},\"previousItem\":{\"@type\":\"ListItem\",\"@id\":\"https:\\\/\\\/allasorias.hu\\\/hirek#listItem\",\"name\":\"Home\"}},{\"@type\":\"ListItem\",\"@id\":\"https:\\\/\\\/allasorias.hu\\\/hirek\\\/folytatodnak-a-minimalber-targyalasok\\\/#listItem\",\"position\":3,\"name\":\"Folytat\\u00f3dnak a minim\\u00e1lb\\u00e9r t\\u00e1rgyal\\u00e1sok\",\"previousItem\":{\"@type\":\"ListItem\",\"@id\":\"https:\\\/\\\/allasorias.hu\\\/hirek\\\/temak\\\/gazdasag\\\/#listItem\",\"name\":\"Gazdas\\u00e1g\"}}]},{\"@type\":\"Organization\",\"@id\":\"https:\\\/\\\/allasorias.hu\\\/hirek\\\/#organization\",\"name\":\"AllasOrias.hu | H\\u00edrek-lapszemle\",\"description\":\"\\u00dczleti h\\u00edrek az \\u00e1ll\\u00e1s \\u00e9s a munka vil\\u00e1g\\u00e1b\\u00f3l\",\"url\":\"https:\\\/\\\/allasorias.hu\\\/hirek\\\/\",\"logo\":{\"@type\":\"ImageObject\",\"url\":\"https:\\\/\\\/allasorias.hu\\\/hirek\\\/wp-content\\\/uploads\\\/2022\\\/10\\\/allasorias_site_facebok_logo.png\",\"@id\":\"https:\\\/\\\/allasorias.hu\\\/hirek\\\/folytatodnak-a-minimalber-targyalasok\\\/#organizationLogo\"},\"image\":{\"@id\":\"https:\\\/\\\/allasorias.hu\\\/hirek\\\/folytatodnak-a-minimalber-targyalasok\\\/#organizationLogo\"},\"sameAs\":[\"https:\\\/\\\/www.facebook.com\\\/allasorias\",\"https:\\\/\\\/www.linkedin.com\\\/company\\\/allasorias\"]},{\"@type\":\"Person\",\"@id\":\"https:\\\/\\\/allasorias.hu\\\/hirek\\\/author\\\/admin-allasorias\\\/#author\",\"url\":\"https:\\\/\\\/allasorias.hu\\\/hirek\\\/author\\\/admin-allasorias\\\/\",\"name\":\"Juh\\u00e1sz P\\u00e9ter\",\"image\":{\"@type\":\"ImageObject\",\"@id\":\"https:\\\/\\\/allasorias.hu\\\/hirek\\\/folytatodnak-a-minimalber-targyalasok\\\/#authorImage\",\"url\":\"https:\\\/\\\/secure.gravatar.com\\\/avatar\\\/36e6bcb83148978b992977cb0f54d22feb0cce8a0a849a9410532bb2623ba4c6?s=96&d=mm&r=g\",\"width\":96,\"height\":96,\"caption\":\"Juh\\u00e1sz P\\u00e9ter\"}},{\"@type\":\"WebPage\",\"@id\":\"https:\\\/\\\/allasorias.hu\\\/hirek\\\/folytatodnak-a-minimalber-targyalasok\\\/#webpage\",\"url\":\"https:\\\/\\\/allasorias.hu\\\/hirek\\\/folytatodnak-a-minimalber-targyalasok\\\/\",\"name\":\"Folytat\\u00f3dnak a minim\\u00e1lb\\u00e9r t\\u00e1rgyal\\u00e1sok | AllasOrias.hu | H\\u00edrek-lapszemle\",\"description\":\"M\\u00e9g mindig nincs megegyez\\u00e9s a minim\\u00e1lb\\u00e9r \\u00f6sszeg\\u00e9r\\u0151l a t\\u00e1rgyal\\u00f3felek k\\u00f6z\\u00f6tt, de n\\u00e9mi megegyez\\u00e9si hajlam m\\u00e1r l\\u00e1tszik. Az elm\\u00falt h\\u00e9t p\\u00e9ntek\\u00e9n \\u00fajabb egyeztet\\u00e9s zajlott az idei minim\\u00e9lb\\u00e9r \\u00f6sszeg\\u00e9r\\u0151l a munk\\u00e1ltat\\u00f3k \\u00e9s a munkav\\u00e1llal\\u00f3k k\\u00f6z\\u00f6tt. T\\u00f6rt\\u00e9nt el\\u0151rel\\u00e9p\\u00e9s, a t\\u00e1rgyal\\u00e1sok a h\\u00e9ten folytat\\u00f3dnak. Konstrukt\\u00edvan, j\\u00f3 hangulatban zajlott a munk\\u00e1ltat\\u00f3i \\u00e9s a munkav\\u00e1llal\\u00f3i szervezetek k\\u00f6zti egyeztet\\u00e9s p\\u00e9nteken a minim\\u00e1lb\\u00e9r\",\"inLanguage\":\"hu-HU\",\"isPartOf\":{\"@id\":\"https:\\\/\\\/allasorias.hu\\\/hirek\\\/#website\"},\"breadcrumb\":{\"@id\":\"https:\\\/\\\/allasorias.hu\\\/hirek\\\/folytatodnak-a-minimalber-targyalasok\\\/#breadcrumblist\"},\"author\":{\"@id\":\"https:\\\/\\\/allasorias.hu\\\/hirek\\\/author\\\/admin-allasorias\\\/#author\"},\"creator\":{\"@id\":\"https:\\\/\\\/allasorias.hu\\\/hirek\\\/author\\\/admin-allasorias\\\/#author\"},\"image\":{\"@type\":\"ImageObject\",\"url\":\"https:\\\/\\\/allasorias.hu\\\/hirek\\\/wp-content\\\/uploads\\\/2020\\\/12\\\/minimalber_1.jpg\",\"@id\":\"https:\\\/\\\/allasorias.hu\\\/hirek\\\/folytatodnak-a-minimalber-targyalasok\\\/#mainImage\",\"width\":780,\"height\":439},\"primaryImageOfPage\":{\"@id\":\"https:\\\/\\\/allasorias.hu\\\/hirek\\\/folytatodnak-a-minimalber-targyalasok\\\/#mainImage\"},\"datePublished\":\"2021-01-12T08:24:21+02:00\",\"dateModified\":\"2021-01-12T08:25:04+02:00\"},{\"@type\":\"WebSite\",\"@id\":\"https:\\\/\\\/allasorias.hu\\\/hirek\\\/#website\",\"url\":\"https:\\\/\\\/allasorias.hu\\\/hirek\\\/\",\"name\":\"AllasOrias.hu | H\\u00edrek-lapszemle\",\"description\":\"\\u00dczleti h\\u00edrek az \\u00e1ll\\u00e1s \\u00e9s a munka vil\\u00e1g\\u00e1b\\u00f3l\",\"inLanguage\":\"hu-HU\",\"publisher\":{\"@id\":\"https:\\\/\\\/allasorias.hu\\\/hirek\\\/#organization\"}}]}\n\t\t<\/script>\n\t\t<!-- All in One SEO -->\n\n","aioseo_head_json":{"title":"Folytat\u00f3dnak a minim\u00e1lb\u00e9r t\u00e1rgyal\u00e1sok | AllasOrias.hu | H\u00edrek-lapszemle","description":"M\u00e9g mindig nincs megegyez\u00e9s a minim\u00e1lb\u00e9r \u00f6sszeg\u00e9r\u0151l a t\u00e1rgyal\u00f3felek k\u00f6z\u00f6tt, de n\u00e9mi megegyez\u00e9si hajlam m\u00e1r l\u00e1tszik. Az elm\u00falt h\u00e9t p\u00e9ntek\u00e9n \u00fajabb egyeztet\u00e9s zajlott az idei minim\u00e9lb\u00e9r \u00f6sszeg\u00e9r\u0151l a munk\u00e1ltat\u00f3k \u00e9s a munkav\u00e1llal\u00f3k k\u00f6z\u00f6tt. T\u00f6rt\u00e9nt el\u0151rel\u00e9p\u00e9s, a t\u00e1rgyal\u00e1sok a h\u00e9ten folytat\u00f3dnak. Konstrukt\u00edvan, j\u00f3 hangulatban zajlott a munk\u00e1ltat\u00f3i \u00e9s a munkav\u00e1llal\u00f3i szervezetek k\u00f6zti egyeztet\u00e9s p\u00e9nteken a minim\u00e1lb\u00e9r","canonical_url":"https:\/\/allasorias.hu\/hirek\/folytatodnak-a-minimalber-targyalasok\/","robots":"max-image-preview:large","keywords":"","webmasterTools":{"miscellaneous":""},"schema":{"@context":"https:\/\/schema.org","@graph":[{"@type":"Article","@id":"https:\/\/allasorias.hu\/hirek\/folytatodnak-a-minimalber-targyalasok\/#article","name":"Folytat\u00f3dnak a minim\u00e1lb\u00e9r t\u00e1rgyal\u00e1sok | AllasOrias.hu | H\u00edrek-lapszemle","headline":"Folytat\u00f3dnak a minim\u00e1lb\u00e9r t\u00e1rgyal\u00e1sok","author":{"@id":"https:\/\/allasorias.hu\/hirek\/author\/admin-allasorias\/#author"},"publisher":{"@id":"https:\/\/allasorias.hu\/hirek\/#organization"},"image":{"@type":"ImageObject","url":"https:\/\/allasorias.hu\/hirek\/wp-content\/uploads\/2020\/12\/minimalber_1.jpg","width":780,"height":439},"datePublished":"2021-01-12T08:24:21+02:00","dateModified":"2021-01-12T08:25:04+02:00","inLanguage":"hu-HU","mainEntityOfPage":{"@id":"https:\/\/allasorias.hu\/hirek\/folytatodnak-a-minimalber-targyalasok\/#webpage"},"isPartOf":{"@id":"https:\/\/allasorias.hu\/hirek\/folytatodnak-a-minimalber-targyalasok\/#webpage"},"articleSection":"Gazdas\u00e1g"},{"@type":"BreadcrumbList","@id":"https:\/\/allasorias.hu\/hirek\/folytatodnak-a-minimalber-targyalasok\/#breadcrumblist","itemListElement":[{"@type":"ListItem","@id":"https:\/\/allasorias.hu\/hirek#listItem","position":1,"name":"Home","item":"https:\/\/allasorias.hu\/hirek","nextItem":{"@type":"ListItem","@id":"https:\/\/allasorias.hu\/hirek\/temak\/gazdasag\/#listItem","name":"Gazdas\u00e1g"}},{"@type":"ListItem","@id":"https:\/\/allasorias.hu\/hirek\/temak\/gazdasag\/#listItem","position":2,"name":"Gazdas\u00e1g","item":"https:\/\/allasorias.hu\/hirek\/temak\/gazdasag\/","nextItem":{"@type":"ListItem","@id":"https:\/\/allasorias.hu\/hirek\/folytatodnak-a-minimalber-targyalasok\/#listItem","name":"Folytat\u00f3dnak a minim\u00e1lb\u00e9r t\u00e1rgyal\u00e1sok"},"previousItem":{"@type":"ListItem","@id":"https:\/\/allasorias.hu\/hirek#listItem","name":"Home"}},{"@type":"ListItem","@id":"https:\/\/allasorias.hu\/hirek\/folytatodnak-a-minimalber-targyalasok\/#listItem","position":3,"name":"Folytat\u00f3dnak a minim\u00e1lb\u00e9r t\u00e1rgyal\u00e1sok","previousItem":{"@type":"ListItem","@id":"https:\/\/allasorias.hu\/hirek\/temak\/gazdasag\/#listItem","name":"Gazdas\u00e1g"}}]},{"@type":"Organization","@id":"https:\/\/allasorias.hu\/hirek\/#organization","name":"AllasOrias.hu | H\u00edrek-lapszemle","description":"\u00dczleti h\u00edrek az \u00e1ll\u00e1s \u00e9s a munka vil\u00e1g\u00e1b\u00f3l","url":"https:\/\/allasorias.hu\/hirek\/","logo":{"@type":"ImageObject","url":"https:\/\/allasorias.hu\/hirek\/wp-content\/uploads\/2022\/10\/allasorias_site_facebok_logo.png","@id":"https:\/\/allasorias.hu\/hirek\/folytatodnak-a-minimalber-targyalasok\/#organizationLogo"},"image":{"@id":"https:\/\/allasorias.hu\/hirek\/folytatodnak-a-minimalber-targyalasok\/#organizationLogo"},"sameAs":["https:\/\/www.facebook.com\/allasorias","https:\/\/www.linkedin.com\/company\/allasorias"]},{"@type":"Person","@id":"https:\/\/allasorias.hu\/hirek\/author\/admin-allasorias\/#author","url":"https:\/\/allasorias.hu\/hirek\/author\/admin-allasorias\/","name":"Juh\u00e1sz P\u00e9ter","image":{"@type":"ImageObject","@id":"https:\/\/allasorias.hu\/hirek\/folytatodnak-a-minimalber-targyalasok\/#authorImage","url":"https:\/\/secure.gravatar.com\/avatar\/36e6bcb83148978b992977cb0f54d22feb0cce8a0a849a9410532bb2623ba4c6?s=96&d=mm&r=g","width":96,"height":96,"caption":"Juh\u00e1sz P\u00e9ter"}},{"@type":"WebPage","@id":"https:\/\/allasorias.hu\/hirek\/folytatodnak-a-minimalber-targyalasok\/#webpage","url":"https:\/\/allasorias.hu\/hirek\/folytatodnak-a-minimalber-targyalasok\/","name":"Folytat\u00f3dnak a minim\u00e1lb\u00e9r t\u00e1rgyal\u00e1sok | AllasOrias.hu | H\u00edrek-lapszemle","description":"M\u00e9g mindig nincs megegyez\u00e9s a minim\u00e1lb\u00e9r \u00f6sszeg\u00e9r\u0151l a t\u00e1rgyal\u00f3felek k\u00f6z\u00f6tt, de n\u00e9mi megegyez\u00e9si hajlam m\u00e1r l\u00e1tszik. Az elm\u00falt h\u00e9t p\u00e9ntek\u00e9n \u00fajabb egyeztet\u00e9s zajlott az idei minim\u00e9lb\u00e9r \u00f6sszeg\u00e9r\u0151l a munk\u00e1ltat\u00f3k \u00e9s a munkav\u00e1llal\u00f3k k\u00f6z\u00f6tt. T\u00f6rt\u00e9nt el\u0151rel\u00e9p\u00e9s, a t\u00e1rgyal\u00e1sok a h\u00e9ten folytat\u00f3dnak. Konstrukt\u00edvan, j\u00f3 hangulatban zajlott a munk\u00e1ltat\u00f3i \u00e9s a munkav\u00e1llal\u00f3i szervezetek k\u00f6zti egyeztet\u00e9s p\u00e9nteken a minim\u00e1lb\u00e9r","inLanguage":"hu-HU","isPartOf":{"@id":"https:\/\/allasorias.hu\/hirek\/#website"},"breadcrumb":{"@id":"https:\/\/allasorias.hu\/hirek\/folytatodnak-a-minimalber-targyalasok\/#breadcrumblist"},"author":{"@id":"https:\/\/allasorias.hu\/hirek\/author\/admin-allasorias\/#author"},"creator":{"@id":"https:\/\/allasorias.hu\/hirek\/author\/admin-allasorias\/#author"},"image":{"@type":"ImageObject","url":"https:\/\/allasorias.hu\/hirek\/wp-content\/uploads\/2020\/12\/minimalber_1.jpg","@id":"https:\/\/allasorias.hu\/hirek\/folytatodnak-a-minimalber-targyalasok\/#mainImage","width":780,"height":439},"primaryImageOfPage":{"@id":"https:\/\/allasorias.hu\/hirek\/folytatodnak-a-minimalber-targyalasok\/#mainImage"},"datePublished":"2021-01-12T08:24:21+02:00","dateModified":"2021-01-12T08:25:04+02:00"},{"@type":"WebSite","@id":"https:\/\/allasorias.hu\/hirek\/#website","url":"https:\/\/allasorias.hu\/hirek\/","name":"AllasOrias.hu | H\u00edrek-lapszemle","description":"\u00dczleti h\u00edrek az \u00e1ll\u00e1s \u00e9s a munka vil\u00e1g\u00e1b\u00f3l","inLanguage":"hu-HU","publisher":{"@id":"https:\/\/allasorias.hu\/hirek\/#organization"}}]},"og:locale":"hu_HU","og:site_name":"AllasOrias.hu | H\u00edrek-lapszemle | \u00dczleti h\u00edrek az \u00e1ll\u00e1s \u00e9s a munka vil\u00e1g\u00e1b\u00f3l","og:type":"article","og:title":"Folytat\u00f3dnak a minim\u00e1lb\u00e9r t\u00e1rgyal\u00e1sok | AllasOrias.hu | H\u00edrek-lapszemle","og:description":"M\u00e9g mindig nincs megegyez\u00e9s a minim\u00e1lb\u00e9r \u00f6sszeg\u00e9r\u0151l a t\u00e1rgyal\u00f3felek k\u00f6z\u00f6tt, de n\u00e9mi megegyez\u00e9si hajlam m\u00e1r l\u00e1tszik. Az elm\u00falt h\u00e9t p\u00e9ntek\u00e9n \u00fajabb egyeztet\u00e9s zajlott az idei minim\u00e9lb\u00e9r \u00f6sszeg\u00e9r\u0151l a munk\u00e1ltat\u00f3k \u00e9s a munkav\u00e1llal\u00f3k k\u00f6z\u00f6tt. T\u00f6rt\u00e9nt el\u0151rel\u00e9p\u00e9s, a t\u00e1rgyal\u00e1sok a h\u00e9ten folytat\u00f3dnak. Konstrukt\u00edvan, j\u00f3 hangulatban zajlott a munk\u00e1ltat\u00f3i \u00e9s a munkav\u00e1llal\u00f3i szervezetek k\u00f6zti egyeztet\u00e9s p\u00e9nteken a minim\u00e1lb\u00e9r","og:url":"https:\/\/allasorias.hu\/hirek\/folytatodnak-a-minimalber-targyalasok\/","og:image":"https:\/\/allasorias.hu\/hirek\/wp-content\/uploads\/2020\/12\/minimalber_1.jpg","og:image:secure_url":"https:\/\/allasorias.hu\/hirek\/wp-content\/uploads\/2020\/12\/minimalber_1.jpg","og:image:width":780,"og:image:height":439,"article:published_time":"2021-01-12T08:24:21+00:00","article:modified_time":"2021-01-12T08:25:04+00:00","article:publisher":"https:\/\/www.facebook.com\/allasorias","twitter:card":"summary_large_image","twitter:title":"Folytat\u00f3dnak a minim\u00e1lb\u00e9r t\u00e1rgyal\u00e1sok | AllasOrias.hu | H\u00edrek-lapszemle","twitter:description":"M\u00e9g mindig nincs megegyez\u00e9s a minim\u00e1lb\u00e9r \u00f6sszeg\u00e9r\u0151l a t\u00e1rgyal\u00f3felek k\u00f6z\u00f6tt, de n\u00e9mi megegyez\u00e9si hajlam m\u00e1r l\u00e1tszik. Az elm\u00falt h\u00e9t p\u00e9ntek\u00e9n \u00fajabb egyeztet\u00e9s zajlott az idei minim\u00e9lb\u00e9r \u00f6sszeg\u00e9r\u0151l a munk\u00e1ltat\u00f3k \u00e9s a munkav\u00e1llal\u00f3k k\u00f6z\u00f6tt. T\u00f6rt\u00e9nt el\u0151rel\u00e9p\u00e9s, a t\u00e1rgyal\u00e1sok a h\u00e9ten folytat\u00f3dnak. Konstrukt\u00edvan, j\u00f3 hangulatban zajlott a munk\u00e1ltat\u00f3i \u00e9s a munkav\u00e1llal\u00f3i szervezetek k\u00f6zti egyeztet\u00e9s p\u00e9nteken a minim\u00e1lb\u00e9r","twitter:image":"https:\/\/allasorias.hu\/hirek\/wp-content\/uploads\/2020\/12\/minimalber_1.jpg","twitter:label1":"Written by","twitter:data1":"Juh\u00e1sz P\u00e9ter","twitter:label2":"Est. reading time","twitter:data2":"2 minutes"},"aioseo_meta_data":{"post_id":"4507","title":null,"description":"","keywords":"","keyphrases":null,"primary_term":null,"canonical_url":"","og_title":null,"og_description":null,"og_object_type":"default","og_image_type":"default","og_image_url":null,"og_image_width":null,"og_image_height":null,"og_image_custom_url":null,"og_image_custom_fields":null,"og_video":null,"og_custom_url":null,"og_article_section":null,"og_article_tags":null,"twitter_use_og":false,"twitter_card":"default","twitter_image_type":"default","twitter_image_url":null,"twitter_image_custom_url":null,"twitter_image_custom_fields":null,"twitter_title":null,"twitter_description":null,"schema":{"blockGraphs":[],"customGraphs":[],"default":{"data":{"Article":[],"Course":[],"Dataset":[],"FAQPage":[],"Movie":[],"Person":[],"Product":[],"ProductReview":[],"Car":[],"Recipe":[],"Service":[],"SoftwareApplication":[],"WebPage":[]},"graphName":"","isEnabled":true},"graphs":[],"defaultGraph":"","defaultPostTypeGraph":""},"schema_type":null,"schema_type_options":null,"pillar_content":false,"robots_default":true,"robots_noindex":false,"robots_noarchive":false,"robots_nosnippet":false,"robots_nofollow":false,"robots_noimageindex":false,"robots_noodp":false,"robots_notranslate":false,"robots_max_snippet":null,"robots_max_videopreview":null,"robots_max_imagepreview":"large","priority":null,"frequency":null,"location":null,"local_seo":null,"breadcrumb_settings":null,"limit_modified_date":false,"ai":null,"created":"2021-02-01 20:44:29","updated":"2025-10-02 15:12:06","seo_analyzer_scan_date":null,"focus_keyword":null,"additional_keywords":null,"truseo_locale":null},"aioseo_breadcrumb":"<div class=\"aioseo-breadcrumbs\"><span class=\"aioseo-breadcrumb\">\n\t\t\t<a href=\"https:\/\/allasorias.hu\/hirek\" title=\"Home\">Home<\/a>\n\t\t<\/span><span class=\"aioseo-breadcrumb-separator\">&raquo;<\/span><span class=\"aioseo-breadcrumb\">\n\t\t\t<a href=\"https:\/\/allasorias.hu\/hirek\/temak\/gazdasag\/\" title=\"Gazdas\u00e1g\">Gazdas\u00e1g<\/a>\n\t\t<\/span><span class=\"aioseo-breadcrumb-separator\">&raquo;<\/span><span class=\"aioseo-breadcrumb\">\n\t\t\tFolytat\u00f3dnak a minim\u00e1lb\u00e9r t\u00e1rgyal\u00e1sok\n\t\t<\/span><\/div>","aioseo_breadcrumb_json":[{"label":"Home","link":"https:\/\/allasorias.hu\/hirek"},{"label":"Gazdas\u00e1g","link":"https:\/\/allasorias.hu\/hirek\/temak\/gazdasag\/"},{"label":"Folytat\u00f3dnak a minim\u00e1lb\u00e9r t\u00e1rgyal\u00e1sok","link":"https:\/\/allasorias.hu\/hirek\/folytatodnak-a-minimalber-targyalasok\/"}],"_links":{"self":[{"href":"https:\/\/allasorias.hu\/hirek\/wp-json\/wp\/v2\/posts\/4507","targetHints":{"allow":["GET"]}}],"collection":[{"href":"https:\/\/allasorias.hu\/hirek\/wp-json\/wp\/v2\/posts"}],"about":[{"href":"https:\/\/allasorias.hu\/hirek\/wp-json\/wp\/v2\/types\/post"}],"author":[{"embeddable":true,"href":"https:\/\/allasorias.hu\/hirek\/wp-json\/wp\/v2\/users\/1"}],"replies":[{"embeddable":true,"href":"https:\/\/allasorias.hu\/hirek\/wp-json\/wp\/v2\/comments?post=4507"}],"version-history":[{"count":2,"href":"https:\/\/allasorias.hu\/hirek\/wp-json\/wp\/v2\/posts\/4507\/revisions"}],"predecessor-version":[{"id":4509,"href":"https:\/\/allasorias.hu\/hirek\/wp-json\/wp\/v2\/posts\/4507\/revisions\/4509"}],"wp:featuredmedia":[{"embeddable":true,"href":"https:\/\/allasorias.hu\/hirek\/wp-json\/wp\/v2\/media\/4478"}],"wp:attachment":[{"href":"https:\/\/allasorias.hu\/hirek\/wp-json\/wp\/v2\/media?parent=4507"}],"wp:term":[{"taxonomy":"category","embeddable":true,"href":"https:\/\/allasorias.hu\/hirek\/wp-json\/wp\/v2\/categories?post=4507"},{"taxonomy":"post_tag","embeddable":true,"href":"https:\/\/allasorias.hu\/hirek\/wp-json\/wp\/v2\/tags?post=4507"}],"curies":[{"name":"wp","href":"https:\/\/api.w.org\/{rel}","templated":true}]}}