{"id":4499,"date":"2021-01-08T07:55:49","date_gmt":"2021-01-08T07:55:49","guid":{"rendered":"https:\/\/allasorias.hu\/hirek\/?p=4499"},"modified":"2021-01-11T07:56:19","modified_gmt":"2021-01-11T07:56:19","slug":"optimistak-a-haztartasok","status":"publish","type":"post","link":"https:\/\/allasorias.hu\/hirek\/optimistak-a-haztartasok\/","title":{"rendered":"Optimist\u00e1k a h\u00e1ztart\u00e1sok"},"content":{"rendered":"<p><strong>L\u00e1that\u00f3 jelei vannak annak, hogy a h\u00e1ztart\u00e1sok bizakod\u00f3ak a gazdas\u00e1ggal kapcsolatban az id\u00e9n, kedvez\u0151bbek lettek a v\u00e1rakoz\u00e1sok a munkaer\u0151piaccal kapcsolatban. M\u00e1r az elm\u00falt \u00e9v december\u00e9ben javult a lakoss\u00e1g \u00e9s a v\u00e1llalatok gazdas\u00e1gi k\u00f6z\u00e9rzete. <\/strong><\/p>\n<p>Ebben k\u00f6zrej\u00e1tszhatott, hogy a gazdas\u00e1gi szerepl\u0151k a vakcin\u00e1k megjelen\u00e9s\u00e9vel egyre k\u00f6zelebb \u00e9rzik a j\u00e1rv\u00e1nyhelyzet v\u00e9g\u00e9t. A lakoss\u00e1gi konjunkt\u00faraindexen bel\u00fcl mind a n\u00e9gy alindex, elt\u00e9r\u0151 m\u00e9rt\u00e9kben, de javult decemberben az el\u0151z\u0151 h\u00f3naphoz k\u00e9pest. A h\u00e1ztart\u00e1sok v\u00e1ltozatlanul az infl\u00e1ci\u00f3t \u00edt\u00e9lik meg a legink\u00e1bb kedvez\u0151tlen\u00fcl (\u201325,5), \u00e9s ezen a t\u00e9ren is volt a legkisebb javul\u00e1s novemberhez k\u00e9pest \u2013 der\u00fclt ki a Sz\u00e1zadv\u00e9g Gazdas\u00e1gkutat\u00f3 legfrissebb konjunkt\u00faraindex\u00e9b\u0151l. A kor\u00e1bbi h\u00f3napokhoz hasonl\u00f3an a vizsg\u00e1lt t\u00e9nyez\u0151k k\u00f6z\u00fcl a foglalkoztat\u00e1s meg\u00edt\u00e9l\u00e9se volt a legkedvez\u0151bb, \u20136,3 pont, amely 3,9 pontos javul\u00e1st jelent az el\u0151z\u0151 h\u00f3naphoz k\u00e9pest. A munkaer\u0151piaci helyzet kedvez\u0151 meg\u00edt\u00e9l\u00e9se azzal magyar\u00e1zhat\u00f3, hogy a v\u00e1ls\u00e1ghelyzet ellen\u00e9re nem ker\u00fclt sor sz\u00e9lesk\u00f6r\u0171 elbocs\u00e1t\u00e1sokra, illetve azok egy r\u00e9sze, akik elvesztett\u00e9k \u00e1ll\u00e1sukat, el tudtak helyezkedni a bet\u00f6ltetlen \u00e1ll\u00e1shelyek valamelyik\u00e9ben. Kedvez\u0151bb\u00e9 v\u00e1lt az anyagi helyzet meg\u00edt\u00e9l\u00e9se is decemberben, az alindex \u00e9rt\u00e9ke \u20138,8 pontra emelkedett, m\u00edg a legnagyobb javul\u00e1st a novemberben a korl\u00e1toz\u00e1sok bevezet\u00e9se miatt \u00e9rdemben visszaes\u0151 gazdas\u00e1gi k\u00f6rnyezet alindex mutatta fel, \u201314,7 pontra. Decemberben \u00e9rdemben javultak a h\u00e1ztart\u00e1sok v\u00e1rakoz\u00e1sai a munkaer\u0151piaci folyamatokkal kapcsolatban, \u00edgy ledolgozt\u00e1k a novemberi visszaes\u00e9s\u00fcket \u00e9s augusztusi szintj\u00fckre emelkedtek. Az \u00e9v utols\u00f3 h\u00f3napj\u00e1ban a v\u00e1laszad\u00f3k 34,2 sz\u00e1zal\u00e9ka sz\u00e1m\u00edtott arra, hogy 2021-ben kism\u00e9rt\u00e9kben javul a foglalkoztat\u00e1s, m\u00edg 11,1 sz\u00e1zal\u00e9k volt a jelent\u0151s emelked\u00e9st v\u00e1r\u00f3k ar\u00e1nya, szemben a novemberi 26,5, illetve 8,7 sz\u00e1zal\u00e9kkal. A foglalkoztat\u00e1ssal kapcsolatos v\u00e1rakoz\u00e1sok eset\u00e9ben a h\u00e1ztart\u00e1sok kil\u00e1t\u00e1sai a saj\u00e1t anyagi helyzet\u00fckkel kapcsolatban is javultak. Szint\u00e9n tegnapi h\u00edr, hogy a v\u00e1rtn\u00e1l nagyobb m\u00e9rt\u00e9kben emelkedett decemberben az eur\u00f3\u00f6vezet \u00e9s az Eur\u00f3pai Uni\u00f3 gazdas\u00e1gi hangulat\u00adindexe k\u00f6sz\u00f6nhet\u0151en annak, hogy \u00e9rezhet\u0151en n\u0151tt a bizalom a feldolgoz\u00f3ipar \u00e9s a fogyaszt\u00f3k k\u00f6r\u00e9ben, valamelyest kisebb m\u00e9rt\u00e9kben pedig az \u00e9p\u00edt\u0151iparban is p\u00e1rhuzamosan azzal, hogy er\u0151s\u00f6dtek a normaliz\u00e1l\u00f3d\u00e1shoz f\u0171z\u00f6tt rem\u00e9nyek a koronav\u00edrus elleni v\u00e9d\u0151olt\u00e1sok enged\u00e9lyez\u00e9s\u00e9vel.<\/p>\n<p>Forr\u00e1s: magyarhirlap.hu<\/p>\n","protected":false},"excerpt":{"rendered":"<p>L\u00e1that\u00f3 jelei vannak annak, hogy a h\u00e1ztart\u00e1sok bizakod\u00f3ak a gazdas\u00e1ggal kapcsolatban az id\u00e9n, kedvez\u0151bbek lettek a v\u00e1rakoz\u00e1sok a munkaer\u0151piaccal kapcsolatban. M\u00e1r az elm\u00falt \u00e9v december\u00e9ben javult a lakoss\u00e1g \u00e9s a v\u00e1llalatok gazdas\u00e1gi k\u00f6z\u00e9rzete. Ebben k\u00f6zrej\u00e1tszhatott, hogy a gazdas\u00e1gi szerepl\u0151k a vakcin\u00e1k megjelen\u00e9s\u00e9vel egyre k\u00f6zelebb \u00e9rzik a j\u00e1rv\u00e1nyhelyzet v\u00e9g\u00e9t. A lakoss\u00e1gi konjunkt\u00faraindexen bel\u00fcl mind a n\u00e9gy [&hellip;]<\/p>\n","protected":false},"author":1,"featured_media":4500,"comment_status":"open","ping_status":"open","sticky":false,"template":"","format":"standard","meta":{"_monsterinsights_skip_tracking":false,"footnotes":""},"categories":[198],"tags":[],"class_list":["post-4499","post","type-post","status-publish","format-standard","has-post-thumbnail","hentry","category-gazdasag"],"aioseo_notices":[],"aioseo_head":"\n\t\t<!-- All in One SEO 5.0.0.1 - aioseo.com -->\n\t<meta name=\"description\" content=\"L\u00e1that\u00f3 jelei vannak annak, hogy a h\u00e1ztart\u00e1sok bizakod\u00f3ak a gazdas\u00e1ggal kapcsolatban az id\u00e9n, kedvez\u0151bbek lettek a v\u00e1rakoz\u00e1sok a munkaer\u0151piaccal kapcsolatban. M\u00e1r az elm\u00falt \u00e9v december\u00e9ben javult a lakoss\u00e1g \u00e9s a v\u00e1llalatok gazdas\u00e1gi k\u00f6z\u00e9rzete. Ebben k\u00f6zrej\u00e1tszhatott, hogy a gazdas\u00e1gi szerepl\u0151k a vakcin\u00e1k megjelen\u00e9s\u00e9vel egyre k\u00f6zelebb \u00e9rzik a j\u00e1rv\u00e1nyhelyzet v\u00e9g\u00e9t. A lakoss\u00e1gi konjunkt\u00faraindexen bel\u00fcl mind a n\u00e9gy\" \/>\n\t<meta name=\"robots\" content=\"max-image-preview:large\" \/>\n\t<meta name=\"author\" content=\"Juh\u00e1sz P\u00e9ter\"\/>\n\t<link rel=\"canonical\" href=\"https:\/\/allasorias.hu\/hirek\/optimistak-a-haztartasok\/\" \/>\n\t<meta name=\"generator\" content=\"All in One SEO (AIOSEO) 5.0.0.1\" \/>\n\t\t<meta property=\"og:locale\" content=\"hu_HU\" \/>\n\t\t<meta property=\"og:site_name\" content=\"AllasOrias.hu | H\u00edrek-lapszemle | \u00dczleti h\u00edrek az \u00e1ll\u00e1s \u00e9s a munka vil\u00e1g\u00e1b\u00f3l\" \/>\n\t\t<meta property=\"og:type\" content=\"article\" \/>\n\t\t<meta property=\"og:title\" content=\"Optimist\u00e1k a h\u00e1ztart\u00e1sok | AllasOrias.hu | H\u00edrek-lapszemle\" \/>\n\t\t<meta property=\"og:description\" content=\"L\u00e1that\u00f3 jelei vannak annak, hogy a h\u00e1ztart\u00e1sok bizakod\u00f3ak a gazdas\u00e1ggal kapcsolatban az id\u00e9n, kedvez\u0151bbek lettek a v\u00e1rakoz\u00e1sok a munkaer\u0151piaccal kapcsolatban. M\u00e1r az elm\u00falt \u00e9v december\u00e9ben javult a lakoss\u00e1g \u00e9s a v\u00e1llalatok gazdas\u00e1gi k\u00f6z\u00e9rzete. Ebben k\u00f6zrej\u00e1tszhatott, hogy a gazdas\u00e1gi szerepl\u0151k a vakcin\u00e1k megjelen\u00e9s\u00e9vel egyre k\u00f6zelebb \u00e9rzik a j\u00e1rv\u00e1nyhelyzet v\u00e9g\u00e9t. A lakoss\u00e1gi konjunkt\u00faraindexen bel\u00fcl mind a n\u00e9gy\" \/>\n\t\t<meta property=\"og:url\" content=\"https:\/\/allasorias.hu\/hirek\/optimistak-a-haztartasok\/\" \/>\n\t\t<meta property=\"og:image\" content=\"https:\/\/allasorias.hu\/hirek\/wp-content\/uploads\/2021\/01\/casually-dressed-unrecognizable-couple-hugging-and-posing-with-paper-cutout-of-house.jpg\" \/>\n\t\t<meta property=\"og:image:secure_url\" content=\"https:\/\/allasorias.hu\/hirek\/wp-content\/uploads\/2021\/01\/casually-dressed-unrecognizable-couple-hugging-and-posing-with-paper-cutout-of-house.jpg\" \/>\n\t\t<meta property=\"og:image:width\" content=\"1920\" \/>\n\t\t<meta property=\"og:image:height\" content=\"1281\" \/>\n\t\t<meta property=\"article:published_time\" content=\"2021-01-08T07:55:49+00:00\" \/>\n\t\t<meta property=\"article:modified_time\" content=\"2021-01-11T07:56:19+00:00\" \/>\n\t\t<meta property=\"article:publisher\" content=\"https:\/\/www.facebook.com\/allasorias\" \/>\n\t\t<meta name=\"twitter:card\" content=\"summary_large_image\" \/>\n\t\t<meta name=\"twitter:title\" content=\"Optimist\u00e1k a h\u00e1ztart\u00e1sok | AllasOrias.hu | H\u00edrek-lapszemle\" \/>\n\t\t<meta name=\"twitter:description\" content=\"L\u00e1that\u00f3 jelei vannak annak, hogy a h\u00e1ztart\u00e1sok bizakod\u00f3ak a gazdas\u00e1ggal kapcsolatban az id\u00e9n, kedvez\u0151bbek lettek a v\u00e1rakoz\u00e1sok a munkaer\u0151piaccal kapcsolatban. M\u00e1r az elm\u00falt \u00e9v december\u00e9ben javult a lakoss\u00e1g \u00e9s a v\u00e1llalatok gazdas\u00e1gi k\u00f6z\u00e9rzete. Ebben k\u00f6zrej\u00e1tszhatott, hogy a gazdas\u00e1gi szerepl\u0151k a vakcin\u00e1k megjelen\u00e9s\u00e9vel egyre k\u00f6zelebb \u00e9rzik a j\u00e1rv\u00e1nyhelyzet v\u00e9g\u00e9t. A lakoss\u00e1gi konjunkt\u00faraindexen bel\u00fcl mind a n\u00e9gy\" \/>\n\t\t<meta name=\"twitter:image\" content=\"https:\/\/allasorias.hu\/hirek\/wp-content\/uploads\/2021\/01\/casually-dressed-unrecognizable-couple-hugging-and-posing-with-paper-cutout-of-house.jpg\" \/>\n\t\t<meta name=\"twitter:label1\" content=\"Written by\" \/>\n\t\t<meta name=\"twitter:data1\" content=\"Juh\u00e1sz P\u00e9ter\" \/>\n\t\t<meta name=\"twitter:label2\" content=\"Est. reading time\" \/>\n\t\t<meta name=\"twitter:data2\" content=\"2 minutes\" \/>\n\t\t<script type=\"application\/ld+json\" class=\"aioseo-schema\">\n\t\t\t{\"@context\":\"https:\\\/\\\/schema.org\",\"@graph\":[{\"@type\":\"Article\",\"@id\":\"https:\\\/\\\/allasorias.hu\\\/hirek\\\/optimistak-a-haztartasok\\\/#article\",\"name\":\"Optimist\\u00e1k a h\\u00e1ztart\\u00e1sok | AllasOrias.hu | H\\u00edrek-lapszemle\",\"headline\":\"Optimist\\u00e1k a h\\u00e1ztart\\u00e1sok\",\"author\":{\"@id\":\"https:\\\/\\\/allasorias.hu\\\/hirek\\\/author\\\/admin-allasorias\\\/#author\"},\"publisher\":{\"@id\":\"https:\\\/\\\/allasorias.hu\\\/hirek\\\/#organization\"},\"image\":{\"@type\":\"ImageObject\",\"url\":\"https:\\\/\\\/allasorias.hu\\\/hirek\\\/wp-content\\\/uploads\\\/2021\\\/01\\\/casually-dressed-unrecognizable-couple-hugging-and-posing-with-paper-cutout-of-house.jpg\",\"width\":1920,\"height\":1281},\"datePublished\":\"2021-01-08T07:55:49+02:00\",\"dateModified\":\"2021-01-11T07:56:19+02:00\",\"inLanguage\":\"hu-HU\",\"mainEntityOfPage\":{\"@id\":\"https:\\\/\\\/allasorias.hu\\\/hirek\\\/optimistak-a-haztartasok\\\/#webpage\"},\"isPartOf\":{\"@id\":\"https:\\\/\\\/allasorias.hu\\\/hirek\\\/optimistak-a-haztartasok\\\/#webpage\"},\"articleSection\":\"Gazdas\\u00e1g\"},{\"@type\":\"BreadcrumbList\",\"@id\":\"https:\\\/\\\/allasorias.hu\\\/hirek\\\/optimistak-a-haztartasok\\\/#breadcrumblist\",\"itemListElement\":[{\"@type\":\"ListItem\",\"@id\":\"https:\\\/\\\/allasorias.hu\\\/hirek#listItem\",\"position\":1,\"name\":\"Home\",\"item\":\"https:\\\/\\\/allasorias.hu\\\/hirek\",\"nextItem\":{\"@type\":\"ListItem\",\"@id\":\"https:\\\/\\\/allasorias.hu\\\/hirek\\\/temak\\\/gazdasag\\\/#listItem\",\"name\":\"Gazdas\\u00e1g\"}},{\"@type\":\"ListItem\",\"@id\":\"https:\\\/\\\/allasorias.hu\\\/hirek\\\/temak\\\/gazdasag\\\/#listItem\",\"position\":2,\"name\":\"Gazdas\\u00e1g\",\"item\":\"https:\\\/\\\/allasorias.hu\\\/hirek\\\/temak\\\/gazdasag\\\/\",\"nextItem\":{\"@type\":\"ListItem\",\"@id\":\"https:\\\/\\\/allasorias.hu\\\/hirek\\\/optimistak-a-haztartasok\\\/#listItem\",\"name\":\"Optimist\\u00e1k a h\\u00e1ztart\\u00e1sok\"},\"previousItem\":{\"@type\":\"ListItem\",\"@id\":\"https:\\\/\\\/allasorias.hu\\\/hirek#listItem\",\"name\":\"Home\"}},{\"@type\":\"ListItem\",\"@id\":\"https:\\\/\\\/allasorias.hu\\\/hirek\\\/optimistak-a-haztartasok\\\/#listItem\",\"position\":3,\"name\":\"Optimist\\u00e1k a h\\u00e1ztart\\u00e1sok\",\"previousItem\":{\"@type\":\"ListItem\",\"@id\":\"https:\\\/\\\/allasorias.hu\\\/hirek\\\/temak\\\/gazdasag\\\/#listItem\",\"name\":\"Gazdas\\u00e1g\"}}]},{\"@type\":\"Organization\",\"@id\":\"https:\\\/\\\/allasorias.hu\\\/hirek\\\/#organization\",\"name\":\"AllasOrias.hu | H\\u00edrek-lapszemle\",\"description\":\"\\u00dczleti h\\u00edrek az \\u00e1ll\\u00e1s \\u00e9s a munka vil\\u00e1g\\u00e1b\\u00f3l\",\"url\":\"https:\\\/\\\/allasorias.hu\\\/hirek\\\/\",\"logo\":{\"@type\":\"ImageObject\",\"url\":\"https:\\\/\\\/allasorias.hu\\\/hirek\\\/wp-content\\\/uploads\\\/2022\\\/10\\\/allasorias_site_facebok_logo.png\",\"@id\":\"https:\\\/\\\/allasorias.hu\\\/hirek\\\/optimistak-a-haztartasok\\\/#organizationLogo\"},\"image\":{\"@id\":\"https:\\\/\\\/allasorias.hu\\\/hirek\\\/optimistak-a-haztartasok\\\/#organizationLogo\"},\"sameAs\":[\"https:\\\/\\\/www.facebook.com\\\/allasorias\",\"https:\\\/\\\/www.linkedin.com\\\/company\\\/allasorias\"]},{\"@type\":\"Person\",\"@id\":\"https:\\\/\\\/allasorias.hu\\\/hirek\\\/author\\\/admin-allasorias\\\/#author\",\"url\":\"https:\\\/\\\/allasorias.hu\\\/hirek\\\/author\\\/admin-allasorias\\\/\",\"name\":\"Juh\\u00e1sz P\\u00e9ter\",\"image\":{\"@type\":\"ImageObject\",\"@id\":\"https:\\\/\\\/allasorias.hu\\\/hirek\\\/optimistak-a-haztartasok\\\/#authorImage\",\"url\":\"https:\\\/\\\/secure.gravatar.com\\\/avatar\\\/36e6bcb83148978b992977cb0f54d22feb0cce8a0a849a9410532bb2623ba4c6?s=96&d=mm&r=g\",\"width\":96,\"height\":96,\"caption\":\"Juh\\u00e1sz P\\u00e9ter\"}},{\"@type\":\"WebPage\",\"@id\":\"https:\\\/\\\/allasorias.hu\\\/hirek\\\/optimistak-a-haztartasok\\\/#webpage\",\"url\":\"https:\\\/\\\/allasorias.hu\\\/hirek\\\/optimistak-a-haztartasok\\\/\",\"name\":\"Optimist\\u00e1k a h\\u00e1ztart\\u00e1sok | AllasOrias.hu | H\\u00edrek-lapszemle\",\"description\":\"L\\u00e1that\\u00f3 jelei vannak annak, hogy a h\\u00e1ztart\\u00e1sok bizakod\\u00f3ak a gazdas\\u00e1ggal kapcsolatban az id\\u00e9n, kedvez\\u0151bbek lettek a v\\u00e1rakoz\\u00e1sok a munkaer\\u0151piaccal kapcsolatban. M\\u00e1r az elm\\u00falt \\u00e9v december\\u00e9ben javult a lakoss\\u00e1g \\u00e9s a v\\u00e1llalatok gazdas\\u00e1gi k\\u00f6z\\u00e9rzete. Ebben k\\u00f6zrej\\u00e1tszhatott, hogy a gazdas\\u00e1gi szerepl\\u0151k a vakcin\\u00e1k megjelen\\u00e9s\\u00e9vel egyre k\\u00f6zelebb \\u00e9rzik a j\\u00e1rv\\u00e1nyhelyzet v\\u00e9g\\u00e9t. A lakoss\\u00e1gi konjunkt\\u00faraindexen bel\\u00fcl mind a n\\u00e9gy\",\"inLanguage\":\"hu-HU\",\"isPartOf\":{\"@id\":\"https:\\\/\\\/allasorias.hu\\\/hirek\\\/#website\"},\"breadcrumb\":{\"@id\":\"https:\\\/\\\/allasorias.hu\\\/hirek\\\/optimistak-a-haztartasok\\\/#breadcrumblist\"},\"author\":{\"@id\":\"https:\\\/\\\/allasorias.hu\\\/hirek\\\/author\\\/admin-allasorias\\\/#author\"},\"creator\":{\"@id\":\"https:\\\/\\\/allasorias.hu\\\/hirek\\\/author\\\/admin-allasorias\\\/#author\"},\"image\":{\"@type\":\"ImageObject\",\"url\":\"https:\\\/\\\/allasorias.hu\\\/hirek\\\/wp-content\\\/uploads\\\/2021\\\/01\\\/casually-dressed-unrecognizable-couple-hugging-and-posing-with-paper-cutout-of-house.jpg\",\"@id\":\"https:\\\/\\\/allasorias.hu\\\/hirek\\\/optimistak-a-haztartasok\\\/#mainImage\",\"width\":1920,\"height\":1281},\"primaryImageOfPage\":{\"@id\":\"https:\\\/\\\/allasorias.hu\\\/hirek\\\/optimistak-a-haztartasok\\\/#mainImage\"},\"datePublished\":\"2021-01-08T07:55:49+02:00\",\"dateModified\":\"2021-01-11T07:56:19+02:00\"},{\"@type\":\"WebSite\",\"@id\":\"https:\\\/\\\/allasorias.hu\\\/hirek\\\/#website\",\"url\":\"https:\\\/\\\/allasorias.hu\\\/hirek\\\/\",\"name\":\"AllasOrias.hu | H\\u00edrek-lapszemle\",\"description\":\"\\u00dczleti h\\u00edrek az \\u00e1ll\\u00e1s \\u00e9s a munka vil\\u00e1g\\u00e1b\\u00f3l\",\"inLanguage\":\"hu-HU\",\"publisher\":{\"@id\":\"https:\\\/\\\/allasorias.hu\\\/hirek\\\/#organization\"}}]}\n\t\t<\/script>\n\t\t<!-- All in One SEO -->\n\n","aioseo_head_json":{"title":"Optimist\u00e1k a h\u00e1ztart\u00e1sok | AllasOrias.hu | H\u00edrek-lapszemle","description":"L\u00e1that\u00f3 jelei vannak annak, hogy a h\u00e1ztart\u00e1sok bizakod\u00f3ak a gazdas\u00e1ggal kapcsolatban az id\u00e9n, kedvez\u0151bbek lettek a v\u00e1rakoz\u00e1sok a munkaer\u0151piaccal kapcsolatban. M\u00e1r az elm\u00falt \u00e9v december\u00e9ben javult a lakoss\u00e1g \u00e9s a v\u00e1llalatok gazdas\u00e1gi k\u00f6z\u00e9rzete. Ebben k\u00f6zrej\u00e1tszhatott, hogy a gazdas\u00e1gi szerepl\u0151k a vakcin\u00e1k megjelen\u00e9s\u00e9vel egyre k\u00f6zelebb \u00e9rzik a j\u00e1rv\u00e1nyhelyzet v\u00e9g\u00e9t. A lakoss\u00e1gi konjunkt\u00faraindexen bel\u00fcl mind a n\u00e9gy","canonical_url":"https:\/\/allasorias.hu\/hirek\/optimistak-a-haztartasok\/","robots":"max-image-preview:large","keywords":"","webmasterTools":{"miscellaneous":""},"schema":{"@context":"https:\/\/schema.org","@graph":[{"@type":"Article","@id":"https:\/\/allasorias.hu\/hirek\/optimistak-a-haztartasok\/#article","name":"Optimist\u00e1k a h\u00e1ztart\u00e1sok | AllasOrias.hu | H\u00edrek-lapszemle","headline":"Optimist\u00e1k a h\u00e1ztart\u00e1sok","author":{"@id":"https:\/\/allasorias.hu\/hirek\/author\/admin-allasorias\/#author"},"publisher":{"@id":"https:\/\/allasorias.hu\/hirek\/#organization"},"image":{"@type":"ImageObject","url":"https:\/\/allasorias.hu\/hirek\/wp-content\/uploads\/2021\/01\/casually-dressed-unrecognizable-couple-hugging-and-posing-with-paper-cutout-of-house.jpg","width":1920,"height":1281},"datePublished":"2021-01-08T07:55:49+02:00","dateModified":"2021-01-11T07:56:19+02:00","inLanguage":"hu-HU","mainEntityOfPage":{"@id":"https:\/\/allasorias.hu\/hirek\/optimistak-a-haztartasok\/#webpage"},"isPartOf":{"@id":"https:\/\/allasorias.hu\/hirek\/optimistak-a-haztartasok\/#webpage"},"articleSection":"Gazdas\u00e1g"},{"@type":"BreadcrumbList","@id":"https:\/\/allasorias.hu\/hirek\/optimistak-a-haztartasok\/#breadcrumblist","itemListElement":[{"@type":"ListItem","@id":"https:\/\/allasorias.hu\/hirek#listItem","position":1,"name":"Home","item":"https:\/\/allasorias.hu\/hirek","nextItem":{"@type":"ListItem","@id":"https:\/\/allasorias.hu\/hirek\/temak\/gazdasag\/#listItem","name":"Gazdas\u00e1g"}},{"@type":"ListItem","@id":"https:\/\/allasorias.hu\/hirek\/temak\/gazdasag\/#listItem","position":2,"name":"Gazdas\u00e1g","item":"https:\/\/allasorias.hu\/hirek\/temak\/gazdasag\/","nextItem":{"@type":"ListItem","@id":"https:\/\/allasorias.hu\/hirek\/optimistak-a-haztartasok\/#listItem","name":"Optimist\u00e1k a h\u00e1ztart\u00e1sok"},"previousItem":{"@type":"ListItem","@id":"https:\/\/allasorias.hu\/hirek#listItem","name":"Home"}},{"@type":"ListItem","@id":"https:\/\/allasorias.hu\/hirek\/optimistak-a-haztartasok\/#listItem","position":3,"name":"Optimist\u00e1k a h\u00e1ztart\u00e1sok","previousItem":{"@type":"ListItem","@id":"https:\/\/allasorias.hu\/hirek\/temak\/gazdasag\/#listItem","name":"Gazdas\u00e1g"}}]},{"@type":"Organization","@id":"https:\/\/allasorias.hu\/hirek\/#organization","name":"AllasOrias.hu | H\u00edrek-lapszemle","description":"\u00dczleti h\u00edrek az \u00e1ll\u00e1s \u00e9s a munka vil\u00e1g\u00e1b\u00f3l","url":"https:\/\/allasorias.hu\/hirek\/","logo":{"@type":"ImageObject","url":"https:\/\/allasorias.hu\/hirek\/wp-content\/uploads\/2022\/10\/allasorias_site_facebok_logo.png","@id":"https:\/\/allasorias.hu\/hirek\/optimistak-a-haztartasok\/#organizationLogo"},"image":{"@id":"https:\/\/allasorias.hu\/hirek\/optimistak-a-haztartasok\/#organizationLogo"},"sameAs":["https:\/\/www.facebook.com\/allasorias","https:\/\/www.linkedin.com\/company\/allasorias"]},{"@type":"Person","@id":"https:\/\/allasorias.hu\/hirek\/author\/admin-allasorias\/#author","url":"https:\/\/allasorias.hu\/hirek\/author\/admin-allasorias\/","name":"Juh\u00e1sz P\u00e9ter","image":{"@type":"ImageObject","@id":"https:\/\/allasorias.hu\/hirek\/optimistak-a-haztartasok\/#authorImage","url":"https:\/\/secure.gravatar.com\/avatar\/36e6bcb83148978b992977cb0f54d22feb0cce8a0a849a9410532bb2623ba4c6?s=96&d=mm&r=g","width":96,"height":96,"caption":"Juh\u00e1sz P\u00e9ter"}},{"@type":"WebPage","@id":"https:\/\/allasorias.hu\/hirek\/optimistak-a-haztartasok\/#webpage","url":"https:\/\/allasorias.hu\/hirek\/optimistak-a-haztartasok\/","name":"Optimist\u00e1k a h\u00e1ztart\u00e1sok | AllasOrias.hu | H\u00edrek-lapszemle","description":"L\u00e1that\u00f3 jelei vannak annak, hogy a h\u00e1ztart\u00e1sok bizakod\u00f3ak a gazdas\u00e1ggal kapcsolatban az id\u00e9n, kedvez\u0151bbek lettek a v\u00e1rakoz\u00e1sok a munkaer\u0151piaccal kapcsolatban. M\u00e1r az elm\u00falt \u00e9v december\u00e9ben javult a lakoss\u00e1g \u00e9s a v\u00e1llalatok gazdas\u00e1gi k\u00f6z\u00e9rzete. Ebben k\u00f6zrej\u00e1tszhatott, hogy a gazdas\u00e1gi szerepl\u0151k a vakcin\u00e1k megjelen\u00e9s\u00e9vel egyre k\u00f6zelebb \u00e9rzik a j\u00e1rv\u00e1nyhelyzet v\u00e9g\u00e9t. A lakoss\u00e1gi konjunkt\u00faraindexen bel\u00fcl mind a n\u00e9gy","inLanguage":"hu-HU","isPartOf":{"@id":"https:\/\/allasorias.hu\/hirek\/#website"},"breadcrumb":{"@id":"https:\/\/allasorias.hu\/hirek\/optimistak-a-haztartasok\/#breadcrumblist"},"author":{"@id":"https:\/\/allasorias.hu\/hirek\/author\/admin-allasorias\/#author"},"creator":{"@id":"https:\/\/allasorias.hu\/hirek\/author\/admin-allasorias\/#author"},"image":{"@type":"ImageObject","url":"https:\/\/allasorias.hu\/hirek\/wp-content\/uploads\/2021\/01\/casually-dressed-unrecognizable-couple-hugging-and-posing-with-paper-cutout-of-house.jpg","@id":"https:\/\/allasorias.hu\/hirek\/optimistak-a-haztartasok\/#mainImage","width":1920,"height":1281},"primaryImageOfPage":{"@id":"https:\/\/allasorias.hu\/hirek\/optimistak-a-haztartasok\/#mainImage"},"datePublished":"2021-01-08T07:55:49+02:00","dateModified":"2021-01-11T07:56:19+02:00"},{"@type":"WebSite","@id":"https:\/\/allasorias.hu\/hirek\/#website","url":"https:\/\/allasorias.hu\/hirek\/","name":"AllasOrias.hu | H\u00edrek-lapszemle","description":"\u00dczleti h\u00edrek az \u00e1ll\u00e1s \u00e9s a munka vil\u00e1g\u00e1b\u00f3l","inLanguage":"hu-HU","publisher":{"@id":"https:\/\/allasorias.hu\/hirek\/#organization"}}]},"og:locale":"hu_HU","og:site_name":"AllasOrias.hu | H\u00edrek-lapszemle | \u00dczleti h\u00edrek az \u00e1ll\u00e1s \u00e9s a munka vil\u00e1g\u00e1b\u00f3l","og:type":"article","og:title":"Optimist\u00e1k a h\u00e1ztart\u00e1sok | AllasOrias.hu | H\u00edrek-lapszemle","og:description":"L\u00e1that\u00f3 jelei vannak annak, hogy a h\u00e1ztart\u00e1sok bizakod\u00f3ak a gazdas\u00e1ggal kapcsolatban az id\u00e9n, kedvez\u0151bbek lettek a v\u00e1rakoz\u00e1sok a munkaer\u0151piaccal kapcsolatban. M\u00e1r az elm\u00falt \u00e9v december\u00e9ben javult a lakoss\u00e1g \u00e9s a v\u00e1llalatok gazdas\u00e1gi k\u00f6z\u00e9rzete. Ebben k\u00f6zrej\u00e1tszhatott, hogy a gazdas\u00e1gi szerepl\u0151k a vakcin\u00e1k megjelen\u00e9s\u00e9vel egyre k\u00f6zelebb \u00e9rzik a j\u00e1rv\u00e1nyhelyzet v\u00e9g\u00e9t. A lakoss\u00e1gi konjunkt\u00faraindexen bel\u00fcl mind a n\u00e9gy","og:url":"https:\/\/allasorias.hu\/hirek\/optimistak-a-haztartasok\/","og:image":"https:\/\/allasorias.hu\/hirek\/wp-content\/uploads\/2021\/01\/casually-dressed-unrecognizable-couple-hugging-and-posing-with-paper-cutout-of-house.jpg","og:image:secure_url":"https:\/\/allasorias.hu\/hirek\/wp-content\/uploads\/2021\/01\/casually-dressed-unrecognizable-couple-hugging-and-posing-with-paper-cutout-of-house.jpg","og:image:width":1920,"og:image:height":1281,"article:published_time":"2021-01-08T07:55:49+00:00","article:modified_time":"2021-01-11T07:56:19+00:00","article:publisher":"https:\/\/www.facebook.com\/allasorias","twitter:card":"summary_large_image","twitter:title":"Optimist\u00e1k a h\u00e1ztart\u00e1sok | AllasOrias.hu | H\u00edrek-lapszemle","twitter:description":"L\u00e1that\u00f3 jelei vannak annak, hogy a h\u00e1ztart\u00e1sok bizakod\u00f3ak a gazdas\u00e1ggal kapcsolatban az id\u00e9n, kedvez\u0151bbek lettek a v\u00e1rakoz\u00e1sok a munkaer\u0151piaccal kapcsolatban. M\u00e1r az elm\u00falt \u00e9v december\u00e9ben javult a lakoss\u00e1g \u00e9s a v\u00e1llalatok gazdas\u00e1gi k\u00f6z\u00e9rzete. Ebben k\u00f6zrej\u00e1tszhatott, hogy a gazdas\u00e1gi szerepl\u0151k a vakcin\u00e1k megjelen\u00e9s\u00e9vel egyre k\u00f6zelebb \u00e9rzik a j\u00e1rv\u00e1nyhelyzet v\u00e9g\u00e9t. A lakoss\u00e1gi konjunkt\u00faraindexen bel\u00fcl mind a n\u00e9gy","twitter:image":"https:\/\/allasorias.hu\/hirek\/wp-content\/uploads\/2021\/01\/casually-dressed-unrecognizable-couple-hugging-and-posing-with-paper-cutout-of-house.jpg","twitter:label1":"Written by","twitter:data1":"Juh\u00e1sz P\u00e9ter","twitter:label2":"Est. reading time","twitter:data2":"2 minutes"},"aioseo_meta_data":{"post_id":"4499","title":null,"description":"","keywords":"","keyphrases":null,"primary_term":null,"canonical_url":"","og_title":null,"og_description":null,"og_object_type":"default","og_image_type":"default","og_image_url":null,"og_image_width":null,"og_image_height":null,"og_image_custom_url":null,"og_image_custom_fields":null,"og_video":null,"og_custom_url":null,"og_article_section":null,"og_article_tags":null,"twitter_use_og":false,"twitter_card":"default","twitter_image_type":"default","twitter_image_url":null,"twitter_image_custom_url":null,"twitter_image_custom_fields":null,"twitter_title":null,"twitter_description":null,"schema":{"blockGraphs":[],"customGraphs":[],"default":{"data":{"Article":[],"Course":[],"Dataset":[],"FAQPage":[],"Movie":[],"Person":[],"Product":[],"ProductReview":[],"Car":[],"Recipe":[],"Service":[],"SoftwareApplication":[],"WebPage":[]},"graphName":"","isEnabled":true},"graphs":[],"defaultGraph":"","defaultPostTypeGraph":""},"schema_type":null,"schema_type_options":null,"pillar_content":false,"robots_default":true,"robots_noindex":false,"robots_noarchive":false,"robots_nosnippet":false,"robots_nofollow":false,"robots_noimageindex":false,"robots_noodp":false,"robots_notranslate":false,"robots_max_snippet":null,"robots_max_videopreview":null,"robots_max_imagepreview":"large","priority":null,"frequency":null,"location":null,"local_seo":null,"breadcrumb_settings":null,"limit_modified_date":false,"ai":null,"created":"2021-02-01 20:44:29","updated":"2025-10-02 15:12:06","seo_analyzer_scan_date":null,"focus_keyword":null,"additional_keywords":null,"truseo_locale":null},"aioseo_breadcrumb":"<div class=\"aioseo-breadcrumbs\"><span class=\"aioseo-breadcrumb\">\n\t\t\t<a href=\"https:\/\/allasorias.hu\/hirek\" title=\"Home\">Home<\/a>\n\t\t<\/span><span class=\"aioseo-breadcrumb-separator\">&raquo;<\/span><span class=\"aioseo-breadcrumb\">\n\t\t\t<a href=\"https:\/\/allasorias.hu\/hirek\/temak\/gazdasag\/\" title=\"Gazdas\u00e1g\">Gazdas\u00e1g<\/a>\n\t\t<\/span><span class=\"aioseo-breadcrumb-separator\">&raquo;<\/span><span class=\"aioseo-breadcrumb\">\n\t\t\tOptimist\u00e1k a h\u00e1ztart\u00e1sok\n\t\t<\/span><\/div>","aioseo_breadcrumb_json":[{"label":"Home","link":"https:\/\/allasorias.hu\/hirek"},{"label":"Gazdas\u00e1g","link":"https:\/\/allasorias.hu\/hirek\/temak\/gazdasag\/"},{"label":"Optimist\u00e1k a h\u00e1ztart\u00e1sok","link":"https:\/\/allasorias.hu\/hirek\/optimistak-a-haztartasok\/"}],"_links":{"self":[{"href":"https:\/\/allasorias.hu\/hirek\/wp-json\/wp\/v2\/posts\/4499","targetHints":{"allow":["GET"]}}],"collection":[{"href":"https:\/\/allasorias.hu\/hirek\/wp-json\/wp\/v2\/posts"}],"about":[{"href":"https:\/\/allasorias.hu\/hirek\/wp-json\/wp\/v2\/types\/post"}],"author":[{"embeddable":true,"href":"https:\/\/allasorias.hu\/hirek\/wp-json\/wp\/v2\/users\/1"}],"replies":[{"embeddable":true,"href":"https:\/\/allasorias.hu\/hirek\/wp-json\/wp\/v2\/comments?post=4499"}],"version-history":[{"count":1,"href":"https:\/\/allasorias.hu\/hirek\/wp-json\/wp\/v2\/posts\/4499\/revisions"}],"predecessor-version":[{"id":4501,"href":"https:\/\/allasorias.hu\/hirek\/wp-json\/wp\/v2\/posts\/4499\/revisions\/4501"}],"wp:featuredmedia":[{"embeddable":true,"href":"https:\/\/allasorias.hu\/hirek\/wp-json\/wp\/v2\/media\/4500"}],"wp:attachment":[{"href":"https:\/\/allasorias.hu\/hirek\/wp-json\/wp\/v2\/media?parent=4499"}],"wp:term":[{"taxonomy":"category","embeddable":true,"href":"https:\/\/allasorias.hu\/hirek\/wp-json\/wp\/v2\/categories?post=4499"},{"taxonomy":"post_tag","embeddable":true,"href":"https:\/\/allasorias.hu\/hirek\/wp-json\/wp\/v2\/tags?post=4499"}],"curies":[{"name":"wp","href":"https:\/\/api.w.org\/{rel}","templated":true}]}}