{"id":4497,"date":"2021-01-06T10:44:32","date_gmt":"2021-01-06T10:44:32","guid":{"rendered":"https:\/\/allasorias.hu\/hirek\/?p=4497"},"modified":"2021-01-06T10:44:32","modified_gmt":"2021-01-06T10:44:32","slug":"a-magyar-munkaeropiac-ellenallonak-bizonyult","status":"publish","type":"post","link":"https:\/\/allasorias.hu\/hirek\/a-magyar-munkaeropiac-ellenallonak-bizonyult\/","title":{"rendered":"A magyar munkaer\u0151piac ellen\u00e1ll\u00f3nak bizonyult"},"content":{"rendered":"<p><strong>\u00a0A magyar munkaer\u0151piac ellen\u00e1ll\u00f3 volt a koronav\u00edrus-j\u00e1rv\u00e1ny \u0151szi, m\u00e1sodik hull\u00e1m\u00e1nak elej\u00e9n &#8211; komment\u00e1lt\u00e1k a KSH legfrissebb adatait az MTI-nek nyilatkoz\u00f3 elemz\u0151k. A K\u00f6zponti Statisztikai Hivatal\u00a0 k\u00f6zl\u00e9se szerint tavaly novemberben a foglalkoztatottak \u00e1tlagos havi l\u00e9tsz\u00e1ma 4 milli\u00f3 496 ezer volt, 45 ezerrel t\u00f6bb, mint az el\u0151z\u0151 h\u00f3napban \u00e9s 26 ezerrel kevesebb, mint egy \u00e9vvel kor\u00e1bban.<\/strong><\/p>\n<p>Az el\u0151z\u0151 h\u00f3naphoz viszony\u00edtva 9 ezerrel, 190 ezerre cs\u00f6kkent a munkan\u00e9lk\u00fcliek sz\u00e1ma 2020 november\u00e9ben, a 4,1 sz\u00e1zal\u00e9kos munkan\u00e9lk\u00fclis\u00e9gi r\u00e1ta pedig 0,2 sz\u00e1zal\u00e9kponttal alacsonyabb volt az egy h\u00f3nappal kor\u00e1bbin\u00e1l. Horv\u00e1th Andr\u00e1s, a Takar\u00e9kbank vezet\u0151 elemz\u0151je k\u00f6z\u00f6lte, a j\u00e1rv\u00e1ny els\u0151 hull\u00e1m\u00e1t k\u00f6vet\u0151en er\u0151s visszapattan\u00e1st mutatott a magyar munkaer\u0151piac, ism\u00e9t a t\u00f6rt\u00e9nelmi cs\u00facs k\u00f6zel\u00e9be emelkedett a foglalkoztatottak sz\u00e1ma, amely ugyan az \u0151szi, m\u00e1sodik hull\u00e1mban cs\u00f6kkent, de novemberre ism\u00e9t 4,5 milli\u00f3 k\u00f6zel\u00e9be emelkedett a l\u00e9tsz\u00e1m. A Takar\u00e9kbank becsl\u00e9se szerint tavaly 4,3 sz\u00e1zal\u00e9kos \u00e1tlagos munkan\u00e9lk\u00fclis\u00e9g lehetett, id\u00e9n pedig 3,9 sz\u00e1zal\u00e9kra cs\u00f6kkenhet a KSH m\u00f3dszertana szerint sz\u00e1m\u00edtott mutat\u00f3. Hozz\u00e1tette, munkaer\u0151-k\u00f6zvet\u00edt\u0151i \u00e9s szakszervezeti forr\u00e1sokb\u00f3l lehet tudni, hogy a magyar munkaer\u0151piacon ism\u00e9t l\u00e1tszik n\u00e9mi le\u00e9p\u00edt\u00e9si hull\u00e1m els\u0151sorban a turizmus-vend\u00e9gl\u00e1t\u00e1sban, viszont aki elveszti az \u00e1ll\u00e1s\u00e1t az l\u00e1that\u00f3an tal\u00e1l m\u00e1sikat, ha nem is felt\u00e9tlen az eredeti ipar\u00e1g\u00e1ban. Az elemz\u0151 szerint a teljes b\u00e9rn\u00f6veked\u00e9si \u00fctem v\u00e1rhat\u00f3an lassulni fog, de az eddigi adatok azt mutatj\u00e1k, hogy a v\u00edrus \u00e1ltal kev\u00e9sb\u00e9 \u00e9rintett szektorokban tov\u00e1bbra is v\u00e1ltozatlanul k\u00e9tsz\u00e1mjegy\u0171 a b\u00e9rdinamika. Kiemelte, a korm\u00e1ny munkahelyv\u00e9delmi int\u00e9zked\u00e9sei, a b\u00e9rt\u00e1mogat\u00e1sok, az \u00e1tmeneti ad\u00f3cs\u00f6kkent\u00e9sek, a v\u00e1llalati \u00e9s lakoss\u00e1gi t\u00f6rleszt\u00e9si morat\u00f3rium \u00e9rdemben hozz\u00e1j\u00e1rul a munkahelymeg\u0151rz\u00e9shez, de a k\u00f6zszolg\u00e1ltat\u00e1sok, a honv\u00e9delem \u00e9s rendv\u00e9delem keret\u00e9ben megnyitott jelent\u0151s sz\u00e1m\u00fa \u00faj poz\u00edci\u00f3 is seg\u00edts\u00e9get ny\u00fajt a munkaer\u0151piac stabiliz\u00e1l\u00e1s\u00e1ban. Reg\u0151s G\u00e1bor, a Sz\u00e1zadv\u00e9g Gazdas\u00e1gkutat\u00f3 makrogazdas\u00e1gi \u00fczlet\u00e1g\u00e1nak vezet\u0151je k\u00f6z\u00f6lte, hogy m\u00edg a koronav\u00edrus m\u00e1sodik hull\u00e1ma, illetve az elrendelt korl\u00e1toz\u00e1sok miatt ink\u00e1bb visszaes\u00e9sre sz\u00e1m\u00edtottak, a foglalkoztat\u00e1s az el\u0151z\u0151 h\u00f3naphoz k\u00e9pest b\u0151v\u00fclt, \u00e9s az \u00e9ves visszaes\u00e9s m\u00e9rt\u00e9ke is cs\u00f6kkent. A foglalkoztatottak sz\u00e1ma \u00edgy is elmaradt az egy \u00e9vvel kor\u00e1bbit\u00f3l, de ennek m\u00e9rt\u00e9ke csek\u00e9ly, teh\u00e1t a koronav\u00edrus hat\u00e1sa a munkaer\u0151piacra visszafogott volt, r\u00e9szben a korm\u00e1nyzati b\u00e9rt\u00e1mogat\u00e1soknak is k\u00f6sz\u00f6nhet\u0151en. Az elemz\u0151 megjegyezte, hogy m\u00edg \u00e9ves alapon az els\u0151dleges munkaer\u0151piac m\u00e9g n\u00e9mi javul\u00e1st is mutatott, visszaesett a k\u00f6zfoglalkoztatottak \u00e9s a k\u00fclf\u00f6ld\u00f6n dolgoz\u00f3k sz\u00e1ma, ut\u00f3bbi arra utalhat, hogy gazdas\u00e1gi probl\u00e9m\u00e1kn\u00e1l el\u0151sz\u00f6r a m\u00e1s orsz\u00e1gokb\u00f3l sz\u00e1rmaz\u00f3 munkav\u00e1llal\u00f3kat \u00e9p\u00edtik le. A k\u00f6vetkez\u0151 h\u00f3napok adatai v\u00e1ltozatosan alakulhatnak: egyr\u00e9szt megjelenhetnek a novemberi korl\u00e1toz\u00f3 int\u00e9zked\u00e9sek hat\u00e1sai is, m\u00e1sr\u00e9szt azonban a vakcina megjelen\u00e9se fokozatosan el\u0151seg\u00edtheti a visszat\u00e9r\u00e9st a norm\u00e1lis ker\u00e9kv\u00e1g\u00e1sba &#8211; \u00edrta az elemz\u0151.<\/p>\n<p>Forr\u00e1s: blikk.hu<\/p>\n","protected":false},"excerpt":{"rendered":"<p>\u00a0A magyar munkaer\u0151piac ellen\u00e1ll\u00f3 volt a koronav\u00edrus-j\u00e1rv\u00e1ny \u0151szi, m\u00e1sodik hull\u00e1m\u00e1nak elej\u00e9n &#8211; komment\u00e1lt\u00e1k a KSH legfrissebb adatait az MTI-nek nyilatkoz\u00f3 elemz\u0151k. A K\u00f6zponti Statisztikai Hivatal\u00a0 k\u00f6zl\u00e9se szerint tavaly novemberben a foglalkoztatottak \u00e1tlagos havi l\u00e9tsz\u00e1ma 4 milli\u00f3 496 ezer volt, 45 ezerrel t\u00f6bb, mint az el\u0151z\u0151 h\u00f3napban \u00e9s 26 ezerrel kevesebb, mint egy \u00e9vvel kor\u00e1bban. Az [&hellip;]<\/p>\n","protected":false},"author":1,"featured_media":3817,"comment_status":"open","ping_status":"open","sticky":false,"template":"","format":"standard","meta":{"_monsterinsights_skip_tracking":false,"footnotes":""},"categories":[198,200],"tags":[],"class_list":["post-4497","post","type-post","status-publish","format-standard","has-post-thumbnail","hentry","category-gazdasag","category-munkaeropiac"],"aioseo_notices":[],"aioseo_head":"\n\t\t<!-- All in One SEO 5.0.0.1 - aioseo.com -->\n\t<meta name=\"description\" content=\"A magyar munkaer\u0151piac ellen\u00e1ll\u00f3 volt a koronav\u00edrus-j\u00e1rv\u00e1ny \u0151szi, m\u00e1sodik hull\u00e1m\u00e1nak elej\u00e9n - komment\u00e1lt\u00e1k a KSH legfrissebb adatait az MTI-nek nyilatkoz\u00f3 elemz\u0151k. A K\u00f6zponti Statisztikai Hivatal k\u00f6zl\u00e9se szerint tavaly novemberben a foglalkoztatottak \u00e1tlagos havi l\u00e9tsz\u00e1ma 4 milli\u00f3 496 ezer volt, 45 ezerrel t\u00f6bb, mint az el\u0151z\u0151 h\u00f3napban \u00e9s 26 ezerrel kevesebb, mint egy \u00e9vvel kor\u00e1bban. Az\" \/>\n\t<meta name=\"robots\" content=\"max-image-preview:large\" \/>\n\t<meta name=\"author\" content=\"Juh\u00e1sz P\u00e9ter\"\/>\n\t<link rel=\"canonical\" href=\"https:\/\/allasorias.hu\/hirek\/a-magyar-munkaeropiac-ellenallonak-bizonyult\/\" \/>\n\t<meta name=\"generator\" content=\"All in One SEO (AIOSEO) 5.0.0.1\" \/>\n\t\t<meta property=\"og:locale\" content=\"hu_HU\" \/>\n\t\t<meta property=\"og:site_name\" content=\"AllasOrias.hu | H\u00edrek-lapszemle | \u00dczleti h\u00edrek az \u00e1ll\u00e1s \u00e9s a munka vil\u00e1g\u00e1b\u00f3l\" \/>\n\t\t<meta property=\"og:type\" content=\"article\" \/>\n\t\t<meta property=\"og:title\" content=\"A magyar munkaer\u0151piac ellen\u00e1ll\u00f3nak bizonyult | AllasOrias.hu | H\u00edrek-lapszemle\" \/>\n\t\t<meta property=\"og:description\" content=\"A magyar munkaer\u0151piac ellen\u00e1ll\u00f3 volt a koronav\u00edrus-j\u00e1rv\u00e1ny \u0151szi, m\u00e1sodik hull\u00e1m\u00e1nak elej\u00e9n - komment\u00e1lt\u00e1k a KSH legfrissebb adatait az MTI-nek nyilatkoz\u00f3 elemz\u0151k. A K\u00f6zponti Statisztikai Hivatal k\u00f6zl\u00e9se szerint tavaly novemberben a foglalkoztatottak \u00e1tlagos havi l\u00e9tsz\u00e1ma 4 milli\u00f3 496 ezer volt, 45 ezerrel t\u00f6bb, mint az el\u0151z\u0151 h\u00f3napban \u00e9s 26 ezerrel kevesebb, mint egy \u00e9vvel kor\u00e1bban. Az\" \/>\n\t\t<meta property=\"og:url\" content=\"https:\/\/allasorias.hu\/hirek\/a-magyar-munkaeropiac-ellenallonak-bizonyult\/\" \/>\n\t\t<meta property=\"og:image\" content=\"https:\/\/allasorias.hu\/hirek\/wp-content\/uploads\/2020\/03\/virus-4898571_640.jpg\" \/>\n\t\t<meta property=\"og:image:secure_url\" content=\"https:\/\/allasorias.hu\/hirek\/wp-content\/uploads\/2020\/03\/virus-4898571_640.jpg\" \/>\n\t\t<meta property=\"og:image:width\" content=\"640\" \/>\n\t\t<meta property=\"og:image:height\" content=\"427\" \/>\n\t\t<meta property=\"article:published_time\" content=\"2021-01-06T10:44:32+00:00\" \/>\n\t\t<meta property=\"article:modified_time\" content=\"2021-01-06T10:44:32+00:00\" \/>\n\t\t<meta property=\"article:publisher\" content=\"https:\/\/www.facebook.com\/allasorias\" \/>\n\t\t<meta name=\"twitter:card\" content=\"summary_large_image\" \/>\n\t\t<meta name=\"twitter:title\" content=\"A magyar munkaer\u0151piac ellen\u00e1ll\u00f3nak bizonyult | AllasOrias.hu | H\u00edrek-lapszemle\" \/>\n\t\t<meta name=\"twitter:description\" content=\"A magyar munkaer\u0151piac ellen\u00e1ll\u00f3 volt a koronav\u00edrus-j\u00e1rv\u00e1ny \u0151szi, m\u00e1sodik hull\u00e1m\u00e1nak elej\u00e9n - komment\u00e1lt\u00e1k a KSH legfrissebb adatait az MTI-nek nyilatkoz\u00f3 elemz\u0151k. A K\u00f6zponti Statisztikai Hivatal k\u00f6zl\u00e9se szerint tavaly novemberben a foglalkoztatottak \u00e1tlagos havi l\u00e9tsz\u00e1ma 4 milli\u00f3 496 ezer volt, 45 ezerrel t\u00f6bb, mint az el\u0151z\u0151 h\u00f3napban \u00e9s 26 ezerrel kevesebb, mint egy \u00e9vvel kor\u00e1bban. Az\" \/>\n\t\t<meta name=\"twitter:image\" content=\"https:\/\/allasorias.hu\/hirek\/wp-content\/uploads\/2020\/03\/virus-4898571_640.jpg\" \/>\n\t\t<meta name=\"twitter:label1\" content=\"Written by\" \/>\n\t\t<meta name=\"twitter:data1\" content=\"Juh\u00e1sz P\u00e9ter\" \/>\n\t\t<meta name=\"twitter:label2\" content=\"Est. reading time\" \/>\n\t\t<meta name=\"twitter:data2\" content=\"3 minutes\" \/>\n\t\t<script type=\"application\/ld+json\" class=\"aioseo-schema\">\n\t\t\t{\"@context\":\"https:\\\/\\\/schema.org\",\"@graph\":[{\"@type\":\"Article\",\"@id\":\"https:\\\/\\\/allasorias.hu\\\/hirek\\\/a-magyar-munkaeropiac-ellenallonak-bizonyult\\\/#article\",\"name\":\"A magyar munkaer\\u0151piac ellen\\u00e1ll\\u00f3nak bizonyult | AllasOrias.hu | H\\u00edrek-lapszemle\",\"headline\":\"A magyar munkaer\\u0151piac ellen\\u00e1ll\\u00f3nak bizonyult\",\"author\":{\"@id\":\"https:\\\/\\\/allasorias.hu\\\/hirek\\\/author\\\/admin-allasorias\\\/#author\"},\"publisher\":{\"@id\":\"https:\\\/\\\/allasorias.hu\\\/hirek\\\/#organization\"},\"image\":{\"@type\":\"ImageObject\",\"url\":\"https:\\\/\\\/allasorias.hu\\\/hirek\\\/wp-content\\\/uploads\\\/2020\\\/03\\\/virus-4898571_640.jpg\",\"width\":640,\"height\":427},\"datePublished\":\"2021-01-06T10:44:32+02:00\",\"dateModified\":\"2021-01-06T10:44:32+02:00\",\"inLanguage\":\"hu-HU\",\"mainEntityOfPage\":{\"@id\":\"https:\\\/\\\/allasorias.hu\\\/hirek\\\/a-magyar-munkaeropiac-ellenallonak-bizonyult\\\/#webpage\"},\"isPartOf\":{\"@id\":\"https:\\\/\\\/allasorias.hu\\\/hirek\\\/a-magyar-munkaeropiac-ellenallonak-bizonyult\\\/#webpage\"},\"articleSection\":\"Gazdas\\u00e1g, Munkaer\\u0151piac\"},{\"@type\":\"BreadcrumbList\",\"@id\":\"https:\\\/\\\/allasorias.hu\\\/hirek\\\/a-magyar-munkaeropiac-ellenallonak-bizonyult\\\/#breadcrumblist\",\"itemListElement\":[{\"@type\":\"ListItem\",\"@id\":\"https:\\\/\\\/allasorias.hu\\\/hirek#listItem\",\"position\":1,\"name\":\"Home\",\"item\":\"https:\\\/\\\/allasorias.hu\\\/hirek\",\"nextItem\":{\"@type\":\"ListItem\",\"@id\":\"https:\\\/\\\/allasorias.hu\\\/hirek\\\/temak\\\/gazdasag\\\/#listItem\",\"name\":\"Gazdas\\u00e1g\"}},{\"@type\":\"ListItem\",\"@id\":\"https:\\\/\\\/allasorias.hu\\\/hirek\\\/temak\\\/gazdasag\\\/#listItem\",\"position\":2,\"name\":\"Gazdas\\u00e1g\",\"item\":\"https:\\\/\\\/allasorias.hu\\\/hirek\\\/temak\\\/gazdasag\\\/\",\"nextItem\":{\"@type\":\"ListItem\",\"@id\":\"https:\\\/\\\/allasorias.hu\\\/hirek\\\/a-magyar-munkaeropiac-ellenallonak-bizonyult\\\/#listItem\",\"name\":\"A magyar munkaer\\u0151piac ellen\\u00e1ll\\u00f3nak bizonyult\"},\"previousItem\":{\"@type\":\"ListItem\",\"@id\":\"https:\\\/\\\/allasorias.hu\\\/hirek#listItem\",\"name\":\"Home\"}},{\"@type\":\"ListItem\",\"@id\":\"https:\\\/\\\/allasorias.hu\\\/hirek\\\/a-magyar-munkaeropiac-ellenallonak-bizonyult\\\/#listItem\",\"position\":3,\"name\":\"A magyar munkaer\\u0151piac ellen\\u00e1ll\\u00f3nak bizonyult\",\"previousItem\":{\"@type\":\"ListItem\",\"@id\":\"https:\\\/\\\/allasorias.hu\\\/hirek\\\/temak\\\/gazdasag\\\/#listItem\",\"name\":\"Gazdas\\u00e1g\"}}]},{\"@type\":\"Organization\",\"@id\":\"https:\\\/\\\/allasorias.hu\\\/hirek\\\/#organization\",\"name\":\"AllasOrias.hu | H\\u00edrek-lapszemle\",\"description\":\"\\u00dczleti h\\u00edrek az \\u00e1ll\\u00e1s \\u00e9s a munka vil\\u00e1g\\u00e1b\\u00f3l\",\"url\":\"https:\\\/\\\/allasorias.hu\\\/hirek\\\/\",\"logo\":{\"@type\":\"ImageObject\",\"url\":\"https:\\\/\\\/allasorias.hu\\\/hirek\\\/wp-content\\\/uploads\\\/2022\\\/10\\\/allasorias_site_facebok_logo.png\",\"@id\":\"https:\\\/\\\/allasorias.hu\\\/hirek\\\/a-magyar-munkaeropiac-ellenallonak-bizonyult\\\/#organizationLogo\"},\"image\":{\"@id\":\"https:\\\/\\\/allasorias.hu\\\/hirek\\\/a-magyar-munkaeropiac-ellenallonak-bizonyult\\\/#organizationLogo\"},\"sameAs\":[\"https:\\\/\\\/www.facebook.com\\\/allasorias\",\"https:\\\/\\\/www.linkedin.com\\\/company\\\/allasorias\"]},{\"@type\":\"Person\",\"@id\":\"https:\\\/\\\/allasorias.hu\\\/hirek\\\/author\\\/admin-allasorias\\\/#author\",\"url\":\"https:\\\/\\\/allasorias.hu\\\/hirek\\\/author\\\/admin-allasorias\\\/\",\"name\":\"Juh\\u00e1sz P\\u00e9ter\",\"image\":{\"@type\":\"ImageObject\",\"@id\":\"https:\\\/\\\/allasorias.hu\\\/hirek\\\/a-magyar-munkaeropiac-ellenallonak-bizonyult\\\/#authorImage\",\"url\":\"https:\\\/\\\/secure.gravatar.com\\\/avatar\\\/36e6bcb83148978b992977cb0f54d22feb0cce8a0a849a9410532bb2623ba4c6?s=96&d=mm&r=g\",\"width\":96,\"height\":96,\"caption\":\"Juh\\u00e1sz P\\u00e9ter\"}},{\"@type\":\"WebPage\",\"@id\":\"https:\\\/\\\/allasorias.hu\\\/hirek\\\/a-magyar-munkaeropiac-ellenallonak-bizonyult\\\/#webpage\",\"url\":\"https:\\\/\\\/allasorias.hu\\\/hirek\\\/a-magyar-munkaeropiac-ellenallonak-bizonyult\\\/\",\"name\":\"A magyar munkaer\\u0151piac ellen\\u00e1ll\\u00f3nak bizonyult | AllasOrias.hu | H\\u00edrek-lapszemle\",\"description\":\"A magyar munkaer\\u0151piac ellen\\u00e1ll\\u00f3 volt a koronav\\u00edrus-j\\u00e1rv\\u00e1ny \\u0151szi, m\\u00e1sodik hull\\u00e1m\\u00e1nak elej\\u00e9n - komment\\u00e1lt\\u00e1k a KSH legfrissebb adatait az MTI-nek nyilatkoz\\u00f3 elemz\\u0151k. A K\\u00f6zponti Statisztikai Hivatal k\\u00f6zl\\u00e9se szerint tavaly novemberben a foglalkoztatottak \\u00e1tlagos havi l\\u00e9tsz\\u00e1ma 4 milli\\u00f3 496 ezer volt, 45 ezerrel t\\u00f6bb, mint az el\\u0151z\\u0151 h\\u00f3napban \\u00e9s 26 ezerrel kevesebb, mint egy \\u00e9vvel kor\\u00e1bban. Az\",\"inLanguage\":\"hu-HU\",\"isPartOf\":{\"@id\":\"https:\\\/\\\/allasorias.hu\\\/hirek\\\/#website\"},\"breadcrumb\":{\"@id\":\"https:\\\/\\\/allasorias.hu\\\/hirek\\\/a-magyar-munkaeropiac-ellenallonak-bizonyult\\\/#breadcrumblist\"},\"author\":{\"@id\":\"https:\\\/\\\/allasorias.hu\\\/hirek\\\/author\\\/admin-allasorias\\\/#author\"},\"creator\":{\"@id\":\"https:\\\/\\\/allasorias.hu\\\/hirek\\\/author\\\/admin-allasorias\\\/#author\"},\"image\":{\"@type\":\"ImageObject\",\"url\":\"https:\\\/\\\/allasorias.hu\\\/hirek\\\/wp-content\\\/uploads\\\/2020\\\/03\\\/virus-4898571_640.jpg\",\"@id\":\"https:\\\/\\\/allasorias.hu\\\/hirek\\\/a-magyar-munkaeropiac-ellenallonak-bizonyult\\\/#mainImage\",\"width\":640,\"height\":427},\"primaryImageOfPage\":{\"@id\":\"https:\\\/\\\/allasorias.hu\\\/hirek\\\/a-magyar-munkaeropiac-ellenallonak-bizonyult\\\/#mainImage\"},\"datePublished\":\"2021-01-06T10:44:32+02:00\",\"dateModified\":\"2021-01-06T10:44:32+02:00\"},{\"@type\":\"WebSite\",\"@id\":\"https:\\\/\\\/allasorias.hu\\\/hirek\\\/#website\",\"url\":\"https:\\\/\\\/allasorias.hu\\\/hirek\\\/\",\"name\":\"AllasOrias.hu | H\\u00edrek-lapszemle\",\"description\":\"\\u00dczleti h\\u00edrek az \\u00e1ll\\u00e1s \\u00e9s a munka vil\\u00e1g\\u00e1b\\u00f3l\",\"inLanguage\":\"hu-HU\",\"publisher\":{\"@id\":\"https:\\\/\\\/allasorias.hu\\\/hirek\\\/#organization\"}}]}\n\t\t<\/script>\n\t\t<!-- All in One SEO -->\n\n","aioseo_head_json":{"title":"A magyar munkaer\u0151piac ellen\u00e1ll\u00f3nak bizonyult | AllasOrias.hu | H\u00edrek-lapszemle","description":"A magyar munkaer\u0151piac ellen\u00e1ll\u00f3 volt a koronav\u00edrus-j\u00e1rv\u00e1ny \u0151szi, m\u00e1sodik hull\u00e1m\u00e1nak elej\u00e9n - komment\u00e1lt\u00e1k a KSH legfrissebb adatait az MTI-nek nyilatkoz\u00f3 elemz\u0151k. A K\u00f6zponti Statisztikai Hivatal k\u00f6zl\u00e9se szerint tavaly novemberben a foglalkoztatottak \u00e1tlagos havi l\u00e9tsz\u00e1ma 4 milli\u00f3 496 ezer volt, 45 ezerrel t\u00f6bb, mint az el\u0151z\u0151 h\u00f3napban \u00e9s 26 ezerrel kevesebb, mint egy \u00e9vvel kor\u00e1bban. Az","canonical_url":"https:\/\/allasorias.hu\/hirek\/a-magyar-munkaeropiac-ellenallonak-bizonyult\/","robots":"max-image-preview:large","keywords":"","webmasterTools":{"miscellaneous":""},"schema":{"@context":"https:\/\/schema.org","@graph":[{"@type":"Article","@id":"https:\/\/allasorias.hu\/hirek\/a-magyar-munkaeropiac-ellenallonak-bizonyult\/#article","name":"A magyar munkaer\u0151piac ellen\u00e1ll\u00f3nak bizonyult | AllasOrias.hu | H\u00edrek-lapszemle","headline":"A magyar munkaer\u0151piac ellen\u00e1ll\u00f3nak bizonyult","author":{"@id":"https:\/\/allasorias.hu\/hirek\/author\/admin-allasorias\/#author"},"publisher":{"@id":"https:\/\/allasorias.hu\/hirek\/#organization"},"image":{"@type":"ImageObject","url":"https:\/\/allasorias.hu\/hirek\/wp-content\/uploads\/2020\/03\/virus-4898571_640.jpg","width":640,"height":427},"datePublished":"2021-01-06T10:44:32+02:00","dateModified":"2021-01-06T10:44:32+02:00","inLanguage":"hu-HU","mainEntityOfPage":{"@id":"https:\/\/allasorias.hu\/hirek\/a-magyar-munkaeropiac-ellenallonak-bizonyult\/#webpage"},"isPartOf":{"@id":"https:\/\/allasorias.hu\/hirek\/a-magyar-munkaeropiac-ellenallonak-bizonyult\/#webpage"},"articleSection":"Gazdas\u00e1g, Munkaer\u0151piac"},{"@type":"BreadcrumbList","@id":"https:\/\/allasorias.hu\/hirek\/a-magyar-munkaeropiac-ellenallonak-bizonyult\/#breadcrumblist","itemListElement":[{"@type":"ListItem","@id":"https:\/\/allasorias.hu\/hirek#listItem","position":1,"name":"Home","item":"https:\/\/allasorias.hu\/hirek","nextItem":{"@type":"ListItem","@id":"https:\/\/allasorias.hu\/hirek\/temak\/gazdasag\/#listItem","name":"Gazdas\u00e1g"}},{"@type":"ListItem","@id":"https:\/\/allasorias.hu\/hirek\/temak\/gazdasag\/#listItem","position":2,"name":"Gazdas\u00e1g","item":"https:\/\/allasorias.hu\/hirek\/temak\/gazdasag\/","nextItem":{"@type":"ListItem","@id":"https:\/\/allasorias.hu\/hirek\/a-magyar-munkaeropiac-ellenallonak-bizonyult\/#listItem","name":"A magyar munkaer\u0151piac ellen\u00e1ll\u00f3nak bizonyult"},"previousItem":{"@type":"ListItem","@id":"https:\/\/allasorias.hu\/hirek#listItem","name":"Home"}},{"@type":"ListItem","@id":"https:\/\/allasorias.hu\/hirek\/a-magyar-munkaeropiac-ellenallonak-bizonyult\/#listItem","position":3,"name":"A magyar munkaer\u0151piac ellen\u00e1ll\u00f3nak bizonyult","previousItem":{"@type":"ListItem","@id":"https:\/\/allasorias.hu\/hirek\/temak\/gazdasag\/#listItem","name":"Gazdas\u00e1g"}}]},{"@type":"Organization","@id":"https:\/\/allasorias.hu\/hirek\/#organization","name":"AllasOrias.hu | H\u00edrek-lapszemle","description":"\u00dczleti h\u00edrek az \u00e1ll\u00e1s \u00e9s a munka vil\u00e1g\u00e1b\u00f3l","url":"https:\/\/allasorias.hu\/hirek\/","logo":{"@type":"ImageObject","url":"https:\/\/allasorias.hu\/hirek\/wp-content\/uploads\/2022\/10\/allasorias_site_facebok_logo.png","@id":"https:\/\/allasorias.hu\/hirek\/a-magyar-munkaeropiac-ellenallonak-bizonyult\/#organizationLogo"},"image":{"@id":"https:\/\/allasorias.hu\/hirek\/a-magyar-munkaeropiac-ellenallonak-bizonyult\/#organizationLogo"},"sameAs":["https:\/\/www.facebook.com\/allasorias","https:\/\/www.linkedin.com\/company\/allasorias"]},{"@type":"Person","@id":"https:\/\/allasorias.hu\/hirek\/author\/admin-allasorias\/#author","url":"https:\/\/allasorias.hu\/hirek\/author\/admin-allasorias\/","name":"Juh\u00e1sz P\u00e9ter","image":{"@type":"ImageObject","@id":"https:\/\/allasorias.hu\/hirek\/a-magyar-munkaeropiac-ellenallonak-bizonyult\/#authorImage","url":"https:\/\/secure.gravatar.com\/avatar\/36e6bcb83148978b992977cb0f54d22feb0cce8a0a849a9410532bb2623ba4c6?s=96&d=mm&r=g","width":96,"height":96,"caption":"Juh\u00e1sz P\u00e9ter"}},{"@type":"WebPage","@id":"https:\/\/allasorias.hu\/hirek\/a-magyar-munkaeropiac-ellenallonak-bizonyult\/#webpage","url":"https:\/\/allasorias.hu\/hirek\/a-magyar-munkaeropiac-ellenallonak-bizonyult\/","name":"A magyar munkaer\u0151piac ellen\u00e1ll\u00f3nak bizonyult | AllasOrias.hu | H\u00edrek-lapszemle","description":"A magyar munkaer\u0151piac ellen\u00e1ll\u00f3 volt a koronav\u00edrus-j\u00e1rv\u00e1ny \u0151szi, m\u00e1sodik hull\u00e1m\u00e1nak elej\u00e9n - komment\u00e1lt\u00e1k a KSH legfrissebb adatait az MTI-nek nyilatkoz\u00f3 elemz\u0151k. A K\u00f6zponti Statisztikai Hivatal k\u00f6zl\u00e9se szerint tavaly novemberben a foglalkoztatottak \u00e1tlagos havi l\u00e9tsz\u00e1ma 4 milli\u00f3 496 ezer volt, 45 ezerrel t\u00f6bb, mint az el\u0151z\u0151 h\u00f3napban \u00e9s 26 ezerrel kevesebb, mint egy \u00e9vvel kor\u00e1bban. Az","inLanguage":"hu-HU","isPartOf":{"@id":"https:\/\/allasorias.hu\/hirek\/#website"},"breadcrumb":{"@id":"https:\/\/allasorias.hu\/hirek\/a-magyar-munkaeropiac-ellenallonak-bizonyult\/#breadcrumblist"},"author":{"@id":"https:\/\/allasorias.hu\/hirek\/author\/admin-allasorias\/#author"},"creator":{"@id":"https:\/\/allasorias.hu\/hirek\/author\/admin-allasorias\/#author"},"image":{"@type":"ImageObject","url":"https:\/\/allasorias.hu\/hirek\/wp-content\/uploads\/2020\/03\/virus-4898571_640.jpg","@id":"https:\/\/allasorias.hu\/hirek\/a-magyar-munkaeropiac-ellenallonak-bizonyult\/#mainImage","width":640,"height":427},"primaryImageOfPage":{"@id":"https:\/\/allasorias.hu\/hirek\/a-magyar-munkaeropiac-ellenallonak-bizonyult\/#mainImage"},"datePublished":"2021-01-06T10:44:32+02:00","dateModified":"2021-01-06T10:44:32+02:00"},{"@type":"WebSite","@id":"https:\/\/allasorias.hu\/hirek\/#website","url":"https:\/\/allasorias.hu\/hirek\/","name":"AllasOrias.hu | H\u00edrek-lapszemle","description":"\u00dczleti h\u00edrek az \u00e1ll\u00e1s \u00e9s a munka vil\u00e1g\u00e1b\u00f3l","inLanguage":"hu-HU","publisher":{"@id":"https:\/\/allasorias.hu\/hirek\/#organization"}}]},"og:locale":"hu_HU","og:site_name":"AllasOrias.hu | H\u00edrek-lapszemle | \u00dczleti h\u00edrek az \u00e1ll\u00e1s \u00e9s a munka vil\u00e1g\u00e1b\u00f3l","og:type":"article","og:title":"A magyar munkaer\u0151piac ellen\u00e1ll\u00f3nak bizonyult | AllasOrias.hu | H\u00edrek-lapszemle","og:description":"A magyar munkaer\u0151piac ellen\u00e1ll\u00f3 volt a koronav\u00edrus-j\u00e1rv\u00e1ny \u0151szi, m\u00e1sodik hull\u00e1m\u00e1nak elej\u00e9n - komment\u00e1lt\u00e1k a KSH legfrissebb adatait az MTI-nek nyilatkoz\u00f3 elemz\u0151k. A K\u00f6zponti Statisztikai Hivatal k\u00f6zl\u00e9se szerint tavaly novemberben a foglalkoztatottak \u00e1tlagos havi l\u00e9tsz\u00e1ma 4 milli\u00f3 496 ezer volt, 45 ezerrel t\u00f6bb, mint az el\u0151z\u0151 h\u00f3napban \u00e9s 26 ezerrel kevesebb, mint egy \u00e9vvel kor\u00e1bban. Az","og:url":"https:\/\/allasorias.hu\/hirek\/a-magyar-munkaeropiac-ellenallonak-bizonyult\/","og:image":"https:\/\/allasorias.hu\/hirek\/wp-content\/uploads\/2020\/03\/virus-4898571_640.jpg","og:image:secure_url":"https:\/\/allasorias.hu\/hirek\/wp-content\/uploads\/2020\/03\/virus-4898571_640.jpg","og:image:width":640,"og:image:height":427,"article:published_time":"2021-01-06T10:44:32+00:00","article:modified_time":"2021-01-06T10:44:32+00:00","article:publisher":"https:\/\/www.facebook.com\/allasorias","twitter:card":"summary_large_image","twitter:title":"A magyar munkaer\u0151piac ellen\u00e1ll\u00f3nak bizonyult | AllasOrias.hu | H\u00edrek-lapszemle","twitter:description":"A magyar munkaer\u0151piac ellen\u00e1ll\u00f3 volt a koronav\u00edrus-j\u00e1rv\u00e1ny \u0151szi, m\u00e1sodik hull\u00e1m\u00e1nak elej\u00e9n - komment\u00e1lt\u00e1k a KSH legfrissebb adatait az MTI-nek nyilatkoz\u00f3 elemz\u0151k. A K\u00f6zponti Statisztikai Hivatal k\u00f6zl\u00e9se szerint tavaly novemberben a foglalkoztatottak \u00e1tlagos havi l\u00e9tsz\u00e1ma 4 milli\u00f3 496 ezer volt, 45 ezerrel t\u00f6bb, mint az el\u0151z\u0151 h\u00f3napban \u00e9s 26 ezerrel kevesebb, mint egy \u00e9vvel kor\u00e1bban. Az","twitter:image":"https:\/\/allasorias.hu\/hirek\/wp-content\/uploads\/2020\/03\/virus-4898571_640.jpg","twitter:label1":"Written by","twitter:data1":"Juh\u00e1sz P\u00e9ter","twitter:label2":"Est. reading time","twitter:data2":"3 minutes"},"aioseo_meta_data":{"post_id":"4497","title":null,"description":"","keywords":"","keyphrases":null,"primary_term":null,"canonical_url":"","og_title":null,"og_description":null,"og_object_type":"default","og_image_type":"default","og_image_url":null,"og_image_width":null,"og_image_height":null,"og_image_custom_url":null,"og_image_custom_fields":null,"og_video":null,"og_custom_url":null,"og_article_section":null,"og_article_tags":null,"twitter_use_og":false,"twitter_card":"default","twitter_image_type":"default","twitter_image_url":null,"twitter_image_custom_url":null,"twitter_image_custom_fields":null,"twitter_title":null,"twitter_description":null,"schema":{"blockGraphs":[],"customGraphs":[],"default":{"data":{"Article":[],"Course":[],"Dataset":[],"FAQPage":[],"Movie":[],"Person":[],"Product":[],"ProductReview":[],"Car":[],"Recipe":[],"Service":[],"SoftwareApplication":[],"WebPage":[]},"graphName":"","isEnabled":true},"graphs":[],"defaultGraph":"","defaultPostTypeGraph":""},"schema_type":null,"schema_type_options":null,"pillar_content":false,"robots_default":true,"robots_noindex":false,"robots_noarchive":false,"robots_nosnippet":false,"robots_nofollow":false,"robots_noimageindex":false,"robots_noodp":false,"robots_notranslate":false,"robots_max_snippet":null,"robots_max_videopreview":null,"robots_max_imagepreview":"large","priority":null,"frequency":null,"location":null,"local_seo":null,"breadcrumb_settings":null,"limit_modified_date":false,"ai":null,"created":"2021-02-01 20:44:29","updated":"2025-10-02 15:12:06","seo_analyzer_scan_date":null,"focus_keyword":null,"additional_keywords":null,"truseo_locale":null},"aioseo_breadcrumb":"<div class=\"aioseo-breadcrumbs\"><span class=\"aioseo-breadcrumb\">\n\t\t\t<a href=\"https:\/\/allasorias.hu\/hirek\" title=\"Home\">Home<\/a>\n\t\t<\/span><span class=\"aioseo-breadcrumb-separator\">&raquo;<\/span><span class=\"aioseo-breadcrumb\">\n\t\t\t<a href=\"https:\/\/allasorias.hu\/hirek\/temak\/gazdasag\/\" title=\"Gazdas\u00e1g\">Gazdas\u00e1g<\/a>\n\t\t<\/span><span class=\"aioseo-breadcrumb-separator\">&raquo;<\/span><span class=\"aioseo-breadcrumb\">\n\t\t\tA magyar munkaer\u0151piac ellen\u00e1ll\u00f3nak bizonyult\n\t\t<\/span><\/div>","aioseo_breadcrumb_json":[{"label":"Home","link":"https:\/\/allasorias.hu\/hirek"},{"label":"Gazdas\u00e1g","link":"https:\/\/allasorias.hu\/hirek\/temak\/gazdasag\/"},{"label":"A magyar munkaer\u0151piac ellen\u00e1ll\u00f3nak bizonyult","link":"https:\/\/allasorias.hu\/hirek\/a-magyar-munkaeropiac-ellenallonak-bizonyult\/"}],"_links":{"self":[{"href":"https:\/\/allasorias.hu\/hirek\/wp-json\/wp\/v2\/posts\/4497","targetHints":{"allow":["GET"]}}],"collection":[{"href":"https:\/\/allasorias.hu\/hirek\/wp-json\/wp\/v2\/posts"}],"about":[{"href":"https:\/\/allasorias.hu\/hirek\/wp-json\/wp\/v2\/types\/post"}],"author":[{"embeddable":true,"href":"https:\/\/allasorias.hu\/hirek\/wp-json\/wp\/v2\/users\/1"}],"replies":[{"embeddable":true,"href":"https:\/\/allasorias.hu\/hirek\/wp-json\/wp\/v2\/comments?post=4497"}],"version-history":[{"count":1,"href":"https:\/\/allasorias.hu\/hirek\/wp-json\/wp\/v2\/posts\/4497\/revisions"}],"predecessor-version":[{"id":4498,"href":"https:\/\/allasorias.hu\/hirek\/wp-json\/wp\/v2\/posts\/4497\/revisions\/4498"}],"wp:featuredmedia":[{"embeddable":true,"href":"https:\/\/allasorias.hu\/hirek\/wp-json\/wp\/v2\/media\/3817"}],"wp:attachment":[{"href":"https:\/\/allasorias.hu\/hirek\/wp-json\/wp\/v2\/media?parent=4497"}],"wp:term":[{"taxonomy":"category","embeddable":true,"href":"https:\/\/allasorias.hu\/hirek\/wp-json\/wp\/v2\/categories?post=4497"},{"taxonomy":"post_tag","embeddable":true,"href":"https:\/\/allasorias.hu\/hirek\/wp-json\/wp\/v2\/tags?post=4497"}],"curies":[{"name":"wp","href":"https:\/\/api.w.org\/{rel}","templated":true}]}}