{"id":4491,"date":"2021-01-04T07:58:36","date_gmt":"2021-01-04T07:58:36","guid":{"rendered":"https:\/\/allasorias.hu\/hirek\/?p=4491"},"modified":"2021-01-04T07:58:36","modified_gmt":"2021-01-04T07:58:36","slug":"az-uj-ev-nyero-allasai","status":"publish","type":"post","link":"https:\/\/allasorias.hu\/hirek\/az-uj-ev-nyero-allasai\/","title":{"rendered":"Az \u00faj \u00e9v nyer\u0151 \u00e1ll\u00e1sai"},"content":{"rendered":"<p><strong>A koronav\u00edrus vil\u00e1gj\u00e1rv\u00e1ny \u00f3ri\u00e1si k\u00e1rokat okozott minden orsz\u00e1gban a gazdas\u00e1gban, a k\u00e1rokat egyel\u0151re csak becs\u00fclni lehet. A munkaer\u0151piac is \u00e1trendez\u0151d\u00f6tt \u00e9s \u00e1trendez\u0151d\u00e9s alatt \u00e1ll. Nagyon sokan \u00a0vesztett\u00e9k el \u00e1ll\u00e1sukat, emellett viszonyt igencsak megn\u0151tt az ig\u00e9ny m\u00e1s munkak\u00f6r\u00f6kre. Megn\u0151tt a kereslet a felh\u0151alap\u00fa szolg\u00e1ltat\u00e1sokhoz kapcsol\u00f3d\u00f3 munkak\u00f6r\u00f6kre.<\/strong><\/p>\n<p>A Hays \u00e1ll\u00e1sk\u00f6zvet\u00edt\u0151 c\u00e9g most megvizsg\u00e1lta, hogy melyek lehetnek azok az \u00e1ll\u00e1sok, amikre a legnagyobb kereslet ny\u00edlhat 2021-ben, merre \u00e9rdemes kacsintgatni azoknak, akik \u00faj helyen pr\u00f3b\u00e1ln\u00e1nak meg elhelyezkedni. A legnagyobb kereslet a j\u00e1rv\u00e1ny kit\u00f6r\u00e9se \u00f3ta a felh\u0151alap\u00fa szolg\u00e1ltat\u00e1sokhoz kapcsol\u00f3d\u00f3 munkak\u00f6r\u00f6kre mutatkozott, ezen a t\u00e9ren 400 sz\u00e1zal\u00e9kos kereslet emelked\u00e9st figyeltek meg a szak\u00e9rt\u0151k. Ezt a kiberbiztons\u00e1gi szak\u00e9rt\u0151i \u00e1ll\u00e1sok k\u00f6vett\u00e9k, ami egy\u00e1ltal\u00e1n nem csoda, hiszen a t\u00e1vmunka miatt a c\u00e9geknek egyre nagyobb hangs\u00falyt kell fektetni\u00fck arra, hogy bebiztos\u00edts\u00e1k magukat a t\u00e1mad\u00f3k, hackerek ellen &#8211; f\u0151leg \u00fagy, hogy az eszk\u00f6zeik nem egy irod\u00e1ban, hanem a home office-okban sz\u00e9tsz\u00f3rva m\u0171k\u00f6dtek, \u00e9s a bels\u0151 c\u00e9ges h\u00e1l\u00f3zatot, csoportmunk\u00e1t \u00e9s minden egyebet is teljesen \u00faj, sz\u00e9lesebb form\u00e1ban kellett megval\u00f3s\u00edtaniuk. Ez pedig tonn\u00e1nyi \u00faj s\u00e9r\u00fcl\u00e9kenys\u00e9get \u00e9s vesz\u00e9lyt hordozott. Megn\u00f6vekedett a kereslet az adatelemz\u0151kre \u00e9s adatkutat\u00f3 tud\u00f3sokra is; r\u00e1juk legink\u00e1bb az \u00e1llamigazgat\u00e1sban \u00e9s az eg\u00e9szs\u00e9g\u00fcgy ter\u00fcletein van sz\u00fcks\u00e9g, hogy seg\u00edtsenek sz\u00e1mszer\u0171s\u00edteni \u00e9s feldolgozni a Covid19-r\u0151l be\u00e9rkez\u0151 adatokat, valamint persze minden egy\u00e9b k\u00f6zvetett inform\u00e1ci\u00f3t. Emellett persze ahogy kor\u00e1bban, \u00fagy tov\u00e1bbra is hatalmas az ig\u00e9ny a szoftverfejleszt\u0151kre, teh\u00e1t aki ezen a ter\u00fcleten dolgozik, az val\u00f3sz\u00edn\u0171leg nem v\u00e1lik munkan\u00e9lk\u00fcliv\u00e9 egyhamar. &#8222;A legt\u00f6bb szervezet elkezdett \u00e1t\u00e1llni egy hibrid, vagy hibrid-szer\u0171 munkam\u00f3dszerre, teh\u00e1t olyan embereket keresnek, akik el\u0151seg\u00edthetik az \u00e1t\u00e1ll\u00e1st. Emellett olyan szoftverfejleszt\u0151kre is sz\u00fcks\u00e9g van, akik k\u00e9pesek az ehhez sz\u00fcks\u00e9ges alkalmaz\u00e1sok megalkot\u00e1s\u00e1ra.&#8221; &#8211; \u00edrja a Hays. Azzal, hogy a koronav\u00edrussal sokkal jelent\u0151sebb szerep ker\u00fclt a t\u00e1vmunk\u00e1ra, sokan kezdtek el \u00e1ll\u00e1s ut\u00e1n n\u00e9zni, akinek ez a flexibilis munkarend jobban lehet\u0151v\u00e9 tette a munkav\u00e1llal\u00e1st. A c\u00e9g elmond\u00e1sa szerint sok olyan ember ker\u00fcl most a munkaer\u0151piacra, akik egy\u00e9b k\u00f6teless\u00e9geik (p\u00e9ld\u00e1ul gyerekv\u00e1llal\u00e1s vagy fizikai szint\u0171 cs\u00f6kkent munkak\u00e9pess\u00e9g) miatt nem engedhettek meg maguknak, egy hagyom\u00e1nyos, &#8222;bej\u00e1r\u00f3s&#8221; \u00e1ll\u00e1st. Az pedig m\u00e1r most l\u00e1tszik, hogy ugyan a j\u00e1rv\u00e1nyt es\u00e9lyesen v\u00e9gre megf\u00e9kezik majd a vakcin\u00e1k, de a c\u00e9gek m\u00e1r megtapasztalt\u00e1k az \u00faj t\u00edpus\u00fa munkav\u00e9gz\u00e9s el\u0151nyeit, \u00e9s sokan tov\u00e1bbra is haszn\u00e1lni szeretn\u00e9k a 2020-ban ebvezetett m\u00f3dszereket.<\/p>\n<p>Forr\u00e1s: computerworld.hu<\/p>\n","protected":false},"excerpt":{"rendered":"<p>A koronav\u00edrus vil\u00e1gj\u00e1rv\u00e1ny \u00f3ri\u00e1si k\u00e1rokat okozott minden orsz\u00e1gban a gazdas\u00e1gban, a k\u00e1rokat egyel\u0151re csak becs\u00fclni lehet. A munkaer\u0151piac is \u00e1trendez\u0151d\u00f6tt \u00e9s \u00e1trendez\u0151d\u00e9s alatt \u00e1ll. Nagyon sokan \u00a0vesztett\u00e9k el \u00e1ll\u00e1sukat, emellett viszonyt igencsak megn\u0151tt az ig\u00e9ny m\u00e1s munkak\u00f6r\u00f6kre. Megn\u0151tt a kereslet a felh\u0151alap\u00fa szolg\u00e1ltat\u00e1sokhoz kapcsol\u00f3d\u00f3 munkak\u00f6r\u00f6kre. A Hays \u00e1ll\u00e1sk\u00f6zvet\u00edt\u0151 c\u00e9g most megvizsg\u00e1lta, hogy melyek lehetnek azok [&hellip;]<\/p>\n","protected":false},"author":1,"featured_media":4492,"comment_status":"open","ping_status":"open","sticky":false,"template":"","format":"standard","meta":{"_monsterinsights_skip_tracking":false,"footnotes":""},"categories":[200],"tags":[],"class_list":["post-4491","post","type-post","status-publish","format-standard","has-post-thumbnail","hentry","category-munkaeropiac"],"aioseo_notices":[],"aioseo_head":"\n\t\t<!-- All in One SEO 5.0.0.1 - aioseo.com -->\n\t<meta name=\"description\" content=\"A koronav\u00edrus vil\u00e1gj\u00e1rv\u00e1ny \u00f3ri\u00e1si k\u00e1rokat okozott minden orsz\u00e1gban a gazdas\u00e1gban, a k\u00e1rokat egyel\u0151re csak becs\u00fclni lehet. A munkaer\u0151piac is \u00e1trendez\u0151d\u00f6tt \u00e9s \u00e1trendez\u0151d\u00e9s alatt \u00e1ll. Nagyon sokan vesztett\u00e9k el \u00e1ll\u00e1sukat, emellett viszonyt igencsak megn\u0151tt az ig\u00e9ny m\u00e1s munkak\u00f6r\u00f6kre. Megn\u0151tt a kereslet a felh\u0151alap\u00fa szolg\u00e1ltat\u00e1sokhoz kapcsol\u00f3d\u00f3 munkak\u00f6r\u00f6kre. A Hays \u00e1ll\u00e1sk\u00f6zvet\u00edt\u0151 c\u00e9g most megvizsg\u00e1lta, hogy melyek lehetnek azok\" \/>\n\t<meta name=\"robots\" content=\"max-image-preview:large\" \/>\n\t<meta name=\"author\" content=\"Juh\u00e1sz P\u00e9ter\"\/>\n\t<link rel=\"canonical\" href=\"https:\/\/allasorias.hu\/hirek\/az-uj-ev-nyero-allasai\/\" \/>\n\t<meta name=\"generator\" content=\"All in One SEO (AIOSEO) 5.0.0.1\" \/>\n\t\t<meta property=\"og:locale\" content=\"hu_HU\" \/>\n\t\t<meta property=\"og:site_name\" content=\"AllasOrias.hu | H\u00edrek-lapszemle | \u00dczleti h\u00edrek az \u00e1ll\u00e1s \u00e9s a munka vil\u00e1g\u00e1b\u00f3l\" \/>\n\t\t<meta property=\"og:type\" content=\"article\" \/>\n\t\t<meta property=\"og:title\" content=\"Az \u00faj \u00e9v nyer\u0151 \u00e1ll\u00e1sai | AllasOrias.hu | H\u00edrek-lapszemle\" \/>\n\t\t<meta property=\"og:description\" content=\"A koronav\u00edrus vil\u00e1gj\u00e1rv\u00e1ny \u00f3ri\u00e1si k\u00e1rokat okozott minden orsz\u00e1gban a gazdas\u00e1gban, a k\u00e1rokat egyel\u0151re csak becs\u00fclni lehet. A munkaer\u0151piac is \u00e1trendez\u0151d\u00f6tt \u00e9s \u00e1trendez\u0151d\u00e9s alatt \u00e1ll. Nagyon sokan vesztett\u00e9k el \u00e1ll\u00e1sukat, emellett viszonyt igencsak megn\u0151tt az ig\u00e9ny m\u00e1s munkak\u00f6r\u00f6kre. Megn\u0151tt a kereslet a felh\u0151alap\u00fa szolg\u00e1ltat\u00e1sokhoz kapcsol\u00f3d\u00f3 munkak\u00f6r\u00f6kre. A Hays \u00e1ll\u00e1sk\u00f6zvet\u00edt\u0151 c\u00e9g most megvizsg\u00e1lta, hogy melyek lehetnek azok\" \/>\n\t\t<meta property=\"og:url\" content=\"https:\/\/allasorias.hu\/hirek\/az-uj-ev-nyero-allasai\/\" \/>\n\t\t<meta property=\"og:image\" content=\"https:\/\/allasorias.hu\/hirek\/wp-content\/uploads\/2021\/01\/numbers-2021-hand-pastel-blue-background-new-year.jpg\" \/>\n\t\t<meta property=\"og:image:secure_url\" content=\"https:\/\/allasorias.hu\/hirek\/wp-content\/uploads\/2021\/01\/numbers-2021-hand-pastel-blue-background-new-year.jpg\" \/>\n\t\t<meta property=\"og:image:width\" content=\"1920\" \/>\n\t\t<meta property=\"og:image:height\" content=\"1280\" \/>\n\t\t<meta property=\"article:published_time\" content=\"2021-01-04T07:58:36+00:00\" \/>\n\t\t<meta property=\"article:modified_time\" content=\"2021-01-04T07:58:36+00:00\" \/>\n\t\t<meta property=\"article:publisher\" content=\"https:\/\/www.facebook.com\/allasorias\" \/>\n\t\t<meta name=\"twitter:card\" content=\"summary_large_image\" \/>\n\t\t<meta name=\"twitter:title\" content=\"Az \u00faj \u00e9v nyer\u0151 \u00e1ll\u00e1sai | AllasOrias.hu | H\u00edrek-lapszemle\" \/>\n\t\t<meta name=\"twitter:description\" content=\"A koronav\u00edrus vil\u00e1gj\u00e1rv\u00e1ny \u00f3ri\u00e1si k\u00e1rokat okozott minden orsz\u00e1gban a gazdas\u00e1gban, a k\u00e1rokat egyel\u0151re csak becs\u00fclni lehet. A munkaer\u0151piac is \u00e1trendez\u0151d\u00f6tt \u00e9s \u00e1trendez\u0151d\u00e9s alatt \u00e1ll. Nagyon sokan vesztett\u00e9k el \u00e1ll\u00e1sukat, emellett viszonyt igencsak megn\u0151tt az ig\u00e9ny m\u00e1s munkak\u00f6r\u00f6kre. Megn\u0151tt a kereslet a felh\u0151alap\u00fa szolg\u00e1ltat\u00e1sokhoz kapcsol\u00f3d\u00f3 munkak\u00f6r\u00f6kre. A Hays \u00e1ll\u00e1sk\u00f6zvet\u00edt\u0151 c\u00e9g most megvizsg\u00e1lta, hogy melyek lehetnek azok\" \/>\n\t\t<meta name=\"twitter:image\" content=\"https:\/\/allasorias.hu\/hirek\/wp-content\/uploads\/2021\/01\/numbers-2021-hand-pastel-blue-background-new-year.jpg\" \/>\n\t\t<meta name=\"twitter:label1\" content=\"Written by\" \/>\n\t\t<meta name=\"twitter:data1\" content=\"Juh\u00e1sz P\u00e9ter\" \/>\n\t\t<meta name=\"twitter:label2\" content=\"Est. reading time\" \/>\n\t\t<meta name=\"twitter:data2\" content=\"3 minutes\" \/>\n\t\t<script type=\"application\/ld+json\" class=\"aioseo-schema\">\n\t\t\t{\"@context\":\"https:\\\/\\\/schema.org\",\"@graph\":[{\"@type\":\"Article\",\"@id\":\"https:\\\/\\\/allasorias.hu\\\/hirek\\\/az-uj-ev-nyero-allasai\\\/#article\",\"name\":\"Az \\u00faj \\u00e9v nyer\\u0151 \\u00e1ll\\u00e1sai | AllasOrias.hu | H\\u00edrek-lapszemle\",\"headline\":\"Az \\u00faj \\u00e9v nyer\\u0151 \\u00e1ll\\u00e1sai\",\"author\":{\"@id\":\"https:\\\/\\\/allasorias.hu\\\/hirek\\\/author\\\/admin-allasorias\\\/#author\"},\"publisher\":{\"@id\":\"https:\\\/\\\/allasorias.hu\\\/hirek\\\/#organization\"},\"image\":{\"@type\":\"ImageObject\",\"url\":\"https:\\\/\\\/allasorias.hu\\\/hirek\\\/wp-content\\\/uploads\\\/2021\\\/01\\\/numbers-2021-hand-pastel-blue-background-new-year.jpg\",\"width\":1920,\"height\":1280,\"caption\":\"Flat lay Numbers 2021 and hand on pastel blue  background for Christmas or New Year\"},\"datePublished\":\"2021-01-04T07:58:36+02:00\",\"dateModified\":\"2021-01-04T07:58:36+02:00\",\"inLanguage\":\"hu-HU\",\"mainEntityOfPage\":{\"@id\":\"https:\\\/\\\/allasorias.hu\\\/hirek\\\/az-uj-ev-nyero-allasai\\\/#webpage\"},\"isPartOf\":{\"@id\":\"https:\\\/\\\/allasorias.hu\\\/hirek\\\/az-uj-ev-nyero-allasai\\\/#webpage\"},\"articleSection\":\"Munkaer\\u0151piac\"},{\"@type\":\"BreadcrumbList\",\"@id\":\"https:\\\/\\\/allasorias.hu\\\/hirek\\\/az-uj-ev-nyero-allasai\\\/#breadcrumblist\",\"itemListElement\":[{\"@type\":\"ListItem\",\"@id\":\"https:\\\/\\\/allasorias.hu\\\/hirek#listItem\",\"position\":1,\"name\":\"Home\",\"item\":\"https:\\\/\\\/allasorias.hu\\\/hirek\",\"nextItem\":{\"@type\":\"ListItem\",\"@id\":\"https:\\\/\\\/allasorias.hu\\\/hirek\\\/temak\\\/munkaeropiac\\\/#listItem\",\"name\":\"Munkaer\\u0151piac\"}},{\"@type\":\"ListItem\",\"@id\":\"https:\\\/\\\/allasorias.hu\\\/hirek\\\/temak\\\/munkaeropiac\\\/#listItem\",\"position\":2,\"name\":\"Munkaer\\u0151piac\",\"item\":\"https:\\\/\\\/allasorias.hu\\\/hirek\\\/temak\\\/munkaeropiac\\\/\",\"nextItem\":{\"@type\":\"ListItem\",\"@id\":\"https:\\\/\\\/allasorias.hu\\\/hirek\\\/az-uj-ev-nyero-allasai\\\/#listItem\",\"name\":\"Az \\u00faj \\u00e9v nyer\\u0151 \\u00e1ll\\u00e1sai\"},\"previousItem\":{\"@type\":\"ListItem\",\"@id\":\"https:\\\/\\\/allasorias.hu\\\/hirek#listItem\",\"name\":\"Home\"}},{\"@type\":\"ListItem\",\"@id\":\"https:\\\/\\\/allasorias.hu\\\/hirek\\\/az-uj-ev-nyero-allasai\\\/#listItem\",\"position\":3,\"name\":\"Az \\u00faj \\u00e9v nyer\\u0151 \\u00e1ll\\u00e1sai\",\"previousItem\":{\"@type\":\"ListItem\",\"@id\":\"https:\\\/\\\/allasorias.hu\\\/hirek\\\/temak\\\/munkaeropiac\\\/#listItem\",\"name\":\"Munkaer\\u0151piac\"}}]},{\"@type\":\"Organization\",\"@id\":\"https:\\\/\\\/allasorias.hu\\\/hirek\\\/#organization\",\"name\":\"AllasOrias.hu | H\\u00edrek-lapszemle\",\"description\":\"\\u00dczleti h\\u00edrek az \\u00e1ll\\u00e1s \\u00e9s a munka vil\\u00e1g\\u00e1b\\u00f3l\",\"url\":\"https:\\\/\\\/allasorias.hu\\\/hirek\\\/\",\"logo\":{\"@type\":\"ImageObject\",\"url\":\"https:\\\/\\\/allasorias.hu\\\/hirek\\\/wp-content\\\/uploads\\\/2022\\\/10\\\/allasorias_site_facebok_logo.png\",\"@id\":\"https:\\\/\\\/allasorias.hu\\\/hirek\\\/az-uj-ev-nyero-allasai\\\/#organizationLogo\"},\"image\":{\"@id\":\"https:\\\/\\\/allasorias.hu\\\/hirek\\\/az-uj-ev-nyero-allasai\\\/#organizationLogo\"},\"sameAs\":[\"https:\\\/\\\/www.facebook.com\\\/allasorias\",\"https:\\\/\\\/www.linkedin.com\\\/company\\\/allasorias\"]},{\"@type\":\"Person\",\"@id\":\"https:\\\/\\\/allasorias.hu\\\/hirek\\\/author\\\/admin-allasorias\\\/#author\",\"url\":\"https:\\\/\\\/allasorias.hu\\\/hirek\\\/author\\\/admin-allasorias\\\/\",\"name\":\"Juh\\u00e1sz P\\u00e9ter\",\"image\":{\"@type\":\"ImageObject\",\"@id\":\"https:\\\/\\\/allasorias.hu\\\/hirek\\\/az-uj-ev-nyero-allasai\\\/#authorImage\",\"url\":\"https:\\\/\\\/secure.gravatar.com\\\/avatar\\\/36e6bcb83148978b992977cb0f54d22feb0cce8a0a849a9410532bb2623ba4c6?s=96&d=mm&r=g\",\"width\":96,\"height\":96,\"caption\":\"Juh\\u00e1sz P\\u00e9ter\"}},{\"@type\":\"WebPage\",\"@id\":\"https:\\\/\\\/allasorias.hu\\\/hirek\\\/az-uj-ev-nyero-allasai\\\/#webpage\",\"url\":\"https:\\\/\\\/allasorias.hu\\\/hirek\\\/az-uj-ev-nyero-allasai\\\/\",\"name\":\"Az \\u00faj \\u00e9v nyer\\u0151 \\u00e1ll\\u00e1sai | AllasOrias.hu | H\\u00edrek-lapszemle\",\"description\":\"A koronav\\u00edrus vil\\u00e1gj\\u00e1rv\\u00e1ny \\u00f3ri\\u00e1si k\\u00e1rokat okozott minden orsz\\u00e1gban a gazdas\\u00e1gban, a k\\u00e1rokat egyel\\u0151re csak becs\\u00fclni lehet. A munkaer\\u0151piac is \\u00e1trendez\\u0151d\\u00f6tt \\u00e9s \\u00e1trendez\\u0151d\\u00e9s alatt \\u00e1ll. Nagyon sokan vesztett\\u00e9k el \\u00e1ll\\u00e1sukat, emellett viszonyt igencsak megn\\u0151tt az ig\\u00e9ny m\\u00e1s munkak\\u00f6r\\u00f6kre. Megn\\u0151tt a kereslet a felh\\u0151alap\\u00fa szolg\\u00e1ltat\\u00e1sokhoz kapcsol\\u00f3d\\u00f3 munkak\\u00f6r\\u00f6kre. A Hays \\u00e1ll\\u00e1sk\\u00f6zvet\\u00edt\\u0151 c\\u00e9g most megvizsg\\u00e1lta, hogy melyek lehetnek azok\",\"inLanguage\":\"hu-HU\",\"isPartOf\":{\"@id\":\"https:\\\/\\\/allasorias.hu\\\/hirek\\\/#website\"},\"breadcrumb\":{\"@id\":\"https:\\\/\\\/allasorias.hu\\\/hirek\\\/az-uj-ev-nyero-allasai\\\/#breadcrumblist\"},\"author\":{\"@id\":\"https:\\\/\\\/allasorias.hu\\\/hirek\\\/author\\\/admin-allasorias\\\/#author\"},\"creator\":{\"@id\":\"https:\\\/\\\/allasorias.hu\\\/hirek\\\/author\\\/admin-allasorias\\\/#author\"},\"image\":{\"@type\":\"ImageObject\",\"url\":\"https:\\\/\\\/allasorias.hu\\\/hirek\\\/wp-content\\\/uploads\\\/2021\\\/01\\\/numbers-2021-hand-pastel-blue-background-new-year.jpg\",\"@id\":\"https:\\\/\\\/allasorias.hu\\\/hirek\\\/az-uj-ev-nyero-allasai\\\/#mainImage\",\"width\":1920,\"height\":1280,\"caption\":\"Flat lay Numbers 2021 and hand on pastel blue  background for Christmas or New Year\"},\"primaryImageOfPage\":{\"@id\":\"https:\\\/\\\/allasorias.hu\\\/hirek\\\/az-uj-ev-nyero-allasai\\\/#mainImage\"},\"datePublished\":\"2021-01-04T07:58:36+02:00\",\"dateModified\":\"2021-01-04T07:58:36+02:00\"},{\"@type\":\"WebSite\",\"@id\":\"https:\\\/\\\/allasorias.hu\\\/hirek\\\/#website\",\"url\":\"https:\\\/\\\/allasorias.hu\\\/hirek\\\/\",\"name\":\"AllasOrias.hu | H\\u00edrek-lapszemle\",\"description\":\"\\u00dczleti h\\u00edrek az \\u00e1ll\\u00e1s \\u00e9s a munka vil\\u00e1g\\u00e1b\\u00f3l\",\"inLanguage\":\"hu-HU\",\"publisher\":{\"@id\":\"https:\\\/\\\/allasorias.hu\\\/hirek\\\/#organization\"}}]}\n\t\t<\/script>\n\t\t<!-- All in One SEO -->\n\n","aioseo_head_json":{"title":"Az \u00faj \u00e9v nyer\u0151 \u00e1ll\u00e1sai | AllasOrias.hu | H\u00edrek-lapszemle","description":"A koronav\u00edrus vil\u00e1gj\u00e1rv\u00e1ny \u00f3ri\u00e1si k\u00e1rokat okozott minden orsz\u00e1gban a gazdas\u00e1gban, a k\u00e1rokat egyel\u0151re csak becs\u00fclni lehet. A munkaer\u0151piac is \u00e1trendez\u0151d\u00f6tt \u00e9s \u00e1trendez\u0151d\u00e9s alatt \u00e1ll. Nagyon sokan vesztett\u00e9k el \u00e1ll\u00e1sukat, emellett viszonyt igencsak megn\u0151tt az ig\u00e9ny m\u00e1s munkak\u00f6r\u00f6kre. Megn\u0151tt a kereslet a felh\u0151alap\u00fa szolg\u00e1ltat\u00e1sokhoz kapcsol\u00f3d\u00f3 munkak\u00f6r\u00f6kre. A Hays \u00e1ll\u00e1sk\u00f6zvet\u00edt\u0151 c\u00e9g most megvizsg\u00e1lta, hogy melyek lehetnek azok","canonical_url":"https:\/\/allasorias.hu\/hirek\/az-uj-ev-nyero-allasai\/","robots":"max-image-preview:large","keywords":"","webmasterTools":{"miscellaneous":""},"schema":{"@context":"https:\/\/schema.org","@graph":[{"@type":"Article","@id":"https:\/\/allasorias.hu\/hirek\/az-uj-ev-nyero-allasai\/#article","name":"Az \u00faj \u00e9v nyer\u0151 \u00e1ll\u00e1sai | AllasOrias.hu | H\u00edrek-lapszemle","headline":"Az \u00faj \u00e9v nyer\u0151 \u00e1ll\u00e1sai","author":{"@id":"https:\/\/allasorias.hu\/hirek\/author\/admin-allasorias\/#author"},"publisher":{"@id":"https:\/\/allasorias.hu\/hirek\/#organization"},"image":{"@type":"ImageObject","url":"https:\/\/allasorias.hu\/hirek\/wp-content\/uploads\/2021\/01\/numbers-2021-hand-pastel-blue-background-new-year.jpg","width":1920,"height":1280,"caption":"Flat lay Numbers 2021 and hand on pastel blue  background for Christmas or New Year"},"datePublished":"2021-01-04T07:58:36+02:00","dateModified":"2021-01-04T07:58:36+02:00","inLanguage":"hu-HU","mainEntityOfPage":{"@id":"https:\/\/allasorias.hu\/hirek\/az-uj-ev-nyero-allasai\/#webpage"},"isPartOf":{"@id":"https:\/\/allasorias.hu\/hirek\/az-uj-ev-nyero-allasai\/#webpage"},"articleSection":"Munkaer\u0151piac"},{"@type":"BreadcrumbList","@id":"https:\/\/allasorias.hu\/hirek\/az-uj-ev-nyero-allasai\/#breadcrumblist","itemListElement":[{"@type":"ListItem","@id":"https:\/\/allasorias.hu\/hirek#listItem","position":1,"name":"Home","item":"https:\/\/allasorias.hu\/hirek","nextItem":{"@type":"ListItem","@id":"https:\/\/allasorias.hu\/hirek\/temak\/munkaeropiac\/#listItem","name":"Munkaer\u0151piac"}},{"@type":"ListItem","@id":"https:\/\/allasorias.hu\/hirek\/temak\/munkaeropiac\/#listItem","position":2,"name":"Munkaer\u0151piac","item":"https:\/\/allasorias.hu\/hirek\/temak\/munkaeropiac\/","nextItem":{"@type":"ListItem","@id":"https:\/\/allasorias.hu\/hirek\/az-uj-ev-nyero-allasai\/#listItem","name":"Az \u00faj \u00e9v nyer\u0151 \u00e1ll\u00e1sai"},"previousItem":{"@type":"ListItem","@id":"https:\/\/allasorias.hu\/hirek#listItem","name":"Home"}},{"@type":"ListItem","@id":"https:\/\/allasorias.hu\/hirek\/az-uj-ev-nyero-allasai\/#listItem","position":3,"name":"Az \u00faj \u00e9v nyer\u0151 \u00e1ll\u00e1sai","previousItem":{"@type":"ListItem","@id":"https:\/\/allasorias.hu\/hirek\/temak\/munkaeropiac\/#listItem","name":"Munkaer\u0151piac"}}]},{"@type":"Organization","@id":"https:\/\/allasorias.hu\/hirek\/#organization","name":"AllasOrias.hu | H\u00edrek-lapszemle","description":"\u00dczleti h\u00edrek az \u00e1ll\u00e1s \u00e9s a munka vil\u00e1g\u00e1b\u00f3l","url":"https:\/\/allasorias.hu\/hirek\/","logo":{"@type":"ImageObject","url":"https:\/\/allasorias.hu\/hirek\/wp-content\/uploads\/2022\/10\/allasorias_site_facebok_logo.png","@id":"https:\/\/allasorias.hu\/hirek\/az-uj-ev-nyero-allasai\/#organizationLogo"},"image":{"@id":"https:\/\/allasorias.hu\/hirek\/az-uj-ev-nyero-allasai\/#organizationLogo"},"sameAs":["https:\/\/www.facebook.com\/allasorias","https:\/\/www.linkedin.com\/company\/allasorias"]},{"@type":"Person","@id":"https:\/\/allasorias.hu\/hirek\/author\/admin-allasorias\/#author","url":"https:\/\/allasorias.hu\/hirek\/author\/admin-allasorias\/","name":"Juh\u00e1sz P\u00e9ter","image":{"@type":"ImageObject","@id":"https:\/\/allasorias.hu\/hirek\/az-uj-ev-nyero-allasai\/#authorImage","url":"https:\/\/secure.gravatar.com\/avatar\/36e6bcb83148978b992977cb0f54d22feb0cce8a0a849a9410532bb2623ba4c6?s=96&d=mm&r=g","width":96,"height":96,"caption":"Juh\u00e1sz P\u00e9ter"}},{"@type":"WebPage","@id":"https:\/\/allasorias.hu\/hirek\/az-uj-ev-nyero-allasai\/#webpage","url":"https:\/\/allasorias.hu\/hirek\/az-uj-ev-nyero-allasai\/","name":"Az \u00faj \u00e9v nyer\u0151 \u00e1ll\u00e1sai | AllasOrias.hu | H\u00edrek-lapszemle","description":"A koronav\u00edrus vil\u00e1gj\u00e1rv\u00e1ny \u00f3ri\u00e1si k\u00e1rokat okozott minden orsz\u00e1gban a gazdas\u00e1gban, a k\u00e1rokat egyel\u0151re csak becs\u00fclni lehet. A munkaer\u0151piac is \u00e1trendez\u0151d\u00f6tt \u00e9s \u00e1trendez\u0151d\u00e9s alatt \u00e1ll. Nagyon sokan vesztett\u00e9k el \u00e1ll\u00e1sukat, emellett viszonyt igencsak megn\u0151tt az ig\u00e9ny m\u00e1s munkak\u00f6r\u00f6kre. Megn\u0151tt a kereslet a felh\u0151alap\u00fa szolg\u00e1ltat\u00e1sokhoz kapcsol\u00f3d\u00f3 munkak\u00f6r\u00f6kre. A Hays \u00e1ll\u00e1sk\u00f6zvet\u00edt\u0151 c\u00e9g most megvizsg\u00e1lta, hogy melyek lehetnek azok","inLanguage":"hu-HU","isPartOf":{"@id":"https:\/\/allasorias.hu\/hirek\/#website"},"breadcrumb":{"@id":"https:\/\/allasorias.hu\/hirek\/az-uj-ev-nyero-allasai\/#breadcrumblist"},"author":{"@id":"https:\/\/allasorias.hu\/hirek\/author\/admin-allasorias\/#author"},"creator":{"@id":"https:\/\/allasorias.hu\/hirek\/author\/admin-allasorias\/#author"},"image":{"@type":"ImageObject","url":"https:\/\/allasorias.hu\/hirek\/wp-content\/uploads\/2021\/01\/numbers-2021-hand-pastel-blue-background-new-year.jpg","@id":"https:\/\/allasorias.hu\/hirek\/az-uj-ev-nyero-allasai\/#mainImage","width":1920,"height":1280,"caption":"Flat lay Numbers 2021 and hand on pastel blue  background for Christmas or New Year"},"primaryImageOfPage":{"@id":"https:\/\/allasorias.hu\/hirek\/az-uj-ev-nyero-allasai\/#mainImage"},"datePublished":"2021-01-04T07:58:36+02:00","dateModified":"2021-01-04T07:58:36+02:00"},{"@type":"WebSite","@id":"https:\/\/allasorias.hu\/hirek\/#website","url":"https:\/\/allasorias.hu\/hirek\/","name":"AllasOrias.hu | H\u00edrek-lapszemle","description":"\u00dczleti h\u00edrek az \u00e1ll\u00e1s \u00e9s a munka vil\u00e1g\u00e1b\u00f3l","inLanguage":"hu-HU","publisher":{"@id":"https:\/\/allasorias.hu\/hirek\/#organization"}}]},"og:locale":"hu_HU","og:site_name":"AllasOrias.hu | H\u00edrek-lapszemle | \u00dczleti h\u00edrek az \u00e1ll\u00e1s \u00e9s a munka vil\u00e1g\u00e1b\u00f3l","og:type":"article","og:title":"Az \u00faj \u00e9v nyer\u0151 \u00e1ll\u00e1sai | AllasOrias.hu | H\u00edrek-lapszemle","og:description":"A koronav\u00edrus vil\u00e1gj\u00e1rv\u00e1ny \u00f3ri\u00e1si k\u00e1rokat okozott minden orsz\u00e1gban a gazdas\u00e1gban, a k\u00e1rokat egyel\u0151re csak becs\u00fclni lehet. A munkaer\u0151piac is \u00e1trendez\u0151d\u00f6tt \u00e9s \u00e1trendez\u0151d\u00e9s alatt \u00e1ll. Nagyon sokan vesztett\u00e9k el \u00e1ll\u00e1sukat, emellett viszonyt igencsak megn\u0151tt az ig\u00e9ny m\u00e1s munkak\u00f6r\u00f6kre. Megn\u0151tt a kereslet a felh\u0151alap\u00fa szolg\u00e1ltat\u00e1sokhoz kapcsol\u00f3d\u00f3 munkak\u00f6r\u00f6kre. A Hays \u00e1ll\u00e1sk\u00f6zvet\u00edt\u0151 c\u00e9g most megvizsg\u00e1lta, hogy melyek lehetnek azok","og:url":"https:\/\/allasorias.hu\/hirek\/az-uj-ev-nyero-allasai\/","og:image":"https:\/\/allasorias.hu\/hirek\/wp-content\/uploads\/2021\/01\/numbers-2021-hand-pastel-blue-background-new-year.jpg","og:image:secure_url":"https:\/\/allasorias.hu\/hirek\/wp-content\/uploads\/2021\/01\/numbers-2021-hand-pastel-blue-background-new-year.jpg","og:image:width":1920,"og:image:height":1280,"article:published_time":"2021-01-04T07:58:36+00:00","article:modified_time":"2021-01-04T07:58:36+00:00","article:publisher":"https:\/\/www.facebook.com\/allasorias","twitter:card":"summary_large_image","twitter:title":"Az \u00faj \u00e9v nyer\u0151 \u00e1ll\u00e1sai | AllasOrias.hu | H\u00edrek-lapszemle","twitter:description":"A koronav\u00edrus vil\u00e1gj\u00e1rv\u00e1ny \u00f3ri\u00e1si k\u00e1rokat okozott minden orsz\u00e1gban a gazdas\u00e1gban, a k\u00e1rokat egyel\u0151re csak becs\u00fclni lehet. A munkaer\u0151piac is \u00e1trendez\u0151d\u00f6tt \u00e9s \u00e1trendez\u0151d\u00e9s alatt \u00e1ll. Nagyon sokan vesztett\u00e9k el \u00e1ll\u00e1sukat, emellett viszonyt igencsak megn\u0151tt az ig\u00e9ny m\u00e1s munkak\u00f6r\u00f6kre. Megn\u0151tt a kereslet a felh\u0151alap\u00fa szolg\u00e1ltat\u00e1sokhoz kapcsol\u00f3d\u00f3 munkak\u00f6r\u00f6kre. A Hays \u00e1ll\u00e1sk\u00f6zvet\u00edt\u0151 c\u00e9g most megvizsg\u00e1lta, hogy melyek lehetnek azok","twitter:image":"https:\/\/allasorias.hu\/hirek\/wp-content\/uploads\/2021\/01\/numbers-2021-hand-pastel-blue-background-new-year.jpg","twitter:label1":"Written by","twitter:data1":"Juh\u00e1sz P\u00e9ter","twitter:label2":"Est. reading time","twitter:data2":"3 minutes"},"aioseo_meta_data":{"post_id":"4491","title":null,"description":"","keywords":"","keyphrases":null,"primary_term":null,"canonical_url":"","og_title":null,"og_description":null,"og_object_type":"default","og_image_type":"default","og_image_url":null,"og_image_width":null,"og_image_height":null,"og_image_custom_url":null,"og_image_custom_fields":null,"og_video":null,"og_custom_url":null,"og_article_section":null,"og_article_tags":null,"twitter_use_og":false,"twitter_card":"default","twitter_image_type":"default","twitter_image_url":null,"twitter_image_custom_url":null,"twitter_image_custom_fields":null,"twitter_title":null,"twitter_description":null,"schema":{"blockGraphs":[],"customGraphs":[],"default":{"data":{"Article":[],"Course":[],"Dataset":[],"FAQPage":[],"Movie":[],"Person":[],"Product":[],"ProductReview":[],"Car":[],"Recipe":[],"Service":[],"SoftwareApplication":[],"WebPage":[]},"graphName":"","isEnabled":true},"graphs":[],"defaultGraph":"","defaultPostTypeGraph":""},"schema_type":null,"schema_type_options":null,"pillar_content":false,"robots_default":true,"robots_noindex":false,"robots_noarchive":false,"robots_nosnippet":false,"robots_nofollow":false,"robots_noimageindex":false,"robots_noodp":false,"robots_notranslate":false,"robots_max_snippet":null,"robots_max_videopreview":null,"robots_max_imagepreview":"large","priority":null,"frequency":null,"location":null,"local_seo":null,"breadcrumb_settings":null,"limit_modified_date":false,"ai":null,"created":"2021-02-01 20:44:29","updated":"2025-10-02 15:10:23","seo_analyzer_scan_date":null,"focus_keyword":null,"additional_keywords":null,"truseo_locale":null},"aioseo_breadcrumb":"<div class=\"aioseo-breadcrumbs\"><span class=\"aioseo-breadcrumb\">\n\t\t\t<a href=\"https:\/\/allasorias.hu\/hirek\" title=\"Home\">Home<\/a>\n\t\t<\/span><span class=\"aioseo-breadcrumb-separator\">&raquo;<\/span><span class=\"aioseo-breadcrumb\">\n\t\t\t<a href=\"https:\/\/allasorias.hu\/hirek\/temak\/munkaeropiac\/\" title=\"Munkaer\u0151piac\">Munkaer\u0151piac<\/a>\n\t\t<\/span><span class=\"aioseo-breadcrumb-separator\">&raquo;<\/span><span class=\"aioseo-breadcrumb\">\n\t\t\tAz \u00faj \u00e9v nyer\u0151 \u00e1ll\u00e1sai\n\t\t<\/span><\/div>","aioseo_breadcrumb_json":[{"label":"Home","link":"https:\/\/allasorias.hu\/hirek"},{"label":"Munkaer\u0151piac","link":"https:\/\/allasorias.hu\/hirek\/temak\/munkaeropiac\/"},{"label":"Az \u00faj \u00e9v nyer\u0151 \u00e1ll\u00e1sai","link":"https:\/\/allasorias.hu\/hirek\/az-uj-ev-nyero-allasai\/"}],"_links":{"self":[{"href":"https:\/\/allasorias.hu\/hirek\/wp-json\/wp\/v2\/posts\/4491","targetHints":{"allow":["GET"]}}],"collection":[{"href":"https:\/\/allasorias.hu\/hirek\/wp-json\/wp\/v2\/posts"}],"about":[{"href":"https:\/\/allasorias.hu\/hirek\/wp-json\/wp\/v2\/types\/post"}],"author":[{"embeddable":true,"href":"https:\/\/allasorias.hu\/hirek\/wp-json\/wp\/v2\/users\/1"}],"replies":[{"embeddable":true,"href":"https:\/\/allasorias.hu\/hirek\/wp-json\/wp\/v2\/comments?post=4491"}],"version-history":[{"count":1,"href":"https:\/\/allasorias.hu\/hirek\/wp-json\/wp\/v2\/posts\/4491\/revisions"}],"predecessor-version":[{"id":4493,"href":"https:\/\/allasorias.hu\/hirek\/wp-json\/wp\/v2\/posts\/4491\/revisions\/4493"}],"wp:featuredmedia":[{"embeddable":true,"href":"https:\/\/allasorias.hu\/hirek\/wp-json\/wp\/v2\/media\/4492"}],"wp:attachment":[{"href":"https:\/\/allasorias.hu\/hirek\/wp-json\/wp\/v2\/media?parent=4491"}],"wp:term":[{"taxonomy":"category","embeddable":true,"href":"https:\/\/allasorias.hu\/hirek\/wp-json\/wp\/v2\/categories?post=4491"},{"taxonomy":"post_tag","embeddable":true,"href":"https:\/\/allasorias.hu\/hirek\/wp-json\/wp\/v2\/tags?post=4491"}],"curies":[{"name":"wp","href":"https:\/\/api.w.org\/{rel}","templated":true}]}}