{"id":4468,"date":"2020-12-23T12:15:08","date_gmt":"2020-12-23T12:15:08","guid":{"rendered":"https:\/\/allasorias.hu\/hirek\/?p=4468"},"modified":"2020-12-23T12:15:08","modified_gmt":"2020-12-23T12:15:08","slug":"fontos-lesz-jovore-a-vedooltas","status":"publish","type":"post","link":"https:\/\/allasorias.hu\/hirek\/fontos-lesz-jovore-a-vedooltas\/","title":{"rendered":"Fontos lesz j\u00f6v\u0151re a v\u00e9d\u0151olt\u00e1s"},"content":{"rendered":"<p><strong>Megn\u0151 a jelent\u0151s\u00e9ge, tekintettel a j\u00e1rv\u00e1nyra, az olt\u00e1sok igazol\u00e1s\u00e1nak. nagy val\u00f3sz\u00edn\u0171s\u00e9ggel j\u00f6v\u0151re t\u00f6bb szolg\u00e1ltat\u00e1st nem fognak tudni azok ig\u00e9nybe venni, akik nem rendelkeznek majd olt\u00e1ssal \u00e9s ennek igazol\u00e1s\u00e1val.<\/strong><\/p>\n<p>Guly\u00e1s Gergely kedden azt \u00edgy nyilatkozott: \u201cEg\u00e9szen biztosan lesznek ilyen szab\u00e1lyok, nemcsak Magyarorsz\u00e1gon, hanem Eur\u00f3p\u00e1ban minden\u00fctt, teh\u00e1t az olt\u00e1si k\u00f6nyv az \u00fatlev\u00e9l vagy a szem\u00e9lyi igazolv\u00e1ny mellett szerintem egy fontos okirat lesz majd a t\u00f6meges olt\u00e1st k\u00f6vet\u0151 h\u00f3napokban\u201d \u201cLehets\u00e9gesnek tartja-e a korm\u00e1ny, hogy lesz olyan szab\u00e1lyoz\u00e1s, amely k\u00fcl\u00f6nbs\u00e9get tesz az emberek k\u00f6z\u00f6tt aszerint, hogy beolttatt\u00e1k-e magukat a koronav\u00edrus elleni vakcin\u00e1val vagy sem? Lesz-e p\u00e9ld\u00e1ul vakcina\u00fatlev\u00e9l, vagy mondjuk egy mozi, sz\u00ednh\u00e1z, fesztiv\u00e1lszervez\u0151 kik\u00f6theti-e, hogy a rendezv\u00e9nyt csak beoltott ember l\u00e1togathatja? Esetleg a korl\u00e1toz\u00f3 szab\u00e1lyok al\u00f3l mentes\u00fclhetnek-e a beoltottak?\u201d Guly\u00e1s Gergely m\u00e9g hozz\u00e1tette: \u201cmajdnem biztos, hogy l\u00e9git\u00e1rsas\u00e1gok is fognak ilyen szab\u00e1lyokat el\u0151\u00edrni, Magyarorsz\u00e1gon \u00e9s k\u00fclf\u00f6ld\u00f6n egyar\u00e1nt lehetnek ilyen szab\u00e1lyok.\u201d Egy\u00e9bk\u00e9nt az, hogy bizonyos orsz\u00e1gokba csak olt\u00e1s(ok) megl\u00e9t\u00e9vel tudunk bel\u00e9pni, ma is val\u00f3s\u00e1g. Az Orsz\u00e1gos Epidemiol\u00f3giai K\u00f6zpont t\u00e1j\u00e9koztat\u00e1sa szerint 20 orsz\u00e1gba k\u00f6telez\u0151 a s\u00e1rgal\u00e1z elleni v\u00e9d\u0151olt\u00e1s.<\/p>\n<p>Forr\u00e1s: napmintnap.com<\/p>\n","protected":false},"excerpt":{"rendered":"<p>Megn\u0151 a jelent\u0151s\u00e9ge, tekintettel a j\u00e1rv\u00e1nyra, az olt\u00e1sok igazol\u00e1s\u00e1nak. nagy val\u00f3sz\u00edn\u0171s\u00e9ggel j\u00f6v\u0151re t\u00f6bb szolg\u00e1ltat\u00e1st nem fognak tudni azok ig\u00e9nybe venni, akik nem rendelkeznek majd olt\u00e1ssal \u00e9s ennek igazol\u00e1s\u00e1val. Guly\u00e1s Gergely kedden azt \u00edgy nyilatkozott: \u201cEg\u00e9szen biztosan lesznek ilyen szab\u00e1lyok, nemcsak Magyarorsz\u00e1gon, hanem Eur\u00f3p\u00e1ban minden\u00fctt, teh\u00e1t az olt\u00e1si k\u00f6nyv az \u00fatlev\u00e9l vagy a szem\u00e9lyi igazolv\u00e1ny mellett [&hellip;]<\/p>\n","protected":false},"author":1,"featured_media":4469,"comment_status":"open","ping_status":"open","sticky":false,"template":"","format":"standard","meta":{"_monsterinsights_skip_tracking":false,"footnotes":""},"categories":[198],"tags":[],"class_list":["post-4468","post","type-post","status-publish","format-standard","has-post-thumbnail","hentry","category-gazdasag"],"aioseo_notices":[],"aioseo_head":"\n\t\t<!-- All in One SEO 5.0.0.1 - aioseo.com -->\n\t<meta name=\"description\" content=\"Megn\u0151 a jelent\u0151s\u00e9ge, tekintettel a j\u00e1rv\u00e1nyra, az olt\u00e1sok igazol\u00e1s\u00e1nak. nagy val\u00f3sz\u00edn\u0171s\u00e9ggel j\u00f6v\u0151re t\u00f6bb szolg\u00e1ltat\u00e1st nem fognak tudni azok ig\u00e9nybe venni, akik nem rendelkeznek majd olt\u00e1ssal \u00e9s ennek igazol\u00e1s\u00e1val. Guly\u00e1s Gergely kedden azt \u00edgy nyilatkozott: \u201cEg\u00e9szen biztosan lesznek ilyen szab\u00e1lyok, nemcsak Magyarorsz\u00e1gon, hanem Eur\u00f3p\u00e1ban minden\u00fctt, teh\u00e1t az olt\u00e1si k\u00f6nyv az \u00fatlev\u00e9l vagy a szem\u00e9lyi igazolv\u00e1ny mellett\" \/>\n\t<meta name=\"robots\" content=\"max-image-preview:large\" \/>\n\t<meta name=\"author\" content=\"Juh\u00e1sz P\u00e9ter\"\/>\n\t<link rel=\"canonical\" href=\"https:\/\/allasorias.hu\/hirek\/fontos-lesz-jovore-a-vedooltas\/\" \/>\n\t<meta name=\"generator\" content=\"All in One SEO (AIOSEO) 5.0.0.1\" \/>\n\t\t<meta property=\"og:locale\" content=\"hu_HU\" \/>\n\t\t<meta property=\"og:site_name\" content=\"AllasOrias.hu | H\u00edrek-lapszemle | \u00dczleti h\u00edrek az \u00e1ll\u00e1s \u00e9s a munka vil\u00e1g\u00e1b\u00f3l\" \/>\n\t\t<meta property=\"og:type\" content=\"article\" \/>\n\t\t<meta property=\"og:title\" content=\"Fontos lesz j\u00f6v\u0151re a v\u00e9d\u0151olt\u00e1s | AllasOrias.hu | H\u00edrek-lapszemle\" \/>\n\t\t<meta property=\"og:description\" content=\"Megn\u0151 a jelent\u0151s\u00e9ge, tekintettel a j\u00e1rv\u00e1nyra, az olt\u00e1sok igazol\u00e1s\u00e1nak. nagy val\u00f3sz\u00edn\u0171s\u00e9ggel j\u00f6v\u0151re t\u00f6bb szolg\u00e1ltat\u00e1st nem fognak tudni azok ig\u00e9nybe venni, akik nem rendelkeznek majd olt\u00e1ssal \u00e9s ennek igazol\u00e1s\u00e1val. Guly\u00e1s Gergely kedden azt \u00edgy nyilatkozott: \u201cEg\u00e9szen biztosan lesznek ilyen szab\u00e1lyok, nemcsak Magyarorsz\u00e1gon, hanem Eur\u00f3p\u00e1ban minden\u00fctt, teh\u00e1t az olt\u00e1si k\u00f6nyv az \u00fatlev\u00e9l vagy a szem\u00e9lyi igazolv\u00e1ny mellett\" \/>\n\t\t<meta property=\"og:url\" content=\"https:\/\/allasorias.hu\/hirek\/fontos-lesz-jovore-a-vedooltas\/\" \/>\n\t\t<meta property=\"og:image\" content=\"https:\/\/allasorias.hu\/hirek\/wp-content\/uploads\/2020\/12\/influenza-elleni-oltas.jpg\" \/>\n\t\t<meta property=\"og:image:secure_url\" content=\"https:\/\/allasorias.hu\/hirek\/wp-content\/uploads\/2020\/12\/influenza-elleni-oltas.jpg\" \/>\n\t\t<meta property=\"og:image:width\" content=\"750\" \/>\n\t\t<meta property=\"og:image:height\" content=\"360\" \/>\n\t\t<meta property=\"article:published_time\" content=\"2020-12-23T12:15:08+00:00\" \/>\n\t\t<meta property=\"article:modified_time\" content=\"2020-12-23T12:15:08+00:00\" \/>\n\t\t<meta property=\"article:publisher\" content=\"https:\/\/www.facebook.com\/allasorias\" \/>\n\t\t<meta name=\"twitter:card\" content=\"summary_large_image\" \/>\n\t\t<meta name=\"twitter:title\" content=\"Fontos lesz j\u00f6v\u0151re a v\u00e9d\u0151olt\u00e1s | AllasOrias.hu | H\u00edrek-lapszemle\" \/>\n\t\t<meta name=\"twitter:description\" content=\"Megn\u0151 a jelent\u0151s\u00e9ge, tekintettel a j\u00e1rv\u00e1nyra, az olt\u00e1sok igazol\u00e1s\u00e1nak. nagy val\u00f3sz\u00edn\u0171s\u00e9ggel j\u00f6v\u0151re t\u00f6bb szolg\u00e1ltat\u00e1st nem fognak tudni azok ig\u00e9nybe venni, akik nem rendelkeznek majd olt\u00e1ssal \u00e9s ennek igazol\u00e1s\u00e1val. Guly\u00e1s Gergely kedden azt \u00edgy nyilatkozott: \u201cEg\u00e9szen biztosan lesznek ilyen szab\u00e1lyok, nemcsak Magyarorsz\u00e1gon, hanem Eur\u00f3p\u00e1ban minden\u00fctt, teh\u00e1t az olt\u00e1si k\u00f6nyv az \u00fatlev\u00e9l vagy a szem\u00e9lyi igazolv\u00e1ny mellett\" \/>\n\t\t<meta name=\"twitter:image\" content=\"https:\/\/allasorias.hu\/hirek\/wp-content\/uploads\/2020\/12\/influenza-elleni-oltas.jpg\" \/>\n\t\t<meta name=\"twitter:label1\" content=\"Written by\" \/>\n\t\t<meta name=\"twitter:data1\" content=\"Juh\u00e1sz P\u00e9ter\" \/>\n\t\t<meta name=\"twitter:label2\" content=\"Est. reading time\" \/>\n\t\t<meta name=\"twitter:data2\" content=\"1 minute\" \/>\n\t\t<script type=\"application\/ld+json\" class=\"aioseo-schema\">\n\t\t\t{\"@context\":\"https:\\\/\\\/schema.org\",\"@graph\":[{\"@type\":\"Article\",\"@id\":\"https:\\\/\\\/allasorias.hu\\\/hirek\\\/fontos-lesz-jovore-a-vedooltas\\\/#article\",\"name\":\"Fontos lesz j\\u00f6v\\u0151re a v\\u00e9d\\u0151olt\\u00e1s | AllasOrias.hu | H\\u00edrek-lapszemle\",\"headline\":\"Fontos lesz j\\u00f6v\\u0151re a v\\u00e9d\\u0151olt\\u00e1s\",\"author\":{\"@id\":\"https:\\\/\\\/allasorias.hu\\\/hirek\\\/author\\\/admin-allasorias\\\/#author\"},\"publisher\":{\"@id\":\"https:\\\/\\\/allasorias.hu\\\/hirek\\\/#organization\"},\"image\":{\"@type\":\"ImageObject\",\"url\":\"https:\\\/\\\/allasorias.hu\\\/hirek\\\/wp-content\\\/uploads\\\/2020\\\/12\\\/influenza-elleni-oltas.jpg\",\"width\":750,\"height\":360},\"datePublished\":\"2020-12-23T12:15:08+02:00\",\"dateModified\":\"2020-12-23T12:15:08+02:00\",\"inLanguage\":\"hu-HU\",\"mainEntityOfPage\":{\"@id\":\"https:\\\/\\\/allasorias.hu\\\/hirek\\\/fontos-lesz-jovore-a-vedooltas\\\/#webpage\"},\"isPartOf\":{\"@id\":\"https:\\\/\\\/allasorias.hu\\\/hirek\\\/fontos-lesz-jovore-a-vedooltas\\\/#webpage\"},\"articleSection\":\"Gazdas\\u00e1g\"},{\"@type\":\"BreadcrumbList\",\"@id\":\"https:\\\/\\\/allasorias.hu\\\/hirek\\\/fontos-lesz-jovore-a-vedooltas\\\/#breadcrumblist\",\"itemListElement\":[{\"@type\":\"ListItem\",\"@id\":\"https:\\\/\\\/allasorias.hu\\\/hirek#listItem\",\"position\":1,\"name\":\"Home\",\"item\":\"https:\\\/\\\/allasorias.hu\\\/hirek\",\"nextItem\":{\"@type\":\"ListItem\",\"@id\":\"https:\\\/\\\/allasorias.hu\\\/hirek\\\/temak\\\/gazdasag\\\/#listItem\",\"name\":\"Gazdas\\u00e1g\"}},{\"@type\":\"ListItem\",\"@id\":\"https:\\\/\\\/allasorias.hu\\\/hirek\\\/temak\\\/gazdasag\\\/#listItem\",\"position\":2,\"name\":\"Gazdas\\u00e1g\",\"item\":\"https:\\\/\\\/allasorias.hu\\\/hirek\\\/temak\\\/gazdasag\\\/\",\"nextItem\":{\"@type\":\"ListItem\",\"@id\":\"https:\\\/\\\/allasorias.hu\\\/hirek\\\/fontos-lesz-jovore-a-vedooltas\\\/#listItem\",\"name\":\"Fontos lesz j\\u00f6v\\u0151re a v\\u00e9d\\u0151olt\\u00e1s\"},\"previousItem\":{\"@type\":\"ListItem\",\"@id\":\"https:\\\/\\\/allasorias.hu\\\/hirek#listItem\",\"name\":\"Home\"}},{\"@type\":\"ListItem\",\"@id\":\"https:\\\/\\\/allasorias.hu\\\/hirek\\\/fontos-lesz-jovore-a-vedooltas\\\/#listItem\",\"position\":3,\"name\":\"Fontos lesz j\\u00f6v\\u0151re a v\\u00e9d\\u0151olt\\u00e1s\",\"previousItem\":{\"@type\":\"ListItem\",\"@id\":\"https:\\\/\\\/allasorias.hu\\\/hirek\\\/temak\\\/gazdasag\\\/#listItem\",\"name\":\"Gazdas\\u00e1g\"}}]},{\"@type\":\"Organization\",\"@id\":\"https:\\\/\\\/allasorias.hu\\\/hirek\\\/#organization\",\"name\":\"AllasOrias.hu | H\\u00edrek-lapszemle\",\"description\":\"\\u00dczleti h\\u00edrek az \\u00e1ll\\u00e1s \\u00e9s a munka vil\\u00e1g\\u00e1b\\u00f3l\",\"url\":\"https:\\\/\\\/allasorias.hu\\\/hirek\\\/\",\"logo\":{\"@type\":\"ImageObject\",\"url\":\"https:\\\/\\\/allasorias.hu\\\/hirek\\\/wp-content\\\/uploads\\\/2022\\\/10\\\/allasorias_site_facebok_logo.png\",\"@id\":\"https:\\\/\\\/allasorias.hu\\\/hirek\\\/fontos-lesz-jovore-a-vedooltas\\\/#organizationLogo\"},\"image\":{\"@id\":\"https:\\\/\\\/allasorias.hu\\\/hirek\\\/fontos-lesz-jovore-a-vedooltas\\\/#organizationLogo\"},\"sameAs\":[\"https:\\\/\\\/www.facebook.com\\\/allasorias\",\"https:\\\/\\\/www.linkedin.com\\\/company\\\/allasorias\"]},{\"@type\":\"Person\",\"@id\":\"https:\\\/\\\/allasorias.hu\\\/hirek\\\/author\\\/admin-allasorias\\\/#author\",\"url\":\"https:\\\/\\\/allasorias.hu\\\/hirek\\\/author\\\/admin-allasorias\\\/\",\"name\":\"Juh\\u00e1sz P\\u00e9ter\",\"image\":{\"@type\":\"ImageObject\",\"@id\":\"https:\\\/\\\/allasorias.hu\\\/hirek\\\/fontos-lesz-jovore-a-vedooltas\\\/#authorImage\",\"url\":\"https:\\\/\\\/secure.gravatar.com\\\/avatar\\\/36e6bcb83148978b992977cb0f54d22feb0cce8a0a849a9410532bb2623ba4c6?s=96&d=mm&r=g\",\"width\":96,\"height\":96,\"caption\":\"Juh\\u00e1sz P\\u00e9ter\"}},{\"@type\":\"WebPage\",\"@id\":\"https:\\\/\\\/allasorias.hu\\\/hirek\\\/fontos-lesz-jovore-a-vedooltas\\\/#webpage\",\"url\":\"https:\\\/\\\/allasorias.hu\\\/hirek\\\/fontos-lesz-jovore-a-vedooltas\\\/\",\"name\":\"Fontos lesz j\\u00f6v\\u0151re a v\\u00e9d\\u0151olt\\u00e1s | AllasOrias.hu | H\\u00edrek-lapszemle\",\"description\":\"Megn\\u0151 a jelent\\u0151s\\u00e9ge, tekintettel a j\\u00e1rv\\u00e1nyra, az olt\\u00e1sok igazol\\u00e1s\\u00e1nak. nagy val\\u00f3sz\\u00edn\\u0171s\\u00e9ggel j\\u00f6v\\u0151re t\\u00f6bb szolg\\u00e1ltat\\u00e1st nem fognak tudni azok ig\\u00e9nybe venni, akik nem rendelkeznek majd olt\\u00e1ssal \\u00e9s ennek igazol\\u00e1s\\u00e1val. Guly\\u00e1s Gergely kedden azt \\u00edgy nyilatkozott: \\u201cEg\\u00e9szen biztosan lesznek ilyen szab\\u00e1lyok, nemcsak Magyarorsz\\u00e1gon, hanem Eur\\u00f3p\\u00e1ban minden\\u00fctt, teh\\u00e1t az olt\\u00e1si k\\u00f6nyv az \\u00fatlev\\u00e9l vagy a szem\\u00e9lyi igazolv\\u00e1ny mellett\",\"inLanguage\":\"hu-HU\",\"isPartOf\":{\"@id\":\"https:\\\/\\\/allasorias.hu\\\/hirek\\\/#website\"},\"breadcrumb\":{\"@id\":\"https:\\\/\\\/allasorias.hu\\\/hirek\\\/fontos-lesz-jovore-a-vedooltas\\\/#breadcrumblist\"},\"author\":{\"@id\":\"https:\\\/\\\/allasorias.hu\\\/hirek\\\/author\\\/admin-allasorias\\\/#author\"},\"creator\":{\"@id\":\"https:\\\/\\\/allasorias.hu\\\/hirek\\\/author\\\/admin-allasorias\\\/#author\"},\"image\":{\"@type\":\"ImageObject\",\"url\":\"https:\\\/\\\/allasorias.hu\\\/hirek\\\/wp-content\\\/uploads\\\/2020\\\/12\\\/influenza-elleni-oltas.jpg\",\"@id\":\"https:\\\/\\\/allasorias.hu\\\/hirek\\\/fontos-lesz-jovore-a-vedooltas\\\/#mainImage\",\"width\":750,\"height\":360},\"primaryImageOfPage\":{\"@id\":\"https:\\\/\\\/allasorias.hu\\\/hirek\\\/fontos-lesz-jovore-a-vedooltas\\\/#mainImage\"},\"datePublished\":\"2020-12-23T12:15:08+02:00\",\"dateModified\":\"2020-12-23T12:15:08+02:00\"},{\"@type\":\"WebSite\",\"@id\":\"https:\\\/\\\/allasorias.hu\\\/hirek\\\/#website\",\"url\":\"https:\\\/\\\/allasorias.hu\\\/hirek\\\/\",\"name\":\"AllasOrias.hu | H\\u00edrek-lapszemle\",\"description\":\"\\u00dczleti h\\u00edrek az \\u00e1ll\\u00e1s \\u00e9s a munka vil\\u00e1g\\u00e1b\\u00f3l\",\"inLanguage\":\"hu-HU\",\"publisher\":{\"@id\":\"https:\\\/\\\/allasorias.hu\\\/hirek\\\/#organization\"}}]}\n\t\t<\/script>\n\t\t<!-- All in One SEO -->\n\n","aioseo_head_json":{"title":"Fontos lesz j\u00f6v\u0151re a v\u00e9d\u0151olt\u00e1s | AllasOrias.hu | H\u00edrek-lapszemle","description":"Megn\u0151 a jelent\u0151s\u00e9ge, tekintettel a j\u00e1rv\u00e1nyra, az olt\u00e1sok igazol\u00e1s\u00e1nak. nagy val\u00f3sz\u00edn\u0171s\u00e9ggel j\u00f6v\u0151re t\u00f6bb szolg\u00e1ltat\u00e1st nem fognak tudni azok ig\u00e9nybe venni, akik nem rendelkeznek majd olt\u00e1ssal \u00e9s ennek igazol\u00e1s\u00e1val. Guly\u00e1s Gergely kedden azt \u00edgy nyilatkozott: \u201cEg\u00e9szen biztosan lesznek ilyen szab\u00e1lyok, nemcsak Magyarorsz\u00e1gon, hanem Eur\u00f3p\u00e1ban minden\u00fctt, teh\u00e1t az olt\u00e1si k\u00f6nyv az \u00fatlev\u00e9l vagy a szem\u00e9lyi igazolv\u00e1ny mellett","canonical_url":"https:\/\/allasorias.hu\/hirek\/fontos-lesz-jovore-a-vedooltas\/","robots":"max-image-preview:large","keywords":"","webmasterTools":{"miscellaneous":""},"schema":{"@context":"https:\/\/schema.org","@graph":[{"@type":"Article","@id":"https:\/\/allasorias.hu\/hirek\/fontos-lesz-jovore-a-vedooltas\/#article","name":"Fontos lesz j\u00f6v\u0151re a v\u00e9d\u0151olt\u00e1s | AllasOrias.hu | H\u00edrek-lapszemle","headline":"Fontos lesz j\u00f6v\u0151re a v\u00e9d\u0151olt\u00e1s","author":{"@id":"https:\/\/allasorias.hu\/hirek\/author\/admin-allasorias\/#author"},"publisher":{"@id":"https:\/\/allasorias.hu\/hirek\/#organization"},"image":{"@type":"ImageObject","url":"https:\/\/allasorias.hu\/hirek\/wp-content\/uploads\/2020\/12\/influenza-elleni-oltas.jpg","width":750,"height":360},"datePublished":"2020-12-23T12:15:08+02:00","dateModified":"2020-12-23T12:15:08+02:00","inLanguage":"hu-HU","mainEntityOfPage":{"@id":"https:\/\/allasorias.hu\/hirek\/fontos-lesz-jovore-a-vedooltas\/#webpage"},"isPartOf":{"@id":"https:\/\/allasorias.hu\/hirek\/fontos-lesz-jovore-a-vedooltas\/#webpage"},"articleSection":"Gazdas\u00e1g"},{"@type":"BreadcrumbList","@id":"https:\/\/allasorias.hu\/hirek\/fontos-lesz-jovore-a-vedooltas\/#breadcrumblist","itemListElement":[{"@type":"ListItem","@id":"https:\/\/allasorias.hu\/hirek#listItem","position":1,"name":"Home","item":"https:\/\/allasorias.hu\/hirek","nextItem":{"@type":"ListItem","@id":"https:\/\/allasorias.hu\/hirek\/temak\/gazdasag\/#listItem","name":"Gazdas\u00e1g"}},{"@type":"ListItem","@id":"https:\/\/allasorias.hu\/hirek\/temak\/gazdasag\/#listItem","position":2,"name":"Gazdas\u00e1g","item":"https:\/\/allasorias.hu\/hirek\/temak\/gazdasag\/","nextItem":{"@type":"ListItem","@id":"https:\/\/allasorias.hu\/hirek\/fontos-lesz-jovore-a-vedooltas\/#listItem","name":"Fontos lesz j\u00f6v\u0151re a v\u00e9d\u0151olt\u00e1s"},"previousItem":{"@type":"ListItem","@id":"https:\/\/allasorias.hu\/hirek#listItem","name":"Home"}},{"@type":"ListItem","@id":"https:\/\/allasorias.hu\/hirek\/fontos-lesz-jovore-a-vedooltas\/#listItem","position":3,"name":"Fontos lesz j\u00f6v\u0151re a v\u00e9d\u0151olt\u00e1s","previousItem":{"@type":"ListItem","@id":"https:\/\/allasorias.hu\/hirek\/temak\/gazdasag\/#listItem","name":"Gazdas\u00e1g"}}]},{"@type":"Organization","@id":"https:\/\/allasorias.hu\/hirek\/#organization","name":"AllasOrias.hu | H\u00edrek-lapszemle","description":"\u00dczleti h\u00edrek az \u00e1ll\u00e1s \u00e9s a munka vil\u00e1g\u00e1b\u00f3l","url":"https:\/\/allasorias.hu\/hirek\/","logo":{"@type":"ImageObject","url":"https:\/\/allasorias.hu\/hirek\/wp-content\/uploads\/2022\/10\/allasorias_site_facebok_logo.png","@id":"https:\/\/allasorias.hu\/hirek\/fontos-lesz-jovore-a-vedooltas\/#organizationLogo"},"image":{"@id":"https:\/\/allasorias.hu\/hirek\/fontos-lesz-jovore-a-vedooltas\/#organizationLogo"},"sameAs":["https:\/\/www.facebook.com\/allasorias","https:\/\/www.linkedin.com\/company\/allasorias"]},{"@type":"Person","@id":"https:\/\/allasorias.hu\/hirek\/author\/admin-allasorias\/#author","url":"https:\/\/allasorias.hu\/hirek\/author\/admin-allasorias\/","name":"Juh\u00e1sz P\u00e9ter","image":{"@type":"ImageObject","@id":"https:\/\/allasorias.hu\/hirek\/fontos-lesz-jovore-a-vedooltas\/#authorImage","url":"https:\/\/secure.gravatar.com\/avatar\/36e6bcb83148978b992977cb0f54d22feb0cce8a0a849a9410532bb2623ba4c6?s=96&d=mm&r=g","width":96,"height":96,"caption":"Juh\u00e1sz P\u00e9ter"}},{"@type":"WebPage","@id":"https:\/\/allasorias.hu\/hirek\/fontos-lesz-jovore-a-vedooltas\/#webpage","url":"https:\/\/allasorias.hu\/hirek\/fontos-lesz-jovore-a-vedooltas\/","name":"Fontos lesz j\u00f6v\u0151re a v\u00e9d\u0151olt\u00e1s | AllasOrias.hu | H\u00edrek-lapszemle","description":"Megn\u0151 a jelent\u0151s\u00e9ge, tekintettel a j\u00e1rv\u00e1nyra, az olt\u00e1sok igazol\u00e1s\u00e1nak. nagy val\u00f3sz\u00edn\u0171s\u00e9ggel j\u00f6v\u0151re t\u00f6bb szolg\u00e1ltat\u00e1st nem fognak tudni azok ig\u00e9nybe venni, akik nem rendelkeznek majd olt\u00e1ssal \u00e9s ennek igazol\u00e1s\u00e1val. Guly\u00e1s Gergely kedden azt \u00edgy nyilatkozott: \u201cEg\u00e9szen biztosan lesznek ilyen szab\u00e1lyok, nemcsak Magyarorsz\u00e1gon, hanem Eur\u00f3p\u00e1ban minden\u00fctt, teh\u00e1t az olt\u00e1si k\u00f6nyv az \u00fatlev\u00e9l vagy a szem\u00e9lyi igazolv\u00e1ny mellett","inLanguage":"hu-HU","isPartOf":{"@id":"https:\/\/allasorias.hu\/hirek\/#website"},"breadcrumb":{"@id":"https:\/\/allasorias.hu\/hirek\/fontos-lesz-jovore-a-vedooltas\/#breadcrumblist"},"author":{"@id":"https:\/\/allasorias.hu\/hirek\/author\/admin-allasorias\/#author"},"creator":{"@id":"https:\/\/allasorias.hu\/hirek\/author\/admin-allasorias\/#author"},"image":{"@type":"ImageObject","url":"https:\/\/allasorias.hu\/hirek\/wp-content\/uploads\/2020\/12\/influenza-elleni-oltas.jpg","@id":"https:\/\/allasorias.hu\/hirek\/fontos-lesz-jovore-a-vedooltas\/#mainImage","width":750,"height":360},"primaryImageOfPage":{"@id":"https:\/\/allasorias.hu\/hirek\/fontos-lesz-jovore-a-vedooltas\/#mainImage"},"datePublished":"2020-12-23T12:15:08+02:00","dateModified":"2020-12-23T12:15:08+02:00"},{"@type":"WebSite","@id":"https:\/\/allasorias.hu\/hirek\/#website","url":"https:\/\/allasorias.hu\/hirek\/","name":"AllasOrias.hu | H\u00edrek-lapszemle","description":"\u00dczleti h\u00edrek az \u00e1ll\u00e1s \u00e9s a munka vil\u00e1g\u00e1b\u00f3l","inLanguage":"hu-HU","publisher":{"@id":"https:\/\/allasorias.hu\/hirek\/#organization"}}]},"og:locale":"hu_HU","og:site_name":"AllasOrias.hu | H\u00edrek-lapszemle | \u00dczleti h\u00edrek az \u00e1ll\u00e1s \u00e9s a munka vil\u00e1g\u00e1b\u00f3l","og:type":"article","og:title":"Fontos lesz j\u00f6v\u0151re a v\u00e9d\u0151olt\u00e1s | AllasOrias.hu | H\u00edrek-lapszemle","og:description":"Megn\u0151 a jelent\u0151s\u00e9ge, tekintettel a j\u00e1rv\u00e1nyra, az olt\u00e1sok igazol\u00e1s\u00e1nak. nagy val\u00f3sz\u00edn\u0171s\u00e9ggel j\u00f6v\u0151re t\u00f6bb szolg\u00e1ltat\u00e1st nem fognak tudni azok ig\u00e9nybe venni, akik nem rendelkeznek majd olt\u00e1ssal \u00e9s ennek igazol\u00e1s\u00e1val. Guly\u00e1s Gergely kedden azt \u00edgy nyilatkozott: \u201cEg\u00e9szen biztosan lesznek ilyen szab\u00e1lyok, nemcsak Magyarorsz\u00e1gon, hanem Eur\u00f3p\u00e1ban minden\u00fctt, teh\u00e1t az olt\u00e1si k\u00f6nyv az \u00fatlev\u00e9l vagy a szem\u00e9lyi igazolv\u00e1ny mellett","og:url":"https:\/\/allasorias.hu\/hirek\/fontos-lesz-jovore-a-vedooltas\/","og:image":"https:\/\/allasorias.hu\/hirek\/wp-content\/uploads\/2020\/12\/influenza-elleni-oltas.jpg","og:image:secure_url":"https:\/\/allasorias.hu\/hirek\/wp-content\/uploads\/2020\/12\/influenza-elleni-oltas.jpg","og:image:width":750,"og:image:height":360,"article:published_time":"2020-12-23T12:15:08+00:00","article:modified_time":"2020-12-23T12:15:08+00:00","article:publisher":"https:\/\/www.facebook.com\/allasorias","twitter:card":"summary_large_image","twitter:title":"Fontos lesz j\u00f6v\u0151re a v\u00e9d\u0151olt\u00e1s | AllasOrias.hu | H\u00edrek-lapszemle","twitter:description":"Megn\u0151 a jelent\u0151s\u00e9ge, tekintettel a j\u00e1rv\u00e1nyra, az olt\u00e1sok igazol\u00e1s\u00e1nak. nagy val\u00f3sz\u00edn\u0171s\u00e9ggel j\u00f6v\u0151re t\u00f6bb szolg\u00e1ltat\u00e1st nem fognak tudni azok ig\u00e9nybe venni, akik nem rendelkeznek majd olt\u00e1ssal \u00e9s ennek igazol\u00e1s\u00e1val. Guly\u00e1s Gergely kedden azt \u00edgy nyilatkozott: \u201cEg\u00e9szen biztosan lesznek ilyen szab\u00e1lyok, nemcsak Magyarorsz\u00e1gon, hanem Eur\u00f3p\u00e1ban minden\u00fctt, teh\u00e1t az olt\u00e1si k\u00f6nyv az \u00fatlev\u00e9l vagy a szem\u00e9lyi igazolv\u00e1ny mellett","twitter:image":"https:\/\/allasorias.hu\/hirek\/wp-content\/uploads\/2020\/12\/influenza-elleni-oltas.jpg","twitter:label1":"Written by","twitter:data1":"Juh\u00e1sz P\u00e9ter","twitter:label2":"Est. reading time","twitter:data2":"1 minute"},"aioseo_meta_data":{"post_id":"4468","title":null,"description":"","keywords":"","keyphrases":null,"primary_term":null,"canonical_url":"","og_title":null,"og_description":null,"og_object_type":"default","og_image_type":"default","og_image_url":null,"og_image_width":null,"og_image_height":null,"og_image_custom_url":null,"og_image_custom_fields":null,"og_video":null,"og_custom_url":null,"og_article_section":null,"og_article_tags":null,"twitter_use_og":false,"twitter_card":"default","twitter_image_type":"default","twitter_image_url":null,"twitter_image_custom_url":null,"twitter_image_custom_fields":null,"twitter_title":null,"twitter_description":null,"schema":{"blockGraphs":[],"customGraphs":[],"default":{"data":{"Article":[],"Course":[],"Dataset":[],"FAQPage":[],"Movie":[],"Person":[],"Product":[],"ProductReview":[],"Car":[],"Recipe":[],"Service":[],"SoftwareApplication":[],"WebPage":[]},"graphName":"","isEnabled":true},"graphs":[]},"schema_type":null,"schema_type_options":null,"pillar_content":false,"robots_default":true,"robots_noindex":false,"robots_noarchive":false,"robots_nosnippet":false,"robots_nofollow":false,"robots_noimageindex":false,"robots_noodp":false,"robots_notranslate":false,"robots_max_snippet":null,"robots_max_videopreview":null,"robots_max_imagepreview":"large","priority":null,"frequency":null,"location":null,"local_seo":null,"breadcrumb_settings":null,"limit_modified_date":false,"ai":null,"created":"2021-02-01 20:44:29","updated":"2025-10-02 15:08:28","seo_analyzer_scan_date":null,"focus_keyword":null,"additional_keywords":null,"truseo_locale":null},"aioseo_breadcrumb":"<div class=\"aioseo-breadcrumbs\"><span class=\"aioseo-breadcrumb\">\n\t\t\t<a href=\"https:\/\/allasorias.hu\/hirek\" title=\"Home\">Home<\/a>\n\t\t<\/span><span class=\"aioseo-breadcrumb-separator\">&raquo;<\/span><span class=\"aioseo-breadcrumb\">\n\t\t\t<a href=\"https:\/\/allasorias.hu\/hirek\/temak\/gazdasag\/\" title=\"Gazdas\u00e1g\">Gazdas\u00e1g<\/a>\n\t\t<\/span><span class=\"aioseo-breadcrumb-separator\">&raquo;<\/span><span class=\"aioseo-breadcrumb\">\n\t\t\tFontos lesz j\u00f6v\u0151re a v\u00e9d\u0151olt\u00e1s\n\t\t<\/span><\/div>","aioseo_breadcrumb_json":[{"label":"Home","link":"https:\/\/allasorias.hu\/hirek"},{"label":"Gazdas\u00e1g","link":"https:\/\/allasorias.hu\/hirek\/temak\/gazdasag\/"},{"label":"Fontos lesz j\u00f6v\u0151re a v\u00e9d\u0151olt\u00e1s","link":"https:\/\/allasorias.hu\/hirek\/fontos-lesz-jovore-a-vedooltas\/"}],"_links":{"self":[{"href":"https:\/\/allasorias.hu\/hirek\/wp-json\/wp\/v2\/posts\/4468","targetHints":{"allow":["GET"]}}],"collection":[{"href":"https:\/\/allasorias.hu\/hirek\/wp-json\/wp\/v2\/posts"}],"about":[{"href":"https:\/\/allasorias.hu\/hirek\/wp-json\/wp\/v2\/types\/post"}],"author":[{"embeddable":true,"href":"https:\/\/allasorias.hu\/hirek\/wp-json\/wp\/v2\/users\/1"}],"replies":[{"embeddable":true,"href":"https:\/\/allasorias.hu\/hirek\/wp-json\/wp\/v2\/comments?post=4468"}],"version-history":[{"count":1,"href":"https:\/\/allasorias.hu\/hirek\/wp-json\/wp\/v2\/posts\/4468\/revisions"}],"predecessor-version":[{"id":4470,"href":"https:\/\/allasorias.hu\/hirek\/wp-json\/wp\/v2\/posts\/4468\/revisions\/4470"}],"wp:featuredmedia":[{"embeddable":true,"href":"https:\/\/allasorias.hu\/hirek\/wp-json\/wp\/v2\/media\/4469"}],"wp:attachment":[{"href":"https:\/\/allasorias.hu\/hirek\/wp-json\/wp\/v2\/media?parent=4468"}],"wp:term":[{"taxonomy":"category","embeddable":true,"href":"https:\/\/allasorias.hu\/hirek\/wp-json\/wp\/v2\/categories?post=4468"},{"taxonomy":"post_tag","embeddable":true,"href":"https:\/\/allasorias.hu\/hirek\/wp-json\/wp\/v2\/tags?post=4468"}],"curies":[{"name":"wp","href":"https:\/\/api.w.org\/{rel}","templated":true}]}}