{"id":4462,"date":"2020-12-23T12:09:47","date_gmt":"2020-12-23T12:09:47","guid":{"rendered":"https:\/\/allasorias.hu\/hirek\/?p=4462"},"modified":"2020-12-23T12:09:47","modified_gmt":"2020-12-23T12:09:47","slug":"novemberi-statisztika-a-foglalkoztatottakrol","status":"publish","type":"post","link":"https:\/\/allasorias.hu\/hirek\/novemberi-statisztika-a-foglalkoztatottakrol\/","title":{"rendered":"Novemberi statisztika a foglalkoztatottakr\u00f3l"},"content":{"rendered":"<p><strong>A gyorsbecsl\u00e9s szerint a munkan\u00e9lk\u00fcliek sz\u00e1ma egy h\u00f3nap alatt 9 ezerrel, 190 ezerre cs\u00f6kkent, amivel 34 ezerrel haladja meg a tavaly novemberit magyarorsz\u00e1gon. Novemberben az el\u0151z\u0151 h\u00f3naphoz k\u00e9pest 45 ezerrel 4 milli\u00f3 496 ezerre n\u0151tt a foglalkoztatottak sz\u00e1ma, k\u00f6z\u00f6lte az el\u0151zetes gyorsbecsl\u00e9sre \u00e9p\u00fcl\u0151 adatot Heti monitor\u00e1ban a K\u00f6zponti Statisztikai Hivatal (KSH). A foglalkoztatottak novemberi sz\u00e1ma 26 ezerrel (0,6 sz\u00e1zal\u00e9kkal) maradt el az egy \u00e9vvel kor\u00e1bbit\u00f3l.<\/strong><\/p>\n<p>A l\u00e9tsz\u00e1mn\u00f6veked\u00e9s eredm\u00e9nyek\u00e9nt a 15-64 \u00e9vesek foglalkoztat\u00e1si r\u00e1t\u00e1ja egy h\u00f3nap alatt 1,0 sz\u00e1zal\u00e9kponttal 70,6 sz\u00e1zal\u00e9kra emelkedett \u00e9s 0,3 sz\u00e1zal\u00e9kponttal meghaladta az egy \u00e9vvel kor\u00e1bbit is. A gyorsbecsl\u00e9s szerint a munkan\u00e9lk\u00fcliek sz\u00e1ma egy h\u00f3nap alatt 9 ezerrel, 190 ezerre cs\u00f6kkent, amivel 34 ezerrel haladja meg a tavaly novemberit. A 4,1 sz\u00e1zal\u00e9kos munkan\u00e9lk\u00fclis\u00e9gi r\u00e1ta 0,2 sz\u00e1zal\u00e9kponttal alacsonyabb az okt\u00f3berin\u00e9l, de 0,7 sz\u00e1zal\u00e9kponttal magasabb az egy \u00e9vvel kor\u00e1bbin\u00e1l. A foglalkoztatottak sz\u00e1m\u00e1nak a munkan\u00e9lk\u00fcliek cs\u00f6kken\u00e9s\u00e9n\u00e9l nagyobb n\u00f6veked\u00e9se azt jelzi, hogy a munkaer\u0151piacra frissen bel\u00e9p\u0151k k\u00f6z\u00fcl tal\u00e1ltak t\u00f6bben \u00e1ll\u00e1st. Novemberben a potenci\u00e1lis munkaer\u0151tartal\u00e9k 25 ezerrel alacsonyabb volt az el\u0151z\u0151 havin\u00e1l, de 39 ezerrel meghaladja az egy \u00e9vvel kor\u00e1bbit. A m\u00falt h\u00f3napban 121 ezren &#8211; az el\u0151z\u0151 havin\u00e1l 23 ezerrel kevesebben &#8211; az\u00e9rt nem sz\u00e1m\u00edtottak munkan\u00e9lk\u00fclinek, hanem a munkaer\u0151piacr\u00f3l t\u00e1volmarad\u00f3 inakt\u00edv n\u00e9pess\u00e9gbe tartoztak, mert szeretn\u00e9nek dolgozni, de nem kerestek munk\u00e1t. Az el\u0151z\u0151 h\u00f3naphoz k\u00e9pest 2 ezerrel pedig azok sz\u00e1ma n\u0151tt, akik keresnek ugyan munk\u00e1t, de k\u00e9t h\u00e9ten bel\u00fcl nem tudnak munk\u00e1ba \u00e1llni.\u00a0 A t\u00e1vmunk\u00e1ban, vagy home office-ban foglalkoztatottak ar\u00e1nya novemberben 8,2 sz\u00e1zal\u00e9kos volt a szeptemberi 5,8 \u00e9s az okt\u00f3beri 7,6 sz\u00e1zal\u00e9k ut\u00e1n, de 9 sz\u00e1zal\u00e9kponttal elmaradt a m\u00e1jusi 17,2 sz\u00e1zal\u00e9kt\u00f3l.<\/p>\n<p>Forr\u00e1s: hirado.hu<\/p>\n","protected":false},"excerpt":{"rendered":"<p>A gyorsbecsl\u00e9s szerint a munkan\u00e9lk\u00fcliek sz\u00e1ma egy h\u00f3nap alatt 9 ezerrel, 190 ezerre cs\u00f6kkent, amivel 34 ezerrel haladja meg a tavaly novemberit magyarorsz\u00e1gon. Novemberben az el\u0151z\u0151 h\u00f3naphoz k\u00e9pest 45 ezerrel 4 milli\u00f3 496 ezerre n\u0151tt a foglalkoztatottak sz\u00e1ma, k\u00f6z\u00f6lte az el\u0151zetes gyorsbecsl\u00e9sre \u00e9p\u00fcl\u0151 adatot Heti monitor\u00e1ban a K\u00f6zponti Statisztikai Hivatal (KSH). A foglalkoztatottak novemberi sz\u00e1ma [&hellip;]<\/p>\n","protected":false},"author":1,"featured_media":4463,"comment_status":"open","ping_status":"open","sticky":false,"template":"","format":"standard","meta":{"_monsterinsights_skip_tracking":false,"footnotes":""},"categories":[198],"tags":[],"class_list":["post-4462","post","type-post","status-publish","format-standard","has-post-thumbnail","hentry","category-gazdasag"],"aioseo_notices":[],"aioseo_head":"\n\t\t<!-- All in One SEO 5.0.0.1 - aioseo.com -->\n\t<meta name=\"description\" content=\"A gyorsbecsl\u00e9s szerint a munkan\u00e9lk\u00fcliek sz\u00e1ma egy h\u00f3nap alatt 9 ezerrel, 190 ezerre cs\u00f6kkent, amivel 34 ezerrel haladja meg a tavaly novemberit magyarorsz\u00e1gon. Novemberben az el\u0151z\u0151 h\u00f3naphoz k\u00e9pest 45 ezerrel 4 milli\u00f3 496 ezerre n\u0151tt a foglalkoztatottak sz\u00e1ma, k\u00f6z\u00f6lte az el\u0151zetes gyorsbecsl\u00e9sre \u00e9p\u00fcl\u0151 adatot Heti monitor\u00e1ban a K\u00f6zponti Statisztikai Hivatal (KSH). A foglalkoztatottak novemberi sz\u00e1ma\" \/>\n\t<meta name=\"robots\" content=\"max-image-preview:large\" \/>\n\t<meta name=\"author\" content=\"Juh\u00e1sz P\u00e9ter\"\/>\n\t<link rel=\"canonical\" href=\"https:\/\/allasorias.hu\/hirek\/novemberi-statisztika-a-foglalkoztatottakrol\/\" \/>\n\t<meta name=\"generator\" content=\"All in One SEO (AIOSEO) 5.0.0.1\" \/>\n\t\t<meta property=\"og:locale\" content=\"hu_HU\" \/>\n\t\t<meta property=\"og:site_name\" content=\"AllasOrias.hu | H\u00edrek-lapszemle | \u00dczleti h\u00edrek az \u00e1ll\u00e1s \u00e9s a munka vil\u00e1g\u00e1b\u00f3l\" \/>\n\t\t<meta property=\"og:type\" content=\"article\" \/>\n\t\t<meta property=\"og:title\" content=\"Novemberi statisztika a foglalkoztatottakr\u00f3l | AllasOrias.hu | H\u00edrek-lapszemle\" \/>\n\t\t<meta property=\"og:description\" content=\"A gyorsbecsl\u00e9s szerint a munkan\u00e9lk\u00fcliek sz\u00e1ma egy h\u00f3nap alatt 9 ezerrel, 190 ezerre cs\u00f6kkent, amivel 34 ezerrel haladja meg a tavaly novemberit magyarorsz\u00e1gon. Novemberben az el\u0151z\u0151 h\u00f3naphoz k\u00e9pest 45 ezerrel 4 milli\u00f3 496 ezerre n\u0151tt a foglalkoztatottak sz\u00e1ma, k\u00f6z\u00f6lte az el\u0151zetes gyorsbecsl\u00e9sre \u00e9p\u00fcl\u0151 adatot Heti monitor\u00e1ban a K\u00f6zponti Statisztikai Hivatal (KSH). A foglalkoztatottak novemberi sz\u00e1ma\" \/>\n\t\t<meta property=\"og:url\" content=\"https:\/\/allasorias.hu\/hirek\/novemberi-statisztika-a-foglalkoztatottakrol\/\" \/>\n\t\t<meta property=\"og:image\" content=\"https:\/\/allasorias.hu\/hirek\/wp-content\/uploads\/2020\/12\/statisztika.jpg\" \/>\n\t\t<meta property=\"og:image:secure_url\" content=\"https:\/\/allasorias.hu\/hirek\/wp-content\/uploads\/2020\/12\/statisztika.jpg\" \/>\n\t\t<meta property=\"og:image:width\" content=\"500\" \/>\n\t\t<meta property=\"og:image:height\" content=\"375\" \/>\n\t\t<meta property=\"article:published_time\" content=\"2020-12-23T12:09:47+00:00\" \/>\n\t\t<meta property=\"article:modified_time\" content=\"2020-12-23T12:09:47+00:00\" \/>\n\t\t<meta property=\"article:publisher\" content=\"https:\/\/www.facebook.com\/allasorias\" \/>\n\t\t<meta name=\"twitter:card\" content=\"summary_large_image\" \/>\n\t\t<meta name=\"twitter:title\" content=\"Novemberi statisztika a foglalkoztatottakr\u00f3l | AllasOrias.hu | H\u00edrek-lapszemle\" \/>\n\t\t<meta name=\"twitter:description\" content=\"A gyorsbecsl\u00e9s szerint a munkan\u00e9lk\u00fcliek sz\u00e1ma egy h\u00f3nap alatt 9 ezerrel, 190 ezerre cs\u00f6kkent, amivel 34 ezerrel haladja meg a tavaly novemberit magyarorsz\u00e1gon. Novemberben az el\u0151z\u0151 h\u00f3naphoz k\u00e9pest 45 ezerrel 4 milli\u00f3 496 ezerre n\u0151tt a foglalkoztatottak sz\u00e1ma, k\u00f6z\u00f6lte az el\u0151zetes gyorsbecsl\u00e9sre \u00e9p\u00fcl\u0151 adatot Heti monitor\u00e1ban a K\u00f6zponti Statisztikai Hivatal (KSH). A foglalkoztatottak novemberi sz\u00e1ma\" \/>\n\t\t<meta name=\"twitter:image\" content=\"https:\/\/allasorias.hu\/hirek\/wp-content\/uploads\/2020\/12\/statisztika.jpg\" \/>\n\t\t<meta name=\"twitter:label1\" content=\"Written by\" \/>\n\t\t<meta name=\"twitter:data1\" content=\"Juh\u00e1sz P\u00e9ter\" \/>\n\t\t<meta name=\"twitter:label2\" content=\"Est. reading time\" \/>\n\t\t<meta name=\"twitter:data2\" content=\"2 minutes\" \/>\n\t\t<script type=\"application\/ld+json\" class=\"aioseo-schema\">\n\t\t\t{\"@context\":\"https:\\\/\\\/schema.org\",\"@graph\":[{\"@type\":\"Article\",\"@id\":\"https:\\\/\\\/allasorias.hu\\\/hirek\\\/novemberi-statisztika-a-foglalkoztatottakrol\\\/#article\",\"name\":\"Novemberi statisztika a foglalkoztatottakr\\u00f3l | AllasOrias.hu | H\\u00edrek-lapszemle\",\"headline\":\"Novemberi statisztika a foglalkoztatottakr\\u00f3l\",\"author\":{\"@id\":\"https:\\\/\\\/allasorias.hu\\\/hirek\\\/author\\\/admin-allasorias\\\/#author\"},\"publisher\":{\"@id\":\"https:\\\/\\\/allasorias.hu\\\/hirek\\\/#organization\"},\"image\":{\"@type\":\"ImageObject\",\"url\":\"https:\\\/\\\/allasorias.hu\\\/hirek\\\/wp-content\\\/uploads\\\/2020\\\/12\\\/statisztika.jpg\",\"width\":500,\"height\":375},\"datePublished\":\"2020-12-23T12:09:47+02:00\",\"dateModified\":\"2020-12-23T12:09:47+02:00\",\"inLanguage\":\"hu-HU\",\"mainEntityOfPage\":{\"@id\":\"https:\\\/\\\/allasorias.hu\\\/hirek\\\/novemberi-statisztika-a-foglalkoztatottakrol\\\/#webpage\"},\"isPartOf\":{\"@id\":\"https:\\\/\\\/allasorias.hu\\\/hirek\\\/novemberi-statisztika-a-foglalkoztatottakrol\\\/#webpage\"},\"articleSection\":\"Gazdas\\u00e1g\"},{\"@type\":\"BreadcrumbList\",\"@id\":\"https:\\\/\\\/allasorias.hu\\\/hirek\\\/novemberi-statisztika-a-foglalkoztatottakrol\\\/#breadcrumblist\",\"itemListElement\":[{\"@type\":\"ListItem\",\"@id\":\"https:\\\/\\\/allasorias.hu\\\/hirek#listItem\",\"position\":1,\"name\":\"Home\",\"item\":\"https:\\\/\\\/allasorias.hu\\\/hirek\",\"nextItem\":{\"@type\":\"ListItem\",\"@id\":\"https:\\\/\\\/allasorias.hu\\\/hirek\\\/temak\\\/gazdasag\\\/#listItem\",\"name\":\"Gazdas\\u00e1g\"}},{\"@type\":\"ListItem\",\"@id\":\"https:\\\/\\\/allasorias.hu\\\/hirek\\\/temak\\\/gazdasag\\\/#listItem\",\"position\":2,\"name\":\"Gazdas\\u00e1g\",\"item\":\"https:\\\/\\\/allasorias.hu\\\/hirek\\\/temak\\\/gazdasag\\\/\",\"nextItem\":{\"@type\":\"ListItem\",\"@id\":\"https:\\\/\\\/allasorias.hu\\\/hirek\\\/novemberi-statisztika-a-foglalkoztatottakrol\\\/#listItem\",\"name\":\"Novemberi statisztika a foglalkoztatottakr\\u00f3l\"},\"previousItem\":{\"@type\":\"ListItem\",\"@id\":\"https:\\\/\\\/allasorias.hu\\\/hirek#listItem\",\"name\":\"Home\"}},{\"@type\":\"ListItem\",\"@id\":\"https:\\\/\\\/allasorias.hu\\\/hirek\\\/novemberi-statisztika-a-foglalkoztatottakrol\\\/#listItem\",\"position\":3,\"name\":\"Novemberi statisztika a foglalkoztatottakr\\u00f3l\",\"previousItem\":{\"@type\":\"ListItem\",\"@id\":\"https:\\\/\\\/allasorias.hu\\\/hirek\\\/temak\\\/gazdasag\\\/#listItem\",\"name\":\"Gazdas\\u00e1g\"}}]},{\"@type\":\"Organization\",\"@id\":\"https:\\\/\\\/allasorias.hu\\\/hirek\\\/#organization\",\"name\":\"AllasOrias.hu | H\\u00edrek-lapszemle\",\"description\":\"\\u00dczleti h\\u00edrek az \\u00e1ll\\u00e1s \\u00e9s a munka vil\\u00e1g\\u00e1b\\u00f3l\",\"url\":\"https:\\\/\\\/allasorias.hu\\\/hirek\\\/\",\"logo\":{\"@type\":\"ImageObject\",\"url\":\"https:\\\/\\\/allasorias.hu\\\/hirek\\\/wp-content\\\/uploads\\\/2022\\\/10\\\/allasorias_site_facebok_logo.png\",\"@id\":\"https:\\\/\\\/allasorias.hu\\\/hirek\\\/novemberi-statisztika-a-foglalkoztatottakrol\\\/#organizationLogo\"},\"image\":{\"@id\":\"https:\\\/\\\/allasorias.hu\\\/hirek\\\/novemberi-statisztika-a-foglalkoztatottakrol\\\/#organizationLogo\"},\"sameAs\":[\"https:\\\/\\\/www.facebook.com\\\/allasorias\",\"https:\\\/\\\/www.linkedin.com\\\/company\\\/allasorias\"]},{\"@type\":\"Person\",\"@id\":\"https:\\\/\\\/allasorias.hu\\\/hirek\\\/author\\\/admin-allasorias\\\/#author\",\"url\":\"https:\\\/\\\/allasorias.hu\\\/hirek\\\/author\\\/admin-allasorias\\\/\",\"name\":\"Juh\\u00e1sz P\\u00e9ter\",\"image\":{\"@type\":\"ImageObject\",\"@id\":\"https:\\\/\\\/allasorias.hu\\\/hirek\\\/novemberi-statisztika-a-foglalkoztatottakrol\\\/#authorImage\",\"url\":\"https:\\\/\\\/secure.gravatar.com\\\/avatar\\\/36e6bcb83148978b992977cb0f54d22feb0cce8a0a849a9410532bb2623ba4c6?s=96&d=mm&r=g\",\"width\":96,\"height\":96,\"caption\":\"Juh\\u00e1sz P\\u00e9ter\"}},{\"@type\":\"WebPage\",\"@id\":\"https:\\\/\\\/allasorias.hu\\\/hirek\\\/novemberi-statisztika-a-foglalkoztatottakrol\\\/#webpage\",\"url\":\"https:\\\/\\\/allasorias.hu\\\/hirek\\\/novemberi-statisztika-a-foglalkoztatottakrol\\\/\",\"name\":\"Novemberi statisztika a foglalkoztatottakr\\u00f3l | AllasOrias.hu | H\\u00edrek-lapszemle\",\"description\":\"A gyorsbecsl\\u00e9s szerint a munkan\\u00e9lk\\u00fcliek sz\\u00e1ma egy h\\u00f3nap alatt 9 ezerrel, 190 ezerre cs\\u00f6kkent, amivel 34 ezerrel haladja meg a tavaly novemberit magyarorsz\\u00e1gon. Novemberben az el\\u0151z\\u0151 h\\u00f3naphoz k\\u00e9pest 45 ezerrel 4 milli\\u00f3 496 ezerre n\\u0151tt a foglalkoztatottak sz\\u00e1ma, k\\u00f6z\\u00f6lte az el\\u0151zetes gyorsbecsl\\u00e9sre \\u00e9p\\u00fcl\\u0151 adatot Heti monitor\\u00e1ban a K\\u00f6zponti Statisztikai Hivatal (KSH). A foglalkoztatottak novemberi sz\\u00e1ma\",\"inLanguage\":\"hu-HU\",\"isPartOf\":{\"@id\":\"https:\\\/\\\/allasorias.hu\\\/hirek\\\/#website\"},\"breadcrumb\":{\"@id\":\"https:\\\/\\\/allasorias.hu\\\/hirek\\\/novemberi-statisztika-a-foglalkoztatottakrol\\\/#breadcrumblist\"},\"author\":{\"@id\":\"https:\\\/\\\/allasorias.hu\\\/hirek\\\/author\\\/admin-allasorias\\\/#author\"},\"creator\":{\"@id\":\"https:\\\/\\\/allasorias.hu\\\/hirek\\\/author\\\/admin-allasorias\\\/#author\"},\"image\":{\"@type\":\"ImageObject\",\"url\":\"https:\\\/\\\/allasorias.hu\\\/hirek\\\/wp-content\\\/uploads\\\/2020\\\/12\\\/statisztika.jpg\",\"@id\":\"https:\\\/\\\/allasorias.hu\\\/hirek\\\/novemberi-statisztika-a-foglalkoztatottakrol\\\/#mainImage\",\"width\":500,\"height\":375},\"primaryImageOfPage\":{\"@id\":\"https:\\\/\\\/allasorias.hu\\\/hirek\\\/novemberi-statisztika-a-foglalkoztatottakrol\\\/#mainImage\"},\"datePublished\":\"2020-12-23T12:09:47+02:00\",\"dateModified\":\"2020-12-23T12:09:47+02:00\"},{\"@type\":\"WebSite\",\"@id\":\"https:\\\/\\\/allasorias.hu\\\/hirek\\\/#website\",\"url\":\"https:\\\/\\\/allasorias.hu\\\/hirek\\\/\",\"name\":\"AllasOrias.hu | H\\u00edrek-lapszemle\",\"description\":\"\\u00dczleti h\\u00edrek az \\u00e1ll\\u00e1s \\u00e9s a munka vil\\u00e1g\\u00e1b\\u00f3l\",\"inLanguage\":\"hu-HU\",\"publisher\":{\"@id\":\"https:\\\/\\\/allasorias.hu\\\/hirek\\\/#organization\"}}]}\n\t\t<\/script>\n\t\t<!-- All in One SEO -->\n\n","aioseo_head_json":{"title":"Novemberi statisztika a foglalkoztatottakr\u00f3l | AllasOrias.hu | H\u00edrek-lapszemle","description":"A gyorsbecsl\u00e9s szerint a munkan\u00e9lk\u00fcliek sz\u00e1ma egy h\u00f3nap alatt 9 ezerrel, 190 ezerre cs\u00f6kkent, amivel 34 ezerrel haladja meg a tavaly novemberit magyarorsz\u00e1gon. Novemberben az el\u0151z\u0151 h\u00f3naphoz k\u00e9pest 45 ezerrel 4 milli\u00f3 496 ezerre n\u0151tt a foglalkoztatottak sz\u00e1ma, k\u00f6z\u00f6lte az el\u0151zetes gyorsbecsl\u00e9sre \u00e9p\u00fcl\u0151 adatot Heti monitor\u00e1ban a K\u00f6zponti Statisztikai Hivatal (KSH). A foglalkoztatottak novemberi sz\u00e1ma","canonical_url":"https:\/\/allasorias.hu\/hirek\/novemberi-statisztika-a-foglalkoztatottakrol\/","robots":"max-image-preview:large","keywords":"","webmasterTools":{"miscellaneous":""},"schema":{"@context":"https:\/\/schema.org","@graph":[{"@type":"Article","@id":"https:\/\/allasorias.hu\/hirek\/novemberi-statisztika-a-foglalkoztatottakrol\/#article","name":"Novemberi statisztika a foglalkoztatottakr\u00f3l | AllasOrias.hu | H\u00edrek-lapszemle","headline":"Novemberi statisztika a foglalkoztatottakr\u00f3l","author":{"@id":"https:\/\/allasorias.hu\/hirek\/author\/admin-allasorias\/#author"},"publisher":{"@id":"https:\/\/allasorias.hu\/hirek\/#organization"},"image":{"@type":"ImageObject","url":"https:\/\/allasorias.hu\/hirek\/wp-content\/uploads\/2020\/12\/statisztika.jpg","width":500,"height":375},"datePublished":"2020-12-23T12:09:47+02:00","dateModified":"2020-12-23T12:09:47+02:00","inLanguage":"hu-HU","mainEntityOfPage":{"@id":"https:\/\/allasorias.hu\/hirek\/novemberi-statisztika-a-foglalkoztatottakrol\/#webpage"},"isPartOf":{"@id":"https:\/\/allasorias.hu\/hirek\/novemberi-statisztika-a-foglalkoztatottakrol\/#webpage"},"articleSection":"Gazdas\u00e1g"},{"@type":"BreadcrumbList","@id":"https:\/\/allasorias.hu\/hirek\/novemberi-statisztika-a-foglalkoztatottakrol\/#breadcrumblist","itemListElement":[{"@type":"ListItem","@id":"https:\/\/allasorias.hu\/hirek#listItem","position":1,"name":"Home","item":"https:\/\/allasorias.hu\/hirek","nextItem":{"@type":"ListItem","@id":"https:\/\/allasorias.hu\/hirek\/temak\/gazdasag\/#listItem","name":"Gazdas\u00e1g"}},{"@type":"ListItem","@id":"https:\/\/allasorias.hu\/hirek\/temak\/gazdasag\/#listItem","position":2,"name":"Gazdas\u00e1g","item":"https:\/\/allasorias.hu\/hirek\/temak\/gazdasag\/","nextItem":{"@type":"ListItem","@id":"https:\/\/allasorias.hu\/hirek\/novemberi-statisztika-a-foglalkoztatottakrol\/#listItem","name":"Novemberi statisztika a foglalkoztatottakr\u00f3l"},"previousItem":{"@type":"ListItem","@id":"https:\/\/allasorias.hu\/hirek#listItem","name":"Home"}},{"@type":"ListItem","@id":"https:\/\/allasorias.hu\/hirek\/novemberi-statisztika-a-foglalkoztatottakrol\/#listItem","position":3,"name":"Novemberi statisztika a foglalkoztatottakr\u00f3l","previousItem":{"@type":"ListItem","@id":"https:\/\/allasorias.hu\/hirek\/temak\/gazdasag\/#listItem","name":"Gazdas\u00e1g"}}]},{"@type":"Organization","@id":"https:\/\/allasorias.hu\/hirek\/#organization","name":"AllasOrias.hu | H\u00edrek-lapszemle","description":"\u00dczleti h\u00edrek az \u00e1ll\u00e1s \u00e9s a munka vil\u00e1g\u00e1b\u00f3l","url":"https:\/\/allasorias.hu\/hirek\/","logo":{"@type":"ImageObject","url":"https:\/\/allasorias.hu\/hirek\/wp-content\/uploads\/2022\/10\/allasorias_site_facebok_logo.png","@id":"https:\/\/allasorias.hu\/hirek\/novemberi-statisztika-a-foglalkoztatottakrol\/#organizationLogo"},"image":{"@id":"https:\/\/allasorias.hu\/hirek\/novemberi-statisztika-a-foglalkoztatottakrol\/#organizationLogo"},"sameAs":["https:\/\/www.facebook.com\/allasorias","https:\/\/www.linkedin.com\/company\/allasorias"]},{"@type":"Person","@id":"https:\/\/allasorias.hu\/hirek\/author\/admin-allasorias\/#author","url":"https:\/\/allasorias.hu\/hirek\/author\/admin-allasorias\/","name":"Juh\u00e1sz P\u00e9ter","image":{"@type":"ImageObject","@id":"https:\/\/allasorias.hu\/hirek\/novemberi-statisztika-a-foglalkoztatottakrol\/#authorImage","url":"https:\/\/secure.gravatar.com\/avatar\/36e6bcb83148978b992977cb0f54d22feb0cce8a0a849a9410532bb2623ba4c6?s=96&d=mm&r=g","width":96,"height":96,"caption":"Juh\u00e1sz P\u00e9ter"}},{"@type":"WebPage","@id":"https:\/\/allasorias.hu\/hirek\/novemberi-statisztika-a-foglalkoztatottakrol\/#webpage","url":"https:\/\/allasorias.hu\/hirek\/novemberi-statisztika-a-foglalkoztatottakrol\/","name":"Novemberi statisztika a foglalkoztatottakr\u00f3l | AllasOrias.hu | H\u00edrek-lapszemle","description":"A gyorsbecsl\u00e9s szerint a munkan\u00e9lk\u00fcliek sz\u00e1ma egy h\u00f3nap alatt 9 ezerrel, 190 ezerre cs\u00f6kkent, amivel 34 ezerrel haladja meg a tavaly novemberit magyarorsz\u00e1gon. Novemberben az el\u0151z\u0151 h\u00f3naphoz k\u00e9pest 45 ezerrel 4 milli\u00f3 496 ezerre n\u0151tt a foglalkoztatottak sz\u00e1ma, k\u00f6z\u00f6lte az el\u0151zetes gyorsbecsl\u00e9sre \u00e9p\u00fcl\u0151 adatot Heti monitor\u00e1ban a K\u00f6zponti Statisztikai Hivatal (KSH). A foglalkoztatottak novemberi sz\u00e1ma","inLanguage":"hu-HU","isPartOf":{"@id":"https:\/\/allasorias.hu\/hirek\/#website"},"breadcrumb":{"@id":"https:\/\/allasorias.hu\/hirek\/novemberi-statisztika-a-foglalkoztatottakrol\/#breadcrumblist"},"author":{"@id":"https:\/\/allasorias.hu\/hirek\/author\/admin-allasorias\/#author"},"creator":{"@id":"https:\/\/allasorias.hu\/hirek\/author\/admin-allasorias\/#author"},"image":{"@type":"ImageObject","url":"https:\/\/allasorias.hu\/hirek\/wp-content\/uploads\/2020\/12\/statisztika.jpg","@id":"https:\/\/allasorias.hu\/hirek\/novemberi-statisztika-a-foglalkoztatottakrol\/#mainImage","width":500,"height":375},"primaryImageOfPage":{"@id":"https:\/\/allasorias.hu\/hirek\/novemberi-statisztika-a-foglalkoztatottakrol\/#mainImage"},"datePublished":"2020-12-23T12:09:47+02:00","dateModified":"2020-12-23T12:09:47+02:00"},{"@type":"WebSite","@id":"https:\/\/allasorias.hu\/hirek\/#website","url":"https:\/\/allasorias.hu\/hirek\/","name":"AllasOrias.hu | H\u00edrek-lapszemle","description":"\u00dczleti h\u00edrek az \u00e1ll\u00e1s \u00e9s a munka vil\u00e1g\u00e1b\u00f3l","inLanguage":"hu-HU","publisher":{"@id":"https:\/\/allasorias.hu\/hirek\/#organization"}}]},"og:locale":"hu_HU","og:site_name":"AllasOrias.hu | H\u00edrek-lapszemle | \u00dczleti h\u00edrek az \u00e1ll\u00e1s \u00e9s a munka vil\u00e1g\u00e1b\u00f3l","og:type":"article","og:title":"Novemberi statisztika a foglalkoztatottakr\u00f3l | AllasOrias.hu | H\u00edrek-lapszemle","og:description":"A gyorsbecsl\u00e9s szerint a munkan\u00e9lk\u00fcliek sz\u00e1ma egy h\u00f3nap alatt 9 ezerrel, 190 ezerre cs\u00f6kkent, amivel 34 ezerrel haladja meg a tavaly novemberit magyarorsz\u00e1gon. Novemberben az el\u0151z\u0151 h\u00f3naphoz k\u00e9pest 45 ezerrel 4 milli\u00f3 496 ezerre n\u0151tt a foglalkoztatottak sz\u00e1ma, k\u00f6z\u00f6lte az el\u0151zetes gyorsbecsl\u00e9sre \u00e9p\u00fcl\u0151 adatot Heti monitor\u00e1ban a K\u00f6zponti Statisztikai Hivatal (KSH). A foglalkoztatottak novemberi sz\u00e1ma","og:url":"https:\/\/allasorias.hu\/hirek\/novemberi-statisztika-a-foglalkoztatottakrol\/","og:image":"https:\/\/allasorias.hu\/hirek\/wp-content\/uploads\/2020\/12\/statisztika.jpg","og:image:secure_url":"https:\/\/allasorias.hu\/hirek\/wp-content\/uploads\/2020\/12\/statisztika.jpg","og:image:width":500,"og:image:height":375,"article:published_time":"2020-12-23T12:09:47+00:00","article:modified_time":"2020-12-23T12:09:47+00:00","article:publisher":"https:\/\/www.facebook.com\/allasorias","twitter:card":"summary_large_image","twitter:title":"Novemberi statisztika a foglalkoztatottakr\u00f3l | AllasOrias.hu | H\u00edrek-lapszemle","twitter:description":"A gyorsbecsl\u00e9s szerint a munkan\u00e9lk\u00fcliek sz\u00e1ma egy h\u00f3nap alatt 9 ezerrel, 190 ezerre cs\u00f6kkent, amivel 34 ezerrel haladja meg a tavaly novemberit magyarorsz\u00e1gon. Novemberben az el\u0151z\u0151 h\u00f3naphoz k\u00e9pest 45 ezerrel 4 milli\u00f3 496 ezerre n\u0151tt a foglalkoztatottak sz\u00e1ma, k\u00f6z\u00f6lte az el\u0151zetes gyorsbecsl\u00e9sre \u00e9p\u00fcl\u0151 adatot Heti monitor\u00e1ban a K\u00f6zponti Statisztikai Hivatal (KSH). A foglalkoztatottak novemberi sz\u00e1ma","twitter:image":"https:\/\/allasorias.hu\/hirek\/wp-content\/uploads\/2020\/12\/statisztika.jpg","twitter:label1":"Written by","twitter:data1":"Juh\u00e1sz P\u00e9ter","twitter:label2":"Est. reading time","twitter:data2":"2 minutes"},"aioseo_meta_data":{"post_id":"4462","title":null,"description":"","keywords":"","keyphrases":null,"primary_term":null,"canonical_url":"","og_title":null,"og_description":null,"og_object_type":"default","og_image_type":"default","og_image_url":null,"og_image_width":null,"og_image_height":null,"og_image_custom_url":null,"og_image_custom_fields":null,"og_video":null,"og_custom_url":null,"og_article_section":null,"og_article_tags":null,"twitter_use_og":false,"twitter_card":"default","twitter_image_type":"default","twitter_image_url":null,"twitter_image_custom_url":null,"twitter_image_custom_fields":null,"twitter_title":null,"twitter_description":null,"schema":{"blockGraphs":[],"customGraphs":[],"default":{"data":{"Article":[],"Course":[],"Dataset":[],"FAQPage":[],"Movie":[],"Person":[],"Product":[],"ProductReview":[],"Car":[],"Recipe":[],"Service":[],"SoftwareApplication":[],"WebPage":[]},"graphName":"","isEnabled":true},"graphs":[],"defaultGraph":"","defaultPostTypeGraph":""},"schema_type":null,"schema_type_options":null,"pillar_content":false,"robots_default":true,"robots_noindex":false,"robots_noarchive":false,"robots_nosnippet":false,"robots_nofollow":false,"robots_noimageindex":false,"robots_noodp":false,"robots_notranslate":false,"robots_max_snippet":null,"robots_max_videopreview":null,"robots_max_imagepreview":"large","priority":null,"frequency":null,"location":null,"local_seo":null,"breadcrumb_settings":null,"limit_modified_date":false,"ai":null,"created":"2021-02-01 20:44:29","updated":"2025-10-02 15:07:39","seo_analyzer_scan_date":null,"focus_keyword":null,"additional_keywords":null,"truseo_locale":null},"aioseo_breadcrumb":"<div class=\"aioseo-breadcrumbs\"><span class=\"aioseo-breadcrumb\">\n\t\t\t<a href=\"https:\/\/allasorias.hu\/hirek\" title=\"Home\">Home<\/a>\n\t\t<\/span><span class=\"aioseo-breadcrumb-separator\">&raquo;<\/span><span class=\"aioseo-breadcrumb\">\n\t\t\t<a href=\"https:\/\/allasorias.hu\/hirek\/temak\/gazdasag\/\" title=\"Gazdas\u00e1g\">Gazdas\u00e1g<\/a>\n\t\t<\/span><span class=\"aioseo-breadcrumb-separator\">&raquo;<\/span><span class=\"aioseo-breadcrumb\">\n\t\t\tNovemberi statisztika a foglalkoztatottakr\u00f3l\n\t\t<\/span><\/div>","aioseo_breadcrumb_json":[{"label":"Home","link":"https:\/\/allasorias.hu\/hirek"},{"label":"Gazdas\u00e1g","link":"https:\/\/allasorias.hu\/hirek\/temak\/gazdasag\/"},{"label":"Novemberi statisztika a foglalkoztatottakr\u00f3l","link":"https:\/\/allasorias.hu\/hirek\/novemberi-statisztika-a-foglalkoztatottakrol\/"}],"_links":{"self":[{"href":"https:\/\/allasorias.hu\/hirek\/wp-json\/wp\/v2\/posts\/4462","targetHints":{"allow":["GET"]}}],"collection":[{"href":"https:\/\/allasorias.hu\/hirek\/wp-json\/wp\/v2\/posts"}],"about":[{"href":"https:\/\/allasorias.hu\/hirek\/wp-json\/wp\/v2\/types\/post"}],"author":[{"embeddable":true,"href":"https:\/\/allasorias.hu\/hirek\/wp-json\/wp\/v2\/users\/1"}],"replies":[{"embeddable":true,"href":"https:\/\/allasorias.hu\/hirek\/wp-json\/wp\/v2\/comments?post=4462"}],"version-history":[{"count":1,"href":"https:\/\/allasorias.hu\/hirek\/wp-json\/wp\/v2\/posts\/4462\/revisions"}],"predecessor-version":[{"id":4464,"href":"https:\/\/allasorias.hu\/hirek\/wp-json\/wp\/v2\/posts\/4462\/revisions\/4464"}],"wp:featuredmedia":[{"embeddable":true,"href":"https:\/\/allasorias.hu\/hirek\/wp-json\/wp\/v2\/media\/4463"}],"wp:attachment":[{"href":"https:\/\/allasorias.hu\/hirek\/wp-json\/wp\/v2\/media?parent=4462"}],"wp:term":[{"taxonomy":"category","embeddable":true,"href":"https:\/\/allasorias.hu\/hirek\/wp-json\/wp\/v2\/categories?post=4462"},{"taxonomy":"post_tag","embeddable":true,"href":"https:\/\/allasorias.hu\/hirek\/wp-json\/wp\/v2\/tags?post=4462"}],"curies":[{"name":"wp","href":"https:\/\/api.w.org\/{rel}","templated":true}]}}