{"id":4457,"date":"2020-12-21T10:43:43","date_gmt":"2020-12-21T10:43:43","guid":{"rendered":"https:\/\/allasorias.hu\/hirek\/?p=4457"},"modified":"2020-12-21T10:44:30","modified_gmt":"2020-12-21T10:44:30","slug":"szabalyozni-szukseges-az-otthoni-munka-felteteleit","status":"publish","type":"post","link":"https:\/\/allasorias.hu\/hirek\/szabalyozni-szukseges-az-otthoni-munka-felteteleit\/","title":{"rendered":"Szab\u00e1lyozni sz\u00fcks\u00e9ges az otthoni munka felt\u00e9teleit"},"content":{"rendered":"<p><strong>A munk\u00e1ltat\u00f3k el\u0151szeretettel alkalmazz\u00e1k az otthoni munkav\u00e9gz\u00e9st, a home officet \u2013 \u00e9s pont ez\u00e9rt v\u00e1lt sz\u00fcks\u00e9gess\u00e9, hogy ak\u00e1r a munka t\u00f6rv\u00e9nyk\u00f6nyv\u00e9n bel\u00fcl, ak\u00e1r egy \u00f6n\u00e1ll\u00f3 jogszab\u00e1lyban szab\u00e1lyozz\u00e1k k\u00f6r\u00fclm\u00e9nyeit, felt\u00e9teleit, mindk\u00e9t f\u00e9l jog\u00e1t \u00e9s k\u00f6teless\u00e9g\u00e9t. A vil\u00e1gj\u00e1rv\u00e1ny lecsillapod\u00e1sa ut\u00e1n is maradhat a home office a c\u00e9gek t\u00f6bbs\u00e9g\u00e9n\u00e9l, \u00e1ll\u00edtja egyre t\u00f6bb munkaer\u0151piaci szak\u00e9rt\u0151. <\/strong><\/p>\n<p>A home office-t a jelenleg is \u00e9rv\u00e9nyben l\u00e9v\u0151 korm\u00e1nyrendelet r\u00e9szben szab\u00e1lyozza, \u00e1m t\u00f6bb r\u00e9szlet rendezetlen \u2013 nagyr\u00e9szt a munk\u00e1ltat\u00f3ra \u00e9s a munkav\u00e1llal\u00f3ra van b\u00edzva, hogyan \u00e1llapodnak meg p\u00e9ld\u00e1ul az adatv\u00e9delmi vagy a munkav\u00e9delmi k\u00e9rd\u00e9sekben, \u00edrja az ATV. A szakt\u00e1rca kor\u00e1bban azt tervezte, hogy a szab\u00e1lyoz\u00e1s beker\u00fcl a munkat\u00f6rv\u00e9nyk\u00f6nyv\u00e9be, \u00e1m ebb\u0151l v\u00e9g\u00fcl nem lett semmi. Kord\u00e1s L\u00e1szl\u00f3, a MASZSZ eln\u00f6ke szerint nagyon \u00fagy t\u0171nik, hogy a munk\u00e1ltat\u00f3k el\u0151szeretettel alkalmazz\u00e1k ezt a fajta, otthoni munkav\u00e9gz\u00e9st \u2013 \u00e9s pont ez\u00e9rt v\u00e1lt sz\u00fcks\u00e9gess\u00e9, hogy ak\u00e1r a munka t\u00f6rv\u00e9nyk\u00f6nyv\u00e9n bel\u00fcl, ak\u00e1r egy \u00f6n\u00e1ll\u00f3 jogszab\u00e1lyban szab\u00e1lyozz\u00e1k k\u00f6r\u00fclm\u00e9nyeit, felt\u00e9teleit, mindk\u00e9t f\u00e9l jog\u00e1t \u00e9s k\u00f6teless\u00e9g\u00e9t. Az egyik kegk\u00e9rd\u00e9sesebb ter\u00fclet az adatv\u00e9delem. Otthoni k\u00f6rnyezetben ugyanis nem minden esetben garant\u00e1lt, hogy a c\u00e9ges adatokat nem l\u00e1tj\u00e1k illet\u00e9ktelenek, \u00e1m az is gondot okozhat, ha az otthoni informatikai eszk\u00f6z\u00f6n nincsen megfelel\u0151 t\u0171zfal. A hackerek \u00e9ppen ezt haszn\u00e1lj\u00e1k ki ebben az id\u0151szakban, c\u00e9lj\u00fck, hogy adataink megszerz\u00e9s\u00e9vel p\u00e9nzt szerezzenek. R\u00f3nasz\u00e9ki P\u00e9ter, a Fortix Consulting kiberbiztons\u00e1gi szak\u00e9rt\u0151je szerint egyre t\u00f6bb c\u00e9g j\u00f6n r\u00e1, hogy milyen vesz\u00e9lynek van kit\u00e9ve az otthoni munkav\u00e9gz\u00e9ssel, \u00e1m \u00edgy is komoly feljeszt\u00e9sekre van sz\u00fcks\u00e9g a v\u00e1llalatokn\u00e1l. De nem csak az adatv\u00e9delem k\u00e9ts\u00e9gess\u00e9ge a baj az otthoni munkav\u00e9gz\u00e9ssel, m\u00e1r az els\u0151 hull\u00e1mban is sok h\u00e1ztart\u00e1sban okozott gondot a t\u00e1vmunka megszervez\u00e9se: amellett, hogy ilyenkor az otthoni infrastrukt\u00far\u00e1t \u2013 saj\u00e1t kont\u00f3ra \u2013 k\u00e9nytelenek haszn\u00e1lni a munkav\u00e1llal\u00f3k, a gyermekfel\u00fcgyelet is nehezen meggondolhat\u00f3 k\u00e9rd\u00e9s, hi\u00e1ba \u00fczemeltek a kij\u00e1r\u00e1si tilalom alatt \u00fcgyeletes \u00f3vod\u00e1k \u00e9s b\u00f6lcs\u00f6d\u00e9k is. Ahogyan j\u00faniusban \u00edrtuk: az egyik legnagyobb pedag\u00f3gus \u00e9rdekv\u00e9delmi szervezet, a PDSZ (Pedag\u00f3gusok Demokratikus Szakszervezete) inform\u00e1ci\u00f3i szerint egy pedag\u00f3gusnak \u00e1tlagosan 51 ezer forintot kellett elk\u00f6ltenie, hogy helyt tudjon \u00e1llni a digit\u00e1lis oktat\u00e1s sor\u00e1n.<\/p>\n<p>Forr\u00e1s: merce.hu<\/p>\n","protected":false},"excerpt":{"rendered":"<p>A munk\u00e1ltat\u00f3k el\u0151szeretettel alkalmazz\u00e1k az otthoni munkav\u00e9gz\u00e9st, a home officet \u2013 \u00e9s pont ez\u00e9rt v\u00e1lt sz\u00fcks\u00e9gess\u00e9, hogy ak\u00e1r a munka t\u00f6rv\u00e9nyk\u00f6nyv\u00e9n bel\u00fcl, ak\u00e1r egy \u00f6n\u00e1ll\u00f3 jogszab\u00e1lyban szab\u00e1lyozz\u00e1k k\u00f6r\u00fclm\u00e9nyeit, felt\u00e9teleit, mindk\u00e9t f\u00e9l jog\u00e1t \u00e9s k\u00f6teless\u00e9g\u00e9t. A vil\u00e1gj\u00e1rv\u00e1ny lecsillapod\u00e1sa ut\u00e1n is maradhat a home office a c\u00e9gek t\u00f6bbs\u00e9g\u00e9n\u00e9l, \u00e1ll\u00edtja egyre t\u00f6bb munkaer\u0151piaci szak\u00e9rt\u0151. A home office-t a [&hellip;]<\/p>\n","protected":false},"author":1,"featured_media":4211,"comment_status":"open","ping_status":"open","sticky":false,"template":"","format":"standard","meta":{"_monsterinsights_skip_tracking":false,"footnotes":""},"categories":[200],"tags":[],"class_list":["post-4457","post","type-post","status-publish","format-standard","has-post-thumbnail","hentry","category-munkaeropiac"],"aioseo_notices":[],"aioseo_head":"\n\t\t<!-- All in One SEO 5.0.0.1 - aioseo.com -->\n\t<meta name=\"description\" content=\"A munk\u00e1ltat\u00f3k el\u0151szeretettel alkalmazz\u00e1k az otthoni munkav\u00e9gz\u00e9st, a home officet \u2013 \u00e9s pont ez\u00e9rt v\u00e1lt sz\u00fcks\u00e9gess\u00e9, hogy ak\u00e1r a munka t\u00f6rv\u00e9nyk\u00f6nyv\u00e9n bel\u00fcl, ak\u00e1r egy \u00f6n\u00e1ll\u00f3 jogszab\u00e1lyban szab\u00e1lyozz\u00e1k k\u00f6r\u00fclm\u00e9nyeit, felt\u00e9teleit, mindk\u00e9t f\u00e9l jog\u00e1t \u00e9s k\u00f6teless\u00e9g\u00e9t. A vil\u00e1gj\u00e1rv\u00e1ny lecsillapod\u00e1sa ut\u00e1n is maradhat a home office a c\u00e9gek t\u00f6bbs\u00e9g\u00e9n\u00e9l, \u00e1ll\u00edtja egyre t\u00f6bb munkaer\u0151piaci szak\u00e9rt\u0151. A home office-t a\" \/>\n\t<meta name=\"robots\" content=\"max-image-preview:large\" \/>\n\t<meta name=\"author\" content=\"Juh\u00e1sz P\u00e9ter\"\/>\n\t<link rel=\"canonical\" href=\"https:\/\/allasorias.hu\/hirek\/szabalyozni-szukseges-az-otthoni-munka-felteteleit\/\" \/>\n\t<meta name=\"generator\" content=\"All in One SEO (AIOSEO) 5.0.0.1\" \/>\n\t\t<meta property=\"og:locale\" content=\"hu_HU\" \/>\n\t\t<meta property=\"og:site_name\" content=\"AllasOrias.hu | H\u00edrek-lapszemle | \u00dczleti h\u00edrek az \u00e1ll\u00e1s \u00e9s a munka vil\u00e1g\u00e1b\u00f3l\" \/>\n\t\t<meta property=\"og:type\" content=\"article\" \/>\n\t\t<meta property=\"og:title\" content=\"Szab\u00e1lyozni sz\u00fcks\u00e9ges az otthoni munka felt\u00e9teleit | AllasOrias.hu | H\u00edrek-lapszemle\" \/>\n\t\t<meta property=\"og:description\" content=\"A munk\u00e1ltat\u00f3k el\u0151szeretettel alkalmazz\u00e1k az otthoni munkav\u00e9gz\u00e9st, a home officet \u2013 \u00e9s pont ez\u00e9rt v\u00e1lt sz\u00fcks\u00e9gess\u00e9, hogy ak\u00e1r a munka t\u00f6rv\u00e9nyk\u00f6nyv\u00e9n bel\u00fcl, ak\u00e1r egy \u00f6n\u00e1ll\u00f3 jogszab\u00e1lyban szab\u00e1lyozz\u00e1k k\u00f6r\u00fclm\u00e9nyeit, felt\u00e9teleit, mindk\u00e9t f\u00e9l jog\u00e1t \u00e9s k\u00f6teless\u00e9g\u00e9t. A vil\u00e1gj\u00e1rv\u00e1ny lecsillapod\u00e1sa ut\u00e1n is maradhat a home office a c\u00e9gek t\u00f6bbs\u00e9g\u00e9n\u00e9l, \u00e1ll\u00edtja egyre t\u00f6bb munkaer\u0151piaci szak\u00e9rt\u0151. A home office-t a\" \/>\n\t\t<meta property=\"og:url\" content=\"https:\/\/allasorias.hu\/hirek\/szabalyozni-szukseges-az-otthoni-munka-felteteleit\/\" \/>\n\t\t<meta property=\"og:image\" content=\"https:\/\/allasorias.hu\/hirek\/wp-content\/uploads\/2020\/08\/home-office-5190504_960_720.jpg\" \/>\n\t\t<meta property=\"og:image:secure_url\" content=\"https:\/\/allasorias.hu\/hirek\/wp-content\/uploads\/2020\/08\/home-office-5190504_960_720.jpg\" \/>\n\t\t<meta property=\"og:image:width\" content=\"960\" \/>\n\t\t<meta property=\"og:image:height\" content=\"640\" \/>\n\t\t<meta property=\"article:published_time\" content=\"2020-12-21T10:43:43+00:00\" \/>\n\t\t<meta property=\"article:modified_time\" content=\"2020-12-21T10:44:30+00:00\" \/>\n\t\t<meta property=\"article:publisher\" content=\"https:\/\/www.facebook.com\/allasorias\" \/>\n\t\t<meta name=\"twitter:card\" content=\"summary_large_image\" \/>\n\t\t<meta name=\"twitter:title\" content=\"Szab\u00e1lyozni sz\u00fcks\u00e9ges az otthoni munka felt\u00e9teleit | AllasOrias.hu | H\u00edrek-lapszemle\" \/>\n\t\t<meta name=\"twitter:description\" content=\"A munk\u00e1ltat\u00f3k el\u0151szeretettel alkalmazz\u00e1k az otthoni munkav\u00e9gz\u00e9st, a home officet \u2013 \u00e9s pont ez\u00e9rt v\u00e1lt sz\u00fcks\u00e9gess\u00e9, hogy ak\u00e1r a munka t\u00f6rv\u00e9nyk\u00f6nyv\u00e9n bel\u00fcl, ak\u00e1r egy \u00f6n\u00e1ll\u00f3 jogszab\u00e1lyban szab\u00e1lyozz\u00e1k k\u00f6r\u00fclm\u00e9nyeit, felt\u00e9teleit, mindk\u00e9t f\u00e9l jog\u00e1t \u00e9s k\u00f6teless\u00e9g\u00e9t. A vil\u00e1gj\u00e1rv\u00e1ny lecsillapod\u00e1sa ut\u00e1n is maradhat a home office a c\u00e9gek t\u00f6bbs\u00e9g\u00e9n\u00e9l, \u00e1ll\u00edtja egyre t\u00f6bb munkaer\u0151piaci szak\u00e9rt\u0151. A home office-t a\" \/>\n\t\t<meta name=\"twitter:image\" content=\"https:\/\/allasorias.hu\/hirek\/wp-content\/uploads\/2020\/08\/home-office-5190504_960_720.jpg\" \/>\n\t\t<meta name=\"twitter:label1\" content=\"Written by\" \/>\n\t\t<meta name=\"twitter:data1\" content=\"Juh\u00e1sz P\u00e9ter\" \/>\n\t\t<meta name=\"twitter:label2\" content=\"Est. reading time\" \/>\n\t\t<meta name=\"twitter:data2\" content=\"3 minutes\" \/>\n\t\t<script type=\"application\/ld+json\" class=\"aioseo-schema\">\n\t\t\t{\"@context\":\"https:\\\/\\\/schema.org\",\"@graph\":[{\"@type\":\"Article\",\"@id\":\"https:\\\/\\\/allasorias.hu\\\/hirek\\\/szabalyozni-szukseges-az-otthoni-munka-felteteleit\\\/#article\",\"name\":\"Szab\\u00e1lyozni sz\\u00fcks\\u00e9ges az otthoni munka felt\\u00e9teleit | AllasOrias.hu | H\\u00edrek-lapszemle\",\"headline\":\"Szab\\u00e1lyozni sz\\u00fcks\\u00e9ges az otthoni munka felt\\u00e9teleit\",\"author\":{\"@id\":\"https:\\\/\\\/allasorias.hu\\\/hirek\\\/author\\\/admin-allasorias\\\/#author\"},\"publisher\":{\"@id\":\"https:\\\/\\\/allasorias.hu\\\/hirek\\\/#organization\"},\"image\":{\"@type\":\"ImageObject\",\"url\":\"https:\\\/\\\/allasorias.hu\\\/hirek\\\/wp-content\\\/uploads\\\/2020\\\/08\\\/home-office-5190504_960_720.jpg\",\"width\":960,\"height\":640},\"datePublished\":\"2020-12-21T10:43:43+02:00\",\"dateModified\":\"2020-12-21T10:44:30+02:00\",\"inLanguage\":\"hu-HU\",\"mainEntityOfPage\":{\"@id\":\"https:\\\/\\\/allasorias.hu\\\/hirek\\\/szabalyozni-szukseges-az-otthoni-munka-felteteleit\\\/#webpage\"},\"isPartOf\":{\"@id\":\"https:\\\/\\\/allasorias.hu\\\/hirek\\\/szabalyozni-szukseges-az-otthoni-munka-felteteleit\\\/#webpage\"},\"articleSection\":\"Munkaer\\u0151piac\"},{\"@type\":\"BreadcrumbList\",\"@id\":\"https:\\\/\\\/allasorias.hu\\\/hirek\\\/szabalyozni-szukseges-az-otthoni-munka-felteteleit\\\/#breadcrumblist\",\"itemListElement\":[{\"@type\":\"ListItem\",\"@id\":\"https:\\\/\\\/allasorias.hu\\\/hirek#listItem\",\"position\":1,\"name\":\"Home\",\"item\":\"https:\\\/\\\/allasorias.hu\\\/hirek\",\"nextItem\":{\"@type\":\"ListItem\",\"@id\":\"https:\\\/\\\/allasorias.hu\\\/hirek\\\/temak\\\/munkaeropiac\\\/#listItem\",\"name\":\"Munkaer\\u0151piac\"}},{\"@type\":\"ListItem\",\"@id\":\"https:\\\/\\\/allasorias.hu\\\/hirek\\\/temak\\\/munkaeropiac\\\/#listItem\",\"position\":2,\"name\":\"Munkaer\\u0151piac\",\"item\":\"https:\\\/\\\/allasorias.hu\\\/hirek\\\/temak\\\/munkaeropiac\\\/\",\"nextItem\":{\"@type\":\"ListItem\",\"@id\":\"https:\\\/\\\/allasorias.hu\\\/hirek\\\/szabalyozni-szukseges-az-otthoni-munka-felteteleit\\\/#listItem\",\"name\":\"Szab\\u00e1lyozni sz\\u00fcks\\u00e9ges az otthoni munka felt\\u00e9teleit\"},\"previousItem\":{\"@type\":\"ListItem\",\"@id\":\"https:\\\/\\\/allasorias.hu\\\/hirek#listItem\",\"name\":\"Home\"}},{\"@type\":\"ListItem\",\"@id\":\"https:\\\/\\\/allasorias.hu\\\/hirek\\\/szabalyozni-szukseges-az-otthoni-munka-felteteleit\\\/#listItem\",\"position\":3,\"name\":\"Szab\\u00e1lyozni sz\\u00fcks\\u00e9ges az otthoni munka felt\\u00e9teleit\",\"previousItem\":{\"@type\":\"ListItem\",\"@id\":\"https:\\\/\\\/allasorias.hu\\\/hirek\\\/temak\\\/munkaeropiac\\\/#listItem\",\"name\":\"Munkaer\\u0151piac\"}}]},{\"@type\":\"Organization\",\"@id\":\"https:\\\/\\\/allasorias.hu\\\/hirek\\\/#organization\",\"name\":\"AllasOrias.hu | H\\u00edrek-lapszemle\",\"description\":\"\\u00dczleti h\\u00edrek az \\u00e1ll\\u00e1s \\u00e9s a munka vil\\u00e1g\\u00e1b\\u00f3l\",\"url\":\"https:\\\/\\\/allasorias.hu\\\/hirek\\\/\",\"logo\":{\"@type\":\"ImageObject\",\"url\":\"https:\\\/\\\/allasorias.hu\\\/hirek\\\/wp-content\\\/uploads\\\/2022\\\/10\\\/allasorias_site_facebok_logo.png\",\"@id\":\"https:\\\/\\\/allasorias.hu\\\/hirek\\\/szabalyozni-szukseges-az-otthoni-munka-felteteleit\\\/#organizationLogo\"},\"image\":{\"@id\":\"https:\\\/\\\/allasorias.hu\\\/hirek\\\/szabalyozni-szukseges-az-otthoni-munka-felteteleit\\\/#organizationLogo\"},\"sameAs\":[\"https:\\\/\\\/www.facebook.com\\\/allasorias\",\"https:\\\/\\\/www.linkedin.com\\\/company\\\/allasorias\"]},{\"@type\":\"Person\",\"@id\":\"https:\\\/\\\/allasorias.hu\\\/hirek\\\/author\\\/admin-allasorias\\\/#author\",\"url\":\"https:\\\/\\\/allasorias.hu\\\/hirek\\\/author\\\/admin-allasorias\\\/\",\"name\":\"Juh\\u00e1sz P\\u00e9ter\",\"image\":{\"@type\":\"ImageObject\",\"@id\":\"https:\\\/\\\/allasorias.hu\\\/hirek\\\/szabalyozni-szukseges-az-otthoni-munka-felteteleit\\\/#authorImage\",\"url\":\"https:\\\/\\\/secure.gravatar.com\\\/avatar\\\/36e6bcb83148978b992977cb0f54d22feb0cce8a0a849a9410532bb2623ba4c6?s=96&d=mm&r=g\",\"width\":96,\"height\":96,\"caption\":\"Juh\\u00e1sz P\\u00e9ter\"}},{\"@type\":\"WebPage\",\"@id\":\"https:\\\/\\\/allasorias.hu\\\/hirek\\\/szabalyozni-szukseges-az-otthoni-munka-felteteleit\\\/#webpage\",\"url\":\"https:\\\/\\\/allasorias.hu\\\/hirek\\\/szabalyozni-szukseges-az-otthoni-munka-felteteleit\\\/\",\"name\":\"Szab\\u00e1lyozni sz\\u00fcks\\u00e9ges az otthoni munka felt\\u00e9teleit | AllasOrias.hu | H\\u00edrek-lapszemle\",\"description\":\"A munk\\u00e1ltat\\u00f3k el\\u0151szeretettel alkalmazz\\u00e1k az otthoni munkav\\u00e9gz\\u00e9st, a home officet \\u2013 \\u00e9s pont ez\\u00e9rt v\\u00e1lt sz\\u00fcks\\u00e9gess\\u00e9, hogy ak\\u00e1r a munka t\\u00f6rv\\u00e9nyk\\u00f6nyv\\u00e9n bel\\u00fcl, ak\\u00e1r egy \\u00f6n\\u00e1ll\\u00f3 jogszab\\u00e1lyban szab\\u00e1lyozz\\u00e1k k\\u00f6r\\u00fclm\\u00e9nyeit, felt\\u00e9teleit, mindk\\u00e9t f\\u00e9l jog\\u00e1t \\u00e9s k\\u00f6teless\\u00e9g\\u00e9t. A vil\\u00e1gj\\u00e1rv\\u00e1ny lecsillapod\\u00e1sa ut\\u00e1n is maradhat a home office a c\\u00e9gek t\\u00f6bbs\\u00e9g\\u00e9n\\u00e9l, \\u00e1ll\\u00edtja egyre t\\u00f6bb munkaer\\u0151piaci szak\\u00e9rt\\u0151. A home office-t a\",\"inLanguage\":\"hu-HU\",\"isPartOf\":{\"@id\":\"https:\\\/\\\/allasorias.hu\\\/hirek\\\/#website\"},\"breadcrumb\":{\"@id\":\"https:\\\/\\\/allasorias.hu\\\/hirek\\\/szabalyozni-szukseges-az-otthoni-munka-felteteleit\\\/#breadcrumblist\"},\"author\":{\"@id\":\"https:\\\/\\\/allasorias.hu\\\/hirek\\\/author\\\/admin-allasorias\\\/#author\"},\"creator\":{\"@id\":\"https:\\\/\\\/allasorias.hu\\\/hirek\\\/author\\\/admin-allasorias\\\/#author\"},\"image\":{\"@type\":\"ImageObject\",\"url\":\"https:\\\/\\\/allasorias.hu\\\/hirek\\\/wp-content\\\/uploads\\\/2020\\\/08\\\/home-office-5190504_960_720.jpg\",\"@id\":\"https:\\\/\\\/allasorias.hu\\\/hirek\\\/szabalyozni-szukseges-az-otthoni-munka-felteteleit\\\/#mainImage\",\"width\":960,\"height\":640},\"primaryImageOfPage\":{\"@id\":\"https:\\\/\\\/allasorias.hu\\\/hirek\\\/szabalyozni-szukseges-az-otthoni-munka-felteteleit\\\/#mainImage\"},\"datePublished\":\"2020-12-21T10:43:43+02:00\",\"dateModified\":\"2020-12-21T10:44:30+02:00\"},{\"@type\":\"WebSite\",\"@id\":\"https:\\\/\\\/allasorias.hu\\\/hirek\\\/#website\",\"url\":\"https:\\\/\\\/allasorias.hu\\\/hirek\\\/\",\"name\":\"AllasOrias.hu | H\\u00edrek-lapszemle\",\"description\":\"\\u00dczleti h\\u00edrek az \\u00e1ll\\u00e1s \\u00e9s a munka vil\\u00e1g\\u00e1b\\u00f3l\",\"inLanguage\":\"hu-HU\",\"publisher\":{\"@id\":\"https:\\\/\\\/allasorias.hu\\\/hirek\\\/#organization\"}}]}\n\t\t<\/script>\n\t\t<!-- All in One SEO -->\n\n","aioseo_head_json":{"title":"Szab\u00e1lyozni sz\u00fcks\u00e9ges az otthoni munka felt\u00e9teleit | AllasOrias.hu | H\u00edrek-lapszemle","description":"A munk\u00e1ltat\u00f3k el\u0151szeretettel alkalmazz\u00e1k az otthoni munkav\u00e9gz\u00e9st, a home officet \u2013 \u00e9s pont ez\u00e9rt v\u00e1lt sz\u00fcks\u00e9gess\u00e9, hogy ak\u00e1r a munka t\u00f6rv\u00e9nyk\u00f6nyv\u00e9n bel\u00fcl, ak\u00e1r egy \u00f6n\u00e1ll\u00f3 jogszab\u00e1lyban szab\u00e1lyozz\u00e1k k\u00f6r\u00fclm\u00e9nyeit, felt\u00e9teleit, mindk\u00e9t f\u00e9l jog\u00e1t \u00e9s k\u00f6teless\u00e9g\u00e9t. A vil\u00e1gj\u00e1rv\u00e1ny lecsillapod\u00e1sa ut\u00e1n is maradhat a home office a c\u00e9gek t\u00f6bbs\u00e9g\u00e9n\u00e9l, \u00e1ll\u00edtja egyre t\u00f6bb munkaer\u0151piaci szak\u00e9rt\u0151. A home office-t a","canonical_url":"https:\/\/allasorias.hu\/hirek\/szabalyozni-szukseges-az-otthoni-munka-felteteleit\/","robots":"max-image-preview:large","keywords":"","webmasterTools":{"miscellaneous":""},"schema":{"@context":"https:\/\/schema.org","@graph":[{"@type":"Article","@id":"https:\/\/allasorias.hu\/hirek\/szabalyozni-szukseges-az-otthoni-munka-felteteleit\/#article","name":"Szab\u00e1lyozni sz\u00fcks\u00e9ges az otthoni munka felt\u00e9teleit | AllasOrias.hu | H\u00edrek-lapszemle","headline":"Szab\u00e1lyozni sz\u00fcks\u00e9ges az otthoni munka felt\u00e9teleit","author":{"@id":"https:\/\/allasorias.hu\/hirek\/author\/admin-allasorias\/#author"},"publisher":{"@id":"https:\/\/allasorias.hu\/hirek\/#organization"},"image":{"@type":"ImageObject","url":"https:\/\/allasorias.hu\/hirek\/wp-content\/uploads\/2020\/08\/home-office-5190504_960_720.jpg","width":960,"height":640},"datePublished":"2020-12-21T10:43:43+02:00","dateModified":"2020-12-21T10:44:30+02:00","inLanguage":"hu-HU","mainEntityOfPage":{"@id":"https:\/\/allasorias.hu\/hirek\/szabalyozni-szukseges-az-otthoni-munka-felteteleit\/#webpage"},"isPartOf":{"@id":"https:\/\/allasorias.hu\/hirek\/szabalyozni-szukseges-az-otthoni-munka-felteteleit\/#webpage"},"articleSection":"Munkaer\u0151piac"},{"@type":"BreadcrumbList","@id":"https:\/\/allasorias.hu\/hirek\/szabalyozni-szukseges-az-otthoni-munka-felteteleit\/#breadcrumblist","itemListElement":[{"@type":"ListItem","@id":"https:\/\/allasorias.hu\/hirek#listItem","position":1,"name":"Home","item":"https:\/\/allasorias.hu\/hirek","nextItem":{"@type":"ListItem","@id":"https:\/\/allasorias.hu\/hirek\/temak\/munkaeropiac\/#listItem","name":"Munkaer\u0151piac"}},{"@type":"ListItem","@id":"https:\/\/allasorias.hu\/hirek\/temak\/munkaeropiac\/#listItem","position":2,"name":"Munkaer\u0151piac","item":"https:\/\/allasorias.hu\/hirek\/temak\/munkaeropiac\/","nextItem":{"@type":"ListItem","@id":"https:\/\/allasorias.hu\/hirek\/szabalyozni-szukseges-az-otthoni-munka-felteteleit\/#listItem","name":"Szab\u00e1lyozni sz\u00fcks\u00e9ges az otthoni munka felt\u00e9teleit"},"previousItem":{"@type":"ListItem","@id":"https:\/\/allasorias.hu\/hirek#listItem","name":"Home"}},{"@type":"ListItem","@id":"https:\/\/allasorias.hu\/hirek\/szabalyozni-szukseges-az-otthoni-munka-felteteleit\/#listItem","position":3,"name":"Szab\u00e1lyozni sz\u00fcks\u00e9ges az otthoni munka felt\u00e9teleit","previousItem":{"@type":"ListItem","@id":"https:\/\/allasorias.hu\/hirek\/temak\/munkaeropiac\/#listItem","name":"Munkaer\u0151piac"}}]},{"@type":"Organization","@id":"https:\/\/allasorias.hu\/hirek\/#organization","name":"AllasOrias.hu | H\u00edrek-lapszemle","description":"\u00dczleti h\u00edrek az \u00e1ll\u00e1s \u00e9s a munka vil\u00e1g\u00e1b\u00f3l","url":"https:\/\/allasorias.hu\/hirek\/","logo":{"@type":"ImageObject","url":"https:\/\/allasorias.hu\/hirek\/wp-content\/uploads\/2022\/10\/allasorias_site_facebok_logo.png","@id":"https:\/\/allasorias.hu\/hirek\/szabalyozni-szukseges-az-otthoni-munka-felteteleit\/#organizationLogo"},"image":{"@id":"https:\/\/allasorias.hu\/hirek\/szabalyozni-szukseges-az-otthoni-munka-felteteleit\/#organizationLogo"},"sameAs":["https:\/\/www.facebook.com\/allasorias","https:\/\/www.linkedin.com\/company\/allasorias"]},{"@type":"Person","@id":"https:\/\/allasorias.hu\/hirek\/author\/admin-allasorias\/#author","url":"https:\/\/allasorias.hu\/hirek\/author\/admin-allasorias\/","name":"Juh\u00e1sz P\u00e9ter","image":{"@type":"ImageObject","@id":"https:\/\/allasorias.hu\/hirek\/szabalyozni-szukseges-az-otthoni-munka-felteteleit\/#authorImage","url":"https:\/\/secure.gravatar.com\/avatar\/36e6bcb83148978b992977cb0f54d22feb0cce8a0a849a9410532bb2623ba4c6?s=96&d=mm&r=g","width":96,"height":96,"caption":"Juh\u00e1sz P\u00e9ter"}},{"@type":"WebPage","@id":"https:\/\/allasorias.hu\/hirek\/szabalyozni-szukseges-az-otthoni-munka-felteteleit\/#webpage","url":"https:\/\/allasorias.hu\/hirek\/szabalyozni-szukseges-az-otthoni-munka-felteteleit\/","name":"Szab\u00e1lyozni sz\u00fcks\u00e9ges az otthoni munka felt\u00e9teleit | AllasOrias.hu | H\u00edrek-lapszemle","description":"A munk\u00e1ltat\u00f3k el\u0151szeretettel alkalmazz\u00e1k az otthoni munkav\u00e9gz\u00e9st, a home officet \u2013 \u00e9s pont ez\u00e9rt v\u00e1lt sz\u00fcks\u00e9gess\u00e9, hogy ak\u00e1r a munka t\u00f6rv\u00e9nyk\u00f6nyv\u00e9n bel\u00fcl, ak\u00e1r egy \u00f6n\u00e1ll\u00f3 jogszab\u00e1lyban szab\u00e1lyozz\u00e1k k\u00f6r\u00fclm\u00e9nyeit, felt\u00e9teleit, mindk\u00e9t f\u00e9l jog\u00e1t \u00e9s k\u00f6teless\u00e9g\u00e9t. A vil\u00e1gj\u00e1rv\u00e1ny lecsillapod\u00e1sa ut\u00e1n is maradhat a home office a c\u00e9gek t\u00f6bbs\u00e9g\u00e9n\u00e9l, \u00e1ll\u00edtja egyre t\u00f6bb munkaer\u0151piaci szak\u00e9rt\u0151. A home office-t a","inLanguage":"hu-HU","isPartOf":{"@id":"https:\/\/allasorias.hu\/hirek\/#website"},"breadcrumb":{"@id":"https:\/\/allasorias.hu\/hirek\/szabalyozni-szukseges-az-otthoni-munka-felteteleit\/#breadcrumblist"},"author":{"@id":"https:\/\/allasorias.hu\/hirek\/author\/admin-allasorias\/#author"},"creator":{"@id":"https:\/\/allasorias.hu\/hirek\/author\/admin-allasorias\/#author"},"image":{"@type":"ImageObject","url":"https:\/\/allasorias.hu\/hirek\/wp-content\/uploads\/2020\/08\/home-office-5190504_960_720.jpg","@id":"https:\/\/allasorias.hu\/hirek\/szabalyozni-szukseges-az-otthoni-munka-felteteleit\/#mainImage","width":960,"height":640},"primaryImageOfPage":{"@id":"https:\/\/allasorias.hu\/hirek\/szabalyozni-szukseges-az-otthoni-munka-felteteleit\/#mainImage"},"datePublished":"2020-12-21T10:43:43+02:00","dateModified":"2020-12-21T10:44:30+02:00"},{"@type":"WebSite","@id":"https:\/\/allasorias.hu\/hirek\/#website","url":"https:\/\/allasorias.hu\/hirek\/","name":"AllasOrias.hu | H\u00edrek-lapszemle","description":"\u00dczleti h\u00edrek az \u00e1ll\u00e1s \u00e9s a munka vil\u00e1g\u00e1b\u00f3l","inLanguage":"hu-HU","publisher":{"@id":"https:\/\/allasorias.hu\/hirek\/#organization"}}]},"og:locale":"hu_HU","og:site_name":"AllasOrias.hu | H\u00edrek-lapszemle | \u00dczleti h\u00edrek az \u00e1ll\u00e1s \u00e9s a munka vil\u00e1g\u00e1b\u00f3l","og:type":"article","og:title":"Szab\u00e1lyozni sz\u00fcks\u00e9ges az otthoni munka felt\u00e9teleit | AllasOrias.hu | H\u00edrek-lapszemle","og:description":"A munk\u00e1ltat\u00f3k el\u0151szeretettel alkalmazz\u00e1k az otthoni munkav\u00e9gz\u00e9st, a home officet \u2013 \u00e9s pont ez\u00e9rt v\u00e1lt sz\u00fcks\u00e9gess\u00e9, hogy ak\u00e1r a munka t\u00f6rv\u00e9nyk\u00f6nyv\u00e9n bel\u00fcl, ak\u00e1r egy \u00f6n\u00e1ll\u00f3 jogszab\u00e1lyban szab\u00e1lyozz\u00e1k k\u00f6r\u00fclm\u00e9nyeit, felt\u00e9teleit, mindk\u00e9t f\u00e9l jog\u00e1t \u00e9s k\u00f6teless\u00e9g\u00e9t. A vil\u00e1gj\u00e1rv\u00e1ny lecsillapod\u00e1sa ut\u00e1n is maradhat a home office a c\u00e9gek t\u00f6bbs\u00e9g\u00e9n\u00e9l, \u00e1ll\u00edtja egyre t\u00f6bb munkaer\u0151piaci szak\u00e9rt\u0151. A home office-t a","og:url":"https:\/\/allasorias.hu\/hirek\/szabalyozni-szukseges-az-otthoni-munka-felteteleit\/","og:image":"https:\/\/allasorias.hu\/hirek\/wp-content\/uploads\/2020\/08\/home-office-5190504_960_720.jpg","og:image:secure_url":"https:\/\/allasorias.hu\/hirek\/wp-content\/uploads\/2020\/08\/home-office-5190504_960_720.jpg","og:image:width":960,"og:image:height":640,"article:published_time":"2020-12-21T10:43:43+00:00","article:modified_time":"2020-12-21T10:44:30+00:00","article:publisher":"https:\/\/www.facebook.com\/allasorias","twitter:card":"summary_large_image","twitter:title":"Szab\u00e1lyozni sz\u00fcks\u00e9ges az otthoni munka felt\u00e9teleit | AllasOrias.hu | H\u00edrek-lapszemle","twitter:description":"A munk\u00e1ltat\u00f3k el\u0151szeretettel alkalmazz\u00e1k az otthoni munkav\u00e9gz\u00e9st, a home officet \u2013 \u00e9s pont ez\u00e9rt v\u00e1lt sz\u00fcks\u00e9gess\u00e9, hogy ak\u00e1r a munka t\u00f6rv\u00e9nyk\u00f6nyv\u00e9n bel\u00fcl, ak\u00e1r egy \u00f6n\u00e1ll\u00f3 jogszab\u00e1lyban szab\u00e1lyozz\u00e1k k\u00f6r\u00fclm\u00e9nyeit, felt\u00e9teleit, mindk\u00e9t f\u00e9l jog\u00e1t \u00e9s k\u00f6teless\u00e9g\u00e9t. A vil\u00e1gj\u00e1rv\u00e1ny lecsillapod\u00e1sa ut\u00e1n is maradhat a home office a c\u00e9gek t\u00f6bbs\u00e9g\u00e9n\u00e9l, \u00e1ll\u00edtja egyre t\u00f6bb munkaer\u0151piaci szak\u00e9rt\u0151. A home office-t a","twitter:image":"https:\/\/allasorias.hu\/hirek\/wp-content\/uploads\/2020\/08\/home-office-5190504_960_720.jpg","twitter:label1":"Written by","twitter:data1":"Juh\u00e1sz P\u00e9ter","twitter:label2":"Est. reading time","twitter:data2":"3 minutes"},"aioseo_meta_data":{"post_id":"4457","title":null,"description":"","keywords":"","keyphrases":null,"primary_term":null,"canonical_url":"","og_title":null,"og_description":null,"og_object_type":"default","og_image_type":"default","og_image_url":null,"og_image_width":null,"og_image_height":null,"og_image_custom_url":null,"og_image_custom_fields":null,"og_video":null,"og_custom_url":null,"og_article_section":null,"og_article_tags":null,"twitter_use_og":false,"twitter_card":"default","twitter_image_type":"default","twitter_image_url":null,"twitter_image_custom_url":null,"twitter_image_custom_fields":null,"twitter_title":null,"twitter_description":null,"schema":{"blockGraphs":[],"customGraphs":[],"default":{"data":{"Article":[],"Course":[],"Dataset":[],"FAQPage":[],"Movie":[],"Person":[],"Product":[],"ProductReview":[],"Car":[],"Recipe":[],"Service":[],"SoftwareApplication":[],"WebPage":[]},"graphName":"","isEnabled":true},"graphs":[],"defaultGraph":"","defaultPostTypeGraph":""},"schema_type":null,"schema_type_options":null,"pillar_content":false,"robots_default":true,"robots_noindex":false,"robots_noarchive":false,"robots_nosnippet":false,"robots_nofollow":false,"robots_noimageindex":false,"robots_noodp":false,"robots_notranslate":false,"robots_max_snippet":null,"robots_max_videopreview":null,"robots_max_imagepreview":"large","priority":null,"frequency":null,"location":null,"local_seo":null,"breadcrumb_settings":null,"limit_modified_date":false,"ai":null,"created":"2021-02-01 20:44:29","updated":"2025-10-02 15:07:39","seo_analyzer_scan_date":null,"focus_keyword":null,"additional_keywords":null,"truseo_locale":null},"aioseo_breadcrumb":"<div class=\"aioseo-breadcrumbs\"><span class=\"aioseo-breadcrumb\">\n\t\t\t<a href=\"https:\/\/allasorias.hu\/hirek\" title=\"Home\">Home<\/a>\n\t\t<\/span><span class=\"aioseo-breadcrumb-separator\">&raquo;<\/span><span class=\"aioseo-breadcrumb\">\n\t\t\t<a href=\"https:\/\/allasorias.hu\/hirek\/temak\/munkaeropiac\/\" title=\"Munkaer\u0151piac\">Munkaer\u0151piac<\/a>\n\t\t<\/span><span class=\"aioseo-breadcrumb-separator\">&raquo;<\/span><span class=\"aioseo-breadcrumb\">\n\t\t\tSzab\u00e1lyozni sz\u00fcks\u00e9ges az otthoni munka felt\u00e9teleit\n\t\t<\/span><\/div>","aioseo_breadcrumb_json":[{"label":"Home","link":"https:\/\/allasorias.hu\/hirek"},{"label":"Munkaer\u0151piac","link":"https:\/\/allasorias.hu\/hirek\/temak\/munkaeropiac\/"},{"label":"Szab\u00e1lyozni sz\u00fcks\u00e9ges az otthoni munka felt\u00e9teleit","link":"https:\/\/allasorias.hu\/hirek\/szabalyozni-szukseges-az-otthoni-munka-felteteleit\/"}],"_links":{"self":[{"href":"https:\/\/allasorias.hu\/hirek\/wp-json\/wp\/v2\/posts\/4457","targetHints":{"allow":["GET"]}}],"collection":[{"href":"https:\/\/allasorias.hu\/hirek\/wp-json\/wp\/v2\/posts"}],"about":[{"href":"https:\/\/allasorias.hu\/hirek\/wp-json\/wp\/v2\/types\/post"}],"author":[{"embeddable":true,"href":"https:\/\/allasorias.hu\/hirek\/wp-json\/wp\/v2\/users\/1"}],"replies":[{"embeddable":true,"href":"https:\/\/allasorias.hu\/hirek\/wp-json\/wp\/v2\/comments?post=4457"}],"version-history":[{"count":1,"href":"https:\/\/allasorias.hu\/hirek\/wp-json\/wp\/v2\/posts\/4457\/revisions"}],"predecessor-version":[{"id":4458,"href":"https:\/\/allasorias.hu\/hirek\/wp-json\/wp\/v2\/posts\/4457\/revisions\/4458"}],"wp:featuredmedia":[{"embeddable":true,"href":"https:\/\/allasorias.hu\/hirek\/wp-json\/wp\/v2\/media\/4211"}],"wp:attachment":[{"href":"https:\/\/allasorias.hu\/hirek\/wp-json\/wp\/v2\/media?parent=4457"}],"wp:term":[{"taxonomy":"category","embeddable":true,"href":"https:\/\/allasorias.hu\/hirek\/wp-json\/wp\/v2\/categories?post=4457"},{"taxonomy":"post_tag","embeddable":true,"href":"https:\/\/allasorias.hu\/hirek\/wp-json\/wp\/v2\/tags?post=4457"}],"curies":[{"name":"wp","href":"https:\/\/api.w.org\/{rel}","templated":true}]}}