{"id":4455,"date":"2020-12-18T12:55:45","date_gmt":"2020-12-18T12:55:45","guid":{"rendered":"https:\/\/allasorias.hu\/hirek\/?p=4455"},"modified":"2020-12-18T12:55:45","modified_gmt":"2020-12-18T12:55:45","slug":"rugalmas-munkaeropiac-es-csaladtamogatas","status":"publish","type":"post","link":"https:\/\/allasorias.hu\/hirek\/rugalmas-munkaeropiac-es-csaladtamogatas\/","title":{"rendered":"Rugalmas munkaer\u0151piac \u00e9s csal\u00e1dt\u00e1mogat\u00e1s"},"content":{"rendered":"<p><strong>Azokat seg\u00edtik, akik a gyerekeik\u00e9rt, \u00e9s nem a gyermekeikb\u0151l akarnak \u00e9lni- jelentette ki Nov\u00e1k Katalin csal\u00e1dok\u00e9rt felel\u0151s t\u00e1rca n\u00e9lk\u00fcli miniszter a Portfolio.hu-nak adott interj\u00faban. <\/strong>\u00a0<strong>Az \u00faj otthonteremt\u00e9si program eg\u00e9sze nagyj\u00e1b\u00f3l 300 milli\u00e1rd forintba ker\u00fclhet j\u00f6v\u0151re a k\u00f6lts\u00e9gvet\u00e9snek, \u00e9s ennek t\u00f6bb mint a fel\u00e9t fel\u00faj\u00edt\u00e1sra ford\u00edthatj\u00e1k majd a csal\u00e1dok.<\/strong><\/p>\n<p>Arra a k\u00e9rd\u00e9sre, hogy sz\u00e1molt-e a korm\u00e1ny a fel\u00faj\u00edt\u00e1si t\u00e1mogat\u00e1s \u00e1rfelhajt\u00f3 \u00e9s munkaer\u0151hi\u00e1nyt gener\u00e1l\u00f3 hat\u00e1saival, hiszen ritk\u00e1n lesznek pinc\u00e9rekb\u0151l szobafest\u0151k, a miniszter azt v\u00e1laszolta, eddig tal\u00e1n ritk\u00e1n lettek, tal\u00e1n ez majd most gyakrabban fordul el\u0151. Erre a t\u00edpus\u00fa rugalmass\u00e1gra is sz\u00fcks\u00e9ge van a magyar munkaer\u0151piacnak. \u00c9n hiszek a piac szab\u00e1lyoz\u00f3 erej\u00e9ben. A munkaer\u0151piac is egy piac, \u00e9s a piac k\u00e9pes a neh\u00e9z helyzetekre is j\u00f3 megold\u00e1sokat tal\u00e1lni. Manaps\u00e1g nem felt\u00e9tlen\u00fcl a munkaer\u0151hi\u00e1ny a jellemz\u0151, \u00e9s a k\u00fcl\u00f6nb\u00f6z\u0151 szakm\u00e1k k\u00f6z\u00f6tti \u00e1tj\u00e1rhat\u00f3s\u00e1g sem elvetend\u0151. Nov\u00e1k Katalin felh\u00edvta a figyelmet arra, hogy a korm\u00e1ny t\u00edz \u00e9v alatt teh\u00e1t t\u00f6bb mint k\u00e9t \u00e9s f\u00e9lszeres\u00e9re emelte a csal\u00e1dt\u00e1mogat\u00e1sra sz\u00e1nt anyagi elk\u00f6telez\u0151d\u00e9s\u00e9t. Erre a c\u00e9lra a korm\u00e1ny 2010-ben 960 milli\u00e1rd forintot ford\u00edtott, 2021-ben 2300 milli\u00e1rd forint lett volna megc\u00e9lozva, amely \u00f6sszeg az \u00faj programokkal 2600 milli\u00e1rdra v\u00e1ltozott. A csal\u00e1dok t\u00e1mogat\u00e1s\u00e1val a korm\u00e1nynak p\u00e1rhuzamosan k\u00e9t c\u00e9lkit\u0171z\u00e9se van: egyr\u00e9szt szeretn\u00e9k, hogy a v\u00e1gyott gyermekek megsz\u00fclessenek, m\u00e1sr\u00e9szt a m\u00e1r gyermeket nevel\u0151 csal\u00e1dok \u00e9letk\u00f6r\u00fclm\u00e9nyein k\u00edv\u00e1nnak jav\u00edtani &#8211; fejtette ki Nov\u00e1k Katalin. A magyar fiatalok \u00e1tlagosan minimum k\u00e9t gyermeket terveznek, ha ez t\u00e9nylegesen megval\u00f3sulna, akkor demogr\u00e1fiai \u00e9rtelemben rendben lenn\u00e9nk &#8211; tette hozz\u00e1, utalva arra, hogy 2010-ben \u00f6t v\u00e1gyott gyermekb\u0151l h\u00e1rom sz\u00fcletett meg, most viszont m\u00e1r n\u00e9gy. A miniszter \u00fagy fogalmazott: nem titkolj\u00e1k, hogy azokat seg\u00edtik, akik a gyerekeik\u00e9rt, \u00e9s nem a gyermekeikb\u0151l akarnak \u00e9lni, azaz nem seg\u00e9lyt k\u00edn\u00e1lnak, a csal\u00e1dt\u00e1mogat\u00e1sok jelent\u0151s r\u00e9sz\u00e9t munk\u00e1hoz k\u00f6tik. Arra a k\u00e9rd\u00e9sre, hogy az 5 sz\u00e1zal\u00e9kos lak\u00e1s\u00e1fa visszavezet\u00e9s\u00e9r\u0151l mi\u00e9rt csak hat\u00e1rozott id\u0151intervallumra d\u00f6nt\u00f6ttek, Nov\u00e1k Katalin elmondta: az \u00e1llam felel\u0151s m\u00f3don csak meghat\u00e1rozott id\u0151szakra tudja v\u00e1llalni az \u00e1facs\u00f6kkent\u00e9sb\u0151l ered\u0151 bev\u00e9telkies\u00e9st. A fel\u00faj\u00edt\u00e1si t\u00e1mogat\u00e1s munkaer\u0151hi\u00e1nyt gener\u00e1l\u00f3 hat\u00e1sait firtat\u00f3 k\u00e9rd\u00e9sre a miniszter megjegyezte, hogy hisz a piac szab\u00e1lyoz\u00f3 erej\u00e9ben, abban, hogy a piac k\u00e9pes a neh\u00e9z helyzetekre is j\u00f3 megold\u00e1sokat tal\u00e1lni. Manaps\u00e1g nem felt\u00e9tlen\u00fcl a munkaer\u0151hi\u00e1ny a jellemz\u0151, \u00e9s a k\u00fcl\u00f6nb\u00f6z\u0151 szakm\u00e1k k\u00f6z\u00f6tti \u00e1tj\u00e1rhat\u00f3s\u00e1g sem elvetend\u0151 &#8211; mondta.<\/p>\n<p>Forr\u00e1s: penzcentrum.hu<\/p>\n","protected":false},"excerpt":{"rendered":"<p>Azokat seg\u00edtik, akik a gyerekeik\u00e9rt, \u00e9s nem a gyermekeikb\u0151l akarnak \u00e9lni- jelentette ki Nov\u00e1k Katalin csal\u00e1dok\u00e9rt felel\u0151s t\u00e1rca n\u00e9lk\u00fcli miniszter a Portfolio.hu-nak adott interj\u00faban. \u00a0Az \u00faj otthonteremt\u00e9si program eg\u00e9sze nagyj\u00e1b\u00f3l 300 milli\u00e1rd forintba ker\u00fclhet j\u00f6v\u0151re a k\u00f6lts\u00e9gvet\u00e9snek, \u00e9s ennek t\u00f6bb mint a fel\u00e9t fel\u00faj\u00edt\u00e1sra ford\u00edthatj\u00e1k majd a csal\u00e1dok. Arra a k\u00e9rd\u00e9sre, hogy sz\u00e1molt-e a korm\u00e1ny [&hellip;]<\/p>\n","protected":false},"author":1,"featured_media":2750,"comment_status":"open","ping_status":"open","sticky":false,"template":"","format":"standard","meta":{"_monsterinsights_skip_tracking":false,"footnotes":""},"categories":[198],"tags":[],"class_list":["post-4455","post","type-post","status-publish","format-standard","has-post-thumbnail","hentry","category-gazdasag"],"aioseo_notices":[],"aioseo_head":"\n\t\t<!-- All in One SEO 5.0.0.1 - aioseo.com -->\n\t<meta name=\"description\" content=\"Azokat seg\u00edtik, akik a gyerekeik\u00e9rt, \u00e9s nem a gyermekeikb\u0151l akarnak \u00e9lni- jelentette ki Nov\u00e1k Katalin csal\u00e1dok\u00e9rt felel\u0151s t\u00e1rca n\u00e9lk\u00fcli miniszter a Portfolio.hu-nak adott interj\u00faban. Az \u00faj otthonteremt\u00e9si program eg\u00e9sze nagyj\u00e1b\u00f3l 300 milli\u00e1rd forintba ker\u00fclhet j\u00f6v\u0151re a k\u00f6lts\u00e9gvet\u00e9snek, \u00e9s ennek t\u00f6bb mint a fel\u00e9t fel\u00faj\u00edt\u00e1sra ford\u00edthatj\u00e1k majd a csal\u00e1dok. Arra a k\u00e9rd\u00e9sre, hogy sz\u00e1molt-e a korm\u00e1ny\" \/>\n\t<meta name=\"robots\" content=\"max-image-preview:large\" \/>\n\t<meta name=\"author\" content=\"Juh\u00e1sz P\u00e9ter\"\/>\n\t<link rel=\"canonical\" href=\"https:\/\/allasorias.hu\/hirek\/rugalmas-munkaeropiac-es-csaladtamogatas\/\" \/>\n\t<meta name=\"generator\" content=\"All in One SEO (AIOSEO) 5.0.0.1\" \/>\n\t\t<meta property=\"og:locale\" content=\"hu_HU\" \/>\n\t\t<meta property=\"og:site_name\" content=\"AllasOrias.hu | H\u00edrek-lapszemle | \u00dczleti h\u00edrek az \u00e1ll\u00e1s \u00e9s a munka vil\u00e1g\u00e1b\u00f3l\" \/>\n\t\t<meta property=\"og:type\" content=\"article\" \/>\n\t\t<meta property=\"og:title\" content=\"Rugalmas munkaer\u0151piac \u00e9s csal\u00e1dt\u00e1mogat\u00e1s | AllasOrias.hu | H\u00edrek-lapszemle\" \/>\n\t\t<meta property=\"og:description\" content=\"Azokat seg\u00edtik, akik a gyerekeik\u00e9rt, \u00e9s nem a gyermekeikb\u0151l akarnak \u00e9lni- jelentette ki Nov\u00e1k Katalin csal\u00e1dok\u00e9rt felel\u0151s t\u00e1rca n\u00e9lk\u00fcli miniszter a Portfolio.hu-nak adott interj\u00faban. Az \u00faj otthonteremt\u00e9si program eg\u00e9sze nagyj\u00e1b\u00f3l 300 milli\u00e1rd forintba ker\u00fclhet j\u00f6v\u0151re a k\u00f6lts\u00e9gvet\u00e9snek, \u00e9s ennek t\u00f6bb mint a fel\u00e9t fel\u00faj\u00edt\u00e1sra ford\u00edthatj\u00e1k majd a csal\u00e1dok. Arra a k\u00e9rd\u00e9sre, hogy sz\u00e1molt-e a korm\u00e1ny\" \/>\n\t\t<meta property=\"og:url\" content=\"https:\/\/allasorias.hu\/hirek\/rugalmas-munkaeropiac-es-csaladtamogatas\/\" \/>\n\t\t<meta property=\"og:image\" content=\"https:\/\/allasorias.hu\/hirek\/wp-content\/uploads\/2019\/04\/people-3120717_640.jpg\" \/>\n\t\t<meta property=\"og:image:secure_url\" content=\"https:\/\/allasorias.hu\/hirek\/wp-content\/uploads\/2019\/04\/people-3120717_640.jpg\" \/>\n\t\t<meta property=\"og:image:width\" content=\"640\" \/>\n\t\t<meta property=\"og:image:height\" content=\"426\" \/>\n\t\t<meta property=\"article:published_time\" content=\"2020-12-18T12:55:45+00:00\" \/>\n\t\t<meta property=\"article:modified_time\" content=\"2020-12-18T12:55:45+00:00\" \/>\n\t\t<meta property=\"article:publisher\" content=\"https:\/\/www.facebook.com\/allasorias\" \/>\n\t\t<meta name=\"twitter:card\" content=\"summary_large_image\" \/>\n\t\t<meta name=\"twitter:title\" content=\"Rugalmas munkaer\u0151piac \u00e9s csal\u00e1dt\u00e1mogat\u00e1s | AllasOrias.hu | H\u00edrek-lapszemle\" \/>\n\t\t<meta name=\"twitter:description\" content=\"Azokat seg\u00edtik, akik a gyerekeik\u00e9rt, \u00e9s nem a gyermekeikb\u0151l akarnak \u00e9lni- jelentette ki Nov\u00e1k Katalin csal\u00e1dok\u00e9rt felel\u0151s t\u00e1rca n\u00e9lk\u00fcli miniszter a Portfolio.hu-nak adott interj\u00faban. Az \u00faj otthonteremt\u00e9si program eg\u00e9sze nagyj\u00e1b\u00f3l 300 milli\u00e1rd forintba ker\u00fclhet j\u00f6v\u0151re a k\u00f6lts\u00e9gvet\u00e9snek, \u00e9s ennek t\u00f6bb mint a fel\u00e9t fel\u00faj\u00edt\u00e1sra ford\u00edthatj\u00e1k majd a csal\u00e1dok. Arra a k\u00e9rd\u00e9sre, hogy sz\u00e1molt-e a korm\u00e1ny\" \/>\n\t\t<meta name=\"twitter:image\" content=\"https:\/\/allasorias.hu\/hirek\/wp-content\/uploads\/2019\/04\/people-3120717_640.jpg\" \/>\n\t\t<meta name=\"twitter:label1\" content=\"Written by\" \/>\n\t\t<meta name=\"twitter:data1\" content=\"Juh\u00e1sz P\u00e9ter\" \/>\n\t\t<meta name=\"twitter:label2\" content=\"Est. reading time\" \/>\n\t\t<meta name=\"twitter:data2\" content=\"3 minutes\" \/>\n\t\t<script type=\"application\/ld+json\" class=\"aioseo-schema\">\n\t\t\t{\"@context\":\"https:\\\/\\\/schema.org\",\"@graph\":[{\"@type\":\"Article\",\"@id\":\"https:\\\/\\\/allasorias.hu\\\/hirek\\\/rugalmas-munkaeropiac-es-csaladtamogatas\\\/#article\",\"name\":\"Rugalmas munkaer\\u0151piac \\u00e9s csal\\u00e1dt\\u00e1mogat\\u00e1s | AllasOrias.hu | H\\u00edrek-lapszemle\",\"headline\":\"Rugalmas munkaer\\u0151piac \\u00e9s csal\\u00e1dt\\u00e1mogat\\u00e1s\",\"author\":{\"@id\":\"https:\\\/\\\/allasorias.hu\\\/hirek\\\/author\\\/admin-allasorias\\\/#author\"},\"publisher\":{\"@id\":\"https:\\\/\\\/allasorias.hu\\\/hirek\\\/#organization\"},\"image\":{\"@type\":\"ImageObject\",\"url\":\"https:\\\/\\\/allasorias.hu\\\/hirek\\\/wp-content\\\/uploads\\\/2019\\\/04\\\/people-3120717_640.jpg\",\"width\":640,\"height\":426},\"datePublished\":\"2020-12-18T12:55:45+02:00\",\"dateModified\":\"2020-12-18T12:55:45+02:00\",\"inLanguage\":\"hu-HU\",\"mainEntityOfPage\":{\"@id\":\"https:\\\/\\\/allasorias.hu\\\/hirek\\\/rugalmas-munkaeropiac-es-csaladtamogatas\\\/#webpage\"},\"isPartOf\":{\"@id\":\"https:\\\/\\\/allasorias.hu\\\/hirek\\\/rugalmas-munkaeropiac-es-csaladtamogatas\\\/#webpage\"},\"articleSection\":\"Gazdas\\u00e1g\"},{\"@type\":\"BreadcrumbList\",\"@id\":\"https:\\\/\\\/allasorias.hu\\\/hirek\\\/rugalmas-munkaeropiac-es-csaladtamogatas\\\/#breadcrumblist\",\"itemListElement\":[{\"@type\":\"ListItem\",\"@id\":\"https:\\\/\\\/allasorias.hu\\\/hirek#listItem\",\"position\":1,\"name\":\"Home\",\"item\":\"https:\\\/\\\/allasorias.hu\\\/hirek\",\"nextItem\":{\"@type\":\"ListItem\",\"@id\":\"https:\\\/\\\/allasorias.hu\\\/hirek\\\/temak\\\/gazdasag\\\/#listItem\",\"name\":\"Gazdas\\u00e1g\"}},{\"@type\":\"ListItem\",\"@id\":\"https:\\\/\\\/allasorias.hu\\\/hirek\\\/temak\\\/gazdasag\\\/#listItem\",\"position\":2,\"name\":\"Gazdas\\u00e1g\",\"item\":\"https:\\\/\\\/allasorias.hu\\\/hirek\\\/temak\\\/gazdasag\\\/\",\"nextItem\":{\"@type\":\"ListItem\",\"@id\":\"https:\\\/\\\/allasorias.hu\\\/hirek\\\/rugalmas-munkaeropiac-es-csaladtamogatas\\\/#listItem\",\"name\":\"Rugalmas munkaer\\u0151piac \\u00e9s csal\\u00e1dt\\u00e1mogat\\u00e1s\"},\"previousItem\":{\"@type\":\"ListItem\",\"@id\":\"https:\\\/\\\/allasorias.hu\\\/hirek#listItem\",\"name\":\"Home\"}},{\"@type\":\"ListItem\",\"@id\":\"https:\\\/\\\/allasorias.hu\\\/hirek\\\/rugalmas-munkaeropiac-es-csaladtamogatas\\\/#listItem\",\"position\":3,\"name\":\"Rugalmas munkaer\\u0151piac \\u00e9s csal\\u00e1dt\\u00e1mogat\\u00e1s\",\"previousItem\":{\"@type\":\"ListItem\",\"@id\":\"https:\\\/\\\/allasorias.hu\\\/hirek\\\/temak\\\/gazdasag\\\/#listItem\",\"name\":\"Gazdas\\u00e1g\"}}]},{\"@type\":\"Organization\",\"@id\":\"https:\\\/\\\/allasorias.hu\\\/hirek\\\/#organization\",\"name\":\"AllasOrias.hu | H\\u00edrek-lapszemle\",\"description\":\"\\u00dczleti h\\u00edrek az \\u00e1ll\\u00e1s \\u00e9s a munka vil\\u00e1g\\u00e1b\\u00f3l\",\"url\":\"https:\\\/\\\/allasorias.hu\\\/hirek\\\/\",\"logo\":{\"@type\":\"ImageObject\",\"url\":\"https:\\\/\\\/allasorias.hu\\\/hirek\\\/wp-content\\\/uploads\\\/2022\\\/10\\\/allasorias_site_facebok_logo.png\",\"@id\":\"https:\\\/\\\/allasorias.hu\\\/hirek\\\/rugalmas-munkaeropiac-es-csaladtamogatas\\\/#organizationLogo\"},\"image\":{\"@id\":\"https:\\\/\\\/allasorias.hu\\\/hirek\\\/rugalmas-munkaeropiac-es-csaladtamogatas\\\/#organizationLogo\"},\"sameAs\":[\"https:\\\/\\\/www.facebook.com\\\/allasorias\",\"https:\\\/\\\/www.linkedin.com\\\/company\\\/allasorias\"]},{\"@type\":\"Person\",\"@id\":\"https:\\\/\\\/allasorias.hu\\\/hirek\\\/author\\\/admin-allasorias\\\/#author\",\"url\":\"https:\\\/\\\/allasorias.hu\\\/hirek\\\/author\\\/admin-allasorias\\\/\",\"name\":\"Juh\\u00e1sz P\\u00e9ter\",\"image\":{\"@type\":\"ImageObject\",\"@id\":\"https:\\\/\\\/allasorias.hu\\\/hirek\\\/rugalmas-munkaeropiac-es-csaladtamogatas\\\/#authorImage\",\"url\":\"https:\\\/\\\/secure.gravatar.com\\\/avatar\\\/36e6bcb83148978b992977cb0f54d22feb0cce8a0a849a9410532bb2623ba4c6?s=96&d=mm&r=g\",\"width\":96,\"height\":96,\"caption\":\"Juh\\u00e1sz P\\u00e9ter\"}},{\"@type\":\"WebPage\",\"@id\":\"https:\\\/\\\/allasorias.hu\\\/hirek\\\/rugalmas-munkaeropiac-es-csaladtamogatas\\\/#webpage\",\"url\":\"https:\\\/\\\/allasorias.hu\\\/hirek\\\/rugalmas-munkaeropiac-es-csaladtamogatas\\\/\",\"name\":\"Rugalmas munkaer\\u0151piac \\u00e9s csal\\u00e1dt\\u00e1mogat\\u00e1s | AllasOrias.hu | H\\u00edrek-lapszemle\",\"description\":\"Azokat seg\\u00edtik, akik a gyerekeik\\u00e9rt, \\u00e9s nem a gyermekeikb\\u0151l akarnak \\u00e9lni- jelentette ki Nov\\u00e1k Katalin csal\\u00e1dok\\u00e9rt felel\\u0151s t\\u00e1rca n\\u00e9lk\\u00fcli miniszter a Portfolio.hu-nak adott interj\\u00faban. Az \\u00faj otthonteremt\\u00e9si program eg\\u00e9sze nagyj\\u00e1b\\u00f3l 300 milli\\u00e1rd forintba ker\\u00fclhet j\\u00f6v\\u0151re a k\\u00f6lts\\u00e9gvet\\u00e9snek, \\u00e9s ennek t\\u00f6bb mint a fel\\u00e9t fel\\u00faj\\u00edt\\u00e1sra ford\\u00edthatj\\u00e1k majd a csal\\u00e1dok. Arra a k\\u00e9rd\\u00e9sre, hogy sz\\u00e1molt-e a korm\\u00e1ny\",\"inLanguage\":\"hu-HU\",\"isPartOf\":{\"@id\":\"https:\\\/\\\/allasorias.hu\\\/hirek\\\/#website\"},\"breadcrumb\":{\"@id\":\"https:\\\/\\\/allasorias.hu\\\/hirek\\\/rugalmas-munkaeropiac-es-csaladtamogatas\\\/#breadcrumblist\"},\"author\":{\"@id\":\"https:\\\/\\\/allasorias.hu\\\/hirek\\\/author\\\/admin-allasorias\\\/#author\"},\"creator\":{\"@id\":\"https:\\\/\\\/allasorias.hu\\\/hirek\\\/author\\\/admin-allasorias\\\/#author\"},\"image\":{\"@type\":\"ImageObject\",\"url\":\"https:\\\/\\\/allasorias.hu\\\/hirek\\\/wp-content\\\/uploads\\\/2019\\\/04\\\/people-3120717_640.jpg\",\"@id\":\"https:\\\/\\\/allasorias.hu\\\/hirek\\\/rugalmas-munkaeropiac-es-csaladtamogatas\\\/#mainImage\",\"width\":640,\"height\":426},\"primaryImageOfPage\":{\"@id\":\"https:\\\/\\\/allasorias.hu\\\/hirek\\\/rugalmas-munkaeropiac-es-csaladtamogatas\\\/#mainImage\"},\"datePublished\":\"2020-12-18T12:55:45+02:00\",\"dateModified\":\"2020-12-18T12:55:45+02:00\"},{\"@type\":\"WebSite\",\"@id\":\"https:\\\/\\\/allasorias.hu\\\/hirek\\\/#website\",\"url\":\"https:\\\/\\\/allasorias.hu\\\/hirek\\\/\",\"name\":\"AllasOrias.hu | H\\u00edrek-lapszemle\",\"description\":\"\\u00dczleti h\\u00edrek az \\u00e1ll\\u00e1s \\u00e9s a munka vil\\u00e1g\\u00e1b\\u00f3l\",\"inLanguage\":\"hu-HU\",\"publisher\":{\"@id\":\"https:\\\/\\\/allasorias.hu\\\/hirek\\\/#organization\"}}]}\n\t\t<\/script>\n\t\t<!-- All in One SEO -->\n\n","aioseo_head_json":{"title":"Rugalmas munkaer\u0151piac \u00e9s csal\u00e1dt\u00e1mogat\u00e1s | AllasOrias.hu | H\u00edrek-lapszemle","description":"Azokat seg\u00edtik, akik a gyerekeik\u00e9rt, \u00e9s nem a gyermekeikb\u0151l akarnak \u00e9lni- jelentette ki Nov\u00e1k Katalin csal\u00e1dok\u00e9rt felel\u0151s t\u00e1rca n\u00e9lk\u00fcli miniszter a Portfolio.hu-nak adott interj\u00faban. Az \u00faj otthonteremt\u00e9si program eg\u00e9sze nagyj\u00e1b\u00f3l 300 milli\u00e1rd forintba ker\u00fclhet j\u00f6v\u0151re a k\u00f6lts\u00e9gvet\u00e9snek, \u00e9s ennek t\u00f6bb mint a fel\u00e9t fel\u00faj\u00edt\u00e1sra ford\u00edthatj\u00e1k majd a csal\u00e1dok. Arra a k\u00e9rd\u00e9sre, hogy sz\u00e1molt-e a korm\u00e1ny","canonical_url":"https:\/\/allasorias.hu\/hirek\/rugalmas-munkaeropiac-es-csaladtamogatas\/","robots":"max-image-preview:large","keywords":"","webmasterTools":{"miscellaneous":""},"schema":{"@context":"https:\/\/schema.org","@graph":[{"@type":"Article","@id":"https:\/\/allasorias.hu\/hirek\/rugalmas-munkaeropiac-es-csaladtamogatas\/#article","name":"Rugalmas munkaer\u0151piac \u00e9s csal\u00e1dt\u00e1mogat\u00e1s | AllasOrias.hu | H\u00edrek-lapszemle","headline":"Rugalmas munkaer\u0151piac \u00e9s csal\u00e1dt\u00e1mogat\u00e1s","author":{"@id":"https:\/\/allasorias.hu\/hirek\/author\/admin-allasorias\/#author"},"publisher":{"@id":"https:\/\/allasorias.hu\/hirek\/#organization"},"image":{"@type":"ImageObject","url":"https:\/\/allasorias.hu\/hirek\/wp-content\/uploads\/2019\/04\/people-3120717_640.jpg","width":640,"height":426},"datePublished":"2020-12-18T12:55:45+02:00","dateModified":"2020-12-18T12:55:45+02:00","inLanguage":"hu-HU","mainEntityOfPage":{"@id":"https:\/\/allasorias.hu\/hirek\/rugalmas-munkaeropiac-es-csaladtamogatas\/#webpage"},"isPartOf":{"@id":"https:\/\/allasorias.hu\/hirek\/rugalmas-munkaeropiac-es-csaladtamogatas\/#webpage"},"articleSection":"Gazdas\u00e1g"},{"@type":"BreadcrumbList","@id":"https:\/\/allasorias.hu\/hirek\/rugalmas-munkaeropiac-es-csaladtamogatas\/#breadcrumblist","itemListElement":[{"@type":"ListItem","@id":"https:\/\/allasorias.hu\/hirek#listItem","position":1,"name":"Home","item":"https:\/\/allasorias.hu\/hirek","nextItem":{"@type":"ListItem","@id":"https:\/\/allasorias.hu\/hirek\/temak\/gazdasag\/#listItem","name":"Gazdas\u00e1g"}},{"@type":"ListItem","@id":"https:\/\/allasorias.hu\/hirek\/temak\/gazdasag\/#listItem","position":2,"name":"Gazdas\u00e1g","item":"https:\/\/allasorias.hu\/hirek\/temak\/gazdasag\/","nextItem":{"@type":"ListItem","@id":"https:\/\/allasorias.hu\/hirek\/rugalmas-munkaeropiac-es-csaladtamogatas\/#listItem","name":"Rugalmas munkaer\u0151piac \u00e9s csal\u00e1dt\u00e1mogat\u00e1s"},"previousItem":{"@type":"ListItem","@id":"https:\/\/allasorias.hu\/hirek#listItem","name":"Home"}},{"@type":"ListItem","@id":"https:\/\/allasorias.hu\/hirek\/rugalmas-munkaeropiac-es-csaladtamogatas\/#listItem","position":3,"name":"Rugalmas munkaer\u0151piac \u00e9s csal\u00e1dt\u00e1mogat\u00e1s","previousItem":{"@type":"ListItem","@id":"https:\/\/allasorias.hu\/hirek\/temak\/gazdasag\/#listItem","name":"Gazdas\u00e1g"}}]},{"@type":"Organization","@id":"https:\/\/allasorias.hu\/hirek\/#organization","name":"AllasOrias.hu | H\u00edrek-lapszemle","description":"\u00dczleti h\u00edrek az \u00e1ll\u00e1s \u00e9s a munka vil\u00e1g\u00e1b\u00f3l","url":"https:\/\/allasorias.hu\/hirek\/","logo":{"@type":"ImageObject","url":"https:\/\/allasorias.hu\/hirek\/wp-content\/uploads\/2022\/10\/allasorias_site_facebok_logo.png","@id":"https:\/\/allasorias.hu\/hirek\/rugalmas-munkaeropiac-es-csaladtamogatas\/#organizationLogo"},"image":{"@id":"https:\/\/allasorias.hu\/hirek\/rugalmas-munkaeropiac-es-csaladtamogatas\/#organizationLogo"},"sameAs":["https:\/\/www.facebook.com\/allasorias","https:\/\/www.linkedin.com\/company\/allasorias"]},{"@type":"Person","@id":"https:\/\/allasorias.hu\/hirek\/author\/admin-allasorias\/#author","url":"https:\/\/allasorias.hu\/hirek\/author\/admin-allasorias\/","name":"Juh\u00e1sz P\u00e9ter","image":{"@type":"ImageObject","@id":"https:\/\/allasorias.hu\/hirek\/rugalmas-munkaeropiac-es-csaladtamogatas\/#authorImage","url":"https:\/\/secure.gravatar.com\/avatar\/36e6bcb83148978b992977cb0f54d22feb0cce8a0a849a9410532bb2623ba4c6?s=96&d=mm&r=g","width":96,"height":96,"caption":"Juh\u00e1sz P\u00e9ter"}},{"@type":"WebPage","@id":"https:\/\/allasorias.hu\/hirek\/rugalmas-munkaeropiac-es-csaladtamogatas\/#webpage","url":"https:\/\/allasorias.hu\/hirek\/rugalmas-munkaeropiac-es-csaladtamogatas\/","name":"Rugalmas munkaer\u0151piac \u00e9s csal\u00e1dt\u00e1mogat\u00e1s | AllasOrias.hu | H\u00edrek-lapszemle","description":"Azokat seg\u00edtik, akik a gyerekeik\u00e9rt, \u00e9s nem a gyermekeikb\u0151l akarnak \u00e9lni- jelentette ki Nov\u00e1k Katalin csal\u00e1dok\u00e9rt felel\u0151s t\u00e1rca n\u00e9lk\u00fcli miniszter a Portfolio.hu-nak adott interj\u00faban. Az \u00faj otthonteremt\u00e9si program eg\u00e9sze nagyj\u00e1b\u00f3l 300 milli\u00e1rd forintba ker\u00fclhet j\u00f6v\u0151re a k\u00f6lts\u00e9gvet\u00e9snek, \u00e9s ennek t\u00f6bb mint a fel\u00e9t fel\u00faj\u00edt\u00e1sra ford\u00edthatj\u00e1k majd a csal\u00e1dok. Arra a k\u00e9rd\u00e9sre, hogy sz\u00e1molt-e a korm\u00e1ny","inLanguage":"hu-HU","isPartOf":{"@id":"https:\/\/allasorias.hu\/hirek\/#website"},"breadcrumb":{"@id":"https:\/\/allasorias.hu\/hirek\/rugalmas-munkaeropiac-es-csaladtamogatas\/#breadcrumblist"},"author":{"@id":"https:\/\/allasorias.hu\/hirek\/author\/admin-allasorias\/#author"},"creator":{"@id":"https:\/\/allasorias.hu\/hirek\/author\/admin-allasorias\/#author"},"image":{"@type":"ImageObject","url":"https:\/\/allasorias.hu\/hirek\/wp-content\/uploads\/2019\/04\/people-3120717_640.jpg","@id":"https:\/\/allasorias.hu\/hirek\/rugalmas-munkaeropiac-es-csaladtamogatas\/#mainImage","width":640,"height":426},"primaryImageOfPage":{"@id":"https:\/\/allasorias.hu\/hirek\/rugalmas-munkaeropiac-es-csaladtamogatas\/#mainImage"},"datePublished":"2020-12-18T12:55:45+02:00","dateModified":"2020-12-18T12:55:45+02:00"},{"@type":"WebSite","@id":"https:\/\/allasorias.hu\/hirek\/#website","url":"https:\/\/allasorias.hu\/hirek\/","name":"AllasOrias.hu | H\u00edrek-lapszemle","description":"\u00dczleti h\u00edrek az \u00e1ll\u00e1s \u00e9s a munka vil\u00e1g\u00e1b\u00f3l","inLanguage":"hu-HU","publisher":{"@id":"https:\/\/allasorias.hu\/hirek\/#organization"}}]},"og:locale":"hu_HU","og:site_name":"AllasOrias.hu | H\u00edrek-lapszemle | \u00dczleti h\u00edrek az \u00e1ll\u00e1s \u00e9s a munka vil\u00e1g\u00e1b\u00f3l","og:type":"article","og:title":"Rugalmas munkaer\u0151piac \u00e9s csal\u00e1dt\u00e1mogat\u00e1s | AllasOrias.hu | H\u00edrek-lapszemle","og:description":"Azokat seg\u00edtik, akik a gyerekeik\u00e9rt, \u00e9s nem a gyermekeikb\u0151l akarnak \u00e9lni- jelentette ki Nov\u00e1k Katalin csal\u00e1dok\u00e9rt felel\u0151s t\u00e1rca n\u00e9lk\u00fcli miniszter a Portfolio.hu-nak adott interj\u00faban. Az \u00faj otthonteremt\u00e9si program eg\u00e9sze nagyj\u00e1b\u00f3l 300 milli\u00e1rd forintba ker\u00fclhet j\u00f6v\u0151re a k\u00f6lts\u00e9gvet\u00e9snek, \u00e9s ennek t\u00f6bb mint a fel\u00e9t fel\u00faj\u00edt\u00e1sra ford\u00edthatj\u00e1k majd a csal\u00e1dok. Arra a k\u00e9rd\u00e9sre, hogy sz\u00e1molt-e a korm\u00e1ny","og:url":"https:\/\/allasorias.hu\/hirek\/rugalmas-munkaeropiac-es-csaladtamogatas\/","og:image":"https:\/\/allasorias.hu\/hirek\/wp-content\/uploads\/2019\/04\/people-3120717_640.jpg","og:image:secure_url":"https:\/\/allasorias.hu\/hirek\/wp-content\/uploads\/2019\/04\/people-3120717_640.jpg","og:image:width":640,"og:image:height":426,"article:published_time":"2020-12-18T12:55:45+00:00","article:modified_time":"2020-12-18T12:55:45+00:00","article:publisher":"https:\/\/www.facebook.com\/allasorias","twitter:card":"summary_large_image","twitter:title":"Rugalmas munkaer\u0151piac \u00e9s csal\u00e1dt\u00e1mogat\u00e1s | AllasOrias.hu | H\u00edrek-lapszemle","twitter:description":"Azokat seg\u00edtik, akik a gyerekeik\u00e9rt, \u00e9s nem a gyermekeikb\u0151l akarnak \u00e9lni- jelentette ki Nov\u00e1k Katalin csal\u00e1dok\u00e9rt felel\u0151s t\u00e1rca n\u00e9lk\u00fcli miniszter a Portfolio.hu-nak adott interj\u00faban. Az \u00faj otthonteremt\u00e9si program eg\u00e9sze nagyj\u00e1b\u00f3l 300 milli\u00e1rd forintba ker\u00fclhet j\u00f6v\u0151re a k\u00f6lts\u00e9gvet\u00e9snek, \u00e9s ennek t\u00f6bb mint a fel\u00e9t fel\u00faj\u00edt\u00e1sra ford\u00edthatj\u00e1k majd a csal\u00e1dok. Arra a k\u00e9rd\u00e9sre, hogy sz\u00e1molt-e a korm\u00e1ny","twitter:image":"https:\/\/allasorias.hu\/hirek\/wp-content\/uploads\/2019\/04\/people-3120717_640.jpg","twitter:label1":"Written by","twitter:data1":"Juh\u00e1sz P\u00e9ter","twitter:label2":"Est. reading time","twitter:data2":"3 minutes"},"aioseo_meta_data":{"post_id":"4455","title":null,"description":"","keywords":"","keyphrases":null,"primary_term":null,"canonical_url":"","og_title":null,"og_description":null,"og_object_type":"default","og_image_type":"default","og_image_url":null,"og_image_width":null,"og_image_height":null,"og_image_custom_url":null,"og_image_custom_fields":null,"og_video":null,"og_custom_url":null,"og_article_section":null,"og_article_tags":null,"twitter_use_og":false,"twitter_card":"default","twitter_image_type":"default","twitter_image_url":null,"twitter_image_custom_url":null,"twitter_image_custom_fields":null,"twitter_title":null,"twitter_description":null,"schema":{"blockGraphs":[],"customGraphs":[],"default":{"data":{"Article":[],"Course":[],"Dataset":[],"FAQPage":[],"Movie":[],"Person":[],"Product":[],"ProductReview":[],"Car":[],"Recipe":[],"Service":[],"SoftwareApplication":[],"WebPage":[]},"graphName":"","isEnabled":true},"graphs":[],"defaultGraph":"","defaultPostTypeGraph":""},"schema_type":null,"schema_type_options":null,"pillar_content":false,"robots_default":true,"robots_noindex":false,"robots_noarchive":false,"robots_nosnippet":false,"robots_nofollow":false,"robots_noimageindex":false,"robots_noodp":false,"robots_notranslate":false,"robots_max_snippet":null,"robots_max_videopreview":null,"robots_max_imagepreview":"large","priority":null,"frequency":null,"location":null,"local_seo":null,"breadcrumb_settings":null,"limit_modified_date":false,"ai":null,"created":"2021-02-01 20:44:59","updated":"2025-10-02 15:07:39","seo_analyzer_scan_date":null,"focus_keyword":null,"additional_keywords":null,"truseo_locale":null},"aioseo_breadcrumb":"<div class=\"aioseo-breadcrumbs\"><span class=\"aioseo-breadcrumb\">\n\t\t\t<a href=\"https:\/\/allasorias.hu\/hirek\" title=\"Home\">Home<\/a>\n\t\t<\/span><span class=\"aioseo-breadcrumb-separator\">&raquo;<\/span><span class=\"aioseo-breadcrumb\">\n\t\t\t<a href=\"https:\/\/allasorias.hu\/hirek\/temak\/gazdasag\/\" title=\"Gazdas\u00e1g\">Gazdas\u00e1g<\/a>\n\t\t<\/span><span class=\"aioseo-breadcrumb-separator\">&raquo;<\/span><span class=\"aioseo-breadcrumb\">\n\t\t\tRugalmas munkaer\u0151piac \u00e9s csal\u00e1dt\u00e1mogat\u00e1s\n\t\t<\/span><\/div>","aioseo_breadcrumb_json":[{"label":"Home","link":"https:\/\/allasorias.hu\/hirek"},{"label":"Gazdas\u00e1g","link":"https:\/\/allasorias.hu\/hirek\/temak\/gazdasag\/"},{"label":"Rugalmas munkaer\u0151piac \u00e9s csal\u00e1dt\u00e1mogat\u00e1s","link":"https:\/\/allasorias.hu\/hirek\/rugalmas-munkaeropiac-es-csaladtamogatas\/"}],"_links":{"self":[{"href":"https:\/\/allasorias.hu\/hirek\/wp-json\/wp\/v2\/posts\/4455","targetHints":{"allow":["GET"]}}],"collection":[{"href":"https:\/\/allasorias.hu\/hirek\/wp-json\/wp\/v2\/posts"}],"about":[{"href":"https:\/\/allasorias.hu\/hirek\/wp-json\/wp\/v2\/types\/post"}],"author":[{"embeddable":true,"href":"https:\/\/allasorias.hu\/hirek\/wp-json\/wp\/v2\/users\/1"}],"replies":[{"embeddable":true,"href":"https:\/\/allasorias.hu\/hirek\/wp-json\/wp\/v2\/comments?post=4455"}],"version-history":[{"count":1,"href":"https:\/\/allasorias.hu\/hirek\/wp-json\/wp\/v2\/posts\/4455\/revisions"}],"predecessor-version":[{"id":4456,"href":"https:\/\/allasorias.hu\/hirek\/wp-json\/wp\/v2\/posts\/4455\/revisions\/4456"}],"wp:featuredmedia":[{"embeddable":true,"href":"https:\/\/allasorias.hu\/hirek\/wp-json\/wp\/v2\/media\/2750"}],"wp:attachment":[{"href":"https:\/\/allasorias.hu\/hirek\/wp-json\/wp\/v2\/media?parent=4455"}],"wp:term":[{"taxonomy":"category","embeddable":true,"href":"https:\/\/allasorias.hu\/hirek\/wp-json\/wp\/v2\/categories?post=4455"},{"taxonomy":"post_tag","embeddable":true,"href":"https:\/\/allasorias.hu\/hirek\/wp-json\/wp\/v2\/tags?post=4455"}],"curies":[{"name":"wp","href":"https:\/\/api.w.org\/{rel}","templated":true}]}}