{"id":4453,"date":"2020-12-18T12:53:43","date_gmt":"2020-12-18T12:53:43","guid":{"rendered":"https:\/\/allasorias.hu\/hirek\/?p=4453"},"modified":"2020-12-18T12:53:43","modified_gmt":"2020-12-18T12:53:43","slug":"meg-targyalnak-a-munkaadok-es-az-erdekkepviseletek","status":"publish","type":"post","link":"https:\/\/allasorias.hu\/hirek\/meg-targyalnak-a-munkaadok-es-az-erdekkepviseletek\/","title":{"rendered":"M\u00e9g t\u00e1rgyalnak a munkaad\u00f3k \u00e9s az \u00e9rdekk\u00e9pviseletek"},"content":{"rendered":"<p><strong>Ha a k\u00e9tl\u00e9pcs\u0151s b\u00e9remel\u00e9sr\u0151l siker\u00fcl megegyezni a munkaad\u00f3kkal, akkor janu\u00e1rt\u00f3l 6,5 sz\u00e1zal\u00e9kos felz\u00e1rk\u00f3ztat\u00e1sra tenn\u00e9nek javaslatot &#8211; mondta Palkovics Imre, a Munk\u00e1stan\u00e1csok Orsz\u00e1gos Sz\u00f6vets\u00e9g\u00e9nek eln\u00f6ke. A munkaer\u0151piaci j\u00e1rul\u00e9k elt\u00f6rl\u00e9s\u00e9t is javasolja a sz\u00f6vets\u00e9g, szerint\u00fck ezzel a l\u00e9p\u00e9ssel az \u00f6sszes munkav\u00e1llal\u00f3 nyerne, mivel a j\u00e1rul\u00e9kot a munkav\u00e1llal\u00f3 brutt\u00f3 b\u00e9r\u00e9b\u0151l kell levonni &#8211; \u00edrta a Magyar Nemzet<\/strong>.<\/p>\n<p>Palkovics Imre, a sz\u00f6vets\u00e9g eln\u00f6ke a lapnak \u00fagy nyilatkozott, hogy tov\u00e1bbra sincs \u00e9rdemi k\u00f6zeled\u00e9s a munkaad\u00f3i k\u00e9pviseletek \u00e9s a szakszervezetek k\u00f6z\u00f6tt a minim\u00e1lb\u00e9r \u00e9s a garant\u00e1lt b\u00e9rminimum j\u00f6v\u0151 \u00e9vi emel\u00e9s\u00e9r\u0151l. A szakszervezeti oldal 7,5 sz\u00e1zal\u00e9kos b\u00e9remel\u00e9st tartana elfogadhat\u00f3nak 2021-re &#8211; jelezte. A szakszervezeti vezet\u0151 k\u00f6z\u00f6lte, javaslatot tettek a munkaer\u0151piaci j\u00e1rul\u00e9k megsz\u00fcntet\u00e9s\u00e9re. A m\u00e1sf\u00e9l sz\u00e1zal\u00e9kos, munkav\u00e1llal\u00f3kat terhel\u0151 elvon\u00e1s megsz\u00fcntet\u00e9s\u00e9r\u0151l a korm\u00e1ny sem z\u00e1rk\u00f3zott el, a felvet\u00e9sr\u0151l a k\u00f6vetkez\u0151 \u00fcl\u00e9s\u00e9n t\u00e1rgyal a kabinet. A j\u00e1rul\u00e9k elt\u00f6rl\u00e9se a nett\u00f3 b\u00e9rek azonnali n\u00f6veked\u00e9s\u00e9t eredm\u00e9nyezn\u00e9, r\u00e1ad\u00e1sul az \u00f6sszes munkav\u00e1llal\u00f3 nyerne a l\u00e9p\u00e9ssel, nem csak a minim\u00e1lb\u00e9ren foglalkoztatottak &#8211; hangs\u00falyozta. Palkovics Imre sz\u00f3lt arr\u00f3l is, a szakszervezetek 7,5 sz\u00e1zal\u00e9kos b\u00e9remel\u00e9si javaslat\u00e1n\u00e1l kisebb emel\u00e9s eset\u00e9n k\u00e9tl\u00e9pcs\u0151s b\u00e9rrendez\u00e9st tartanak elfogadhat\u00f3nak 2021-ben. Ha a k\u00e9tl\u00e9pcs\u0151s b\u00e9remel\u00e9sr\u0151l siker\u00fcl megegyezni a munkaad\u00f3kkal, akkor janu\u00e1rt\u00f3l 6,5 sz\u00e1zal\u00e9kos felz\u00e1rk\u00f3ztat\u00e1sra tenn\u00e9nek javaslatot &#8211; mondta a lapnak.<\/p>\n<p>Forr\u00e1s: origo.hu<\/p>\n","protected":false},"excerpt":{"rendered":"<p>Ha a k\u00e9tl\u00e9pcs\u0151s b\u00e9remel\u00e9sr\u0151l siker\u00fcl megegyezni a munkaad\u00f3kkal, akkor janu\u00e1rt\u00f3l 6,5 sz\u00e1zal\u00e9kos felz\u00e1rk\u00f3ztat\u00e1sra tenn\u00e9nek javaslatot &#8211; mondta Palkovics Imre, a Munk\u00e1stan\u00e1csok Orsz\u00e1gos Sz\u00f6vets\u00e9g\u00e9nek eln\u00f6ke. A munkaer\u0151piaci j\u00e1rul\u00e9k elt\u00f6rl\u00e9s\u00e9t is javasolja a sz\u00f6vets\u00e9g, szerint\u00fck ezzel a l\u00e9p\u00e9ssel az \u00f6sszes munkav\u00e1llal\u00f3 nyerne, mivel a j\u00e1rul\u00e9kot a munkav\u00e1llal\u00f3 brutt\u00f3 b\u00e9r\u00e9b\u0151l kell levonni &#8211; \u00edrta a Magyar Nemzet. Palkovics [&hellip;]<\/p>\n","protected":false},"author":1,"featured_media":3005,"comment_status":"open","ping_status":"open","sticky":false,"template":"","format":"standard","meta":{"_monsterinsights_skip_tracking":false,"footnotes":""},"categories":[200],"tags":[],"class_list":["post-4453","post","type-post","status-publish","format-standard","has-post-thumbnail","hentry","category-munkaeropiac"],"aioseo_notices":[],"aioseo_head":"\n\t\t<!-- All in One SEO 5.0.0.1 - aioseo.com -->\n\t<meta name=\"description\" content=\"Ha a k\u00e9tl\u00e9pcs\u0151s b\u00e9remel\u00e9sr\u0151l siker\u00fcl megegyezni a munkaad\u00f3kkal, akkor janu\u00e1rt\u00f3l 6,5 sz\u00e1zal\u00e9kos felz\u00e1rk\u00f3ztat\u00e1sra tenn\u00e9nek javaslatot - mondta Palkovics Imre, a Munk\u00e1stan\u00e1csok Orsz\u00e1gos Sz\u00f6vets\u00e9g\u00e9nek eln\u00f6ke. A munkaer\u0151piaci j\u00e1rul\u00e9k elt\u00f6rl\u00e9s\u00e9t is javasolja a sz\u00f6vets\u00e9g, szerint\u00fck ezzel a l\u00e9p\u00e9ssel az \u00f6sszes munkav\u00e1llal\u00f3 nyerne, mivel a j\u00e1rul\u00e9kot a munkav\u00e1llal\u00f3 brutt\u00f3 b\u00e9r\u00e9b\u0151l kell levonni - \u00edrta a Magyar Nemzet. Palkovics\" \/>\n\t<meta name=\"robots\" content=\"max-image-preview:large\" \/>\n\t<meta name=\"author\" content=\"Juh\u00e1sz P\u00e9ter\"\/>\n\t<link rel=\"canonical\" href=\"https:\/\/allasorias.hu\/hirek\/meg-targyalnak-a-munkaadok-es-az-erdekkepviseletek\/\" \/>\n\t<meta name=\"generator\" content=\"All in One SEO (AIOSEO) 5.0.0.1\" \/>\n\t\t<meta property=\"og:locale\" content=\"hu_HU\" \/>\n\t\t<meta property=\"og:site_name\" content=\"AllasOrias.hu | H\u00edrek-lapszemle | \u00dczleti h\u00edrek az \u00e1ll\u00e1s \u00e9s a munka vil\u00e1g\u00e1b\u00f3l\" \/>\n\t\t<meta property=\"og:type\" content=\"article\" \/>\n\t\t<meta property=\"og:title\" content=\"M\u00e9g t\u00e1rgyalnak a munkaad\u00f3k \u00e9s az \u00e9rdekk\u00e9pviseletek | AllasOrias.hu | H\u00edrek-lapszemle\" \/>\n\t\t<meta property=\"og:description\" content=\"Ha a k\u00e9tl\u00e9pcs\u0151s b\u00e9remel\u00e9sr\u0151l siker\u00fcl megegyezni a munkaad\u00f3kkal, akkor janu\u00e1rt\u00f3l 6,5 sz\u00e1zal\u00e9kos felz\u00e1rk\u00f3ztat\u00e1sra tenn\u00e9nek javaslatot - mondta Palkovics Imre, a Munk\u00e1stan\u00e1csok Orsz\u00e1gos Sz\u00f6vets\u00e9g\u00e9nek eln\u00f6ke. A munkaer\u0151piaci j\u00e1rul\u00e9k elt\u00f6rl\u00e9s\u00e9t is javasolja a sz\u00f6vets\u00e9g, szerint\u00fck ezzel a l\u00e9p\u00e9ssel az \u00f6sszes munkav\u00e1llal\u00f3 nyerne, mivel a j\u00e1rul\u00e9kot a munkav\u00e1llal\u00f3 brutt\u00f3 b\u00e9r\u00e9b\u0151l kell levonni - \u00edrta a Magyar Nemzet. Palkovics\" \/>\n\t\t<meta property=\"og:url\" content=\"https:\/\/allasorias.hu\/hirek\/meg-targyalnak-a-munkaadok-es-az-erdekkepviseletek\/\" \/>\n\t\t<meta property=\"og:image\" content=\"https:\/\/allasorias.hu\/hirek\/wp-content\/uploads\/2019\/06\/bank-banking-close-up-1020313-1.jpg\" \/>\n\t\t<meta property=\"og:image:secure_url\" content=\"https:\/\/allasorias.hu\/hirek\/wp-content\/uploads\/2019\/06\/bank-banking-close-up-1020313-1.jpg\" \/>\n\t\t<meta property=\"og:image:width\" content=\"640\" \/>\n\t\t<meta property=\"og:image:height\" content=\"426\" \/>\n\t\t<meta property=\"article:published_time\" content=\"2020-12-18T12:53:43+00:00\" \/>\n\t\t<meta property=\"article:modified_time\" content=\"2020-12-18T12:53:43+00:00\" \/>\n\t\t<meta property=\"article:publisher\" content=\"https:\/\/www.facebook.com\/allasorias\" \/>\n\t\t<meta name=\"twitter:card\" content=\"summary_large_image\" \/>\n\t\t<meta name=\"twitter:title\" content=\"M\u00e9g t\u00e1rgyalnak a munkaad\u00f3k \u00e9s az \u00e9rdekk\u00e9pviseletek | AllasOrias.hu | H\u00edrek-lapszemle\" \/>\n\t\t<meta name=\"twitter:description\" content=\"Ha a k\u00e9tl\u00e9pcs\u0151s b\u00e9remel\u00e9sr\u0151l siker\u00fcl megegyezni a munkaad\u00f3kkal, akkor janu\u00e1rt\u00f3l 6,5 sz\u00e1zal\u00e9kos felz\u00e1rk\u00f3ztat\u00e1sra tenn\u00e9nek javaslatot - mondta Palkovics Imre, a Munk\u00e1stan\u00e1csok Orsz\u00e1gos Sz\u00f6vets\u00e9g\u00e9nek eln\u00f6ke. A munkaer\u0151piaci j\u00e1rul\u00e9k elt\u00f6rl\u00e9s\u00e9t is javasolja a sz\u00f6vets\u00e9g, szerint\u00fck ezzel a l\u00e9p\u00e9ssel az \u00f6sszes munkav\u00e1llal\u00f3 nyerne, mivel a j\u00e1rul\u00e9kot a munkav\u00e1llal\u00f3 brutt\u00f3 b\u00e9r\u00e9b\u0151l kell levonni - \u00edrta a Magyar Nemzet. Palkovics\" \/>\n\t\t<meta name=\"twitter:image\" content=\"https:\/\/allasorias.hu\/hirek\/wp-content\/uploads\/2019\/06\/bank-banking-close-up-1020313-1.jpg\" \/>\n\t\t<meta name=\"twitter:label1\" content=\"Written by\" \/>\n\t\t<meta name=\"twitter:data1\" content=\"Juh\u00e1sz P\u00e9ter\" \/>\n\t\t<meta name=\"twitter:label2\" content=\"Est. reading time\" \/>\n\t\t<meta name=\"twitter:data2\" content=\"2 minutes\" \/>\n\t\t<script type=\"application\/ld+json\" class=\"aioseo-schema\">\n\t\t\t{\"@context\":\"https:\\\/\\\/schema.org\",\"@graph\":[{\"@type\":\"Article\",\"@id\":\"https:\\\/\\\/allasorias.hu\\\/hirek\\\/meg-targyalnak-a-munkaadok-es-az-erdekkepviseletek\\\/#article\",\"name\":\"M\\u00e9g t\\u00e1rgyalnak a munkaad\\u00f3k \\u00e9s az \\u00e9rdekk\\u00e9pviseletek | AllasOrias.hu | H\\u00edrek-lapszemle\",\"headline\":\"M\\u00e9g t\\u00e1rgyalnak a munkaad\\u00f3k \\u00e9s az \\u00e9rdekk\\u00e9pviseletek\",\"author\":{\"@id\":\"https:\\\/\\\/allasorias.hu\\\/hirek\\\/author\\\/admin-allasorias\\\/#author\"},\"publisher\":{\"@id\":\"https:\\\/\\\/allasorias.hu\\\/hirek\\\/#organization\"},\"image\":{\"@type\":\"ImageObject\",\"url\":\"https:\\\/\\\/allasorias.hu\\\/hirek\\\/wp-content\\\/uploads\\\/2019\\\/06\\\/bank-banking-close-up-1020313-1.jpg\",\"width\":640,\"height\":426},\"datePublished\":\"2020-12-18T12:53:43+02:00\",\"dateModified\":\"2020-12-18T12:53:43+02:00\",\"inLanguage\":\"hu-HU\",\"mainEntityOfPage\":{\"@id\":\"https:\\\/\\\/allasorias.hu\\\/hirek\\\/meg-targyalnak-a-munkaadok-es-az-erdekkepviseletek\\\/#webpage\"},\"isPartOf\":{\"@id\":\"https:\\\/\\\/allasorias.hu\\\/hirek\\\/meg-targyalnak-a-munkaadok-es-az-erdekkepviseletek\\\/#webpage\"},\"articleSection\":\"Munkaer\\u0151piac\"},{\"@type\":\"BreadcrumbList\",\"@id\":\"https:\\\/\\\/allasorias.hu\\\/hirek\\\/meg-targyalnak-a-munkaadok-es-az-erdekkepviseletek\\\/#breadcrumblist\",\"itemListElement\":[{\"@type\":\"ListItem\",\"@id\":\"https:\\\/\\\/allasorias.hu\\\/hirek#listItem\",\"position\":1,\"name\":\"Home\",\"item\":\"https:\\\/\\\/allasorias.hu\\\/hirek\",\"nextItem\":{\"@type\":\"ListItem\",\"@id\":\"https:\\\/\\\/allasorias.hu\\\/hirek\\\/temak\\\/munkaeropiac\\\/#listItem\",\"name\":\"Munkaer\\u0151piac\"}},{\"@type\":\"ListItem\",\"@id\":\"https:\\\/\\\/allasorias.hu\\\/hirek\\\/temak\\\/munkaeropiac\\\/#listItem\",\"position\":2,\"name\":\"Munkaer\\u0151piac\",\"item\":\"https:\\\/\\\/allasorias.hu\\\/hirek\\\/temak\\\/munkaeropiac\\\/\",\"nextItem\":{\"@type\":\"ListItem\",\"@id\":\"https:\\\/\\\/allasorias.hu\\\/hirek\\\/meg-targyalnak-a-munkaadok-es-az-erdekkepviseletek\\\/#listItem\",\"name\":\"M\\u00e9g t\\u00e1rgyalnak a munkaad\\u00f3k \\u00e9s az \\u00e9rdekk\\u00e9pviseletek\"},\"previousItem\":{\"@type\":\"ListItem\",\"@id\":\"https:\\\/\\\/allasorias.hu\\\/hirek#listItem\",\"name\":\"Home\"}},{\"@type\":\"ListItem\",\"@id\":\"https:\\\/\\\/allasorias.hu\\\/hirek\\\/meg-targyalnak-a-munkaadok-es-az-erdekkepviseletek\\\/#listItem\",\"position\":3,\"name\":\"M\\u00e9g t\\u00e1rgyalnak a munkaad\\u00f3k \\u00e9s az \\u00e9rdekk\\u00e9pviseletek\",\"previousItem\":{\"@type\":\"ListItem\",\"@id\":\"https:\\\/\\\/allasorias.hu\\\/hirek\\\/temak\\\/munkaeropiac\\\/#listItem\",\"name\":\"Munkaer\\u0151piac\"}}]},{\"@type\":\"Organization\",\"@id\":\"https:\\\/\\\/allasorias.hu\\\/hirek\\\/#organization\",\"name\":\"AllasOrias.hu | H\\u00edrek-lapszemle\",\"description\":\"\\u00dczleti h\\u00edrek az \\u00e1ll\\u00e1s \\u00e9s a munka vil\\u00e1g\\u00e1b\\u00f3l\",\"url\":\"https:\\\/\\\/allasorias.hu\\\/hirek\\\/\",\"logo\":{\"@type\":\"ImageObject\",\"url\":\"https:\\\/\\\/allasorias.hu\\\/hirek\\\/wp-content\\\/uploads\\\/2022\\\/10\\\/allasorias_site_facebok_logo.png\",\"@id\":\"https:\\\/\\\/allasorias.hu\\\/hirek\\\/meg-targyalnak-a-munkaadok-es-az-erdekkepviseletek\\\/#organizationLogo\"},\"image\":{\"@id\":\"https:\\\/\\\/allasorias.hu\\\/hirek\\\/meg-targyalnak-a-munkaadok-es-az-erdekkepviseletek\\\/#organizationLogo\"},\"sameAs\":[\"https:\\\/\\\/www.facebook.com\\\/allasorias\",\"https:\\\/\\\/www.linkedin.com\\\/company\\\/allasorias\"]},{\"@type\":\"Person\",\"@id\":\"https:\\\/\\\/allasorias.hu\\\/hirek\\\/author\\\/admin-allasorias\\\/#author\",\"url\":\"https:\\\/\\\/allasorias.hu\\\/hirek\\\/author\\\/admin-allasorias\\\/\",\"name\":\"Juh\\u00e1sz P\\u00e9ter\",\"image\":{\"@type\":\"ImageObject\",\"@id\":\"https:\\\/\\\/allasorias.hu\\\/hirek\\\/meg-targyalnak-a-munkaadok-es-az-erdekkepviseletek\\\/#authorImage\",\"url\":\"https:\\\/\\\/secure.gravatar.com\\\/avatar\\\/36e6bcb83148978b992977cb0f54d22feb0cce8a0a849a9410532bb2623ba4c6?s=96&d=mm&r=g\",\"width\":96,\"height\":96,\"caption\":\"Juh\\u00e1sz P\\u00e9ter\"}},{\"@type\":\"WebPage\",\"@id\":\"https:\\\/\\\/allasorias.hu\\\/hirek\\\/meg-targyalnak-a-munkaadok-es-az-erdekkepviseletek\\\/#webpage\",\"url\":\"https:\\\/\\\/allasorias.hu\\\/hirek\\\/meg-targyalnak-a-munkaadok-es-az-erdekkepviseletek\\\/\",\"name\":\"M\\u00e9g t\\u00e1rgyalnak a munkaad\\u00f3k \\u00e9s az \\u00e9rdekk\\u00e9pviseletek | AllasOrias.hu | H\\u00edrek-lapszemle\",\"description\":\"Ha a k\\u00e9tl\\u00e9pcs\\u0151s b\\u00e9remel\\u00e9sr\\u0151l siker\\u00fcl megegyezni a munkaad\\u00f3kkal, akkor janu\\u00e1rt\\u00f3l 6,5 sz\\u00e1zal\\u00e9kos felz\\u00e1rk\\u00f3ztat\\u00e1sra tenn\\u00e9nek javaslatot - mondta Palkovics Imre, a Munk\\u00e1stan\\u00e1csok Orsz\\u00e1gos Sz\\u00f6vets\\u00e9g\\u00e9nek eln\\u00f6ke. A munkaer\\u0151piaci j\\u00e1rul\\u00e9k elt\\u00f6rl\\u00e9s\\u00e9t is javasolja a sz\\u00f6vets\\u00e9g, szerint\\u00fck ezzel a l\\u00e9p\\u00e9ssel az \\u00f6sszes munkav\\u00e1llal\\u00f3 nyerne, mivel a j\\u00e1rul\\u00e9kot a munkav\\u00e1llal\\u00f3 brutt\\u00f3 b\\u00e9r\\u00e9b\\u0151l kell levonni - \\u00edrta a Magyar Nemzet. Palkovics\",\"inLanguage\":\"hu-HU\",\"isPartOf\":{\"@id\":\"https:\\\/\\\/allasorias.hu\\\/hirek\\\/#website\"},\"breadcrumb\":{\"@id\":\"https:\\\/\\\/allasorias.hu\\\/hirek\\\/meg-targyalnak-a-munkaadok-es-az-erdekkepviseletek\\\/#breadcrumblist\"},\"author\":{\"@id\":\"https:\\\/\\\/allasorias.hu\\\/hirek\\\/author\\\/admin-allasorias\\\/#author\"},\"creator\":{\"@id\":\"https:\\\/\\\/allasorias.hu\\\/hirek\\\/author\\\/admin-allasorias\\\/#author\"},\"image\":{\"@type\":\"ImageObject\",\"url\":\"https:\\\/\\\/allasorias.hu\\\/hirek\\\/wp-content\\\/uploads\\\/2019\\\/06\\\/bank-banking-close-up-1020313-1.jpg\",\"@id\":\"https:\\\/\\\/allasorias.hu\\\/hirek\\\/meg-targyalnak-a-munkaadok-es-az-erdekkepviseletek\\\/#mainImage\",\"width\":640,\"height\":426},\"primaryImageOfPage\":{\"@id\":\"https:\\\/\\\/allasorias.hu\\\/hirek\\\/meg-targyalnak-a-munkaadok-es-az-erdekkepviseletek\\\/#mainImage\"},\"datePublished\":\"2020-12-18T12:53:43+02:00\",\"dateModified\":\"2020-12-18T12:53:43+02:00\"},{\"@type\":\"WebSite\",\"@id\":\"https:\\\/\\\/allasorias.hu\\\/hirek\\\/#website\",\"url\":\"https:\\\/\\\/allasorias.hu\\\/hirek\\\/\",\"name\":\"AllasOrias.hu | H\\u00edrek-lapszemle\",\"description\":\"\\u00dczleti h\\u00edrek az \\u00e1ll\\u00e1s \\u00e9s a munka vil\\u00e1g\\u00e1b\\u00f3l\",\"inLanguage\":\"hu-HU\",\"publisher\":{\"@id\":\"https:\\\/\\\/allasorias.hu\\\/hirek\\\/#organization\"}}]}\n\t\t<\/script>\n\t\t<!-- All in One SEO -->\n\n","aioseo_head_json":{"title":"M\u00e9g t\u00e1rgyalnak a munkaad\u00f3k \u00e9s az \u00e9rdekk\u00e9pviseletek | AllasOrias.hu | H\u00edrek-lapszemle","description":"Ha a k\u00e9tl\u00e9pcs\u0151s b\u00e9remel\u00e9sr\u0151l siker\u00fcl megegyezni a munkaad\u00f3kkal, akkor janu\u00e1rt\u00f3l 6,5 sz\u00e1zal\u00e9kos felz\u00e1rk\u00f3ztat\u00e1sra tenn\u00e9nek javaslatot - mondta Palkovics Imre, a Munk\u00e1stan\u00e1csok Orsz\u00e1gos Sz\u00f6vets\u00e9g\u00e9nek eln\u00f6ke. A munkaer\u0151piaci j\u00e1rul\u00e9k elt\u00f6rl\u00e9s\u00e9t is javasolja a sz\u00f6vets\u00e9g, szerint\u00fck ezzel a l\u00e9p\u00e9ssel az \u00f6sszes munkav\u00e1llal\u00f3 nyerne, mivel a j\u00e1rul\u00e9kot a munkav\u00e1llal\u00f3 brutt\u00f3 b\u00e9r\u00e9b\u0151l kell levonni - \u00edrta a Magyar Nemzet. Palkovics","canonical_url":"https:\/\/allasorias.hu\/hirek\/meg-targyalnak-a-munkaadok-es-az-erdekkepviseletek\/","robots":"max-image-preview:large","keywords":"","webmasterTools":{"miscellaneous":""},"schema":{"@context":"https:\/\/schema.org","@graph":[{"@type":"Article","@id":"https:\/\/allasorias.hu\/hirek\/meg-targyalnak-a-munkaadok-es-az-erdekkepviseletek\/#article","name":"M\u00e9g t\u00e1rgyalnak a munkaad\u00f3k \u00e9s az \u00e9rdekk\u00e9pviseletek | AllasOrias.hu | H\u00edrek-lapszemle","headline":"M\u00e9g t\u00e1rgyalnak a munkaad\u00f3k \u00e9s az \u00e9rdekk\u00e9pviseletek","author":{"@id":"https:\/\/allasorias.hu\/hirek\/author\/admin-allasorias\/#author"},"publisher":{"@id":"https:\/\/allasorias.hu\/hirek\/#organization"},"image":{"@type":"ImageObject","url":"https:\/\/allasorias.hu\/hirek\/wp-content\/uploads\/2019\/06\/bank-banking-close-up-1020313-1.jpg","width":640,"height":426},"datePublished":"2020-12-18T12:53:43+02:00","dateModified":"2020-12-18T12:53:43+02:00","inLanguage":"hu-HU","mainEntityOfPage":{"@id":"https:\/\/allasorias.hu\/hirek\/meg-targyalnak-a-munkaadok-es-az-erdekkepviseletek\/#webpage"},"isPartOf":{"@id":"https:\/\/allasorias.hu\/hirek\/meg-targyalnak-a-munkaadok-es-az-erdekkepviseletek\/#webpage"},"articleSection":"Munkaer\u0151piac"},{"@type":"BreadcrumbList","@id":"https:\/\/allasorias.hu\/hirek\/meg-targyalnak-a-munkaadok-es-az-erdekkepviseletek\/#breadcrumblist","itemListElement":[{"@type":"ListItem","@id":"https:\/\/allasorias.hu\/hirek#listItem","position":1,"name":"Home","item":"https:\/\/allasorias.hu\/hirek","nextItem":{"@type":"ListItem","@id":"https:\/\/allasorias.hu\/hirek\/temak\/munkaeropiac\/#listItem","name":"Munkaer\u0151piac"}},{"@type":"ListItem","@id":"https:\/\/allasorias.hu\/hirek\/temak\/munkaeropiac\/#listItem","position":2,"name":"Munkaer\u0151piac","item":"https:\/\/allasorias.hu\/hirek\/temak\/munkaeropiac\/","nextItem":{"@type":"ListItem","@id":"https:\/\/allasorias.hu\/hirek\/meg-targyalnak-a-munkaadok-es-az-erdekkepviseletek\/#listItem","name":"M\u00e9g t\u00e1rgyalnak a munkaad\u00f3k \u00e9s az \u00e9rdekk\u00e9pviseletek"},"previousItem":{"@type":"ListItem","@id":"https:\/\/allasorias.hu\/hirek#listItem","name":"Home"}},{"@type":"ListItem","@id":"https:\/\/allasorias.hu\/hirek\/meg-targyalnak-a-munkaadok-es-az-erdekkepviseletek\/#listItem","position":3,"name":"M\u00e9g t\u00e1rgyalnak a munkaad\u00f3k \u00e9s az \u00e9rdekk\u00e9pviseletek","previousItem":{"@type":"ListItem","@id":"https:\/\/allasorias.hu\/hirek\/temak\/munkaeropiac\/#listItem","name":"Munkaer\u0151piac"}}]},{"@type":"Organization","@id":"https:\/\/allasorias.hu\/hirek\/#organization","name":"AllasOrias.hu | H\u00edrek-lapszemle","description":"\u00dczleti h\u00edrek az \u00e1ll\u00e1s \u00e9s a munka vil\u00e1g\u00e1b\u00f3l","url":"https:\/\/allasorias.hu\/hirek\/","logo":{"@type":"ImageObject","url":"https:\/\/allasorias.hu\/hirek\/wp-content\/uploads\/2022\/10\/allasorias_site_facebok_logo.png","@id":"https:\/\/allasorias.hu\/hirek\/meg-targyalnak-a-munkaadok-es-az-erdekkepviseletek\/#organizationLogo"},"image":{"@id":"https:\/\/allasorias.hu\/hirek\/meg-targyalnak-a-munkaadok-es-az-erdekkepviseletek\/#organizationLogo"},"sameAs":["https:\/\/www.facebook.com\/allasorias","https:\/\/www.linkedin.com\/company\/allasorias"]},{"@type":"Person","@id":"https:\/\/allasorias.hu\/hirek\/author\/admin-allasorias\/#author","url":"https:\/\/allasorias.hu\/hirek\/author\/admin-allasorias\/","name":"Juh\u00e1sz P\u00e9ter","image":{"@type":"ImageObject","@id":"https:\/\/allasorias.hu\/hirek\/meg-targyalnak-a-munkaadok-es-az-erdekkepviseletek\/#authorImage","url":"https:\/\/secure.gravatar.com\/avatar\/36e6bcb83148978b992977cb0f54d22feb0cce8a0a849a9410532bb2623ba4c6?s=96&d=mm&r=g","width":96,"height":96,"caption":"Juh\u00e1sz P\u00e9ter"}},{"@type":"WebPage","@id":"https:\/\/allasorias.hu\/hirek\/meg-targyalnak-a-munkaadok-es-az-erdekkepviseletek\/#webpage","url":"https:\/\/allasorias.hu\/hirek\/meg-targyalnak-a-munkaadok-es-az-erdekkepviseletek\/","name":"M\u00e9g t\u00e1rgyalnak a munkaad\u00f3k \u00e9s az \u00e9rdekk\u00e9pviseletek | AllasOrias.hu | H\u00edrek-lapszemle","description":"Ha a k\u00e9tl\u00e9pcs\u0151s b\u00e9remel\u00e9sr\u0151l siker\u00fcl megegyezni a munkaad\u00f3kkal, akkor janu\u00e1rt\u00f3l 6,5 sz\u00e1zal\u00e9kos felz\u00e1rk\u00f3ztat\u00e1sra tenn\u00e9nek javaslatot - mondta Palkovics Imre, a Munk\u00e1stan\u00e1csok Orsz\u00e1gos Sz\u00f6vets\u00e9g\u00e9nek eln\u00f6ke. A munkaer\u0151piaci j\u00e1rul\u00e9k elt\u00f6rl\u00e9s\u00e9t is javasolja a sz\u00f6vets\u00e9g, szerint\u00fck ezzel a l\u00e9p\u00e9ssel az \u00f6sszes munkav\u00e1llal\u00f3 nyerne, mivel a j\u00e1rul\u00e9kot a munkav\u00e1llal\u00f3 brutt\u00f3 b\u00e9r\u00e9b\u0151l kell levonni - \u00edrta a Magyar Nemzet. Palkovics","inLanguage":"hu-HU","isPartOf":{"@id":"https:\/\/allasorias.hu\/hirek\/#website"},"breadcrumb":{"@id":"https:\/\/allasorias.hu\/hirek\/meg-targyalnak-a-munkaadok-es-az-erdekkepviseletek\/#breadcrumblist"},"author":{"@id":"https:\/\/allasorias.hu\/hirek\/author\/admin-allasorias\/#author"},"creator":{"@id":"https:\/\/allasorias.hu\/hirek\/author\/admin-allasorias\/#author"},"image":{"@type":"ImageObject","url":"https:\/\/allasorias.hu\/hirek\/wp-content\/uploads\/2019\/06\/bank-banking-close-up-1020313-1.jpg","@id":"https:\/\/allasorias.hu\/hirek\/meg-targyalnak-a-munkaadok-es-az-erdekkepviseletek\/#mainImage","width":640,"height":426},"primaryImageOfPage":{"@id":"https:\/\/allasorias.hu\/hirek\/meg-targyalnak-a-munkaadok-es-az-erdekkepviseletek\/#mainImage"},"datePublished":"2020-12-18T12:53:43+02:00","dateModified":"2020-12-18T12:53:43+02:00"},{"@type":"WebSite","@id":"https:\/\/allasorias.hu\/hirek\/#website","url":"https:\/\/allasorias.hu\/hirek\/","name":"AllasOrias.hu | H\u00edrek-lapszemle","description":"\u00dczleti h\u00edrek az \u00e1ll\u00e1s \u00e9s a munka vil\u00e1g\u00e1b\u00f3l","inLanguage":"hu-HU","publisher":{"@id":"https:\/\/allasorias.hu\/hirek\/#organization"}}]},"og:locale":"hu_HU","og:site_name":"AllasOrias.hu | H\u00edrek-lapszemle | \u00dczleti h\u00edrek az \u00e1ll\u00e1s \u00e9s a munka vil\u00e1g\u00e1b\u00f3l","og:type":"article","og:title":"M\u00e9g t\u00e1rgyalnak a munkaad\u00f3k \u00e9s az \u00e9rdekk\u00e9pviseletek | AllasOrias.hu | H\u00edrek-lapszemle","og:description":"Ha a k\u00e9tl\u00e9pcs\u0151s b\u00e9remel\u00e9sr\u0151l siker\u00fcl megegyezni a munkaad\u00f3kkal, akkor janu\u00e1rt\u00f3l 6,5 sz\u00e1zal\u00e9kos felz\u00e1rk\u00f3ztat\u00e1sra tenn\u00e9nek javaslatot - mondta Palkovics Imre, a Munk\u00e1stan\u00e1csok Orsz\u00e1gos Sz\u00f6vets\u00e9g\u00e9nek eln\u00f6ke. A munkaer\u0151piaci j\u00e1rul\u00e9k elt\u00f6rl\u00e9s\u00e9t is javasolja a sz\u00f6vets\u00e9g, szerint\u00fck ezzel a l\u00e9p\u00e9ssel az \u00f6sszes munkav\u00e1llal\u00f3 nyerne, mivel a j\u00e1rul\u00e9kot a munkav\u00e1llal\u00f3 brutt\u00f3 b\u00e9r\u00e9b\u0151l kell levonni - \u00edrta a Magyar Nemzet. Palkovics","og:url":"https:\/\/allasorias.hu\/hirek\/meg-targyalnak-a-munkaadok-es-az-erdekkepviseletek\/","og:image":"https:\/\/allasorias.hu\/hirek\/wp-content\/uploads\/2019\/06\/bank-banking-close-up-1020313-1.jpg","og:image:secure_url":"https:\/\/allasorias.hu\/hirek\/wp-content\/uploads\/2019\/06\/bank-banking-close-up-1020313-1.jpg","og:image:width":640,"og:image:height":426,"article:published_time":"2020-12-18T12:53:43+00:00","article:modified_time":"2020-12-18T12:53:43+00:00","article:publisher":"https:\/\/www.facebook.com\/allasorias","twitter:card":"summary_large_image","twitter:title":"M\u00e9g t\u00e1rgyalnak a munkaad\u00f3k \u00e9s az \u00e9rdekk\u00e9pviseletek | AllasOrias.hu | H\u00edrek-lapszemle","twitter:description":"Ha a k\u00e9tl\u00e9pcs\u0151s b\u00e9remel\u00e9sr\u0151l siker\u00fcl megegyezni a munkaad\u00f3kkal, akkor janu\u00e1rt\u00f3l 6,5 sz\u00e1zal\u00e9kos felz\u00e1rk\u00f3ztat\u00e1sra tenn\u00e9nek javaslatot - mondta Palkovics Imre, a Munk\u00e1stan\u00e1csok Orsz\u00e1gos Sz\u00f6vets\u00e9g\u00e9nek eln\u00f6ke. A munkaer\u0151piaci j\u00e1rul\u00e9k elt\u00f6rl\u00e9s\u00e9t is javasolja a sz\u00f6vets\u00e9g, szerint\u00fck ezzel a l\u00e9p\u00e9ssel az \u00f6sszes munkav\u00e1llal\u00f3 nyerne, mivel a j\u00e1rul\u00e9kot a munkav\u00e1llal\u00f3 brutt\u00f3 b\u00e9r\u00e9b\u0151l kell levonni - \u00edrta a Magyar Nemzet. Palkovics","twitter:image":"https:\/\/allasorias.hu\/hirek\/wp-content\/uploads\/2019\/06\/bank-banking-close-up-1020313-1.jpg","twitter:label1":"Written by","twitter:data1":"Juh\u00e1sz P\u00e9ter","twitter:label2":"Est. reading time","twitter:data2":"2 minutes"},"aioseo_meta_data":{"post_id":"4453","title":null,"description":"","keywords":"","keyphrases":null,"primary_term":null,"canonical_url":"","og_title":null,"og_description":null,"og_object_type":"default","og_image_type":"default","og_image_url":null,"og_image_width":null,"og_image_height":null,"og_image_custom_url":null,"og_image_custom_fields":null,"og_video":null,"og_custom_url":null,"og_article_section":null,"og_article_tags":null,"twitter_use_og":false,"twitter_card":"default","twitter_image_type":"default","twitter_image_url":null,"twitter_image_custom_url":null,"twitter_image_custom_fields":null,"twitter_title":null,"twitter_description":null,"schema":{"blockGraphs":[],"customGraphs":[],"default":{"data":{"Article":[],"Course":[],"Dataset":[],"FAQPage":[],"Movie":[],"Person":[],"Product":[],"ProductReview":[],"Car":[],"Recipe":[],"Service":[],"SoftwareApplication":[],"WebPage":[]},"graphName":"","isEnabled":true},"graphs":[],"defaultGraph":"","defaultPostTypeGraph":""},"schema_type":null,"schema_type_options":null,"pillar_content":false,"robots_default":true,"robots_noindex":false,"robots_noarchive":false,"robots_nosnippet":false,"robots_nofollow":false,"robots_noimageindex":false,"robots_noodp":false,"robots_notranslate":false,"robots_max_snippet":null,"robots_max_videopreview":null,"robots_max_imagepreview":"large","priority":null,"frequency":null,"location":null,"local_seo":null,"breadcrumb_settings":null,"limit_modified_date":false,"ai":null,"created":"2021-02-01 20:44:59","updated":"2025-10-02 15:07:39","seo_analyzer_scan_date":null,"focus_keyword":null,"additional_keywords":null,"truseo_locale":null},"aioseo_breadcrumb":"<div class=\"aioseo-breadcrumbs\"><span class=\"aioseo-breadcrumb\">\n\t\t\t<a href=\"https:\/\/allasorias.hu\/hirek\" title=\"Home\">Home<\/a>\n\t\t<\/span><span class=\"aioseo-breadcrumb-separator\">&raquo;<\/span><span class=\"aioseo-breadcrumb\">\n\t\t\t<a href=\"https:\/\/allasorias.hu\/hirek\/temak\/munkaeropiac\/\" title=\"Munkaer\u0151piac\">Munkaer\u0151piac<\/a>\n\t\t<\/span><span class=\"aioseo-breadcrumb-separator\">&raquo;<\/span><span class=\"aioseo-breadcrumb\">\n\t\t\tM\u00e9g t\u00e1rgyalnak a munkaad\u00f3k \u00e9s az \u00e9rdekk\u00e9pviseletek\n\t\t<\/span><\/div>","aioseo_breadcrumb_json":[{"label":"Home","link":"https:\/\/allasorias.hu\/hirek"},{"label":"Munkaer\u0151piac","link":"https:\/\/allasorias.hu\/hirek\/temak\/munkaeropiac\/"},{"label":"M\u00e9g t\u00e1rgyalnak a munkaad\u00f3k \u00e9s az \u00e9rdekk\u00e9pviseletek","link":"https:\/\/allasorias.hu\/hirek\/meg-targyalnak-a-munkaadok-es-az-erdekkepviseletek\/"}],"_links":{"self":[{"href":"https:\/\/allasorias.hu\/hirek\/wp-json\/wp\/v2\/posts\/4453","targetHints":{"allow":["GET"]}}],"collection":[{"href":"https:\/\/allasorias.hu\/hirek\/wp-json\/wp\/v2\/posts"}],"about":[{"href":"https:\/\/allasorias.hu\/hirek\/wp-json\/wp\/v2\/types\/post"}],"author":[{"embeddable":true,"href":"https:\/\/allasorias.hu\/hirek\/wp-json\/wp\/v2\/users\/1"}],"replies":[{"embeddable":true,"href":"https:\/\/allasorias.hu\/hirek\/wp-json\/wp\/v2\/comments?post=4453"}],"version-history":[{"count":1,"href":"https:\/\/allasorias.hu\/hirek\/wp-json\/wp\/v2\/posts\/4453\/revisions"}],"predecessor-version":[{"id":4454,"href":"https:\/\/allasorias.hu\/hirek\/wp-json\/wp\/v2\/posts\/4453\/revisions\/4454"}],"wp:featuredmedia":[{"embeddable":true,"href":"https:\/\/allasorias.hu\/hirek\/wp-json\/wp\/v2\/media\/3005"}],"wp:attachment":[{"href":"https:\/\/allasorias.hu\/hirek\/wp-json\/wp\/v2\/media?parent=4453"}],"wp:term":[{"taxonomy":"category","embeddable":true,"href":"https:\/\/allasorias.hu\/hirek\/wp-json\/wp\/v2\/categories?post=4453"},{"taxonomy":"post_tag","embeddable":true,"href":"https:\/\/allasorias.hu\/hirek\/wp-json\/wp\/v2\/tags?post=4453"}],"curies":[{"name":"wp","href":"https:\/\/api.w.org\/{rel}","templated":true}]}}