{"id":4444,"date":"2020-12-15T10:43:05","date_gmt":"2020-12-15T10:43:05","guid":{"rendered":"https:\/\/allasorias.hu\/hirek\/?p=4444"},"modified":"2020-12-15T10:43:05","modified_gmt":"2020-12-15T10:43:05","slug":"kozel-a-megallapodas-a-minimalberrol","status":"publish","type":"post","link":"https:\/\/allasorias.hu\/hirek\/kozel-a-megallapodas-a-minimalberrol\/","title":{"rendered":"K\u00f6zel a meg\u00e1llapod\u00e1s a minim\u00e1lb\u00e9rr\u0151l"},"content":{"rendered":"<p><strong>Hossz\u00fa vit\u00e1k ut\u00e1n \u00fagy t\u0171nik lesz meg\u00e1llapod\u00e1s a j\u00f6v\u0151 \u00e9vi minim\u00e1lb\u00e9rr\u0151l \u00a0a Versenyszf\u00e9ra \u00e9s a Korm\u00e1ny \u00c1lland\u00f3 Konzult\u00e1ci\u00f3s F\u00f3ruma k\u00f6z\u00f6tt \u2013 \u00edrja a Vil\u00e1ggazdas\u00e1g. Elmozdultak a szakszervetek a kor\u00e1bbi, 10 sz\u00e1zal\u00e9kos k\u00f6vetel\u00e9s\u00fckt\u0151l, a tov\u00e1bbiak\u00adban 7,5 sz\u00e1zal\u00e9kos minim\u00e1lb\u00e9r-emel\u00e9st szeretn\u00e9nek a j\u00f6v\u0151 \u00e9vre el\u00e9rni \u2013 mondta a Vil\u00e1ggazdas\u00e1gnak Kord\u00e1s L\u00e1szl\u00f3, a Magyar Szakszervezeti Sz\u00f6vets\u00e9g eln\u00f6ke. <\/strong><\/p>\n<p>A j\u00e1rv\u00e1ny ellen\u00e9re az idei \u00e1tlagb\u00e9r jobban n\u0151tt a legkisebb munkab\u00e9rn\u00e9l, igazolva, hogy ki lehetett termelni az emel\u00e9st, m\u00e9g volt r\u00e1 tartal\u00e9k a gazdas\u00e1gban. Zs. Sz\u0151ke Zolt\u00e1n, az \u00c1feosz-Coop Sz\u00f6vets\u00e9g eln\u00f6ke viszont azt hangs\u00falyozta lapunknak, hogy nem hagyhat\u00f3k figyelmen k\u00edv\u00fcl a j\u00e1rv\u00e1ny hat\u00e1sai, de ha a korm\u00e1ny cs\u00f6kkenti a szoci\u00e1lis hozz\u00e1j\u00e1rul\u00e1si ad\u00f3t 2 sz\u00e1zal\u00e9kkal \u2013 ahogyan a kor\u00e1bbi meg\u00e1llapod\u00e1sban v\u00e1llalta \u2013, akkor megadn\u00e1k az infl\u00e1ci\u00f3val azonos m\u00e9rt\u00e9k\u0171 b\u00e9remel\u00e9st. A kiskereskedelmi \u00e9rdekk\u00e9pviseleti sz\u00f6vets\u00e9g vezet\u0151je kifog\u00e1solta, hogy semmilyen jelz\u00e9st nem kaptak a korm\u00e1ny terveir\u0151l, emiatt tov\u00e1bb fokoz\u00f3dik a bizonytalans\u00e1g, \u00e9s a v\u00e1llalkoz\u00e1sok nagy r\u00e9sz\u00e9nek m\u00e9g ir\u00e1nymutat\u00e1st sem tudnak adni, hogy j\u00f6v\u0151re milyen k\u00f6telez\u0151 b\u00e9rekkel kalkul\u00e1ljanak. A munkaad\u00f3i oldal abban b\u00edzik, hogy ha cs\u00f6kken az ad\u00f3, akkor arra m\u00e1r janu\u00e1rban sor ker\u00fcl. Zs. Sz\u0151ke Zolt\u00e1n eml\u00e9keztetett, hogy a korm\u00e1ny az id\u00e9n megl\u00e9pte a cs\u00f6kkent\u00e9st, annak ellen\u00e9re, hogy nem volt meg a felt\u00e9tele. A munkaad\u00f3k \u00fagy l\u00e1tj\u00e1k, hogy most semmivel sem jobb a helyzet, mint amikor a korm\u00e1ny ezt a d\u00f6nt\u00e9st meghozta. Az \u00c1feosz-Coop vezet\u0151je egyel\u0151re nem l\u00e1t es\u00e9lyt 3 sz\u00e1zal\u00e9kn\u00e1l nagyobb emel\u00e9sre, de jelezte, hogy \u201eaz \u00e9v v\u00e9g\u00e9ig m\u00e9g sok minden megt\u00f6rt\u00e9nhet\u201d. Kord\u00e1s L\u00e1szl\u00f3 arra a k\u00e9rd\u00e9sre, hogy el\u00e9gedettek lenn\u00e9nek-e kisebb, 4-5 sz\u00e1zal\u00e9kos minim\u00e1lb\u00e9r-emel\u00e9ssel, \u00fagy v\u00e1laszolt, hogy biztosan nem. Egy\u00fattal felh\u00edvta a \u00adfigyelmet, hogy az MNB j\u00f6v\u0151re 6,6\u20117,1 sz\u00e1zal\u00e9kos \u00e1tlagos b\u00e9rki\u00e1raml\u00e1ssal sz\u00e1mol, ez pedig igazolja, hogy b\u0151ven 5 sz\u00e1zal\u00e9k f\u00f6l\u00f6tti minim\u00e1lb\u00e9r-emel\u00e9s lenne indokolt. A szakszervezeti vezet\u0151 amellett \u00e9rvelt, hogy a korm\u00e1nynak fontol\u00f3ra kellene vennie az 1,5 sz\u00e1zal\u00e9kos munkaer\u0151piaci j\u00e1rul\u00e9k elt\u00f6rl\u00e9s\u00e9t. Szerinte ami \u00edgy kiesik a foglalkoztat\u00e1si alapb\u00f3l, azt p\u00f3tolni lehetne uni\u00f3s forr\u00e1sb\u00f3l. Direktben kellene a munkav\u00e1llal\u00f3k terheit cs\u00f6kkenteni, az pedig ott maradna a nett\u00f3 fizet\u00e9sben. \u00cdgy a munkaad\u00f3k 3 sz\u00e1zal\u00e9kos aj\u00e1nlata \u00e9s az 1,5 sz\u00e1zal\u00e9kos j\u00e1rul\u00e9k elenged\u00e9se egy\u00fctt m\u00e1r k\u00f6zel lenne ahhoz, amit c\u00e9lk\u00e9nt t\u0171ztek ki \u2013 tette hozz\u00e1 Kord\u00e1s L\u00e1szl\u00f3.<\/p>\n<p>&nbsp;<\/p>\n<p>Forr\u00e1s: Vil\u00e1ggazdas\u00e1g, szakszervezetek.hu<\/p>\n","protected":false},"excerpt":{"rendered":"<p>Hossz\u00fa vit\u00e1k ut\u00e1n \u00fagy t\u0171nik lesz meg\u00e1llapod\u00e1s a j\u00f6v\u0151 \u00e9vi minim\u00e1lb\u00e9rr\u0151l \u00a0a Versenyszf\u00e9ra \u00e9s a Korm\u00e1ny \u00c1lland\u00f3 Konzult\u00e1ci\u00f3s F\u00f3ruma k\u00f6z\u00f6tt \u2013 \u00edrja a Vil\u00e1ggazdas\u00e1g. Elmozdultak a szakszervetek a kor\u00e1bbi, 10 sz\u00e1zal\u00e9kos k\u00f6vetel\u00e9s\u00fckt\u0151l, a tov\u00e1bbiak\u00adban 7,5 sz\u00e1zal\u00e9kos minim\u00e1lb\u00e9r-emel\u00e9st szeretn\u00e9nek a j\u00f6v\u0151 \u00e9vre el\u00e9rni \u2013 mondta a Vil\u00e1ggazdas\u00e1gnak Kord\u00e1s L\u00e1szl\u00f3, a Magyar Szakszervezeti Sz\u00f6vets\u00e9g eln\u00f6ke. A j\u00e1rv\u00e1ny [&hellip;]<\/p>\n","protected":false},"author":1,"featured_media":2809,"comment_status":"open","ping_status":"open","sticky":false,"template":"","format":"standard","meta":{"_monsterinsights_skip_tracking":false,"_monsterinsights_sitenote_active":false,"_monsterinsights_sitenote_note":"","_monsterinsights_sitenote_category":0,"footnotes":""},"categories":[200],"tags":[],"class_list":["post-4444","post","type-post","status-publish","format-standard","has-post-thumbnail","hentry","category-munkaeropiac"],"aioseo_notices":[],"_links":{"self":[{"href":"https:\/\/allasorias.hu\/hirek\/wp-json\/wp\/v2\/posts\/4444","targetHints":{"allow":["GET"]}}],"collection":[{"href":"https:\/\/allasorias.hu\/hirek\/wp-json\/wp\/v2\/posts"}],"about":[{"href":"https:\/\/allasorias.hu\/hirek\/wp-json\/wp\/v2\/types\/post"}],"author":[{"embeddable":true,"href":"https:\/\/allasorias.hu\/hirek\/wp-json\/wp\/v2\/users\/1"}],"replies":[{"embeddable":true,"href":"https:\/\/allasorias.hu\/hirek\/wp-json\/wp\/v2\/comments?post=4444"}],"version-history":[{"count":1,"href":"https:\/\/allasorias.hu\/hirek\/wp-json\/wp\/v2\/posts\/4444\/revisions"}],"predecessor-version":[{"id":4445,"href":"https:\/\/allasorias.hu\/hirek\/wp-json\/wp\/v2\/posts\/4444\/revisions\/4445"}],"wp:featuredmedia":[{"embeddable":true,"href":"https:\/\/allasorias.hu\/hirek\/wp-json\/wp\/v2\/media\/2809"}],"wp:attachment":[{"href":"https:\/\/allasorias.hu\/hirek\/wp-json\/wp\/v2\/media?parent=4444"}],"wp:term":[{"taxonomy":"category","embeddable":true,"href":"https:\/\/allasorias.hu\/hirek\/wp-json\/wp\/v2\/categories?post=4444"},{"taxonomy":"post_tag","embeddable":true,"href":"https:\/\/allasorias.hu\/hirek\/wp-json\/wp\/v2\/tags?post=4444"}],"curies":[{"name":"wp","href":"https:\/\/api.w.org\/{rel}","templated":true}]}}