{"id":4435,"date":"2020-12-11T09:57:25","date_gmt":"2020-12-11T09:57:25","guid":{"rendered":"https:\/\/allasorias.hu\/hirek\/?p=4435"},"modified":"2020-12-11T09:57:25","modified_gmt":"2020-12-11T09:57:25","slug":"tovabbra-is-jo-szakma-az-informatikus-szakma","status":"publish","type":"post","link":"https:\/\/allasorias.hu\/hirek\/tovabbra-is-jo-szakma-az-informatikus-szakma\/","title":{"rendered":"Tov\u00e1bbra is j\u00f3 szakma az informatikus szakma"},"content":{"rendered":"<p><strong>Az elk\u00f6vetkez\u0151 \u00e9vekben is j\u00f3l v\u00e1laszt, aki informatikusnak tanul. De, mi lesz t\u00edz \u00e9v m\u00falva ? Becsl\u00e9sek szerint is mintegy 22 ezer informatikus hi\u00e1nyzott a magyar munkaer\u0151piacr\u00f3l 2019-ben, \u00e9s ezt a szektort m\u00e9g a koronav\u00edrus-j\u00e1rv\u00e1ny sem tudta visszavetni. <\/strong><\/p>\n<p>A vil\u00e1gv\u00e1ls\u00e1g sz\u00e1mos ter\u00fcleten nyitott \u00faj lehet\u0151s\u00e9geket az IT-sok sz\u00e1m\u00e1ra, hiszen nyilv\u00e1nval\u00f3v\u00e1 v\u00e1lt, hogy a j\u00f6v\u0151 kih\u00edv\u00e1sait csak a technol\u00f3gia seg\u00edts\u00e9g\u00e9vel lesz k\u00e9pes legy\u0151zni az emberis\u00e9g. A digit\u00e1lis gazdas\u00e1g m\u00e1r most k\u00f6zel minden \u00f6t\u00f6dik magyarnak biztos\u00edt munk\u00e1t, ez az ar\u00e1ny pedig minden bizonnyal robban\u00e1sszer\u0171 n\u00f6veked\u00e9st mutat majd a k\u00f6vetkez\u0151 \u00e9vtizedben, ahogy egyre t\u00f6bben, egyre sz\u00e9lesebb k\u00f6rben alkalmazz\u00e1k a leg\u00fajabb technol\u00f3gi\u00e1kat mindennapi feladataik sor\u00e1n. Milyen kompetenci\u00e1kkal v\u00e9rtezz\u00fck fel magunkat most, ha 10 \u00e9v m\u00falva is labd\u00e1ba szeretn\u00e9nk r\u00fagni a munkaer\u0151piacon? Az IVSZ \u00e9s a Microsoft el\u0151rejelz\u00e9se szerint \u00f3ri\u00e1si lehet\u0151s\u00e9g kapuj\u00e1ban \u00e1ll Magyarorsz\u00e1g: amennyiben sz\u00e9les k\u00f6rben is elterjednek a legmodernebb digit\u00e1lis technol\u00f3gi\u00e1k (5G, IoT, MI, blockchain, cloud), az 2023-ra \u00e9ves szinten csaknem 4 ezer milli\u00e1rd forint GDP-t\u00f6bbletet eredm\u00e9nyezne, ami a jelenlegi magyar GDP csaknem tizede. Haz\u00e1nkban az IKT (inform\u00e1ci\u00f3s \u00e9s kommunik\u00e1ci\u00f3s technol\u00f3giai) \u00e1gazat a foglalkoztatottak k\u00f6zel \u00f6t\u00f6d\u00e9nek biztos\u00edt munkalehet\u0151s\u00e9get, ugyanakkor \u00e9ppen a k\u00f6vetkez\u0151 \u00e9vtized legfontosabb kompetenci\u00e1it fejleszt\u0151 feln\u0151ttk\u00e9pz\u00e9s ter\u00e9n vannak hi\u00e1nyoss\u00e1gaink. V\u00e9gleg el kell teh\u00e1t engedni a monitor m\u00f6g\u00f6tt \u00fcld\u00f6g\u00e9l\u0151, mag\u00e1nyosan k\u00f3dolgat\u00f3 informatikusok k\u00e9p\u00e9t: a j\u00f6v\u0151ben kreat\u00edv, kiv\u00e1l\u00f3an kommunik\u00e1l\u00f3, a kulcstechnol\u00f3gi\u00e1kat k\u00f6nnyen elsaj\u00e1t\u00edt\u00f3 \u00e9s alkalmaz\u00f3 szakemberekre lesz sz\u00fcks\u00e9g. A j\u00f6v\u0151 szakm\u00e1i m\u00e9g nem is l\u00e9teznek, de m\u00e1r \u00e9rdemes k\u00e9sz\u00fclni r\u00e1juk. Az inform\u00e1ci\u00f3s technol\u00f3gi\u00e1k ter\u00fclete tal\u00e1n m\u00e9g soha nem fejl\u0151d\u00f6tt olyan gyors \u00fctemben, mint napjainkban, 2020-ban pedig sz\u00e1mos olyan kih\u00edv\u00e1st tapasztalhattunk, amely gyakorlatilag bomb\u00e1t robbantott az IT-vil\u00e1gban. A felm\u00e9r\u00e9sek szerint a c\u00e9gvezet\u0151k 72%-a egy\u00e9rtelm\u0171en el\u0151nyben fogja r\u00e9szes\u00edteni a digit\u00e1lis technol\u00f3gi\u00e1hoz kapcsol\u00f3d\u00f3 innov\u00e1ci\u00f3kat, vagyis az \u00fczletmenet-folytonoss\u00e1got \u00e9s a piaci c\u00e9lokat szolg\u00e1l\u00f3 IT-ismeretekre minden eddigin\u00e9l nagyobb ig\u00e9ny lesz. A v\u00e1llalatok m\u00e1r most hajland\u00f3ak \u00e1ldozni a strat\u00e9giai fontoss\u00e1g\u00fa tud\u00e1sra, \u00e9s val\u00f3sz\u00edn\u0171leg m\u00e9g tov\u00e1bb ny\u00edlik majd az oll\u00f3 a digit\u00e1lisan k\u00e9pzett, illetve k\u00e9pzetlen munkaer\u0151 kereseti kil\u00e1t\u00e1sai k\u00f6z\u00f6tt. Jelenleg a magyar IT-szakm\u00e1ban a k\u00f6vetkez\u0151k\u00e9ppen alakul a fizet\u00e9si top 3: a legnagyobb brutt\u00f3 \u00e1tlagkereseteket a Business Intelligence (885 000-1 195 000 ft), a Project Management (820 000 &#8211; 1 640 000 ft) \u00e9s a DevOps (807 000-1 125 000 ft) kateg\u00f3ri\u00e1k senior \u00e9s expert szakemberei vihetik haza. Vajon milyen kompetenci\u00e1k birtok\u00e1ban sz\u00e1m\u00edthatunk biztos j\u00f6v\u0151re a munkaer\u0151piacon? A 2021-es el\u0151rejelz\u00e9sek szerint tov\u00e1bb n\u0151 a Data Science jelent\u0151s\u00e9ge szinte minden ipar\u00e1gban, legyen sz\u00f3 az \u00fczleti intelligenci\u00e1t t\u00e1mogat\u00f3 informatikai h\u00e1tt\u00e9rr\u0151l vagy \u00e9ppen a j\u00e1rv\u00e1nyok elleni harcr\u00f3l \u00e9s az \u00f6nvezet\u0151 j\u00e1rm\u0171vek szoftvereir\u0151l. Mivel az adattudom\u00e1ny k\u00fcl\u00f6nf\u00e9le eszk\u00f6z\u00f6k, algoritmusok \u00e9s g\u00e9pi tanul\u00e1si elvek kombin\u00e1ci\u00f3j\u00e1val nyer ki \u00e9rt\u00e9kes k\u00f6vetkeztet\u00e9seket a rendelkez\u00e9sre \u00e1ll\u00f3 inform\u00e1ci\u00f3halmazb\u00f3l, ezen a ter\u00fcleten k\u00fcl\u00f6n\u00f6sen fontos a nyitotts\u00e1g \u00e9s a tanul\u00e9konys\u00e1g. Ahogy az adatok a lef\u00e9ltettebb kincseink lettek, v\u00e9delm\u00fck is egyre fontosabb\u00e1 v\u00e1lt. Az informatikai fenyeget\u00e9sek r\u00e1ad\u00e1sul exponenci\u00e1lisan emelkedtek 2020-ban, hiszen egyre t\u00f6bb c\u00e9g t\u00e9rt \u00e1t a t\u00e1vmunk\u00e1ra \u00e9s a digit\u00e1lis kommunik\u00e1ci\u00f3s platformokra: a v\u00e1llalatok k\u00f6zel 80 sz\u00e1zal\u00e9k\u00e1n\u00e1l jelent\u0151sen megugrott tavasz \u00f3ta a rosszindulat\u00fa t\u00e1mad\u00e1sok sz\u00e1ma. A kiberbiztons\u00e1g kifejezetten kifizet\u0151d\u0151 szakter\u00fclet, hiszen \u00e1tlagosan 15%-kal magasabb fizet\u00e9sre sz\u00e1m\u00edthatnak az ilyen ir\u00e1ny\u00fa k\u00e9pzetts\u00e9ggel rendelkez\u0151k. A k\u00f6vetkez\u0151 \u00e9vtizedben is mindent els\u00f6pr\u0151 er\u0151vel robog majd tov\u00e1bb minden tev\u00e9kenys\u00e9g, aminek k\u00f6ze van a mesters\u00e9ges intelligenci\u00e1hoz: 2025-re m\u00e1r 133 milli\u00f3 ember foglalkozik majd az ehhez k\u00f6zvetve vagy k\u00f6zvetlen\u00fcl kapcsol\u00f3d\u00f3 tev\u00e9kenys\u00e9gekkel sz\u00e1mos ipar\u00e1gban. Ezen tud\u00e1s birtok\u00e1ban szinte b\u00e1rmely \u00e1gazatban elhelyezkedhetnek majd a munkav\u00e1llal\u00f3k a sz\u00f3rakoztat\u00f3 ipart\u00f3l az aut\u00f3gy\u00e1rt\u00e1son \u00e1t az eg\u00e9szs\u00e9g\u00fcgyig \u00e9s a HR-ig. A felh\u0151 alap\u00fa technol\u00f3gi\u00e1k elterjed\u00e9s\u00e9vel rohamosan megn\u0151tt az ig\u00e9ny a kapcsol\u00f3d\u00f3 ismeretekkel rendelkez\u0151 szakemberek ir\u00e1nt szerte a vil\u00e1gon. A felh\u0151m\u00e9rn\u00f6k\u00f6k j\u00f3l ismerik a legn\u00e9pszer\u0171bb cloud szolg\u00e1ltat\u00e1sokat (AWS, Microsoft Azure, Google Cloud), \u00e9s ezek felhaszn\u00e1l\u00e1s\u00e1val fejlesztik az alkalmaz\u00e1sokat. Magas szint\u0171 programoz\u00f3i \u00e9s h\u00e1l\u00f3zati ismeretekkel kell rendelkezni\u00fck, ugyanakkor a piac b\u0151ven megh\u00e1l\u00e1lja tud\u00e1sukat: mintegy 125 000 doll\u00e1ros (kb. 37 000 000 forintos) \u00e9ves medi\u00e1n fizet\u00e9sre sz\u00e1m\u00edthatnak.<\/p>\n<p>Forr\u00e1s: penzcentrum.hu<\/p>\n<p>&nbsp;<\/p>\n","protected":false},"excerpt":{"rendered":"<p>Az elk\u00f6vetkez\u0151 \u00e9vekben is j\u00f3l v\u00e1laszt, aki informatikusnak tanul. De, mi lesz t\u00edz \u00e9v m\u00falva ? Becsl\u00e9sek szerint is mintegy 22 ezer informatikus hi\u00e1nyzott a magyar munkaer\u0151piacr\u00f3l 2019-ben, \u00e9s ezt a szektort m\u00e9g a koronav\u00edrus-j\u00e1rv\u00e1ny sem tudta visszavetni. A vil\u00e1gv\u00e1ls\u00e1g sz\u00e1mos ter\u00fcleten nyitott \u00faj lehet\u0151s\u00e9geket az IT-sok sz\u00e1m\u00e1ra, hiszen nyilv\u00e1nval\u00f3v\u00e1 v\u00e1lt, hogy a j\u00f6v\u0151 kih\u00edv\u00e1sait [&hellip;]<\/p>\n","protected":false},"author":1,"featured_media":4436,"comment_status":"open","ping_status":"open","sticky":false,"template":"","format":"standard","meta":{"_monsterinsights_skip_tracking":false,"footnotes":""},"categories":[203,200],"tags":[],"class_list":["post-4435","post","type-post","status-publish","format-standard","has-post-thumbnail","hentry","category-hianyszakmak","category-munkaeropiac"],"aioseo_notices":[],"aioseo_head":"\n\t\t<!-- All in One SEO 5.0.0.1 - aioseo.com -->\n\t<meta name=\"description\" content=\"Az elk\u00f6vetkez\u0151 \u00e9vekben is j\u00f3l v\u00e1laszt, aki informatikusnak tanul. De, mi lesz t\u00edz \u00e9v m\u00falva ? Becsl\u00e9sek szerint is mintegy 22 ezer informatikus hi\u00e1nyzott a magyar munkaer\u0151piacr\u00f3l 2019-ben, \u00e9s ezt a szektort m\u00e9g a koronav\u00edrus-j\u00e1rv\u00e1ny sem tudta visszavetni. A vil\u00e1gv\u00e1ls\u00e1g sz\u00e1mos ter\u00fcleten nyitott \u00faj lehet\u0151s\u00e9geket az IT-sok sz\u00e1m\u00e1ra, hiszen nyilv\u00e1nval\u00f3v\u00e1 v\u00e1lt, hogy a j\u00f6v\u0151 kih\u00edv\u00e1sait\" \/>\n\t<meta name=\"robots\" content=\"max-image-preview:large\" \/>\n\t<meta name=\"author\" content=\"Juh\u00e1sz P\u00e9ter\"\/>\n\t<link rel=\"canonical\" href=\"https:\/\/allasorias.hu\/hirek\/tovabbra-is-jo-szakma-az-informatikus-szakma\/\" \/>\n\t<meta name=\"generator\" content=\"All in One SEO (AIOSEO) 5.0.0.1\" \/>\n\t\t<meta property=\"og:locale\" content=\"hu_HU\" \/>\n\t\t<meta property=\"og:site_name\" content=\"AllasOrias.hu | H\u00edrek-lapszemle | \u00dczleti h\u00edrek az \u00e1ll\u00e1s \u00e9s a munka vil\u00e1g\u00e1b\u00f3l\" \/>\n\t\t<meta property=\"og:type\" content=\"article\" \/>\n\t\t<meta property=\"og:title\" content=\"Tov\u00e1bbra is j\u00f3 szakma az informatikus szakma | AllasOrias.hu | H\u00edrek-lapszemle\" \/>\n\t\t<meta property=\"og:description\" content=\"Az elk\u00f6vetkez\u0151 \u00e9vekben is j\u00f3l v\u00e1laszt, aki informatikusnak tanul. De, mi lesz t\u00edz \u00e9v m\u00falva ? Becsl\u00e9sek szerint is mintegy 22 ezer informatikus hi\u00e1nyzott a magyar munkaer\u0151piacr\u00f3l 2019-ben, \u00e9s ezt a szektort m\u00e9g a koronav\u00edrus-j\u00e1rv\u00e1ny sem tudta visszavetni. A vil\u00e1gv\u00e1ls\u00e1g sz\u00e1mos ter\u00fcleten nyitott \u00faj lehet\u0151s\u00e9geket az IT-sok sz\u00e1m\u00e1ra, hiszen nyilv\u00e1nval\u00f3v\u00e1 v\u00e1lt, hogy a j\u00f6v\u0151 kih\u00edv\u00e1sait\" \/>\n\t\t<meta property=\"og:url\" content=\"https:\/\/allasorias.hu\/hirek\/tovabbra-is-jo-szakma-az-informatikus-szakma\/\" \/>\n\t\t<meta property=\"og:image\" content=\"https:\/\/allasorias.hu\/hirek\/wp-content\/uploads\/2020\/12\/young-it-service-man-repairing-computer.jpg\" \/>\n\t\t<meta property=\"og:image:secure_url\" content=\"https:\/\/allasorias.hu\/hirek\/wp-content\/uploads\/2020\/12\/young-it-service-man-repairing-computer.jpg\" \/>\n\t\t<meta property=\"og:image:width\" content=\"1920\" \/>\n\t\t<meta property=\"og:image:height\" content=\"1280\" \/>\n\t\t<meta property=\"article:published_time\" content=\"2020-12-11T09:57:25+00:00\" \/>\n\t\t<meta property=\"article:modified_time\" content=\"2020-12-11T09:57:25+00:00\" \/>\n\t\t<meta property=\"article:publisher\" content=\"https:\/\/www.facebook.com\/allasorias\" \/>\n\t\t<meta name=\"twitter:card\" content=\"summary_large_image\" \/>\n\t\t<meta name=\"twitter:title\" content=\"Tov\u00e1bbra is j\u00f3 szakma az informatikus szakma | AllasOrias.hu | H\u00edrek-lapszemle\" \/>\n\t\t<meta name=\"twitter:description\" content=\"Az elk\u00f6vetkez\u0151 \u00e9vekben is j\u00f3l v\u00e1laszt, aki informatikusnak tanul. De, mi lesz t\u00edz \u00e9v m\u00falva ? Becsl\u00e9sek szerint is mintegy 22 ezer informatikus hi\u00e1nyzott a magyar munkaer\u0151piacr\u00f3l 2019-ben, \u00e9s ezt a szektort m\u00e9g a koronav\u00edrus-j\u00e1rv\u00e1ny sem tudta visszavetni. A vil\u00e1gv\u00e1ls\u00e1g sz\u00e1mos ter\u00fcleten nyitott \u00faj lehet\u0151s\u00e9geket az IT-sok sz\u00e1m\u00e1ra, hiszen nyilv\u00e1nval\u00f3v\u00e1 v\u00e1lt, hogy a j\u00f6v\u0151 kih\u00edv\u00e1sait\" \/>\n\t\t<meta name=\"twitter:image\" content=\"https:\/\/allasorias.hu\/hirek\/wp-content\/uploads\/2020\/12\/young-it-service-man-repairing-computer.jpg\" \/>\n\t\t<meta name=\"twitter:label1\" content=\"Written by\" \/>\n\t\t<meta name=\"twitter:data1\" content=\"Juh\u00e1sz P\u00e9ter\" \/>\n\t\t<meta name=\"twitter:label2\" content=\"Est. reading time\" \/>\n\t\t<meta name=\"twitter:data2\" content=\"5 minutes\" \/>\n\t\t<script type=\"application\/ld+json\" class=\"aioseo-schema\">\n\t\t\t{\"@context\":\"https:\\\/\\\/schema.org\",\"@graph\":[{\"@type\":\"Article\",\"@id\":\"https:\\\/\\\/allasorias.hu\\\/hirek\\\/tovabbra-is-jo-szakma-az-informatikus-szakma\\\/#article\",\"name\":\"Tov\\u00e1bbra is j\\u00f3 szakma az informatikus szakma | AllasOrias.hu | H\\u00edrek-lapszemle\",\"headline\":\"Tov\\u00e1bbra is j\\u00f3 szakma az informatikus szakma\",\"author\":{\"@id\":\"https:\\\/\\\/allasorias.hu\\\/hirek\\\/author\\\/admin-allasorias\\\/#author\"},\"publisher\":{\"@id\":\"https:\\\/\\\/allasorias.hu\\\/hirek\\\/#organization\"},\"image\":{\"@type\":\"ImageObject\",\"url\":\"https:\\\/\\\/allasorias.hu\\\/hirek\\\/wp-content\\\/uploads\\\/2020\\\/12\\\/young-it-service-man-repairing-computer.jpg\",\"width\":1920,\"height\":1280,\"caption\":\"Young it service man repairing computer\"},\"datePublished\":\"2020-12-11T09:57:25+02:00\",\"dateModified\":\"2020-12-11T09:57:25+02:00\",\"inLanguage\":\"hu-HU\",\"mainEntityOfPage\":{\"@id\":\"https:\\\/\\\/allasorias.hu\\\/hirek\\\/tovabbra-is-jo-szakma-az-informatikus-szakma\\\/#webpage\"},\"isPartOf\":{\"@id\":\"https:\\\/\\\/allasorias.hu\\\/hirek\\\/tovabbra-is-jo-szakma-az-informatikus-szakma\\\/#webpage\"},\"articleSection\":\"Hi\\u00e1nyszakm\\u00e1k, Munkaer\\u0151piac\"},{\"@type\":\"BreadcrumbList\",\"@id\":\"https:\\\/\\\/allasorias.hu\\\/hirek\\\/tovabbra-is-jo-szakma-az-informatikus-szakma\\\/#breadcrumblist\",\"itemListElement\":[{\"@type\":\"ListItem\",\"@id\":\"https:\\\/\\\/allasorias.hu\\\/hirek#listItem\",\"position\":1,\"name\":\"Home\",\"item\":\"https:\\\/\\\/allasorias.hu\\\/hirek\",\"nextItem\":{\"@type\":\"ListItem\",\"@id\":\"https:\\\/\\\/allasorias.hu\\\/hirek\\\/temak\\\/munkaeropiac\\\/#listItem\",\"name\":\"Munkaer\\u0151piac\"}},{\"@type\":\"ListItem\",\"@id\":\"https:\\\/\\\/allasorias.hu\\\/hirek\\\/temak\\\/munkaeropiac\\\/#listItem\",\"position\":2,\"name\":\"Munkaer\\u0151piac\",\"item\":\"https:\\\/\\\/allasorias.hu\\\/hirek\\\/temak\\\/munkaeropiac\\\/\",\"nextItem\":{\"@type\":\"ListItem\",\"@id\":\"https:\\\/\\\/allasorias.hu\\\/hirek\\\/tovabbra-is-jo-szakma-az-informatikus-szakma\\\/#listItem\",\"name\":\"Tov\\u00e1bbra is j\\u00f3 szakma az informatikus szakma\"},\"previousItem\":{\"@type\":\"ListItem\",\"@id\":\"https:\\\/\\\/allasorias.hu\\\/hirek#listItem\",\"name\":\"Home\"}},{\"@type\":\"ListItem\",\"@id\":\"https:\\\/\\\/allasorias.hu\\\/hirek\\\/tovabbra-is-jo-szakma-az-informatikus-szakma\\\/#listItem\",\"position\":3,\"name\":\"Tov\\u00e1bbra is j\\u00f3 szakma az informatikus szakma\",\"previousItem\":{\"@type\":\"ListItem\",\"@id\":\"https:\\\/\\\/allasorias.hu\\\/hirek\\\/temak\\\/munkaeropiac\\\/#listItem\",\"name\":\"Munkaer\\u0151piac\"}}]},{\"@type\":\"Organization\",\"@id\":\"https:\\\/\\\/allasorias.hu\\\/hirek\\\/#organization\",\"name\":\"AllasOrias.hu | H\\u00edrek-lapszemle\",\"description\":\"\\u00dczleti h\\u00edrek az \\u00e1ll\\u00e1s \\u00e9s a munka vil\\u00e1g\\u00e1b\\u00f3l\",\"url\":\"https:\\\/\\\/allasorias.hu\\\/hirek\\\/\",\"logo\":{\"@type\":\"ImageObject\",\"url\":\"https:\\\/\\\/allasorias.hu\\\/hirek\\\/wp-content\\\/uploads\\\/2022\\\/10\\\/allasorias_site_facebok_logo.png\",\"@id\":\"https:\\\/\\\/allasorias.hu\\\/hirek\\\/tovabbra-is-jo-szakma-az-informatikus-szakma\\\/#organizationLogo\"},\"image\":{\"@id\":\"https:\\\/\\\/allasorias.hu\\\/hirek\\\/tovabbra-is-jo-szakma-az-informatikus-szakma\\\/#organizationLogo\"},\"sameAs\":[\"https:\\\/\\\/www.facebook.com\\\/allasorias\",\"https:\\\/\\\/www.linkedin.com\\\/company\\\/allasorias\"]},{\"@type\":\"Person\",\"@id\":\"https:\\\/\\\/allasorias.hu\\\/hirek\\\/author\\\/admin-allasorias\\\/#author\",\"url\":\"https:\\\/\\\/allasorias.hu\\\/hirek\\\/author\\\/admin-allasorias\\\/\",\"name\":\"Juh\\u00e1sz P\\u00e9ter\",\"image\":{\"@type\":\"ImageObject\",\"@id\":\"https:\\\/\\\/allasorias.hu\\\/hirek\\\/tovabbra-is-jo-szakma-az-informatikus-szakma\\\/#authorImage\",\"url\":\"https:\\\/\\\/secure.gravatar.com\\\/avatar\\\/36e6bcb83148978b992977cb0f54d22feb0cce8a0a849a9410532bb2623ba4c6?s=96&d=mm&r=g\",\"width\":96,\"height\":96,\"caption\":\"Juh\\u00e1sz P\\u00e9ter\"}},{\"@type\":\"WebPage\",\"@id\":\"https:\\\/\\\/allasorias.hu\\\/hirek\\\/tovabbra-is-jo-szakma-az-informatikus-szakma\\\/#webpage\",\"url\":\"https:\\\/\\\/allasorias.hu\\\/hirek\\\/tovabbra-is-jo-szakma-az-informatikus-szakma\\\/\",\"name\":\"Tov\\u00e1bbra is j\\u00f3 szakma az informatikus szakma | AllasOrias.hu | H\\u00edrek-lapszemle\",\"description\":\"Az elk\\u00f6vetkez\\u0151 \\u00e9vekben is j\\u00f3l v\\u00e1laszt, aki informatikusnak tanul. De, mi lesz t\\u00edz \\u00e9v m\\u00falva ? Becsl\\u00e9sek szerint is mintegy 22 ezer informatikus hi\\u00e1nyzott a magyar munkaer\\u0151piacr\\u00f3l 2019-ben, \\u00e9s ezt a szektort m\\u00e9g a koronav\\u00edrus-j\\u00e1rv\\u00e1ny sem tudta visszavetni. A vil\\u00e1gv\\u00e1ls\\u00e1g sz\\u00e1mos ter\\u00fcleten nyitott \\u00faj lehet\\u0151s\\u00e9geket az IT-sok sz\\u00e1m\\u00e1ra, hiszen nyilv\\u00e1nval\\u00f3v\\u00e1 v\\u00e1lt, hogy a j\\u00f6v\\u0151 kih\\u00edv\\u00e1sait\",\"inLanguage\":\"hu-HU\",\"isPartOf\":{\"@id\":\"https:\\\/\\\/allasorias.hu\\\/hirek\\\/#website\"},\"breadcrumb\":{\"@id\":\"https:\\\/\\\/allasorias.hu\\\/hirek\\\/tovabbra-is-jo-szakma-az-informatikus-szakma\\\/#breadcrumblist\"},\"author\":{\"@id\":\"https:\\\/\\\/allasorias.hu\\\/hirek\\\/author\\\/admin-allasorias\\\/#author\"},\"creator\":{\"@id\":\"https:\\\/\\\/allasorias.hu\\\/hirek\\\/author\\\/admin-allasorias\\\/#author\"},\"image\":{\"@type\":\"ImageObject\",\"url\":\"https:\\\/\\\/allasorias.hu\\\/hirek\\\/wp-content\\\/uploads\\\/2020\\\/12\\\/young-it-service-man-repairing-computer.jpg\",\"@id\":\"https:\\\/\\\/allasorias.hu\\\/hirek\\\/tovabbra-is-jo-szakma-az-informatikus-szakma\\\/#mainImage\",\"width\":1920,\"height\":1280,\"caption\":\"Young it service man repairing computer\"},\"primaryImageOfPage\":{\"@id\":\"https:\\\/\\\/allasorias.hu\\\/hirek\\\/tovabbra-is-jo-szakma-az-informatikus-szakma\\\/#mainImage\"},\"datePublished\":\"2020-12-11T09:57:25+02:00\",\"dateModified\":\"2020-12-11T09:57:25+02:00\"},{\"@type\":\"WebSite\",\"@id\":\"https:\\\/\\\/allasorias.hu\\\/hirek\\\/#website\",\"url\":\"https:\\\/\\\/allasorias.hu\\\/hirek\\\/\",\"name\":\"AllasOrias.hu | H\\u00edrek-lapszemle\",\"description\":\"\\u00dczleti h\\u00edrek az \\u00e1ll\\u00e1s \\u00e9s a munka vil\\u00e1g\\u00e1b\\u00f3l\",\"inLanguage\":\"hu-HU\",\"publisher\":{\"@id\":\"https:\\\/\\\/allasorias.hu\\\/hirek\\\/#organization\"}}]}\n\t\t<\/script>\n\t\t<!-- All in One SEO -->\n\n","aioseo_head_json":{"title":"Tov\u00e1bbra is j\u00f3 szakma az informatikus szakma | AllasOrias.hu | H\u00edrek-lapszemle","description":"Az elk\u00f6vetkez\u0151 \u00e9vekben is j\u00f3l v\u00e1laszt, aki informatikusnak tanul. De, mi lesz t\u00edz \u00e9v m\u00falva ? Becsl\u00e9sek szerint is mintegy 22 ezer informatikus hi\u00e1nyzott a magyar munkaer\u0151piacr\u00f3l 2019-ben, \u00e9s ezt a szektort m\u00e9g a koronav\u00edrus-j\u00e1rv\u00e1ny sem tudta visszavetni. A vil\u00e1gv\u00e1ls\u00e1g sz\u00e1mos ter\u00fcleten nyitott \u00faj lehet\u0151s\u00e9geket az IT-sok sz\u00e1m\u00e1ra, hiszen nyilv\u00e1nval\u00f3v\u00e1 v\u00e1lt, hogy a j\u00f6v\u0151 kih\u00edv\u00e1sait","canonical_url":"https:\/\/allasorias.hu\/hirek\/tovabbra-is-jo-szakma-az-informatikus-szakma\/","robots":"max-image-preview:large","keywords":"","webmasterTools":{"miscellaneous":""},"schema":{"@context":"https:\/\/schema.org","@graph":[{"@type":"Article","@id":"https:\/\/allasorias.hu\/hirek\/tovabbra-is-jo-szakma-az-informatikus-szakma\/#article","name":"Tov\u00e1bbra is j\u00f3 szakma az informatikus szakma | AllasOrias.hu | H\u00edrek-lapszemle","headline":"Tov\u00e1bbra is j\u00f3 szakma az informatikus szakma","author":{"@id":"https:\/\/allasorias.hu\/hirek\/author\/admin-allasorias\/#author"},"publisher":{"@id":"https:\/\/allasorias.hu\/hirek\/#organization"},"image":{"@type":"ImageObject","url":"https:\/\/allasorias.hu\/hirek\/wp-content\/uploads\/2020\/12\/young-it-service-man-repairing-computer.jpg","width":1920,"height":1280,"caption":"Young it service man repairing computer"},"datePublished":"2020-12-11T09:57:25+02:00","dateModified":"2020-12-11T09:57:25+02:00","inLanguage":"hu-HU","mainEntityOfPage":{"@id":"https:\/\/allasorias.hu\/hirek\/tovabbra-is-jo-szakma-az-informatikus-szakma\/#webpage"},"isPartOf":{"@id":"https:\/\/allasorias.hu\/hirek\/tovabbra-is-jo-szakma-az-informatikus-szakma\/#webpage"},"articleSection":"Hi\u00e1nyszakm\u00e1k, Munkaer\u0151piac"},{"@type":"BreadcrumbList","@id":"https:\/\/allasorias.hu\/hirek\/tovabbra-is-jo-szakma-az-informatikus-szakma\/#breadcrumblist","itemListElement":[{"@type":"ListItem","@id":"https:\/\/allasorias.hu\/hirek#listItem","position":1,"name":"Home","item":"https:\/\/allasorias.hu\/hirek","nextItem":{"@type":"ListItem","@id":"https:\/\/allasorias.hu\/hirek\/temak\/munkaeropiac\/#listItem","name":"Munkaer\u0151piac"}},{"@type":"ListItem","@id":"https:\/\/allasorias.hu\/hirek\/temak\/munkaeropiac\/#listItem","position":2,"name":"Munkaer\u0151piac","item":"https:\/\/allasorias.hu\/hirek\/temak\/munkaeropiac\/","nextItem":{"@type":"ListItem","@id":"https:\/\/allasorias.hu\/hirek\/tovabbra-is-jo-szakma-az-informatikus-szakma\/#listItem","name":"Tov\u00e1bbra is j\u00f3 szakma az informatikus szakma"},"previousItem":{"@type":"ListItem","@id":"https:\/\/allasorias.hu\/hirek#listItem","name":"Home"}},{"@type":"ListItem","@id":"https:\/\/allasorias.hu\/hirek\/tovabbra-is-jo-szakma-az-informatikus-szakma\/#listItem","position":3,"name":"Tov\u00e1bbra is j\u00f3 szakma az informatikus szakma","previousItem":{"@type":"ListItem","@id":"https:\/\/allasorias.hu\/hirek\/temak\/munkaeropiac\/#listItem","name":"Munkaer\u0151piac"}}]},{"@type":"Organization","@id":"https:\/\/allasorias.hu\/hirek\/#organization","name":"AllasOrias.hu | H\u00edrek-lapszemle","description":"\u00dczleti h\u00edrek az \u00e1ll\u00e1s \u00e9s a munka vil\u00e1g\u00e1b\u00f3l","url":"https:\/\/allasorias.hu\/hirek\/","logo":{"@type":"ImageObject","url":"https:\/\/allasorias.hu\/hirek\/wp-content\/uploads\/2022\/10\/allasorias_site_facebok_logo.png","@id":"https:\/\/allasorias.hu\/hirek\/tovabbra-is-jo-szakma-az-informatikus-szakma\/#organizationLogo"},"image":{"@id":"https:\/\/allasorias.hu\/hirek\/tovabbra-is-jo-szakma-az-informatikus-szakma\/#organizationLogo"},"sameAs":["https:\/\/www.facebook.com\/allasorias","https:\/\/www.linkedin.com\/company\/allasorias"]},{"@type":"Person","@id":"https:\/\/allasorias.hu\/hirek\/author\/admin-allasorias\/#author","url":"https:\/\/allasorias.hu\/hirek\/author\/admin-allasorias\/","name":"Juh\u00e1sz P\u00e9ter","image":{"@type":"ImageObject","@id":"https:\/\/allasorias.hu\/hirek\/tovabbra-is-jo-szakma-az-informatikus-szakma\/#authorImage","url":"https:\/\/secure.gravatar.com\/avatar\/36e6bcb83148978b992977cb0f54d22feb0cce8a0a849a9410532bb2623ba4c6?s=96&d=mm&r=g","width":96,"height":96,"caption":"Juh\u00e1sz P\u00e9ter"}},{"@type":"WebPage","@id":"https:\/\/allasorias.hu\/hirek\/tovabbra-is-jo-szakma-az-informatikus-szakma\/#webpage","url":"https:\/\/allasorias.hu\/hirek\/tovabbra-is-jo-szakma-az-informatikus-szakma\/","name":"Tov\u00e1bbra is j\u00f3 szakma az informatikus szakma | AllasOrias.hu | H\u00edrek-lapszemle","description":"Az elk\u00f6vetkez\u0151 \u00e9vekben is j\u00f3l v\u00e1laszt, aki informatikusnak tanul. De, mi lesz t\u00edz \u00e9v m\u00falva ? Becsl\u00e9sek szerint is mintegy 22 ezer informatikus hi\u00e1nyzott a magyar munkaer\u0151piacr\u00f3l 2019-ben, \u00e9s ezt a szektort m\u00e9g a koronav\u00edrus-j\u00e1rv\u00e1ny sem tudta visszavetni. A vil\u00e1gv\u00e1ls\u00e1g sz\u00e1mos ter\u00fcleten nyitott \u00faj lehet\u0151s\u00e9geket az IT-sok sz\u00e1m\u00e1ra, hiszen nyilv\u00e1nval\u00f3v\u00e1 v\u00e1lt, hogy a j\u00f6v\u0151 kih\u00edv\u00e1sait","inLanguage":"hu-HU","isPartOf":{"@id":"https:\/\/allasorias.hu\/hirek\/#website"},"breadcrumb":{"@id":"https:\/\/allasorias.hu\/hirek\/tovabbra-is-jo-szakma-az-informatikus-szakma\/#breadcrumblist"},"author":{"@id":"https:\/\/allasorias.hu\/hirek\/author\/admin-allasorias\/#author"},"creator":{"@id":"https:\/\/allasorias.hu\/hirek\/author\/admin-allasorias\/#author"},"image":{"@type":"ImageObject","url":"https:\/\/allasorias.hu\/hirek\/wp-content\/uploads\/2020\/12\/young-it-service-man-repairing-computer.jpg","@id":"https:\/\/allasorias.hu\/hirek\/tovabbra-is-jo-szakma-az-informatikus-szakma\/#mainImage","width":1920,"height":1280,"caption":"Young it service man repairing computer"},"primaryImageOfPage":{"@id":"https:\/\/allasorias.hu\/hirek\/tovabbra-is-jo-szakma-az-informatikus-szakma\/#mainImage"},"datePublished":"2020-12-11T09:57:25+02:00","dateModified":"2020-12-11T09:57:25+02:00"},{"@type":"WebSite","@id":"https:\/\/allasorias.hu\/hirek\/#website","url":"https:\/\/allasorias.hu\/hirek\/","name":"AllasOrias.hu | H\u00edrek-lapszemle","description":"\u00dczleti h\u00edrek az \u00e1ll\u00e1s \u00e9s a munka vil\u00e1g\u00e1b\u00f3l","inLanguage":"hu-HU","publisher":{"@id":"https:\/\/allasorias.hu\/hirek\/#organization"}}]},"og:locale":"hu_HU","og:site_name":"AllasOrias.hu | H\u00edrek-lapszemle | \u00dczleti h\u00edrek az \u00e1ll\u00e1s \u00e9s a munka vil\u00e1g\u00e1b\u00f3l","og:type":"article","og:title":"Tov\u00e1bbra is j\u00f3 szakma az informatikus szakma | AllasOrias.hu | H\u00edrek-lapszemle","og:description":"Az elk\u00f6vetkez\u0151 \u00e9vekben is j\u00f3l v\u00e1laszt, aki informatikusnak tanul. De, mi lesz t\u00edz \u00e9v m\u00falva ? Becsl\u00e9sek szerint is mintegy 22 ezer informatikus hi\u00e1nyzott a magyar munkaer\u0151piacr\u00f3l 2019-ben, \u00e9s ezt a szektort m\u00e9g a koronav\u00edrus-j\u00e1rv\u00e1ny sem tudta visszavetni. A vil\u00e1gv\u00e1ls\u00e1g sz\u00e1mos ter\u00fcleten nyitott \u00faj lehet\u0151s\u00e9geket az IT-sok sz\u00e1m\u00e1ra, hiszen nyilv\u00e1nval\u00f3v\u00e1 v\u00e1lt, hogy a j\u00f6v\u0151 kih\u00edv\u00e1sait","og:url":"https:\/\/allasorias.hu\/hirek\/tovabbra-is-jo-szakma-az-informatikus-szakma\/","og:image":"https:\/\/allasorias.hu\/hirek\/wp-content\/uploads\/2020\/12\/young-it-service-man-repairing-computer.jpg","og:image:secure_url":"https:\/\/allasorias.hu\/hirek\/wp-content\/uploads\/2020\/12\/young-it-service-man-repairing-computer.jpg","og:image:width":1920,"og:image:height":1280,"article:published_time":"2020-12-11T09:57:25+00:00","article:modified_time":"2020-12-11T09:57:25+00:00","article:publisher":"https:\/\/www.facebook.com\/allasorias","twitter:card":"summary_large_image","twitter:title":"Tov\u00e1bbra is j\u00f3 szakma az informatikus szakma | AllasOrias.hu | H\u00edrek-lapszemle","twitter:description":"Az elk\u00f6vetkez\u0151 \u00e9vekben is j\u00f3l v\u00e1laszt, aki informatikusnak tanul. De, mi lesz t\u00edz \u00e9v m\u00falva ? Becsl\u00e9sek szerint is mintegy 22 ezer informatikus hi\u00e1nyzott a magyar munkaer\u0151piacr\u00f3l 2019-ben, \u00e9s ezt a szektort m\u00e9g a koronav\u00edrus-j\u00e1rv\u00e1ny sem tudta visszavetni. A vil\u00e1gv\u00e1ls\u00e1g sz\u00e1mos ter\u00fcleten nyitott \u00faj lehet\u0151s\u00e9geket az IT-sok sz\u00e1m\u00e1ra, hiszen nyilv\u00e1nval\u00f3v\u00e1 v\u00e1lt, hogy a j\u00f6v\u0151 kih\u00edv\u00e1sait","twitter:image":"https:\/\/allasorias.hu\/hirek\/wp-content\/uploads\/2020\/12\/young-it-service-man-repairing-computer.jpg","twitter:label1":"Written by","twitter:data1":"Juh\u00e1sz P\u00e9ter","twitter:label2":"Est. reading time","twitter:data2":"5 minutes"},"aioseo_meta_data":{"post_id":"4435","title":null,"description":"","keywords":"","keyphrases":null,"primary_term":null,"canonical_url":"","og_title":null,"og_description":null,"og_object_type":"default","og_image_type":"default","og_image_url":null,"og_image_width":null,"og_image_height":null,"og_image_custom_url":null,"og_image_custom_fields":null,"og_video":null,"og_custom_url":null,"og_article_section":null,"og_article_tags":null,"twitter_use_og":false,"twitter_card":"default","twitter_image_type":"default","twitter_image_url":null,"twitter_image_custom_url":null,"twitter_image_custom_fields":null,"twitter_title":null,"twitter_description":null,"schema":{"blockGraphs":[],"customGraphs":[],"default":{"data":{"Article":[],"Course":[],"Dataset":[],"FAQPage":[],"Movie":[],"Person":[],"Product":[],"ProductReview":[],"Car":[],"Recipe":[],"Service":[],"SoftwareApplication":[],"WebPage":[]},"graphName":"","isEnabled":true},"graphs":[]},"schema_type":null,"schema_type_options":null,"pillar_content":false,"robots_default":true,"robots_noindex":false,"robots_noarchive":false,"robots_nosnippet":false,"robots_nofollow":false,"robots_noimageindex":false,"robots_noodp":false,"robots_notranslate":false,"robots_max_snippet":null,"robots_max_videopreview":null,"robots_max_imagepreview":"large","priority":null,"frequency":null,"location":null,"local_seo":null,"breadcrumb_settings":null,"limit_modified_date":false,"ai":null,"created":"2021-02-01 20:44:59","updated":"2025-10-02 15:06:34","seo_analyzer_scan_date":null,"focus_keyword":null,"additional_keywords":null,"truseo_locale":null},"aioseo_breadcrumb":"<div class=\"aioseo-breadcrumbs\"><span class=\"aioseo-breadcrumb\">\n\t\t\t<a href=\"https:\/\/allasorias.hu\/hirek\" title=\"Home\">Home<\/a>\n\t\t<\/span><span class=\"aioseo-breadcrumb-separator\">&raquo;<\/span><span class=\"aioseo-breadcrumb\">\n\t\t\t<a href=\"https:\/\/allasorias.hu\/hirek\/temak\/munkaeropiac\/\" title=\"Munkaer\u0151piac\">Munkaer\u0151piac<\/a>\n\t\t<\/span><span class=\"aioseo-breadcrumb-separator\">&raquo;<\/span><span class=\"aioseo-breadcrumb\">\n\t\t\tTov\u00e1bbra is j\u00f3 szakma az informatikus szakma\n\t\t<\/span><\/div>","aioseo_breadcrumb_json":[{"label":"Home","link":"https:\/\/allasorias.hu\/hirek"},{"label":"Munkaer\u0151piac","link":"https:\/\/allasorias.hu\/hirek\/temak\/munkaeropiac\/"},{"label":"Tov\u00e1bbra is j\u00f3 szakma az informatikus szakma","link":"https:\/\/allasorias.hu\/hirek\/tovabbra-is-jo-szakma-az-informatikus-szakma\/"}],"_links":{"self":[{"href":"https:\/\/allasorias.hu\/hirek\/wp-json\/wp\/v2\/posts\/4435","targetHints":{"allow":["GET"]}}],"collection":[{"href":"https:\/\/allasorias.hu\/hirek\/wp-json\/wp\/v2\/posts"}],"about":[{"href":"https:\/\/allasorias.hu\/hirek\/wp-json\/wp\/v2\/types\/post"}],"author":[{"embeddable":true,"href":"https:\/\/allasorias.hu\/hirek\/wp-json\/wp\/v2\/users\/1"}],"replies":[{"embeddable":true,"href":"https:\/\/allasorias.hu\/hirek\/wp-json\/wp\/v2\/comments?post=4435"}],"version-history":[{"count":1,"href":"https:\/\/allasorias.hu\/hirek\/wp-json\/wp\/v2\/posts\/4435\/revisions"}],"predecessor-version":[{"id":4437,"href":"https:\/\/allasorias.hu\/hirek\/wp-json\/wp\/v2\/posts\/4435\/revisions\/4437"}],"wp:featuredmedia":[{"embeddable":true,"href":"https:\/\/allasorias.hu\/hirek\/wp-json\/wp\/v2\/media\/4436"}],"wp:attachment":[{"href":"https:\/\/allasorias.hu\/hirek\/wp-json\/wp\/v2\/media?parent=4435"}],"wp:term":[{"taxonomy":"category","embeddable":true,"href":"https:\/\/allasorias.hu\/hirek\/wp-json\/wp\/v2\/categories?post=4435"},{"taxonomy":"post_tag","embeddable":true,"href":"https:\/\/allasorias.hu\/hirek\/wp-json\/wp\/v2\/tags?post=4435"}],"curies":[{"name":"wp","href":"https:\/\/api.w.org\/{rel}","templated":true}]}}