{"id":4433,"date":"2020-12-10T10:16:35","date_gmt":"2020-12-10T10:16:35","guid":{"rendered":"https:\/\/allasorias.hu\/hirek\/?p=4433"},"modified":"2020-12-10T10:16:35","modified_gmt":"2020-12-10T10:16:35","slug":"mikor-all-helyre-a-jarvany-utan-a-gazdasag","status":"publish","type":"post","link":"https:\/\/allasorias.hu\/hirek\/mikor-all-helyre-a-jarvany-utan-a-gazdasag\/","title":{"rendered":"Mikor \u00e1ll helyre a j\u00e1rv\u00e1ny ut\u00e1n a gazdas\u00e1g ?"},"content":{"rendered":"<p><strong>Arr\u00f3l, hogy mikor t\u00e9r vissza a magyarorsz\u00e1gi munkaer\u0151piac a r\u00e9gi ker\u00e9kv\u00e1g\u00e1sba, a c\u00e9gek nem t\u00fal biztat\u00f3ak. A jelenlegi bizonytalan gazdas\u00e1gi k\u00f6rnyezetben a magyarorsz\u00e1gi munk\u00e1ltat\u00f3k 2021 els\u0151 negyed\u00e9v\u00e9ben \u00e1tlagosan 3 sz\u00e1zal\u00e9kkal tervezik b\u0151v\u00edteni jelenlegi munkaer\u0151keret\u00fcket \u2013 der\u00fcl ki a ManpowerGroup friss munkaer\u0151piaci el\u0151rejelz\u00e9s\u00e9b\u0151l. Csup\u00e1n a c\u00e9gek 22 sz\u00e1zal\u00e9ka sz\u00e1m\u00edt arra, hogy a munkaer\u0151-felv\u00e9teli aktivit\u00e1suk egy \u00e9ven bel\u00fcl visszat\u00e9rhet a j\u00e1rv\u00e1ny el\u0151tti szintre \u2013 \u00edrja a napi.hu.<\/strong><\/p>\n<p>A t\u00f6bb mint 500 megk\u00e9rdezett magyarorsz\u00e1gi munk\u00e1ltat\u00f3 v\u00e1laszai alapj\u00e1n a 2021 elej\u00e9n is \u00f3vatos l\u00e9tsz\u00e1mtervez\u00e9s lesz a hazai c\u00e9gekn\u00e9l. A harmadik negyed\u00e9vre tervezett 5 sz\u00e1zal\u00e9kos l\u00e9tsz\u00e1mcs\u00f6kkent\u00e9st k\u00f6vet\u0151en imm\u00e1r ez lesz a m\u00e1sodik negyed\u00e9v, amikor a szezon\u00e1lis hat\u00e1sokat kisz\u0171rve ism\u00e9t m\u00e9rs\u00e9kelt, 3 sz\u00e1zal\u00e9kos munkaer\u0151-felv\u00e9teli sz\u00e1nd\u00e9k \u00e9rv\u00e9nyes\u00fcl majd az \u00e1gazatok t\u00f6bbs\u00e9g\u00e9ben. A v\u00e1laszad\u00f3k mind\u00f6ssze 10 sz\u00e1zal\u00e9ka v\u00e1rja azt, hogy 2021 szeptember\u00e9nek v\u00e9g\u00e9ig visszat\u00e9r a koronav\u00edrus-j\u00e1rv\u00e1ny el\u0151tti id\u0151szak munkaer\u0151-felv\u00e9teli aktivit\u00e1sa &#8211; mondta Feh\u00e9r Tam\u00e1s, a ManpowerGroup \u00fcgyvezet\u0151 igazgat\u00f3ja.\u00a0 Tov\u00e1bbi 12 sz\u00e1zal\u00e9k a j\u00f6v\u0151 \u00e9v utols\u00f3 negyed\u00e9re teszi ennek bek\u00f6vetkezt\u00e9t. Nem kevesebb, mint 67 sz\u00e1zal\u00e9knyian ugyanakkor \u00fagy nyilatkoztak, hogy a kor\u00e1bbi l\u00e9tsz\u00e1mn\u00f6vel\u00e9si m\u00e9rt\u00e9kek bel\u00e1that\u00f3 id\u0151n bel\u00fcl nem fognak visszat\u00e9rni. T\u00f6bb szektor azonban m\u00e1r az els\u0151 negyed\u00e9vben is komoly m\u00e9rt\u00e9k\u0171 l\u00e9tsz\u00e1mn\u00f6vel\u00e9sben gondolkodik: a gy\u00e1rt\u00e1s-termel\u00e9sben 9, a p\u00e9nz\u00fcgyi \u00e9s \u00fczleti szolg\u00e1ltat\u00e1sok ter\u00fclet\u00e9n, illetve az \u00e9p\u00edt\u0151iparban 5-5 sz\u00e1zal\u00e9kos a tervezett felfut\u00e1s. Az \u00e9tterem-vend\u00e9gl\u00e1t\u00e1s szektor pedig tov\u00e1bbra is a legnagyobb vesztese a jelenlegi j\u00e1rv\u00e1nyhelyzetnek: itt a j\u00f6v\u0151 \u00e9v elej\u00e9n tov\u00e1bbi 13 sz\u00e1zal\u00e9kos l\u00e9tsz\u00e1mle\u00e9p\u00edt\u00e9s szerepel a v\u00e1rakoz\u00e1sok k\u00f6z\u00f6tt. A legoptimist\u00e1bban a nagy, 250 f\u0151n\u00e9l t\u00f6bb munkav\u00e1llal\u00f3t foglalkoztat\u00f3 c\u00e9gek d\u00f6nt\u00e9shoz\u00f3i nyilatkoztak: e k\u00f6rben a tervezett b\u0151v\u00edt\u00e9s m\u00e9rt\u00e9ke a kilenc sz\u00e1zal\u00e9kot is el\u00e9rheti. A legkev\u00e9sb\u00e9 a 10 f\u0151 alatti mikrov\u00e1llalkoz\u00e1sok bizakod\u00f3ak: n\u00e1luk \u00e1tlagosan 4 sz\u00e1zal\u00e9k lehet az elbocs\u00e1t\u00e1sok m\u00e9rt\u00e9ke a k\u00f6vetkez\u0151 h\u00f3napokban. Region\u00e1lis bont\u00e1sban is komoly elt\u00e9r\u00e9sek vannak. Mik\u00f6zben a k\u00f6z\u00e9p-magyarorsz\u00e1gi r\u00e9gi\u00f3ban a 12 sz\u00e1zal\u00e9kot is el\u00e9ri a tervekben szerepl\u0151 b\u0151v\u00fcl\u00e9s, az orsz\u00e1g d\u00e9li r\u00e9sz\u00e9n &#8211; a d\u00e9l-dun\u00e1nt\u00fali \u00e9s d\u00e9l-alf\u00f6ldi r\u00e9gi\u00f3kban &#8211; 6-6 sz\u00e1zal\u00e9kos le\u00e9p\u00edt\u00e9sen gondolkodnak a c\u00e9gvezet\u0151k. \u00c9rdekes ellent\u00e9t, hogy mik\u00f6zben Pest megy\u00e9ben 12 sz\u00e1zal\u00e9k k\u00f6r\u00fcli n\u00f6veked\u00e9s v\u00e1rhat\u00f3, Budapesten tov\u00e1bbi 4 sz\u00e1zal\u00e9kos le\u00e9p\u00edt\u00e9s rajzol\u00f3dik ki a v\u00e1rakoz\u00e1sokb\u00f3l. Ennek oka lehet t\u00f6bbek k\u00f6z\u00f6tt az, hogy a f\u0151v\u00e1rosban koncentr\u00e1l\u00f3dik sz\u00e1mos olyan szolg\u00e1ltat\u00e1s, amelyekre a koronav\u00edrus tov\u00e1bbra is er\u0151sen negat\u00edv hat\u00e1ssal van. A ManpowerGroup munkaer\u0151piaci el\u0151rejelz\u00e9se glob\u00e1lis szinten 43 orsz\u00e1g \u00e9s t\u00e9rs\u00e9g 38 ezer munk\u00e1ltat\u00f3j\u00e1nak v\u00e1laszai alapj\u00e1n \u00e1ll \u00f6ssze. Nemzetk\u00f6zi \u00f6sszehasonl\u00edt\u00e1sban a magyarorsz\u00e1gi els\u0151 negyed\u00e9ves kil\u00e1t\u00e1sok a k\u00f6z\u00e9pmez\u0151ny als\u00f3 r\u00e9sz\u00e9n szerepelnek. A legpozit\u00edvabb v\u00e1rakoz\u00e1sokat Tajvanban (+23 sz\u00e1zal\u00e9k) \u00e9s az Egyes\u00fclt \u00c1llamokban (+17 sz\u00e1zal\u00e9k) \u00e9s Szingap\u00farban (+15 sz\u00e1zal\u00e9k) tal\u00e1lt\u00e1k, a lista alj\u00e1n kilenc olyan orsz\u00e1g tal\u00e1lhat\u00f3, ahol visszaes\u00e9s vagy stagn\u00e1l\u00e1s v\u00e1rhat\u00f3. A vizsg\u00e1lt k\u00f6rben szerepl\u0151 uni\u00f3s orsz\u00e1gok k\u00f6z\u00fcl az Egyes\u00fclt Kir\u00e1lys\u00e1gban, Ausztri\u00e1ban, Spanyolorsz\u00e1gban, Szlov\u00e1ki\u00e1ban, Franciaorsz\u00e1gban, Horv\u00e1torsz\u00e1gban, Szlov\u00e9ni\u00e1ban \u00e9s Csehorsz\u00e1gban is kedvez\u0151tlenebbek a kil\u00e1t\u00e1sok, mint Magyarorsz\u00e1gon, mik\u00f6zben Csehorsz\u00e1g \u00e9s Olaszorsz\u00e1g v\u00e1llalatai a magyar v\u00e1rakoz\u00e1sokkal azonos, 3 sz\u00e1zal\u00e9kos l\u00e9tsz\u00e1mb\u0151v\u00fcl\u00e9st terveznek.<\/p>\n<p>&nbsp;<\/p>\n<p>Forr\u00e1s: napi.hu, szakszervezetek.hu<\/p>\n","protected":false},"excerpt":{"rendered":"<p>Arr\u00f3l, hogy mikor t\u00e9r vissza a magyarorsz\u00e1gi munkaer\u0151piac a r\u00e9gi ker\u00e9kv\u00e1g\u00e1sba, a c\u00e9gek nem t\u00fal biztat\u00f3ak. A jelenlegi bizonytalan gazdas\u00e1gi k\u00f6rnyezetben a magyarorsz\u00e1gi munk\u00e1ltat\u00f3k 2021 els\u0151 negyed\u00e9v\u00e9ben \u00e1tlagosan 3 sz\u00e1zal\u00e9kkal tervezik b\u0151v\u00edteni jelenlegi munkaer\u0151keret\u00fcket \u2013 der\u00fcl ki a ManpowerGroup friss munkaer\u0151piaci el\u0151rejelz\u00e9s\u00e9b\u0151l. Csup\u00e1n a c\u00e9gek 22 sz\u00e1zal\u00e9ka sz\u00e1m\u00edt arra, hogy a munkaer\u0151-felv\u00e9teli aktivit\u00e1suk egy \u00e9ven [&hellip;]<\/p>\n","protected":false},"author":1,"featured_media":4382,"comment_status":"open","ping_status":"open","sticky":false,"template":"","format":"standard","meta":{"_monsterinsights_skip_tracking":false,"footnotes":""},"categories":[198],"tags":[],"class_list":["post-4433","post","type-post","status-publish","format-standard","has-post-thumbnail","hentry","category-gazdasag"],"aioseo_notices":[],"aioseo_head":"\n\t\t<!-- All in One SEO 5.0.0.1 - aioseo.com -->\n\t<meta name=\"description\" content=\"Arr\u00f3l, hogy mikor t\u00e9r vissza a magyarorsz\u00e1gi munkaer\u0151piac a r\u00e9gi ker\u00e9kv\u00e1g\u00e1sba, a c\u00e9gek nem t\u00fal biztat\u00f3ak. A jelenlegi bizonytalan gazdas\u00e1gi k\u00f6rnyezetben a magyarorsz\u00e1gi munk\u00e1ltat\u00f3k 2021 els\u0151 negyed\u00e9v\u00e9ben \u00e1tlagosan 3 sz\u00e1zal\u00e9kkal tervezik b\u0151v\u00edteni jelenlegi munkaer\u0151keret\u00fcket \u2013 der\u00fcl ki a ManpowerGroup friss munkaer\u0151piaci el\u0151rejelz\u00e9s\u00e9b\u0151l. Csup\u00e1n a c\u00e9gek 22 sz\u00e1zal\u00e9ka sz\u00e1m\u00edt arra, hogy a munkaer\u0151-felv\u00e9teli aktivit\u00e1suk egy \u00e9ven\" \/>\n\t<meta name=\"robots\" content=\"max-image-preview:large\" \/>\n\t<meta name=\"author\" content=\"Juh\u00e1sz P\u00e9ter\"\/>\n\t<link rel=\"canonical\" href=\"https:\/\/allasorias.hu\/hirek\/mikor-all-helyre-a-jarvany-utan-a-gazdasag\/\" \/>\n\t<meta name=\"generator\" content=\"All in One SEO (AIOSEO) 5.0.0.1\" \/>\n\t\t<meta property=\"og:locale\" content=\"hu_HU\" \/>\n\t\t<meta property=\"og:site_name\" content=\"AllasOrias.hu | H\u00edrek-lapszemle | \u00dczleti h\u00edrek az \u00e1ll\u00e1s \u00e9s a munka vil\u00e1g\u00e1b\u00f3l\" \/>\n\t\t<meta property=\"og:type\" content=\"article\" \/>\n\t\t<meta property=\"og:title\" content=\"Mikor \u00e1ll helyre a j\u00e1rv\u00e1ny ut\u00e1n a gazdas\u00e1g ? | AllasOrias.hu | H\u00edrek-lapszemle\" \/>\n\t\t<meta property=\"og:description\" content=\"Arr\u00f3l, hogy mikor t\u00e9r vissza a magyarorsz\u00e1gi munkaer\u0151piac a r\u00e9gi ker\u00e9kv\u00e1g\u00e1sba, a c\u00e9gek nem t\u00fal biztat\u00f3ak. A jelenlegi bizonytalan gazdas\u00e1gi k\u00f6rnyezetben a magyarorsz\u00e1gi munk\u00e1ltat\u00f3k 2021 els\u0151 negyed\u00e9v\u00e9ben \u00e1tlagosan 3 sz\u00e1zal\u00e9kkal tervezik b\u0151v\u00edteni jelenlegi munkaer\u0151keret\u00fcket \u2013 der\u00fcl ki a ManpowerGroup friss munkaer\u0151piaci el\u0151rejelz\u00e9s\u00e9b\u0151l. Csup\u00e1n a c\u00e9gek 22 sz\u00e1zal\u00e9ka sz\u00e1m\u00edt arra, hogy a munkaer\u0151-felv\u00e9teli aktivit\u00e1suk egy \u00e9ven\" \/>\n\t\t<meta property=\"og:url\" content=\"https:\/\/allasorias.hu\/hirek\/mikor-all-helyre-a-jarvany-utan-a-gazdasag\/\" \/>\n\t\t<meta property=\"og:image\" content=\"https:\/\/allasorias.hu\/hirek\/wp-content\/uploads\/2020\/11\/stock-exchange-4878214_1280.jpg\" \/>\n\t\t<meta property=\"og:image:secure_url\" content=\"https:\/\/allasorias.hu\/hirek\/wp-content\/uploads\/2020\/11\/stock-exchange-4878214_1280.jpg\" \/>\n\t\t<meta property=\"og:image:width\" content=\"1280\" \/>\n\t\t<meta property=\"og:image:height\" content=\"905\" \/>\n\t\t<meta property=\"article:published_time\" content=\"2020-12-10T10:16:35+00:00\" \/>\n\t\t<meta property=\"article:modified_time\" content=\"2020-12-10T10:16:35+00:00\" \/>\n\t\t<meta property=\"article:publisher\" content=\"https:\/\/www.facebook.com\/allasorias\" \/>\n\t\t<meta name=\"twitter:card\" content=\"summary_large_image\" \/>\n\t\t<meta name=\"twitter:title\" content=\"Mikor \u00e1ll helyre a j\u00e1rv\u00e1ny ut\u00e1n a gazdas\u00e1g ? | AllasOrias.hu | H\u00edrek-lapszemle\" \/>\n\t\t<meta name=\"twitter:description\" content=\"Arr\u00f3l, hogy mikor t\u00e9r vissza a magyarorsz\u00e1gi munkaer\u0151piac a r\u00e9gi ker\u00e9kv\u00e1g\u00e1sba, a c\u00e9gek nem t\u00fal biztat\u00f3ak. A jelenlegi bizonytalan gazdas\u00e1gi k\u00f6rnyezetben a magyarorsz\u00e1gi munk\u00e1ltat\u00f3k 2021 els\u0151 negyed\u00e9v\u00e9ben \u00e1tlagosan 3 sz\u00e1zal\u00e9kkal tervezik b\u0151v\u00edteni jelenlegi munkaer\u0151keret\u00fcket \u2013 der\u00fcl ki a ManpowerGroup friss munkaer\u0151piaci el\u0151rejelz\u00e9s\u00e9b\u0151l. Csup\u00e1n a c\u00e9gek 22 sz\u00e1zal\u00e9ka sz\u00e1m\u00edt arra, hogy a munkaer\u0151-felv\u00e9teli aktivit\u00e1suk egy \u00e9ven\" \/>\n\t\t<meta name=\"twitter:image\" content=\"https:\/\/allasorias.hu\/hirek\/wp-content\/uploads\/2020\/11\/stock-exchange-4878214_1280.jpg\" \/>\n\t\t<meta name=\"twitter:label1\" content=\"Written by\" \/>\n\t\t<meta name=\"twitter:data1\" content=\"Juh\u00e1sz P\u00e9ter\" \/>\n\t\t<meta name=\"twitter:label2\" content=\"Est. reading time\" \/>\n\t\t<meta name=\"twitter:data2\" content=\"4 minutes\" \/>\n\t\t<script type=\"application\/ld+json\" class=\"aioseo-schema\">\n\t\t\t{\"@context\":\"https:\\\/\\\/schema.org\",\"@graph\":[{\"@type\":\"Article\",\"@id\":\"https:\\\/\\\/allasorias.hu\\\/hirek\\\/mikor-all-helyre-a-jarvany-utan-a-gazdasag\\\/#article\",\"name\":\"Mikor \\u00e1ll helyre a j\\u00e1rv\\u00e1ny ut\\u00e1n a gazdas\\u00e1g ? | AllasOrias.hu | H\\u00edrek-lapszemle\",\"headline\":\"Mikor \\u00e1ll helyre a j\\u00e1rv\\u00e1ny ut\\u00e1n a gazdas\\u00e1g ?\",\"author\":{\"@id\":\"https:\\\/\\\/allasorias.hu\\\/hirek\\\/author\\\/admin-allasorias\\\/#author\"},\"publisher\":{\"@id\":\"https:\\\/\\\/allasorias.hu\\\/hirek\\\/#organization\"},\"image\":{\"@type\":\"ImageObject\",\"url\":\"https:\\\/\\\/allasorias.hu\\\/hirek\\\/wp-content\\\/uploads\\\/2020\\\/11\\\/stock-exchange-4878214_1280.jpg\",\"width\":1280,\"height\":905},\"datePublished\":\"2020-12-10T10:16:35+02:00\",\"dateModified\":\"2020-12-10T10:16:35+02:00\",\"inLanguage\":\"hu-HU\",\"mainEntityOfPage\":{\"@id\":\"https:\\\/\\\/allasorias.hu\\\/hirek\\\/mikor-all-helyre-a-jarvany-utan-a-gazdasag\\\/#webpage\"},\"isPartOf\":{\"@id\":\"https:\\\/\\\/allasorias.hu\\\/hirek\\\/mikor-all-helyre-a-jarvany-utan-a-gazdasag\\\/#webpage\"},\"articleSection\":\"Gazdas\\u00e1g\"},{\"@type\":\"BreadcrumbList\",\"@id\":\"https:\\\/\\\/allasorias.hu\\\/hirek\\\/mikor-all-helyre-a-jarvany-utan-a-gazdasag\\\/#breadcrumblist\",\"itemListElement\":[{\"@type\":\"ListItem\",\"@id\":\"https:\\\/\\\/allasorias.hu\\\/hirek#listItem\",\"position\":1,\"name\":\"Home\",\"item\":\"https:\\\/\\\/allasorias.hu\\\/hirek\",\"nextItem\":{\"@type\":\"ListItem\",\"@id\":\"https:\\\/\\\/allasorias.hu\\\/hirek\\\/temak\\\/gazdasag\\\/#listItem\",\"name\":\"Gazdas\\u00e1g\"}},{\"@type\":\"ListItem\",\"@id\":\"https:\\\/\\\/allasorias.hu\\\/hirek\\\/temak\\\/gazdasag\\\/#listItem\",\"position\":2,\"name\":\"Gazdas\\u00e1g\",\"item\":\"https:\\\/\\\/allasorias.hu\\\/hirek\\\/temak\\\/gazdasag\\\/\",\"nextItem\":{\"@type\":\"ListItem\",\"@id\":\"https:\\\/\\\/allasorias.hu\\\/hirek\\\/mikor-all-helyre-a-jarvany-utan-a-gazdasag\\\/#listItem\",\"name\":\"Mikor \\u00e1ll helyre a j\\u00e1rv\\u00e1ny ut\\u00e1n a gazdas\\u00e1g ?\"},\"previousItem\":{\"@type\":\"ListItem\",\"@id\":\"https:\\\/\\\/allasorias.hu\\\/hirek#listItem\",\"name\":\"Home\"}},{\"@type\":\"ListItem\",\"@id\":\"https:\\\/\\\/allasorias.hu\\\/hirek\\\/mikor-all-helyre-a-jarvany-utan-a-gazdasag\\\/#listItem\",\"position\":3,\"name\":\"Mikor \\u00e1ll helyre a j\\u00e1rv\\u00e1ny ut\\u00e1n a gazdas\\u00e1g ?\",\"previousItem\":{\"@type\":\"ListItem\",\"@id\":\"https:\\\/\\\/allasorias.hu\\\/hirek\\\/temak\\\/gazdasag\\\/#listItem\",\"name\":\"Gazdas\\u00e1g\"}}]},{\"@type\":\"Organization\",\"@id\":\"https:\\\/\\\/allasorias.hu\\\/hirek\\\/#organization\",\"name\":\"AllasOrias.hu | H\\u00edrek-lapszemle\",\"description\":\"\\u00dczleti h\\u00edrek az \\u00e1ll\\u00e1s \\u00e9s a munka vil\\u00e1g\\u00e1b\\u00f3l\",\"url\":\"https:\\\/\\\/allasorias.hu\\\/hirek\\\/\",\"logo\":{\"@type\":\"ImageObject\",\"url\":\"https:\\\/\\\/allasorias.hu\\\/hirek\\\/wp-content\\\/uploads\\\/2022\\\/10\\\/allasorias_site_facebok_logo.png\",\"@id\":\"https:\\\/\\\/allasorias.hu\\\/hirek\\\/mikor-all-helyre-a-jarvany-utan-a-gazdasag\\\/#organizationLogo\"},\"image\":{\"@id\":\"https:\\\/\\\/allasorias.hu\\\/hirek\\\/mikor-all-helyre-a-jarvany-utan-a-gazdasag\\\/#organizationLogo\"},\"sameAs\":[\"https:\\\/\\\/www.facebook.com\\\/allasorias\",\"https:\\\/\\\/www.linkedin.com\\\/company\\\/allasorias\"]},{\"@type\":\"Person\",\"@id\":\"https:\\\/\\\/allasorias.hu\\\/hirek\\\/author\\\/admin-allasorias\\\/#author\",\"url\":\"https:\\\/\\\/allasorias.hu\\\/hirek\\\/author\\\/admin-allasorias\\\/\",\"name\":\"Juh\\u00e1sz P\\u00e9ter\",\"image\":{\"@type\":\"ImageObject\",\"@id\":\"https:\\\/\\\/allasorias.hu\\\/hirek\\\/mikor-all-helyre-a-jarvany-utan-a-gazdasag\\\/#authorImage\",\"url\":\"https:\\\/\\\/secure.gravatar.com\\\/avatar\\\/36e6bcb83148978b992977cb0f54d22feb0cce8a0a849a9410532bb2623ba4c6?s=96&d=mm&r=g\",\"width\":96,\"height\":96,\"caption\":\"Juh\\u00e1sz P\\u00e9ter\"}},{\"@type\":\"WebPage\",\"@id\":\"https:\\\/\\\/allasorias.hu\\\/hirek\\\/mikor-all-helyre-a-jarvany-utan-a-gazdasag\\\/#webpage\",\"url\":\"https:\\\/\\\/allasorias.hu\\\/hirek\\\/mikor-all-helyre-a-jarvany-utan-a-gazdasag\\\/\",\"name\":\"Mikor \\u00e1ll helyre a j\\u00e1rv\\u00e1ny ut\\u00e1n a gazdas\\u00e1g ? | AllasOrias.hu | H\\u00edrek-lapszemle\",\"description\":\"Arr\\u00f3l, hogy mikor t\\u00e9r vissza a magyarorsz\\u00e1gi munkaer\\u0151piac a r\\u00e9gi ker\\u00e9kv\\u00e1g\\u00e1sba, a c\\u00e9gek nem t\\u00fal biztat\\u00f3ak. A jelenlegi bizonytalan gazdas\\u00e1gi k\\u00f6rnyezetben a magyarorsz\\u00e1gi munk\\u00e1ltat\\u00f3k 2021 els\\u0151 negyed\\u00e9v\\u00e9ben \\u00e1tlagosan 3 sz\\u00e1zal\\u00e9kkal tervezik b\\u0151v\\u00edteni jelenlegi munkaer\\u0151keret\\u00fcket \\u2013 der\\u00fcl ki a ManpowerGroup friss munkaer\\u0151piaci el\\u0151rejelz\\u00e9s\\u00e9b\\u0151l. Csup\\u00e1n a c\\u00e9gek 22 sz\\u00e1zal\\u00e9ka sz\\u00e1m\\u00edt arra, hogy a munkaer\\u0151-felv\\u00e9teli aktivit\\u00e1suk egy \\u00e9ven\",\"inLanguage\":\"hu-HU\",\"isPartOf\":{\"@id\":\"https:\\\/\\\/allasorias.hu\\\/hirek\\\/#website\"},\"breadcrumb\":{\"@id\":\"https:\\\/\\\/allasorias.hu\\\/hirek\\\/mikor-all-helyre-a-jarvany-utan-a-gazdasag\\\/#breadcrumblist\"},\"author\":{\"@id\":\"https:\\\/\\\/allasorias.hu\\\/hirek\\\/author\\\/admin-allasorias\\\/#author\"},\"creator\":{\"@id\":\"https:\\\/\\\/allasorias.hu\\\/hirek\\\/author\\\/admin-allasorias\\\/#author\"},\"image\":{\"@type\":\"ImageObject\",\"url\":\"https:\\\/\\\/allasorias.hu\\\/hirek\\\/wp-content\\\/uploads\\\/2020\\\/11\\\/stock-exchange-4878214_1280.jpg\",\"@id\":\"https:\\\/\\\/allasorias.hu\\\/hirek\\\/mikor-all-helyre-a-jarvany-utan-a-gazdasag\\\/#mainImage\",\"width\":1280,\"height\":905},\"primaryImageOfPage\":{\"@id\":\"https:\\\/\\\/allasorias.hu\\\/hirek\\\/mikor-all-helyre-a-jarvany-utan-a-gazdasag\\\/#mainImage\"},\"datePublished\":\"2020-12-10T10:16:35+02:00\",\"dateModified\":\"2020-12-10T10:16:35+02:00\"},{\"@type\":\"WebSite\",\"@id\":\"https:\\\/\\\/allasorias.hu\\\/hirek\\\/#website\",\"url\":\"https:\\\/\\\/allasorias.hu\\\/hirek\\\/\",\"name\":\"AllasOrias.hu | H\\u00edrek-lapszemle\",\"description\":\"\\u00dczleti h\\u00edrek az \\u00e1ll\\u00e1s \\u00e9s a munka vil\\u00e1g\\u00e1b\\u00f3l\",\"inLanguage\":\"hu-HU\",\"publisher\":{\"@id\":\"https:\\\/\\\/allasorias.hu\\\/hirek\\\/#organization\"}}]}\n\t\t<\/script>\n\t\t<!-- All in One SEO -->\n\n","aioseo_head_json":{"title":"Mikor \u00e1ll helyre a j\u00e1rv\u00e1ny ut\u00e1n a gazdas\u00e1g ? | AllasOrias.hu | H\u00edrek-lapszemle","description":"Arr\u00f3l, hogy mikor t\u00e9r vissza a magyarorsz\u00e1gi munkaer\u0151piac a r\u00e9gi ker\u00e9kv\u00e1g\u00e1sba, a c\u00e9gek nem t\u00fal biztat\u00f3ak. A jelenlegi bizonytalan gazdas\u00e1gi k\u00f6rnyezetben a magyarorsz\u00e1gi munk\u00e1ltat\u00f3k 2021 els\u0151 negyed\u00e9v\u00e9ben \u00e1tlagosan 3 sz\u00e1zal\u00e9kkal tervezik b\u0151v\u00edteni jelenlegi munkaer\u0151keret\u00fcket \u2013 der\u00fcl ki a ManpowerGroup friss munkaer\u0151piaci el\u0151rejelz\u00e9s\u00e9b\u0151l. Csup\u00e1n a c\u00e9gek 22 sz\u00e1zal\u00e9ka sz\u00e1m\u00edt arra, hogy a munkaer\u0151-felv\u00e9teli aktivit\u00e1suk egy \u00e9ven","canonical_url":"https:\/\/allasorias.hu\/hirek\/mikor-all-helyre-a-jarvany-utan-a-gazdasag\/","robots":"max-image-preview:large","keywords":"","webmasterTools":{"miscellaneous":""},"schema":{"@context":"https:\/\/schema.org","@graph":[{"@type":"Article","@id":"https:\/\/allasorias.hu\/hirek\/mikor-all-helyre-a-jarvany-utan-a-gazdasag\/#article","name":"Mikor \u00e1ll helyre a j\u00e1rv\u00e1ny ut\u00e1n a gazdas\u00e1g ? | AllasOrias.hu | H\u00edrek-lapszemle","headline":"Mikor \u00e1ll helyre a j\u00e1rv\u00e1ny ut\u00e1n a gazdas\u00e1g ?","author":{"@id":"https:\/\/allasorias.hu\/hirek\/author\/admin-allasorias\/#author"},"publisher":{"@id":"https:\/\/allasorias.hu\/hirek\/#organization"},"image":{"@type":"ImageObject","url":"https:\/\/allasorias.hu\/hirek\/wp-content\/uploads\/2020\/11\/stock-exchange-4878214_1280.jpg","width":1280,"height":905},"datePublished":"2020-12-10T10:16:35+02:00","dateModified":"2020-12-10T10:16:35+02:00","inLanguage":"hu-HU","mainEntityOfPage":{"@id":"https:\/\/allasorias.hu\/hirek\/mikor-all-helyre-a-jarvany-utan-a-gazdasag\/#webpage"},"isPartOf":{"@id":"https:\/\/allasorias.hu\/hirek\/mikor-all-helyre-a-jarvany-utan-a-gazdasag\/#webpage"},"articleSection":"Gazdas\u00e1g"},{"@type":"BreadcrumbList","@id":"https:\/\/allasorias.hu\/hirek\/mikor-all-helyre-a-jarvany-utan-a-gazdasag\/#breadcrumblist","itemListElement":[{"@type":"ListItem","@id":"https:\/\/allasorias.hu\/hirek#listItem","position":1,"name":"Home","item":"https:\/\/allasorias.hu\/hirek","nextItem":{"@type":"ListItem","@id":"https:\/\/allasorias.hu\/hirek\/temak\/gazdasag\/#listItem","name":"Gazdas\u00e1g"}},{"@type":"ListItem","@id":"https:\/\/allasorias.hu\/hirek\/temak\/gazdasag\/#listItem","position":2,"name":"Gazdas\u00e1g","item":"https:\/\/allasorias.hu\/hirek\/temak\/gazdasag\/","nextItem":{"@type":"ListItem","@id":"https:\/\/allasorias.hu\/hirek\/mikor-all-helyre-a-jarvany-utan-a-gazdasag\/#listItem","name":"Mikor \u00e1ll helyre a j\u00e1rv\u00e1ny ut\u00e1n a gazdas\u00e1g ?"},"previousItem":{"@type":"ListItem","@id":"https:\/\/allasorias.hu\/hirek#listItem","name":"Home"}},{"@type":"ListItem","@id":"https:\/\/allasorias.hu\/hirek\/mikor-all-helyre-a-jarvany-utan-a-gazdasag\/#listItem","position":3,"name":"Mikor \u00e1ll helyre a j\u00e1rv\u00e1ny ut\u00e1n a gazdas\u00e1g ?","previousItem":{"@type":"ListItem","@id":"https:\/\/allasorias.hu\/hirek\/temak\/gazdasag\/#listItem","name":"Gazdas\u00e1g"}}]},{"@type":"Organization","@id":"https:\/\/allasorias.hu\/hirek\/#organization","name":"AllasOrias.hu | H\u00edrek-lapszemle","description":"\u00dczleti h\u00edrek az \u00e1ll\u00e1s \u00e9s a munka vil\u00e1g\u00e1b\u00f3l","url":"https:\/\/allasorias.hu\/hirek\/","logo":{"@type":"ImageObject","url":"https:\/\/allasorias.hu\/hirek\/wp-content\/uploads\/2022\/10\/allasorias_site_facebok_logo.png","@id":"https:\/\/allasorias.hu\/hirek\/mikor-all-helyre-a-jarvany-utan-a-gazdasag\/#organizationLogo"},"image":{"@id":"https:\/\/allasorias.hu\/hirek\/mikor-all-helyre-a-jarvany-utan-a-gazdasag\/#organizationLogo"},"sameAs":["https:\/\/www.facebook.com\/allasorias","https:\/\/www.linkedin.com\/company\/allasorias"]},{"@type":"Person","@id":"https:\/\/allasorias.hu\/hirek\/author\/admin-allasorias\/#author","url":"https:\/\/allasorias.hu\/hirek\/author\/admin-allasorias\/","name":"Juh\u00e1sz P\u00e9ter","image":{"@type":"ImageObject","@id":"https:\/\/allasorias.hu\/hirek\/mikor-all-helyre-a-jarvany-utan-a-gazdasag\/#authorImage","url":"https:\/\/secure.gravatar.com\/avatar\/36e6bcb83148978b992977cb0f54d22feb0cce8a0a849a9410532bb2623ba4c6?s=96&d=mm&r=g","width":96,"height":96,"caption":"Juh\u00e1sz P\u00e9ter"}},{"@type":"WebPage","@id":"https:\/\/allasorias.hu\/hirek\/mikor-all-helyre-a-jarvany-utan-a-gazdasag\/#webpage","url":"https:\/\/allasorias.hu\/hirek\/mikor-all-helyre-a-jarvany-utan-a-gazdasag\/","name":"Mikor \u00e1ll helyre a j\u00e1rv\u00e1ny ut\u00e1n a gazdas\u00e1g ? | AllasOrias.hu | H\u00edrek-lapszemle","description":"Arr\u00f3l, hogy mikor t\u00e9r vissza a magyarorsz\u00e1gi munkaer\u0151piac a r\u00e9gi ker\u00e9kv\u00e1g\u00e1sba, a c\u00e9gek nem t\u00fal biztat\u00f3ak. A jelenlegi bizonytalan gazdas\u00e1gi k\u00f6rnyezetben a magyarorsz\u00e1gi munk\u00e1ltat\u00f3k 2021 els\u0151 negyed\u00e9v\u00e9ben \u00e1tlagosan 3 sz\u00e1zal\u00e9kkal tervezik b\u0151v\u00edteni jelenlegi munkaer\u0151keret\u00fcket \u2013 der\u00fcl ki a ManpowerGroup friss munkaer\u0151piaci el\u0151rejelz\u00e9s\u00e9b\u0151l. Csup\u00e1n a c\u00e9gek 22 sz\u00e1zal\u00e9ka sz\u00e1m\u00edt arra, hogy a munkaer\u0151-felv\u00e9teli aktivit\u00e1suk egy \u00e9ven","inLanguage":"hu-HU","isPartOf":{"@id":"https:\/\/allasorias.hu\/hirek\/#website"},"breadcrumb":{"@id":"https:\/\/allasorias.hu\/hirek\/mikor-all-helyre-a-jarvany-utan-a-gazdasag\/#breadcrumblist"},"author":{"@id":"https:\/\/allasorias.hu\/hirek\/author\/admin-allasorias\/#author"},"creator":{"@id":"https:\/\/allasorias.hu\/hirek\/author\/admin-allasorias\/#author"},"image":{"@type":"ImageObject","url":"https:\/\/allasorias.hu\/hirek\/wp-content\/uploads\/2020\/11\/stock-exchange-4878214_1280.jpg","@id":"https:\/\/allasorias.hu\/hirek\/mikor-all-helyre-a-jarvany-utan-a-gazdasag\/#mainImage","width":1280,"height":905},"primaryImageOfPage":{"@id":"https:\/\/allasorias.hu\/hirek\/mikor-all-helyre-a-jarvany-utan-a-gazdasag\/#mainImage"},"datePublished":"2020-12-10T10:16:35+02:00","dateModified":"2020-12-10T10:16:35+02:00"},{"@type":"WebSite","@id":"https:\/\/allasorias.hu\/hirek\/#website","url":"https:\/\/allasorias.hu\/hirek\/","name":"AllasOrias.hu | H\u00edrek-lapszemle","description":"\u00dczleti h\u00edrek az \u00e1ll\u00e1s \u00e9s a munka vil\u00e1g\u00e1b\u00f3l","inLanguage":"hu-HU","publisher":{"@id":"https:\/\/allasorias.hu\/hirek\/#organization"}}]},"og:locale":"hu_HU","og:site_name":"AllasOrias.hu | H\u00edrek-lapszemle | \u00dczleti h\u00edrek az \u00e1ll\u00e1s \u00e9s a munka vil\u00e1g\u00e1b\u00f3l","og:type":"article","og:title":"Mikor \u00e1ll helyre a j\u00e1rv\u00e1ny ut\u00e1n a gazdas\u00e1g ? | AllasOrias.hu | H\u00edrek-lapszemle","og:description":"Arr\u00f3l, hogy mikor t\u00e9r vissza a magyarorsz\u00e1gi munkaer\u0151piac a r\u00e9gi ker\u00e9kv\u00e1g\u00e1sba, a c\u00e9gek nem t\u00fal biztat\u00f3ak. A jelenlegi bizonytalan gazdas\u00e1gi k\u00f6rnyezetben a magyarorsz\u00e1gi munk\u00e1ltat\u00f3k 2021 els\u0151 negyed\u00e9v\u00e9ben \u00e1tlagosan 3 sz\u00e1zal\u00e9kkal tervezik b\u0151v\u00edteni jelenlegi munkaer\u0151keret\u00fcket \u2013 der\u00fcl ki a ManpowerGroup friss munkaer\u0151piaci el\u0151rejelz\u00e9s\u00e9b\u0151l. Csup\u00e1n a c\u00e9gek 22 sz\u00e1zal\u00e9ka sz\u00e1m\u00edt arra, hogy a munkaer\u0151-felv\u00e9teli aktivit\u00e1suk egy \u00e9ven","og:url":"https:\/\/allasorias.hu\/hirek\/mikor-all-helyre-a-jarvany-utan-a-gazdasag\/","og:image":"https:\/\/allasorias.hu\/hirek\/wp-content\/uploads\/2020\/11\/stock-exchange-4878214_1280.jpg","og:image:secure_url":"https:\/\/allasorias.hu\/hirek\/wp-content\/uploads\/2020\/11\/stock-exchange-4878214_1280.jpg","og:image:width":1280,"og:image:height":905,"article:published_time":"2020-12-10T10:16:35+00:00","article:modified_time":"2020-12-10T10:16:35+00:00","article:publisher":"https:\/\/www.facebook.com\/allasorias","twitter:card":"summary_large_image","twitter:title":"Mikor \u00e1ll helyre a j\u00e1rv\u00e1ny ut\u00e1n a gazdas\u00e1g ? | AllasOrias.hu | H\u00edrek-lapszemle","twitter:description":"Arr\u00f3l, hogy mikor t\u00e9r vissza a magyarorsz\u00e1gi munkaer\u0151piac a r\u00e9gi ker\u00e9kv\u00e1g\u00e1sba, a c\u00e9gek nem t\u00fal biztat\u00f3ak. A jelenlegi bizonytalan gazdas\u00e1gi k\u00f6rnyezetben a magyarorsz\u00e1gi munk\u00e1ltat\u00f3k 2021 els\u0151 negyed\u00e9v\u00e9ben \u00e1tlagosan 3 sz\u00e1zal\u00e9kkal tervezik b\u0151v\u00edteni jelenlegi munkaer\u0151keret\u00fcket \u2013 der\u00fcl ki a ManpowerGroup friss munkaer\u0151piaci el\u0151rejelz\u00e9s\u00e9b\u0151l. Csup\u00e1n a c\u00e9gek 22 sz\u00e1zal\u00e9ka sz\u00e1m\u00edt arra, hogy a munkaer\u0151-felv\u00e9teli aktivit\u00e1suk egy \u00e9ven","twitter:image":"https:\/\/allasorias.hu\/hirek\/wp-content\/uploads\/2020\/11\/stock-exchange-4878214_1280.jpg","twitter:label1":"Written by","twitter:data1":"Juh\u00e1sz P\u00e9ter","twitter:label2":"Est. reading time","twitter:data2":"4 minutes"},"aioseo_meta_data":{"post_id":"4433","title":null,"description":"","keywords":"","keyphrases":null,"primary_term":null,"canonical_url":"","og_title":null,"og_description":null,"og_object_type":"default","og_image_type":"default","og_image_url":null,"og_image_width":null,"og_image_height":null,"og_image_custom_url":null,"og_image_custom_fields":null,"og_video":null,"og_custom_url":null,"og_article_section":null,"og_article_tags":null,"twitter_use_og":false,"twitter_card":"default","twitter_image_type":"default","twitter_image_url":null,"twitter_image_custom_url":null,"twitter_image_custom_fields":null,"twitter_title":null,"twitter_description":null,"schema":{"blockGraphs":[],"customGraphs":[],"default":{"data":{"Article":[],"Course":[],"Dataset":[],"FAQPage":[],"Movie":[],"Person":[],"Product":[],"ProductReview":[],"Car":[],"Recipe":[],"Service":[],"SoftwareApplication":[],"WebPage":[]},"graphName":"","isEnabled":true},"graphs":[]},"schema_type":null,"schema_type_options":null,"pillar_content":false,"robots_default":true,"robots_noindex":false,"robots_noarchive":false,"robots_nosnippet":false,"robots_nofollow":false,"robots_noimageindex":false,"robots_noodp":false,"robots_notranslate":false,"robots_max_snippet":null,"robots_max_videopreview":null,"robots_max_imagepreview":"large","priority":null,"frequency":null,"location":null,"local_seo":null,"breadcrumb_settings":null,"limit_modified_date":false,"ai":null,"created":"2021-02-01 20:44:59","updated":"2025-10-02 15:06:34","seo_analyzer_scan_date":null,"focus_keyword":null,"additional_keywords":null,"truseo_locale":null},"aioseo_breadcrumb":"<div class=\"aioseo-breadcrumbs\"><span class=\"aioseo-breadcrumb\">\n\t\t\t<a href=\"https:\/\/allasorias.hu\/hirek\" title=\"Home\">Home<\/a>\n\t\t<\/span><span class=\"aioseo-breadcrumb-separator\">&raquo;<\/span><span class=\"aioseo-breadcrumb\">\n\t\t\t<a href=\"https:\/\/allasorias.hu\/hirek\/temak\/gazdasag\/\" title=\"Gazdas\u00e1g\">Gazdas\u00e1g<\/a>\n\t\t<\/span><span class=\"aioseo-breadcrumb-separator\">&raquo;<\/span><span class=\"aioseo-breadcrumb\">\n\t\t\tMikor \u00e1ll helyre a j\u00e1rv\u00e1ny ut\u00e1n a gazdas\u00e1g ?\n\t\t<\/span><\/div>","aioseo_breadcrumb_json":[{"label":"Home","link":"https:\/\/allasorias.hu\/hirek"},{"label":"Gazdas\u00e1g","link":"https:\/\/allasorias.hu\/hirek\/temak\/gazdasag\/"},{"label":"Mikor \u00e1ll helyre a j\u00e1rv\u00e1ny ut\u00e1n a gazdas\u00e1g ?","link":"https:\/\/allasorias.hu\/hirek\/mikor-all-helyre-a-jarvany-utan-a-gazdasag\/"}],"_links":{"self":[{"href":"https:\/\/allasorias.hu\/hirek\/wp-json\/wp\/v2\/posts\/4433","targetHints":{"allow":["GET"]}}],"collection":[{"href":"https:\/\/allasorias.hu\/hirek\/wp-json\/wp\/v2\/posts"}],"about":[{"href":"https:\/\/allasorias.hu\/hirek\/wp-json\/wp\/v2\/types\/post"}],"author":[{"embeddable":true,"href":"https:\/\/allasorias.hu\/hirek\/wp-json\/wp\/v2\/users\/1"}],"replies":[{"embeddable":true,"href":"https:\/\/allasorias.hu\/hirek\/wp-json\/wp\/v2\/comments?post=4433"}],"version-history":[{"count":1,"href":"https:\/\/allasorias.hu\/hirek\/wp-json\/wp\/v2\/posts\/4433\/revisions"}],"predecessor-version":[{"id":4434,"href":"https:\/\/allasorias.hu\/hirek\/wp-json\/wp\/v2\/posts\/4433\/revisions\/4434"}],"wp:featuredmedia":[{"embeddable":true,"href":"https:\/\/allasorias.hu\/hirek\/wp-json\/wp\/v2\/media\/4382"}],"wp:attachment":[{"href":"https:\/\/allasorias.hu\/hirek\/wp-json\/wp\/v2\/media?parent=4433"}],"wp:term":[{"taxonomy":"category","embeddable":true,"href":"https:\/\/allasorias.hu\/hirek\/wp-json\/wp\/v2\/categories?post=4433"},{"taxonomy":"post_tag","embeddable":true,"href":"https:\/\/allasorias.hu\/hirek\/wp-json\/wp\/v2\/tags?post=4433"}],"curies":[{"name":"wp","href":"https:\/\/api.w.org\/{rel}","templated":true}]}}