{"id":4426,"date":"2020-12-07T11:52:24","date_gmt":"2020-12-07T11:52:24","guid":{"rendered":"https:\/\/allasorias.hu\/hirek\/?p=4426"},"modified":"2020-12-07T11:52:24","modified_gmt":"2020-12-07T11:52:24","slug":"fontos-a-stabilitas-a-munkaeropiacon","status":"publish","type":"post","link":"https:\/\/allasorias.hu\/hirek\/fontos-a-stabilitas-a-munkaeropiacon\/","title":{"rendered":"Fontos a stabilit\u00e1s a munkaer\u0151piacon"},"content":{"rendered":"<p><strong>Minden koroszt\u00e1lynak m\u00e1s a fontos a munkaer\u0151piacon, de a kiegyens\u00falyozotts\u00e1g \u00e9s stabilit\u00e1s mindenki sz\u00e1m\u00e1ra fontos.\u00a0 A di\u00e1kok sz\u00e1m\u00e1ra a versenyk\u00e9pes fizet\u00e9s, a k\u00f6lcs\u00f6nz\u00f6tt munkav\u00e1llal\u00f3knak a stabilit\u00e1s \u00e9s a 13. havi juttat\u00e1s, a nyugd\u00edjasok sz\u00e1m\u00e1ra pedig a stabil nyugd\u00edjkieg\u00e9sz\u00edt\u00e9s a legfontosabb szempont a munkav\u00e1llal\u00e1skor egy felm\u00e9r\u00e9s szerint \u2013 olvashat\u00f3 a Magyar H\u00edrlapban.<\/strong><\/p>\n<p>Az atipikus foglalkoztat\u00e1s legmotiv\u00e1l\u00f3bb munkaer\u0151-megtart\u00f3 eszk\u00f6zeit vizsg\u00e1lta k\u00f6z\u00f6s felm\u00e9r\u00e9s\u00e9ben a Magyarorsz\u00e1gi Di\u00e1kv\u00e1llalkoz\u00e1sok Orsz\u00e1gos \u00c9rdekk\u00e9pviseleti Sz\u00f6vets\u00e9ge (Di\u00e1k\u00c9SZ), a K\u00f6z\u00e9rdek\u0171 Nyugd\u00edjas Sz\u00f6vetkezetek Orsz\u00e1gos \u00c9rdekk\u00e9pviseleti Sz\u00f6vets\u00e9ge (K\u00d6Z\u00c9SZ) \u00e9s a Magyar Munkaer\u0151-k\u00f6lcs\u00f6nz\u0151k Orsz\u00e1gos Sz\u00f6vets\u00e9ge (MMOSZ). A sz\u00f6vets\u00e9gek, amelyek a saj\u00e1t szektorukban a piac k\u00e9tharmad\u00e1t fedik le, a vizsg\u00e1latban a tagszervezeteiket k\u00e9rdezt\u00e9k a tapasztalataikr\u00f3l. A Di\u00e1k\u00c9SZ a 15 tagszervezet\u00e9t\u0151l be\u00e9rkezett visszajelz\u00e9sek alapj\u00e1n meg\u00e1llap\u00edtotta, hogy a di\u00e1koknak a munkav\u00e1llal\u00e1sn\u00e1l els\u0151sorban a tanul\u00e1s melletti p\u00e9nzkereset lehet\u0151s\u00e9ge sz\u00e1m\u00edt, emellett a rugalmas munkav\u00e9gz\u00e9s, valamint a nyelvi, szakmai fejl\u0151d\u00e9s lehet\u0151s\u00e9ge is motiv\u00e1l\u00f3 sz\u00e1mukra. A MMOSZ tagjai azt jelezt\u00e9k, hogy a k\u00f6lcs\u00f6nz\u00f6tt munkav\u00e1llal\u00f3k sz\u00e1m\u00e1ra\u00a0 legink\u00e1bb a stabilit\u00e1s \u00e9s a 13. havi juttat\u00e1s jelenti a megtart\u00f3er\u0151t. A kisz\u00e1m\u00edthat\u00f3s\u00e1g \u00e9s a k\u00fcl\u00f6nb\u00f6z\u0151 b\u00f3nuszok mellett fontos szempont sz\u00e1mukra az is, hogy pontosan tudj\u00e1k, esetleges probl\u00e9m\u00e1ikkal kihez fordulhatnak. A K\u00d6Z\u00c9SZ 22 tagszervezet\u00e9t\u0151l \u00e9rkezett v\u00e1laszok 24 sz\u00e1zal\u00e9ka szerint a nyugd\u00edjasok sz\u00e1m\u00e1ra a foglalkoztat\u00e1sn\u00e1l a legfontosabb a stabil nyugd\u00edjkieg\u00e9sz\u00edt\u00e9s, a visszajelz\u00e9sek 23 sz\u00e1zal\u00e9ka a k\u00f6z\u00f6ss\u00e9gbe tartoz\u00e1s \u00e9lm\u00e9ny\u00e9t, 16 sz\u00e1zal\u00e9ka pedig a megbecs\u00fclts\u00e9g \u00e9rz\u00e9s\u00e9t emelte ki.<\/p>\n<p>Forr\u00e1s: szakszervezetek.hu<\/p>\n","protected":false},"excerpt":{"rendered":"<p>Minden koroszt\u00e1lynak m\u00e1s a fontos a munkaer\u0151piacon, de a kiegyens\u00falyozotts\u00e1g \u00e9s stabilit\u00e1s mindenki sz\u00e1m\u00e1ra fontos.\u00a0 A di\u00e1kok sz\u00e1m\u00e1ra a versenyk\u00e9pes fizet\u00e9s, a k\u00f6lcs\u00f6nz\u00f6tt munkav\u00e1llal\u00f3knak a stabilit\u00e1s \u00e9s a 13. havi juttat\u00e1s, a nyugd\u00edjasok sz\u00e1m\u00e1ra pedig a stabil nyugd\u00edjkieg\u00e9sz\u00edt\u00e9s a legfontosabb szempont a munkav\u00e1llal\u00e1skor egy felm\u00e9r\u00e9s szerint \u2013 olvashat\u00f3 a Magyar H\u00edrlapban. Az atipikus foglalkoztat\u00e1s legmotiv\u00e1l\u00f3bb [&hellip;]<\/p>\n","protected":false},"author":1,"featured_media":4307,"comment_status":"open","ping_status":"open","sticky":false,"template":"","format":"standard","meta":{"_monsterinsights_skip_tracking":false,"footnotes":""},"categories":[200],"tags":[],"class_list":["post-4426","post","type-post","status-publish","format-standard","has-post-thumbnail","hentry","category-munkaeropiac"],"aioseo_notices":[],"aioseo_head":"\n\t\t<!-- All in One SEO 5.0.0.1 - aioseo.com -->\n\t<meta name=\"description\" content=\"Minden koroszt\u00e1lynak m\u00e1s a fontos a munkaer\u0151piacon, de a kiegyens\u00falyozotts\u00e1g \u00e9s stabilit\u00e1s mindenki sz\u00e1m\u00e1ra fontos. A di\u00e1kok sz\u00e1m\u00e1ra a versenyk\u00e9pes fizet\u00e9s, a k\u00f6lcs\u00f6nz\u00f6tt munkav\u00e1llal\u00f3knak a stabilit\u00e1s \u00e9s a 13. havi juttat\u00e1s, a nyugd\u00edjasok sz\u00e1m\u00e1ra pedig a stabil nyugd\u00edjkieg\u00e9sz\u00edt\u00e9s a legfontosabb szempont a munkav\u00e1llal\u00e1skor egy felm\u00e9r\u00e9s szerint \u2013 olvashat\u00f3 a Magyar H\u00edrlapban. Az atipikus foglalkoztat\u00e1s legmotiv\u00e1l\u00f3bb\" \/>\n\t<meta name=\"robots\" content=\"max-image-preview:large\" \/>\n\t<meta name=\"author\" content=\"Juh\u00e1sz P\u00e9ter\"\/>\n\t<link rel=\"canonical\" href=\"https:\/\/allasorias.hu\/hirek\/fontos-a-stabilitas-a-munkaeropiacon\/\" \/>\n\t<meta name=\"generator\" content=\"All in One SEO (AIOSEO) 5.0.0.1\" \/>\n\t\t<meta property=\"og:locale\" content=\"hu_HU\" \/>\n\t\t<meta property=\"og:site_name\" content=\"AllasOrias.hu | H\u00edrek-lapszemle | \u00dczleti h\u00edrek az \u00e1ll\u00e1s \u00e9s a munka vil\u00e1g\u00e1b\u00f3l\" \/>\n\t\t<meta property=\"og:type\" content=\"article\" \/>\n\t\t<meta property=\"og:title\" content=\"Fontos a stabilit\u00e1s a munkaer\u0151piacon | AllasOrias.hu | H\u00edrek-lapszemle\" \/>\n\t\t<meta property=\"og:description\" content=\"Minden koroszt\u00e1lynak m\u00e1s a fontos a munkaer\u0151piacon, de a kiegyens\u00falyozotts\u00e1g \u00e9s stabilit\u00e1s mindenki sz\u00e1m\u00e1ra fontos. A di\u00e1kok sz\u00e1m\u00e1ra a versenyk\u00e9pes fizet\u00e9s, a k\u00f6lcs\u00f6nz\u00f6tt munkav\u00e1llal\u00f3knak a stabilit\u00e1s \u00e9s a 13. havi juttat\u00e1s, a nyugd\u00edjasok sz\u00e1m\u00e1ra pedig a stabil nyugd\u00edjkieg\u00e9sz\u00edt\u00e9s a legfontosabb szempont a munkav\u00e1llal\u00e1skor egy felm\u00e9r\u00e9s szerint \u2013 olvashat\u00f3 a Magyar H\u00edrlapban. Az atipikus foglalkoztat\u00e1s legmotiv\u00e1l\u00f3bb\" \/>\n\t\t<meta property=\"og:url\" content=\"https:\/\/allasorias.hu\/hirek\/fontos-a-stabilitas-a-munkaeropiacon\/\" \/>\n\t\t<meta property=\"og:image\" content=\"https:\/\/allasorias.hu\/hirek\/wp-content\/uploads\/2020\/10\/2982.jpg\" \/>\n\t\t<meta property=\"og:image:secure_url\" content=\"https:\/\/allasorias.hu\/hirek\/wp-content\/uploads\/2020\/10\/2982.jpg\" \/>\n\t\t<meta property=\"og:image:width\" content=\"1200\" \/>\n\t\t<meta property=\"og:image:height\" content=\"800\" \/>\n\t\t<meta property=\"article:published_time\" content=\"2020-12-07T11:52:24+00:00\" \/>\n\t\t<meta property=\"article:modified_time\" content=\"2020-12-07T11:52:24+00:00\" \/>\n\t\t<meta property=\"article:publisher\" content=\"https:\/\/www.facebook.com\/allasorias\" \/>\n\t\t<meta name=\"twitter:card\" content=\"summary_large_image\" \/>\n\t\t<meta name=\"twitter:title\" content=\"Fontos a stabilit\u00e1s a munkaer\u0151piacon | AllasOrias.hu | H\u00edrek-lapszemle\" \/>\n\t\t<meta name=\"twitter:description\" content=\"Minden koroszt\u00e1lynak m\u00e1s a fontos a munkaer\u0151piacon, de a kiegyens\u00falyozotts\u00e1g \u00e9s stabilit\u00e1s mindenki sz\u00e1m\u00e1ra fontos. A di\u00e1kok sz\u00e1m\u00e1ra a versenyk\u00e9pes fizet\u00e9s, a k\u00f6lcs\u00f6nz\u00f6tt munkav\u00e1llal\u00f3knak a stabilit\u00e1s \u00e9s a 13. havi juttat\u00e1s, a nyugd\u00edjasok sz\u00e1m\u00e1ra pedig a stabil nyugd\u00edjkieg\u00e9sz\u00edt\u00e9s a legfontosabb szempont a munkav\u00e1llal\u00e1skor egy felm\u00e9r\u00e9s szerint \u2013 olvashat\u00f3 a Magyar H\u00edrlapban. Az atipikus foglalkoztat\u00e1s legmotiv\u00e1l\u00f3bb\" \/>\n\t\t<meta name=\"twitter:image\" content=\"https:\/\/allasorias.hu\/hirek\/wp-content\/uploads\/2020\/10\/2982.jpg\" \/>\n\t\t<meta name=\"twitter:label1\" content=\"Written by\" \/>\n\t\t<meta name=\"twitter:data1\" content=\"Juh\u00e1sz P\u00e9ter\" \/>\n\t\t<meta name=\"twitter:label2\" content=\"Est. reading time\" \/>\n\t\t<meta name=\"twitter:data2\" content=\"2 minutes\" \/>\n\t\t<script type=\"application\/ld+json\" class=\"aioseo-schema\">\n\t\t\t{\"@context\":\"https:\\\/\\\/schema.org\",\"@graph\":[{\"@type\":\"Article\",\"@id\":\"https:\\\/\\\/allasorias.hu\\\/hirek\\\/fontos-a-stabilitas-a-munkaeropiacon\\\/#article\",\"name\":\"Fontos a stabilit\\u00e1s a munkaer\\u0151piacon | AllasOrias.hu | H\\u00edrek-lapszemle\",\"headline\":\"Fontos a stabilit\\u00e1s a munkaer\\u0151piacon\",\"author\":{\"@id\":\"https:\\\/\\\/allasorias.hu\\\/hirek\\\/author\\\/admin-allasorias\\\/#author\"},\"publisher\":{\"@id\":\"https:\\\/\\\/allasorias.hu\\\/hirek\\\/#organization\"},\"image\":{\"@type\":\"ImageObject\",\"url\":\"https:\\\/\\\/allasorias.hu\\\/hirek\\\/wp-content\\\/uploads\\\/2020\\\/10\\\/2982.jpg\",\"width\":1200,\"height\":800,\"caption\":\"Business team standing in front of office successful business with showing  thumbs up\"},\"datePublished\":\"2020-12-07T11:52:24+02:00\",\"dateModified\":\"2020-12-07T11:52:24+02:00\",\"inLanguage\":\"hu-HU\",\"mainEntityOfPage\":{\"@id\":\"https:\\\/\\\/allasorias.hu\\\/hirek\\\/fontos-a-stabilitas-a-munkaeropiacon\\\/#webpage\"},\"isPartOf\":{\"@id\":\"https:\\\/\\\/allasorias.hu\\\/hirek\\\/fontos-a-stabilitas-a-munkaeropiacon\\\/#webpage\"},\"articleSection\":\"Munkaer\\u0151piac\"},{\"@type\":\"BreadcrumbList\",\"@id\":\"https:\\\/\\\/allasorias.hu\\\/hirek\\\/fontos-a-stabilitas-a-munkaeropiacon\\\/#breadcrumblist\",\"itemListElement\":[{\"@type\":\"ListItem\",\"@id\":\"https:\\\/\\\/allasorias.hu\\\/hirek#listItem\",\"position\":1,\"name\":\"Home\",\"item\":\"https:\\\/\\\/allasorias.hu\\\/hirek\",\"nextItem\":{\"@type\":\"ListItem\",\"@id\":\"https:\\\/\\\/allasorias.hu\\\/hirek\\\/temak\\\/munkaeropiac\\\/#listItem\",\"name\":\"Munkaer\\u0151piac\"}},{\"@type\":\"ListItem\",\"@id\":\"https:\\\/\\\/allasorias.hu\\\/hirek\\\/temak\\\/munkaeropiac\\\/#listItem\",\"position\":2,\"name\":\"Munkaer\\u0151piac\",\"item\":\"https:\\\/\\\/allasorias.hu\\\/hirek\\\/temak\\\/munkaeropiac\\\/\",\"nextItem\":{\"@type\":\"ListItem\",\"@id\":\"https:\\\/\\\/allasorias.hu\\\/hirek\\\/fontos-a-stabilitas-a-munkaeropiacon\\\/#listItem\",\"name\":\"Fontos a stabilit\\u00e1s a munkaer\\u0151piacon\"},\"previousItem\":{\"@type\":\"ListItem\",\"@id\":\"https:\\\/\\\/allasorias.hu\\\/hirek#listItem\",\"name\":\"Home\"}},{\"@type\":\"ListItem\",\"@id\":\"https:\\\/\\\/allasorias.hu\\\/hirek\\\/fontos-a-stabilitas-a-munkaeropiacon\\\/#listItem\",\"position\":3,\"name\":\"Fontos a stabilit\\u00e1s a munkaer\\u0151piacon\",\"previousItem\":{\"@type\":\"ListItem\",\"@id\":\"https:\\\/\\\/allasorias.hu\\\/hirek\\\/temak\\\/munkaeropiac\\\/#listItem\",\"name\":\"Munkaer\\u0151piac\"}}]},{\"@type\":\"Organization\",\"@id\":\"https:\\\/\\\/allasorias.hu\\\/hirek\\\/#organization\",\"name\":\"AllasOrias.hu | H\\u00edrek-lapszemle\",\"description\":\"\\u00dczleti h\\u00edrek az \\u00e1ll\\u00e1s \\u00e9s a munka vil\\u00e1g\\u00e1b\\u00f3l\",\"url\":\"https:\\\/\\\/allasorias.hu\\\/hirek\\\/\",\"logo\":{\"@type\":\"ImageObject\",\"url\":\"https:\\\/\\\/allasorias.hu\\\/hirek\\\/wp-content\\\/uploads\\\/2022\\\/10\\\/allasorias_site_facebok_logo.png\",\"@id\":\"https:\\\/\\\/allasorias.hu\\\/hirek\\\/fontos-a-stabilitas-a-munkaeropiacon\\\/#organizationLogo\"},\"image\":{\"@id\":\"https:\\\/\\\/allasorias.hu\\\/hirek\\\/fontos-a-stabilitas-a-munkaeropiacon\\\/#organizationLogo\"},\"sameAs\":[\"https:\\\/\\\/www.facebook.com\\\/allasorias\",\"https:\\\/\\\/www.linkedin.com\\\/company\\\/allasorias\"]},{\"@type\":\"Person\",\"@id\":\"https:\\\/\\\/allasorias.hu\\\/hirek\\\/author\\\/admin-allasorias\\\/#author\",\"url\":\"https:\\\/\\\/allasorias.hu\\\/hirek\\\/author\\\/admin-allasorias\\\/\",\"name\":\"Juh\\u00e1sz P\\u00e9ter\",\"image\":{\"@type\":\"ImageObject\",\"@id\":\"https:\\\/\\\/allasorias.hu\\\/hirek\\\/fontos-a-stabilitas-a-munkaeropiacon\\\/#authorImage\",\"url\":\"https:\\\/\\\/secure.gravatar.com\\\/avatar\\\/36e6bcb83148978b992977cb0f54d22feb0cce8a0a849a9410532bb2623ba4c6?s=96&d=mm&r=g\",\"width\":96,\"height\":96,\"caption\":\"Juh\\u00e1sz P\\u00e9ter\"}},{\"@type\":\"WebPage\",\"@id\":\"https:\\\/\\\/allasorias.hu\\\/hirek\\\/fontos-a-stabilitas-a-munkaeropiacon\\\/#webpage\",\"url\":\"https:\\\/\\\/allasorias.hu\\\/hirek\\\/fontos-a-stabilitas-a-munkaeropiacon\\\/\",\"name\":\"Fontos a stabilit\\u00e1s a munkaer\\u0151piacon | AllasOrias.hu | H\\u00edrek-lapszemle\",\"description\":\"Minden koroszt\\u00e1lynak m\\u00e1s a fontos a munkaer\\u0151piacon, de a kiegyens\\u00falyozotts\\u00e1g \\u00e9s stabilit\\u00e1s mindenki sz\\u00e1m\\u00e1ra fontos. A di\\u00e1kok sz\\u00e1m\\u00e1ra a versenyk\\u00e9pes fizet\\u00e9s, a k\\u00f6lcs\\u00f6nz\\u00f6tt munkav\\u00e1llal\\u00f3knak a stabilit\\u00e1s \\u00e9s a 13. havi juttat\\u00e1s, a nyugd\\u00edjasok sz\\u00e1m\\u00e1ra pedig a stabil nyugd\\u00edjkieg\\u00e9sz\\u00edt\\u00e9s a legfontosabb szempont a munkav\\u00e1llal\\u00e1skor egy felm\\u00e9r\\u00e9s szerint \\u2013 olvashat\\u00f3 a Magyar H\\u00edrlapban. Az atipikus foglalkoztat\\u00e1s legmotiv\\u00e1l\\u00f3bb\",\"inLanguage\":\"hu-HU\",\"isPartOf\":{\"@id\":\"https:\\\/\\\/allasorias.hu\\\/hirek\\\/#website\"},\"breadcrumb\":{\"@id\":\"https:\\\/\\\/allasorias.hu\\\/hirek\\\/fontos-a-stabilitas-a-munkaeropiacon\\\/#breadcrumblist\"},\"author\":{\"@id\":\"https:\\\/\\\/allasorias.hu\\\/hirek\\\/author\\\/admin-allasorias\\\/#author\"},\"creator\":{\"@id\":\"https:\\\/\\\/allasorias.hu\\\/hirek\\\/author\\\/admin-allasorias\\\/#author\"},\"image\":{\"@type\":\"ImageObject\",\"url\":\"https:\\\/\\\/allasorias.hu\\\/hirek\\\/wp-content\\\/uploads\\\/2020\\\/10\\\/2982.jpg\",\"@id\":\"https:\\\/\\\/allasorias.hu\\\/hirek\\\/fontos-a-stabilitas-a-munkaeropiacon\\\/#mainImage\",\"width\":1200,\"height\":800,\"caption\":\"Business team standing in front of office successful business with showing  thumbs up\"},\"primaryImageOfPage\":{\"@id\":\"https:\\\/\\\/allasorias.hu\\\/hirek\\\/fontos-a-stabilitas-a-munkaeropiacon\\\/#mainImage\"},\"datePublished\":\"2020-12-07T11:52:24+02:00\",\"dateModified\":\"2020-12-07T11:52:24+02:00\"},{\"@type\":\"WebSite\",\"@id\":\"https:\\\/\\\/allasorias.hu\\\/hirek\\\/#website\",\"url\":\"https:\\\/\\\/allasorias.hu\\\/hirek\\\/\",\"name\":\"AllasOrias.hu | H\\u00edrek-lapszemle\",\"description\":\"\\u00dczleti h\\u00edrek az \\u00e1ll\\u00e1s \\u00e9s a munka vil\\u00e1g\\u00e1b\\u00f3l\",\"inLanguage\":\"hu-HU\",\"publisher\":{\"@id\":\"https:\\\/\\\/allasorias.hu\\\/hirek\\\/#organization\"}}]}\n\t\t<\/script>\n\t\t<!-- All in One SEO -->\n\n","aioseo_head_json":{"title":"Fontos a stabilit\u00e1s a munkaer\u0151piacon | AllasOrias.hu | H\u00edrek-lapszemle","description":"Minden koroszt\u00e1lynak m\u00e1s a fontos a munkaer\u0151piacon, de a kiegyens\u00falyozotts\u00e1g \u00e9s stabilit\u00e1s mindenki sz\u00e1m\u00e1ra fontos. A di\u00e1kok sz\u00e1m\u00e1ra a versenyk\u00e9pes fizet\u00e9s, a k\u00f6lcs\u00f6nz\u00f6tt munkav\u00e1llal\u00f3knak a stabilit\u00e1s \u00e9s a 13. havi juttat\u00e1s, a nyugd\u00edjasok sz\u00e1m\u00e1ra pedig a stabil nyugd\u00edjkieg\u00e9sz\u00edt\u00e9s a legfontosabb szempont a munkav\u00e1llal\u00e1skor egy felm\u00e9r\u00e9s szerint \u2013 olvashat\u00f3 a Magyar H\u00edrlapban. Az atipikus foglalkoztat\u00e1s legmotiv\u00e1l\u00f3bb","canonical_url":"https:\/\/allasorias.hu\/hirek\/fontos-a-stabilitas-a-munkaeropiacon\/","robots":"max-image-preview:large","keywords":"","webmasterTools":{"miscellaneous":""},"schema":{"@context":"https:\/\/schema.org","@graph":[{"@type":"Article","@id":"https:\/\/allasorias.hu\/hirek\/fontos-a-stabilitas-a-munkaeropiacon\/#article","name":"Fontos a stabilit\u00e1s a munkaer\u0151piacon | AllasOrias.hu | H\u00edrek-lapszemle","headline":"Fontos a stabilit\u00e1s a munkaer\u0151piacon","author":{"@id":"https:\/\/allasorias.hu\/hirek\/author\/admin-allasorias\/#author"},"publisher":{"@id":"https:\/\/allasorias.hu\/hirek\/#organization"},"image":{"@type":"ImageObject","url":"https:\/\/allasorias.hu\/hirek\/wp-content\/uploads\/2020\/10\/2982.jpg","width":1200,"height":800,"caption":"Business team standing in front of office successful business with showing  thumbs up"},"datePublished":"2020-12-07T11:52:24+02:00","dateModified":"2020-12-07T11:52:24+02:00","inLanguage":"hu-HU","mainEntityOfPage":{"@id":"https:\/\/allasorias.hu\/hirek\/fontos-a-stabilitas-a-munkaeropiacon\/#webpage"},"isPartOf":{"@id":"https:\/\/allasorias.hu\/hirek\/fontos-a-stabilitas-a-munkaeropiacon\/#webpage"},"articleSection":"Munkaer\u0151piac"},{"@type":"BreadcrumbList","@id":"https:\/\/allasorias.hu\/hirek\/fontos-a-stabilitas-a-munkaeropiacon\/#breadcrumblist","itemListElement":[{"@type":"ListItem","@id":"https:\/\/allasorias.hu\/hirek#listItem","position":1,"name":"Home","item":"https:\/\/allasorias.hu\/hirek","nextItem":{"@type":"ListItem","@id":"https:\/\/allasorias.hu\/hirek\/temak\/munkaeropiac\/#listItem","name":"Munkaer\u0151piac"}},{"@type":"ListItem","@id":"https:\/\/allasorias.hu\/hirek\/temak\/munkaeropiac\/#listItem","position":2,"name":"Munkaer\u0151piac","item":"https:\/\/allasorias.hu\/hirek\/temak\/munkaeropiac\/","nextItem":{"@type":"ListItem","@id":"https:\/\/allasorias.hu\/hirek\/fontos-a-stabilitas-a-munkaeropiacon\/#listItem","name":"Fontos a stabilit\u00e1s a munkaer\u0151piacon"},"previousItem":{"@type":"ListItem","@id":"https:\/\/allasorias.hu\/hirek#listItem","name":"Home"}},{"@type":"ListItem","@id":"https:\/\/allasorias.hu\/hirek\/fontos-a-stabilitas-a-munkaeropiacon\/#listItem","position":3,"name":"Fontos a stabilit\u00e1s a munkaer\u0151piacon","previousItem":{"@type":"ListItem","@id":"https:\/\/allasorias.hu\/hirek\/temak\/munkaeropiac\/#listItem","name":"Munkaer\u0151piac"}}]},{"@type":"Organization","@id":"https:\/\/allasorias.hu\/hirek\/#organization","name":"AllasOrias.hu | H\u00edrek-lapszemle","description":"\u00dczleti h\u00edrek az \u00e1ll\u00e1s \u00e9s a munka vil\u00e1g\u00e1b\u00f3l","url":"https:\/\/allasorias.hu\/hirek\/","logo":{"@type":"ImageObject","url":"https:\/\/allasorias.hu\/hirek\/wp-content\/uploads\/2022\/10\/allasorias_site_facebok_logo.png","@id":"https:\/\/allasorias.hu\/hirek\/fontos-a-stabilitas-a-munkaeropiacon\/#organizationLogo"},"image":{"@id":"https:\/\/allasorias.hu\/hirek\/fontos-a-stabilitas-a-munkaeropiacon\/#organizationLogo"},"sameAs":["https:\/\/www.facebook.com\/allasorias","https:\/\/www.linkedin.com\/company\/allasorias"]},{"@type":"Person","@id":"https:\/\/allasorias.hu\/hirek\/author\/admin-allasorias\/#author","url":"https:\/\/allasorias.hu\/hirek\/author\/admin-allasorias\/","name":"Juh\u00e1sz P\u00e9ter","image":{"@type":"ImageObject","@id":"https:\/\/allasorias.hu\/hirek\/fontos-a-stabilitas-a-munkaeropiacon\/#authorImage","url":"https:\/\/secure.gravatar.com\/avatar\/36e6bcb83148978b992977cb0f54d22feb0cce8a0a849a9410532bb2623ba4c6?s=96&d=mm&r=g","width":96,"height":96,"caption":"Juh\u00e1sz P\u00e9ter"}},{"@type":"WebPage","@id":"https:\/\/allasorias.hu\/hirek\/fontos-a-stabilitas-a-munkaeropiacon\/#webpage","url":"https:\/\/allasorias.hu\/hirek\/fontos-a-stabilitas-a-munkaeropiacon\/","name":"Fontos a stabilit\u00e1s a munkaer\u0151piacon | AllasOrias.hu | H\u00edrek-lapszemle","description":"Minden koroszt\u00e1lynak m\u00e1s a fontos a munkaer\u0151piacon, de a kiegyens\u00falyozotts\u00e1g \u00e9s stabilit\u00e1s mindenki sz\u00e1m\u00e1ra fontos. A di\u00e1kok sz\u00e1m\u00e1ra a versenyk\u00e9pes fizet\u00e9s, a k\u00f6lcs\u00f6nz\u00f6tt munkav\u00e1llal\u00f3knak a stabilit\u00e1s \u00e9s a 13. havi juttat\u00e1s, a nyugd\u00edjasok sz\u00e1m\u00e1ra pedig a stabil nyugd\u00edjkieg\u00e9sz\u00edt\u00e9s a legfontosabb szempont a munkav\u00e1llal\u00e1skor egy felm\u00e9r\u00e9s szerint \u2013 olvashat\u00f3 a Magyar H\u00edrlapban. Az atipikus foglalkoztat\u00e1s legmotiv\u00e1l\u00f3bb","inLanguage":"hu-HU","isPartOf":{"@id":"https:\/\/allasorias.hu\/hirek\/#website"},"breadcrumb":{"@id":"https:\/\/allasorias.hu\/hirek\/fontos-a-stabilitas-a-munkaeropiacon\/#breadcrumblist"},"author":{"@id":"https:\/\/allasorias.hu\/hirek\/author\/admin-allasorias\/#author"},"creator":{"@id":"https:\/\/allasorias.hu\/hirek\/author\/admin-allasorias\/#author"},"image":{"@type":"ImageObject","url":"https:\/\/allasorias.hu\/hirek\/wp-content\/uploads\/2020\/10\/2982.jpg","@id":"https:\/\/allasorias.hu\/hirek\/fontos-a-stabilitas-a-munkaeropiacon\/#mainImage","width":1200,"height":800,"caption":"Business team standing in front of office successful business with showing  thumbs up"},"primaryImageOfPage":{"@id":"https:\/\/allasorias.hu\/hirek\/fontos-a-stabilitas-a-munkaeropiacon\/#mainImage"},"datePublished":"2020-12-07T11:52:24+02:00","dateModified":"2020-12-07T11:52:24+02:00"},{"@type":"WebSite","@id":"https:\/\/allasorias.hu\/hirek\/#website","url":"https:\/\/allasorias.hu\/hirek\/","name":"AllasOrias.hu | H\u00edrek-lapszemle","description":"\u00dczleti h\u00edrek az \u00e1ll\u00e1s \u00e9s a munka vil\u00e1g\u00e1b\u00f3l","inLanguage":"hu-HU","publisher":{"@id":"https:\/\/allasorias.hu\/hirek\/#organization"}}]},"og:locale":"hu_HU","og:site_name":"AllasOrias.hu | H\u00edrek-lapszemle | \u00dczleti h\u00edrek az \u00e1ll\u00e1s \u00e9s a munka vil\u00e1g\u00e1b\u00f3l","og:type":"article","og:title":"Fontos a stabilit\u00e1s a munkaer\u0151piacon | AllasOrias.hu | H\u00edrek-lapszemle","og:description":"Minden koroszt\u00e1lynak m\u00e1s a fontos a munkaer\u0151piacon, de a kiegyens\u00falyozotts\u00e1g \u00e9s stabilit\u00e1s mindenki sz\u00e1m\u00e1ra fontos. A di\u00e1kok sz\u00e1m\u00e1ra a versenyk\u00e9pes fizet\u00e9s, a k\u00f6lcs\u00f6nz\u00f6tt munkav\u00e1llal\u00f3knak a stabilit\u00e1s \u00e9s a 13. havi juttat\u00e1s, a nyugd\u00edjasok sz\u00e1m\u00e1ra pedig a stabil nyugd\u00edjkieg\u00e9sz\u00edt\u00e9s a legfontosabb szempont a munkav\u00e1llal\u00e1skor egy felm\u00e9r\u00e9s szerint \u2013 olvashat\u00f3 a Magyar H\u00edrlapban. Az atipikus foglalkoztat\u00e1s legmotiv\u00e1l\u00f3bb","og:url":"https:\/\/allasorias.hu\/hirek\/fontos-a-stabilitas-a-munkaeropiacon\/","og:image":"https:\/\/allasorias.hu\/hirek\/wp-content\/uploads\/2020\/10\/2982.jpg","og:image:secure_url":"https:\/\/allasorias.hu\/hirek\/wp-content\/uploads\/2020\/10\/2982.jpg","og:image:width":1200,"og:image:height":800,"article:published_time":"2020-12-07T11:52:24+00:00","article:modified_time":"2020-12-07T11:52:24+00:00","article:publisher":"https:\/\/www.facebook.com\/allasorias","twitter:card":"summary_large_image","twitter:title":"Fontos a stabilit\u00e1s a munkaer\u0151piacon | AllasOrias.hu | H\u00edrek-lapszemle","twitter:description":"Minden koroszt\u00e1lynak m\u00e1s a fontos a munkaer\u0151piacon, de a kiegyens\u00falyozotts\u00e1g \u00e9s stabilit\u00e1s mindenki sz\u00e1m\u00e1ra fontos. A di\u00e1kok sz\u00e1m\u00e1ra a versenyk\u00e9pes fizet\u00e9s, a k\u00f6lcs\u00f6nz\u00f6tt munkav\u00e1llal\u00f3knak a stabilit\u00e1s \u00e9s a 13. havi juttat\u00e1s, a nyugd\u00edjasok sz\u00e1m\u00e1ra pedig a stabil nyugd\u00edjkieg\u00e9sz\u00edt\u00e9s a legfontosabb szempont a munkav\u00e1llal\u00e1skor egy felm\u00e9r\u00e9s szerint \u2013 olvashat\u00f3 a Magyar H\u00edrlapban. Az atipikus foglalkoztat\u00e1s legmotiv\u00e1l\u00f3bb","twitter:image":"https:\/\/allasorias.hu\/hirek\/wp-content\/uploads\/2020\/10\/2982.jpg","twitter:label1":"Written by","twitter:data1":"Juh\u00e1sz P\u00e9ter","twitter:label2":"Est. reading time","twitter:data2":"2 minutes"},"aioseo_meta_data":{"post_id":"4426","title":null,"description":"","keywords":"","keyphrases":null,"primary_term":null,"canonical_url":"","og_title":null,"og_description":null,"og_object_type":"default","og_image_type":"default","og_image_url":null,"og_image_width":null,"og_image_height":null,"og_image_custom_url":null,"og_image_custom_fields":null,"og_video":null,"og_custom_url":null,"og_article_section":null,"og_article_tags":null,"twitter_use_og":false,"twitter_card":"default","twitter_image_type":"default","twitter_image_url":null,"twitter_image_custom_url":null,"twitter_image_custom_fields":null,"twitter_title":null,"twitter_description":null,"schema":{"blockGraphs":[],"customGraphs":[],"default":{"data":{"Article":[],"Course":[],"Dataset":[],"FAQPage":[],"Movie":[],"Person":[],"Product":[],"ProductReview":[],"Car":[],"Recipe":[],"Service":[],"SoftwareApplication":[],"WebPage":[]},"graphName":"","isEnabled":true},"graphs":[]},"schema_type":null,"schema_type_options":null,"pillar_content":false,"robots_default":true,"robots_noindex":false,"robots_noarchive":false,"robots_nosnippet":false,"robots_nofollow":false,"robots_noimageindex":false,"robots_noodp":false,"robots_notranslate":false,"robots_max_snippet":null,"robots_max_videopreview":null,"robots_max_imagepreview":"large","priority":null,"frequency":null,"location":null,"local_seo":null,"breadcrumb_settings":null,"limit_modified_date":false,"ai":null,"created":"2021-02-01 20:44:59","updated":"2025-10-02 15:06:34","seo_analyzer_scan_date":null,"focus_keyword":null,"additional_keywords":null,"truseo_locale":null},"aioseo_breadcrumb":"<div class=\"aioseo-breadcrumbs\"><span class=\"aioseo-breadcrumb\">\n\t\t\t<a href=\"https:\/\/allasorias.hu\/hirek\" title=\"Home\">Home<\/a>\n\t\t<\/span><span class=\"aioseo-breadcrumb-separator\">&raquo;<\/span><span class=\"aioseo-breadcrumb\">\n\t\t\t<a href=\"https:\/\/allasorias.hu\/hirek\/temak\/munkaeropiac\/\" title=\"Munkaer\u0151piac\">Munkaer\u0151piac<\/a>\n\t\t<\/span><span class=\"aioseo-breadcrumb-separator\">&raquo;<\/span><span class=\"aioseo-breadcrumb\">\n\t\t\tFontos a stabilit\u00e1s a munkaer\u0151piacon\n\t\t<\/span><\/div>","aioseo_breadcrumb_json":[{"label":"Home","link":"https:\/\/allasorias.hu\/hirek"},{"label":"Munkaer\u0151piac","link":"https:\/\/allasorias.hu\/hirek\/temak\/munkaeropiac\/"},{"label":"Fontos a stabilit\u00e1s a munkaer\u0151piacon","link":"https:\/\/allasorias.hu\/hirek\/fontos-a-stabilitas-a-munkaeropiacon\/"}],"_links":{"self":[{"href":"https:\/\/allasorias.hu\/hirek\/wp-json\/wp\/v2\/posts\/4426","targetHints":{"allow":["GET"]}}],"collection":[{"href":"https:\/\/allasorias.hu\/hirek\/wp-json\/wp\/v2\/posts"}],"about":[{"href":"https:\/\/allasorias.hu\/hirek\/wp-json\/wp\/v2\/types\/post"}],"author":[{"embeddable":true,"href":"https:\/\/allasorias.hu\/hirek\/wp-json\/wp\/v2\/users\/1"}],"replies":[{"embeddable":true,"href":"https:\/\/allasorias.hu\/hirek\/wp-json\/wp\/v2\/comments?post=4426"}],"version-history":[{"count":1,"href":"https:\/\/allasorias.hu\/hirek\/wp-json\/wp\/v2\/posts\/4426\/revisions"}],"predecessor-version":[{"id":4427,"href":"https:\/\/allasorias.hu\/hirek\/wp-json\/wp\/v2\/posts\/4426\/revisions\/4427"}],"wp:featuredmedia":[{"embeddable":true,"href":"https:\/\/allasorias.hu\/hirek\/wp-json\/wp\/v2\/media\/4307"}],"wp:attachment":[{"href":"https:\/\/allasorias.hu\/hirek\/wp-json\/wp\/v2\/media?parent=4426"}],"wp:term":[{"taxonomy":"category","embeddable":true,"href":"https:\/\/allasorias.hu\/hirek\/wp-json\/wp\/v2\/categories?post=4426"},{"taxonomy":"post_tag","embeddable":true,"href":"https:\/\/allasorias.hu\/hirek\/wp-json\/wp\/v2\/tags?post=4426"}],"curies":[{"name":"wp","href":"https:\/\/api.w.org\/{rel}","templated":true}]}}