{"id":4423,"date":"2020-12-04T08:32:15","date_gmt":"2020-12-04T08:32:15","guid":{"rendered":"https:\/\/allasorias.hu\/hirek\/?p=4423"},"modified":"2020-12-04T08:32:15","modified_gmt":"2020-12-04T08:32:15","slug":"elonyos-lehet-a-kiva-a-cegeknek","status":"publish","type":"post","link":"https:\/\/allasorias.hu\/hirek\/elonyos-lehet-a-kiva-a-cegeknek\/","title":{"rendered":"El\u0151ny\u00f6s lehet a KIVA a c\u00e9geknek"},"content":{"rendered":"<p><strong>A c\u00e9gek egy r\u00e9sz\u00e9nek \u00e9rdemes lehet a v\u00e1lt\u00e1s a KIV\u00c1-ra, egyesek a v\u00e1lt\u00e1ssal nem sz\u00e1zezer, hanem t\u00f6bb milli\u00f3 forintot sp\u00f3rolhatnak meg. A P\u00e9nz\u00fcgyminiszt\u00e9rium sz\u00e1m\u00edt\u00e1sai szerint ak\u00e1r 53 ezer c\u00e9gnek is \u00e9rdemes lehet j\u00f6v\u0151re kisv\u00e1llalati ad\u00f3ra (kiva) v\u00e1ltani, a v\u00e1lt\u00e1ssal e c\u00e9gek 2021-ben \u00e1tlagosan csaknem 600 ezer forint ad\u00f3t takar\u00edthatnak meg &#8211; t\u00e1j\u00e9koztatott Izer Norbert, a P\u00e9nz\u00fcgyminiszt\u00e9rium ad\u00f3\u00fcgyek\u00e9rt felel\u0151s \u00e1llamtitk\u00e1ra. <\/strong><\/p>\n<p>December 4-\u00e9n \u00e9s 5-\u00e9n elektronikusan 53 ezer c\u00e9g kap t\u00e1j\u00e9koztat\u00e1st az ad\u00f3hivatalt\u00f3l arr\u00f3l, hogy j\u00f6v\u0151re meg\u00e9ri a kiv\u00e1t v\u00e1lasztania; azok a v\u00e1llalkoz\u00e1sok kapnak levelet, amelyek j\u00f6v\u0151re legal\u00e1bb 100 ezer forintot takar\u00edthatnak meg, ha \u00e1tt\u00e9rnek a kisv\u00e1llalati ad\u00f3ra &#8211; jelentette ki az \u00e1llamtitk\u00e1r. Megjegyezte, hogy sz\u00e1mos olyan c\u00e9g is van, amely a v\u00e1lt\u00e1ssal nem sz\u00e1zezer, hanem t\u00f6bb milli\u00f3 forintot sp\u00f3rolna meg. Izer Norbert hangs\u00falyozta, hogy a P\u00e9nz\u00fcgyminiszt\u00e9rium m\u00e1r n\u00e9gy \u00e9ve ny\u00fajt szem\u00e9lyre szabott seg\u00edts\u00e9get a c\u00e9geknek; a p\u00e9nz\u00fcgyi t\u00e1rca szak\u00e9rt\u0151i most a kor\u00e1bbi \u00e9vek besz\u00e1mol\u00f3i, bevall\u00e1sai alapj\u00e1n kisz\u00e1m\u00edtj\u00e1k, hogy melyik v\u00e1llalkoz\u00e1snak \u00e9rheti meg a t\u00e1rsas\u00e1gi ad\u00f3r\u00f3l \u00e1tt\u00e9rni a kiv\u00e1ra, az \u00e9rintetteket az ad\u00f3hivatal elektronikusan \u00e9rtes\u00edti err\u0151l. A P\u00e9nz\u00fcgyminiszt\u00e9rium t\u00e1j\u00e9koztat\u00e1sa amellett, hogy a c\u00e9geknek k\u00f6zvetlen seg\u00edts\u00e9get \u00e9s jelent\u0151s ad\u00f3megtakar\u00edt\u00e1st jelent, eredm\u00e9nyes is: m\u00edg 2018 december\u00e9ben 29 ezer kiv\u00e1st tartott nyilv\u00e1n az ad\u00f3hivatal, id\u00e9n okt\u00f3ber v\u00e9g\u00e9n m\u00e1r csaknem 53 ezret &#8211; mutatott r\u00e1 az \u00e1llamtitk\u00e1r. Izer Norbert szerint az idei t\u00e1j\u00e9koztat\u00e1s egyik legnagyobb \u00fajdons\u00e1ga a k\u00f6nyvel\u0151k, ad\u00f3tan\u00e1csad\u00f3k bevon\u00e1sa. A c\u00e9gek k\u00e9pvisel\u0151jek\u00e9nt elj\u00e1r\u00f3 ad\u00f3z\u00e1si szakemberek munk\u00e1ja n\u00e9lk\u00fcl\u00f6zhetetlen &#8211; h\u00fazta al\u00e1. A P\u00e9nz\u00fcgyminiszt\u00e9rium most az \u0151 munk\u00e1jukat is seg\u00edti azzal, hogy azon \u00fcgyfeleik eset\u00e9ben, akiknek 2021-ben meg\u00e9ri kiv\u00e1ra v\u00e1ltani, az err\u0151l sz\u00f3l\u00f3 levelet k\u00f6zvetlen\u00fcl a k\u00f6nyvel\u0151nek, ad\u00f3tan\u00e1csad\u00f3nak is elk\u00fcldi. Az \u00e1llamtitk\u00e1r kiemelte, hogy a t\u00e1j\u00e9koztat\u00e1s most kett\u0151s c\u00e9lt szolg\u00e1l: az ad\u00f3szakemberekn\u00e9l az \u00e9v v\u00e9gi ad\u00f3tervez\u00e9si feladatokat k\u00f6nny\u00edtheti meg, a v\u00e1llalkoz\u00e1soknak egyszer\u0171bb adminisztr\u00e1ci\u00f3t \u00e9s kevesebb fizetend\u0151 ad\u00f3t jelent. A t\u00e1rca sz\u00e1m\u00edt\u00e1sai szerint az \u00e9rintettek 31 milli\u00e1rd forint ad\u00f3t sp\u00f3rolhatnak meg j\u00f6v\u0151re. A pr\u00f3basz\u00e1m\u00edt\u00e1sokat a 2021-es \u00e9vre v\u00e1rhat\u00f3 eredm\u00e9nyek alapj\u00e1n azonban minden c\u00e9gnek \u00e9rdemes elv\u00e9geznie &#8211; javasolta Izer Norbert, hozz\u00e1t\u00e9ve, hogy a d\u00f6nt\u00e9sben a t\u00e1rca kiva-kalkul\u00e1tora seg\u00edt. Szinte biztosan a kiva a legjobb v\u00e1laszt\u00e1s ott, ahol a c\u00e9gvezet\u0151 m\u00e1r most l\u00e1tja, hogy j\u00f6v\u0151re a b\u00e9rt\u00f6meg nagyobb lesz a nyeres\u00e9g\u00e9n\u00e9l, vagy a c\u00e9g n\u00f6veked\u00e9sre ford\u00edtja vissza a nyeres\u00e9g\u00e9t &#8211; magyar\u00e1zta. Az \u00e1llamtitk\u00e1r elmondta, hogy a korm\u00e1ny ad\u00f3cs\u00f6kkent\u0151 politik\u00e1ja a koronav\u00edrus-v\u00e1ls\u00e1gban is folytat\u00f3dik, \u00edgy p\u00e9ld\u00e1ul j\u00f6v\u0151re a jelenlegi 12 sz\u00e1zal\u00e9kr\u00f3l\u00a0 11 sz\u00e1zal\u00e9kra cs\u00f6kken a KIVA m\u00e9rt\u00e9ke, de kedvez\u0151bbek lesznek a keretszab\u00e1lyok is, hiszen a kiv\u00e1ba bel\u00e9p\u0151k bev\u00e9teli (\u00e9s m\u00e9rlegf\u0151\u00f6sszeg) k\u00fcsz\u00f6b\u00e9rt\u00e9ke egymilli\u00e1rdr\u00f3l h\u00e1rommilli\u00e1rd forintra n\u0151, \u00edgy l\u00e9nyegesen t\u00f6bb k\u00f6z\u00e9pv\u00e1llalkoz\u00e1s v\u00e1laszthatja a kiv\u00e1t &#8211; sz\u00f6gezte le Izer Norbert. A megemelt \u00e9rt\u00e9khat\u00e1rnak k\u00f6sz\u00f6nhet\u0151en a P\u00e9nz\u00fcgyminiszt\u00e9rium sz\u00e1m\u00edt\u00e1sai szerint legal\u00e1bb ezeregysz\u00e1z c\u00e9gnek \u00e9ri meg j\u00f6v\u0151re kiv\u00e1zni, az \u00e9rintettek az err\u0151l sz\u00f3l\u00f3 t\u00e1j\u00e9koztat\u00e1st a napokban meg is kapj\u00e1k &#8211; jegyezte meg az \u00e1llamtitk\u00e1r.<\/p>\n<p>Forr\u00e1s: origo.hu<\/p>\n<p>&nbsp;<\/p>\n","protected":false},"excerpt":{"rendered":"<p>A c\u00e9gek egy r\u00e9sz\u00e9nek \u00e9rdemes lehet a v\u00e1lt\u00e1s a KIV\u00c1-ra, egyesek a v\u00e1lt\u00e1ssal nem sz\u00e1zezer, hanem t\u00f6bb milli\u00f3 forintot sp\u00f3rolhatnak meg. A P\u00e9nz\u00fcgyminiszt\u00e9rium sz\u00e1m\u00edt\u00e1sai szerint ak\u00e1r 53 ezer c\u00e9gnek is \u00e9rdemes lehet j\u00f6v\u0151re kisv\u00e1llalati ad\u00f3ra (kiva) v\u00e1ltani, a v\u00e1lt\u00e1ssal e c\u00e9gek 2021-ben \u00e1tlagosan csaknem 600 ezer forint ad\u00f3t takar\u00edthatnak meg &#8211; t\u00e1j\u00e9koztatott Izer Norbert, a [&hellip;]<\/p>\n","protected":false},"author":1,"featured_media":4052,"comment_status":"open","ping_status":"open","sticky":false,"template":"","format":"standard","meta":{"_monsterinsights_skip_tracking":false,"footnotes":""},"categories":[198],"tags":[],"class_list":["post-4423","post","type-post","status-publish","format-standard","has-post-thumbnail","hentry","category-gazdasag"],"aioseo_notices":[],"aioseo_head":"\n\t\t<!-- All in One SEO 5.0.0.1 - aioseo.com -->\n\t<meta name=\"description\" content=\"A c\u00e9gek egy r\u00e9sz\u00e9nek \u00e9rdemes lehet a v\u00e1lt\u00e1s a KIV\u00c1-ra, egyesek a v\u00e1lt\u00e1ssal nem sz\u00e1zezer, hanem t\u00f6bb milli\u00f3 forintot sp\u00f3rolhatnak meg. A P\u00e9nz\u00fcgyminiszt\u00e9rium sz\u00e1m\u00edt\u00e1sai szerint ak\u00e1r 53 ezer c\u00e9gnek is \u00e9rdemes lehet j\u00f6v\u0151re kisv\u00e1llalati ad\u00f3ra (kiva) v\u00e1ltani, a v\u00e1lt\u00e1ssal e c\u00e9gek 2021-ben \u00e1tlagosan csaknem 600 ezer forint ad\u00f3t takar\u00edthatnak meg - t\u00e1j\u00e9koztatott Izer Norbert, a\" \/>\n\t<meta name=\"robots\" content=\"max-image-preview:large\" \/>\n\t<meta name=\"author\" content=\"Juh\u00e1sz P\u00e9ter\"\/>\n\t<link rel=\"canonical\" href=\"https:\/\/allasorias.hu\/hirek\/elonyos-lehet-a-kiva-a-cegeknek\/\" \/>\n\t<meta name=\"generator\" content=\"All in One SEO (AIOSEO) 5.0.0.1\" \/>\n\t\t<meta property=\"og:locale\" content=\"hu_HU\" \/>\n\t\t<meta property=\"og:site_name\" content=\"AllasOrias.hu | H\u00edrek-lapszemle | \u00dczleti h\u00edrek az \u00e1ll\u00e1s \u00e9s a munka vil\u00e1g\u00e1b\u00f3l\" \/>\n\t\t<meta property=\"og:type\" content=\"article\" \/>\n\t\t<meta property=\"og:title\" content=\"El\u0151ny\u00f6s lehet a KIVA a c\u00e9geknek | AllasOrias.hu | H\u00edrek-lapszemle\" \/>\n\t\t<meta property=\"og:description\" content=\"A c\u00e9gek egy r\u00e9sz\u00e9nek \u00e9rdemes lehet a v\u00e1lt\u00e1s a KIV\u00c1-ra, egyesek a v\u00e1lt\u00e1ssal nem sz\u00e1zezer, hanem t\u00f6bb milli\u00f3 forintot sp\u00f3rolhatnak meg. A P\u00e9nz\u00fcgyminiszt\u00e9rium sz\u00e1m\u00edt\u00e1sai szerint ak\u00e1r 53 ezer c\u00e9gnek is \u00e9rdemes lehet j\u00f6v\u0151re kisv\u00e1llalati ad\u00f3ra (kiva) v\u00e1ltani, a v\u00e1lt\u00e1ssal e c\u00e9gek 2021-ben \u00e1tlagosan csaknem 600 ezer forint ad\u00f3t takar\u00edthatnak meg - t\u00e1j\u00e9koztatott Izer Norbert, a\" \/>\n\t\t<meta property=\"og:url\" content=\"https:\/\/allasorias.hu\/hirek\/elonyos-lehet-a-kiva-a-cegeknek\/\" \/>\n\t\t<meta property=\"og:image\" content=\"https:\/\/allasorias.hu\/hirek\/wp-content\/uploads\/2020\/06\/gazdas\u00e1g.jpg\" \/>\n\t\t<meta property=\"og:image:secure_url\" content=\"https:\/\/allasorias.hu\/hirek\/wp-content\/uploads\/2020\/06\/gazdas\u00e1g.jpg\" \/>\n\t\t<meta property=\"og:image:width\" content=\"600\" \/>\n\t\t<meta property=\"og:image:height\" content=\"400\" \/>\n\t\t<meta property=\"article:published_time\" content=\"2020-12-04T08:32:15+00:00\" \/>\n\t\t<meta property=\"article:modified_time\" content=\"2020-12-04T08:32:15+00:00\" \/>\n\t\t<meta property=\"article:publisher\" content=\"https:\/\/www.facebook.com\/allasorias\" \/>\n\t\t<meta name=\"twitter:card\" content=\"summary_large_image\" \/>\n\t\t<meta name=\"twitter:title\" content=\"El\u0151ny\u00f6s lehet a KIVA a c\u00e9geknek | AllasOrias.hu | H\u00edrek-lapszemle\" \/>\n\t\t<meta name=\"twitter:description\" content=\"A c\u00e9gek egy r\u00e9sz\u00e9nek \u00e9rdemes lehet a v\u00e1lt\u00e1s a KIV\u00c1-ra, egyesek a v\u00e1lt\u00e1ssal nem sz\u00e1zezer, hanem t\u00f6bb milli\u00f3 forintot sp\u00f3rolhatnak meg. A P\u00e9nz\u00fcgyminiszt\u00e9rium sz\u00e1m\u00edt\u00e1sai szerint ak\u00e1r 53 ezer c\u00e9gnek is \u00e9rdemes lehet j\u00f6v\u0151re kisv\u00e1llalati ad\u00f3ra (kiva) v\u00e1ltani, a v\u00e1lt\u00e1ssal e c\u00e9gek 2021-ben \u00e1tlagosan csaknem 600 ezer forint ad\u00f3t takar\u00edthatnak meg - t\u00e1j\u00e9koztatott Izer Norbert, a\" \/>\n\t\t<meta name=\"twitter:image\" content=\"https:\/\/allasorias.hu\/hirek\/wp-content\/uploads\/2020\/06\/gazdas\u00e1g.jpg\" \/>\n\t\t<meta name=\"twitter:label1\" content=\"Written by\" \/>\n\t\t<meta name=\"twitter:data1\" content=\"Juh\u00e1sz P\u00e9ter\" \/>\n\t\t<meta name=\"twitter:label2\" content=\"Est. reading time\" \/>\n\t\t<meta name=\"twitter:data2\" content=\"4 minutes\" \/>\n\t\t<script type=\"application\/ld+json\" class=\"aioseo-schema\">\n\t\t\t{\"@context\":\"https:\\\/\\\/schema.org\",\"@graph\":[{\"@type\":\"Article\",\"@id\":\"https:\\\/\\\/allasorias.hu\\\/hirek\\\/elonyos-lehet-a-kiva-a-cegeknek\\\/#article\",\"name\":\"El\\u0151ny\\u00f6s lehet a KIVA a c\\u00e9geknek | AllasOrias.hu | H\\u00edrek-lapszemle\",\"headline\":\"El\\u0151ny\\u00f6s lehet a KIVA a c\\u00e9geknek\",\"author\":{\"@id\":\"https:\\\/\\\/allasorias.hu\\\/hirek\\\/author\\\/admin-allasorias\\\/#author\"},\"publisher\":{\"@id\":\"https:\\\/\\\/allasorias.hu\\\/hirek\\\/#organization\"},\"image\":{\"@type\":\"ImageObject\",\"url\":\"https:\\\/\\\/allasorias.hu\\\/hirek\\\/wp-content\\\/uploads\\\/2020\\\/06\\\/gazdas\\u00e1g.jpg\",\"width\":600,\"height\":400},\"datePublished\":\"2020-12-04T08:32:15+02:00\",\"dateModified\":\"2020-12-04T08:32:15+02:00\",\"inLanguage\":\"hu-HU\",\"mainEntityOfPage\":{\"@id\":\"https:\\\/\\\/allasorias.hu\\\/hirek\\\/elonyos-lehet-a-kiva-a-cegeknek\\\/#webpage\"},\"isPartOf\":{\"@id\":\"https:\\\/\\\/allasorias.hu\\\/hirek\\\/elonyos-lehet-a-kiva-a-cegeknek\\\/#webpage\"},\"articleSection\":\"Gazdas\\u00e1g\"},{\"@type\":\"BreadcrumbList\",\"@id\":\"https:\\\/\\\/allasorias.hu\\\/hirek\\\/elonyos-lehet-a-kiva-a-cegeknek\\\/#breadcrumblist\",\"itemListElement\":[{\"@type\":\"ListItem\",\"@id\":\"https:\\\/\\\/allasorias.hu\\\/hirek#listItem\",\"position\":1,\"name\":\"Home\",\"item\":\"https:\\\/\\\/allasorias.hu\\\/hirek\",\"nextItem\":{\"@type\":\"ListItem\",\"@id\":\"https:\\\/\\\/allasorias.hu\\\/hirek\\\/temak\\\/gazdasag\\\/#listItem\",\"name\":\"Gazdas\\u00e1g\"}},{\"@type\":\"ListItem\",\"@id\":\"https:\\\/\\\/allasorias.hu\\\/hirek\\\/temak\\\/gazdasag\\\/#listItem\",\"position\":2,\"name\":\"Gazdas\\u00e1g\",\"item\":\"https:\\\/\\\/allasorias.hu\\\/hirek\\\/temak\\\/gazdasag\\\/\",\"nextItem\":{\"@type\":\"ListItem\",\"@id\":\"https:\\\/\\\/allasorias.hu\\\/hirek\\\/elonyos-lehet-a-kiva-a-cegeknek\\\/#listItem\",\"name\":\"El\\u0151ny\\u00f6s lehet a KIVA a c\\u00e9geknek\"},\"previousItem\":{\"@type\":\"ListItem\",\"@id\":\"https:\\\/\\\/allasorias.hu\\\/hirek#listItem\",\"name\":\"Home\"}},{\"@type\":\"ListItem\",\"@id\":\"https:\\\/\\\/allasorias.hu\\\/hirek\\\/elonyos-lehet-a-kiva-a-cegeknek\\\/#listItem\",\"position\":3,\"name\":\"El\\u0151ny\\u00f6s lehet a KIVA a c\\u00e9geknek\",\"previousItem\":{\"@type\":\"ListItem\",\"@id\":\"https:\\\/\\\/allasorias.hu\\\/hirek\\\/temak\\\/gazdasag\\\/#listItem\",\"name\":\"Gazdas\\u00e1g\"}}]},{\"@type\":\"Organization\",\"@id\":\"https:\\\/\\\/allasorias.hu\\\/hirek\\\/#organization\",\"name\":\"AllasOrias.hu | H\\u00edrek-lapszemle\",\"description\":\"\\u00dczleti h\\u00edrek az \\u00e1ll\\u00e1s \\u00e9s a munka vil\\u00e1g\\u00e1b\\u00f3l\",\"url\":\"https:\\\/\\\/allasorias.hu\\\/hirek\\\/\",\"logo\":{\"@type\":\"ImageObject\",\"url\":\"https:\\\/\\\/allasorias.hu\\\/hirek\\\/wp-content\\\/uploads\\\/2022\\\/10\\\/allasorias_site_facebok_logo.png\",\"@id\":\"https:\\\/\\\/allasorias.hu\\\/hirek\\\/elonyos-lehet-a-kiva-a-cegeknek\\\/#organizationLogo\"},\"image\":{\"@id\":\"https:\\\/\\\/allasorias.hu\\\/hirek\\\/elonyos-lehet-a-kiva-a-cegeknek\\\/#organizationLogo\"},\"sameAs\":[\"https:\\\/\\\/www.facebook.com\\\/allasorias\",\"https:\\\/\\\/www.linkedin.com\\\/company\\\/allasorias\"]},{\"@type\":\"Person\",\"@id\":\"https:\\\/\\\/allasorias.hu\\\/hirek\\\/author\\\/admin-allasorias\\\/#author\",\"url\":\"https:\\\/\\\/allasorias.hu\\\/hirek\\\/author\\\/admin-allasorias\\\/\",\"name\":\"Juh\\u00e1sz P\\u00e9ter\",\"image\":{\"@type\":\"ImageObject\",\"@id\":\"https:\\\/\\\/allasorias.hu\\\/hirek\\\/elonyos-lehet-a-kiva-a-cegeknek\\\/#authorImage\",\"url\":\"https:\\\/\\\/secure.gravatar.com\\\/avatar\\\/36e6bcb83148978b992977cb0f54d22feb0cce8a0a849a9410532bb2623ba4c6?s=96&d=mm&r=g\",\"width\":96,\"height\":96,\"caption\":\"Juh\\u00e1sz P\\u00e9ter\"}},{\"@type\":\"WebPage\",\"@id\":\"https:\\\/\\\/allasorias.hu\\\/hirek\\\/elonyos-lehet-a-kiva-a-cegeknek\\\/#webpage\",\"url\":\"https:\\\/\\\/allasorias.hu\\\/hirek\\\/elonyos-lehet-a-kiva-a-cegeknek\\\/\",\"name\":\"El\\u0151ny\\u00f6s lehet a KIVA a c\\u00e9geknek | AllasOrias.hu | H\\u00edrek-lapszemle\",\"description\":\"A c\\u00e9gek egy r\\u00e9sz\\u00e9nek \\u00e9rdemes lehet a v\\u00e1lt\\u00e1s a KIV\\u00c1-ra, egyesek a v\\u00e1lt\\u00e1ssal nem sz\\u00e1zezer, hanem t\\u00f6bb milli\\u00f3 forintot sp\\u00f3rolhatnak meg. A P\\u00e9nz\\u00fcgyminiszt\\u00e9rium sz\\u00e1m\\u00edt\\u00e1sai szerint ak\\u00e1r 53 ezer c\\u00e9gnek is \\u00e9rdemes lehet j\\u00f6v\\u0151re kisv\\u00e1llalati ad\\u00f3ra (kiva) v\\u00e1ltani, a v\\u00e1lt\\u00e1ssal e c\\u00e9gek 2021-ben \\u00e1tlagosan csaknem 600 ezer forint ad\\u00f3t takar\\u00edthatnak meg - t\\u00e1j\\u00e9koztatott Izer Norbert, a\",\"inLanguage\":\"hu-HU\",\"isPartOf\":{\"@id\":\"https:\\\/\\\/allasorias.hu\\\/hirek\\\/#website\"},\"breadcrumb\":{\"@id\":\"https:\\\/\\\/allasorias.hu\\\/hirek\\\/elonyos-lehet-a-kiva-a-cegeknek\\\/#breadcrumblist\"},\"author\":{\"@id\":\"https:\\\/\\\/allasorias.hu\\\/hirek\\\/author\\\/admin-allasorias\\\/#author\"},\"creator\":{\"@id\":\"https:\\\/\\\/allasorias.hu\\\/hirek\\\/author\\\/admin-allasorias\\\/#author\"},\"image\":{\"@type\":\"ImageObject\",\"url\":\"https:\\\/\\\/allasorias.hu\\\/hirek\\\/wp-content\\\/uploads\\\/2020\\\/06\\\/gazdas\\u00e1g.jpg\",\"@id\":\"https:\\\/\\\/allasorias.hu\\\/hirek\\\/elonyos-lehet-a-kiva-a-cegeknek\\\/#mainImage\",\"width\":600,\"height\":400},\"primaryImageOfPage\":{\"@id\":\"https:\\\/\\\/allasorias.hu\\\/hirek\\\/elonyos-lehet-a-kiva-a-cegeknek\\\/#mainImage\"},\"datePublished\":\"2020-12-04T08:32:15+02:00\",\"dateModified\":\"2020-12-04T08:32:15+02:00\"},{\"@type\":\"WebSite\",\"@id\":\"https:\\\/\\\/allasorias.hu\\\/hirek\\\/#website\",\"url\":\"https:\\\/\\\/allasorias.hu\\\/hirek\\\/\",\"name\":\"AllasOrias.hu | H\\u00edrek-lapszemle\",\"description\":\"\\u00dczleti h\\u00edrek az \\u00e1ll\\u00e1s \\u00e9s a munka vil\\u00e1g\\u00e1b\\u00f3l\",\"inLanguage\":\"hu-HU\",\"publisher\":{\"@id\":\"https:\\\/\\\/allasorias.hu\\\/hirek\\\/#organization\"}}]}\n\t\t<\/script>\n\t\t<!-- All in One SEO -->\n\n","aioseo_head_json":{"title":"El\u0151ny\u00f6s lehet a KIVA a c\u00e9geknek | AllasOrias.hu | H\u00edrek-lapszemle","description":"A c\u00e9gek egy r\u00e9sz\u00e9nek \u00e9rdemes lehet a v\u00e1lt\u00e1s a KIV\u00c1-ra, egyesek a v\u00e1lt\u00e1ssal nem sz\u00e1zezer, hanem t\u00f6bb milli\u00f3 forintot sp\u00f3rolhatnak meg. A P\u00e9nz\u00fcgyminiszt\u00e9rium sz\u00e1m\u00edt\u00e1sai szerint ak\u00e1r 53 ezer c\u00e9gnek is \u00e9rdemes lehet j\u00f6v\u0151re kisv\u00e1llalati ad\u00f3ra (kiva) v\u00e1ltani, a v\u00e1lt\u00e1ssal e c\u00e9gek 2021-ben \u00e1tlagosan csaknem 600 ezer forint ad\u00f3t takar\u00edthatnak meg - t\u00e1j\u00e9koztatott Izer Norbert, a","canonical_url":"https:\/\/allasorias.hu\/hirek\/elonyos-lehet-a-kiva-a-cegeknek\/","robots":"max-image-preview:large","keywords":"","webmasterTools":{"miscellaneous":""},"schema":{"@context":"https:\/\/schema.org","@graph":[{"@type":"Article","@id":"https:\/\/allasorias.hu\/hirek\/elonyos-lehet-a-kiva-a-cegeknek\/#article","name":"El\u0151ny\u00f6s lehet a KIVA a c\u00e9geknek | AllasOrias.hu | H\u00edrek-lapszemle","headline":"El\u0151ny\u00f6s lehet a KIVA a c\u00e9geknek","author":{"@id":"https:\/\/allasorias.hu\/hirek\/author\/admin-allasorias\/#author"},"publisher":{"@id":"https:\/\/allasorias.hu\/hirek\/#organization"},"image":{"@type":"ImageObject","url":"https:\/\/allasorias.hu\/hirek\/wp-content\/uploads\/2020\/06\/gazdas\u00e1g.jpg","width":600,"height":400},"datePublished":"2020-12-04T08:32:15+02:00","dateModified":"2020-12-04T08:32:15+02:00","inLanguage":"hu-HU","mainEntityOfPage":{"@id":"https:\/\/allasorias.hu\/hirek\/elonyos-lehet-a-kiva-a-cegeknek\/#webpage"},"isPartOf":{"@id":"https:\/\/allasorias.hu\/hirek\/elonyos-lehet-a-kiva-a-cegeknek\/#webpage"},"articleSection":"Gazdas\u00e1g"},{"@type":"BreadcrumbList","@id":"https:\/\/allasorias.hu\/hirek\/elonyos-lehet-a-kiva-a-cegeknek\/#breadcrumblist","itemListElement":[{"@type":"ListItem","@id":"https:\/\/allasorias.hu\/hirek#listItem","position":1,"name":"Home","item":"https:\/\/allasorias.hu\/hirek","nextItem":{"@type":"ListItem","@id":"https:\/\/allasorias.hu\/hirek\/temak\/gazdasag\/#listItem","name":"Gazdas\u00e1g"}},{"@type":"ListItem","@id":"https:\/\/allasorias.hu\/hirek\/temak\/gazdasag\/#listItem","position":2,"name":"Gazdas\u00e1g","item":"https:\/\/allasorias.hu\/hirek\/temak\/gazdasag\/","nextItem":{"@type":"ListItem","@id":"https:\/\/allasorias.hu\/hirek\/elonyos-lehet-a-kiva-a-cegeknek\/#listItem","name":"El\u0151ny\u00f6s lehet a KIVA a c\u00e9geknek"},"previousItem":{"@type":"ListItem","@id":"https:\/\/allasorias.hu\/hirek#listItem","name":"Home"}},{"@type":"ListItem","@id":"https:\/\/allasorias.hu\/hirek\/elonyos-lehet-a-kiva-a-cegeknek\/#listItem","position":3,"name":"El\u0151ny\u00f6s lehet a KIVA a c\u00e9geknek","previousItem":{"@type":"ListItem","@id":"https:\/\/allasorias.hu\/hirek\/temak\/gazdasag\/#listItem","name":"Gazdas\u00e1g"}}]},{"@type":"Organization","@id":"https:\/\/allasorias.hu\/hirek\/#organization","name":"AllasOrias.hu | H\u00edrek-lapszemle","description":"\u00dczleti h\u00edrek az \u00e1ll\u00e1s \u00e9s a munka vil\u00e1g\u00e1b\u00f3l","url":"https:\/\/allasorias.hu\/hirek\/","logo":{"@type":"ImageObject","url":"https:\/\/allasorias.hu\/hirek\/wp-content\/uploads\/2022\/10\/allasorias_site_facebok_logo.png","@id":"https:\/\/allasorias.hu\/hirek\/elonyos-lehet-a-kiva-a-cegeknek\/#organizationLogo"},"image":{"@id":"https:\/\/allasorias.hu\/hirek\/elonyos-lehet-a-kiva-a-cegeknek\/#organizationLogo"},"sameAs":["https:\/\/www.facebook.com\/allasorias","https:\/\/www.linkedin.com\/company\/allasorias"]},{"@type":"Person","@id":"https:\/\/allasorias.hu\/hirek\/author\/admin-allasorias\/#author","url":"https:\/\/allasorias.hu\/hirek\/author\/admin-allasorias\/","name":"Juh\u00e1sz P\u00e9ter","image":{"@type":"ImageObject","@id":"https:\/\/allasorias.hu\/hirek\/elonyos-lehet-a-kiva-a-cegeknek\/#authorImage","url":"https:\/\/secure.gravatar.com\/avatar\/36e6bcb83148978b992977cb0f54d22feb0cce8a0a849a9410532bb2623ba4c6?s=96&d=mm&r=g","width":96,"height":96,"caption":"Juh\u00e1sz P\u00e9ter"}},{"@type":"WebPage","@id":"https:\/\/allasorias.hu\/hirek\/elonyos-lehet-a-kiva-a-cegeknek\/#webpage","url":"https:\/\/allasorias.hu\/hirek\/elonyos-lehet-a-kiva-a-cegeknek\/","name":"El\u0151ny\u00f6s lehet a KIVA a c\u00e9geknek | AllasOrias.hu | H\u00edrek-lapszemle","description":"A c\u00e9gek egy r\u00e9sz\u00e9nek \u00e9rdemes lehet a v\u00e1lt\u00e1s a KIV\u00c1-ra, egyesek a v\u00e1lt\u00e1ssal nem sz\u00e1zezer, hanem t\u00f6bb milli\u00f3 forintot sp\u00f3rolhatnak meg. A P\u00e9nz\u00fcgyminiszt\u00e9rium sz\u00e1m\u00edt\u00e1sai szerint ak\u00e1r 53 ezer c\u00e9gnek is \u00e9rdemes lehet j\u00f6v\u0151re kisv\u00e1llalati ad\u00f3ra (kiva) v\u00e1ltani, a v\u00e1lt\u00e1ssal e c\u00e9gek 2021-ben \u00e1tlagosan csaknem 600 ezer forint ad\u00f3t takar\u00edthatnak meg - t\u00e1j\u00e9koztatott Izer Norbert, a","inLanguage":"hu-HU","isPartOf":{"@id":"https:\/\/allasorias.hu\/hirek\/#website"},"breadcrumb":{"@id":"https:\/\/allasorias.hu\/hirek\/elonyos-lehet-a-kiva-a-cegeknek\/#breadcrumblist"},"author":{"@id":"https:\/\/allasorias.hu\/hirek\/author\/admin-allasorias\/#author"},"creator":{"@id":"https:\/\/allasorias.hu\/hirek\/author\/admin-allasorias\/#author"},"image":{"@type":"ImageObject","url":"https:\/\/allasorias.hu\/hirek\/wp-content\/uploads\/2020\/06\/gazdas\u00e1g.jpg","@id":"https:\/\/allasorias.hu\/hirek\/elonyos-lehet-a-kiva-a-cegeknek\/#mainImage","width":600,"height":400},"primaryImageOfPage":{"@id":"https:\/\/allasorias.hu\/hirek\/elonyos-lehet-a-kiva-a-cegeknek\/#mainImage"},"datePublished":"2020-12-04T08:32:15+02:00","dateModified":"2020-12-04T08:32:15+02:00"},{"@type":"WebSite","@id":"https:\/\/allasorias.hu\/hirek\/#website","url":"https:\/\/allasorias.hu\/hirek\/","name":"AllasOrias.hu | H\u00edrek-lapszemle","description":"\u00dczleti h\u00edrek az \u00e1ll\u00e1s \u00e9s a munka vil\u00e1g\u00e1b\u00f3l","inLanguage":"hu-HU","publisher":{"@id":"https:\/\/allasorias.hu\/hirek\/#organization"}}]},"og:locale":"hu_HU","og:site_name":"AllasOrias.hu | H\u00edrek-lapszemle | \u00dczleti h\u00edrek az \u00e1ll\u00e1s \u00e9s a munka vil\u00e1g\u00e1b\u00f3l","og:type":"article","og:title":"El\u0151ny\u00f6s lehet a KIVA a c\u00e9geknek | AllasOrias.hu | H\u00edrek-lapszemle","og:description":"A c\u00e9gek egy r\u00e9sz\u00e9nek \u00e9rdemes lehet a v\u00e1lt\u00e1s a KIV\u00c1-ra, egyesek a v\u00e1lt\u00e1ssal nem sz\u00e1zezer, hanem t\u00f6bb milli\u00f3 forintot sp\u00f3rolhatnak meg. A P\u00e9nz\u00fcgyminiszt\u00e9rium sz\u00e1m\u00edt\u00e1sai szerint ak\u00e1r 53 ezer c\u00e9gnek is \u00e9rdemes lehet j\u00f6v\u0151re kisv\u00e1llalati ad\u00f3ra (kiva) v\u00e1ltani, a v\u00e1lt\u00e1ssal e c\u00e9gek 2021-ben \u00e1tlagosan csaknem 600 ezer forint ad\u00f3t takar\u00edthatnak meg - t\u00e1j\u00e9koztatott Izer Norbert, a","og:url":"https:\/\/allasorias.hu\/hirek\/elonyos-lehet-a-kiva-a-cegeknek\/","og:image":"https:\/\/allasorias.hu\/hirek\/wp-content\/uploads\/2020\/06\/gazdas\u00e1g.jpg","og:image:secure_url":"https:\/\/allasorias.hu\/hirek\/wp-content\/uploads\/2020\/06\/gazdas\u00e1g.jpg","og:image:width":600,"og:image:height":400,"article:published_time":"2020-12-04T08:32:15+00:00","article:modified_time":"2020-12-04T08:32:15+00:00","article:publisher":"https:\/\/www.facebook.com\/allasorias","twitter:card":"summary_large_image","twitter:title":"El\u0151ny\u00f6s lehet a KIVA a c\u00e9geknek | AllasOrias.hu | H\u00edrek-lapszemle","twitter:description":"A c\u00e9gek egy r\u00e9sz\u00e9nek \u00e9rdemes lehet a v\u00e1lt\u00e1s a KIV\u00c1-ra, egyesek a v\u00e1lt\u00e1ssal nem sz\u00e1zezer, hanem t\u00f6bb milli\u00f3 forintot sp\u00f3rolhatnak meg. A P\u00e9nz\u00fcgyminiszt\u00e9rium sz\u00e1m\u00edt\u00e1sai szerint ak\u00e1r 53 ezer c\u00e9gnek is \u00e9rdemes lehet j\u00f6v\u0151re kisv\u00e1llalati ad\u00f3ra (kiva) v\u00e1ltani, a v\u00e1lt\u00e1ssal e c\u00e9gek 2021-ben \u00e1tlagosan csaknem 600 ezer forint ad\u00f3t takar\u00edthatnak meg - t\u00e1j\u00e9koztatott Izer Norbert, a","twitter:image":"https:\/\/allasorias.hu\/hirek\/wp-content\/uploads\/2020\/06\/gazdas\u00e1g.jpg","twitter:label1":"Written by","twitter:data1":"Juh\u00e1sz P\u00e9ter","twitter:label2":"Est. reading time","twitter:data2":"4 minutes"},"aioseo_meta_data":{"post_id":"4423","title":null,"description":"","keywords":"","keyphrases":null,"primary_term":null,"canonical_url":"","og_title":null,"og_description":null,"og_object_type":"default","og_image_type":"default","og_image_url":null,"og_image_width":null,"og_image_height":null,"og_image_custom_url":null,"og_image_custom_fields":null,"og_video":null,"og_custom_url":null,"og_article_section":null,"og_article_tags":null,"twitter_use_og":false,"twitter_card":"default","twitter_image_type":"default","twitter_image_url":null,"twitter_image_custom_url":null,"twitter_image_custom_fields":null,"twitter_title":null,"twitter_description":null,"schema":{"blockGraphs":[],"customGraphs":[],"default":{"data":{"Article":[],"Course":[],"Dataset":[],"FAQPage":[],"Movie":[],"Person":[],"Product":[],"ProductReview":[],"Car":[],"Recipe":[],"Service":[],"SoftwareApplication":[],"WebPage":[]},"graphName":"","isEnabled":true},"graphs":[]},"schema_type":null,"schema_type_options":null,"pillar_content":false,"robots_default":true,"robots_noindex":false,"robots_noarchive":false,"robots_nosnippet":false,"robots_nofollow":false,"robots_noimageindex":false,"robots_noodp":false,"robots_notranslate":false,"robots_max_snippet":null,"robots_max_videopreview":null,"robots_max_imagepreview":"large","priority":null,"frequency":null,"location":null,"local_seo":null,"breadcrumb_settings":null,"limit_modified_date":false,"ai":null,"created":"2021-02-01 20:44:59","updated":"2025-10-02 15:06:34","seo_analyzer_scan_date":null,"focus_keyword":null,"additional_keywords":null,"truseo_locale":null},"aioseo_breadcrumb":"<div class=\"aioseo-breadcrumbs\"><span class=\"aioseo-breadcrumb\">\n\t\t\t<a href=\"https:\/\/allasorias.hu\/hirek\" title=\"Home\">Home<\/a>\n\t\t<\/span><span class=\"aioseo-breadcrumb-separator\">&raquo;<\/span><span class=\"aioseo-breadcrumb\">\n\t\t\t<a href=\"https:\/\/allasorias.hu\/hirek\/temak\/gazdasag\/\" title=\"Gazdas\u00e1g\">Gazdas\u00e1g<\/a>\n\t\t<\/span><span class=\"aioseo-breadcrumb-separator\">&raquo;<\/span><span class=\"aioseo-breadcrumb\">\n\t\t\tEl\u0151ny\u00f6s lehet a KIVA a c\u00e9geknek\n\t\t<\/span><\/div>","aioseo_breadcrumb_json":[{"label":"Home","link":"https:\/\/allasorias.hu\/hirek"},{"label":"Gazdas\u00e1g","link":"https:\/\/allasorias.hu\/hirek\/temak\/gazdasag\/"},{"label":"El\u0151ny\u00f6s lehet a KIVA a c\u00e9geknek","link":"https:\/\/allasorias.hu\/hirek\/elonyos-lehet-a-kiva-a-cegeknek\/"}],"_links":{"self":[{"href":"https:\/\/allasorias.hu\/hirek\/wp-json\/wp\/v2\/posts\/4423","targetHints":{"allow":["GET"]}}],"collection":[{"href":"https:\/\/allasorias.hu\/hirek\/wp-json\/wp\/v2\/posts"}],"about":[{"href":"https:\/\/allasorias.hu\/hirek\/wp-json\/wp\/v2\/types\/post"}],"author":[{"embeddable":true,"href":"https:\/\/allasorias.hu\/hirek\/wp-json\/wp\/v2\/users\/1"}],"replies":[{"embeddable":true,"href":"https:\/\/allasorias.hu\/hirek\/wp-json\/wp\/v2\/comments?post=4423"}],"version-history":[{"count":1,"href":"https:\/\/allasorias.hu\/hirek\/wp-json\/wp\/v2\/posts\/4423\/revisions"}],"predecessor-version":[{"id":4424,"href":"https:\/\/allasorias.hu\/hirek\/wp-json\/wp\/v2\/posts\/4423\/revisions\/4424"}],"wp:featuredmedia":[{"embeddable":true,"href":"https:\/\/allasorias.hu\/hirek\/wp-json\/wp\/v2\/media\/4052"}],"wp:attachment":[{"href":"https:\/\/allasorias.hu\/hirek\/wp-json\/wp\/v2\/media?parent=4423"}],"wp:term":[{"taxonomy":"category","embeddable":true,"href":"https:\/\/allasorias.hu\/hirek\/wp-json\/wp\/v2\/categories?post=4423"},{"taxonomy":"post_tag","embeddable":true,"href":"https:\/\/allasorias.hu\/hirek\/wp-json\/wp\/v2\/tags?post=4423"}],"curies":[{"name":"wp","href":"https:\/\/api.w.org\/{rel}","templated":true}]}}