{"id":4416,"date":"2020-12-02T08:53:14","date_gmt":"2020-12-02T08:53:14","guid":{"rendered":"https:\/\/allasorias.hu\/hirek\/?p=4416"},"modified":"2020-12-02T08:53:54","modified_gmt":"2020-12-02T08:53:54","slug":"bovulo-szakkepesites-biztos-pont-a-munkaeropiacon","status":"publish","type":"post","link":"https:\/\/allasorias.hu\/hirek\/bovulo-szakkepesites-biztos-pont-a-munkaeropiacon\/","title":{"rendered":"B\u0151v\u00fcl\u0151 szakk\u00e9pes\u00edt\u00e9s \u2013 biztos pont a munkaer\u0151piacon"},"content":{"rendered":"<p><strong>A gyakorl\u00f3 partnerint\u00e9zm\u00e9nyek visszajelz\u00e9sei alapj\u00e1n friss\u00edtette oktat\u00e1si rendszer\u00e9t a Debreceni Egyetem Gyermeknevel\u00e9si \u00e9s Gy\u00f3gypedag\u00f3giai Kara (GYGYK). Szeptembert\u0151l a gy\u00f3gypedag\u00f3gia szakon a hallgat\u00f3knak k\u00e9t szakir\u00e1ny elv\u00e9gz\u00e9s\u00e9re is lehet\u0151s\u00e9g\u00fck lesz az alapk\u00e9pz\u00e9sben. A Debreceni Egyetem Gyermeknevel\u00e9si \u00e9s Gy\u00f3gypedag\u00f3giai Kara vezet\u0151 szerepet t\u00f6lt be a r\u00e9gi\u00f3 pedag\u00f3gusk\u00e9pz\u00e9s\u00e9ben. Szeptembert\u0151l szoci\u00e1l-, \u00f3voda- \u00e9s gy\u00f3gypedag\u00f3gia, valamint csecsem\u0151- \u00e9s kisgyermeknevel\u0151, tov\u00e1bb\u00e1 romol\u00f3gia szakon v\u00e1rja a hallgat\u00f3kat a hajd\u00fab\u00f6sz\u00f6rm\u00e9nyi int\u00e9zm\u00e9ny. <\/strong><\/p>\n<p>A munkaer\u0151-piaci ig\u00e9nyeket figyelembe v\u00e9ve d\u00f6nt\u00f6tt\u00fcnk a gy\u00f3gypedag\u00f3giai szakon az \u00e9rtelmileg akad\u00e1lyozottak pedag\u00f3gi\u00e1ja szakir\u00e1ny beind\u00edt\u00e1s\u00e1r\u00f3l, tov\u00e1bb\u00e1 szeptembert\u0151l enged\u00e9lyezt\u00fck di\u00e1kjainknak, hogy t\u00f6bb szakir\u00e1nyt is v\u00e1laszthassanak. Ez\u00e1ltal lehet\u0151s\u00e9g\u00fck van arra, hogy p\u00e9ld\u00e1ul a logop\u00e9dia mell\u00e9 a most indul\u00f3 k\u00e9pz\u00e9st is felvegy\u00e9k. Ez a hallgat\u00f3k \u00e9s a foglalkoztat\u00f3i szf\u00e9ra sz\u00e1m\u00e1ra is el\u0151ny\u00f6s v\u00e1ltoz\u00e1s, \u00edgy a 8 f\u00e9l\u00e9v alatt t\u00f6bbf\u00e9le szakk\u00e9pzetts\u00e9get is szerezhetnek hallgat\u00f3ink \u2013 emelte ki Gortka-R\u00e1k\u00f3 Erzs\u00e9bet, a Gyermeknevel\u00e9si \u00e9s Gy\u00f3gypedag\u00f3giai Kar d\u00e9k\u00e1nja. A hajd\u00fab\u00f6sz\u00f6rm\u00e9nyi int\u00e9zm\u00e9ny vezet\u0151je szerint egyre jobban fel\u00e9rt\u00e9kel\u0151dik a GYGYK-n szerzett diploma. &#8211; Di\u00e1kjainkat olyan \u00e9rt\u00e9k\u00e1ll\u00f3 \u00e9s korszer\u0171 tud\u00e1ssal v\u00e9rtezz\u00fck fel, amely seg\u00edts\u00e9g\u00e9vel a k\u00f6znevel\u00e9s, valamint a szoci\u00e1lis szf\u00e9ra sz\u00e1mtalan ter\u00fclet\u00e9n sikerrel \u00e9rv\u00e9nyes\u00fclhetnek \u00e9s megtal\u00e1lj\u00e1k az \u00f6nmegval\u00f3s\u00edt\u00e1s \u00fatj\u00e1t. A r\u00e9gi\u00f3ban jelent\u0151s a munkaer\u0151hi\u00e1ny a gy\u00f3gypedag\u00f3gusok k\u00f6r\u00e9ben, k\u00fcl\u00f6n\u00f6sen az \u00e9rtelmileg akad\u00e1lyozottokkal foglalkoz\u00f3 szakemberb\u0151l van kev\u00e9s. Ez\u00e9rt is tartjuk k\u00fcl\u00f6n\u00f6sen fontosnak, hogy ezt a k\u00e9pz\u00e9s\u00fcnket tov\u00e1bb er\u0151s\u00edts\u00fck. T\u00falz\u00e1s n\u00e9lk\u00fcl mondhat\u00f3, hogy a gy\u00f3gypedag\u00f3giai alapk\u00e9pz\u00e9sben v\u00e9gzett hallgat\u00f3ink szinte azonnal munk\u00e1t kapnak, de biztos bel\u00e9p\u0151t jelent a munkaer\u0151piacra a csecsem\u0151- \u00e9s kisgyermeknevel\u0151, valamint az \u00f3vodapedag\u00f3gius k\u00e9pz\u00e9s is \u2013 jelentette ki a kari vezet\u0151. Gortka-R\u00e1k\u00f3 Erzs\u00e9bet kiemelte: gyakorlatorient\u00e1lt k\u00e9pz\u00e9s\u00fck c\u00e9lja, hogy hallgat\u00f3ik a tanulm\u00e1nyaik alatt olyan min\u0151s\u00e9g\u0171 \u00e9s mennyis\u00e9g\u0171 szakmai tapasztalatot szerezzenek, melynek seg\u00edts\u00e9g\u00e9vel a diploma megszerz\u00e9s\u00e9t k\u00f6vet\u0151en azonnal k\u00e9pesek az \u00f6n\u00e1ll\u00f3 munkav\u00e9gz\u00e9sre. &#8211; A GYGYK di\u00e1kjai az int\u00e9zm\u00e9ny saj\u00e1t gyakorl\u00f3 \u00f3vod\u00e1ja mellett a hajd\u00fab\u00f6sz\u00f6rm\u00e9nyi Kincskeres\u0151 \u00d3vod\u00e1ban gyarap\u00edthatj\u00e1k szakmai tud\u00e1sukat. A levelez\u0151 rendszerben tanul\u00f3k pedig ak\u00e1r a lak\u00f3hely\u00fckh\u00f6z k\u00f6zel is kaphatnak gyakorlati helyet. Szoros a kapcsolatunk a r\u00e9gi\u00f3 k\u00f6znevel\u00e9si \u00e9s feln\u0151ttk\u00e9pz\u00e9si int\u00e9zm\u00e9nyeivel, a pedag\u00f3giai szakszolg\u00e1latokkal, tov\u00e1bb\u00e1 a szoci\u00e1lis ell\u00e1t\u00f3rendszer szerepl\u0151ivel \u2013 fejtette ki a d\u00e9k\u00e1n.\u00a0 A kar t\u00f6rekszik a nemzetk\u00f6zi kapcsolatainak er\u0151s\u00edt\u00e9s\u00e9re. Kiterjedt Erasmus-h\u00e1l\u00f3zattal rendelkezik, egyebek mellett angol, n\u00e9met, osztr\u00e1k, spanyol, portug\u00e1l, olasz, lengyel \u00e9s finn int\u00e9zm\u00e9nyekkel \u00e1ll kapcsolatban. &#8211;<\/p>\n<p>Forr\u00e1s: dehir.hu<\/p>\n","protected":false},"excerpt":{"rendered":"<p>A gyakorl\u00f3 partnerint\u00e9zm\u00e9nyek visszajelz\u00e9sei alapj\u00e1n friss\u00edtette oktat\u00e1si rendszer\u00e9t a Debreceni Egyetem Gyermeknevel\u00e9si \u00e9s Gy\u00f3gypedag\u00f3giai Kara (GYGYK). Szeptembert\u0151l a gy\u00f3gypedag\u00f3gia szakon a hallgat\u00f3knak k\u00e9t szakir\u00e1ny elv\u00e9gz\u00e9s\u00e9re is lehet\u0151s\u00e9g\u00fck lesz az alapk\u00e9pz\u00e9sben. A Debreceni Egyetem Gyermeknevel\u00e9si \u00e9s Gy\u00f3gypedag\u00f3giai Kara vezet\u0151 szerepet t\u00f6lt be a r\u00e9gi\u00f3 pedag\u00f3gusk\u00e9pz\u00e9s\u00e9ben. Szeptembert\u0151l szoci\u00e1l-, \u00f3voda- \u00e9s gy\u00f3gypedag\u00f3gia, valamint csecsem\u0151- \u00e9s kisgyermeknevel\u0151, tov\u00e1bb\u00e1 romol\u00f3gia [&hellip;]<\/p>\n","protected":false},"author":1,"featured_media":4341,"comment_status":"open","ping_status":"open","sticky":false,"template":"","format":"standard","meta":{"_monsterinsights_skip_tracking":false,"footnotes":""},"categories":[200],"tags":[],"class_list":["post-4416","post","type-post","status-publish","format-standard","has-post-thumbnail","hentry","category-munkaeropiac"],"aioseo_notices":[],"aioseo_head":"\n\t\t<!-- All in One SEO 5.0.0.1 - aioseo.com -->\n\t<meta name=\"description\" content=\"A gyakorl\u00f3 partnerint\u00e9zm\u00e9nyek visszajelz\u00e9sei alapj\u00e1n friss\u00edtette oktat\u00e1si rendszer\u00e9t a Debreceni Egyetem Gyermeknevel\u00e9si \u00e9s Gy\u00f3gypedag\u00f3giai Kara (GYGYK). Szeptembert\u0151l a gy\u00f3gypedag\u00f3gia szakon a hallgat\u00f3knak k\u00e9t szakir\u00e1ny elv\u00e9gz\u00e9s\u00e9re is lehet\u0151s\u00e9g\u00fck lesz az alapk\u00e9pz\u00e9sben. A Debreceni Egyetem Gyermeknevel\u00e9si \u00e9s Gy\u00f3gypedag\u00f3giai Kara vezet\u0151 szerepet t\u00f6lt be a r\u00e9gi\u00f3 pedag\u00f3gusk\u00e9pz\u00e9s\u00e9ben. Szeptembert\u0151l szoci\u00e1l-, \u00f3voda- \u00e9s gy\u00f3gypedag\u00f3gia, valamint csecsem\u0151- \u00e9s kisgyermeknevel\u0151, tov\u00e1bb\u00e1 romol\u00f3gia\" \/>\n\t<meta name=\"robots\" content=\"max-image-preview:large\" \/>\n\t<meta name=\"author\" content=\"Juh\u00e1sz P\u00e9ter\"\/>\n\t<link rel=\"canonical\" href=\"https:\/\/allasorias.hu\/hirek\/bovulo-szakkepesites-biztos-pont-a-munkaeropiacon\/\" \/>\n\t<meta name=\"generator\" content=\"All in One SEO (AIOSEO) 5.0.0.1\" \/>\n\t\t<meta property=\"og:locale\" content=\"hu_HU\" \/>\n\t\t<meta property=\"og:site_name\" content=\"AllasOrias.hu | H\u00edrek-lapszemle | \u00dczleti h\u00edrek az \u00e1ll\u00e1s \u00e9s a munka vil\u00e1g\u00e1b\u00f3l\" \/>\n\t\t<meta property=\"og:type\" content=\"article\" \/>\n\t\t<meta property=\"og:title\" content=\"B\u0151v\u00fcl\u0151 szakk\u00e9pes\u00edt\u00e9s \u2013 biztos pont a munkaer\u0151piacon | AllasOrias.hu | H\u00edrek-lapszemle\" \/>\n\t\t<meta property=\"og:description\" content=\"A gyakorl\u00f3 partnerint\u00e9zm\u00e9nyek visszajelz\u00e9sei alapj\u00e1n friss\u00edtette oktat\u00e1si rendszer\u00e9t a Debreceni Egyetem Gyermeknevel\u00e9si \u00e9s Gy\u00f3gypedag\u00f3giai Kara (GYGYK). Szeptembert\u0151l a gy\u00f3gypedag\u00f3gia szakon a hallgat\u00f3knak k\u00e9t szakir\u00e1ny elv\u00e9gz\u00e9s\u00e9re is lehet\u0151s\u00e9g\u00fck lesz az alapk\u00e9pz\u00e9sben. A Debreceni Egyetem Gyermeknevel\u00e9si \u00e9s Gy\u00f3gypedag\u00f3giai Kara vezet\u0151 szerepet t\u00f6lt be a r\u00e9gi\u00f3 pedag\u00f3gusk\u00e9pz\u00e9s\u00e9ben. Szeptembert\u0151l szoci\u00e1l-, \u00f3voda- \u00e9s gy\u00f3gypedag\u00f3gia, valamint csecsem\u0151- \u00e9s kisgyermeknevel\u0151, tov\u00e1bb\u00e1 romol\u00f3gia\" \/>\n\t\t<meta property=\"og:url\" content=\"https:\/\/allasorias.hu\/hirek\/bovulo-szakkepesites-biztos-pont-a-munkaeropiacon\/\" \/>\n\t\t<meta property=\"og:image\" content=\"https:\/\/allasorias.hu\/hirek\/wp-content\/uploads\/2020\/10\/everyone-is-smiling-listens-group-people-business-conference-modern-classroom-daytime.jpg\" \/>\n\t\t<meta property=\"og:image:secure_url\" content=\"https:\/\/allasorias.hu\/hirek\/wp-content\/uploads\/2020\/10\/everyone-is-smiling-listens-group-people-business-conference-modern-classroom-daytime.jpg\" \/>\n\t\t<meta property=\"og:image:width\" content=\"1280\" \/>\n\t\t<meta property=\"og:image:height\" content=\"853\" \/>\n\t\t<meta property=\"article:published_time\" content=\"2020-12-02T08:53:14+00:00\" \/>\n\t\t<meta property=\"article:modified_time\" content=\"2020-12-02T08:53:54+00:00\" \/>\n\t\t<meta property=\"article:publisher\" content=\"https:\/\/www.facebook.com\/allasorias\" \/>\n\t\t<meta name=\"twitter:card\" content=\"summary_large_image\" \/>\n\t\t<meta name=\"twitter:title\" content=\"B\u0151v\u00fcl\u0151 szakk\u00e9pes\u00edt\u00e9s \u2013 biztos pont a munkaer\u0151piacon | AllasOrias.hu | H\u00edrek-lapszemle\" \/>\n\t\t<meta name=\"twitter:description\" content=\"A gyakorl\u00f3 partnerint\u00e9zm\u00e9nyek visszajelz\u00e9sei alapj\u00e1n friss\u00edtette oktat\u00e1si rendszer\u00e9t a Debreceni Egyetem Gyermeknevel\u00e9si \u00e9s Gy\u00f3gypedag\u00f3giai Kara (GYGYK). Szeptembert\u0151l a gy\u00f3gypedag\u00f3gia szakon a hallgat\u00f3knak k\u00e9t szakir\u00e1ny elv\u00e9gz\u00e9s\u00e9re is lehet\u0151s\u00e9g\u00fck lesz az alapk\u00e9pz\u00e9sben. A Debreceni Egyetem Gyermeknevel\u00e9si \u00e9s Gy\u00f3gypedag\u00f3giai Kara vezet\u0151 szerepet t\u00f6lt be a r\u00e9gi\u00f3 pedag\u00f3gusk\u00e9pz\u00e9s\u00e9ben. Szeptembert\u0151l szoci\u00e1l-, \u00f3voda- \u00e9s gy\u00f3gypedag\u00f3gia, valamint csecsem\u0151- \u00e9s kisgyermeknevel\u0151, tov\u00e1bb\u00e1 romol\u00f3gia\" \/>\n\t\t<meta name=\"twitter:image\" content=\"https:\/\/allasorias.hu\/hirek\/wp-content\/uploads\/2020\/10\/everyone-is-smiling-listens-group-people-business-conference-modern-classroom-daytime.jpg\" \/>\n\t\t<meta name=\"twitter:label1\" content=\"Written by\" \/>\n\t\t<meta name=\"twitter:data1\" content=\"Juh\u00e1sz P\u00e9ter\" \/>\n\t\t<meta name=\"twitter:label2\" content=\"Est. reading time\" \/>\n\t\t<meta name=\"twitter:data2\" content=\"3 minutes\" \/>\n\t\t<script type=\"application\/ld+json\" class=\"aioseo-schema\">\n\t\t\t{\"@context\":\"https:\\\/\\\/schema.org\",\"@graph\":[{\"@type\":\"Article\",\"@id\":\"https:\\\/\\\/allasorias.hu\\\/hirek\\\/bovulo-szakkepesites-biztos-pont-a-munkaeropiacon\\\/#article\",\"name\":\"B\\u0151v\\u00fcl\\u0151 szakk\\u00e9pes\\u00edt\\u00e9s \\u2013 biztos pont a munkaer\\u0151piacon | AllasOrias.hu | H\\u00edrek-lapszemle\",\"headline\":\"B\\u0151v\\u00fcl\\u0151 szakk\\u00e9pes\\u00edt\\u00e9s \\u2013 biztos pont a munkaer\\u0151piacon\",\"author\":{\"@id\":\"https:\\\/\\\/allasorias.hu\\\/hirek\\\/author\\\/admin-allasorias\\\/#author\"},\"publisher\":{\"@id\":\"https:\\\/\\\/allasorias.hu\\\/hirek\\\/#organization\"},\"image\":{\"@type\":\"ImageObject\",\"url\":\"https:\\\/\\\/allasorias.hu\\\/hirek\\\/wp-content\\\/uploads\\\/2020\\\/10\\\/everyone-is-smiling-listens-group-people-business-conference-modern-classroom-daytime.jpg\",\"width\":1280,\"height\":853,\"caption\":\"Everyone is smiling and listens. Group of people at business conference in modern classroom at daytime.\"},\"datePublished\":\"2020-12-02T08:53:14+02:00\",\"dateModified\":\"2020-12-02T08:53:54+02:00\",\"inLanguage\":\"hu-HU\",\"mainEntityOfPage\":{\"@id\":\"https:\\\/\\\/allasorias.hu\\\/hirek\\\/bovulo-szakkepesites-biztos-pont-a-munkaeropiacon\\\/#webpage\"},\"isPartOf\":{\"@id\":\"https:\\\/\\\/allasorias.hu\\\/hirek\\\/bovulo-szakkepesites-biztos-pont-a-munkaeropiacon\\\/#webpage\"},\"articleSection\":\"Munkaer\\u0151piac\"},{\"@type\":\"BreadcrumbList\",\"@id\":\"https:\\\/\\\/allasorias.hu\\\/hirek\\\/bovulo-szakkepesites-biztos-pont-a-munkaeropiacon\\\/#breadcrumblist\",\"itemListElement\":[{\"@type\":\"ListItem\",\"@id\":\"https:\\\/\\\/allasorias.hu\\\/hirek#listItem\",\"position\":1,\"name\":\"Home\",\"item\":\"https:\\\/\\\/allasorias.hu\\\/hirek\",\"nextItem\":{\"@type\":\"ListItem\",\"@id\":\"https:\\\/\\\/allasorias.hu\\\/hirek\\\/temak\\\/munkaeropiac\\\/#listItem\",\"name\":\"Munkaer\\u0151piac\"}},{\"@type\":\"ListItem\",\"@id\":\"https:\\\/\\\/allasorias.hu\\\/hirek\\\/temak\\\/munkaeropiac\\\/#listItem\",\"position\":2,\"name\":\"Munkaer\\u0151piac\",\"item\":\"https:\\\/\\\/allasorias.hu\\\/hirek\\\/temak\\\/munkaeropiac\\\/\",\"nextItem\":{\"@type\":\"ListItem\",\"@id\":\"https:\\\/\\\/allasorias.hu\\\/hirek\\\/bovulo-szakkepesites-biztos-pont-a-munkaeropiacon\\\/#listItem\",\"name\":\"B\\u0151v\\u00fcl\\u0151 szakk\\u00e9pes\\u00edt\\u00e9s \\u2013 biztos pont a munkaer\\u0151piacon\"},\"previousItem\":{\"@type\":\"ListItem\",\"@id\":\"https:\\\/\\\/allasorias.hu\\\/hirek#listItem\",\"name\":\"Home\"}},{\"@type\":\"ListItem\",\"@id\":\"https:\\\/\\\/allasorias.hu\\\/hirek\\\/bovulo-szakkepesites-biztos-pont-a-munkaeropiacon\\\/#listItem\",\"position\":3,\"name\":\"B\\u0151v\\u00fcl\\u0151 szakk\\u00e9pes\\u00edt\\u00e9s \\u2013 biztos pont a munkaer\\u0151piacon\",\"previousItem\":{\"@type\":\"ListItem\",\"@id\":\"https:\\\/\\\/allasorias.hu\\\/hirek\\\/temak\\\/munkaeropiac\\\/#listItem\",\"name\":\"Munkaer\\u0151piac\"}}]},{\"@type\":\"Organization\",\"@id\":\"https:\\\/\\\/allasorias.hu\\\/hirek\\\/#organization\",\"name\":\"AllasOrias.hu | H\\u00edrek-lapszemle\",\"description\":\"\\u00dczleti h\\u00edrek az \\u00e1ll\\u00e1s \\u00e9s a munka vil\\u00e1g\\u00e1b\\u00f3l\",\"url\":\"https:\\\/\\\/allasorias.hu\\\/hirek\\\/\",\"logo\":{\"@type\":\"ImageObject\",\"url\":\"https:\\\/\\\/allasorias.hu\\\/hirek\\\/wp-content\\\/uploads\\\/2022\\\/10\\\/allasorias_site_facebok_logo.png\",\"@id\":\"https:\\\/\\\/allasorias.hu\\\/hirek\\\/bovulo-szakkepesites-biztos-pont-a-munkaeropiacon\\\/#organizationLogo\"},\"image\":{\"@id\":\"https:\\\/\\\/allasorias.hu\\\/hirek\\\/bovulo-szakkepesites-biztos-pont-a-munkaeropiacon\\\/#organizationLogo\"},\"sameAs\":[\"https:\\\/\\\/www.facebook.com\\\/allasorias\",\"https:\\\/\\\/www.linkedin.com\\\/company\\\/allasorias\"]},{\"@type\":\"Person\",\"@id\":\"https:\\\/\\\/allasorias.hu\\\/hirek\\\/author\\\/admin-allasorias\\\/#author\",\"url\":\"https:\\\/\\\/allasorias.hu\\\/hirek\\\/author\\\/admin-allasorias\\\/\",\"name\":\"Juh\\u00e1sz P\\u00e9ter\",\"image\":{\"@type\":\"ImageObject\",\"@id\":\"https:\\\/\\\/allasorias.hu\\\/hirek\\\/bovulo-szakkepesites-biztos-pont-a-munkaeropiacon\\\/#authorImage\",\"url\":\"https:\\\/\\\/secure.gravatar.com\\\/avatar\\\/36e6bcb83148978b992977cb0f54d22feb0cce8a0a849a9410532bb2623ba4c6?s=96&d=mm&r=g\",\"width\":96,\"height\":96,\"caption\":\"Juh\\u00e1sz P\\u00e9ter\"}},{\"@type\":\"WebPage\",\"@id\":\"https:\\\/\\\/allasorias.hu\\\/hirek\\\/bovulo-szakkepesites-biztos-pont-a-munkaeropiacon\\\/#webpage\",\"url\":\"https:\\\/\\\/allasorias.hu\\\/hirek\\\/bovulo-szakkepesites-biztos-pont-a-munkaeropiacon\\\/\",\"name\":\"B\\u0151v\\u00fcl\\u0151 szakk\\u00e9pes\\u00edt\\u00e9s \\u2013 biztos pont a munkaer\\u0151piacon | AllasOrias.hu | H\\u00edrek-lapszemle\",\"description\":\"A gyakorl\\u00f3 partnerint\\u00e9zm\\u00e9nyek visszajelz\\u00e9sei alapj\\u00e1n friss\\u00edtette oktat\\u00e1si rendszer\\u00e9t a Debreceni Egyetem Gyermeknevel\\u00e9si \\u00e9s Gy\\u00f3gypedag\\u00f3giai Kara (GYGYK). Szeptembert\\u0151l a gy\\u00f3gypedag\\u00f3gia szakon a hallgat\\u00f3knak k\\u00e9t szakir\\u00e1ny elv\\u00e9gz\\u00e9s\\u00e9re is lehet\\u0151s\\u00e9g\\u00fck lesz az alapk\\u00e9pz\\u00e9sben. A Debreceni Egyetem Gyermeknevel\\u00e9si \\u00e9s Gy\\u00f3gypedag\\u00f3giai Kara vezet\\u0151 szerepet t\\u00f6lt be a r\\u00e9gi\\u00f3 pedag\\u00f3gusk\\u00e9pz\\u00e9s\\u00e9ben. Szeptembert\\u0151l szoci\\u00e1l-, \\u00f3voda- \\u00e9s gy\\u00f3gypedag\\u00f3gia, valamint csecsem\\u0151- \\u00e9s kisgyermeknevel\\u0151, tov\\u00e1bb\\u00e1 romol\\u00f3gia\",\"inLanguage\":\"hu-HU\",\"isPartOf\":{\"@id\":\"https:\\\/\\\/allasorias.hu\\\/hirek\\\/#website\"},\"breadcrumb\":{\"@id\":\"https:\\\/\\\/allasorias.hu\\\/hirek\\\/bovulo-szakkepesites-biztos-pont-a-munkaeropiacon\\\/#breadcrumblist\"},\"author\":{\"@id\":\"https:\\\/\\\/allasorias.hu\\\/hirek\\\/author\\\/admin-allasorias\\\/#author\"},\"creator\":{\"@id\":\"https:\\\/\\\/allasorias.hu\\\/hirek\\\/author\\\/admin-allasorias\\\/#author\"},\"image\":{\"@type\":\"ImageObject\",\"url\":\"https:\\\/\\\/allasorias.hu\\\/hirek\\\/wp-content\\\/uploads\\\/2020\\\/10\\\/everyone-is-smiling-listens-group-people-business-conference-modern-classroom-daytime.jpg\",\"@id\":\"https:\\\/\\\/allasorias.hu\\\/hirek\\\/bovulo-szakkepesites-biztos-pont-a-munkaeropiacon\\\/#mainImage\",\"width\":1280,\"height\":853,\"caption\":\"Everyone is smiling and listens. Group of people at business conference in modern classroom at daytime.\"},\"primaryImageOfPage\":{\"@id\":\"https:\\\/\\\/allasorias.hu\\\/hirek\\\/bovulo-szakkepesites-biztos-pont-a-munkaeropiacon\\\/#mainImage\"},\"datePublished\":\"2020-12-02T08:53:14+02:00\",\"dateModified\":\"2020-12-02T08:53:54+02:00\"},{\"@type\":\"WebSite\",\"@id\":\"https:\\\/\\\/allasorias.hu\\\/hirek\\\/#website\",\"url\":\"https:\\\/\\\/allasorias.hu\\\/hirek\\\/\",\"name\":\"AllasOrias.hu | H\\u00edrek-lapszemle\",\"description\":\"\\u00dczleti h\\u00edrek az \\u00e1ll\\u00e1s \\u00e9s a munka vil\\u00e1g\\u00e1b\\u00f3l\",\"inLanguage\":\"hu-HU\",\"publisher\":{\"@id\":\"https:\\\/\\\/allasorias.hu\\\/hirek\\\/#organization\"}}]}\n\t\t<\/script>\n\t\t<!-- All in One SEO -->\n\n","aioseo_head_json":{"title":"B\u0151v\u00fcl\u0151 szakk\u00e9pes\u00edt\u00e9s \u2013 biztos pont a munkaer\u0151piacon | AllasOrias.hu | H\u00edrek-lapszemle","description":"A gyakorl\u00f3 partnerint\u00e9zm\u00e9nyek visszajelz\u00e9sei alapj\u00e1n friss\u00edtette oktat\u00e1si rendszer\u00e9t a Debreceni Egyetem Gyermeknevel\u00e9si \u00e9s Gy\u00f3gypedag\u00f3giai Kara (GYGYK). Szeptembert\u0151l a gy\u00f3gypedag\u00f3gia szakon a hallgat\u00f3knak k\u00e9t szakir\u00e1ny elv\u00e9gz\u00e9s\u00e9re is lehet\u0151s\u00e9g\u00fck lesz az alapk\u00e9pz\u00e9sben. A Debreceni Egyetem Gyermeknevel\u00e9si \u00e9s Gy\u00f3gypedag\u00f3giai Kara vezet\u0151 szerepet t\u00f6lt be a r\u00e9gi\u00f3 pedag\u00f3gusk\u00e9pz\u00e9s\u00e9ben. Szeptembert\u0151l szoci\u00e1l-, \u00f3voda- \u00e9s gy\u00f3gypedag\u00f3gia, valamint csecsem\u0151- \u00e9s kisgyermeknevel\u0151, tov\u00e1bb\u00e1 romol\u00f3gia","canonical_url":"https:\/\/allasorias.hu\/hirek\/bovulo-szakkepesites-biztos-pont-a-munkaeropiacon\/","robots":"max-image-preview:large","keywords":"","webmasterTools":{"miscellaneous":""},"schema":{"@context":"https:\/\/schema.org","@graph":[{"@type":"Article","@id":"https:\/\/allasorias.hu\/hirek\/bovulo-szakkepesites-biztos-pont-a-munkaeropiacon\/#article","name":"B\u0151v\u00fcl\u0151 szakk\u00e9pes\u00edt\u00e9s \u2013 biztos pont a munkaer\u0151piacon | AllasOrias.hu | H\u00edrek-lapszemle","headline":"B\u0151v\u00fcl\u0151 szakk\u00e9pes\u00edt\u00e9s \u2013 biztos pont a munkaer\u0151piacon","author":{"@id":"https:\/\/allasorias.hu\/hirek\/author\/admin-allasorias\/#author"},"publisher":{"@id":"https:\/\/allasorias.hu\/hirek\/#organization"},"image":{"@type":"ImageObject","url":"https:\/\/allasorias.hu\/hirek\/wp-content\/uploads\/2020\/10\/everyone-is-smiling-listens-group-people-business-conference-modern-classroom-daytime.jpg","width":1280,"height":853,"caption":"Everyone is smiling and listens. Group of people at business conference in modern classroom at daytime."},"datePublished":"2020-12-02T08:53:14+02:00","dateModified":"2020-12-02T08:53:54+02:00","inLanguage":"hu-HU","mainEntityOfPage":{"@id":"https:\/\/allasorias.hu\/hirek\/bovulo-szakkepesites-biztos-pont-a-munkaeropiacon\/#webpage"},"isPartOf":{"@id":"https:\/\/allasorias.hu\/hirek\/bovulo-szakkepesites-biztos-pont-a-munkaeropiacon\/#webpage"},"articleSection":"Munkaer\u0151piac"},{"@type":"BreadcrumbList","@id":"https:\/\/allasorias.hu\/hirek\/bovulo-szakkepesites-biztos-pont-a-munkaeropiacon\/#breadcrumblist","itemListElement":[{"@type":"ListItem","@id":"https:\/\/allasorias.hu\/hirek#listItem","position":1,"name":"Home","item":"https:\/\/allasorias.hu\/hirek","nextItem":{"@type":"ListItem","@id":"https:\/\/allasorias.hu\/hirek\/temak\/munkaeropiac\/#listItem","name":"Munkaer\u0151piac"}},{"@type":"ListItem","@id":"https:\/\/allasorias.hu\/hirek\/temak\/munkaeropiac\/#listItem","position":2,"name":"Munkaer\u0151piac","item":"https:\/\/allasorias.hu\/hirek\/temak\/munkaeropiac\/","nextItem":{"@type":"ListItem","@id":"https:\/\/allasorias.hu\/hirek\/bovulo-szakkepesites-biztos-pont-a-munkaeropiacon\/#listItem","name":"B\u0151v\u00fcl\u0151 szakk\u00e9pes\u00edt\u00e9s \u2013 biztos pont a munkaer\u0151piacon"},"previousItem":{"@type":"ListItem","@id":"https:\/\/allasorias.hu\/hirek#listItem","name":"Home"}},{"@type":"ListItem","@id":"https:\/\/allasorias.hu\/hirek\/bovulo-szakkepesites-biztos-pont-a-munkaeropiacon\/#listItem","position":3,"name":"B\u0151v\u00fcl\u0151 szakk\u00e9pes\u00edt\u00e9s \u2013 biztos pont a munkaer\u0151piacon","previousItem":{"@type":"ListItem","@id":"https:\/\/allasorias.hu\/hirek\/temak\/munkaeropiac\/#listItem","name":"Munkaer\u0151piac"}}]},{"@type":"Organization","@id":"https:\/\/allasorias.hu\/hirek\/#organization","name":"AllasOrias.hu | H\u00edrek-lapszemle","description":"\u00dczleti h\u00edrek az \u00e1ll\u00e1s \u00e9s a munka vil\u00e1g\u00e1b\u00f3l","url":"https:\/\/allasorias.hu\/hirek\/","logo":{"@type":"ImageObject","url":"https:\/\/allasorias.hu\/hirek\/wp-content\/uploads\/2022\/10\/allasorias_site_facebok_logo.png","@id":"https:\/\/allasorias.hu\/hirek\/bovulo-szakkepesites-biztos-pont-a-munkaeropiacon\/#organizationLogo"},"image":{"@id":"https:\/\/allasorias.hu\/hirek\/bovulo-szakkepesites-biztos-pont-a-munkaeropiacon\/#organizationLogo"},"sameAs":["https:\/\/www.facebook.com\/allasorias","https:\/\/www.linkedin.com\/company\/allasorias"]},{"@type":"Person","@id":"https:\/\/allasorias.hu\/hirek\/author\/admin-allasorias\/#author","url":"https:\/\/allasorias.hu\/hirek\/author\/admin-allasorias\/","name":"Juh\u00e1sz P\u00e9ter","image":{"@type":"ImageObject","@id":"https:\/\/allasorias.hu\/hirek\/bovulo-szakkepesites-biztos-pont-a-munkaeropiacon\/#authorImage","url":"https:\/\/secure.gravatar.com\/avatar\/36e6bcb83148978b992977cb0f54d22feb0cce8a0a849a9410532bb2623ba4c6?s=96&d=mm&r=g","width":96,"height":96,"caption":"Juh\u00e1sz P\u00e9ter"}},{"@type":"WebPage","@id":"https:\/\/allasorias.hu\/hirek\/bovulo-szakkepesites-biztos-pont-a-munkaeropiacon\/#webpage","url":"https:\/\/allasorias.hu\/hirek\/bovulo-szakkepesites-biztos-pont-a-munkaeropiacon\/","name":"B\u0151v\u00fcl\u0151 szakk\u00e9pes\u00edt\u00e9s \u2013 biztos pont a munkaer\u0151piacon | AllasOrias.hu | H\u00edrek-lapszemle","description":"A gyakorl\u00f3 partnerint\u00e9zm\u00e9nyek visszajelz\u00e9sei alapj\u00e1n friss\u00edtette oktat\u00e1si rendszer\u00e9t a Debreceni Egyetem Gyermeknevel\u00e9si \u00e9s Gy\u00f3gypedag\u00f3giai Kara (GYGYK). Szeptembert\u0151l a gy\u00f3gypedag\u00f3gia szakon a hallgat\u00f3knak k\u00e9t szakir\u00e1ny elv\u00e9gz\u00e9s\u00e9re is lehet\u0151s\u00e9g\u00fck lesz az alapk\u00e9pz\u00e9sben. A Debreceni Egyetem Gyermeknevel\u00e9si \u00e9s Gy\u00f3gypedag\u00f3giai Kara vezet\u0151 szerepet t\u00f6lt be a r\u00e9gi\u00f3 pedag\u00f3gusk\u00e9pz\u00e9s\u00e9ben. Szeptembert\u0151l szoci\u00e1l-, \u00f3voda- \u00e9s gy\u00f3gypedag\u00f3gia, valamint csecsem\u0151- \u00e9s kisgyermeknevel\u0151, tov\u00e1bb\u00e1 romol\u00f3gia","inLanguage":"hu-HU","isPartOf":{"@id":"https:\/\/allasorias.hu\/hirek\/#website"},"breadcrumb":{"@id":"https:\/\/allasorias.hu\/hirek\/bovulo-szakkepesites-biztos-pont-a-munkaeropiacon\/#breadcrumblist"},"author":{"@id":"https:\/\/allasorias.hu\/hirek\/author\/admin-allasorias\/#author"},"creator":{"@id":"https:\/\/allasorias.hu\/hirek\/author\/admin-allasorias\/#author"},"image":{"@type":"ImageObject","url":"https:\/\/allasorias.hu\/hirek\/wp-content\/uploads\/2020\/10\/everyone-is-smiling-listens-group-people-business-conference-modern-classroom-daytime.jpg","@id":"https:\/\/allasorias.hu\/hirek\/bovulo-szakkepesites-biztos-pont-a-munkaeropiacon\/#mainImage","width":1280,"height":853,"caption":"Everyone is smiling and listens. Group of people at business conference in modern classroom at daytime."},"primaryImageOfPage":{"@id":"https:\/\/allasorias.hu\/hirek\/bovulo-szakkepesites-biztos-pont-a-munkaeropiacon\/#mainImage"},"datePublished":"2020-12-02T08:53:14+02:00","dateModified":"2020-12-02T08:53:54+02:00"},{"@type":"WebSite","@id":"https:\/\/allasorias.hu\/hirek\/#website","url":"https:\/\/allasorias.hu\/hirek\/","name":"AllasOrias.hu | H\u00edrek-lapszemle","description":"\u00dczleti h\u00edrek az \u00e1ll\u00e1s \u00e9s a munka vil\u00e1g\u00e1b\u00f3l","inLanguage":"hu-HU","publisher":{"@id":"https:\/\/allasorias.hu\/hirek\/#organization"}}]},"og:locale":"hu_HU","og:site_name":"AllasOrias.hu | H\u00edrek-lapszemle | \u00dczleti h\u00edrek az \u00e1ll\u00e1s \u00e9s a munka vil\u00e1g\u00e1b\u00f3l","og:type":"article","og:title":"B\u0151v\u00fcl\u0151 szakk\u00e9pes\u00edt\u00e9s \u2013 biztos pont a munkaer\u0151piacon | AllasOrias.hu | H\u00edrek-lapszemle","og:description":"A gyakorl\u00f3 partnerint\u00e9zm\u00e9nyek visszajelz\u00e9sei alapj\u00e1n friss\u00edtette oktat\u00e1si rendszer\u00e9t a Debreceni Egyetem Gyermeknevel\u00e9si \u00e9s Gy\u00f3gypedag\u00f3giai Kara (GYGYK). Szeptembert\u0151l a gy\u00f3gypedag\u00f3gia szakon a hallgat\u00f3knak k\u00e9t szakir\u00e1ny elv\u00e9gz\u00e9s\u00e9re is lehet\u0151s\u00e9g\u00fck lesz az alapk\u00e9pz\u00e9sben. A Debreceni Egyetem Gyermeknevel\u00e9si \u00e9s Gy\u00f3gypedag\u00f3giai Kara vezet\u0151 szerepet t\u00f6lt be a r\u00e9gi\u00f3 pedag\u00f3gusk\u00e9pz\u00e9s\u00e9ben. Szeptembert\u0151l szoci\u00e1l-, \u00f3voda- \u00e9s gy\u00f3gypedag\u00f3gia, valamint csecsem\u0151- \u00e9s kisgyermeknevel\u0151, tov\u00e1bb\u00e1 romol\u00f3gia","og:url":"https:\/\/allasorias.hu\/hirek\/bovulo-szakkepesites-biztos-pont-a-munkaeropiacon\/","og:image":"https:\/\/allasorias.hu\/hirek\/wp-content\/uploads\/2020\/10\/everyone-is-smiling-listens-group-people-business-conference-modern-classroom-daytime.jpg","og:image:secure_url":"https:\/\/allasorias.hu\/hirek\/wp-content\/uploads\/2020\/10\/everyone-is-smiling-listens-group-people-business-conference-modern-classroom-daytime.jpg","og:image:width":1280,"og:image:height":853,"article:published_time":"2020-12-02T08:53:14+00:00","article:modified_time":"2020-12-02T08:53:54+00:00","article:publisher":"https:\/\/www.facebook.com\/allasorias","twitter:card":"summary_large_image","twitter:title":"B\u0151v\u00fcl\u0151 szakk\u00e9pes\u00edt\u00e9s \u2013 biztos pont a munkaer\u0151piacon | AllasOrias.hu | H\u00edrek-lapszemle","twitter:description":"A gyakorl\u00f3 partnerint\u00e9zm\u00e9nyek visszajelz\u00e9sei alapj\u00e1n friss\u00edtette oktat\u00e1si rendszer\u00e9t a Debreceni Egyetem Gyermeknevel\u00e9si \u00e9s Gy\u00f3gypedag\u00f3giai Kara (GYGYK). Szeptembert\u0151l a gy\u00f3gypedag\u00f3gia szakon a hallgat\u00f3knak k\u00e9t szakir\u00e1ny elv\u00e9gz\u00e9s\u00e9re is lehet\u0151s\u00e9g\u00fck lesz az alapk\u00e9pz\u00e9sben. A Debreceni Egyetem Gyermeknevel\u00e9si \u00e9s Gy\u00f3gypedag\u00f3giai Kara vezet\u0151 szerepet t\u00f6lt be a r\u00e9gi\u00f3 pedag\u00f3gusk\u00e9pz\u00e9s\u00e9ben. Szeptembert\u0151l szoci\u00e1l-, \u00f3voda- \u00e9s gy\u00f3gypedag\u00f3gia, valamint csecsem\u0151- \u00e9s kisgyermeknevel\u0151, tov\u00e1bb\u00e1 romol\u00f3gia","twitter:image":"https:\/\/allasorias.hu\/hirek\/wp-content\/uploads\/2020\/10\/everyone-is-smiling-listens-group-people-business-conference-modern-classroom-daytime.jpg","twitter:label1":"Written by","twitter:data1":"Juh\u00e1sz P\u00e9ter","twitter:label2":"Est. reading time","twitter:data2":"3 minutes"},"aioseo_meta_data":{"post_id":"4416","title":null,"description":"","keywords":"","keyphrases":null,"primary_term":null,"canonical_url":"","og_title":null,"og_description":null,"og_object_type":"default","og_image_type":"default","og_image_url":null,"og_image_width":null,"og_image_height":null,"og_image_custom_url":null,"og_image_custom_fields":null,"og_video":null,"og_custom_url":null,"og_article_section":null,"og_article_tags":null,"twitter_use_og":false,"twitter_card":"default","twitter_image_type":"default","twitter_image_url":null,"twitter_image_custom_url":null,"twitter_image_custom_fields":null,"twitter_title":null,"twitter_description":null,"schema":{"blockGraphs":[],"customGraphs":[],"default":{"data":{"Article":[],"Course":[],"Dataset":[],"FAQPage":[],"Movie":[],"Person":[],"Product":[],"ProductReview":[],"Car":[],"Recipe":[],"Service":[],"SoftwareApplication":[],"WebPage":[]},"graphName":"","isEnabled":true},"graphs":[],"defaultGraph":"","defaultPostTypeGraph":""},"schema_type":null,"schema_type_options":null,"pillar_content":false,"robots_default":true,"robots_noindex":false,"robots_noarchive":false,"robots_nosnippet":false,"robots_nofollow":false,"robots_noimageindex":false,"robots_noodp":false,"robots_notranslate":false,"robots_max_snippet":null,"robots_max_videopreview":null,"robots_max_imagepreview":"large","priority":null,"frequency":null,"location":null,"local_seo":null,"breadcrumb_settings":null,"limit_modified_date":false,"ai":null,"created":"2021-02-01 20:44:59","updated":"2025-10-02 15:04:26","seo_analyzer_scan_date":null,"focus_keyword":null,"additional_keywords":null,"truseo_locale":null},"aioseo_breadcrumb":"<div class=\"aioseo-breadcrumbs\"><span class=\"aioseo-breadcrumb\">\n\t\t\t<a href=\"https:\/\/allasorias.hu\/hirek\" title=\"Home\">Home<\/a>\n\t\t<\/span><span class=\"aioseo-breadcrumb-separator\">&raquo;<\/span><span class=\"aioseo-breadcrumb\">\n\t\t\t<a href=\"https:\/\/allasorias.hu\/hirek\/temak\/munkaeropiac\/\" title=\"Munkaer\u0151piac\">Munkaer\u0151piac<\/a>\n\t\t<\/span><span class=\"aioseo-breadcrumb-separator\">&raquo;<\/span><span class=\"aioseo-breadcrumb\">\n\t\t\tB\u0151v\u00fcl\u0151 szakk\u00e9pes\u00edt\u00e9s \u2013 biztos pont a munkaer\u0151piacon\n\t\t<\/span><\/div>","aioseo_breadcrumb_json":[{"label":"Home","link":"https:\/\/allasorias.hu\/hirek"},{"label":"Munkaer\u0151piac","link":"https:\/\/allasorias.hu\/hirek\/temak\/munkaeropiac\/"},{"label":"B\u0151v\u00fcl\u0151 szakk\u00e9pes\u00edt\u00e9s \u2013 biztos pont a munkaer\u0151piacon","link":"https:\/\/allasorias.hu\/hirek\/bovulo-szakkepesites-biztos-pont-a-munkaeropiacon\/"}],"_links":{"self":[{"href":"https:\/\/allasorias.hu\/hirek\/wp-json\/wp\/v2\/posts\/4416","targetHints":{"allow":["GET"]}}],"collection":[{"href":"https:\/\/allasorias.hu\/hirek\/wp-json\/wp\/v2\/posts"}],"about":[{"href":"https:\/\/allasorias.hu\/hirek\/wp-json\/wp\/v2\/types\/post"}],"author":[{"embeddable":true,"href":"https:\/\/allasorias.hu\/hirek\/wp-json\/wp\/v2\/users\/1"}],"replies":[{"embeddable":true,"href":"https:\/\/allasorias.hu\/hirek\/wp-json\/wp\/v2\/comments?post=4416"}],"version-history":[{"count":1,"href":"https:\/\/allasorias.hu\/hirek\/wp-json\/wp\/v2\/posts\/4416\/revisions"}],"predecessor-version":[{"id":4417,"href":"https:\/\/allasorias.hu\/hirek\/wp-json\/wp\/v2\/posts\/4416\/revisions\/4417"}],"wp:featuredmedia":[{"embeddable":true,"href":"https:\/\/allasorias.hu\/hirek\/wp-json\/wp\/v2\/media\/4341"}],"wp:attachment":[{"href":"https:\/\/allasorias.hu\/hirek\/wp-json\/wp\/v2\/media?parent=4416"}],"wp:term":[{"taxonomy":"category","embeddable":true,"href":"https:\/\/allasorias.hu\/hirek\/wp-json\/wp\/v2\/categories?post=4416"},{"taxonomy":"post_tag","embeddable":true,"href":"https:\/\/allasorias.hu\/hirek\/wp-json\/wp\/v2\/tags?post=4416"}],"curies":[{"name":"wp","href":"https:\/\/api.w.org\/{rel}","templated":true}]}}