{"id":4413,"date":"2020-12-01T09:52:44","date_gmt":"2020-12-01T09:52:44","guid":{"rendered":"https:\/\/allasorias.hu\/hirek\/?p=4413"},"modified":"2020-12-01T09:52:44","modified_gmt":"2020-12-01T09:52:44","slug":"a-z-generacioe-a-jovo","status":"publish","type":"post","link":"https:\/\/allasorias.hu\/hirek\/a-z-generacioe-a-jovo\/","title":{"rendered":"A Z gener\u00e1ci\u00f3\u00e9 a j\u00f6v\u0151 ?"},"content":{"rendered":"<p><strong>A Z gener\u00e1ci\u00f3 m\u00e1r az online vil\u00e1gban n\u0151tt fel, \u0151k a digit\u00e1lis munkaer\u0151piac dikt\u00e1l\u00f3i. \u00d3ri\u00e1si \u00a0\u00e1talakul\u00e1sokat hozhat ez a gener\u00e1ci\u00f3 a vil\u00e1ggazdas\u00e1gban. A Bank of America szerint a fiatal nemzed\u00e9k j\u00f6vedelme 2031-re fel\u00fcl is m\u00falhatja az Y gener\u00e1ci\u00f3 j\u00f6vedelm\u00e9t. Az 1990-es \u00e9vek k\u00f6zepe \u00e9s a 2010-es \u00e9vek eleje k\u00f6z\u00f6tt sz\u00fcletett Z gener\u00e1ci\u00f3 alapvet\u0151 \u00e1talakul\u00e1sokat hozhat a vil\u00e1ggazdas\u00e1g minden szegmens\u00e9ben \u2013 mondj\u00e1k a Bank of America szakemberei. A fiatal nemzed\u00e9k j\u00f6vedelme pedig 2031-re m\u00e1r fel\u00fcl is m\u00falhatja a megel\u0151z\u0151 Y gener\u00e1ci\u00f3 j\u00f6vedelm\u00e9t \u2013 \u00edrja a CNBC.<\/strong><\/p>\n<p>A bank szakemberei szerint a \u201eZ gener\u00e1ci\u00f3 forradalom&#8221; m\u00e1r meg is kezd\u0151d\u00f6tt. Ez az els\u0151 olyan nemzed\u00e9k ugyanis, amely m\u00e1r teljesen online vil\u00e1gban n\u0151tt fel. Most ugyanis a fiatal munkav\u00e1llal\u00f3k dikt\u00e1lj\u00e1k a digit\u00e1lis \u00fctemet, amihez az id\u0151sebbek igyekeznek alkalmazkodni. Vagyis egyre ink\u00e1bb az id\u0151sebb dolgoz\u00f3k tanulnak a fiatalokt\u00f3l, \u00e9s nem ford\u00edtva. Mindez pedig id\u0151vel anyagi el\u0151nyt is jelent majd a nemzed\u00e9knek \u2013 mondj\u00e1k a bank elemz\u0151i. A v\u00e1rakoz\u00e1sok szerint ugyanis a Z gener\u00e1ci\u00f3 j\u00f6vedelme a jelenlegi \u00f6tsz\u00f6r\u00f6s\u00e9re (33 ezer milli\u00e1rd doll\u00e1rra) n\u0151het 2030-ra, amikor m\u00e1r az eg\u00e9sz nemzed\u00e9k bel\u00e9p a munkaer\u0151piacra. Ez azt jelenten\u00e9, addigra a glob\u00e1lis j\u00f6vedelmek t\u00f6bb mint negyed\u00e9t ez a gener\u00e1ci\u00f3 tenn\u00e9 zsebre, 2031-re maga m\u00f6g\u00e9 utas\u00edtva az Y gener\u00e1ci\u00f3t \u2013 ut\u00f3bbi csoport az 1980-as \u00e9vek eleje \u00e9s az 1990-es \u00e9vek k\u00f6zepe k\u00f6z\u00f6tt sz\u00fcletetteket takarja. R\u00e1ad\u00e1sul a vagyoni \u00e1trendez\u0151d\u00e9st az is f\u0171ti, hogy az 1960-as \u00e9vek k\u00f6zepe el\u0151tt sz\u00fcletett nemzed\u00e9kek egyre nagyobb m\u00e9rt\u00e9kben \u00f6r\u00f6k\u00edtik \u00e1t a vagyonaikat a fiatalabbaknak. \u00d6sszevet\u00e9sk\u00e9ppen, az 1928 \u00e9s 1965 k\u00f6z\u00f6tt sz\u00fcletett k\u00e9t nemzed\u00e9k jelenleg mind\u00f6sszesen 78 ezer milli\u00e1rd doll\u00e1rnyi vagyont tudhat mag\u00e1\u00e9nak \u2013 csak az Egyes\u00fclt \u00c1llamokban. Ezzel egy\u00fctt az is l\u00e1tszik, hogy a Z gener\u00e1ci\u00f3 tagjai k\u00f6z\u00fcl 10-b\u0151l 9 felt\u00f6rekv\u0151 piacokon \u00e9l. India k\u00fcl\u00f6n\u00f6sen nagy Z gener\u00e1ci\u00f3s nemzed\u00e9ket tudhat maga m\u00f6g\u00f6tt \u2013 a teljes nemzed\u00e9k \u00f6t\u00f6de itt lakik. A jelent\u00e9s r\u00e1mutatott, mindek\u00f6zben Indi\u00e1ban az oktat\u00e1si \u00e9s a technol\u00f3giai infrastrukt\u00fara gyors fejl\u0151d\u00e9se mellett az urbaniz\u00e1ci\u00f3 \u00fcteme is igen jelent\u0151s.<\/p>\n<p>Forr\u00e1s: origo.hu<\/p>\n","protected":false},"excerpt":{"rendered":"<p>A Z gener\u00e1ci\u00f3 m\u00e1r az online vil\u00e1gban n\u0151tt fel, \u0151k a digit\u00e1lis munkaer\u0151piac dikt\u00e1l\u00f3i. \u00d3ri\u00e1si \u00a0\u00e1talakul\u00e1sokat hozhat ez a gener\u00e1ci\u00f3 a vil\u00e1ggazdas\u00e1gban. A Bank of America szerint a fiatal nemzed\u00e9k j\u00f6vedelme 2031-re fel\u00fcl is m\u00falhatja az Y gener\u00e1ci\u00f3 j\u00f6vedelm\u00e9t. Az 1990-es \u00e9vek k\u00f6zepe \u00e9s a 2010-es \u00e9vek eleje k\u00f6z\u00f6tt sz\u00fcletett Z gener\u00e1ci\u00f3 alapvet\u0151 \u00e1talakul\u00e1sokat hozhat [&hellip;]<\/p>\n","protected":false},"author":1,"featured_media":4414,"comment_status":"open","ping_status":"open","sticky":false,"template":"","format":"standard","meta":{"_monsterinsights_skip_tracking":false,"footnotes":""},"categories":[200],"tags":[],"class_list":["post-4413","post","type-post","status-publish","format-standard","has-post-thumbnail","hentry","category-munkaeropiac"],"aioseo_notices":[],"aioseo_head":"\n\t\t<!-- All in One SEO 5.0.0.1 - aioseo.com -->\n\t<meta name=\"description\" content=\"A Z gener\u00e1ci\u00f3 m\u00e1r az online vil\u00e1gban n\u0151tt fel, \u0151k a digit\u00e1lis munkaer\u0151piac dikt\u00e1l\u00f3i. \u00d3ri\u00e1si \u00e1talakul\u00e1sokat hozhat ez a gener\u00e1ci\u00f3 a vil\u00e1ggazdas\u00e1gban. A Bank of America szerint a fiatal nemzed\u00e9k j\u00f6vedelme 2031-re fel\u00fcl is m\u00falhatja az Y gener\u00e1ci\u00f3 j\u00f6vedelm\u00e9t. Az 1990-es \u00e9vek k\u00f6zepe \u00e9s a 2010-es \u00e9vek eleje k\u00f6z\u00f6tt sz\u00fcletett Z gener\u00e1ci\u00f3 alapvet\u0151 \u00e1talakul\u00e1sokat hozhat\" \/>\n\t<meta name=\"robots\" content=\"max-image-preview:large\" \/>\n\t<meta name=\"author\" content=\"Juh\u00e1sz P\u00e9ter\"\/>\n\t<link rel=\"canonical\" href=\"https:\/\/allasorias.hu\/hirek\/a-z-generacioe-a-jovo\/\" \/>\n\t<meta name=\"generator\" content=\"All in One SEO (AIOSEO) 5.0.0.1\" \/>\n\t\t<meta property=\"og:locale\" content=\"hu_HU\" \/>\n\t\t<meta property=\"og:site_name\" content=\"AllasOrias.hu | H\u00edrek-lapszemle | \u00dczleti h\u00edrek az \u00e1ll\u00e1s \u00e9s a munka vil\u00e1g\u00e1b\u00f3l\" \/>\n\t\t<meta property=\"og:type\" content=\"article\" \/>\n\t\t<meta property=\"og:title\" content=\"A Z gener\u00e1ci\u00f3\u00e9 a j\u00f6v\u0151 ? | AllasOrias.hu | H\u00edrek-lapszemle\" \/>\n\t\t<meta property=\"og:description\" content=\"A Z gener\u00e1ci\u00f3 m\u00e1r az online vil\u00e1gban n\u0151tt fel, \u0151k a digit\u00e1lis munkaer\u0151piac dikt\u00e1l\u00f3i. \u00d3ri\u00e1si \u00e1talakul\u00e1sokat hozhat ez a gener\u00e1ci\u00f3 a vil\u00e1ggazdas\u00e1gban. A Bank of America szerint a fiatal nemzed\u00e9k j\u00f6vedelme 2031-re fel\u00fcl is m\u00falhatja az Y gener\u00e1ci\u00f3 j\u00f6vedelm\u00e9t. Az 1990-es \u00e9vek k\u00f6zepe \u00e9s a 2010-es \u00e9vek eleje k\u00f6z\u00f6tt sz\u00fcletett Z gener\u00e1ci\u00f3 alapvet\u0151 \u00e1talakul\u00e1sokat hozhat\" \/>\n\t\t<meta property=\"og:url\" content=\"https:\/\/allasorias.hu\/hirek\/a-z-generacioe-a-jovo\/\" \/>\n\t\t<meta property=\"og:image\" content=\"https:\/\/allasorias.hu\/hirek\/wp-content\/uploads\/2020\/12\/hands-holding-abbreviation-gen-z.jpg\" \/>\n\t\t<meta property=\"og:image:secure_url\" content=\"https:\/\/allasorias.hu\/hirek\/wp-content\/uploads\/2020\/12\/hands-holding-abbreviation-gen-z.jpg\" \/>\n\t\t<meta property=\"og:image:width\" content=\"1920\" \/>\n\t\t<meta property=\"og:image:height\" content=\"960\" \/>\n\t\t<meta property=\"article:published_time\" content=\"2020-12-01T09:52:44+00:00\" \/>\n\t\t<meta property=\"article:modified_time\" content=\"2020-12-01T09:52:44+00:00\" \/>\n\t\t<meta property=\"article:publisher\" content=\"https:\/\/www.facebook.com\/allasorias\" \/>\n\t\t<meta name=\"twitter:card\" content=\"summary_large_image\" \/>\n\t\t<meta name=\"twitter:title\" content=\"A Z gener\u00e1ci\u00f3\u00e9 a j\u00f6v\u0151 ? | AllasOrias.hu | H\u00edrek-lapszemle\" \/>\n\t\t<meta name=\"twitter:description\" content=\"A Z gener\u00e1ci\u00f3 m\u00e1r az online vil\u00e1gban n\u0151tt fel, \u0151k a digit\u00e1lis munkaer\u0151piac dikt\u00e1l\u00f3i. \u00d3ri\u00e1si \u00e1talakul\u00e1sokat hozhat ez a gener\u00e1ci\u00f3 a vil\u00e1ggazdas\u00e1gban. A Bank of America szerint a fiatal nemzed\u00e9k j\u00f6vedelme 2031-re fel\u00fcl is m\u00falhatja az Y gener\u00e1ci\u00f3 j\u00f6vedelm\u00e9t. Az 1990-es \u00e9vek k\u00f6zepe \u00e9s a 2010-es \u00e9vek eleje k\u00f6z\u00f6tt sz\u00fcletett Z gener\u00e1ci\u00f3 alapvet\u0151 \u00e1talakul\u00e1sokat hozhat\" \/>\n\t\t<meta name=\"twitter:image\" content=\"https:\/\/allasorias.hu\/hirek\/wp-content\/uploads\/2020\/12\/hands-holding-abbreviation-gen-z.jpg\" \/>\n\t\t<meta name=\"twitter:label1\" content=\"Written by\" \/>\n\t\t<meta name=\"twitter:data1\" content=\"Juh\u00e1sz P\u00e9ter\" \/>\n\t\t<meta name=\"twitter:label2\" content=\"Est. reading time\" \/>\n\t\t<meta name=\"twitter:data2\" content=\"2 minutes\" \/>\n\t\t<script type=\"application\/ld+json\" class=\"aioseo-schema\">\n\t\t\t{\"@context\":\"https:\\\/\\\/schema.org\",\"@graph\":[{\"@type\":\"Article\",\"@id\":\"https:\\\/\\\/allasorias.hu\\\/hirek\\\/a-z-generacioe-a-jovo\\\/#article\",\"name\":\"A Z gener\\u00e1ci\\u00f3\\u00e9 a j\\u00f6v\\u0151 ? | AllasOrias.hu | H\\u00edrek-lapszemle\",\"headline\":\"A Z gener\\u00e1ci\\u00f3\\u00e9 a j\\u00f6v\\u0151 ?\",\"author\":{\"@id\":\"https:\\\/\\\/allasorias.hu\\\/hirek\\\/author\\\/admin-allasorias\\\/#author\"},\"publisher\":{\"@id\":\"https:\\\/\\\/allasorias.hu\\\/hirek\\\/#organization\"},\"image\":{\"@type\":\"ImageObject\",\"url\":\"https:\\\/\\\/allasorias.hu\\\/hirek\\\/wp-content\\\/uploads\\\/2020\\\/12\\\/hands-holding-abbreviation-gen-z.jpg\",\"width\":1920,\"height\":960,\"caption\":\"Hands holding the abbreviation Gen Z\"},\"datePublished\":\"2020-12-01T09:52:44+02:00\",\"dateModified\":\"2020-12-01T09:52:44+02:00\",\"inLanguage\":\"hu-HU\",\"mainEntityOfPage\":{\"@id\":\"https:\\\/\\\/allasorias.hu\\\/hirek\\\/a-z-generacioe-a-jovo\\\/#webpage\"},\"isPartOf\":{\"@id\":\"https:\\\/\\\/allasorias.hu\\\/hirek\\\/a-z-generacioe-a-jovo\\\/#webpage\"},\"articleSection\":\"Munkaer\\u0151piac\"},{\"@type\":\"BreadcrumbList\",\"@id\":\"https:\\\/\\\/allasorias.hu\\\/hirek\\\/a-z-generacioe-a-jovo\\\/#breadcrumblist\",\"itemListElement\":[{\"@type\":\"ListItem\",\"@id\":\"https:\\\/\\\/allasorias.hu\\\/hirek#listItem\",\"position\":1,\"name\":\"Home\",\"item\":\"https:\\\/\\\/allasorias.hu\\\/hirek\",\"nextItem\":{\"@type\":\"ListItem\",\"@id\":\"https:\\\/\\\/allasorias.hu\\\/hirek\\\/temak\\\/munkaeropiac\\\/#listItem\",\"name\":\"Munkaer\\u0151piac\"}},{\"@type\":\"ListItem\",\"@id\":\"https:\\\/\\\/allasorias.hu\\\/hirek\\\/temak\\\/munkaeropiac\\\/#listItem\",\"position\":2,\"name\":\"Munkaer\\u0151piac\",\"item\":\"https:\\\/\\\/allasorias.hu\\\/hirek\\\/temak\\\/munkaeropiac\\\/\",\"nextItem\":{\"@type\":\"ListItem\",\"@id\":\"https:\\\/\\\/allasorias.hu\\\/hirek\\\/a-z-generacioe-a-jovo\\\/#listItem\",\"name\":\"A Z gener\\u00e1ci\\u00f3\\u00e9 a j\\u00f6v\\u0151 ?\"},\"previousItem\":{\"@type\":\"ListItem\",\"@id\":\"https:\\\/\\\/allasorias.hu\\\/hirek#listItem\",\"name\":\"Home\"}},{\"@type\":\"ListItem\",\"@id\":\"https:\\\/\\\/allasorias.hu\\\/hirek\\\/a-z-generacioe-a-jovo\\\/#listItem\",\"position\":3,\"name\":\"A Z gener\\u00e1ci\\u00f3\\u00e9 a j\\u00f6v\\u0151 ?\",\"previousItem\":{\"@type\":\"ListItem\",\"@id\":\"https:\\\/\\\/allasorias.hu\\\/hirek\\\/temak\\\/munkaeropiac\\\/#listItem\",\"name\":\"Munkaer\\u0151piac\"}}]},{\"@type\":\"Organization\",\"@id\":\"https:\\\/\\\/allasorias.hu\\\/hirek\\\/#organization\",\"name\":\"AllasOrias.hu | H\\u00edrek-lapszemle\",\"description\":\"\\u00dczleti h\\u00edrek az \\u00e1ll\\u00e1s \\u00e9s a munka vil\\u00e1g\\u00e1b\\u00f3l\",\"url\":\"https:\\\/\\\/allasorias.hu\\\/hirek\\\/\",\"logo\":{\"@type\":\"ImageObject\",\"url\":\"https:\\\/\\\/allasorias.hu\\\/hirek\\\/wp-content\\\/uploads\\\/2022\\\/10\\\/allasorias_site_facebok_logo.png\",\"@id\":\"https:\\\/\\\/allasorias.hu\\\/hirek\\\/a-z-generacioe-a-jovo\\\/#organizationLogo\"},\"image\":{\"@id\":\"https:\\\/\\\/allasorias.hu\\\/hirek\\\/a-z-generacioe-a-jovo\\\/#organizationLogo\"},\"sameAs\":[\"https:\\\/\\\/www.facebook.com\\\/allasorias\",\"https:\\\/\\\/www.linkedin.com\\\/company\\\/allasorias\"]},{\"@type\":\"Person\",\"@id\":\"https:\\\/\\\/allasorias.hu\\\/hirek\\\/author\\\/admin-allasorias\\\/#author\",\"url\":\"https:\\\/\\\/allasorias.hu\\\/hirek\\\/author\\\/admin-allasorias\\\/\",\"name\":\"Juh\\u00e1sz P\\u00e9ter\",\"image\":{\"@type\":\"ImageObject\",\"@id\":\"https:\\\/\\\/allasorias.hu\\\/hirek\\\/a-z-generacioe-a-jovo\\\/#authorImage\",\"url\":\"https:\\\/\\\/secure.gravatar.com\\\/avatar\\\/36e6bcb83148978b992977cb0f54d22feb0cce8a0a849a9410532bb2623ba4c6?s=96&d=mm&r=g\",\"width\":96,\"height\":96,\"caption\":\"Juh\\u00e1sz P\\u00e9ter\"}},{\"@type\":\"WebPage\",\"@id\":\"https:\\\/\\\/allasorias.hu\\\/hirek\\\/a-z-generacioe-a-jovo\\\/#webpage\",\"url\":\"https:\\\/\\\/allasorias.hu\\\/hirek\\\/a-z-generacioe-a-jovo\\\/\",\"name\":\"A Z gener\\u00e1ci\\u00f3\\u00e9 a j\\u00f6v\\u0151 ? | AllasOrias.hu | H\\u00edrek-lapszemle\",\"description\":\"A Z gener\\u00e1ci\\u00f3 m\\u00e1r az online vil\\u00e1gban n\\u0151tt fel, \\u0151k a digit\\u00e1lis munkaer\\u0151piac dikt\\u00e1l\\u00f3i. \\u00d3ri\\u00e1si \\u00e1talakul\\u00e1sokat hozhat ez a gener\\u00e1ci\\u00f3 a vil\\u00e1ggazdas\\u00e1gban. A Bank of America szerint a fiatal nemzed\\u00e9k j\\u00f6vedelme 2031-re fel\\u00fcl is m\\u00falhatja az Y gener\\u00e1ci\\u00f3 j\\u00f6vedelm\\u00e9t. Az 1990-es \\u00e9vek k\\u00f6zepe \\u00e9s a 2010-es \\u00e9vek eleje k\\u00f6z\\u00f6tt sz\\u00fcletett Z gener\\u00e1ci\\u00f3 alapvet\\u0151 \\u00e1talakul\\u00e1sokat hozhat\",\"inLanguage\":\"hu-HU\",\"isPartOf\":{\"@id\":\"https:\\\/\\\/allasorias.hu\\\/hirek\\\/#website\"},\"breadcrumb\":{\"@id\":\"https:\\\/\\\/allasorias.hu\\\/hirek\\\/a-z-generacioe-a-jovo\\\/#breadcrumblist\"},\"author\":{\"@id\":\"https:\\\/\\\/allasorias.hu\\\/hirek\\\/author\\\/admin-allasorias\\\/#author\"},\"creator\":{\"@id\":\"https:\\\/\\\/allasorias.hu\\\/hirek\\\/author\\\/admin-allasorias\\\/#author\"},\"image\":{\"@type\":\"ImageObject\",\"url\":\"https:\\\/\\\/allasorias.hu\\\/hirek\\\/wp-content\\\/uploads\\\/2020\\\/12\\\/hands-holding-abbreviation-gen-z.jpg\",\"@id\":\"https:\\\/\\\/allasorias.hu\\\/hirek\\\/a-z-generacioe-a-jovo\\\/#mainImage\",\"width\":1920,\"height\":960,\"caption\":\"Hands holding the abbreviation Gen Z\"},\"primaryImageOfPage\":{\"@id\":\"https:\\\/\\\/allasorias.hu\\\/hirek\\\/a-z-generacioe-a-jovo\\\/#mainImage\"},\"datePublished\":\"2020-12-01T09:52:44+02:00\",\"dateModified\":\"2020-12-01T09:52:44+02:00\"},{\"@type\":\"WebSite\",\"@id\":\"https:\\\/\\\/allasorias.hu\\\/hirek\\\/#website\",\"url\":\"https:\\\/\\\/allasorias.hu\\\/hirek\\\/\",\"name\":\"AllasOrias.hu | H\\u00edrek-lapszemle\",\"description\":\"\\u00dczleti h\\u00edrek az \\u00e1ll\\u00e1s \\u00e9s a munka vil\\u00e1g\\u00e1b\\u00f3l\",\"inLanguage\":\"hu-HU\",\"publisher\":{\"@id\":\"https:\\\/\\\/allasorias.hu\\\/hirek\\\/#organization\"}}]}\n\t\t<\/script>\n\t\t<!-- All in One SEO -->\n\n","aioseo_head_json":{"title":"A Z gener\u00e1ci\u00f3\u00e9 a j\u00f6v\u0151 ? | AllasOrias.hu | H\u00edrek-lapszemle","description":"A Z gener\u00e1ci\u00f3 m\u00e1r az online vil\u00e1gban n\u0151tt fel, \u0151k a digit\u00e1lis munkaer\u0151piac dikt\u00e1l\u00f3i. \u00d3ri\u00e1si \u00e1talakul\u00e1sokat hozhat ez a gener\u00e1ci\u00f3 a vil\u00e1ggazdas\u00e1gban. A Bank of America szerint a fiatal nemzed\u00e9k j\u00f6vedelme 2031-re fel\u00fcl is m\u00falhatja az Y gener\u00e1ci\u00f3 j\u00f6vedelm\u00e9t. Az 1990-es \u00e9vek k\u00f6zepe \u00e9s a 2010-es \u00e9vek eleje k\u00f6z\u00f6tt sz\u00fcletett Z gener\u00e1ci\u00f3 alapvet\u0151 \u00e1talakul\u00e1sokat hozhat","canonical_url":"https:\/\/allasorias.hu\/hirek\/a-z-generacioe-a-jovo\/","robots":"max-image-preview:large","keywords":"","webmasterTools":{"miscellaneous":""},"schema":{"@context":"https:\/\/schema.org","@graph":[{"@type":"Article","@id":"https:\/\/allasorias.hu\/hirek\/a-z-generacioe-a-jovo\/#article","name":"A Z gener\u00e1ci\u00f3\u00e9 a j\u00f6v\u0151 ? | AllasOrias.hu | H\u00edrek-lapszemle","headline":"A Z gener\u00e1ci\u00f3\u00e9 a j\u00f6v\u0151 ?","author":{"@id":"https:\/\/allasorias.hu\/hirek\/author\/admin-allasorias\/#author"},"publisher":{"@id":"https:\/\/allasorias.hu\/hirek\/#organization"},"image":{"@type":"ImageObject","url":"https:\/\/allasorias.hu\/hirek\/wp-content\/uploads\/2020\/12\/hands-holding-abbreviation-gen-z.jpg","width":1920,"height":960,"caption":"Hands holding the abbreviation Gen Z"},"datePublished":"2020-12-01T09:52:44+02:00","dateModified":"2020-12-01T09:52:44+02:00","inLanguage":"hu-HU","mainEntityOfPage":{"@id":"https:\/\/allasorias.hu\/hirek\/a-z-generacioe-a-jovo\/#webpage"},"isPartOf":{"@id":"https:\/\/allasorias.hu\/hirek\/a-z-generacioe-a-jovo\/#webpage"},"articleSection":"Munkaer\u0151piac"},{"@type":"BreadcrumbList","@id":"https:\/\/allasorias.hu\/hirek\/a-z-generacioe-a-jovo\/#breadcrumblist","itemListElement":[{"@type":"ListItem","@id":"https:\/\/allasorias.hu\/hirek#listItem","position":1,"name":"Home","item":"https:\/\/allasorias.hu\/hirek","nextItem":{"@type":"ListItem","@id":"https:\/\/allasorias.hu\/hirek\/temak\/munkaeropiac\/#listItem","name":"Munkaer\u0151piac"}},{"@type":"ListItem","@id":"https:\/\/allasorias.hu\/hirek\/temak\/munkaeropiac\/#listItem","position":2,"name":"Munkaer\u0151piac","item":"https:\/\/allasorias.hu\/hirek\/temak\/munkaeropiac\/","nextItem":{"@type":"ListItem","@id":"https:\/\/allasorias.hu\/hirek\/a-z-generacioe-a-jovo\/#listItem","name":"A Z gener\u00e1ci\u00f3\u00e9 a j\u00f6v\u0151 ?"},"previousItem":{"@type":"ListItem","@id":"https:\/\/allasorias.hu\/hirek#listItem","name":"Home"}},{"@type":"ListItem","@id":"https:\/\/allasorias.hu\/hirek\/a-z-generacioe-a-jovo\/#listItem","position":3,"name":"A Z gener\u00e1ci\u00f3\u00e9 a j\u00f6v\u0151 ?","previousItem":{"@type":"ListItem","@id":"https:\/\/allasorias.hu\/hirek\/temak\/munkaeropiac\/#listItem","name":"Munkaer\u0151piac"}}]},{"@type":"Organization","@id":"https:\/\/allasorias.hu\/hirek\/#organization","name":"AllasOrias.hu | H\u00edrek-lapszemle","description":"\u00dczleti h\u00edrek az \u00e1ll\u00e1s \u00e9s a munka vil\u00e1g\u00e1b\u00f3l","url":"https:\/\/allasorias.hu\/hirek\/","logo":{"@type":"ImageObject","url":"https:\/\/allasorias.hu\/hirek\/wp-content\/uploads\/2022\/10\/allasorias_site_facebok_logo.png","@id":"https:\/\/allasorias.hu\/hirek\/a-z-generacioe-a-jovo\/#organizationLogo"},"image":{"@id":"https:\/\/allasorias.hu\/hirek\/a-z-generacioe-a-jovo\/#organizationLogo"},"sameAs":["https:\/\/www.facebook.com\/allasorias","https:\/\/www.linkedin.com\/company\/allasorias"]},{"@type":"Person","@id":"https:\/\/allasorias.hu\/hirek\/author\/admin-allasorias\/#author","url":"https:\/\/allasorias.hu\/hirek\/author\/admin-allasorias\/","name":"Juh\u00e1sz P\u00e9ter","image":{"@type":"ImageObject","@id":"https:\/\/allasorias.hu\/hirek\/a-z-generacioe-a-jovo\/#authorImage","url":"https:\/\/secure.gravatar.com\/avatar\/36e6bcb83148978b992977cb0f54d22feb0cce8a0a849a9410532bb2623ba4c6?s=96&d=mm&r=g","width":96,"height":96,"caption":"Juh\u00e1sz P\u00e9ter"}},{"@type":"WebPage","@id":"https:\/\/allasorias.hu\/hirek\/a-z-generacioe-a-jovo\/#webpage","url":"https:\/\/allasorias.hu\/hirek\/a-z-generacioe-a-jovo\/","name":"A Z gener\u00e1ci\u00f3\u00e9 a j\u00f6v\u0151 ? | AllasOrias.hu | H\u00edrek-lapszemle","description":"A Z gener\u00e1ci\u00f3 m\u00e1r az online vil\u00e1gban n\u0151tt fel, \u0151k a digit\u00e1lis munkaer\u0151piac dikt\u00e1l\u00f3i. \u00d3ri\u00e1si \u00e1talakul\u00e1sokat hozhat ez a gener\u00e1ci\u00f3 a vil\u00e1ggazdas\u00e1gban. A Bank of America szerint a fiatal nemzed\u00e9k j\u00f6vedelme 2031-re fel\u00fcl is m\u00falhatja az Y gener\u00e1ci\u00f3 j\u00f6vedelm\u00e9t. Az 1990-es \u00e9vek k\u00f6zepe \u00e9s a 2010-es \u00e9vek eleje k\u00f6z\u00f6tt sz\u00fcletett Z gener\u00e1ci\u00f3 alapvet\u0151 \u00e1talakul\u00e1sokat hozhat","inLanguage":"hu-HU","isPartOf":{"@id":"https:\/\/allasorias.hu\/hirek\/#website"},"breadcrumb":{"@id":"https:\/\/allasorias.hu\/hirek\/a-z-generacioe-a-jovo\/#breadcrumblist"},"author":{"@id":"https:\/\/allasorias.hu\/hirek\/author\/admin-allasorias\/#author"},"creator":{"@id":"https:\/\/allasorias.hu\/hirek\/author\/admin-allasorias\/#author"},"image":{"@type":"ImageObject","url":"https:\/\/allasorias.hu\/hirek\/wp-content\/uploads\/2020\/12\/hands-holding-abbreviation-gen-z.jpg","@id":"https:\/\/allasorias.hu\/hirek\/a-z-generacioe-a-jovo\/#mainImage","width":1920,"height":960,"caption":"Hands holding the abbreviation Gen Z"},"primaryImageOfPage":{"@id":"https:\/\/allasorias.hu\/hirek\/a-z-generacioe-a-jovo\/#mainImage"},"datePublished":"2020-12-01T09:52:44+02:00","dateModified":"2020-12-01T09:52:44+02:00"},{"@type":"WebSite","@id":"https:\/\/allasorias.hu\/hirek\/#website","url":"https:\/\/allasorias.hu\/hirek\/","name":"AllasOrias.hu | H\u00edrek-lapszemle","description":"\u00dczleti h\u00edrek az \u00e1ll\u00e1s \u00e9s a munka vil\u00e1g\u00e1b\u00f3l","inLanguage":"hu-HU","publisher":{"@id":"https:\/\/allasorias.hu\/hirek\/#organization"}}]},"og:locale":"hu_HU","og:site_name":"AllasOrias.hu | H\u00edrek-lapszemle | \u00dczleti h\u00edrek az \u00e1ll\u00e1s \u00e9s a munka vil\u00e1g\u00e1b\u00f3l","og:type":"article","og:title":"A Z gener\u00e1ci\u00f3\u00e9 a j\u00f6v\u0151 ? | AllasOrias.hu | H\u00edrek-lapszemle","og:description":"A Z gener\u00e1ci\u00f3 m\u00e1r az online vil\u00e1gban n\u0151tt fel, \u0151k a digit\u00e1lis munkaer\u0151piac dikt\u00e1l\u00f3i. \u00d3ri\u00e1si \u00e1talakul\u00e1sokat hozhat ez a gener\u00e1ci\u00f3 a vil\u00e1ggazdas\u00e1gban. A Bank of America szerint a fiatal nemzed\u00e9k j\u00f6vedelme 2031-re fel\u00fcl is m\u00falhatja az Y gener\u00e1ci\u00f3 j\u00f6vedelm\u00e9t. Az 1990-es \u00e9vek k\u00f6zepe \u00e9s a 2010-es \u00e9vek eleje k\u00f6z\u00f6tt sz\u00fcletett Z gener\u00e1ci\u00f3 alapvet\u0151 \u00e1talakul\u00e1sokat hozhat","og:url":"https:\/\/allasorias.hu\/hirek\/a-z-generacioe-a-jovo\/","og:image":"https:\/\/allasorias.hu\/hirek\/wp-content\/uploads\/2020\/12\/hands-holding-abbreviation-gen-z.jpg","og:image:secure_url":"https:\/\/allasorias.hu\/hirek\/wp-content\/uploads\/2020\/12\/hands-holding-abbreviation-gen-z.jpg","og:image:width":1920,"og:image:height":960,"article:published_time":"2020-12-01T09:52:44+00:00","article:modified_time":"2020-12-01T09:52:44+00:00","article:publisher":"https:\/\/www.facebook.com\/allasorias","twitter:card":"summary_large_image","twitter:title":"A Z gener\u00e1ci\u00f3\u00e9 a j\u00f6v\u0151 ? | AllasOrias.hu | H\u00edrek-lapszemle","twitter:description":"A Z gener\u00e1ci\u00f3 m\u00e1r az online vil\u00e1gban n\u0151tt fel, \u0151k a digit\u00e1lis munkaer\u0151piac dikt\u00e1l\u00f3i. \u00d3ri\u00e1si \u00e1talakul\u00e1sokat hozhat ez a gener\u00e1ci\u00f3 a vil\u00e1ggazdas\u00e1gban. A Bank of America szerint a fiatal nemzed\u00e9k j\u00f6vedelme 2031-re fel\u00fcl is m\u00falhatja az Y gener\u00e1ci\u00f3 j\u00f6vedelm\u00e9t. Az 1990-es \u00e9vek k\u00f6zepe \u00e9s a 2010-es \u00e9vek eleje k\u00f6z\u00f6tt sz\u00fcletett Z gener\u00e1ci\u00f3 alapvet\u0151 \u00e1talakul\u00e1sokat hozhat","twitter:image":"https:\/\/allasorias.hu\/hirek\/wp-content\/uploads\/2020\/12\/hands-holding-abbreviation-gen-z.jpg","twitter:label1":"Written by","twitter:data1":"Juh\u00e1sz P\u00e9ter","twitter:label2":"Est. reading time","twitter:data2":"2 minutes"},"aioseo_meta_data":{"post_id":"4413","title":null,"description":"","keywords":"","keyphrases":null,"primary_term":null,"canonical_url":"","og_title":null,"og_description":null,"og_object_type":"default","og_image_type":"default","og_image_url":null,"og_image_width":null,"og_image_height":null,"og_image_custom_url":null,"og_image_custom_fields":null,"og_video":null,"og_custom_url":null,"og_article_section":null,"og_article_tags":null,"twitter_use_og":false,"twitter_card":"default","twitter_image_type":"default","twitter_image_url":null,"twitter_image_custom_url":null,"twitter_image_custom_fields":null,"twitter_title":null,"twitter_description":null,"schema":{"blockGraphs":[],"customGraphs":[],"default":{"data":{"Article":[],"Course":[],"Dataset":[],"FAQPage":[],"Movie":[],"Person":[],"Product":[],"ProductReview":[],"Car":[],"Recipe":[],"Service":[],"SoftwareApplication":[],"WebPage":[]},"graphName":"","isEnabled":true},"graphs":[],"defaultGraph":"","defaultPostTypeGraph":""},"schema_type":null,"schema_type_options":null,"pillar_content":false,"robots_default":true,"robots_noindex":false,"robots_noarchive":false,"robots_nosnippet":false,"robots_nofollow":false,"robots_noimageindex":false,"robots_noodp":false,"robots_notranslate":false,"robots_max_snippet":null,"robots_max_videopreview":null,"robots_max_imagepreview":"large","priority":null,"frequency":null,"location":null,"local_seo":null,"breadcrumb_settings":null,"limit_modified_date":false,"ai":null,"created":"2021-02-01 20:44:59","updated":"2025-10-02 15:04:26","seo_analyzer_scan_date":null,"focus_keyword":null,"additional_keywords":null,"truseo_locale":null},"aioseo_breadcrumb":"<div class=\"aioseo-breadcrumbs\"><span class=\"aioseo-breadcrumb\">\n\t\t\t<a href=\"https:\/\/allasorias.hu\/hirek\" title=\"Home\">Home<\/a>\n\t\t<\/span><span class=\"aioseo-breadcrumb-separator\">&raquo;<\/span><span class=\"aioseo-breadcrumb\">\n\t\t\t<a href=\"https:\/\/allasorias.hu\/hirek\/temak\/munkaeropiac\/\" title=\"Munkaer\u0151piac\">Munkaer\u0151piac<\/a>\n\t\t<\/span><span class=\"aioseo-breadcrumb-separator\">&raquo;<\/span><span class=\"aioseo-breadcrumb\">\n\t\t\tA Z gener\u00e1ci\u00f3\u00e9 a j\u00f6v\u0151 ?\n\t\t<\/span><\/div>","aioseo_breadcrumb_json":[{"label":"Home","link":"https:\/\/allasorias.hu\/hirek"},{"label":"Munkaer\u0151piac","link":"https:\/\/allasorias.hu\/hirek\/temak\/munkaeropiac\/"},{"label":"A Z gener\u00e1ci\u00f3\u00e9 a j\u00f6v\u0151 ?","link":"https:\/\/allasorias.hu\/hirek\/a-z-generacioe-a-jovo\/"}],"_links":{"self":[{"href":"https:\/\/allasorias.hu\/hirek\/wp-json\/wp\/v2\/posts\/4413","targetHints":{"allow":["GET"]}}],"collection":[{"href":"https:\/\/allasorias.hu\/hirek\/wp-json\/wp\/v2\/posts"}],"about":[{"href":"https:\/\/allasorias.hu\/hirek\/wp-json\/wp\/v2\/types\/post"}],"author":[{"embeddable":true,"href":"https:\/\/allasorias.hu\/hirek\/wp-json\/wp\/v2\/users\/1"}],"replies":[{"embeddable":true,"href":"https:\/\/allasorias.hu\/hirek\/wp-json\/wp\/v2\/comments?post=4413"}],"version-history":[{"count":1,"href":"https:\/\/allasorias.hu\/hirek\/wp-json\/wp\/v2\/posts\/4413\/revisions"}],"predecessor-version":[{"id":4415,"href":"https:\/\/allasorias.hu\/hirek\/wp-json\/wp\/v2\/posts\/4413\/revisions\/4415"}],"wp:featuredmedia":[{"embeddable":true,"href":"https:\/\/allasorias.hu\/hirek\/wp-json\/wp\/v2\/media\/4414"}],"wp:attachment":[{"href":"https:\/\/allasorias.hu\/hirek\/wp-json\/wp\/v2\/media?parent=4413"}],"wp:term":[{"taxonomy":"category","embeddable":true,"href":"https:\/\/allasorias.hu\/hirek\/wp-json\/wp\/v2\/categories?post=4413"},{"taxonomy":"post_tag","embeddable":true,"href":"https:\/\/allasorias.hu\/hirek\/wp-json\/wp\/v2\/tags?post=4413"}],"curies":[{"name":"wp","href":"https:\/\/api.w.org\/{rel}","templated":true}]}}