{"id":4398,"date":"2020-11-24T08:11:51","date_gmt":"2020-11-24T08:11:51","guid":{"rendered":"https:\/\/allasorias.hu\/hirek\/?p=4398"},"modified":"2020-11-24T08:11:51","modified_gmt":"2020-11-24T08:11:51","slug":"sok-fiatal-veszitette-el-allasat-a-jarvany-ideje-alatt","status":"publish","type":"post","link":"https:\/\/allasorias.hu\/hirek\/sok-fiatal-veszitette-el-allasat-a-jarvany-ideje-alatt\/","title":{"rendered":"Sok fiatal vesz\u00edtette el \u00e1ll\u00e1s\u00e1t a j\u00e1rv\u00e1ny ideje alatt"},"content":{"rendered":"<p><strong>A koronav\u00edrus j\u00e1rv\u00e1ny id\u0151szaka alatt sok fiatal vesz\u00edtette el \u00e1ll\u00e1s\u00e1t. Cs\u00f6kkent a fiatal foglalkoztatottak sz\u00e1ma p\u00e9ld\u00e1ul a turizmus, vend\u00e9gl\u00e1t\u00e1s, kereskedelem \u00e9s \u00e9p\u00edt\u0151ipar ter\u00fclet\u00e9n. A koronav\u00edrus miatt 6 fiatalb\u00f3l 1 abbahagyta, 7 sz\u00e1zal\u00e9k pedig elvesztette a munk\u00e1j\u00e1t. <\/strong><\/p>\n<p>Majdnem olyan meredeken emelkedni kezdett a munkan\u00e9lk\u00fclis\u00e9g, mint 2009-ben. Ez \u00f3ri\u00e1si vesz\u00e9lyt jelent, els\u0151sorban a fiatal koroszt\u00e1lyra \u2013 mondta el Andor L\u00e1szl\u00f3, az Eur\u00f3pai Progressz\u00edv Tanulm\u00e1nyok Alap\u00edtv\u00e1ny\u00e1nak f\u0151titk\u00e1ra, az Eur\u00f3pai Bizotts\u00e1g kor\u00e1bbi tagja a \u201eMi lesz veled, ifj\u00fas\u00e1g? A fiatalok munkaer\u0151-piaci neh\u00e9zs\u00e9geinek nyom\u00e1ban a covid-j\u00e1rv\u00e1ny id\u0151szak\u00e1ban\u201d c\u00edm\u0171 online szakmai rendezv\u00e9nyen, amit a Magyar K\u00f6zgazdas\u00e1gi T\u00e1rsas\u00e1g Munka\u00fcgyi Szakoszt\u00e1lya rendezett. Hozz\u00e1tette, ami nem \u00e1ll rendelkez\u00e9sre egy Covid-v\u00e1ls\u00e1g idej\u00e9n megold\u00e1sk\u00e9nt, az a mobilit\u00e1s. Kor\u00e1bban, ha valakinek nem volt munkahelye p\u00e9ld\u00e1ul Spanyolorsz\u00e1gban, elment N\u00e9metorsz\u00e1gba. De ha N\u00e9metorsz\u00e1gban is lez\u00e1r\u00e1sok vannak, akkor nyilv\u00e1nval\u00f3an a mobilit\u00e1st z\u00e1r\u00f3jelbe kell tenni. Magyarorsz\u00e1gon \u00e1tlagosan majdnem 80 sz\u00e1zal\u00e9kos kereseti hozammal j\u00e1r a fels\u0151fok\u00fa v\u00e9gzetts\u00e9g a k\u00f6z\u00e9pfok\u00fa v\u00e9gzetts\u00e9ghez m\u00e9rten, ez nemzetk\u00f6zi \u00f6sszehasonl\u00edt\u00e1sban magasnak tekinthet\u0151, messze az eur\u00f3pai, vagy OECD orsz\u00e1gok \u00e1tlaga f\u00f6l\u00f6tt van &#8211; hangs\u00falyozta Hermann Zolt\u00e1n, az ELKH KRTK KTI tudom\u00e1nyos munkat\u00e1rsa. Hozz\u00e1tette, a munkaer\u0151piacon Magyarorsz\u00e1gon kereseti szempontb\u00f3l a diplom\u00e1sok j\u00f3 helyzetben vannak, a fiatal diplom\u00e1sok is. Tov\u00e1bbra is meg\u00e9ri, \u00e9s jelent\u0151s hozammal j\u00e1r diplom\u00e1t szerezni. Ugyanakkor az alacsony iskol\u00e1zatts\u00e1g\u00faak (akik legfeljebb \u00e1ltal\u00e1nos iskol\u00e1t v\u00e9geztek) foglalkoztatotts\u00e1ga nagyon alacsony szint\u0171. 2018-as adatok szerint az \u00e1ltal\u00e1nos iskol\u00e1t v\u00e9gzetteknek csak a fele foglalkoztatott, k\u00f6z\u00fcl\u00fck k\u00f6zel 10 sz\u00e1zal\u00e9k k\u00f6zmunk\u00e1s. A val\u00f3di foglalkoztatotts\u00e1gi ar\u00e1nyuk 40 sz\u00e1zal\u00e9k alatt van. Magyarorsz\u00e1gon ez az egyik kulcsprobl\u00e9ma a fiatalok foglalkoztatotts\u00e1g\u00e1t tekintve hosszabb t\u00e1von \u2013 tette hozz\u00e1 Hermann Zolt\u00e1n. Sz\u00e1mos kutat\u00e1s megmutatta, hogy az iskolai v\u00e9gzetts\u00e9g, elv\u00e9gzett iskola\u00e9vek mellett a kognit\u00edv \u00e9s nem kognit\u00edv k\u00e9szs\u00e9gek jelent\u0151s munkaer\u0151piaci hozammal j\u00e1rnak, magasabb keresettel, magasabb foglalkoztatotts\u00e1ggal. Magyarorsz\u00e1gon is kimutathat\u00f3 ez az \u00f6sszef\u00fcgg\u00e9s a kognit\u00edv k\u00e9szs\u00e9gekkel tekintve, minden iskol\u00e1zotts\u00e1gi csoportban. Az alacsony iskol\u00e1zatts\u00e1g\u00faak (legfeljebb \u00e1ltal\u00e1nos iskol\u00e1t v\u00e9gzettek \u00e9s szakmunk\u00e1sok) foglalkoztat\u00e1si probl\u00e9m\u00e1inak h\u00e1tter\u00e9ben jelent\u0151s r\u00e9szben a gyenge kognit\u00edv k\u00e9szs\u00e9gek \u00e1llnak. Hermann Zolt\u00e1n k\u00f6vetkeztet\u00e9sk\u00e9ppen elmondta, az oktat\u00e1s rendszer jellemz\u0151i \u00e9s teljes\u00edtm\u00e9nye jelent\u0151s hat\u00e1ssal van a munkaer\u0151piaci kimenetekre. Koltai Luca, a H\u00e9tfa Kutat\u00f3int\u00e9zet vezet\u0151 kutat\u00f3ja ismertette a koronav\u00edrus hat\u00e1sait a fiatalokra. Ezek a k\u00f6vetkez\u0151k: iskolabez\u00e1r\u00e1s, t\u00e1voktat\u00e1s (k\u00f6r\u00fclbel\u00fcl a fiatalok 71 sz\u00e1zal\u00e9k\u00e1t \u00e9rintette)digit\u00e1lis hozz\u00e1f\u00e9r\u00e9s egyenl\u0151tlens\u00e9gei, lemorzsol\u00f3d\u00e1s, lemarad\u00e1s, rosszabb teljes\u00edtm\u00e9ny, k\u00e9sleltetett befejez\u00e9s, kort\u00e1rs csoport hi\u00e1nya, elszigetel\u0151d\u00e9s, bez\u00e1rk\u00f3z\u00e1s, depresszi\u00f3, szorong\u00e1s, 6-b\u00f3l 1 fiatal abbahagyta a munk\u00e1t, 7 sz\u00e1zal\u00e9k elvesztette a munk\u00e1j\u00e1t, cs\u00f6kken\u0151 j\u00f6vedelem, t\u00e1vmunka elterjed\u00e9se, digitaliz\u00e1ci\u00f3, \u00fcgyint\u00e9z\u00e9s\/hozz\u00e1f\u00e9r\u00e9s neh\u00e9zs\u00e9gei, munkan\u00e9lk\u00fcli karrierkezd\u00e9s, hossz\u00fat\u00e1von is rosszabb \u00e1ll\u00e1sok elfogad\u00e1sa, alacsonyabb fizet\u00e9s. M\u00e1jusban a nyugat-magyarorsz\u00e1gi j\u00e1r\u00e1sok \u00e9s a turizmusban er\u0151sen \u00e9rintett j\u00e1r\u00e1sok voltak azok, ahol hirtelen megn\u0151tt a fiatal \u00e1ll\u00e1skeres\u0151k sz\u00e1ma \u2013 emelte ki Koltai Luca. Hozz\u00e1tette, vannak olyan \u00e1gazatok, ahol a fiatalok sokkal nagyobb ar\u00e1nyban dolgoznak, ilyen p\u00e9ld\u00e1ul a turizmus, vend\u00e9gl\u00e1t\u00e1s, kereskedelem \u00e9s \u00e9p\u00edt\u0151ipar, ezekben az \u00e1gazatokban cs\u00f6kkent a foglalkoztatottak sz\u00e1ma. V\u00e9lhet\u0151en azok a fiatalok, akiknek a munkaviszonya rugalmasabb \u00e9s kev\u00e9sb\u00e9 biztos, nagyobb vesz\u00e9lyben vannak a mostani v\u00e1ls\u00e1g kapcs\u00e1n.<\/p>\n<p>Forr\u00e1s: novekedes.hu<\/p>\n","protected":false},"excerpt":{"rendered":"<p>A koronav\u00edrus j\u00e1rv\u00e1ny id\u0151szaka alatt sok fiatal vesz\u00edtette el \u00e1ll\u00e1s\u00e1t. Cs\u00f6kkent a fiatal foglalkoztatottak sz\u00e1ma p\u00e9ld\u00e1ul a turizmus, vend\u00e9gl\u00e1t\u00e1s, kereskedelem \u00e9s \u00e9p\u00edt\u0151ipar ter\u00fclet\u00e9n. A koronav\u00edrus miatt 6 fiatalb\u00f3l 1 abbahagyta, 7 sz\u00e1zal\u00e9k pedig elvesztette a munk\u00e1j\u00e1t. Majdnem olyan meredeken emelkedni kezdett a munkan\u00e9lk\u00fclis\u00e9g, mint 2009-ben. Ez \u00f3ri\u00e1si vesz\u00e9lyt jelent, els\u0151sorban a fiatal koroszt\u00e1lyra \u2013 mondta [&hellip;]<\/p>\n","protected":false},"author":1,"featured_media":4382,"comment_status":"open","ping_status":"open","sticky":false,"template":"","format":"standard","meta":{"_monsterinsights_skip_tracking":false,"footnotes":""},"categories":[200],"tags":[],"class_list":["post-4398","post","type-post","status-publish","format-standard","has-post-thumbnail","hentry","category-munkaeropiac"],"aioseo_notices":[],"aioseo_head":"\n\t\t<!-- All in One SEO 5.0.0.1 - aioseo.com -->\n\t<meta name=\"description\" content=\"A koronav\u00edrus j\u00e1rv\u00e1ny id\u0151szaka alatt sok fiatal vesz\u00edtette el \u00e1ll\u00e1s\u00e1t. Cs\u00f6kkent a fiatal foglalkoztatottak sz\u00e1ma p\u00e9ld\u00e1ul a turizmus, vend\u00e9gl\u00e1t\u00e1s, kereskedelem \u00e9s \u00e9p\u00edt\u0151ipar ter\u00fclet\u00e9n. A koronav\u00edrus miatt 6 fiatalb\u00f3l 1 abbahagyta, 7 sz\u00e1zal\u00e9k pedig elvesztette a munk\u00e1j\u00e1t. Majdnem olyan meredeken emelkedni kezdett a munkan\u00e9lk\u00fclis\u00e9g, mint 2009-ben. Ez \u00f3ri\u00e1si vesz\u00e9lyt jelent, els\u0151sorban a fiatal koroszt\u00e1lyra \u2013 mondta\" \/>\n\t<meta name=\"robots\" content=\"max-image-preview:large\" \/>\n\t<meta name=\"author\" content=\"Juh\u00e1sz P\u00e9ter\"\/>\n\t<link rel=\"canonical\" href=\"https:\/\/allasorias.hu\/hirek\/sok-fiatal-veszitette-el-allasat-a-jarvany-ideje-alatt\/\" \/>\n\t<meta name=\"generator\" content=\"All in One SEO (AIOSEO) 5.0.0.1\" \/>\n\t\t<meta property=\"og:locale\" content=\"hu_HU\" \/>\n\t\t<meta property=\"og:site_name\" content=\"AllasOrias.hu | H\u00edrek-lapszemle | \u00dczleti h\u00edrek az \u00e1ll\u00e1s \u00e9s a munka vil\u00e1g\u00e1b\u00f3l\" \/>\n\t\t<meta property=\"og:type\" content=\"article\" \/>\n\t\t<meta property=\"og:title\" content=\"Sok fiatal vesz\u00edtette el \u00e1ll\u00e1s\u00e1t a j\u00e1rv\u00e1ny ideje alatt | AllasOrias.hu | H\u00edrek-lapszemle\" \/>\n\t\t<meta property=\"og:description\" content=\"A koronav\u00edrus j\u00e1rv\u00e1ny id\u0151szaka alatt sok fiatal vesz\u00edtette el \u00e1ll\u00e1s\u00e1t. Cs\u00f6kkent a fiatal foglalkoztatottak sz\u00e1ma p\u00e9ld\u00e1ul a turizmus, vend\u00e9gl\u00e1t\u00e1s, kereskedelem \u00e9s \u00e9p\u00edt\u0151ipar ter\u00fclet\u00e9n. A koronav\u00edrus miatt 6 fiatalb\u00f3l 1 abbahagyta, 7 sz\u00e1zal\u00e9k pedig elvesztette a munk\u00e1j\u00e1t. Majdnem olyan meredeken emelkedni kezdett a munkan\u00e9lk\u00fclis\u00e9g, mint 2009-ben. Ez \u00f3ri\u00e1si vesz\u00e9lyt jelent, els\u0151sorban a fiatal koroszt\u00e1lyra \u2013 mondta\" \/>\n\t\t<meta property=\"og:url\" content=\"https:\/\/allasorias.hu\/hirek\/sok-fiatal-veszitette-el-allasat-a-jarvany-ideje-alatt\/\" \/>\n\t\t<meta property=\"og:image\" content=\"https:\/\/allasorias.hu\/hirek\/wp-content\/uploads\/2020\/11\/stock-exchange-4878214_1280.jpg\" \/>\n\t\t<meta property=\"og:image:secure_url\" content=\"https:\/\/allasorias.hu\/hirek\/wp-content\/uploads\/2020\/11\/stock-exchange-4878214_1280.jpg\" \/>\n\t\t<meta property=\"og:image:width\" content=\"1280\" \/>\n\t\t<meta property=\"og:image:height\" content=\"905\" \/>\n\t\t<meta property=\"article:published_time\" content=\"2020-11-24T08:11:51+00:00\" \/>\n\t\t<meta property=\"article:modified_time\" content=\"2020-11-24T08:11:51+00:00\" \/>\n\t\t<meta property=\"article:publisher\" content=\"https:\/\/www.facebook.com\/allasorias\" \/>\n\t\t<meta name=\"twitter:card\" content=\"summary_large_image\" \/>\n\t\t<meta name=\"twitter:title\" content=\"Sok fiatal vesz\u00edtette el \u00e1ll\u00e1s\u00e1t a j\u00e1rv\u00e1ny ideje alatt | AllasOrias.hu | H\u00edrek-lapszemle\" \/>\n\t\t<meta name=\"twitter:description\" content=\"A koronav\u00edrus j\u00e1rv\u00e1ny id\u0151szaka alatt sok fiatal vesz\u00edtette el \u00e1ll\u00e1s\u00e1t. Cs\u00f6kkent a fiatal foglalkoztatottak sz\u00e1ma p\u00e9ld\u00e1ul a turizmus, vend\u00e9gl\u00e1t\u00e1s, kereskedelem \u00e9s \u00e9p\u00edt\u0151ipar ter\u00fclet\u00e9n. A koronav\u00edrus miatt 6 fiatalb\u00f3l 1 abbahagyta, 7 sz\u00e1zal\u00e9k pedig elvesztette a munk\u00e1j\u00e1t. Majdnem olyan meredeken emelkedni kezdett a munkan\u00e9lk\u00fclis\u00e9g, mint 2009-ben. Ez \u00f3ri\u00e1si vesz\u00e9lyt jelent, els\u0151sorban a fiatal koroszt\u00e1lyra \u2013 mondta\" \/>\n\t\t<meta name=\"twitter:image\" content=\"https:\/\/allasorias.hu\/hirek\/wp-content\/uploads\/2020\/11\/stock-exchange-4878214_1280.jpg\" \/>\n\t\t<meta name=\"twitter:label1\" content=\"Written by\" \/>\n\t\t<meta name=\"twitter:data1\" content=\"Juh\u00e1sz P\u00e9ter\" \/>\n\t\t<meta name=\"twitter:label2\" content=\"Est. reading time\" \/>\n\t\t<meta name=\"twitter:data2\" content=\"4 minutes\" \/>\n\t\t<script type=\"application\/ld+json\" class=\"aioseo-schema\">\n\t\t\t{\"@context\":\"https:\\\/\\\/schema.org\",\"@graph\":[{\"@type\":\"Article\",\"@id\":\"https:\\\/\\\/allasorias.hu\\\/hirek\\\/sok-fiatal-veszitette-el-allasat-a-jarvany-ideje-alatt\\\/#article\",\"name\":\"Sok fiatal vesz\\u00edtette el \\u00e1ll\\u00e1s\\u00e1t a j\\u00e1rv\\u00e1ny ideje alatt | AllasOrias.hu | H\\u00edrek-lapszemle\",\"headline\":\"Sok fiatal vesz\\u00edtette el \\u00e1ll\\u00e1s\\u00e1t a j\\u00e1rv\\u00e1ny ideje alatt\",\"author\":{\"@id\":\"https:\\\/\\\/allasorias.hu\\\/hirek\\\/author\\\/admin-allasorias\\\/#author\"},\"publisher\":{\"@id\":\"https:\\\/\\\/allasorias.hu\\\/hirek\\\/#organization\"},\"image\":{\"@type\":\"ImageObject\",\"url\":\"https:\\\/\\\/allasorias.hu\\\/hirek\\\/wp-content\\\/uploads\\\/2020\\\/11\\\/stock-exchange-4878214_1280.jpg\",\"width\":1280,\"height\":905},\"datePublished\":\"2020-11-24T08:11:51+02:00\",\"dateModified\":\"2020-11-24T08:11:51+02:00\",\"inLanguage\":\"hu-HU\",\"mainEntityOfPage\":{\"@id\":\"https:\\\/\\\/allasorias.hu\\\/hirek\\\/sok-fiatal-veszitette-el-allasat-a-jarvany-ideje-alatt\\\/#webpage\"},\"isPartOf\":{\"@id\":\"https:\\\/\\\/allasorias.hu\\\/hirek\\\/sok-fiatal-veszitette-el-allasat-a-jarvany-ideje-alatt\\\/#webpage\"},\"articleSection\":\"Munkaer\\u0151piac\"},{\"@type\":\"BreadcrumbList\",\"@id\":\"https:\\\/\\\/allasorias.hu\\\/hirek\\\/sok-fiatal-veszitette-el-allasat-a-jarvany-ideje-alatt\\\/#breadcrumblist\",\"itemListElement\":[{\"@type\":\"ListItem\",\"@id\":\"https:\\\/\\\/allasorias.hu\\\/hirek#listItem\",\"position\":1,\"name\":\"Home\",\"item\":\"https:\\\/\\\/allasorias.hu\\\/hirek\",\"nextItem\":{\"@type\":\"ListItem\",\"@id\":\"https:\\\/\\\/allasorias.hu\\\/hirek\\\/temak\\\/munkaeropiac\\\/#listItem\",\"name\":\"Munkaer\\u0151piac\"}},{\"@type\":\"ListItem\",\"@id\":\"https:\\\/\\\/allasorias.hu\\\/hirek\\\/temak\\\/munkaeropiac\\\/#listItem\",\"position\":2,\"name\":\"Munkaer\\u0151piac\",\"item\":\"https:\\\/\\\/allasorias.hu\\\/hirek\\\/temak\\\/munkaeropiac\\\/\",\"nextItem\":{\"@type\":\"ListItem\",\"@id\":\"https:\\\/\\\/allasorias.hu\\\/hirek\\\/sok-fiatal-veszitette-el-allasat-a-jarvany-ideje-alatt\\\/#listItem\",\"name\":\"Sok fiatal vesz\\u00edtette el \\u00e1ll\\u00e1s\\u00e1t a j\\u00e1rv\\u00e1ny ideje alatt\"},\"previousItem\":{\"@type\":\"ListItem\",\"@id\":\"https:\\\/\\\/allasorias.hu\\\/hirek#listItem\",\"name\":\"Home\"}},{\"@type\":\"ListItem\",\"@id\":\"https:\\\/\\\/allasorias.hu\\\/hirek\\\/sok-fiatal-veszitette-el-allasat-a-jarvany-ideje-alatt\\\/#listItem\",\"position\":3,\"name\":\"Sok fiatal vesz\\u00edtette el \\u00e1ll\\u00e1s\\u00e1t a j\\u00e1rv\\u00e1ny ideje alatt\",\"previousItem\":{\"@type\":\"ListItem\",\"@id\":\"https:\\\/\\\/allasorias.hu\\\/hirek\\\/temak\\\/munkaeropiac\\\/#listItem\",\"name\":\"Munkaer\\u0151piac\"}}]},{\"@type\":\"Organization\",\"@id\":\"https:\\\/\\\/allasorias.hu\\\/hirek\\\/#organization\",\"name\":\"AllasOrias.hu | H\\u00edrek-lapszemle\",\"description\":\"\\u00dczleti h\\u00edrek az \\u00e1ll\\u00e1s \\u00e9s a munka vil\\u00e1g\\u00e1b\\u00f3l\",\"url\":\"https:\\\/\\\/allasorias.hu\\\/hirek\\\/\",\"logo\":{\"@type\":\"ImageObject\",\"url\":\"https:\\\/\\\/allasorias.hu\\\/hirek\\\/wp-content\\\/uploads\\\/2022\\\/10\\\/allasorias_site_facebok_logo.png\",\"@id\":\"https:\\\/\\\/allasorias.hu\\\/hirek\\\/sok-fiatal-veszitette-el-allasat-a-jarvany-ideje-alatt\\\/#organizationLogo\"},\"image\":{\"@id\":\"https:\\\/\\\/allasorias.hu\\\/hirek\\\/sok-fiatal-veszitette-el-allasat-a-jarvany-ideje-alatt\\\/#organizationLogo\"},\"sameAs\":[\"https:\\\/\\\/www.facebook.com\\\/allasorias\",\"https:\\\/\\\/www.linkedin.com\\\/company\\\/allasorias\"]},{\"@type\":\"Person\",\"@id\":\"https:\\\/\\\/allasorias.hu\\\/hirek\\\/author\\\/admin-allasorias\\\/#author\",\"url\":\"https:\\\/\\\/allasorias.hu\\\/hirek\\\/author\\\/admin-allasorias\\\/\",\"name\":\"Juh\\u00e1sz P\\u00e9ter\",\"image\":{\"@type\":\"ImageObject\",\"@id\":\"https:\\\/\\\/allasorias.hu\\\/hirek\\\/sok-fiatal-veszitette-el-allasat-a-jarvany-ideje-alatt\\\/#authorImage\",\"url\":\"https:\\\/\\\/secure.gravatar.com\\\/avatar\\\/36e6bcb83148978b992977cb0f54d22feb0cce8a0a849a9410532bb2623ba4c6?s=96&d=mm&r=g\",\"width\":96,\"height\":96,\"caption\":\"Juh\\u00e1sz P\\u00e9ter\"}},{\"@type\":\"WebPage\",\"@id\":\"https:\\\/\\\/allasorias.hu\\\/hirek\\\/sok-fiatal-veszitette-el-allasat-a-jarvany-ideje-alatt\\\/#webpage\",\"url\":\"https:\\\/\\\/allasorias.hu\\\/hirek\\\/sok-fiatal-veszitette-el-allasat-a-jarvany-ideje-alatt\\\/\",\"name\":\"Sok fiatal vesz\\u00edtette el \\u00e1ll\\u00e1s\\u00e1t a j\\u00e1rv\\u00e1ny ideje alatt | AllasOrias.hu | H\\u00edrek-lapszemle\",\"description\":\"A koronav\\u00edrus j\\u00e1rv\\u00e1ny id\\u0151szaka alatt sok fiatal vesz\\u00edtette el \\u00e1ll\\u00e1s\\u00e1t. Cs\\u00f6kkent a fiatal foglalkoztatottak sz\\u00e1ma p\\u00e9ld\\u00e1ul a turizmus, vend\\u00e9gl\\u00e1t\\u00e1s, kereskedelem \\u00e9s \\u00e9p\\u00edt\\u0151ipar ter\\u00fclet\\u00e9n. A koronav\\u00edrus miatt 6 fiatalb\\u00f3l 1 abbahagyta, 7 sz\\u00e1zal\\u00e9k pedig elvesztette a munk\\u00e1j\\u00e1t. Majdnem olyan meredeken emelkedni kezdett a munkan\\u00e9lk\\u00fclis\\u00e9g, mint 2009-ben. Ez \\u00f3ri\\u00e1si vesz\\u00e9lyt jelent, els\\u0151sorban a fiatal koroszt\\u00e1lyra \\u2013 mondta\",\"inLanguage\":\"hu-HU\",\"isPartOf\":{\"@id\":\"https:\\\/\\\/allasorias.hu\\\/hirek\\\/#website\"},\"breadcrumb\":{\"@id\":\"https:\\\/\\\/allasorias.hu\\\/hirek\\\/sok-fiatal-veszitette-el-allasat-a-jarvany-ideje-alatt\\\/#breadcrumblist\"},\"author\":{\"@id\":\"https:\\\/\\\/allasorias.hu\\\/hirek\\\/author\\\/admin-allasorias\\\/#author\"},\"creator\":{\"@id\":\"https:\\\/\\\/allasorias.hu\\\/hirek\\\/author\\\/admin-allasorias\\\/#author\"},\"image\":{\"@type\":\"ImageObject\",\"url\":\"https:\\\/\\\/allasorias.hu\\\/hirek\\\/wp-content\\\/uploads\\\/2020\\\/11\\\/stock-exchange-4878214_1280.jpg\",\"@id\":\"https:\\\/\\\/allasorias.hu\\\/hirek\\\/sok-fiatal-veszitette-el-allasat-a-jarvany-ideje-alatt\\\/#mainImage\",\"width\":1280,\"height\":905},\"primaryImageOfPage\":{\"@id\":\"https:\\\/\\\/allasorias.hu\\\/hirek\\\/sok-fiatal-veszitette-el-allasat-a-jarvany-ideje-alatt\\\/#mainImage\"},\"datePublished\":\"2020-11-24T08:11:51+02:00\",\"dateModified\":\"2020-11-24T08:11:51+02:00\"},{\"@type\":\"WebSite\",\"@id\":\"https:\\\/\\\/allasorias.hu\\\/hirek\\\/#website\",\"url\":\"https:\\\/\\\/allasorias.hu\\\/hirek\\\/\",\"name\":\"AllasOrias.hu | H\\u00edrek-lapszemle\",\"description\":\"\\u00dczleti h\\u00edrek az \\u00e1ll\\u00e1s \\u00e9s a munka vil\\u00e1g\\u00e1b\\u00f3l\",\"inLanguage\":\"hu-HU\",\"publisher\":{\"@id\":\"https:\\\/\\\/allasorias.hu\\\/hirek\\\/#organization\"}}]}\n\t\t<\/script>\n\t\t<!-- All in One SEO -->\n\n","aioseo_head_json":{"title":"Sok fiatal vesz\u00edtette el \u00e1ll\u00e1s\u00e1t a j\u00e1rv\u00e1ny ideje alatt | AllasOrias.hu | H\u00edrek-lapszemle","description":"A koronav\u00edrus j\u00e1rv\u00e1ny id\u0151szaka alatt sok fiatal vesz\u00edtette el \u00e1ll\u00e1s\u00e1t. Cs\u00f6kkent a fiatal foglalkoztatottak sz\u00e1ma p\u00e9ld\u00e1ul a turizmus, vend\u00e9gl\u00e1t\u00e1s, kereskedelem \u00e9s \u00e9p\u00edt\u0151ipar ter\u00fclet\u00e9n. A koronav\u00edrus miatt 6 fiatalb\u00f3l 1 abbahagyta, 7 sz\u00e1zal\u00e9k pedig elvesztette a munk\u00e1j\u00e1t. Majdnem olyan meredeken emelkedni kezdett a munkan\u00e9lk\u00fclis\u00e9g, mint 2009-ben. Ez \u00f3ri\u00e1si vesz\u00e9lyt jelent, els\u0151sorban a fiatal koroszt\u00e1lyra \u2013 mondta","canonical_url":"https:\/\/allasorias.hu\/hirek\/sok-fiatal-veszitette-el-allasat-a-jarvany-ideje-alatt\/","robots":"max-image-preview:large","keywords":"","webmasterTools":{"miscellaneous":""},"schema":{"@context":"https:\/\/schema.org","@graph":[{"@type":"Article","@id":"https:\/\/allasorias.hu\/hirek\/sok-fiatal-veszitette-el-allasat-a-jarvany-ideje-alatt\/#article","name":"Sok fiatal vesz\u00edtette el \u00e1ll\u00e1s\u00e1t a j\u00e1rv\u00e1ny ideje alatt | AllasOrias.hu | H\u00edrek-lapszemle","headline":"Sok fiatal vesz\u00edtette el \u00e1ll\u00e1s\u00e1t a j\u00e1rv\u00e1ny ideje alatt","author":{"@id":"https:\/\/allasorias.hu\/hirek\/author\/admin-allasorias\/#author"},"publisher":{"@id":"https:\/\/allasorias.hu\/hirek\/#organization"},"image":{"@type":"ImageObject","url":"https:\/\/allasorias.hu\/hirek\/wp-content\/uploads\/2020\/11\/stock-exchange-4878214_1280.jpg","width":1280,"height":905},"datePublished":"2020-11-24T08:11:51+02:00","dateModified":"2020-11-24T08:11:51+02:00","inLanguage":"hu-HU","mainEntityOfPage":{"@id":"https:\/\/allasorias.hu\/hirek\/sok-fiatal-veszitette-el-allasat-a-jarvany-ideje-alatt\/#webpage"},"isPartOf":{"@id":"https:\/\/allasorias.hu\/hirek\/sok-fiatal-veszitette-el-allasat-a-jarvany-ideje-alatt\/#webpage"},"articleSection":"Munkaer\u0151piac"},{"@type":"BreadcrumbList","@id":"https:\/\/allasorias.hu\/hirek\/sok-fiatal-veszitette-el-allasat-a-jarvany-ideje-alatt\/#breadcrumblist","itemListElement":[{"@type":"ListItem","@id":"https:\/\/allasorias.hu\/hirek#listItem","position":1,"name":"Home","item":"https:\/\/allasorias.hu\/hirek","nextItem":{"@type":"ListItem","@id":"https:\/\/allasorias.hu\/hirek\/temak\/munkaeropiac\/#listItem","name":"Munkaer\u0151piac"}},{"@type":"ListItem","@id":"https:\/\/allasorias.hu\/hirek\/temak\/munkaeropiac\/#listItem","position":2,"name":"Munkaer\u0151piac","item":"https:\/\/allasorias.hu\/hirek\/temak\/munkaeropiac\/","nextItem":{"@type":"ListItem","@id":"https:\/\/allasorias.hu\/hirek\/sok-fiatal-veszitette-el-allasat-a-jarvany-ideje-alatt\/#listItem","name":"Sok fiatal vesz\u00edtette el \u00e1ll\u00e1s\u00e1t a j\u00e1rv\u00e1ny ideje alatt"},"previousItem":{"@type":"ListItem","@id":"https:\/\/allasorias.hu\/hirek#listItem","name":"Home"}},{"@type":"ListItem","@id":"https:\/\/allasorias.hu\/hirek\/sok-fiatal-veszitette-el-allasat-a-jarvany-ideje-alatt\/#listItem","position":3,"name":"Sok fiatal vesz\u00edtette el \u00e1ll\u00e1s\u00e1t a j\u00e1rv\u00e1ny ideje alatt","previousItem":{"@type":"ListItem","@id":"https:\/\/allasorias.hu\/hirek\/temak\/munkaeropiac\/#listItem","name":"Munkaer\u0151piac"}}]},{"@type":"Organization","@id":"https:\/\/allasorias.hu\/hirek\/#organization","name":"AllasOrias.hu | H\u00edrek-lapszemle","description":"\u00dczleti h\u00edrek az \u00e1ll\u00e1s \u00e9s a munka vil\u00e1g\u00e1b\u00f3l","url":"https:\/\/allasorias.hu\/hirek\/","logo":{"@type":"ImageObject","url":"https:\/\/allasorias.hu\/hirek\/wp-content\/uploads\/2022\/10\/allasorias_site_facebok_logo.png","@id":"https:\/\/allasorias.hu\/hirek\/sok-fiatal-veszitette-el-allasat-a-jarvany-ideje-alatt\/#organizationLogo"},"image":{"@id":"https:\/\/allasorias.hu\/hirek\/sok-fiatal-veszitette-el-allasat-a-jarvany-ideje-alatt\/#organizationLogo"},"sameAs":["https:\/\/www.facebook.com\/allasorias","https:\/\/www.linkedin.com\/company\/allasorias"]},{"@type":"Person","@id":"https:\/\/allasorias.hu\/hirek\/author\/admin-allasorias\/#author","url":"https:\/\/allasorias.hu\/hirek\/author\/admin-allasorias\/","name":"Juh\u00e1sz P\u00e9ter","image":{"@type":"ImageObject","@id":"https:\/\/allasorias.hu\/hirek\/sok-fiatal-veszitette-el-allasat-a-jarvany-ideje-alatt\/#authorImage","url":"https:\/\/secure.gravatar.com\/avatar\/36e6bcb83148978b992977cb0f54d22feb0cce8a0a849a9410532bb2623ba4c6?s=96&d=mm&r=g","width":96,"height":96,"caption":"Juh\u00e1sz P\u00e9ter"}},{"@type":"WebPage","@id":"https:\/\/allasorias.hu\/hirek\/sok-fiatal-veszitette-el-allasat-a-jarvany-ideje-alatt\/#webpage","url":"https:\/\/allasorias.hu\/hirek\/sok-fiatal-veszitette-el-allasat-a-jarvany-ideje-alatt\/","name":"Sok fiatal vesz\u00edtette el \u00e1ll\u00e1s\u00e1t a j\u00e1rv\u00e1ny ideje alatt | AllasOrias.hu | H\u00edrek-lapszemle","description":"A koronav\u00edrus j\u00e1rv\u00e1ny id\u0151szaka alatt sok fiatal vesz\u00edtette el \u00e1ll\u00e1s\u00e1t. Cs\u00f6kkent a fiatal foglalkoztatottak sz\u00e1ma p\u00e9ld\u00e1ul a turizmus, vend\u00e9gl\u00e1t\u00e1s, kereskedelem \u00e9s \u00e9p\u00edt\u0151ipar ter\u00fclet\u00e9n. A koronav\u00edrus miatt 6 fiatalb\u00f3l 1 abbahagyta, 7 sz\u00e1zal\u00e9k pedig elvesztette a munk\u00e1j\u00e1t. Majdnem olyan meredeken emelkedni kezdett a munkan\u00e9lk\u00fclis\u00e9g, mint 2009-ben. Ez \u00f3ri\u00e1si vesz\u00e9lyt jelent, els\u0151sorban a fiatal koroszt\u00e1lyra \u2013 mondta","inLanguage":"hu-HU","isPartOf":{"@id":"https:\/\/allasorias.hu\/hirek\/#website"},"breadcrumb":{"@id":"https:\/\/allasorias.hu\/hirek\/sok-fiatal-veszitette-el-allasat-a-jarvany-ideje-alatt\/#breadcrumblist"},"author":{"@id":"https:\/\/allasorias.hu\/hirek\/author\/admin-allasorias\/#author"},"creator":{"@id":"https:\/\/allasorias.hu\/hirek\/author\/admin-allasorias\/#author"},"image":{"@type":"ImageObject","url":"https:\/\/allasorias.hu\/hirek\/wp-content\/uploads\/2020\/11\/stock-exchange-4878214_1280.jpg","@id":"https:\/\/allasorias.hu\/hirek\/sok-fiatal-veszitette-el-allasat-a-jarvany-ideje-alatt\/#mainImage","width":1280,"height":905},"primaryImageOfPage":{"@id":"https:\/\/allasorias.hu\/hirek\/sok-fiatal-veszitette-el-allasat-a-jarvany-ideje-alatt\/#mainImage"},"datePublished":"2020-11-24T08:11:51+02:00","dateModified":"2020-11-24T08:11:51+02:00"},{"@type":"WebSite","@id":"https:\/\/allasorias.hu\/hirek\/#website","url":"https:\/\/allasorias.hu\/hirek\/","name":"AllasOrias.hu | H\u00edrek-lapszemle","description":"\u00dczleti h\u00edrek az \u00e1ll\u00e1s \u00e9s a munka vil\u00e1g\u00e1b\u00f3l","inLanguage":"hu-HU","publisher":{"@id":"https:\/\/allasorias.hu\/hirek\/#organization"}}]},"og:locale":"hu_HU","og:site_name":"AllasOrias.hu | H\u00edrek-lapszemle | \u00dczleti h\u00edrek az \u00e1ll\u00e1s \u00e9s a munka vil\u00e1g\u00e1b\u00f3l","og:type":"article","og:title":"Sok fiatal vesz\u00edtette el \u00e1ll\u00e1s\u00e1t a j\u00e1rv\u00e1ny ideje alatt | AllasOrias.hu | H\u00edrek-lapszemle","og:description":"A koronav\u00edrus j\u00e1rv\u00e1ny id\u0151szaka alatt sok fiatal vesz\u00edtette el \u00e1ll\u00e1s\u00e1t. Cs\u00f6kkent a fiatal foglalkoztatottak sz\u00e1ma p\u00e9ld\u00e1ul a turizmus, vend\u00e9gl\u00e1t\u00e1s, kereskedelem \u00e9s \u00e9p\u00edt\u0151ipar ter\u00fclet\u00e9n. A koronav\u00edrus miatt 6 fiatalb\u00f3l 1 abbahagyta, 7 sz\u00e1zal\u00e9k pedig elvesztette a munk\u00e1j\u00e1t. Majdnem olyan meredeken emelkedni kezdett a munkan\u00e9lk\u00fclis\u00e9g, mint 2009-ben. Ez \u00f3ri\u00e1si vesz\u00e9lyt jelent, els\u0151sorban a fiatal koroszt\u00e1lyra \u2013 mondta","og:url":"https:\/\/allasorias.hu\/hirek\/sok-fiatal-veszitette-el-allasat-a-jarvany-ideje-alatt\/","og:image":"https:\/\/allasorias.hu\/hirek\/wp-content\/uploads\/2020\/11\/stock-exchange-4878214_1280.jpg","og:image:secure_url":"https:\/\/allasorias.hu\/hirek\/wp-content\/uploads\/2020\/11\/stock-exchange-4878214_1280.jpg","og:image:width":1280,"og:image:height":905,"article:published_time":"2020-11-24T08:11:51+00:00","article:modified_time":"2020-11-24T08:11:51+00:00","article:publisher":"https:\/\/www.facebook.com\/allasorias","twitter:card":"summary_large_image","twitter:title":"Sok fiatal vesz\u00edtette el \u00e1ll\u00e1s\u00e1t a j\u00e1rv\u00e1ny ideje alatt | AllasOrias.hu | H\u00edrek-lapszemle","twitter:description":"A koronav\u00edrus j\u00e1rv\u00e1ny id\u0151szaka alatt sok fiatal vesz\u00edtette el \u00e1ll\u00e1s\u00e1t. Cs\u00f6kkent a fiatal foglalkoztatottak sz\u00e1ma p\u00e9ld\u00e1ul a turizmus, vend\u00e9gl\u00e1t\u00e1s, kereskedelem \u00e9s \u00e9p\u00edt\u0151ipar ter\u00fclet\u00e9n. A koronav\u00edrus miatt 6 fiatalb\u00f3l 1 abbahagyta, 7 sz\u00e1zal\u00e9k pedig elvesztette a munk\u00e1j\u00e1t. Majdnem olyan meredeken emelkedni kezdett a munkan\u00e9lk\u00fclis\u00e9g, mint 2009-ben. Ez \u00f3ri\u00e1si vesz\u00e9lyt jelent, els\u0151sorban a fiatal koroszt\u00e1lyra \u2013 mondta","twitter:image":"https:\/\/allasorias.hu\/hirek\/wp-content\/uploads\/2020\/11\/stock-exchange-4878214_1280.jpg","twitter:label1":"Written by","twitter:data1":"Juh\u00e1sz P\u00e9ter","twitter:label2":"Est. reading time","twitter:data2":"4 minutes"},"aioseo_meta_data":{"post_id":"4398","title":null,"description":"","keywords":"","keyphrases":null,"primary_term":null,"canonical_url":"","og_title":null,"og_description":null,"og_object_type":"default","og_image_type":"default","og_image_url":null,"og_image_width":null,"og_image_height":null,"og_image_custom_url":null,"og_image_custom_fields":null,"og_video":null,"og_custom_url":null,"og_article_section":null,"og_article_tags":null,"twitter_use_og":false,"twitter_card":"default","twitter_image_type":"default","twitter_image_url":null,"twitter_image_custom_url":null,"twitter_image_custom_fields":null,"twitter_title":null,"twitter_description":null,"schema":{"blockGraphs":[],"customGraphs":[],"default":{"data":{"Article":[],"Course":[],"Dataset":[],"FAQPage":[],"Movie":[],"Person":[],"Product":[],"ProductReview":[],"Car":[],"Recipe":[],"Service":[],"SoftwareApplication":[],"WebPage":[]},"graphName":"","isEnabled":true},"graphs":[]},"schema_type":null,"schema_type_options":null,"pillar_content":false,"robots_default":true,"robots_noindex":false,"robots_noarchive":false,"robots_nosnippet":false,"robots_nofollow":false,"robots_noimageindex":false,"robots_noodp":false,"robots_notranslate":false,"robots_max_snippet":null,"robots_max_videopreview":null,"robots_max_imagepreview":"large","priority":null,"frequency":null,"location":null,"local_seo":null,"breadcrumb_settings":null,"limit_modified_date":false,"ai":null,"created":"2021-02-01 20:44:59","updated":"2025-10-02 15:02:07","seo_analyzer_scan_date":null,"focus_keyword":null,"additional_keywords":null,"truseo_locale":null},"aioseo_breadcrumb":"<div class=\"aioseo-breadcrumbs\"><span class=\"aioseo-breadcrumb\">\n\t\t\t<a href=\"https:\/\/allasorias.hu\/hirek\" title=\"Home\">Home<\/a>\n\t\t<\/span><span class=\"aioseo-breadcrumb-separator\">&raquo;<\/span><span class=\"aioseo-breadcrumb\">\n\t\t\t<a href=\"https:\/\/allasorias.hu\/hirek\/temak\/munkaeropiac\/\" title=\"Munkaer\u0151piac\">Munkaer\u0151piac<\/a>\n\t\t<\/span><span class=\"aioseo-breadcrumb-separator\">&raquo;<\/span><span class=\"aioseo-breadcrumb\">\n\t\t\tSok fiatal vesz\u00edtette el \u00e1ll\u00e1s\u00e1t a j\u00e1rv\u00e1ny ideje alatt\n\t\t<\/span><\/div>","aioseo_breadcrumb_json":[{"label":"Home","link":"https:\/\/allasorias.hu\/hirek"},{"label":"Munkaer\u0151piac","link":"https:\/\/allasorias.hu\/hirek\/temak\/munkaeropiac\/"},{"label":"Sok fiatal vesz\u00edtette el \u00e1ll\u00e1s\u00e1t a j\u00e1rv\u00e1ny ideje alatt","link":"https:\/\/allasorias.hu\/hirek\/sok-fiatal-veszitette-el-allasat-a-jarvany-ideje-alatt\/"}],"_links":{"self":[{"href":"https:\/\/allasorias.hu\/hirek\/wp-json\/wp\/v2\/posts\/4398","targetHints":{"allow":["GET"]}}],"collection":[{"href":"https:\/\/allasorias.hu\/hirek\/wp-json\/wp\/v2\/posts"}],"about":[{"href":"https:\/\/allasorias.hu\/hirek\/wp-json\/wp\/v2\/types\/post"}],"author":[{"embeddable":true,"href":"https:\/\/allasorias.hu\/hirek\/wp-json\/wp\/v2\/users\/1"}],"replies":[{"embeddable":true,"href":"https:\/\/allasorias.hu\/hirek\/wp-json\/wp\/v2\/comments?post=4398"}],"version-history":[{"count":1,"href":"https:\/\/allasorias.hu\/hirek\/wp-json\/wp\/v2\/posts\/4398\/revisions"}],"predecessor-version":[{"id":4399,"href":"https:\/\/allasorias.hu\/hirek\/wp-json\/wp\/v2\/posts\/4398\/revisions\/4399"}],"wp:featuredmedia":[{"embeddable":true,"href":"https:\/\/allasorias.hu\/hirek\/wp-json\/wp\/v2\/media\/4382"}],"wp:attachment":[{"href":"https:\/\/allasorias.hu\/hirek\/wp-json\/wp\/v2\/media?parent=4398"}],"wp:term":[{"taxonomy":"category","embeddable":true,"href":"https:\/\/allasorias.hu\/hirek\/wp-json\/wp\/v2\/categories?post=4398"},{"taxonomy":"post_tag","embeddable":true,"href":"https:\/\/allasorias.hu\/hirek\/wp-json\/wp\/v2\/tags?post=4398"}],"curies":[{"name":"wp","href":"https:\/\/api.w.org\/{rel}","templated":true}]}}