{"id":4392,"date":"2020-11-20T07:52:40","date_gmt":"2020-11-20T07:52:40","guid":{"rendered":"https:\/\/allasorias.hu\/hirek\/?p=4392"},"modified":"2020-11-20T07:52:40","modified_gmt":"2020-11-20T07:52:40","slug":"a-karacsonyi-idoszakban-tobb-diak-dolgozhat","status":"publish","type":"post","link":"https:\/\/allasorias.hu\/hirek\/a-karacsonyi-idoszakban-tobb-diak-dolgozhat\/","title":{"rendered":"A kar\u00e1csonyi id\u0151szakban t\u00f6bb di\u00e1k dolgozhat"},"content":{"rendered":"<p>Az id\u00e9n nagyj\u00e1b\u00f3l 120 ezer di\u00e1k dolgozott, ez a m\u00falt \u00e9vhez k\u00e9pest 30 sz\u00e1zal\u00e9kos visszaes\u00e9s a Magyarorsz\u00e1gi Di\u00e1kv\u00e1llalkoz\u00e1sok Orsz\u00e1gos \u00c9rdekk\u00e9pviseleti Sz\u00f6vets\u00e9g\u00e9nek adatai szerint. Az \u00e9v utols\u00f3 heteiben t\u00f6bb di\u00e1k sz\u00e1m\u00e1ra lesz munka, a ny\u00e1r ut\u00e1n a kar\u00e1csony ugyanis a m\u00e1sodik leger\u0151sebb id\u0151szak a di\u00e1kfoglalkoztat\u00e1sban, az eg\u00e9sz \u00e9ves ig\u00e9ny k\u00f6zel 20 sz\u00e1zal\u00e9k\u00e1t adja &#8211; \u00edrta a Vil\u00e1ggazdas\u00e1g. A j\u00e1rv\u00e1ny miatt az id\u00e9n a turizmus \u00e9s vend\u00e9gl\u00e1t\u00e1s helyett a fizikai munk\u00e1ra, logisztik\u00e1ra, valamint a home office-ban v\u00e9gezhet\u0151 munk\u00e1kra tev\u0151d\u00f6tt \u00e1t a hangs\u00faly a di\u00e1kfoglalkoztat\u00e1sban. A lap \u00e1ltal megk\u00e9rdezett di\u00e1ksz\u00f6vetkezetek szerint az online oktat\u00e1sra \u00e1t\u00e1ll\u00e1ssal a di\u00e1koknak rugalmasabb az id\u0151beoszt\u00e1suk, k\u00f6nnyebben v\u00e1llalnak nagyobb \u00f3rasz\u00e1mot is, ugyanakkor a koll\u00e9giumok bez\u00e1r\u00e1sa miatt sok di\u00e1k nem tud dolgozni, mert haza kellett k\u00f6lt\u00f6znie.Az egyszer\u0171, alkalmi munk\u00e1kb\u00f3l most nagy a v\u00e1laszt\u00e9k, de a gyakornokok felv\u00e9tel\u00e9vel megfontoltabbak a c\u00e9gek. A n\u00e9pszer\u0171bb szektorokban, p\u00e9ld\u00e1ul a kereskedelemben t\u00f6bben szeretn\u00e9nek dolgozni, mint amekkora az ig\u00e9ny, ugyanakkor a termel\u00e9sben a jelentkez\u0151kn\u00e9l t\u00f6bb di\u00e1kot is tudn\u00e1nak foglalkoztatni. Az egyszer\u0171, alkalmi munk\u00e1kb\u00f3l most nagy a v\u00e1laszt\u00e9k, de a gyakornokok felv\u00e9tel\u00e9vel megfontoltabbak a c\u00e9gek. Felismert\u00e9k ugyanakkor, hogy a di\u00e1kmunka rendk\u00edv\u00fcl rugalmas foglalkoztat\u00e1si forma, \u00edgy egyre t\u00f6bben \u00e9lnek ezzel a lehet\u0151s\u00e9ggel.<\/p>\n<p>Forr\u00e1s: origo.hu<\/p>\n","protected":false},"excerpt":{"rendered":"<p>Az id\u00e9n nagyj\u00e1b\u00f3l 120 ezer di\u00e1k dolgozott, ez a m\u00falt \u00e9vhez k\u00e9pest 30 sz\u00e1zal\u00e9kos visszaes\u00e9s a Magyarorsz\u00e1gi Di\u00e1kv\u00e1llalkoz\u00e1sok Orsz\u00e1gos \u00c9rdekk\u00e9pviseleti Sz\u00f6vets\u00e9g\u00e9nek adatai szerint. Az \u00e9v utols\u00f3 heteiben t\u00f6bb di\u00e1k sz\u00e1m\u00e1ra lesz munka, a ny\u00e1r ut\u00e1n a kar\u00e1csony ugyanis a m\u00e1sodik leger\u0151sebb id\u0151szak a di\u00e1kfoglalkoztat\u00e1sban, az eg\u00e9sz \u00e9ves ig\u00e9ny k\u00f6zel 20 sz\u00e1zal\u00e9k\u00e1t adja &#8211; \u00edrta a [&hellip;]<\/p>\n","protected":false},"author":1,"featured_media":4393,"comment_status":"open","ping_status":"open","sticky":false,"template":"","format":"standard","meta":{"_monsterinsights_skip_tracking":false,"footnotes":""},"categories":[200],"tags":[],"class_list":["post-4392","post","type-post","status-publish","format-standard","has-post-thumbnail","hentry","category-munkaeropiac"],"aioseo_notices":[],"aioseo_head":"\n\t\t<!-- All in One SEO 5.0.0.1 - aioseo.com -->\n\t<meta name=\"description\" content=\"Az id\u00e9n nagyj\u00e1b\u00f3l 120 ezer di\u00e1k dolgozott, ez a m\u00falt \u00e9vhez k\u00e9pest 30 sz\u00e1zal\u00e9kos visszaes\u00e9s a Magyarorsz\u00e1gi Di\u00e1kv\u00e1llalkoz\u00e1sok Orsz\u00e1gos \u00c9rdekk\u00e9pviseleti Sz\u00f6vets\u00e9g\u00e9nek adatai szerint. Az \u00e9v utols\u00f3 heteiben t\u00f6bb di\u00e1k sz\u00e1m\u00e1ra lesz munka, a ny\u00e1r ut\u00e1n a kar\u00e1csony ugyanis a m\u00e1sodik leger\u0151sebb id\u0151szak a di\u00e1kfoglalkoztat\u00e1sban, az eg\u00e9sz \u00e9ves ig\u00e9ny k\u00f6zel 20 sz\u00e1zal\u00e9k\u00e1t adja - \u00edrta a\" \/>\n\t<meta name=\"robots\" content=\"max-image-preview:large\" \/>\n\t<meta name=\"author\" content=\"Juh\u00e1sz P\u00e9ter\"\/>\n\t<link rel=\"canonical\" href=\"https:\/\/allasorias.hu\/hirek\/a-karacsonyi-idoszakban-tobb-diak-dolgozhat\/\" \/>\n\t<meta name=\"generator\" content=\"All in One SEO (AIOSEO) 5.0.0.1\" \/>\n\t\t<meta property=\"og:locale\" content=\"hu_HU\" \/>\n\t\t<meta property=\"og:site_name\" content=\"AllasOrias.hu | H\u00edrek-lapszemle | \u00dczleti h\u00edrek az \u00e1ll\u00e1s \u00e9s a munka vil\u00e1g\u00e1b\u00f3l\" \/>\n\t\t<meta property=\"og:type\" content=\"article\" \/>\n\t\t<meta property=\"og:title\" content=\"A kar\u00e1csonyi id\u0151szakban t\u00f6bb di\u00e1k dolgozhat | AllasOrias.hu | H\u00edrek-lapszemle\" \/>\n\t\t<meta property=\"og:description\" content=\"Az id\u00e9n nagyj\u00e1b\u00f3l 120 ezer di\u00e1k dolgozott, ez a m\u00falt \u00e9vhez k\u00e9pest 30 sz\u00e1zal\u00e9kos visszaes\u00e9s a Magyarorsz\u00e1gi Di\u00e1kv\u00e1llalkoz\u00e1sok Orsz\u00e1gos \u00c9rdekk\u00e9pviseleti Sz\u00f6vets\u00e9g\u00e9nek adatai szerint. Az \u00e9v utols\u00f3 heteiben t\u00f6bb di\u00e1k sz\u00e1m\u00e1ra lesz munka, a ny\u00e1r ut\u00e1n a kar\u00e1csony ugyanis a m\u00e1sodik leger\u0151sebb id\u0151szak a di\u00e1kfoglalkoztat\u00e1sban, az eg\u00e9sz \u00e9ves ig\u00e9ny k\u00f6zel 20 sz\u00e1zal\u00e9k\u00e1t adja - \u00edrta a\" \/>\n\t\t<meta property=\"og:url\" content=\"https:\/\/allasorias.hu\/hirek\/a-karacsonyi-idoszakban-tobb-diak-dolgozhat\/\" \/>\n\t\t<meta property=\"og:image\" content=\"https:\/\/allasorias.hu\/hirek\/wp-content\/uploads\/2020\/11\/wrapping-service-seller-gives-customer-christmas-gift-box.jpg\" \/>\n\t\t<meta property=\"og:image:secure_url\" content=\"https:\/\/allasorias.hu\/hirek\/wp-content\/uploads\/2020\/11\/wrapping-service-seller-gives-customer-christmas-gift-box.jpg\" \/>\n\t\t<meta property=\"og:image:width\" content=\"1920\" \/>\n\t\t<meta property=\"og:image:height\" content=\"1282\" \/>\n\t\t<meta property=\"article:published_time\" content=\"2020-11-20T07:52:40+00:00\" \/>\n\t\t<meta property=\"article:modified_time\" content=\"2020-11-20T07:52:40+00:00\" \/>\n\t\t<meta property=\"article:publisher\" content=\"https:\/\/www.facebook.com\/allasorias\" \/>\n\t\t<meta name=\"twitter:card\" content=\"summary_large_image\" \/>\n\t\t<meta name=\"twitter:title\" content=\"A kar\u00e1csonyi id\u0151szakban t\u00f6bb di\u00e1k dolgozhat | AllasOrias.hu | H\u00edrek-lapszemle\" \/>\n\t\t<meta name=\"twitter:description\" content=\"Az id\u00e9n nagyj\u00e1b\u00f3l 120 ezer di\u00e1k dolgozott, ez a m\u00falt \u00e9vhez k\u00e9pest 30 sz\u00e1zal\u00e9kos visszaes\u00e9s a Magyarorsz\u00e1gi Di\u00e1kv\u00e1llalkoz\u00e1sok Orsz\u00e1gos \u00c9rdekk\u00e9pviseleti Sz\u00f6vets\u00e9g\u00e9nek adatai szerint. Az \u00e9v utols\u00f3 heteiben t\u00f6bb di\u00e1k sz\u00e1m\u00e1ra lesz munka, a ny\u00e1r ut\u00e1n a kar\u00e1csony ugyanis a m\u00e1sodik leger\u0151sebb id\u0151szak a di\u00e1kfoglalkoztat\u00e1sban, az eg\u00e9sz \u00e9ves ig\u00e9ny k\u00f6zel 20 sz\u00e1zal\u00e9k\u00e1t adja - \u00edrta a\" \/>\n\t\t<meta name=\"twitter:image\" content=\"https:\/\/allasorias.hu\/hirek\/wp-content\/uploads\/2020\/11\/wrapping-service-seller-gives-customer-christmas-gift-box.jpg\" \/>\n\t\t<meta name=\"twitter:label1\" content=\"Written by\" \/>\n\t\t<meta name=\"twitter:data1\" content=\"Juh\u00e1sz P\u00e9ter\" \/>\n\t\t<meta name=\"twitter:label2\" content=\"Est. reading time\" \/>\n\t\t<meta name=\"twitter:data2\" content=\"1 minute\" \/>\n\t\t<script type=\"application\/ld+json\" class=\"aioseo-schema\">\n\t\t\t{\"@context\":\"https:\\\/\\\/schema.org\",\"@graph\":[{\"@type\":\"Article\",\"@id\":\"https:\\\/\\\/allasorias.hu\\\/hirek\\\/a-karacsonyi-idoszakban-tobb-diak-dolgozhat\\\/#article\",\"name\":\"A kar\\u00e1csonyi id\\u0151szakban t\\u00f6bb di\\u00e1k dolgozhat | AllasOrias.hu | H\\u00edrek-lapszemle\",\"headline\":\"A kar\\u00e1csonyi id\\u0151szakban t\\u00f6bb di\\u00e1k dolgozhat\",\"author\":{\"@id\":\"https:\\\/\\\/allasorias.hu\\\/hirek\\\/author\\\/admin-allasorias\\\/#author\"},\"publisher\":{\"@id\":\"https:\\\/\\\/allasorias.hu\\\/hirek\\\/#organization\"},\"image\":{\"@type\":\"ImageObject\",\"url\":\"https:\\\/\\\/allasorias.hu\\\/hirek\\\/wp-content\\\/uploads\\\/2020\\\/11\\\/wrapping-service-seller-gives-customer-christmas-gift-box.jpg\",\"width\":1920,\"height\":1282,\"caption\":\"Wrapping service seller gives to customer christmas gift box. Buyer ordered a package of present, festive packing\"},\"datePublished\":\"2020-11-20T07:52:40+02:00\",\"dateModified\":\"2020-11-20T07:52:40+02:00\",\"inLanguage\":\"hu-HU\",\"mainEntityOfPage\":{\"@id\":\"https:\\\/\\\/allasorias.hu\\\/hirek\\\/a-karacsonyi-idoszakban-tobb-diak-dolgozhat\\\/#webpage\"},\"isPartOf\":{\"@id\":\"https:\\\/\\\/allasorias.hu\\\/hirek\\\/a-karacsonyi-idoszakban-tobb-diak-dolgozhat\\\/#webpage\"},\"articleSection\":\"Munkaer\\u0151piac\"},{\"@type\":\"BreadcrumbList\",\"@id\":\"https:\\\/\\\/allasorias.hu\\\/hirek\\\/a-karacsonyi-idoszakban-tobb-diak-dolgozhat\\\/#breadcrumblist\",\"itemListElement\":[{\"@type\":\"ListItem\",\"@id\":\"https:\\\/\\\/allasorias.hu\\\/hirek#listItem\",\"position\":1,\"name\":\"Home\",\"item\":\"https:\\\/\\\/allasorias.hu\\\/hirek\",\"nextItem\":{\"@type\":\"ListItem\",\"@id\":\"https:\\\/\\\/allasorias.hu\\\/hirek\\\/temak\\\/munkaeropiac\\\/#listItem\",\"name\":\"Munkaer\\u0151piac\"}},{\"@type\":\"ListItem\",\"@id\":\"https:\\\/\\\/allasorias.hu\\\/hirek\\\/temak\\\/munkaeropiac\\\/#listItem\",\"position\":2,\"name\":\"Munkaer\\u0151piac\",\"item\":\"https:\\\/\\\/allasorias.hu\\\/hirek\\\/temak\\\/munkaeropiac\\\/\",\"nextItem\":{\"@type\":\"ListItem\",\"@id\":\"https:\\\/\\\/allasorias.hu\\\/hirek\\\/a-karacsonyi-idoszakban-tobb-diak-dolgozhat\\\/#listItem\",\"name\":\"A kar\\u00e1csonyi id\\u0151szakban t\\u00f6bb di\\u00e1k dolgozhat\"},\"previousItem\":{\"@type\":\"ListItem\",\"@id\":\"https:\\\/\\\/allasorias.hu\\\/hirek#listItem\",\"name\":\"Home\"}},{\"@type\":\"ListItem\",\"@id\":\"https:\\\/\\\/allasorias.hu\\\/hirek\\\/a-karacsonyi-idoszakban-tobb-diak-dolgozhat\\\/#listItem\",\"position\":3,\"name\":\"A kar\\u00e1csonyi id\\u0151szakban t\\u00f6bb di\\u00e1k dolgozhat\",\"previousItem\":{\"@type\":\"ListItem\",\"@id\":\"https:\\\/\\\/allasorias.hu\\\/hirek\\\/temak\\\/munkaeropiac\\\/#listItem\",\"name\":\"Munkaer\\u0151piac\"}}]},{\"@type\":\"Organization\",\"@id\":\"https:\\\/\\\/allasorias.hu\\\/hirek\\\/#organization\",\"name\":\"AllasOrias.hu | H\\u00edrek-lapszemle\",\"description\":\"\\u00dczleti h\\u00edrek az \\u00e1ll\\u00e1s \\u00e9s a munka vil\\u00e1g\\u00e1b\\u00f3l\",\"url\":\"https:\\\/\\\/allasorias.hu\\\/hirek\\\/\",\"logo\":{\"@type\":\"ImageObject\",\"url\":\"https:\\\/\\\/allasorias.hu\\\/hirek\\\/wp-content\\\/uploads\\\/2022\\\/10\\\/allasorias_site_facebok_logo.png\",\"@id\":\"https:\\\/\\\/allasorias.hu\\\/hirek\\\/a-karacsonyi-idoszakban-tobb-diak-dolgozhat\\\/#organizationLogo\"},\"image\":{\"@id\":\"https:\\\/\\\/allasorias.hu\\\/hirek\\\/a-karacsonyi-idoszakban-tobb-diak-dolgozhat\\\/#organizationLogo\"},\"sameAs\":[\"https:\\\/\\\/www.facebook.com\\\/allasorias\",\"https:\\\/\\\/www.linkedin.com\\\/company\\\/allasorias\"]},{\"@type\":\"Person\",\"@id\":\"https:\\\/\\\/allasorias.hu\\\/hirek\\\/author\\\/admin-allasorias\\\/#author\",\"url\":\"https:\\\/\\\/allasorias.hu\\\/hirek\\\/author\\\/admin-allasorias\\\/\",\"name\":\"Juh\\u00e1sz P\\u00e9ter\",\"image\":{\"@type\":\"ImageObject\",\"@id\":\"https:\\\/\\\/allasorias.hu\\\/hirek\\\/a-karacsonyi-idoszakban-tobb-diak-dolgozhat\\\/#authorImage\",\"url\":\"https:\\\/\\\/secure.gravatar.com\\\/avatar\\\/36e6bcb83148978b992977cb0f54d22feb0cce8a0a849a9410532bb2623ba4c6?s=96&d=mm&r=g\",\"width\":96,\"height\":96,\"caption\":\"Juh\\u00e1sz P\\u00e9ter\"}},{\"@type\":\"WebPage\",\"@id\":\"https:\\\/\\\/allasorias.hu\\\/hirek\\\/a-karacsonyi-idoszakban-tobb-diak-dolgozhat\\\/#webpage\",\"url\":\"https:\\\/\\\/allasorias.hu\\\/hirek\\\/a-karacsonyi-idoszakban-tobb-diak-dolgozhat\\\/\",\"name\":\"A kar\\u00e1csonyi id\\u0151szakban t\\u00f6bb di\\u00e1k dolgozhat | AllasOrias.hu | H\\u00edrek-lapszemle\",\"description\":\"Az id\\u00e9n nagyj\\u00e1b\\u00f3l 120 ezer di\\u00e1k dolgozott, ez a m\\u00falt \\u00e9vhez k\\u00e9pest 30 sz\\u00e1zal\\u00e9kos visszaes\\u00e9s a Magyarorsz\\u00e1gi Di\\u00e1kv\\u00e1llalkoz\\u00e1sok Orsz\\u00e1gos \\u00c9rdekk\\u00e9pviseleti Sz\\u00f6vets\\u00e9g\\u00e9nek adatai szerint. Az \\u00e9v utols\\u00f3 heteiben t\\u00f6bb di\\u00e1k sz\\u00e1m\\u00e1ra lesz munka, a ny\\u00e1r ut\\u00e1n a kar\\u00e1csony ugyanis a m\\u00e1sodik leger\\u0151sebb id\\u0151szak a di\\u00e1kfoglalkoztat\\u00e1sban, az eg\\u00e9sz \\u00e9ves ig\\u00e9ny k\\u00f6zel 20 sz\\u00e1zal\\u00e9k\\u00e1t adja - \\u00edrta a\",\"inLanguage\":\"hu-HU\",\"isPartOf\":{\"@id\":\"https:\\\/\\\/allasorias.hu\\\/hirek\\\/#website\"},\"breadcrumb\":{\"@id\":\"https:\\\/\\\/allasorias.hu\\\/hirek\\\/a-karacsonyi-idoszakban-tobb-diak-dolgozhat\\\/#breadcrumblist\"},\"author\":{\"@id\":\"https:\\\/\\\/allasorias.hu\\\/hirek\\\/author\\\/admin-allasorias\\\/#author\"},\"creator\":{\"@id\":\"https:\\\/\\\/allasorias.hu\\\/hirek\\\/author\\\/admin-allasorias\\\/#author\"},\"image\":{\"@type\":\"ImageObject\",\"url\":\"https:\\\/\\\/allasorias.hu\\\/hirek\\\/wp-content\\\/uploads\\\/2020\\\/11\\\/wrapping-service-seller-gives-customer-christmas-gift-box.jpg\",\"@id\":\"https:\\\/\\\/allasorias.hu\\\/hirek\\\/a-karacsonyi-idoszakban-tobb-diak-dolgozhat\\\/#mainImage\",\"width\":1920,\"height\":1282,\"caption\":\"Wrapping service seller gives to customer christmas gift box. Buyer ordered a package of present, festive packing\"},\"primaryImageOfPage\":{\"@id\":\"https:\\\/\\\/allasorias.hu\\\/hirek\\\/a-karacsonyi-idoszakban-tobb-diak-dolgozhat\\\/#mainImage\"},\"datePublished\":\"2020-11-20T07:52:40+02:00\",\"dateModified\":\"2020-11-20T07:52:40+02:00\"},{\"@type\":\"WebSite\",\"@id\":\"https:\\\/\\\/allasorias.hu\\\/hirek\\\/#website\",\"url\":\"https:\\\/\\\/allasorias.hu\\\/hirek\\\/\",\"name\":\"AllasOrias.hu | H\\u00edrek-lapszemle\",\"description\":\"\\u00dczleti h\\u00edrek az \\u00e1ll\\u00e1s \\u00e9s a munka vil\\u00e1g\\u00e1b\\u00f3l\",\"inLanguage\":\"hu-HU\",\"publisher\":{\"@id\":\"https:\\\/\\\/allasorias.hu\\\/hirek\\\/#organization\"}}]}\n\t\t<\/script>\n\t\t<!-- All in One SEO -->\n\n","aioseo_head_json":{"title":"A kar\u00e1csonyi id\u0151szakban t\u00f6bb di\u00e1k dolgozhat | AllasOrias.hu | H\u00edrek-lapszemle","description":"Az id\u00e9n nagyj\u00e1b\u00f3l 120 ezer di\u00e1k dolgozott, ez a m\u00falt \u00e9vhez k\u00e9pest 30 sz\u00e1zal\u00e9kos visszaes\u00e9s a Magyarorsz\u00e1gi Di\u00e1kv\u00e1llalkoz\u00e1sok Orsz\u00e1gos \u00c9rdekk\u00e9pviseleti Sz\u00f6vets\u00e9g\u00e9nek adatai szerint. Az \u00e9v utols\u00f3 heteiben t\u00f6bb di\u00e1k sz\u00e1m\u00e1ra lesz munka, a ny\u00e1r ut\u00e1n a kar\u00e1csony ugyanis a m\u00e1sodik leger\u0151sebb id\u0151szak a di\u00e1kfoglalkoztat\u00e1sban, az eg\u00e9sz \u00e9ves ig\u00e9ny k\u00f6zel 20 sz\u00e1zal\u00e9k\u00e1t adja - \u00edrta a","canonical_url":"https:\/\/allasorias.hu\/hirek\/a-karacsonyi-idoszakban-tobb-diak-dolgozhat\/","robots":"max-image-preview:large","keywords":"","webmasterTools":{"miscellaneous":""},"schema":{"@context":"https:\/\/schema.org","@graph":[{"@type":"Article","@id":"https:\/\/allasorias.hu\/hirek\/a-karacsonyi-idoszakban-tobb-diak-dolgozhat\/#article","name":"A kar\u00e1csonyi id\u0151szakban t\u00f6bb di\u00e1k dolgozhat | AllasOrias.hu | H\u00edrek-lapszemle","headline":"A kar\u00e1csonyi id\u0151szakban t\u00f6bb di\u00e1k dolgozhat","author":{"@id":"https:\/\/allasorias.hu\/hirek\/author\/admin-allasorias\/#author"},"publisher":{"@id":"https:\/\/allasorias.hu\/hirek\/#organization"},"image":{"@type":"ImageObject","url":"https:\/\/allasorias.hu\/hirek\/wp-content\/uploads\/2020\/11\/wrapping-service-seller-gives-customer-christmas-gift-box.jpg","width":1920,"height":1282,"caption":"Wrapping service seller gives to customer christmas gift box. Buyer ordered a package of present, festive packing"},"datePublished":"2020-11-20T07:52:40+02:00","dateModified":"2020-11-20T07:52:40+02:00","inLanguage":"hu-HU","mainEntityOfPage":{"@id":"https:\/\/allasorias.hu\/hirek\/a-karacsonyi-idoszakban-tobb-diak-dolgozhat\/#webpage"},"isPartOf":{"@id":"https:\/\/allasorias.hu\/hirek\/a-karacsonyi-idoszakban-tobb-diak-dolgozhat\/#webpage"},"articleSection":"Munkaer\u0151piac"},{"@type":"BreadcrumbList","@id":"https:\/\/allasorias.hu\/hirek\/a-karacsonyi-idoszakban-tobb-diak-dolgozhat\/#breadcrumblist","itemListElement":[{"@type":"ListItem","@id":"https:\/\/allasorias.hu\/hirek#listItem","position":1,"name":"Home","item":"https:\/\/allasorias.hu\/hirek","nextItem":{"@type":"ListItem","@id":"https:\/\/allasorias.hu\/hirek\/temak\/munkaeropiac\/#listItem","name":"Munkaer\u0151piac"}},{"@type":"ListItem","@id":"https:\/\/allasorias.hu\/hirek\/temak\/munkaeropiac\/#listItem","position":2,"name":"Munkaer\u0151piac","item":"https:\/\/allasorias.hu\/hirek\/temak\/munkaeropiac\/","nextItem":{"@type":"ListItem","@id":"https:\/\/allasorias.hu\/hirek\/a-karacsonyi-idoszakban-tobb-diak-dolgozhat\/#listItem","name":"A kar\u00e1csonyi id\u0151szakban t\u00f6bb di\u00e1k dolgozhat"},"previousItem":{"@type":"ListItem","@id":"https:\/\/allasorias.hu\/hirek#listItem","name":"Home"}},{"@type":"ListItem","@id":"https:\/\/allasorias.hu\/hirek\/a-karacsonyi-idoszakban-tobb-diak-dolgozhat\/#listItem","position":3,"name":"A kar\u00e1csonyi id\u0151szakban t\u00f6bb di\u00e1k dolgozhat","previousItem":{"@type":"ListItem","@id":"https:\/\/allasorias.hu\/hirek\/temak\/munkaeropiac\/#listItem","name":"Munkaer\u0151piac"}}]},{"@type":"Organization","@id":"https:\/\/allasorias.hu\/hirek\/#organization","name":"AllasOrias.hu | H\u00edrek-lapszemle","description":"\u00dczleti h\u00edrek az \u00e1ll\u00e1s \u00e9s a munka vil\u00e1g\u00e1b\u00f3l","url":"https:\/\/allasorias.hu\/hirek\/","logo":{"@type":"ImageObject","url":"https:\/\/allasorias.hu\/hirek\/wp-content\/uploads\/2022\/10\/allasorias_site_facebok_logo.png","@id":"https:\/\/allasorias.hu\/hirek\/a-karacsonyi-idoszakban-tobb-diak-dolgozhat\/#organizationLogo"},"image":{"@id":"https:\/\/allasorias.hu\/hirek\/a-karacsonyi-idoszakban-tobb-diak-dolgozhat\/#organizationLogo"},"sameAs":["https:\/\/www.facebook.com\/allasorias","https:\/\/www.linkedin.com\/company\/allasorias"]},{"@type":"Person","@id":"https:\/\/allasorias.hu\/hirek\/author\/admin-allasorias\/#author","url":"https:\/\/allasorias.hu\/hirek\/author\/admin-allasorias\/","name":"Juh\u00e1sz P\u00e9ter","image":{"@type":"ImageObject","@id":"https:\/\/allasorias.hu\/hirek\/a-karacsonyi-idoszakban-tobb-diak-dolgozhat\/#authorImage","url":"https:\/\/secure.gravatar.com\/avatar\/36e6bcb83148978b992977cb0f54d22feb0cce8a0a849a9410532bb2623ba4c6?s=96&d=mm&r=g","width":96,"height":96,"caption":"Juh\u00e1sz P\u00e9ter"}},{"@type":"WebPage","@id":"https:\/\/allasorias.hu\/hirek\/a-karacsonyi-idoszakban-tobb-diak-dolgozhat\/#webpage","url":"https:\/\/allasorias.hu\/hirek\/a-karacsonyi-idoszakban-tobb-diak-dolgozhat\/","name":"A kar\u00e1csonyi id\u0151szakban t\u00f6bb di\u00e1k dolgozhat | AllasOrias.hu | H\u00edrek-lapszemle","description":"Az id\u00e9n nagyj\u00e1b\u00f3l 120 ezer di\u00e1k dolgozott, ez a m\u00falt \u00e9vhez k\u00e9pest 30 sz\u00e1zal\u00e9kos visszaes\u00e9s a Magyarorsz\u00e1gi Di\u00e1kv\u00e1llalkoz\u00e1sok Orsz\u00e1gos \u00c9rdekk\u00e9pviseleti Sz\u00f6vets\u00e9g\u00e9nek adatai szerint. Az \u00e9v utols\u00f3 heteiben t\u00f6bb di\u00e1k sz\u00e1m\u00e1ra lesz munka, a ny\u00e1r ut\u00e1n a kar\u00e1csony ugyanis a m\u00e1sodik leger\u0151sebb id\u0151szak a di\u00e1kfoglalkoztat\u00e1sban, az eg\u00e9sz \u00e9ves ig\u00e9ny k\u00f6zel 20 sz\u00e1zal\u00e9k\u00e1t adja - \u00edrta a","inLanguage":"hu-HU","isPartOf":{"@id":"https:\/\/allasorias.hu\/hirek\/#website"},"breadcrumb":{"@id":"https:\/\/allasorias.hu\/hirek\/a-karacsonyi-idoszakban-tobb-diak-dolgozhat\/#breadcrumblist"},"author":{"@id":"https:\/\/allasorias.hu\/hirek\/author\/admin-allasorias\/#author"},"creator":{"@id":"https:\/\/allasorias.hu\/hirek\/author\/admin-allasorias\/#author"},"image":{"@type":"ImageObject","url":"https:\/\/allasorias.hu\/hirek\/wp-content\/uploads\/2020\/11\/wrapping-service-seller-gives-customer-christmas-gift-box.jpg","@id":"https:\/\/allasorias.hu\/hirek\/a-karacsonyi-idoszakban-tobb-diak-dolgozhat\/#mainImage","width":1920,"height":1282,"caption":"Wrapping service seller gives to customer christmas gift box. Buyer ordered a package of present, festive packing"},"primaryImageOfPage":{"@id":"https:\/\/allasorias.hu\/hirek\/a-karacsonyi-idoszakban-tobb-diak-dolgozhat\/#mainImage"},"datePublished":"2020-11-20T07:52:40+02:00","dateModified":"2020-11-20T07:52:40+02:00"},{"@type":"WebSite","@id":"https:\/\/allasorias.hu\/hirek\/#website","url":"https:\/\/allasorias.hu\/hirek\/","name":"AllasOrias.hu | H\u00edrek-lapszemle","description":"\u00dczleti h\u00edrek az \u00e1ll\u00e1s \u00e9s a munka vil\u00e1g\u00e1b\u00f3l","inLanguage":"hu-HU","publisher":{"@id":"https:\/\/allasorias.hu\/hirek\/#organization"}}]},"og:locale":"hu_HU","og:site_name":"AllasOrias.hu | H\u00edrek-lapszemle | \u00dczleti h\u00edrek az \u00e1ll\u00e1s \u00e9s a munka vil\u00e1g\u00e1b\u00f3l","og:type":"article","og:title":"A kar\u00e1csonyi id\u0151szakban t\u00f6bb di\u00e1k dolgozhat | AllasOrias.hu | H\u00edrek-lapszemle","og:description":"Az id\u00e9n nagyj\u00e1b\u00f3l 120 ezer di\u00e1k dolgozott, ez a m\u00falt \u00e9vhez k\u00e9pest 30 sz\u00e1zal\u00e9kos visszaes\u00e9s a Magyarorsz\u00e1gi Di\u00e1kv\u00e1llalkoz\u00e1sok Orsz\u00e1gos \u00c9rdekk\u00e9pviseleti Sz\u00f6vets\u00e9g\u00e9nek adatai szerint. Az \u00e9v utols\u00f3 heteiben t\u00f6bb di\u00e1k sz\u00e1m\u00e1ra lesz munka, a ny\u00e1r ut\u00e1n a kar\u00e1csony ugyanis a m\u00e1sodik leger\u0151sebb id\u0151szak a di\u00e1kfoglalkoztat\u00e1sban, az eg\u00e9sz \u00e9ves ig\u00e9ny k\u00f6zel 20 sz\u00e1zal\u00e9k\u00e1t adja - \u00edrta a","og:url":"https:\/\/allasorias.hu\/hirek\/a-karacsonyi-idoszakban-tobb-diak-dolgozhat\/","og:image":"https:\/\/allasorias.hu\/hirek\/wp-content\/uploads\/2020\/11\/wrapping-service-seller-gives-customer-christmas-gift-box.jpg","og:image:secure_url":"https:\/\/allasorias.hu\/hirek\/wp-content\/uploads\/2020\/11\/wrapping-service-seller-gives-customer-christmas-gift-box.jpg","og:image:width":1920,"og:image:height":1282,"article:published_time":"2020-11-20T07:52:40+00:00","article:modified_time":"2020-11-20T07:52:40+00:00","article:publisher":"https:\/\/www.facebook.com\/allasorias","twitter:card":"summary_large_image","twitter:title":"A kar\u00e1csonyi id\u0151szakban t\u00f6bb di\u00e1k dolgozhat | AllasOrias.hu | H\u00edrek-lapszemle","twitter:description":"Az id\u00e9n nagyj\u00e1b\u00f3l 120 ezer di\u00e1k dolgozott, ez a m\u00falt \u00e9vhez k\u00e9pest 30 sz\u00e1zal\u00e9kos visszaes\u00e9s a Magyarorsz\u00e1gi Di\u00e1kv\u00e1llalkoz\u00e1sok Orsz\u00e1gos \u00c9rdekk\u00e9pviseleti Sz\u00f6vets\u00e9g\u00e9nek adatai szerint. Az \u00e9v utols\u00f3 heteiben t\u00f6bb di\u00e1k sz\u00e1m\u00e1ra lesz munka, a ny\u00e1r ut\u00e1n a kar\u00e1csony ugyanis a m\u00e1sodik leger\u0151sebb id\u0151szak a di\u00e1kfoglalkoztat\u00e1sban, az eg\u00e9sz \u00e9ves ig\u00e9ny k\u00f6zel 20 sz\u00e1zal\u00e9k\u00e1t adja - \u00edrta a","twitter:image":"https:\/\/allasorias.hu\/hirek\/wp-content\/uploads\/2020\/11\/wrapping-service-seller-gives-customer-christmas-gift-box.jpg","twitter:label1":"Written by","twitter:data1":"Juh\u00e1sz P\u00e9ter","twitter:label2":"Est. reading time","twitter:data2":"1 minute"},"aioseo_meta_data":{"post_id":"4392","title":null,"description":"","keywords":"","keyphrases":null,"primary_term":null,"canonical_url":"","og_title":null,"og_description":null,"og_object_type":"default","og_image_type":"default","og_image_url":null,"og_image_width":null,"og_image_height":null,"og_image_custom_url":null,"og_image_custom_fields":null,"og_video":null,"og_custom_url":null,"og_article_section":null,"og_article_tags":null,"twitter_use_og":false,"twitter_card":"default","twitter_image_type":"default","twitter_image_url":null,"twitter_image_custom_url":null,"twitter_image_custom_fields":null,"twitter_title":null,"twitter_description":null,"schema":{"blockGraphs":[],"customGraphs":[],"default":{"data":{"Article":[],"Course":[],"Dataset":[],"FAQPage":[],"Movie":[],"Person":[],"Product":[],"ProductReview":[],"Car":[],"Recipe":[],"Service":[],"SoftwareApplication":[],"WebPage":[]},"graphName":"","isEnabled":true},"graphs":[]},"schema_type":null,"schema_type_options":null,"pillar_content":false,"robots_default":true,"robots_noindex":false,"robots_noarchive":false,"robots_nosnippet":false,"robots_nofollow":false,"robots_noimageindex":false,"robots_noodp":false,"robots_notranslate":false,"robots_max_snippet":null,"robots_max_videopreview":null,"robots_max_imagepreview":"large","priority":null,"frequency":null,"location":null,"local_seo":null,"breadcrumb_settings":null,"limit_modified_date":false,"ai":null,"created":"2021-02-01 20:44:59","updated":"2025-10-02 15:02:07","seo_analyzer_scan_date":null,"focus_keyword":null,"additional_keywords":null,"truseo_locale":null},"aioseo_breadcrumb":"<div class=\"aioseo-breadcrumbs\"><span class=\"aioseo-breadcrumb\">\n\t\t\t<a href=\"https:\/\/allasorias.hu\/hirek\" title=\"Home\">Home<\/a>\n\t\t<\/span><span class=\"aioseo-breadcrumb-separator\">&raquo;<\/span><span class=\"aioseo-breadcrumb\">\n\t\t\t<a href=\"https:\/\/allasorias.hu\/hirek\/temak\/munkaeropiac\/\" title=\"Munkaer\u0151piac\">Munkaer\u0151piac<\/a>\n\t\t<\/span><span class=\"aioseo-breadcrumb-separator\">&raquo;<\/span><span class=\"aioseo-breadcrumb\">\n\t\t\tA kar\u00e1csonyi id\u0151szakban t\u00f6bb di\u00e1k dolgozhat\n\t\t<\/span><\/div>","aioseo_breadcrumb_json":[{"label":"Home","link":"https:\/\/allasorias.hu\/hirek"},{"label":"Munkaer\u0151piac","link":"https:\/\/allasorias.hu\/hirek\/temak\/munkaeropiac\/"},{"label":"A kar\u00e1csonyi id\u0151szakban t\u00f6bb di\u00e1k dolgozhat","link":"https:\/\/allasorias.hu\/hirek\/a-karacsonyi-idoszakban-tobb-diak-dolgozhat\/"}],"_links":{"self":[{"href":"https:\/\/allasorias.hu\/hirek\/wp-json\/wp\/v2\/posts\/4392","targetHints":{"allow":["GET"]}}],"collection":[{"href":"https:\/\/allasorias.hu\/hirek\/wp-json\/wp\/v2\/posts"}],"about":[{"href":"https:\/\/allasorias.hu\/hirek\/wp-json\/wp\/v2\/types\/post"}],"author":[{"embeddable":true,"href":"https:\/\/allasorias.hu\/hirek\/wp-json\/wp\/v2\/users\/1"}],"replies":[{"embeddable":true,"href":"https:\/\/allasorias.hu\/hirek\/wp-json\/wp\/v2\/comments?post=4392"}],"version-history":[{"count":1,"href":"https:\/\/allasorias.hu\/hirek\/wp-json\/wp\/v2\/posts\/4392\/revisions"}],"predecessor-version":[{"id":4394,"href":"https:\/\/allasorias.hu\/hirek\/wp-json\/wp\/v2\/posts\/4392\/revisions\/4394"}],"wp:featuredmedia":[{"embeddable":true,"href":"https:\/\/allasorias.hu\/hirek\/wp-json\/wp\/v2\/media\/4393"}],"wp:attachment":[{"href":"https:\/\/allasorias.hu\/hirek\/wp-json\/wp\/v2\/media?parent=4392"}],"wp:term":[{"taxonomy":"category","embeddable":true,"href":"https:\/\/allasorias.hu\/hirek\/wp-json\/wp\/v2\/categories?post=4392"},{"taxonomy":"post_tag","embeddable":true,"href":"https:\/\/allasorias.hu\/hirek\/wp-json\/wp\/v2\/tags?post=4392"}],"curies":[{"name":"wp","href":"https:\/\/api.w.org\/{rel}","templated":true}]}}