{"id":4388,"date":"2020-11-19T10:23:32","date_gmt":"2020-11-19T10:23:32","guid":{"rendered":"https:\/\/allasorias.hu\/hirek\/?p=4388"},"modified":"2020-11-19T10:23:32","modified_gmt":"2020-11-19T10:23:32","slug":"bertamogatas-200-ezer-allast-ved-meg-az-uj-program","status":"publish","type":"post","link":"https:\/\/allasorias.hu\/hirek\/bertamogatas-200-ezer-allast-ved-meg-az-uj-program\/","title":{"rendered":"B\u00e9rt\u00e1mogat\u00e1s \u2013 200 ezer \u00e1ll\u00e1st v\u00e9d meg az \u00faj program"},"content":{"rendered":"<p>Sok vend\u00e9gl\u00e1t\u00f3s k\u00e9nytelen volt bez\u00e1rni. K\u00f6zel 200 ezer ember dolgozik azokban az \u00e1gazatokban, amelyekben lehet\u0151s\u00e9g van a b\u00e9rt\u00e1mogat\u00e1si programban val\u00f3 r\u00e9szv\u00e9telre \u2013 mondta az Innov\u00e1ci\u00f3s \u00e9s Technol\u00f3giai Miniszt\u00e9rium (ITM) foglalkoztat\u00e1spolitik\u00e1\u00e9rt felel\u0151s \u00e1llamtitk\u00e1ra. Bod\u00f3 S\u00e1ndor az M1-en kiemelte: a koronav\u00edrus-j\u00e1rv\u00e1ny tavaszi els\u0151 hull\u00e1m\u00e1nak id\u0151szak\u00e1hoz hasonl\u00f3an a munkab\u00e9rek kifizet\u00e9s\u00e9ben az \u00e1llam jelent\u0151s seg\u00edts\u00e9get ny\u00fajt, 241 500 forint a brutt\u00f3 t\u00e1mogat\u00e1s, amelyet a munkaad\u00f3knak tudnak most biztos\u00edtani ig\u00e9nyl\u00e9s alapj\u00e1n. Ez azt jelenti, hogy a forr\u00e1s rendelkez\u00e9sre \u00e1ll a munkav\u00e1llal\u00f3 megtart\u00e1s\u00e1hoz, amely elv\u00e1r\u00e1s is. A t\u00e1mogat\u00e1si forma novemberre ig\u00e9nyelhet\u0151, a k\u00e9relmet a foglalkoztat\u00e1si f\u0151oszt\u00e1lyokn\u00e1l lehet beadni. Az \u00e1llamtitk\u00e1r a foglalkoztat\u00e1sr\u00f3l elmondta, hogy jelenleg mintegy 4,5 milli\u00f3an dolgoznak Magyarorsz\u00e1gon, ugyanakkor a munkaer\u0151piac szinte \u00f3r\u00e1r\u00f3l \u00f3r\u00e1ra v\u00e1ltozik, reag\u00e1l a napi kih\u00edv\u00e1sokra, ez\u00e9rt nagyon fontos, hogy k\u00e9szen \u00e1lljanak a t\u00e1mogat\u00e1si programokkal. Besz\u00e9lt a t\u00e1vmunka szab\u00e1lyoz\u00e1s\u00e1r\u00f3l is: a jogi alapok megteremt\u0151dtek, amelyek lehet\u0151s\u00e9get adnak arra, hogy a munkak\u00f6nyv tartalm\u00e1t\u00f3l jelent\u0151sen elt\u00e9rjenek meg\u00e1llapod\u00e1s form\u00e1j\u00e1ban. A k\u00f6lts\u00e9g\u00e1tal\u00e1ny biztos\u00edt\u00e1sa is nagy seg\u00edts\u00e9g, hiszen amennyiben a versenyszf\u00e9r\u00e1ban a munkaad\u00f3 \u00e9s a munkav\u00e1llal\u00f3 meg tud \u00e1llapodni, akkor a minim\u00e1lb\u00e9r 10 sz\u00e1zal\u00e9k\u00e1ig, 16 100 forintig \u00e1tal\u00e1ny sz\u00e1molhat\u00f3 el. Kor\u00e1bban is volt arra m\u00f3d, hogy a rezsisz\u00e1ml\u00e1kat valamilyen megoszt\u00e1s szerint a munkahely elsz\u00e1molja t\u00e1vmunka eset\u00e9n, de ez bonyolult volt, az \u00e1tal\u00e1nnyal egyszer\u0171bb\u00e9 v\u00e1lt \u2013 tette hozz\u00e1.<\/p>\n<p>&nbsp;<\/p>\n<p>Forr\u00e1s: azuzlet.hu<\/p>\n","protected":false},"excerpt":{"rendered":"<p>Sok vend\u00e9gl\u00e1t\u00f3s k\u00e9nytelen volt bez\u00e1rni. K\u00f6zel 200 ezer ember dolgozik azokban az \u00e1gazatokban, amelyekben lehet\u0151s\u00e9g van a b\u00e9rt\u00e1mogat\u00e1si programban val\u00f3 r\u00e9szv\u00e9telre \u2013 mondta az Innov\u00e1ci\u00f3s \u00e9s Technol\u00f3giai Miniszt\u00e9rium (ITM) foglalkoztat\u00e1spolitik\u00e1\u00e9rt felel\u0151s \u00e1llamtitk\u00e1ra. Bod\u00f3 S\u00e1ndor az M1-en kiemelte: a koronav\u00edrus-j\u00e1rv\u00e1ny tavaszi els\u0151 hull\u00e1m\u00e1nak id\u0151szak\u00e1hoz hasonl\u00f3an a munkab\u00e9rek kifizet\u00e9s\u00e9ben az \u00e1llam jelent\u0151s seg\u00edts\u00e9get ny\u00fajt, 241 500 forint [&hellip;]<\/p>\n","protected":false},"author":1,"featured_media":4052,"comment_status":"open","ping_status":"open","sticky":false,"template":"","format":"standard","meta":{"_monsterinsights_skip_tracking":false,"footnotes":""},"categories":[198],"tags":[],"class_list":["post-4388","post","type-post","status-publish","format-standard","has-post-thumbnail","hentry","category-gazdasag"],"aioseo_notices":[],"aioseo_head":"\n\t\t<!-- All in One SEO 5.0.0.1 - aioseo.com -->\n\t<meta name=\"description\" content=\"Sok vend\u00e9gl\u00e1t\u00f3s k\u00e9nytelen volt bez\u00e1rni. K\u00f6zel 200 ezer ember dolgozik azokban az \u00e1gazatokban, amelyekben lehet\u0151s\u00e9g van a b\u00e9rt\u00e1mogat\u00e1si programban val\u00f3 r\u00e9szv\u00e9telre \u2013 mondta az Innov\u00e1ci\u00f3s \u00e9s Technol\u00f3giai Miniszt\u00e9rium (ITM) foglalkoztat\u00e1spolitik\u00e1\u00e9rt felel\u0151s \u00e1llamtitk\u00e1ra. Bod\u00f3 S\u00e1ndor az M1-en kiemelte: a koronav\u00edrus-j\u00e1rv\u00e1ny tavaszi els\u0151 hull\u00e1m\u00e1nak id\u0151szak\u00e1hoz hasonl\u00f3an a munkab\u00e9rek kifizet\u00e9s\u00e9ben az \u00e1llam jelent\u0151s seg\u00edts\u00e9get ny\u00fajt, 241 500 forint\" \/>\n\t<meta name=\"robots\" content=\"max-image-preview:large\" \/>\n\t<meta name=\"author\" content=\"Juh\u00e1sz P\u00e9ter\"\/>\n\t<link rel=\"canonical\" href=\"https:\/\/allasorias.hu\/hirek\/bertamogatas-200-ezer-allast-ved-meg-az-uj-program\/\" \/>\n\t<meta name=\"generator\" content=\"All in One SEO (AIOSEO) 5.0.0.1\" \/>\n\t\t<meta property=\"og:locale\" content=\"hu_HU\" \/>\n\t\t<meta property=\"og:site_name\" content=\"AllasOrias.hu | H\u00edrek-lapszemle | \u00dczleti h\u00edrek az \u00e1ll\u00e1s \u00e9s a munka vil\u00e1g\u00e1b\u00f3l\" \/>\n\t\t<meta property=\"og:type\" content=\"article\" \/>\n\t\t<meta property=\"og:title\" content=\"B\u00e9rt\u00e1mogat\u00e1s \u2013 200 ezer \u00e1ll\u00e1st v\u00e9d meg az \u00faj program | AllasOrias.hu | H\u00edrek-lapszemle\" \/>\n\t\t<meta property=\"og:description\" content=\"Sok vend\u00e9gl\u00e1t\u00f3s k\u00e9nytelen volt bez\u00e1rni. K\u00f6zel 200 ezer ember dolgozik azokban az \u00e1gazatokban, amelyekben lehet\u0151s\u00e9g van a b\u00e9rt\u00e1mogat\u00e1si programban val\u00f3 r\u00e9szv\u00e9telre \u2013 mondta az Innov\u00e1ci\u00f3s \u00e9s Technol\u00f3giai Miniszt\u00e9rium (ITM) foglalkoztat\u00e1spolitik\u00e1\u00e9rt felel\u0151s \u00e1llamtitk\u00e1ra. Bod\u00f3 S\u00e1ndor az M1-en kiemelte: a koronav\u00edrus-j\u00e1rv\u00e1ny tavaszi els\u0151 hull\u00e1m\u00e1nak id\u0151szak\u00e1hoz hasonl\u00f3an a munkab\u00e9rek kifizet\u00e9s\u00e9ben az \u00e1llam jelent\u0151s seg\u00edts\u00e9get ny\u00fajt, 241 500 forint\" \/>\n\t\t<meta property=\"og:url\" content=\"https:\/\/allasorias.hu\/hirek\/bertamogatas-200-ezer-allast-ved-meg-az-uj-program\/\" \/>\n\t\t<meta property=\"og:image\" content=\"https:\/\/allasorias.hu\/hirek\/wp-content\/uploads\/2020\/06\/gazdas\u00e1g.jpg\" \/>\n\t\t<meta property=\"og:image:secure_url\" content=\"https:\/\/allasorias.hu\/hirek\/wp-content\/uploads\/2020\/06\/gazdas\u00e1g.jpg\" \/>\n\t\t<meta property=\"og:image:width\" content=\"600\" \/>\n\t\t<meta property=\"og:image:height\" content=\"400\" \/>\n\t\t<meta property=\"article:published_time\" content=\"2020-11-19T10:23:32+00:00\" \/>\n\t\t<meta property=\"article:modified_time\" content=\"2020-11-19T10:23:32+00:00\" \/>\n\t\t<meta property=\"article:publisher\" content=\"https:\/\/www.facebook.com\/allasorias\" \/>\n\t\t<meta name=\"twitter:card\" content=\"summary_large_image\" \/>\n\t\t<meta name=\"twitter:title\" content=\"B\u00e9rt\u00e1mogat\u00e1s \u2013 200 ezer \u00e1ll\u00e1st v\u00e9d meg az \u00faj program | AllasOrias.hu | H\u00edrek-lapszemle\" \/>\n\t\t<meta name=\"twitter:description\" content=\"Sok vend\u00e9gl\u00e1t\u00f3s k\u00e9nytelen volt bez\u00e1rni. K\u00f6zel 200 ezer ember dolgozik azokban az \u00e1gazatokban, amelyekben lehet\u0151s\u00e9g van a b\u00e9rt\u00e1mogat\u00e1si programban val\u00f3 r\u00e9szv\u00e9telre \u2013 mondta az Innov\u00e1ci\u00f3s \u00e9s Technol\u00f3giai Miniszt\u00e9rium (ITM) foglalkoztat\u00e1spolitik\u00e1\u00e9rt felel\u0151s \u00e1llamtitk\u00e1ra. Bod\u00f3 S\u00e1ndor az M1-en kiemelte: a koronav\u00edrus-j\u00e1rv\u00e1ny tavaszi els\u0151 hull\u00e1m\u00e1nak id\u0151szak\u00e1hoz hasonl\u00f3an a munkab\u00e9rek kifizet\u00e9s\u00e9ben az \u00e1llam jelent\u0151s seg\u00edts\u00e9get ny\u00fajt, 241 500 forint\" \/>\n\t\t<meta name=\"twitter:image\" content=\"https:\/\/allasorias.hu\/hirek\/wp-content\/uploads\/2020\/06\/gazdas\u00e1g.jpg\" \/>\n\t\t<meta name=\"twitter:label1\" content=\"Written by\" \/>\n\t\t<meta name=\"twitter:data1\" content=\"Juh\u00e1sz P\u00e9ter\" \/>\n\t\t<meta name=\"twitter:label2\" content=\"Est. reading time\" \/>\n\t\t<meta name=\"twitter:data2\" content=\"2 minutes\" \/>\n\t\t<script type=\"application\/ld+json\" class=\"aioseo-schema\">\n\t\t\t{\"@context\":\"https:\\\/\\\/schema.org\",\"@graph\":[{\"@type\":\"Article\",\"@id\":\"https:\\\/\\\/allasorias.hu\\\/hirek\\\/bertamogatas-200-ezer-allast-ved-meg-az-uj-program\\\/#article\",\"name\":\"B\\u00e9rt\\u00e1mogat\\u00e1s \\u2013 200 ezer \\u00e1ll\\u00e1st v\\u00e9d meg az \\u00faj program | AllasOrias.hu | H\\u00edrek-lapszemle\",\"headline\":\"B\\u00e9rt\\u00e1mogat\\u00e1s \\u2013 200 ezer \\u00e1ll\\u00e1st v\\u00e9d meg az \\u00faj program\",\"author\":{\"@id\":\"https:\\\/\\\/allasorias.hu\\\/hirek\\\/author\\\/admin-allasorias\\\/#author\"},\"publisher\":{\"@id\":\"https:\\\/\\\/allasorias.hu\\\/hirek\\\/#organization\"},\"image\":{\"@type\":\"ImageObject\",\"url\":\"https:\\\/\\\/allasorias.hu\\\/hirek\\\/wp-content\\\/uploads\\\/2020\\\/06\\\/gazdas\\u00e1g.jpg\",\"width\":600,\"height\":400},\"datePublished\":\"2020-11-19T10:23:32+02:00\",\"dateModified\":\"2020-11-19T10:23:32+02:00\",\"inLanguage\":\"hu-HU\",\"mainEntityOfPage\":{\"@id\":\"https:\\\/\\\/allasorias.hu\\\/hirek\\\/bertamogatas-200-ezer-allast-ved-meg-az-uj-program\\\/#webpage\"},\"isPartOf\":{\"@id\":\"https:\\\/\\\/allasorias.hu\\\/hirek\\\/bertamogatas-200-ezer-allast-ved-meg-az-uj-program\\\/#webpage\"},\"articleSection\":\"Gazdas\\u00e1g\"},{\"@type\":\"BreadcrumbList\",\"@id\":\"https:\\\/\\\/allasorias.hu\\\/hirek\\\/bertamogatas-200-ezer-allast-ved-meg-az-uj-program\\\/#breadcrumblist\",\"itemListElement\":[{\"@type\":\"ListItem\",\"@id\":\"https:\\\/\\\/allasorias.hu\\\/hirek#listItem\",\"position\":1,\"name\":\"Home\",\"item\":\"https:\\\/\\\/allasorias.hu\\\/hirek\",\"nextItem\":{\"@type\":\"ListItem\",\"@id\":\"https:\\\/\\\/allasorias.hu\\\/hirek\\\/temak\\\/gazdasag\\\/#listItem\",\"name\":\"Gazdas\\u00e1g\"}},{\"@type\":\"ListItem\",\"@id\":\"https:\\\/\\\/allasorias.hu\\\/hirek\\\/temak\\\/gazdasag\\\/#listItem\",\"position\":2,\"name\":\"Gazdas\\u00e1g\",\"item\":\"https:\\\/\\\/allasorias.hu\\\/hirek\\\/temak\\\/gazdasag\\\/\",\"nextItem\":{\"@type\":\"ListItem\",\"@id\":\"https:\\\/\\\/allasorias.hu\\\/hirek\\\/bertamogatas-200-ezer-allast-ved-meg-az-uj-program\\\/#listItem\",\"name\":\"B\\u00e9rt\\u00e1mogat\\u00e1s \\u2013 200 ezer \\u00e1ll\\u00e1st v\\u00e9d meg az \\u00faj program\"},\"previousItem\":{\"@type\":\"ListItem\",\"@id\":\"https:\\\/\\\/allasorias.hu\\\/hirek#listItem\",\"name\":\"Home\"}},{\"@type\":\"ListItem\",\"@id\":\"https:\\\/\\\/allasorias.hu\\\/hirek\\\/bertamogatas-200-ezer-allast-ved-meg-az-uj-program\\\/#listItem\",\"position\":3,\"name\":\"B\\u00e9rt\\u00e1mogat\\u00e1s \\u2013 200 ezer \\u00e1ll\\u00e1st v\\u00e9d meg az \\u00faj program\",\"previousItem\":{\"@type\":\"ListItem\",\"@id\":\"https:\\\/\\\/allasorias.hu\\\/hirek\\\/temak\\\/gazdasag\\\/#listItem\",\"name\":\"Gazdas\\u00e1g\"}}]},{\"@type\":\"Organization\",\"@id\":\"https:\\\/\\\/allasorias.hu\\\/hirek\\\/#organization\",\"name\":\"AllasOrias.hu | H\\u00edrek-lapszemle\",\"description\":\"\\u00dczleti h\\u00edrek az \\u00e1ll\\u00e1s \\u00e9s a munka vil\\u00e1g\\u00e1b\\u00f3l\",\"url\":\"https:\\\/\\\/allasorias.hu\\\/hirek\\\/\",\"logo\":{\"@type\":\"ImageObject\",\"url\":\"https:\\\/\\\/allasorias.hu\\\/hirek\\\/wp-content\\\/uploads\\\/2022\\\/10\\\/allasorias_site_facebok_logo.png\",\"@id\":\"https:\\\/\\\/allasorias.hu\\\/hirek\\\/bertamogatas-200-ezer-allast-ved-meg-az-uj-program\\\/#organizationLogo\"},\"image\":{\"@id\":\"https:\\\/\\\/allasorias.hu\\\/hirek\\\/bertamogatas-200-ezer-allast-ved-meg-az-uj-program\\\/#organizationLogo\"},\"sameAs\":[\"https:\\\/\\\/www.facebook.com\\\/allasorias\",\"https:\\\/\\\/www.linkedin.com\\\/company\\\/allasorias\"]},{\"@type\":\"Person\",\"@id\":\"https:\\\/\\\/allasorias.hu\\\/hirek\\\/author\\\/admin-allasorias\\\/#author\",\"url\":\"https:\\\/\\\/allasorias.hu\\\/hirek\\\/author\\\/admin-allasorias\\\/\",\"name\":\"Juh\\u00e1sz P\\u00e9ter\",\"image\":{\"@type\":\"ImageObject\",\"@id\":\"https:\\\/\\\/allasorias.hu\\\/hirek\\\/bertamogatas-200-ezer-allast-ved-meg-az-uj-program\\\/#authorImage\",\"url\":\"https:\\\/\\\/secure.gravatar.com\\\/avatar\\\/36e6bcb83148978b992977cb0f54d22feb0cce8a0a849a9410532bb2623ba4c6?s=96&d=mm&r=g\",\"width\":96,\"height\":96,\"caption\":\"Juh\\u00e1sz P\\u00e9ter\"}},{\"@type\":\"WebPage\",\"@id\":\"https:\\\/\\\/allasorias.hu\\\/hirek\\\/bertamogatas-200-ezer-allast-ved-meg-az-uj-program\\\/#webpage\",\"url\":\"https:\\\/\\\/allasorias.hu\\\/hirek\\\/bertamogatas-200-ezer-allast-ved-meg-az-uj-program\\\/\",\"name\":\"B\\u00e9rt\\u00e1mogat\\u00e1s \\u2013 200 ezer \\u00e1ll\\u00e1st v\\u00e9d meg az \\u00faj program | AllasOrias.hu | H\\u00edrek-lapszemle\",\"description\":\"Sok vend\\u00e9gl\\u00e1t\\u00f3s k\\u00e9nytelen volt bez\\u00e1rni. K\\u00f6zel 200 ezer ember dolgozik azokban az \\u00e1gazatokban, amelyekben lehet\\u0151s\\u00e9g van a b\\u00e9rt\\u00e1mogat\\u00e1si programban val\\u00f3 r\\u00e9szv\\u00e9telre \\u2013 mondta az Innov\\u00e1ci\\u00f3s \\u00e9s Technol\\u00f3giai Miniszt\\u00e9rium (ITM) foglalkoztat\\u00e1spolitik\\u00e1\\u00e9rt felel\\u0151s \\u00e1llamtitk\\u00e1ra. Bod\\u00f3 S\\u00e1ndor az M1-en kiemelte: a koronav\\u00edrus-j\\u00e1rv\\u00e1ny tavaszi els\\u0151 hull\\u00e1m\\u00e1nak id\\u0151szak\\u00e1hoz hasonl\\u00f3an a munkab\\u00e9rek kifizet\\u00e9s\\u00e9ben az \\u00e1llam jelent\\u0151s seg\\u00edts\\u00e9get ny\\u00fajt, 241 500 forint\",\"inLanguage\":\"hu-HU\",\"isPartOf\":{\"@id\":\"https:\\\/\\\/allasorias.hu\\\/hirek\\\/#website\"},\"breadcrumb\":{\"@id\":\"https:\\\/\\\/allasorias.hu\\\/hirek\\\/bertamogatas-200-ezer-allast-ved-meg-az-uj-program\\\/#breadcrumblist\"},\"author\":{\"@id\":\"https:\\\/\\\/allasorias.hu\\\/hirek\\\/author\\\/admin-allasorias\\\/#author\"},\"creator\":{\"@id\":\"https:\\\/\\\/allasorias.hu\\\/hirek\\\/author\\\/admin-allasorias\\\/#author\"},\"image\":{\"@type\":\"ImageObject\",\"url\":\"https:\\\/\\\/allasorias.hu\\\/hirek\\\/wp-content\\\/uploads\\\/2020\\\/06\\\/gazdas\\u00e1g.jpg\",\"@id\":\"https:\\\/\\\/allasorias.hu\\\/hirek\\\/bertamogatas-200-ezer-allast-ved-meg-az-uj-program\\\/#mainImage\",\"width\":600,\"height\":400},\"primaryImageOfPage\":{\"@id\":\"https:\\\/\\\/allasorias.hu\\\/hirek\\\/bertamogatas-200-ezer-allast-ved-meg-az-uj-program\\\/#mainImage\"},\"datePublished\":\"2020-11-19T10:23:32+02:00\",\"dateModified\":\"2020-11-19T10:23:32+02:00\"},{\"@type\":\"WebSite\",\"@id\":\"https:\\\/\\\/allasorias.hu\\\/hirek\\\/#website\",\"url\":\"https:\\\/\\\/allasorias.hu\\\/hirek\\\/\",\"name\":\"AllasOrias.hu | H\\u00edrek-lapszemle\",\"description\":\"\\u00dczleti h\\u00edrek az \\u00e1ll\\u00e1s \\u00e9s a munka vil\\u00e1g\\u00e1b\\u00f3l\",\"inLanguage\":\"hu-HU\",\"publisher\":{\"@id\":\"https:\\\/\\\/allasorias.hu\\\/hirek\\\/#organization\"}}]}\n\t\t<\/script>\n\t\t<!-- All in One SEO -->\n\n","aioseo_head_json":{"title":"B\u00e9rt\u00e1mogat\u00e1s \u2013 200 ezer \u00e1ll\u00e1st v\u00e9d meg az \u00faj program | AllasOrias.hu | H\u00edrek-lapszemle","description":"Sok vend\u00e9gl\u00e1t\u00f3s k\u00e9nytelen volt bez\u00e1rni. K\u00f6zel 200 ezer ember dolgozik azokban az \u00e1gazatokban, amelyekben lehet\u0151s\u00e9g van a b\u00e9rt\u00e1mogat\u00e1si programban val\u00f3 r\u00e9szv\u00e9telre \u2013 mondta az Innov\u00e1ci\u00f3s \u00e9s Technol\u00f3giai Miniszt\u00e9rium (ITM) foglalkoztat\u00e1spolitik\u00e1\u00e9rt felel\u0151s \u00e1llamtitk\u00e1ra. Bod\u00f3 S\u00e1ndor az M1-en kiemelte: a koronav\u00edrus-j\u00e1rv\u00e1ny tavaszi els\u0151 hull\u00e1m\u00e1nak id\u0151szak\u00e1hoz hasonl\u00f3an a munkab\u00e9rek kifizet\u00e9s\u00e9ben az \u00e1llam jelent\u0151s seg\u00edts\u00e9get ny\u00fajt, 241 500 forint","canonical_url":"https:\/\/allasorias.hu\/hirek\/bertamogatas-200-ezer-allast-ved-meg-az-uj-program\/","robots":"max-image-preview:large","keywords":"","webmasterTools":{"miscellaneous":""},"schema":{"@context":"https:\/\/schema.org","@graph":[{"@type":"Article","@id":"https:\/\/allasorias.hu\/hirek\/bertamogatas-200-ezer-allast-ved-meg-az-uj-program\/#article","name":"B\u00e9rt\u00e1mogat\u00e1s \u2013 200 ezer \u00e1ll\u00e1st v\u00e9d meg az \u00faj program | AllasOrias.hu | H\u00edrek-lapszemle","headline":"B\u00e9rt\u00e1mogat\u00e1s \u2013 200 ezer \u00e1ll\u00e1st v\u00e9d meg az \u00faj program","author":{"@id":"https:\/\/allasorias.hu\/hirek\/author\/admin-allasorias\/#author"},"publisher":{"@id":"https:\/\/allasorias.hu\/hirek\/#organization"},"image":{"@type":"ImageObject","url":"https:\/\/allasorias.hu\/hirek\/wp-content\/uploads\/2020\/06\/gazdas\u00e1g.jpg","width":600,"height":400},"datePublished":"2020-11-19T10:23:32+02:00","dateModified":"2020-11-19T10:23:32+02:00","inLanguage":"hu-HU","mainEntityOfPage":{"@id":"https:\/\/allasorias.hu\/hirek\/bertamogatas-200-ezer-allast-ved-meg-az-uj-program\/#webpage"},"isPartOf":{"@id":"https:\/\/allasorias.hu\/hirek\/bertamogatas-200-ezer-allast-ved-meg-az-uj-program\/#webpage"},"articleSection":"Gazdas\u00e1g"},{"@type":"BreadcrumbList","@id":"https:\/\/allasorias.hu\/hirek\/bertamogatas-200-ezer-allast-ved-meg-az-uj-program\/#breadcrumblist","itemListElement":[{"@type":"ListItem","@id":"https:\/\/allasorias.hu\/hirek#listItem","position":1,"name":"Home","item":"https:\/\/allasorias.hu\/hirek","nextItem":{"@type":"ListItem","@id":"https:\/\/allasorias.hu\/hirek\/temak\/gazdasag\/#listItem","name":"Gazdas\u00e1g"}},{"@type":"ListItem","@id":"https:\/\/allasorias.hu\/hirek\/temak\/gazdasag\/#listItem","position":2,"name":"Gazdas\u00e1g","item":"https:\/\/allasorias.hu\/hirek\/temak\/gazdasag\/","nextItem":{"@type":"ListItem","@id":"https:\/\/allasorias.hu\/hirek\/bertamogatas-200-ezer-allast-ved-meg-az-uj-program\/#listItem","name":"B\u00e9rt\u00e1mogat\u00e1s \u2013 200 ezer \u00e1ll\u00e1st v\u00e9d meg az \u00faj program"},"previousItem":{"@type":"ListItem","@id":"https:\/\/allasorias.hu\/hirek#listItem","name":"Home"}},{"@type":"ListItem","@id":"https:\/\/allasorias.hu\/hirek\/bertamogatas-200-ezer-allast-ved-meg-az-uj-program\/#listItem","position":3,"name":"B\u00e9rt\u00e1mogat\u00e1s \u2013 200 ezer \u00e1ll\u00e1st v\u00e9d meg az \u00faj program","previousItem":{"@type":"ListItem","@id":"https:\/\/allasorias.hu\/hirek\/temak\/gazdasag\/#listItem","name":"Gazdas\u00e1g"}}]},{"@type":"Organization","@id":"https:\/\/allasorias.hu\/hirek\/#organization","name":"AllasOrias.hu | H\u00edrek-lapszemle","description":"\u00dczleti h\u00edrek az \u00e1ll\u00e1s \u00e9s a munka vil\u00e1g\u00e1b\u00f3l","url":"https:\/\/allasorias.hu\/hirek\/","logo":{"@type":"ImageObject","url":"https:\/\/allasorias.hu\/hirek\/wp-content\/uploads\/2022\/10\/allasorias_site_facebok_logo.png","@id":"https:\/\/allasorias.hu\/hirek\/bertamogatas-200-ezer-allast-ved-meg-az-uj-program\/#organizationLogo"},"image":{"@id":"https:\/\/allasorias.hu\/hirek\/bertamogatas-200-ezer-allast-ved-meg-az-uj-program\/#organizationLogo"},"sameAs":["https:\/\/www.facebook.com\/allasorias","https:\/\/www.linkedin.com\/company\/allasorias"]},{"@type":"Person","@id":"https:\/\/allasorias.hu\/hirek\/author\/admin-allasorias\/#author","url":"https:\/\/allasorias.hu\/hirek\/author\/admin-allasorias\/","name":"Juh\u00e1sz P\u00e9ter","image":{"@type":"ImageObject","@id":"https:\/\/allasorias.hu\/hirek\/bertamogatas-200-ezer-allast-ved-meg-az-uj-program\/#authorImage","url":"https:\/\/secure.gravatar.com\/avatar\/36e6bcb83148978b992977cb0f54d22feb0cce8a0a849a9410532bb2623ba4c6?s=96&d=mm&r=g","width":96,"height":96,"caption":"Juh\u00e1sz P\u00e9ter"}},{"@type":"WebPage","@id":"https:\/\/allasorias.hu\/hirek\/bertamogatas-200-ezer-allast-ved-meg-az-uj-program\/#webpage","url":"https:\/\/allasorias.hu\/hirek\/bertamogatas-200-ezer-allast-ved-meg-az-uj-program\/","name":"B\u00e9rt\u00e1mogat\u00e1s \u2013 200 ezer \u00e1ll\u00e1st v\u00e9d meg az \u00faj program | AllasOrias.hu | H\u00edrek-lapszemle","description":"Sok vend\u00e9gl\u00e1t\u00f3s k\u00e9nytelen volt bez\u00e1rni. K\u00f6zel 200 ezer ember dolgozik azokban az \u00e1gazatokban, amelyekben lehet\u0151s\u00e9g van a b\u00e9rt\u00e1mogat\u00e1si programban val\u00f3 r\u00e9szv\u00e9telre \u2013 mondta az Innov\u00e1ci\u00f3s \u00e9s Technol\u00f3giai Miniszt\u00e9rium (ITM) foglalkoztat\u00e1spolitik\u00e1\u00e9rt felel\u0151s \u00e1llamtitk\u00e1ra. Bod\u00f3 S\u00e1ndor az M1-en kiemelte: a koronav\u00edrus-j\u00e1rv\u00e1ny tavaszi els\u0151 hull\u00e1m\u00e1nak id\u0151szak\u00e1hoz hasonl\u00f3an a munkab\u00e9rek kifizet\u00e9s\u00e9ben az \u00e1llam jelent\u0151s seg\u00edts\u00e9get ny\u00fajt, 241 500 forint","inLanguage":"hu-HU","isPartOf":{"@id":"https:\/\/allasorias.hu\/hirek\/#website"},"breadcrumb":{"@id":"https:\/\/allasorias.hu\/hirek\/bertamogatas-200-ezer-allast-ved-meg-az-uj-program\/#breadcrumblist"},"author":{"@id":"https:\/\/allasorias.hu\/hirek\/author\/admin-allasorias\/#author"},"creator":{"@id":"https:\/\/allasorias.hu\/hirek\/author\/admin-allasorias\/#author"},"image":{"@type":"ImageObject","url":"https:\/\/allasorias.hu\/hirek\/wp-content\/uploads\/2020\/06\/gazdas\u00e1g.jpg","@id":"https:\/\/allasorias.hu\/hirek\/bertamogatas-200-ezer-allast-ved-meg-az-uj-program\/#mainImage","width":600,"height":400},"primaryImageOfPage":{"@id":"https:\/\/allasorias.hu\/hirek\/bertamogatas-200-ezer-allast-ved-meg-az-uj-program\/#mainImage"},"datePublished":"2020-11-19T10:23:32+02:00","dateModified":"2020-11-19T10:23:32+02:00"},{"@type":"WebSite","@id":"https:\/\/allasorias.hu\/hirek\/#website","url":"https:\/\/allasorias.hu\/hirek\/","name":"AllasOrias.hu | H\u00edrek-lapszemle","description":"\u00dczleti h\u00edrek az \u00e1ll\u00e1s \u00e9s a munka vil\u00e1g\u00e1b\u00f3l","inLanguage":"hu-HU","publisher":{"@id":"https:\/\/allasorias.hu\/hirek\/#organization"}}]},"og:locale":"hu_HU","og:site_name":"AllasOrias.hu | H\u00edrek-lapszemle | \u00dczleti h\u00edrek az \u00e1ll\u00e1s \u00e9s a munka vil\u00e1g\u00e1b\u00f3l","og:type":"article","og:title":"B\u00e9rt\u00e1mogat\u00e1s \u2013 200 ezer \u00e1ll\u00e1st v\u00e9d meg az \u00faj program | AllasOrias.hu | H\u00edrek-lapszemle","og:description":"Sok vend\u00e9gl\u00e1t\u00f3s k\u00e9nytelen volt bez\u00e1rni. K\u00f6zel 200 ezer ember dolgozik azokban az \u00e1gazatokban, amelyekben lehet\u0151s\u00e9g van a b\u00e9rt\u00e1mogat\u00e1si programban val\u00f3 r\u00e9szv\u00e9telre \u2013 mondta az Innov\u00e1ci\u00f3s \u00e9s Technol\u00f3giai Miniszt\u00e9rium (ITM) foglalkoztat\u00e1spolitik\u00e1\u00e9rt felel\u0151s \u00e1llamtitk\u00e1ra. Bod\u00f3 S\u00e1ndor az M1-en kiemelte: a koronav\u00edrus-j\u00e1rv\u00e1ny tavaszi els\u0151 hull\u00e1m\u00e1nak id\u0151szak\u00e1hoz hasonl\u00f3an a munkab\u00e9rek kifizet\u00e9s\u00e9ben az \u00e1llam jelent\u0151s seg\u00edts\u00e9get ny\u00fajt, 241 500 forint","og:url":"https:\/\/allasorias.hu\/hirek\/bertamogatas-200-ezer-allast-ved-meg-az-uj-program\/","og:image":"https:\/\/allasorias.hu\/hirek\/wp-content\/uploads\/2020\/06\/gazdas\u00e1g.jpg","og:image:secure_url":"https:\/\/allasorias.hu\/hirek\/wp-content\/uploads\/2020\/06\/gazdas\u00e1g.jpg","og:image:width":600,"og:image:height":400,"article:published_time":"2020-11-19T10:23:32+00:00","article:modified_time":"2020-11-19T10:23:32+00:00","article:publisher":"https:\/\/www.facebook.com\/allasorias","twitter:card":"summary_large_image","twitter:title":"B\u00e9rt\u00e1mogat\u00e1s \u2013 200 ezer \u00e1ll\u00e1st v\u00e9d meg az \u00faj program | AllasOrias.hu | H\u00edrek-lapszemle","twitter:description":"Sok vend\u00e9gl\u00e1t\u00f3s k\u00e9nytelen volt bez\u00e1rni. K\u00f6zel 200 ezer ember dolgozik azokban az \u00e1gazatokban, amelyekben lehet\u0151s\u00e9g van a b\u00e9rt\u00e1mogat\u00e1si programban val\u00f3 r\u00e9szv\u00e9telre \u2013 mondta az Innov\u00e1ci\u00f3s \u00e9s Technol\u00f3giai Miniszt\u00e9rium (ITM) foglalkoztat\u00e1spolitik\u00e1\u00e9rt felel\u0151s \u00e1llamtitk\u00e1ra. Bod\u00f3 S\u00e1ndor az M1-en kiemelte: a koronav\u00edrus-j\u00e1rv\u00e1ny tavaszi els\u0151 hull\u00e1m\u00e1nak id\u0151szak\u00e1hoz hasonl\u00f3an a munkab\u00e9rek kifizet\u00e9s\u00e9ben az \u00e1llam jelent\u0151s seg\u00edts\u00e9get ny\u00fajt, 241 500 forint","twitter:image":"https:\/\/allasorias.hu\/hirek\/wp-content\/uploads\/2020\/06\/gazdas\u00e1g.jpg","twitter:label1":"Written by","twitter:data1":"Juh\u00e1sz P\u00e9ter","twitter:label2":"Est. reading time","twitter:data2":"2 minutes"},"aioseo_meta_data":{"post_id":"4388","title":null,"description":"","keywords":"","keyphrases":null,"primary_term":null,"canonical_url":"","og_title":null,"og_description":null,"og_object_type":"default","og_image_type":"default","og_image_url":null,"og_image_width":null,"og_image_height":null,"og_image_custom_url":null,"og_image_custom_fields":null,"og_video":null,"og_custom_url":null,"og_article_section":null,"og_article_tags":null,"twitter_use_og":false,"twitter_card":"default","twitter_image_type":"default","twitter_image_url":null,"twitter_image_custom_url":null,"twitter_image_custom_fields":null,"twitter_title":null,"twitter_description":null,"schema":{"blockGraphs":[],"customGraphs":[],"default":{"data":{"Article":[],"Course":[],"Dataset":[],"FAQPage":[],"Movie":[],"Person":[],"Product":[],"ProductReview":[],"Car":[],"Recipe":[],"Service":[],"SoftwareApplication":[],"WebPage":[]},"graphName":"","isEnabled":true},"graphs":[],"defaultGraph":"","defaultPostTypeGraph":""},"schema_type":null,"schema_type_options":null,"pillar_content":false,"robots_default":true,"robots_noindex":false,"robots_noarchive":false,"robots_nosnippet":false,"robots_nofollow":false,"robots_noimageindex":false,"robots_noodp":false,"robots_notranslate":false,"robots_max_snippet":null,"robots_max_videopreview":null,"robots_max_imagepreview":"large","priority":null,"frequency":null,"location":null,"local_seo":null,"breadcrumb_settings":null,"limit_modified_date":false,"ai":null,"created":"2021-02-01 20:44:59","updated":"2025-10-02 15:02:07","seo_analyzer_scan_date":null,"focus_keyword":null,"additional_keywords":null,"truseo_locale":null},"aioseo_breadcrumb":"<div class=\"aioseo-breadcrumbs\"><span class=\"aioseo-breadcrumb\">\n\t\t\t<a href=\"https:\/\/allasorias.hu\/hirek\" title=\"Home\">Home<\/a>\n\t\t<\/span><span class=\"aioseo-breadcrumb-separator\">&raquo;<\/span><span class=\"aioseo-breadcrumb\">\n\t\t\t<a href=\"https:\/\/allasorias.hu\/hirek\/temak\/gazdasag\/\" title=\"Gazdas\u00e1g\">Gazdas\u00e1g<\/a>\n\t\t<\/span><span class=\"aioseo-breadcrumb-separator\">&raquo;<\/span><span class=\"aioseo-breadcrumb\">\n\t\t\tB\u00e9rt\u00e1mogat\u00e1s \u2013 200 ezer \u00e1ll\u00e1st v\u00e9d meg az \u00faj program\n\t\t<\/span><\/div>","aioseo_breadcrumb_json":[{"label":"Home","link":"https:\/\/allasorias.hu\/hirek"},{"label":"Gazdas\u00e1g","link":"https:\/\/allasorias.hu\/hirek\/temak\/gazdasag\/"},{"label":"B\u00e9rt\u00e1mogat\u00e1s \u2013 200 ezer \u00e1ll\u00e1st v\u00e9d meg az \u00faj program","link":"https:\/\/allasorias.hu\/hirek\/bertamogatas-200-ezer-allast-ved-meg-az-uj-program\/"}],"_links":{"self":[{"href":"https:\/\/allasorias.hu\/hirek\/wp-json\/wp\/v2\/posts\/4388","targetHints":{"allow":["GET"]}}],"collection":[{"href":"https:\/\/allasorias.hu\/hirek\/wp-json\/wp\/v2\/posts"}],"about":[{"href":"https:\/\/allasorias.hu\/hirek\/wp-json\/wp\/v2\/types\/post"}],"author":[{"embeddable":true,"href":"https:\/\/allasorias.hu\/hirek\/wp-json\/wp\/v2\/users\/1"}],"replies":[{"embeddable":true,"href":"https:\/\/allasorias.hu\/hirek\/wp-json\/wp\/v2\/comments?post=4388"}],"version-history":[{"count":1,"href":"https:\/\/allasorias.hu\/hirek\/wp-json\/wp\/v2\/posts\/4388\/revisions"}],"predecessor-version":[{"id":4389,"href":"https:\/\/allasorias.hu\/hirek\/wp-json\/wp\/v2\/posts\/4388\/revisions\/4389"}],"wp:featuredmedia":[{"embeddable":true,"href":"https:\/\/allasorias.hu\/hirek\/wp-json\/wp\/v2\/media\/4052"}],"wp:attachment":[{"href":"https:\/\/allasorias.hu\/hirek\/wp-json\/wp\/v2\/media?parent=4388"}],"wp:term":[{"taxonomy":"category","embeddable":true,"href":"https:\/\/allasorias.hu\/hirek\/wp-json\/wp\/v2\/categories?post=4388"},{"taxonomy":"post_tag","embeddable":true,"href":"https:\/\/allasorias.hu\/hirek\/wp-json\/wp\/v2\/tags?post=4388"}],"curies":[{"name":"wp","href":"https:\/\/api.w.org\/{rel}","templated":true}]}}