{"id":4386,"date":"2020-11-19T10:22:12","date_gmt":"2020-11-19T10:22:12","guid":{"rendered":"https:\/\/allasorias.hu\/hirek\/?p=4386"},"modified":"2020-11-19T10:22:12","modified_gmt":"2020-11-19T10:22:12","slug":"fontos-az-alapber-a-jarvany-idejen","status":"publish","type":"post","link":"https:\/\/allasorias.hu\/hirek\/fontos-az-alapber-a-jarvany-idejen\/","title":{"rendered":"Fontos az alapb\u00e9r a j\u00e1rv\u00e1ny idej\u00e9n"},"content":{"rendered":"<p><strong>Az alapb\u00e9r\u00a0 jelent\u0151s\u00e9ge kiemelten fontos a j\u00e1rv\u00e1ny okozta gazdas\u00e1gi helyzetben, de a munkahely \u00e9s mag\u00e1n\u00e9let k\u00f6z\u00f6tti egyens\u00falyt megteremt\u0151 rugalmas munkarend \u00e9s munkaid\u0151,\u00a0 valamint kisz\u00e1m\u00edthat\u00f3 id\u0151beoszt\u00e1s szint\u00e9n hangs\u00falyos a fiatalok k\u00f6r\u00e9ben \u2013 der\u00fclt ki egy felm\u00e9r\u00e9sb\u0151l. <\/strong><\/p>\n<p>Fel\u00e9rt\u00e9kel\u0151d\u00f6tt az alapfizet\u00e9s a tavalyi \u00e9vhez k\u00e9pest, amely \u00edgy a rugalmas \u00e9s kisz\u00e1m\u00edthat\u00f3 id\u0151beoszt\u00e1ssal egy\u00fctt vezeti 2020-ban a munkahely-v\u00e1laszt\u00e1si t\u00e9nyez\u0151k rangsor\u00e1t. A koronav\u00edrus hat\u00e1s\u00e1ra \u00faj elemk\u00e9nt ker\u00fclt be a TOP15-\u00f6s sorrendbe a biztons\u00e1g szempontja, m\u00edg a v\u00e1rakoz\u00e1soknak megfelel\u0151en cs\u00f6kkent a rendszeres csapat\u00e9p\u00edt\u00e9sek n\u00e9pszer\u0171s\u00e9ge.\u00a0 A PwC Magyarorsz\u00e1g id\u00e9n m\u00e1r negyedik alkalommal m\u00e9rte fel a hazai preferenci\u00e1kat, \u00e9s ez\u00fattal a fiatalok mellett a teljes munkaer\u0151piac ig\u00e9nyeit felt\u00e9rk\u00e9pezt\u00e9k a szakemberek. Szint\u00e9n \u00fajdons\u00e1g, hogy Magyarorsz\u00e1g mellett tov\u00e1bbi t\u00edz eur\u00f3pai orsz\u00e1g is r\u00e9szt vett a kutat\u00e1sban. A hazai felm\u00e9r\u00e9sben 35 ezren v\u00e1laszoltak, 35 sz\u00e1zal\u00e9kuk fels\u0151oktat\u00e1sban, m\u00edg 14 sz\u00e1zal\u00e9kuk k\u00f6z\u00e9piskol\u00e1ban tanul, 50 sz\u00e1zal\u00e9kuk pedig dolgozik. A kutat\u00e1s eredm\u00e9nyei szerint a 16-28 \u00e9ves koroszt\u00e1lyban a munkahely-v\u00e1laszt\u00e1si szempontok k\u00f6z\u00f6tt h\u00e1rom \u00e9v ut\u00e1n id\u00e9n nagyot ugrott az alapb\u00e9r\u00a0 jelent\u0151s\u00e9ge. M\u00edg a munkahely \u00e9s mag\u00e1n\u00e9let k\u00f6z\u00f6tti egyens\u00falyt megteremt\u0151 rugalmas munkarend \u00e9s munkaid\u0151,\u00a0 valamint kisz\u00e1m\u00edthat\u00f3 id\u0151beoszt\u00e1s\u00a0 tov\u00e1bbra is kiemelten fontos sz\u00e1mukra. A tavalyi eredm\u00e9nyekkel \u00f6sszevetve fontos v\u00e1ltoz\u00e1s, hogy a k\u00f6zvetlen munkat\u00e1rsak szem\u00e9lye k\u00e9t helyet l\u00e9pett el\u0151re a sorrendben (6-r\u00f3l 4. helyre), megel\u0151zve ezzel az \u00e9rdekes, kih\u00edv\u00e1st jelent\u0151 munk\u00e1t (5.), a t\u00fal\u00f3rakifizet\u00e9st (6.), valamint a k\u00f6zvetlen felettes vezet\u0151i st\u00edlus\u00e1t is. \u00daj elemk\u00e9nt ker\u00fclt fel a list\u00e1ra a fels\u0151fok\u00fa tanulm\u00e1nyok t\u00e1mogat\u00e1sa (10.). Szint\u00e9n \u00faj elem a munkahely biztons\u00e1g\u00e1nak\u00a0 szerepe: fontoss\u00e1 v\u00e1lt a covid-j\u00e1rv\u00e1ny alatt, hogy a v\u00e1llalat felel\u0151ss\u00e9get v\u00e1llaljon az ott dolgoz\u00f3k\u00e9rt, \u00e9s gazdas\u00e1gi visszaes\u00e9s eset\u00e9n is t\u00f6rekedjen a megtart\u00e1sukra. A 28 \u00e9v alattiakat \u00e9s 28 \u00e9v felettieket \u00f6sszehasonl\u00edtva \u00e9rdekes k\u00fcl\u00f6nbs\u00e9geket figyelhet\u00fcnk meg. Mik\u00f6zben az alapb\u00e9r \u00e9s a rugalmas munkaid\u0151 mindk\u00e9t csoport sz\u00e1m\u00e1ra fontos, a 28 \u00e9v felettiekn\u00e9l ezeknek a t\u00e9nyez\u0151knek m\u00e9g kiemeltebb a szerepe. A koronav\u00edrus extr\u00e9m kih\u00edv\u00e1sok el\u00e9 \u00e1ll\u00edtotta a c\u00e9gvezet\u0151ket. B\u00e1r m\u00e9g a j\u00e1rv\u00e1ny kell\u0151s k\u00f6zep\u00e9n vagyunk, de m\u00e1r az \u00fczleti \u00e9letben is gy\u0171lnek a tanuls\u00e1gos sztorik. A tapasztaltabb munkav\u00e1llal\u00f3knak fontosabb a k\u00f6zvetlen felettes vezet\u0151i st\u00edlusa, hiszen tapasztalatb\u00f3l tudj\u00e1k, mennyire sokat sz\u00e1m\u00edt a vezet\u0151 szem\u00e9lye a mindennapokban. Az id\u0151sebbek sz\u00e1m\u00e1ra emellett a val\u00f3s teljes\u00edtm\u00e9nyen alapul\u00f3 el\u0151menetel, a t\u00e1vmunka lehet\u0151s\u00e9ge, a munkahely biztons\u00e1ga, a cafeteria, valamint a b\u00f3nusz is fontosabb, mint a fiataloknak.<\/p>\n<p>Forr\u00e1s: 24.hu<\/p>\n","protected":false},"excerpt":{"rendered":"<p>Az alapb\u00e9r\u00a0 jelent\u0151s\u00e9ge kiemelten fontos a j\u00e1rv\u00e1ny okozta gazdas\u00e1gi helyzetben, de a munkahely \u00e9s mag\u00e1n\u00e9let k\u00f6z\u00f6tti egyens\u00falyt megteremt\u0151 rugalmas munkarend \u00e9s munkaid\u0151,\u00a0 valamint kisz\u00e1m\u00edthat\u00f3 id\u0151beoszt\u00e1s szint\u00e9n hangs\u00falyos a fiatalok k\u00f6r\u00e9ben \u2013 der\u00fclt ki egy felm\u00e9r\u00e9sb\u0151l. Fel\u00e9rt\u00e9kel\u0151d\u00f6tt az alapfizet\u00e9s a tavalyi \u00e9vhez k\u00e9pest, amely \u00edgy a rugalmas \u00e9s kisz\u00e1m\u00edthat\u00f3 id\u0151beoszt\u00e1ssal egy\u00fctt vezeti 2020-ban a munkahely-v\u00e1laszt\u00e1si t\u00e9nyez\u0151k [&hellip;]<\/p>\n","protected":false},"author":1,"featured_media":2372,"comment_status":"open","ping_status":"open","sticky":false,"template":"","format":"standard","meta":{"_monsterinsights_skip_tracking":false,"footnotes":""},"categories":[198],"tags":[],"class_list":["post-4386","post","type-post","status-publish","format-standard","has-post-thumbnail","hentry","category-gazdasag"],"aioseo_notices":[],"aioseo_head":"\n\t\t<!-- All in One SEO 5.0.0.1 - aioseo.com -->\n\t<meta name=\"description\" content=\"Az alapb\u00e9r jelent\u0151s\u00e9ge kiemelten fontos a j\u00e1rv\u00e1ny okozta gazdas\u00e1gi helyzetben, de a munkahely \u00e9s mag\u00e1n\u00e9let k\u00f6z\u00f6tti egyens\u00falyt megteremt\u0151 rugalmas munkarend \u00e9s munkaid\u0151, valamint kisz\u00e1m\u00edthat\u00f3 id\u0151beoszt\u00e1s szint\u00e9n hangs\u00falyos a fiatalok k\u00f6r\u00e9ben \u2013 der\u00fclt ki egy felm\u00e9r\u00e9sb\u0151l. Fel\u00e9rt\u00e9kel\u0151d\u00f6tt az alapfizet\u00e9s a tavalyi \u00e9vhez k\u00e9pest, amely \u00edgy a rugalmas \u00e9s kisz\u00e1m\u00edthat\u00f3 id\u0151beoszt\u00e1ssal egy\u00fctt vezeti 2020-ban a munkahely-v\u00e1laszt\u00e1si t\u00e9nyez\u0151k\" \/>\n\t<meta name=\"robots\" content=\"max-image-preview:large\" \/>\n\t<meta name=\"author\" content=\"Juh\u00e1sz P\u00e9ter\"\/>\n\t<link rel=\"canonical\" href=\"https:\/\/allasorias.hu\/hirek\/fontos-az-alapber-a-jarvany-idejen\/\" \/>\n\t<meta name=\"generator\" content=\"All in One SEO (AIOSEO) 5.0.0.1\" \/>\n\t\t<meta property=\"og:locale\" content=\"hu_HU\" \/>\n\t\t<meta property=\"og:site_name\" content=\"AllasOrias.hu | H\u00edrek-lapszemle | \u00dczleti h\u00edrek az \u00e1ll\u00e1s \u00e9s a munka vil\u00e1g\u00e1b\u00f3l\" \/>\n\t\t<meta property=\"og:type\" content=\"article\" \/>\n\t\t<meta property=\"og:title\" content=\"Fontos az alapb\u00e9r a j\u00e1rv\u00e1ny idej\u00e9n | AllasOrias.hu | H\u00edrek-lapszemle\" \/>\n\t\t<meta property=\"og:description\" content=\"Az alapb\u00e9r jelent\u0151s\u00e9ge kiemelten fontos a j\u00e1rv\u00e1ny okozta gazdas\u00e1gi helyzetben, de a munkahely \u00e9s mag\u00e1n\u00e9let k\u00f6z\u00f6tti egyens\u00falyt megteremt\u0151 rugalmas munkarend \u00e9s munkaid\u0151, valamint kisz\u00e1m\u00edthat\u00f3 id\u0151beoszt\u00e1s szint\u00e9n hangs\u00falyos a fiatalok k\u00f6r\u00e9ben \u2013 der\u00fclt ki egy felm\u00e9r\u00e9sb\u0151l. Fel\u00e9rt\u00e9kel\u0151d\u00f6tt az alapfizet\u00e9s a tavalyi \u00e9vhez k\u00e9pest, amely \u00edgy a rugalmas \u00e9s kisz\u00e1m\u00edthat\u00f3 id\u0151beoszt\u00e1ssal egy\u00fctt vezeti 2020-ban a munkahely-v\u00e1laszt\u00e1si t\u00e9nyez\u0151k\" \/>\n\t\t<meta property=\"og:url\" content=\"https:\/\/allasorias.hu\/hirek\/fontos-az-alapber-a-jarvany-idejen\/\" \/>\n\t\t<meta property=\"og:image\" content=\"https:\/\/allasorias.hu\/hirek\/wp-content\/uploads\/2019\/01\/263629_forint.jpg\" \/>\n\t\t<meta property=\"og:image:secure_url\" content=\"https:\/\/allasorias.hu\/hirek\/wp-content\/uploads\/2019\/01\/263629_forint.jpg\" \/>\n\t\t<meta property=\"og:image:width\" content=\"800\" \/>\n\t\t<meta property=\"og:image:height\" content=\"400\" \/>\n\t\t<meta property=\"article:published_time\" content=\"2020-11-19T10:22:12+00:00\" \/>\n\t\t<meta property=\"article:modified_time\" content=\"2020-11-19T10:22:12+00:00\" \/>\n\t\t<meta property=\"article:publisher\" content=\"https:\/\/www.facebook.com\/allasorias\" \/>\n\t\t<meta name=\"twitter:card\" content=\"summary_large_image\" \/>\n\t\t<meta name=\"twitter:title\" content=\"Fontos az alapb\u00e9r a j\u00e1rv\u00e1ny idej\u00e9n | AllasOrias.hu | H\u00edrek-lapszemle\" \/>\n\t\t<meta name=\"twitter:description\" content=\"Az alapb\u00e9r jelent\u0151s\u00e9ge kiemelten fontos a j\u00e1rv\u00e1ny okozta gazdas\u00e1gi helyzetben, de a munkahely \u00e9s mag\u00e1n\u00e9let k\u00f6z\u00f6tti egyens\u00falyt megteremt\u0151 rugalmas munkarend \u00e9s munkaid\u0151, valamint kisz\u00e1m\u00edthat\u00f3 id\u0151beoszt\u00e1s szint\u00e9n hangs\u00falyos a fiatalok k\u00f6r\u00e9ben \u2013 der\u00fclt ki egy felm\u00e9r\u00e9sb\u0151l. Fel\u00e9rt\u00e9kel\u0151d\u00f6tt az alapfizet\u00e9s a tavalyi \u00e9vhez k\u00e9pest, amely \u00edgy a rugalmas \u00e9s kisz\u00e1m\u00edthat\u00f3 id\u0151beoszt\u00e1ssal egy\u00fctt vezeti 2020-ban a munkahely-v\u00e1laszt\u00e1si t\u00e9nyez\u0151k\" \/>\n\t\t<meta name=\"twitter:image\" content=\"https:\/\/allasorias.hu\/hirek\/wp-content\/uploads\/2019\/01\/263629_forint.jpg\" \/>\n\t\t<meta name=\"twitter:label1\" content=\"Written by\" \/>\n\t\t<meta name=\"twitter:data1\" content=\"Juh\u00e1sz P\u00e9ter\" \/>\n\t\t<meta name=\"twitter:label2\" content=\"Est. reading time\" \/>\n\t\t<meta name=\"twitter:data2\" content=\"3 minutes\" \/>\n\t\t<script type=\"application\/ld+json\" class=\"aioseo-schema\">\n\t\t\t{\"@context\":\"https:\\\/\\\/schema.org\",\"@graph\":[{\"@type\":\"Article\",\"@id\":\"https:\\\/\\\/allasorias.hu\\\/hirek\\\/fontos-az-alapber-a-jarvany-idejen\\\/#article\",\"name\":\"Fontos az alapb\\u00e9r a j\\u00e1rv\\u00e1ny idej\\u00e9n | AllasOrias.hu | H\\u00edrek-lapszemle\",\"headline\":\"Fontos az alapb\\u00e9r a j\\u00e1rv\\u00e1ny idej\\u00e9n\",\"author\":{\"@id\":\"https:\\\/\\\/allasorias.hu\\\/hirek\\\/author\\\/admin-allasorias\\\/#author\"},\"publisher\":{\"@id\":\"https:\\\/\\\/allasorias.hu\\\/hirek\\\/#organization\"},\"image\":{\"@type\":\"ImageObject\",\"url\":\"https:\\\/\\\/allasorias.hu\\\/hirek\\\/wp-content\\\/uploads\\\/2019\\\/01\\\/263629_forint.jpg\",\"width\":800,\"height\":400},\"datePublished\":\"2020-11-19T10:22:12+02:00\",\"dateModified\":\"2020-11-19T10:22:12+02:00\",\"inLanguage\":\"hu-HU\",\"mainEntityOfPage\":{\"@id\":\"https:\\\/\\\/allasorias.hu\\\/hirek\\\/fontos-az-alapber-a-jarvany-idejen\\\/#webpage\"},\"isPartOf\":{\"@id\":\"https:\\\/\\\/allasorias.hu\\\/hirek\\\/fontos-az-alapber-a-jarvany-idejen\\\/#webpage\"},\"articleSection\":\"Gazdas\\u00e1g\"},{\"@type\":\"BreadcrumbList\",\"@id\":\"https:\\\/\\\/allasorias.hu\\\/hirek\\\/fontos-az-alapber-a-jarvany-idejen\\\/#breadcrumblist\",\"itemListElement\":[{\"@type\":\"ListItem\",\"@id\":\"https:\\\/\\\/allasorias.hu\\\/hirek#listItem\",\"position\":1,\"name\":\"Home\",\"item\":\"https:\\\/\\\/allasorias.hu\\\/hirek\",\"nextItem\":{\"@type\":\"ListItem\",\"@id\":\"https:\\\/\\\/allasorias.hu\\\/hirek\\\/temak\\\/gazdasag\\\/#listItem\",\"name\":\"Gazdas\\u00e1g\"}},{\"@type\":\"ListItem\",\"@id\":\"https:\\\/\\\/allasorias.hu\\\/hirek\\\/temak\\\/gazdasag\\\/#listItem\",\"position\":2,\"name\":\"Gazdas\\u00e1g\",\"item\":\"https:\\\/\\\/allasorias.hu\\\/hirek\\\/temak\\\/gazdasag\\\/\",\"nextItem\":{\"@type\":\"ListItem\",\"@id\":\"https:\\\/\\\/allasorias.hu\\\/hirek\\\/fontos-az-alapber-a-jarvany-idejen\\\/#listItem\",\"name\":\"Fontos az alapb\\u00e9r a j\\u00e1rv\\u00e1ny idej\\u00e9n\"},\"previousItem\":{\"@type\":\"ListItem\",\"@id\":\"https:\\\/\\\/allasorias.hu\\\/hirek#listItem\",\"name\":\"Home\"}},{\"@type\":\"ListItem\",\"@id\":\"https:\\\/\\\/allasorias.hu\\\/hirek\\\/fontos-az-alapber-a-jarvany-idejen\\\/#listItem\",\"position\":3,\"name\":\"Fontos az alapb\\u00e9r a j\\u00e1rv\\u00e1ny idej\\u00e9n\",\"previousItem\":{\"@type\":\"ListItem\",\"@id\":\"https:\\\/\\\/allasorias.hu\\\/hirek\\\/temak\\\/gazdasag\\\/#listItem\",\"name\":\"Gazdas\\u00e1g\"}}]},{\"@type\":\"Organization\",\"@id\":\"https:\\\/\\\/allasorias.hu\\\/hirek\\\/#organization\",\"name\":\"AllasOrias.hu | H\\u00edrek-lapszemle\",\"description\":\"\\u00dczleti h\\u00edrek az \\u00e1ll\\u00e1s \\u00e9s a munka vil\\u00e1g\\u00e1b\\u00f3l\",\"url\":\"https:\\\/\\\/allasorias.hu\\\/hirek\\\/\",\"logo\":{\"@type\":\"ImageObject\",\"url\":\"https:\\\/\\\/allasorias.hu\\\/hirek\\\/wp-content\\\/uploads\\\/2022\\\/10\\\/allasorias_site_facebok_logo.png\",\"@id\":\"https:\\\/\\\/allasorias.hu\\\/hirek\\\/fontos-az-alapber-a-jarvany-idejen\\\/#organizationLogo\"},\"image\":{\"@id\":\"https:\\\/\\\/allasorias.hu\\\/hirek\\\/fontos-az-alapber-a-jarvany-idejen\\\/#organizationLogo\"},\"sameAs\":[\"https:\\\/\\\/www.facebook.com\\\/allasorias\",\"https:\\\/\\\/www.linkedin.com\\\/company\\\/allasorias\"]},{\"@type\":\"Person\",\"@id\":\"https:\\\/\\\/allasorias.hu\\\/hirek\\\/author\\\/admin-allasorias\\\/#author\",\"url\":\"https:\\\/\\\/allasorias.hu\\\/hirek\\\/author\\\/admin-allasorias\\\/\",\"name\":\"Juh\\u00e1sz P\\u00e9ter\",\"image\":{\"@type\":\"ImageObject\",\"@id\":\"https:\\\/\\\/allasorias.hu\\\/hirek\\\/fontos-az-alapber-a-jarvany-idejen\\\/#authorImage\",\"url\":\"https:\\\/\\\/secure.gravatar.com\\\/avatar\\\/36e6bcb83148978b992977cb0f54d22feb0cce8a0a849a9410532bb2623ba4c6?s=96&d=mm&r=g\",\"width\":96,\"height\":96,\"caption\":\"Juh\\u00e1sz P\\u00e9ter\"}},{\"@type\":\"WebPage\",\"@id\":\"https:\\\/\\\/allasorias.hu\\\/hirek\\\/fontos-az-alapber-a-jarvany-idejen\\\/#webpage\",\"url\":\"https:\\\/\\\/allasorias.hu\\\/hirek\\\/fontos-az-alapber-a-jarvany-idejen\\\/\",\"name\":\"Fontos az alapb\\u00e9r a j\\u00e1rv\\u00e1ny idej\\u00e9n | AllasOrias.hu | H\\u00edrek-lapszemle\",\"description\":\"Az alapb\\u00e9r jelent\\u0151s\\u00e9ge kiemelten fontos a j\\u00e1rv\\u00e1ny okozta gazdas\\u00e1gi helyzetben, de a munkahely \\u00e9s mag\\u00e1n\\u00e9let k\\u00f6z\\u00f6tti egyens\\u00falyt megteremt\\u0151 rugalmas munkarend \\u00e9s munkaid\\u0151, valamint kisz\\u00e1m\\u00edthat\\u00f3 id\\u0151beoszt\\u00e1s szint\\u00e9n hangs\\u00falyos a fiatalok k\\u00f6r\\u00e9ben \\u2013 der\\u00fclt ki egy felm\\u00e9r\\u00e9sb\\u0151l. Fel\\u00e9rt\\u00e9kel\\u0151d\\u00f6tt az alapfizet\\u00e9s a tavalyi \\u00e9vhez k\\u00e9pest, amely \\u00edgy a rugalmas \\u00e9s kisz\\u00e1m\\u00edthat\\u00f3 id\\u0151beoszt\\u00e1ssal egy\\u00fctt vezeti 2020-ban a munkahely-v\\u00e1laszt\\u00e1si t\\u00e9nyez\\u0151k\",\"inLanguage\":\"hu-HU\",\"isPartOf\":{\"@id\":\"https:\\\/\\\/allasorias.hu\\\/hirek\\\/#website\"},\"breadcrumb\":{\"@id\":\"https:\\\/\\\/allasorias.hu\\\/hirek\\\/fontos-az-alapber-a-jarvany-idejen\\\/#breadcrumblist\"},\"author\":{\"@id\":\"https:\\\/\\\/allasorias.hu\\\/hirek\\\/author\\\/admin-allasorias\\\/#author\"},\"creator\":{\"@id\":\"https:\\\/\\\/allasorias.hu\\\/hirek\\\/author\\\/admin-allasorias\\\/#author\"},\"image\":{\"@type\":\"ImageObject\",\"url\":\"https:\\\/\\\/allasorias.hu\\\/hirek\\\/wp-content\\\/uploads\\\/2019\\\/01\\\/263629_forint.jpg\",\"@id\":\"https:\\\/\\\/allasorias.hu\\\/hirek\\\/fontos-az-alapber-a-jarvany-idejen\\\/#mainImage\",\"width\":800,\"height\":400},\"primaryImageOfPage\":{\"@id\":\"https:\\\/\\\/allasorias.hu\\\/hirek\\\/fontos-az-alapber-a-jarvany-idejen\\\/#mainImage\"},\"datePublished\":\"2020-11-19T10:22:12+02:00\",\"dateModified\":\"2020-11-19T10:22:12+02:00\"},{\"@type\":\"WebSite\",\"@id\":\"https:\\\/\\\/allasorias.hu\\\/hirek\\\/#website\",\"url\":\"https:\\\/\\\/allasorias.hu\\\/hirek\\\/\",\"name\":\"AllasOrias.hu | H\\u00edrek-lapszemle\",\"description\":\"\\u00dczleti h\\u00edrek az \\u00e1ll\\u00e1s \\u00e9s a munka vil\\u00e1g\\u00e1b\\u00f3l\",\"inLanguage\":\"hu-HU\",\"publisher\":{\"@id\":\"https:\\\/\\\/allasorias.hu\\\/hirek\\\/#organization\"}}]}\n\t\t<\/script>\n\t\t<!-- All in One SEO -->\n\n","aioseo_head_json":{"title":"Fontos az alapb\u00e9r a j\u00e1rv\u00e1ny idej\u00e9n | AllasOrias.hu | H\u00edrek-lapszemle","description":"Az alapb\u00e9r jelent\u0151s\u00e9ge kiemelten fontos a j\u00e1rv\u00e1ny okozta gazdas\u00e1gi helyzetben, de a munkahely \u00e9s mag\u00e1n\u00e9let k\u00f6z\u00f6tti egyens\u00falyt megteremt\u0151 rugalmas munkarend \u00e9s munkaid\u0151, valamint kisz\u00e1m\u00edthat\u00f3 id\u0151beoszt\u00e1s szint\u00e9n hangs\u00falyos a fiatalok k\u00f6r\u00e9ben \u2013 der\u00fclt ki egy felm\u00e9r\u00e9sb\u0151l. Fel\u00e9rt\u00e9kel\u0151d\u00f6tt az alapfizet\u00e9s a tavalyi \u00e9vhez k\u00e9pest, amely \u00edgy a rugalmas \u00e9s kisz\u00e1m\u00edthat\u00f3 id\u0151beoszt\u00e1ssal egy\u00fctt vezeti 2020-ban a munkahely-v\u00e1laszt\u00e1si t\u00e9nyez\u0151k","canonical_url":"https:\/\/allasorias.hu\/hirek\/fontos-az-alapber-a-jarvany-idejen\/","robots":"max-image-preview:large","keywords":"","webmasterTools":{"miscellaneous":""},"schema":{"@context":"https:\/\/schema.org","@graph":[{"@type":"Article","@id":"https:\/\/allasorias.hu\/hirek\/fontos-az-alapber-a-jarvany-idejen\/#article","name":"Fontos az alapb\u00e9r a j\u00e1rv\u00e1ny idej\u00e9n | AllasOrias.hu | H\u00edrek-lapszemle","headline":"Fontos az alapb\u00e9r a j\u00e1rv\u00e1ny idej\u00e9n","author":{"@id":"https:\/\/allasorias.hu\/hirek\/author\/admin-allasorias\/#author"},"publisher":{"@id":"https:\/\/allasorias.hu\/hirek\/#organization"},"image":{"@type":"ImageObject","url":"https:\/\/allasorias.hu\/hirek\/wp-content\/uploads\/2019\/01\/263629_forint.jpg","width":800,"height":400},"datePublished":"2020-11-19T10:22:12+02:00","dateModified":"2020-11-19T10:22:12+02:00","inLanguage":"hu-HU","mainEntityOfPage":{"@id":"https:\/\/allasorias.hu\/hirek\/fontos-az-alapber-a-jarvany-idejen\/#webpage"},"isPartOf":{"@id":"https:\/\/allasorias.hu\/hirek\/fontos-az-alapber-a-jarvany-idejen\/#webpage"},"articleSection":"Gazdas\u00e1g"},{"@type":"BreadcrumbList","@id":"https:\/\/allasorias.hu\/hirek\/fontos-az-alapber-a-jarvany-idejen\/#breadcrumblist","itemListElement":[{"@type":"ListItem","@id":"https:\/\/allasorias.hu\/hirek#listItem","position":1,"name":"Home","item":"https:\/\/allasorias.hu\/hirek","nextItem":{"@type":"ListItem","@id":"https:\/\/allasorias.hu\/hirek\/temak\/gazdasag\/#listItem","name":"Gazdas\u00e1g"}},{"@type":"ListItem","@id":"https:\/\/allasorias.hu\/hirek\/temak\/gazdasag\/#listItem","position":2,"name":"Gazdas\u00e1g","item":"https:\/\/allasorias.hu\/hirek\/temak\/gazdasag\/","nextItem":{"@type":"ListItem","@id":"https:\/\/allasorias.hu\/hirek\/fontos-az-alapber-a-jarvany-idejen\/#listItem","name":"Fontos az alapb\u00e9r a j\u00e1rv\u00e1ny idej\u00e9n"},"previousItem":{"@type":"ListItem","@id":"https:\/\/allasorias.hu\/hirek#listItem","name":"Home"}},{"@type":"ListItem","@id":"https:\/\/allasorias.hu\/hirek\/fontos-az-alapber-a-jarvany-idejen\/#listItem","position":3,"name":"Fontos az alapb\u00e9r a j\u00e1rv\u00e1ny idej\u00e9n","previousItem":{"@type":"ListItem","@id":"https:\/\/allasorias.hu\/hirek\/temak\/gazdasag\/#listItem","name":"Gazdas\u00e1g"}}]},{"@type":"Organization","@id":"https:\/\/allasorias.hu\/hirek\/#organization","name":"AllasOrias.hu | H\u00edrek-lapszemle","description":"\u00dczleti h\u00edrek az \u00e1ll\u00e1s \u00e9s a munka vil\u00e1g\u00e1b\u00f3l","url":"https:\/\/allasorias.hu\/hirek\/","logo":{"@type":"ImageObject","url":"https:\/\/allasorias.hu\/hirek\/wp-content\/uploads\/2022\/10\/allasorias_site_facebok_logo.png","@id":"https:\/\/allasorias.hu\/hirek\/fontos-az-alapber-a-jarvany-idejen\/#organizationLogo"},"image":{"@id":"https:\/\/allasorias.hu\/hirek\/fontos-az-alapber-a-jarvany-idejen\/#organizationLogo"},"sameAs":["https:\/\/www.facebook.com\/allasorias","https:\/\/www.linkedin.com\/company\/allasorias"]},{"@type":"Person","@id":"https:\/\/allasorias.hu\/hirek\/author\/admin-allasorias\/#author","url":"https:\/\/allasorias.hu\/hirek\/author\/admin-allasorias\/","name":"Juh\u00e1sz P\u00e9ter","image":{"@type":"ImageObject","@id":"https:\/\/allasorias.hu\/hirek\/fontos-az-alapber-a-jarvany-idejen\/#authorImage","url":"https:\/\/secure.gravatar.com\/avatar\/36e6bcb83148978b992977cb0f54d22feb0cce8a0a849a9410532bb2623ba4c6?s=96&d=mm&r=g","width":96,"height":96,"caption":"Juh\u00e1sz P\u00e9ter"}},{"@type":"WebPage","@id":"https:\/\/allasorias.hu\/hirek\/fontos-az-alapber-a-jarvany-idejen\/#webpage","url":"https:\/\/allasorias.hu\/hirek\/fontos-az-alapber-a-jarvany-idejen\/","name":"Fontos az alapb\u00e9r a j\u00e1rv\u00e1ny idej\u00e9n | AllasOrias.hu | H\u00edrek-lapszemle","description":"Az alapb\u00e9r jelent\u0151s\u00e9ge kiemelten fontos a j\u00e1rv\u00e1ny okozta gazdas\u00e1gi helyzetben, de a munkahely \u00e9s mag\u00e1n\u00e9let k\u00f6z\u00f6tti egyens\u00falyt megteremt\u0151 rugalmas munkarend \u00e9s munkaid\u0151, valamint kisz\u00e1m\u00edthat\u00f3 id\u0151beoszt\u00e1s szint\u00e9n hangs\u00falyos a fiatalok k\u00f6r\u00e9ben \u2013 der\u00fclt ki egy felm\u00e9r\u00e9sb\u0151l. Fel\u00e9rt\u00e9kel\u0151d\u00f6tt az alapfizet\u00e9s a tavalyi \u00e9vhez k\u00e9pest, amely \u00edgy a rugalmas \u00e9s kisz\u00e1m\u00edthat\u00f3 id\u0151beoszt\u00e1ssal egy\u00fctt vezeti 2020-ban a munkahely-v\u00e1laszt\u00e1si t\u00e9nyez\u0151k","inLanguage":"hu-HU","isPartOf":{"@id":"https:\/\/allasorias.hu\/hirek\/#website"},"breadcrumb":{"@id":"https:\/\/allasorias.hu\/hirek\/fontos-az-alapber-a-jarvany-idejen\/#breadcrumblist"},"author":{"@id":"https:\/\/allasorias.hu\/hirek\/author\/admin-allasorias\/#author"},"creator":{"@id":"https:\/\/allasorias.hu\/hirek\/author\/admin-allasorias\/#author"},"image":{"@type":"ImageObject","url":"https:\/\/allasorias.hu\/hirek\/wp-content\/uploads\/2019\/01\/263629_forint.jpg","@id":"https:\/\/allasorias.hu\/hirek\/fontos-az-alapber-a-jarvany-idejen\/#mainImage","width":800,"height":400},"primaryImageOfPage":{"@id":"https:\/\/allasorias.hu\/hirek\/fontos-az-alapber-a-jarvany-idejen\/#mainImage"},"datePublished":"2020-11-19T10:22:12+02:00","dateModified":"2020-11-19T10:22:12+02:00"},{"@type":"WebSite","@id":"https:\/\/allasorias.hu\/hirek\/#website","url":"https:\/\/allasorias.hu\/hirek\/","name":"AllasOrias.hu | H\u00edrek-lapszemle","description":"\u00dczleti h\u00edrek az \u00e1ll\u00e1s \u00e9s a munka vil\u00e1g\u00e1b\u00f3l","inLanguage":"hu-HU","publisher":{"@id":"https:\/\/allasorias.hu\/hirek\/#organization"}}]},"og:locale":"hu_HU","og:site_name":"AllasOrias.hu | H\u00edrek-lapszemle | \u00dczleti h\u00edrek az \u00e1ll\u00e1s \u00e9s a munka vil\u00e1g\u00e1b\u00f3l","og:type":"article","og:title":"Fontos az alapb\u00e9r a j\u00e1rv\u00e1ny idej\u00e9n | AllasOrias.hu | H\u00edrek-lapszemle","og:description":"Az alapb\u00e9r jelent\u0151s\u00e9ge kiemelten fontos a j\u00e1rv\u00e1ny okozta gazdas\u00e1gi helyzetben, de a munkahely \u00e9s mag\u00e1n\u00e9let k\u00f6z\u00f6tti egyens\u00falyt megteremt\u0151 rugalmas munkarend \u00e9s munkaid\u0151, valamint kisz\u00e1m\u00edthat\u00f3 id\u0151beoszt\u00e1s szint\u00e9n hangs\u00falyos a fiatalok k\u00f6r\u00e9ben \u2013 der\u00fclt ki egy felm\u00e9r\u00e9sb\u0151l. Fel\u00e9rt\u00e9kel\u0151d\u00f6tt az alapfizet\u00e9s a tavalyi \u00e9vhez k\u00e9pest, amely \u00edgy a rugalmas \u00e9s kisz\u00e1m\u00edthat\u00f3 id\u0151beoszt\u00e1ssal egy\u00fctt vezeti 2020-ban a munkahely-v\u00e1laszt\u00e1si t\u00e9nyez\u0151k","og:url":"https:\/\/allasorias.hu\/hirek\/fontos-az-alapber-a-jarvany-idejen\/","og:image":"https:\/\/allasorias.hu\/hirek\/wp-content\/uploads\/2019\/01\/263629_forint.jpg","og:image:secure_url":"https:\/\/allasorias.hu\/hirek\/wp-content\/uploads\/2019\/01\/263629_forint.jpg","og:image:width":800,"og:image:height":400,"article:published_time":"2020-11-19T10:22:12+00:00","article:modified_time":"2020-11-19T10:22:12+00:00","article:publisher":"https:\/\/www.facebook.com\/allasorias","twitter:card":"summary_large_image","twitter:title":"Fontos az alapb\u00e9r a j\u00e1rv\u00e1ny idej\u00e9n | AllasOrias.hu | H\u00edrek-lapszemle","twitter:description":"Az alapb\u00e9r jelent\u0151s\u00e9ge kiemelten fontos a j\u00e1rv\u00e1ny okozta gazdas\u00e1gi helyzetben, de a munkahely \u00e9s mag\u00e1n\u00e9let k\u00f6z\u00f6tti egyens\u00falyt megteremt\u0151 rugalmas munkarend \u00e9s munkaid\u0151, valamint kisz\u00e1m\u00edthat\u00f3 id\u0151beoszt\u00e1s szint\u00e9n hangs\u00falyos a fiatalok k\u00f6r\u00e9ben \u2013 der\u00fclt ki egy felm\u00e9r\u00e9sb\u0151l. Fel\u00e9rt\u00e9kel\u0151d\u00f6tt az alapfizet\u00e9s a tavalyi \u00e9vhez k\u00e9pest, amely \u00edgy a rugalmas \u00e9s kisz\u00e1m\u00edthat\u00f3 id\u0151beoszt\u00e1ssal egy\u00fctt vezeti 2020-ban a munkahely-v\u00e1laszt\u00e1si t\u00e9nyez\u0151k","twitter:image":"https:\/\/allasorias.hu\/hirek\/wp-content\/uploads\/2019\/01\/263629_forint.jpg","twitter:label1":"Written by","twitter:data1":"Juh\u00e1sz P\u00e9ter","twitter:label2":"Est. reading time","twitter:data2":"3 minutes"},"aioseo_meta_data":{"post_id":"4386","title":null,"description":"","keywords":"","keyphrases":null,"primary_term":null,"canonical_url":"","og_title":null,"og_description":null,"og_object_type":"default","og_image_type":"default","og_image_url":null,"og_image_width":null,"og_image_height":null,"og_image_custom_url":null,"og_image_custom_fields":null,"og_video":null,"og_custom_url":null,"og_article_section":null,"og_article_tags":null,"twitter_use_og":false,"twitter_card":"default","twitter_image_type":"default","twitter_image_url":null,"twitter_image_custom_url":null,"twitter_image_custom_fields":null,"twitter_title":null,"twitter_description":null,"schema":{"blockGraphs":[],"customGraphs":[],"default":{"data":{"Article":[],"Course":[],"Dataset":[],"FAQPage":[],"Movie":[],"Person":[],"Product":[],"ProductReview":[],"Car":[],"Recipe":[],"Service":[],"SoftwareApplication":[],"WebPage":[]},"graphName":"","isEnabled":true},"graphs":[],"defaultGraph":"","defaultPostTypeGraph":""},"schema_type":null,"schema_type_options":null,"pillar_content":false,"robots_default":true,"robots_noindex":false,"robots_noarchive":false,"robots_nosnippet":false,"robots_nofollow":false,"robots_noimageindex":false,"robots_noodp":false,"robots_notranslate":false,"robots_max_snippet":null,"robots_max_videopreview":null,"robots_max_imagepreview":"large","priority":null,"frequency":null,"location":null,"local_seo":null,"breadcrumb_settings":null,"limit_modified_date":false,"ai":null,"created":"2021-02-01 20:44:59","updated":"2025-10-02 15:02:07","seo_analyzer_scan_date":null,"focus_keyword":null,"additional_keywords":null,"truseo_locale":null},"aioseo_breadcrumb":"<div class=\"aioseo-breadcrumbs\"><span class=\"aioseo-breadcrumb\">\n\t\t\t<a href=\"https:\/\/allasorias.hu\/hirek\" title=\"Home\">Home<\/a>\n\t\t<\/span><span class=\"aioseo-breadcrumb-separator\">&raquo;<\/span><span class=\"aioseo-breadcrumb\">\n\t\t\t<a href=\"https:\/\/allasorias.hu\/hirek\/temak\/gazdasag\/\" title=\"Gazdas\u00e1g\">Gazdas\u00e1g<\/a>\n\t\t<\/span><span class=\"aioseo-breadcrumb-separator\">&raquo;<\/span><span class=\"aioseo-breadcrumb\">\n\t\t\tFontos az alapb\u00e9r a j\u00e1rv\u00e1ny idej\u00e9n\n\t\t<\/span><\/div>","aioseo_breadcrumb_json":[{"label":"Home","link":"https:\/\/allasorias.hu\/hirek"},{"label":"Gazdas\u00e1g","link":"https:\/\/allasorias.hu\/hirek\/temak\/gazdasag\/"},{"label":"Fontos az alapb\u00e9r a j\u00e1rv\u00e1ny idej\u00e9n","link":"https:\/\/allasorias.hu\/hirek\/fontos-az-alapber-a-jarvany-idejen\/"}],"_links":{"self":[{"href":"https:\/\/allasorias.hu\/hirek\/wp-json\/wp\/v2\/posts\/4386","targetHints":{"allow":["GET"]}}],"collection":[{"href":"https:\/\/allasorias.hu\/hirek\/wp-json\/wp\/v2\/posts"}],"about":[{"href":"https:\/\/allasorias.hu\/hirek\/wp-json\/wp\/v2\/types\/post"}],"author":[{"embeddable":true,"href":"https:\/\/allasorias.hu\/hirek\/wp-json\/wp\/v2\/users\/1"}],"replies":[{"embeddable":true,"href":"https:\/\/allasorias.hu\/hirek\/wp-json\/wp\/v2\/comments?post=4386"}],"version-history":[{"count":1,"href":"https:\/\/allasorias.hu\/hirek\/wp-json\/wp\/v2\/posts\/4386\/revisions"}],"predecessor-version":[{"id":4387,"href":"https:\/\/allasorias.hu\/hirek\/wp-json\/wp\/v2\/posts\/4386\/revisions\/4387"}],"wp:featuredmedia":[{"embeddable":true,"href":"https:\/\/allasorias.hu\/hirek\/wp-json\/wp\/v2\/media\/2372"}],"wp:attachment":[{"href":"https:\/\/allasorias.hu\/hirek\/wp-json\/wp\/v2\/media?parent=4386"}],"wp:term":[{"taxonomy":"category","embeddable":true,"href":"https:\/\/allasorias.hu\/hirek\/wp-json\/wp\/v2\/categories?post=4386"},{"taxonomy":"post_tag","embeddable":true,"href":"https:\/\/allasorias.hu\/hirek\/wp-json\/wp\/v2\/tags?post=4386"}],"curies":[{"name":"wp","href":"https:\/\/api.w.org\/{rel}","templated":true}]}}