{"id":4381,"date":"2020-11-16T08:18:04","date_gmt":"2020-11-16T08:18:04","guid":{"rendered":"https:\/\/allasorias.hu\/hirek\/?p=4381"},"modified":"2020-11-16T08:18:04","modified_gmt":"2020-11-16T08:18:04","slug":"a-noket-es-a-fiatalokat-erintette-legrosszabbul-a-valsag","status":"publish","type":"post","link":"https:\/\/allasorias.hu\/hirek\/a-noket-es-a-fiatalokat-erintette-legrosszabbul-a-valsag\/","title":{"rendered":"A n\u0151ket \u00e9s a fiatalokat \u00e9rintette legrosszabbul a v\u00e1ls\u00e1g"},"content":{"rendered":"<p><strong>A koronav\u00edrus-j\u00e1rv\u00e1ny okozta recesszi\u00f3 nagyon elt\u00e9r\u0151 a m\u00faltban m\u00e1r \u00e1t\u00e9lt gazdas\u00e1gi visszaes\u00e9sekhez k\u00e9pest, ez \u00faj kih\u00edv\u00e1sok el\u00e9 \u00e1ll\u00edtja a jegybank\u00e1rokat \u00e9s a jogalkot\u00f3kat &#8211; mondta az EKB korm\u00e1nyz\u00f3 tan\u00e1cs\u00e1nak tagja a CNBC-nek. A munkaer\u0151piacon els\u0151sorban a n\u0151ket \u00e9s a fiatal munkav\u00e1llal\u00f3kat \u00e9rintette s\u00falyosan a koronav\u00edrus-j\u00e1rv\u00e1ny &#8211; mondta Isabel Schnabel, az Eur\u00f3pai K\u00f6zponti Bank (EKB) korm\u00e1nyz\u00f3ja.<\/strong><\/p>\n<p>Az eur\u00f3pai jegybank decemberben ak\u00e1r kamatot is cs\u00f6kkenthet. A mostani v\u00e1ls\u00e1g els\u0151sorban a szolg\u00e1ltat\u00f3szektorb\u00f3l \u00e9rkezik, amely gyakorlatilag le\u00e1llt, amikor vil\u00e1gszerte a szoci\u00e1lis kapcsolattart\u00e1s korl\u00e1toz\u00e1s\u00e1t szolg\u00e1l\u00f3 int\u00e9zked\u00e9seket hoztak. A ny\u00e1ri, n\u00e9h\u00e1ny h\u00f3napig tart\u00f3 fell\u00e9legz\u00e9st k\u00f6vet\u0151en &#8211; amikor az eur\u00f3pai korm\u00e1nyok laz\u00edtottak a korl\u00e1toz\u00e1sokon -, most ism\u00e9t sok \u00e9tteremnek, k\u00e1v\u00e9z\u00f3nak, hotelnek \u00e9s kiskereskedelmi egys\u00e9gnek kellett bez\u00e1rnia amint a fert\u0151z\u00e9s m\u00e1sodik hull\u00e1ma el\u00e9rte a r\u00e9gi\u00f3t.Ez a szolg\u00e1ltat\u00f3szektor okozta recesszi\u00f3 nagyon k\u00fcl\u00f6nb\u00f6zik egy szab\u00e1lyos visszaes\u00e9st\u0151l. Az egyik k\u00e9rd\u00e9s, milyen hossz\u00fa lesz? A m\u00e1sik, mi lesz a hat\u00e1sa a foglalkoztatotts\u00e1gra? &#8211; mondta Isabel Schnabel, az EKB korm\u00e1nyz\u00f3tan\u00e1cs\u00e1nak tagja a CNBC-nek adott interj\u00faj\u00e1ban. Christine Lagarde, az EKB eln\u00f6ke nem sokkal el\u0151tte h\u00edvta fel a figyelmet egy besz\u00e9d\u00e9ben arra, hogy nagyon sok ember, aki tavasszal elvesztette a munk\u00e1j\u00e1t, elhagyta a munkaer\u0151piacot \u00e9s abbahagyta az \u00e1ll\u00e1skeres\u00e9s\u00e9t, az eur\u00f3z\u00f3n\u00e1ban legal\u00e1bb 3,2 milli\u00f3 dolgoz\u00f3t min\u0151s\u00edtettek &#8222;elbizonytalanodottnak&#8221;. Ezek az emberek azok, akik nincsenek regisztr\u00e1lva munkan\u00e9lk\u00fclik\u00e9nt \u00e9s ez\u00e9rt nem szerepelnek a r\u00e9gi\u00f3 hivatalos munka\u00fcgyi statisztik\u00e1iban. A munkan\u00e9lk\u00fclis\u00e9g jelent\u0151sen emelkedett az eur\u00f3z\u00f3n\u00e1ban, szeptemberben el\u00e9rte a 8,3 sz\u00e1zal\u00e9kot, azonban ez a szint kor\u00e1ntsem \u00e9ri el a kor\u00e1bbi v\u00e1ls\u00e1gok sor\u00e1n megtapasztalt \u00e9rt\u00e9keket, amikor a foglalkoztat\u00e1s cs\u00f6kken\u00e9se a munkan\u00e9lk\u00fclis\u00e9gi r\u00e1ta gyors emelked\u00e9s\u00e9t vonta maga ut\u00e1n. Az eur\u00f3z\u00f3na ad\u00f3ss\u00e1gv\u00e1ls\u00e1g\u00e1t k\u00f6vet\u0151en p\u00e9ld\u00e1ul 2013-ban el\u00e9rte a 12 sz\u00e1zal\u00e9kot is.Schnabel elmond\u00e1sa szerint a k\u00fcl\u00f6nb\u00f6z\u0151 munkahelymagtart\u00f3 int\u00e9zked\u00e9sek megel\u0151zt\u00e9k azt, hogy a munkan\u00e9lk\u00fclis\u00e9g drasztikus emelked\u00e9snek induljon, ugyanakkor j\u00f3 n\u00e9h\u00e1ny ember egyszer\u0171en csak abbahagyta a munk\u00e1t, \u00e9s nem sz\u00e1molt\u00e1k \u0151ket munkan\u00e9lk\u00fclinek. Az EKB-t ezen fel\u00fcl komolyan foglalkoztatja az, hogy a lakoss\u00e1g k\u00fcl\u00f6nb\u00f6z\u0151 r\u00e9szeit hogyan \u00e9rinti a koronav\u00edrus v\u00e1ls\u00e1g. Amit most lehet l\u00e1tni, az az, hogy az orsz\u00e1gokat nagyon elt\u00e9r\u0151en \u00e9rintett a v\u00e1ls\u00e1g, \u00e9s az orsz\u00e1gokon bel\u00fcl is egyes csoportok eset\u00e9ben nagyon elt\u00e9r\u0151 a k\u00e9p. Ez \u00faj \u00e9s komoly kih\u00edv\u00e1sok el\u00e9 \u00e1ll\u00edtja a fisk\u00e1lis d\u00f6nt\u00e9shoz\u00f3kat, de a monet\u00e1ris politika ir\u00e1ny\u00edt\u00f3t is &#8211; tette hozz\u00e1 a jegybank\u00e1r. Bizony\u00edt\u00e9kaink vannak arra, hogy els\u0151sorban a\u00a0 fiatalokat \u00e9s a n\u0151ket s\u00fajtotta leger\u0151sebben ez a visszaes\u00e9s. A fiatal munkav\u00e1llal\u00f3k eset\u00e9ben ugyanis jellemz\u0151bbek a korl\u00e1tozott idej\u0171 szerz\u0151d\u00e9sek, emiatt \u0151ket k\u00f6nnyebb kir\u00fagni, a n\u0151k k\u00f6z\u00fcl pedig nagyon sokan dolgoznak olyan munkak\u00f6rben, amely a szem\u00e9lyes kapcsolatra \u00e9p\u00fcl, \u00e9s ezeket a poz\u00edci\u00f3kat nagyon komolyan \u00e9rintette a j\u00e1rv\u00e1ny &#8211; mondta a szak\u00e9rt\u0151. Az eur\u00f3z\u00f3na gazdas\u00e1ga 2020 harmadik negyed\u00e9v\u00e9ben 12,7 sz\u00e1zal\u00e9kkal emelkedett a ny\u00e1ri enyh\u00edt\u00e9seknek k\u00f6sz\u00f6nhet\u0151en, ez rekordnak sz\u00e1m\u00edt, a m\u00e1sodik negyed\u00e9vben viszont a lez\u00e1r\u00e1sok miatt 11,8 sz\u00e1zal\u00e9kkal zuhant. Az EKB kor\u00e1bban utalt arra, hogy jelenleg is dolgozik egy \u00fajabb monet\u00e1ris \u00f6szt\u00f6nz\u0151csomagon az eur\u00f3z\u00f3na sz\u00e1m\u00e1ra. Lagarde el\u0151revet\u00edtette, hogy a jegybank k\u00e9sz a mostanin\u00e1l is laz\u00e1bb kond\u00edci\u00f3kat teremteni a bankok sz\u00e1m\u00e1ra, \u00e9s tov\u00e1bbi k\u00f6tv\u00e9nyv\u00e1s\u00e1rl\u00e1sokat is terveznek a gazdas\u00e1g \u00e9letben tart\u00e1sa \u00e9rdek\u00e9ben.<\/p>\n<p>&nbsp;<\/p>\n<p>Forr\u00e1s: napi.hu,szakszervezetek.hu<\/p>\n","protected":false},"excerpt":{"rendered":"<p>A koronav\u00edrus-j\u00e1rv\u00e1ny okozta recesszi\u00f3 nagyon elt\u00e9r\u0151 a m\u00faltban m\u00e1r \u00e1t\u00e9lt gazdas\u00e1gi visszaes\u00e9sekhez k\u00e9pest, ez \u00faj kih\u00edv\u00e1sok el\u00e9 \u00e1ll\u00edtja a jegybank\u00e1rokat \u00e9s a jogalkot\u00f3kat &#8211; mondta az EKB korm\u00e1nyz\u00f3 tan\u00e1cs\u00e1nak tagja a CNBC-nek. A munkaer\u0151piacon els\u0151sorban a n\u0151ket \u00e9s a fiatal munkav\u00e1llal\u00f3kat \u00e9rintette s\u00falyosan a koronav\u00edrus-j\u00e1rv\u00e1ny &#8211; mondta Isabel Schnabel, az Eur\u00f3pai K\u00f6zponti Bank (EKB) korm\u00e1nyz\u00f3ja. [&hellip;]<\/p>\n","protected":false},"author":1,"featured_media":4382,"comment_status":"open","ping_status":"open","sticky":false,"template":"","format":"standard","meta":{"_monsterinsights_skip_tracking":false,"footnotes":""},"categories":[198],"tags":[],"class_list":["post-4381","post","type-post","status-publish","format-standard","has-post-thumbnail","hentry","category-gazdasag"],"aioseo_notices":[],"aioseo_head":"\n\t\t<!-- All in One SEO 5.0.0.1 - aioseo.com -->\n\t<meta name=\"description\" content=\"A koronav\u00edrus-j\u00e1rv\u00e1ny okozta recesszi\u00f3 nagyon elt\u00e9r\u0151 a m\u00faltban m\u00e1r \u00e1t\u00e9lt gazdas\u00e1gi visszaes\u00e9sekhez k\u00e9pest, ez \u00faj kih\u00edv\u00e1sok el\u00e9 \u00e1ll\u00edtja a jegybank\u00e1rokat \u00e9s a jogalkot\u00f3kat - mondta az EKB korm\u00e1nyz\u00f3 tan\u00e1cs\u00e1nak tagja a CNBC-nek. A munkaer\u0151piacon els\u0151sorban a n\u0151ket \u00e9s a fiatal munkav\u00e1llal\u00f3kat \u00e9rintette s\u00falyosan a koronav\u00edrus-j\u00e1rv\u00e1ny - mondta Isabel Schnabel, az Eur\u00f3pai K\u00f6zponti Bank (EKB) korm\u00e1nyz\u00f3ja.\" \/>\n\t<meta name=\"robots\" content=\"max-image-preview:large\" \/>\n\t<meta name=\"author\" content=\"Juh\u00e1sz P\u00e9ter\"\/>\n\t<link rel=\"canonical\" href=\"https:\/\/allasorias.hu\/hirek\/a-noket-es-a-fiatalokat-erintette-legrosszabbul-a-valsag\/\" \/>\n\t<meta name=\"generator\" content=\"All in One SEO (AIOSEO) 5.0.0.1\" \/>\n\t\t<meta property=\"og:locale\" content=\"hu_HU\" \/>\n\t\t<meta property=\"og:site_name\" content=\"AllasOrias.hu | H\u00edrek-lapszemle | \u00dczleti h\u00edrek az \u00e1ll\u00e1s \u00e9s a munka vil\u00e1g\u00e1b\u00f3l\" \/>\n\t\t<meta property=\"og:type\" content=\"article\" \/>\n\t\t<meta property=\"og:title\" content=\"A n\u0151ket \u00e9s a fiatalokat \u00e9rintette legrosszabbul a v\u00e1ls\u00e1g | AllasOrias.hu | H\u00edrek-lapszemle\" \/>\n\t\t<meta property=\"og:description\" content=\"A koronav\u00edrus-j\u00e1rv\u00e1ny okozta recesszi\u00f3 nagyon elt\u00e9r\u0151 a m\u00faltban m\u00e1r \u00e1t\u00e9lt gazdas\u00e1gi visszaes\u00e9sekhez k\u00e9pest, ez \u00faj kih\u00edv\u00e1sok el\u00e9 \u00e1ll\u00edtja a jegybank\u00e1rokat \u00e9s a jogalkot\u00f3kat - mondta az EKB korm\u00e1nyz\u00f3 tan\u00e1cs\u00e1nak tagja a CNBC-nek. A munkaer\u0151piacon els\u0151sorban a n\u0151ket \u00e9s a fiatal munkav\u00e1llal\u00f3kat \u00e9rintette s\u00falyosan a koronav\u00edrus-j\u00e1rv\u00e1ny - mondta Isabel Schnabel, az Eur\u00f3pai K\u00f6zponti Bank (EKB) korm\u00e1nyz\u00f3ja.\" \/>\n\t\t<meta property=\"og:url\" content=\"https:\/\/allasorias.hu\/hirek\/a-noket-es-a-fiatalokat-erintette-legrosszabbul-a-valsag\/\" \/>\n\t\t<meta property=\"og:image\" content=\"https:\/\/allasorias.hu\/hirek\/wp-content\/uploads\/2020\/11\/stock-exchange-4878214_1280.jpg\" \/>\n\t\t<meta property=\"og:image:secure_url\" content=\"https:\/\/allasorias.hu\/hirek\/wp-content\/uploads\/2020\/11\/stock-exchange-4878214_1280.jpg\" \/>\n\t\t<meta property=\"og:image:width\" content=\"1280\" \/>\n\t\t<meta property=\"og:image:height\" content=\"905\" \/>\n\t\t<meta property=\"article:published_time\" content=\"2020-11-16T08:18:04+00:00\" \/>\n\t\t<meta property=\"article:modified_time\" content=\"2020-11-16T08:18:04+00:00\" \/>\n\t\t<meta property=\"article:publisher\" content=\"https:\/\/www.facebook.com\/allasorias\" \/>\n\t\t<meta name=\"twitter:card\" content=\"summary_large_image\" \/>\n\t\t<meta name=\"twitter:title\" content=\"A n\u0151ket \u00e9s a fiatalokat \u00e9rintette legrosszabbul a v\u00e1ls\u00e1g | AllasOrias.hu | H\u00edrek-lapszemle\" \/>\n\t\t<meta name=\"twitter:description\" content=\"A koronav\u00edrus-j\u00e1rv\u00e1ny okozta recesszi\u00f3 nagyon elt\u00e9r\u0151 a m\u00faltban m\u00e1r \u00e1t\u00e9lt gazdas\u00e1gi visszaes\u00e9sekhez k\u00e9pest, ez \u00faj kih\u00edv\u00e1sok el\u00e9 \u00e1ll\u00edtja a jegybank\u00e1rokat \u00e9s a jogalkot\u00f3kat - mondta az EKB korm\u00e1nyz\u00f3 tan\u00e1cs\u00e1nak tagja a CNBC-nek. A munkaer\u0151piacon els\u0151sorban a n\u0151ket \u00e9s a fiatal munkav\u00e1llal\u00f3kat \u00e9rintette s\u00falyosan a koronav\u00edrus-j\u00e1rv\u00e1ny - mondta Isabel Schnabel, az Eur\u00f3pai K\u00f6zponti Bank (EKB) korm\u00e1nyz\u00f3ja.\" \/>\n\t\t<meta name=\"twitter:image\" content=\"https:\/\/allasorias.hu\/hirek\/wp-content\/uploads\/2020\/11\/stock-exchange-4878214_1280.jpg\" \/>\n\t\t<meta name=\"twitter:label1\" content=\"Written by\" \/>\n\t\t<meta name=\"twitter:data1\" content=\"Juh\u00e1sz P\u00e9ter\" \/>\n\t\t<meta name=\"twitter:label2\" content=\"Est. reading time\" \/>\n\t\t<meta name=\"twitter:data2\" content=\"4 minutes\" \/>\n\t\t<script type=\"application\/ld+json\" class=\"aioseo-schema\">\n\t\t\t{\"@context\":\"https:\\\/\\\/schema.org\",\"@graph\":[{\"@type\":\"Article\",\"@id\":\"https:\\\/\\\/allasorias.hu\\\/hirek\\\/a-noket-es-a-fiatalokat-erintette-legrosszabbul-a-valsag\\\/#article\",\"name\":\"A n\\u0151ket \\u00e9s a fiatalokat \\u00e9rintette legrosszabbul a v\\u00e1ls\\u00e1g | AllasOrias.hu | H\\u00edrek-lapszemle\",\"headline\":\"A n\\u0151ket \\u00e9s a fiatalokat \\u00e9rintette legrosszabbul a v\\u00e1ls\\u00e1g\",\"author\":{\"@id\":\"https:\\\/\\\/allasorias.hu\\\/hirek\\\/author\\\/admin-allasorias\\\/#author\"},\"publisher\":{\"@id\":\"https:\\\/\\\/allasorias.hu\\\/hirek\\\/#organization\"},\"image\":{\"@type\":\"ImageObject\",\"url\":\"https:\\\/\\\/allasorias.hu\\\/hirek\\\/wp-content\\\/uploads\\\/2020\\\/11\\\/stock-exchange-4878214_1280.jpg\",\"width\":1280,\"height\":905},\"datePublished\":\"2020-11-16T08:18:04+02:00\",\"dateModified\":\"2020-11-16T08:18:04+02:00\",\"inLanguage\":\"hu-HU\",\"mainEntityOfPage\":{\"@id\":\"https:\\\/\\\/allasorias.hu\\\/hirek\\\/a-noket-es-a-fiatalokat-erintette-legrosszabbul-a-valsag\\\/#webpage\"},\"isPartOf\":{\"@id\":\"https:\\\/\\\/allasorias.hu\\\/hirek\\\/a-noket-es-a-fiatalokat-erintette-legrosszabbul-a-valsag\\\/#webpage\"},\"articleSection\":\"Gazdas\\u00e1g\"},{\"@type\":\"BreadcrumbList\",\"@id\":\"https:\\\/\\\/allasorias.hu\\\/hirek\\\/a-noket-es-a-fiatalokat-erintette-legrosszabbul-a-valsag\\\/#breadcrumblist\",\"itemListElement\":[{\"@type\":\"ListItem\",\"@id\":\"https:\\\/\\\/allasorias.hu\\\/hirek#listItem\",\"position\":1,\"name\":\"Home\",\"item\":\"https:\\\/\\\/allasorias.hu\\\/hirek\",\"nextItem\":{\"@type\":\"ListItem\",\"@id\":\"https:\\\/\\\/allasorias.hu\\\/hirek\\\/temak\\\/gazdasag\\\/#listItem\",\"name\":\"Gazdas\\u00e1g\"}},{\"@type\":\"ListItem\",\"@id\":\"https:\\\/\\\/allasorias.hu\\\/hirek\\\/temak\\\/gazdasag\\\/#listItem\",\"position\":2,\"name\":\"Gazdas\\u00e1g\",\"item\":\"https:\\\/\\\/allasorias.hu\\\/hirek\\\/temak\\\/gazdasag\\\/\",\"nextItem\":{\"@type\":\"ListItem\",\"@id\":\"https:\\\/\\\/allasorias.hu\\\/hirek\\\/a-noket-es-a-fiatalokat-erintette-legrosszabbul-a-valsag\\\/#listItem\",\"name\":\"A n\\u0151ket \\u00e9s a fiatalokat \\u00e9rintette legrosszabbul a v\\u00e1ls\\u00e1g\"},\"previousItem\":{\"@type\":\"ListItem\",\"@id\":\"https:\\\/\\\/allasorias.hu\\\/hirek#listItem\",\"name\":\"Home\"}},{\"@type\":\"ListItem\",\"@id\":\"https:\\\/\\\/allasorias.hu\\\/hirek\\\/a-noket-es-a-fiatalokat-erintette-legrosszabbul-a-valsag\\\/#listItem\",\"position\":3,\"name\":\"A n\\u0151ket \\u00e9s a fiatalokat \\u00e9rintette legrosszabbul a v\\u00e1ls\\u00e1g\",\"previousItem\":{\"@type\":\"ListItem\",\"@id\":\"https:\\\/\\\/allasorias.hu\\\/hirek\\\/temak\\\/gazdasag\\\/#listItem\",\"name\":\"Gazdas\\u00e1g\"}}]},{\"@type\":\"Organization\",\"@id\":\"https:\\\/\\\/allasorias.hu\\\/hirek\\\/#organization\",\"name\":\"AllasOrias.hu | H\\u00edrek-lapszemle\",\"description\":\"\\u00dczleti h\\u00edrek az \\u00e1ll\\u00e1s \\u00e9s a munka vil\\u00e1g\\u00e1b\\u00f3l\",\"url\":\"https:\\\/\\\/allasorias.hu\\\/hirek\\\/\",\"logo\":{\"@type\":\"ImageObject\",\"url\":\"https:\\\/\\\/allasorias.hu\\\/hirek\\\/wp-content\\\/uploads\\\/2022\\\/10\\\/allasorias_site_facebok_logo.png\",\"@id\":\"https:\\\/\\\/allasorias.hu\\\/hirek\\\/a-noket-es-a-fiatalokat-erintette-legrosszabbul-a-valsag\\\/#organizationLogo\"},\"image\":{\"@id\":\"https:\\\/\\\/allasorias.hu\\\/hirek\\\/a-noket-es-a-fiatalokat-erintette-legrosszabbul-a-valsag\\\/#organizationLogo\"},\"sameAs\":[\"https:\\\/\\\/www.facebook.com\\\/allasorias\",\"https:\\\/\\\/www.linkedin.com\\\/company\\\/allasorias\"]},{\"@type\":\"Person\",\"@id\":\"https:\\\/\\\/allasorias.hu\\\/hirek\\\/author\\\/admin-allasorias\\\/#author\",\"url\":\"https:\\\/\\\/allasorias.hu\\\/hirek\\\/author\\\/admin-allasorias\\\/\",\"name\":\"Juh\\u00e1sz P\\u00e9ter\",\"image\":{\"@type\":\"ImageObject\",\"@id\":\"https:\\\/\\\/allasorias.hu\\\/hirek\\\/a-noket-es-a-fiatalokat-erintette-legrosszabbul-a-valsag\\\/#authorImage\",\"url\":\"https:\\\/\\\/secure.gravatar.com\\\/avatar\\\/36e6bcb83148978b992977cb0f54d22feb0cce8a0a849a9410532bb2623ba4c6?s=96&d=mm&r=g\",\"width\":96,\"height\":96,\"caption\":\"Juh\\u00e1sz P\\u00e9ter\"}},{\"@type\":\"WebPage\",\"@id\":\"https:\\\/\\\/allasorias.hu\\\/hirek\\\/a-noket-es-a-fiatalokat-erintette-legrosszabbul-a-valsag\\\/#webpage\",\"url\":\"https:\\\/\\\/allasorias.hu\\\/hirek\\\/a-noket-es-a-fiatalokat-erintette-legrosszabbul-a-valsag\\\/\",\"name\":\"A n\\u0151ket \\u00e9s a fiatalokat \\u00e9rintette legrosszabbul a v\\u00e1ls\\u00e1g | AllasOrias.hu | H\\u00edrek-lapszemle\",\"description\":\"A koronav\\u00edrus-j\\u00e1rv\\u00e1ny okozta recesszi\\u00f3 nagyon elt\\u00e9r\\u0151 a m\\u00faltban m\\u00e1r \\u00e1t\\u00e9lt gazdas\\u00e1gi visszaes\\u00e9sekhez k\\u00e9pest, ez \\u00faj kih\\u00edv\\u00e1sok el\\u00e9 \\u00e1ll\\u00edtja a jegybank\\u00e1rokat \\u00e9s a jogalkot\\u00f3kat - mondta az EKB korm\\u00e1nyz\\u00f3 tan\\u00e1cs\\u00e1nak tagja a CNBC-nek. A munkaer\\u0151piacon els\\u0151sorban a n\\u0151ket \\u00e9s a fiatal munkav\\u00e1llal\\u00f3kat \\u00e9rintette s\\u00falyosan a koronav\\u00edrus-j\\u00e1rv\\u00e1ny - mondta Isabel Schnabel, az Eur\\u00f3pai K\\u00f6zponti Bank (EKB) korm\\u00e1nyz\\u00f3ja.\",\"inLanguage\":\"hu-HU\",\"isPartOf\":{\"@id\":\"https:\\\/\\\/allasorias.hu\\\/hirek\\\/#website\"},\"breadcrumb\":{\"@id\":\"https:\\\/\\\/allasorias.hu\\\/hirek\\\/a-noket-es-a-fiatalokat-erintette-legrosszabbul-a-valsag\\\/#breadcrumblist\"},\"author\":{\"@id\":\"https:\\\/\\\/allasorias.hu\\\/hirek\\\/author\\\/admin-allasorias\\\/#author\"},\"creator\":{\"@id\":\"https:\\\/\\\/allasorias.hu\\\/hirek\\\/author\\\/admin-allasorias\\\/#author\"},\"image\":{\"@type\":\"ImageObject\",\"url\":\"https:\\\/\\\/allasorias.hu\\\/hirek\\\/wp-content\\\/uploads\\\/2020\\\/11\\\/stock-exchange-4878214_1280.jpg\",\"@id\":\"https:\\\/\\\/allasorias.hu\\\/hirek\\\/a-noket-es-a-fiatalokat-erintette-legrosszabbul-a-valsag\\\/#mainImage\",\"width\":1280,\"height\":905},\"primaryImageOfPage\":{\"@id\":\"https:\\\/\\\/allasorias.hu\\\/hirek\\\/a-noket-es-a-fiatalokat-erintette-legrosszabbul-a-valsag\\\/#mainImage\"},\"datePublished\":\"2020-11-16T08:18:04+02:00\",\"dateModified\":\"2020-11-16T08:18:04+02:00\"},{\"@type\":\"WebSite\",\"@id\":\"https:\\\/\\\/allasorias.hu\\\/hirek\\\/#website\",\"url\":\"https:\\\/\\\/allasorias.hu\\\/hirek\\\/\",\"name\":\"AllasOrias.hu | H\\u00edrek-lapszemle\",\"description\":\"\\u00dczleti h\\u00edrek az \\u00e1ll\\u00e1s \\u00e9s a munka vil\\u00e1g\\u00e1b\\u00f3l\",\"inLanguage\":\"hu-HU\",\"publisher\":{\"@id\":\"https:\\\/\\\/allasorias.hu\\\/hirek\\\/#organization\"}}]}\n\t\t<\/script>\n\t\t<!-- All in One SEO -->\n\n","aioseo_head_json":{"title":"A n\u0151ket \u00e9s a fiatalokat \u00e9rintette legrosszabbul a v\u00e1ls\u00e1g | AllasOrias.hu | H\u00edrek-lapszemle","description":"A koronav\u00edrus-j\u00e1rv\u00e1ny okozta recesszi\u00f3 nagyon elt\u00e9r\u0151 a m\u00faltban m\u00e1r \u00e1t\u00e9lt gazdas\u00e1gi visszaes\u00e9sekhez k\u00e9pest, ez \u00faj kih\u00edv\u00e1sok el\u00e9 \u00e1ll\u00edtja a jegybank\u00e1rokat \u00e9s a jogalkot\u00f3kat - mondta az EKB korm\u00e1nyz\u00f3 tan\u00e1cs\u00e1nak tagja a CNBC-nek. A munkaer\u0151piacon els\u0151sorban a n\u0151ket \u00e9s a fiatal munkav\u00e1llal\u00f3kat \u00e9rintette s\u00falyosan a koronav\u00edrus-j\u00e1rv\u00e1ny - mondta Isabel Schnabel, az Eur\u00f3pai K\u00f6zponti Bank (EKB) korm\u00e1nyz\u00f3ja.","canonical_url":"https:\/\/allasorias.hu\/hirek\/a-noket-es-a-fiatalokat-erintette-legrosszabbul-a-valsag\/","robots":"max-image-preview:large","keywords":"","webmasterTools":{"miscellaneous":""},"schema":{"@context":"https:\/\/schema.org","@graph":[{"@type":"Article","@id":"https:\/\/allasorias.hu\/hirek\/a-noket-es-a-fiatalokat-erintette-legrosszabbul-a-valsag\/#article","name":"A n\u0151ket \u00e9s a fiatalokat \u00e9rintette legrosszabbul a v\u00e1ls\u00e1g | AllasOrias.hu | H\u00edrek-lapszemle","headline":"A n\u0151ket \u00e9s a fiatalokat \u00e9rintette legrosszabbul a v\u00e1ls\u00e1g","author":{"@id":"https:\/\/allasorias.hu\/hirek\/author\/admin-allasorias\/#author"},"publisher":{"@id":"https:\/\/allasorias.hu\/hirek\/#organization"},"image":{"@type":"ImageObject","url":"https:\/\/allasorias.hu\/hirek\/wp-content\/uploads\/2020\/11\/stock-exchange-4878214_1280.jpg","width":1280,"height":905},"datePublished":"2020-11-16T08:18:04+02:00","dateModified":"2020-11-16T08:18:04+02:00","inLanguage":"hu-HU","mainEntityOfPage":{"@id":"https:\/\/allasorias.hu\/hirek\/a-noket-es-a-fiatalokat-erintette-legrosszabbul-a-valsag\/#webpage"},"isPartOf":{"@id":"https:\/\/allasorias.hu\/hirek\/a-noket-es-a-fiatalokat-erintette-legrosszabbul-a-valsag\/#webpage"},"articleSection":"Gazdas\u00e1g"},{"@type":"BreadcrumbList","@id":"https:\/\/allasorias.hu\/hirek\/a-noket-es-a-fiatalokat-erintette-legrosszabbul-a-valsag\/#breadcrumblist","itemListElement":[{"@type":"ListItem","@id":"https:\/\/allasorias.hu\/hirek#listItem","position":1,"name":"Home","item":"https:\/\/allasorias.hu\/hirek","nextItem":{"@type":"ListItem","@id":"https:\/\/allasorias.hu\/hirek\/temak\/gazdasag\/#listItem","name":"Gazdas\u00e1g"}},{"@type":"ListItem","@id":"https:\/\/allasorias.hu\/hirek\/temak\/gazdasag\/#listItem","position":2,"name":"Gazdas\u00e1g","item":"https:\/\/allasorias.hu\/hirek\/temak\/gazdasag\/","nextItem":{"@type":"ListItem","@id":"https:\/\/allasorias.hu\/hirek\/a-noket-es-a-fiatalokat-erintette-legrosszabbul-a-valsag\/#listItem","name":"A n\u0151ket \u00e9s a fiatalokat \u00e9rintette legrosszabbul a v\u00e1ls\u00e1g"},"previousItem":{"@type":"ListItem","@id":"https:\/\/allasorias.hu\/hirek#listItem","name":"Home"}},{"@type":"ListItem","@id":"https:\/\/allasorias.hu\/hirek\/a-noket-es-a-fiatalokat-erintette-legrosszabbul-a-valsag\/#listItem","position":3,"name":"A n\u0151ket \u00e9s a fiatalokat \u00e9rintette legrosszabbul a v\u00e1ls\u00e1g","previousItem":{"@type":"ListItem","@id":"https:\/\/allasorias.hu\/hirek\/temak\/gazdasag\/#listItem","name":"Gazdas\u00e1g"}}]},{"@type":"Organization","@id":"https:\/\/allasorias.hu\/hirek\/#organization","name":"AllasOrias.hu | H\u00edrek-lapszemle","description":"\u00dczleti h\u00edrek az \u00e1ll\u00e1s \u00e9s a munka vil\u00e1g\u00e1b\u00f3l","url":"https:\/\/allasorias.hu\/hirek\/","logo":{"@type":"ImageObject","url":"https:\/\/allasorias.hu\/hirek\/wp-content\/uploads\/2022\/10\/allasorias_site_facebok_logo.png","@id":"https:\/\/allasorias.hu\/hirek\/a-noket-es-a-fiatalokat-erintette-legrosszabbul-a-valsag\/#organizationLogo"},"image":{"@id":"https:\/\/allasorias.hu\/hirek\/a-noket-es-a-fiatalokat-erintette-legrosszabbul-a-valsag\/#organizationLogo"},"sameAs":["https:\/\/www.facebook.com\/allasorias","https:\/\/www.linkedin.com\/company\/allasorias"]},{"@type":"Person","@id":"https:\/\/allasorias.hu\/hirek\/author\/admin-allasorias\/#author","url":"https:\/\/allasorias.hu\/hirek\/author\/admin-allasorias\/","name":"Juh\u00e1sz P\u00e9ter","image":{"@type":"ImageObject","@id":"https:\/\/allasorias.hu\/hirek\/a-noket-es-a-fiatalokat-erintette-legrosszabbul-a-valsag\/#authorImage","url":"https:\/\/secure.gravatar.com\/avatar\/36e6bcb83148978b992977cb0f54d22feb0cce8a0a849a9410532bb2623ba4c6?s=96&d=mm&r=g","width":96,"height":96,"caption":"Juh\u00e1sz P\u00e9ter"}},{"@type":"WebPage","@id":"https:\/\/allasorias.hu\/hirek\/a-noket-es-a-fiatalokat-erintette-legrosszabbul-a-valsag\/#webpage","url":"https:\/\/allasorias.hu\/hirek\/a-noket-es-a-fiatalokat-erintette-legrosszabbul-a-valsag\/","name":"A n\u0151ket \u00e9s a fiatalokat \u00e9rintette legrosszabbul a v\u00e1ls\u00e1g | AllasOrias.hu | H\u00edrek-lapszemle","description":"A koronav\u00edrus-j\u00e1rv\u00e1ny okozta recesszi\u00f3 nagyon elt\u00e9r\u0151 a m\u00faltban m\u00e1r \u00e1t\u00e9lt gazdas\u00e1gi visszaes\u00e9sekhez k\u00e9pest, ez \u00faj kih\u00edv\u00e1sok el\u00e9 \u00e1ll\u00edtja a jegybank\u00e1rokat \u00e9s a jogalkot\u00f3kat - mondta az EKB korm\u00e1nyz\u00f3 tan\u00e1cs\u00e1nak tagja a CNBC-nek. A munkaer\u0151piacon els\u0151sorban a n\u0151ket \u00e9s a fiatal munkav\u00e1llal\u00f3kat \u00e9rintette s\u00falyosan a koronav\u00edrus-j\u00e1rv\u00e1ny - mondta Isabel Schnabel, az Eur\u00f3pai K\u00f6zponti Bank (EKB) korm\u00e1nyz\u00f3ja.","inLanguage":"hu-HU","isPartOf":{"@id":"https:\/\/allasorias.hu\/hirek\/#website"},"breadcrumb":{"@id":"https:\/\/allasorias.hu\/hirek\/a-noket-es-a-fiatalokat-erintette-legrosszabbul-a-valsag\/#breadcrumblist"},"author":{"@id":"https:\/\/allasorias.hu\/hirek\/author\/admin-allasorias\/#author"},"creator":{"@id":"https:\/\/allasorias.hu\/hirek\/author\/admin-allasorias\/#author"},"image":{"@type":"ImageObject","url":"https:\/\/allasorias.hu\/hirek\/wp-content\/uploads\/2020\/11\/stock-exchange-4878214_1280.jpg","@id":"https:\/\/allasorias.hu\/hirek\/a-noket-es-a-fiatalokat-erintette-legrosszabbul-a-valsag\/#mainImage","width":1280,"height":905},"primaryImageOfPage":{"@id":"https:\/\/allasorias.hu\/hirek\/a-noket-es-a-fiatalokat-erintette-legrosszabbul-a-valsag\/#mainImage"},"datePublished":"2020-11-16T08:18:04+02:00","dateModified":"2020-11-16T08:18:04+02:00"},{"@type":"WebSite","@id":"https:\/\/allasorias.hu\/hirek\/#website","url":"https:\/\/allasorias.hu\/hirek\/","name":"AllasOrias.hu | H\u00edrek-lapszemle","description":"\u00dczleti h\u00edrek az \u00e1ll\u00e1s \u00e9s a munka vil\u00e1g\u00e1b\u00f3l","inLanguage":"hu-HU","publisher":{"@id":"https:\/\/allasorias.hu\/hirek\/#organization"}}]},"og:locale":"hu_HU","og:site_name":"AllasOrias.hu | H\u00edrek-lapszemle | \u00dczleti h\u00edrek az \u00e1ll\u00e1s \u00e9s a munka vil\u00e1g\u00e1b\u00f3l","og:type":"article","og:title":"A n\u0151ket \u00e9s a fiatalokat \u00e9rintette legrosszabbul a v\u00e1ls\u00e1g | AllasOrias.hu | H\u00edrek-lapszemle","og:description":"A koronav\u00edrus-j\u00e1rv\u00e1ny okozta recesszi\u00f3 nagyon elt\u00e9r\u0151 a m\u00faltban m\u00e1r \u00e1t\u00e9lt gazdas\u00e1gi visszaes\u00e9sekhez k\u00e9pest, ez \u00faj kih\u00edv\u00e1sok el\u00e9 \u00e1ll\u00edtja a jegybank\u00e1rokat \u00e9s a jogalkot\u00f3kat - mondta az EKB korm\u00e1nyz\u00f3 tan\u00e1cs\u00e1nak tagja a CNBC-nek. A munkaer\u0151piacon els\u0151sorban a n\u0151ket \u00e9s a fiatal munkav\u00e1llal\u00f3kat \u00e9rintette s\u00falyosan a koronav\u00edrus-j\u00e1rv\u00e1ny - mondta Isabel Schnabel, az Eur\u00f3pai K\u00f6zponti Bank (EKB) korm\u00e1nyz\u00f3ja.","og:url":"https:\/\/allasorias.hu\/hirek\/a-noket-es-a-fiatalokat-erintette-legrosszabbul-a-valsag\/","og:image":"https:\/\/allasorias.hu\/hirek\/wp-content\/uploads\/2020\/11\/stock-exchange-4878214_1280.jpg","og:image:secure_url":"https:\/\/allasorias.hu\/hirek\/wp-content\/uploads\/2020\/11\/stock-exchange-4878214_1280.jpg","og:image:width":1280,"og:image:height":905,"article:published_time":"2020-11-16T08:18:04+00:00","article:modified_time":"2020-11-16T08:18:04+00:00","article:publisher":"https:\/\/www.facebook.com\/allasorias","twitter:card":"summary_large_image","twitter:title":"A n\u0151ket \u00e9s a fiatalokat \u00e9rintette legrosszabbul a v\u00e1ls\u00e1g | AllasOrias.hu | H\u00edrek-lapszemle","twitter:description":"A koronav\u00edrus-j\u00e1rv\u00e1ny okozta recesszi\u00f3 nagyon elt\u00e9r\u0151 a m\u00faltban m\u00e1r \u00e1t\u00e9lt gazdas\u00e1gi visszaes\u00e9sekhez k\u00e9pest, ez \u00faj kih\u00edv\u00e1sok el\u00e9 \u00e1ll\u00edtja a jegybank\u00e1rokat \u00e9s a jogalkot\u00f3kat - mondta az EKB korm\u00e1nyz\u00f3 tan\u00e1cs\u00e1nak tagja a CNBC-nek. A munkaer\u0151piacon els\u0151sorban a n\u0151ket \u00e9s a fiatal munkav\u00e1llal\u00f3kat \u00e9rintette s\u00falyosan a koronav\u00edrus-j\u00e1rv\u00e1ny - mondta Isabel Schnabel, az Eur\u00f3pai K\u00f6zponti Bank (EKB) korm\u00e1nyz\u00f3ja.","twitter:image":"https:\/\/allasorias.hu\/hirek\/wp-content\/uploads\/2020\/11\/stock-exchange-4878214_1280.jpg","twitter:label1":"Written by","twitter:data1":"Juh\u00e1sz P\u00e9ter","twitter:label2":"Est. reading time","twitter:data2":"4 minutes"},"aioseo_meta_data":{"post_id":"4381","title":null,"description":"","keywords":"","keyphrases":null,"primary_term":null,"canonical_url":"","og_title":null,"og_description":null,"og_object_type":"default","og_image_type":"default","og_image_url":null,"og_image_width":null,"og_image_height":null,"og_image_custom_url":null,"og_image_custom_fields":null,"og_video":null,"og_custom_url":null,"og_article_section":null,"og_article_tags":null,"twitter_use_og":false,"twitter_card":"default","twitter_image_type":"default","twitter_image_url":null,"twitter_image_custom_url":null,"twitter_image_custom_fields":null,"twitter_title":null,"twitter_description":null,"schema":{"blockGraphs":[],"customGraphs":[],"default":{"data":{"Article":[],"Course":[],"Dataset":[],"FAQPage":[],"Movie":[],"Person":[],"Product":[],"ProductReview":[],"Car":[],"Recipe":[],"Service":[],"SoftwareApplication":[],"WebPage":[]},"graphName":"","isEnabled":true},"graphs":[],"defaultGraph":"","defaultPostTypeGraph":""},"schema_type":null,"schema_type_options":null,"pillar_content":false,"robots_default":true,"robots_noindex":false,"robots_noarchive":false,"robots_nosnippet":false,"robots_nofollow":false,"robots_noimageindex":false,"robots_noodp":false,"robots_notranslate":false,"robots_max_snippet":null,"robots_max_videopreview":null,"robots_max_imagepreview":"large","priority":null,"frequency":null,"location":null,"local_seo":null,"breadcrumb_settings":null,"limit_modified_date":false,"ai":null,"created":"2021-02-01 20:44:59","updated":"2025-10-02 15:00:48","seo_analyzer_scan_date":null,"focus_keyword":null,"additional_keywords":null,"truseo_locale":null},"aioseo_breadcrumb":"<div class=\"aioseo-breadcrumbs\"><span class=\"aioseo-breadcrumb\">\n\t\t\t<a href=\"https:\/\/allasorias.hu\/hirek\" title=\"Home\">Home<\/a>\n\t\t<\/span><span class=\"aioseo-breadcrumb-separator\">&raquo;<\/span><span class=\"aioseo-breadcrumb\">\n\t\t\t<a href=\"https:\/\/allasorias.hu\/hirek\/temak\/gazdasag\/\" title=\"Gazdas\u00e1g\">Gazdas\u00e1g<\/a>\n\t\t<\/span><span class=\"aioseo-breadcrumb-separator\">&raquo;<\/span><span class=\"aioseo-breadcrumb\">\n\t\t\tA n\u0151ket \u00e9s a fiatalokat \u00e9rintette legrosszabbul a v\u00e1ls\u00e1g\n\t\t<\/span><\/div>","aioseo_breadcrumb_json":[{"label":"Home","link":"https:\/\/allasorias.hu\/hirek"},{"label":"Gazdas\u00e1g","link":"https:\/\/allasorias.hu\/hirek\/temak\/gazdasag\/"},{"label":"A n\u0151ket \u00e9s a fiatalokat \u00e9rintette legrosszabbul a v\u00e1ls\u00e1g","link":"https:\/\/allasorias.hu\/hirek\/a-noket-es-a-fiatalokat-erintette-legrosszabbul-a-valsag\/"}],"_links":{"self":[{"href":"https:\/\/allasorias.hu\/hirek\/wp-json\/wp\/v2\/posts\/4381","targetHints":{"allow":["GET"]}}],"collection":[{"href":"https:\/\/allasorias.hu\/hirek\/wp-json\/wp\/v2\/posts"}],"about":[{"href":"https:\/\/allasorias.hu\/hirek\/wp-json\/wp\/v2\/types\/post"}],"author":[{"embeddable":true,"href":"https:\/\/allasorias.hu\/hirek\/wp-json\/wp\/v2\/users\/1"}],"replies":[{"embeddable":true,"href":"https:\/\/allasorias.hu\/hirek\/wp-json\/wp\/v2\/comments?post=4381"}],"version-history":[{"count":1,"href":"https:\/\/allasorias.hu\/hirek\/wp-json\/wp\/v2\/posts\/4381\/revisions"}],"predecessor-version":[{"id":4383,"href":"https:\/\/allasorias.hu\/hirek\/wp-json\/wp\/v2\/posts\/4381\/revisions\/4383"}],"wp:featuredmedia":[{"embeddable":true,"href":"https:\/\/allasorias.hu\/hirek\/wp-json\/wp\/v2\/media\/4382"}],"wp:attachment":[{"href":"https:\/\/allasorias.hu\/hirek\/wp-json\/wp\/v2\/media?parent=4381"}],"wp:term":[{"taxonomy":"category","embeddable":true,"href":"https:\/\/allasorias.hu\/hirek\/wp-json\/wp\/v2\/categories?post=4381"},{"taxonomy":"post_tag","embeddable":true,"href":"https:\/\/allasorias.hu\/hirek\/wp-json\/wp\/v2\/tags?post=4381"}],"curies":[{"name":"wp","href":"https:\/\/api.w.org\/{rel}","templated":true}]}}