{"id":4379,"date":"2020-11-13T08:24:53","date_gmt":"2020-11-13T08:24:53","guid":{"rendered":"https:\/\/allasorias.hu\/hirek\/?p=4379"},"modified":"2020-11-13T08:24:53","modified_gmt":"2020-11-13T08:24:53","slug":"bovulhet-a-gazdasag-hazankban","status":"publish","type":"post","link":"https:\/\/allasorias.hu\/hirek\/bovulhet-a-gazdasag-hazankban\/","title":{"rendered":"B\u0151v\u00fclhet a gazdas\u00e1g haz\u00e1nkban"},"content":{"rendered":"<p><strong>Megv\u00e1ltozott munkaer\u0151piac: a n\u00f6veked\u00e9s lehet\u0151s\u00e9g\u00e9t is mag\u00e1ban rejti. A koronav\u00edrus-j\u00e1rv\u00e1ny, \u00e9s a tavaszi kij\u00e1r\u00e1si korl\u00e1toz\u00e1sok hat\u00e1s\u00e1ra teljesen \u00e1talakult Magyarorsz\u00e1g \u00e1ll\u00e1spiaca. M\u00edg kor\u00e1bban a legt\u00f6bb ipar\u00e1gban a t\u00falkereslet volt a jellemz\u0151, a v\u00e1ls\u00e1g hat\u00e1s\u00e1ra a piac t\u00falk\u00edn\u00e1latra v\u00e1ltott. A tendencia j\u00f3l megfigyelhet\u0151 a Profession.hu-n regisztr\u00e1lt jelentkez\u00e9ssz\u00e1mok v\u00e1ltoz\u00e1s\u00e1ban: a meghirdetett poz\u00edci\u00f3kra \u00e1tlagosan 40 sz\u00e1zal\u00e9kkal t\u00f6bben jelentkeztek 2020 harmadik negyed\u00e9v\u00e9ben, mint egy \u00e9vvel kor\u00e1bban.\u00a0 <\/strong><\/p>\n<p>\u00c9rdemes teh\u00e1t a j\u00e1rv\u00e1ny ut\u00e1ni \u00fajj\u00e1\u00e9p\u00edt\u00e9st tervez\u0151 v\u00e1llalatoknak m\u00e1r most b\u0151v\u00fcl\u00e9sben gondolkozni. Az akt\u00edv munkakeres\u0151k t\u00f6meges megjelen\u00e9s\u00e9vel a c\u00e9gek ugyanis jobb poz\u00edci\u00f3ba ker\u00fcltek, hiszen jobban tudnak v\u00e1logatni a jel\u00f6ltek k\u00f6z\u00f6tt, \u00edgy olyan \u00e9rt\u00e9kes munkaer\u0151ket is \u00faj munkat\u00e1rsaik k\u00f6z\u00f6tt k\u00f6sz\u00f6nthetnek, akik kor\u00e1bban teljesen el\u00e9rhetetlenek voltak a toborz\u00f3k sz\u00e1m\u00e1ra. Ez\u00e9rt d\u00f6nt\u00f6tt \u00fagy a Profession.hu vezet\u0151s\u00e9ge is, hogy a munkaer\u0151piacon j\u00f6v\u0151re v\u00e1rhat\u00f3 \u00fajj\u00e1\u00e9led\u00e9st megel\u0151zve, m\u00e1r az elk\u00f6vetkez\u0151 h\u00f3napokban t\u00f6bb mint 15 sz\u00e1zal\u00e9kkal n\u00f6veli koll\u00e9g\u00e1inak l\u00e9tsz\u00e1m\u00e1t. \u201eHa mi j\u00f3l v\u00e9gezz\u00fck a dolgunkat, akkor emberek munk\u00e1hoz jutnak. P\u00e1lyakezd\u0151k megtal\u00e1lj\u00e1k az els\u0151 munkahely\u00fcket, m\u00e1sok jobb \u00e1ll\u00e1st kapnak, izgalmasabb feladatokkal vagy jobb b\u00e9rez\u00e9ssel. Munkan\u00e9lk\u00fcliek t\u00e9rhetnek vissza a munkaer\u0151piacra vagy \u00e9ppen kismam\u00e1k tal\u00e1lhatnak r\u00e9szmunkaid\u0151s lehet\u0151s\u00e9get. Piacvezet\u0151k\u00e9nt \u00e9rezz\u00fck felel\u0151ss\u00e9g\u00fcnket a hazai munkaer\u0151piac folyamatait illet\u0151en, ez\u00e9rt tartottuk kiemeltem fontosnak, hogy a jelen kih\u00edv\u00e1saira b\u0151v\u00fcl\u00e9ssel v\u00e1laszoljunk, hogy m\u00e9g t\u00f6bb c\u00e9g \u00e9s munkakeres\u0151 egym\u00e1sra tal\u00e1l\u00e1s\u00e1t seg\u00edthess\u00fck\u201d \u2013 mondta el a d\u00f6nt\u00e9s h\u00e1tter\u00e9r\u0151l Martis Istv\u00e1n, a Profession.hu \u00fcgyvezet\u0151je.<\/p>\n<p>Forr\u00e1s: profitline.hu<\/p>\n","protected":false},"excerpt":{"rendered":"<p>Megv\u00e1ltozott munkaer\u0151piac: a n\u00f6veked\u00e9s lehet\u0151s\u00e9g\u00e9t is mag\u00e1ban rejti. A koronav\u00edrus-j\u00e1rv\u00e1ny, \u00e9s a tavaszi kij\u00e1r\u00e1si korl\u00e1toz\u00e1sok hat\u00e1s\u00e1ra teljesen \u00e1talakult Magyarorsz\u00e1g \u00e1ll\u00e1spiaca. M\u00edg kor\u00e1bban a legt\u00f6bb ipar\u00e1gban a t\u00falkereslet volt a jellemz\u0151, a v\u00e1ls\u00e1g hat\u00e1s\u00e1ra a piac t\u00falk\u00edn\u00e1latra v\u00e1ltott. A tendencia j\u00f3l megfigyelhet\u0151 a Profession.hu-n regisztr\u00e1lt jelentkez\u00e9ssz\u00e1mok v\u00e1ltoz\u00e1s\u00e1ban: a meghirdetett poz\u00edci\u00f3kra \u00e1tlagosan 40 sz\u00e1zal\u00e9kkal t\u00f6bben jelentkeztek 2020 [&hellip;]<\/p>\n","protected":false},"author":1,"featured_media":4048,"comment_status":"open","ping_status":"open","sticky":false,"template":"","format":"standard","meta":{"_monsterinsights_skip_tracking":false,"footnotes":""},"categories":[198],"tags":[],"class_list":["post-4379","post","type-post","status-publish","format-standard","has-post-thumbnail","hentry","category-gazdasag"],"aioseo_notices":[],"aioseo_head":"\n\t\t<!-- All in One SEO 5.0.0.1 - aioseo.com -->\n\t<meta name=\"description\" content=\"Megv\u00e1ltozott munkaer\u0151piac: a n\u00f6veked\u00e9s lehet\u0151s\u00e9g\u00e9t is mag\u00e1ban rejti. A koronav\u00edrus-j\u00e1rv\u00e1ny, \u00e9s a tavaszi kij\u00e1r\u00e1si korl\u00e1toz\u00e1sok hat\u00e1s\u00e1ra teljesen \u00e1talakult Magyarorsz\u00e1g \u00e1ll\u00e1spiaca. M\u00edg kor\u00e1bban a legt\u00f6bb ipar\u00e1gban a t\u00falkereslet volt a jellemz\u0151, a v\u00e1ls\u00e1g hat\u00e1s\u00e1ra a piac t\u00falk\u00edn\u00e1latra v\u00e1ltott. A tendencia j\u00f3l megfigyelhet\u0151 a Profession.hu-n regisztr\u00e1lt jelentkez\u00e9ssz\u00e1mok v\u00e1ltoz\u00e1s\u00e1ban: a meghirdetett poz\u00edci\u00f3kra \u00e1tlagosan 40 sz\u00e1zal\u00e9kkal t\u00f6bben jelentkeztek 2020\" \/>\n\t<meta name=\"robots\" content=\"max-image-preview:large\" \/>\n\t<meta name=\"author\" content=\"Juh\u00e1sz P\u00e9ter\"\/>\n\t<link rel=\"canonical\" href=\"https:\/\/allasorias.hu\/hirek\/bovulhet-a-gazdasag-hazankban\/\" \/>\n\t<meta name=\"generator\" content=\"All in One SEO (AIOSEO) 5.0.0.1\" \/>\n\t\t<meta property=\"og:locale\" content=\"hu_HU\" \/>\n\t\t<meta property=\"og:site_name\" content=\"AllasOrias.hu | H\u00edrek-lapszemle | \u00dczleti h\u00edrek az \u00e1ll\u00e1s \u00e9s a munka vil\u00e1g\u00e1b\u00f3l\" \/>\n\t\t<meta property=\"og:type\" content=\"article\" \/>\n\t\t<meta property=\"og:title\" content=\"B\u0151v\u00fclhet a gazdas\u00e1g haz\u00e1nkban | AllasOrias.hu | H\u00edrek-lapszemle\" \/>\n\t\t<meta property=\"og:description\" content=\"Megv\u00e1ltozott munkaer\u0151piac: a n\u00f6veked\u00e9s lehet\u0151s\u00e9g\u00e9t is mag\u00e1ban rejti. A koronav\u00edrus-j\u00e1rv\u00e1ny, \u00e9s a tavaszi kij\u00e1r\u00e1si korl\u00e1toz\u00e1sok hat\u00e1s\u00e1ra teljesen \u00e1talakult Magyarorsz\u00e1g \u00e1ll\u00e1spiaca. M\u00edg kor\u00e1bban a legt\u00f6bb ipar\u00e1gban a t\u00falkereslet volt a jellemz\u0151, a v\u00e1ls\u00e1g hat\u00e1s\u00e1ra a piac t\u00falk\u00edn\u00e1latra v\u00e1ltott. A tendencia j\u00f3l megfigyelhet\u0151 a Profession.hu-n regisztr\u00e1lt jelentkez\u00e9ssz\u00e1mok v\u00e1ltoz\u00e1s\u00e1ban: a meghirdetett poz\u00edci\u00f3kra \u00e1tlagosan 40 sz\u00e1zal\u00e9kkal t\u00f6bben jelentkeztek 2020\" \/>\n\t\t<meta property=\"og:url\" content=\"https:\/\/allasorias.hu\/hirek\/bovulhet-a-gazdasag-hazankban\/\" \/>\n\t\t<meta property=\"og:image\" content=\"https:\/\/allasorias.hu\/hirek\/wp-content\/uploads\/2020\/06\/20.jpg\" \/>\n\t\t<meta property=\"og:image:secure_url\" content=\"https:\/\/allasorias.hu\/hirek\/wp-content\/uploads\/2020\/06\/20.jpg\" \/>\n\t\t<meta property=\"og:image:width\" content=\"600\" \/>\n\t\t<meta property=\"og:image:height\" content=\"401\" \/>\n\t\t<meta property=\"article:published_time\" content=\"2020-11-13T08:24:53+00:00\" \/>\n\t\t<meta property=\"article:modified_time\" content=\"2020-11-13T08:24:53+00:00\" \/>\n\t\t<meta property=\"article:publisher\" content=\"https:\/\/www.facebook.com\/allasorias\" \/>\n\t\t<meta name=\"twitter:card\" content=\"summary_large_image\" \/>\n\t\t<meta name=\"twitter:title\" content=\"B\u0151v\u00fclhet a gazdas\u00e1g haz\u00e1nkban | AllasOrias.hu | H\u00edrek-lapszemle\" \/>\n\t\t<meta name=\"twitter:description\" content=\"Megv\u00e1ltozott munkaer\u0151piac: a n\u00f6veked\u00e9s lehet\u0151s\u00e9g\u00e9t is mag\u00e1ban rejti. A koronav\u00edrus-j\u00e1rv\u00e1ny, \u00e9s a tavaszi kij\u00e1r\u00e1si korl\u00e1toz\u00e1sok hat\u00e1s\u00e1ra teljesen \u00e1talakult Magyarorsz\u00e1g \u00e1ll\u00e1spiaca. M\u00edg kor\u00e1bban a legt\u00f6bb ipar\u00e1gban a t\u00falkereslet volt a jellemz\u0151, a v\u00e1ls\u00e1g hat\u00e1s\u00e1ra a piac t\u00falk\u00edn\u00e1latra v\u00e1ltott. A tendencia j\u00f3l megfigyelhet\u0151 a Profession.hu-n regisztr\u00e1lt jelentkez\u00e9ssz\u00e1mok v\u00e1ltoz\u00e1s\u00e1ban: a meghirdetett poz\u00edci\u00f3kra \u00e1tlagosan 40 sz\u00e1zal\u00e9kkal t\u00f6bben jelentkeztek 2020\" \/>\n\t\t<meta name=\"twitter:image\" content=\"https:\/\/allasorias.hu\/hirek\/wp-content\/uploads\/2020\/06\/20.jpg\" \/>\n\t\t<meta name=\"twitter:label1\" content=\"Written by\" \/>\n\t\t<meta name=\"twitter:data1\" content=\"Juh\u00e1sz P\u00e9ter\" \/>\n\t\t<meta name=\"twitter:label2\" content=\"Est. reading time\" \/>\n\t\t<meta name=\"twitter:data2\" content=\"2 minutes\" \/>\n\t\t<script type=\"application\/ld+json\" class=\"aioseo-schema\">\n\t\t\t{\"@context\":\"https:\\\/\\\/schema.org\",\"@graph\":[{\"@type\":\"Article\",\"@id\":\"https:\\\/\\\/allasorias.hu\\\/hirek\\\/bovulhet-a-gazdasag-hazankban\\\/#article\",\"name\":\"B\\u0151v\\u00fclhet a gazdas\\u00e1g haz\\u00e1nkban | AllasOrias.hu | H\\u00edrek-lapszemle\",\"headline\":\"B\\u0151v\\u00fclhet a gazdas\\u00e1g haz\\u00e1nkban\",\"author\":{\"@id\":\"https:\\\/\\\/allasorias.hu\\\/hirek\\\/author\\\/admin-allasorias\\\/#author\"},\"publisher\":{\"@id\":\"https:\\\/\\\/allasorias.hu\\\/hirek\\\/#organization\"},\"image\":{\"@type\":\"ImageObject\",\"url\":\"https:\\\/\\\/allasorias.hu\\\/hirek\\\/wp-content\\\/uploads\\\/2020\\\/06\\\/20.jpg\",\"width\":600,\"height\":401,\"caption\":\"Business analysis, financial investment concept. Businessman, analyzing stock market report on digital tablet and laptop computer with market summary and financial graph\"},\"datePublished\":\"2020-11-13T08:24:53+02:00\",\"dateModified\":\"2020-11-13T08:24:53+02:00\",\"inLanguage\":\"hu-HU\",\"mainEntityOfPage\":{\"@id\":\"https:\\\/\\\/allasorias.hu\\\/hirek\\\/bovulhet-a-gazdasag-hazankban\\\/#webpage\"},\"isPartOf\":{\"@id\":\"https:\\\/\\\/allasorias.hu\\\/hirek\\\/bovulhet-a-gazdasag-hazankban\\\/#webpage\"},\"articleSection\":\"Gazdas\\u00e1g\"},{\"@type\":\"BreadcrumbList\",\"@id\":\"https:\\\/\\\/allasorias.hu\\\/hirek\\\/bovulhet-a-gazdasag-hazankban\\\/#breadcrumblist\",\"itemListElement\":[{\"@type\":\"ListItem\",\"@id\":\"https:\\\/\\\/allasorias.hu\\\/hirek#listItem\",\"position\":1,\"name\":\"Home\",\"item\":\"https:\\\/\\\/allasorias.hu\\\/hirek\",\"nextItem\":{\"@type\":\"ListItem\",\"@id\":\"https:\\\/\\\/allasorias.hu\\\/hirek\\\/temak\\\/gazdasag\\\/#listItem\",\"name\":\"Gazdas\\u00e1g\"}},{\"@type\":\"ListItem\",\"@id\":\"https:\\\/\\\/allasorias.hu\\\/hirek\\\/temak\\\/gazdasag\\\/#listItem\",\"position\":2,\"name\":\"Gazdas\\u00e1g\",\"item\":\"https:\\\/\\\/allasorias.hu\\\/hirek\\\/temak\\\/gazdasag\\\/\",\"nextItem\":{\"@type\":\"ListItem\",\"@id\":\"https:\\\/\\\/allasorias.hu\\\/hirek\\\/bovulhet-a-gazdasag-hazankban\\\/#listItem\",\"name\":\"B\\u0151v\\u00fclhet a gazdas\\u00e1g haz\\u00e1nkban\"},\"previousItem\":{\"@type\":\"ListItem\",\"@id\":\"https:\\\/\\\/allasorias.hu\\\/hirek#listItem\",\"name\":\"Home\"}},{\"@type\":\"ListItem\",\"@id\":\"https:\\\/\\\/allasorias.hu\\\/hirek\\\/bovulhet-a-gazdasag-hazankban\\\/#listItem\",\"position\":3,\"name\":\"B\\u0151v\\u00fclhet a gazdas\\u00e1g haz\\u00e1nkban\",\"previousItem\":{\"@type\":\"ListItem\",\"@id\":\"https:\\\/\\\/allasorias.hu\\\/hirek\\\/temak\\\/gazdasag\\\/#listItem\",\"name\":\"Gazdas\\u00e1g\"}}]},{\"@type\":\"Organization\",\"@id\":\"https:\\\/\\\/allasorias.hu\\\/hirek\\\/#organization\",\"name\":\"AllasOrias.hu | H\\u00edrek-lapszemle\",\"description\":\"\\u00dczleti h\\u00edrek az \\u00e1ll\\u00e1s \\u00e9s a munka vil\\u00e1g\\u00e1b\\u00f3l\",\"url\":\"https:\\\/\\\/allasorias.hu\\\/hirek\\\/\",\"logo\":{\"@type\":\"ImageObject\",\"url\":\"https:\\\/\\\/allasorias.hu\\\/hirek\\\/wp-content\\\/uploads\\\/2022\\\/10\\\/allasorias_site_facebok_logo.png\",\"@id\":\"https:\\\/\\\/allasorias.hu\\\/hirek\\\/bovulhet-a-gazdasag-hazankban\\\/#organizationLogo\"},\"image\":{\"@id\":\"https:\\\/\\\/allasorias.hu\\\/hirek\\\/bovulhet-a-gazdasag-hazankban\\\/#organizationLogo\"},\"sameAs\":[\"https:\\\/\\\/www.facebook.com\\\/allasorias\",\"https:\\\/\\\/www.linkedin.com\\\/company\\\/allasorias\"]},{\"@type\":\"Person\",\"@id\":\"https:\\\/\\\/allasorias.hu\\\/hirek\\\/author\\\/admin-allasorias\\\/#author\",\"url\":\"https:\\\/\\\/allasorias.hu\\\/hirek\\\/author\\\/admin-allasorias\\\/\",\"name\":\"Juh\\u00e1sz P\\u00e9ter\",\"image\":{\"@type\":\"ImageObject\",\"@id\":\"https:\\\/\\\/allasorias.hu\\\/hirek\\\/bovulhet-a-gazdasag-hazankban\\\/#authorImage\",\"url\":\"https:\\\/\\\/secure.gravatar.com\\\/avatar\\\/36e6bcb83148978b992977cb0f54d22feb0cce8a0a849a9410532bb2623ba4c6?s=96&d=mm&r=g\",\"width\":96,\"height\":96,\"caption\":\"Juh\\u00e1sz P\\u00e9ter\"}},{\"@type\":\"WebPage\",\"@id\":\"https:\\\/\\\/allasorias.hu\\\/hirek\\\/bovulhet-a-gazdasag-hazankban\\\/#webpage\",\"url\":\"https:\\\/\\\/allasorias.hu\\\/hirek\\\/bovulhet-a-gazdasag-hazankban\\\/\",\"name\":\"B\\u0151v\\u00fclhet a gazdas\\u00e1g haz\\u00e1nkban | AllasOrias.hu | H\\u00edrek-lapszemle\",\"description\":\"Megv\\u00e1ltozott munkaer\\u0151piac: a n\\u00f6veked\\u00e9s lehet\\u0151s\\u00e9g\\u00e9t is mag\\u00e1ban rejti. A koronav\\u00edrus-j\\u00e1rv\\u00e1ny, \\u00e9s a tavaszi kij\\u00e1r\\u00e1si korl\\u00e1toz\\u00e1sok hat\\u00e1s\\u00e1ra teljesen \\u00e1talakult Magyarorsz\\u00e1g \\u00e1ll\\u00e1spiaca. M\\u00edg kor\\u00e1bban a legt\\u00f6bb ipar\\u00e1gban a t\\u00falkereslet volt a jellemz\\u0151, a v\\u00e1ls\\u00e1g hat\\u00e1s\\u00e1ra a piac t\\u00falk\\u00edn\\u00e1latra v\\u00e1ltott. A tendencia j\\u00f3l megfigyelhet\\u0151 a Profession.hu-n regisztr\\u00e1lt jelentkez\\u00e9ssz\\u00e1mok v\\u00e1ltoz\\u00e1s\\u00e1ban: a meghirdetett poz\\u00edci\\u00f3kra \\u00e1tlagosan 40 sz\\u00e1zal\\u00e9kkal t\\u00f6bben jelentkeztek 2020\",\"inLanguage\":\"hu-HU\",\"isPartOf\":{\"@id\":\"https:\\\/\\\/allasorias.hu\\\/hirek\\\/#website\"},\"breadcrumb\":{\"@id\":\"https:\\\/\\\/allasorias.hu\\\/hirek\\\/bovulhet-a-gazdasag-hazankban\\\/#breadcrumblist\"},\"author\":{\"@id\":\"https:\\\/\\\/allasorias.hu\\\/hirek\\\/author\\\/admin-allasorias\\\/#author\"},\"creator\":{\"@id\":\"https:\\\/\\\/allasorias.hu\\\/hirek\\\/author\\\/admin-allasorias\\\/#author\"},\"image\":{\"@type\":\"ImageObject\",\"url\":\"https:\\\/\\\/allasorias.hu\\\/hirek\\\/wp-content\\\/uploads\\\/2020\\\/06\\\/20.jpg\",\"@id\":\"https:\\\/\\\/allasorias.hu\\\/hirek\\\/bovulhet-a-gazdasag-hazankban\\\/#mainImage\",\"width\":600,\"height\":401,\"caption\":\"Business analysis, financial investment concept. Businessman, analyzing stock market report on digital tablet and laptop computer with market summary and financial graph\"},\"primaryImageOfPage\":{\"@id\":\"https:\\\/\\\/allasorias.hu\\\/hirek\\\/bovulhet-a-gazdasag-hazankban\\\/#mainImage\"},\"datePublished\":\"2020-11-13T08:24:53+02:00\",\"dateModified\":\"2020-11-13T08:24:53+02:00\"},{\"@type\":\"WebSite\",\"@id\":\"https:\\\/\\\/allasorias.hu\\\/hirek\\\/#website\",\"url\":\"https:\\\/\\\/allasorias.hu\\\/hirek\\\/\",\"name\":\"AllasOrias.hu | H\\u00edrek-lapszemle\",\"description\":\"\\u00dczleti h\\u00edrek az \\u00e1ll\\u00e1s \\u00e9s a munka vil\\u00e1g\\u00e1b\\u00f3l\",\"inLanguage\":\"hu-HU\",\"publisher\":{\"@id\":\"https:\\\/\\\/allasorias.hu\\\/hirek\\\/#organization\"}}]}\n\t\t<\/script>\n\t\t<!-- All in One SEO -->\n\n","aioseo_head_json":{"title":"B\u0151v\u00fclhet a gazdas\u00e1g haz\u00e1nkban | AllasOrias.hu | H\u00edrek-lapszemle","description":"Megv\u00e1ltozott munkaer\u0151piac: a n\u00f6veked\u00e9s lehet\u0151s\u00e9g\u00e9t is mag\u00e1ban rejti. A koronav\u00edrus-j\u00e1rv\u00e1ny, \u00e9s a tavaszi kij\u00e1r\u00e1si korl\u00e1toz\u00e1sok hat\u00e1s\u00e1ra teljesen \u00e1talakult Magyarorsz\u00e1g \u00e1ll\u00e1spiaca. M\u00edg kor\u00e1bban a legt\u00f6bb ipar\u00e1gban a t\u00falkereslet volt a jellemz\u0151, a v\u00e1ls\u00e1g hat\u00e1s\u00e1ra a piac t\u00falk\u00edn\u00e1latra v\u00e1ltott. A tendencia j\u00f3l megfigyelhet\u0151 a Profession.hu-n regisztr\u00e1lt jelentkez\u00e9ssz\u00e1mok v\u00e1ltoz\u00e1s\u00e1ban: a meghirdetett poz\u00edci\u00f3kra \u00e1tlagosan 40 sz\u00e1zal\u00e9kkal t\u00f6bben jelentkeztek 2020","canonical_url":"https:\/\/allasorias.hu\/hirek\/bovulhet-a-gazdasag-hazankban\/","robots":"max-image-preview:large","keywords":"","webmasterTools":{"miscellaneous":""},"schema":{"@context":"https:\/\/schema.org","@graph":[{"@type":"Article","@id":"https:\/\/allasorias.hu\/hirek\/bovulhet-a-gazdasag-hazankban\/#article","name":"B\u0151v\u00fclhet a gazdas\u00e1g haz\u00e1nkban | AllasOrias.hu | H\u00edrek-lapszemle","headline":"B\u0151v\u00fclhet a gazdas\u00e1g haz\u00e1nkban","author":{"@id":"https:\/\/allasorias.hu\/hirek\/author\/admin-allasorias\/#author"},"publisher":{"@id":"https:\/\/allasorias.hu\/hirek\/#organization"},"image":{"@type":"ImageObject","url":"https:\/\/allasorias.hu\/hirek\/wp-content\/uploads\/2020\/06\/20.jpg","width":600,"height":401,"caption":"Business analysis, financial investment concept. Businessman, analyzing stock market report on digital tablet and laptop computer with market summary and financial graph"},"datePublished":"2020-11-13T08:24:53+02:00","dateModified":"2020-11-13T08:24:53+02:00","inLanguage":"hu-HU","mainEntityOfPage":{"@id":"https:\/\/allasorias.hu\/hirek\/bovulhet-a-gazdasag-hazankban\/#webpage"},"isPartOf":{"@id":"https:\/\/allasorias.hu\/hirek\/bovulhet-a-gazdasag-hazankban\/#webpage"},"articleSection":"Gazdas\u00e1g"},{"@type":"BreadcrumbList","@id":"https:\/\/allasorias.hu\/hirek\/bovulhet-a-gazdasag-hazankban\/#breadcrumblist","itemListElement":[{"@type":"ListItem","@id":"https:\/\/allasorias.hu\/hirek#listItem","position":1,"name":"Home","item":"https:\/\/allasorias.hu\/hirek","nextItem":{"@type":"ListItem","@id":"https:\/\/allasorias.hu\/hirek\/temak\/gazdasag\/#listItem","name":"Gazdas\u00e1g"}},{"@type":"ListItem","@id":"https:\/\/allasorias.hu\/hirek\/temak\/gazdasag\/#listItem","position":2,"name":"Gazdas\u00e1g","item":"https:\/\/allasorias.hu\/hirek\/temak\/gazdasag\/","nextItem":{"@type":"ListItem","@id":"https:\/\/allasorias.hu\/hirek\/bovulhet-a-gazdasag-hazankban\/#listItem","name":"B\u0151v\u00fclhet a gazdas\u00e1g haz\u00e1nkban"},"previousItem":{"@type":"ListItem","@id":"https:\/\/allasorias.hu\/hirek#listItem","name":"Home"}},{"@type":"ListItem","@id":"https:\/\/allasorias.hu\/hirek\/bovulhet-a-gazdasag-hazankban\/#listItem","position":3,"name":"B\u0151v\u00fclhet a gazdas\u00e1g haz\u00e1nkban","previousItem":{"@type":"ListItem","@id":"https:\/\/allasorias.hu\/hirek\/temak\/gazdasag\/#listItem","name":"Gazdas\u00e1g"}}]},{"@type":"Organization","@id":"https:\/\/allasorias.hu\/hirek\/#organization","name":"AllasOrias.hu | H\u00edrek-lapszemle","description":"\u00dczleti h\u00edrek az \u00e1ll\u00e1s \u00e9s a munka vil\u00e1g\u00e1b\u00f3l","url":"https:\/\/allasorias.hu\/hirek\/","logo":{"@type":"ImageObject","url":"https:\/\/allasorias.hu\/hirek\/wp-content\/uploads\/2022\/10\/allasorias_site_facebok_logo.png","@id":"https:\/\/allasorias.hu\/hirek\/bovulhet-a-gazdasag-hazankban\/#organizationLogo"},"image":{"@id":"https:\/\/allasorias.hu\/hirek\/bovulhet-a-gazdasag-hazankban\/#organizationLogo"},"sameAs":["https:\/\/www.facebook.com\/allasorias","https:\/\/www.linkedin.com\/company\/allasorias"]},{"@type":"Person","@id":"https:\/\/allasorias.hu\/hirek\/author\/admin-allasorias\/#author","url":"https:\/\/allasorias.hu\/hirek\/author\/admin-allasorias\/","name":"Juh\u00e1sz P\u00e9ter","image":{"@type":"ImageObject","@id":"https:\/\/allasorias.hu\/hirek\/bovulhet-a-gazdasag-hazankban\/#authorImage","url":"https:\/\/secure.gravatar.com\/avatar\/36e6bcb83148978b992977cb0f54d22feb0cce8a0a849a9410532bb2623ba4c6?s=96&d=mm&r=g","width":96,"height":96,"caption":"Juh\u00e1sz P\u00e9ter"}},{"@type":"WebPage","@id":"https:\/\/allasorias.hu\/hirek\/bovulhet-a-gazdasag-hazankban\/#webpage","url":"https:\/\/allasorias.hu\/hirek\/bovulhet-a-gazdasag-hazankban\/","name":"B\u0151v\u00fclhet a gazdas\u00e1g haz\u00e1nkban | AllasOrias.hu | H\u00edrek-lapszemle","description":"Megv\u00e1ltozott munkaer\u0151piac: a n\u00f6veked\u00e9s lehet\u0151s\u00e9g\u00e9t is mag\u00e1ban rejti. A koronav\u00edrus-j\u00e1rv\u00e1ny, \u00e9s a tavaszi kij\u00e1r\u00e1si korl\u00e1toz\u00e1sok hat\u00e1s\u00e1ra teljesen \u00e1talakult Magyarorsz\u00e1g \u00e1ll\u00e1spiaca. M\u00edg kor\u00e1bban a legt\u00f6bb ipar\u00e1gban a t\u00falkereslet volt a jellemz\u0151, a v\u00e1ls\u00e1g hat\u00e1s\u00e1ra a piac t\u00falk\u00edn\u00e1latra v\u00e1ltott. A tendencia j\u00f3l megfigyelhet\u0151 a Profession.hu-n regisztr\u00e1lt jelentkez\u00e9ssz\u00e1mok v\u00e1ltoz\u00e1s\u00e1ban: a meghirdetett poz\u00edci\u00f3kra \u00e1tlagosan 40 sz\u00e1zal\u00e9kkal t\u00f6bben jelentkeztek 2020","inLanguage":"hu-HU","isPartOf":{"@id":"https:\/\/allasorias.hu\/hirek\/#website"},"breadcrumb":{"@id":"https:\/\/allasorias.hu\/hirek\/bovulhet-a-gazdasag-hazankban\/#breadcrumblist"},"author":{"@id":"https:\/\/allasorias.hu\/hirek\/author\/admin-allasorias\/#author"},"creator":{"@id":"https:\/\/allasorias.hu\/hirek\/author\/admin-allasorias\/#author"},"image":{"@type":"ImageObject","url":"https:\/\/allasorias.hu\/hirek\/wp-content\/uploads\/2020\/06\/20.jpg","@id":"https:\/\/allasorias.hu\/hirek\/bovulhet-a-gazdasag-hazankban\/#mainImage","width":600,"height":401,"caption":"Business analysis, financial investment concept. Businessman, analyzing stock market report on digital tablet and laptop computer with market summary and financial graph"},"primaryImageOfPage":{"@id":"https:\/\/allasorias.hu\/hirek\/bovulhet-a-gazdasag-hazankban\/#mainImage"},"datePublished":"2020-11-13T08:24:53+02:00","dateModified":"2020-11-13T08:24:53+02:00"},{"@type":"WebSite","@id":"https:\/\/allasorias.hu\/hirek\/#website","url":"https:\/\/allasorias.hu\/hirek\/","name":"AllasOrias.hu | H\u00edrek-lapszemle","description":"\u00dczleti h\u00edrek az \u00e1ll\u00e1s \u00e9s a munka vil\u00e1g\u00e1b\u00f3l","inLanguage":"hu-HU","publisher":{"@id":"https:\/\/allasorias.hu\/hirek\/#organization"}}]},"og:locale":"hu_HU","og:site_name":"AllasOrias.hu | H\u00edrek-lapszemle | \u00dczleti h\u00edrek az \u00e1ll\u00e1s \u00e9s a munka vil\u00e1g\u00e1b\u00f3l","og:type":"article","og:title":"B\u0151v\u00fclhet a gazdas\u00e1g haz\u00e1nkban | AllasOrias.hu | H\u00edrek-lapszemle","og:description":"Megv\u00e1ltozott munkaer\u0151piac: a n\u00f6veked\u00e9s lehet\u0151s\u00e9g\u00e9t is mag\u00e1ban rejti. A koronav\u00edrus-j\u00e1rv\u00e1ny, \u00e9s a tavaszi kij\u00e1r\u00e1si korl\u00e1toz\u00e1sok hat\u00e1s\u00e1ra teljesen \u00e1talakult Magyarorsz\u00e1g \u00e1ll\u00e1spiaca. M\u00edg kor\u00e1bban a legt\u00f6bb ipar\u00e1gban a t\u00falkereslet volt a jellemz\u0151, a v\u00e1ls\u00e1g hat\u00e1s\u00e1ra a piac t\u00falk\u00edn\u00e1latra v\u00e1ltott. A tendencia j\u00f3l megfigyelhet\u0151 a Profession.hu-n regisztr\u00e1lt jelentkez\u00e9ssz\u00e1mok v\u00e1ltoz\u00e1s\u00e1ban: a meghirdetett poz\u00edci\u00f3kra \u00e1tlagosan 40 sz\u00e1zal\u00e9kkal t\u00f6bben jelentkeztek 2020","og:url":"https:\/\/allasorias.hu\/hirek\/bovulhet-a-gazdasag-hazankban\/","og:image":"https:\/\/allasorias.hu\/hirek\/wp-content\/uploads\/2020\/06\/20.jpg","og:image:secure_url":"https:\/\/allasorias.hu\/hirek\/wp-content\/uploads\/2020\/06\/20.jpg","og:image:width":600,"og:image:height":401,"article:published_time":"2020-11-13T08:24:53+00:00","article:modified_time":"2020-11-13T08:24:53+00:00","article:publisher":"https:\/\/www.facebook.com\/allasorias","twitter:card":"summary_large_image","twitter:title":"B\u0151v\u00fclhet a gazdas\u00e1g haz\u00e1nkban | AllasOrias.hu | H\u00edrek-lapszemle","twitter:description":"Megv\u00e1ltozott munkaer\u0151piac: a n\u00f6veked\u00e9s lehet\u0151s\u00e9g\u00e9t is mag\u00e1ban rejti. A koronav\u00edrus-j\u00e1rv\u00e1ny, \u00e9s a tavaszi kij\u00e1r\u00e1si korl\u00e1toz\u00e1sok hat\u00e1s\u00e1ra teljesen \u00e1talakult Magyarorsz\u00e1g \u00e1ll\u00e1spiaca. M\u00edg kor\u00e1bban a legt\u00f6bb ipar\u00e1gban a t\u00falkereslet volt a jellemz\u0151, a v\u00e1ls\u00e1g hat\u00e1s\u00e1ra a piac t\u00falk\u00edn\u00e1latra v\u00e1ltott. A tendencia j\u00f3l megfigyelhet\u0151 a Profession.hu-n regisztr\u00e1lt jelentkez\u00e9ssz\u00e1mok v\u00e1ltoz\u00e1s\u00e1ban: a meghirdetett poz\u00edci\u00f3kra \u00e1tlagosan 40 sz\u00e1zal\u00e9kkal t\u00f6bben jelentkeztek 2020","twitter:image":"https:\/\/allasorias.hu\/hirek\/wp-content\/uploads\/2020\/06\/20.jpg","twitter:label1":"Written by","twitter:data1":"Juh\u00e1sz P\u00e9ter","twitter:label2":"Est. reading time","twitter:data2":"2 minutes"},"aioseo_meta_data":{"post_id":"4379","title":null,"description":"","keywords":"","keyphrases":null,"primary_term":null,"canonical_url":"","og_title":null,"og_description":null,"og_object_type":"default","og_image_type":"default","og_image_url":null,"og_image_width":null,"og_image_height":null,"og_image_custom_url":null,"og_image_custom_fields":null,"og_video":null,"og_custom_url":null,"og_article_section":null,"og_article_tags":null,"twitter_use_og":false,"twitter_card":"default","twitter_image_type":"default","twitter_image_url":null,"twitter_image_custom_url":null,"twitter_image_custom_fields":null,"twitter_title":null,"twitter_description":null,"schema":{"blockGraphs":[],"customGraphs":[],"default":{"data":{"Article":[],"Course":[],"Dataset":[],"FAQPage":[],"Movie":[],"Person":[],"Product":[],"ProductReview":[],"Car":[],"Recipe":[],"Service":[],"SoftwareApplication":[],"WebPage":[]},"graphName":"","isEnabled":true},"graphs":[],"defaultGraph":"","defaultPostTypeGraph":""},"schema_type":null,"schema_type_options":null,"pillar_content":false,"robots_default":true,"robots_noindex":false,"robots_noarchive":false,"robots_nosnippet":false,"robots_nofollow":false,"robots_noimageindex":false,"robots_noodp":false,"robots_notranslate":false,"robots_max_snippet":null,"robots_max_videopreview":null,"robots_max_imagepreview":"large","priority":null,"frequency":null,"location":null,"local_seo":null,"breadcrumb_settings":null,"limit_modified_date":false,"ai":null,"created":"2021-02-01 20:44:59","updated":"2025-10-02 15:00:48","seo_analyzer_scan_date":null,"focus_keyword":null,"additional_keywords":null,"truseo_locale":null},"aioseo_breadcrumb":"<div class=\"aioseo-breadcrumbs\"><span class=\"aioseo-breadcrumb\">\n\t\t\t<a href=\"https:\/\/allasorias.hu\/hirek\" title=\"Home\">Home<\/a>\n\t\t<\/span><span class=\"aioseo-breadcrumb-separator\">&raquo;<\/span><span class=\"aioseo-breadcrumb\">\n\t\t\t<a href=\"https:\/\/allasorias.hu\/hirek\/temak\/gazdasag\/\" title=\"Gazdas\u00e1g\">Gazdas\u00e1g<\/a>\n\t\t<\/span><span class=\"aioseo-breadcrumb-separator\">&raquo;<\/span><span class=\"aioseo-breadcrumb\">\n\t\t\tB\u0151v\u00fclhet a gazdas\u00e1g haz\u00e1nkban\n\t\t<\/span><\/div>","aioseo_breadcrumb_json":[{"label":"Home","link":"https:\/\/allasorias.hu\/hirek"},{"label":"Gazdas\u00e1g","link":"https:\/\/allasorias.hu\/hirek\/temak\/gazdasag\/"},{"label":"B\u0151v\u00fclhet a gazdas\u00e1g haz\u00e1nkban","link":"https:\/\/allasorias.hu\/hirek\/bovulhet-a-gazdasag-hazankban\/"}],"_links":{"self":[{"href":"https:\/\/allasorias.hu\/hirek\/wp-json\/wp\/v2\/posts\/4379","targetHints":{"allow":["GET"]}}],"collection":[{"href":"https:\/\/allasorias.hu\/hirek\/wp-json\/wp\/v2\/posts"}],"about":[{"href":"https:\/\/allasorias.hu\/hirek\/wp-json\/wp\/v2\/types\/post"}],"author":[{"embeddable":true,"href":"https:\/\/allasorias.hu\/hirek\/wp-json\/wp\/v2\/users\/1"}],"replies":[{"embeddable":true,"href":"https:\/\/allasorias.hu\/hirek\/wp-json\/wp\/v2\/comments?post=4379"}],"version-history":[{"count":1,"href":"https:\/\/allasorias.hu\/hirek\/wp-json\/wp\/v2\/posts\/4379\/revisions"}],"predecessor-version":[{"id":4380,"href":"https:\/\/allasorias.hu\/hirek\/wp-json\/wp\/v2\/posts\/4379\/revisions\/4380"}],"wp:featuredmedia":[{"embeddable":true,"href":"https:\/\/allasorias.hu\/hirek\/wp-json\/wp\/v2\/media\/4048"}],"wp:attachment":[{"href":"https:\/\/allasorias.hu\/hirek\/wp-json\/wp\/v2\/media?parent=4379"}],"wp:term":[{"taxonomy":"category","embeddable":true,"href":"https:\/\/allasorias.hu\/hirek\/wp-json\/wp\/v2\/categories?post=4379"},{"taxonomy":"post_tag","embeddable":true,"href":"https:\/\/allasorias.hu\/hirek\/wp-json\/wp\/v2\/tags?post=4379"}],"curies":[{"name":"wp","href":"https:\/\/api.w.org\/{rel}","templated":true}]}}