{"id":4377,"date":"2020-11-13T08:23:55","date_gmt":"2020-11-13T08:23:55","guid":{"rendered":"https:\/\/allasorias.hu\/hirek\/?p=4377"},"modified":"2020-11-13T08:23:55","modified_gmt":"2020-11-13T08:23:55","slug":"hol-lehet-egerben-es-kornyeken-allast-talalni","status":"publish","type":"post","link":"https:\/\/allasorias.hu\/hirek\/hol-lehet-egerben-es-kornyeken-allast-talalni\/","title":{"rendered":"Hol lehet Egerben \u00e9s k\u00f6rny\u00e9k\u00e9n \u00e1ll\u00e1st tal\u00e1lni?"},"content":{"rendered":"<p><strong>Egerben \u00e9s a k\u00f6rnyez\u0151 r\u00e9gi\u00f3kban is v\u00e1ltoz\u00e1sokon ment \u00e1t a munkaer\u0151piac. \u00dagy t\u0171nik nemcsak a j\u00e1rv\u00e1ny okozott v\u00e1ltoz\u00e1sokat a kereslet-k\u00edn\u00e1latban. Az elm\u00falt n\u00e9h\u00e1ny \u00e9vben a legt\u00f6bb szektor munkaer\u0151hi\u00e1nnyal k\u00fcszk\u00f6d\u00f6tt \u00e9s voltak olyan poz\u00edci\u00f3k, amik h\u00f3napokon \u00e1t bet\u00f6ltetlen\u00fcl \u00e1lltak a nagy m\u00e9rt\u00e9k\u0171 emberhi\u00e1ny miatt. M\u00e1ra ez a helyzet n\u00e9mik\u00e9ppen megv\u00e1ltozott.<\/strong><\/p>\n<p>Magyarorsz\u00e1g az elm\u00falt \u00e9vekben szerencs\u00e9s helyzetben volt, mert egyike volt azon orsz\u00e1goknak, ahov\u00e1 sok min\u0151s\u00e9gi \u00e1ll\u00e1s \u00e9rkezett nyugatr\u00f3l. Sz\u00e1mos nagyv\u00e1llalat ide szervezte ki a gy\u00e1rt\u00f3 vagy szolg\u00e1ltat\u00f3 k\u00f6zponti egys\u00e9geit. Kezdett megsz\u0171nni a Budapest-Debrecen-Gy\u0151r tengely centraliz\u00e1ci\u00f3ja \u00e9s sz\u00e1mos munka \u00e9rkezett Egerbe olyan nagyv\u00e1llalatokkal, mint p\u00e9ld\u00e1ul a Bosch. A n\u00e9met vil\u00e1gv\u00e1llalat m\u00e1r a 2000-es \u00e9vek k\u00f6zep\u00e9n elkezdett Egerben \u00e1ll\u00e1st biztos\u00edtani szakk\u00e9pzett m\u0171szer\u00e9szeknek \u00e9s betan\u00edtott \u00f6sszeszerel\u0151knek, de 2019-ben d\u00f6nt\u00f6tt \u00fajabb gy\u00e1rt\u00f3egys\u00e9gek \u00e1thelyez\u00e9s\u00e9r\u0151l a kelet-magyarorsz\u00e1gi telep\u00fcl\u00e9sre. Ezzel m\u00e1r 1100 f\u0151 f\u00f6l\u00e9 ugrott az itt foglalkoztatottak sz\u00e1ma.\u00a0 A keleti r\u00e9gi\u00f3ban a Bosch mellett sz\u00e1mtalan m\u00e1s nagyv\u00e1llalat m\u0171k\u00f6dik, ami felsz\u00edvja a ter\u00fclet k\u00e9pzett munkaerej\u00e9t. Ilyenek p\u00e9ld\u00e1ul az Aventics, ami pneumatikai komponenseket \u00e9s rendszereket gy\u00e1rt \u00e9s szerel \u00f6ssze, de a magyar tulajdon\u00fa, traumatol\u00f3giai \u00e9s ortop\u00e9diai term\u00e9keket gy\u00e1rt\u00f3 Sanatmetal is Egerben m\u0171k\u00f6dik, hogy n\u00e9h\u00e1ny p\u00e9ld\u00e1t eml\u00edts\u00fcnk. A r\u00e9gi\u00f3ban term\u00e9szetesen nem csak nagyv\u00e1llalatok m\u0171k\u00f6dnek. A magyar \u00e1tlaghoz hasonl\u00f3an, az \u00e1ll\u00e1sok jelent\u0151s r\u00e9sz\u00e9t a KKV szektor adja, ezen bel\u00fcl is a mikrov\u00e1llalkoz\u00e1sok. A v\u00edrusv\u00e1ls\u00e1g hat\u00e1saira azonban a KKV szektor \u00e9rz\u00e9kenyebb, mint a nagyv\u00e1llalatok, ahol b\u0151vebb tartal\u00e9k \u00e1ll rendelkez\u00e9sre a neh\u00e9z id\u0151k \u00e1tv\u00e9szel\u00e9s\u00e9re, m\u00edg a n\u00e9h\u00e1ny f\u0151s mikrov\u00e1llalkoz\u00e1sok mozg\u00e1stere korl\u00e1tozottabb. Ezzel egy\u00fctt a nagyv\u00e1llalatok \u00e1ltal biztos\u00edtott foglalkoztat\u00e1s jelent\u0151s\u00e9ge fel\u00e9rt\u00e9kel\u0151d\u00f6tt mind a r\u00e9gi\u00f3ban, mind pedig orsz\u00e1gszerte. A r\u00e9gi\u00f3ban jelen l\u00e9v\u0151 v\u00e1llalatok k\u00fcl\u00f6nb\u00f6z\u0151 m\u00e9rt\u00e9k\u0171 \u00e9s id\u0151tartam\u00fa lez\u00e1r\u00e1ssal v\u00e1laszoltak a tavaszi pand\u00e9mia hull\u00e1mra. Az \u0151szi folyamatok m\u00e1r nem a teljes z\u00e1r\u00e1s fel\u00e9 mutatnak, sokkal ink\u00e1bb a kapacit\u00e1scs\u00f6kkent\u00e9s \u00e9s a sz\u00fcks\u00e9gszer\u0171en el\u0151\u00e1ll\u00f3 r\u00e9szleges lez\u00e1r\u00e1sok ir\u00e1ny\u00e1ba. A r\u00e9gi\u00f3 KKV szektora, hasonl\u00f3an az orsz\u00e1g t\u00f6bbi ter\u00fclet\u00e9hez, komoly vesztes\u00e9geket szenvedett, amit v\u00e1rhat\u00f3an hossz\u00fa \u00e9vekbe telik majd helyre\u00e1ll\u00edtani.<\/p>\n<p>Forr\u00e1s: gazdasagportal.hu<\/p>\n","protected":false},"excerpt":{"rendered":"<p>Egerben \u00e9s a k\u00f6rnyez\u0151 r\u00e9gi\u00f3kban is v\u00e1ltoz\u00e1sokon ment \u00e1t a munkaer\u0151piac. \u00dagy t\u0171nik nemcsak a j\u00e1rv\u00e1ny okozott v\u00e1ltoz\u00e1sokat a kereslet-k\u00edn\u00e1latban. Az elm\u00falt n\u00e9h\u00e1ny \u00e9vben a legt\u00f6bb szektor munkaer\u0151hi\u00e1nnyal k\u00fcszk\u00f6d\u00f6tt \u00e9s voltak olyan poz\u00edci\u00f3k, amik h\u00f3napokon \u00e1t bet\u00f6ltetlen\u00fcl \u00e1lltak a nagy m\u00e9rt\u00e9k\u0171 emberhi\u00e1ny miatt. M\u00e1ra ez a helyzet n\u00e9mik\u00e9ppen megv\u00e1ltozott. Magyarorsz\u00e1g az elm\u00falt \u00e9vekben szerencs\u00e9s helyzetben [&hellip;]<\/p>\n","protected":false},"author":1,"featured_media":2943,"comment_status":"open","ping_status":"open","sticky":false,"template":"","format":"standard","meta":{"_monsterinsights_skip_tracking":false,"footnotes":""},"categories":[1,200],"tags":[],"class_list":["post-4377","post","type-post","status-publish","format-standard","has-post-thumbnail","hentry","category-allaskereses","category-munkaeropiac"],"aioseo_notices":[],"aioseo_head":"\n\t\t<!-- All in One SEO 5.0.0.1 - aioseo.com -->\n\t<meta name=\"description\" content=\"Egerben \u00e9s a k\u00f6rnyez\u0151 r\u00e9gi\u00f3kban is v\u00e1ltoz\u00e1sokon ment \u00e1t a munkaer\u0151piac. \u00dagy t\u0171nik nemcsak a j\u00e1rv\u00e1ny okozott v\u00e1ltoz\u00e1sokat a kereslet-k\u00edn\u00e1latban. Az elm\u00falt n\u00e9h\u00e1ny \u00e9vben a legt\u00f6bb szektor munkaer\u0151hi\u00e1nnyal k\u00fcszk\u00f6d\u00f6tt \u00e9s voltak olyan poz\u00edci\u00f3k, amik h\u00f3napokon \u00e1t bet\u00f6ltetlen\u00fcl \u00e1lltak a nagy m\u00e9rt\u00e9k\u0171 emberhi\u00e1ny miatt. M\u00e1ra ez a helyzet n\u00e9mik\u00e9ppen megv\u00e1ltozott. Magyarorsz\u00e1g az elm\u00falt \u00e9vekben szerencs\u00e9s helyzetben\" \/>\n\t<meta name=\"robots\" content=\"max-image-preview:large\" \/>\n\t<meta name=\"author\" content=\"Juh\u00e1sz P\u00e9ter\"\/>\n\t<link rel=\"canonical\" href=\"https:\/\/allasorias.hu\/hirek\/hol-lehet-egerben-es-kornyeken-allast-talalni\/\" \/>\n\t<meta name=\"generator\" content=\"All in One SEO (AIOSEO) 5.0.0.1\" \/>\n\t\t<meta property=\"og:locale\" content=\"hu_HU\" \/>\n\t\t<meta property=\"og:site_name\" content=\"AllasOrias.hu | H\u00edrek-lapszemle | \u00dczleti h\u00edrek az \u00e1ll\u00e1s \u00e9s a munka vil\u00e1g\u00e1b\u00f3l\" \/>\n\t\t<meta property=\"og:type\" content=\"article\" \/>\n\t\t<meta property=\"og:title\" content=\"Hol lehet Egerben \u00e9s k\u00f6rny\u00e9k\u00e9n \u00e1ll\u00e1st tal\u00e1lni? | AllasOrias.hu | H\u00edrek-lapszemle\" \/>\n\t\t<meta property=\"og:description\" content=\"Egerben \u00e9s a k\u00f6rnyez\u0151 r\u00e9gi\u00f3kban is v\u00e1ltoz\u00e1sokon ment \u00e1t a munkaer\u0151piac. \u00dagy t\u0171nik nemcsak a j\u00e1rv\u00e1ny okozott v\u00e1ltoz\u00e1sokat a kereslet-k\u00edn\u00e1latban. Az elm\u00falt n\u00e9h\u00e1ny \u00e9vben a legt\u00f6bb szektor munkaer\u0151hi\u00e1nnyal k\u00fcszk\u00f6d\u00f6tt \u00e9s voltak olyan poz\u00edci\u00f3k, amik h\u00f3napokon \u00e1t bet\u00f6ltetlen\u00fcl \u00e1lltak a nagy m\u00e9rt\u00e9k\u0171 emberhi\u00e1ny miatt. M\u00e1ra ez a helyzet n\u00e9mik\u00e9ppen megv\u00e1ltozott. Magyarorsz\u00e1g az elm\u00falt \u00e9vekben szerencs\u00e9s helyzetben\" \/>\n\t\t<meta property=\"og:url\" content=\"https:\/\/allasorias.hu\/hirek\/hol-lehet-egerben-es-kornyeken-allast-talalni\/\" \/>\n\t\t<meta property=\"og:image\" content=\"https:\/\/allasorias.hu\/hirek\/wp-content\/uploads\/2019\/05\/success.jpg\" \/>\n\t\t<meta property=\"og:image:secure_url\" content=\"https:\/\/allasorias.hu\/hirek\/wp-content\/uploads\/2019\/05\/success.jpg\" \/>\n\t\t<meta property=\"og:image:width\" content=\"640\" \/>\n\t\t<meta property=\"og:image:height\" content=\"423\" \/>\n\t\t<meta property=\"article:published_time\" content=\"2020-11-13T08:23:55+00:00\" \/>\n\t\t<meta property=\"article:modified_time\" content=\"2020-11-13T08:23:55+00:00\" \/>\n\t\t<meta property=\"article:publisher\" content=\"https:\/\/www.facebook.com\/allasorias\" \/>\n\t\t<meta name=\"twitter:card\" content=\"summary_large_image\" \/>\n\t\t<meta name=\"twitter:title\" content=\"Hol lehet Egerben \u00e9s k\u00f6rny\u00e9k\u00e9n \u00e1ll\u00e1st tal\u00e1lni? | AllasOrias.hu | H\u00edrek-lapszemle\" \/>\n\t\t<meta name=\"twitter:description\" content=\"Egerben \u00e9s a k\u00f6rnyez\u0151 r\u00e9gi\u00f3kban is v\u00e1ltoz\u00e1sokon ment \u00e1t a munkaer\u0151piac. \u00dagy t\u0171nik nemcsak a j\u00e1rv\u00e1ny okozott v\u00e1ltoz\u00e1sokat a kereslet-k\u00edn\u00e1latban. Az elm\u00falt n\u00e9h\u00e1ny \u00e9vben a legt\u00f6bb szektor munkaer\u0151hi\u00e1nnyal k\u00fcszk\u00f6d\u00f6tt \u00e9s voltak olyan poz\u00edci\u00f3k, amik h\u00f3napokon \u00e1t bet\u00f6ltetlen\u00fcl \u00e1lltak a nagy m\u00e9rt\u00e9k\u0171 emberhi\u00e1ny miatt. M\u00e1ra ez a helyzet n\u00e9mik\u00e9ppen megv\u00e1ltozott. Magyarorsz\u00e1g az elm\u00falt \u00e9vekben szerencs\u00e9s helyzetben\" \/>\n\t\t<meta name=\"twitter:image\" content=\"https:\/\/allasorias.hu\/hirek\/wp-content\/uploads\/2019\/05\/success.jpg\" \/>\n\t\t<meta name=\"twitter:label1\" content=\"Written by\" \/>\n\t\t<meta name=\"twitter:data1\" content=\"Juh\u00e1sz P\u00e9ter\" \/>\n\t\t<meta name=\"twitter:label2\" content=\"Est. reading time\" \/>\n\t\t<meta name=\"twitter:data2\" content=\"3 minutes\" \/>\n\t\t<script type=\"application\/ld+json\" class=\"aioseo-schema\">\n\t\t\t{\"@context\":\"https:\\\/\\\/schema.org\",\"@graph\":[{\"@type\":\"Article\",\"@id\":\"https:\\\/\\\/allasorias.hu\\\/hirek\\\/hol-lehet-egerben-es-kornyeken-allast-talalni\\\/#article\",\"name\":\"Hol lehet Egerben \\u00e9s k\\u00f6rny\\u00e9k\\u00e9n \\u00e1ll\\u00e1st tal\\u00e1lni? | AllasOrias.hu | H\\u00edrek-lapszemle\",\"headline\":\"Hol lehet Egerben \\u00e9s k\\u00f6rny\\u00e9k\\u00e9n \\u00e1ll\\u00e1st tal\\u00e1lni?\",\"author\":{\"@id\":\"https:\\\/\\\/allasorias.hu\\\/hirek\\\/author\\\/admin-allasorias\\\/#author\"},\"publisher\":{\"@id\":\"https:\\\/\\\/allasorias.hu\\\/hirek\\\/#organization\"},\"image\":{\"@type\":\"ImageObject\",\"url\":\"https:\\\/\\\/allasorias.hu\\\/hirek\\\/wp-content\\\/uploads\\\/2019\\\/05\\\/success.jpg\",\"width\":640,\"height\":423},\"datePublished\":\"2020-11-13T08:23:55+02:00\",\"dateModified\":\"2020-11-13T08:23:55+02:00\",\"inLanguage\":\"hu-HU\",\"mainEntityOfPage\":{\"@id\":\"https:\\\/\\\/allasorias.hu\\\/hirek\\\/hol-lehet-egerben-es-kornyeken-allast-talalni\\\/#webpage\"},\"isPartOf\":{\"@id\":\"https:\\\/\\\/allasorias.hu\\\/hirek\\\/hol-lehet-egerben-es-kornyeken-allast-talalni\\\/#webpage\"},\"articleSection\":\"\\u00c1ll\\u00e1skeres\\u00e9s, Munkaer\\u0151piac\"},{\"@type\":\"BreadcrumbList\",\"@id\":\"https:\\\/\\\/allasorias.hu\\\/hirek\\\/hol-lehet-egerben-es-kornyeken-allast-talalni\\\/#breadcrumblist\",\"itemListElement\":[{\"@type\":\"ListItem\",\"@id\":\"https:\\\/\\\/allasorias.hu\\\/hirek#listItem\",\"position\":1,\"name\":\"Home\",\"item\":\"https:\\\/\\\/allasorias.hu\\\/hirek\",\"nextItem\":{\"@type\":\"ListItem\",\"@id\":\"https:\\\/\\\/allasorias.hu\\\/hirek\\\/temak\\\/allaskereses\\\/#listItem\",\"name\":\"\\u00c1ll\\u00e1skeres\\u00e9s\"}},{\"@type\":\"ListItem\",\"@id\":\"https:\\\/\\\/allasorias.hu\\\/hirek\\\/temak\\\/allaskereses\\\/#listItem\",\"position\":2,\"name\":\"\\u00c1ll\\u00e1skeres\\u00e9s\",\"item\":\"https:\\\/\\\/allasorias.hu\\\/hirek\\\/temak\\\/allaskereses\\\/\",\"nextItem\":{\"@type\":\"ListItem\",\"@id\":\"https:\\\/\\\/allasorias.hu\\\/hirek\\\/hol-lehet-egerben-es-kornyeken-allast-talalni\\\/#listItem\",\"name\":\"Hol lehet Egerben \\u00e9s k\\u00f6rny\\u00e9k\\u00e9n \\u00e1ll\\u00e1st tal\\u00e1lni?\"},\"previousItem\":{\"@type\":\"ListItem\",\"@id\":\"https:\\\/\\\/allasorias.hu\\\/hirek#listItem\",\"name\":\"Home\"}},{\"@type\":\"ListItem\",\"@id\":\"https:\\\/\\\/allasorias.hu\\\/hirek\\\/hol-lehet-egerben-es-kornyeken-allast-talalni\\\/#listItem\",\"position\":3,\"name\":\"Hol lehet Egerben \\u00e9s k\\u00f6rny\\u00e9k\\u00e9n \\u00e1ll\\u00e1st tal\\u00e1lni?\",\"previousItem\":{\"@type\":\"ListItem\",\"@id\":\"https:\\\/\\\/allasorias.hu\\\/hirek\\\/temak\\\/allaskereses\\\/#listItem\",\"name\":\"\\u00c1ll\\u00e1skeres\\u00e9s\"}}]},{\"@type\":\"Organization\",\"@id\":\"https:\\\/\\\/allasorias.hu\\\/hirek\\\/#organization\",\"name\":\"AllasOrias.hu | H\\u00edrek-lapszemle\",\"description\":\"\\u00dczleti h\\u00edrek az \\u00e1ll\\u00e1s \\u00e9s a munka vil\\u00e1g\\u00e1b\\u00f3l\",\"url\":\"https:\\\/\\\/allasorias.hu\\\/hirek\\\/\",\"logo\":{\"@type\":\"ImageObject\",\"url\":\"https:\\\/\\\/allasorias.hu\\\/hirek\\\/wp-content\\\/uploads\\\/2022\\\/10\\\/allasorias_site_facebok_logo.png\",\"@id\":\"https:\\\/\\\/allasorias.hu\\\/hirek\\\/hol-lehet-egerben-es-kornyeken-allast-talalni\\\/#organizationLogo\"},\"image\":{\"@id\":\"https:\\\/\\\/allasorias.hu\\\/hirek\\\/hol-lehet-egerben-es-kornyeken-allast-talalni\\\/#organizationLogo\"},\"sameAs\":[\"https:\\\/\\\/www.facebook.com\\\/allasorias\",\"https:\\\/\\\/www.linkedin.com\\\/company\\\/allasorias\"]},{\"@type\":\"Person\",\"@id\":\"https:\\\/\\\/allasorias.hu\\\/hirek\\\/author\\\/admin-allasorias\\\/#author\",\"url\":\"https:\\\/\\\/allasorias.hu\\\/hirek\\\/author\\\/admin-allasorias\\\/\",\"name\":\"Juh\\u00e1sz P\\u00e9ter\",\"image\":{\"@type\":\"ImageObject\",\"@id\":\"https:\\\/\\\/allasorias.hu\\\/hirek\\\/hol-lehet-egerben-es-kornyeken-allast-talalni\\\/#authorImage\",\"url\":\"https:\\\/\\\/secure.gravatar.com\\\/avatar\\\/36e6bcb83148978b992977cb0f54d22feb0cce8a0a849a9410532bb2623ba4c6?s=96&d=mm&r=g\",\"width\":96,\"height\":96,\"caption\":\"Juh\\u00e1sz P\\u00e9ter\"}},{\"@type\":\"WebPage\",\"@id\":\"https:\\\/\\\/allasorias.hu\\\/hirek\\\/hol-lehet-egerben-es-kornyeken-allast-talalni\\\/#webpage\",\"url\":\"https:\\\/\\\/allasorias.hu\\\/hirek\\\/hol-lehet-egerben-es-kornyeken-allast-talalni\\\/\",\"name\":\"Hol lehet Egerben \\u00e9s k\\u00f6rny\\u00e9k\\u00e9n \\u00e1ll\\u00e1st tal\\u00e1lni? | AllasOrias.hu | H\\u00edrek-lapszemle\",\"description\":\"Egerben \\u00e9s a k\\u00f6rnyez\\u0151 r\\u00e9gi\\u00f3kban is v\\u00e1ltoz\\u00e1sokon ment \\u00e1t a munkaer\\u0151piac. \\u00dagy t\\u0171nik nemcsak a j\\u00e1rv\\u00e1ny okozott v\\u00e1ltoz\\u00e1sokat a kereslet-k\\u00edn\\u00e1latban. Az elm\\u00falt n\\u00e9h\\u00e1ny \\u00e9vben a legt\\u00f6bb szektor munkaer\\u0151hi\\u00e1nnyal k\\u00fcszk\\u00f6d\\u00f6tt \\u00e9s voltak olyan poz\\u00edci\\u00f3k, amik h\\u00f3napokon \\u00e1t bet\\u00f6ltetlen\\u00fcl \\u00e1lltak a nagy m\\u00e9rt\\u00e9k\\u0171 emberhi\\u00e1ny miatt. M\\u00e1ra ez a helyzet n\\u00e9mik\\u00e9ppen megv\\u00e1ltozott. Magyarorsz\\u00e1g az elm\\u00falt \\u00e9vekben szerencs\\u00e9s helyzetben\",\"inLanguage\":\"hu-HU\",\"isPartOf\":{\"@id\":\"https:\\\/\\\/allasorias.hu\\\/hirek\\\/#website\"},\"breadcrumb\":{\"@id\":\"https:\\\/\\\/allasorias.hu\\\/hirek\\\/hol-lehet-egerben-es-kornyeken-allast-talalni\\\/#breadcrumblist\"},\"author\":{\"@id\":\"https:\\\/\\\/allasorias.hu\\\/hirek\\\/author\\\/admin-allasorias\\\/#author\"},\"creator\":{\"@id\":\"https:\\\/\\\/allasorias.hu\\\/hirek\\\/author\\\/admin-allasorias\\\/#author\"},\"image\":{\"@type\":\"ImageObject\",\"url\":\"https:\\\/\\\/allasorias.hu\\\/hirek\\\/wp-content\\\/uploads\\\/2019\\\/05\\\/success.jpg\",\"@id\":\"https:\\\/\\\/allasorias.hu\\\/hirek\\\/hol-lehet-egerben-es-kornyeken-allast-talalni\\\/#mainImage\",\"width\":640,\"height\":423},\"primaryImageOfPage\":{\"@id\":\"https:\\\/\\\/allasorias.hu\\\/hirek\\\/hol-lehet-egerben-es-kornyeken-allast-talalni\\\/#mainImage\"},\"datePublished\":\"2020-11-13T08:23:55+02:00\",\"dateModified\":\"2020-11-13T08:23:55+02:00\"},{\"@type\":\"WebSite\",\"@id\":\"https:\\\/\\\/allasorias.hu\\\/hirek\\\/#website\",\"url\":\"https:\\\/\\\/allasorias.hu\\\/hirek\\\/\",\"name\":\"AllasOrias.hu | H\\u00edrek-lapszemle\",\"description\":\"\\u00dczleti h\\u00edrek az \\u00e1ll\\u00e1s \\u00e9s a munka vil\\u00e1g\\u00e1b\\u00f3l\",\"inLanguage\":\"hu-HU\",\"publisher\":{\"@id\":\"https:\\\/\\\/allasorias.hu\\\/hirek\\\/#organization\"}}]}\n\t\t<\/script>\n\t\t<!-- All in One SEO -->\n\n","aioseo_head_json":{"title":"Hol lehet Egerben \u00e9s k\u00f6rny\u00e9k\u00e9n \u00e1ll\u00e1st tal\u00e1lni? | AllasOrias.hu | H\u00edrek-lapszemle","description":"Egerben \u00e9s a k\u00f6rnyez\u0151 r\u00e9gi\u00f3kban is v\u00e1ltoz\u00e1sokon ment \u00e1t a munkaer\u0151piac. \u00dagy t\u0171nik nemcsak a j\u00e1rv\u00e1ny okozott v\u00e1ltoz\u00e1sokat a kereslet-k\u00edn\u00e1latban. Az elm\u00falt n\u00e9h\u00e1ny \u00e9vben a legt\u00f6bb szektor munkaer\u0151hi\u00e1nnyal k\u00fcszk\u00f6d\u00f6tt \u00e9s voltak olyan poz\u00edci\u00f3k, amik h\u00f3napokon \u00e1t bet\u00f6ltetlen\u00fcl \u00e1lltak a nagy m\u00e9rt\u00e9k\u0171 emberhi\u00e1ny miatt. M\u00e1ra ez a helyzet n\u00e9mik\u00e9ppen megv\u00e1ltozott. Magyarorsz\u00e1g az elm\u00falt \u00e9vekben szerencs\u00e9s helyzetben","canonical_url":"https:\/\/allasorias.hu\/hirek\/hol-lehet-egerben-es-kornyeken-allast-talalni\/","robots":"max-image-preview:large","keywords":"","webmasterTools":{"miscellaneous":""},"schema":{"@context":"https:\/\/schema.org","@graph":[{"@type":"Article","@id":"https:\/\/allasorias.hu\/hirek\/hol-lehet-egerben-es-kornyeken-allast-talalni\/#article","name":"Hol lehet Egerben \u00e9s k\u00f6rny\u00e9k\u00e9n \u00e1ll\u00e1st tal\u00e1lni? | AllasOrias.hu | H\u00edrek-lapszemle","headline":"Hol lehet Egerben \u00e9s k\u00f6rny\u00e9k\u00e9n \u00e1ll\u00e1st tal\u00e1lni?","author":{"@id":"https:\/\/allasorias.hu\/hirek\/author\/admin-allasorias\/#author"},"publisher":{"@id":"https:\/\/allasorias.hu\/hirek\/#organization"},"image":{"@type":"ImageObject","url":"https:\/\/allasorias.hu\/hirek\/wp-content\/uploads\/2019\/05\/success.jpg","width":640,"height":423},"datePublished":"2020-11-13T08:23:55+02:00","dateModified":"2020-11-13T08:23:55+02:00","inLanguage":"hu-HU","mainEntityOfPage":{"@id":"https:\/\/allasorias.hu\/hirek\/hol-lehet-egerben-es-kornyeken-allast-talalni\/#webpage"},"isPartOf":{"@id":"https:\/\/allasorias.hu\/hirek\/hol-lehet-egerben-es-kornyeken-allast-talalni\/#webpage"},"articleSection":"\u00c1ll\u00e1skeres\u00e9s, Munkaer\u0151piac"},{"@type":"BreadcrumbList","@id":"https:\/\/allasorias.hu\/hirek\/hol-lehet-egerben-es-kornyeken-allast-talalni\/#breadcrumblist","itemListElement":[{"@type":"ListItem","@id":"https:\/\/allasorias.hu\/hirek#listItem","position":1,"name":"Home","item":"https:\/\/allasorias.hu\/hirek","nextItem":{"@type":"ListItem","@id":"https:\/\/allasorias.hu\/hirek\/temak\/allaskereses\/#listItem","name":"\u00c1ll\u00e1skeres\u00e9s"}},{"@type":"ListItem","@id":"https:\/\/allasorias.hu\/hirek\/temak\/allaskereses\/#listItem","position":2,"name":"\u00c1ll\u00e1skeres\u00e9s","item":"https:\/\/allasorias.hu\/hirek\/temak\/allaskereses\/","nextItem":{"@type":"ListItem","@id":"https:\/\/allasorias.hu\/hirek\/hol-lehet-egerben-es-kornyeken-allast-talalni\/#listItem","name":"Hol lehet Egerben \u00e9s k\u00f6rny\u00e9k\u00e9n \u00e1ll\u00e1st tal\u00e1lni?"},"previousItem":{"@type":"ListItem","@id":"https:\/\/allasorias.hu\/hirek#listItem","name":"Home"}},{"@type":"ListItem","@id":"https:\/\/allasorias.hu\/hirek\/hol-lehet-egerben-es-kornyeken-allast-talalni\/#listItem","position":3,"name":"Hol lehet Egerben \u00e9s k\u00f6rny\u00e9k\u00e9n \u00e1ll\u00e1st tal\u00e1lni?","previousItem":{"@type":"ListItem","@id":"https:\/\/allasorias.hu\/hirek\/temak\/allaskereses\/#listItem","name":"\u00c1ll\u00e1skeres\u00e9s"}}]},{"@type":"Organization","@id":"https:\/\/allasorias.hu\/hirek\/#organization","name":"AllasOrias.hu | H\u00edrek-lapszemle","description":"\u00dczleti h\u00edrek az \u00e1ll\u00e1s \u00e9s a munka vil\u00e1g\u00e1b\u00f3l","url":"https:\/\/allasorias.hu\/hirek\/","logo":{"@type":"ImageObject","url":"https:\/\/allasorias.hu\/hirek\/wp-content\/uploads\/2022\/10\/allasorias_site_facebok_logo.png","@id":"https:\/\/allasorias.hu\/hirek\/hol-lehet-egerben-es-kornyeken-allast-talalni\/#organizationLogo"},"image":{"@id":"https:\/\/allasorias.hu\/hirek\/hol-lehet-egerben-es-kornyeken-allast-talalni\/#organizationLogo"},"sameAs":["https:\/\/www.facebook.com\/allasorias","https:\/\/www.linkedin.com\/company\/allasorias"]},{"@type":"Person","@id":"https:\/\/allasorias.hu\/hirek\/author\/admin-allasorias\/#author","url":"https:\/\/allasorias.hu\/hirek\/author\/admin-allasorias\/","name":"Juh\u00e1sz P\u00e9ter","image":{"@type":"ImageObject","@id":"https:\/\/allasorias.hu\/hirek\/hol-lehet-egerben-es-kornyeken-allast-talalni\/#authorImage","url":"https:\/\/secure.gravatar.com\/avatar\/36e6bcb83148978b992977cb0f54d22feb0cce8a0a849a9410532bb2623ba4c6?s=96&d=mm&r=g","width":96,"height":96,"caption":"Juh\u00e1sz P\u00e9ter"}},{"@type":"WebPage","@id":"https:\/\/allasorias.hu\/hirek\/hol-lehet-egerben-es-kornyeken-allast-talalni\/#webpage","url":"https:\/\/allasorias.hu\/hirek\/hol-lehet-egerben-es-kornyeken-allast-talalni\/","name":"Hol lehet Egerben \u00e9s k\u00f6rny\u00e9k\u00e9n \u00e1ll\u00e1st tal\u00e1lni? | AllasOrias.hu | H\u00edrek-lapszemle","description":"Egerben \u00e9s a k\u00f6rnyez\u0151 r\u00e9gi\u00f3kban is v\u00e1ltoz\u00e1sokon ment \u00e1t a munkaer\u0151piac. \u00dagy t\u0171nik nemcsak a j\u00e1rv\u00e1ny okozott v\u00e1ltoz\u00e1sokat a kereslet-k\u00edn\u00e1latban. Az elm\u00falt n\u00e9h\u00e1ny \u00e9vben a legt\u00f6bb szektor munkaer\u0151hi\u00e1nnyal k\u00fcszk\u00f6d\u00f6tt \u00e9s voltak olyan poz\u00edci\u00f3k, amik h\u00f3napokon \u00e1t bet\u00f6ltetlen\u00fcl \u00e1lltak a nagy m\u00e9rt\u00e9k\u0171 emberhi\u00e1ny miatt. M\u00e1ra ez a helyzet n\u00e9mik\u00e9ppen megv\u00e1ltozott. Magyarorsz\u00e1g az elm\u00falt \u00e9vekben szerencs\u00e9s helyzetben","inLanguage":"hu-HU","isPartOf":{"@id":"https:\/\/allasorias.hu\/hirek\/#website"},"breadcrumb":{"@id":"https:\/\/allasorias.hu\/hirek\/hol-lehet-egerben-es-kornyeken-allast-talalni\/#breadcrumblist"},"author":{"@id":"https:\/\/allasorias.hu\/hirek\/author\/admin-allasorias\/#author"},"creator":{"@id":"https:\/\/allasorias.hu\/hirek\/author\/admin-allasorias\/#author"},"image":{"@type":"ImageObject","url":"https:\/\/allasorias.hu\/hirek\/wp-content\/uploads\/2019\/05\/success.jpg","@id":"https:\/\/allasorias.hu\/hirek\/hol-lehet-egerben-es-kornyeken-allast-talalni\/#mainImage","width":640,"height":423},"primaryImageOfPage":{"@id":"https:\/\/allasorias.hu\/hirek\/hol-lehet-egerben-es-kornyeken-allast-talalni\/#mainImage"},"datePublished":"2020-11-13T08:23:55+02:00","dateModified":"2020-11-13T08:23:55+02:00"},{"@type":"WebSite","@id":"https:\/\/allasorias.hu\/hirek\/#website","url":"https:\/\/allasorias.hu\/hirek\/","name":"AllasOrias.hu | H\u00edrek-lapszemle","description":"\u00dczleti h\u00edrek az \u00e1ll\u00e1s \u00e9s a munka vil\u00e1g\u00e1b\u00f3l","inLanguage":"hu-HU","publisher":{"@id":"https:\/\/allasorias.hu\/hirek\/#organization"}}]},"og:locale":"hu_HU","og:site_name":"AllasOrias.hu | H\u00edrek-lapszemle | \u00dczleti h\u00edrek az \u00e1ll\u00e1s \u00e9s a munka vil\u00e1g\u00e1b\u00f3l","og:type":"article","og:title":"Hol lehet Egerben \u00e9s k\u00f6rny\u00e9k\u00e9n \u00e1ll\u00e1st tal\u00e1lni? | AllasOrias.hu | H\u00edrek-lapszemle","og:description":"Egerben \u00e9s a k\u00f6rnyez\u0151 r\u00e9gi\u00f3kban is v\u00e1ltoz\u00e1sokon ment \u00e1t a munkaer\u0151piac. \u00dagy t\u0171nik nemcsak a j\u00e1rv\u00e1ny okozott v\u00e1ltoz\u00e1sokat a kereslet-k\u00edn\u00e1latban. Az elm\u00falt n\u00e9h\u00e1ny \u00e9vben a legt\u00f6bb szektor munkaer\u0151hi\u00e1nnyal k\u00fcszk\u00f6d\u00f6tt \u00e9s voltak olyan poz\u00edci\u00f3k, amik h\u00f3napokon \u00e1t bet\u00f6ltetlen\u00fcl \u00e1lltak a nagy m\u00e9rt\u00e9k\u0171 emberhi\u00e1ny miatt. M\u00e1ra ez a helyzet n\u00e9mik\u00e9ppen megv\u00e1ltozott. Magyarorsz\u00e1g az elm\u00falt \u00e9vekben szerencs\u00e9s helyzetben","og:url":"https:\/\/allasorias.hu\/hirek\/hol-lehet-egerben-es-kornyeken-allast-talalni\/","og:image":"https:\/\/allasorias.hu\/hirek\/wp-content\/uploads\/2019\/05\/success.jpg","og:image:secure_url":"https:\/\/allasorias.hu\/hirek\/wp-content\/uploads\/2019\/05\/success.jpg","og:image:width":640,"og:image:height":423,"article:published_time":"2020-11-13T08:23:55+00:00","article:modified_time":"2020-11-13T08:23:55+00:00","article:publisher":"https:\/\/www.facebook.com\/allasorias","twitter:card":"summary_large_image","twitter:title":"Hol lehet Egerben \u00e9s k\u00f6rny\u00e9k\u00e9n \u00e1ll\u00e1st tal\u00e1lni? | AllasOrias.hu | H\u00edrek-lapszemle","twitter:description":"Egerben \u00e9s a k\u00f6rnyez\u0151 r\u00e9gi\u00f3kban is v\u00e1ltoz\u00e1sokon ment \u00e1t a munkaer\u0151piac. \u00dagy t\u0171nik nemcsak a j\u00e1rv\u00e1ny okozott v\u00e1ltoz\u00e1sokat a kereslet-k\u00edn\u00e1latban. Az elm\u00falt n\u00e9h\u00e1ny \u00e9vben a legt\u00f6bb szektor munkaer\u0151hi\u00e1nnyal k\u00fcszk\u00f6d\u00f6tt \u00e9s voltak olyan poz\u00edci\u00f3k, amik h\u00f3napokon \u00e1t bet\u00f6ltetlen\u00fcl \u00e1lltak a nagy m\u00e9rt\u00e9k\u0171 emberhi\u00e1ny miatt. M\u00e1ra ez a helyzet n\u00e9mik\u00e9ppen megv\u00e1ltozott. Magyarorsz\u00e1g az elm\u00falt \u00e9vekben szerencs\u00e9s helyzetben","twitter:image":"https:\/\/allasorias.hu\/hirek\/wp-content\/uploads\/2019\/05\/success.jpg","twitter:label1":"Written by","twitter:data1":"Juh\u00e1sz P\u00e9ter","twitter:label2":"Est. reading time","twitter:data2":"3 minutes"},"aioseo_meta_data":{"post_id":"4377","title":null,"description":"","keywords":"","keyphrases":null,"primary_term":null,"canonical_url":"","og_title":null,"og_description":null,"og_object_type":"default","og_image_type":"default","og_image_url":null,"og_image_width":null,"og_image_height":null,"og_image_custom_url":null,"og_image_custom_fields":null,"og_video":null,"og_custom_url":null,"og_article_section":null,"og_article_tags":null,"twitter_use_og":false,"twitter_card":"default","twitter_image_type":"default","twitter_image_url":null,"twitter_image_custom_url":null,"twitter_image_custom_fields":null,"twitter_title":null,"twitter_description":null,"schema":{"blockGraphs":[],"customGraphs":[],"default":{"data":{"Article":[],"Course":[],"Dataset":[],"FAQPage":[],"Movie":[],"Person":[],"Product":[],"ProductReview":[],"Car":[],"Recipe":[],"Service":[],"SoftwareApplication":[],"WebPage":[]},"graphName":"","isEnabled":true},"graphs":[],"defaultGraph":"","defaultPostTypeGraph":""},"schema_type":null,"schema_type_options":null,"pillar_content":false,"robots_default":true,"robots_noindex":false,"robots_noarchive":false,"robots_nosnippet":false,"robots_nofollow":false,"robots_noimageindex":false,"robots_noodp":false,"robots_notranslate":false,"robots_max_snippet":null,"robots_max_videopreview":null,"robots_max_imagepreview":"large","priority":null,"frequency":null,"location":null,"local_seo":null,"breadcrumb_settings":null,"limit_modified_date":false,"ai":null,"created":"2021-02-01 20:44:59","updated":"2025-10-02 15:00:48","seo_analyzer_scan_date":null,"focus_keyword":null,"additional_keywords":null,"truseo_locale":null},"aioseo_breadcrumb":"<div class=\"aioseo-breadcrumbs\"><span class=\"aioseo-breadcrumb\">\n\t\t\t<a href=\"https:\/\/allasorias.hu\/hirek\" title=\"Home\">Home<\/a>\n\t\t<\/span><span class=\"aioseo-breadcrumb-separator\">&raquo;<\/span><span class=\"aioseo-breadcrumb\">\n\t\t\t<a href=\"https:\/\/allasorias.hu\/hirek\/temak\/allaskereses\/\" title=\"\u00c1ll\u00e1skeres\u00e9s\">\u00c1ll\u00e1skeres\u00e9s<\/a>\n\t\t<\/span><span class=\"aioseo-breadcrumb-separator\">&raquo;<\/span><span class=\"aioseo-breadcrumb\">\n\t\t\tHol lehet Egerben \u00e9s k\u00f6rny\u00e9k\u00e9n \u00e1ll\u00e1st tal\u00e1lni?\n\t\t<\/span><\/div>","aioseo_breadcrumb_json":[{"label":"Home","link":"https:\/\/allasorias.hu\/hirek"},{"label":"\u00c1ll\u00e1skeres\u00e9s","link":"https:\/\/allasorias.hu\/hirek\/temak\/allaskereses\/"},{"label":"Hol lehet Egerben \u00e9s k\u00f6rny\u00e9k\u00e9n \u00e1ll\u00e1st tal\u00e1lni?","link":"https:\/\/allasorias.hu\/hirek\/hol-lehet-egerben-es-kornyeken-allast-talalni\/"}],"_links":{"self":[{"href":"https:\/\/allasorias.hu\/hirek\/wp-json\/wp\/v2\/posts\/4377","targetHints":{"allow":["GET"]}}],"collection":[{"href":"https:\/\/allasorias.hu\/hirek\/wp-json\/wp\/v2\/posts"}],"about":[{"href":"https:\/\/allasorias.hu\/hirek\/wp-json\/wp\/v2\/types\/post"}],"author":[{"embeddable":true,"href":"https:\/\/allasorias.hu\/hirek\/wp-json\/wp\/v2\/users\/1"}],"replies":[{"embeddable":true,"href":"https:\/\/allasorias.hu\/hirek\/wp-json\/wp\/v2\/comments?post=4377"}],"version-history":[{"count":1,"href":"https:\/\/allasorias.hu\/hirek\/wp-json\/wp\/v2\/posts\/4377\/revisions"}],"predecessor-version":[{"id":4378,"href":"https:\/\/allasorias.hu\/hirek\/wp-json\/wp\/v2\/posts\/4377\/revisions\/4378"}],"wp:featuredmedia":[{"embeddable":true,"href":"https:\/\/allasorias.hu\/hirek\/wp-json\/wp\/v2\/media\/2943"}],"wp:attachment":[{"href":"https:\/\/allasorias.hu\/hirek\/wp-json\/wp\/v2\/media?parent=4377"}],"wp:term":[{"taxonomy":"category","embeddable":true,"href":"https:\/\/allasorias.hu\/hirek\/wp-json\/wp\/v2\/categories?post=4377"},{"taxonomy":"post_tag","embeddable":true,"href":"https:\/\/allasorias.hu\/hirek\/wp-json\/wp\/v2\/tags?post=4377"}],"curies":[{"name":"wp","href":"https:\/\/api.w.org\/{rel}","templated":true}]}}