{"id":4373,"date":"2020-11-11T08:13:27","date_gmt":"2020-11-11T08:13:27","guid":{"rendered":"https:\/\/allasorias.hu\/hirek\/?p=4373"},"modified":"2020-11-11T08:13:27","modified_gmt":"2020-11-11T08:13:27","slug":"szamon-kerik-a-szakszervezetek-az-igereteket","status":"publish","type":"post","link":"https:\/\/allasorias.hu\/hirek\/szamon-kerik-a-szakszervezetek-az-igereteket\/","title":{"rendered":"Sz\u00e1mon k\u00e9rik a  szakszervezetek az \u00edg\u00e9reteket"},"content":{"rendered":"<p><strong>Nem teljes\u00edtette a korm\u00e1ny az \u00edg\u00e9reteit, s ezeket k\u00e9ri sz\u00e1mon a szakszervezet. A home office t\u00f6rv\u00e9ny azonnali beny\u00fajt\u00e1s\u00e1t, az \u00e1ll\u00e1skeres\u00e9si id\u0151 meghosszabb\u00edt\u00e1s\u00e1t \u00e9s az otthoni tanul\u00e1sra k\u00e9nyszer\u00fcl\u0151 gyerekekre fel\u00fcgyel\u0151 sz\u00fcl\u0151k egyik\u00e9nek t\u00e1pp\u00e9nzen val\u00f3 ell\u00e1t\u00e1s\u00e1t k\u00f6veteli a Magyar Szakszervezeti Sz\u00f6vets\u00e9g. <\/strong><\/p>\n<p>A MASZSZ k\u00f6zlem\u00e9nyben eml\u00e9keztet: a korm\u00e1ny szeptemberre \u00edg\u00e9rte az otthoni munka felt\u00e9teleit szab\u00e1lyoz\u00f3 t\u00f6rv\u00e9ny megt\u00e1rgyal\u00e1s\u00e1t, \u00e1m ez eddig nem t\u00f6rt\u00e9nt meg. Reag\u00e1lt a j\u00e1rv\u00e1ny miatt hozott \u00fajabb korm\u00e1nyzati int\u00e9zked\u00e9sekre is a sz\u00f6vets\u00e9g. Szerint\u00fck az int\u00e9zked\u00e9sekb\u0151l megint kimaradt az emberekr\u0151l val\u00f3 gondoskod\u00e1s \u2013 \u00edrja a 24.hu. A be\u00edg\u00e9rt hat\u00e1rid\u0151h\u00f6z k\u00e9pest legal\u00e1bb egy h\u00f3napos k\u00e9s\u00e9sben van a korm\u00e1ny a home office t\u00f6rv\u00e9ny megt\u00e1rgyal\u00e1s\u00e1val \u2013 h\u00edvja fel a figyelmet a Magyar Szakszervezeti Sz\u00f6vets\u00e9g. A MASZSZ eln\u00f6ke, Kord\u00e1s L\u00e1szl\u00f3 eml\u00e9keztet: a t\u00f6rv\u00e9nytervezet r\u00e9szleteir\u0151l h\u00f3napokkal ezel\u0151tt megegyeztek a Versenyszf\u00e9ra \u00e9s a Korm\u00e1ny \u00c1lland\u00f3 Konzult\u00e1ci\u00f3s F\u00f3ruma (VKF) \u00fcl\u00e9s\u00e9nek r\u00e9sztvev\u0151i \u2013 korm\u00e1ny, munk\u00e1ltat\u00f3i \u00e9s munkav\u00e1llal\u00f3i oldal k\u00e9pvisel\u0151i \u2013, s abban \u00e1llapodtak meg, hogy a d\u00f6nt\u00e9shoz\u00f3k szeptember k\u00f6zep\u00e9n a parlament el\u00e9 terjesztik a tervezetet. Az\u00f3ta nem t\u00f6rt\u00e9nt semmi. Mik\u00f6zben a j\u00e1rv\u00e1ny miatt a minisztereln\u00f6k h\u00e9tf\u0151n \u2013 november 9-\u00e9n \u2013 \u00fajabb korl\u00e1toz\u00e1sokat jelentett be. Munkav\u00e1llal\u00f3k t\u00edzezrei fognak otthonr\u00f3l dolgozni, m\u00e9g mindig nincs egy\u00e9rtelm\u0171 szab\u00e1lyoz\u00e1s, amelyhez a munk\u00e1ltat\u00f3k \u00e9s a munkav\u00e1llal\u00f3k is igazodhatn\u00e1nak ebben a megv\u00e1ltozott helyzetben. Vagyis: a korm\u00e1ny k\u00e9sleked\u00e9s\u00e9nek k\u00e1rvallottjai ism\u00e9t a munkav\u00e1llal\u00f3k. A MASZSZ eln\u00f6ke szerint a d\u00f6nt\u00e9shoz\u00f3k egyszer\u0171en nem hajland\u00f3k tudom\u00e1sul venni, hogy munkav\u00e1llal\u00f3k sz\u00e1zezrei szorulnak seg\u00edts\u00e9gre. A munkan\u00e9lk\u00fcliek sincsenek jobb helyzetben, hiszen \u0151k mind\u00f6ssze h\u00e1rom h\u00f3napig \u201e\u00e9lvezhetik\u201d az \u00e1ll\u00e1skeres\u00e9si t\u00e1mogat\u00e1st, holott enn\u00e9l sokkal hosszabb ideig nem jutnak tisztes munk\u00e1hoz \u00e9s bev\u00e9telhez. A MASZSZ t\u00f6bbsz\u00f6r is kezdem\u00e9nyezte hogy 3-r\u00f3l 6 h\u00f3napra hosszabb\u00edts\u00e1k meg az \u00e1ll\u00e1skeres\u00e9si id\u0151t, valamint az ez id\u0151re sz\u00f3l\u00f3 j\u00e1rad\u00e9k m\u00e9rt\u00e9k\u00e9t is emelj\u00e9k. A korm\u00e1nyn\u00e1l ez is s\u00fcket f\u00fclekre tal\u00e1l, pedig a v\u00e1ltoztat\u00e1ssal sz\u00e1zezrek \u00e9let\u00e9t lehetne legal\u00e1bb \u00e1tmenetileg megk\u00f6nny\u00edteni. Hi\u00e1ba nem akar a minisztereln\u00f6k \u201eseg\u00e9lyalap\u00fa\u201d t\u00e1rsadalmat m\u0171k\u00f6dtetni \u2013 ahogy ezt t\u00f6bbsz\u00f6r is kijelentette \u2013, ha nincs munka, akkor meg\u00e9lhet\u00e9s sincs, s m\u00e9gis a korm\u00e1nynak kell seg\u00edts\u00e9get ny\u00fajtania a foglalkoztat\u00e1sb\u00f3l kiesetteknek \u2013 \u00e9rvel Kord\u00e1s. A MASZSZ eln\u00f6ke szerint a korm\u00e1nynak k\u00e9sleked\u00e9s n\u00e9lk\u00fcl el kell rendelnie, hogy t\u00e1pp\u00e9nzre mehessen az a sz\u00fcl\u0151, akinek a j\u00e1rv\u00e1ny idej\u00e9n az iskol\u00e1k, \u00f3vod\u00e1k, b\u00f6lcs\u0151d\u00e9k bez\u00e1r\u00e1sa miatt otthon kell tartania a kiskor\u00fa gyerek\u00e9t. A d\u00f6nt\u00e9shoz\u00f3k azonban egyel\u0151re ezt is csak meg\u00edg\u00e9rt\u00e9k \u2013 h\u00edvja fel a figyelmet az eln\u00f6k. Kord\u00e1s L\u00e1szl\u00f3 szerint emberek sz\u00e1zezreinek az \u00e9let\u00e9t ezekben a napokban \u00e9ppen ezek a mindennapjaikat befoly\u00e1sol\u00f3 r\u00e9szletek hat\u00e1rozz\u00e1k meg, ez\u00e9rt a szakszervezetek azonnali int\u00e9zked\u00e9st v\u00e1rnak a korm\u00e1nyt\u00f3l. Ha m\u00e1r p\u00e9nzt nem adnak a r\u00e1szorul\u00f3knak, legal\u00e1bb t\u00f6rv\u00e9nyileg rendezz\u00e9k az egyre z\u0171r\u00f6sebb foglalkoztat\u00e1si \u00e1llapotokat \u2013 k\u00f6veteli a MASZSZ nev\u00e9ben az eln\u00f6k.<\/p>\n<p>Forr\u00e1s: szakszervezetek.hu<\/p>\n","protected":false},"excerpt":{"rendered":"<p>Nem teljes\u00edtette a korm\u00e1ny az \u00edg\u00e9reteit, s ezeket k\u00e9ri sz\u00e1mon a szakszervezet. A home office t\u00f6rv\u00e9ny azonnali beny\u00fajt\u00e1s\u00e1t, az \u00e1ll\u00e1skeres\u00e9si id\u0151 meghosszabb\u00edt\u00e1s\u00e1t \u00e9s az otthoni tanul\u00e1sra k\u00e9nyszer\u00fcl\u0151 gyerekekre fel\u00fcgyel\u0151 sz\u00fcl\u0151k egyik\u00e9nek t\u00e1pp\u00e9nzen val\u00f3 ell\u00e1t\u00e1s\u00e1t k\u00f6veteli a Magyar Szakszervezeti Sz\u00f6vets\u00e9g. A MASZSZ k\u00f6zlem\u00e9nyben eml\u00e9keztet: a korm\u00e1ny szeptemberre \u00edg\u00e9rte az otthoni munka felt\u00e9teleit szab\u00e1lyoz\u00f3 t\u00f6rv\u00e9ny megt\u00e1rgyal\u00e1s\u00e1t, \u00e1m [&hellip;]<\/p>\n","protected":false},"author":1,"featured_media":4374,"comment_status":"open","ping_status":"open","sticky":false,"template":"","format":"standard","meta":{"_monsterinsights_skip_tracking":false,"footnotes":""},"categories":[200],"tags":[],"class_list":["post-4373","post","type-post","status-publish","format-standard","has-post-thumbnail","hentry","category-munkaeropiac"],"aioseo_notices":[],"aioseo_head":"\n\t\t<!-- All in One SEO 5.0.0.1 - aioseo.com -->\n\t<meta name=\"description\" content=\"Nem teljes\u00edtette a korm\u00e1ny az \u00edg\u00e9reteit, s ezeket k\u00e9ri sz\u00e1mon a szakszervezet. A home office t\u00f6rv\u00e9ny azonnali beny\u00fajt\u00e1s\u00e1t, az \u00e1ll\u00e1skeres\u00e9si id\u0151 meghosszabb\u00edt\u00e1s\u00e1t \u00e9s az otthoni tanul\u00e1sra k\u00e9nyszer\u00fcl\u0151 gyerekekre fel\u00fcgyel\u0151 sz\u00fcl\u0151k egyik\u00e9nek t\u00e1pp\u00e9nzen val\u00f3 ell\u00e1t\u00e1s\u00e1t k\u00f6veteli a Magyar Szakszervezeti Sz\u00f6vets\u00e9g. A MASZSZ k\u00f6zlem\u00e9nyben eml\u00e9keztet: a korm\u00e1ny szeptemberre \u00edg\u00e9rte az otthoni munka felt\u00e9teleit szab\u00e1lyoz\u00f3 t\u00f6rv\u00e9ny megt\u00e1rgyal\u00e1s\u00e1t, \u00e1m\" \/>\n\t<meta name=\"robots\" content=\"max-image-preview:large\" \/>\n\t<meta name=\"author\" content=\"Juh\u00e1sz P\u00e9ter\"\/>\n\t<link rel=\"canonical\" href=\"https:\/\/allasorias.hu\/hirek\/szamon-kerik-a-szakszervezetek-az-igereteket\/\" \/>\n\t<meta name=\"generator\" content=\"All in One SEO (AIOSEO) 5.0.0.1\" \/>\n\t\t<meta property=\"og:locale\" content=\"hu_HU\" \/>\n\t\t<meta property=\"og:site_name\" content=\"AllasOrias.hu | H\u00edrek-lapszemle | \u00dczleti h\u00edrek az \u00e1ll\u00e1s \u00e9s a munka vil\u00e1g\u00e1b\u00f3l\" \/>\n\t\t<meta property=\"og:type\" content=\"article\" \/>\n\t\t<meta property=\"og:title\" content=\"Sz\u00e1mon k\u00e9rik a szakszervezetek az \u00edg\u00e9reteket | AllasOrias.hu | H\u00edrek-lapszemle\" \/>\n\t\t<meta property=\"og:description\" content=\"Nem teljes\u00edtette a korm\u00e1ny az \u00edg\u00e9reteit, s ezeket k\u00e9ri sz\u00e1mon a szakszervezet. A home office t\u00f6rv\u00e9ny azonnali beny\u00fajt\u00e1s\u00e1t, az \u00e1ll\u00e1skeres\u00e9si id\u0151 meghosszabb\u00edt\u00e1s\u00e1t \u00e9s az otthoni tanul\u00e1sra k\u00e9nyszer\u00fcl\u0151 gyerekekre fel\u00fcgyel\u0151 sz\u00fcl\u0151k egyik\u00e9nek t\u00e1pp\u00e9nzen val\u00f3 ell\u00e1t\u00e1s\u00e1t k\u00f6veteli a Magyar Szakszervezeti Sz\u00f6vets\u00e9g. A MASZSZ k\u00f6zlem\u00e9nyben eml\u00e9keztet: a korm\u00e1ny szeptemberre \u00edg\u00e9rte az otthoni munka felt\u00e9teleit szab\u00e1lyoz\u00f3 t\u00f6rv\u00e9ny megt\u00e1rgyal\u00e1s\u00e1t, \u00e1m\" \/>\n\t\t<meta property=\"og:url\" content=\"https:\/\/allasorias.hu\/hirek\/szamon-kerik-a-szakszervezetek-az-igereteket\/\" \/>\n\t\t<meta property=\"og:image\" content=\"https:\/\/allasorias.hu\/hirek\/wp-content\/uploads\/2020\/11\/pensive-man-with-question-marks-background.jpg\" \/>\n\t\t<meta property=\"og:image:secure_url\" content=\"https:\/\/allasorias.hu\/hirek\/wp-content\/uploads\/2020\/11\/pensive-man-with-question-marks-background.jpg\" \/>\n\t\t<meta property=\"og:image:width\" content=\"1920\" \/>\n\t\t<meta property=\"og:image:height\" content=\"1280\" \/>\n\t\t<meta property=\"article:published_time\" content=\"2020-11-11T08:13:27+00:00\" \/>\n\t\t<meta property=\"article:modified_time\" content=\"2020-11-11T08:13:27+00:00\" \/>\n\t\t<meta property=\"article:publisher\" content=\"https:\/\/www.facebook.com\/allasorias\" \/>\n\t\t<meta name=\"twitter:card\" content=\"summary_large_image\" \/>\n\t\t<meta name=\"twitter:title\" content=\"Sz\u00e1mon k\u00e9rik a szakszervezetek az \u00edg\u00e9reteket | AllasOrias.hu | H\u00edrek-lapszemle\" \/>\n\t\t<meta name=\"twitter:description\" content=\"Nem teljes\u00edtette a korm\u00e1ny az \u00edg\u00e9reteit, s ezeket k\u00e9ri sz\u00e1mon a szakszervezet. A home office t\u00f6rv\u00e9ny azonnali beny\u00fajt\u00e1s\u00e1t, az \u00e1ll\u00e1skeres\u00e9si id\u0151 meghosszabb\u00edt\u00e1s\u00e1t \u00e9s az otthoni tanul\u00e1sra k\u00e9nyszer\u00fcl\u0151 gyerekekre fel\u00fcgyel\u0151 sz\u00fcl\u0151k egyik\u00e9nek t\u00e1pp\u00e9nzen val\u00f3 ell\u00e1t\u00e1s\u00e1t k\u00f6veteli a Magyar Szakszervezeti Sz\u00f6vets\u00e9g. A MASZSZ k\u00f6zlem\u00e9nyben eml\u00e9keztet: a korm\u00e1ny szeptemberre \u00edg\u00e9rte az otthoni munka felt\u00e9teleit szab\u00e1lyoz\u00f3 t\u00f6rv\u00e9ny megt\u00e1rgyal\u00e1s\u00e1t, \u00e1m\" \/>\n\t\t<meta name=\"twitter:image\" content=\"https:\/\/allasorias.hu\/hirek\/wp-content\/uploads\/2020\/11\/pensive-man-with-question-marks-background.jpg\" \/>\n\t\t<meta name=\"twitter:label1\" content=\"Written by\" \/>\n\t\t<meta name=\"twitter:data1\" content=\"Juh\u00e1sz P\u00e9ter\" \/>\n\t\t<meta name=\"twitter:label2\" content=\"Est. reading time\" \/>\n\t\t<meta name=\"twitter:data2\" content=\"3 minutes\" \/>\n\t\t<script type=\"application\/ld+json\" class=\"aioseo-schema\">\n\t\t\t{\"@context\":\"https:\\\/\\\/schema.org\",\"@graph\":[{\"@type\":\"Article\",\"@id\":\"https:\\\/\\\/allasorias.hu\\\/hirek\\\/szamon-kerik-a-szakszervezetek-az-igereteket\\\/#article\",\"name\":\"Sz\\u00e1mon k\\u00e9rik a szakszervezetek az \\u00edg\\u00e9reteket | AllasOrias.hu | H\\u00edrek-lapszemle\",\"headline\":\"Sz\\u00e1mon k\\u00e9rik a  szakszervezetek az \\u00edg\\u00e9reteket\",\"author\":{\"@id\":\"https:\\\/\\\/allasorias.hu\\\/hirek\\\/author\\\/admin-allasorias\\\/#author\"},\"publisher\":{\"@id\":\"https:\\\/\\\/allasorias.hu\\\/hirek\\\/#organization\"},\"image\":{\"@type\":\"ImageObject\",\"url\":\"https:\\\/\\\/allasorias.hu\\\/hirek\\\/wp-content\\\/uploads\\\/2020\\\/11\\\/pensive-man-with-question-marks-background.jpg\",\"width\":1920,\"height\":1280},\"datePublished\":\"2020-11-11T08:13:27+02:00\",\"dateModified\":\"2020-11-11T08:13:27+02:00\",\"inLanguage\":\"hu-HU\",\"mainEntityOfPage\":{\"@id\":\"https:\\\/\\\/allasorias.hu\\\/hirek\\\/szamon-kerik-a-szakszervezetek-az-igereteket\\\/#webpage\"},\"isPartOf\":{\"@id\":\"https:\\\/\\\/allasorias.hu\\\/hirek\\\/szamon-kerik-a-szakszervezetek-az-igereteket\\\/#webpage\"},\"articleSection\":\"Munkaer\\u0151piac\"},{\"@type\":\"BreadcrumbList\",\"@id\":\"https:\\\/\\\/allasorias.hu\\\/hirek\\\/szamon-kerik-a-szakszervezetek-az-igereteket\\\/#breadcrumblist\",\"itemListElement\":[{\"@type\":\"ListItem\",\"@id\":\"https:\\\/\\\/allasorias.hu\\\/hirek#listItem\",\"position\":1,\"name\":\"Home\",\"item\":\"https:\\\/\\\/allasorias.hu\\\/hirek\",\"nextItem\":{\"@type\":\"ListItem\",\"@id\":\"https:\\\/\\\/allasorias.hu\\\/hirek\\\/temak\\\/munkaeropiac\\\/#listItem\",\"name\":\"Munkaer\\u0151piac\"}},{\"@type\":\"ListItem\",\"@id\":\"https:\\\/\\\/allasorias.hu\\\/hirek\\\/temak\\\/munkaeropiac\\\/#listItem\",\"position\":2,\"name\":\"Munkaer\\u0151piac\",\"item\":\"https:\\\/\\\/allasorias.hu\\\/hirek\\\/temak\\\/munkaeropiac\\\/\",\"nextItem\":{\"@type\":\"ListItem\",\"@id\":\"https:\\\/\\\/allasorias.hu\\\/hirek\\\/szamon-kerik-a-szakszervezetek-az-igereteket\\\/#listItem\",\"name\":\"Sz\\u00e1mon k\\u00e9rik a  szakszervezetek az \\u00edg\\u00e9reteket\"},\"previousItem\":{\"@type\":\"ListItem\",\"@id\":\"https:\\\/\\\/allasorias.hu\\\/hirek#listItem\",\"name\":\"Home\"}},{\"@type\":\"ListItem\",\"@id\":\"https:\\\/\\\/allasorias.hu\\\/hirek\\\/szamon-kerik-a-szakszervezetek-az-igereteket\\\/#listItem\",\"position\":3,\"name\":\"Sz\\u00e1mon k\\u00e9rik a  szakszervezetek az \\u00edg\\u00e9reteket\",\"previousItem\":{\"@type\":\"ListItem\",\"@id\":\"https:\\\/\\\/allasorias.hu\\\/hirek\\\/temak\\\/munkaeropiac\\\/#listItem\",\"name\":\"Munkaer\\u0151piac\"}}]},{\"@type\":\"Organization\",\"@id\":\"https:\\\/\\\/allasorias.hu\\\/hirek\\\/#organization\",\"name\":\"AllasOrias.hu | H\\u00edrek-lapszemle\",\"description\":\"\\u00dczleti h\\u00edrek az \\u00e1ll\\u00e1s \\u00e9s a munka vil\\u00e1g\\u00e1b\\u00f3l\",\"url\":\"https:\\\/\\\/allasorias.hu\\\/hirek\\\/\",\"logo\":{\"@type\":\"ImageObject\",\"url\":\"https:\\\/\\\/allasorias.hu\\\/hirek\\\/wp-content\\\/uploads\\\/2022\\\/10\\\/allasorias_site_facebok_logo.png\",\"@id\":\"https:\\\/\\\/allasorias.hu\\\/hirek\\\/szamon-kerik-a-szakszervezetek-az-igereteket\\\/#organizationLogo\"},\"image\":{\"@id\":\"https:\\\/\\\/allasorias.hu\\\/hirek\\\/szamon-kerik-a-szakszervezetek-az-igereteket\\\/#organizationLogo\"},\"sameAs\":[\"https:\\\/\\\/www.facebook.com\\\/allasorias\",\"https:\\\/\\\/www.linkedin.com\\\/company\\\/allasorias\"]},{\"@type\":\"Person\",\"@id\":\"https:\\\/\\\/allasorias.hu\\\/hirek\\\/author\\\/admin-allasorias\\\/#author\",\"url\":\"https:\\\/\\\/allasorias.hu\\\/hirek\\\/author\\\/admin-allasorias\\\/\",\"name\":\"Juh\\u00e1sz P\\u00e9ter\",\"image\":{\"@type\":\"ImageObject\",\"@id\":\"https:\\\/\\\/allasorias.hu\\\/hirek\\\/szamon-kerik-a-szakszervezetek-az-igereteket\\\/#authorImage\",\"url\":\"https:\\\/\\\/secure.gravatar.com\\\/avatar\\\/36e6bcb83148978b992977cb0f54d22feb0cce8a0a849a9410532bb2623ba4c6?s=96&d=mm&r=g\",\"width\":96,\"height\":96,\"caption\":\"Juh\\u00e1sz P\\u00e9ter\"}},{\"@type\":\"WebPage\",\"@id\":\"https:\\\/\\\/allasorias.hu\\\/hirek\\\/szamon-kerik-a-szakszervezetek-az-igereteket\\\/#webpage\",\"url\":\"https:\\\/\\\/allasorias.hu\\\/hirek\\\/szamon-kerik-a-szakszervezetek-az-igereteket\\\/\",\"name\":\"Sz\\u00e1mon k\\u00e9rik a szakszervezetek az \\u00edg\\u00e9reteket | AllasOrias.hu | H\\u00edrek-lapszemle\",\"description\":\"Nem teljes\\u00edtette a korm\\u00e1ny az \\u00edg\\u00e9reteit, s ezeket k\\u00e9ri sz\\u00e1mon a szakszervezet. A home office t\\u00f6rv\\u00e9ny azonnali beny\\u00fajt\\u00e1s\\u00e1t, az \\u00e1ll\\u00e1skeres\\u00e9si id\\u0151 meghosszabb\\u00edt\\u00e1s\\u00e1t \\u00e9s az otthoni tanul\\u00e1sra k\\u00e9nyszer\\u00fcl\\u0151 gyerekekre fel\\u00fcgyel\\u0151 sz\\u00fcl\\u0151k egyik\\u00e9nek t\\u00e1pp\\u00e9nzen val\\u00f3 ell\\u00e1t\\u00e1s\\u00e1t k\\u00f6veteli a Magyar Szakszervezeti Sz\\u00f6vets\\u00e9g. A MASZSZ k\\u00f6zlem\\u00e9nyben eml\\u00e9keztet: a korm\\u00e1ny szeptemberre \\u00edg\\u00e9rte az otthoni munka felt\\u00e9teleit szab\\u00e1lyoz\\u00f3 t\\u00f6rv\\u00e9ny megt\\u00e1rgyal\\u00e1s\\u00e1t, \\u00e1m\",\"inLanguage\":\"hu-HU\",\"isPartOf\":{\"@id\":\"https:\\\/\\\/allasorias.hu\\\/hirek\\\/#website\"},\"breadcrumb\":{\"@id\":\"https:\\\/\\\/allasorias.hu\\\/hirek\\\/szamon-kerik-a-szakszervezetek-az-igereteket\\\/#breadcrumblist\"},\"author\":{\"@id\":\"https:\\\/\\\/allasorias.hu\\\/hirek\\\/author\\\/admin-allasorias\\\/#author\"},\"creator\":{\"@id\":\"https:\\\/\\\/allasorias.hu\\\/hirek\\\/author\\\/admin-allasorias\\\/#author\"},\"image\":{\"@type\":\"ImageObject\",\"url\":\"https:\\\/\\\/allasorias.hu\\\/hirek\\\/wp-content\\\/uploads\\\/2020\\\/11\\\/pensive-man-with-question-marks-background.jpg\",\"@id\":\"https:\\\/\\\/allasorias.hu\\\/hirek\\\/szamon-kerik-a-szakszervezetek-az-igereteket\\\/#mainImage\",\"width\":1920,\"height\":1280},\"primaryImageOfPage\":{\"@id\":\"https:\\\/\\\/allasorias.hu\\\/hirek\\\/szamon-kerik-a-szakszervezetek-az-igereteket\\\/#mainImage\"},\"datePublished\":\"2020-11-11T08:13:27+02:00\",\"dateModified\":\"2020-11-11T08:13:27+02:00\"},{\"@type\":\"WebSite\",\"@id\":\"https:\\\/\\\/allasorias.hu\\\/hirek\\\/#website\",\"url\":\"https:\\\/\\\/allasorias.hu\\\/hirek\\\/\",\"name\":\"AllasOrias.hu | H\\u00edrek-lapszemle\",\"description\":\"\\u00dczleti h\\u00edrek az \\u00e1ll\\u00e1s \\u00e9s a munka vil\\u00e1g\\u00e1b\\u00f3l\",\"inLanguage\":\"hu-HU\",\"publisher\":{\"@id\":\"https:\\\/\\\/allasorias.hu\\\/hirek\\\/#organization\"}}]}\n\t\t<\/script>\n\t\t<!-- All in One SEO -->\n\n","aioseo_head_json":{"title":"Sz\u00e1mon k\u00e9rik a szakszervezetek az \u00edg\u00e9reteket | AllasOrias.hu | H\u00edrek-lapszemle","description":"Nem teljes\u00edtette a korm\u00e1ny az \u00edg\u00e9reteit, s ezeket k\u00e9ri sz\u00e1mon a szakszervezet. A home office t\u00f6rv\u00e9ny azonnali beny\u00fajt\u00e1s\u00e1t, az \u00e1ll\u00e1skeres\u00e9si id\u0151 meghosszabb\u00edt\u00e1s\u00e1t \u00e9s az otthoni tanul\u00e1sra k\u00e9nyszer\u00fcl\u0151 gyerekekre fel\u00fcgyel\u0151 sz\u00fcl\u0151k egyik\u00e9nek t\u00e1pp\u00e9nzen val\u00f3 ell\u00e1t\u00e1s\u00e1t k\u00f6veteli a Magyar Szakszervezeti Sz\u00f6vets\u00e9g. A MASZSZ k\u00f6zlem\u00e9nyben eml\u00e9keztet: a korm\u00e1ny szeptemberre \u00edg\u00e9rte az otthoni munka felt\u00e9teleit szab\u00e1lyoz\u00f3 t\u00f6rv\u00e9ny megt\u00e1rgyal\u00e1s\u00e1t, \u00e1m","canonical_url":"https:\/\/allasorias.hu\/hirek\/szamon-kerik-a-szakszervezetek-az-igereteket\/","robots":"max-image-preview:large","keywords":"","webmasterTools":{"miscellaneous":""},"schema":{"@context":"https:\/\/schema.org","@graph":[{"@type":"Article","@id":"https:\/\/allasorias.hu\/hirek\/szamon-kerik-a-szakszervezetek-az-igereteket\/#article","name":"Sz\u00e1mon k\u00e9rik a szakszervezetek az \u00edg\u00e9reteket | AllasOrias.hu | H\u00edrek-lapszemle","headline":"Sz\u00e1mon k\u00e9rik a  szakszervezetek az \u00edg\u00e9reteket","author":{"@id":"https:\/\/allasorias.hu\/hirek\/author\/admin-allasorias\/#author"},"publisher":{"@id":"https:\/\/allasorias.hu\/hirek\/#organization"},"image":{"@type":"ImageObject","url":"https:\/\/allasorias.hu\/hirek\/wp-content\/uploads\/2020\/11\/pensive-man-with-question-marks-background.jpg","width":1920,"height":1280},"datePublished":"2020-11-11T08:13:27+02:00","dateModified":"2020-11-11T08:13:27+02:00","inLanguage":"hu-HU","mainEntityOfPage":{"@id":"https:\/\/allasorias.hu\/hirek\/szamon-kerik-a-szakszervezetek-az-igereteket\/#webpage"},"isPartOf":{"@id":"https:\/\/allasorias.hu\/hirek\/szamon-kerik-a-szakszervezetek-az-igereteket\/#webpage"},"articleSection":"Munkaer\u0151piac"},{"@type":"BreadcrumbList","@id":"https:\/\/allasorias.hu\/hirek\/szamon-kerik-a-szakszervezetek-az-igereteket\/#breadcrumblist","itemListElement":[{"@type":"ListItem","@id":"https:\/\/allasorias.hu\/hirek#listItem","position":1,"name":"Home","item":"https:\/\/allasorias.hu\/hirek","nextItem":{"@type":"ListItem","@id":"https:\/\/allasorias.hu\/hirek\/temak\/munkaeropiac\/#listItem","name":"Munkaer\u0151piac"}},{"@type":"ListItem","@id":"https:\/\/allasorias.hu\/hirek\/temak\/munkaeropiac\/#listItem","position":2,"name":"Munkaer\u0151piac","item":"https:\/\/allasorias.hu\/hirek\/temak\/munkaeropiac\/","nextItem":{"@type":"ListItem","@id":"https:\/\/allasorias.hu\/hirek\/szamon-kerik-a-szakszervezetek-az-igereteket\/#listItem","name":"Sz\u00e1mon k\u00e9rik a  szakszervezetek az \u00edg\u00e9reteket"},"previousItem":{"@type":"ListItem","@id":"https:\/\/allasorias.hu\/hirek#listItem","name":"Home"}},{"@type":"ListItem","@id":"https:\/\/allasorias.hu\/hirek\/szamon-kerik-a-szakszervezetek-az-igereteket\/#listItem","position":3,"name":"Sz\u00e1mon k\u00e9rik a  szakszervezetek az \u00edg\u00e9reteket","previousItem":{"@type":"ListItem","@id":"https:\/\/allasorias.hu\/hirek\/temak\/munkaeropiac\/#listItem","name":"Munkaer\u0151piac"}}]},{"@type":"Organization","@id":"https:\/\/allasorias.hu\/hirek\/#organization","name":"AllasOrias.hu | H\u00edrek-lapszemle","description":"\u00dczleti h\u00edrek az \u00e1ll\u00e1s \u00e9s a munka vil\u00e1g\u00e1b\u00f3l","url":"https:\/\/allasorias.hu\/hirek\/","logo":{"@type":"ImageObject","url":"https:\/\/allasorias.hu\/hirek\/wp-content\/uploads\/2022\/10\/allasorias_site_facebok_logo.png","@id":"https:\/\/allasorias.hu\/hirek\/szamon-kerik-a-szakszervezetek-az-igereteket\/#organizationLogo"},"image":{"@id":"https:\/\/allasorias.hu\/hirek\/szamon-kerik-a-szakszervezetek-az-igereteket\/#organizationLogo"},"sameAs":["https:\/\/www.facebook.com\/allasorias","https:\/\/www.linkedin.com\/company\/allasorias"]},{"@type":"Person","@id":"https:\/\/allasorias.hu\/hirek\/author\/admin-allasorias\/#author","url":"https:\/\/allasorias.hu\/hirek\/author\/admin-allasorias\/","name":"Juh\u00e1sz P\u00e9ter","image":{"@type":"ImageObject","@id":"https:\/\/allasorias.hu\/hirek\/szamon-kerik-a-szakszervezetek-az-igereteket\/#authorImage","url":"https:\/\/secure.gravatar.com\/avatar\/36e6bcb83148978b992977cb0f54d22feb0cce8a0a849a9410532bb2623ba4c6?s=96&d=mm&r=g","width":96,"height":96,"caption":"Juh\u00e1sz P\u00e9ter"}},{"@type":"WebPage","@id":"https:\/\/allasorias.hu\/hirek\/szamon-kerik-a-szakszervezetek-az-igereteket\/#webpage","url":"https:\/\/allasorias.hu\/hirek\/szamon-kerik-a-szakszervezetek-az-igereteket\/","name":"Sz\u00e1mon k\u00e9rik a szakszervezetek az \u00edg\u00e9reteket | AllasOrias.hu | H\u00edrek-lapszemle","description":"Nem teljes\u00edtette a korm\u00e1ny az \u00edg\u00e9reteit, s ezeket k\u00e9ri sz\u00e1mon a szakszervezet. A home office t\u00f6rv\u00e9ny azonnali beny\u00fajt\u00e1s\u00e1t, az \u00e1ll\u00e1skeres\u00e9si id\u0151 meghosszabb\u00edt\u00e1s\u00e1t \u00e9s az otthoni tanul\u00e1sra k\u00e9nyszer\u00fcl\u0151 gyerekekre fel\u00fcgyel\u0151 sz\u00fcl\u0151k egyik\u00e9nek t\u00e1pp\u00e9nzen val\u00f3 ell\u00e1t\u00e1s\u00e1t k\u00f6veteli a Magyar Szakszervezeti Sz\u00f6vets\u00e9g. A MASZSZ k\u00f6zlem\u00e9nyben eml\u00e9keztet: a korm\u00e1ny szeptemberre \u00edg\u00e9rte az otthoni munka felt\u00e9teleit szab\u00e1lyoz\u00f3 t\u00f6rv\u00e9ny megt\u00e1rgyal\u00e1s\u00e1t, \u00e1m","inLanguage":"hu-HU","isPartOf":{"@id":"https:\/\/allasorias.hu\/hirek\/#website"},"breadcrumb":{"@id":"https:\/\/allasorias.hu\/hirek\/szamon-kerik-a-szakszervezetek-az-igereteket\/#breadcrumblist"},"author":{"@id":"https:\/\/allasorias.hu\/hirek\/author\/admin-allasorias\/#author"},"creator":{"@id":"https:\/\/allasorias.hu\/hirek\/author\/admin-allasorias\/#author"},"image":{"@type":"ImageObject","url":"https:\/\/allasorias.hu\/hirek\/wp-content\/uploads\/2020\/11\/pensive-man-with-question-marks-background.jpg","@id":"https:\/\/allasorias.hu\/hirek\/szamon-kerik-a-szakszervezetek-az-igereteket\/#mainImage","width":1920,"height":1280},"primaryImageOfPage":{"@id":"https:\/\/allasorias.hu\/hirek\/szamon-kerik-a-szakszervezetek-az-igereteket\/#mainImage"},"datePublished":"2020-11-11T08:13:27+02:00","dateModified":"2020-11-11T08:13:27+02:00"},{"@type":"WebSite","@id":"https:\/\/allasorias.hu\/hirek\/#website","url":"https:\/\/allasorias.hu\/hirek\/","name":"AllasOrias.hu | H\u00edrek-lapszemle","description":"\u00dczleti h\u00edrek az \u00e1ll\u00e1s \u00e9s a munka vil\u00e1g\u00e1b\u00f3l","inLanguage":"hu-HU","publisher":{"@id":"https:\/\/allasorias.hu\/hirek\/#organization"}}]},"og:locale":"hu_HU","og:site_name":"AllasOrias.hu | H\u00edrek-lapszemle | \u00dczleti h\u00edrek az \u00e1ll\u00e1s \u00e9s a munka vil\u00e1g\u00e1b\u00f3l","og:type":"article","og:title":"Sz\u00e1mon k\u00e9rik a szakszervezetek az \u00edg\u00e9reteket | AllasOrias.hu | H\u00edrek-lapszemle","og:description":"Nem teljes\u00edtette a korm\u00e1ny az \u00edg\u00e9reteit, s ezeket k\u00e9ri sz\u00e1mon a szakszervezet. A home office t\u00f6rv\u00e9ny azonnali beny\u00fajt\u00e1s\u00e1t, az \u00e1ll\u00e1skeres\u00e9si id\u0151 meghosszabb\u00edt\u00e1s\u00e1t \u00e9s az otthoni tanul\u00e1sra k\u00e9nyszer\u00fcl\u0151 gyerekekre fel\u00fcgyel\u0151 sz\u00fcl\u0151k egyik\u00e9nek t\u00e1pp\u00e9nzen val\u00f3 ell\u00e1t\u00e1s\u00e1t k\u00f6veteli a Magyar Szakszervezeti Sz\u00f6vets\u00e9g. A MASZSZ k\u00f6zlem\u00e9nyben eml\u00e9keztet: a korm\u00e1ny szeptemberre \u00edg\u00e9rte az otthoni munka felt\u00e9teleit szab\u00e1lyoz\u00f3 t\u00f6rv\u00e9ny megt\u00e1rgyal\u00e1s\u00e1t, \u00e1m","og:url":"https:\/\/allasorias.hu\/hirek\/szamon-kerik-a-szakszervezetek-az-igereteket\/","og:image":"https:\/\/allasorias.hu\/hirek\/wp-content\/uploads\/2020\/11\/pensive-man-with-question-marks-background.jpg","og:image:secure_url":"https:\/\/allasorias.hu\/hirek\/wp-content\/uploads\/2020\/11\/pensive-man-with-question-marks-background.jpg","og:image:width":1920,"og:image:height":1280,"article:published_time":"2020-11-11T08:13:27+00:00","article:modified_time":"2020-11-11T08:13:27+00:00","article:publisher":"https:\/\/www.facebook.com\/allasorias","twitter:card":"summary_large_image","twitter:title":"Sz\u00e1mon k\u00e9rik a szakszervezetek az \u00edg\u00e9reteket | AllasOrias.hu | H\u00edrek-lapszemle","twitter:description":"Nem teljes\u00edtette a korm\u00e1ny az \u00edg\u00e9reteit, s ezeket k\u00e9ri sz\u00e1mon a szakszervezet. A home office t\u00f6rv\u00e9ny azonnali beny\u00fajt\u00e1s\u00e1t, az \u00e1ll\u00e1skeres\u00e9si id\u0151 meghosszabb\u00edt\u00e1s\u00e1t \u00e9s az otthoni tanul\u00e1sra k\u00e9nyszer\u00fcl\u0151 gyerekekre fel\u00fcgyel\u0151 sz\u00fcl\u0151k egyik\u00e9nek t\u00e1pp\u00e9nzen val\u00f3 ell\u00e1t\u00e1s\u00e1t k\u00f6veteli a Magyar Szakszervezeti Sz\u00f6vets\u00e9g. A MASZSZ k\u00f6zlem\u00e9nyben eml\u00e9keztet: a korm\u00e1ny szeptemberre \u00edg\u00e9rte az otthoni munka felt\u00e9teleit szab\u00e1lyoz\u00f3 t\u00f6rv\u00e9ny megt\u00e1rgyal\u00e1s\u00e1t, \u00e1m","twitter:image":"https:\/\/allasorias.hu\/hirek\/wp-content\/uploads\/2020\/11\/pensive-man-with-question-marks-background.jpg","twitter:label1":"Written by","twitter:data1":"Juh\u00e1sz P\u00e9ter","twitter:label2":"Est. reading time","twitter:data2":"3 minutes"},"aioseo_meta_data":{"post_id":"4373","title":null,"description":"","keywords":"","keyphrases":null,"primary_term":null,"canonical_url":"","og_title":null,"og_description":null,"og_object_type":"default","og_image_type":"default","og_image_url":null,"og_image_width":null,"og_image_height":null,"og_image_custom_url":null,"og_image_custom_fields":null,"og_video":null,"og_custom_url":null,"og_article_section":null,"og_article_tags":null,"twitter_use_og":false,"twitter_card":"default","twitter_image_type":"default","twitter_image_url":null,"twitter_image_custom_url":null,"twitter_image_custom_fields":null,"twitter_title":null,"twitter_description":null,"schema":{"blockGraphs":[],"customGraphs":[],"default":{"data":{"Article":[],"Course":[],"Dataset":[],"FAQPage":[],"Movie":[],"Person":[],"Product":[],"ProductReview":[],"Car":[],"Recipe":[],"Service":[],"SoftwareApplication":[],"WebPage":[]},"graphName":"","isEnabled":true},"graphs":[],"defaultGraph":"","defaultPostTypeGraph":""},"schema_type":null,"schema_type_options":null,"pillar_content":false,"robots_default":true,"robots_noindex":false,"robots_noarchive":false,"robots_nosnippet":false,"robots_nofollow":false,"robots_noimageindex":false,"robots_noodp":false,"robots_notranslate":false,"robots_max_snippet":null,"robots_max_videopreview":null,"robots_max_imagepreview":"large","priority":null,"frequency":null,"location":null,"local_seo":null,"breadcrumb_settings":null,"limit_modified_date":false,"ai":null,"created":"2021-02-01 20:44:59","updated":"2025-10-02 15:00:48","seo_analyzer_scan_date":null,"focus_keyword":null,"additional_keywords":null,"truseo_locale":null},"aioseo_breadcrumb":"<div class=\"aioseo-breadcrumbs\"><span class=\"aioseo-breadcrumb\">\n\t\t\t<a href=\"https:\/\/allasorias.hu\/hirek\" title=\"Home\">Home<\/a>\n\t\t<\/span><span class=\"aioseo-breadcrumb-separator\">&raquo;<\/span><span class=\"aioseo-breadcrumb\">\n\t\t\t<a href=\"https:\/\/allasorias.hu\/hirek\/temak\/munkaeropiac\/\" title=\"Munkaer\u0151piac\">Munkaer\u0151piac<\/a>\n\t\t<\/span><span class=\"aioseo-breadcrumb-separator\">&raquo;<\/span><span class=\"aioseo-breadcrumb\">\n\t\t\tSz\u00e1mon k\u00e9rik a  szakszervezetek az \u00edg\u00e9reteket\n\t\t<\/span><\/div>","aioseo_breadcrumb_json":[{"label":"Home","link":"https:\/\/allasorias.hu\/hirek"},{"label":"Munkaer\u0151piac","link":"https:\/\/allasorias.hu\/hirek\/temak\/munkaeropiac\/"},{"label":"Sz\u00e1mon k\u00e9rik a  szakszervezetek az \u00edg\u00e9reteket","link":"https:\/\/allasorias.hu\/hirek\/szamon-kerik-a-szakszervezetek-az-igereteket\/"}],"_links":{"self":[{"href":"https:\/\/allasorias.hu\/hirek\/wp-json\/wp\/v2\/posts\/4373","targetHints":{"allow":["GET"]}}],"collection":[{"href":"https:\/\/allasorias.hu\/hirek\/wp-json\/wp\/v2\/posts"}],"about":[{"href":"https:\/\/allasorias.hu\/hirek\/wp-json\/wp\/v2\/types\/post"}],"author":[{"embeddable":true,"href":"https:\/\/allasorias.hu\/hirek\/wp-json\/wp\/v2\/users\/1"}],"replies":[{"embeddable":true,"href":"https:\/\/allasorias.hu\/hirek\/wp-json\/wp\/v2\/comments?post=4373"}],"version-history":[{"count":1,"href":"https:\/\/allasorias.hu\/hirek\/wp-json\/wp\/v2\/posts\/4373\/revisions"}],"predecessor-version":[{"id":4375,"href":"https:\/\/allasorias.hu\/hirek\/wp-json\/wp\/v2\/posts\/4373\/revisions\/4375"}],"wp:featuredmedia":[{"embeddable":true,"href":"https:\/\/allasorias.hu\/hirek\/wp-json\/wp\/v2\/media\/4374"}],"wp:attachment":[{"href":"https:\/\/allasorias.hu\/hirek\/wp-json\/wp\/v2\/media?parent=4373"}],"wp:term":[{"taxonomy":"category","embeddable":true,"href":"https:\/\/allasorias.hu\/hirek\/wp-json\/wp\/v2\/categories?post=4373"},{"taxonomy":"post_tag","embeddable":true,"href":"https:\/\/allasorias.hu\/hirek\/wp-json\/wp\/v2\/tags?post=4373"}],"curies":[{"name":"wp","href":"https:\/\/api.w.org\/{rel}","templated":true}]}}