{"id":4371,"date":"2020-11-10T07:32:12","date_gmt":"2020-11-10T07:32:12","guid":{"rendered":"https:\/\/allasorias.hu\/hirek\/?p=4371"},"modified":"2020-11-10T07:32:12","modified_gmt":"2020-11-10T07:32:12","slug":"javulas-a-munkaeropiacon","status":"publish","type":"post","link":"https:\/\/allasorias.hu\/hirek\/javulas-a-munkaeropiacon\/","title":{"rendered":"Javul\u00e1s a munkaer\u0151piacon"},"content":{"rendered":"<p><strong>Annak ellen\u00e9re, hogy a koronav\u00edrus j\u00e1rv\u00e1ny komoly negat\u00edv hat\u00e1st gyakorolt a gazdas\u00e1gra Magyarorsz\u00e1gon, az \u0151szi adatok javul\u00e1st mutatnak. A j\u00faniusi \u00e9s j\u00faliusi m\u00e9lypont ut\u00e1n ism\u00e9t n\u00f6vekedett a foglalkoztatottak sz\u00e1ma, mintegy 4,5 milli\u00f3an dolgoznak Magyarorsz\u00e1gon, \u00e9s \u00a0300 ezer f\u0151 al\u00e1 cs\u00f6kkent a regisztr\u00e1lt \u00e1ll\u00e1skeres\u0151k sz\u00e1ma.<\/strong><\/p>\n<p>Az augusztusi foglalkoztat\u00e1si cs\u00facsot k\u00f6vet\u0151en, amikor visszat\u00e9rt norm\u00e1lis mederbe a magyar munkaer\u0151piac a j\u00faniusi \u00e9s j\u00faliusi m\u00e9lypont ut\u00e1n, szeptemberre mintegy 4,5 milli\u00f3an dolgoznak m\u00e1r Magyarorsz\u00e1gon. A 15 \u00e9s 64 \u00e9ves koroszt\u00e1ly k\u00f6z\u00f6tt is 70,3 sz\u00e1zal\u00e9kos a foglalkoztat\u00e1si r\u00e1ta, ez egy\u00e9bk\u00e9nt egy \u00e9vvel ezel\u0151tti adatn\u00e1l kicsit alacsonyabb, de az eur\u00f3pai uni\u00f3s \u00e1tlagot, a kit\u0171z\u00f6tt c\u00e9lokat m\u00e1r \u00edgy is el\u00e9rte a magyar munkaer\u0151piac \u2013 t\u00e1j\u00e9koztatott Palkovics Imre a Kossuth R\u00e1di\u00f3 J\u00f3 reggelt, Magyarorsz\u00e1g! c\u00edm\u0171 m\u0171sor\u00e1ban. Hozz\u00e1tette, nyilv\u00e1nval\u00f3, ha ez a pand\u00e9mi\u00e1s helyzet nem alakul ki, akkor ez az adat m\u00e9g enn\u00e9l is jobb lehetett volna. L\u00e1that\u00f3an cs\u00f6kkent a foglalkoztatottak sz\u00e1ma a sz\u00e1ll\u00edt\u00e1s, rakt\u00e1roz\u00e1s, a feldolgoz\u00f3ipar vagy a vend\u00e9gl\u00e1t\u00e1s ter\u00fclet\u00e9n, itt az ut\u00f3bbi kateg\u00f3ri\u00e1ban el\u00e9g katasztrof\u00e1lis helyzet alakult ki, \u00e9s a szakemberek arr\u00f3l besz\u00e9lnek, hogy ebben az \u00e1gazatban szeml\u00e9letv\u00e1lt\u00e1sra \u00e9s korm\u00e1nyzati int\u00e9zked\u00e9sekre is sz\u00fcks\u00e9g lehet az elk\u00f6vetkezend\u0151 id\u0151kben. \u00c9rdemben viszont n\u0151tt az IT-szektorban foglalkoztatottak sz\u00e1ma mintegy 22 ezer f\u0151vel, a szakmai tudom\u00e1nyos m\u0171szaki tev\u00e9kenys\u00e9gek ter\u00fclet\u00e9n 17 ezer f\u0151vel \u00e9s az \u00e9p\u00edt\u0151iparban is 16 ezer f\u0151vel. A kereskedelemben is l\u00e1tv\u00e1nyosan, 13 ezer f\u0151vel n\u0151tt a foglalkoztatottak sz\u00e1ma az elm\u00falt id\u0151szakban. Az elm\u00falt id\u0151szakban n\u00f6vekedtek az \u00e1tlagkeresetek, 9 sz\u00e1zal\u00e9k k\u00f6rny\u00e9k\u00e9n. Az \u00e1tlagkereset-n\u00f6veked\u00e9st ebben a helyzetben azonban nem lehet c\u00e9lk\u00e9nt kit\u0171zni, mert most a munkahelyek meg\u0151rz\u00e9se az els\u0151dleges minden szerepl\u0151 sz\u00e1m\u00e1ra.<\/p>\n<p>Forr\u00e1s: hirado.hu<\/p>\n","protected":false},"excerpt":{"rendered":"<p>Annak ellen\u00e9re, hogy a koronav\u00edrus j\u00e1rv\u00e1ny komoly negat\u00edv hat\u00e1st gyakorolt a gazdas\u00e1gra Magyarorsz\u00e1gon, az \u0151szi adatok javul\u00e1st mutatnak. A j\u00faniusi \u00e9s j\u00faliusi m\u00e9lypont ut\u00e1n ism\u00e9t n\u00f6vekedett a foglalkoztatottak sz\u00e1ma, mintegy 4,5 milli\u00f3an dolgoznak Magyarorsz\u00e1gon, \u00e9s \u00a0300 ezer f\u0151 al\u00e1 cs\u00f6kkent a regisztr\u00e1lt \u00e1ll\u00e1skeres\u0151k sz\u00e1ma. Az augusztusi foglalkoztat\u00e1si cs\u00facsot k\u00f6vet\u0151en, amikor visszat\u00e9rt norm\u00e1lis mederbe a magyar [&hellip;]<\/p>\n","protected":false},"author":1,"featured_media":2493,"comment_status":"open","ping_status":"open","sticky":false,"template":"","format":"standard","meta":{"_monsterinsights_skip_tracking":false,"footnotes":""},"categories":[200],"tags":[],"class_list":["post-4371","post","type-post","status-publish","format-standard","has-post-thumbnail","hentry","category-munkaeropiac"],"aioseo_notices":[],"aioseo_head":"\n\t\t<!-- All in One SEO 5.0.0.1 - aioseo.com -->\n\t<meta name=\"description\" content=\"Annak ellen\u00e9re, hogy a koronav\u00edrus j\u00e1rv\u00e1ny komoly negat\u00edv hat\u00e1st gyakorolt a gazdas\u00e1gra Magyarorsz\u00e1gon, az \u0151szi adatok javul\u00e1st mutatnak. A j\u00faniusi \u00e9s j\u00faliusi m\u00e9lypont ut\u00e1n ism\u00e9t n\u00f6vekedett a foglalkoztatottak sz\u00e1ma, mintegy 4,5 milli\u00f3an dolgoznak Magyarorsz\u00e1gon, \u00e9s 300 ezer f\u0151 al\u00e1 cs\u00f6kkent a regisztr\u00e1lt \u00e1ll\u00e1skeres\u0151k sz\u00e1ma. Az augusztusi foglalkoztat\u00e1si cs\u00facsot k\u00f6vet\u0151en, amikor visszat\u00e9rt norm\u00e1lis mederbe a magyar\" \/>\n\t<meta name=\"robots\" content=\"max-image-preview:large\" \/>\n\t<meta name=\"author\" content=\"Juh\u00e1sz P\u00e9ter\"\/>\n\t<link rel=\"canonical\" href=\"https:\/\/allasorias.hu\/hirek\/javulas-a-munkaeropiacon\/\" \/>\n\t<meta name=\"generator\" content=\"All in One SEO (AIOSEO) 5.0.0.1\" \/>\n\t\t<meta property=\"og:locale\" content=\"hu_HU\" \/>\n\t\t<meta property=\"og:site_name\" content=\"AllasOrias.hu | H\u00edrek-lapszemle | \u00dczleti h\u00edrek az \u00e1ll\u00e1s \u00e9s a munka vil\u00e1g\u00e1b\u00f3l\" \/>\n\t\t<meta property=\"og:type\" content=\"article\" \/>\n\t\t<meta property=\"og:title\" content=\"Javul\u00e1s a munkaer\u0151piacon | AllasOrias.hu | H\u00edrek-lapszemle\" \/>\n\t\t<meta property=\"og:description\" content=\"Annak ellen\u00e9re, hogy a koronav\u00edrus j\u00e1rv\u00e1ny komoly negat\u00edv hat\u00e1st gyakorolt a gazdas\u00e1gra Magyarorsz\u00e1gon, az \u0151szi adatok javul\u00e1st mutatnak. A j\u00faniusi \u00e9s j\u00faliusi m\u00e9lypont ut\u00e1n ism\u00e9t n\u00f6vekedett a foglalkoztatottak sz\u00e1ma, mintegy 4,5 milli\u00f3an dolgoznak Magyarorsz\u00e1gon, \u00e9s 300 ezer f\u0151 al\u00e1 cs\u00f6kkent a regisztr\u00e1lt \u00e1ll\u00e1skeres\u0151k sz\u00e1ma. Az augusztusi foglalkoztat\u00e1si cs\u00facsot k\u00f6vet\u0151en, amikor visszat\u00e9rt norm\u00e1lis mederbe a magyar\" \/>\n\t\t<meta property=\"og:url\" content=\"https:\/\/allasorias.hu\/hirek\/javulas-a-munkaeropiacon\/\" \/>\n\t\t<meta property=\"og:image\" content=\"https:\/\/allasorias.hu\/hirek\/wp-content\/uploads\/2019\/01\/pexels-photo-1483938.jpeg\" \/>\n\t\t<meta property=\"og:image:secure_url\" content=\"https:\/\/allasorias.hu\/hirek\/wp-content\/uploads\/2019\/01\/pexels-photo-1483938.jpeg\" \/>\n\t\t<meta property=\"og:image:width\" content=\"640\" \/>\n\t\t<meta property=\"og:image:height\" content=\"390\" \/>\n\t\t<meta property=\"article:published_time\" content=\"2020-11-10T07:32:12+00:00\" \/>\n\t\t<meta property=\"article:modified_time\" content=\"2020-11-10T07:32:12+00:00\" \/>\n\t\t<meta property=\"article:publisher\" content=\"https:\/\/www.facebook.com\/allasorias\" \/>\n\t\t<meta name=\"twitter:card\" content=\"summary_large_image\" \/>\n\t\t<meta name=\"twitter:title\" content=\"Javul\u00e1s a munkaer\u0151piacon | AllasOrias.hu | H\u00edrek-lapszemle\" \/>\n\t\t<meta name=\"twitter:description\" content=\"Annak ellen\u00e9re, hogy a koronav\u00edrus j\u00e1rv\u00e1ny komoly negat\u00edv hat\u00e1st gyakorolt a gazdas\u00e1gra Magyarorsz\u00e1gon, az \u0151szi adatok javul\u00e1st mutatnak. A j\u00faniusi \u00e9s j\u00faliusi m\u00e9lypont ut\u00e1n ism\u00e9t n\u00f6vekedett a foglalkoztatottak sz\u00e1ma, mintegy 4,5 milli\u00f3an dolgoznak Magyarorsz\u00e1gon, \u00e9s 300 ezer f\u0151 al\u00e1 cs\u00f6kkent a regisztr\u00e1lt \u00e1ll\u00e1skeres\u0151k sz\u00e1ma. Az augusztusi foglalkoztat\u00e1si cs\u00facsot k\u00f6vet\u0151en, amikor visszat\u00e9rt norm\u00e1lis mederbe a magyar\" \/>\n\t\t<meta name=\"twitter:image\" content=\"https:\/\/allasorias.hu\/hirek\/wp-content\/uploads\/2019\/01\/pexels-photo-1483938.jpeg\" \/>\n\t\t<meta name=\"twitter:label1\" content=\"Written by\" \/>\n\t\t<meta name=\"twitter:data1\" content=\"Juh\u00e1sz P\u00e9ter\" \/>\n\t\t<meta name=\"twitter:label2\" content=\"Est. reading time\" \/>\n\t\t<meta name=\"twitter:data2\" content=\"2 minutes\" \/>\n\t\t<script type=\"application\/ld+json\" class=\"aioseo-schema\">\n\t\t\t{\"@context\":\"https:\\\/\\\/schema.org\",\"@graph\":[{\"@type\":\"Article\",\"@id\":\"https:\\\/\\\/allasorias.hu\\\/hirek\\\/javulas-a-munkaeropiacon\\\/#article\",\"name\":\"Javul\\u00e1s a munkaer\\u0151piacon | AllasOrias.hu | H\\u00edrek-lapszemle\",\"headline\":\"Javul\\u00e1s a munkaer\\u0151piacon\",\"author\":{\"@id\":\"https:\\\/\\\/allasorias.hu\\\/hirek\\\/author\\\/admin-allasorias\\\/#author\"},\"publisher\":{\"@id\":\"https:\\\/\\\/allasorias.hu\\\/hirek\\\/#organization\"},\"image\":{\"@type\":\"ImageObject\",\"url\":\"https:\\\/\\\/allasorias.hu\\\/hirek\\\/wp-content\\\/uploads\\\/2019\\\/01\\\/pexels-photo-1483938.jpeg\",\"width\":640,\"height\":390},\"datePublished\":\"2020-11-10T07:32:12+02:00\",\"dateModified\":\"2020-11-10T07:32:12+02:00\",\"inLanguage\":\"hu-HU\",\"mainEntityOfPage\":{\"@id\":\"https:\\\/\\\/allasorias.hu\\\/hirek\\\/javulas-a-munkaeropiacon\\\/#webpage\"},\"isPartOf\":{\"@id\":\"https:\\\/\\\/allasorias.hu\\\/hirek\\\/javulas-a-munkaeropiacon\\\/#webpage\"},\"articleSection\":\"Munkaer\\u0151piac\"},{\"@type\":\"BreadcrumbList\",\"@id\":\"https:\\\/\\\/allasorias.hu\\\/hirek\\\/javulas-a-munkaeropiacon\\\/#breadcrumblist\",\"itemListElement\":[{\"@type\":\"ListItem\",\"@id\":\"https:\\\/\\\/allasorias.hu\\\/hirek#listItem\",\"position\":1,\"name\":\"Home\",\"item\":\"https:\\\/\\\/allasorias.hu\\\/hirek\",\"nextItem\":{\"@type\":\"ListItem\",\"@id\":\"https:\\\/\\\/allasorias.hu\\\/hirek\\\/temak\\\/munkaeropiac\\\/#listItem\",\"name\":\"Munkaer\\u0151piac\"}},{\"@type\":\"ListItem\",\"@id\":\"https:\\\/\\\/allasorias.hu\\\/hirek\\\/temak\\\/munkaeropiac\\\/#listItem\",\"position\":2,\"name\":\"Munkaer\\u0151piac\",\"item\":\"https:\\\/\\\/allasorias.hu\\\/hirek\\\/temak\\\/munkaeropiac\\\/\",\"nextItem\":{\"@type\":\"ListItem\",\"@id\":\"https:\\\/\\\/allasorias.hu\\\/hirek\\\/javulas-a-munkaeropiacon\\\/#listItem\",\"name\":\"Javul\\u00e1s a munkaer\\u0151piacon\"},\"previousItem\":{\"@type\":\"ListItem\",\"@id\":\"https:\\\/\\\/allasorias.hu\\\/hirek#listItem\",\"name\":\"Home\"}},{\"@type\":\"ListItem\",\"@id\":\"https:\\\/\\\/allasorias.hu\\\/hirek\\\/javulas-a-munkaeropiacon\\\/#listItem\",\"position\":3,\"name\":\"Javul\\u00e1s a munkaer\\u0151piacon\",\"previousItem\":{\"@type\":\"ListItem\",\"@id\":\"https:\\\/\\\/allasorias.hu\\\/hirek\\\/temak\\\/munkaeropiac\\\/#listItem\",\"name\":\"Munkaer\\u0151piac\"}}]},{\"@type\":\"Organization\",\"@id\":\"https:\\\/\\\/allasorias.hu\\\/hirek\\\/#organization\",\"name\":\"AllasOrias.hu | H\\u00edrek-lapszemle\",\"description\":\"\\u00dczleti h\\u00edrek az \\u00e1ll\\u00e1s \\u00e9s a munka vil\\u00e1g\\u00e1b\\u00f3l\",\"url\":\"https:\\\/\\\/allasorias.hu\\\/hirek\\\/\",\"logo\":{\"@type\":\"ImageObject\",\"url\":\"https:\\\/\\\/allasorias.hu\\\/hirek\\\/wp-content\\\/uploads\\\/2022\\\/10\\\/allasorias_site_facebok_logo.png\",\"@id\":\"https:\\\/\\\/allasorias.hu\\\/hirek\\\/javulas-a-munkaeropiacon\\\/#organizationLogo\"},\"image\":{\"@id\":\"https:\\\/\\\/allasorias.hu\\\/hirek\\\/javulas-a-munkaeropiacon\\\/#organizationLogo\"},\"sameAs\":[\"https:\\\/\\\/www.facebook.com\\\/allasorias\",\"https:\\\/\\\/www.linkedin.com\\\/company\\\/allasorias\"]},{\"@type\":\"Person\",\"@id\":\"https:\\\/\\\/allasorias.hu\\\/hirek\\\/author\\\/admin-allasorias\\\/#author\",\"url\":\"https:\\\/\\\/allasorias.hu\\\/hirek\\\/author\\\/admin-allasorias\\\/\",\"name\":\"Juh\\u00e1sz P\\u00e9ter\",\"image\":{\"@type\":\"ImageObject\",\"@id\":\"https:\\\/\\\/allasorias.hu\\\/hirek\\\/javulas-a-munkaeropiacon\\\/#authorImage\",\"url\":\"https:\\\/\\\/secure.gravatar.com\\\/avatar\\\/36e6bcb83148978b992977cb0f54d22feb0cce8a0a849a9410532bb2623ba4c6?s=96&d=mm&r=g\",\"width\":96,\"height\":96,\"caption\":\"Juh\\u00e1sz P\\u00e9ter\"}},{\"@type\":\"WebPage\",\"@id\":\"https:\\\/\\\/allasorias.hu\\\/hirek\\\/javulas-a-munkaeropiacon\\\/#webpage\",\"url\":\"https:\\\/\\\/allasorias.hu\\\/hirek\\\/javulas-a-munkaeropiacon\\\/\",\"name\":\"Javul\\u00e1s a munkaer\\u0151piacon | AllasOrias.hu | H\\u00edrek-lapszemle\",\"description\":\"Annak ellen\\u00e9re, hogy a koronav\\u00edrus j\\u00e1rv\\u00e1ny komoly negat\\u00edv hat\\u00e1st gyakorolt a gazdas\\u00e1gra Magyarorsz\\u00e1gon, az \\u0151szi adatok javul\\u00e1st mutatnak. A j\\u00faniusi \\u00e9s j\\u00faliusi m\\u00e9lypont ut\\u00e1n ism\\u00e9t n\\u00f6vekedett a foglalkoztatottak sz\\u00e1ma, mintegy 4,5 milli\\u00f3an dolgoznak Magyarorsz\\u00e1gon, \\u00e9s 300 ezer f\\u0151 al\\u00e1 cs\\u00f6kkent a regisztr\\u00e1lt \\u00e1ll\\u00e1skeres\\u0151k sz\\u00e1ma. Az augusztusi foglalkoztat\\u00e1si cs\\u00facsot k\\u00f6vet\\u0151en, amikor visszat\\u00e9rt norm\\u00e1lis mederbe a magyar\",\"inLanguage\":\"hu-HU\",\"isPartOf\":{\"@id\":\"https:\\\/\\\/allasorias.hu\\\/hirek\\\/#website\"},\"breadcrumb\":{\"@id\":\"https:\\\/\\\/allasorias.hu\\\/hirek\\\/javulas-a-munkaeropiacon\\\/#breadcrumblist\"},\"author\":{\"@id\":\"https:\\\/\\\/allasorias.hu\\\/hirek\\\/author\\\/admin-allasorias\\\/#author\"},\"creator\":{\"@id\":\"https:\\\/\\\/allasorias.hu\\\/hirek\\\/author\\\/admin-allasorias\\\/#author\"},\"image\":{\"@type\":\"ImageObject\",\"url\":\"https:\\\/\\\/allasorias.hu\\\/hirek\\\/wp-content\\\/uploads\\\/2019\\\/01\\\/pexels-photo-1483938.jpeg\",\"@id\":\"https:\\\/\\\/allasorias.hu\\\/hirek\\\/javulas-a-munkaeropiacon\\\/#mainImage\",\"width\":640,\"height\":390},\"primaryImageOfPage\":{\"@id\":\"https:\\\/\\\/allasorias.hu\\\/hirek\\\/javulas-a-munkaeropiacon\\\/#mainImage\"},\"datePublished\":\"2020-11-10T07:32:12+02:00\",\"dateModified\":\"2020-11-10T07:32:12+02:00\"},{\"@type\":\"WebSite\",\"@id\":\"https:\\\/\\\/allasorias.hu\\\/hirek\\\/#website\",\"url\":\"https:\\\/\\\/allasorias.hu\\\/hirek\\\/\",\"name\":\"AllasOrias.hu | H\\u00edrek-lapszemle\",\"description\":\"\\u00dczleti h\\u00edrek az \\u00e1ll\\u00e1s \\u00e9s a munka vil\\u00e1g\\u00e1b\\u00f3l\",\"inLanguage\":\"hu-HU\",\"publisher\":{\"@id\":\"https:\\\/\\\/allasorias.hu\\\/hirek\\\/#organization\"}}]}\n\t\t<\/script>\n\t\t<!-- All in One SEO -->\n\n","aioseo_head_json":{"title":"Javul\u00e1s a munkaer\u0151piacon | AllasOrias.hu | H\u00edrek-lapszemle","description":"Annak ellen\u00e9re, hogy a koronav\u00edrus j\u00e1rv\u00e1ny komoly negat\u00edv hat\u00e1st gyakorolt a gazdas\u00e1gra Magyarorsz\u00e1gon, az \u0151szi adatok javul\u00e1st mutatnak. A j\u00faniusi \u00e9s j\u00faliusi m\u00e9lypont ut\u00e1n ism\u00e9t n\u00f6vekedett a foglalkoztatottak sz\u00e1ma, mintegy 4,5 milli\u00f3an dolgoznak Magyarorsz\u00e1gon, \u00e9s 300 ezer f\u0151 al\u00e1 cs\u00f6kkent a regisztr\u00e1lt \u00e1ll\u00e1skeres\u0151k sz\u00e1ma. Az augusztusi foglalkoztat\u00e1si cs\u00facsot k\u00f6vet\u0151en, amikor visszat\u00e9rt norm\u00e1lis mederbe a magyar","canonical_url":"https:\/\/allasorias.hu\/hirek\/javulas-a-munkaeropiacon\/","robots":"max-image-preview:large","keywords":"","webmasterTools":{"miscellaneous":""},"schema":{"@context":"https:\/\/schema.org","@graph":[{"@type":"Article","@id":"https:\/\/allasorias.hu\/hirek\/javulas-a-munkaeropiacon\/#article","name":"Javul\u00e1s a munkaer\u0151piacon | AllasOrias.hu | H\u00edrek-lapszemle","headline":"Javul\u00e1s a munkaer\u0151piacon","author":{"@id":"https:\/\/allasorias.hu\/hirek\/author\/admin-allasorias\/#author"},"publisher":{"@id":"https:\/\/allasorias.hu\/hirek\/#organization"},"image":{"@type":"ImageObject","url":"https:\/\/allasorias.hu\/hirek\/wp-content\/uploads\/2019\/01\/pexels-photo-1483938.jpeg","width":640,"height":390},"datePublished":"2020-11-10T07:32:12+02:00","dateModified":"2020-11-10T07:32:12+02:00","inLanguage":"hu-HU","mainEntityOfPage":{"@id":"https:\/\/allasorias.hu\/hirek\/javulas-a-munkaeropiacon\/#webpage"},"isPartOf":{"@id":"https:\/\/allasorias.hu\/hirek\/javulas-a-munkaeropiacon\/#webpage"},"articleSection":"Munkaer\u0151piac"},{"@type":"BreadcrumbList","@id":"https:\/\/allasorias.hu\/hirek\/javulas-a-munkaeropiacon\/#breadcrumblist","itemListElement":[{"@type":"ListItem","@id":"https:\/\/allasorias.hu\/hirek#listItem","position":1,"name":"Home","item":"https:\/\/allasorias.hu\/hirek","nextItem":{"@type":"ListItem","@id":"https:\/\/allasorias.hu\/hirek\/temak\/munkaeropiac\/#listItem","name":"Munkaer\u0151piac"}},{"@type":"ListItem","@id":"https:\/\/allasorias.hu\/hirek\/temak\/munkaeropiac\/#listItem","position":2,"name":"Munkaer\u0151piac","item":"https:\/\/allasorias.hu\/hirek\/temak\/munkaeropiac\/","nextItem":{"@type":"ListItem","@id":"https:\/\/allasorias.hu\/hirek\/javulas-a-munkaeropiacon\/#listItem","name":"Javul\u00e1s a munkaer\u0151piacon"},"previousItem":{"@type":"ListItem","@id":"https:\/\/allasorias.hu\/hirek#listItem","name":"Home"}},{"@type":"ListItem","@id":"https:\/\/allasorias.hu\/hirek\/javulas-a-munkaeropiacon\/#listItem","position":3,"name":"Javul\u00e1s a munkaer\u0151piacon","previousItem":{"@type":"ListItem","@id":"https:\/\/allasorias.hu\/hirek\/temak\/munkaeropiac\/#listItem","name":"Munkaer\u0151piac"}}]},{"@type":"Organization","@id":"https:\/\/allasorias.hu\/hirek\/#organization","name":"AllasOrias.hu | H\u00edrek-lapszemle","description":"\u00dczleti h\u00edrek az \u00e1ll\u00e1s \u00e9s a munka vil\u00e1g\u00e1b\u00f3l","url":"https:\/\/allasorias.hu\/hirek\/","logo":{"@type":"ImageObject","url":"https:\/\/allasorias.hu\/hirek\/wp-content\/uploads\/2022\/10\/allasorias_site_facebok_logo.png","@id":"https:\/\/allasorias.hu\/hirek\/javulas-a-munkaeropiacon\/#organizationLogo"},"image":{"@id":"https:\/\/allasorias.hu\/hirek\/javulas-a-munkaeropiacon\/#organizationLogo"},"sameAs":["https:\/\/www.facebook.com\/allasorias","https:\/\/www.linkedin.com\/company\/allasorias"]},{"@type":"Person","@id":"https:\/\/allasorias.hu\/hirek\/author\/admin-allasorias\/#author","url":"https:\/\/allasorias.hu\/hirek\/author\/admin-allasorias\/","name":"Juh\u00e1sz P\u00e9ter","image":{"@type":"ImageObject","@id":"https:\/\/allasorias.hu\/hirek\/javulas-a-munkaeropiacon\/#authorImage","url":"https:\/\/secure.gravatar.com\/avatar\/36e6bcb83148978b992977cb0f54d22feb0cce8a0a849a9410532bb2623ba4c6?s=96&d=mm&r=g","width":96,"height":96,"caption":"Juh\u00e1sz P\u00e9ter"}},{"@type":"WebPage","@id":"https:\/\/allasorias.hu\/hirek\/javulas-a-munkaeropiacon\/#webpage","url":"https:\/\/allasorias.hu\/hirek\/javulas-a-munkaeropiacon\/","name":"Javul\u00e1s a munkaer\u0151piacon | AllasOrias.hu | H\u00edrek-lapszemle","description":"Annak ellen\u00e9re, hogy a koronav\u00edrus j\u00e1rv\u00e1ny komoly negat\u00edv hat\u00e1st gyakorolt a gazdas\u00e1gra Magyarorsz\u00e1gon, az \u0151szi adatok javul\u00e1st mutatnak. A j\u00faniusi \u00e9s j\u00faliusi m\u00e9lypont ut\u00e1n ism\u00e9t n\u00f6vekedett a foglalkoztatottak sz\u00e1ma, mintegy 4,5 milli\u00f3an dolgoznak Magyarorsz\u00e1gon, \u00e9s 300 ezer f\u0151 al\u00e1 cs\u00f6kkent a regisztr\u00e1lt \u00e1ll\u00e1skeres\u0151k sz\u00e1ma. Az augusztusi foglalkoztat\u00e1si cs\u00facsot k\u00f6vet\u0151en, amikor visszat\u00e9rt norm\u00e1lis mederbe a magyar","inLanguage":"hu-HU","isPartOf":{"@id":"https:\/\/allasorias.hu\/hirek\/#website"},"breadcrumb":{"@id":"https:\/\/allasorias.hu\/hirek\/javulas-a-munkaeropiacon\/#breadcrumblist"},"author":{"@id":"https:\/\/allasorias.hu\/hirek\/author\/admin-allasorias\/#author"},"creator":{"@id":"https:\/\/allasorias.hu\/hirek\/author\/admin-allasorias\/#author"},"image":{"@type":"ImageObject","url":"https:\/\/allasorias.hu\/hirek\/wp-content\/uploads\/2019\/01\/pexels-photo-1483938.jpeg","@id":"https:\/\/allasorias.hu\/hirek\/javulas-a-munkaeropiacon\/#mainImage","width":640,"height":390},"primaryImageOfPage":{"@id":"https:\/\/allasorias.hu\/hirek\/javulas-a-munkaeropiacon\/#mainImage"},"datePublished":"2020-11-10T07:32:12+02:00","dateModified":"2020-11-10T07:32:12+02:00"},{"@type":"WebSite","@id":"https:\/\/allasorias.hu\/hirek\/#website","url":"https:\/\/allasorias.hu\/hirek\/","name":"AllasOrias.hu | H\u00edrek-lapszemle","description":"\u00dczleti h\u00edrek az \u00e1ll\u00e1s \u00e9s a munka vil\u00e1g\u00e1b\u00f3l","inLanguage":"hu-HU","publisher":{"@id":"https:\/\/allasorias.hu\/hirek\/#organization"}}]},"og:locale":"hu_HU","og:site_name":"AllasOrias.hu | H\u00edrek-lapszemle | \u00dczleti h\u00edrek az \u00e1ll\u00e1s \u00e9s a munka vil\u00e1g\u00e1b\u00f3l","og:type":"article","og:title":"Javul\u00e1s a munkaer\u0151piacon | AllasOrias.hu | H\u00edrek-lapszemle","og:description":"Annak ellen\u00e9re, hogy a koronav\u00edrus j\u00e1rv\u00e1ny komoly negat\u00edv hat\u00e1st gyakorolt a gazdas\u00e1gra Magyarorsz\u00e1gon, az \u0151szi adatok javul\u00e1st mutatnak. A j\u00faniusi \u00e9s j\u00faliusi m\u00e9lypont ut\u00e1n ism\u00e9t n\u00f6vekedett a foglalkoztatottak sz\u00e1ma, mintegy 4,5 milli\u00f3an dolgoznak Magyarorsz\u00e1gon, \u00e9s 300 ezer f\u0151 al\u00e1 cs\u00f6kkent a regisztr\u00e1lt \u00e1ll\u00e1skeres\u0151k sz\u00e1ma. Az augusztusi foglalkoztat\u00e1si cs\u00facsot k\u00f6vet\u0151en, amikor visszat\u00e9rt norm\u00e1lis mederbe a magyar","og:url":"https:\/\/allasorias.hu\/hirek\/javulas-a-munkaeropiacon\/","og:image":"https:\/\/allasorias.hu\/hirek\/wp-content\/uploads\/2019\/01\/pexels-photo-1483938.jpeg","og:image:secure_url":"https:\/\/allasorias.hu\/hirek\/wp-content\/uploads\/2019\/01\/pexels-photo-1483938.jpeg","og:image:width":640,"og:image:height":390,"article:published_time":"2020-11-10T07:32:12+00:00","article:modified_time":"2020-11-10T07:32:12+00:00","article:publisher":"https:\/\/www.facebook.com\/allasorias","twitter:card":"summary_large_image","twitter:title":"Javul\u00e1s a munkaer\u0151piacon | AllasOrias.hu | H\u00edrek-lapszemle","twitter:description":"Annak ellen\u00e9re, hogy a koronav\u00edrus j\u00e1rv\u00e1ny komoly negat\u00edv hat\u00e1st gyakorolt a gazdas\u00e1gra Magyarorsz\u00e1gon, az \u0151szi adatok javul\u00e1st mutatnak. A j\u00faniusi \u00e9s j\u00faliusi m\u00e9lypont ut\u00e1n ism\u00e9t n\u00f6vekedett a foglalkoztatottak sz\u00e1ma, mintegy 4,5 milli\u00f3an dolgoznak Magyarorsz\u00e1gon, \u00e9s 300 ezer f\u0151 al\u00e1 cs\u00f6kkent a regisztr\u00e1lt \u00e1ll\u00e1skeres\u0151k sz\u00e1ma. Az augusztusi foglalkoztat\u00e1si cs\u00facsot k\u00f6vet\u0151en, amikor visszat\u00e9rt norm\u00e1lis mederbe a magyar","twitter:image":"https:\/\/allasorias.hu\/hirek\/wp-content\/uploads\/2019\/01\/pexels-photo-1483938.jpeg","twitter:label1":"Written by","twitter:data1":"Juh\u00e1sz P\u00e9ter","twitter:label2":"Est. reading time","twitter:data2":"2 minutes"},"aioseo_meta_data":{"post_id":"4371","title":null,"description":"","keywords":"","keyphrases":null,"primary_term":null,"canonical_url":"","og_title":null,"og_description":null,"og_object_type":"default","og_image_type":"default","og_image_url":null,"og_image_width":null,"og_image_height":null,"og_image_custom_url":null,"og_image_custom_fields":null,"og_video":null,"og_custom_url":null,"og_article_section":null,"og_article_tags":null,"twitter_use_og":false,"twitter_card":"default","twitter_image_type":"default","twitter_image_url":null,"twitter_image_custom_url":null,"twitter_image_custom_fields":null,"twitter_title":null,"twitter_description":null,"schema":{"blockGraphs":[],"customGraphs":[],"default":{"data":{"Article":[],"Course":[],"Dataset":[],"FAQPage":[],"Movie":[],"Person":[],"Product":[],"ProductReview":[],"Car":[],"Recipe":[],"Service":[],"SoftwareApplication":[],"WebPage":[]},"graphName":"","isEnabled":true},"graphs":[],"defaultGraph":"","defaultPostTypeGraph":""},"schema_type":null,"schema_type_options":null,"pillar_content":false,"robots_default":true,"robots_noindex":false,"robots_noarchive":false,"robots_nosnippet":false,"robots_nofollow":false,"robots_noimageindex":false,"robots_noodp":false,"robots_notranslate":false,"robots_max_snippet":null,"robots_max_videopreview":null,"robots_max_imagepreview":"large","priority":null,"frequency":null,"location":null,"local_seo":null,"breadcrumb_settings":null,"limit_modified_date":false,"ai":null,"created":"2021-02-01 20:44:59","updated":"2025-10-02 15:00:48","seo_analyzer_scan_date":null,"focus_keyword":null,"additional_keywords":null,"truseo_locale":null},"aioseo_breadcrumb":"<div class=\"aioseo-breadcrumbs\"><span class=\"aioseo-breadcrumb\">\n\t\t\t<a href=\"https:\/\/allasorias.hu\/hirek\" title=\"Home\">Home<\/a>\n\t\t<\/span><span class=\"aioseo-breadcrumb-separator\">&raquo;<\/span><span class=\"aioseo-breadcrumb\">\n\t\t\t<a href=\"https:\/\/allasorias.hu\/hirek\/temak\/munkaeropiac\/\" title=\"Munkaer\u0151piac\">Munkaer\u0151piac<\/a>\n\t\t<\/span><span class=\"aioseo-breadcrumb-separator\">&raquo;<\/span><span class=\"aioseo-breadcrumb\">\n\t\t\tJavul\u00e1s a munkaer\u0151piacon\n\t\t<\/span><\/div>","aioseo_breadcrumb_json":[{"label":"Home","link":"https:\/\/allasorias.hu\/hirek"},{"label":"Munkaer\u0151piac","link":"https:\/\/allasorias.hu\/hirek\/temak\/munkaeropiac\/"},{"label":"Javul\u00e1s a munkaer\u0151piacon","link":"https:\/\/allasorias.hu\/hirek\/javulas-a-munkaeropiacon\/"}],"_links":{"self":[{"href":"https:\/\/allasorias.hu\/hirek\/wp-json\/wp\/v2\/posts\/4371","targetHints":{"allow":["GET"]}}],"collection":[{"href":"https:\/\/allasorias.hu\/hirek\/wp-json\/wp\/v2\/posts"}],"about":[{"href":"https:\/\/allasorias.hu\/hirek\/wp-json\/wp\/v2\/types\/post"}],"author":[{"embeddable":true,"href":"https:\/\/allasorias.hu\/hirek\/wp-json\/wp\/v2\/users\/1"}],"replies":[{"embeddable":true,"href":"https:\/\/allasorias.hu\/hirek\/wp-json\/wp\/v2\/comments?post=4371"}],"version-history":[{"count":1,"href":"https:\/\/allasorias.hu\/hirek\/wp-json\/wp\/v2\/posts\/4371\/revisions"}],"predecessor-version":[{"id":4372,"href":"https:\/\/allasorias.hu\/hirek\/wp-json\/wp\/v2\/posts\/4371\/revisions\/4372"}],"wp:featuredmedia":[{"embeddable":true,"href":"https:\/\/allasorias.hu\/hirek\/wp-json\/wp\/v2\/media\/2493"}],"wp:attachment":[{"href":"https:\/\/allasorias.hu\/hirek\/wp-json\/wp\/v2\/media?parent=4371"}],"wp:term":[{"taxonomy":"category","embeddable":true,"href":"https:\/\/allasorias.hu\/hirek\/wp-json\/wp\/v2\/categories?post=4371"},{"taxonomy":"post_tag","embeddable":true,"href":"https:\/\/allasorias.hu\/hirek\/wp-json\/wp\/v2\/tags?post=4371"}],"curies":[{"name":"wp","href":"https:\/\/api.w.org\/{rel}","templated":true}]}}