{"id":4368,"date":"2020-11-09T08:54:05","date_gmt":"2020-11-09T08:54:05","guid":{"rendered":"https:\/\/allasorias.hu\/hirek\/?p=4368"},"modified":"2020-11-09T08:54:05","modified_gmt":"2020-11-09T08:54:05","slug":"szuksegesek-a-reformok-az-eurozonaban-a-jegybankelnok-szerint","status":"publish","type":"post","link":"https:\/\/allasorias.hu\/hirek\/szuksegesek-a-reformok-az-eurozonaban-a-jegybankelnok-szerint\/","title":{"rendered":"Sz\u00fcks\u00e9gesek a reformok az euroz\u00f3n\u00e1ban a jegybankeln\u00f6k szerint"},"content":{"rendered":"<p><strong>Reformokra van sz\u00fcks\u00e9g az ad\u00f3z\u00e1s, a p\u00e9nz\u00fcgyek, az oktat\u00e1s \u00e9s a munkaer\u0151piac ter\u00e9n \u2013 jelentette ki Matolcsy Gy\u00f6rgy jegybankeln\u00f6k. Egy\u00e1ltal\u00e1n nem \u00e9rt egyet a jegybankeln\u00f6k azzal a javaslattal, hogy az eur\u00f3z\u00f3na d\u00e9li orsz\u00e1gainak cs\u00f6kkenteni\u00fck kellene glob\u00e1lis exportjukat az\u00e1ltal, hogy az n\u00f6velik az uni\u00f3n bel\u00fcli kivitel\u00fcket az \u00e9szaki tag\u00e1llamok fel\u00e9.<\/strong><\/p>\n<p>Matolcsy Gy\u00f6rgy a Financial Times egyik cikk\u00e9re reag\u00e1lva a N\u00f6veked\u00e9s.hu port\u00e1lon azt \u00edrta, egy ilyen fordulat k\u00e1rosan hatna ezek orsz\u00e1gok j\u00f6v\u0151beni szerep\u00e9re a vil\u00e1ggazdas\u00e1gban, bebetonozn\u00e1 az eur\u00f3z\u00f3na d\u00e9li \u00f6v\u00e9nek mostani, lemarad\u00f3 poz\u00edci\u00f3j\u00e1t a kereskedelemben, versenyk\u00e9pess\u00e9gben \u00e9s befektet\u00e9sben. A jegybankeln\u00f6k szerint struktur\u00e1lis reformokra van sz\u00fcks\u00e9g az ad\u00f3z\u00e1s, a p\u00e9nz\u00fcgyek, az oktat\u00e1s \u00e9s a munkaer\u0151piac ter\u00e9n, hogy a d\u00e9li orsz\u00e1gok fokozni tudj\u00e1k az uni\u00f3n bel\u00fcli, \u00e9s glob\u00e1lis versenyk\u00e9pess\u00e9g\u00fcket. Matolcsy szerint a Maastricht-i Szerz\u0151d\u00e9s harmincadik \u00e9vfordul\u00f3j\u00e1t az eur\u00f3 teljes \u00e1tvizsg\u00e1l\u00e1s\u00e1val \u00fcnnepelhetn\u00e9k.<\/p>\n<p>&nbsp;<\/p>\n<p>Forr\u00e1s: Magyar H\u00edrlap, magyarhirlap.hu<\/p>\n","protected":false},"excerpt":{"rendered":"<p>Reformokra van sz\u00fcks\u00e9g az ad\u00f3z\u00e1s, a p\u00e9nz\u00fcgyek, az oktat\u00e1s \u00e9s a munkaer\u0151piac ter\u00e9n \u2013 jelentette ki Matolcsy Gy\u00f6rgy jegybankeln\u00f6k. Egy\u00e1ltal\u00e1n nem \u00e9rt egyet a jegybankeln\u00f6k azzal a javaslattal, hogy az eur\u00f3z\u00f3na d\u00e9li orsz\u00e1gainak cs\u00f6kkenteni\u00fck kellene glob\u00e1lis exportjukat az\u00e1ltal, hogy az n\u00f6velik az uni\u00f3n bel\u00fcli kivitel\u00fcket az \u00e9szaki tag\u00e1llamok fel\u00e9. Matolcsy Gy\u00f6rgy a Financial Times egyik [&hellip;]<\/p>\n","protected":false},"author":1,"featured_media":4369,"comment_status":"open","ping_status":"open","sticky":false,"template":"","format":"standard","meta":{"_monsterinsights_skip_tracking":false,"footnotes":""},"categories":[198],"tags":[],"class_list":["post-4368","post","type-post","status-publish","format-standard","has-post-thumbnail","hentry","category-gazdasag"],"aioseo_notices":[],"aioseo_head":"\n\t\t<!-- All in One SEO 5.0.0.1 - aioseo.com -->\n\t<meta name=\"description\" content=\"Reformokra van sz\u00fcks\u00e9g az ad\u00f3z\u00e1s, a p\u00e9nz\u00fcgyek, az oktat\u00e1s \u00e9s a munkaer\u0151piac ter\u00e9n \u2013 jelentette ki Matolcsy Gy\u00f6rgy jegybankeln\u00f6k. Egy\u00e1ltal\u00e1n nem \u00e9rt egyet a jegybankeln\u00f6k azzal a javaslattal, hogy az eur\u00f3z\u00f3na d\u00e9li orsz\u00e1gainak cs\u00f6kkenteni\u00fck kellene glob\u00e1lis exportjukat az\u00e1ltal, hogy az n\u00f6velik az uni\u00f3n bel\u00fcli kivitel\u00fcket az \u00e9szaki tag\u00e1llamok fel\u00e9. Matolcsy Gy\u00f6rgy a Financial Times egyik\" \/>\n\t<meta name=\"robots\" content=\"max-image-preview:large\" \/>\n\t<meta name=\"author\" content=\"Juh\u00e1sz P\u00e9ter\"\/>\n\t<link rel=\"canonical\" href=\"https:\/\/allasorias.hu\/hirek\/szuksegesek-a-reformok-az-eurozonaban-a-jegybankelnok-szerint\/\" \/>\n\t<meta name=\"generator\" content=\"All in One SEO (AIOSEO) 5.0.0.1\" \/>\n\t\t<meta property=\"og:locale\" content=\"hu_HU\" \/>\n\t\t<meta property=\"og:site_name\" content=\"AllasOrias.hu | H\u00edrek-lapszemle | \u00dczleti h\u00edrek az \u00e1ll\u00e1s \u00e9s a munka vil\u00e1g\u00e1b\u00f3l\" \/>\n\t\t<meta property=\"og:type\" content=\"article\" \/>\n\t\t<meta property=\"og:title\" content=\"Sz\u00fcks\u00e9gesek a reformok az euroz\u00f3n\u00e1ban a jegybankeln\u00f6k szerint | AllasOrias.hu | H\u00edrek-lapszemle\" \/>\n\t\t<meta property=\"og:description\" content=\"Reformokra van sz\u00fcks\u00e9g az ad\u00f3z\u00e1s, a p\u00e9nz\u00fcgyek, az oktat\u00e1s \u00e9s a munkaer\u0151piac ter\u00e9n \u2013 jelentette ki Matolcsy Gy\u00f6rgy jegybankeln\u00f6k. Egy\u00e1ltal\u00e1n nem \u00e9rt egyet a jegybankeln\u00f6k azzal a javaslattal, hogy az eur\u00f3z\u00f3na d\u00e9li orsz\u00e1gainak cs\u00f6kkenteni\u00fck kellene glob\u00e1lis exportjukat az\u00e1ltal, hogy az n\u00f6velik az uni\u00f3n bel\u00fcli kivitel\u00fcket az \u00e9szaki tag\u00e1llamok fel\u00e9. Matolcsy Gy\u00f6rgy a Financial Times egyik\" \/>\n\t\t<meta property=\"og:url\" content=\"https:\/\/allasorias.hu\/hirek\/szuksegesek-a-reformok-az-eurozonaban-a-jegybankelnok-szerint\/\" \/>\n\t\t<meta property=\"og:image\" content=\"https:\/\/allasorias.hu\/hirek\/wp-content\/uploads\/2020\/11\/segitseg-a-bankoknak-ezekrol-a-lepesekrol-dontott-a-jegybank_lgc.jpg\" \/>\n\t\t<meta property=\"og:image:secure_url\" content=\"https:\/\/allasorias.hu\/hirek\/wp-content\/uploads\/2020\/11\/segitseg-a-bankoknak-ezekrol-a-lepesekrol-dontott-a-jegybank_lgc.jpg\" \/>\n\t\t<meta property=\"og:image:width\" content=\"730\" \/>\n\t\t<meta property=\"og:image:height\" content=\"412\" \/>\n\t\t<meta property=\"article:published_time\" content=\"2020-11-09T08:54:05+00:00\" \/>\n\t\t<meta property=\"article:modified_time\" content=\"2020-11-09T08:54:05+00:00\" \/>\n\t\t<meta property=\"article:publisher\" content=\"https:\/\/www.facebook.com\/allasorias\" \/>\n\t\t<meta name=\"twitter:card\" content=\"summary_large_image\" \/>\n\t\t<meta name=\"twitter:title\" content=\"Sz\u00fcks\u00e9gesek a reformok az euroz\u00f3n\u00e1ban a jegybankeln\u00f6k szerint | AllasOrias.hu | H\u00edrek-lapszemle\" \/>\n\t\t<meta name=\"twitter:description\" content=\"Reformokra van sz\u00fcks\u00e9g az ad\u00f3z\u00e1s, a p\u00e9nz\u00fcgyek, az oktat\u00e1s \u00e9s a munkaer\u0151piac ter\u00e9n \u2013 jelentette ki Matolcsy Gy\u00f6rgy jegybankeln\u00f6k. Egy\u00e1ltal\u00e1n nem \u00e9rt egyet a jegybankeln\u00f6k azzal a javaslattal, hogy az eur\u00f3z\u00f3na d\u00e9li orsz\u00e1gainak cs\u00f6kkenteni\u00fck kellene glob\u00e1lis exportjukat az\u00e1ltal, hogy az n\u00f6velik az uni\u00f3n bel\u00fcli kivitel\u00fcket az \u00e9szaki tag\u00e1llamok fel\u00e9. Matolcsy Gy\u00f6rgy a Financial Times egyik\" \/>\n\t\t<meta name=\"twitter:image\" content=\"https:\/\/allasorias.hu\/hirek\/wp-content\/uploads\/2020\/11\/segitseg-a-bankoknak-ezekrol-a-lepesekrol-dontott-a-jegybank_lgc.jpg\" \/>\n\t\t<meta name=\"twitter:label1\" content=\"Written by\" \/>\n\t\t<meta name=\"twitter:data1\" content=\"Juh\u00e1sz P\u00e9ter\" \/>\n\t\t<meta name=\"twitter:label2\" content=\"Est. reading time\" \/>\n\t\t<meta name=\"twitter:data2\" content=\"1 minute\" \/>\n\t\t<script type=\"application\/ld+json\" class=\"aioseo-schema\">\n\t\t\t{\"@context\":\"https:\\\/\\\/schema.org\",\"@graph\":[{\"@type\":\"Article\",\"@id\":\"https:\\\/\\\/allasorias.hu\\\/hirek\\\/szuksegesek-a-reformok-az-eurozonaban-a-jegybankelnok-szerint\\\/#article\",\"name\":\"Sz\\u00fcks\\u00e9gesek a reformok az euroz\\u00f3n\\u00e1ban a jegybankeln\\u00f6k szerint | AllasOrias.hu | H\\u00edrek-lapszemle\",\"headline\":\"Sz\\u00fcks\\u00e9gesek a reformok az euroz\\u00f3n\\u00e1ban a jegybankeln\\u00f6k szerint\",\"author\":{\"@id\":\"https:\\\/\\\/allasorias.hu\\\/hirek\\\/author\\\/admin-allasorias\\\/#author\"},\"publisher\":{\"@id\":\"https:\\\/\\\/allasorias.hu\\\/hirek\\\/#organization\"},\"image\":{\"@type\":\"ImageObject\",\"url\":\"https:\\\/\\\/allasorias.hu\\\/hirek\\\/wp-content\\\/uploads\\\/2020\\\/11\\\/segitseg-a-bankoknak-ezekrol-a-lepesekrol-dontott-a-jegybank_lgc.jpg\",\"width\":730,\"height\":412},\"datePublished\":\"2020-11-09T08:54:05+02:00\",\"dateModified\":\"2020-11-09T08:54:05+02:00\",\"inLanguage\":\"hu-HU\",\"mainEntityOfPage\":{\"@id\":\"https:\\\/\\\/allasorias.hu\\\/hirek\\\/szuksegesek-a-reformok-az-eurozonaban-a-jegybankelnok-szerint\\\/#webpage\"},\"isPartOf\":{\"@id\":\"https:\\\/\\\/allasorias.hu\\\/hirek\\\/szuksegesek-a-reformok-az-eurozonaban-a-jegybankelnok-szerint\\\/#webpage\"},\"articleSection\":\"Gazdas\\u00e1g\"},{\"@type\":\"BreadcrumbList\",\"@id\":\"https:\\\/\\\/allasorias.hu\\\/hirek\\\/szuksegesek-a-reformok-az-eurozonaban-a-jegybankelnok-szerint\\\/#breadcrumblist\",\"itemListElement\":[{\"@type\":\"ListItem\",\"@id\":\"https:\\\/\\\/allasorias.hu\\\/hirek#listItem\",\"position\":1,\"name\":\"Home\",\"item\":\"https:\\\/\\\/allasorias.hu\\\/hirek\",\"nextItem\":{\"@type\":\"ListItem\",\"@id\":\"https:\\\/\\\/allasorias.hu\\\/hirek\\\/temak\\\/gazdasag\\\/#listItem\",\"name\":\"Gazdas\\u00e1g\"}},{\"@type\":\"ListItem\",\"@id\":\"https:\\\/\\\/allasorias.hu\\\/hirek\\\/temak\\\/gazdasag\\\/#listItem\",\"position\":2,\"name\":\"Gazdas\\u00e1g\",\"item\":\"https:\\\/\\\/allasorias.hu\\\/hirek\\\/temak\\\/gazdasag\\\/\",\"nextItem\":{\"@type\":\"ListItem\",\"@id\":\"https:\\\/\\\/allasorias.hu\\\/hirek\\\/szuksegesek-a-reformok-az-eurozonaban-a-jegybankelnok-szerint\\\/#listItem\",\"name\":\"Sz\\u00fcks\\u00e9gesek a reformok az euroz\\u00f3n\\u00e1ban a jegybankeln\\u00f6k szerint\"},\"previousItem\":{\"@type\":\"ListItem\",\"@id\":\"https:\\\/\\\/allasorias.hu\\\/hirek#listItem\",\"name\":\"Home\"}},{\"@type\":\"ListItem\",\"@id\":\"https:\\\/\\\/allasorias.hu\\\/hirek\\\/szuksegesek-a-reformok-az-eurozonaban-a-jegybankelnok-szerint\\\/#listItem\",\"position\":3,\"name\":\"Sz\\u00fcks\\u00e9gesek a reformok az euroz\\u00f3n\\u00e1ban a jegybankeln\\u00f6k szerint\",\"previousItem\":{\"@type\":\"ListItem\",\"@id\":\"https:\\\/\\\/allasorias.hu\\\/hirek\\\/temak\\\/gazdasag\\\/#listItem\",\"name\":\"Gazdas\\u00e1g\"}}]},{\"@type\":\"Organization\",\"@id\":\"https:\\\/\\\/allasorias.hu\\\/hirek\\\/#organization\",\"name\":\"AllasOrias.hu | H\\u00edrek-lapszemle\",\"description\":\"\\u00dczleti h\\u00edrek az \\u00e1ll\\u00e1s \\u00e9s a munka vil\\u00e1g\\u00e1b\\u00f3l\",\"url\":\"https:\\\/\\\/allasorias.hu\\\/hirek\\\/\",\"logo\":{\"@type\":\"ImageObject\",\"url\":\"https:\\\/\\\/allasorias.hu\\\/hirek\\\/wp-content\\\/uploads\\\/2022\\\/10\\\/allasorias_site_facebok_logo.png\",\"@id\":\"https:\\\/\\\/allasorias.hu\\\/hirek\\\/szuksegesek-a-reformok-az-eurozonaban-a-jegybankelnok-szerint\\\/#organizationLogo\"},\"image\":{\"@id\":\"https:\\\/\\\/allasorias.hu\\\/hirek\\\/szuksegesek-a-reformok-az-eurozonaban-a-jegybankelnok-szerint\\\/#organizationLogo\"},\"sameAs\":[\"https:\\\/\\\/www.facebook.com\\\/allasorias\",\"https:\\\/\\\/www.linkedin.com\\\/company\\\/allasorias\"]},{\"@type\":\"Person\",\"@id\":\"https:\\\/\\\/allasorias.hu\\\/hirek\\\/author\\\/admin-allasorias\\\/#author\",\"url\":\"https:\\\/\\\/allasorias.hu\\\/hirek\\\/author\\\/admin-allasorias\\\/\",\"name\":\"Juh\\u00e1sz P\\u00e9ter\",\"image\":{\"@type\":\"ImageObject\",\"@id\":\"https:\\\/\\\/allasorias.hu\\\/hirek\\\/szuksegesek-a-reformok-az-eurozonaban-a-jegybankelnok-szerint\\\/#authorImage\",\"url\":\"https:\\\/\\\/secure.gravatar.com\\\/avatar\\\/36e6bcb83148978b992977cb0f54d22feb0cce8a0a849a9410532bb2623ba4c6?s=96&d=mm&r=g\",\"width\":96,\"height\":96,\"caption\":\"Juh\\u00e1sz P\\u00e9ter\"}},{\"@type\":\"WebPage\",\"@id\":\"https:\\\/\\\/allasorias.hu\\\/hirek\\\/szuksegesek-a-reformok-az-eurozonaban-a-jegybankelnok-szerint\\\/#webpage\",\"url\":\"https:\\\/\\\/allasorias.hu\\\/hirek\\\/szuksegesek-a-reformok-az-eurozonaban-a-jegybankelnok-szerint\\\/\",\"name\":\"Sz\\u00fcks\\u00e9gesek a reformok az euroz\\u00f3n\\u00e1ban a jegybankeln\\u00f6k szerint | AllasOrias.hu | H\\u00edrek-lapszemle\",\"description\":\"Reformokra van sz\\u00fcks\\u00e9g az ad\\u00f3z\\u00e1s, a p\\u00e9nz\\u00fcgyek, az oktat\\u00e1s \\u00e9s a munkaer\\u0151piac ter\\u00e9n \\u2013 jelentette ki Matolcsy Gy\\u00f6rgy jegybankeln\\u00f6k. Egy\\u00e1ltal\\u00e1n nem \\u00e9rt egyet a jegybankeln\\u00f6k azzal a javaslattal, hogy az eur\\u00f3z\\u00f3na d\\u00e9li orsz\\u00e1gainak cs\\u00f6kkenteni\\u00fck kellene glob\\u00e1lis exportjukat az\\u00e1ltal, hogy az n\\u00f6velik az uni\\u00f3n bel\\u00fcli kivitel\\u00fcket az \\u00e9szaki tag\\u00e1llamok fel\\u00e9. Matolcsy Gy\\u00f6rgy a Financial Times egyik\",\"inLanguage\":\"hu-HU\",\"isPartOf\":{\"@id\":\"https:\\\/\\\/allasorias.hu\\\/hirek\\\/#website\"},\"breadcrumb\":{\"@id\":\"https:\\\/\\\/allasorias.hu\\\/hirek\\\/szuksegesek-a-reformok-az-eurozonaban-a-jegybankelnok-szerint\\\/#breadcrumblist\"},\"author\":{\"@id\":\"https:\\\/\\\/allasorias.hu\\\/hirek\\\/author\\\/admin-allasorias\\\/#author\"},\"creator\":{\"@id\":\"https:\\\/\\\/allasorias.hu\\\/hirek\\\/author\\\/admin-allasorias\\\/#author\"},\"image\":{\"@type\":\"ImageObject\",\"url\":\"https:\\\/\\\/allasorias.hu\\\/hirek\\\/wp-content\\\/uploads\\\/2020\\\/11\\\/segitseg-a-bankoknak-ezekrol-a-lepesekrol-dontott-a-jegybank_lgc.jpg\",\"@id\":\"https:\\\/\\\/allasorias.hu\\\/hirek\\\/szuksegesek-a-reformok-az-eurozonaban-a-jegybankelnok-szerint\\\/#mainImage\",\"width\":730,\"height\":412},\"primaryImageOfPage\":{\"@id\":\"https:\\\/\\\/allasorias.hu\\\/hirek\\\/szuksegesek-a-reformok-az-eurozonaban-a-jegybankelnok-szerint\\\/#mainImage\"},\"datePublished\":\"2020-11-09T08:54:05+02:00\",\"dateModified\":\"2020-11-09T08:54:05+02:00\"},{\"@type\":\"WebSite\",\"@id\":\"https:\\\/\\\/allasorias.hu\\\/hirek\\\/#website\",\"url\":\"https:\\\/\\\/allasorias.hu\\\/hirek\\\/\",\"name\":\"AllasOrias.hu | H\\u00edrek-lapszemle\",\"description\":\"\\u00dczleti h\\u00edrek az \\u00e1ll\\u00e1s \\u00e9s a munka vil\\u00e1g\\u00e1b\\u00f3l\",\"inLanguage\":\"hu-HU\",\"publisher\":{\"@id\":\"https:\\\/\\\/allasorias.hu\\\/hirek\\\/#organization\"}}]}\n\t\t<\/script>\n\t\t<!-- All in One SEO -->\n\n","aioseo_head_json":{"title":"Sz\u00fcks\u00e9gesek a reformok az euroz\u00f3n\u00e1ban a jegybankeln\u00f6k szerint | AllasOrias.hu | H\u00edrek-lapszemle","description":"Reformokra van sz\u00fcks\u00e9g az ad\u00f3z\u00e1s, a p\u00e9nz\u00fcgyek, az oktat\u00e1s \u00e9s a munkaer\u0151piac ter\u00e9n \u2013 jelentette ki Matolcsy Gy\u00f6rgy jegybankeln\u00f6k. Egy\u00e1ltal\u00e1n nem \u00e9rt egyet a jegybankeln\u00f6k azzal a javaslattal, hogy az eur\u00f3z\u00f3na d\u00e9li orsz\u00e1gainak cs\u00f6kkenteni\u00fck kellene glob\u00e1lis exportjukat az\u00e1ltal, hogy az n\u00f6velik az uni\u00f3n bel\u00fcli kivitel\u00fcket az \u00e9szaki tag\u00e1llamok fel\u00e9. Matolcsy Gy\u00f6rgy a Financial Times egyik","canonical_url":"https:\/\/allasorias.hu\/hirek\/szuksegesek-a-reformok-az-eurozonaban-a-jegybankelnok-szerint\/","robots":"max-image-preview:large","keywords":"","webmasterTools":{"miscellaneous":""},"schema":{"@context":"https:\/\/schema.org","@graph":[{"@type":"Article","@id":"https:\/\/allasorias.hu\/hirek\/szuksegesek-a-reformok-az-eurozonaban-a-jegybankelnok-szerint\/#article","name":"Sz\u00fcks\u00e9gesek a reformok az euroz\u00f3n\u00e1ban a jegybankeln\u00f6k szerint | AllasOrias.hu | H\u00edrek-lapszemle","headline":"Sz\u00fcks\u00e9gesek a reformok az euroz\u00f3n\u00e1ban a jegybankeln\u00f6k szerint","author":{"@id":"https:\/\/allasorias.hu\/hirek\/author\/admin-allasorias\/#author"},"publisher":{"@id":"https:\/\/allasorias.hu\/hirek\/#organization"},"image":{"@type":"ImageObject","url":"https:\/\/allasorias.hu\/hirek\/wp-content\/uploads\/2020\/11\/segitseg-a-bankoknak-ezekrol-a-lepesekrol-dontott-a-jegybank_lgc.jpg","width":730,"height":412},"datePublished":"2020-11-09T08:54:05+02:00","dateModified":"2020-11-09T08:54:05+02:00","inLanguage":"hu-HU","mainEntityOfPage":{"@id":"https:\/\/allasorias.hu\/hirek\/szuksegesek-a-reformok-az-eurozonaban-a-jegybankelnok-szerint\/#webpage"},"isPartOf":{"@id":"https:\/\/allasorias.hu\/hirek\/szuksegesek-a-reformok-az-eurozonaban-a-jegybankelnok-szerint\/#webpage"},"articleSection":"Gazdas\u00e1g"},{"@type":"BreadcrumbList","@id":"https:\/\/allasorias.hu\/hirek\/szuksegesek-a-reformok-az-eurozonaban-a-jegybankelnok-szerint\/#breadcrumblist","itemListElement":[{"@type":"ListItem","@id":"https:\/\/allasorias.hu\/hirek#listItem","position":1,"name":"Home","item":"https:\/\/allasorias.hu\/hirek","nextItem":{"@type":"ListItem","@id":"https:\/\/allasorias.hu\/hirek\/temak\/gazdasag\/#listItem","name":"Gazdas\u00e1g"}},{"@type":"ListItem","@id":"https:\/\/allasorias.hu\/hirek\/temak\/gazdasag\/#listItem","position":2,"name":"Gazdas\u00e1g","item":"https:\/\/allasorias.hu\/hirek\/temak\/gazdasag\/","nextItem":{"@type":"ListItem","@id":"https:\/\/allasorias.hu\/hirek\/szuksegesek-a-reformok-az-eurozonaban-a-jegybankelnok-szerint\/#listItem","name":"Sz\u00fcks\u00e9gesek a reformok az euroz\u00f3n\u00e1ban a jegybankeln\u00f6k szerint"},"previousItem":{"@type":"ListItem","@id":"https:\/\/allasorias.hu\/hirek#listItem","name":"Home"}},{"@type":"ListItem","@id":"https:\/\/allasorias.hu\/hirek\/szuksegesek-a-reformok-az-eurozonaban-a-jegybankelnok-szerint\/#listItem","position":3,"name":"Sz\u00fcks\u00e9gesek a reformok az euroz\u00f3n\u00e1ban a jegybankeln\u00f6k szerint","previousItem":{"@type":"ListItem","@id":"https:\/\/allasorias.hu\/hirek\/temak\/gazdasag\/#listItem","name":"Gazdas\u00e1g"}}]},{"@type":"Organization","@id":"https:\/\/allasorias.hu\/hirek\/#organization","name":"AllasOrias.hu | H\u00edrek-lapszemle","description":"\u00dczleti h\u00edrek az \u00e1ll\u00e1s \u00e9s a munka vil\u00e1g\u00e1b\u00f3l","url":"https:\/\/allasorias.hu\/hirek\/","logo":{"@type":"ImageObject","url":"https:\/\/allasorias.hu\/hirek\/wp-content\/uploads\/2022\/10\/allasorias_site_facebok_logo.png","@id":"https:\/\/allasorias.hu\/hirek\/szuksegesek-a-reformok-az-eurozonaban-a-jegybankelnok-szerint\/#organizationLogo"},"image":{"@id":"https:\/\/allasorias.hu\/hirek\/szuksegesek-a-reformok-az-eurozonaban-a-jegybankelnok-szerint\/#organizationLogo"},"sameAs":["https:\/\/www.facebook.com\/allasorias","https:\/\/www.linkedin.com\/company\/allasorias"]},{"@type":"Person","@id":"https:\/\/allasorias.hu\/hirek\/author\/admin-allasorias\/#author","url":"https:\/\/allasorias.hu\/hirek\/author\/admin-allasorias\/","name":"Juh\u00e1sz P\u00e9ter","image":{"@type":"ImageObject","@id":"https:\/\/allasorias.hu\/hirek\/szuksegesek-a-reformok-az-eurozonaban-a-jegybankelnok-szerint\/#authorImage","url":"https:\/\/secure.gravatar.com\/avatar\/36e6bcb83148978b992977cb0f54d22feb0cce8a0a849a9410532bb2623ba4c6?s=96&d=mm&r=g","width":96,"height":96,"caption":"Juh\u00e1sz P\u00e9ter"}},{"@type":"WebPage","@id":"https:\/\/allasorias.hu\/hirek\/szuksegesek-a-reformok-az-eurozonaban-a-jegybankelnok-szerint\/#webpage","url":"https:\/\/allasorias.hu\/hirek\/szuksegesek-a-reformok-az-eurozonaban-a-jegybankelnok-szerint\/","name":"Sz\u00fcks\u00e9gesek a reformok az euroz\u00f3n\u00e1ban a jegybankeln\u00f6k szerint | AllasOrias.hu | H\u00edrek-lapszemle","description":"Reformokra van sz\u00fcks\u00e9g az ad\u00f3z\u00e1s, a p\u00e9nz\u00fcgyek, az oktat\u00e1s \u00e9s a munkaer\u0151piac ter\u00e9n \u2013 jelentette ki Matolcsy Gy\u00f6rgy jegybankeln\u00f6k. Egy\u00e1ltal\u00e1n nem \u00e9rt egyet a jegybankeln\u00f6k azzal a javaslattal, hogy az eur\u00f3z\u00f3na d\u00e9li orsz\u00e1gainak cs\u00f6kkenteni\u00fck kellene glob\u00e1lis exportjukat az\u00e1ltal, hogy az n\u00f6velik az uni\u00f3n bel\u00fcli kivitel\u00fcket az \u00e9szaki tag\u00e1llamok fel\u00e9. Matolcsy Gy\u00f6rgy a Financial Times egyik","inLanguage":"hu-HU","isPartOf":{"@id":"https:\/\/allasorias.hu\/hirek\/#website"},"breadcrumb":{"@id":"https:\/\/allasorias.hu\/hirek\/szuksegesek-a-reformok-az-eurozonaban-a-jegybankelnok-szerint\/#breadcrumblist"},"author":{"@id":"https:\/\/allasorias.hu\/hirek\/author\/admin-allasorias\/#author"},"creator":{"@id":"https:\/\/allasorias.hu\/hirek\/author\/admin-allasorias\/#author"},"image":{"@type":"ImageObject","url":"https:\/\/allasorias.hu\/hirek\/wp-content\/uploads\/2020\/11\/segitseg-a-bankoknak-ezekrol-a-lepesekrol-dontott-a-jegybank_lgc.jpg","@id":"https:\/\/allasorias.hu\/hirek\/szuksegesek-a-reformok-az-eurozonaban-a-jegybankelnok-szerint\/#mainImage","width":730,"height":412},"primaryImageOfPage":{"@id":"https:\/\/allasorias.hu\/hirek\/szuksegesek-a-reformok-az-eurozonaban-a-jegybankelnok-szerint\/#mainImage"},"datePublished":"2020-11-09T08:54:05+02:00","dateModified":"2020-11-09T08:54:05+02:00"},{"@type":"WebSite","@id":"https:\/\/allasorias.hu\/hirek\/#website","url":"https:\/\/allasorias.hu\/hirek\/","name":"AllasOrias.hu | H\u00edrek-lapszemle","description":"\u00dczleti h\u00edrek az \u00e1ll\u00e1s \u00e9s a munka vil\u00e1g\u00e1b\u00f3l","inLanguage":"hu-HU","publisher":{"@id":"https:\/\/allasorias.hu\/hirek\/#organization"}}]},"og:locale":"hu_HU","og:site_name":"AllasOrias.hu | H\u00edrek-lapszemle | \u00dczleti h\u00edrek az \u00e1ll\u00e1s \u00e9s a munka vil\u00e1g\u00e1b\u00f3l","og:type":"article","og:title":"Sz\u00fcks\u00e9gesek a reformok az euroz\u00f3n\u00e1ban a jegybankeln\u00f6k szerint | AllasOrias.hu | H\u00edrek-lapszemle","og:description":"Reformokra van sz\u00fcks\u00e9g az ad\u00f3z\u00e1s, a p\u00e9nz\u00fcgyek, az oktat\u00e1s \u00e9s a munkaer\u0151piac ter\u00e9n \u2013 jelentette ki Matolcsy Gy\u00f6rgy jegybankeln\u00f6k. Egy\u00e1ltal\u00e1n nem \u00e9rt egyet a jegybankeln\u00f6k azzal a javaslattal, hogy az eur\u00f3z\u00f3na d\u00e9li orsz\u00e1gainak cs\u00f6kkenteni\u00fck kellene glob\u00e1lis exportjukat az\u00e1ltal, hogy az n\u00f6velik az uni\u00f3n bel\u00fcli kivitel\u00fcket az \u00e9szaki tag\u00e1llamok fel\u00e9. Matolcsy Gy\u00f6rgy a Financial Times egyik","og:url":"https:\/\/allasorias.hu\/hirek\/szuksegesek-a-reformok-az-eurozonaban-a-jegybankelnok-szerint\/","og:image":"https:\/\/allasorias.hu\/hirek\/wp-content\/uploads\/2020\/11\/segitseg-a-bankoknak-ezekrol-a-lepesekrol-dontott-a-jegybank_lgc.jpg","og:image:secure_url":"https:\/\/allasorias.hu\/hirek\/wp-content\/uploads\/2020\/11\/segitseg-a-bankoknak-ezekrol-a-lepesekrol-dontott-a-jegybank_lgc.jpg","og:image:width":730,"og:image:height":412,"article:published_time":"2020-11-09T08:54:05+00:00","article:modified_time":"2020-11-09T08:54:05+00:00","article:publisher":"https:\/\/www.facebook.com\/allasorias","twitter:card":"summary_large_image","twitter:title":"Sz\u00fcks\u00e9gesek a reformok az euroz\u00f3n\u00e1ban a jegybankeln\u00f6k szerint | AllasOrias.hu | H\u00edrek-lapszemle","twitter:description":"Reformokra van sz\u00fcks\u00e9g az ad\u00f3z\u00e1s, a p\u00e9nz\u00fcgyek, az oktat\u00e1s \u00e9s a munkaer\u0151piac ter\u00e9n \u2013 jelentette ki Matolcsy Gy\u00f6rgy jegybankeln\u00f6k. Egy\u00e1ltal\u00e1n nem \u00e9rt egyet a jegybankeln\u00f6k azzal a javaslattal, hogy az eur\u00f3z\u00f3na d\u00e9li orsz\u00e1gainak cs\u00f6kkenteni\u00fck kellene glob\u00e1lis exportjukat az\u00e1ltal, hogy az n\u00f6velik az uni\u00f3n bel\u00fcli kivitel\u00fcket az \u00e9szaki tag\u00e1llamok fel\u00e9. Matolcsy Gy\u00f6rgy a Financial Times egyik","twitter:image":"https:\/\/allasorias.hu\/hirek\/wp-content\/uploads\/2020\/11\/segitseg-a-bankoknak-ezekrol-a-lepesekrol-dontott-a-jegybank_lgc.jpg","twitter:label1":"Written by","twitter:data1":"Juh\u00e1sz P\u00e9ter","twitter:label2":"Est. reading time","twitter:data2":"1 minute"},"aioseo_meta_data":{"post_id":"4368","title":null,"description":"","keywords":"","keyphrases":null,"primary_term":null,"canonical_url":"","og_title":null,"og_description":null,"og_object_type":"default","og_image_type":"default","og_image_url":null,"og_image_width":null,"og_image_height":null,"og_image_custom_url":null,"og_image_custom_fields":null,"og_video":null,"og_custom_url":null,"og_article_section":null,"og_article_tags":null,"twitter_use_og":false,"twitter_card":"default","twitter_image_type":"default","twitter_image_url":null,"twitter_image_custom_url":null,"twitter_image_custom_fields":null,"twitter_title":null,"twitter_description":null,"schema":{"blockGraphs":[],"customGraphs":[],"default":{"data":{"Article":[],"Course":[],"Dataset":[],"FAQPage":[],"Movie":[],"Person":[],"Product":[],"ProductReview":[],"Car":[],"Recipe":[],"Service":[],"SoftwareApplication":[],"WebPage":[]},"graphName":"","isEnabled":true},"graphs":[],"defaultGraph":"","defaultPostTypeGraph":""},"schema_type":null,"schema_type_options":null,"pillar_content":false,"robots_default":true,"robots_noindex":false,"robots_noarchive":false,"robots_nosnippet":false,"robots_nofollow":false,"robots_noimageindex":false,"robots_noodp":false,"robots_notranslate":false,"robots_max_snippet":null,"robots_max_videopreview":null,"robots_max_imagepreview":"large","priority":null,"frequency":null,"location":null,"local_seo":null,"breadcrumb_settings":null,"limit_modified_date":false,"ai":null,"created":"2021-02-01 20:44:59","updated":"2025-10-02 15:00:48","seo_analyzer_scan_date":null,"focus_keyword":null,"additional_keywords":null,"truseo_locale":null},"aioseo_breadcrumb":"<div class=\"aioseo-breadcrumbs\"><span class=\"aioseo-breadcrumb\">\n\t\t\t<a href=\"https:\/\/allasorias.hu\/hirek\" title=\"Home\">Home<\/a>\n\t\t<\/span><span class=\"aioseo-breadcrumb-separator\">&raquo;<\/span><span class=\"aioseo-breadcrumb\">\n\t\t\t<a href=\"https:\/\/allasorias.hu\/hirek\/temak\/gazdasag\/\" title=\"Gazdas\u00e1g\">Gazdas\u00e1g<\/a>\n\t\t<\/span><span class=\"aioseo-breadcrumb-separator\">&raquo;<\/span><span class=\"aioseo-breadcrumb\">\n\t\t\tSz\u00fcks\u00e9gesek a reformok az euroz\u00f3n\u00e1ban a jegybankeln\u00f6k szerint\n\t\t<\/span><\/div>","aioseo_breadcrumb_json":[{"label":"Home","link":"https:\/\/allasorias.hu\/hirek"},{"label":"Gazdas\u00e1g","link":"https:\/\/allasorias.hu\/hirek\/temak\/gazdasag\/"},{"label":"Sz\u00fcks\u00e9gesek a reformok az euroz\u00f3n\u00e1ban a jegybankeln\u00f6k szerint","link":"https:\/\/allasorias.hu\/hirek\/szuksegesek-a-reformok-az-eurozonaban-a-jegybankelnok-szerint\/"}],"_links":{"self":[{"href":"https:\/\/allasorias.hu\/hirek\/wp-json\/wp\/v2\/posts\/4368","targetHints":{"allow":["GET"]}}],"collection":[{"href":"https:\/\/allasorias.hu\/hirek\/wp-json\/wp\/v2\/posts"}],"about":[{"href":"https:\/\/allasorias.hu\/hirek\/wp-json\/wp\/v2\/types\/post"}],"author":[{"embeddable":true,"href":"https:\/\/allasorias.hu\/hirek\/wp-json\/wp\/v2\/users\/1"}],"replies":[{"embeddable":true,"href":"https:\/\/allasorias.hu\/hirek\/wp-json\/wp\/v2\/comments?post=4368"}],"version-history":[{"count":1,"href":"https:\/\/allasorias.hu\/hirek\/wp-json\/wp\/v2\/posts\/4368\/revisions"}],"predecessor-version":[{"id":4370,"href":"https:\/\/allasorias.hu\/hirek\/wp-json\/wp\/v2\/posts\/4368\/revisions\/4370"}],"wp:featuredmedia":[{"embeddable":true,"href":"https:\/\/allasorias.hu\/hirek\/wp-json\/wp\/v2\/media\/4369"}],"wp:attachment":[{"href":"https:\/\/allasorias.hu\/hirek\/wp-json\/wp\/v2\/media?parent=4368"}],"wp:term":[{"taxonomy":"category","embeddable":true,"href":"https:\/\/allasorias.hu\/hirek\/wp-json\/wp\/v2\/categories?post=4368"},{"taxonomy":"post_tag","embeddable":true,"href":"https:\/\/allasorias.hu\/hirek\/wp-json\/wp\/v2\/tags?post=4368"}],"curies":[{"name":"wp","href":"https:\/\/api.w.org\/{rel}","templated":true}]}}