{"id":4362,"date":"2020-11-05T10:39:38","date_gmt":"2020-11-05T10:39:38","guid":{"rendered":"https:\/\/allasorias.hu\/hirek\/?p=4362"},"modified":"2020-11-05T10:39:38","modified_gmt":"2020-11-05T10:39:38","slug":"mi-lesz-a-minimalberrel-jovore","status":"publish","type":"post","link":"https:\/\/allasorias.hu\/hirek\/mi-lesz-a-minimalberrel-jovore\/","title":{"rendered":"Mi lesz a minim\u00e1lb\u00e9rrel j\u00f6v\u0151re ?"},"content":{"rendered":"<p><strong>Nem k\u00f6zelednek az \u00e1ll\u00e1spontok a \u00a0j\u00f6v\u0151 \u00e9vi minim\u00e1lb\u00e9rrel kapcsolatban, a gazdas\u00e1g helyzete miatt egy\u00e9ves meg\u00e1llapod\u00e1s van kil\u00e1t\u00e1sban \u2013 jelentette ki a Vil\u00e1ggazdas\u00e1gnak Perlusz L\u00e1szl\u00f3, a V\u00e1llalkoz\u00f3k \u00e9s Munk\u00e1ltat\u00f3k Orsz\u00e1gos Sz\u00f6vets\u00e9g\u00e9nek (VOSZ) f\u0151titk\u00e1ra azt k\u00f6vet\u0151en, hogy megkezd\u0151dtek a j\u00f6v\u0151 \u00e9vi minim\u00e1lb\u00e9r m\u00e9rt\u00e9k\u00e9r\u0151l sz\u00f3l\u00f3 t\u00e1rgyal\u00e1sok. <\/strong><\/p>\n<p>A munkaad\u00f3i oldal k\u00e9pvisel\u0151je \u00fagy l\u00e1tja, 2021 \u0151sze el\u0151tt nem sz\u00e1m\u00edthatunk a gazdas\u00e1gi folyamatok helyre\u00e1ll\u00e1s\u00e1ra. Palkovics Imre, a Munk\u00e1stan\u00e1csok Orsz\u00e1gos Tan\u00e1cs\u00e1nak eln\u00f6ke viszont amellett \u00e9rvelt, hogy a hazai legkisebb munkab\u00e9r \u00f6sszege a visegr\u00e1di orsz\u00e1gok\u00e9t\u00f3l tov\u00e1bbra is 20-25 sz\u00e1zal\u00e9kkal van elmaradva, a k\u00fcl\u00f6nbs\u00e9get cs\u00f6kkenteni kellene. A munkav\u00e1llal\u00f3i oldal el szeretn\u00e9 \u00e9rni, hogy a minim\u00e1lb\u00e9r emelked\u00e9se az \u00e1tlagkereset n\u00f6veked\u00e9s\u00e9vel, de legal\u00e1bb az infl\u00e1ci\u00f3 m\u00e9rt\u00e9k\u00e9vel megegyezzen. Perlusz L\u00e1szl\u00f3 eml\u00e9keztetett: sokkal rosszabb a gazdas\u00e1g helyzete, mint a legut\u00f3bbi, 2018 v\u00e9g\u00e9n megk\u00f6t\u00f6tt k\u00e9t\u00e9ves b\u00e9rmeg\u00e1llapod\u00e1s idej\u00e9n. Akkor a munkaad\u00f3k 5, a szakszervezetek legal\u00e1bb 10 sz\u00e1zal\u00e9kos n\u00f6vel\u00e9st szerettek volna el\u00e9rni, a kompromisszum szerint 2019-ben \u00e9s 2020-ban is 8 sz\u00e1zal\u00e9kkal emelkedett a minim\u00e1lb\u00e9r \u00e9s a garant\u00e1lt b\u00e9rminimum \u00f6sszege, \u00edgy id\u00e9n a minim\u00e1lb\u00e9r brutt\u00f3 161 ezer, a garant\u00e1lt b\u00e9rminimum pedig 210\u2009600 forint. A VOSZ f\u0151titk\u00e1ra hozz\u00e1tette: meg\u00e9rti, hogy a szakszervezetek legal\u00e1bb a legkisebb munkab\u00e9r \u00f6sszeg\u00e9nek re\u00e1l\u00e9rt\u00e9k\u0171 n\u00f6veked\u00e9s\u00e9t szeretn\u00e9k, \u00e1m a piaci folyamatok ezt most nem indokolj\u00e1k. Palkovics Imre eml\u00e9keztetett: a re\u00e1lkeresetek tov\u00e1bb gyarapod\u00e1sa a felt\u00e9tele a szoci\u00e1lis hozz\u00e1j\u00e1rul\u00e1si ad\u00f3 j\u00f6v\u0151re esed\u00e9kes \u00fajabb 2 sz\u00e1zal\u00e9kos cs\u00f6kkent\u00e9s\u00e9nek. A VOSZ f\u0151titk\u00e1ra azt is kiemelte, hogy a feszes munkaer\u0151piac miatti k\u00e9nyszerhelyzetben n\u00f6vekedett az elm\u00falt \u00e9vekben a termel\u00e9kenys\u00e9g \u00e9s a GDP b\u0151v\u00fcl\u00e9s\u00e9t is meghalad\u00f3an a legkisebb munkab\u00e9r. A munkaer\u0151hi\u00e1ny mostanra t\u00f6bb gazdas\u00e1gi \u00e1gazataiban megsz\u0171nt, a Magyar Kereskedelmi \u00e9s Iparkamara legut\u00f3bbi felm\u00e9r\u00e9se szerint a c\u00e9gek t\u00f6bb mint fele m\u00e1r nem a munkaer\u0151hi\u00e1nyt tekinti a n\u00f6veked\u00e9s legf\u0151bb akad\u00e1ly\u00e1nak. Palkovics Imre az eur\u00f3pai minim\u00e1lb\u00e9r kapcs\u00e1n megjegyezte, hogy az \u00faj uni\u00f3s ir\u00e1nyelv semmilyen konkr\u00e9tumot nem tartalmaz, ett\u0151l \u00e9rdemben nem lesz nagyobb a legkisebb munkab\u00e9r \u00f6sszege. A VKF k\u00f6vetkez\u0151 \u00fcl\u00e9se november m\u00e1sodik fel\u00e9ben esed\u00e9kes, meg\u00e1llapod\u00e1sra egyel\u0151re nem sok es\u00e9ly mutatkozik. A korm\u00e1ny tov\u00e1bbra is abban b\u00edzik, hogy a szoci\u00e1lis partnerek meg tudnak egyezni.<\/p>\n<p>&nbsp;<\/p>\n<p>Forr\u00e1s: Vil\u00e1ggazdas\u00e1g,szakszervezetek.hu<\/p>\n","protected":false},"excerpt":{"rendered":"<p>Nem k\u00f6zelednek az \u00e1ll\u00e1spontok a \u00a0j\u00f6v\u0151 \u00e9vi minim\u00e1lb\u00e9rrel kapcsolatban, a gazdas\u00e1g helyzete miatt egy\u00e9ves meg\u00e1llapod\u00e1s van kil\u00e1t\u00e1sban \u2013 jelentette ki a Vil\u00e1ggazdas\u00e1gnak Perlusz L\u00e1szl\u00f3, a V\u00e1llalkoz\u00f3k \u00e9s Munk\u00e1ltat\u00f3k Orsz\u00e1gos Sz\u00f6vets\u00e9g\u00e9nek (VOSZ) f\u0151titk\u00e1ra azt k\u00f6vet\u0151en, hogy megkezd\u0151dtek a j\u00f6v\u0151 \u00e9vi minim\u00e1lb\u00e9r m\u00e9rt\u00e9k\u00e9r\u0151l sz\u00f3l\u00f3 t\u00e1rgyal\u00e1sok. A munkaad\u00f3i oldal k\u00e9pvisel\u0151je \u00fagy l\u00e1tja, 2021 \u0151sze el\u0151tt nem sz\u00e1m\u00edthatunk a [&hellip;]<\/p>\n","protected":false},"author":1,"featured_media":4100,"comment_status":"open","ping_status":"open","sticky":false,"template":"","format":"standard","meta":{"_monsterinsights_skip_tracking":false,"footnotes":""},"categories":[198],"tags":[],"class_list":["post-4362","post","type-post","status-publish","format-standard","has-post-thumbnail","hentry","category-gazdasag"],"aioseo_notices":[],"aioseo_head":"\n\t\t<!-- All in One SEO 5.0.0.1 - aioseo.com -->\n\t<meta name=\"description\" content=\"Nem k\u00f6zelednek az \u00e1ll\u00e1spontok a j\u00f6v\u0151 \u00e9vi minim\u00e1lb\u00e9rrel kapcsolatban, a gazdas\u00e1g helyzete miatt egy\u00e9ves meg\u00e1llapod\u00e1s van kil\u00e1t\u00e1sban \u2013 jelentette ki a Vil\u00e1ggazdas\u00e1gnak Perlusz L\u00e1szl\u00f3, a V\u00e1llalkoz\u00f3k \u00e9s Munk\u00e1ltat\u00f3k Orsz\u00e1gos Sz\u00f6vets\u00e9g\u00e9nek (VOSZ) f\u0151titk\u00e1ra azt k\u00f6vet\u0151en, hogy megkezd\u0151dtek a j\u00f6v\u0151 \u00e9vi minim\u00e1lb\u00e9r m\u00e9rt\u00e9k\u00e9r\u0151l sz\u00f3l\u00f3 t\u00e1rgyal\u00e1sok. A munkaad\u00f3i oldal k\u00e9pvisel\u0151je \u00fagy l\u00e1tja, 2021 \u0151sze el\u0151tt nem sz\u00e1m\u00edthatunk a\" \/>\n\t<meta name=\"robots\" content=\"max-image-preview:large\" \/>\n\t<meta name=\"author\" content=\"Juh\u00e1sz P\u00e9ter\"\/>\n\t<link rel=\"canonical\" href=\"https:\/\/allasorias.hu\/hirek\/mi-lesz-a-minimalberrel-jovore\/\" \/>\n\t<meta name=\"generator\" content=\"All in One SEO (AIOSEO) 5.0.0.1\" \/>\n\t\t<meta property=\"og:locale\" content=\"hu_HU\" \/>\n\t\t<meta property=\"og:site_name\" content=\"AllasOrias.hu | H\u00edrek-lapszemle | \u00dczleti h\u00edrek az \u00e1ll\u00e1s \u00e9s a munka vil\u00e1g\u00e1b\u00f3l\" \/>\n\t\t<meta property=\"og:type\" content=\"article\" \/>\n\t\t<meta property=\"og:title\" content=\"Mi lesz a minim\u00e1lb\u00e9rrel j\u00f6v\u0151re ? | AllasOrias.hu | H\u00edrek-lapszemle\" \/>\n\t\t<meta property=\"og:description\" content=\"Nem k\u00f6zelednek az \u00e1ll\u00e1spontok a j\u00f6v\u0151 \u00e9vi minim\u00e1lb\u00e9rrel kapcsolatban, a gazdas\u00e1g helyzete miatt egy\u00e9ves meg\u00e1llapod\u00e1s van kil\u00e1t\u00e1sban \u2013 jelentette ki a Vil\u00e1ggazdas\u00e1gnak Perlusz L\u00e1szl\u00f3, a V\u00e1llalkoz\u00f3k \u00e9s Munk\u00e1ltat\u00f3k Orsz\u00e1gos Sz\u00f6vets\u00e9g\u00e9nek (VOSZ) f\u0151titk\u00e1ra azt k\u00f6vet\u0151en, hogy megkezd\u0151dtek a j\u00f6v\u0151 \u00e9vi minim\u00e1lb\u00e9r m\u00e9rt\u00e9k\u00e9r\u0151l sz\u00f3l\u00f3 t\u00e1rgyal\u00e1sok. A munkaad\u00f3i oldal k\u00e9pvisel\u0151je \u00fagy l\u00e1tja, 2021 \u0151sze el\u0151tt nem sz\u00e1m\u00edthatunk a\" \/>\n\t\t<meta property=\"og:url\" content=\"https:\/\/allasorias.hu\/hirek\/mi-lesz-a-minimalberrel-jovore\/\" \/>\n\t\t<meta property=\"og:image\" content=\"https:\/\/allasorias.hu\/hirek\/wp-content\/uploads\/2020\/07\/O70IZ80.jpg\" \/>\n\t\t<meta property=\"og:image:secure_url\" content=\"https:\/\/allasorias.hu\/hirek\/wp-content\/uploads\/2020\/07\/O70IZ80.jpg\" \/>\n\t\t<meta property=\"og:image:width\" content=\"465\" \/>\n\t\t<meta property=\"og:image:height\" content=\"310\" \/>\n\t\t<meta property=\"article:published_time\" content=\"2020-11-05T10:39:38+00:00\" \/>\n\t\t<meta property=\"article:modified_time\" content=\"2020-11-05T10:39:38+00:00\" \/>\n\t\t<meta property=\"article:publisher\" content=\"https:\/\/www.facebook.com\/allasorias\" \/>\n\t\t<meta name=\"twitter:card\" content=\"summary_large_image\" \/>\n\t\t<meta name=\"twitter:title\" content=\"Mi lesz a minim\u00e1lb\u00e9rrel j\u00f6v\u0151re ? | AllasOrias.hu | H\u00edrek-lapszemle\" \/>\n\t\t<meta name=\"twitter:description\" content=\"Nem k\u00f6zelednek az \u00e1ll\u00e1spontok a j\u00f6v\u0151 \u00e9vi minim\u00e1lb\u00e9rrel kapcsolatban, a gazdas\u00e1g helyzete miatt egy\u00e9ves meg\u00e1llapod\u00e1s van kil\u00e1t\u00e1sban \u2013 jelentette ki a Vil\u00e1ggazdas\u00e1gnak Perlusz L\u00e1szl\u00f3, a V\u00e1llalkoz\u00f3k \u00e9s Munk\u00e1ltat\u00f3k Orsz\u00e1gos Sz\u00f6vets\u00e9g\u00e9nek (VOSZ) f\u0151titk\u00e1ra azt k\u00f6vet\u0151en, hogy megkezd\u0151dtek a j\u00f6v\u0151 \u00e9vi minim\u00e1lb\u00e9r m\u00e9rt\u00e9k\u00e9r\u0151l sz\u00f3l\u00f3 t\u00e1rgyal\u00e1sok. A munkaad\u00f3i oldal k\u00e9pvisel\u0151je \u00fagy l\u00e1tja, 2021 \u0151sze el\u0151tt nem sz\u00e1m\u00edthatunk a\" \/>\n\t\t<meta name=\"twitter:image\" content=\"https:\/\/allasorias.hu\/hirek\/wp-content\/uploads\/2020\/07\/O70IZ80.jpg\" \/>\n\t\t<meta name=\"twitter:label1\" content=\"Written by\" \/>\n\t\t<meta name=\"twitter:data1\" content=\"Juh\u00e1sz P\u00e9ter\" \/>\n\t\t<meta name=\"twitter:label2\" content=\"Est. reading time\" \/>\n\t\t<meta name=\"twitter:data2\" content=\"3 minutes\" \/>\n\t\t<script type=\"application\/ld+json\" class=\"aioseo-schema\">\n\t\t\t{\"@context\":\"https:\\\/\\\/schema.org\",\"@graph\":[{\"@type\":\"Article\",\"@id\":\"https:\\\/\\\/allasorias.hu\\\/hirek\\\/mi-lesz-a-minimalberrel-jovore\\\/#article\",\"name\":\"Mi lesz a minim\\u00e1lb\\u00e9rrel j\\u00f6v\\u0151re ? | AllasOrias.hu | H\\u00edrek-lapszemle\",\"headline\":\"Mi lesz a minim\\u00e1lb\\u00e9rrel j\\u00f6v\\u0151re ?\",\"author\":{\"@id\":\"https:\\\/\\\/allasorias.hu\\\/hirek\\\/author\\\/admin-allasorias\\\/#author\"},\"publisher\":{\"@id\":\"https:\\\/\\\/allasorias.hu\\\/hirek\\\/#organization\"},\"image\":{\"@type\":\"ImageObject\",\"url\":\"https:\\\/\\\/allasorias.hu\\\/hirek\\\/wp-content\\\/uploads\\\/2020\\\/07\\\/O70IZ80.jpg\",\"width\":465,\"height\":310,\"caption\":\"Image of workplace with paper and electronic documents and pen\"},\"datePublished\":\"2020-11-05T10:39:38+02:00\",\"dateModified\":\"2020-11-05T10:39:38+02:00\",\"inLanguage\":\"hu-HU\",\"mainEntityOfPage\":{\"@id\":\"https:\\\/\\\/allasorias.hu\\\/hirek\\\/mi-lesz-a-minimalberrel-jovore\\\/#webpage\"},\"isPartOf\":{\"@id\":\"https:\\\/\\\/allasorias.hu\\\/hirek\\\/mi-lesz-a-minimalberrel-jovore\\\/#webpage\"},\"articleSection\":\"Gazdas\\u00e1g\"},{\"@type\":\"BreadcrumbList\",\"@id\":\"https:\\\/\\\/allasorias.hu\\\/hirek\\\/mi-lesz-a-minimalberrel-jovore\\\/#breadcrumblist\",\"itemListElement\":[{\"@type\":\"ListItem\",\"@id\":\"https:\\\/\\\/allasorias.hu\\\/hirek#listItem\",\"position\":1,\"name\":\"Home\",\"item\":\"https:\\\/\\\/allasorias.hu\\\/hirek\",\"nextItem\":{\"@type\":\"ListItem\",\"@id\":\"https:\\\/\\\/allasorias.hu\\\/hirek\\\/temak\\\/gazdasag\\\/#listItem\",\"name\":\"Gazdas\\u00e1g\"}},{\"@type\":\"ListItem\",\"@id\":\"https:\\\/\\\/allasorias.hu\\\/hirek\\\/temak\\\/gazdasag\\\/#listItem\",\"position\":2,\"name\":\"Gazdas\\u00e1g\",\"item\":\"https:\\\/\\\/allasorias.hu\\\/hirek\\\/temak\\\/gazdasag\\\/\",\"nextItem\":{\"@type\":\"ListItem\",\"@id\":\"https:\\\/\\\/allasorias.hu\\\/hirek\\\/mi-lesz-a-minimalberrel-jovore\\\/#listItem\",\"name\":\"Mi lesz a minim\\u00e1lb\\u00e9rrel j\\u00f6v\\u0151re ?\"},\"previousItem\":{\"@type\":\"ListItem\",\"@id\":\"https:\\\/\\\/allasorias.hu\\\/hirek#listItem\",\"name\":\"Home\"}},{\"@type\":\"ListItem\",\"@id\":\"https:\\\/\\\/allasorias.hu\\\/hirek\\\/mi-lesz-a-minimalberrel-jovore\\\/#listItem\",\"position\":3,\"name\":\"Mi lesz a minim\\u00e1lb\\u00e9rrel j\\u00f6v\\u0151re ?\",\"previousItem\":{\"@type\":\"ListItem\",\"@id\":\"https:\\\/\\\/allasorias.hu\\\/hirek\\\/temak\\\/gazdasag\\\/#listItem\",\"name\":\"Gazdas\\u00e1g\"}}]},{\"@type\":\"Organization\",\"@id\":\"https:\\\/\\\/allasorias.hu\\\/hirek\\\/#organization\",\"name\":\"AllasOrias.hu | H\\u00edrek-lapszemle\",\"description\":\"\\u00dczleti h\\u00edrek az \\u00e1ll\\u00e1s \\u00e9s a munka vil\\u00e1g\\u00e1b\\u00f3l\",\"url\":\"https:\\\/\\\/allasorias.hu\\\/hirek\\\/\",\"logo\":{\"@type\":\"ImageObject\",\"url\":\"https:\\\/\\\/allasorias.hu\\\/hirek\\\/wp-content\\\/uploads\\\/2022\\\/10\\\/allasorias_site_facebok_logo.png\",\"@id\":\"https:\\\/\\\/allasorias.hu\\\/hirek\\\/mi-lesz-a-minimalberrel-jovore\\\/#organizationLogo\"},\"image\":{\"@id\":\"https:\\\/\\\/allasorias.hu\\\/hirek\\\/mi-lesz-a-minimalberrel-jovore\\\/#organizationLogo\"},\"sameAs\":[\"https:\\\/\\\/www.facebook.com\\\/allasorias\",\"https:\\\/\\\/www.linkedin.com\\\/company\\\/allasorias\"]},{\"@type\":\"Person\",\"@id\":\"https:\\\/\\\/allasorias.hu\\\/hirek\\\/author\\\/admin-allasorias\\\/#author\",\"url\":\"https:\\\/\\\/allasorias.hu\\\/hirek\\\/author\\\/admin-allasorias\\\/\",\"name\":\"Juh\\u00e1sz P\\u00e9ter\",\"image\":{\"@type\":\"ImageObject\",\"@id\":\"https:\\\/\\\/allasorias.hu\\\/hirek\\\/mi-lesz-a-minimalberrel-jovore\\\/#authorImage\",\"url\":\"https:\\\/\\\/secure.gravatar.com\\\/avatar\\\/36e6bcb83148978b992977cb0f54d22feb0cce8a0a849a9410532bb2623ba4c6?s=96&d=mm&r=g\",\"width\":96,\"height\":96,\"caption\":\"Juh\\u00e1sz P\\u00e9ter\"}},{\"@type\":\"WebPage\",\"@id\":\"https:\\\/\\\/allasorias.hu\\\/hirek\\\/mi-lesz-a-minimalberrel-jovore\\\/#webpage\",\"url\":\"https:\\\/\\\/allasorias.hu\\\/hirek\\\/mi-lesz-a-minimalberrel-jovore\\\/\",\"name\":\"Mi lesz a minim\\u00e1lb\\u00e9rrel j\\u00f6v\\u0151re ? | AllasOrias.hu | H\\u00edrek-lapszemle\",\"description\":\"Nem k\\u00f6zelednek az \\u00e1ll\\u00e1spontok a j\\u00f6v\\u0151 \\u00e9vi minim\\u00e1lb\\u00e9rrel kapcsolatban, a gazdas\\u00e1g helyzete miatt egy\\u00e9ves meg\\u00e1llapod\\u00e1s van kil\\u00e1t\\u00e1sban \\u2013 jelentette ki a Vil\\u00e1ggazdas\\u00e1gnak Perlusz L\\u00e1szl\\u00f3, a V\\u00e1llalkoz\\u00f3k \\u00e9s Munk\\u00e1ltat\\u00f3k Orsz\\u00e1gos Sz\\u00f6vets\\u00e9g\\u00e9nek (VOSZ) f\\u0151titk\\u00e1ra azt k\\u00f6vet\\u0151en, hogy megkezd\\u0151dtek a j\\u00f6v\\u0151 \\u00e9vi minim\\u00e1lb\\u00e9r m\\u00e9rt\\u00e9k\\u00e9r\\u0151l sz\\u00f3l\\u00f3 t\\u00e1rgyal\\u00e1sok. A munkaad\\u00f3i oldal k\\u00e9pvisel\\u0151je \\u00fagy l\\u00e1tja, 2021 \\u0151sze el\\u0151tt nem sz\\u00e1m\\u00edthatunk a\",\"inLanguage\":\"hu-HU\",\"isPartOf\":{\"@id\":\"https:\\\/\\\/allasorias.hu\\\/hirek\\\/#website\"},\"breadcrumb\":{\"@id\":\"https:\\\/\\\/allasorias.hu\\\/hirek\\\/mi-lesz-a-minimalberrel-jovore\\\/#breadcrumblist\"},\"author\":{\"@id\":\"https:\\\/\\\/allasorias.hu\\\/hirek\\\/author\\\/admin-allasorias\\\/#author\"},\"creator\":{\"@id\":\"https:\\\/\\\/allasorias.hu\\\/hirek\\\/author\\\/admin-allasorias\\\/#author\"},\"image\":{\"@type\":\"ImageObject\",\"url\":\"https:\\\/\\\/allasorias.hu\\\/hirek\\\/wp-content\\\/uploads\\\/2020\\\/07\\\/O70IZ80.jpg\",\"@id\":\"https:\\\/\\\/allasorias.hu\\\/hirek\\\/mi-lesz-a-minimalberrel-jovore\\\/#mainImage\",\"width\":465,\"height\":310,\"caption\":\"Image of workplace with paper and electronic documents and pen\"},\"primaryImageOfPage\":{\"@id\":\"https:\\\/\\\/allasorias.hu\\\/hirek\\\/mi-lesz-a-minimalberrel-jovore\\\/#mainImage\"},\"datePublished\":\"2020-11-05T10:39:38+02:00\",\"dateModified\":\"2020-11-05T10:39:38+02:00\"},{\"@type\":\"WebSite\",\"@id\":\"https:\\\/\\\/allasorias.hu\\\/hirek\\\/#website\",\"url\":\"https:\\\/\\\/allasorias.hu\\\/hirek\\\/\",\"name\":\"AllasOrias.hu | H\\u00edrek-lapszemle\",\"description\":\"\\u00dczleti h\\u00edrek az \\u00e1ll\\u00e1s \\u00e9s a munka vil\\u00e1g\\u00e1b\\u00f3l\",\"inLanguage\":\"hu-HU\",\"publisher\":{\"@id\":\"https:\\\/\\\/allasorias.hu\\\/hirek\\\/#organization\"}}]}\n\t\t<\/script>\n\t\t<!-- All in One SEO -->\n\n","aioseo_head_json":{"title":"Mi lesz a minim\u00e1lb\u00e9rrel j\u00f6v\u0151re ? | AllasOrias.hu | H\u00edrek-lapszemle","description":"Nem k\u00f6zelednek az \u00e1ll\u00e1spontok a j\u00f6v\u0151 \u00e9vi minim\u00e1lb\u00e9rrel kapcsolatban, a gazdas\u00e1g helyzete miatt egy\u00e9ves meg\u00e1llapod\u00e1s van kil\u00e1t\u00e1sban \u2013 jelentette ki a Vil\u00e1ggazdas\u00e1gnak Perlusz L\u00e1szl\u00f3, a V\u00e1llalkoz\u00f3k \u00e9s Munk\u00e1ltat\u00f3k Orsz\u00e1gos Sz\u00f6vets\u00e9g\u00e9nek (VOSZ) f\u0151titk\u00e1ra azt k\u00f6vet\u0151en, hogy megkezd\u0151dtek a j\u00f6v\u0151 \u00e9vi minim\u00e1lb\u00e9r m\u00e9rt\u00e9k\u00e9r\u0151l sz\u00f3l\u00f3 t\u00e1rgyal\u00e1sok. A munkaad\u00f3i oldal k\u00e9pvisel\u0151je \u00fagy l\u00e1tja, 2021 \u0151sze el\u0151tt nem sz\u00e1m\u00edthatunk a","canonical_url":"https:\/\/allasorias.hu\/hirek\/mi-lesz-a-minimalberrel-jovore\/","robots":"max-image-preview:large","keywords":"","webmasterTools":{"miscellaneous":""},"schema":{"@context":"https:\/\/schema.org","@graph":[{"@type":"Article","@id":"https:\/\/allasorias.hu\/hirek\/mi-lesz-a-minimalberrel-jovore\/#article","name":"Mi lesz a minim\u00e1lb\u00e9rrel j\u00f6v\u0151re ? | AllasOrias.hu | H\u00edrek-lapszemle","headline":"Mi lesz a minim\u00e1lb\u00e9rrel j\u00f6v\u0151re ?","author":{"@id":"https:\/\/allasorias.hu\/hirek\/author\/admin-allasorias\/#author"},"publisher":{"@id":"https:\/\/allasorias.hu\/hirek\/#organization"},"image":{"@type":"ImageObject","url":"https:\/\/allasorias.hu\/hirek\/wp-content\/uploads\/2020\/07\/O70IZ80.jpg","width":465,"height":310,"caption":"Image of workplace with paper and electronic documents and pen"},"datePublished":"2020-11-05T10:39:38+02:00","dateModified":"2020-11-05T10:39:38+02:00","inLanguage":"hu-HU","mainEntityOfPage":{"@id":"https:\/\/allasorias.hu\/hirek\/mi-lesz-a-minimalberrel-jovore\/#webpage"},"isPartOf":{"@id":"https:\/\/allasorias.hu\/hirek\/mi-lesz-a-minimalberrel-jovore\/#webpage"},"articleSection":"Gazdas\u00e1g"},{"@type":"BreadcrumbList","@id":"https:\/\/allasorias.hu\/hirek\/mi-lesz-a-minimalberrel-jovore\/#breadcrumblist","itemListElement":[{"@type":"ListItem","@id":"https:\/\/allasorias.hu\/hirek#listItem","position":1,"name":"Home","item":"https:\/\/allasorias.hu\/hirek","nextItem":{"@type":"ListItem","@id":"https:\/\/allasorias.hu\/hirek\/temak\/gazdasag\/#listItem","name":"Gazdas\u00e1g"}},{"@type":"ListItem","@id":"https:\/\/allasorias.hu\/hirek\/temak\/gazdasag\/#listItem","position":2,"name":"Gazdas\u00e1g","item":"https:\/\/allasorias.hu\/hirek\/temak\/gazdasag\/","nextItem":{"@type":"ListItem","@id":"https:\/\/allasorias.hu\/hirek\/mi-lesz-a-minimalberrel-jovore\/#listItem","name":"Mi lesz a minim\u00e1lb\u00e9rrel j\u00f6v\u0151re ?"},"previousItem":{"@type":"ListItem","@id":"https:\/\/allasorias.hu\/hirek#listItem","name":"Home"}},{"@type":"ListItem","@id":"https:\/\/allasorias.hu\/hirek\/mi-lesz-a-minimalberrel-jovore\/#listItem","position":3,"name":"Mi lesz a minim\u00e1lb\u00e9rrel j\u00f6v\u0151re ?","previousItem":{"@type":"ListItem","@id":"https:\/\/allasorias.hu\/hirek\/temak\/gazdasag\/#listItem","name":"Gazdas\u00e1g"}}]},{"@type":"Organization","@id":"https:\/\/allasorias.hu\/hirek\/#organization","name":"AllasOrias.hu | H\u00edrek-lapszemle","description":"\u00dczleti h\u00edrek az \u00e1ll\u00e1s \u00e9s a munka vil\u00e1g\u00e1b\u00f3l","url":"https:\/\/allasorias.hu\/hirek\/","logo":{"@type":"ImageObject","url":"https:\/\/allasorias.hu\/hirek\/wp-content\/uploads\/2022\/10\/allasorias_site_facebok_logo.png","@id":"https:\/\/allasorias.hu\/hirek\/mi-lesz-a-minimalberrel-jovore\/#organizationLogo"},"image":{"@id":"https:\/\/allasorias.hu\/hirek\/mi-lesz-a-minimalberrel-jovore\/#organizationLogo"},"sameAs":["https:\/\/www.facebook.com\/allasorias","https:\/\/www.linkedin.com\/company\/allasorias"]},{"@type":"Person","@id":"https:\/\/allasorias.hu\/hirek\/author\/admin-allasorias\/#author","url":"https:\/\/allasorias.hu\/hirek\/author\/admin-allasorias\/","name":"Juh\u00e1sz P\u00e9ter","image":{"@type":"ImageObject","@id":"https:\/\/allasorias.hu\/hirek\/mi-lesz-a-minimalberrel-jovore\/#authorImage","url":"https:\/\/secure.gravatar.com\/avatar\/36e6bcb83148978b992977cb0f54d22feb0cce8a0a849a9410532bb2623ba4c6?s=96&d=mm&r=g","width":96,"height":96,"caption":"Juh\u00e1sz P\u00e9ter"}},{"@type":"WebPage","@id":"https:\/\/allasorias.hu\/hirek\/mi-lesz-a-minimalberrel-jovore\/#webpage","url":"https:\/\/allasorias.hu\/hirek\/mi-lesz-a-minimalberrel-jovore\/","name":"Mi lesz a minim\u00e1lb\u00e9rrel j\u00f6v\u0151re ? | AllasOrias.hu | H\u00edrek-lapszemle","description":"Nem k\u00f6zelednek az \u00e1ll\u00e1spontok a j\u00f6v\u0151 \u00e9vi minim\u00e1lb\u00e9rrel kapcsolatban, a gazdas\u00e1g helyzete miatt egy\u00e9ves meg\u00e1llapod\u00e1s van kil\u00e1t\u00e1sban \u2013 jelentette ki a Vil\u00e1ggazdas\u00e1gnak Perlusz L\u00e1szl\u00f3, a V\u00e1llalkoz\u00f3k \u00e9s Munk\u00e1ltat\u00f3k Orsz\u00e1gos Sz\u00f6vets\u00e9g\u00e9nek (VOSZ) f\u0151titk\u00e1ra azt k\u00f6vet\u0151en, hogy megkezd\u0151dtek a j\u00f6v\u0151 \u00e9vi minim\u00e1lb\u00e9r m\u00e9rt\u00e9k\u00e9r\u0151l sz\u00f3l\u00f3 t\u00e1rgyal\u00e1sok. A munkaad\u00f3i oldal k\u00e9pvisel\u0151je \u00fagy l\u00e1tja, 2021 \u0151sze el\u0151tt nem sz\u00e1m\u00edthatunk a","inLanguage":"hu-HU","isPartOf":{"@id":"https:\/\/allasorias.hu\/hirek\/#website"},"breadcrumb":{"@id":"https:\/\/allasorias.hu\/hirek\/mi-lesz-a-minimalberrel-jovore\/#breadcrumblist"},"author":{"@id":"https:\/\/allasorias.hu\/hirek\/author\/admin-allasorias\/#author"},"creator":{"@id":"https:\/\/allasorias.hu\/hirek\/author\/admin-allasorias\/#author"},"image":{"@type":"ImageObject","url":"https:\/\/allasorias.hu\/hirek\/wp-content\/uploads\/2020\/07\/O70IZ80.jpg","@id":"https:\/\/allasorias.hu\/hirek\/mi-lesz-a-minimalberrel-jovore\/#mainImage","width":465,"height":310,"caption":"Image of workplace with paper and electronic documents and pen"},"primaryImageOfPage":{"@id":"https:\/\/allasorias.hu\/hirek\/mi-lesz-a-minimalberrel-jovore\/#mainImage"},"datePublished":"2020-11-05T10:39:38+02:00","dateModified":"2020-11-05T10:39:38+02:00"},{"@type":"WebSite","@id":"https:\/\/allasorias.hu\/hirek\/#website","url":"https:\/\/allasorias.hu\/hirek\/","name":"AllasOrias.hu | H\u00edrek-lapszemle","description":"\u00dczleti h\u00edrek az \u00e1ll\u00e1s \u00e9s a munka vil\u00e1g\u00e1b\u00f3l","inLanguage":"hu-HU","publisher":{"@id":"https:\/\/allasorias.hu\/hirek\/#organization"}}]},"og:locale":"hu_HU","og:site_name":"AllasOrias.hu | H\u00edrek-lapszemle | \u00dczleti h\u00edrek az \u00e1ll\u00e1s \u00e9s a munka vil\u00e1g\u00e1b\u00f3l","og:type":"article","og:title":"Mi lesz a minim\u00e1lb\u00e9rrel j\u00f6v\u0151re ? | AllasOrias.hu | H\u00edrek-lapszemle","og:description":"Nem k\u00f6zelednek az \u00e1ll\u00e1spontok a j\u00f6v\u0151 \u00e9vi minim\u00e1lb\u00e9rrel kapcsolatban, a gazdas\u00e1g helyzete miatt egy\u00e9ves meg\u00e1llapod\u00e1s van kil\u00e1t\u00e1sban \u2013 jelentette ki a Vil\u00e1ggazdas\u00e1gnak Perlusz L\u00e1szl\u00f3, a V\u00e1llalkoz\u00f3k \u00e9s Munk\u00e1ltat\u00f3k Orsz\u00e1gos Sz\u00f6vets\u00e9g\u00e9nek (VOSZ) f\u0151titk\u00e1ra azt k\u00f6vet\u0151en, hogy megkezd\u0151dtek a j\u00f6v\u0151 \u00e9vi minim\u00e1lb\u00e9r m\u00e9rt\u00e9k\u00e9r\u0151l sz\u00f3l\u00f3 t\u00e1rgyal\u00e1sok. A munkaad\u00f3i oldal k\u00e9pvisel\u0151je \u00fagy l\u00e1tja, 2021 \u0151sze el\u0151tt nem sz\u00e1m\u00edthatunk a","og:url":"https:\/\/allasorias.hu\/hirek\/mi-lesz-a-minimalberrel-jovore\/","og:image":"https:\/\/allasorias.hu\/hirek\/wp-content\/uploads\/2020\/07\/O70IZ80.jpg","og:image:secure_url":"https:\/\/allasorias.hu\/hirek\/wp-content\/uploads\/2020\/07\/O70IZ80.jpg","og:image:width":465,"og:image:height":310,"article:published_time":"2020-11-05T10:39:38+00:00","article:modified_time":"2020-11-05T10:39:38+00:00","article:publisher":"https:\/\/www.facebook.com\/allasorias","twitter:card":"summary_large_image","twitter:title":"Mi lesz a minim\u00e1lb\u00e9rrel j\u00f6v\u0151re ? | AllasOrias.hu | H\u00edrek-lapszemle","twitter:description":"Nem k\u00f6zelednek az \u00e1ll\u00e1spontok a j\u00f6v\u0151 \u00e9vi minim\u00e1lb\u00e9rrel kapcsolatban, a gazdas\u00e1g helyzete miatt egy\u00e9ves meg\u00e1llapod\u00e1s van kil\u00e1t\u00e1sban \u2013 jelentette ki a Vil\u00e1ggazdas\u00e1gnak Perlusz L\u00e1szl\u00f3, a V\u00e1llalkoz\u00f3k \u00e9s Munk\u00e1ltat\u00f3k Orsz\u00e1gos Sz\u00f6vets\u00e9g\u00e9nek (VOSZ) f\u0151titk\u00e1ra azt k\u00f6vet\u0151en, hogy megkezd\u0151dtek a j\u00f6v\u0151 \u00e9vi minim\u00e1lb\u00e9r m\u00e9rt\u00e9k\u00e9r\u0151l sz\u00f3l\u00f3 t\u00e1rgyal\u00e1sok. A munkaad\u00f3i oldal k\u00e9pvisel\u0151je \u00fagy l\u00e1tja, 2021 \u0151sze el\u0151tt nem sz\u00e1m\u00edthatunk a","twitter:image":"https:\/\/allasorias.hu\/hirek\/wp-content\/uploads\/2020\/07\/O70IZ80.jpg","twitter:label1":"Written by","twitter:data1":"Juh\u00e1sz P\u00e9ter","twitter:label2":"Est. reading time","twitter:data2":"3 minutes"},"aioseo_meta_data":{"post_id":"4362","title":null,"description":"","keywords":"","keyphrases":null,"primary_term":null,"canonical_url":"","og_title":null,"og_description":null,"og_object_type":"default","og_image_type":"default","og_image_url":null,"og_image_width":null,"og_image_height":null,"og_image_custom_url":null,"og_image_custom_fields":null,"og_video":null,"og_custom_url":null,"og_article_section":null,"og_article_tags":null,"twitter_use_og":false,"twitter_card":"default","twitter_image_type":"default","twitter_image_url":null,"twitter_image_custom_url":null,"twitter_image_custom_fields":null,"twitter_title":null,"twitter_description":null,"schema":{"blockGraphs":[],"customGraphs":[],"default":{"data":{"Article":[],"Course":[],"Dataset":[],"FAQPage":[],"Movie":[],"Person":[],"Product":[],"ProductReview":[],"Car":[],"Recipe":[],"Service":[],"SoftwareApplication":[],"WebPage":[]},"graphName":"","isEnabled":true},"graphs":[],"defaultGraph":"","defaultPostTypeGraph":""},"schema_type":null,"schema_type_options":null,"pillar_content":false,"robots_default":true,"robots_noindex":false,"robots_noarchive":false,"robots_nosnippet":false,"robots_nofollow":false,"robots_noimageindex":false,"robots_noodp":false,"robots_notranslate":false,"robots_max_snippet":null,"robots_max_videopreview":null,"robots_max_imagepreview":"large","priority":null,"frequency":null,"location":null,"local_seo":null,"breadcrumb_settings":null,"limit_modified_date":false,"ai":null,"created":"2021-02-01 20:46:00","updated":"2025-10-02 14:59:39","seo_analyzer_scan_date":null,"focus_keyword":null,"additional_keywords":null,"truseo_locale":null},"aioseo_breadcrumb":"<div class=\"aioseo-breadcrumbs\"><span class=\"aioseo-breadcrumb\">\n\t\t\t<a href=\"https:\/\/allasorias.hu\/hirek\" title=\"Home\">Home<\/a>\n\t\t<\/span><span class=\"aioseo-breadcrumb-separator\">&raquo;<\/span><span class=\"aioseo-breadcrumb\">\n\t\t\t<a href=\"https:\/\/allasorias.hu\/hirek\/temak\/gazdasag\/\" title=\"Gazdas\u00e1g\">Gazdas\u00e1g<\/a>\n\t\t<\/span><span class=\"aioseo-breadcrumb-separator\">&raquo;<\/span><span class=\"aioseo-breadcrumb\">\n\t\t\tMi lesz a minim\u00e1lb\u00e9rrel j\u00f6v\u0151re ?\n\t\t<\/span><\/div>","aioseo_breadcrumb_json":[{"label":"Home","link":"https:\/\/allasorias.hu\/hirek"},{"label":"Gazdas\u00e1g","link":"https:\/\/allasorias.hu\/hirek\/temak\/gazdasag\/"},{"label":"Mi lesz a minim\u00e1lb\u00e9rrel j\u00f6v\u0151re ?","link":"https:\/\/allasorias.hu\/hirek\/mi-lesz-a-minimalberrel-jovore\/"}],"_links":{"self":[{"href":"https:\/\/allasorias.hu\/hirek\/wp-json\/wp\/v2\/posts\/4362","targetHints":{"allow":["GET"]}}],"collection":[{"href":"https:\/\/allasorias.hu\/hirek\/wp-json\/wp\/v2\/posts"}],"about":[{"href":"https:\/\/allasorias.hu\/hirek\/wp-json\/wp\/v2\/types\/post"}],"author":[{"embeddable":true,"href":"https:\/\/allasorias.hu\/hirek\/wp-json\/wp\/v2\/users\/1"}],"replies":[{"embeddable":true,"href":"https:\/\/allasorias.hu\/hirek\/wp-json\/wp\/v2\/comments?post=4362"}],"version-history":[{"count":1,"href":"https:\/\/allasorias.hu\/hirek\/wp-json\/wp\/v2\/posts\/4362\/revisions"}],"predecessor-version":[{"id":4363,"href":"https:\/\/allasorias.hu\/hirek\/wp-json\/wp\/v2\/posts\/4362\/revisions\/4363"}],"wp:featuredmedia":[{"embeddable":true,"href":"https:\/\/allasorias.hu\/hirek\/wp-json\/wp\/v2\/media\/4100"}],"wp:attachment":[{"href":"https:\/\/allasorias.hu\/hirek\/wp-json\/wp\/v2\/media?parent=4362"}],"wp:term":[{"taxonomy":"category","embeddable":true,"href":"https:\/\/allasorias.hu\/hirek\/wp-json\/wp\/v2\/categories?post=4362"},{"taxonomy":"post_tag","embeddable":true,"href":"https:\/\/allasorias.hu\/hirek\/wp-json\/wp\/v2\/tags?post=4362"}],"curies":[{"name":"wp","href":"https:\/\/api.w.org\/{rel}","templated":true}]}}