{"id":4353,"date":"2020-11-02T08:35:42","date_gmt":"2020-11-02T08:35:42","guid":{"rendered":"https:\/\/allasorias.hu\/hirek\/?p=4353"},"modified":"2020-11-02T08:35:42","modified_gmt":"2020-11-02T08:35:42","slug":"kemenyen-hat-a-jarvany-a-munkaeropiacra","status":"publish","type":"post","link":"https:\/\/allasorias.hu\/hirek\/kemenyen-hat-a-jarvany-a-munkaeropiacra\/","title":{"rendered":"Kem\u00e9nyen hat a j\u00e1rv\u00e1ny a munkaer\u0151piacra"},"content":{"rendered":"<p><strong>A j\u00e1rv\u00e1ny kem\u00e9nyen \u00e9rezteti hat\u00e1s\u00e1t a munkaer\u0151piacon. nagyon sokan dolgoznak m\u00e9g cs\u00f6kkentett munkaid\u0151ben \u2013 der\u00fcl ki a KSH friss elemz\u00e9s\u00e9b\u0151l. M\u00edg az id\u00e9n janu\u00e1rban 682 ezer ember volt r\u00e9szmunkaid\u0151s, sz\u00e1muk augusztusra 918 ezerre n\u0151tt \u2013 h\u00edvta fel a figyelmet Varga Mih\u00e1ly p\u00e9nz\u00fcgyminiszter.<\/strong><\/p>\n<p>A v\u00e1llalkoz\u00e1sok egy r\u00e9sze abba a form\u00e1ba menti \u00e1t munkav\u00e1llal\u00f3j\u00e1t, amelyr\u0151l azt gondolja, hogy van tartal\u00e9ka finansz\u00edrozni, \u00e9s a munkav\u00e1llal\u00f3 sz\u00e1m\u00e1ra is elfogadhat\u00f3, ha 6 vagy 4 \u00f3r\u00e1s r\u00e9szmunkaid\u0151s \u00e1ll\u00e1sba helyezik \u00e1t \u2013 hangs\u00falyozta a p\u00e9nz\u00fcgyminiszter. A szakt\u00e1rca sz\u00e1mai ugyan nem l\u00e1tszanak visszak\u00f6sz\u00f6nni a KSH cs\u00f6kkentett munkaid\u0151ben dolgoz\u00f3kr\u00f3l k\u00f6zz\u00e9tett friss elemz\u00e9s\u00e9ben, de azt a statisztikusok is elismerik, hogy sokan ragadhattak bele ebbe a szitu\u00e1ci\u00f3ba. M\u00edg 2019-ben \u2013 olvashat\u00f3 az elemz\u00e9sben \u2013 havi \u00e1tlagban 7,2 ezer \u00e1ll\u00e1shely eset\u00e9ben jelentett\u00e9k a munk\u00e1ltat\u00f3k a meg\u00e1llapod\u00e1s szerinti munkaid\u0151 cs\u00f6kkent\u00e9s\u00e9t, addig a j\u00e1rv\u00e1ny hazai megjelen\u00e9s\u00e9t k\u00f6vet\u0151en ugr\u00e1sszer\u0171en megemelkedett az ilyen bejelent\u00e9sek gyakoris\u00e1ga.A r\u00f6vid\u00edtett munkaid\u0151ben dolgoz\u00f3 munkav\u00e1llal\u00f3k sz\u00e1ma a 25. h\u00e9ten tet\u0151z\u00f6tt, ekkor 261,1 ezer f\u0151 volt, ami a 40. h\u00e9tre 138 ezer f\u0151vel m\u00e9rs\u00e9kl\u0151d\u00f6tt. Akkor a r\u00f6vid\u00edtett munkaid\u0151be k\u00e9nyszer\u00fcl\u0151k t\u00f6bb mint 61 sz\u00e1zal\u00e9k\u00e1nak \u2013 76 ezer f\u0151nek \u2013 legal\u00e1bb fel\u00e9re cs\u00f6kkent a heti munkaideje. A KSH csod\u00e1lkozva jegyzi meg, hogy a munkaid\u0151 cs\u00f6kkent\u00e9s\u00e9vel p\u00e1rhuzamosan a keresetek is m\u00e9rs\u00e9kl\u0151dtek, j\u00f3llehet a vesz\u00e9lyhelyzet idej\u00e9n a cs\u00f6kkentett munkaid\u0151s foglalkoztat\u00e1s miatt kiesett munkaid\u0151re j\u00e1r\u00f3 nett\u00f3 alapb\u00e9r helyett a megadott \u00f6sszeghat\u00e1rig munkahelyv\u00e9delmi b\u00e9rt\u00e1mogat\u00e1st k\u00e9rhettek a c\u00e9gek. Nem mell\u00e9kesen, mik\u00f6zben a cs\u00f6kkentett munkaid\u0151 megmaradt, a t\u00e1mogat\u00e1s m\u00e1r megsz\u0171nt. J\u00f3 k\u00e9rd\u00e9s persze, hogy eleve kiknek jutott bel\u0151le. A G7 a ny\u00e1r v\u00e9g\u00e9n a korm\u00e1nyhivatali adatok alapj\u00e1n kimutatta: f\u0151k\u00e9nt a tehet\u0151sebb \u00e9szak- \u00e9s nyugat-dun\u00e1nt\u00fali megy\u00e9kben \u00e9s a f\u0151v\u00e1rosban volt jelent\u0151s a t\u00e1mogatottak ar\u00e1nya, m\u00edg a szeg\u00e9nyebb megy\u00e9kben alacsony. Mint \u00edrt\u00e1k, ez \u00f6sszef\u00fcgg\u00e9sben lehet azzal, hogy a legnagyobb j\u00e1rm\u0171ipari c\u00e9gek f\u0151k\u00e9nt ezekben a megy\u00e9kben vannak jelen, illetve t\u00f6bbs\u00e9g\u00fckben a turizmus szerepe is nagyobb. Sok r\u00e9szletet nem lehet tudni az eg\u00e9szr\u0151l, mert Magyarorsz\u00e1g azon kev\u00e9s orsz\u00e1g egyike, amely m\u00e9g az OECD-nek sem szolg\u00e1ltatott adatokat. Itthon pedig rendre megtagadt\u00e1k az ilyen k\u00e9r\u00e9sek teljes\u00edt\u00e9s\u00e9t.<\/p>\n<p>Forr\u00e1s:\u00a0 azenpenzem.hu<\/p>\n","protected":false},"excerpt":{"rendered":"<p>A j\u00e1rv\u00e1ny kem\u00e9nyen \u00e9rezteti hat\u00e1s\u00e1t a munkaer\u0151piacon. nagyon sokan dolgoznak m\u00e9g cs\u00f6kkentett munkaid\u0151ben \u2013 der\u00fcl ki a KSH friss elemz\u00e9s\u00e9b\u0151l. M\u00edg az id\u00e9n janu\u00e1rban 682 ezer ember volt r\u00e9szmunkaid\u0151s, sz\u00e1muk augusztusra 918 ezerre n\u0151tt \u2013 h\u00edvta fel a figyelmet Varga Mih\u00e1ly p\u00e9nz\u00fcgyminiszter. A v\u00e1llalkoz\u00e1sok egy r\u00e9sze abba a form\u00e1ba menti \u00e1t munkav\u00e1llal\u00f3j\u00e1t, amelyr\u0151l azt gondolja, [&hellip;]<\/p>\n","protected":false},"author":1,"featured_media":3791,"comment_status":"open","ping_status":"open","sticky":false,"template":"","format":"standard","meta":{"_monsterinsights_skip_tracking":false,"footnotes":""},"categories":[200],"tags":[],"class_list":["post-4353","post","type-post","status-publish","format-standard","has-post-thumbnail","hentry","category-munkaeropiac"],"aioseo_notices":[],"aioseo_head":"\n\t\t<!-- All in One SEO 5.0.0.1 - aioseo.com -->\n\t<meta name=\"description\" content=\"A j\u00e1rv\u00e1ny kem\u00e9nyen \u00e9rezteti hat\u00e1s\u00e1t a munkaer\u0151piacon. nagyon sokan dolgoznak m\u00e9g cs\u00f6kkentett munkaid\u0151ben \u2013 der\u00fcl ki a KSH friss elemz\u00e9s\u00e9b\u0151l. M\u00edg az id\u00e9n janu\u00e1rban 682 ezer ember volt r\u00e9szmunkaid\u0151s, sz\u00e1muk augusztusra 918 ezerre n\u0151tt \u2013 h\u00edvta fel a figyelmet Varga Mih\u00e1ly p\u00e9nz\u00fcgyminiszter. A v\u00e1llalkoz\u00e1sok egy r\u00e9sze abba a form\u00e1ba menti \u00e1t munkav\u00e1llal\u00f3j\u00e1t, amelyr\u0151l azt gondolja,\" \/>\n\t<meta name=\"robots\" content=\"max-image-preview:large\" \/>\n\t<meta name=\"author\" content=\"Juh\u00e1sz P\u00e9ter\"\/>\n\t<link rel=\"canonical\" href=\"https:\/\/allasorias.hu\/hirek\/kemenyen-hat-a-jarvany-a-munkaeropiacra\/\" \/>\n\t<meta name=\"generator\" content=\"All in One SEO (AIOSEO) 5.0.0.1\" \/>\n\t\t<meta property=\"og:locale\" content=\"hu_HU\" \/>\n\t\t<meta property=\"og:site_name\" content=\"AllasOrias.hu | H\u00edrek-lapszemle | \u00dczleti h\u00edrek az \u00e1ll\u00e1s \u00e9s a munka vil\u00e1g\u00e1b\u00f3l\" \/>\n\t\t<meta property=\"og:type\" content=\"article\" \/>\n\t\t<meta property=\"og:title\" content=\"Kem\u00e9nyen hat a j\u00e1rv\u00e1ny a munkaer\u0151piacra | AllasOrias.hu | H\u00edrek-lapszemle\" \/>\n\t\t<meta property=\"og:description\" content=\"A j\u00e1rv\u00e1ny kem\u00e9nyen \u00e9rezteti hat\u00e1s\u00e1t a munkaer\u0151piacon. nagyon sokan dolgoznak m\u00e9g cs\u00f6kkentett munkaid\u0151ben \u2013 der\u00fcl ki a KSH friss elemz\u00e9s\u00e9b\u0151l. M\u00edg az id\u00e9n janu\u00e1rban 682 ezer ember volt r\u00e9szmunkaid\u0151s, sz\u00e1muk augusztusra 918 ezerre n\u0151tt \u2013 h\u00edvta fel a figyelmet Varga Mih\u00e1ly p\u00e9nz\u00fcgyminiszter. A v\u00e1llalkoz\u00e1sok egy r\u00e9sze abba a form\u00e1ba menti \u00e1t munkav\u00e1llal\u00f3j\u00e1t, amelyr\u0151l azt gondolja,\" \/>\n\t\t<meta property=\"og:url\" content=\"https:\/\/allasorias.hu\/hirek\/kemenyen-hat-a-jarvany-a-munkaeropiacra\/\" \/>\n\t\t<meta property=\"og:image\" content=\"https:\/\/allasorias.hu\/hirek\/wp-content\/uploads\/2020\/03\/corona-4912807_640.jpg\" \/>\n\t\t<meta property=\"og:image:secure_url\" content=\"https:\/\/allasorias.hu\/hirek\/wp-content\/uploads\/2020\/03\/corona-4912807_640.jpg\" \/>\n\t\t<meta property=\"og:image:width\" content=\"640\" \/>\n\t\t<meta property=\"og:image:height\" content=\"452\" \/>\n\t\t<meta property=\"article:published_time\" content=\"2020-11-02T08:35:42+00:00\" \/>\n\t\t<meta property=\"article:modified_time\" content=\"2020-11-02T08:35:42+00:00\" \/>\n\t\t<meta property=\"article:publisher\" content=\"https:\/\/www.facebook.com\/allasorias\" \/>\n\t\t<meta name=\"twitter:card\" content=\"summary_large_image\" \/>\n\t\t<meta name=\"twitter:title\" content=\"Kem\u00e9nyen hat a j\u00e1rv\u00e1ny a munkaer\u0151piacra | AllasOrias.hu | H\u00edrek-lapszemle\" \/>\n\t\t<meta name=\"twitter:description\" content=\"A j\u00e1rv\u00e1ny kem\u00e9nyen \u00e9rezteti hat\u00e1s\u00e1t a munkaer\u0151piacon. nagyon sokan dolgoznak m\u00e9g cs\u00f6kkentett munkaid\u0151ben \u2013 der\u00fcl ki a KSH friss elemz\u00e9s\u00e9b\u0151l. M\u00edg az id\u00e9n janu\u00e1rban 682 ezer ember volt r\u00e9szmunkaid\u0151s, sz\u00e1muk augusztusra 918 ezerre n\u0151tt \u2013 h\u00edvta fel a figyelmet Varga Mih\u00e1ly p\u00e9nz\u00fcgyminiszter. A v\u00e1llalkoz\u00e1sok egy r\u00e9sze abba a form\u00e1ba menti \u00e1t munkav\u00e1llal\u00f3j\u00e1t, amelyr\u0151l azt gondolja,\" \/>\n\t\t<meta name=\"twitter:image\" content=\"https:\/\/allasorias.hu\/hirek\/wp-content\/uploads\/2020\/03\/corona-4912807_640.jpg\" \/>\n\t\t<meta name=\"twitter:label1\" content=\"Written by\" \/>\n\t\t<meta name=\"twitter:data1\" content=\"Juh\u00e1sz P\u00e9ter\" \/>\n\t\t<meta name=\"twitter:label2\" content=\"Est. reading time\" \/>\n\t\t<meta name=\"twitter:data2\" content=\"2 minutes\" \/>\n\t\t<script type=\"application\/ld+json\" class=\"aioseo-schema\">\n\t\t\t{\"@context\":\"https:\\\/\\\/schema.org\",\"@graph\":[{\"@type\":\"Article\",\"@id\":\"https:\\\/\\\/allasorias.hu\\\/hirek\\\/kemenyen-hat-a-jarvany-a-munkaeropiacra\\\/#article\",\"name\":\"Kem\\u00e9nyen hat a j\\u00e1rv\\u00e1ny a munkaer\\u0151piacra | AllasOrias.hu | H\\u00edrek-lapszemle\",\"headline\":\"Kem\\u00e9nyen hat a j\\u00e1rv\\u00e1ny a munkaer\\u0151piacra\",\"author\":{\"@id\":\"https:\\\/\\\/allasorias.hu\\\/hirek\\\/author\\\/admin-allasorias\\\/#author\"},\"publisher\":{\"@id\":\"https:\\\/\\\/allasorias.hu\\\/hirek\\\/#organization\"},\"image\":{\"@type\":\"ImageObject\",\"url\":\"https:\\\/\\\/allasorias.hu\\\/hirek\\\/wp-content\\\/uploads\\\/2020\\\/03\\\/corona-4912807_640.jpg\",\"width\":640,\"height\":452},\"datePublished\":\"2020-11-02T08:35:42+02:00\",\"dateModified\":\"2020-11-02T08:35:42+02:00\",\"inLanguage\":\"hu-HU\",\"mainEntityOfPage\":{\"@id\":\"https:\\\/\\\/allasorias.hu\\\/hirek\\\/kemenyen-hat-a-jarvany-a-munkaeropiacra\\\/#webpage\"},\"isPartOf\":{\"@id\":\"https:\\\/\\\/allasorias.hu\\\/hirek\\\/kemenyen-hat-a-jarvany-a-munkaeropiacra\\\/#webpage\"},\"articleSection\":\"Munkaer\\u0151piac\"},{\"@type\":\"BreadcrumbList\",\"@id\":\"https:\\\/\\\/allasorias.hu\\\/hirek\\\/kemenyen-hat-a-jarvany-a-munkaeropiacra\\\/#breadcrumblist\",\"itemListElement\":[{\"@type\":\"ListItem\",\"@id\":\"https:\\\/\\\/allasorias.hu\\\/hirek#listItem\",\"position\":1,\"name\":\"Home\",\"item\":\"https:\\\/\\\/allasorias.hu\\\/hirek\",\"nextItem\":{\"@type\":\"ListItem\",\"@id\":\"https:\\\/\\\/allasorias.hu\\\/hirek\\\/temak\\\/munkaeropiac\\\/#listItem\",\"name\":\"Munkaer\\u0151piac\"}},{\"@type\":\"ListItem\",\"@id\":\"https:\\\/\\\/allasorias.hu\\\/hirek\\\/temak\\\/munkaeropiac\\\/#listItem\",\"position\":2,\"name\":\"Munkaer\\u0151piac\",\"item\":\"https:\\\/\\\/allasorias.hu\\\/hirek\\\/temak\\\/munkaeropiac\\\/\",\"nextItem\":{\"@type\":\"ListItem\",\"@id\":\"https:\\\/\\\/allasorias.hu\\\/hirek\\\/kemenyen-hat-a-jarvany-a-munkaeropiacra\\\/#listItem\",\"name\":\"Kem\\u00e9nyen hat a j\\u00e1rv\\u00e1ny a munkaer\\u0151piacra\"},\"previousItem\":{\"@type\":\"ListItem\",\"@id\":\"https:\\\/\\\/allasorias.hu\\\/hirek#listItem\",\"name\":\"Home\"}},{\"@type\":\"ListItem\",\"@id\":\"https:\\\/\\\/allasorias.hu\\\/hirek\\\/kemenyen-hat-a-jarvany-a-munkaeropiacra\\\/#listItem\",\"position\":3,\"name\":\"Kem\\u00e9nyen hat a j\\u00e1rv\\u00e1ny a munkaer\\u0151piacra\",\"previousItem\":{\"@type\":\"ListItem\",\"@id\":\"https:\\\/\\\/allasorias.hu\\\/hirek\\\/temak\\\/munkaeropiac\\\/#listItem\",\"name\":\"Munkaer\\u0151piac\"}}]},{\"@type\":\"Organization\",\"@id\":\"https:\\\/\\\/allasorias.hu\\\/hirek\\\/#organization\",\"name\":\"AllasOrias.hu | H\\u00edrek-lapszemle\",\"description\":\"\\u00dczleti h\\u00edrek az \\u00e1ll\\u00e1s \\u00e9s a munka vil\\u00e1g\\u00e1b\\u00f3l\",\"url\":\"https:\\\/\\\/allasorias.hu\\\/hirek\\\/\",\"logo\":{\"@type\":\"ImageObject\",\"url\":\"https:\\\/\\\/allasorias.hu\\\/hirek\\\/wp-content\\\/uploads\\\/2022\\\/10\\\/allasorias_site_facebok_logo.png\",\"@id\":\"https:\\\/\\\/allasorias.hu\\\/hirek\\\/kemenyen-hat-a-jarvany-a-munkaeropiacra\\\/#organizationLogo\"},\"image\":{\"@id\":\"https:\\\/\\\/allasorias.hu\\\/hirek\\\/kemenyen-hat-a-jarvany-a-munkaeropiacra\\\/#organizationLogo\"},\"sameAs\":[\"https:\\\/\\\/www.facebook.com\\\/allasorias\",\"https:\\\/\\\/www.linkedin.com\\\/company\\\/allasorias\"]},{\"@type\":\"Person\",\"@id\":\"https:\\\/\\\/allasorias.hu\\\/hirek\\\/author\\\/admin-allasorias\\\/#author\",\"url\":\"https:\\\/\\\/allasorias.hu\\\/hirek\\\/author\\\/admin-allasorias\\\/\",\"name\":\"Juh\\u00e1sz P\\u00e9ter\",\"image\":{\"@type\":\"ImageObject\",\"@id\":\"https:\\\/\\\/allasorias.hu\\\/hirek\\\/kemenyen-hat-a-jarvany-a-munkaeropiacra\\\/#authorImage\",\"url\":\"https:\\\/\\\/secure.gravatar.com\\\/avatar\\\/36e6bcb83148978b992977cb0f54d22feb0cce8a0a849a9410532bb2623ba4c6?s=96&d=mm&r=g\",\"width\":96,\"height\":96,\"caption\":\"Juh\\u00e1sz P\\u00e9ter\"}},{\"@type\":\"WebPage\",\"@id\":\"https:\\\/\\\/allasorias.hu\\\/hirek\\\/kemenyen-hat-a-jarvany-a-munkaeropiacra\\\/#webpage\",\"url\":\"https:\\\/\\\/allasorias.hu\\\/hirek\\\/kemenyen-hat-a-jarvany-a-munkaeropiacra\\\/\",\"name\":\"Kem\\u00e9nyen hat a j\\u00e1rv\\u00e1ny a munkaer\\u0151piacra | AllasOrias.hu | H\\u00edrek-lapszemle\",\"description\":\"A j\\u00e1rv\\u00e1ny kem\\u00e9nyen \\u00e9rezteti hat\\u00e1s\\u00e1t a munkaer\\u0151piacon. nagyon sokan dolgoznak m\\u00e9g cs\\u00f6kkentett munkaid\\u0151ben \\u2013 der\\u00fcl ki a KSH friss elemz\\u00e9s\\u00e9b\\u0151l. M\\u00edg az id\\u00e9n janu\\u00e1rban 682 ezer ember volt r\\u00e9szmunkaid\\u0151s, sz\\u00e1muk augusztusra 918 ezerre n\\u0151tt \\u2013 h\\u00edvta fel a figyelmet Varga Mih\\u00e1ly p\\u00e9nz\\u00fcgyminiszter. A v\\u00e1llalkoz\\u00e1sok egy r\\u00e9sze abba a form\\u00e1ba menti \\u00e1t munkav\\u00e1llal\\u00f3j\\u00e1t, amelyr\\u0151l azt gondolja,\",\"inLanguage\":\"hu-HU\",\"isPartOf\":{\"@id\":\"https:\\\/\\\/allasorias.hu\\\/hirek\\\/#website\"},\"breadcrumb\":{\"@id\":\"https:\\\/\\\/allasorias.hu\\\/hirek\\\/kemenyen-hat-a-jarvany-a-munkaeropiacra\\\/#breadcrumblist\"},\"author\":{\"@id\":\"https:\\\/\\\/allasorias.hu\\\/hirek\\\/author\\\/admin-allasorias\\\/#author\"},\"creator\":{\"@id\":\"https:\\\/\\\/allasorias.hu\\\/hirek\\\/author\\\/admin-allasorias\\\/#author\"},\"image\":{\"@type\":\"ImageObject\",\"url\":\"https:\\\/\\\/allasorias.hu\\\/hirek\\\/wp-content\\\/uploads\\\/2020\\\/03\\\/corona-4912807_640.jpg\",\"@id\":\"https:\\\/\\\/allasorias.hu\\\/hirek\\\/kemenyen-hat-a-jarvany-a-munkaeropiacra\\\/#mainImage\",\"width\":640,\"height\":452},\"primaryImageOfPage\":{\"@id\":\"https:\\\/\\\/allasorias.hu\\\/hirek\\\/kemenyen-hat-a-jarvany-a-munkaeropiacra\\\/#mainImage\"},\"datePublished\":\"2020-11-02T08:35:42+02:00\",\"dateModified\":\"2020-11-02T08:35:42+02:00\"},{\"@type\":\"WebSite\",\"@id\":\"https:\\\/\\\/allasorias.hu\\\/hirek\\\/#website\",\"url\":\"https:\\\/\\\/allasorias.hu\\\/hirek\\\/\",\"name\":\"AllasOrias.hu | H\\u00edrek-lapszemle\",\"description\":\"\\u00dczleti h\\u00edrek az \\u00e1ll\\u00e1s \\u00e9s a munka vil\\u00e1g\\u00e1b\\u00f3l\",\"inLanguage\":\"hu-HU\",\"publisher\":{\"@id\":\"https:\\\/\\\/allasorias.hu\\\/hirek\\\/#organization\"}}]}\n\t\t<\/script>\n\t\t<!-- All in One SEO -->\n\n","aioseo_head_json":{"title":"Kem\u00e9nyen hat a j\u00e1rv\u00e1ny a munkaer\u0151piacra | AllasOrias.hu | H\u00edrek-lapszemle","description":"A j\u00e1rv\u00e1ny kem\u00e9nyen \u00e9rezteti hat\u00e1s\u00e1t a munkaer\u0151piacon. nagyon sokan dolgoznak m\u00e9g cs\u00f6kkentett munkaid\u0151ben \u2013 der\u00fcl ki a KSH friss elemz\u00e9s\u00e9b\u0151l. M\u00edg az id\u00e9n janu\u00e1rban 682 ezer ember volt r\u00e9szmunkaid\u0151s, sz\u00e1muk augusztusra 918 ezerre n\u0151tt \u2013 h\u00edvta fel a figyelmet Varga Mih\u00e1ly p\u00e9nz\u00fcgyminiszter. A v\u00e1llalkoz\u00e1sok egy r\u00e9sze abba a form\u00e1ba menti \u00e1t munkav\u00e1llal\u00f3j\u00e1t, amelyr\u0151l azt gondolja,","canonical_url":"https:\/\/allasorias.hu\/hirek\/kemenyen-hat-a-jarvany-a-munkaeropiacra\/","robots":"max-image-preview:large","keywords":"","webmasterTools":{"miscellaneous":""},"schema":{"@context":"https:\/\/schema.org","@graph":[{"@type":"Article","@id":"https:\/\/allasorias.hu\/hirek\/kemenyen-hat-a-jarvany-a-munkaeropiacra\/#article","name":"Kem\u00e9nyen hat a j\u00e1rv\u00e1ny a munkaer\u0151piacra | AllasOrias.hu | H\u00edrek-lapszemle","headline":"Kem\u00e9nyen hat a j\u00e1rv\u00e1ny a munkaer\u0151piacra","author":{"@id":"https:\/\/allasorias.hu\/hirek\/author\/admin-allasorias\/#author"},"publisher":{"@id":"https:\/\/allasorias.hu\/hirek\/#organization"},"image":{"@type":"ImageObject","url":"https:\/\/allasorias.hu\/hirek\/wp-content\/uploads\/2020\/03\/corona-4912807_640.jpg","width":640,"height":452},"datePublished":"2020-11-02T08:35:42+02:00","dateModified":"2020-11-02T08:35:42+02:00","inLanguage":"hu-HU","mainEntityOfPage":{"@id":"https:\/\/allasorias.hu\/hirek\/kemenyen-hat-a-jarvany-a-munkaeropiacra\/#webpage"},"isPartOf":{"@id":"https:\/\/allasorias.hu\/hirek\/kemenyen-hat-a-jarvany-a-munkaeropiacra\/#webpage"},"articleSection":"Munkaer\u0151piac"},{"@type":"BreadcrumbList","@id":"https:\/\/allasorias.hu\/hirek\/kemenyen-hat-a-jarvany-a-munkaeropiacra\/#breadcrumblist","itemListElement":[{"@type":"ListItem","@id":"https:\/\/allasorias.hu\/hirek#listItem","position":1,"name":"Home","item":"https:\/\/allasorias.hu\/hirek","nextItem":{"@type":"ListItem","@id":"https:\/\/allasorias.hu\/hirek\/temak\/munkaeropiac\/#listItem","name":"Munkaer\u0151piac"}},{"@type":"ListItem","@id":"https:\/\/allasorias.hu\/hirek\/temak\/munkaeropiac\/#listItem","position":2,"name":"Munkaer\u0151piac","item":"https:\/\/allasorias.hu\/hirek\/temak\/munkaeropiac\/","nextItem":{"@type":"ListItem","@id":"https:\/\/allasorias.hu\/hirek\/kemenyen-hat-a-jarvany-a-munkaeropiacra\/#listItem","name":"Kem\u00e9nyen hat a j\u00e1rv\u00e1ny a munkaer\u0151piacra"},"previousItem":{"@type":"ListItem","@id":"https:\/\/allasorias.hu\/hirek#listItem","name":"Home"}},{"@type":"ListItem","@id":"https:\/\/allasorias.hu\/hirek\/kemenyen-hat-a-jarvany-a-munkaeropiacra\/#listItem","position":3,"name":"Kem\u00e9nyen hat a j\u00e1rv\u00e1ny a munkaer\u0151piacra","previousItem":{"@type":"ListItem","@id":"https:\/\/allasorias.hu\/hirek\/temak\/munkaeropiac\/#listItem","name":"Munkaer\u0151piac"}}]},{"@type":"Organization","@id":"https:\/\/allasorias.hu\/hirek\/#organization","name":"AllasOrias.hu | H\u00edrek-lapszemle","description":"\u00dczleti h\u00edrek az \u00e1ll\u00e1s \u00e9s a munka vil\u00e1g\u00e1b\u00f3l","url":"https:\/\/allasorias.hu\/hirek\/","logo":{"@type":"ImageObject","url":"https:\/\/allasorias.hu\/hirek\/wp-content\/uploads\/2022\/10\/allasorias_site_facebok_logo.png","@id":"https:\/\/allasorias.hu\/hirek\/kemenyen-hat-a-jarvany-a-munkaeropiacra\/#organizationLogo"},"image":{"@id":"https:\/\/allasorias.hu\/hirek\/kemenyen-hat-a-jarvany-a-munkaeropiacra\/#organizationLogo"},"sameAs":["https:\/\/www.facebook.com\/allasorias","https:\/\/www.linkedin.com\/company\/allasorias"]},{"@type":"Person","@id":"https:\/\/allasorias.hu\/hirek\/author\/admin-allasorias\/#author","url":"https:\/\/allasorias.hu\/hirek\/author\/admin-allasorias\/","name":"Juh\u00e1sz P\u00e9ter","image":{"@type":"ImageObject","@id":"https:\/\/allasorias.hu\/hirek\/kemenyen-hat-a-jarvany-a-munkaeropiacra\/#authorImage","url":"https:\/\/secure.gravatar.com\/avatar\/36e6bcb83148978b992977cb0f54d22feb0cce8a0a849a9410532bb2623ba4c6?s=96&d=mm&r=g","width":96,"height":96,"caption":"Juh\u00e1sz P\u00e9ter"}},{"@type":"WebPage","@id":"https:\/\/allasorias.hu\/hirek\/kemenyen-hat-a-jarvany-a-munkaeropiacra\/#webpage","url":"https:\/\/allasorias.hu\/hirek\/kemenyen-hat-a-jarvany-a-munkaeropiacra\/","name":"Kem\u00e9nyen hat a j\u00e1rv\u00e1ny a munkaer\u0151piacra | AllasOrias.hu | H\u00edrek-lapszemle","description":"A j\u00e1rv\u00e1ny kem\u00e9nyen \u00e9rezteti hat\u00e1s\u00e1t a munkaer\u0151piacon. nagyon sokan dolgoznak m\u00e9g cs\u00f6kkentett munkaid\u0151ben \u2013 der\u00fcl ki a KSH friss elemz\u00e9s\u00e9b\u0151l. M\u00edg az id\u00e9n janu\u00e1rban 682 ezer ember volt r\u00e9szmunkaid\u0151s, sz\u00e1muk augusztusra 918 ezerre n\u0151tt \u2013 h\u00edvta fel a figyelmet Varga Mih\u00e1ly p\u00e9nz\u00fcgyminiszter. A v\u00e1llalkoz\u00e1sok egy r\u00e9sze abba a form\u00e1ba menti \u00e1t munkav\u00e1llal\u00f3j\u00e1t, amelyr\u0151l azt gondolja,","inLanguage":"hu-HU","isPartOf":{"@id":"https:\/\/allasorias.hu\/hirek\/#website"},"breadcrumb":{"@id":"https:\/\/allasorias.hu\/hirek\/kemenyen-hat-a-jarvany-a-munkaeropiacra\/#breadcrumblist"},"author":{"@id":"https:\/\/allasorias.hu\/hirek\/author\/admin-allasorias\/#author"},"creator":{"@id":"https:\/\/allasorias.hu\/hirek\/author\/admin-allasorias\/#author"},"image":{"@type":"ImageObject","url":"https:\/\/allasorias.hu\/hirek\/wp-content\/uploads\/2020\/03\/corona-4912807_640.jpg","@id":"https:\/\/allasorias.hu\/hirek\/kemenyen-hat-a-jarvany-a-munkaeropiacra\/#mainImage","width":640,"height":452},"primaryImageOfPage":{"@id":"https:\/\/allasorias.hu\/hirek\/kemenyen-hat-a-jarvany-a-munkaeropiacra\/#mainImage"},"datePublished":"2020-11-02T08:35:42+02:00","dateModified":"2020-11-02T08:35:42+02:00"},{"@type":"WebSite","@id":"https:\/\/allasorias.hu\/hirek\/#website","url":"https:\/\/allasorias.hu\/hirek\/","name":"AllasOrias.hu | H\u00edrek-lapszemle","description":"\u00dczleti h\u00edrek az \u00e1ll\u00e1s \u00e9s a munka vil\u00e1g\u00e1b\u00f3l","inLanguage":"hu-HU","publisher":{"@id":"https:\/\/allasorias.hu\/hirek\/#organization"}}]},"og:locale":"hu_HU","og:site_name":"AllasOrias.hu | H\u00edrek-lapszemle | \u00dczleti h\u00edrek az \u00e1ll\u00e1s \u00e9s a munka vil\u00e1g\u00e1b\u00f3l","og:type":"article","og:title":"Kem\u00e9nyen hat a j\u00e1rv\u00e1ny a munkaer\u0151piacra | AllasOrias.hu | H\u00edrek-lapszemle","og:description":"A j\u00e1rv\u00e1ny kem\u00e9nyen \u00e9rezteti hat\u00e1s\u00e1t a munkaer\u0151piacon. nagyon sokan dolgoznak m\u00e9g cs\u00f6kkentett munkaid\u0151ben \u2013 der\u00fcl ki a KSH friss elemz\u00e9s\u00e9b\u0151l. M\u00edg az id\u00e9n janu\u00e1rban 682 ezer ember volt r\u00e9szmunkaid\u0151s, sz\u00e1muk augusztusra 918 ezerre n\u0151tt \u2013 h\u00edvta fel a figyelmet Varga Mih\u00e1ly p\u00e9nz\u00fcgyminiszter. A v\u00e1llalkoz\u00e1sok egy r\u00e9sze abba a form\u00e1ba menti \u00e1t munkav\u00e1llal\u00f3j\u00e1t, amelyr\u0151l azt gondolja,","og:url":"https:\/\/allasorias.hu\/hirek\/kemenyen-hat-a-jarvany-a-munkaeropiacra\/","og:image":"https:\/\/allasorias.hu\/hirek\/wp-content\/uploads\/2020\/03\/corona-4912807_640.jpg","og:image:secure_url":"https:\/\/allasorias.hu\/hirek\/wp-content\/uploads\/2020\/03\/corona-4912807_640.jpg","og:image:width":640,"og:image:height":452,"article:published_time":"2020-11-02T08:35:42+00:00","article:modified_time":"2020-11-02T08:35:42+00:00","article:publisher":"https:\/\/www.facebook.com\/allasorias","twitter:card":"summary_large_image","twitter:title":"Kem\u00e9nyen hat a j\u00e1rv\u00e1ny a munkaer\u0151piacra | AllasOrias.hu | H\u00edrek-lapszemle","twitter:description":"A j\u00e1rv\u00e1ny kem\u00e9nyen \u00e9rezteti hat\u00e1s\u00e1t a munkaer\u0151piacon. nagyon sokan dolgoznak m\u00e9g cs\u00f6kkentett munkaid\u0151ben \u2013 der\u00fcl ki a KSH friss elemz\u00e9s\u00e9b\u0151l. M\u00edg az id\u00e9n janu\u00e1rban 682 ezer ember volt r\u00e9szmunkaid\u0151s, sz\u00e1muk augusztusra 918 ezerre n\u0151tt \u2013 h\u00edvta fel a figyelmet Varga Mih\u00e1ly p\u00e9nz\u00fcgyminiszter. A v\u00e1llalkoz\u00e1sok egy r\u00e9sze abba a form\u00e1ba menti \u00e1t munkav\u00e1llal\u00f3j\u00e1t, amelyr\u0151l azt gondolja,","twitter:image":"https:\/\/allasorias.hu\/hirek\/wp-content\/uploads\/2020\/03\/corona-4912807_640.jpg","twitter:label1":"Written by","twitter:data1":"Juh\u00e1sz P\u00e9ter","twitter:label2":"Est. reading time","twitter:data2":"2 minutes"},"aioseo_meta_data":{"post_id":"4353","title":null,"description":"","keywords":"","keyphrases":null,"primary_term":null,"canonical_url":"","og_title":null,"og_description":null,"og_object_type":"default","og_image_type":"default","og_image_url":null,"og_image_width":null,"og_image_height":null,"og_image_custom_url":null,"og_image_custom_fields":null,"og_video":null,"og_custom_url":null,"og_article_section":null,"og_article_tags":null,"twitter_use_og":false,"twitter_card":"default","twitter_image_type":"default","twitter_image_url":null,"twitter_image_custom_url":null,"twitter_image_custom_fields":null,"twitter_title":null,"twitter_description":null,"schema":{"blockGraphs":[],"customGraphs":[],"default":{"data":{"Article":[],"Course":[],"Dataset":[],"FAQPage":[],"Movie":[],"Person":[],"Product":[],"ProductReview":[],"Car":[],"Recipe":[],"Service":[],"SoftwareApplication":[],"WebPage":[]},"graphName":"","isEnabled":true},"graphs":[],"defaultGraph":"","defaultPostTypeGraph":""},"schema_type":null,"schema_type_options":null,"pillar_content":false,"robots_default":true,"robots_noindex":false,"robots_noarchive":false,"robots_nosnippet":false,"robots_nofollow":false,"robots_noimageindex":false,"robots_noodp":false,"robots_notranslate":false,"robots_max_snippet":null,"robots_max_videopreview":null,"robots_max_imagepreview":"large","priority":null,"frequency":null,"location":null,"local_seo":null,"breadcrumb_settings":null,"limit_modified_date":false,"ai":null,"created":"2021-02-01 20:46:00","updated":"2025-10-02 14:59:39","seo_analyzer_scan_date":null,"focus_keyword":null,"additional_keywords":null,"truseo_locale":null},"aioseo_breadcrumb":"<div class=\"aioseo-breadcrumbs\"><span class=\"aioseo-breadcrumb\">\n\t\t\t<a href=\"https:\/\/allasorias.hu\/hirek\" title=\"Home\">Home<\/a>\n\t\t<\/span><span class=\"aioseo-breadcrumb-separator\">&raquo;<\/span><span class=\"aioseo-breadcrumb\">\n\t\t\t<a href=\"https:\/\/allasorias.hu\/hirek\/temak\/munkaeropiac\/\" title=\"Munkaer\u0151piac\">Munkaer\u0151piac<\/a>\n\t\t<\/span><span class=\"aioseo-breadcrumb-separator\">&raquo;<\/span><span class=\"aioseo-breadcrumb\">\n\t\t\tKem\u00e9nyen hat a j\u00e1rv\u00e1ny a munkaer\u0151piacra\n\t\t<\/span><\/div>","aioseo_breadcrumb_json":[{"label":"Home","link":"https:\/\/allasorias.hu\/hirek"},{"label":"Munkaer\u0151piac","link":"https:\/\/allasorias.hu\/hirek\/temak\/munkaeropiac\/"},{"label":"Kem\u00e9nyen hat a j\u00e1rv\u00e1ny a munkaer\u0151piacra","link":"https:\/\/allasorias.hu\/hirek\/kemenyen-hat-a-jarvany-a-munkaeropiacra\/"}],"_links":{"self":[{"href":"https:\/\/allasorias.hu\/hirek\/wp-json\/wp\/v2\/posts\/4353","targetHints":{"allow":["GET"]}}],"collection":[{"href":"https:\/\/allasorias.hu\/hirek\/wp-json\/wp\/v2\/posts"}],"about":[{"href":"https:\/\/allasorias.hu\/hirek\/wp-json\/wp\/v2\/types\/post"}],"author":[{"embeddable":true,"href":"https:\/\/allasorias.hu\/hirek\/wp-json\/wp\/v2\/users\/1"}],"replies":[{"embeddable":true,"href":"https:\/\/allasorias.hu\/hirek\/wp-json\/wp\/v2\/comments?post=4353"}],"version-history":[{"count":1,"href":"https:\/\/allasorias.hu\/hirek\/wp-json\/wp\/v2\/posts\/4353\/revisions"}],"predecessor-version":[{"id":4354,"href":"https:\/\/allasorias.hu\/hirek\/wp-json\/wp\/v2\/posts\/4353\/revisions\/4354"}],"wp:featuredmedia":[{"embeddable":true,"href":"https:\/\/allasorias.hu\/hirek\/wp-json\/wp\/v2\/media\/3791"}],"wp:attachment":[{"href":"https:\/\/allasorias.hu\/hirek\/wp-json\/wp\/v2\/media?parent=4353"}],"wp:term":[{"taxonomy":"category","embeddable":true,"href":"https:\/\/allasorias.hu\/hirek\/wp-json\/wp\/v2\/categories?post=4353"},{"taxonomy":"post_tag","embeddable":true,"href":"https:\/\/allasorias.hu\/hirek\/wp-json\/wp\/v2\/tags?post=4353"}],"curies":[{"name":"wp","href":"https:\/\/api.w.org\/{rel}","templated":true}]}}