{"id":4349,"date":"2020-11-02T08:34:06","date_gmt":"2020-11-02T08:34:06","guid":{"rendered":"https:\/\/allasorias.hu\/hirek\/?p=4349"},"modified":"2020-11-02T08:34:06","modified_gmt":"2020-11-02T08:34:06","slug":"ismet-tobb-a-munkanelkuli","status":"publish","type":"post","link":"https:\/\/allasorias.hu\/hirek\/ismet-tobb-a-munkanelkuli\/","title":{"rendered":"Ism\u00e9t t\u00f6bb a munkan\u00e9lk\u00fcli"},"content":{"rendered":"<p><strong>A \u00a0K\u00f6zponti Statisztikai Hivatal \u00f6sszes\u00edt\u00e9se szerint ism\u00e9t n\u0151tt a munkan\u00e9lk\u00fclis\u00e9g Magyarorsz\u00e1gon. Szeptemberben az el\u0151z\u0151 h\u00f3naphoz k\u00e9pest 37 ezerrel n\u0151tt a munkan\u00e9lk\u00fcliek sz\u00e1ma, ezzel 222 ezer f\u0151re emelkedett az \u00e1ll\u00e1stalanok sz\u00e1ma. A n\u0151k \u00e9s a fiatalok k\u00fcl\u00f6n\u00f6sen rossz helyzetbe ker\u00fcltek. <\/strong><\/p>\n<p>A harmadik negyed\u00e9vben, azaz a 2020. j\u00faliust\u00f3l szeptemberig terjed\u0151 id\u0151szakban csak romlottak a foglalkoztat\u00e1si adatok az el\u0151z\u0151 \u00e9vhez k\u00e9pest. A 15-74 \u00e9ves munkan\u00e9lk\u00fcliek sz\u00e1ma 46 ezer f\u0151vel, 208 ezerre, a munkan\u00e9lk\u00fclis\u00e9gi r\u00e1ta 1,0 sz\u00e1zal\u00e9kponttal, 4,4%-ra emelkedett. Ahogy azt m\u00e1r kor\u00e1bbi cikk\u00fcnkben is meg\u00edrtuk, a koronav\u00edrus okozta gazdas\u00e1gi v\u00e1ls\u00e1g t\u00f6bb ezer ember meg\u00e9lhet\u00e9s\u00e9t vesz\u00e9lyezteti. Ez t\u00f6bbek k\u00f6z\u00f6tt azzal is j\u00e1r, hogy az els\u0151 hull\u00e1m ut\u00e1ni r\u00f6vid fellend\u00fcl\u00e9st a m\u00e1sodik hull\u00e1mban ism\u00e9t egy k\u00e9ts\u00e9gbeejt\u0151 visszaes\u00e9s k\u00f6veti. A h\u00f3napok k\u00f6z\u00f6tti drasztikus visszaes\u00e9s a foglalkoztatottak ar\u00e1ny\u00e1ban is megl\u00e1tszik. Szeptemberben a foglalkoztatottak \u00e1tlagos havi l\u00e9tsz\u00e1ma 4 milli\u00f3 482 ezer f\u0151t sz\u00e1ml\u00e1lt, ez a l\u00e9tsz\u00e1m az el\u0151z\u0151 havihoz k\u00e9pest 32 ezerrel, a tavaly szeptemberi adatokhoz k\u00e9pest pedig 24 ezerrel cs\u00f6kkent. Egyre t\u00f6bben keresnek \u00e1ll\u00e1st is. A 15-64 \u00e9ves koroszt\u00e1ly aktivit\u00e1si r\u00e1t\u00e1ja 0,7 sz\u00e1zal\u00e9kponttal 73,5 sz\u00e1zal\u00e9kosra n\u0151tt. A munkaer\u0151piacon jelenl\u00e9v\u0151, gazdas\u00e1gilag akt\u00edv n\u00e9pess\u00e9g 6 ezer f\u0151vel emelkedett, az inakt\u00edvak sz\u00e1ma pedig 55 ezerrel, 1 milli\u00f3 665 ezerre cs\u00f6kkent egy \u00e9v alatt, azonban ezt a korcsoport l\u00e9leksz\u00e1m\u00e1nak 49 ezres cs\u00f6kken\u00e9se okozta. Az aktivit\u00e1si r\u00e1ta teh\u00e1t \u00f6nmag\u00e1ban nem \u00e1rulkodik pozit\u00edv folyamatokr\u00f3l. Az inakt\u00edvak nagyr\u00e9sze a korcsoportok eloszl\u00e1s\u00e1nak v\u00e1ltoz\u00e1s\u00e1val ker\u00fclt ki a statisztik\u00e1kb\u00f3l. A 15-24 \u00e9ves fiatalok k\u00f6r\u00e9ben a foglalkoztat\u00e1si r\u00e1ta 1,1 sz\u00e1zal\u00e9kponttal, 28,1 sz\u00e1zal\u00e9kra m\u00e9rs\u00e9kl\u0151d\u00f6tt, ami miatt k\u00fcl\u00f6n\u00f6sen neh\u00e9z helyzetbe ker\u00fclt koroszt\u00e1lyr\u00f3l besz\u00e9lhet\u00fcnk. Ebben a csoportban a munkan\u00e9lk\u00fcliek sz\u00e1ma 43 ezer f\u0151re emelkedett, munkan\u00e9lk\u00fclis\u00e9gi r\u00e1t\u00e1juk 2,0 sz\u00e1zal\u00e9kponttal, 13,4%-ra n\u0151tt. A nemek k\u00f6z\u00f6tti k\u00fcl\u00f6nbs\u00e9g is ki\u00e9lez\u0151d\u00f6tt, hiszen t\u00f6bb n\u0151 vesztette el az \u00e1ll\u00e1s\u00e1t mint f\u00e9rfi. A 15-64 \u00e9ves f\u00e9rfiak foglalkoztat\u00e1si r\u00e1t\u00e1ja 77,6 sz\u00e1zal\u00e9kos volt, 0,2 sz\u00e1zal\u00e9kponttal magasabb az egy \u00e9vvel kor\u00e1bbin\u00e1l, a n\u0151k foglalkoztat\u00e1si r\u00e1t\u00e1ja azonban 0,3 sz\u00e1zal\u00e9kponttal, 62,8 sz\u00e1zal\u00e9kra cs\u00f6kkent. Teh\u00e1t az am\u00fagyis jelent\u0151s k\u00fcl\u00f6nbs\u00e9get a j\u00e1rv\u00e1nyhelyzet okozta gazdas\u00e1gi v\u00e1ls\u00e1g csak tov\u00e1bb m\u00e9ly\u00edtette. A korm\u00e1ny arra hivatkozik, hogy a gazdas\u00e1gi \u00e9letk\u00e9pess\u00e9g fenntart\u00e1sa \u00e9rdek\u00e9ben nem alkalmaznak a tavaszihoz hasonl\u00f3 j\u00e1rv\u00e1ny\u00fcgyi szigor\u00edt\u00e1sokat. Azonban az egyre n\u00f6vekv\u0151 fert\u0151z\u00f6ttek sz\u00e1m\u00e1val \u00e9s a hal\u00e1loz\u00e1si r\u00e1t\u00e1kkal p\u00e1rhuzamosan munkan\u00e9lk\u00fclis\u00e9gi mutat\u00f3k is folyamatosan emelkednek.<\/p>\n<p>Forr\u00e1s: merce.hu<\/p>\n","protected":false},"excerpt":{"rendered":"<p>A \u00a0K\u00f6zponti Statisztikai Hivatal \u00f6sszes\u00edt\u00e9se szerint ism\u00e9t n\u0151tt a munkan\u00e9lk\u00fclis\u00e9g Magyarorsz\u00e1gon. Szeptemberben az el\u0151z\u0151 h\u00f3naphoz k\u00e9pest 37 ezerrel n\u0151tt a munkan\u00e9lk\u00fcliek sz\u00e1ma, ezzel 222 ezer f\u0151re emelkedett az \u00e1ll\u00e1stalanok sz\u00e1ma. A n\u0151k \u00e9s a fiatalok k\u00fcl\u00f6n\u00f6sen rossz helyzetbe ker\u00fcltek. A harmadik negyed\u00e9vben, azaz a 2020. j\u00faliust\u00f3l szeptemberig terjed\u0151 id\u0151szakban csak romlottak a foglalkoztat\u00e1si adatok az [&hellip;]<\/p>\n","protected":false},"author":1,"featured_media":4206,"comment_status":"open","ping_status":"open","sticky":false,"template":"","format":"standard","meta":{"_monsterinsights_skip_tracking":false,"footnotes":""},"categories":[200],"tags":[],"class_list":["post-4349","post","type-post","status-publish","format-standard","has-post-thumbnail","hentry","category-munkaeropiac"],"aioseo_notices":[],"aioseo_head":"\n\t\t<!-- All in One SEO 5.0.0.1 - aioseo.com -->\n\t<meta name=\"description\" content=\"A K\u00f6zponti Statisztikai Hivatal \u00f6sszes\u00edt\u00e9se szerint ism\u00e9t n\u0151tt a munkan\u00e9lk\u00fclis\u00e9g Magyarorsz\u00e1gon. Szeptemberben az el\u0151z\u0151 h\u00f3naphoz k\u00e9pest 37 ezerrel n\u0151tt a munkan\u00e9lk\u00fcliek sz\u00e1ma, ezzel 222 ezer f\u0151re emelkedett az \u00e1ll\u00e1stalanok sz\u00e1ma. A n\u0151k \u00e9s a fiatalok k\u00fcl\u00f6n\u00f6sen rossz helyzetbe ker\u00fcltek. A harmadik negyed\u00e9vben, azaz a 2020. j\u00faliust\u00f3l szeptemberig terjed\u0151 id\u0151szakban csak romlottak a foglalkoztat\u00e1si adatok az\" \/>\n\t<meta name=\"robots\" content=\"max-image-preview:large\" \/>\n\t<meta name=\"author\" content=\"Juh\u00e1sz P\u00e9ter\"\/>\n\t<link rel=\"canonical\" href=\"https:\/\/allasorias.hu\/hirek\/ismet-tobb-a-munkanelkuli\/\" \/>\n\t<meta name=\"generator\" content=\"All in One SEO (AIOSEO) 5.0.0.1\" \/>\n\t\t<meta property=\"og:locale\" content=\"hu_HU\" \/>\n\t\t<meta property=\"og:site_name\" content=\"AllasOrias.hu | H\u00edrek-lapszemle | \u00dczleti h\u00edrek az \u00e1ll\u00e1s \u00e9s a munka vil\u00e1g\u00e1b\u00f3l\" \/>\n\t\t<meta property=\"og:type\" content=\"article\" \/>\n\t\t<meta property=\"og:title\" content=\"Ism\u00e9t t\u00f6bb a munkan\u00e9lk\u00fcli | AllasOrias.hu | H\u00edrek-lapszemle\" \/>\n\t\t<meta property=\"og:description\" content=\"A K\u00f6zponti Statisztikai Hivatal \u00f6sszes\u00edt\u00e9se szerint ism\u00e9t n\u0151tt a munkan\u00e9lk\u00fclis\u00e9g Magyarorsz\u00e1gon. Szeptemberben az el\u0151z\u0151 h\u00f3naphoz k\u00e9pest 37 ezerrel n\u0151tt a munkan\u00e9lk\u00fcliek sz\u00e1ma, ezzel 222 ezer f\u0151re emelkedett az \u00e1ll\u00e1stalanok sz\u00e1ma. A n\u0151k \u00e9s a fiatalok k\u00fcl\u00f6n\u00f6sen rossz helyzetbe ker\u00fcltek. A harmadik negyed\u00e9vben, azaz a 2020. j\u00faliust\u00f3l szeptemberig terjed\u0151 id\u0151szakban csak romlottak a foglalkoztat\u00e1si adatok az\" \/>\n\t\t<meta property=\"og:url\" content=\"https:\/\/allasorias.hu\/hirek\/ismet-tobb-a-munkanelkuli\/\" \/>\n\t\t<meta property=\"og:image\" content=\"https:\/\/allasorias.hu\/hirek\/wp-content\/uploads\/2020\/08\/chart-3976152_960_720.jpg\" \/>\n\t\t<meta property=\"og:image:secure_url\" content=\"https:\/\/allasorias.hu\/hirek\/wp-content\/uploads\/2020\/08\/chart-3976152_960_720.jpg\" \/>\n\t\t<meta property=\"og:image:width\" content=\"960\" \/>\n\t\t<meta property=\"og:image:height\" content=\"639\" \/>\n\t\t<meta property=\"article:published_time\" content=\"2020-11-02T08:34:06+00:00\" \/>\n\t\t<meta property=\"article:modified_time\" content=\"2020-11-02T08:34:06+00:00\" \/>\n\t\t<meta property=\"article:publisher\" content=\"https:\/\/www.facebook.com\/allasorias\" \/>\n\t\t<meta name=\"twitter:card\" content=\"summary_large_image\" \/>\n\t\t<meta name=\"twitter:title\" content=\"Ism\u00e9t t\u00f6bb a munkan\u00e9lk\u00fcli | AllasOrias.hu | H\u00edrek-lapszemle\" \/>\n\t\t<meta name=\"twitter:description\" content=\"A K\u00f6zponti Statisztikai Hivatal \u00f6sszes\u00edt\u00e9se szerint ism\u00e9t n\u0151tt a munkan\u00e9lk\u00fclis\u00e9g Magyarorsz\u00e1gon. Szeptemberben az el\u0151z\u0151 h\u00f3naphoz k\u00e9pest 37 ezerrel n\u0151tt a munkan\u00e9lk\u00fcliek sz\u00e1ma, ezzel 222 ezer f\u0151re emelkedett az \u00e1ll\u00e1stalanok sz\u00e1ma. A n\u0151k \u00e9s a fiatalok k\u00fcl\u00f6n\u00f6sen rossz helyzetbe ker\u00fcltek. A harmadik negyed\u00e9vben, azaz a 2020. j\u00faliust\u00f3l szeptemberig terjed\u0151 id\u0151szakban csak romlottak a foglalkoztat\u00e1si adatok az\" \/>\n\t\t<meta name=\"twitter:image\" content=\"https:\/\/allasorias.hu\/hirek\/wp-content\/uploads\/2020\/08\/chart-3976152_960_720.jpg\" \/>\n\t\t<meta name=\"twitter:label1\" content=\"Written by\" \/>\n\t\t<meta name=\"twitter:data1\" content=\"Juh\u00e1sz P\u00e9ter\" \/>\n\t\t<meta name=\"twitter:label2\" content=\"Est. reading time\" \/>\n\t\t<meta name=\"twitter:data2\" content=\"3 minutes\" \/>\n\t\t<script type=\"application\/ld+json\" class=\"aioseo-schema\">\n\t\t\t{\"@context\":\"https:\\\/\\\/schema.org\",\"@graph\":[{\"@type\":\"Article\",\"@id\":\"https:\\\/\\\/allasorias.hu\\\/hirek\\\/ismet-tobb-a-munkanelkuli\\\/#article\",\"name\":\"Ism\\u00e9t t\\u00f6bb a munkan\\u00e9lk\\u00fcli | AllasOrias.hu | H\\u00edrek-lapszemle\",\"headline\":\"Ism\\u00e9t t\\u00f6bb a munkan\\u00e9lk\\u00fcli\",\"author\":{\"@id\":\"https:\\\/\\\/allasorias.hu\\\/hirek\\\/author\\\/admin-allasorias\\\/#author\"},\"publisher\":{\"@id\":\"https:\\\/\\\/allasorias.hu\\\/hirek\\\/#organization\"},\"image\":{\"@type\":\"ImageObject\",\"url\":\"https:\\\/\\\/allasorias.hu\\\/hirek\\\/wp-content\\\/uploads\\\/2020\\\/08\\\/chart-3976152_960_720.jpg\",\"width\":960,\"height\":639},\"datePublished\":\"2020-11-02T08:34:06+02:00\",\"dateModified\":\"2020-11-02T08:34:06+02:00\",\"inLanguage\":\"hu-HU\",\"mainEntityOfPage\":{\"@id\":\"https:\\\/\\\/allasorias.hu\\\/hirek\\\/ismet-tobb-a-munkanelkuli\\\/#webpage\"},\"isPartOf\":{\"@id\":\"https:\\\/\\\/allasorias.hu\\\/hirek\\\/ismet-tobb-a-munkanelkuli\\\/#webpage\"},\"articleSection\":\"Munkaer\\u0151piac\"},{\"@type\":\"BreadcrumbList\",\"@id\":\"https:\\\/\\\/allasorias.hu\\\/hirek\\\/ismet-tobb-a-munkanelkuli\\\/#breadcrumblist\",\"itemListElement\":[{\"@type\":\"ListItem\",\"@id\":\"https:\\\/\\\/allasorias.hu\\\/hirek#listItem\",\"position\":1,\"name\":\"Home\",\"item\":\"https:\\\/\\\/allasorias.hu\\\/hirek\",\"nextItem\":{\"@type\":\"ListItem\",\"@id\":\"https:\\\/\\\/allasorias.hu\\\/hirek\\\/temak\\\/munkaeropiac\\\/#listItem\",\"name\":\"Munkaer\\u0151piac\"}},{\"@type\":\"ListItem\",\"@id\":\"https:\\\/\\\/allasorias.hu\\\/hirek\\\/temak\\\/munkaeropiac\\\/#listItem\",\"position\":2,\"name\":\"Munkaer\\u0151piac\",\"item\":\"https:\\\/\\\/allasorias.hu\\\/hirek\\\/temak\\\/munkaeropiac\\\/\",\"nextItem\":{\"@type\":\"ListItem\",\"@id\":\"https:\\\/\\\/allasorias.hu\\\/hirek\\\/ismet-tobb-a-munkanelkuli\\\/#listItem\",\"name\":\"Ism\\u00e9t t\\u00f6bb a munkan\\u00e9lk\\u00fcli\"},\"previousItem\":{\"@type\":\"ListItem\",\"@id\":\"https:\\\/\\\/allasorias.hu\\\/hirek#listItem\",\"name\":\"Home\"}},{\"@type\":\"ListItem\",\"@id\":\"https:\\\/\\\/allasorias.hu\\\/hirek\\\/ismet-tobb-a-munkanelkuli\\\/#listItem\",\"position\":3,\"name\":\"Ism\\u00e9t t\\u00f6bb a munkan\\u00e9lk\\u00fcli\",\"previousItem\":{\"@type\":\"ListItem\",\"@id\":\"https:\\\/\\\/allasorias.hu\\\/hirek\\\/temak\\\/munkaeropiac\\\/#listItem\",\"name\":\"Munkaer\\u0151piac\"}}]},{\"@type\":\"Organization\",\"@id\":\"https:\\\/\\\/allasorias.hu\\\/hirek\\\/#organization\",\"name\":\"AllasOrias.hu | H\\u00edrek-lapszemle\",\"description\":\"\\u00dczleti h\\u00edrek az \\u00e1ll\\u00e1s \\u00e9s a munka vil\\u00e1g\\u00e1b\\u00f3l\",\"url\":\"https:\\\/\\\/allasorias.hu\\\/hirek\\\/\",\"logo\":{\"@type\":\"ImageObject\",\"url\":\"https:\\\/\\\/allasorias.hu\\\/hirek\\\/wp-content\\\/uploads\\\/2022\\\/10\\\/allasorias_site_facebok_logo.png\",\"@id\":\"https:\\\/\\\/allasorias.hu\\\/hirek\\\/ismet-tobb-a-munkanelkuli\\\/#organizationLogo\"},\"image\":{\"@id\":\"https:\\\/\\\/allasorias.hu\\\/hirek\\\/ismet-tobb-a-munkanelkuli\\\/#organizationLogo\"},\"sameAs\":[\"https:\\\/\\\/www.facebook.com\\\/allasorias\",\"https:\\\/\\\/www.linkedin.com\\\/company\\\/allasorias\"]},{\"@type\":\"Person\",\"@id\":\"https:\\\/\\\/allasorias.hu\\\/hirek\\\/author\\\/admin-allasorias\\\/#author\",\"url\":\"https:\\\/\\\/allasorias.hu\\\/hirek\\\/author\\\/admin-allasorias\\\/\",\"name\":\"Juh\\u00e1sz P\\u00e9ter\",\"image\":{\"@type\":\"ImageObject\",\"@id\":\"https:\\\/\\\/allasorias.hu\\\/hirek\\\/ismet-tobb-a-munkanelkuli\\\/#authorImage\",\"url\":\"https:\\\/\\\/secure.gravatar.com\\\/avatar\\\/36e6bcb83148978b992977cb0f54d22feb0cce8a0a849a9410532bb2623ba4c6?s=96&d=mm&r=g\",\"width\":96,\"height\":96,\"caption\":\"Juh\\u00e1sz P\\u00e9ter\"}},{\"@type\":\"WebPage\",\"@id\":\"https:\\\/\\\/allasorias.hu\\\/hirek\\\/ismet-tobb-a-munkanelkuli\\\/#webpage\",\"url\":\"https:\\\/\\\/allasorias.hu\\\/hirek\\\/ismet-tobb-a-munkanelkuli\\\/\",\"name\":\"Ism\\u00e9t t\\u00f6bb a munkan\\u00e9lk\\u00fcli | AllasOrias.hu | H\\u00edrek-lapszemle\",\"description\":\"A K\\u00f6zponti Statisztikai Hivatal \\u00f6sszes\\u00edt\\u00e9se szerint ism\\u00e9t n\\u0151tt a munkan\\u00e9lk\\u00fclis\\u00e9g Magyarorsz\\u00e1gon. Szeptemberben az el\\u0151z\\u0151 h\\u00f3naphoz k\\u00e9pest 37 ezerrel n\\u0151tt a munkan\\u00e9lk\\u00fcliek sz\\u00e1ma, ezzel 222 ezer f\\u0151re emelkedett az \\u00e1ll\\u00e1stalanok sz\\u00e1ma. A n\\u0151k \\u00e9s a fiatalok k\\u00fcl\\u00f6n\\u00f6sen rossz helyzetbe ker\\u00fcltek. A harmadik negyed\\u00e9vben, azaz a 2020. j\\u00faliust\\u00f3l szeptemberig terjed\\u0151 id\\u0151szakban csak romlottak a foglalkoztat\\u00e1si adatok az\",\"inLanguage\":\"hu-HU\",\"isPartOf\":{\"@id\":\"https:\\\/\\\/allasorias.hu\\\/hirek\\\/#website\"},\"breadcrumb\":{\"@id\":\"https:\\\/\\\/allasorias.hu\\\/hirek\\\/ismet-tobb-a-munkanelkuli\\\/#breadcrumblist\"},\"author\":{\"@id\":\"https:\\\/\\\/allasorias.hu\\\/hirek\\\/author\\\/admin-allasorias\\\/#author\"},\"creator\":{\"@id\":\"https:\\\/\\\/allasorias.hu\\\/hirek\\\/author\\\/admin-allasorias\\\/#author\"},\"image\":{\"@type\":\"ImageObject\",\"url\":\"https:\\\/\\\/allasorias.hu\\\/hirek\\\/wp-content\\\/uploads\\\/2020\\\/08\\\/chart-3976152_960_720.jpg\",\"@id\":\"https:\\\/\\\/allasorias.hu\\\/hirek\\\/ismet-tobb-a-munkanelkuli\\\/#mainImage\",\"width\":960,\"height\":639},\"primaryImageOfPage\":{\"@id\":\"https:\\\/\\\/allasorias.hu\\\/hirek\\\/ismet-tobb-a-munkanelkuli\\\/#mainImage\"},\"datePublished\":\"2020-11-02T08:34:06+02:00\",\"dateModified\":\"2020-11-02T08:34:06+02:00\"},{\"@type\":\"WebSite\",\"@id\":\"https:\\\/\\\/allasorias.hu\\\/hirek\\\/#website\",\"url\":\"https:\\\/\\\/allasorias.hu\\\/hirek\\\/\",\"name\":\"AllasOrias.hu | H\\u00edrek-lapszemle\",\"description\":\"\\u00dczleti h\\u00edrek az \\u00e1ll\\u00e1s \\u00e9s a munka vil\\u00e1g\\u00e1b\\u00f3l\",\"inLanguage\":\"hu-HU\",\"publisher\":{\"@id\":\"https:\\\/\\\/allasorias.hu\\\/hirek\\\/#organization\"}}]}\n\t\t<\/script>\n\t\t<!-- All in One SEO -->\n\n","aioseo_head_json":{"title":"Ism\u00e9t t\u00f6bb a munkan\u00e9lk\u00fcli | AllasOrias.hu | H\u00edrek-lapszemle","description":"A K\u00f6zponti Statisztikai Hivatal \u00f6sszes\u00edt\u00e9se szerint ism\u00e9t n\u0151tt a munkan\u00e9lk\u00fclis\u00e9g Magyarorsz\u00e1gon. Szeptemberben az el\u0151z\u0151 h\u00f3naphoz k\u00e9pest 37 ezerrel n\u0151tt a munkan\u00e9lk\u00fcliek sz\u00e1ma, ezzel 222 ezer f\u0151re emelkedett az \u00e1ll\u00e1stalanok sz\u00e1ma. A n\u0151k \u00e9s a fiatalok k\u00fcl\u00f6n\u00f6sen rossz helyzetbe ker\u00fcltek. A harmadik negyed\u00e9vben, azaz a 2020. j\u00faliust\u00f3l szeptemberig terjed\u0151 id\u0151szakban csak romlottak a foglalkoztat\u00e1si adatok az","canonical_url":"https:\/\/allasorias.hu\/hirek\/ismet-tobb-a-munkanelkuli\/","robots":"max-image-preview:large","keywords":"","webmasterTools":{"miscellaneous":""},"schema":{"@context":"https:\/\/schema.org","@graph":[{"@type":"Article","@id":"https:\/\/allasorias.hu\/hirek\/ismet-tobb-a-munkanelkuli\/#article","name":"Ism\u00e9t t\u00f6bb a munkan\u00e9lk\u00fcli | AllasOrias.hu | H\u00edrek-lapszemle","headline":"Ism\u00e9t t\u00f6bb a munkan\u00e9lk\u00fcli","author":{"@id":"https:\/\/allasorias.hu\/hirek\/author\/admin-allasorias\/#author"},"publisher":{"@id":"https:\/\/allasorias.hu\/hirek\/#organization"},"image":{"@type":"ImageObject","url":"https:\/\/allasorias.hu\/hirek\/wp-content\/uploads\/2020\/08\/chart-3976152_960_720.jpg","width":960,"height":639},"datePublished":"2020-11-02T08:34:06+02:00","dateModified":"2020-11-02T08:34:06+02:00","inLanguage":"hu-HU","mainEntityOfPage":{"@id":"https:\/\/allasorias.hu\/hirek\/ismet-tobb-a-munkanelkuli\/#webpage"},"isPartOf":{"@id":"https:\/\/allasorias.hu\/hirek\/ismet-tobb-a-munkanelkuli\/#webpage"},"articleSection":"Munkaer\u0151piac"},{"@type":"BreadcrumbList","@id":"https:\/\/allasorias.hu\/hirek\/ismet-tobb-a-munkanelkuli\/#breadcrumblist","itemListElement":[{"@type":"ListItem","@id":"https:\/\/allasorias.hu\/hirek#listItem","position":1,"name":"Home","item":"https:\/\/allasorias.hu\/hirek","nextItem":{"@type":"ListItem","@id":"https:\/\/allasorias.hu\/hirek\/temak\/munkaeropiac\/#listItem","name":"Munkaer\u0151piac"}},{"@type":"ListItem","@id":"https:\/\/allasorias.hu\/hirek\/temak\/munkaeropiac\/#listItem","position":2,"name":"Munkaer\u0151piac","item":"https:\/\/allasorias.hu\/hirek\/temak\/munkaeropiac\/","nextItem":{"@type":"ListItem","@id":"https:\/\/allasorias.hu\/hirek\/ismet-tobb-a-munkanelkuli\/#listItem","name":"Ism\u00e9t t\u00f6bb a munkan\u00e9lk\u00fcli"},"previousItem":{"@type":"ListItem","@id":"https:\/\/allasorias.hu\/hirek#listItem","name":"Home"}},{"@type":"ListItem","@id":"https:\/\/allasorias.hu\/hirek\/ismet-tobb-a-munkanelkuli\/#listItem","position":3,"name":"Ism\u00e9t t\u00f6bb a munkan\u00e9lk\u00fcli","previousItem":{"@type":"ListItem","@id":"https:\/\/allasorias.hu\/hirek\/temak\/munkaeropiac\/#listItem","name":"Munkaer\u0151piac"}}]},{"@type":"Organization","@id":"https:\/\/allasorias.hu\/hirek\/#organization","name":"AllasOrias.hu | H\u00edrek-lapszemle","description":"\u00dczleti h\u00edrek az \u00e1ll\u00e1s \u00e9s a munka vil\u00e1g\u00e1b\u00f3l","url":"https:\/\/allasorias.hu\/hirek\/","logo":{"@type":"ImageObject","url":"https:\/\/allasorias.hu\/hirek\/wp-content\/uploads\/2022\/10\/allasorias_site_facebok_logo.png","@id":"https:\/\/allasorias.hu\/hirek\/ismet-tobb-a-munkanelkuli\/#organizationLogo"},"image":{"@id":"https:\/\/allasorias.hu\/hirek\/ismet-tobb-a-munkanelkuli\/#organizationLogo"},"sameAs":["https:\/\/www.facebook.com\/allasorias","https:\/\/www.linkedin.com\/company\/allasorias"]},{"@type":"Person","@id":"https:\/\/allasorias.hu\/hirek\/author\/admin-allasorias\/#author","url":"https:\/\/allasorias.hu\/hirek\/author\/admin-allasorias\/","name":"Juh\u00e1sz P\u00e9ter","image":{"@type":"ImageObject","@id":"https:\/\/allasorias.hu\/hirek\/ismet-tobb-a-munkanelkuli\/#authorImage","url":"https:\/\/secure.gravatar.com\/avatar\/36e6bcb83148978b992977cb0f54d22feb0cce8a0a849a9410532bb2623ba4c6?s=96&d=mm&r=g","width":96,"height":96,"caption":"Juh\u00e1sz P\u00e9ter"}},{"@type":"WebPage","@id":"https:\/\/allasorias.hu\/hirek\/ismet-tobb-a-munkanelkuli\/#webpage","url":"https:\/\/allasorias.hu\/hirek\/ismet-tobb-a-munkanelkuli\/","name":"Ism\u00e9t t\u00f6bb a munkan\u00e9lk\u00fcli | AllasOrias.hu | H\u00edrek-lapszemle","description":"A K\u00f6zponti Statisztikai Hivatal \u00f6sszes\u00edt\u00e9se szerint ism\u00e9t n\u0151tt a munkan\u00e9lk\u00fclis\u00e9g Magyarorsz\u00e1gon. Szeptemberben az el\u0151z\u0151 h\u00f3naphoz k\u00e9pest 37 ezerrel n\u0151tt a munkan\u00e9lk\u00fcliek sz\u00e1ma, ezzel 222 ezer f\u0151re emelkedett az \u00e1ll\u00e1stalanok sz\u00e1ma. A n\u0151k \u00e9s a fiatalok k\u00fcl\u00f6n\u00f6sen rossz helyzetbe ker\u00fcltek. A harmadik negyed\u00e9vben, azaz a 2020. j\u00faliust\u00f3l szeptemberig terjed\u0151 id\u0151szakban csak romlottak a foglalkoztat\u00e1si adatok az","inLanguage":"hu-HU","isPartOf":{"@id":"https:\/\/allasorias.hu\/hirek\/#website"},"breadcrumb":{"@id":"https:\/\/allasorias.hu\/hirek\/ismet-tobb-a-munkanelkuli\/#breadcrumblist"},"author":{"@id":"https:\/\/allasorias.hu\/hirek\/author\/admin-allasorias\/#author"},"creator":{"@id":"https:\/\/allasorias.hu\/hirek\/author\/admin-allasorias\/#author"},"image":{"@type":"ImageObject","url":"https:\/\/allasorias.hu\/hirek\/wp-content\/uploads\/2020\/08\/chart-3976152_960_720.jpg","@id":"https:\/\/allasorias.hu\/hirek\/ismet-tobb-a-munkanelkuli\/#mainImage","width":960,"height":639},"primaryImageOfPage":{"@id":"https:\/\/allasorias.hu\/hirek\/ismet-tobb-a-munkanelkuli\/#mainImage"},"datePublished":"2020-11-02T08:34:06+02:00","dateModified":"2020-11-02T08:34:06+02:00"},{"@type":"WebSite","@id":"https:\/\/allasorias.hu\/hirek\/#website","url":"https:\/\/allasorias.hu\/hirek\/","name":"AllasOrias.hu | H\u00edrek-lapszemle","description":"\u00dczleti h\u00edrek az \u00e1ll\u00e1s \u00e9s a munka vil\u00e1g\u00e1b\u00f3l","inLanguage":"hu-HU","publisher":{"@id":"https:\/\/allasorias.hu\/hirek\/#organization"}}]},"og:locale":"hu_HU","og:site_name":"AllasOrias.hu | H\u00edrek-lapszemle | \u00dczleti h\u00edrek az \u00e1ll\u00e1s \u00e9s a munka vil\u00e1g\u00e1b\u00f3l","og:type":"article","og:title":"Ism\u00e9t t\u00f6bb a munkan\u00e9lk\u00fcli | AllasOrias.hu | H\u00edrek-lapszemle","og:description":"A K\u00f6zponti Statisztikai Hivatal \u00f6sszes\u00edt\u00e9se szerint ism\u00e9t n\u0151tt a munkan\u00e9lk\u00fclis\u00e9g Magyarorsz\u00e1gon. Szeptemberben az el\u0151z\u0151 h\u00f3naphoz k\u00e9pest 37 ezerrel n\u0151tt a munkan\u00e9lk\u00fcliek sz\u00e1ma, ezzel 222 ezer f\u0151re emelkedett az \u00e1ll\u00e1stalanok sz\u00e1ma. A n\u0151k \u00e9s a fiatalok k\u00fcl\u00f6n\u00f6sen rossz helyzetbe ker\u00fcltek. A harmadik negyed\u00e9vben, azaz a 2020. j\u00faliust\u00f3l szeptemberig terjed\u0151 id\u0151szakban csak romlottak a foglalkoztat\u00e1si adatok az","og:url":"https:\/\/allasorias.hu\/hirek\/ismet-tobb-a-munkanelkuli\/","og:image":"https:\/\/allasorias.hu\/hirek\/wp-content\/uploads\/2020\/08\/chart-3976152_960_720.jpg","og:image:secure_url":"https:\/\/allasorias.hu\/hirek\/wp-content\/uploads\/2020\/08\/chart-3976152_960_720.jpg","og:image:width":960,"og:image:height":639,"article:published_time":"2020-11-02T08:34:06+00:00","article:modified_time":"2020-11-02T08:34:06+00:00","article:publisher":"https:\/\/www.facebook.com\/allasorias","twitter:card":"summary_large_image","twitter:title":"Ism\u00e9t t\u00f6bb a munkan\u00e9lk\u00fcli | AllasOrias.hu | H\u00edrek-lapszemle","twitter:description":"A K\u00f6zponti Statisztikai Hivatal \u00f6sszes\u00edt\u00e9se szerint ism\u00e9t n\u0151tt a munkan\u00e9lk\u00fclis\u00e9g Magyarorsz\u00e1gon. Szeptemberben az el\u0151z\u0151 h\u00f3naphoz k\u00e9pest 37 ezerrel n\u0151tt a munkan\u00e9lk\u00fcliek sz\u00e1ma, ezzel 222 ezer f\u0151re emelkedett az \u00e1ll\u00e1stalanok sz\u00e1ma. A n\u0151k \u00e9s a fiatalok k\u00fcl\u00f6n\u00f6sen rossz helyzetbe ker\u00fcltek. A harmadik negyed\u00e9vben, azaz a 2020. j\u00faliust\u00f3l szeptemberig terjed\u0151 id\u0151szakban csak romlottak a foglalkoztat\u00e1si adatok az","twitter:image":"https:\/\/allasorias.hu\/hirek\/wp-content\/uploads\/2020\/08\/chart-3976152_960_720.jpg","twitter:label1":"Written by","twitter:data1":"Juh\u00e1sz P\u00e9ter","twitter:label2":"Est. reading time","twitter:data2":"3 minutes"},"aioseo_meta_data":{"post_id":"4349","title":null,"description":"","keywords":"","keyphrases":null,"primary_term":null,"canonical_url":"","og_title":null,"og_description":null,"og_object_type":"default","og_image_type":"default","og_image_url":null,"og_image_width":null,"og_image_height":null,"og_image_custom_url":null,"og_image_custom_fields":null,"og_video":null,"og_custom_url":null,"og_article_section":null,"og_article_tags":null,"twitter_use_og":false,"twitter_card":"default","twitter_image_type":"default","twitter_image_url":null,"twitter_image_custom_url":null,"twitter_image_custom_fields":null,"twitter_title":null,"twitter_description":null,"schema":{"blockGraphs":[],"customGraphs":[],"default":{"data":{"Article":[],"Course":[],"Dataset":[],"FAQPage":[],"Movie":[],"Person":[],"Product":[],"ProductReview":[],"Car":[],"Recipe":[],"Service":[],"SoftwareApplication":[],"WebPage":[]},"graphName":"","isEnabled":true},"graphs":[],"defaultGraph":"","defaultPostTypeGraph":""},"schema_type":null,"schema_type_options":null,"pillar_content":false,"robots_default":true,"robots_noindex":false,"robots_noarchive":false,"robots_nosnippet":false,"robots_nofollow":false,"robots_noimageindex":false,"robots_noodp":false,"robots_notranslate":false,"robots_max_snippet":null,"robots_max_videopreview":null,"robots_max_imagepreview":"large","priority":null,"frequency":null,"location":null,"local_seo":null,"breadcrumb_settings":null,"limit_modified_date":false,"ai":null,"created":"2021-02-01 20:46:00","updated":"2025-10-02 14:59:39","seo_analyzer_scan_date":null,"focus_keyword":null,"additional_keywords":null,"truseo_locale":null},"aioseo_breadcrumb":"<div class=\"aioseo-breadcrumbs\"><span class=\"aioseo-breadcrumb\">\n\t\t\t<a href=\"https:\/\/allasorias.hu\/hirek\" title=\"Home\">Home<\/a>\n\t\t<\/span><span class=\"aioseo-breadcrumb-separator\">&raquo;<\/span><span class=\"aioseo-breadcrumb\">\n\t\t\t<a href=\"https:\/\/allasorias.hu\/hirek\/temak\/munkaeropiac\/\" title=\"Munkaer\u0151piac\">Munkaer\u0151piac<\/a>\n\t\t<\/span><span class=\"aioseo-breadcrumb-separator\">&raquo;<\/span><span class=\"aioseo-breadcrumb\">\n\t\t\tIsm\u00e9t t\u00f6bb a munkan\u00e9lk\u00fcli\n\t\t<\/span><\/div>","aioseo_breadcrumb_json":[{"label":"Home","link":"https:\/\/allasorias.hu\/hirek"},{"label":"Munkaer\u0151piac","link":"https:\/\/allasorias.hu\/hirek\/temak\/munkaeropiac\/"},{"label":"Ism\u00e9t t\u00f6bb a munkan\u00e9lk\u00fcli","link":"https:\/\/allasorias.hu\/hirek\/ismet-tobb-a-munkanelkuli\/"}],"_links":{"self":[{"href":"https:\/\/allasorias.hu\/hirek\/wp-json\/wp\/v2\/posts\/4349","targetHints":{"allow":["GET"]}}],"collection":[{"href":"https:\/\/allasorias.hu\/hirek\/wp-json\/wp\/v2\/posts"}],"about":[{"href":"https:\/\/allasorias.hu\/hirek\/wp-json\/wp\/v2\/types\/post"}],"author":[{"embeddable":true,"href":"https:\/\/allasorias.hu\/hirek\/wp-json\/wp\/v2\/users\/1"}],"replies":[{"embeddable":true,"href":"https:\/\/allasorias.hu\/hirek\/wp-json\/wp\/v2\/comments?post=4349"}],"version-history":[{"count":1,"href":"https:\/\/allasorias.hu\/hirek\/wp-json\/wp\/v2\/posts\/4349\/revisions"}],"predecessor-version":[{"id":4350,"href":"https:\/\/allasorias.hu\/hirek\/wp-json\/wp\/v2\/posts\/4349\/revisions\/4350"}],"wp:featuredmedia":[{"embeddable":true,"href":"https:\/\/allasorias.hu\/hirek\/wp-json\/wp\/v2\/media\/4206"}],"wp:attachment":[{"href":"https:\/\/allasorias.hu\/hirek\/wp-json\/wp\/v2\/media?parent=4349"}],"wp:term":[{"taxonomy":"category","embeddable":true,"href":"https:\/\/allasorias.hu\/hirek\/wp-json\/wp\/v2\/categories?post=4349"},{"taxonomy":"post_tag","embeddable":true,"href":"https:\/\/allasorias.hu\/hirek\/wp-json\/wp\/v2\/tags?post=4349"}],"curies":[{"name":"wp","href":"https:\/\/api.w.org\/{rel}","templated":true}]}}