{"id":4330,"date":"2020-10-22T08:08:47","date_gmt":"2020-10-22T08:08:47","guid":{"rendered":"https:\/\/allasorias.hu\/hirek\/?p=4330"},"modified":"2020-10-22T08:08:47","modified_gmt":"2020-10-22T08:08:47","slug":"a-kisgyermekes-szulok-munkaba-allasasat-osztonzik","status":"publish","type":"post","link":"https:\/\/allasorias.hu\/hirek\/a-kisgyermekes-szulok-munkaba-allasasat-osztonzik\/","title":{"rendered":"A kisgyermekes sz\u00fcl\u0151k munk\u00e1ba \u00e1ll\u00e1s\u00e1s\u00e1t \u00f6szt\u00f6nzik"},"content":{"rendered":"<p><strong>A kisgyermekes sz\u00fcl\u0151k munk\u00e1ba \u00e1ll\u00e1s\u00e1t szeretn\u00e9 seg\u00edteni a korm\u00e1ny \u00faj programj\u00e1val. Havi 100 ezer forintos \u00f6szt\u00f6nd\u00edjjal egybek\u00f6t\u00f6tt k\u00e9pz\u00e9si lehet\u0151s\u00e9geket tartalmaz\u00f3 p\u00e1ly\u00e1zatot ind\u00edtott akorm\u00e1ny &#8211; mondta az Innov\u00e1ci\u00f3s \u00e9s Technol\u00f3giai Miniszt\u00e9rium (ITM) foglalkoztat\u00e1spolitik\u00e1\u00e9rt felel\u0151s \u00e1llamtitk\u00e1ra a \u00a0Budapesten tartott sajt\u00f3t\u00e1j\u00e9koztat\u00f3n.<\/strong><\/p>\n<p>Bod\u00f3 S\u00e1ndor hozz\u00e1tette, a program lehet\u0151s\u00e9get ad az \u00e1ltal\u00e1nos iskola 5-8. oszt\u00e1lyainak, illetve a k\u00f6z\u00e9pfok\u00fa oktat\u00e1si int\u00e9zm\u00e9ny 9-12. oszt\u00e1lyainak elv\u00e9gz\u00e9s\u00e9re, a jelentkez\u0151 azonban d\u00f6nthet \u00fagy is, hogy ink\u00e1bb iskolarendszer\u0171 oktat\u00e1sban vagy feln\u0151ttk\u00e9pz\u00e9sben az Orsz\u00e1gos K\u00e9pz\u00e9si Jegyz\u00e9kben szerepl\u0151 szakk\u00e9pz\u00e9st v\u00e1lasztja. Kiemelte, a programban el\u00e9rhet\u0151 \u00f6szt\u00f6nd\u00edj-t\u00e1mogat\u00e1s m\u00e9rt\u00e9ke legfeljebb 12 h\u00f3napig havi 100 ezer forint, amelyet a p\u00e1ly\u00e1z\u00f3 egyebek mellett a k\u00e9pz\u00e9s helysz\u00edn\u00e9re utaz\u00e1s finansz\u00edroz\u00e1s\u00e1ra is felhaszn\u00e1lhat. K\u00f6z\u00f6lte, hogy az \u00f6szt\u00f6nd\u00edj \u00f6sszeg\u00e9b\u0151l &#8211; a k\u00e9pz\u00e9s sikeres elv\u00e9gz\u00e9s\u00e9nek \u00f6szt\u00f6nz\u00e9se \u00e9rdek\u00e9ben &#8211; minden h\u00f3napban 40 000 forintot visszatartanak, amelyb\u0151l 20 000 forintot akkor tudnak biztos\u00edtani, ha a programban r\u00e9sztvev\u0151 eljut a k\u00e9pz\u00e9st lez\u00e1r\u00f3 vizsg\u00e1ra, a m\u00e1sik 20 000 forintot pedig akkor, ha sikeresen le is teszi a vizsg\u00e1t. Mindezt egy\u00f6sszegben foly\u00f3s\u00edtj\u00e1k majd a r\u00e9sztvev\u0151k sz\u00e1m\u00e1ra. Bod\u00f3 S\u00e1ndor elmondta, a 3 milli\u00e1rd forintos keret\u00f6sszeggel meghirdetett program c\u00e9lja, hogy 2022. december 31-ig legal\u00e1bb 2500 kisgyermekes sz\u00fcl\u0151 k\u00e9pz\u00e9se val\u00f3suljon meg. Az \u00e1llamtitk\u00e1r sz\u00f3lt arr\u00f3l is, hogy a programban az \u00f6szt\u00f6nd\u00edjjal t\u00e1mogatott k\u00e9pz\u00e9sekre, azok a 18 \u00e9vn\u00e9l id\u0151sebb, Magyarorsz\u00e1gon &#8211; de nem Budapesten vagy Pest megy\u00e9ben &#8211; \u00e9l\u0151k jelentkezhetnek, akik csecsem\u0151gondoz\u00e1si d\u00edjban, gyermekgondoz\u00e1si d\u00edjban, gyermekgondoz\u00e1st seg\u00edt\u0151 ell\u00e1t\u00e1sban, vagy gyermeknevel\u00e9si t\u00e1mogat\u00e1sban r\u00e9szes\u00fclnek. Felt\u00e9tel m\u00e9g, hogy a jelentkez\u0151knek rendelkezni\u00fck kell \u00fcgyf\u00e9lkapu regisztr\u00e1ci\u00f3val \u00e9s banksz\u00e1ml\u00e1val, iskolai v\u00e9gzetts\u00e9g\u00fck pedig nem haladhatja meg a k\u00f6z\u00e9pfok\u00fa v\u00e9gzetts\u00e9get. A &#8222;Kisgyermeket nevel\u0151 sz\u00fcl\u0151k k\u00e9pz\u00e9s\u00e9nek el\u0151seg\u00edt\u00e9se, \u00f6szt\u00f6nd\u00edja \u00e9s elhelyezked\u00e9s\u00fck t\u00e1mogat\u00e1sa&#8221; c\u00edm\u0171 p\u00e1ly\u00e1zatban meghirdetett, \u00f6szt\u00f6nd\u00edjjal t\u00e1mogatott k\u00e9pz\u00e9sekre az \u00e9rdekl\u0151d\u0151k okt\u00f3ber 21-t\u0151l jelentkezhetnek a Magyar \u00c1llamkincst\u00e1r weboldal\u00e1n (www.allamkincstar.gov.hu).A programot a Magyar \u00c1llamkincst\u00e1r, a KINCSINFO Nonprofit Kft. \u00e9s az OFA Orsz\u00e1gos Foglalkoztat\u00e1si K\u00f6zhaszn\u00fa Nonprofit Kft. egy\u00fctt val\u00f3s\u00edtja meg.<\/p>\n<p>Forr\u00e1s: penzcentrum.hu<\/p>\n","protected":false},"excerpt":{"rendered":"<p>A kisgyermekes sz\u00fcl\u0151k munk\u00e1ba \u00e1ll\u00e1s\u00e1t szeretn\u00e9 seg\u00edteni a korm\u00e1ny \u00faj programj\u00e1val. Havi 100 ezer forintos \u00f6szt\u00f6nd\u00edjjal egybek\u00f6t\u00f6tt k\u00e9pz\u00e9si lehet\u0151s\u00e9geket tartalmaz\u00f3 p\u00e1ly\u00e1zatot ind\u00edtott akorm\u00e1ny &#8211; mondta az Innov\u00e1ci\u00f3s \u00e9s Technol\u00f3giai Miniszt\u00e9rium (ITM) foglalkoztat\u00e1spolitik\u00e1\u00e9rt felel\u0151s \u00e1llamtitk\u00e1ra a \u00a0Budapesten tartott sajt\u00f3t\u00e1j\u00e9koztat\u00f3n. Bod\u00f3 S\u00e1ndor hozz\u00e1tette, a program lehet\u0151s\u00e9get ad az \u00e1ltal\u00e1nos iskola 5-8. oszt\u00e1lyainak, illetve a k\u00f6z\u00e9pfok\u00fa oktat\u00e1si int\u00e9zm\u00e9ny [&hellip;]<\/p>\n","protected":false},"author":1,"featured_media":3091,"comment_status":"open","ping_status":"open","sticky":false,"template":"","format":"standard","meta":{"_monsterinsights_skip_tracking":false,"footnotes":""},"categories":[1,200],"tags":[],"class_list":["post-4330","post","type-post","status-publish","format-standard","has-post-thumbnail","hentry","category-allaskereses","category-munkaeropiac"],"aioseo_notices":[],"aioseo_head":"\n\t\t<!-- All in One SEO 5.0.0.1 - aioseo.com -->\n\t<meta name=\"description\" content=\"A kisgyermekes sz\u00fcl\u0151k munk\u00e1ba \u00e1ll\u00e1s\u00e1t szeretn\u00e9 seg\u00edteni a korm\u00e1ny \u00faj programj\u00e1val. Havi 100 ezer forintos \u00f6szt\u00f6nd\u00edjjal egybek\u00f6t\u00f6tt k\u00e9pz\u00e9si lehet\u0151s\u00e9geket tartalmaz\u00f3 p\u00e1ly\u00e1zatot ind\u00edtott akorm\u00e1ny - mondta az Innov\u00e1ci\u00f3s \u00e9s Technol\u00f3giai Miniszt\u00e9rium (ITM) foglalkoztat\u00e1spolitik\u00e1\u00e9rt felel\u0151s \u00e1llamtitk\u00e1ra a Budapesten tartott sajt\u00f3t\u00e1j\u00e9koztat\u00f3n. Bod\u00f3 S\u00e1ndor hozz\u00e1tette, a program lehet\u0151s\u00e9get ad az \u00e1ltal\u00e1nos iskola 5-8. oszt\u00e1lyainak, illetve a k\u00f6z\u00e9pfok\u00fa oktat\u00e1si int\u00e9zm\u00e9ny\" \/>\n\t<meta name=\"robots\" content=\"max-image-preview:large\" \/>\n\t<meta name=\"author\" content=\"Juh\u00e1sz P\u00e9ter\"\/>\n\t<link rel=\"canonical\" href=\"https:\/\/allasorias.hu\/hirek\/a-kisgyermekes-szulok-munkaba-allasasat-osztonzik\/\" \/>\n\t<meta name=\"generator\" content=\"All in One SEO (AIOSEO) 5.0.0.1\" \/>\n\t\t<meta property=\"og:locale\" content=\"hu_HU\" \/>\n\t\t<meta property=\"og:site_name\" content=\"AllasOrias.hu | H\u00edrek-lapszemle | \u00dczleti h\u00edrek az \u00e1ll\u00e1s \u00e9s a munka vil\u00e1g\u00e1b\u00f3l\" \/>\n\t\t<meta property=\"og:type\" content=\"article\" \/>\n\t\t<meta property=\"og:title\" content=\"A kisgyermekes sz\u00fcl\u0151k munk\u00e1ba \u00e1ll\u00e1s\u00e1s\u00e1t \u00f6szt\u00f6nzik | AllasOrias.hu | H\u00edrek-lapszemle\" \/>\n\t\t<meta property=\"og:description\" content=\"A kisgyermekes sz\u00fcl\u0151k munk\u00e1ba \u00e1ll\u00e1s\u00e1t szeretn\u00e9 seg\u00edteni a korm\u00e1ny \u00faj programj\u00e1val. Havi 100 ezer forintos \u00f6szt\u00f6nd\u00edjjal egybek\u00f6t\u00f6tt k\u00e9pz\u00e9si lehet\u0151s\u00e9geket tartalmaz\u00f3 p\u00e1ly\u00e1zatot ind\u00edtott akorm\u00e1ny - mondta az Innov\u00e1ci\u00f3s \u00e9s Technol\u00f3giai Miniszt\u00e9rium (ITM) foglalkoztat\u00e1spolitik\u00e1\u00e9rt felel\u0151s \u00e1llamtitk\u00e1ra a Budapesten tartott sajt\u00f3t\u00e1j\u00e9koztat\u00f3n. Bod\u00f3 S\u00e1ndor hozz\u00e1tette, a program lehet\u0151s\u00e9get ad az \u00e1ltal\u00e1nos iskola 5-8. oszt\u00e1lyainak, illetve a k\u00f6z\u00e9pfok\u00fa oktat\u00e1si int\u00e9zm\u00e9ny\" \/>\n\t\t<meta property=\"og:url\" content=\"https:\/\/allasorias.hu\/hirek\/a-kisgyermekes-szulok-munkaba-allasasat-osztonzik\/\" \/>\n\t\t<meta property=\"og:image\" content=\"https:\/\/allasorias.hu\/hirek\/wp-content\/uploads\/2019\/07\/holding-hands-918990_640.jpg\" \/>\n\t\t<meta property=\"og:image:secure_url\" content=\"https:\/\/allasorias.hu\/hirek\/wp-content\/uploads\/2019\/07\/holding-hands-918990_640.jpg\" \/>\n\t\t<meta property=\"og:image:width\" content=\"640\" \/>\n\t\t<meta property=\"og:image:height\" content=\"426\" \/>\n\t\t<meta property=\"article:published_time\" content=\"2020-10-22T08:08:47+00:00\" \/>\n\t\t<meta property=\"article:modified_time\" content=\"2020-10-22T08:08:47+00:00\" \/>\n\t\t<meta property=\"article:publisher\" content=\"https:\/\/www.facebook.com\/allasorias\" \/>\n\t\t<meta name=\"twitter:card\" content=\"summary_large_image\" \/>\n\t\t<meta name=\"twitter:title\" content=\"A kisgyermekes sz\u00fcl\u0151k munk\u00e1ba \u00e1ll\u00e1s\u00e1s\u00e1t \u00f6szt\u00f6nzik | AllasOrias.hu | H\u00edrek-lapszemle\" \/>\n\t\t<meta name=\"twitter:description\" content=\"A kisgyermekes sz\u00fcl\u0151k munk\u00e1ba \u00e1ll\u00e1s\u00e1t szeretn\u00e9 seg\u00edteni a korm\u00e1ny \u00faj programj\u00e1val. Havi 100 ezer forintos \u00f6szt\u00f6nd\u00edjjal egybek\u00f6t\u00f6tt k\u00e9pz\u00e9si lehet\u0151s\u00e9geket tartalmaz\u00f3 p\u00e1ly\u00e1zatot ind\u00edtott akorm\u00e1ny - mondta az Innov\u00e1ci\u00f3s \u00e9s Technol\u00f3giai Miniszt\u00e9rium (ITM) foglalkoztat\u00e1spolitik\u00e1\u00e9rt felel\u0151s \u00e1llamtitk\u00e1ra a Budapesten tartott sajt\u00f3t\u00e1j\u00e9koztat\u00f3n. Bod\u00f3 S\u00e1ndor hozz\u00e1tette, a program lehet\u0151s\u00e9get ad az \u00e1ltal\u00e1nos iskola 5-8. oszt\u00e1lyainak, illetve a k\u00f6z\u00e9pfok\u00fa oktat\u00e1si int\u00e9zm\u00e9ny\" \/>\n\t\t<meta name=\"twitter:image\" content=\"https:\/\/allasorias.hu\/hirek\/wp-content\/uploads\/2019\/07\/holding-hands-918990_640.jpg\" \/>\n\t\t<meta name=\"twitter:label1\" content=\"Written by\" \/>\n\t\t<meta name=\"twitter:data1\" content=\"Juh\u00e1sz P\u00e9ter\" \/>\n\t\t<meta name=\"twitter:label2\" content=\"Est. reading time\" \/>\n\t\t<meta name=\"twitter:data2\" content=\"2 minutes\" \/>\n\t\t<script type=\"application\/ld+json\" class=\"aioseo-schema\">\n\t\t\t{\"@context\":\"https:\\\/\\\/schema.org\",\"@graph\":[{\"@type\":\"Article\",\"@id\":\"https:\\\/\\\/allasorias.hu\\\/hirek\\\/a-kisgyermekes-szulok-munkaba-allasasat-osztonzik\\\/#article\",\"name\":\"A kisgyermekes sz\\u00fcl\\u0151k munk\\u00e1ba \\u00e1ll\\u00e1s\\u00e1s\\u00e1t \\u00f6szt\\u00f6nzik | AllasOrias.hu | H\\u00edrek-lapszemle\",\"headline\":\"A kisgyermekes sz\\u00fcl\\u0151k munk\\u00e1ba \\u00e1ll\\u00e1s\\u00e1s\\u00e1t \\u00f6szt\\u00f6nzik\",\"author\":{\"@id\":\"https:\\\/\\\/allasorias.hu\\\/hirek\\\/author\\\/admin-allasorias\\\/#author\"},\"publisher\":{\"@id\":\"https:\\\/\\\/allasorias.hu\\\/hirek\\\/#organization\"},\"image\":{\"@type\":\"ImageObject\",\"url\":\"https:\\\/\\\/allasorias.hu\\\/hirek\\\/wp-content\\\/uploads\\\/2019\\\/07\\\/holding-hands-918990_640.jpg\",\"width\":640,\"height\":426},\"datePublished\":\"2020-10-22T08:08:47+02:00\",\"dateModified\":\"2020-10-22T08:08:47+02:00\",\"inLanguage\":\"hu-HU\",\"mainEntityOfPage\":{\"@id\":\"https:\\\/\\\/allasorias.hu\\\/hirek\\\/a-kisgyermekes-szulok-munkaba-allasasat-osztonzik\\\/#webpage\"},\"isPartOf\":{\"@id\":\"https:\\\/\\\/allasorias.hu\\\/hirek\\\/a-kisgyermekes-szulok-munkaba-allasasat-osztonzik\\\/#webpage\"},\"articleSection\":\"\\u00c1ll\\u00e1skeres\\u00e9s, Munkaer\\u0151piac\"},{\"@type\":\"BreadcrumbList\",\"@id\":\"https:\\\/\\\/allasorias.hu\\\/hirek\\\/a-kisgyermekes-szulok-munkaba-allasasat-osztonzik\\\/#breadcrumblist\",\"itemListElement\":[{\"@type\":\"ListItem\",\"@id\":\"https:\\\/\\\/allasorias.hu\\\/hirek#listItem\",\"position\":1,\"name\":\"Home\",\"item\":\"https:\\\/\\\/allasorias.hu\\\/hirek\",\"nextItem\":{\"@type\":\"ListItem\",\"@id\":\"https:\\\/\\\/allasorias.hu\\\/hirek\\\/temak\\\/allaskereses\\\/#listItem\",\"name\":\"\\u00c1ll\\u00e1skeres\\u00e9s\"}},{\"@type\":\"ListItem\",\"@id\":\"https:\\\/\\\/allasorias.hu\\\/hirek\\\/temak\\\/allaskereses\\\/#listItem\",\"position\":2,\"name\":\"\\u00c1ll\\u00e1skeres\\u00e9s\",\"item\":\"https:\\\/\\\/allasorias.hu\\\/hirek\\\/temak\\\/allaskereses\\\/\",\"nextItem\":{\"@type\":\"ListItem\",\"@id\":\"https:\\\/\\\/allasorias.hu\\\/hirek\\\/a-kisgyermekes-szulok-munkaba-allasasat-osztonzik\\\/#listItem\",\"name\":\"A kisgyermekes sz\\u00fcl\\u0151k munk\\u00e1ba \\u00e1ll\\u00e1s\\u00e1s\\u00e1t \\u00f6szt\\u00f6nzik\"},\"previousItem\":{\"@type\":\"ListItem\",\"@id\":\"https:\\\/\\\/allasorias.hu\\\/hirek#listItem\",\"name\":\"Home\"}},{\"@type\":\"ListItem\",\"@id\":\"https:\\\/\\\/allasorias.hu\\\/hirek\\\/a-kisgyermekes-szulok-munkaba-allasasat-osztonzik\\\/#listItem\",\"position\":3,\"name\":\"A kisgyermekes sz\\u00fcl\\u0151k munk\\u00e1ba \\u00e1ll\\u00e1s\\u00e1s\\u00e1t \\u00f6szt\\u00f6nzik\",\"previousItem\":{\"@type\":\"ListItem\",\"@id\":\"https:\\\/\\\/allasorias.hu\\\/hirek\\\/temak\\\/allaskereses\\\/#listItem\",\"name\":\"\\u00c1ll\\u00e1skeres\\u00e9s\"}}]},{\"@type\":\"Organization\",\"@id\":\"https:\\\/\\\/allasorias.hu\\\/hirek\\\/#organization\",\"name\":\"AllasOrias.hu | H\\u00edrek-lapszemle\",\"description\":\"\\u00dczleti h\\u00edrek az \\u00e1ll\\u00e1s \\u00e9s a munka vil\\u00e1g\\u00e1b\\u00f3l\",\"url\":\"https:\\\/\\\/allasorias.hu\\\/hirek\\\/\",\"logo\":{\"@type\":\"ImageObject\",\"url\":\"https:\\\/\\\/allasorias.hu\\\/hirek\\\/wp-content\\\/uploads\\\/2022\\\/10\\\/allasorias_site_facebok_logo.png\",\"@id\":\"https:\\\/\\\/allasorias.hu\\\/hirek\\\/a-kisgyermekes-szulok-munkaba-allasasat-osztonzik\\\/#organizationLogo\"},\"image\":{\"@id\":\"https:\\\/\\\/allasorias.hu\\\/hirek\\\/a-kisgyermekes-szulok-munkaba-allasasat-osztonzik\\\/#organizationLogo\"},\"sameAs\":[\"https:\\\/\\\/www.facebook.com\\\/allasorias\",\"https:\\\/\\\/www.linkedin.com\\\/company\\\/allasorias\"]},{\"@type\":\"Person\",\"@id\":\"https:\\\/\\\/allasorias.hu\\\/hirek\\\/author\\\/admin-allasorias\\\/#author\",\"url\":\"https:\\\/\\\/allasorias.hu\\\/hirek\\\/author\\\/admin-allasorias\\\/\",\"name\":\"Juh\\u00e1sz P\\u00e9ter\",\"image\":{\"@type\":\"ImageObject\",\"@id\":\"https:\\\/\\\/allasorias.hu\\\/hirek\\\/a-kisgyermekes-szulok-munkaba-allasasat-osztonzik\\\/#authorImage\",\"url\":\"https:\\\/\\\/secure.gravatar.com\\\/avatar\\\/36e6bcb83148978b992977cb0f54d22feb0cce8a0a849a9410532bb2623ba4c6?s=96&d=mm&r=g\",\"width\":96,\"height\":96,\"caption\":\"Juh\\u00e1sz P\\u00e9ter\"}},{\"@type\":\"WebPage\",\"@id\":\"https:\\\/\\\/allasorias.hu\\\/hirek\\\/a-kisgyermekes-szulok-munkaba-allasasat-osztonzik\\\/#webpage\",\"url\":\"https:\\\/\\\/allasorias.hu\\\/hirek\\\/a-kisgyermekes-szulok-munkaba-allasasat-osztonzik\\\/\",\"name\":\"A kisgyermekes sz\\u00fcl\\u0151k munk\\u00e1ba \\u00e1ll\\u00e1s\\u00e1s\\u00e1t \\u00f6szt\\u00f6nzik | AllasOrias.hu | H\\u00edrek-lapszemle\",\"description\":\"A kisgyermekes sz\\u00fcl\\u0151k munk\\u00e1ba \\u00e1ll\\u00e1s\\u00e1t szeretn\\u00e9 seg\\u00edteni a korm\\u00e1ny \\u00faj programj\\u00e1val. Havi 100 ezer forintos \\u00f6szt\\u00f6nd\\u00edjjal egybek\\u00f6t\\u00f6tt k\\u00e9pz\\u00e9si lehet\\u0151s\\u00e9geket tartalmaz\\u00f3 p\\u00e1ly\\u00e1zatot ind\\u00edtott akorm\\u00e1ny - mondta az Innov\\u00e1ci\\u00f3s \\u00e9s Technol\\u00f3giai Miniszt\\u00e9rium (ITM) foglalkoztat\\u00e1spolitik\\u00e1\\u00e9rt felel\\u0151s \\u00e1llamtitk\\u00e1ra a Budapesten tartott sajt\\u00f3t\\u00e1j\\u00e9koztat\\u00f3n. Bod\\u00f3 S\\u00e1ndor hozz\\u00e1tette, a program lehet\\u0151s\\u00e9get ad az \\u00e1ltal\\u00e1nos iskola 5-8. oszt\\u00e1lyainak, illetve a k\\u00f6z\\u00e9pfok\\u00fa oktat\\u00e1si int\\u00e9zm\\u00e9ny\",\"inLanguage\":\"hu-HU\",\"isPartOf\":{\"@id\":\"https:\\\/\\\/allasorias.hu\\\/hirek\\\/#website\"},\"breadcrumb\":{\"@id\":\"https:\\\/\\\/allasorias.hu\\\/hirek\\\/a-kisgyermekes-szulok-munkaba-allasasat-osztonzik\\\/#breadcrumblist\"},\"author\":{\"@id\":\"https:\\\/\\\/allasorias.hu\\\/hirek\\\/author\\\/admin-allasorias\\\/#author\"},\"creator\":{\"@id\":\"https:\\\/\\\/allasorias.hu\\\/hirek\\\/author\\\/admin-allasorias\\\/#author\"},\"image\":{\"@type\":\"ImageObject\",\"url\":\"https:\\\/\\\/allasorias.hu\\\/hirek\\\/wp-content\\\/uploads\\\/2019\\\/07\\\/holding-hands-918990_640.jpg\",\"@id\":\"https:\\\/\\\/allasorias.hu\\\/hirek\\\/a-kisgyermekes-szulok-munkaba-allasasat-osztonzik\\\/#mainImage\",\"width\":640,\"height\":426},\"primaryImageOfPage\":{\"@id\":\"https:\\\/\\\/allasorias.hu\\\/hirek\\\/a-kisgyermekes-szulok-munkaba-allasasat-osztonzik\\\/#mainImage\"},\"datePublished\":\"2020-10-22T08:08:47+02:00\",\"dateModified\":\"2020-10-22T08:08:47+02:00\"},{\"@type\":\"WebSite\",\"@id\":\"https:\\\/\\\/allasorias.hu\\\/hirek\\\/#website\",\"url\":\"https:\\\/\\\/allasorias.hu\\\/hirek\\\/\",\"name\":\"AllasOrias.hu | H\\u00edrek-lapszemle\",\"description\":\"\\u00dczleti h\\u00edrek az \\u00e1ll\\u00e1s \\u00e9s a munka vil\\u00e1g\\u00e1b\\u00f3l\",\"inLanguage\":\"hu-HU\",\"publisher\":{\"@id\":\"https:\\\/\\\/allasorias.hu\\\/hirek\\\/#organization\"}}]}\n\t\t<\/script>\n\t\t<!-- All in One SEO -->\n\n","aioseo_head_json":{"title":"A kisgyermekes sz\u00fcl\u0151k munk\u00e1ba \u00e1ll\u00e1s\u00e1s\u00e1t \u00f6szt\u00f6nzik | AllasOrias.hu | H\u00edrek-lapszemle","description":"A kisgyermekes sz\u00fcl\u0151k munk\u00e1ba \u00e1ll\u00e1s\u00e1t szeretn\u00e9 seg\u00edteni a korm\u00e1ny \u00faj programj\u00e1val. Havi 100 ezer forintos \u00f6szt\u00f6nd\u00edjjal egybek\u00f6t\u00f6tt k\u00e9pz\u00e9si lehet\u0151s\u00e9geket tartalmaz\u00f3 p\u00e1ly\u00e1zatot ind\u00edtott akorm\u00e1ny - mondta az Innov\u00e1ci\u00f3s \u00e9s Technol\u00f3giai Miniszt\u00e9rium (ITM) foglalkoztat\u00e1spolitik\u00e1\u00e9rt felel\u0151s \u00e1llamtitk\u00e1ra a Budapesten tartott sajt\u00f3t\u00e1j\u00e9koztat\u00f3n. Bod\u00f3 S\u00e1ndor hozz\u00e1tette, a program lehet\u0151s\u00e9get ad az \u00e1ltal\u00e1nos iskola 5-8. oszt\u00e1lyainak, illetve a k\u00f6z\u00e9pfok\u00fa oktat\u00e1si int\u00e9zm\u00e9ny","canonical_url":"https:\/\/allasorias.hu\/hirek\/a-kisgyermekes-szulok-munkaba-allasasat-osztonzik\/","robots":"max-image-preview:large","keywords":"","webmasterTools":{"miscellaneous":""},"schema":{"@context":"https:\/\/schema.org","@graph":[{"@type":"Article","@id":"https:\/\/allasorias.hu\/hirek\/a-kisgyermekes-szulok-munkaba-allasasat-osztonzik\/#article","name":"A kisgyermekes sz\u00fcl\u0151k munk\u00e1ba \u00e1ll\u00e1s\u00e1s\u00e1t \u00f6szt\u00f6nzik | AllasOrias.hu | H\u00edrek-lapszemle","headline":"A kisgyermekes sz\u00fcl\u0151k munk\u00e1ba \u00e1ll\u00e1s\u00e1s\u00e1t \u00f6szt\u00f6nzik","author":{"@id":"https:\/\/allasorias.hu\/hirek\/author\/admin-allasorias\/#author"},"publisher":{"@id":"https:\/\/allasorias.hu\/hirek\/#organization"},"image":{"@type":"ImageObject","url":"https:\/\/allasorias.hu\/hirek\/wp-content\/uploads\/2019\/07\/holding-hands-918990_640.jpg","width":640,"height":426},"datePublished":"2020-10-22T08:08:47+02:00","dateModified":"2020-10-22T08:08:47+02:00","inLanguage":"hu-HU","mainEntityOfPage":{"@id":"https:\/\/allasorias.hu\/hirek\/a-kisgyermekes-szulok-munkaba-allasasat-osztonzik\/#webpage"},"isPartOf":{"@id":"https:\/\/allasorias.hu\/hirek\/a-kisgyermekes-szulok-munkaba-allasasat-osztonzik\/#webpage"},"articleSection":"\u00c1ll\u00e1skeres\u00e9s, Munkaer\u0151piac"},{"@type":"BreadcrumbList","@id":"https:\/\/allasorias.hu\/hirek\/a-kisgyermekes-szulok-munkaba-allasasat-osztonzik\/#breadcrumblist","itemListElement":[{"@type":"ListItem","@id":"https:\/\/allasorias.hu\/hirek#listItem","position":1,"name":"Home","item":"https:\/\/allasorias.hu\/hirek","nextItem":{"@type":"ListItem","@id":"https:\/\/allasorias.hu\/hirek\/temak\/allaskereses\/#listItem","name":"\u00c1ll\u00e1skeres\u00e9s"}},{"@type":"ListItem","@id":"https:\/\/allasorias.hu\/hirek\/temak\/allaskereses\/#listItem","position":2,"name":"\u00c1ll\u00e1skeres\u00e9s","item":"https:\/\/allasorias.hu\/hirek\/temak\/allaskereses\/","nextItem":{"@type":"ListItem","@id":"https:\/\/allasorias.hu\/hirek\/a-kisgyermekes-szulok-munkaba-allasasat-osztonzik\/#listItem","name":"A kisgyermekes sz\u00fcl\u0151k munk\u00e1ba \u00e1ll\u00e1s\u00e1s\u00e1t \u00f6szt\u00f6nzik"},"previousItem":{"@type":"ListItem","@id":"https:\/\/allasorias.hu\/hirek#listItem","name":"Home"}},{"@type":"ListItem","@id":"https:\/\/allasorias.hu\/hirek\/a-kisgyermekes-szulok-munkaba-allasasat-osztonzik\/#listItem","position":3,"name":"A kisgyermekes sz\u00fcl\u0151k munk\u00e1ba \u00e1ll\u00e1s\u00e1s\u00e1t \u00f6szt\u00f6nzik","previousItem":{"@type":"ListItem","@id":"https:\/\/allasorias.hu\/hirek\/temak\/allaskereses\/#listItem","name":"\u00c1ll\u00e1skeres\u00e9s"}}]},{"@type":"Organization","@id":"https:\/\/allasorias.hu\/hirek\/#organization","name":"AllasOrias.hu | H\u00edrek-lapszemle","description":"\u00dczleti h\u00edrek az \u00e1ll\u00e1s \u00e9s a munka vil\u00e1g\u00e1b\u00f3l","url":"https:\/\/allasorias.hu\/hirek\/","logo":{"@type":"ImageObject","url":"https:\/\/allasorias.hu\/hirek\/wp-content\/uploads\/2022\/10\/allasorias_site_facebok_logo.png","@id":"https:\/\/allasorias.hu\/hirek\/a-kisgyermekes-szulok-munkaba-allasasat-osztonzik\/#organizationLogo"},"image":{"@id":"https:\/\/allasorias.hu\/hirek\/a-kisgyermekes-szulok-munkaba-allasasat-osztonzik\/#organizationLogo"},"sameAs":["https:\/\/www.facebook.com\/allasorias","https:\/\/www.linkedin.com\/company\/allasorias"]},{"@type":"Person","@id":"https:\/\/allasorias.hu\/hirek\/author\/admin-allasorias\/#author","url":"https:\/\/allasorias.hu\/hirek\/author\/admin-allasorias\/","name":"Juh\u00e1sz P\u00e9ter","image":{"@type":"ImageObject","@id":"https:\/\/allasorias.hu\/hirek\/a-kisgyermekes-szulok-munkaba-allasasat-osztonzik\/#authorImage","url":"https:\/\/secure.gravatar.com\/avatar\/36e6bcb83148978b992977cb0f54d22feb0cce8a0a849a9410532bb2623ba4c6?s=96&d=mm&r=g","width":96,"height":96,"caption":"Juh\u00e1sz P\u00e9ter"}},{"@type":"WebPage","@id":"https:\/\/allasorias.hu\/hirek\/a-kisgyermekes-szulok-munkaba-allasasat-osztonzik\/#webpage","url":"https:\/\/allasorias.hu\/hirek\/a-kisgyermekes-szulok-munkaba-allasasat-osztonzik\/","name":"A kisgyermekes sz\u00fcl\u0151k munk\u00e1ba \u00e1ll\u00e1s\u00e1s\u00e1t \u00f6szt\u00f6nzik | AllasOrias.hu | H\u00edrek-lapszemle","description":"A kisgyermekes sz\u00fcl\u0151k munk\u00e1ba \u00e1ll\u00e1s\u00e1t szeretn\u00e9 seg\u00edteni a korm\u00e1ny \u00faj programj\u00e1val. Havi 100 ezer forintos \u00f6szt\u00f6nd\u00edjjal egybek\u00f6t\u00f6tt k\u00e9pz\u00e9si lehet\u0151s\u00e9geket tartalmaz\u00f3 p\u00e1ly\u00e1zatot ind\u00edtott akorm\u00e1ny - mondta az Innov\u00e1ci\u00f3s \u00e9s Technol\u00f3giai Miniszt\u00e9rium (ITM) foglalkoztat\u00e1spolitik\u00e1\u00e9rt felel\u0151s \u00e1llamtitk\u00e1ra a Budapesten tartott sajt\u00f3t\u00e1j\u00e9koztat\u00f3n. Bod\u00f3 S\u00e1ndor hozz\u00e1tette, a program lehet\u0151s\u00e9get ad az \u00e1ltal\u00e1nos iskola 5-8. oszt\u00e1lyainak, illetve a k\u00f6z\u00e9pfok\u00fa oktat\u00e1si int\u00e9zm\u00e9ny","inLanguage":"hu-HU","isPartOf":{"@id":"https:\/\/allasorias.hu\/hirek\/#website"},"breadcrumb":{"@id":"https:\/\/allasorias.hu\/hirek\/a-kisgyermekes-szulok-munkaba-allasasat-osztonzik\/#breadcrumblist"},"author":{"@id":"https:\/\/allasorias.hu\/hirek\/author\/admin-allasorias\/#author"},"creator":{"@id":"https:\/\/allasorias.hu\/hirek\/author\/admin-allasorias\/#author"},"image":{"@type":"ImageObject","url":"https:\/\/allasorias.hu\/hirek\/wp-content\/uploads\/2019\/07\/holding-hands-918990_640.jpg","@id":"https:\/\/allasorias.hu\/hirek\/a-kisgyermekes-szulok-munkaba-allasasat-osztonzik\/#mainImage","width":640,"height":426},"primaryImageOfPage":{"@id":"https:\/\/allasorias.hu\/hirek\/a-kisgyermekes-szulok-munkaba-allasasat-osztonzik\/#mainImage"},"datePublished":"2020-10-22T08:08:47+02:00","dateModified":"2020-10-22T08:08:47+02:00"},{"@type":"WebSite","@id":"https:\/\/allasorias.hu\/hirek\/#website","url":"https:\/\/allasorias.hu\/hirek\/","name":"AllasOrias.hu | H\u00edrek-lapszemle","description":"\u00dczleti h\u00edrek az \u00e1ll\u00e1s \u00e9s a munka vil\u00e1g\u00e1b\u00f3l","inLanguage":"hu-HU","publisher":{"@id":"https:\/\/allasorias.hu\/hirek\/#organization"}}]},"og:locale":"hu_HU","og:site_name":"AllasOrias.hu | H\u00edrek-lapszemle | \u00dczleti h\u00edrek az \u00e1ll\u00e1s \u00e9s a munka vil\u00e1g\u00e1b\u00f3l","og:type":"article","og:title":"A kisgyermekes sz\u00fcl\u0151k munk\u00e1ba \u00e1ll\u00e1s\u00e1s\u00e1t \u00f6szt\u00f6nzik | AllasOrias.hu | H\u00edrek-lapszemle","og:description":"A kisgyermekes sz\u00fcl\u0151k munk\u00e1ba \u00e1ll\u00e1s\u00e1t szeretn\u00e9 seg\u00edteni a korm\u00e1ny \u00faj programj\u00e1val. Havi 100 ezer forintos \u00f6szt\u00f6nd\u00edjjal egybek\u00f6t\u00f6tt k\u00e9pz\u00e9si lehet\u0151s\u00e9geket tartalmaz\u00f3 p\u00e1ly\u00e1zatot ind\u00edtott akorm\u00e1ny - mondta az Innov\u00e1ci\u00f3s \u00e9s Technol\u00f3giai Miniszt\u00e9rium (ITM) foglalkoztat\u00e1spolitik\u00e1\u00e9rt felel\u0151s \u00e1llamtitk\u00e1ra a Budapesten tartott sajt\u00f3t\u00e1j\u00e9koztat\u00f3n. Bod\u00f3 S\u00e1ndor hozz\u00e1tette, a program lehet\u0151s\u00e9get ad az \u00e1ltal\u00e1nos iskola 5-8. oszt\u00e1lyainak, illetve a k\u00f6z\u00e9pfok\u00fa oktat\u00e1si int\u00e9zm\u00e9ny","og:url":"https:\/\/allasorias.hu\/hirek\/a-kisgyermekes-szulok-munkaba-allasasat-osztonzik\/","og:image":"https:\/\/allasorias.hu\/hirek\/wp-content\/uploads\/2019\/07\/holding-hands-918990_640.jpg","og:image:secure_url":"https:\/\/allasorias.hu\/hirek\/wp-content\/uploads\/2019\/07\/holding-hands-918990_640.jpg","og:image:width":640,"og:image:height":426,"article:published_time":"2020-10-22T08:08:47+00:00","article:modified_time":"2020-10-22T08:08:47+00:00","article:publisher":"https:\/\/www.facebook.com\/allasorias","twitter:card":"summary_large_image","twitter:title":"A kisgyermekes sz\u00fcl\u0151k munk\u00e1ba \u00e1ll\u00e1s\u00e1s\u00e1t \u00f6szt\u00f6nzik | AllasOrias.hu | H\u00edrek-lapszemle","twitter:description":"A kisgyermekes sz\u00fcl\u0151k munk\u00e1ba \u00e1ll\u00e1s\u00e1t szeretn\u00e9 seg\u00edteni a korm\u00e1ny \u00faj programj\u00e1val. Havi 100 ezer forintos \u00f6szt\u00f6nd\u00edjjal egybek\u00f6t\u00f6tt k\u00e9pz\u00e9si lehet\u0151s\u00e9geket tartalmaz\u00f3 p\u00e1ly\u00e1zatot ind\u00edtott akorm\u00e1ny - mondta az Innov\u00e1ci\u00f3s \u00e9s Technol\u00f3giai Miniszt\u00e9rium (ITM) foglalkoztat\u00e1spolitik\u00e1\u00e9rt felel\u0151s \u00e1llamtitk\u00e1ra a Budapesten tartott sajt\u00f3t\u00e1j\u00e9koztat\u00f3n. Bod\u00f3 S\u00e1ndor hozz\u00e1tette, a program lehet\u0151s\u00e9get ad az \u00e1ltal\u00e1nos iskola 5-8. oszt\u00e1lyainak, illetve a k\u00f6z\u00e9pfok\u00fa oktat\u00e1si int\u00e9zm\u00e9ny","twitter:image":"https:\/\/allasorias.hu\/hirek\/wp-content\/uploads\/2019\/07\/holding-hands-918990_640.jpg","twitter:label1":"Written by","twitter:data1":"Juh\u00e1sz P\u00e9ter","twitter:label2":"Est. reading time","twitter:data2":"2 minutes"},"aioseo_meta_data":{"post_id":"4330","title":null,"description":"","keywords":"","keyphrases":null,"primary_term":null,"canonical_url":"","og_title":null,"og_description":null,"og_object_type":"default","og_image_type":"default","og_image_url":null,"og_image_width":null,"og_image_height":null,"og_image_custom_url":null,"og_image_custom_fields":null,"og_video":null,"og_custom_url":null,"og_article_section":null,"og_article_tags":null,"twitter_use_og":false,"twitter_card":"default","twitter_image_type":"default","twitter_image_url":null,"twitter_image_custom_url":null,"twitter_image_custom_fields":null,"twitter_title":null,"twitter_description":null,"schema":{"blockGraphs":[],"customGraphs":[],"default":{"data":{"Article":[],"Course":[],"Dataset":[],"FAQPage":[],"Movie":[],"Person":[],"Product":[],"ProductReview":[],"Car":[],"Recipe":[],"Service":[],"SoftwareApplication":[],"WebPage":[]},"graphName":"","isEnabled":true},"graphs":[]},"schema_type":null,"schema_type_options":null,"pillar_content":false,"robots_default":true,"robots_noindex":false,"robots_noarchive":false,"robots_nosnippet":false,"robots_nofollow":false,"robots_noimageindex":false,"robots_noodp":false,"robots_notranslate":false,"robots_max_snippet":null,"robots_max_videopreview":null,"robots_max_imagepreview":"large","priority":null,"frequency":null,"location":null,"local_seo":null,"breadcrumb_settings":null,"limit_modified_date":false,"ai":null,"created":"2021-02-01 20:46:00","updated":"2025-10-02 14:58:49","seo_analyzer_scan_date":null,"focus_keyword":null,"additional_keywords":null,"truseo_locale":null},"aioseo_breadcrumb":"<div class=\"aioseo-breadcrumbs\"><span class=\"aioseo-breadcrumb\">\n\t\t\t<a href=\"https:\/\/allasorias.hu\/hirek\" title=\"Home\">Home<\/a>\n\t\t<\/span><span class=\"aioseo-breadcrumb-separator\">&raquo;<\/span><span class=\"aioseo-breadcrumb\">\n\t\t\t<a href=\"https:\/\/allasorias.hu\/hirek\/temak\/allaskereses\/\" title=\"\u00c1ll\u00e1skeres\u00e9s\">\u00c1ll\u00e1skeres\u00e9s<\/a>\n\t\t<\/span><span class=\"aioseo-breadcrumb-separator\">&raquo;<\/span><span class=\"aioseo-breadcrumb\">\n\t\t\tA kisgyermekes sz\u00fcl\u0151k munk\u00e1ba \u00e1ll\u00e1s\u00e1s\u00e1t \u00f6szt\u00f6nzik\n\t\t<\/span><\/div>","aioseo_breadcrumb_json":[{"label":"Home","link":"https:\/\/allasorias.hu\/hirek"},{"label":"\u00c1ll\u00e1skeres\u00e9s","link":"https:\/\/allasorias.hu\/hirek\/temak\/allaskereses\/"},{"label":"A kisgyermekes sz\u00fcl\u0151k munk\u00e1ba \u00e1ll\u00e1s\u00e1s\u00e1t \u00f6szt\u00f6nzik","link":"https:\/\/allasorias.hu\/hirek\/a-kisgyermekes-szulok-munkaba-allasasat-osztonzik\/"}],"_links":{"self":[{"href":"https:\/\/allasorias.hu\/hirek\/wp-json\/wp\/v2\/posts\/4330","targetHints":{"allow":["GET"]}}],"collection":[{"href":"https:\/\/allasorias.hu\/hirek\/wp-json\/wp\/v2\/posts"}],"about":[{"href":"https:\/\/allasorias.hu\/hirek\/wp-json\/wp\/v2\/types\/post"}],"author":[{"embeddable":true,"href":"https:\/\/allasorias.hu\/hirek\/wp-json\/wp\/v2\/users\/1"}],"replies":[{"embeddable":true,"href":"https:\/\/allasorias.hu\/hirek\/wp-json\/wp\/v2\/comments?post=4330"}],"version-history":[{"count":1,"href":"https:\/\/allasorias.hu\/hirek\/wp-json\/wp\/v2\/posts\/4330\/revisions"}],"predecessor-version":[{"id":4331,"href":"https:\/\/allasorias.hu\/hirek\/wp-json\/wp\/v2\/posts\/4330\/revisions\/4331"}],"wp:featuredmedia":[{"embeddable":true,"href":"https:\/\/allasorias.hu\/hirek\/wp-json\/wp\/v2\/media\/3091"}],"wp:attachment":[{"href":"https:\/\/allasorias.hu\/hirek\/wp-json\/wp\/v2\/media?parent=4330"}],"wp:term":[{"taxonomy":"category","embeddable":true,"href":"https:\/\/allasorias.hu\/hirek\/wp-json\/wp\/v2\/categories?post=4330"},{"taxonomy":"post_tag","embeddable":true,"href":"https:\/\/allasorias.hu\/hirek\/wp-json\/wp\/v2\/tags?post=4330"}],"curies":[{"name":"wp","href":"https:\/\/api.w.org\/{rel}","templated":true}]}}