{"id":4319,"date":"2020-10-19T07:50:41","date_gmt":"2020-10-19T07:50:41","guid":{"rendered":"https:\/\/allasorias.hu\/hirek\/?p=4319"},"modified":"2020-10-19T07:50:41","modified_gmt":"2020-10-19T07:50:41","slug":"segitheti-a-foglalkoztatast-az-unios-forras","status":"publish","type":"post","link":"https:\/\/allasorias.hu\/hirek\/segitheti-a-foglalkoztatast-az-unios-forras\/","title":{"rendered":"Seg\u00edtheti a foglalkoztat\u00e1st az uni\u00f3s forr\u00e1s"},"content":{"rendered":"<p><strong>Haz\u00e1nk is r\u00e9szesedhet az Eur\u00f3pai Uni\u00f3 forr\u00e1s\u00e1b\u00f3l, amellyel a foglalkoztat\u00e1st lehet majd seg\u00edteni a j\u00e1rv\u00e1ny okozta neh\u00e9z gazdas\u00e1gi helyzetben. Ugyanis Magyarorsz\u00e1g 507 milli\u00f3 eur\u00f3s hitelt vehet fel munkaer\u0151piaci \u00e9s j\u00e1rv\u00e1ny\u00fcgyi int\u00e9zked\u00e9sek fedez\u00e9s\u00e9re. <\/strong><\/p>\n<p>A tavasszal elfogadott 100 milli\u00e1rd eur\u00f3s SURE program keret\u00e9b\u0151l Magyarorsz\u00e1g is r\u00e9szesedhet p\u00e1ly\u00e1zatok alapj\u00e1n. Palkovics Imre, a Munk\u00e1stan\u00e1csok Orsz\u00e1gos Sz\u00f6vets\u00e9g\u00e9nek eln\u00f6ke a Kossuth R\u00e1di\u00f3 Eur\u00f3pai id\u0151 c\u00edm\u0171 m\u0171sor\u00e1ban azt mondta, ez a program tavasszal ker\u00fclt az Eur\u00f3pa Tan\u00e1cs, illetve a bizotts\u00e1g el\u00e9, \u00e9s elfogadt\u00e1k azt a 100 milli\u00e1rd eur\u00f3s keretet, amelyb\u0151l kedvezm\u00e9nyes hitelek h\u00edvhat\u00f3k le. Hozz\u00e1tette: ezeket a kedvezm\u00e9nyes hiteleket 15 \u00e9ven bel\u00fcl kell visszafizetnie a tag\u00e1llamoknak. Eddig 17 orsz\u00e1g vette ig\u00e9nybe ezt a lehet\u0151s\u00e9get, Magyarorsz\u00e1ggal egy\u00fctt. \u201eA m\u00e1r folyamatban l\u00e9v\u0151 programok \u2013 r\u00f6vid\u00edtett munkaid\u0151t seg\u00edt\u0151 program, munkahelymegtart\u00f3 \u00e9s -teremt\u0151 t\u00e1mogat\u00e1sok \u2013 k\u00f6lts\u00e9geinek visszap\u00f3tl\u00e1s\u00e1ra van lehet\u0151s\u00e9g ebb\u0151l a sz\u00e1znyolcvanmilli\u00e1rd forintnyi kedvez\u0151 hitelb\u0151l Magyarorsz\u00e1gon\u201d \u2013 jelentette ki.<\/p>\n<p>&nbsp;<\/p>\n<p>Forr\u00e1s: hirado.hu<\/p>\n","protected":false},"excerpt":{"rendered":"<p>Haz\u00e1nk is r\u00e9szesedhet az Eur\u00f3pai Uni\u00f3 forr\u00e1s\u00e1b\u00f3l, amellyel a foglalkoztat\u00e1st lehet majd seg\u00edteni a j\u00e1rv\u00e1ny okozta neh\u00e9z gazdas\u00e1gi helyzetben. Ugyanis Magyarorsz\u00e1g 507 milli\u00f3 eur\u00f3s hitelt vehet fel munkaer\u0151piaci \u00e9s j\u00e1rv\u00e1ny\u00fcgyi int\u00e9zked\u00e9sek fedez\u00e9s\u00e9re. A tavasszal elfogadott 100 milli\u00e1rd eur\u00f3s SURE program keret\u00e9b\u0151l Magyarorsz\u00e1g is r\u00e9szesedhet p\u00e1ly\u00e1zatok alapj\u00e1n. Palkovics Imre, a Munk\u00e1stan\u00e1csok Orsz\u00e1gos Sz\u00f6vets\u00e9g\u00e9nek eln\u00f6ke a Kossuth [&hellip;]<\/p>\n","protected":false},"author":1,"featured_media":4320,"comment_status":"open","ping_status":"open","sticky":false,"template":"","format":"standard","meta":{"_monsterinsights_skip_tracking":false,"footnotes":""},"categories":[198],"tags":[],"class_list":["post-4319","post","type-post","status-publish","format-standard","has-post-thumbnail","hentry","category-gazdasag"],"aioseo_notices":[],"aioseo_head":"\n\t\t<!-- All in One SEO 5.0.0.1 - aioseo.com -->\n\t<meta name=\"description\" content=\"Haz\u00e1nk is r\u00e9szesedhet az Eur\u00f3pai Uni\u00f3 forr\u00e1s\u00e1b\u00f3l, amellyel a foglalkoztat\u00e1st lehet majd seg\u00edteni a j\u00e1rv\u00e1ny okozta neh\u00e9z gazdas\u00e1gi helyzetben. Ugyanis Magyarorsz\u00e1g 507 milli\u00f3 eur\u00f3s hitelt vehet fel munkaer\u0151piaci \u00e9s j\u00e1rv\u00e1ny\u00fcgyi int\u00e9zked\u00e9sek fedez\u00e9s\u00e9re. A tavasszal elfogadott 100 milli\u00e1rd eur\u00f3s SURE program keret\u00e9b\u0151l Magyarorsz\u00e1g is r\u00e9szesedhet p\u00e1ly\u00e1zatok alapj\u00e1n. Palkovics Imre, a Munk\u00e1stan\u00e1csok Orsz\u00e1gos Sz\u00f6vets\u00e9g\u00e9nek eln\u00f6ke a Kossuth\" \/>\n\t<meta name=\"robots\" content=\"max-image-preview:large\" \/>\n\t<meta name=\"author\" content=\"Juh\u00e1sz P\u00e9ter\"\/>\n\t<link rel=\"canonical\" href=\"https:\/\/allasorias.hu\/hirek\/segitheti-a-foglalkoztatast-az-unios-forras\/\" \/>\n\t<meta name=\"generator\" content=\"All in One SEO (AIOSEO) 5.0.0.1\" \/>\n\t\t<meta property=\"og:locale\" content=\"hu_HU\" \/>\n\t\t<meta property=\"og:site_name\" content=\"AllasOrias.hu | H\u00edrek-lapszemle | \u00dczleti h\u00edrek az \u00e1ll\u00e1s \u00e9s a munka vil\u00e1g\u00e1b\u00f3l\" \/>\n\t\t<meta property=\"og:type\" content=\"article\" \/>\n\t\t<meta property=\"og:title\" content=\"Seg\u00edtheti a foglalkoztat\u00e1st az uni\u00f3s forr\u00e1s | AllasOrias.hu | H\u00edrek-lapszemle\" \/>\n\t\t<meta property=\"og:description\" content=\"Haz\u00e1nk is r\u00e9szesedhet az Eur\u00f3pai Uni\u00f3 forr\u00e1s\u00e1b\u00f3l, amellyel a foglalkoztat\u00e1st lehet majd seg\u00edteni a j\u00e1rv\u00e1ny okozta neh\u00e9z gazdas\u00e1gi helyzetben. Ugyanis Magyarorsz\u00e1g 507 milli\u00f3 eur\u00f3s hitelt vehet fel munkaer\u0151piaci \u00e9s j\u00e1rv\u00e1ny\u00fcgyi int\u00e9zked\u00e9sek fedez\u00e9s\u00e9re. A tavasszal elfogadott 100 milli\u00e1rd eur\u00f3s SURE program keret\u00e9b\u0151l Magyarorsz\u00e1g is r\u00e9szesedhet p\u00e1ly\u00e1zatok alapj\u00e1n. Palkovics Imre, a Munk\u00e1stan\u00e1csok Orsz\u00e1gos Sz\u00f6vets\u00e9g\u00e9nek eln\u00f6ke a Kossuth\" \/>\n\t\t<meta property=\"og:url\" content=\"https:\/\/allasorias.hu\/hirek\/segitheti-a-foglalkoztatast-az-unios-forras\/\" \/>\n\t\t<meta property=\"og:image\" content=\"https:\/\/allasorias.hu\/hirek\/wp-content\/uploads\/2020\/10\/european-union-flag-with-euro-bills-coins.jpg\" \/>\n\t\t<meta property=\"og:image:secure_url\" content=\"https:\/\/allasorias.hu\/hirek\/wp-content\/uploads\/2020\/10\/european-union-flag-with-euro-bills-coins.jpg\" \/>\n\t\t<meta property=\"og:image:width\" content=\"1280\" \/>\n\t\t<meta property=\"og:image:height\" content=\"853\" \/>\n\t\t<meta property=\"article:published_time\" content=\"2020-10-19T07:50:41+00:00\" \/>\n\t\t<meta property=\"article:modified_time\" content=\"2020-10-19T07:50:41+00:00\" \/>\n\t\t<meta property=\"article:publisher\" content=\"https:\/\/www.facebook.com\/allasorias\" \/>\n\t\t<meta name=\"twitter:card\" content=\"summary_large_image\" \/>\n\t\t<meta name=\"twitter:title\" content=\"Seg\u00edtheti a foglalkoztat\u00e1st az uni\u00f3s forr\u00e1s | AllasOrias.hu | H\u00edrek-lapszemle\" \/>\n\t\t<meta name=\"twitter:description\" content=\"Haz\u00e1nk is r\u00e9szesedhet az Eur\u00f3pai Uni\u00f3 forr\u00e1s\u00e1b\u00f3l, amellyel a foglalkoztat\u00e1st lehet majd seg\u00edteni a j\u00e1rv\u00e1ny okozta neh\u00e9z gazdas\u00e1gi helyzetben. Ugyanis Magyarorsz\u00e1g 507 milli\u00f3 eur\u00f3s hitelt vehet fel munkaer\u0151piaci \u00e9s j\u00e1rv\u00e1ny\u00fcgyi int\u00e9zked\u00e9sek fedez\u00e9s\u00e9re. A tavasszal elfogadott 100 milli\u00e1rd eur\u00f3s SURE program keret\u00e9b\u0151l Magyarorsz\u00e1g is r\u00e9szesedhet p\u00e1ly\u00e1zatok alapj\u00e1n. Palkovics Imre, a Munk\u00e1stan\u00e1csok Orsz\u00e1gos Sz\u00f6vets\u00e9g\u00e9nek eln\u00f6ke a Kossuth\" \/>\n\t\t<meta name=\"twitter:image\" content=\"https:\/\/allasorias.hu\/hirek\/wp-content\/uploads\/2020\/10\/european-union-flag-with-euro-bills-coins.jpg\" \/>\n\t\t<meta name=\"twitter:label1\" content=\"Written by\" \/>\n\t\t<meta name=\"twitter:data1\" content=\"Juh\u00e1sz P\u00e9ter\" \/>\n\t\t<meta name=\"twitter:label2\" content=\"Est. reading time\" \/>\n\t\t<meta name=\"twitter:data2\" content=\"1 minute\" \/>\n\t\t<script type=\"application\/ld+json\" class=\"aioseo-schema\">\n\t\t\t{\"@context\":\"https:\\\/\\\/schema.org\",\"@graph\":[{\"@type\":\"Article\",\"@id\":\"https:\\\/\\\/allasorias.hu\\\/hirek\\\/segitheti-a-foglalkoztatast-az-unios-forras\\\/#article\",\"name\":\"Seg\\u00edtheti a foglalkoztat\\u00e1st az uni\\u00f3s forr\\u00e1s | AllasOrias.hu | H\\u00edrek-lapszemle\",\"headline\":\"Seg\\u00edtheti a foglalkoztat\\u00e1st az uni\\u00f3s forr\\u00e1s\",\"author\":{\"@id\":\"https:\\\/\\\/allasorias.hu\\\/hirek\\\/author\\\/admin-allasorias\\\/#author\"},\"publisher\":{\"@id\":\"https:\\\/\\\/allasorias.hu\\\/hirek\\\/#organization\"},\"image\":{\"@type\":\"ImageObject\",\"url\":\"https:\\\/\\\/allasorias.hu\\\/hirek\\\/wp-content\\\/uploads\\\/2020\\\/10\\\/european-union-flag-with-euro-bills-coins.jpg\",\"width\":1280,\"height\":853,\"caption\":\"European Union financial stimulus on coronavirus Covid-19 pandemic concept. European Union flag with euro bills and coins\"},\"datePublished\":\"2020-10-19T07:50:41+02:00\",\"dateModified\":\"2020-10-19T07:50:41+02:00\",\"inLanguage\":\"hu-HU\",\"mainEntityOfPage\":{\"@id\":\"https:\\\/\\\/allasorias.hu\\\/hirek\\\/segitheti-a-foglalkoztatast-az-unios-forras\\\/#webpage\"},\"isPartOf\":{\"@id\":\"https:\\\/\\\/allasorias.hu\\\/hirek\\\/segitheti-a-foglalkoztatast-az-unios-forras\\\/#webpage\"},\"articleSection\":\"Gazdas\\u00e1g\"},{\"@type\":\"BreadcrumbList\",\"@id\":\"https:\\\/\\\/allasorias.hu\\\/hirek\\\/segitheti-a-foglalkoztatast-az-unios-forras\\\/#breadcrumblist\",\"itemListElement\":[{\"@type\":\"ListItem\",\"@id\":\"https:\\\/\\\/allasorias.hu\\\/hirek#listItem\",\"position\":1,\"name\":\"Home\",\"item\":\"https:\\\/\\\/allasorias.hu\\\/hirek\",\"nextItem\":{\"@type\":\"ListItem\",\"@id\":\"https:\\\/\\\/allasorias.hu\\\/hirek\\\/temak\\\/gazdasag\\\/#listItem\",\"name\":\"Gazdas\\u00e1g\"}},{\"@type\":\"ListItem\",\"@id\":\"https:\\\/\\\/allasorias.hu\\\/hirek\\\/temak\\\/gazdasag\\\/#listItem\",\"position\":2,\"name\":\"Gazdas\\u00e1g\",\"item\":\"https:\\\/\\\/allasorias.hu\\\/hirek\\\/temak\\\/gazdasag\\\/\",\"nextItem\":{\"@type\":\"ListItem\",\"@id\":\"https:\\\/\\\/allasorias.hu\\\/hirek\\\/segitheti-a-foglalkoztatast-az-unios-forras\\\/#listItem\",\"name\":\"Seg\\u00edtheti a foglalkoztat\\u00e1st az uni\\u00f3s forr\\u00e1s\"},\"previousItem\":{\"@type\":\"ListItem\",\"@id\":\"https:\\\/\\\/allasorias.hu\\\/hirek#listItem\",\"name\":\"Home\"}},{\"@type\":\"ListItem\",\"@id\":\"https:\\\/\\\/allasorias.hu\\\/hirek\\\/segitheti-a-foglalkoztatast-az-unios-forras\\\/#listItem\",\"position\":3,\"name\":\"Seg\\u00edtheti a foglalkoztat\\u00e1st az uni\\u00f3s forr\\u00e1s\",\"previousItem\":{\"@type\":\"ListItem\",\"@id\":\"https:\\\/\\\/allasorias.hu\\\/hirek\\\/temak\\\/gazdasag\\\/#listItem\",\"name\":\"Gazdas\\u00e1g\"}}]},{\"@type\":\"Organization\",\"@id\":\"https:\\\/\\\/allasorias.hu\\\/hirek\\\/#organization\",\"name\":\"AllasOrias.hu | H\\u00edrek-lapszemle\",\"description\":\"\\u00dczleti h\\u00edrek az \\u00e1ll\\u00e1s \\u00e9s a munka vil\\u00e1g\\u00e1b\\u00f3l\",\"url\":\"https:\\\/\\\/allasorias.hu\\\/hirek\\\/\",\"logo\":{\"@type\":\"ImageObject\",\"url\":\"https:\\\/\\\/allasorias.hu\\\/hirek\\\/wp-content\\\/uploads\\\/2022\\\/10\\\/allasorias_site_facebok_logo.png\",\"@id\":\"https:\\\/\\\/allasorias.hu\\\/hirek\\\/segitheti-a-foglalkoztatast-az-unios-forras\\\/#organizationLogo\"},\"image\":{\"@id\":\"https:\\\/\\\/allasorias.hu\\\/hirek\\\/segitheti-a-foglalkoztatast-az-unios-forras\\\/#organizationLogo\"},\"sameAs\":[\"https:\\\/\\\/www.facebook.com\\\/allasorias\",\"https:\\\/\\\/www.linkedin.com\\\/company\\\/allasorias\"]},{\"@type\":\"Person\",\"@id\":\"https:\\\/\\\/allasorias.hu\\\/hirek\\\/author\\\/admin-allasorias\\\/#author\",\"url\":\"https:\\\/\\\/allasorias.hu\\\/hirek\\\/author\\\/admin-allasorias\\\/\",\"name\":\"Juh\\u00e1sz P\\u00e9ter\",\"image\":{\"@type\":\"ImageObject\",\"@id\":\"https:\\\/\\\/allasorias.hu\\\/hirek\\\/segitheti-a-foglalkoztatast-az-unios-forras\\\/#authorImage\",\"url\":\"https:\\\/\\\/secure.gravatar.com\\\/avatar\\\/36e6bcb83148978b992977cb0f54d22feb0cce8a0a849a9410532bb2623ba4c6?s=96&d=mm&r=g\",\"width\":96,\"height\":96,\"caption\":\"Juh\\u00e1sz P\\u00e9ter\"}},{\"@type\":\"WebPage\",\"@id\":\"https:\\\/\\\/allasorias.hu\\\/hirek\\\/segitheti-a-foglalkoztatast-az-unios-forras\\\/#webpage\",\"url\":\"https:\\\/\\\/allasorias.hu\\\/hirek\\\/segitheti-a-foglalkoztatast-az-unios-forras\\\/\",\"name\":\"Seg\\u00edtheti a foglalkoztat\\u00e1st az uni\\u00f3s forr\\u00e1s | AllasOrias.hu | H\\u00edrek-lapszemle\",\"description\":\"Haz\\u00e1nk is r\\u00e9szesedhet az Eur\\u00f3pai Uni\\u00f3 forr\\u00e1s\\u00e1b\\u00f3l, amellyel a foglalkoztat\\u00e1st lehet majd seg\\u00edteni a j\\u00e1rv\\u00e1ny okozta neh\\u00e9z gazdas\\u00e1gi helyzetben. Ugyanis Magyarorsz\\u00e1g 507 milli\\u00f3 eur\\u00f3s hitelt vehet fel munkaer\\u0151piaci \\u00e9s j\\u00e1rv\\u00e1ny\\u00fcgyi int\\u00e9zked\\u00e9sek fedez\\u00e9s\\u00e9re. A tavasszal elfogadott 100 milli\\u00e1rd eur\\u00f3s SURE program keret\\u00e9b\\u0151l Magyarorsz\\u00e1g is r\\u00e9szesedhet p\\u00e1ly\\u00e1zatok alapj\\u00e1n. Palkovics Imre, a Munk\\u00e1stan\\u00e1csok Orsz\\u00e1gos Sz\\u00f6vets\\u00e9g\\u00e9nek eln\\u00f6ke a Kossuth\",\"inLanguage\":\"hu-HU\",\"isPartOf\":{\"@id\":\"https:\\\/\\\/allasorias.hu\\\/hirek\\\/#website\"},\"breadcrumb\":{\"@id\":\"https:\\\/\\\/allasorias.hu\\\/hirek\\\/segitheti-a-foglalkoztatast-az-unios-forras\\\/#breadcrumblist\"},\"author\":{\"@id\":\"https:\\\/\\\/allasorias.hu\\\/hirek\\\/author\\\/admin-allasorias\\\/#author\"},\"creator\":{\"@id\":\"https:\\\/\\\/allasorias.hu\\\/hirek\\\/author\\\/admin-allasorias\\\/#author\"},\"image\":{\"@type\":\"ImageObject\",\"url\":\"https:\\\/\\\/allasorias.hu\\\/hirek\\\/wp-content\\\/uploads\\\/2020\\\/10\\\/european-union-flag-with-euro-bills-coins.jpg\",\"@id\":\"https:\\\/\\\/allasorias.hu\\\/hirek\\\/segitheti-a-foglalkoztatast-az-unios-forras\\\/#mainImage\",\"width\":1280,\"height\":853,\"caption\":\"European Union financial stimulus on coronavirus Covid-19 pandemic concept. European Union flag with euro bills and coins\"},\"primaryImageOfPage\":{\"@id\":\"https:\\\/\\\/allasorias.hu\\\/hirek\\\/segitheti-a-foglalkoztatast-az-unios-forras\\\/#mainImage\"},\"datePublished\":\"2020-10-19T07:50:41+02:00\",\"dateModified\":\"2020-10-19T07:50:41+02:00\"},{\"@type\":\"WebSite\",\"@id\":\"https:\\\/\\\/allasorias.hu\\\/hirek\\\/#website\",\"url\":\"https:\\\/\\\/allasorias.hu\\\/hirek\\\/\",\"name\":\"AllasOrias.hu | H\\u00edrek-lapszemle\",\"description\":\"\\u00dczleti h\\u00edrek az \\u00e1ll\\u00e1s \\u00e9s a munka vil\\u00e1g\\u00e1b\\u00f3l\",\"inLanguage\":\"hu-HU\",\"publisher\":{\"@id\":\"https:\\\/\\\/allasorias.hu\\\/hirek\\\/#organization\"}}]}\n\t\t<\/script>\n\t\t<!-- All in One SEO -->\n\n","aioseo_head_json":{"title":"Seg\u00edtheti a foglalkoztat\u00e1st az uni\u00f3s forr\u00e1s | AllasOrias.hu | H\u00edrek-lapszemle","description":"Haz\u00e1nk is r\u00e9szesedhet az Eur\u00f3pai Uni\u00f3 forr\u00e1s\u00e1b\u00f3l, amellyel a foglalkoztat\u00e1st lehet majd seg\u00edteni a j\u00e1rv\u00e1ny okozta neh\u00e9z gazdas\u00e1gi helyzetben. Ugyanis Magyarorsz\u00e1g 507 milli\u00f3 eur\u00f3s hitelt vehet fel munkaer\u0151piaci \u00e9s j\u00e1rv\u00e1ny\u00fcgyi int\u00e9zked\u00e9sek fedez\u00e9s\u00e9re. A tavasszal elfogadott 100 milli\u00e1rd eur\u00f3s SURE program keret\u00e9b\u0151l Magyarorsz\u00e1g is r\u00e9szesedhet p\u00e1ly\u00e1zatok alapj\u00e1n. Palkovics Imre, a Munk\u00e1stan\u00e1csok Orsz\u00e1gos Sz\u00f6vets\u00e9g\u00e9nek eln\u00f6ke a Kossuth","canonical_url":"https:\/\/allasorias.hu\/hirek\/segitheti-a-foglalkoztatast-az-unios-forras\/","robots":"max-image-preview:large","keywords":"","webmasterTools":{"miscellaneous":""},"schema":{"@context":"https:\/\/schema.org","@graph":[{"@type":"Article","@id":"https:\/\/allasorias.hu\/hirek\/segitheti-a-foglalkoztatast-az-unios-forras\/#article","name":"Seg\u00edtheti a foglalkoztat\u00e1st az uni\u00f3s forr\u00e1s | AllasOrias.hu | H\u00edrek-lapszemle","headline":"Seg\u00edtheti a foglalkoztat\u00e1st az uni\u00f3s forr\u00e1s","author":{"@id":"https:\/\/allasorias.hu\/hirek\/author\/admin-allasorias\/#author"},"publisher":{"@id":"https:\/\/allasorias.hu\/hirek\/#organization"},"image":{"@type":"ImageObject","url":"https:\/\/allasorias.hu\/hirek\/wp-content\/uploads\/2020\/10\/european-union-flag-with-euro-bills-coins.jpg","width":1280,"height":853,"caption":"European Union financial stimulus on coronavirus Covid-19 pandemic concept. European Union flag with euro bills and coins"},"datePublished":"2020-10-19T07:50:41+02:00","dateModified":"2020-10-19T07:50:41+02:00","inLanguage":"hu-HU","mainEntityOfPage":{"@id":"https:\/\/allasorias.hu\/hirek\/segitheti-a-foglalkoztatast-az-unios-forras\/#webpage"},"isPartOf":{"@id":"https:\/\/allasorias.hu\/hirek\/segitheti-a-foglalkoztatast-az-unios-forras\/#webpage"},"articleSection":"Gazdas\u00e1g"},{"@type":"BreadcrumbList","@id":"https:\/\/allasorias.hu\/hirek\/segitheti-a-foglalkoztatast-az-unios-forras\/#breadcrumblist","itemListElement":[{"@type":"ListItem","@id":"https:\/\/allasorias.hu\/hirek#listItem","position":1,"name":"Home","item":"https:\/\/allasorias.hu\/hirek","nextItem":{"@type":"ListItem","@id":"https:\/\/allasorias.hu\/hirek\/temak\/gazdasag\/#listItem","name":"Gazdas\u00e1g"}},{"@type":"ListItem","@id":"https:\/\/allasorias.hu\/hirek\/temak\/gazdasag\/#listItem","position":2,"name":"Gazdas\u00e1g","item":"https:\/\/allasorias.hu\/hirek\/temak\/gazdasag\/","nextItem":{"@type":"ListItem","@id":"https:\/\/allasorias.hu\/hirek\/segitheti-a-foglalkoztatast-az-unios-forras\/#listItem","name":"Seg\u00edtheti a foglalkoztat\u00e1st az uni\u00f3s forr\u00e1s"},"previousItem":{"@type":"ListItem","@id":"https:\/\/allasorias.hu\/hirek#listItem","name":"Home"}},{"@type":"ListItem","@id":"https:\/\/allasorias.hu\/hirek\/segitheti-a-foglalkoztatast-az-unios-forras\/#listItem","position":3,"name":"Seg\u00edtheti a foglalkoztat\u00e1st az uni\u00f3s forr\u00e1s","previousItem":{"@type":"ListItem","@id":"https:\/\/allasorias.hu\/hirek\/temak\/gazdasag\/#listItem","name":"Gazdas\u00e1g"}}]},{"@type":"Organization","@id":"https:\/\/allasorias.hu\/hirek\/#organization","name":"AllasOrias.hu | H\u00edrek-lapszemle","description":"\u00dczleti h\u00edrek az \u00e1ll\u00e1s \u00e9s a munka vil\u00e1g\u00e1b\u00f3l","url":"https:\/\/allasorias.hu\/hirek\/","logo":{"@type":"ImageObject","url":"https:\/\/allasorias.hu\/hirek\/wp-content\/uploads\/2022\/10\/allasorias_site_facebok_logo.png","@id":"https:\/\/allasorias.hu\/hirek\/segitheti-a-foglalkoztatast-az-unios-forras\/#organizationLogo"},"image":{"@id":"https:\/\/allasorias.hu\/hirek\/segitheti-a-foglalkoztatast-az-unios-forras\/#organizationLogo"},"sameAs":["https:\/\/www.facebook.com\/allasorias","https:\/\/www.linkedin.com\/company\/allasorias"]},{"@type":"Person","@id":"https:\/\/allasorias.hu\/hirek\/author\/admin-allasorias\/#author","url":"https:\/\/allasorias.hu\/hirek\/author\/admin-allasorias\/","name":"Juh\u00e1sz P\u00e9ter","image":{"@type":"ImageObject","@id":"https:\/\/allasorias.hu\/hirek\/segitheti-a-foglalkoztatast-az-unios-forras\/#authorImage","url":"https:\/\/secure.gravatar.com\/avatar\/36e6bcb83148978b992977cb0f54d22feb0cce8a0a849a9410532bb2623ba4c6?s=96&d=mm&r=g","width":96,"height":96,"caption":"Juh\u00e1sz P\u00e9ter"}},{"@type":"WebPage","@id":"https:\/\/allasorias.hu\/hirek\/segitheti-a-foglalkoztatast-az-unios-forras\/#webpage","url":"https:\/\/allasorias.hu\/hirek\/segitheti-a-foglalkoztatast-az-unios-forras\/","name":"Seg\u00edtheti a foglalkoztat\u00e1st az uni\u00f3s forr\u00e1s | AllasOrias.hu | H\u00edrek-lapszemle","description":"Haz\u00e1nk is r\u00e9szesedhet az Eur\u00f3pai Uni\u00f3 forr\u00e1s\u00e1b\u00f3l, amellyel a foglalkoztat\u00e1st lehet majd seg\u00edteni a j\u00e1rv\u00e1ny okozta neh\u00e9z gazdas\u00e1gi helyzetben. Ugyanis Magyarorsz\u00e1g 507 milli\u00f3 eur\u00f3s hitelt vehet fel munkaer\u0151piaci \u00e9s j\u00e1rv\u00e1ny\u00fcgyi int\u00e9zked\u00e9sek fedez\u00e9s\u00e9re. A tavasszal elfogadott 100 milli\u00e1rd eur\u00f3s SURE program keret\u00e9b\u0151l Magyarorsz\u00e1g is r\u00e9szesedhet p\u00e1ly\u00e1zatok alapj\u00e1n. Palkovics Imre, a Munk\u00e1stan\u00e1csok Orsz\u00e1gos Sz\u00f6vets\u00e9g\u00e9nek eln\u00f6ke a Kossuth","inLanguage":"hu-HU","isPartOf":{"@id":"https:\/\/allasorias.hu\/hirek\/#website"},"breadcrumb":{"@id":"https:\/\/allasorias.hu\/hirek\/segitheti-a-foglalkoztatast-az-unios-forras\/#breadcrumblist"},"author":{"@id":"https:\/\/allasorias.hu\/hirek\/author\/admin-allasorias\/#author"},"creator":{"@id":"https:\/\/allasorias.hu\/hirek\/author\/admin-allasorias\/#author"},"image":{"@type":"ImageObject","url":"https:\/\/allasorias.hu\/hirek\/wp-content\/uploads\/2020\/10\/european-union-flag-with-euro-bills-coins.jpg","@id":"https:\/\/allasorias.hu\/hirek\/segitheti-a-foglalkoztatast-az-unios-forras\/#mainImage","width":1280,"height":853,"caption":"European Union financial stimulus on coronavirus Covid-19 pandemic concept. European Union flag with euro bills and coins"},"primaryImageOfPage":{"@id":"https:\/\/allasorias.hu\/hirek\/segitheti-a-foglalkoztatast-az-unios-forras\/#mainImage"},"datePublished":"2020-10-19T07:50:41+02:00","dateModified":"2020-10-19T07:50:41+02:00"},{"@type":"WebSite","@id":"https:\/\/allasorias.hu\/hirek\/#website","url":"https:\/\/allasorias.hu\/hirek\/","name":"AllasOrias.hu | H\u00edrek-lapszemle","description":"\u00dczleti h\u00edrek az \u00e1ll\u00e1s \u00e9s a munka vil\u00e1g\u00e1b\u00f3l","inLanguage":"hu-HU","publisher":{"@id":"https:\/\/allasorias.hu\/hirek\/#organization"}}]},"og:locale":"hu_HU","og:site_name":"AllasOrias.hu | H\u00edrek-lapszemle | \u00dczleti h\u00edrek az \u00e1ll\u00e1s \u00e9s a munka vil\u00e1g\u00e1b\u00f3l","og:type":"article","og:title":"Seg\u00edtheti a foglalkoztat\u00e1st az uni\u00f3s forr\u00e1s | AllasOrias.hu | H\u00edrek-lapszemle","og:description":"Haz\u00e1nk is r\u00e9szesedhet az Eur\u00f3pai Uni\u00f3 forr\u00e1s\u00e1b\u00f3l, amellyel a foglalkoztat\u00e1st lehet majd seg\u00edteni a j\u00e1rv\u00e1ny okozta neh\u00e9z gazdas\u00e1gi helyzetben. Ugyanis Magyarorsz\u00e1g 507 milli\u00f3 eur\u00f3s hitelt vehet fel munkaer\u0151piaci \u00e9s j\u00e1rv\u00e1ny\u00fcgyi int\u00e9zked\u00e9sek fedez\u00e9s\u00e9re. A tavasszal elfogadott 100 milli\u00e1rd eur\u00f3s SURE program keret\u00e9b\u0151l Magyarorsz\u00e1g is r\u00e9szesedhet p\u00e1ly\u00e1zatok alapj\u00e1n. Palkovics Imre, a Munk\u00e1stan\u00e1csok Orsz\u00e1gos Sz\u00f6vets\u00e9g\u00e9nek eln\u00f6ke a Kossuth","og:url":"https:\/\/allasorias.hu\/hirek\/segitheti-a-foglalkoztatast-az-unios-forras\/","og:image":"https:\/\/allasorias.hu\/hirek\/wp-content\/uploads\/2020\/10\/european-union-flag-with-euro-bills-coins.jpg","og:image:secure_url":"https:\/\/allasorias.hu\/hirek\/wp-content\/uploads\/2020\/10\/european-union-flag-with-euro-bills-coins.jpg","og:image:width":1280,"og:image:height":853,"article:published_time":"2020-10-19T07:50:41+00:00","article:modified_time":"2020-10-19T07:50:41+00:00","article:publisher":"https:\/\/www.facebook.com\/allasorias","twitter:card":"summary_large_image","twitter:title":"Seg\u00edtheti a foglalkoztat\u00e1st az uni\u00f3s forr\u00e1s | AllasOrias.hu | H\u00edrek-lapszemle","twitter:description":"Haz\u00e1nk is r\u00e9szesedhet az Eur\u00f3pai Uni\u00f3 forr\u00e1s\u00e1b\u00f3l, amellyel a foglalkoztat\u00e1st lehet majd seg\u00edteni a j\u00e1rv\u00e1ny okozta neh\u00e9z gazdas\u00e1gi helyzetben. Ugyanis Magyarorsz\u00e1g 507 milli\u00f3 eur\u00f3s hitelt vehet fel munkaer\u0151piaci \u00e9s j\u00e1rv\u00e1ny\u00fcgyi int\u00e9zked\u00e9sek fedez\u00e9s\u00e9re. A tavasszal elfogadott 100 milli\u00e1rd eur\u00f3s SURE program keret\u00e9b\u0151l Magyarorsz\u00e1g is r\u00e9szesedhet p\u00e1ly\u00e1zatok alapj\u00e1n. Palkovics Imre, a Munk\u00e1stan\u00e1csok Orsz\u00e1gos Sz\u00f6vets\u00e9g\u00e9nek eln\u00f6ke a Kossuth","twitter:image":"https:\/\/allasorias.hu\/hirek\/wp-content\/uploads\/2020\/10\/european-union-flag-with-euro-bills-coins.jpg","twitter:label1":"Written by","twitter:data1":"Juh\u00e1sz P\u00e9ter","twitter:label2":"Est. reading time","twitter:data2":"1 minute"},"aioseo_meta_data":{"post_id":"4319","title":null,"description":"","keywords":"","keyphrases":null,"primary_term":null,"canonical_url":"","og_title":null,"og_description":null,"og_object_type":"default","og_image_type":"default","og_image_url":null,"og_image_width":null,"og_image_height":null,"og_image_custom_url":null,"og_image_custom_fields":null,"og_video":null,"og_custom_url":null,"og_article_section":null,"og_article_tags":null,"twitter_use_og":false,"twitter_card":"default","twitter_image_type":"default","twitter_image_url":null,"twitter_image_custom_url":null,"twitter_image_custom_fields":null,"twitter_title":null,"twitter_description":null,"schema":{"blockGraphs":[],"customGraphs":[],"default":{"data":{"Article":[],"Course":[],"Dataset":[],"FAQPage":[],"Movie":[],"Person":[],"Product":[],"ProductReview":[],"Car":[],"Recipe":[],"Service":[],"SoftwareApplication":[],"WebPage":[]},"graphName":"","isEnabled":true},"graphs":[],"defaultGraph":"","defaultPostTypeGraph":""},"schema_type":null,"schema_type_options":null,"pillar_content":false,"robots_default":true,"robots_noindex":false,"robots_noarchive":false,"robots_nosnippet":false,"robots_nofollow":false,"robots_noimageindex":false,"robots_noodp":false,"robots_notranslate":false,"robots_max_snippet":null,"robots_max_videopreview":null,"robots_max_imagepreview":"large","priority":null,"frequency":null,"location":null,"local_seo":null,"breadcrumb_settings":null,"limit_modified_date":false,"ai":null,"created":"2021-02-01 20:46:00","updated":"2025-10-02 14:57:50","seo_analyzer_scan_date":null,"focus_keyword":null,"additional_keywords":null,"truseo_locale":null},"aioseo_breadcrumb":"<div class=\"aioseo-breadcrumbs\"><span class=\"aioseo-breadcrumb\">\n\t\t\t<a href=\"https:\/\/allasorias.hu\/hirek\" title=\"Home\">Home<\/a>\n\t\t<\/span><span class=\"aioseo-breadcrumb-separator\">&raquo;<\/span><span class=\"aioseo-breadcrumb\">\n\t\t\t<a href=\"https:\/\/allasorias.hu\/hirek\/temak\/gazdasag\/\" title=\"Gazdas\u00e1g\">Gazdas\u00e1g<\/a>\n\t\t<\/span><span class=\"aioseo-breadcrumb-separator\">&raquo;<\/span><span class=\"aioseo-breadcrumb\">\n\t\t\tSeg\u00edtheti a foglalkoztat\u00e1st az uni\u00f3s forr\u00e1s\n\t\t<\/span><\/div>","aioseo_breadcrumb_json":[{"label":"Home","link":"https:\/\/allasorias.hu\/hirek"},{"label":"Gazdas\u00e1g","link":"https:\/\/allasorias.hu\/hirek\/temak\/gazdasag\/"},{"label":"Seg\u00edtheti a foglalkoztat\u00e1st az uni\u00f3s forr\u00e1s","link":"https:\/\/allasorias.hu\/hirek\/segitheti-a-foglalkoztatast-az-unios-forras\/"}],"_links":{"self":[{"href":"https:\/\/allasorias.hu\/hirek\/wp-json\/wp\/v2\/posts\/4319","targetHints":{"allow":["GET"]}}],"collection":[{"href":"https:\/\/allasorias.hu\/hirek\/wp-json\/wp\/v2\/posts"}],"about":[{"href":"https:\/\/allasorias.hu\/hirek\/wp-json\/wp\/v2\/types\/post"}],"author":[{"embeddable":true,"href":"https:\/\/allasorias.hu\/hirek\/wp-json\/wp\/v2\/users\/1"}],"replies":[{"embeddable":true,"href":"https:\/\/allasorias.hu\/hirek\/wp-json\/wp\/v2\/comments?post=4319"}],"version-history":[{"count":1,"href":"https:\/\/allasorias.hu\/hirek\/wp-json\/wp\/v2\/posts\/4319\/revisions"}],"predecessor-version":[{"id":4321,"href":"https:\/\/allasorias.hu\/hirek\/wp-json\/wp\/v2\/posts\/4319\/revisions\/4321"}],"wp:featuredmedia":[{"embeddable":true,"href":"https:\/\/allasorias.hu\/hirek\/wp-json\/wp\/v2\/media\/4320"}],"wp:attachment":[{"href":"https:\/\/allasorias.hu\/hirek\/wp-json\/wp\/v2\/media?parent=4319"}],"wp:term":[{"taxonomy":"category","embeddable":true,"href":"https:\/\/allasorias.hu\/hirek\/wp-json\/wp\/v2\/categories?post=4319"},{"taxonomy":"post_tag","embeddable":true,"href":"https:\/\/allasorias.hu\/hirek\/wp-json\/wp\/v2\/tags?post=4319"}],"curies":[{"name":"wp","href":"https:\/\/api.w.org\/{rel}","templated":true}]}}