{"id":4309,"date":"2020-10-15T06:26:43","date_gmt":"2020-10-15T06:26:43","guid":{"rendered":"https:\/\/allasorias.hu\/hirek\/?p=4309"},"modified":"2020-10-15T06:28:05","modified_gmt":"2020-10-15T06:28:05","slug":"tobb-no-legyen-a-munkaeropiacon","status":"publish","type":"post","link":"https:\/\/allasorias.hu\/hirek\/tobb-no-legyen-a-munkaeropiacon\/","title":{"rendered":"T\u00f6bb n\u0151 legyen a munkaer\u0151piacon"},"content":{"rendered":"<p><strong>Az\u00a0 eddigi int\u00e9zked\u00e9seknek k\u00f6sz\u00f6nhet\u0151en nagym\u00e9rt\u00e9kben b\u0151v\u00fclt a n\u0151k foglalkoztat\u00e1sa: m\u00edg 2010-ben a 15-64 \u00e9ves koroszt\u00e1ly mintegy fele dolgozott csak, tavaly m\u00e1r k\u00f6zel k\u00e9tharmaduk \u2013 jelentette ki Bod\u00f3 S\u00e1ndor foglalkoztat\u00e1spolitikai \u00e1llamtitk\u00e1r a foglalkoztat\u00e1si \u00e9s szoci\u00e1lis miniszterek keddi tan\u00e1cskoz\u00e1s\u00e1n az Innov\u00e1ci\u00f3s \u00e9s Technol\u00f3giai Miniszt\u00e9rium (ITM) k\u00f6zlem\u00e9nye szerint.<\/strong><\/p>\n<p>A k\u00f6zlem\u00e9nyben r\u00e1mutattak: a n\u0151k \u00e9s f\u00e9rfiak munkaer\u0151piaci r\u00e9szv\u00e9tele k\u00f6zti k\u00fcl\u00f6nbs\u00e9g jelent\u0151s r\u00e9sze m\u00e1s tag\u00e1llamokhoz hasonl\u00f3an Magyarorsz\u00e1gon is a kisgyermekes any\u00e1k alacsonyabb foglalkoztat\u00e1s\u00e1b\u00f3l ad\u00f3dik. A korm\u00e1ny \u00f6szt\u00f6nd\u00edjjal motiv\u00e1lja a k\u00e9pz\u00e9sben val\u00f3 r\u00e9szv\u00e9telre a fiatal \u00e9desany\u00e1kat, munkaer\u0151piaci bel\u00e9p\u00e9s\u00fcket pedig k\u00e9szs\u00e9g- \u00e9s kompetenciafejleszt\u0151 programokkal, ad\u00f3kedvezm\u00e9nyekkel, v\u00e1llalkoz\u00f3v\u00e1 v\u00e1l\u00e1sukhoz ny\u00fajtott t\u00e1mogat\u00e1ssal \u00e9s b\u00e9rt\u00e1mogat\u00e1sokkal seg\u00edti. \u201eA j\u00e1rv\u00e1nyhelyzet Magyarorsz\u00e1gon is felh\u00edvta a figyelmet arra, hogy az otthoni, csal\u00e1di \u00e9letben \u00e9s gyermeknevel\u00e9sben a kisgyermekes n\u0151kre h\u00e1rul\u00f3 terhek cs\u00f6kkent\u00e9s\u00e9re kell t\u00f6rekedn\u00fcnk. Ennek egyik eszk\u00f6ze a gyermekfel\u00fcgyelet \u00e9s az \u00e1pol\u00f3i-gondoz\u00f3i szolg\u00e1ltat\u00e1sok jobb el\u00e9rhet\u0151s\u00e9g\u00e9nek \u00e9s megbecs\u00fclts\u00e9g\u00e9nek n\u00f6vel\u00e9se. A rendelkez\u00e9sre \u00e1ll\u00f3 b\u00f6lcs\u0151dei f\u00e9r\u0151helyek sz\u00e1m\u00e1nak b\u0151v\u00edt\u00e9se a kismam\u00e1k munkaer\u0151piaci r\u00e9szv\u00e9tel\u00e9t is el\u0151seg\u00edti. Sz\u00fcks\u00e9g eset\u00e9n pedig p\u00e9nzbeli t\u00e1mogat\u00e1s j\u00e1r a kisgyermekek nappali elhelyez\u00e9s\u00e9hez\u201d \u2013 fogalmazott Bod\u00f3 S\u00e1ndor. Az \u00e1llamtitk\u00e1r hozz\u00e1tette, 2010 \u00f3ta a korm\u00e1ny seg\u00e9lyez\u00e9s helyett a munka- \u00e9s tud\u00e1salap\u00fa t\u00e1rsadalom ki\u00e9p\u00edt\u00e9s\u00e9vel jav\u00edtja a magyar csal\u00e1dok \u00e9letmin\u0151s\u00e9g\u00e9t. Az alacsony foglalkoztat\u00e1si r\u00e1t\u00e1val rendelkez\u0151 munkapiaci csoportok munk\u00e1ba \u00e1ll\u00e1s\u00e1t \u00f6szt\u00f6nz\u0151 Munkahelyv\u00e9delmi akci\u00f3terv keretein bel\u00fcl val\u00f3sul meg t\u00f6bbek k\u00f6z\u00f6tt a kisgyermekes sz\u00fcl\u0151k t\u00e1mogat\u00e1sa is. A hazai munkajogi szab\u00e1lyoz\u00e1s emellett lehet\u0151s\u00e9get teremt arra, hogy a n\u0151k, gyermek\u00fck 4 \u00e9ves kor\u00e1ig \u2013 nagycsal\u00e1dosok eset\u00e9n a legkisebb gyermek 6 \u00e9ves kor\u00e1ig \u2013, r\u00e9szmunkaid\u0151ben dolgozzanak. A korm\u00e1nyzati int\u00e9zked\u00e9sek teh\u00e1t nagyban megk\u00f6nny\u00edtik azt, hogy Magyarorsz\u00e1gon a kismam\u00e1k k\u00f6z\u00fcl is min\u00e9l t\u00f6bben dolgozni tudjanak.<\/p>\n<p>Forr\u00e1s: orientpress.hu<\/p>\n","protected":false},"excerpt":{"rendered":"<p>Az\u00a0 eddigi int\u00e9zked\u00e9seknek k\u00f6sz\u00f6nhet\u0151en nagym\u00e9rt\u00e9kben b\u0151v\u00fclt a n\u0151k foglalkoztat\u00e1sa: m\u00edg 2010-ben a 15-64 \u00e9ves koroszt\u00e1ly mintegy fele dolgozott csak, tavaly m\u00e1r k\u00f6zel k\u00e9tharmaduk \u2013 jelentette ki Bod\u00f3 S\u00e1ndor foglalkoztat\u00e1spolitikai \u00e1llamtitk\u00e1r a foglalkoztat\u00e1si \u00e9s szoci\u00e1lis miniszterek keddi tan\u00e1cskoz\u00e1s\u00e1n az Innov\u00e1ci\u00f3s \u00e9s Technol\u00f3giai Miniszt\u00e9rium (ITM) k\u00f6zlem\u00e9nye szerint. A k\u00f6zlem\u00e9nyben r\u00e1mutattak: a n\u0151k \u00e9s f\u00e9rfiak munkaer\u0151piaci r\u00e9szv\u00e9tele k\u00f6zti [&hellip;]<\/p>\n","protected":false},"author":1,"featured_media":4312,"comment_status":"open","ping_status":"open","sticky":false,"template":"","format":"standard","meta":{"_monsterinsights_skip_tracking":false,"footnotes":""},"categories":[200],"tags":[],"class_list":["post-4309","post","type-post","status-publish","format-standard","has-post-thumbnail","hentry","category-munkaeropiac"],"aioseo_notices":[],"aioseo_head":"\n\t\t<!-- All in One SEO 5.0.0.1 - aioseo.com -->\n\t<meta name=\"description\" content=\"Az eddigi int\u00e9zked\u00e9seknek k\u00f6sz\u00f6nhet\u0151en nagym\u00e9rt\u00e9kben b\u0151v\u00fclt a n\u0151k foglalkoztat\u00e1sa: m\u00edg 2010-ben a 15-64 \u00e9ves koroszt\u00e1ly mintegy fele dolgozott csak, tavaly m\u00e1r k\u00f6zel k\u00e9tharmaduk \u2013 jelentette ki Bod\u00f3 S\u00e1ndor foglalkoztat\u00e1spolitikai \u00e1llamtitk\u00e1r a foglalkoztat\u00e1si \u00e9s szoci\u00e1lis miniszterek keddi tan\u00e1cskoz\u00e1s\u00e1n az Innov\u00e1ci\u00f3s \u00e9s Technol\u00f3giai Miniszt\u00e9rium (ITM) k\u00f6zlem\u00e9nye szerint. A k\u00f6zlem\u00e9nyben r\u00e1mutattak: a n\u0151k \u00e9s f\u00e9rfiak munkaer\u0151piaci r\u00e9szv\u00e9tele k\u00f6zti\" \/>\n\t<meta name=\"robots\" content=\"max-image-preview:large\" \/>\n\t<meta name=\"author\" content=\"Juh\u00e1sz P\u00e9ter\"\/>\n\t<link rel=\"canonical\" href=\"https:\/\/allasorias.hu\/hirek\/tobb-no-legyen-a-munkaeropiacon\/\" \/>\n\t<meta name=\"generator\" content=\"All in One SEO (AIOSEO) 5.0.0.1\" \/>\n\t\t<meta property=\"og:locale\" content=\"hu_HU\" \/>\n\t\t<meta property=\"og:site_name\" content=\"AllasOrias.hu | H\u00edrek-lapszemle | \u00dczleti h\u00edrek az \u00e1ll\u00e1s \u00e9s a munka vil\u00e1g\u00e1b\u00f3l\" \/>\n\t\t<meta property=\"og:type\" content=\"article\" \/>\n\t\t<meta property=\"og:title\" content=\"T\u00f6bb n\u0151 legyen a munkaer\u0151piacon | AllasOrias.hu | H\u00edrek-lapszemle\" \/>\n\t\t<meta property=\"og:description\" content=\"Az eddigi int\u00e9zked\u00e9seknek k\u00f6sz\u00f6nhet\u0151en nagym\u00e9rt\u00e9kben b\u0151v\u00fclt a n\u0151k foglalkoztat\u00e1sa: m\u00edg 2010-ben a 15-64 \u00e9ves koroszt\u00e1ly mintegy fele dolgozott csak, tavaly m\u00e1r k\u00f6zel k\u00e9tharmaduk \u2013 jelentette ki Bod\u00f3 S\u00e1ndor foglalkoztat\u00e1spolitikai \u00e1llamtitk\u00e1r a foglalkoztat\u00e1si \u00e9s szoci\u00e1lis miniszterek keddi tan\u00e1cskoz\u00e1s\u00e1n az Innov\u00e1ci\u00f3s \u00e9s Technol\u00f3giai Miniszt\u00e9rium (ITM) k\u00f6zlem\u00e9nye szerint. A k\u00f6zlem\u00e9nyben r\u00e1mutattak: a n\u0151k \u00e9s f\u00e9rfiak munkaer\u0151piaci r\u00e9szv\u00e9tele k\u00f6zti\" \/>\n\t\t<meta property=\"og:url\" content=\"https:\/\/allasorias.hu\/hirek\/tobb-no-legyen-a-munkaeropiacon\/\" \/>\n\t\t<meta property=\"og:image\" content=\"https:\/\/allasorias.hu\/hirek\/wp-content\/uploads\/2020\/10\/756-1.jpg\" \/>\n\t\t<meta property=\"og:image:secure_url\" content=\"https:\/\/allasorias.hu\/hirek\/wp-content\/uploads\/2020\/10\/756-1.jpg\" \/>\n\t\t<meta property=\"og:image:width\" content=\"1280\" \/>\n\t\t<meta property=\"og:image:height\" content=\"657\" \/>\n\t\t<meta property=\"article:published_time\" content=\"2020-10-15T06:26:43+00:00\" \/>\n\t\t<meta property=\"article:modified_time\" content=\"2020-10-15T06:28:05+00:00\" \/>\n\t\t<meta property=\"article:publisher\" content=\"https:\/\/www.facebook.com\/allasorias\" \/>\n\t\t<meta name=\"twitter:card\" content=\"summary_large_image\" \/>\n\t\t<meta name=\"twitter:title\" content=\"T\u00f6bb n\u0151 legyen a munkaer\u0151piacon | AllasOrias.hu | H\u00edrek-lapszemle\" \/>\n\t\t<meta name=\"twitter:description\" content=\"Az eddigi int\u00e9zked\u00e9seknek k\u00f6sz\u00f6nhet\u0151en nagym\u00e9rt\u00e9kben b\u0151v\u00fclt a n\u0151k foglalkoztat\u00e1sa: m\u00edg 2010-ben a 15-64 \u00e9ves koroszt\u00e1ly mintegy fele dolgozott csak, tavaly m\u00e1r k\u00f6zel k\u00e9tharmaduk \u2013 jelentette ki Bod\u00f3 S\u00e1ndor foglalkoztat\u00e1spolitikai \u00e1llamtitk\u00e1r a foglalkoztat\u00e1si \u00e9s szoci\u00e1lis miniszterek keddi tan\u00e1cskoz\u00e1s\u00e1n az Innov\u00e1ci\u00f3s \u00e9s Technol\u00f3giai Miniszt\u00e9rium (ITM) k\u00f6zlem\u00e9nye szerint. A k\u00f6zlem\u00e9nyben r\u00e1mutattak: a n\u0151k \u00e9s f\u00e9rfiak munkaer\u0151piaci r\u00e9szv\u00e9tele k\u00f6zti\" \/>\n\t\t<meta name=\"twitter:image\" content=\"https:\/\/allasorias.hu\/hirek\/wp-content\/uploads\/2020\/10\/756-1.jpg\" \/>\n\t\t<meta name=\"twitter:label1\" content=\"Written by\" \/>\n\t\t<meta name=\"twitter:data1\" content=\"Juh\u00e1sz P\u00e9ter\" \/>\n\t\t<meta name=\"twitter:label2\" content=\"Est. reading time\" \/>\n\t\t<meta name=\"twitter:data2\" content=\"2 minutes\" \/>\n\t\t<script type=\"application\/ld+json\" class=\"aioseo-schema\">\n\t\t\t{\"@context\":\"https:\\\/\\\/schema.org\",\"@graph\":[{\"@type\":\"Article\",\"@id\":\"https:\\\/\\\/allasorias.hu\\\/hirek\\\/tobb-no-legyen-a-munkaeropiacon\\\/#article\",\"name\":\"T\\u00f6bb n\\u0151 legyen a munkaer\\u0151piacon | AllasOrias.hu | H\\u00edrek-lapszemle\",\"headline\":\"T\\u00f6bb n\\u0151 legyen a munkaer\\u0151piacon\",\"author\":{\"@id\":\"https:\\\/\\\/allasorias.hu\\\/hirek\\\/author\\\/admin-allasorias\\\/#author\"},\"publisher\":{\"@id\":\"https:\\\/\\\/allasorias.hu\\\/hirek\\\/#organization\"},\"image\":{\"@type\":\"ImageObject\",\"url\":\"https:\\\/\\\/allasorias.hu\\\/hirek\\\/wp-content\\\/uploads\\\/2020\\\/10\\\/756-1.jpg\",\"width\":1280,\"height\":657,\"caption\":\"Portrait of pretty young business woman standing with arms crossed on chest in front of her team\"},\"datePublished\":\"2020-10-15T06:26:43+02:00\",\"dateModified\":\"2020-10-15T06:28:05+02:00\",\"inLanguage\":\"hu-HU\",\"mainEntityOfPage\":{\"@id\":\"https:\\\/\\\/allasorias.hu\\\/hirek\\\/tobb-no-legyen-a-munkaeropiacon\\\/#webpage\"},\"isPartOf\":{\"@id\":\"https:\\\/\\\/allasorias.hu\\\/hirek\\\/tobb-no-legyen-a-munkaeropiacon\\\/#webpage\"},\"articleSection\":\"Munkaer\\u0151piac\"},{\"@type\":\"BreadcrumbList\",\"@id\":\"https:\\\/\\\/allasorias.hu\\\/hirek\\\/tobb-no-legyen-a-munkaeropiacon\\\/#breadcrumblist\",\"itemListElement\":[{\"@type\":\"ListItem\",\"@id\":\"https:\\\/\\\/allasorias.hu\\\/hirek#listItem\",\"position\":1,\"name\":\"Home\",\"item\":\"https:\\\/\\\/allasorias.hu\\\/hirek\",\"nextItem\":{\"@type\":\"ListItem\",\"@id\":\"https:\\\/\\\/allasorias.hu\\\/hirek\\\/temak\\\/munkaeropiac\\\/#listItem\",\"name\":\"Munkaer\\u0151piac\"}},{\"@type\":\"ListItem\",\"@id\":\"https:\\\/\\\/allasorias.hu\\\/hirek\\\/temak\\\/munkaeropiac\\\/#listItem\",\"position\":2,\"name\":\"Munkaer\\u0151piac\",\"item\":\"https:\\\/\\\/allasorias.hu\\\/hirek\\\/temak\\\/munkaeropiac\\\/\",\"nextItem\":{\"@type\":\"ListItem\",\"@id\":\"https:\\\/\\\/allasorias.hu\\\/hirek\\\/tobb-no-legyen-a-munkaeropiacon\\\/#listItem\",\"name\":\"T\\u00f6bb n\\u0151 legyen a munkaer\\u0151piacon\"},\"previousItem\":{\"@type\":\"ListItem\",\"@id\":\"https:\\\/\\\/allasorias.hu\\\/hirek#listItem\",\"name\":\"Home\"}},{\"@type\":\"ListItem\",\"@id\":\"https:\\\/\\\/allasorias.hu\\\/hirek\\\/tobb-no-legyen-a-munkaeropiacon\\\/#listItem\",\"position\":3,\"name\":\"T\\u00f6bb n\\u0151 legyen a munkaer\\u0151piacon\",\"previousItem\":{\"@type\":\"ListItem\",\"@id\":\"https:\\\/\\\/allasorias.hu\\\/hirek\\\/temak\\\/munkaeropiac\\\/#listItem\",\"name\":\"Munkaer\\u0151piac\"}}]},{\"@type\":\"Organization\",\"@id\":\"https:\\\/\\\/allasorias.hu\\\/hirek\\\/#organization\",\"name\":\"AllasOrias.hu | H\\u00edrek-lapszemle\",\"description\":\"\\u00dczleti h\\u00edrek az \\u00e1ll\\u00e1s \\u00e9s a munka vil\\u00e1g\\u00e1b\\u00f3l\",\"url\":\"https:\\\/\\\/allasorias.hu\\\/hirek\\\/\",\"logo\":{\"@type\":\"ImageObject\",\"url\":\"https:\\\/\\\/allasorias.hu\\\/hirek\\\/wp-content\\\/uploads\\\/2022\\\/10\\\/allasorias_site_facebok_logo.png\",\"@id\":\"https:\\\/\\\/allasorias.hu\\\/hirek\\\/tobb-no-legyen-a-munkaeropiacon\\\/#organizationLogo\"},\"image\":{\"@id\":\"https:\\\/\\\/allasorias.hu\\\/hirek\\\/tobb-no-legyen-a-munkaeropiacon\\\/#organizationLogo\"},\"sameAs\":[\"https:\\\/\\\/www.facebook.com\\\/allasorias\",\"https:\\\/\\\/www.linkedin.com\\\/company\\\/allasorias\"]},{\"@type\":\"Person\",\"@id\":\"https:\\\/\\\/allasorias.hu\\\/hirek\\\/author\\\/admin-allasorias\\\/#author\",\"url\":\"https:\\\/\\\/allasorias.hu\\\/hirek\\\/author\\\/admin-allasorias\\\/\",\"name\":\"Juh\\u00e1sz P\\u00e9ter\",\"image\":{\"@type\":\"ImageObject\",\"@id\":\"https:\\\/\\\/allasorias.hu\\\/hirek\\\/tobb-no-legyen-a-munkaeropiacon\\\/#authorImage\",\"url\":\"https:\\\/\\\/secure.gravatar.com\\\/avatar\\\/36e6bcb83148978b992977cb0f54d22feb0cce8a0a849a9410532bb2623ba4c6?s=96&d=mm&r=g\",\"width\":96,\"height\":96,\"caption\":\"Juh\\u00e1sz P\\u00e9ter\"}},{\"@type\":\"WebPage\",\"@id\":\"https:\\\/\\\/allasorias.hu\\\/hirek\\\/tobb-no-legyen-a-munkaeropiacon\\\/#webpage\",\"url\":\"https:\\\/\\\/allasorias.hu\\\/hirek\\\/tobb-no-legyen-a-munkaeropiacon\\\/\",\"name\":\"T\\u00f6bb n\\u0151 legyen a munkaer\\u0151piacon | AllasOrias.hu | H\\u00edrek-lapszemle\",\"description\":\"Az eddigi int\\u00e9zked\\u00e9seknek k\\u00f6sz\\u00f6nhet\\u0151en nagym\\u00e9rt\\u00e9kben b\\u0151v\\u00fclt a n\\u0151k foglalkoztat\\u00e1sa: m\\u00edg 2010-ben a 15-64 \\u00e9ves koroszt\\u00e1ly mintegy fele dolgozott csak, tavaly m\\u00e1r k\\u00f6zel k\\u00e9tharmaduk \\u2013 jelentette ki Bod\\u00f3 S\\u00e1ndor foglalkoztat\\u00e1spolitikai \\u00e1llamtitk\\u00e1r a foglalkoztat\\u00e1si \\u00e9s szoci\\u00e1lis miniszterek keddi tan\\u00e1cskoz\\u00e1s\\u00e1n az Innov\\u00e1ci\\u00f3s \\u00e9s Technol\\u00f3giai Miniszt\\u00e9rium (ITM) k\\u00f6zlem\\u00e9nye szerint. A k\\u00f6zlem\\u00e9nyben r\\u00e1mutattak: a n\\u0151k \\u00e9s f\\u00e9rfiak munkaer\\u0151piaci r\\u00e9szv\\u00e9tele k\\u00f6zti\",\"inLanguage\":\"hu-HU\",\"isPartOf\":{\"@id\":\"https:\\\/\\\/allasorias.hu\\\/hirek\\\/#website\"},\"breadcrumb\":{\"@id\":\"https:\\\/\\\/allasorias.hu\\\/hirek\\\/tobb-no-legyen-a-munkaeropiacon\\\/#breadcrumblist\"},\"author\":{\"@id\":\"https:\\\/\\\/allasorias.hu\\\/hirek\\\/author\\\/admin-allasorias\\\/#author\"},\"creator\":{\"@id\":\"https:\\\/\\\/allasorias.hu\\\/hirek\\\/author\\\/admin-allasorias\\\/#author\"},\"image\":{\"@type\":\"ImageObject\",\"url\":\"https:\\\/\\\/allasorias.hu\\\/hirek\\\/wp-content\\\/uploads\\\/2020\\\/10\\\/756-1.jpg\",\"@id\":\"https:\\\/\\\/allasorias.hu\\\/hirek\\\/tobb-no-legyen-a-munkaeropiacon\\\/#mainImage\",\"width\":1280,\"height\":657,\"caption\":\"Portrait of pretty young business woman standing with arms crossed on chest in front of her team\"},\"primaryImageOfPage\":{\"@id\":\"https:\\\/\\\/allasorias.hu\\\/hirek\\\/tobb-no-legyen-a-munkaeropiacon\\\/#mainImage\"},\"datePublished\":\"2020-10-15T06:26:43+02:00\",\"dateModified\":\"2020-10-15T06:28:05+02:00\"},{\"@type\":\"WebSite\",\"@id\":\"https:\\\/\\\/allasorias.hu\\\/hirek\\\/#website\",\"url\":\"https:\\\/\\\/allasorias.hu\\\/hirek\\\/\",\"name\":\"AllasOrias.hu | H\\u00edrek-lapszemle\",\"description\":\"\\u00dczleti h\\u00edrek az \\u00e1ll\\u00e1s \\u00e9s a munka vil\\u00e1g\\u00e1b\\u00f3l\",\"inLanguage\":\"hu-HU\",\"publisher\":{\"@id\":\"https:\\\/\\\/allasorias.hu\\\/hirek\\\/#organization\"}}]}\n\t\t<\/script>\n\t\t<!-- All in One SEO -->\n\n","aioseo_head_json":{"title":"T\u00f6bb n\u0151 legyen a munkaer\u0151piacon | AllasOrias.hu | H\u00edrek-lapszemle","description":"Az eddigi int\u00e9zked\u00e9seknek k\u00f6sz\u00f6nhet\u0151en nagym\u00e9rt\u00e9kben b\u0151v\u00fclt a n\u0151k foglalkoztat\u00e1sa: m\u00edg 2010-ben a 15-64 \u00e9ves koroszt\u00e1ly mintegy fele dolgozott csak, tavaly m\u00e1r k\u00f6zel k\u00e9tharmaduk \u2013 jelentette ki Bod\u00f3 S\u00e1ndor foglalkoztat\u00e1spolitikai \u00e1llamtitk\u00e1r a foglalkoztat\u00e1si \u00e9s szoci\u00e1lis miniszterek keddi tan\u00e1cskoz\u00e1s\u00e1n az Innov\u00e1ci\u00f3s \u00e9s Technol\u00f3giai Miniszt\u00e9rium (ITM) k\u00f6zlem\u00e9nye szerint. A k\u00f6zlem\u00e9nyben r\u00e1mutattak: a n\u0151k \u00e9s f\u00e9rfiak munkaer\u0151piaci r\u00e9szv\u00e9tele k\u00f6zti","canonical_url":"https:\/\/allasorias.hu\/hirek\/tobb-no-legyen-a-munkaeropiacon\/","robots":"max-image-preview:large","keywords":"","webmasterTools":{"miscellaneous":""},"schema":{"@context":"https:\/\/schema.org","@graph":[{"@type":"Article","@id":"https:\/\/allasorias.hu\/hirek\/tobb-no-legyen-a-munkaeropiacon\/#article","name":"T\u00f6bb n\u0151 legyen a munkaer\u0151piacon | AllasOrias.hu | H\u00edrek-lapszemle","headline":"T\u00f6bb n\u0151 legyen a munkaer\u0151piacon","author":{"@id":"https:\/\/allasorias.hu\/hirek\/author\/admin-allasorias\/#author"},"publisher":{"@id":"https:\/\/allasorias.hu\/hirek\/#organization"},"image":{"@type":"ImageObject","url":"https:\/\/allasorias.hu\/hirek\/wp-content\/uploads\/2020\/10\/756-1.jpg","width":1280,"height":657,"caption":"Portrait of pretty young business woman standing with arms crossed on chest in front of her team"},"datePublished":"2020-10-15T06:26:43+02:00","dateModified":"2020-10-15T06:28:05+02:00","inLanguage":"hu-HU","mainEntityOfPage":{"@id":"https:\/\/allasorias.hu\/hirek\/tobb-no-legyen-a-munkaeropiacon\/#webpage"},"isPartOf":{"@id":"https:\/\/allasorias.hu\/hirek\/tobb-no-legyen-a-munkaeropiacon\/#webpage"},"articleSection":"Munkaer\u0151piac"},{"@type":"BreadcrumbList","@id":"https:\/\/allasorias.hu\/hirek\/tobb-no-legyen-a-munkaeropiacon\/#breadcrumblist","itemListElement":[{"@type":"ListItem","@id":"https:\/\/allasorias.hu\/hirek#listItem","position":1,"name":"Home","item":"https:\/\/allasorias.hu\/hirek","nextItem":{"@type":"ListItem","@id":"https:\/\/allasorias.hu\/hirek\/temak\/munkaeropiac\/#listItem","name":"Munkaer\u0151piac"}},{"@type":"ListItem","@id":"https:\/\/allasorias.hu\/hirek\/temak\/munkaeropiac\/#listItem","position":2,"name":"Munkaer\u0151piac","item":"https:\/\/allasorias.hu\/hirek\/temak\/munkaeropiac\/","nextItem":{"@type":"ListItem","@id":"https:\/\/allasorias.hu\/hirek\/tobb-no-legyen-a-munkaeropiacon\/#listItem","name":"T\u00f6bb n\u0151 legyen a munkaer\u0151piacon"},"previousItem":{"@type":"ListItem","@id":"https:\/\/allasorias.hu\/hirek#listItem","name":"Home"}},{"@type":"ListItem","@id":"https:\/\/allasorias.hu\/hirek\/tobb-no-legyen-a-munkaeropiacon\/#listItem","position":3,"name":"T\u00f6bb n\u0151 legyen a munkaer\u0151piacon","previousItem":{"@type":"ListItem","@id":"https:\/\/allasorias.hu\/hirek\/temak\/munkaeropiac\/#listItem","name":"Munkaer\u0151piac"}}]},{"@type":"Organization","@id":"https:\/\/allasorias.hu\/hirek\/#organization","name":"AllasOrias.hu | H\u00edrek-lapszemle","description":"\u00dczleti h\u00edrek az \u00e1ll\u00e1s \u00e9s a munka vil\u00e1g\u00e1b\u00f3l","url":"https:\/\/allasorias.hu\/hirek\/","logo":{"@type":"ImageObject","url":"https:\/\/allasorias.hu\/hirek\/wp-content\/uploads\/2022\/10\/allasorias_site_facebok_logo.png","@id":"https:\/\/allasorias.hu\/hirek\/tobb-no-legyen-a-munkaeropiacon\/#organizationLogo"},"image":{"@id":"https:\/\/allasorias.hu\/hirek\/tobb-no-legyen-a-munkaeropiacon\/#organizationLogo"},"sameAs":["https:\/\/www.facebook.com\/allasorias","https:\/\/www.linkedin.com\/company\/allasorias"]},{"@type":"Person","@id":"https:\/\/allasorias.hu\/hirek\/author\/admin-allasorias\/#author","url":"https:\/\/allasorias.hu\/hirek\/author\/admin-allasorias\/","name":"Juh\u00e1sz P\u00e9ter","image":{"@type":"ImageObject","@id":"https:\/\/allasorias.hu\/hirek\/tobb-no-legyen-a-munkaeropiacon\/#authorImage","url":"https:\/\/secure.gravatar.com\/avatar\/36e6bcb83148978b992977cb0f54d22feb0cce8a0a849a9410532bb2623ba4c6?s=96&d=mm&r=g","width":96,"height":96,"caption":"Juh\u00e1sz P\u00e9ter"}},{"@type":"WebPage","@id":"https:\/\/allasorias.hu\/hirek\/tobb-no-legyen-a-munkaeropiacon\/#webpage","url":"https:\/\/allasorias.hu\/hirek\/tobb-no-legyen-a-munkaeropiacon\/","name":"T\u00f6bb n\u0151 legyen a munkaer\u0151piacon | AllasOrias.hu | H\u00edrek-lapszemle","description":"Az eddigi int\u00e9zked\u00e9seknek k\u00f6sz\u00f6nhet\u0151en nagym\u00e9rt\u00e9kben b\u0151v\u00fclt a n\u0151k foglalkoztat\u00e1sa: m\u00edg 2010-ben a 15-64 \u00e9ves koroszt\u00e1ly mintegy fele dolgozott csak, tavaly m\u00e1r k\u00f6zel k\u00e9tharmaduk \u2013 jelentette ki Bod\u00f3 S\u00e1ndor foglalkoztat\u00e1spolitikai \u00e1llamtitk\u00e1r a foglalkoztat\u00e1si \u00e9s szoci\u00e1lis miniszterek keddi tan\u00e1cskoz\u00e1s\u00e1n az Innov\u00e1ci\u00f3s \u00e9s Technol\u00f3giai Miniszt\u00e9rium (ITM) k\u00f6zlem\u00e9nye szerint. A k\u00f6zlem\u00e9nyben r\u00e1mutattak: a n\u0151k \u00e9s f\u00e9rfiak munkaer\u0151piaci r\u00e9szv\u00e9tele k\u00f6zti","inLanguage":"hu-HU","isPartOf":{"@id":"https:\/\/allasorias.hu\/hirek\/#website"},"breadcrumb":{"@id":"https:\/\/allasorias.hu\/hirek\/tobb-no-legyen-a-munkaeropiacon\/#breadcrumblist"},"author":{"@id":"https:\/\/allasorias.hu\/hirek\/author\/admin-allasorias\/#author"},"creator":{"@id":"https:\/\/allasorias.hu\/hirek\/author\/admin-allasorias\/#author"},"image":{"@type":"ImageObject","url":"https:\/\/allasorias.hu\/hirek\/wp-content\/uploads\/2020\/10\/756-1.jpg","@id":"https:\/\/allasorias.hu\/hirek\/tobb-no-legyen-a-munkaeropiacon\/#mainImage","width":1280,"height":657,"caption":"Portrait of pretty young business woman standing with arms crossed on chest in front of her team"},"primaryImageOfPage":{"@id":"https:\/\/allasorias.hu\/hirek\/tobb-no-legyen-a-munkaeropiacon\/#mainImage"},"datePublished":"2020-10-15T06:26:43+02:00","dateModified":"2020-10-15T06:28:05+02:00"},{"@type":"WebSite","@id":"https:\/\/allasorias.hu\/hirek\/#website","url":"https:\/\/allasorias.hu\/hirek\/","name":"AllasOrias.hu | H\u00edrek-lapszemle","description":"\u00dczleti h\u00edrek az \u00e1ll\u00e1s \u00e9s a munka vil\u00e1g\u00e1b\u00f3l","inLanguage":"hu-HU","publisher":{"@id":"https:\/\/allasorias.hu\/hirek\/#organization"}}]},"og:locale":"hu_HU","og:site_name":"AllasOrias.hu | H\u00edrek-lapszemle | \u00dczleti h\u00edrek az \u00e1ll\u00e1s \u00e9s a munka vil\u00e1g\u00e1b\u00f3l","og:type":"article","og:title":"T\u00f6bb n\u0151 legyen a munkaer\u0151piacon | AllasOrias.hu | H\u00edrek-lapszemle","og:description":"Az eddigi int\u00e9zked\u00e9seknek k\u00f6sz\u00f6nhet\u0151en nagym\u00e9rt\u00e9kben b\u0151v\u00fclt a n\u0151k foglalkoztat\u00e1sa: m\u00edg 2010-ben a 15-64 \u00e9ves koroszt\u00e1ly mintegy fele dolgozott csak, tavaly m\u00e1r k\u00f6zel k\u00e9tharmaduk \u2013 jelentette ki Bod\u00f3 S\u00e1ndor foglalkoztat\u00e1spolitikai \u00e1llamtitk\u00e1r a foglalkoztat\u00e1si \u00e9s szoci\u00e1lis miniszterek keddi tan\u00e1cskoz\u00e1s\u00e1n az Innov\u00e1ci\u00f3s \u00e9s Technol\u00f3giai Miniszt\u00e9rium (ITM) k\u00f6zlem\u00e9nye szerint. A k\u00f6zlem\u00e9nyben r\u00e1mutattak: a n\u0151k \u00e9s f\u00e9rfiak munkaer\u0151piaci r\u00e9szv\u00e9tele k\u00f6zti","og:url":"https:\/\/allasorias.hu\/hirek\/tobb-no-legyen-a-munkaeropiacon\/","og:image":"https:\/\/allasorias.hu\/hirek\/wp-content\/uploads\/2020\/10\/756-1.jpg","og:image:secure_url":"https:\/\/allasorias.hu\/hirek\/wp-content\/uploads\/2020\/10\/756-1.jpg","og:image:width":1280,"og:image:height":657,"article:published_time":"2020-10-15T06:26:43+00:00","article:modified_time":"2020-10-15T06:28:05+00:00","article:publisher":"https:\/\/www.facebook.com\/allasorias","twitter:card":"summary_large_image","twitter:title":"T\u00f6bb n\u0151 legyen a munkaer\u0151piacon | AllasOrias.hu | H\u00edrek-lapszemle","twitter:description":"Az eddigi int\u00e9zked\u00e9seknek k\u00f6sz\u00f6nhet\u0151en nagym\u00e9rt\u00e9kben b\u0151v\u00fclt a n\u0151k foglalkoztat\u00e1sa: m\u00edg 2010-ben a 15-64 \u00e9ves koroszt\u00e1ly mintegy fele dolgozott csak, tavaly m\u00e1r k\u00f6zel k\u00e9tharmaduk \u2013 jelentette ki Bod\u00f3 S\u00e1ndor foglalkoztat\u00e1spolitikai \u00e1llamtitk\u00e1r a foglalkoztat\u00e1si \u00e9s szoci\u00e1lis miniszterek keddi tan\u00e1cskoz\u00e1s\u00e1n az Innov\u00e1ci\u00f3s \u00e9s Technol\u00f3giai Miniszt\u00e9rium (ITM) k\u00f6zlem\u00e9nye szerint. A k\u00f6zlem\u00e9nyben r\u00e1mutattak: a n\u0151k \u00e9s f\u00e9rfiak munkaer\u0151piaci r\u00e9szv\u00e9tele k\u00f6zti","twitter:image":"https:\/\/allasorias.hu\/hirek\/wp-content\/uploads\/2020\/10\/756-1.jpg","twitter:label1":"Written by","twitter:data1":"Juh\u00e1sz P\u00e9ter","twitter:label2":"Est. reading time","twitter:data2":"2 minutes"},"aioseo_meta_data":{"post_id":"4309","title":null,"description":"","keywords":"","keyphrases":null,"primary_term":null,"canonical_url":"","og_title":null,"og_description":null,"og_object_type":"default","og_image_type":"default","og_image_url":null,"og_image_width":null,"og_image_height":null,"og_image_custom_url":null,"og_image_custom_fields":null,"og_video":null,"og_custom_url":null,"og_article_section":null,"og_article_tags":null,"twitter_use_og":false,"twitter_card":"default","twitter_image_type":"default","twitter_image_url":null,"twitter_image_custom_url":null,"twitter_image_custom_fields":null,"twitter_title":null,"twitter_description":null,"schema":{"blockGraphs":[],"customGraphs":[],"default":{"data":{"Article":[],"Course":[],"Dataset":[],"FAQPage":[],"Movie":[],"Person":[],"Product":[],"ProductReview":[],"Car":[],"Recipe":[],"Service":[],"SoftwareApplication":[],"WebPage":[]},"graphName":"","isEnabled":true},"graphs":[],"defaultGraph":"","defaultPostTypeGraph":""},"schema_type":null,"schema_type_options":null,"pillar_content":false,"robots_default":true,"robots_noindex":false,"robots_noarchive":false,"robots_nosnippet":false,"robots_nofollow":false,"robots_noimageindex":false,"robots_noodp":false,"robots_notranslate":false,"robots_max_snippet":null,"robots_max_videopreview":null,"robots_max_imagepreview":"large","priority":null,"frequency":null,"location":null,"local_seo":null,"breadcrumb_settings":null,"limit_modified_date":false,"ai":null,"created":"2021-02-01 20:46:00","updated":"2025-10-02 14:56:35","seo_analyzer_scan_date":null,"focus_keyword":null,"additional_keywords":null,"truseo_locale":null},"aioseo_breadcrumb":"<div class=\"aioseo-breadcrumbs\"><span class=\"aioseo-breadcrumb\">\n\t\t\t<a href=\"https:\/\/allasorias.hu\/hirek\" title=\"Home\">Home<\/a>\n\t\t<\/span><span class=\"aioseo-breadcrumb-separator\">&raquo;<\/span><span class=\"aioseo-breadcrumb\">\n\t\t\t<a href=\"https:\/\/allasorias.hu\/hirek\/temak\/munkaeropiac\/\" title=\"Munkaer\u0151piac\">Munkaer\u0151piac<\/a>\n\t\t<\/span><span class=\"aioseo-breadcrumb-separator\">&raquo;<\/span><span class=\"aioseo-breadcrumb\">\n\t\t\tT\u00f6bb n\u0151 legyen a munkaer\u0151piacon\n\t\t<\/span><\/div>","aioseo_breadcrumb_json":[{"label":"Home","link":"https:\/\/allasorias.hu\/hirek"},{"label":"Munkaer\u0151piac","link":"https:\/\/allasorias.hu\/hirek\/temak\/munkaeropiac\/"},{"label":"T\u00f6bb n\u0151 legyen a munkaer\u0151piacon","link":"https:\/\/allasorias.hu\/hirek\/tobb-no-legyen-a-munkaeropiacon\/"}],"_links":{"self":[{"href":"https:\/\/allasorias.hu\/hirek\/wp-json\/wp\/v2\/posts\/4309","targetHints":{"allow":["GET"]}}],"collection":[{"href":"https:\/\/allasorias.hu\/hirek\/wp-json\/wp\/v2\/posts"}],"about":[{"href":"https:\/\/allasorias.hu\/hirek\/wp-json\/wp\/v2\/types\/post"}],"author":[{"embeddable":true,"href":"https:\/\/allasorias.hu\/hirek\/wp-json\/wp\/v2\/users\/1"}],"replies":[{"embeddable":true,"href":"https:\/\/allasorias.hu\/hirek\/wp-json\/wp\/v2\/comments?post=4309"}],"version-history":[{"count":1,"href":"https:\/\/allasorias.hu\/hirek\/wp-json\/wp\/v2\/posts\/4309\/revisions"}],"predecessor-version":[{"id":4311,"href":"https:\/\/allasorias.hu\/hirek\/wp-json\/wp\/v2\/posts\/4309\/revisions\/4311"}],"wp:featuredmedia":[{"embeddable":true,"href":"https:\/\/allasorias.hu\/hirek\/wp-json\/wp\/v2\/media\/4312"}],"wp:attachment":[{"href":"https:\/\/allasorias.hu\/hirek\/wp-json\/wp\/v2\/media?parent=4309"}],"wp:term":[{"taxonomy":"category","embeddable":true,"href":"https:\/\/allasorias.hu\/hirek\/wp-json\/wp\/v2\/categories?post=4309"},{"taxonomy":"post_tag","embeddable":true,"href":"https:\/\/allasorias.hu\/hirek\/wp-json\/wp\/v2\/tags?post=4309"}],"curies":[{"name":"wp","href":"https:\/\/api.w.org\/{rel}","templated":true}]}}