{"id":4306,"date":"2020-10-14T07:40:18","date_gmt":"2020-10-14T07:40:18","guid":{"rendered":"https:\/\/allasorias.hu\/hirek\/?p=4306"},"modified":"2020-10-14T07:40:18","modified_gmt":"2020-10-14T07:40:18","slug":"kinek-biztos-az-allasa","status":"publish","type":"post","link":"https:\/\/allasorias.hu\/hirek\/kinek-biztos-az-allasa\/","title":{"rendered":"Kinek biztos az \u00e1ll\u00e1sa ?"},"content":{"rendered":"<p><strong>Az koronav\u00edrus j\u00e1rv\u00e1ny sz\u00e1mos k\u00e9rd\u00e9st vet f\u00f6l a munkaer\u0151piacon, t\u00f6bbek k\u00f6z\u00f6tt azt is, hogy vajon ki \u00e9rezheti biztosnak az \u00e1ll\u00e1s\u00e1t, kell-e f\u00e9lnie az \u00e1ll\u00e1sveszt\u00e9st\u0151l. A programoz\u00f3k \u00e9s a sz\u00e1mviteli tud\u00e1ssal rendelkez\u0151 szakemberek ir\u00e1nt jelent\u0151s volt a kereslet a hazai munkaer\u0151piacon az elm\u00falt \u00f6t h\u00f3nap sor\u00e1n \u2013 mutat r\u00e1 a Profession.hu \u00e9s az EY elemz\u00e9se.<\/strong><\/p>\n<p>Az \u00e1ll\u00e1sport\u00e1l adatai szerint a szoftverfejleszt\u00e9s \u00e9s a k\u00f6nyvel\u00e9s a koronav\u00edrus-j\u00e1rv\u00e1ny okozta v\u00e1ls\u00e1g alatt is stabil szakm\u00e1nak bizonyul Magyarorsz\u00e1gon. A haz\u00e1nkban tavasszal bevezetett karant\u00e9nint\u00e9zked\u00e9sek els\u0151 k\u00e9t h\u00f3napja alatt, azaz m\u00e1rciusr\u00f3l m\u00e1jusra k\u00f6zel 50 ezren regisztr\u00e1ltak a munka\u00fcgyi k\u00f6zpontokban, az \u00e9v eleje \u00f3ta pedig csaknem 190 ezren jelezt\u00e9k, hogy elvesz\u00edtett\u00e9k az \u00e1ll\u00e1sukat a Nemzeti Foglalkoztat\u00e1si Szolg\u00e1lat adatai alapj\u00e1n. Ebben az id\u0151szakban a programoz\u00e1ssal \u00e9s a k\u00f6nyvel\u00e9ssel foglalkoz\u00f3 szakemberek ir\u00e1nt cs\u00f6kkent legkev\u00e9sb\u00e9 az \u00e9rdekl\u0151d\u00e9s az \u00e9v elej\u00e9hez k\u00e9pest a munk\u00e1ltat\u00f3k r\u00e9sz\u00e9r\u0151l.\u201eTapasztalatunk szerint a k\u00f6nyvel\u00e9s mellett a k\u00f6nyvvizsg\u00e1lat bizonyult az egyik legink\u00e1bb v\u00e1ls\u00e1g\u00e1ll\u00f3 ter\u00fcletnek a COVID-19 els\u0151 hull\u00e1ma sor\u00e1n\u201d &#8211; hangs\u00falyozta L\u00e1z\u00e1r G\u00e1bor, az EY HR vezet\u0151je. A szakember szerint t\u00f6bb c\u00e9gn\u00e9l ink\u00e1bb az er\u0151forr\u00e1s, nem pedig a feladatok hi\u00e1nya okozott kih\u00edv\u00e1st a ter\u00fcleten, hiszen a besz\u00e1mol\u00e1si k\u00f6telezetts\u00e9g al\u00f3l sem mentes\u00fcltek a v\u00e1llalatok. \u201eAz IT-szektort \u00e9rz\u00e9kenyebben \u00e9rinti a gazdas\u00e1gi lassul\u00e1s. Bizonyos fejleszt\u00e9seket el kellett halasztani, de ezzel egyid\u0151ben m\u00e1s projektek ker\u00fcltek el\u0151t\u00e9rbe, \u00edgy az ipar\u00e1g v\u00e1rhat\u00f3an hamar talpra \u00e1ll. Emiatt munkaer\u0151piaci szempontb\u00f3l kev\u00e9sb\u00e9 kitett a pand\u00e9mia hat\u00e1sainak.\u201d Az elm\u00falt \u00f6t h\u00f3nap sor\u00e1n a Profession.hu-n meghirdetett \u00e1ll\u00e1sok k\u00f6z\u00e9 leggyakrabban a fent felsoroltak mellett az elad\u00f3 \u00e9s p\u00e9nzt\u00e1ros munk\u00e1k, a betan\u00edtott munka, az anyagmozgat\u00f3i \u00e9s rakod\u00f3i \u00e1ll\u00e1sok, a projektmenedzseri poz\u00edci\u00f3k, a szakmunk\u00e1k, valamint az \u00e9rt\u00e9kes\u00edt\u0151i \u00e1ll\u00e1sok ker\u00fcltek be. A piacvezet\u0151 \u00e1ll\u00e1sport\u00e1l adatb\u00e1zisa alapj\u00e1n a k\u00f6zz\u00e9tett \u00e1ll\u00e1slehet\u0151s\u00e9gek sz\u00e1m\u00e1nak cs\u00f6kken\u00e9se jelent\u0151sen m\u00e9rs\u00e9kl\u0151d\u00f6tt m\u00e1jus \u00f3ta, ny\u00e1r v\u00e9g\u00e9re pedig a tavalyi \u00e9v azonos id\u0151szak\u00e1hoz k\u00e9pest m\u00e1r csak 30 sz\u00e1zal\u00e9k k\u00f6r\u00fcl alakult. Az \u00e1ll\u00e1spiac helyzete teh\u00e1t folyamatosan stabiliz\u00e1l\u00f3dik, de a hirdet\u00e9sek sz\u00e1ma m\u00e9g mindig nem \u00e9rte el a tavalyi \u00e9v azonos id\u0151szak\u00e1nak szintj\u00e9t.\u201eA COVID-19 hat\u00e1sai fundament\u00e1lisan alak\u00edtott\u00e1k \u00e1t a v\u00e1llalatok m\u0171k\u00f6d\u00e9s\u00e9t \u00e9s priorit\u00e1sait. Az eg\u00e9szs\u00e9g\u00fcgyi kock\u00e1zatok minimaliz\u00e1l\u00e1sa, a t\u00e1vmunk\u00e1ra val\u00f3 technol\u00f3giai \u00e1t\u00e1ll\u00e1s, a napi rutinok megv\u00e1ltozott keretekben val\u00f3 megszervez\u00e9se csak n\u00e9h\u00e1ny p\u00e9lda azokb\u00f3l a kih\u00edv\u00e1sokb\u00f3l, amelyekkel a c\u00e9geknek szembe kell n\u00e9zni\u00fck. A v\u00e1ltoz\u00e1sok k\u00f6zepette ugyanakkor a v\u00e1llalkoz\u00e1sok sz\u00e1m\u00e1ra kiemelt jelent\u0151s\u00e9ge van a stabil gazdas\u00e1gi m\u0171k\u00f6d\u00e9snek \u00e9s a p\u00e9nz\u00fcgyi megfelel\u0151s\u00e9gnek. Az erre val\u00f3 odafigyel\u00e9s a kisz\u00e1m\u00edthatatlan k\u00f6rnyezet ellen\u00e9re sem vesz\u00edtett jelent\u0151s\u00e9g\u00e9b\u0151l\u201d \u2013 mondta el T\u00fczes Imre, a Profession.hu \u00fczletfejleszt\u00e9si vezet\u0151je.\u00a0\u00a0 Az EY-n\u00e1l jelenleg az informatikai \u00e9s a p\u00e9nz\u00fcgyi- \u00e9s sz\u00e1mviteli p\u00e1ly\u00e1n is vannak nyitott poz\u00edci\u00f3k mind a fiatalok, mind tapasztalt munkav\u00e1llal\u00f3k sz\u00e1m\u00e1ra. El\u0151bbi ter\u00fcleten t\u00f6bbek k\u00f6z\u00f6tt projektmenedzsereket, kiber v\u00e9delemmel \u00e9s v\u00e1llalati kock\u00e1zatkezel\u00e9ssel, m\u00edg az ut\u00f3bbi szakm\u00e1ban k\u00f6nyvvizsg\u00e1lattal \u00e9s a szervezeti korrupci\u00f3 felt\u00e1r\u00e1s\u00e1val \u00e9s megel\u0151z\u00e9s\u00e9vel foglalkoz\u00f3 szakembereket keresnek.<\/p>\n<p>Forr\u00e1s: profitline.hu<\/p>\n","protected":false},"excerpt":{"rendered":"<p>Az koronav\u00edrus j\u00e1rv\u00e1ny sz\u00e1mos k\u00e9rd\u00e9st vet f\u00f6l a munkaer\u0151piacon, t\u00f6bbek k\u00f6z\u00f6tt azt is, hogy vajon ki \u00e9rezheti biztosnak az \u00e1ll\u00e1s\u00e1t, kell-e f\u00e9lnie az \u00e1ll\u00e1sveszt\u00e9st\u0151l. A programoz\u00f3k \u00e9s a sz\u00e1mviteli tud\u00e1ssal rendelkez\u0151 szakemberek ir\u00e1nt jelent\u0151s volt a kereslet a hazai munkaer\u0151piacon az elm\u00falt \u00f6t h\u00f3nap sor\u00e1n \u2013 mutat r\u00e1 a Profession.hu \u00e9s az EY elemz\u00e9se. Az [&hellip;]<\/p>\n","protected":false},"author":1,"featured_media":4307,"comment_status":"open","ping_status":"open","sticky":false,"template":"","format":"standard","meta":{"_monsterinsights_skip_tracking":false,"footnotes":""},"categories":[198,200],"tags":[],"class_list":["post-4306","post","type-post","status-publish","format-standard","has-post-thumbnail","hentry","category-gazdasag","category-munkaeropiac"],"aioseo_notices":[],"aioseo_head":"\n\t\t<!-- All in One SEO 5.0.0.1 - aioseo.com -->\n\t<meta name=\"description\" content=\"Az koronav\u00edrus j\u00e1rv\u00e1ny sz\u00e1mos k\u00e9rd\u00e9st vet f\u00f6l a munkaer\u0151piacon, t\u00f6bbek k\u00f6z\u00f6tt azt is, hogy vajon ki \u00e9rezheti biztosnak az \u00e1ll\u00e1s\u00e1t, kell-e f\u00e9lnie az \u00e1ll\u00e1sveszt\u00e9st\u0151l. A programoz\u00f3k \u00e9s a sz\u00e1mviteli tud\u00e1ssal rendelkez\u0151 szakemberek ir\u00e1nt jelent\u0151s volt a kereslet a hazai munkaer\u0151piacon az elm\u00falt \u00f6t h\u00f3nap sor\u00e1n \u2013 mutat r\u00e1 a Profession.hu \u00e9s az EY elemz\u00e9se. Az\" \/>\n\t<meta name=\"robots\" content=\"max-image-preview:large\" \/>\n\t<meta name=\"author\" content=\"Juh\u00e1sz P\u00e9ter\"\/>\n\t<link rel=\"canonical\" href=\"https:\/\/allasorias.hu\/hirek\/kinek-biztos-az-allasa\/\" \/>\n\t<meta name=\"generator\" content=\"All in One SEO (AIOSEO) 5.0.0.1\" \/>\n\t\t<meta property=\"og:locale\" content=\"hu_HU\" \/>\n\t\t<meta property=\"og:site_name\" content=\"AllasOrias.hu | H\u00edrek-lapszemle | \u00dczleti h\u00edrek az \u00e1ll\u00e1s \u00e9s a munka vil\u00e1g\u00e1b\u00f3l\" \/>\n\t\t<meta property=\"og:type\" content=\"article\" \/>\n\t\t<meta property=\"og:title\" content=\"Kinek biztos az \u00e1ll\u00e1sa ? | AllasOrias.hu | H\u00edrek-lapszemle\" \/>\n\t\t<meta property=\"og:description\" content=\"Az koronav\u00edrus j\u00e1rv\u00e1ny sz\u00e1mos k\u00e9rd\u00e9st vet f\u00f6l a munkaer\u0151piacon, t\u00f6bbek k\u00f6z\u00f6tt azt is, hogy vajon ki \u00e9rezheti biztosnak az \u00e1ll\u00e1s\u00e1t, kell-e f\u00e9lnie az \u00e1ll\u00e1sveszt\u00e9st\u0151l. A programoz\u00f3k \u00e9s a sz\u00e1mviteli tud\u00e1ssal rendelkez\u0151 szakemberek ir\u00e1nt jelent\u0151s volt a kereslet a hazai munkaer\u0151piacon az elm\u00falt \u00f6t h\u00f3nap sor\u00e1n \u2013 mutat r\u00e1 a Profession.hu \u00e9s az EY elemz\u00e9se. Az\" \/>\n\t\t<meta property=\"og:url\" content=\"https:\/\/allasorias.hu\/hirek\/kinek-biztos-az-allasa\/\" \/>\n\t\t<meta property=\"og:image\" content=\"https:\/\/allasorias.hu\/hirek\/wp-content\/uploads\/2020\/10\/2982.jpg\" \/>\n\t\t<meta property=\"og:image:secure_url\" content=\"https:\/\/allasorias.hu\/hirek\/wp-content\/uploads\/2020\/10\/2982.jpg\" \/>\n\t\t<meta property=\"og:image:width\" content=\"1200\" \/>\n\t\t<meta property=\"og:image:height\" content=\"800\" \/>\n\t\t<meta property=\"article:published_time\" content=\"2020-10-14T07:40:18+00:00\" \/>\n\t\t<meta property=\"article:modified_time\" content=\"2020-10-14T07:40:18+00:00\" \/>\n\t\t<meta property=\"article:publisher\" content=\"https:\/\/www.facebook.com\/allasorias\" \/>\n\t\t<meta name=\"twitter:card\" content=\"summary_large_image\" \/>\n\t\t<meta name=\"twitter:title\" content=\"Kinek biztos az \u00e1ll\u00e1sa ? | AllasOrias.hu | H\u00edrek-lapszemle\" \/>\n\t\t<meta name=\"twitter:description\" content=\"Az koronav\u00edrus j\u00e1rv\u00e1ny sz\u00e1mos k\u00e9rd\u00e9st vet f\u00f6l a munkaer\u0151piacon, t\u00f6bbek k\u00f6z\u00f6tt azt is, hogy vajon ki \u00e9rezheti biztosnak az \u00e1ll\u00e1s\u00e1t, kell-e f\u00e9lnie az \u00e1ll\u00e1sveszt\u00e9st\u0151l. A programoz\u00f3k \u00e9s a sz\u00e1mviteli tud\u00e1ssal rendelkez\u0151 szakemberek ir\u00e1nt jelent\u0151s volt a kereslet a hazai munkaer\u0151piacon az elm\u00falt \u00f6t h\u00f3nap sor\u00e1n \u2013 mutat r\u00e1 a Profession.hu \u00e9s az EY elemz\u00e9se. Az\" \/>\n\t\t<meta name=\"twitter:image\" content=\"https:\/\/allasorias.hu\/hirek\/wp-content\/uploads\/2020\/10\/2982.jpg\" \/>\n\t\t<meta name=\"twitter:label1\" content=\"Written by\" \/>\n\t\t<meta name=\"twitter:data1\" content=\"Juh\u00e1sz P\u00e9ter\" \/>\n\t\t<meta name=\"twitter:label2\" content=\"Est. reading time\" \/>\n\t\t<meta name=\"twitter:data2\" content=\"4 minutes\" \/>\n\t\t<script type=\"application\/ld+json\" class=\"aioseo-schema\">\n\t\t\t{\"@context\":\"https:\\\/\\\/schema.org\",\"@graph\":[{\"@type\":\"Article\",\"@id\":\"https:\\\/\\\/allasorias.hu\\\/hirek\\\/kinek-biztos-az-allasa\\\/#article\",\"name\":\"Kinek biztos az \\u00e1ll\\u00e1sa ? | AllasOrias.hu | H\\u00edrek-lapszemle\",\"headline\":\"Kinek biztos az \\u00e1ll\\u00e1sa ?\",\"author\":{\"@id\":\"https:\\\/\\\/allasorias.hu\\\/hirek\\\/author\\\/admin-allasorias\\\/#author\"},\"publisher\":{\"@id\":\"https:\\\/\\\/allasorias.hu\\\/hirek\\\/#organization\"},\"image\":{\"@type\":\"ImageObject\",\"url\":\"https:\\\/\\\/allasorias.hu\\\/hirek\\\/wp-content\\\/uploads\\\/2020\\\/10\\\/2982.jpg\",\"width\":1200,\"height\":800,\"caption\":\"Business team standing in front of office successful business with showing  thumbs up\"},\"datePublished\":\"2020-10-14T07:40:18+02:00\",\"dateModified\":\"2020-10-14T07:40:18+02:00\",\"inLanguage\":\"hu-HU\",\"mainEntityOfPage\":{\"@id\":\"https:\\\/\\\/allasorias.hu\\\/hirek\\\/kinek-biztos-az-allasa\\\/#webpage\"},\"isPartOf\":{\"@id\":\"https:\\\/\\\/allasorias.hu\\\/hirek\\\/kinek-biztos-az-allasa\\\/#webpage\"},\"articleSection\":\"Gazdas\\u00e1g, Munkaer\\u0151piac\"},{\"@type\":\"BreadcrumbList\",\"@id\":\"https:\\\/\\\/allasorias.hu\\\/hirek\\\/kinek-biztos-az-allasa\\\/#breadcrumblist\",\"itemListElement\":[{\"@type\":\"ListItem\",\"@id\":\"https:\\\/\\\/allasorias.hu\\\/hirek#listItem\",\"position\":1,\"name\":\"Home\",\"item\":\"https:\\\/\\\/allasorias.hu\\\/hirek\",\"nextItem\":{\"@type\":\"ListItem\",\"@id\":\"https:\\\/\\\/allasorias.hu\\\/hirek\\\/temak\\\/gazdasag\\\/#listItem\",\"name\":\"Gazdas\\u00e1g\"}},{\"@type\":\"ListItem\",\"@id\":\"https:\\\/\\\/allasorias.hu\\\/hirek\\\/temak\\\/gazdasag\\\/#listItem\",\"position\":2,\"name\":\"Gazdas\\u00e1g\",\"item\":\"https:\\\/\\\/allasorias.hu\\\/hirek\\\/temak\\\/gazdasag\\\/\",\"nextItem\":{\"@type\":\"ListItem\",\"@id\":\"https:\\\/\\\/allasorias.hu\\\/hirek\\\/kinek-biztos-az-allasa\\\/#listItem\",\"name\":\"Kinek biztos az \\u00e1ll\\u00e1sa ?\"},\"previousItem\":{\"@type\":\"ListItem\",\"@id\":\"https:\\\/\\\/allasorias.hu\\\/hirek#listItem\",\"name\":\"Home\"}},{\"@type\":\"ListItem\",\"@id\":\"https:\\\/\\\/allasorias.hu\\\/hirek\\\/kinek-biztos-az-allasa\\\/#listItem\",\"position\":3,\"name\":\"Kinek biztos az \\u00e1ll\\u00e1sa ?\",\"previousItem\":{\"@type\":\"ListItem\",\"@id\":\"https:\\\/\\\/allasorias.hu\\\/hirek\\\/temak\\\/gazdasag\\\/#listItem\",\"name\":\"Gazdas\\u00e1g\"}}]},{\"@type\":\"Organization\",\"@id\":\"https:\\\/\\\/allasorias.hu\\\/hirek\\\/#organization\",\"name\":\"AllasOrias.hu | H\\u00edrek-lapszemle\",\"description\":\"\\u00dczleti h\\u00edrek az \\u00e1ll\\u00e1s \\u00e9s a munka vil\\u00e1g\\u00e1b\\u00f3l\",\"url\":\"https:\\\/\\\/allasorias.hu\\\/hirek\\\/\",\"logo\":{\"@type\":\"ImageObject\",\"url\":\"https:\\\/\\\/allasorias.hu\\\/hirek\\\/wp-content\\\/uploads\\\/2022\\\/10\\\/allasorias_site_facebok_logo.png\",\"@id\":\"https:\\\/\\\/allasorias.hu\\\/hirek\\\/kinek-biztos-az-allasa\\\/#organizationLogo\"},\"image\":{\"@id\":\"https:\\\/\\\/allasorias.hu\\\/hirek\\\/kinek-biztos-az-allasa\\\/#organizationLogo\"},\"sameAs\":[\"https:\\\/\\\/www.facebook.com\\\/allasorias\",\"https:\\\/\\\/www.linkedin.com\\\/company\\\/allasorias\"]},{\"@type\":\"Person\",\"@id\":\"https:\\\/\\\/allasorias.hu\\\/hirek\\\/author\\\/admin-allasorias\\\/#author\",\"url\":\"https:\\\/\\\/allasorias.hu\\\/hirek\\\/author\\\/admin-allasorias\\\/\",\"name\":\"Juh\\u00e1sz P\\u00e9ter\",\"image\":{\"@type\":\"ImageObject\",\"@id\":\"https:\\\/\\\/allasorias.hu\\\/hirek\\\/kinek-biztos-az-allasa\\\/#authorImage\",\"url\":\"https:\\\/\\\/secure.gravatar.com\\\/avatar\\\/36e6bcb83148978b992977cb0f54d22feb0cce8a0a849a9410532bb2623ba4c6?s=96&d=mm&r=g\",\"width\":96,\"height\":96,\"caption\":\"Juh\\u00e1sz P\\u00e9ter\"}},{\"@type\":\"WebPage\",\"@id\":\"https:\\\/\\\/allasorias.hu\\\/hirek\\\/kinek-biztos-az-allasa\\\/#webpage\",\"url\":\"https:\\\/\\\/allasorias.hu\\\/hirek\\\/kinek-biztos-az-allasa\\\/\",\"name\":\"Kinek biztos az \\u00e1ll\\u00e1sa ? | AllasOrias.hu | H\\u00edrek-lapszemle\",\"description\":\"Az koronav\\u00edrus j\\u00e1rv\\u00e1ny sz\\u00e1mos k\\u00e9rd\\u00e9st vet f\\u00f6l a munkaer\\u0151piacon, t\\u00f6bbek k\\u00f6z\\u00f6tt azt is, hogy vajon ki \\u00e9rezheti biztosnak az \\u00e1ll\\u00e1s\\u00e1t, kell-e f\\u00e9lnie az \\u00e1ll\\u00e1sveszt\\u00e9st\\u0151l. A programoz\\u00f3k \\u00e9s a sz\\u00e1mviteli tud\\u00e1ssal rendelkez\\u0151 szakemberek ir\\u00e1nt jelent\\u0151s volt a kereslet a hazai munkaer\\u0151piacon az elm\\u00falt \\u00f6t h\\u00f3nap sor\\u00e1n \\u2013 mutat r\\u00e1 a Profession.hu \\u00e9s az EY elemz\\u00e9se. Az\",\"inLanguage\":\"hu-HU\",\"isPartOf\":{\"@id\":\"https:\\\/\\\/allasorias.hu\\\/hirek\\\/#website\"},\"breadcrumb\":{\"@id\":\"https:\\\/\\\/allasorias.hu\\\/hirek\\\/kinek-biztos-az-allasa\\\/#breadcrumblist\"},\"author\":{\"@id\":\"https:\\\/\\\/allasorias.hu\\\/hirek\\\/author\\\/admin-allasorias\\\/#author\"},\"creator\":{\"@id\":\"https:\\\/\\\/allasorias.hu\\\/hirek\\\/author\\\/admin-allasorias\\\/#author\"},\"image\":{\"@type\":\"ImageObject\",\"url\":\"https:\\\/\\\/allasorias.hu\\\/hirek\\\/wp-content\\\/uploads\\\/2020\\\/10\\\/2982.jpg\",\"@id\":\"https:\\\/\\\/allasorias.hu\\\/hirek\\\/kinek-biztos-az-allasa\\\/#mainImage\",\"width\":1200,\"height\":800,\"caption\":\"Business team standing in front of office successful business with showing  thumbs up\"},\"primaryImageOfPage\":{\"@id\":\"https:\\\/\\\/allasorias.hu\\\/hirek\\\/kinek-biztos-az-allasa\\\/#mainImage\"},\"datePublished\":\"2020-10-14T07:40:18+02:00\",\"dateModified\":\"2020-10-14T07:40:18+02:00\"},{\"@type\":\"WebSite\",\"@id\":\"https:\\\/\\\/allasorias.hu\\\/hirek\\\/#website\",\"url\":\"https:\\\/\\\/allasorias.hu\\\/hirek\\\/\",\"name\":\"AllasOrias.hu | H\\u00edrek-lapszemle\",\"description\":\"\\u00dczleti h\\u00edrek az \\u00e1ll\\u00e1s \\u00e9s a munka vil\\u00e1g\\u00e1b\\u00f3l\",\"inLanguage\":\"hu-HU\",\"publisher\":{\"@id\":\"https:\\\/\\\/allasorias.hu\\\/hirek\\\/#organization\"}}]}\n\t\t<\/script>\n\t\t<!-- All in One SEO -->\n\n","aioseo_head_json":{"title":"Kinek biztos az \u00e1ll\u00e1sa ? | AllasOrias.hu | H\u00edrek-lapszemle","description":"Az koronav\u00edrus j\u00e1rv\u00e1ny sz\u00e1mos k\u00e9rd\u00e9st vet f\u00f6l a munkaer\u0151piacon, t\u00f6bbek k\u00f6z\u00f6tt azt is, hogy vajon ki \u00e9rezheti biztosnak az \u00e1ll\u00e1s\u00e1t, kell-e f\u00e9lnie az \u00e1ll\u00e1sveszt\u00e9st\u0151l. A programoz\u00f3k \u00e9s a sz\u00e1mviteli tud\u00e1ssal rendelkez\u0151 szakemberek ir\u00e1nt jelent\u0151s volt a kereslet a hazai munkaer\u0151piacon az elm\u00falt \u00f6t h\u00f3nap sor\u00e1n \u2013 mutat r\u00e1 a Profession.hu \u00e9s az EY elemz\u00e9se. Az","canonical_url":"https:\/\/allasorias.hu\/hirek\/kinek-biztos-az-allasa\/","robots":"max-image-preview:large","keywords":"","webmasterTools":{"miscellaneous":""},"schema":{"@context":"https:\/\/schema.org","@graph":[{"@type":"Article","@id":"https:\/\/allasorias.hu\/hirek\/kinek-biztos-az-allasa\/#article","name":"Kinek biztos az \u00e1ll\u00e1sa ? | AllasOrias.hu | H\u00edrek-lapszemle","headline":"Kinek biztos az \u00e1ll\u00e1sa ?","author":{"@id":"https:\/\/allasorias.hu\/hirek\/author\/admin-allasorias\/#author"},"publisher":{"@id":"https:\/\/allasorias.hu\/hirek\/#organization"},"image":{"@type":"ImageObject","url":"https:\/\/allasorias.hu\/hirek\/wp-content\/uploads\/2020\/10\/2982.jpg","width":1200,"height":800,"caption":"Business team standing in front of office successful business with showing  thumbs up"},"datePublished":"2020-10-14T07:40:18+02:00","dateModified":"2020-10-14T07:40:18+02:00","inLanguage":"hu-HU","mainEntityOfPage":{"@id":"https:\/\/allasorias.hu\/hirek\/kinek-biztos-az-allasa\/#webpage"},"isPartOf":{"@id":"https:\/\/allasorias.hu\/hirek\/kinek-biztos-az-allasa\/#webpage"},"articleSection":"Gazdas\u00e1g, Munkaer\u0151piac"},{"@type":"BreadcrumbList","@id":"https:\/\/allasorias.hu\/hirek\/kinek-biztos-az-allasa\/#breadcrumblist","itemListElement":[{"@type":"ListItem","@id":"https:\/\/allasorias.hu\/hirek#listItem","position":1,"name":"Home","item":"https:\/\/allasorias.hu\/hirek","nextItem":{"@type":"ListItem","@id":"https:\/\/allasorias.hu\/hirek\/temak\/gazdasag\/#listItem","name":"Gazdas\u00e1g"}},{"@type":"ListItem","@id":"https:\/\/allasorias.hu\/hirek\/temak\/gazdasag\/#listItem","position":2,"name":"Gazdas\u00e1g","item":"https:\/\/allasorias.hu\/hirek\/temak\/gazdasag\/","nextItem":{"@type":"ListItem","@id":"https:\/\/allasorias.hu\/hirek\/kinek-biztos-az-allasa\/#listItem","name":"Kinek biztos az \u00e1ll\u00e1sa ?"},"previousItem":{"@type":"ListItem","@id":"https:\/\/allasorias.hu\/hirek#listItem","name":"Home"}},{"@type":"ListItem","@id":"https:\/\/allasorias.hu\/hirek\/kinek-biztos-az-allasa\/#listItem","position":3,"name":"Kinek biztos az \u00e1ll\u00e1sa ?","previousItem":{"@type":"ListItem","@id":"https:\/\/allasorias.hu\/hirek\/temak\/gazdasag\/#listItem","name":"Gazdas\u00e1g"}}]},{"@type":"Organization","@id":"https:\/\/allasorias.hu\/hirek\/#organization","name":"AllasOrias.hu | H\u00edrek-lapszemle","description":"\u00dczleti h\u00edrek az \u00e1ll\u00e1s \u00e9s a munka vil\u00e1g\u00e1b\u00f3l","url":"https:\/\/allasorias.hu\/hirek\/","logo":{"@type":"ImageObject","url":"https:\/\/allasorias.hu\/hirek\/wp-content\/uploads\/2022\/10\/allasorias_site_facebok_logo.png","@id":"https:\/\/allasorias.hu\/hirek\/kinek-biztos-az-allasa\/#organizationLogo"},"image":{"@id":"https:\/\/allasorias.hu\/hirek\/kinek-biztos-az-allasa\/#organizationLogo"},"sameAs":["https:\/\/www.facebook.com\/allasorias","https:\/\/www.linkedin.com\/company\/allasorias"]},{"@type":"Person","@id":"https:\/\/allasorias.hu\/hirek\/author\/admin-allasorias\/#author","url":"https:\/\/allasorias.hu\/hirek\/author\/admin-allasorias\/","name":"Juh\u00e1sz P\u00e9ter","image":{"@type":"ImageObject","@id":"https:\/\/allasorias.hu\/hirek\/kinek-biztos-az-allasa\/#authorImage","url":"https:\/\/secure.gravatar.com\/avatar\/36e6bcb83148978b992977cb0f54d22feb0cce8a0a849a9410532bb2623ba4c6?s=96&d=mm&r=g","width":96,"height":96,"caption":"Juh\u00e1sz P\u00e9ter"}},{"@type":"WebPage","@id":"https:\/\/allasorias.hu\/hirek\/kinek-biztos-az-allasa\/#webpage","url":"https:\/\/allasorias.hu\/hirek\/kinek-biztos-az-allasa\/","name":"Kinek biztos az \u00e1ll\u00e1sa ? | AllasOrias.hu | H\u00edrek-lapszemle","description":"Az koronav\u00edrus j\u00e1rv\u00e1ny sz\u00e1mos k\u00e9rd\u00e9st vet f\u00f6l a munkaer\u0151piacon, t\u00f6bbek k\u00f6z\u00f6tt azt is, hogy vajon ki \u00e9rezheti biztosnak az \u00e1ll\u00e1s\u00e1t, kell-e f\u00e9lnie az \u00e1ll\u00e1sveszt\u00e9st\u0151l. A programoz\u00f3k \u00e9s a sz\u00e1mviteli tud\u00e1ssal rendelkez\u0151 szakemberek ir\u00e1nt jelent\u0151s volt a kereslet a hazai munkaer\u0151piacon az elm\u00falt \u00f6t h\u00f3nap sor\u00e1n \u2013 mutat r\u00e1 a Profession.hu \u00e9s az EY elemz\u00e9se. Az","inLanguage":"hu-HU","isPartOf":{"@id":"https:\/\/allasorias.hu\/hirek\/#website"},"breadcrumb":{"@id":"https:\/\/allasorias.hu\/hirek\/kinek-biztos-az-allasa\/#breadcrumblist"},"author":{"@id":"https:\/\/allasorias.hu\/hirek\/author\/admin-allasorias\/#author"},"creator":{"@id":"https:\/\/allasorias.hu\/hirek\/author\/admin-allasorias\/#author"},"image":{"@type":"ImageObject","url":"https:\/\/allasorias.hu\/hirek\/wp-content\/uploads\/2020\/10\/2982.jpg","@id":"https:\/\/allasorias.hu\/hirek\/kinek-biztos-az-allasa\/#mainImage","width":1200,"height":800,"caption":"Business team standing in front of office successful business with showing  thumbs up"},"primaryImageOfPage":{"@id":"https:\/\/allasorias.hu\/hirek\/kinek-biztos-az-allasa\/#mainImage"},"datePublished":"2020-10-14T07:40:18+02:00","dateModified":"2020-10-14T07:40:18+02:00"},{"@type":"WebSite","@id":"https:\/\/allasorias.hu\/hirek\/#website","url":"https:\/\/allasorias.hu\/hirek\/","name":"AllasOrias.hu | H\u00edrek-lapszemle","description":"\u00dczleti h\u00edrek az \u00e1ll\u00e1s \u00e9s a munka vil\u00e1g\u00e1b\u00f3l","inLanguage":"hu-HU","publisher":{"@id":"https:\/\/allasorias.hu\/hirek\/#organization"}}]},"og:locale":"hu_HU","og:site_name":"AllasOrias.hu | H\u00edrek-lapszemle | \u00dczleti h\u00edrek az \u00e1ll\u00e1s \u00e9s a munka vil\u00e1g\u00e1b\u00f3l","og:type":"article","og:title":"Kinek biztos az \u00e1ll\u00e1sa ? | AllasOrias.hu | H\u00edrek-lapszemle","og:description":"Az koronav\u00edrus j\u00e1rv\u00e1ny sz\u00e1mos k\u00e9rd\u00e9st vet f\u00f6l a munkaer\u0151piacon, t\u00f6bbek k\u00f6z\u00f6tt azt is, hogy vajon ki \u00e9rezheti biztosnak az \u00e1ll\u00e1s\u00e1t, kell-e f\u00e9lnie az \u00e1ll\u00e1sveszt\u00e9st\u0151l. A programoz\u00f3k \u00e9s a sz\u00e1mviteli tud\u00e1ssal rendelkez\u0151 szakemberek ir\u00e1nt jelent\u0151s volt a kereslet a hazai munkaer\u0151piacon az elm\u00falt \u00f6t h\u00f3nap sor\u00e1n \u2013 mutat r\u00e1 a Profession.hu \u00e9s az EY elemz\u00e9se. Az","og:url":"https:\/\/allasorias.hu\/hirek\/kinek-biztos-az-allasa\/","og:image":"https:\/\/allasorias.hu\/hirek\/wp-content\/uploads\/2020\/10\/2982.jpg","og:image:secure_url":"https:\/\/allasorias.hu\/hirek\/wp-content\/uploads\/2020\/10\/2982.jpg","og:image:width":1200,"og:image:height":800,"article:published_time":"2020-10-14T07:40:18+00:00","article:modified_time":"2020-10-14T07:40:18+00:00","article:publisher":"https:\/\/www.facebook.com\/allasorias","twitter:card":"summary_large_image","twitter:title":"Kinek biztos az \u00e1ll\u00e1sa ? | AllasOrias.hu | H\u00edrek-lapszemle","twitter:description":"Az koronav\u00edrus j\u00e1rv\u00e1ny sz\u00e1mos k\u00e9rd\u00e9st vet f\u00f6l a munkaer\u0151piacon, t\u00f6bbek k\u00f6z\u00f6tt azt is, hogy vajon ki \u00e9rezheti biztosnak az \u00e1ll\u00e1s\u00e1t, kell-e f\u00e9lnie az \u00e1ll\u00e1sveszt\u00e9st\u0151l. A programoz\u00f3k \u00e9s a sz\u00e1mviteli tud\u00e1ssal rendelkez\u0151 szakemberek ir\u00e1nt jelent\u0151s volt a kereslet a hazai munkaer\u0151piacon az elm\u00falt \u00f6t h\u00f3nap sor\u00e1n \u2013 mutat r\u00e1 a Profession.hu \u00e9s az EY elemz\u00e9se. Az","twitter:image":"https:\/\/allasorias.hu\/hirek\/wp-content\/uploads\/2020\/10\/2982.jpg","twitter:label1":"Written by","twitter:data1":"Juh\u00e1sz P\u00e9ter","twitter:label2":"Est. reading time","twitter:data2":"4 minutes"},"aioseo_meta_data":{"post_id":"4306","title":null,"description":"","keywords":"","keyphrases":null,"primary_term":null,"canonical_url":"","og_title":null,"og_description":null,"og_object_type":"default","og_image_type":"default","og_image_url":null,"og_image_width":null,"og_image_height":null,"og_image_custom_url":null,"og_image_custom_fields":null,"og_video":null,"og_custom_url":null,"og_article_section":null,"og_article_tags":null,"twitter_use_og":false,"twitter_card":"default","twitter_image_type":"default","twitter_image_url":null,"twitter_image_custom_url":null,"twitter_image_custom_fields":null,"twitter_title":null,"twitter_description":null,"schema":{"blockGraphs":[],"customGraphs":[],"default":{"data":{"Article":[],"Course":[],"Dataset":[],"FAQPage":[],"Movie":[],"Person":[],"Product":[],"ProductReview":[],"Car":[],"Recipe":[],"Service":[],"SoftwareApplication":[],"WebPage":[]},"graphName":"","isEnabled":true},"graphs":[],"defaultGraph":"","defaultPostTypeGraph":""},"schema_type":null,"schema_type_options":null,"pillar_content":false,"robots_default":true,"robots_noindex":false,"robots_noarchive":false,"robots_nosnippet":false,"robots_nofollow":false,"robots_noimageindex":false,"robots_noodp":false,"robots_notranslate":false,"robots_max_snippet":null,"robots_max_videopreview":null,"robots_max_imagepreview":"large","priority":null,"frequency":null,"location":null,"local_seo":null,"breadcrumb_settings":null,"limit_modified_date":false,"ai":null,"created":"2021-02-01 20:46:00","updated":"2025-10-02 14:56:35","seo_analyzer_scan_date":null,"focus_keyword":null,"additional_keywords":null,"truseo_locale":null},"aioseo_breadcrumb":"<div class=\"aioseo-breadcrumbs\"><span class=\"aioseo-breadcrumb\">\n\t\t\t<a href=\"https:\/\/allasorias.hu\/hirek\" title=\"Home\">Home<\/a>\n\t\t<\/span><span class=\"aioseo-breadcrumb-separator\">&raquo;<\/span><span class=\"aioseo-breadcrumb\">\n\t\t\t<a href=\"https:\/\/allasorias.hu\/hirek\/temak\/gazdasag\/\" title=\"Gazdas\u00e1g\">Gazdas\u00e1g<\/a>\n\t\t<\/span><span class=\"aioseo-breadcrumb-separator\">&raquo;<\/span><span class=\"aioseo-breadcrumb\">\n\t\t\tKinek biztos az \u00e1ll\u00e1sa ?\n\t\t<\/span><\/div>","aioseo_breadcrumb_json":[{"label":"Home","link":"https:\/\/allasorias.hu\/hirek"},{"label":"Gazdas\u00e1g","link":"https:\/\/allasorias.hu\/hirek\/temak\/gazdasag\/"},{"label":"Kinek biztos az \u00e1ll\u00e1sa ?","link":"https:\/\/allasorias.hu\/hirek\/kinek-biztos-az-allasa\/"}],"_links":{"self":[{"href":"https:\/\/allasorias.hu\/hirek\/wp-json\/wp\/v2\/posts\/4306","targetHints":{"allow":["GET"]}}],"collection":[{"href":"https:\/\/allasorias.hu\/hirek\/wp-json\/wp\/v2\/posts"}],"about":[{"href":"https:\/\/allasorias.hu\/hirek\/wp-json\/wp\/v2\/types\/post"}],"author":[{"embeddable":true,"href":"https:\/\/allasorias.hu\/hirek\/wp-json\/wp\/v2\/users\/1"}],"replies":[{"embeddable":true,"href":"https:\/\/allasorias.hu\/hirek\/wp-json\/wp\/v2\/comments?post=4306"}],"version-history":[{"count":1,"href":"https:\/\/allasorias.hu\/hirek\/wp-json\/wp\/v2\/posts\/4306\/revisions"}],"predecessor-version":[{"id":4308,"href":"https:\/\/allasorias.hu\/hirek\/wp-json\/wp\/v2\/posts\/4306\/revisions\/4308"}],"wp:featuredmedia":[{"embeddable":true,"href":"https:\/\/allasorias.hu\/hirek\/wp-json\/wp\/v2\/media\/4307"}],"wp:attachment":[{"href":"https:\/\/allasorias.hu\/hirek\/wp-json\/wp\/v2\/media?parent=4306"}],"wp:term":[{"taxonomy":"category","embeddable":true,"href":"https:\/\/allasorias.hu\/hirek\/wp-json\/wp\/v2\/categories?post=4306"},{"taxonomy":"post_tag","embeddable":true,"href":"https:\/\/allasorias.hu\/hirek\/wp-json\/wp\/v2\/tags?post=4306"}],"curies":[{"name":"wp","href":"https:\/\/api.w.org\/{rel}","templated":true}]}}