{"id":4297,"date":"2020-10-09T07:53:34","date_gmt":"2020-10-09T07:53:34","guid":{"rendered":"https:\/\/allasorias.hu\/hirek\/?p=4297"},"modified":"2020-10-09T07:53:34","modified_gmt":"2020-10-09T07:53:34","slug":"aggalyosnak-tartjak-az-uj-egeszsegugyi-torvenyt","status":"publish","type":"post","link":"https:\/\/allasorias.hu\/hirek\/aggalyosnak-tartjak-az-uj-egeszsegugyi-torvenyt\/","title":{"rendered":"Agg\u00e1lyosnak tartj\u00e1k az \u00faj eg\u00e9szs\u00e9g\u00fcgyi t\u00f6rv\u00e9nyt"},"content":{"rendered":"<p><strong>Az \u00e9rdekv\u00e9delmi szervezetek egyeztet\u00e9seket szeretn\u00e9nek az \u00faj eg\u00e9szs\u00e9g\u00fcgyi szolg\u00e1lati jogviszonyr\u00f3l sz\u00f3l\u00f3 most elfogadott t\u00f6rv\u00e9nyr\u0151l. A Szakszervezetek Egy\u00fcttm\u0171k\u00f6d\u00e9si F\u00f3ruma (SZEF), az \u00c9rtelmis\u00e9gi Szakszervezeti T\u00f6m\u00f6r\u00fcl\u00e9s (\u00c9SZT) \u00e9s a Magyar Szakszervezeti Sz\u00f6vets\u00e9g (MASZSZ) k\u00f6veteli, hogy a korm\u00e1ny halad\u00e9ktalanul vonja vissza az eg\u00e9szs\u00e9g\u00fcgyi szolg\u00e1lati jogviszonyr\u00f3l sz\u00f3l\u00f3 t\u00f6rv\u00e9nyt \u00e9s kezdjen egyeztet\u00e9seket az \u00e9rintettek bevon\u00e1s\u00e1val \u2013 k\u00f6z\u00f6lt\u00e9k az \u00e9rdekv\u00e9delmi szervezetek cs\u00fct\u00f6rt\u00f6k\u00f6n az MTI-vel.<\/strong><\/p>\n<p>A k\u00f6zlem\u00e9ny szerint a szakszervezeti sz\u00f6vets\u00e9gek tiltakoznak a m\u00e1r kihirdet\u00e9s el\u0151tt \u00e1ll\u00f3 t\u00f6rv\u00e9ny beterjeszt\u00e9s\u00e9nek m\u00f3dja \u00e9s annak tartalma miatt. A konf\u00f6der\u00e1ci\u00f3k nehezm\u00e9nyezik, hogy a korm\u00e1ny egy teljes munkav\u00e1llal\u00f3i csoportot vesz ki a k\u00f6zalkalmazotti szf\u00e9r\u00e1b\u00f3l \u00e9s alkot egy \u00faj jog\u00e1ll\u00e1si t\u00f6rv\u00e9nyt sz\u00e1mukra \u00fagy, hogy err\u0151l nem t\u00f6rt\u00e9nt el\u0151zetes t\u00e1rsadalmi p\u00e1rbesz\u00e9d, \u00e9s a szakszervezeteknek mind\u00f6ssze n\u00e9gy \u00f3r\u00e1t biztos\u00edtott a tervezet megismer\u00e9s\u00e9re, v\u00e9lem\u00e9nyez\u00e9s\u00e9re. \u00c1ll\u00e1spontjuk szerint a t\u00f6rv\u00e9nyben a szakszervezeti \u00e9s munkav\u00e1llal\u00f3i jogok elleni durva t\u00e1mad\u00e1sok vannak elrejtve. Elfogadhatatlannak tartj\u00e1k, hogy az \u00faj jogszab\u00e1ly kimondja: kollekt\u00edv szerz\u0151d\u00e9s nem k\u00f6thet\u0151 a t\u00f6rv\u00e9ny hat\u00e1lya al\u00e1 tartoz\u00f3 eg\u00e9szs\u00e9g\u00fcgyi szolg\u00e1ltat\u00f3n\u00e1l, tov\u00e1bb\u00e1, hogy a munk\u00e1ltat\u00f3 szem\u00e9lye helyett a korm\u00e1ny jogk\u00f6r\u00e9be sorolja a sztr\u00e1jkt\u00e1rgyal\u00e1sokat. A k\u00f6zlem\u00e9nyben hangs\u00falyozt\u00e1k, hogy az orvosok b\u00e9r\u00e9nek emel\u00e9s\u00e9vel egyet\u00e9rtenek \u00e9s t\u00e1mogatj\u00e1k, \u00e1m \u00e1ll\u00e1spontjuk szerint azt ki kell terjeszteni az eg\u00e9szs\u00e9g\u00fcgyi, \u00e9s az eg\u00e9szs\u00e9g\u00fcgyben dolgoz\u00f3k teljes k\u00f6r\u00e9re.<\/p>\n<p>Forr\u00e1s: hang.hu<\/p>\n","protected":false},"excerpt":{"rendered":"<p>Az \u00e9rdekv\u00e9delmi szervezetek egyeztet\u00e9seket szeretn\u00e9nek az \u00faj eg\u00e9szs\u00e9g\u00fcgyi szolg\u00e1lati jogviszonyr\u00f3l sz\u00f3l\u00f3 most elfogadott t\u00f6rv\u00e9nyr\u0151l. A Szakszervezetek Egy\u00fcttm\u0171k\u00f6d\u00e9si F\u00f3ruma (SZEF), az \u00c9rtelmis\u00e9gi Szakszervezeti T\u00f6m\u00f6r\u00fcl\u00e9s (\u00c9SZT) \u00e9s a Magyar Szakszervezeti Sz\u00f6vets\u00e9g (MASZSZ) k\u00f6veteli, hogy a korm\u00e1ny halad\u00e9ktalanul vonja vissza az eg\u00e9szs\u00e9g\u00fcgyi szolg\u00e1lati jogviszonyr\u00f3l sz\u00f3l\u00f3 t\u00f6rv\u00e9nyt \u00e9s kezdjen egyeztet\u00e9seket az \u00e9rintettek bevon\u00e1s\u00e1val \u2013 k\u00f6z\u00f6lt\u00e9k az \u00e9rdekv\u00e9delmi szervezetek cs\u00fct\u00f6rt\u00f6k\u00f6n [&hellip;]<\/p>\n","protected":false},"author":1,"featured_media":4298,"comment_status":"open","ping_status":"open","sticky":false,"template":"","format":"standard","meta":{"_monsterinsights_skip_tracking":false,"footnotes":""},"categories":[198],"tags":[],"class_list":["post-4297","post","type-post","status-publish","format-standard","has-post-thumbnail","hentry","category-gazdasag"],"aioseo_notices":[],"aioseo_head":"\n\t\t<!-- All in One SEO 5.0.0.1 - aioseo.com -->\n\t<meta name=\"description\" content=\"Az \u00e9rdekv\u00e9delmi szervezetek egyeztet\u00e9seket szeretn\u00e9nek az \u00faj eg\u00e9szs\u00e9g\u00fcgyi szolg\u00e1lati jogviszonyr\u00f3l sz\u00f3l\u00f3 most elfogadott t\u00f6rv\u00e9nyr\u0151l. A Szakszervezetek Egy\u00fcttm\u0171k\u00f6d\u00e9si F\u00f3ruma (SZEF), az \u00c9rtelmis\u00e9gi Szakszervezeti T\u00f6m\u00f6r\u00fcl\u00e9s (\u00c9SZT) \u00e9s a Magyar Szakszervezeti Sz\u00f6vets\u00e9g (MASZSZ) k\u00f6veteli, hogy a korm\u00e1ny halad\u00e9ktalanul vonja vissza az eg\u00e9szs\u00e9g\u00fcgyi szolg\u00e1lati jogviszonyr\u00f3l sz\u00f3l\u00f3 t\u00f6rv\u00e9nyt \u00e9s kezdjen egyeztet\u00e9seket az \u00e9rintettek bevon\u00e1s\u00e1val \u2013 k\u00f6z\u00f6lt\u00e9k az \u00e9rdekv\u00e9delmi szervezetek cs\u00fct\u00f6rt\u00f6k\u00f6n\" \/>\n\t<meta name=\"robots\" content=\"max-image-preview:large\" \/>\n\t<meta name=\"author\" content=\"Juh\u00e1sz P\u00e9ter\"\/>\n\t<link rel=\"canonical\" href=\"https:\/\/allasorias.hu\/hirek\/aggalyosnak-tartjak-az-uj-egeszsegugyi-torvenyt\/\" \/>\n\t<meta name=\"generator\" content=\"All in One SEO (AIOSEO) 5.0.0.1\" \/>\n\t\t<meta property=\"og:locale\" content=\"hu_HU\" \/>\n\t\t<meta property=\"og:site_name\" content=\"AllasOrias.hu | H\u00edrek-lapszemle | \u00dczleti h\u00edrek az \u00e1ll\u00e1s \u00e9s a munka vil\u00e1g\u00e1b\u00f3l\" \/>\n\t\t<meta property=\"og:type\" content=\"article\" \/>\n\t\t<meta property=\"og:title\" content=\"Agg\u00e1lyosnak tartj\u00e1k az \u00faj eg\u00e9szs\u00e9g\u00fcgyi t\u00f6rv\u00e9nyt | AllasOrias.hu | H\u00edrek-lapszemle\" \/>\n\t\t<meta property=\"og:description\" content=\"Az \u00e9rdekv\u00e9delmi szervezetek egyeztet\u00e9seket szeretn\u00e9nek az \u00faj eg\u00e9szs\u00e9g\u00fcgyi szolg\u00e1lati jogviszonyr\u00f3l sz\u00f3l\u00f3 most elfogadott t\u00f6rv\u00e9nyr\u0151l. A Szakszervezetek Egy\u00fcttm\u0171k\u00f6d\u00e9si F\u00f3ruma (SZEF), az \u00c9rtelmis\u00e9gi Szakszervezeti T\u00f6m\u00f6r\u00fcl\u00e9s (\u00c9SZT) \u00e9s a Magyar Szakszervezeti Sz\u00f6vets\u00e9g (MASZSZ) k\u00f6veteli, hogy a korm\u00e1ny halad\u00e9ktalanul vonja vissza az eg\u00e9szs\u00e9g\u00fcgyi szolg\u00e1lati jogviszonyr\u00f3l sz\u00f3l\u00f3 t\u00f6rv\u00e9nyt \u00e9s kezdjen egyeztet\u00e9seket az \u00e9rintettek bevon\u00e1s\u00e1val \u2013 k\u00f6z\u00f6lt\u00e9k az \u00e9rdekv\u00e9delmi szervezetek cs\u00fct\u00f6rt\u00f6k\u00f6n\" \/>\n\t\t<meta property=\"og:url\" content=\"https:\/\/allasorias.hu\/hirek\/aggalyosnak-tartjak-az-uj-egeszsegugyi-torvenyt\/\" \/>\n\t\t<meta property=\"og:image\" content=\"https:\/\/allasorias.hu\/hirek\/wp-content\/uploads\/2020\/10\/315891-P8RUWI-712.jpg\" \/>\n\t\t<meta property=\"og:image:secure_url\" content=\"https:\/\/allasorias.hu\/hirek\/wp-content\/uploads\/2020\/10\/315891-P8RUWI-712.jpg\" \/>\n\t\t<meta property=\"og:image:width\" content=\"1200\" \/>\n\t\t<meta property=\"og:image:height\" content=\"800\" \/>\n\t\t<meta property=\"article:published_time\" content=\"2020-10-09T07:53:34+00:00\" \/>\n\t\t<meta property=\"article:modified_time\" content=\"2020-10-09T07:53:34+00:00\" \/>\n\t\t<meta property=\"article:publisher\" content=\"https:\/\/www.facebook.com\/allasorias\" \/>\n\t\t<meta name=\"twitter:card\" content=\"summary_large_image\" \/>\n\t\t<meta name=\"twitter:title\" content=\"Agg\u00e1lyosnak tartj\u00e1k az \u00faj eg\u00e9szs\u00e9g\u00fcgyi t\u00f6rv\u00e9nyt | AllasOrias.hu | H\u00edrek-lapszemle\" \/>\n\t\t<meta name=\"twitter:description\" content=\"Az \u00e9rdekv\u00e9delmi szervezetek egyeztet\u00e9seket szeretn\u00e9nek az \u00faj eg\u00e9szs\u00e9g\u00fcgyi szolg\u00e1lati jogviszonyr\u00f3l sz\u00f3l\u00f3 most elfogadott t\u00f6rv\u00e9nyr\u0151l. A Szakszervezetek Egy\u00fcttm\u0171k\u00f6d\u00e9si F\u00f3ruma (SZEF), az \u00c9rtelmis\u00e9gi Szakszervezeti T\u00f6m\u00f6r\u00fcl\u00e9s (\u00c9SZT) \u00e9s a Magyar Szakszervezeti Sz\u00f6vets\u00e9g (MASZSZ) k\u00f6veteli, hogy a korm\u00e1ny halad\u00e9ktalanul vonja vissza az eg\u00e9szs\u00e9g\u00fcgyi szolg\u00e1lati jogviszonyr\u00f3l sz\u00f3l\u00f3 t\u00f6rv\u00e9nyt \u00e9s kezdjen egyeztet\u00e9seket az \u00e9rintettek bevon\u00e1s\u00e1val \u2013 k\u00f6z\u00f6lt\u00e9k az \u00e9rdekv\u00e9delmi szervezetek cs\u00fct\u00f6rt\u00f6k\u00f6n\" \/>\n\t\t<meta name=\"twitter:image\" content=\"https:\/\/allasorias.hu\/hirek\/wp-content\/uploads\/2020\/10\/315891-P8RUWI-712.jpg\" \/>\n\t\t<meta name=\"twitter:label1\" content=\"Written by\" \/>\n\t\t<meta name=\"twitter:data1\" content=\"Juh\u00e1sz P\u00e9ter\" \/>\n\t\t<meta name=\"twitter:label2\" content=\"Est. reading time\" \/>\n\t\t<meta name=\"twitter:data2\" content=\"2 minutes\" \/>\n\t\t<script type=\"application\/ld+json\" class=\"aioseo-schema\">\n\t\t\t{\"@context\":\"https:\\\/\\\/schema.org\",\"@graph\":[{\"@type\":\"Article\",\"@id\":\"https:\\\/\\\/allasorias.hu\\\/hirek\\\/aggalyosnak-tartjak-az-uj-egeszsegugyi-torvenyt\\\/#article\",\"name\":\"Agg\\u00e1lyosnak tartj\\u00e1k az \\u00faj eg\\u00e9szs\\u00e9g\\u00fcgyi t\\u00f6rv\\u00e9nyt | AllasOrias.hu | H\\u00edrek-lapszemle\",\"headline\":\"Agg\\u00e1lyosnak tartj\\u00e1k az \\u00faj eg\\u00e9szs\\u00e9g\\u00fcgyi t\\u00f6rv\\u00e9nyt\",\"author\":{\"@id\":\"https:\\\/\\\/allasorias.hu\\\/hirek\\\/author\\\/admin-allasorias\\\/#author\"},\"publisher\":{\"@id\":\"https:\\\/\\\/allasorias.hu\\\/hirek\\\/#organization\"},\"image\":{\"@type\":\"ImageObject\",\"url\":\"https:\\\/\\\/allasorias.hu\\\/hirek\\\/wp-content\\\/uploads\\\/2020\\\/10\\\/315891-P8RUWI-712.jpg\",\"width\":1200,\"height\":800},\"datePublished\":\"2020-10-09T07:53:34+02:00\",\"dateModified\":\"2020-10-09T07:53:34+02:00\",\"inLanguage\":\"hu-HU\",\"mainEntityOfPage\":{\"@id\":\"https:\\\/\\\/allasorias.hu\\\/hirek\\\/aggalyosnak-tartjak-az-uj-egeszsegugyi-torvenyt\\\/#webpage\"},\"isPartOf\":{\"@id\":\"https:\\\/\\\/allasorias.hu\\\/hirek\\\/aggalyosnak-tartjak-az-uj-egeszsegugyi-torvenyt\\\/#webpage\"},\"articleSection\":\"Gazdas\\u00e1g\"},{\"@type\":\"BreadcrumbList\",\"@id\":\"https:\\\/\\\/allasorias.hu\\\/hirek\\\/aggalyosnak-tartjak-az-uj-egeszsegugyi-torvenyt\\\/#breadcrumblist\",\"itemListElement\":[{\"@type\":\"ListItem\",\"@id\":\"https:\\\/\\\/allasorias.hu\\\/hirek#listItem\",\"position\":1,\"name\":\"Home\",\"item\":\"https:\\\/\\\/allasorias.hu\\\/hirek\",\"nextItem\":{\"@type\":\"ListItem\",\"@id\":\"https:\\\/\\\/allasorias.hu\\\/hirek\\\/temak\\\/gazdasag\\\/#listItem\",\"name\":\"Gazdas\\u00e1g\"}},{\"@type\":\"ListItem\",\"@id\":\"https:\\\/\\\/allasorias.hu\\\/hirek\\\/temak\\\/gazdasag\\\/#listItem\",\"position\":2,\"name\":\"Gazdas\\u00e1g\",\"item\":\"https:\\\/\\\/allasorias.hu\\\/hirek\\\/temak\\\/gazdasag\\\/\",\"nextItem\":{\"@type\":\"ListItem\",\"@id\":\"https:\\\/\\\/allasorias.hu\\\/hirek\\\/aggalyosnak-tartjak-az-uj-egeszsegugyi-torvenyt\\\/#listItem\",\"name\":\"Agg\\u00e1lyosnak tartj\\u00e1k az \\u00faj eg\\u00e9szs\\u00e9g\\u00fcgyi t\\u00f6rv\\u00e9nyt\"},\"previousItem\":{\"@type\":\"ListItem\",\"@id\":\"https:\\\/\\\/allasorias.hu\\\/hirek#listItem\",\"name\":\"Home\"}},{\"@type\":\"ListItem\",\"@id\":\"https:\\\/\\\/allasorias.hu\\\/hirek\\\/aggalyosnak-tartjak-az-uj-egeszsegugyi-torvenyt\\\/#listItem\",\"position\":3,\"name\":\"Agg\\u00e1lyosnak tartj\\u00e1k az \\u00faj eg\\u00e9szs\\u00e9g\\u00fcgyi t\\u00f6rv\\u00e9nyt\",\"previousItem\":{\"@type\":\"ListItem\",\"@id\":\"https:\\\/\\\/allasorias.hu\\\/hirek\\\/temak\\\/gazdasag\\\/#listItem\",\"name\":\"Gazdas\\u00e1g\"}}]},{\"@type\":\"Organization\",\"@id\":\"https:\\\/\\\/allasorias.hu\\\/hirek\\\/#organization\",\"name\":\"AllasOrias.hu | H\\u00edrek-lapszemle\",\"description\":\"\\u00dczleti h\\u00edrek az \\u00e1ll\\u00e1s \\u00e9s a munka vil\\u00e1g\\u00e1b\\u00f3l\",\"url\":\"https:\\\/\\\/allasorias.hu\\\/hirek\\\/\",\"logo\":{\"@type\":\"ImageObject\",\"url\":\"https:\\\/\\\/allasorias.hu\\\/hirek\\\/wp-content\\\/uploads\\\/2022\\\/10\\\/allasorias_site_facebok_logo.png\",\"@id\":\"https:\\\/\\\/allasorias.hu\\\/hirek\\\/aggalyosnak-tartjak-az-uj-egeszsegugyi-torvenyt\\\/#organizationLogo\"},\"image\":{\"@id\":\"https:\\\/\\\/allasorias.hu\\\/hirek\\\/aggalyosnak-tartjak-az-uj-egeszsegugyi-torvenyt\\\/#organizationLogo\"},\"sameAs\":[\"https:\\\/\\\/www.facebook.com\\\/allasorias\",\"https:\\\/\\\/www.linkedin.com\\\/company\\\/allasorias\"]},{\"@type\":\"Person\",\"@id\":\"https:\\\/\\\/allasorias.hu\\\/hirek\\\/author\\\/admin-allasorias\\\/#author\",\"url\":\"https:\\\/\\\/allasorias.hu\\\/hirek\\\/author\\\/admin-allasorias\\\/\",\"name\":\"Juh\\u00e1sz P\\u00e9ter\",\"image\":{\"@type\":\"ImageObject\",\"@id\":\"https:\\\/\\\/allasorias.hu\\\/hirek\\\/aggalyosnak-tartjak-az-uj-egeszsegugyi-torvenyt\\\/#authorImage\",\"url\":\"https:\\\/\\\/secure.gravatar.com\\\/avatar\\\/36e6bcb83148978b992977cb0f54d22feb0cce8a0a849a9410532bb2623ba4c6?s=96&d=mm&r=g\",\"width\":96,\"height\":96,\"caption\":\"Juh\\u00e1sz P\\u00e9ter\"}},{\"@type\":\"WebPage\",\"@id\":\"https:\\\/\\\/allasorias.hu\\\/hirek\\\/aggalyosnak-tartjak-az-uj-egeszsegugyi-torvenyt\\\/#webpage\",\"url\":\"https:\\\/\\\/allasorias.hu\\\/hirek\\\/aggalyosnak-tartjak-az-uj-egeszsegugyi-torvenyt\\\/\",\"name\":\"Agg\\u00e1lyosnak tartj\\u00e1k az \\u00faj eg\\u00e9szs\\u00e9g\\u00fcgyi t\\u00f6rv\\u00e9nyt | AllasOrias.hu | H\\u00edrek-lapszemle\",\"description\":\"Az \\u00e9rdekv\\u00e9delmi szervezetek egyeztet\\u00e9seket szeretn\\u00e9nek az \\u00faj eg\\u00e9szs\\u00e9g\\u00fcgyi szolg\\u00e1lati jogviszonyr\\u00f3l sz\\u00f3l\\u00f3 most elfogadott t\\u00f6rv\\u00e9nyr\\u0151l. A Szakszervezetek Egy\\u00fcttm\\u0171k\\u00f6d\\u00e9si F\\u00f3ruma (SZEF), az \\u00c9rtelmis\\u00e9gi Szakszervezeti T\\u00f6m\\u00f6r\\u00fcl\\u00e9s (\\u00c9SZT) \\u00e9s a Magyar Szakszervezeti Sz\\u00f6vets\\u00e9g (MASZSZ) k\\u00f6veteli, hogy a korm\\u00e1ny halad\\u00e9ktalanul vonja vissza az eg\\u00e9szs\\u00e9g\\u00fcgyi szolg\\u00e1lati jogviszonyr\\u00f3l sz\\u00f3l\\u00f3 t\\u00f6rv\\u00e9nyt \\u00e9s kezdjen egyeztet\\u00e9seket az \\u00e9rintettek bevon\\u00e1s\\u00e1val \\u2013 k\\u00f6z\\u00f6lt\\u00e9k az \\u00e9rdekv\\u00e9delmi szervezetek cs\\u00fct\\u00f6rt\\u00f6k\\u00f6n\",\"inLanguage\":\"hu-HU\",\"isPartOf\":{\"@id\":\"https:\\\/\\\/allasorias.hu\\\/hirek\\\/#website\"},\"breadcrumb\":{\"@id\":\"https:\\\/\\\/allasorias.hu\\\/hirek\\\/aggalyosnak-tartjak-az-uj-egeszsegugyi-torvenyt\\\/#breadcrumblist\"},\"author\":{\"@id\":\"https:\\\/\\\/allasorias.hu\\\/hirek\\\/author\\\/admin-allasorias\\\/#author\"},\"creator\":{\"@id\":\"https:\\\/\\\/allasorias.hu\\\/hirek\\\/author\\\/admin-allasorias\\\/#author\"},\"image\":{\"@type\":\"ImageObject\",\"url\":\"https:\\\/\\\/allasorias.hu\\\/hirek\\\/wp-content\\\/uploads\\\/2020\\\/10\\\/315891-P8RUWI-712.jpg\",\"@id\":\"https:\\\/\\\/allasorias.hu\\\/hirek\\\/aggalyosnak-tartjak-az-uj-egeszsegugyi-torvenyt\\\/#mainImage\",\"width\":1200,\"height\":800},\"primaryImageOfPage\":{\"@id\":\"https:\\\/\\\/allasorias.hu\\\/hirek\\\/aggalyosnak-tartjak-az-uj-egeszsegugyi-torvenyt\\\/#mainImage\"},\"datePublished\":\"2020-10-09T07:53:34+02:00\",\"dateModified\":\"2020-10-09T07:53:34+02:00\"},{\"@type\":\"WebSite\",\"@id\":\"https:\\\/\\\/allasorias.hu\\\/hirek\\\/#website\",\"url\":\"https:\\\/\\\/allasorias.hu\\\/hirek\\\/\",\"name\":\"AllasOrias.hu | H\\u00edrek-lapszemle\",\"description\":\"\\u00dczleti h\\u00edrek az \\u00e1ll\\u00e1s \\u00e9s a munka vil\\u00e1g\\u00e1b\\u00f3l\",\"inLanguage\":\"hu-HU\",\"publisher\":{\"@id\":\"https:\\\/\\\/allasorias.hu\\\/hirek\\\/#organization\"}}]}\n\t\t<\/script>\n\t\t<!-- All in One SEO -->\n\n","aioseo_head_json":{"title":"Agg\u00e1lyosnak tartj\u00e1k az \u00faj eg\u00e9szs\u00e9g\u00fcgyi t\u00f6rv\u00e9nyt | AllasOrias.hu | H\u00edrek-lapszemle","description":"Az \u00e9rdekv\u00e9delmi szervezetek egyeztet\u00e9seket szeretn\u00e9nek az \u00faj eg\u00e9szs\u00e9g\u00fcgyi szolg\u00e1lati jogviszonyr\u00f3l sz\u00f3l\u00f3 most elfogadott t\u00f6rv\u00e9nyr\u0151l. A Szakszervezetek Egy\u00fcttm\u0171k\u00f6d\u00e9si F\u00f3ruma (SZEF), az \u00c9rtelmis\u00e9gi Szakszervezeti T\u00f6m\u00f6r\u00fcl\u00e9s (\u00c9SZT) \u00e9s a Magyar Szakszervezeti Sz\u00f6vets\u00e9g (MASZSZ) k\u00f6veteli, hogy a korm\u00e1ny halad\u00e9ktalanul vonja vissza az eg\u00e9szs\u00e9g\u00fcgyi szolg\u00e1lati jogviszonyr\u00f3l sz\u00f3l\u00f3 t\u00f6rv\u00e9nyt \u00e9s kezdjen egyeztet\u00e9seket az \u00e9rintettek bevon\u00e1s\u00e1val \u2013 k\u00f6z\u00f6lt\u00e9k az \u00e9rdekv\u00e9delmi szervezetek cs\u00fct\u00f6rt\u00f6k\u00f6n","canonical_url":"https:\/\/allasorias.hu\/hirek\/aggalyosnak-tartjak-az-uj-egeszsegugyi-torvenyt\/","robots":"max-image-preview:large","keywords":"","webmasterTools":{"miscellaneous":""},"schema":{"@context":"https:\/\/schema.org","@graph":[{"@type":"Article","@id":"https:\/\/allasorias.hu\/hirek\/aggalyosnak-tartjak-az-uj-egeszsegugyi-torvenyt\/#article","name":"Agg\u00e1lyosnak tartj\u00e1k az \u00faj eg\u00e9szs\u00e9g\u00fcgyi t\u00f6rv\u00e9nyt | AllasOrias.hu | H\u00edrek-lapszemle","headline":"Agg\u00e1lyosnak tartj\u00e1k az \u00faj eg\u00e9szs\u00e9g\u00fcgyi t\u00f6rv\u00e9nyt","author":{"@id":"https:\/\/allasorias.hu\/hirek\/author\/admin-allasorias\/#author"},"publisher":{"@id":"https:\/\/allasorias.hu\/hirek\/#organization"},"image":{"@type":"ImageObject","url":"https:\/\/allasorias.hu\/hirek\/wp-content\/uploads\/2020\/10\/315891-P8RUWI-712.jpg","width":1200,"height":800},"datePublished":"2020-10-09T07:53:34+02:00","dateModified":"2020-10-09T07:53:34+02:00","inLanguage":"hu-HU","mainEntityOfPage":{"@id":"https:\/\/allasorias.hu\/hirek\/aggalyosnak-tartjak-az-uj-egeszsegugyi-torvenyt\/#webpage"},"isPartOf":{"@id":"https:\/\/allasorias.hu\/hirek\/aggalyosnak-tartjak-az-uj-egeszsegugyi-torvenyt\/#webpage"},"articleSection":"Gazdas\u00e1g"},{"@type":"BreadcrumbList","@id":"https:\/\/allasorias.hu\/hirek\/aggalyosnak-tartjak-az-uj-egeszsegugyi-torvenyt\/#breadcrumblist","itemListElement":[{"@type":"ListItem","@id":"https:\/\/allasorias.hu\/hirek#listItem","position":1,"name":"Home","item":"https:\/\/allasorias.hu\/hirek","nextItem":{"@type":"ListItem","@id":"https:\/\/allasorias.hu\/hirek\/temak\/gazdasag\/#listItem","name":"Gazdas\u00e1g"}},{"@type":"ListItem","@id":"https:\/\/allasorias.hu\/hirek\/temak\/gazdasag\/#listItem","position":2,"name":"Gazdas\u00e1g","item":"https:\/\/allasorias.hu\/hirek\/temak\/gazdasag\/","nextItem":{"@type":"ListItem","@id":"https:\/\/allasorias.hu\/hirek\/aggalyosnak-tartjak-az-uj-egeszsegugyi-torvenyt\/#listItem","name":"Agg\u00e1lyosnak tartj\u00e1k az \u00faj eg\u00e9szs\u00e9g\u00fcgyi t\u00f6rv\u00e9nyt"},"previousItem":{"@type":"ListItem","@id":"https:\/\/allasorias.hu\/hirek#listItem","name":"Home"}},{"@type":"ListItem","@id":"https:\/\/allasorias.hu\/hirek\/aggalyosnak-tartjak-az-uj-egeszsegugyi-torvenyt\/#listItem","position":3,"name":"Agg\u00e1lyosnak tartj\u00e1k az \u00faj eg\u00e9szs\u00e9g\u00fcgyi t\u00f6rv\u00e9nyt","previousItem":{"@type":"ListItem","@id":"https:\/\/allasorias.hu\/hirek\/temak\/gazdasag\/#listItem","name":"Gazdas\u00e1g"}}]},{"@type":"Organization","@id":"https:\/\/allasorias.hu\/hirek\/#organization","name":"AllasOrias.hu | H\u00edrek-lapszemle","description":"\u00dczleti h\u00edrek az \u00e1ll\u00e1s \u00e9s a munka vil\u00e1g\u00e1b\u00f3l","url":"https:\/\/allasorias.hu\/hirek\/","logo":{"@type":"ImageObject","url":"https:\/\/allasorias.hu\/hirek\/wp-content\/uploads\/2022\/10\/allasorias_site_facebok_logo.png","@id":"https:\/\/allasorias.hu\/hirek\/aggalyosnak-tartjak-az-uj-egeszsegugyi-torvenyt\/#organizationLogo"},"image":{"@id":"https:\/\/allasorias.hu\/hirek\/aggalyosnak-tartjak-az-uj-egeszsegugyi-torvenyt\/#organizationLogo"},"sameAs":["https:\/\/www.facebook.com\/allasorias","https:\/\/www.linkedin.com\/company\/allasorias"]},{"@type":"Person","@id":"https:\/\/allasorias.hu\/hirek\/author\/admin-allasorias\/#author","url":"https:\/\/allasorias.hu\/hirek\/author\/admin-allasorias\/","name":"Juh\u00e1sz P\u00e9ter","image":{"@type":"ImageObject","@id":"https:\/\/allasorias.hu\/hirek\/aggalyosnak-tartjak-az-uj-egeszsegugyi-torvenyt\/#authorImage","url":"https:\/\/secure.gravatar.com\/avatar\/36e6bcb83148978b992977cb0f54d22feb0cce8a0a849a9410532bb2623ba4c6?s=96&d=mm&r=g","width":96,"height":96,"caption":"Juh\u00e1sz P\u00e9ter"}},{"@type":"WebPage","@id":"https:\/\/allasorias.hu\/hirek\/aggalyosnak-tartjak-az-uj-egeszsegugyi-torvenyt\/#webpage","url":"https:\/\/allasorias.hu\/hirek\/aggalyosnak-tartjak-az-uj-egeszsegugyi-torvenyt\/","name":"Agg\u00e1lyosnak tartj\u00e1k az \u00faj eg\u00e9szs\u00e9g\u00fcgyi t\u00f6rv\u00e9nyt | AllasOrias.hu | H\u00edrek-lapszemle","description":"Az \u00e9rdekv\u00e9delmi szervezetek egyeztet\u00e9seket szeretn\u00e9nek az \u00faj eg\u00e9szs\u00e9g\u00fcgyi szolg\u00e1lati jogviszonyr\u00f3l sz\u00f3l\u00f3 most elfogadott t\u00f6rv\u00e9nyr\u0151l. A Szakszervezetek Egy\u00fcttm\u0171k\u00f6d\u00e9si F\u00f3ruma (SZEF), az \u00c9rtelmis\u00e9gi Szakszervezeti T\u00f6m\u00f6r\u00fcl\u00e9s (\u00c9SZT) \u00e9s a Magyar Szakszervezeti Sz\u00f6vets\u00e9g (MASZSZ) k\u00f6veteli, hogy a korm\u00e1ny halad\u00e9ktalanul vonja vissza az eg\u00e9szs\u00e9g\u00fcgyi szolg\u00e1lati jogviszonyr\u00f3l sz\u00f3l\u00f3 t\u00f6rv\u00e9nyt \u00e9s kezdjen egyeztet\u00e9seket az \u00e9rintettek bevon\u00e1s\u00e1val \u2013 k\u00f6z\u00f6lt\u00e9k az \u00e9rdekv\u00e9delmi szervezetek cs\u00fct\u00f6rt\u00f6k\u00f6n","inLanguage":"hu-HU","isPartOf":{"@id":"https:\/\/allasorias.hu\/hirek\/#website"},"breadcrumb":{"@id":"https:\/\/allasorias.hu\/hirek\/aggalyosnak-tartjak-az-uj-egeszsegugyi-torvenyt\/#breadcrumblist"},"author":{"@id":"https:\/\/allasorias.hu\/hirek\/author\/admin-allasorias\/#author"},"creator":{"@id":"https:\/\/allasorias.hu\/hirek\/author\/admin-allasorias\/#author"},"image":{"@type":"ImageObject","url":"https:\/\/allasorias.hu\/hirek\/wp-content\/uploads\/2020\/10\/315891-P8RUWI-712.jpg","@id":"https:\/\/allasorias.hu\/hirek\/aggalyosnak-tartjak-az-uj-egeszsegugyi-torvenyt\/#mainImage","width":1200,"height":800},"primaryImageOfPage":{"@id":"https:\/\/allasorias.hu\/hirek\/aggalyosnak-tartjak-az-uj-egeszsegugyi-torvenyt\/#mainImage"},"datePublished":"2020-10-09T07:53:34+02:00","dateModified":"2020-10-09T07:53:34+02:00"},{"@type":"WebSite","@id":"https:\/\/allasorias.hu\/hirek\/#website","url":"https:\/\/allasorias.hu\/hirek\/","name":"AllasOrias.hu | H\u00edrek-lapszemle","description":"\u00dczleti h\u00edrek az \u00e1ll\u00e1s \u00e9s a munka vil\u00e1g\u00e1b\u00f3l","inLanguage":"hu-HU","publisher":{"@id":"https:\/\/allasorias.hu\/hirek\/#organization"}}]},"og:locale":"hu_HU","og:site_name":"AllasOrias.hu | H\u00edrek-lapszemle | \u00dczleti h\u00edrek az \u00e1ll\u00e1s \u00e9s a munka vil\u00e1g\u00e1b\u00f3l","og:type":"article","og:title":"Agg\u00e1lyosnak tartj\u00e1k az \u00faj eg\u00e9szs\u00e9g\u00fcgyi t\u00f6rv\u00e9nyt | AllasOrias.hu | H\u00edrek-lapszemle","og:description":"Az \u00e9rdekv\u00e9delmi szervezetek egyeztet\u00e9seket szeretn\u00e9nek az \u00faj eg\u00e9szs\u00e9g\u00fcgyi szolg\u00e1lati jogviszonyr\u00f3l sz\u00f3l\u00f3 most elfogadott t\u00f6rv\u00e9nyr\u0151l. A Szakszervezetek Egy\u00fcttm\u0171k\u00f6d\u00e9si F\u00f3ruma (SZEF), az \u00c9rtelmis\u00e9gi Szakszervezeti T\u00f6m\u00f6r\u00fcl\u00e9s (\u00c9SZT) \u00e9s a Magyar Szakszervezeti Sz\u00f6vets\u00e9g (MASZSZ) k\u00f6veteli, hogy a korm\u00e1ny halad\u00e9ktalanul vonja vissza az eg\u00e9szs\u00e9g\u00fcgyi szolg\u00e1lati jogviszonyr\u00f3l sz\u00f3l\u00f3 t\u00f6rv\u00e9nyt \u00e9s kezdjen egyeztet\u00e9seket az \u00e9rintettek bevon\u00e1s\u00e1val \u2013 k\u00f6z\u00f6lt\u00e9k az \u00e9rdekv\u00e9delmi szervezetek cs\u00fct\u00f6rt\u00f6k\u00f6n","og:url":"https:\/\/allasorias.hu\/hirek\/aggalyosnak-tartjak-az-uj-egeszsegugyi-torvenyt\/","og:image":"https:\/\/allasorias.hu\/hirek\/wp-content\/uploads\/2020\/10\/315891-P8RUWI-712.jpg","og:image:secure_url":"https:\/\/allasorias.hu\/hirek\/wp-content\/uploads\/2020\/10\/315891-P8RUWI-712.jpg","og:image:width":1200,"og:image:height":800,"article:published_time":"2020-10-09T07:53:34+00:00","article:modified_time":"2020-10-09T07:53:34+00:00","article:publisher":"https:\/\/www.facebook.com\/allasorias","twitter:card":"summary_large_image","twitter:title":"Agg\u00e1lyosnak tartj\u00e1k az \u00faj eg\u00e9szs\u00e9g\u00fcgyi t\u00f6rv\u00e9nyt | AllasOrias.hu | H\u00edrek-lapszemle","twitter:description":"Az \u00e9rdekv\u00e9delmi szervezetek egyeztet\u00e9seket szeretn\u00e9nek az \u00faj eg\u00e9szs\u00e9g\u00fcgyi szolg\u00e1lati jogviszonyr\u00f3l sz\u00f3l\u00f3 most elfogadott t\u00f6rv\u00e9nyr\u0151l. A Szakszervezetek Egy\u00fcttm\u0171k\u00f6d\u00e9si F\u00f3ruma (SZEF), az \u00c9rtelmis\u00e9gi Szakszervezeti T\u00f6m\u00f6r\u00fcl\u00e9s (\u00c9SZT) \u00e9s a Magyar Szakszervezeti Sz\u00f6vets\u00e9g (MASZSZ) k\u00f6veteli, hogy a korm\u00e1ny halad\u00e9ktalanul vonja vissza az eg\u00e9szs\u00e9g\u00fcgyi szolg\u00e1lati jogviszonyr\u00f3l sz\u00f3l\u00f3 t\u00f6rv\u00e9nyt \u00e9s kezdjen egyeztet\u00e9seket az \u00e9rintettek bevon\u00e1s\u00e1val \u2013 k\u00f6z\u00f6lt\u00e9k az \u00e9rdekv\u00e9delmi szervezetek cs\u00fct\u00f6rt\u00f6k\u00f6n","twitter:image":"https:\/\/allasorias.hu\/hirek\/wp-content\/uploads\/2020\/10\/315891-P8RUWI-712.jpg","twitter:label1":"Written by","twitter:data1":"Juh\u00e1sz P\u00e9ter","twitter:label2":"Est. reading time","twitter:data2":"2 minutes"},"aioseo_meta_data":{"post_id":"4297","title":null,"description":"","keywords":"","keyphrases":null,"primary_term":null,"canonical_url":"","og_title":null,"og_description":null,"og_object_type":"default","og_image_type":"default","og_image_url":null,"og_image_width":null,"og_image_height":null,"og_image_custom_url":null,"og_image_custom_fields":null,"og_video":null,"og_custom_url":null,"og_article_section":null,"og_article_tags":null,"twitter_use_og":false,"twitter_card":"default","twitter_image_type":"default","twitter_image_url":null,"twitter_image_custom_url":null,"twitter_image_custom_fields":null,"twitter_title":null,"twitter_description":null,"schema":{"blockGraphs":[],"customGraphs":[],"default":{"data":{"Article":[],"Course":[],"Dataset":[],"FAQPage":[],"Movie":[],"Person":[],"Product":[],"ProductReview":[],"Car":[],"Recipe":[],"Service":[],"SoftwareApplication":[],"WebPage":[]},"graphName":"","isEnabled":true},"graphs":[],"defaultGraph":"","defaultPostTypeGraph":""},"schema_type":null,"schema_type_options":null,"pillar_content":false,"robots_default":true,"robots_noindex":false,"robots_noarchive":false,"robots_nosnippet":false,"robots_nofollow":false,"robots_noimageindex":false,"robots_noodp":false,"robots_notranslate":false,"robots_max_snippet":null,"robots_max_videopreview":null,"robots_max_imagepreview":"large","priority":null,"frequency":null,"location":null,"local_seo":null,"breadcrumb_settings":null,"limit_modified_date":false,"ai":null,"created":"2021-02-01 20:46:00","updated":"2025-10-02 14:56:35","seo_analyzer_scan_date":null,"focus_keyword":null,"additional_keywords":null,"truseo_locale":null},"aioseo_breadcrumb":"<div class=\"aioseo-breadcrumbs\"><span class=\"aioseo-breadcrumb\">\n\t\t\t<a href=\"https:\/\/allasorias.hu\/hirek\" title=\"Home\">Home<\/a>\n\t\t<\/span><span class=\"aioseo-breadcrumb-separator\">&raquo;<\/span><span class=\"aioseo-breadcrumb\">\n\t\t\t<a href=\"https:\/\/allasorias.hu\/hirek\/temak\/gazdasag\/\" title=\"Gazdas\u00e1g\">Gazdas\u00e1g<\/a>\n\t\t<\/span><span class=\"aioseo-breadcrumb-separator\">&raquo;<\/span><span class=\"aioseo-breadcrumb\">\n\t\t\tAgg\u00e1lyosnak tartj\u00e1k az \u00faj eg\u00e9szs\u00e9g\u00fcgyi t\u00f6rv\u00e9nyt\n\t\t<\/span><\/div>","aioseo_breadcrumb_json":[{"label":"Home","link":"https:\/\/allasorias.hu\/hirek"},{"label":"Gazdas\u00e1g","link":"https:\/\/allasorias.hu\/hirek\/temak\/gazdasag\/"},{"label":"Agg\u00e1lyosnak tartj\u00e1k az \u00faj eg\u00e9szs\u00e9g\u00fcgyi t\u00f6rv\u00e9nyt","link":"https:\/\/allasorias.hu\/hirek\/aggalyosnak-tartjak-az-uj-egeszsegugyi-torvenyt\/"}],"_links":{"self":[{"href":"https:\/\/allasorias.hu\/hirek\/wp-json\/wp\/v2\/posts\/4297","targetHints":{"allow":["GET"]}}],"collection":[{"href":"https:\/\/allasorias.hu\/hirek\/wp-json\/wp\/v2\/posts"}],"about":[{"href":"https:\/\/allasorias.hu\/hirek\/wp-json\/wp\/v2\/types\/post"}],"author":[{"embeddable":true,"href":"https:\/\/allasorias.hu\/hirek\/wp-json\/wp\/v2\/users\/1"}],"replies":[{"embeddable":true,"href":"https:\/\/allasorias.hu\/hirek\/wp-json\/wp\/v2\/comments?post=4297"}],"version-history":[{"count":1,"href":"https:\/\/allasorias.hu\/hirek\/wp-json\/wp\/v2\/posts\/4297\/revisions"}],"predecessor-version":[{"id":4299,"href":"https:\/\/allasorias.hu\/hirek\/wp-json\/wp\/v2\/posts\/4297\/revisions\/4299"}],"wp:featuredmedia":[{"embeddable":true,"href":"https:\/\/allasorias.hu\/hirek\/wp-json\/wp\/v2\/media\/4298"}],"wp:attachment":[{"href":"https:\/\/allasorias.hu\/hirek\/wp-json\/wp\/v2\/media?parent=4297"}],"wp:term":[{"taxonomy":"category","embeddable":true,"href":"https:\/\/allasorias.hu\/hirek\/wp-json\/wp\/v2\/categories?post=4297"},{"taxonomy":"post_tag","embeddable":true,"href":"https:\/\/allasorias.hu\/hirek\/wp-json\/wp\/v2\/tags?post=4297"}],"curies":[{"name":"wp","href":"https:\/\/api.w.org\/{rel}","templated":true}]}}