{"id":4295,"date":"2020-10-09T07:49:42","date_gmt":"2020-10-09T07:49:42","guid":{"rendered":"https:\/\/allasorias.hu\/hirek\/?p=4295"},"modified":"2020-10-09T07:49:42","modified_gmt":"2020-10-09T07:49:42","slug":"jo-hatassal-lesz-az-afarol-hozott-kormanydontes-a-gazdasagra","status":"publish","type":"post","link":"https:\/\/allasorias.hu\/hirek\/jo-hatassal-lesz-az-afarol-hozott-kormanydontes-a-gazdasagra\/","title":{"rendered":"J\u00f3 hat\u00e1ssal lesz az \u00e1f\u00e1r\u00f3l hozott korm\u00e1nyd\u00f6nt\u00e9s a gazdas\u00e1gra"},"content":{"rendered":"<p><strong>Visszat\u00e9rhet\u00fcnk az \u00f6t sz\u00e1zal\u00e9kos \u00e1f\u00e1hoz az \u00faj\u00e9p\u00edt\u00e9s\u0171 lak\u00e1sokn\u00e1l, \u00a0cs\u00f6kkenti a korm\u00e1ny az \u00faj \u00e9p\u00edt\u00e9s\u0171 h\u00e1zak \u00e1f\u00e1j\u00e1t &#8211; ezt a H\u00edrTV-ben jelentette be Orb\u00e1n Viktor minisztereln\u00f6k. A k\u00f6nny\u00edt\u00e9s j\u00f6v\u0151 janu\u00e1r elej\u00e9t\u0151l l\u00e9p \u00e9letbe \u00e9s a 2022. december 31-ig kiadott \u00e9p\u00edt\u00e9si enged\u00e9lyekre vonatkozik.<\/strong><\/p>\n<p>Az \u00e9p\u00edt\u00e9si elj\u00e1r\u00e1st is egyszer\u0171s\u00edteni fogj\u00e1k, ezt m\u00e1r a Minisztereln\u00f6ks\u00e9get vezet\u0151 miniszter mondta a Korm\u00e1nyinf\u00f3n. A H\u00edrTV-ben a szerdai korm\u00e1ny\u00fcl\u00e9st k\u00f6vet\u0151en jelentette be a minisztereln\u00f6k, hogy a j\u00f6v\u0151 \u00e9v janu\u00e1r elsej\u00e9t\u0151l ism\u00e9t cs\u00f6kkenti a korm\u00e1ny a lak\u00e1s\u00e9p\u00edt\u00e9sek ad\u00f3j\u00e1t. A H\u00edrTV \u00e1ltal megk\u00e9rdezett \u00e9p\u00edt\u0151ipari v\u00e1llalkoz\u00f3 szerint az \u00e1facs\u00f6kkent\u00e9s fellend\u00edti \u00e9p\u00edt\u0151ipart, a munkaer\u0151piacot, az \u00e9p\u00edt\u0151anyag gy\u00e1rt\u00e1st, forgalmaz\u00e1st is. Egy megk\u00e9rdezett ingatlanforgalmaz\u00f3 szerint megn\u0151 a kereslet az \u00faj lak\u00e1sok ir\u00e1nt is. A Minisztereln\u00f6ks\u00e9get vezet\u0151 miniszter a Korm\u00e1nyinf\u00f3n tov\u00e1bbi k\u00f6nny\u00edt\u00e9seket is bejelentett.Az \u00e9p\u00edt\u00e9si elj\u00e1r\u00e1st is egyszer\u0171s\u00edteni fogjuk. Lesznek olyan szab\u00e1lyok, amelyek azt teszik majd lehet\u0151v\u00e9, hogy a jelenlegi enged\u00e9lyez\u00e9si elj\u00e1r\u00e1s az leegyszer\u0171s\u00f6dj\u00f6n, vagy ak\u00e1r teljes eg\u00e9sz\u00e9ben enged\u00e9lyez\u00e9si elj\u00e1r\u00e1s n\u00e9lk\u00fcl lehessen \u00e9p\u00edtkezni, nyilv\u00e1n a telep\u00fcl\u00e9sk\u00e9p v\u00e9delmi szempontokra tekintettel. Guly\u00e1s Gergely hozz\u00e1tette: a hitelmorat\u00f3rium meghosszabb\u00edt\u00e1s\u00e1t okt\u00f3ber 19-\u00e9n, rendk\u00edv\u00fcli \u00fcl\u00e9snapot t\u00e1rgyalja az orsz\u00e1ggy\u0171l\u00e9s. Eszerint j\u00f6v\u0151 j\u00fanius 30-ig nem kell t\u00f6rleszt\u0151r\u00e9szletet fizetni\u00fck a nyugd\u00edjasoknak, a gyereket nevel\u0151 csal\u00e1dosoknak, a k\u00f6zfoglalkoztatottaknak \u00e9s a munkan\u00e9lk\u00fclieknek, valamint azoknak a v\u00e1llalkoz\u00e1soknak, akinek id\u00e9n a bev\u00e9tel\u00fck a 25 sz\u00e1zal\u00e9kot meghalad\u00f3 m\u00e9rt\u00e9kben cs\u00f6kkent.<\/p>\n<p>Forr\u00e1s: hirtv.hu<\/p>\n","protected":false},"excerpt":{"rendered":"<p>Visszat\u00e9rhet\u00fcnk az \u00f6t sz\u00e1zal\u00e9kos \u00e1f\u00e1hoz az \u00faj\u00e9p\u00edt\u00e9s\u0171 lak\u00e1sokn\u00e1l, \u00a0cs\u00f6kkenti a korm\u00e1ny az \u00faj \u00e9p\u00edt\u00e9s\u0171 h\u00e1zak \u00e1f\u00e1j\u00e1t &#8211; ezt a H\u00edrTV-ben jelentette be Orb\u00e1n Viktor minisztereln\u00f6k. A k\u00f6nny\u00edt\u00e9s j\u00f6v\u0151 janu\u00e1r elej\u00e9t\u0151l l\u00e9p \u00e9letbe \u00e9s a 2022. december 31-ig kiadott \u00e9p\u00edt\u00e9si enged\u00e9lyekre vonatkozik. Az \u00e9p\u00edt\u00e9si elj\u00e1r\u00e1st is egyszer\u0171s\u00edteni fogj\u00e1k, ezt m\u00e1r a Minisztereln\u00f6ks\u00e9get vezet\u0151 miniszter mondta a [&hellip;]<\/p>\n","protected":false},"author":1,"featured_media":2728,"comment_status":"open","ping_status":"open","sticky":false,"template":"","format":"standard","meta":{"_monsterinsights_skip_tracking":false,"footnotes":""},"categories":[198],"tags":[],"class_list":["post-4295","post","type-post","status-publish","format-standard","has-post-thumbnail","hentry","category-gazdasag"],"aioseo_notices":[],"aioseo_head":"\n\t\t<!-- All in One SEO 5.0.0.1 - aioseo.com -->\n\t<meta name=\"description\" content=\"Visszat\u00e9rhet\u00fcnk az \u00f6t sz\u00e1zal\u00e9kos \u00e1f\u00e1hoz az \u00faj\u00e9p\u00edt\u00e9s\u0171 lak\u00e1sokn\u00e1l, cs\u00f6kkenti a korm\u00e1ny az \u00faj \u00e9p\u00edt\u00e9s\u0171 h\u00e1zak \u00e1f\u00e1j\u00e1t - ezt a H\u00edrTV-ben jelentette be Orb\u00e1n Viktor minisztereln\u00f6k. A k\u00f6nny\u00edt\u00e9s j\u00f6v\u0151 janu\u00e1r elej\u00e9t\u0151l l\u00e9p \u00e9letbe \u00e9s a 2022. december 31-ig kiadott \u00e9p\u00edt\u00e9si enged\u00e9lyekre vonatkozik. Az \u00e9p\u00edt\u00e9si elj\u00e1r\u00e1st is egyszer\u0171s\u00edteni fogj\u00e1k, ezt m\u00e1r a Minisztereln\u00f6ks\u00e9get vezet\u0151 miniszter mondta a\" \/>\n\t<meta name=\"robots\" content=\"max-image-preview:large\" \/>\n\t<meta name=\"author\" content=\"Juh\u00e1sz P\u00e9ter\"\/>\n\t<link rel=\"canonical\" href=\"https:\/\/allasorias.hu\/hirek\/jo-hatassal-lesz-az-afarol-hozott-kormanydontes-a-gazdasagra\/\" \/>\n\t<meta name=\"generator\" content=\"All in One SEO (AIOSEO) 5.0.0.1\" \/>\n\t\t<meta property=\"og:locale\" content=\"hu_HU\" \/>\n\t\t<meta property=\"og:site_name\" content=\"AllasOrias.hu | H\u00edrek-lapszemle | \u00dczleti h\u00edrek az \u00e1ll\u00e1s \u00e9s a munka vil\u00e1g\u00e1b\u00f3l\" \/>\n\t\t<meta property=\"og:type\" content=\"article\" \/>\n\t\t<meta property=\"og:title\" content=\"J\u00f3 hat\u00e1ssal lesz az \u00e1f\u00e1r\u00f3l hozott korm\u00e1nyd\u00f6nt\u00e9s a gazdas\u00e1gra | AllasOrias.hu | H\u00edrek-lapszemle\" \/>\n\t\t<meta property=\"og:description\" content=\"Visszat\u00e9rhet\u00fcnk az \u00f6t sz\u00e1zal\u00e9kos \u00e1f\u00e1hoz az \u00faj\u00e9p\u00edt\u00e9s\u0171 lak\u00e1sokn\u00e1l, cs\u00f6kkenti a korm\u00e1ny az \u00faj \u00e9p\u00edt\u00e9s\u0171 h\u00e1zak \u00e1f\u00e1j\u00e1t - ezt a H\u00edrTV-ben jelentette be Orb\u00e1n Viktor minisztereln\u00f6k. A k\u00f6nny\u00edt\u00e9s j\u00f6v\u0151 janu\u00e1r elej\u00e9t\u0151l l\u00e9p \u00e9letbe \u00e9s a 2022. december 31-ig kiadott \u00e9p\u00edt\u00e9si enged\u00e9lyekre vonatkozik. Az \u00e9p\u00edt\u00e9si elj\u00e1r\u00e1st is egyszer\u0171s\u00edteni fogj\u00e1k, ezt m\u00e1r a Minisztereln\u00f6ks\u00e9get vezet\u0151 miniszter mondta a\" \/>\n\t\t<meta property=\"og:url\" content=\"https:\/\/allasorias.hu\/hirek\/jo-hatassal-lesz-az-afarol-hozott-kormanydontes-a-gazdasagra\/\" \/>\n\t\t<meta property=\"og:image\" content=\"https:\/\/allasorias.hu\/hirek\/wp-content\/uploads\/2019\/04\/accounting-analytics-balance-209224.jpg\" \/>\n\t\t<meta property=\"og:image:secure_url\" content=\"https:\/\/allasorias.hu\/hirek\/wp-content\/uploads\/2019\/04\/accounting-analytics-balance-209224.jpg\" \/>\n\t\t<meta property=\"og:image:width\" content=\"640\" \/>\n\t\t<meta property=\"og:image:height\" content=\"426\" \/>\n\t\t<meta property=\"article:published_time\" content=\"2020-10-09T07:49:42+00:00\" \/>\n\t\t<meta property=\"article:modified_time\" content=\"2020-10-09T07:49:42+00:00\" \/>\n\t\t<meta property=\"article:publisher\" content=\"https:\/\/www.facebook.com\/allasorias\" \/>\n\t\t<meta name=\"twitter:card\" content=\"summary_large_image\" \/>\n\t\t<meta name=\"twitter:title\" content=\"J\u00f3 hat\u00e1ssal lesz az \u00e1f\u00e1r\u00f3l hozott korm\u00e1nyd\u00f6nt\u00e9s a gazdas\u00e1gra | AllasOrias.hu | H\u00edrek-lapszemle\" \/>\n\t\t<meta name=\"twitter:description\" content=\"Visszat\u00e9rhet\u00fcnk az \u00f6t sz\u00e1zal\u00e9kos \u00e1f\u00e1hoz az \u00faj\u00e9p\u00edt\u00e9s\u0171 lak\u00e1sokn\u00e1l, cs\u00f6kkenti a korm\u00e1ny az \u00faj \u00e9p\u00edt\u00e9s\u0171 h\u00e1zak \u00e1f\u00e1j\u00e1t - ezt a H\u00edrTV-ben jelentette be Orb\u00e1n Viktor minisztereln\u00f6k. A k\u00f6nny\u00edt\u00e9s j\u00f6v\u0151 janu\u00e1r elej\u00e9t\u0151l l\u00e9p \u00e9letbe \u00e9s a 2022. december 31-ig kiadott \u00e9p\u00edt\u00e9si enged\u00e9lyekre vonatkozik. Az \u00e9p\u00edt\u00e9si elj\u00e1r\u00e1st is egyszer\u0171s\u00edteni fogj\u00e1k, ezt m\u00e1r a Minisztereln\u00f6ks\u00e9get vezet\u0151 miniszter mondta a\" \/>\n\t\t<meta name=\"twitter:image\" content=\"https:\/\/allasorias.hu\/hirek\/wp-content\/uploads\/2019\/04\/accounting-analytics-balance-209224.jpg\" \/>\n\t\t<meta name=\"twitter:label1\" content=\"Written by\" \/>\n\t\t<meta name=\"twitter:data1\" content=\"Juh\u00e1sz P\u00e9ter\" \/>\n\t\t<meta name=\"twitter:label2\" content=\"Est. reading time\" \/>\n\t\t<meta name=\"twitter:data2\" content=\"2 minutes\" \/>\n\t\t<script type=\"application\/ld+json\" class=\"aioseo-schema\">\n\t\t\t{\"@context\":\"https:\\\/\\\/schema.org\",\"@graph\":[{\"@type\":\"Article\",\"@id\":\"https:\\\/\\\/allasorias.hu\\\/hirek\\\/jo-hatassal-lesz-az-afarol-hozott-kormanydontes-a-gazdasagra\\\/#article\",\"name\":\"J\\u00f3 hat\\u00e1ssal lesz az \\u00e1f\\u00e1r\\u00f3l hozott korm\\u00e1nyd\\u00f6nt\\u00e9s a gazdas\\u00e1gra | AllasOrias.hu | H\\u00edrek-lapszemle\",\"headline\":\"J\\u00f3 hat\\u00e1ssal lesz az \\u00e1f\\u00e1r\\u00f3l hozott korm\\u00e1nyd\\u00f6nt\\u00e9s a gazdas\\u00e1gra\",\"author\":{\"@id\":\"https:\\\/\\\/allasorias.hu\\\/hirek\\\/author\\\/admin-allasorias\\\/#author\"},\"publisher\":{\"@id\":\"https:\\\/\\\/allasorias.hu\\\/hirek\\\/#organization\"},\"image\":{\"@type\":\"ImageObject\",\"url\":\"https:\\\/\\\/allasorias.hu\\\/hirek\\\/wp-content\\\/uploads\\\/2019\\\/04\\\/accounting-analytics-balance-209224.jpg\",\"width\":640,\"height\":426},\"datePublished\":\"2020-10-09T07:49:42+02:00\",\"dateModified\":\"2020-10-09T07:49:42+02:00\",\"inLanguage\":\"hu-HU\",\"mainEntityOfPage\":{\"@id\":\"https:\\\/\\\/allasorias.hu\\\/hirek\\\/jo-hatassal-lesz-az-afarol-hozott-kormanydontes-a-gazdasagra\\\/#webpage\"},\"isPartOf\":{\"@id\":\"https:\\\/\\\/allasorias.hu\\\/hirek\\\/jo-hatassal-lesz-az-afarol-hozott-kormanydontes-a-gazdasagra\\\/#webpage\"},\"articleSection\":\"Gazdas\\u00e1g\"},{\"@type\":\"BreadcrumbList\",\"@id\":\"https:\\\/\\\/allasorias.hu\\\/hirek\\\/jo-hatassal-lesz-az-afarol-hozott-kormanydontes-a-gazdasagra\\\/#breadcrumblist\",\"itemListElement\":[{\"@type\":\"ListItem\",\"@id\":\"https:\\\/\\\/allasorias.hu\\\/hirek#listItem\",\"position\":1,\"name\":\"Home\",\"item\":\"https:\\\/\\\/allasorias.hu\\\/hirek\",\"nextItem\":{\"@type\":\"ListItem\",\"@id\":\"https:\\\/\\\/allasorias.hu\\\/hirek\\\/temak\\\/gazdasag\\\/#listItem\",\"name\":\"Gazdas\\u00e1g\"}},{\"@type\":\"ListItem\",\"@id\":\"https:\\\/\\\/allasorias.hu\\\/hirek\\\/temak\\\/gazdasag\\\/#listItem\",\"position\":2,\"name\":\"Gazdas\\u00e1g\",\"item\":\"https:\\\/\\\/allasorias.hu\\\/hirek\\\/temak\\\/gazdasag\\\/\",\"nextItem\":{\"@type\":\"ListItem\",\"@id\":\"https:\\\/\\\/allasorias.hu\\\/hirek\\\/jo-hatassal-lesz-az-afarol-hozott-kormanydontes-a-gazdasagra\\\/#listItem\",\"name\":\"J\\u00f3 hat\\u00e1ssal lesz az \\u00e1f\\u00e1r\\u00f3l hozott korm\\u00e1nyd\\u00f6nt\\u00e9s a gazdas\\u00e1gra\"},\"previousItem\":{\"@type\":\"ListItem\",\"@id\":\"https:\\\/\\\/allasorias.hu\\\/hirek#listItem\",\"name\":\"Home\"}},{\"@type\":\"ListItem\",\"@id\":\"https:\\\/\\\/allasorias.hu\\\/hirek\\\/jo-hatassal-lesz-az-afarol-hozott-kormanydontes-a-gazdasagra\\\/#listItem\",\"position\":3,\"name\":\"J\\u00f3 hat\\u00e1ssal lesz az \\u00e1f\\u00e1r\\u00f3l hozott korm\\u00e1nyd\\u00f6nt\\u00e9s a gazdas\\u00e1gra\",\"previousItem\":{\"@type\":\"ListItem\",\"@id\":\"https:\\\/\\\/allasorias.hu\\\/hirek\\\/temak\\\/gazdasag\\\/#listItem\",\"name\":\"Gazdas\\u00e1g\"}}]},{\"@type\":\"Organization\",\"@id\":\"https:\\\/\\\/allasorias.hu\\\/hirek\\\/#organization\",\"name\":\"AllasOrias.hu | H\\u00edrek-lapszemle\",\"description\":\"\\u00dczleti h\\u00edrek az \\u00e1ll\\u00e1s \\u00e9s a munka vil\\u00e1g\\u00e1b\\u00f3l\",\"url\":\"https:\\\/\\\/allasorias.hu\\\/hirek\\\/\",\"logo\":{\"@type\":\"ImageObject\",\"url\":\"https:\\\/\\\/allasorias.hu\\\/hirek\\\/wp-content\\\/uploads\\\/2022\\\/10\\\/allasorias_site_facebok_logo.png\",\"@id\":\"https:\\\/\\\/allasorias.hu\\\/hirek\\\/jo-hatassal-lesz-az-afarol-hozott-kormanydontes-a-gazdasagra\\\/#organizationLogo\"},\"image\":{\"@id\":\"https:\\\/\\\/allasorias.hu\\\/hirek\\\/jo-hatassal-lesz-az-afarol-hozott-kormanydontes-a-gazdasagra\\\/#organizationLogo\"},\"sameAs\":[\"https:\\\/\\\/www.facebook.com\\\/allasorias\",\"https:\\\/\\\/www.linkedin.com\\\/company\\\/allasorias\"]},{\"@type\":\"Person\",\"@id\":\"https:\\\/\\\/allasorias.hu\\\/hirek\\\/author\\\/admin-allasorias\\\/#author\",\"url\":\"https:\\\/\\\/allasorias.hu\\\/hirek\\\/author\\\/admin-allasorias\\\/\",\"name\":\"Juh\\u00e1sz P\\u00e9ter\",\"image\":{\"@type\":\"ImageObject\",\"@id\":\"https:\\\/\\\/allasorias.hu\\\/hirek\\\/jo-hatassal-lesz-az-afarol-hozott-kormanydontes-a-gazdasagra\\\/#authorImage\",\"url\":\"https:\\\/\\\/secure.gravatar.com\\\/avatar\\\/36e6bcb83148978b992977cb0f54d22feb0cce8a0a849a9410532bb2623ba4c6?s=96&d=mm&r=g\",\"width\":96,\"height\":96,\"caption\":\"Juh\\u00e1sz P\\u00e9ter\"}},{\"@type\":\"WebPage\",\"@id\":\"https:\\\/\\\/allasorias.hu\\\/hirek\\\/jo-hatassal-lesz-az-afarol-hozott-kormanydontes-a-gazdasagra\\\/#webpage\",\"url\":\"https:\\\/\\\/allasorias.hu\\\/hirek\\\/jo-hatassal-lesz-az-afarol-hozott-kormanydontes-a-gazdasagra\\\/\",\"name\":\"J\\u00f3 hat\\u00e1ssal lesz az \\u00e1f\\u00e1r\\u00f3l hozott korm\\u00e1nyd\\u00f6nt\\u00e9s a gazdas\\u00e1gra | AllasOrias.hu | H\\u00edrek-lapszemle\",\"description\":\"Visszat\\u00e9rhet\\u00fcnk az \\u00f6t sz\\u00e1zal\\u00e9kos \\u00e1f\\u00e1hoz az \\u00faj\\u00e9p\\u00edt\\u00e9s\\u0171 lak\\u00e1sokn\\u00e1l, cs\\u00f6kkenti a korm\\u00e1ny az \\u00faj \\u00e9p\\u00edt\\u00e9s\\u0171 h\\u00e1zak \\u00e1f\\u00e1j\\u00e1t - ezt a H\\u00edrTV-ben jelentette be Orb\\u00e1n Viktor minisztereln\\u00f6k. A k\\u00f6nny\\u00edt\\u00e9s j\\u00f6v\\u0151 janu\\u00e1r elej\\u00e9t\\u0151l l\\u00e9p \\u00e9letbe \\u00e9s a 2022. december 31-ig kiadott \\u00e9p\\u00edt\\u00e9si enged\\u00e9lyekre vonatkozik. Az \\u00e9p\\u00edt\\u00e9si elj\\u00e1r\\u00e1st is egyszer\\u0171s\\u00edteni fogj\\u00e1k, ezt m\\u00e1r a Minisztereln\\u00f6ks\\u00e9get vezet\\u0151 miniszter mondta a\",\"inLanguage\":\"hu-HU\",\"isPartOf\":{\"@id\":\"https:\\\/\\\/allasorias.hu\\\/hirek\\\/#website\"},\"breadcrumb\":{\"@id\":\"https:\\\/\\\/allasorias.hu\\\/hirek\\\/jo-hatassal-lesz-az-afarol-hozott-kormanydontes-a-gazdasagra\\\/#breadcrumblist\"},\"author\":{\"@id\":\"https:\\\/\\\/allasorias.hu\\\/hirek\\\/author\\\/admin-allasorias\\\/#author\"},\"creator\":{\"@id\":\"https:\\\/\\\/allasorias.hu\\\/hirek\\\/author\\\/admin-allasorias\\\/#author\"},\"image\":{\"@type\":\"ImageObject\",\"url\":\"https:\\\/\\\/allasorias.hu\\\/hirek\\\/wp-content\\\/uploads\\\/2019\\\/04\\\/accounting-analytics-balance-209224.jpg\",\"@id\":\"https:\\\/\\\/allasorias.hu\\\/hirek\\\/jo-hatassal-lesz-az-afarol-hozott-kormanydontes-a-gazdasagra\\\/#mainImage\",\"width\":640,\"height\":426},\"primaryImageOfPage\":{\"@id\":\"https:\\\/\\\/allasorias.hu\\\/hirek\\\/jo-hatassal-lesz-az-afarol-hozott-kormanydontes-a-gazdasagra\\\/#mainImage\"},\"datePublished\":\"2020-10-09T07:49:42+02:00\",\"dateModified\":\"2020-10-09T07:49:42+02:00\"},{\"@type\":\"WebSite\",\"@id\":\"https:\\\/\\\/allasorias.hu\\\/hirek\\\/#website\",\"url\":\"https:\\\/\\\/allasorias.hu\\\/hirek\\\/\",\"name\":\"AllasOrias.hu | H\\u00edrek-lapszemle\",\"description\":\"\\u00dczleti h\\u00edrek az \\u00e1ll\\u00e1s \\u00e9s a munka vil\\u00e1g\\u00e1b\\u00f3l\",\"inLanguage\":\"hu-HU\",\"publisher\":{\"@id\":\"https:\\\/\\\/allasorias.hu\\\/hirek\\\/#organization\"}}]}\n\t\t<\/script>\n\t\t<!-- All in One SEO -->\n\n","aioseo_head_json":{"title":"J\u00f3 hat\u00e1ssal lesz az \u00e1f\u00e1r\u00f3l hozott korm\u00e1nyd\u00f6nt\u00e9s a gazdas\u00e1gra | AllasOrias.hu | H\u00edrek-lapszemle","description":"Visszat\u00e9rhet\u00fcnk az \u00f6t sz\u00e1zal\u00e9kos \u00e1f\u00e1hoz az \u00faj\u00e9p\u00edt\u00e9s\u0171 lak\u00e1sokn\u00e1l, cs\u00f6kkenti a korm\u00e1ny az \u00faj \u00e9p\u00edt\u00e9s\u0171 h\u00e1zak \u00e1f\u00e1j\u00e1t - ezt a H\u00edrTV-ben jelentette be Orb\u00e1n Viktor minisztereln\u00f6k. A k\u00f6nny\u00edt\u00e9s j\u00f6v\u0151 janu\u00e1r elej\u00e9t\u0151l l\u00e9p \u00e9letbe \u00e9s a 2022. december 31-ig kiadott \u00e9p\u00edt\u00e9si enged\u00e9lyekre vonatkozik. Az \u00e9p\u00edt\u00e9si elj\u00e1r\u00e1st is egyszer\u0171s\u00edteni fogj\u00e1k, ezt m\u00e1r a Minisztereln\u00f6ks\u00e9get vezet\u0151 miniszter mondta a","canonical_url":"https:\/\/allasorias.hu\/hirek\/jo-hatassal-lesz-az-afarol-hozott-kormanydontes-a-gazdasagra\/","robots":"max-image-preview:large","keywords":"","webmasterTools":{"miscellaneous":""},"schema":{"@context":"https:\/\/schema.org","@graph":[{"@type":"Article","@id":"https:\/\/allasorias.hu\/hirek\/jo-hatassal-lesz-az-afarol-hozott-kormanydontes-a-gazdasagra\/#article","name":"J\u00f3 hat\u00e1ssal lesz az \u00e1f\u00e1r\u00f3l hozott korm\u00e1nyd\u00f6nt\u00e9s a gazdas\u00e1gra | AllasOrias.hu | H\u00edrek-lapszemle","headline":"J\u00f3 hat\u00e1ssal lesz az \u00e1f\u00e1r\u00f3l hozott korm\u00e1nyd\u00f6nt\u00e9s a gazdas\u00e1gra","author":{"@id":"https:\/\/allasorias.hu\/hirek\/author\/admin-allasorias\/#author"},"publisher":{"@id":"https:\/\/allasorias.hu\/hirek\/#organization"},"image":{"@type":"ImageObject","url":"https:\/\/allasorias.hu\/hirek\/wp-content\/uploads\/2019\/04\/accounting-analytics-balance-209224.jpg","width":640,"height":426},"datePublished":"2020-10-09T07:49:42+02:00","dateModified":"2020-10-09T07:49:42+02:00","inLanguage":"hu-HU","mainEntityOfPage":{"@id":"https:\/\/allasorias.hu\/hirek\/jo-hatassal-lesz-az-afarol-hozott-kormanydontes-a-gazdasagra\/#webpage"},"isPartOf":{"@id":"https:\/\/allasorias.hu\/hirek\/jo-hatassal-lesz-az-afarol-hozott-kormanydontes-a-gazdasagra\/#webpage"},"articleSection":"Gazdas\u00e1g"},{"@type":"BreadcrumbList","@id":"https:\/\/allasorias.hu\/hirek\/jo-hatassal-lesz-az-afarol-hozott-kormanydontes-a-gazdasagra\/#breadcrumblist","itemListElement":[{"@type":"ListItem","@id":"https:\/\/allasorias.hu\/hirek#listItem","position":1,"name":"Home","item":"https:\/\/allasorias.hu\/hirek","nextItem":{"@type":"ListItem","@id":"https:\/\/allasorias.hu\/hirek\/temak\/gazdasag\/#listItem","name":"Gazdas\u00e1g"}},{"@type":"ListItem","@id":"https:\/\/allasorias.hu\/hirek\/temak\/gazdasag\/#listItem","position":2,"name":"Gazdas\u00e1g","item":"https:\/\/allasorias.hu\/hirek\/temak\/gazdasag\/","nextItem":{"@type":"ListItem","@id":"https:\/\/allasorias.hu\/hirek\/jo-hatassal-lesz-az-afarol-hozott-kormanydontes-a-gazdasagra\/#listItem","name":"J\u00f3 hat\u00e1ssal lesz az \u00e1f\u00e1r\u00f3l hozott korm\u00e1nyd\u00f6nt\u00e9s a gazdas\u00e1gra"},"previousItem":{"@type":"ListItem","@id":"https:\/\/allasorias.hu\/hirek#listItem","name":"Home"}},{"@type":"ListItem","@id":"https:\/\/allasorias.hu\/hirek\/jo-hatassal-lesz-az-afarol-hozott-kormanydontes-a-gazdasagra\/#listItem","position":3,"name":"J\u00f3 hat\u00e1ssal lesz az \u00e1f\u00e1r\u00f3l hozott korm\u00e1nyd\u00f6nt\u00e9s a gazdas\u00e1gra","previousItem":{"@type":"ListItem","@id":"https:\/\/allasorias.hu\/hirek\/temak\/gazdasag\/#listItem","name":"Gazdas\u00e1g"}}]},{"@type":"Organization","@id":"https:\/\/allasorias.hu\/hirek\/#organization","name":"AllasOrias.hu | H\u00edrek-lapszemle","description":"\u00dczleti h\u00edrek az \u00e1ll\u00e1s \u00e9s a munka vil\u00e1g\u00e1b\u00f3l","url":"https:\/\/allasorias.hu\/hirek\/","logo":{"@type":"ImageObject","url":"https:\/\/allasorias.hu\/hirek\/wp-content\/uploads\/2022\/10\/allasorias_site_facebok_logo.png","@id":"https:\/\/allasorias.hu\/hirek\/jo-hatassal-lesz-az-afarol-hozott-kormanydontes-a-gazdasagra\/#organizationLogo"},"image":{"@id":"https:\/\/allasorias.hu\/hirek\/jo-hatassal-lesz-az-afarol-hozott-kormanydontes-a-gazdasagra\/#organizationLogo"},"sameAs":["https:\/\/www.facebook.com\/allasorias","https:\/\/www.linkedin.com\/company\/allasorias"]},{"@type":"Person","@id":"https:\/\/allasorias.hu\/hirek\/author\/admin-allasorias\/#author","url":"https:\/\/allasorias.hu\/hirek\/author\/admin-allasorias\/","name":"Juh\u00e1sz P\u00e9ter","image":{"@type":"ImageObject","@id":"https:\/\/allasorias.hu\/hirek\/jo-hatassal-lesz-az-afarol-hozott-kormanydontes-a-gazdasagra\/#authorImage","url":"https:\/\/secure.gravatar.com\/avatar\/36e6bcb83148978b992977cb0f54d22feb0cce8a0a849a9410532bb2623ba4c6?s=96&d=mm&r=g","width":96,"height":96,"caption":"Juh\u00e1sz P\u00e9ter"}},{"@type":"WebPage","@id":"https:\/\/allasorias.hu\/hirek\/jo-hatassal-lesz-az-afarol-hozott-kormanydontes-a-gazdasagra\/#webpage","url":"https:\/\/allasorias.hu\/hirek\/jo-hatassal-lesz-az-afarol-hozott-kormanydontes-a-gazdasagra\/","name":"J\u00f3 hat\u00e1ssal lesz az \u00e1f\u00e1r\u00f3l hozott korm\u00e1nyd\u00f6nt\u00e9s a gazdas\u00e1gra | AllasOrias.hu | H\u00edrek-lapszemle","description":"Visszat\u00e9rhet\u00fcnk az \u00f6t sz\u00e1zal\u00e9kos \u00e1f\u00e1hoz az \u00faj\u00e9p\u00edt\u00e9s\u0171 lak\u00e1sokn\u00e1l, cs\u00f6kkenti a korm\u00e1ny az \u00faj \u00e9p\u00edt\u00e9s\u0171 h\u00e1zak \u00e1f\u00e1j\u00e1t - ezt a H\u00edrTV-ben jelentette be Orb\u00e1n Viktor minisztereln\u00f6k. A k\u00f6nny\u00edt\u00e9s j\u00f6v\u0151 janu\u00e1r elej\u00e9t\u0151l l\u00e9p \u00e9letbe \u00e9s a 2022. december 31-ig kiadott \u00e9p\u00edt\u00e9si enged\u00e9lyekre vonatkozik. Az \u00e9p\u00edt\u00e9si elj\u00e1r\u00e1st is egyszer\u0171s\u00edteni fogj\u00e1k, ezt m\u00e1r a Minisztereln\u00f6ks\u00e9get vezet\u0151 miniszter mondta a","inLanguage":"hu-HU","isPartOf":{"@id":"https:\/\/allasorias.hu\/hirek\/#website"},"breadcrumb":{"@id":"https:\/\/allasorias.hu\/hirek\/jo-hatassal-lesz-az-afarol-hozott-kormanydontes-a-gazdasagra\/#breadcrumblist"},"author":{"@id":"https:\/\/allasorias.hu\/hirek\/author\/admin-allasorias\/#author"},"creator":{"@id":"https:\/\/allasorias.hu\/hirek\/author\/admin-allasorias\/#author"},"image":{"@type":"ImageObject","url":"https:\/\/allasorias.hu\/hirek\/wp-content\/uploads\/2019\/04\/accounting-analytics-balance-209224.jpg","@id":"https:\/\/allasorias.hu\/hirek\/jo-hatassal-lesz-az-afarol-hozott-kormanydontes-a-gazdasagra\/#mainImage","width":640,"height":426},"primaryImageOfPage":{"@id":"https:\/\/allasorias.hu\/hirek\/jo-hatassal-lesz-az-afarol-hozott-kormanydontes-a-gazdasagra\/#mainImage"},"datePublished":"2020-10-09T07:49:42+02:00","dateModified":"2020-10-09T07:49:42+02:00"},{"@type":"WebSite","@id":"https:\/\/allasorias.hu\/hirek\/#website","url":"https:\/\/allasorias.hu\/hirek\/","name":"AllasOrias.hu | H\u00edrek-lapszemle","description":"\u00dczleti h\u00edrek az \u00e1ll\u00e1s \u00e9s a munka vil\u00e1g\u00e1b\u00f3l","inLanguage":"hu-HU","publisher":{"@id":"https:\/\/allasorias.hu\/hirek\/#organization"}}]},"og:locale":"hu_HU","og:site_name":"AllasOrias.hu | H\u00edrek-lapszemle | \u00dczleti h\u00edrek az \u00e1ll\u00e1s \u00e9s a munka vil\u00e1g\u00e1b\u00f3l","og:type":"article","og:title":"J\u00f3 hat\u00e1ssal lesz az \u00e1f\u00e1r\u00f3l hozott korm\u00e1nyd\u00f6nt\u00e9s a gazdas\u00e1gra | AllasOrias.hu | H\u00edrek-lapszemle","og:description":"Visszat\u00e9rhet\u00fcnk az \u00f6t sz\u00e1zal\u00e9kos \u00e1f\u00e1hoz az \u00faj\u00e9p\u00edt\u00e9s\u0171 lak\u00e1sokn\u00e1l, cs\u00f6kkenti a korm\u00e1ny az \u00faj \u00e9p\u00edt\u00e9s\u0171 h\u00e1zak \u00e1f\u00e1j\u00e1t - ezt a H\u00edrTV-ben jelentette be Orb\u00e1n Viktor minisztereln\u00f6k. A k\u00f6nny\u00edt\u00e9s j\u00f6v\u0151 janu\u00e1r elej\u00e9t\u0151l l\u00e9p \u00e9letbe \u00e9s a 2022. december 31-ig kiadott \u00e9p\u00edt\u00e9si enged\u00e9lyekre vonatkozik. Az \u00e9p\u00edt\u00e9si elj\u00e1r\u00e1st is egyszer\u0171s\u00edteni fogj\u00e1k, ezt m\u00e1r a Minisztereln\u00f6ks\u00e9get vezet\u0151 miniszter mondta a","og:url":"https:\/\/allasorias.hu\/hirek\/jo-hatassal-lesz-az-afarol-hozott-kormanydontes-a-gazdasagra\/","og:image":"https:\/\/allasorias.hu\/hirek\/wp-content\/uploads\/2019\/04\/accounting-analytics-balance-209224.jpg","og:image:secure_url":"https:\/\/allasorias.hu\/hirek\/wp-content\/uploads\/2019\/04\/accounting-analytics-balance-209224.jpg","og:image:width":640,"og:image:height":426,"article:published_time":"2020-10-09T07:49:42+00:00","article:modified_time":"2020-10-09T07:49:42+00:00","article:publisher":"https:\/\/www.facebook.com\/allasorias","twitter:card":"summary_large_image","twitter:title":"J\u00f3 hat\u00e1ssal lesz az \u00e1f\u00e1r\u00f3l hozott korm\u00e1nyd\u00f6nt\u00e9s a gazdas\u00e1gra | AllasOrias.hu | H\u00edrek-lapszemle","twitter:description":"Visszat\u00e9rhet\u00fcnk az \u00f6t sz\u00e1zal\u00e9kos \u00e1f\u00e1hoz az \u00faj\u00e9p\u00edt\u00e9s\u0171 lak\u00e1sokn\u00e1l, cs\u00f6kkenti a korm\u00e1ny az \u00faj \u00e9p\u00edt\u00e9s\u0171 h\u00e1zak \u00e1f\u00e1j\u00e1t - ezt a H\u00edrTV-ben jelentette be Orb\u00e1n Viktor minisztereln\u00f6k. A k\u00f6nny\u00edt\u00e9s j\u00f6v\u0151 janu\u00e1r elej\u00e9t\u0151l l\u00e9p \u00e9letbe \u00e9s a 2022. december 31-ig kiadott \u00e9p\u00edt\u00e9si enged\u00e9lyekre vonatkozik. Az \u00e9p\u00edt\u00e9si elj\u00e1r\u00e1st is egyszer\u0171s\u00edteni fogj\u00e1k, ezt m\u00e1r a Minisztereln\u00f6ks\u00e9get vezet\u0151 miniszter mondta a","twitter:image":"https:\/\/allasorias.hu\/hirek\/wp-content\/uploads\/2019\/04\/accounting-analytics-balance-209224.jpg","twitter:label1":"Written by","twitter:data1":"Juh\u00e1sz P\u00e9ter","twitter:label2":"Est. reading time","twitter:data2":"2 minutes"},"aioseo_meta_data":{"post_id":"4295","title":null,"description":"","keywords":"","keyphrases":null,"primary_term":null,"canonical_url":"","og_title":null,"og_description":null,"og_object_type":"default","og_image_type":"default","og_image_url":null,"og_image_width":null,"og_image_height":null,"og_image_custom_url":null,"og_image_custom_fields":null,"og_video":null,"og_custom_url":null,"og_article_section":null,"og_article_tags":null,"twitter_use_og":false,"twitter_card":"default","twitter_image_type":"default","twitter_image_url":null,"twitter_image_custom_url":null,"twitter_image_custom_fields":null,"twitter_title":null,"twitter_description":null,"schema":{"blockGraphs":[],"customGraphs":[],"default":{"data":{"Article":[],"Course":[],"Dataset":[],"FAQPage":[],"Movie":[],"Person":[],"Product":[],"ProductReview":[],"Car":[],"Recipe":[],"Service":[],"SoftwareApplication":[],"WebPage":[]},"graphName":"","isEnabled":true},"graphs":[],"defaultGraph":"","defaultPostTypeGraph":""},"schema_type":null,"schema_type_options":null,"pillar_content":false,"robots_default":true,"robots_noindex":false,"robots_noarchive":false,"robots_nosnippet":false,"robots_nofollow":false,"robots_noimageindex":false,"robots_noodp":false,"robots_notranslate":false,"robots_max_snippet":null,"robots_max_videopreview":null,"robots_max_imagepreview":"large","priority":null,"frequency":null,"location":null,"local_seo":null,"breadcrumb_settings":null,"limit_modified_date":false,"ai":null,"created":"2021-02-01 20:46:00","updated":"2025-10-02 14:55:50","seo_analyzer_scan_date":null,"focus_keyword":null,"additional_keywords":null,"truseo_locale":null},"aioseo_breadcrumb":"<div class=\"aioseo-breadcrumbs\"><span class=\"aioseo-breadcrumb\">\n\t\t\t<a href=\"https:\/\/allasorias.hu\/hirek\" title=\"Home\">Home<\/a>\n\t\t<\/span><span class=\"aioseo-breadcrumb-separator\">&raquo;<\/span><span class=\"aioseo-breadcrumb\">\n\t\t\t<a href=\"https:\/\/allasorias.hu\/hirek\/temak\/gazdasag\/\" title=\"Gazdas\u00e1g\">Gazdas\u00e1g<\/a>\n\t\t<\/span><span class=\"aioseo-breadcrumb-separator\">&raquo;<\/span><span class=\"aioseo-breadcrumb\">\n\t\t\tJ\u00f3 hat\u00e1ssal lesz az \u00e1f\u00e1r\u00f3l hozott korm\u00e1nyd\u00f6nt\u00e9s a gazdas\u00e1gra\n\t\t<\/span><\/div>","aioseo_breadcrumb_json":[{"label":"Home","link":"https:\/\/allasorias.hu\/hirek"},{"label":"Gazdas\u00e1g","link":"https:\/\/allasorias.hu\/hirek\/temak\/gazdasag\/"},{"label":"J\u00f3 hat\u00e1ssal lesz az \u00e1f\u00e1r\u00f3l hozott korm\u00e1nyd\u00f6nt\u00e9s a gazdas\u00e1gra","link":"https:\/\/allasorias.hu\/hirek\/jo-hatassal-lesz-az-afarol-hozott-kormanydontes-a-gazdasagra\/"}],"_links":{"self":[{"href":"https:\/\/allasorias.hu\/hirek\/wp-json\/wp\/v2\/posts\/4295","targetHints":{"allow":["GET"]}}],"collection":[{"href":"https:\/\/allasorias.hu\/hirek\/wp-json\/wp\/v2\/posts"}],"about":[{"href":"https:\/\/allasorias.hu\/hirek\/wp-json\/wp\/v2\/types\/post"}],"author":[{"embeddable":true,"href":"https:\/\/allasorias.hu\/hirek\/wp-json\/wp\/v2\/users\/1"}],"replies":[{"embeddable":true,"href":"https:\/\/allasorias.hu\/hirek\/wp-json\/wp\/v2\/comments?post=4295"}],"version-history":[{"count":1,"href":"https:\/\/allasorias.hu\/hirek\/wp-json\/wp\/v2\/posts\/4295\/revisions"}],"predecessor-version":[{"id":4296,"href":"https:\/\/allasorias.hu\/hirek\/wp-json\/wp\/v2\/posts\/4295\/revisions\/4296"}],"wp:featuredmedia":[{"embeddable":true,"href":"https:\/\/allasorias.hu\/hirek\/wp-json\/wp\/v2\/media\/2728"}],"wp:attachment":[{"href":"https:\/\/allasorias.hu\/hirek\/wp-json\/wp\/v2\/media?parent=4295"}],"wp:term":[{"taxonomy":"category","embeddable":true,"href":"https:\/\/allasorias.hu\/hirek\/wp-json\/wp\/v2\/categories?post=4295"},{"taxonomy":"post_tag","embeddable":true,"href":"https:\/\/allasorias.hu\/hirek\/wp-json\/wp\/v2\/tags?post=4295"}],"curies":[{"name":"wp","href":"https:\/\/api.w.org\/{rel}","templated":true}]}}