{"id":4292,"date":"2020-10-08T07:27:32","date_gmt":"2020-10-08T07:27:32","guid":{"rendered":"https:\/\/allasorias.hu\/hirek\/?p=4292"},"modified":"2020-10-08T07:30:50","modified_gmt":"2020-10-08T07:30:50","slug":"szoronganak-a-munkavallalok-a-jarvany-miatt","status":"publish","type":"post","link":"https:\/\/allasorias.hu\/hirek\/szoronganak-a-munkavallalok-a-jarvany-miatt\/","title":{"rendered":"Szoronganak a munkav\u00e1llal\u00f3k a j\u00e1rv\u00e1ny miatt"},"content":{"rendered":"<p><strong>Az Oracle \u00e9s a Workplace Intelligence \u00a0HR kutat\u00f3 \u00e9s tan\u00e1csad\u00f3 c\u00e9g tanulm\u00e1nyt k\u00e9sz\u00edtett,\u00a0 \u00a011 orsz\u00e1g t\u00f6bb mint 12 000 alkalmazottj\u00e1t, menedzser\u00e9t, HR vezet\u0151j\u00e9t \u00e9s C-szint\u0171 vezet\u0151j\u00e9t interj\u00favolt\u00e1k meg. Eszerint \u00a0id\u00e9n az emberek 70 sz\u00e1zal\u00e9ka nagyobb munkahelyi stressznek \u00e9s t\u00f6bb szorong\u00e1snak van kit\u00e9ve a j\u00e1rv\u00e1ny miatt, mint a tavaly.<\/strong><\/p>\n<p>Mindez negat\u00edvan hatott a glob\u00e1lis munkaer\u0151 78 sz\u00e1zal\u00e9k\u00e1ra, m\u00e9g t\u00f6bb stresszt (38 sz\u00e1zal\u00e9k), a munka-mag\u00e1n\u00e9let egyens\u00faly\u00e1nak felborul\u00e1s\u00e1t (35 sz\u00e1zal\u00e9k), ki\u00e9g\u00e9st (25 sz\u00e1zal\u00e9k), a szocializ\u00e1ci\u00f3 hi\u00e1ny\u00e1b\u00f3l fakad\u00f3 depresszi\u00f3t (25 sz\u00e1zal\u00e9k) \u00e9s mag\u00e1nyt (14 sz\u00e1zal\u00e9k) okozva ezzel. A kutat\u00e1sban megk\u00e9rdezettek 85 sz\u00e1zal\u00e9ka nyilatkozott \u00fagy, hogy a munkahelyen tapasztalt ment\u00e1lis eg\u00e9szs\u00e9get befoly\u00e1sol\u00f3 t\u00e9nyez\u0151k (mint p\u00e9ld\u00e1ul a stressz, a szorong\u00e1s \u00e9s a depresszi\u00f3) kihatnak az otthoni \u00e9let\u00fckre is. Leggyakoribb k\u00f6vetkezm\u00e9nyk\u00e9nt alv\u00e1si neh\u00e9zs\u00e9g (40 sz\u00e1zal\u00e9k), roml\u00f3 fizikai eg\u00e9szs\u00e9g (35 sz\u00e1zal\u00e9k), az otthoni boldogs\u00e1g cs\u00f6kken\u00e9se (33 sz\u00e1zal\u00e9k), roml\u00f3 csal\u00e1di kapcsolatok (30 sz\u00e1zal\u00e9k) \u00e9s a bar\u00e1tokt\u00f3l val\u00f3 izol\u00e1ci\u00f3 (28 sz\u00e1zal\u00e9k) jelentkezett. A szakmai \u00e9s mag\u00e1n\u00e9let k\u00f6z\u00f6tti hat\u00e1r \u00f6sszemos\u00f3dott a t\u00e1vmunk\u00e1ban dolgoz\u00f3k eset\u00e9ben: az emberek 35 sz\u00e1zal\u00e9ka havonta t\u00f6bb mint 40 \u00f3ra t\u00falmunk\u00e1t v\u00e9gez, \u00e9s 25 sz\u00e1zal\u00e9kuk tapasztalt ki\u00e9g\u00e9st a t\u00fal\u00f3r\u00e1k miatt. Mindennek ellen\u00e9re az emberek 62 sz\u00e1zal\u00e9ka tal\u00e1lja most vonz\u00f3bbnak a t\u00e1vmunk\u00e1t, mint a pand\u00e9mia el\u0151tt, mivel t\u00f6bb id\u0151t t\u00f6lthetnek egy\u00fctt a csal\u00e1ddal (51 sz\u00e1zal\u00e9k), valamint t\u00f6bb idej\u00fck jut az alv\u00e1sra (31 sz\u00e1zal\u00e9k) \u00e9s t\u00f6bb munk\u00e1t is tudnak elv\u00e9gezni (30 sz\u00e1zal\u00e9k). Az emberek t\u00f6bbet v\u00e1rn\u00e1nak a technol\u00f3gi\u00e1t\u00f3l ment\u00e1lis eg\u00e9szs\u00e9g\u00fck t\u00e1mogat\u00e1sa ter\u00e9n is. Meglep\u0151, de a megk\u00e9rdezettek csup\u00e1n 18 sz\u00e1zal\u00e9ka r\u00e9szes\u00edten\u00e9 el\u0151nyben az embereket a robotokkal szemben, amikor ment\u00e1lis eg\u00e9szs\u00e9g\u00fck t\u00e1mogat\u00e1s\u00e1r\u00f3l van sz\u00f3. \u00dagy \u00e9rzik, hogy a robotok nagyobb \u00edt\u00e9letmentess\u00e9get (34 sz\u00e1zal\u00e9k), \u00e9s elfogulatlan k\u00f6zeget biztos\u00edtanak probl\u00e9m\u00e1ik megoszt\u00e1s\u00e1hoz (30 sz\u00e1zal\u00e9k), valamint gyors v\u00e1laszokat adnak az eg\u00e9szs\u00e9ggel kapcsolatos k\u00e9rd\u00e9seikre (29 sz\u00e1zal\u00e9k).Az emberek 68 sz\u00e1zal\u00e9ka sz\u00edvesebben besz\u00e9lne a munkahelyi stresszr\u0151l \u00e9s szorong\u00e1sair\u00f3l egy robotnak, mintsem f\u0151n\u00f6k\u00e9nek, 80 sz\u00e1zal\u00e9kuk, pedig arra is nyitott, hogy tan\u00e1csad\u00f3ja ezekben a k\u00e9rd\u00e9sekben egy robot legyen. Az emberek 75 sz\u00e1zal\u00e9ka nyilatkozta, hogy AI-megold\u00e1s t\u00e1mogatta m\u00e1r ment\u00e1lis eg\u00e9szs\u00e9g\u00e9t a munkahely\u00e9n. A legfontosabb el\u0151ny\u00f6ket az al\u00e1bbi ter\u00fcleteken tapasztalt\u00e1k: a munka hat\u00e9konyabb elv\u00e9gz\u00e9s\u00e9hez sz\u00fcks\u00e9ges inform\u00e1ci\u00f3k biztos\u00edt\u00e1sa (31 sz\u00e1zal\u00e9k), a feladatok automatiz\u00e1l\u00e1sa \u00e9s a munkaterhel\u00e9s cs\u00f6kkent\u00e9se \u00e9s a ki\u00e9g\u00e9s megel\u0151z\u00e9se ter\u00e9n (27 sz\u00e1zal\u00e9k), a stressz cs\u00f6kkent\u00e9s\u00e9ben a priorit\u00e1sok fel\u00e1ll\u00edt\u00e1s\u00e1nak el\u0151seg\u00edt\u00e9s\u00e9vel (27 sz\u00e1zal\u00e9k).Az alkalmazottak vil\u00e1gszerte elv\u00e1rn\u00e1k munk\u00e1ltat\u00f3ikt\u00f3l, hogy t\u00f6bb ment\u00e1lis eg\u00e9szs\u00e9gi t\u00e1mogat\u00e1st ny\u00fajtsanak sz\u00e1mukra, hiszen, ha ez a seg\u00edts\u00e9g nem \u00e1ll rendelkez\u00e9s\u00fckre, annak hosszantart\u00f3 hat\u00e1sai lesznek a glob\u00e1lis produktivit\u00e1sra, valamint a glob\u00e1lis munkaer\u0151 mag\u00e1n \u00e9s szakmai \u00e9let\u00e9re is. Az emberek 76 sz\u00e1zal\u00e9ka \u00e9rzi \u00fagy, hogy a munk\u00e1ltat\u00f3nak t\u00f6bbet kellen tennie a munkav\u00e1llal\u00f3k ment\u00e1lis eg\u00e9szs\u00e9g\u00e9nek v\u00e9delme \u00e9rdek\u00e9ben. 51 sz\u00e1zal\u00e9kuk \u00e1ll\u00edtotta, hogy munkahely\u00fck biztos\u00edt valamilyen ment\u00e1lis eg\u00e9szs\u00e9get t\u00e1mogat\u00f3 szolg\u00e1ltat\u00e1st a COVID-19 j\u00e1rv\u00e1nnyal \u00f6sszef\u00fcgg\u00e9sben.<\/p>\n<p>Forr\u00e1s: hrportal.hu<\/p>\n","protected":false},"excerpt":{"rendered":"<p>Az Oracle \u00e9s a Workplace Intelligence \u00a0HR kutat\u00f3 \u00e9s tan\u00e1csad\u00f3 c\u00e9g tanulm\u00e1nyt k\u00e9sz\u00edtett,\u00a0 \u00a011 orsz\u00e1g t\u00f6bb mint 12 000 alkalmazottj\u00e1t, menedzser\u00e9t, HR vezet\u0151j\u00e9t \u00e9s C-szint\u0171 vezet\u0151j\u00e9t interj\u00favolt\u00e1k meg. Eszerint \u00a0id\u00e9n az emberek 70 sz\u00e1zal\u00e9ka nagyobb munkahelyi stressznek \u00e9s t\u00f6bb szorong\u00e1snak van kit\u00e9ve a j\u00e1rv\u00e1ny miatt, mint a tavaly. Mindez negat\u00edvan hatott a glob\u00e1lis munkaer\u0151 78 [&hellip;]<\/p>\n","protected":false},"author":1,"featured_media":4294,"comment_status":"open","ping_status":"open","sticky":false,"template":"","format":"standard","meta":{"_monsterinsights_skip_tracking":false,"footnotes":""},"categories":[200],"tags":[],"class_list":["post-4292","post","type-post","status-publish","format-standard","has-post-thumbnail","hentry","category-munkaeropiac"],"aioseo_notices":[],"aioseo_head":"\n\t\t<!-- All in One SEO 5.0.0.1 - aioseo.com -->\n\t<meta name=\"description\" content=\"Az Oracle \u00e9s a Workplace Intelligence HR kutat\u00f3 \u00e9s tan\u00e1csad\u00f3 c\u00e9g tanulm\u00e1nyt k\u00e9sz\u00edtett, 11 orsz\u00e1g t\u00f6bb mint 12 000 alkalmazottj\u00e1t, menedzser\u00e9t, HR vezet\u0151j\u00e9t \u00e9s C-szint\u0171 vezet\u0151j\u00e9t interj\u00favolt\u00e1k meg. Eszerint id\u00e9n az emberek 70 sz\u00e1zal\u00e9ka nagyobb munkahelyi stressznek \u00e9s t\u00f6bb szorong\u00e1snak van kit\u00e9ve a j\u00e1rv\u00e1ny miatt, mint a tavaly. Mindez negat\u00edvan hatott a glob\u00e1lis munkaer\u0151 78\" \/>\n\t<meta name=\"robots\" content=\"max-image-preview:large\" \/>\n\t<meta name=\"author\" content=\"Juh\u00e1sz P\u00e9ter\"\/>\n\t<link rel=\"canonical\" href=\"https:\/\/allasorias.hu\/hirek\/szoronganak-a-munkavallalok-a-jarvany-miatt\/\" \/>\n\t<meta name=\"generator\" content=\"All in One SEO (AIOSEO) 5.0.0.1\" \/>\n\t\t<meta property=\"og:locale\" content=\"hu_HU\" \/>\n\t\t<meta property=\"og:site_name\" content=\"AllasOrias.hu | H\u00edrek-lapszemle | \u00dczleti h\u00edrek az \u00e1ll\u00e1s \u00e9s a munka vil\u00e1g\u00e1b\u00f3l\" \/>\n\t\t<meta property=\"og:type\" content=\"article\" \/>\n\t\t<meta property=\"og:title\" content=\"Szoronganak a munkav\u00e1llal\u00f3k a j\u00e1rv\u00e1ny miatt | AllasOrias.hu | H\u00edrek-lapszemle\" \/>\n\t\t<meta property=\"og:description\" content=\"Az Oracle \u00e9s a Workplace Intelligence HR kutat\u00f3 \u00e9s tan\u00e1csad\u00f3 c\u00e9g tanulm\u00e1nyt k\u00e9sz\u00edtett, 11 orsz\u00e1g t\u00f6bb mint 12 000 alkalmazottj\u00e1t, menedzser\u00e9t, HR vezet\u0151j\u00e9t \u00e9s C-szint\u0171 vezet\u0151j\u00e9t interj\u00favolt\u00e1k meg. Eszerint id\u00e9n az emberek 70 sz\u00e1zal\u00e9ka nagyobb munkahelyi stressznek \u00e9s t\u00f6bb szorong\u00e1snak van kit\u00e9ve a j\u00e1rv\u00e1ny miatt, mint a tavaly. Mindez negat\u00edvan hatott a glob\u00e1lis munkaer\u0151 78\" \/>\n\t\t<meta property=\"og:url\" content=\"https:\/\/allasorias.hu\/hirek\/szoronganak-a-munkavallalok-a-jarvany-miatt\/\" \/>\n\t\t<meta property=\"og:image\" content=\"https:\/\/allasorias.hu\/hirek\/wp-content\/uploads\/2020\/10\/stress.jpg\" \/>\n\t\t<meta property=\"og:image:secure_url\" content=\"https:\/\/allasorias.hu\/hirek\/wp-content\/uploads\/2020\/10\/stress.jpg\" \/>\n\t\t<meta property=\"og:image:width\" content=\"1000\" \/>\n\t\t<meta property=\"og:image:height\" content=\"397\" \/>\n\t\t<meta property=\"article:published_time\" content=\"2020-10-08T07:27:32+00:00\" \/>\n\t\t<meta property=\"article:modified_time\" content=\"2020-10-08T07:30:50+00:00\" \/>\n\t\t<meta property=\"article:publisher\" content=\"https:\/\/www.facebook.com\/allasorias\" \/>\n\t\t<meta name=\"twitter:card\" content=\"summary_large_image\" \/>\n\t\t<meta name=\"twitter:title\" content=\"Szoronganak a munkav\u00e1llal\u00f3k a j\u00e1rv\u00e1ny miatt | AllasOrias.hu | H\u00edrek-lapszemle\" \/>\n\t\t<meta name=\"twitter:description\" content=\"Az Oracle \u00e9s a Workplace Intelligence HR kutat\u00f3 \u00e9s tan\u00e1csad\u00f3 c\u00e9g tanulm\u00e1nyt k\u00e9sz\u00edtett, 11 orsz\u00e1g t\u00f6bb mint 12 000 alkalmazottj\u00e1t, menedzser\u00e9t, HR vezet\u0151j\u00e9t \u00e9s C-szint\u0171 vezet\u0151j\u00e9t interj\u00favolt\u00e1k meg. Eszerint id\u00e9n az emberek 70 sz\u00e1zal\u00e9ka nagyobb munkahelyi stressznek \u00e9s t\u00f6bb szorong\u00e1snak van kit\u00e9ve a j\u00e1rv\u00e1ny miatt, mint a tavaly. Mindez negat\u00edvan hatott a glob\u00e1lis munkaer\u0151 78\" \/>\n\t\t<meta name=\"twitter:image\" content=\"https:\/\/allasorias.hu\/hirek\/wp-content\/uploads\/2020\/10\/stress.jpg\" \/>\n\t\t<meta name=\"twitter:label1\" content=\"Written by\" \/>\n\t\t<meta name=\"twitter:data1\" content=\"Juh\u00e1sz P\u00e9ter\" \/>\n\t\t<meta name=\"twitter:label2\" content=\"Est. reading time\" \/>\n\t\t<meta name=\"twitter:data2\" content=\"3 minutes\" \/>\n\t\t<script type=\"application\/ld+json\" class=\"aioseo-schema\">\n\t\t\t{\"@context\":\"https:\\\/\\\/schema.org\",\"@graph\":[{\"@type\":\"Article\",\"@id\":\"https:\\\/\\\/allasorias.hu\\\/hirek\\\/szoronganak-a-munkavallalok-a-jarvany-miatt\\\/#article\",\"name\":\"Szoronganak a munkav\\u00e1llal\\u00f3k a j\\u00e1rv\\u00e1ny miatt | AllasOrias.hu | H\\u00edrek-lapszemle\",\"headline\":\"Szoronganak a munkav\\u00e1llal\\u00f3k a j\\u00e1rv\\u00e1ny miatt\",\"author\":{\"@id\":\"https:\\\/\\\/allasorias.hu\\\/hirek\\\/author\\\/admin-allasorias\\\/#author\"},\"publisher\":{\"@id\":\"https:\\\/\\\/allasorias.hu\\\/hirek\\\/#organization\"},\"image\":{\"@type\":\"ImageObject\",\"url\":\"https:\\\/\\\/allasorias.hu\\\/hirek\\\/wp-content\\\/uploads\\\/2020\\\/10\\\/stress.jpg\",\"width\":1000,\"height\":397,\"caption\":\"Sad businessman sitting head in hands on the bed in the dark bedroom with low light environment\"},\"datePublished\":\"2020-10-08T07:27:32+02:00\",\"dateModified\":\"2020-10-08T07:30:50+02:00\",\"inLanguage\":\"hu-HU\",\"mainEntityOfPage\":{\"@id\":\"https:\\\/\\\/allasorias.hu\\\/hirek\\\/szoronganak-a-munkavallalok-a-jarvany-miatt\\\/#webpage\"},\"isPartOf\":{\"@id\":\"https:\\\/\\\/allasorias.hu\\\/hirek\\\/szoronganak-a-munkavallalok-a-jarvany-miatt\\\/#webpage\"},\"articleSection\":\"Munkaer\\u0151piac\"},{\"@type\":\"BreadcrumbList\",\"@id\":\"https:\\\/\\\/allasorias.hu\\\/hirek\\\/szoronganak-a-munkavallalok-a-jarvany-miatt\\\/#breadcrumblist\",\"itemListElement\":[{\"@type\":\"ListItem\",\"@id\":\"https:\\\/\\\/allasorias.hu\\\/hirek#listItem\",\"position\":1,\"name\":\"Home\",\"item\":\"https:\\\/\\\/allasorias.hu\\\/hirek\",\"nextItem\":{\"@type\":\"ListItem\",\"@id\":\"https:\\\/\\\/allasorias.hu\\\/hirek\\\/temak\\\/munkaeropiac\\\/#listItem\",\"name\":\"Munkaer\\u0151piac\"}},{\"@type\":\"ListItem\",\"@id\":\"https:\\\/\\\/allasorias.hu\\\/hirek\\\/temak\\\/munkaeropiac\\\/#listItem\",\"position\":2,\"name\":\"Munkaer\\u0151piac\",\"item\":\"https:\\\/\\\/allasorias.hu\\\/hirek\\\/temak\\\/munkaeropiac\\\/\",\"nextItem\":{\"@type\":\"ListItem\",\"@id\":\"https:\\\/\\\/allasorias.hu\\\/hirek\\\/szoronganak-a-munkavallalok-a-jarvany-miatt\\\/#listItem\",\"name\":\"Szoronganak a munkav\\u00e1llal\\u00f3k a j\\u00e1rv\\u00e1ny miatt\"},\"previousItem\":{\"@type\":\"ListItem\",\"@id\":\"https:\\\/\\\/allasorias.hu\\\/hirek#listItem\",\"name\":\"Home\"}},{\"@type\":\"ListItem\",\"@id\":\"https:\\\/\\\/allasorias.hu\\\/hirek\\\/szoronganak-a-munkavallalok-a-jarvany-miatt\\\/#listItem\",\"position\":3,\"name\":\"Szoronganak a munkav\\u00e1llal\\u00f3k a j\\u00e1rv\\u00e1ny miatt\",\"previousItem\":{\"@type\":\"ListItem\",\"@id\":\"https:\\\/\\\/allasorias.hu\\\/hirek\\\/temak\\\/munkaeropiac\\\/#listItem\",\"name\":\"Munkaer\\u0151piac\"}}]},{\"@type\":\"Organization\",\"@id\":\"https:\\\/\\\/allasorias.hu\\\/hirek\\\/#organization\",\"name\":\"AllasOrias.hu | H\\u00edrek-lapszemle\",\"description\":\"\\u00dczleti h\\u00edrek az \\u00e1ll\\u00e1s \\u00e9s a munka vil\\u00e1g\\u00e1b\\u00f3l\",\"url\":\"https:\\\/\\\/allasorias.hu\\\/hirek\\\/\",\"logo\":{\"@type\":\"ImageObject\",\"url\":\"https:\\\/\\\/allasorias.hu\\\/hirek\\\/wp-content\\\/uploads\\\/2022\\\/10\\\/allasorias_site_facebok_logo.png\",\"@id\":\"https:\\\/\\\/allasorias.hu\\\/hirek\\\/szoronganak-a-munkavallalok-a-jarvany-miatt\\\/#organizationLogo\"},\"image\":{\"@id\":\"https:\\\/\\\/allasorias.hu\\\/hirek\\\/szoronganak-a-munkavallalok-a-jarvany-miatt\\\/#organizationLogo\"},\"sameAs\":[\"https:\\\/\\\/www.facebook.com\\\/allasorias\",\"https:\\\/\\\/www.linkedin.com\\\/company\\\/allasorias\"]},{\"@type\":\"Person\",\"@id\":\"https:\\\/\\\/allasorias.hu\\\/hirek\\\/author\\\/admin-allasorias\\\/#author\",\"url\":\"https:\\\/\\\/allasorias.hu\\\/hirek\\\/author\\\/admin-allasorias\\\/\",\"name\":\"Juh\\u00e1sz P\\u00e9ter\",\"image\":{\"@type\":\"ImageObject\",\"@id\":\"https:\\\/\\\/allasorias.hu\\\/hirek\\\/szoronganak-a-munkavallalok-a-jarvany-miatt\\\/#authorImage\",\"url\":\"https:\\\/\\\/secure.gravatar.com\\\/avatar\\\/36e6bcb83148978b992977cb0f54d22feb0cce8a0a849a9410532bb2623ba4c6?s=96&d=mm&r=g\",\"width\":96,\"height\":96,\"caption\":\"Juh\\u00e1sz P\\u00e9ter\"}},{\"@type\":\"WebPage\",\"@id\":\"https:\\\/\\\/allasorias.hu\\\/hirek\\\/szoronganak-a-munkavallalok-a-jarvany-miatt\\\/#webpage\",\"url\":\"https:\\\/\\\/allasorias.hu\\\/hirek\\\/szoronganak-a-munkavallalok-a-jarvany-miatt\\\/\",\"name\":\"Szoronganak a munkav\\u00e1llal\\u00f3k a j\\u00e1rv\\u00e1ny miatt | AllasOrias.hu | H\\u00edrek-lapszemle\",\"description\":\"Az Oracle \\u00e9s a Workplace Intelligence HR kutat\\u00f3 \\u00e9s tan\\u00e1csad\\u00f3 c\\u00e9g tanulm\\u00e1nyt k\\u00e9sz\\u00edtett, 11 orsz\\u00e1g t\\u00f6bb mint 12 000 alkalmazottj\\u00e1t, menedzser\\u00e9t, HR vezet\\u0151j\\u00e9t \\u00e9s C-szint\\u0171 vezet\\u0151j\\u00e9t interj\\u00favolt\\u00e1k meg. Eszerint id\\u00e9n az emberek 70 sz\\u00e1zal\\u00e9ka nagyobb munkahelyi stressznek \\u00e9s t\\u00f6bb szorong\\u00e1snak van kit\\u00e9ve a j\\u00e1rv\\u00e1ny miatt, mint a tavaly. Mindez negat\\u00edvan hatott a glob\\u00e1lis munkaer\\u0151 78\",\"inLanguage\":\"hu-HU\",\"isPartOf\":{\"@id\":\"https:\\\/\\\/allasorias.hu\\\/hirek\\\/#website\"},\"breadcrumb\":{\"@id\":\"https:\\\/\\\/allasorias.hu\\\/hirek\\\/szoronganak-a-munkavallalok-a-jarvany-miatt\\\/#breadcrumblist\"},\"author\":{\"@id\":\"https:\\\/\\\/allasorias.hu\\\/hirek\\\/author\\\/admin-allasorias\\\/#author\"},\"creator\":{\"@id\":\"https:\\\/\\\/allasorias.hu\\\/hirek\\\/author\\\/admin-allasorias\\\/#author\"},\"image\":{\"@type\":\"ImageObject\",\"url\":\"https:\\\/\\\/allasorias.hu\\\/hirek\\\/wp-content\\\/uploads\\\/2020\\\/10\\\/stress.jpg\",\"@id\":\"https:\\\/\\\/allasorias.hu\\\/hirek\\\/szoronganak-a-munkavallalok-a-jarvany-miatt\\\/#mainImage\",\"width\":1000,\"height\":397,\"caption\":\"Sad businessman sitting head in hands on the bed in the dark bedroom with low light environment\"},\"primaryImageOfPage\":{\"@id\":\"https:\\\/\\\/allasorias.hu\\\/hirek\\\/szoronganak-a-munkavallalok-a-jarvany-miatt\\\/#mainImage\"},\"datePublished\":\"2020-10-08T07:27:32+02:00\",\"dateModified\":\"2020-10-08T07:30:50+02:00\"},{\"@type\":\"WebSite\",\"@id\":\"https:\\\/\\\/allasorias.hu\\\/hirek\\\/#website\",\"url\":\"https:\\\/\\\/allasorias.hu\\\/hirek\\\/\",\"name\":\"AllasOrias.hu | H\\u00edrek-lapszemle\",\"description\":\"\\u00dczleti h\\u00edrek az \\u00e1ll\\u00e1s \\u00e9s a munka vil\\u00e1g\\u00e1b\\u00f3l\",\"inLanguage\":\"hu-HU\",\"publisher\":{\"@id\":\"https:\\\/\\\/allasorias.hu\\\/hirek\\\/#organization\"}}]}\n\t\t<\/script>\n\t\t<!-- All in One SEO -->\n\n","aioseo_head_json":{"title":"Szoronganak a munkav\u00e1llal\u00f3k a j\u00e1rv\u00e1ny miatt | AllasOrias.hu | H\u00edrek-lapszemle","description":"Az Oracle \u00e9s a Workplace Intelligence HR kutat\u00f3 \u00e9s tan\u00e1csad\u00f3 c\u00e9g tanulm\u00e1nyt k\u00e9sz\u00edtett, 11 orsz\u00e1g t\u00f6bb mint 12 000 alkalmazottj\u00e1t, menedzser\u00e9t, HR vezet\u0151j\u00e9t \u00e9s C-szint\u0171 vezet\u0151j\u00e9t interj\u00favolt\u00e1k meg. Eszerint id\u00e9n az emberek 70 sz\u00e1zal\u00e9ka nagyobb munkahelyi stressznek \u00e9s t\u00f6bb szorong\u00e1snak van kit\u00e9ve a j\u00e1rv\u00e1ny miatt, mint a tavaly. Mindez negat\u00edvan hatott a glob\u00e1lis munkaer\u0151 78","canonical_url":"https:\/\/allasorias.hu\/hirek\/szoronganak-a-munkavallalok-a-jarvany-miatt\/","robots":"max-image-preview:large","keywords":"","webmasterTools":{"miscellaneous":""},"schema":{"@context":"https:\/\/schema.org","@graph":[{"@type":"Article","@id":"https:\/\/allasorias.hu\/hirek\/szoronganak-a-munkavallalok-a-jarvany-miatt\/#article","name":"Szoronganak a munkav\u00e1llal\u00f3k a j\u00e1rv\u00e1ny miatt | AllasOrias.hu | H\u00edrek-lapszemle","headline":"Szoronganak a munkav\u00e1llal\u00f3k a j\u00e1rv\u00e1ny miatt","author":{"@id":"https:\/\/allasorias.hu\/hirek\/author\/admin-allasorias\/#author"},"publisher":{"@id":"https:\/\/allasorias.hu\/hirek\/#organization"},"image":{"@type":"ImageObject","url":"https:\/\/allasorias.hu\/hirek\/wp-content\/uploads\/2020\/10\/stress.jpg","width":1000,"height":397,"caption":"Sad businessman sitting head in hands on the bed in the dark bedroom with low light environment"},"datePublished":"2020-10-08T07:27:32+02:00","dateModified":"2020-10-08T07:30:50+02:00","inLanguage":"hu-HU","mainEntityOfPage":{"@id":"https:\/\/allasorias.hu\/hirek\/szoronganak-a-munkavallalok-a-jarvany-miatt\/#webpage"},"isPartOf":{"@id":"https:\/\/allasorias.hu\/hirek\/szoronganak-a-munkavallalok-a-jarvany-miatt\/#webpage"},"articleSection":"Munkaer\u0151piac"},{"@type":"BreadcrumbList","@id":"https:\/\/allasorias.hu\/hirek\/szoronganak-a-munkavallalok-a-jarvany-miatt\/#breadcrumblist","itemListElement":[{"@type":"ListItem","@id":"https:\/\/allasorias.hu\/hirek#listItem","position":1,"name":"Home","item":"https:\/\/allasorias.hu\/hirek","nextItem":{"@type":"ListItem","@id":"https:\/\/allasorias.hu\/hirek\/temak\/munkaeropiac\/#listItem","name":"Munkaer\u0151piac"}},{"@type":"ListItem","@id":"https:\/\/allasorias.hu\/hirek\/temak\/munkaeropiac\/#listItem","position":2,"name":"Munkaer\u0151piac","item":"https:\/\/allasorias.hu\/hirek\/temak\/munkaeropiac\/","nextItem":{"@type":"ListItem","@id":"https:\/\/allasorias.hu\/hirek\/szoronganak-a-munkavallalok-a-jarvany-miatt\/#listItem","name":"Szoronganak a munkav\u00e1llal\u00f3k a j\u00e1rv\u00e1ny miatt"},"previousItem":{"@type":"ListItem","@id":"https:\/\/allasorias.hu\/hirek#listItem","name":"Home"}},{"@type":"ListItem","@id":"https:\/\/allasorias.hu\/hirek\/szoronganak-a-munkavallalok-a-jarvany-miatt\/#listItem","position":3,"name":"Szoronganak a munkav\u00e1llal\u00f3k a j\u00e1rv\u00e1ny miatt","previousItem":{"@type":"ListItem","@id":"https:\/\/allasorias.hu\/hirek\/temak\/munkaeropiac\/#listItem","name":"Munkaer\u0151piac"}}]},{"@type":"Organization","@id":"https:\/\/allasorias.hu\/hirek\/#organization","name":"AllasOrias.hu | H\u00edrek-lapszemle","description":"\u00dczleti h\u00edrek az \u00e1ll\u00e1s \u00e9s a munka vil\u00e1g\u00e1b\u00f3l","url":"https:\/\/allasorias.hu\/hirek\/","logo":{"@type":"ImageObject","url":"https:\/\/allasorias.hu\/hirek\/wp-content\/uploads\/2022\/10\/allasorias_site_facebok_logo.png","@id":"https:\/\/allasorias.hu\/hirek\/szoronganak-a-munkavallalok-a-jarvany-miatt\/#organizationLogo"},"image":{"@id":"https:\/\/allasorias.hu\/hirek\/szoronganak-a-munkavallalok-a-jarvany-miatt\/#organizationLogo"},"sameAs":["https:\/\/www.facebook.com\/allasorias","https:\/\/www.linkedin.com\/company\/allasorias"]},{"@type":"Person","@id":"https:\/\/allasorias.hu\/hirek\/author\/admin-allasorias\/#author","url":"https:\/\/allasorias.hu\/hirek\/author\/admin-allasorias\/","name":"Juh\u00e1sz P\u00e9ter","image":{"@type":"ImageObject","@id":"https:\/\/allasorias.hu\/hirek\/szoronganak-a-munkavallalok-a-jarvany-miatt\/#authorImage","url":"https:\/\/secure.gravatar.com\/avatar\/36e6bcb83148978b992977cb0f54d22feb0cce8a0a849a9410532bb2623ba4c6?s=96&d=mm&r=g","width":96,"height":96,"caption":"Juh\u00e1sz P\u00e9ter"}},{"@type":"WebPage","@id":"https:\/\/allasorias.hu\/hirek\/szoronganak-a-munkavallalok-a-jarvany-miatt\/#webpage","url":"https:\/\/allasorias.hu\/hirek\/szoronganak-a-munkavallalok-a-jarvany-miatt\/","name":"Szoronganak a munkav\u00e1llal\u00f3k a j\u00e1rv\u00e1ny miatt | AllasOrias.hu | H\u00edrek-lapszemle","description":"Az Oracle \u00e9s a Workplace Intelligence HR kutat\u00f3 \u00e9s tan\u00e1csad\u00f3 c\u00e9g tanulm\u00e1nyt k\u00e9sz\u00edtett, 11 orsz\u00e1g t\u00f6bb mint 12 000 alkalmazottj\u00e1t, menedzser\u00e9t, HR vezet\u0151j\u00e9t \u00e9s C-szint\u0171 vezet\u0151j\u00e9t interj\u00favolt\u00e1k meg. Eszerint id\u00e9n az emberek 70 sz\u00e1zal\u00e9ka nagyobb munkahelyi stressznek \u00e9s t\u00f6bb szorong\u00e1snak van kit\u00e9ve a j\u00e1rv\u00e1ny miatt, mint a tavaly. Mindez negat\u00edvan hatott a glob\u00e1lis munkaer\u0151 78","inLanguage":"hu-HU","isPartOf":{"@id":"https:\/\/allasorias.hu\/hirek\/#website"},"breadcrumb":{"@id":"https:\/\/allasorias.hu\/hirek\/szoronganak-a-munkavallalok-a-jarvany-miatt\/#breadcrumblist"},"author":{"@id":"https:\/\/allasorias.hu\/hirek\/author\/admin-allasorias\/#author"},"creator":{"@id":"https:\/\/allasorias.hu\/hirek\/author\/admin-allasorias\/#author"},"image":{"@type":"ImageObject","url":"https:\/\/allasorias.hu\/hirek\/wp-content\/uploads\/2020\/10\/stress.jpg","@id":"https:\/\/allasorias.hu\/hirek\/szoronganak-a-munkavallalok-a-jarvany-miatt\/#mainImage","width":1000,"height":397,"caption":"Sad businessman sitting head in hands on the bed in the dark bedroom with low light environment"},"primaryImageOfPage":{"@id":"https:\/\/allasorias.hu\/hirek\/szoronganak-a-munkavallalok-a-jarvany-miatt\/#mainImage"},"datePublished":"2020-10-08T07:27:32+02:00","dateModified":"2020-10-08T07:30:50+02:00"},{"@type":"WebSite","@id":"https:\/\/allasorias.hu\/hirek\/#website","url":"https:\/\/allasorias.hu\/hirek\/","name":"AllasOrias.hu | H\u00edrek-lapszemle","description":"\u00dczleti h\u00edrek az \u00e1ll\u00e1s \u00e9s a munka vil\u00e1g\u00e1b\u00f3l","inLanguage":"hu-HU","publisher":{"@id":"https:\/\/allasorias.hu\/hirek\/#organization"}}]},"og:locale":"hu_HU","og:site_name":"AllasOrias.hu | H\u00edrek-lapszemle | \u00dczleti h\u00edrek az \u00e1ll\u00e1s \u00e9s a munka vil\u00e1g\u00e1b\u00f3l","og:type":"article","og:title":"Szoronganak a munkav\u00e1llal\u00f3k a j\u00e1rv\u00e1ny miatt | AllasOrias.hu | H\u00edrek-lapszemle","og:description":"Az Oracle \u00e9s a Workplace Intelligence HR kutat\u00f3 \u00e9s tan\u00e1csad\u00f3 c\u00e9g tanulm\u00e1nyt k\u00e9sz\u00edtett, 11 orsz\u00e1g t\u00f6bb mint 12 000 alkalmazottj\u00e1t, menedzser\u00e9t, HR vezet\u0151j\u00e9t \u00e9s C-szint\u0171 vezet\u0151j\u00e9t interj\u00favolt\u00e1k meg. Eszerint id\u00e9n az emberek 70 sz\u00e1zal\u00e9ka nagyobb munkahelyi stressznek \u00e9s t\u00f6bb szorong\u00e1snak van kit\u00e9ve a j\u00e1rv\u00e1ny miatt, mint a tavaly. Mindez negat\u00edvan hatott a glob\u00e1lis munkaer\u0151 78","og:url":"https:\/\/allasorias.hu\/hirek\/szoronganak-a-munkavallalok-a-jarvany-miatt\/","og:image":"https:\/\/allasorias.hu\/hirek\/wp-content\/uploads\/2020\/10\/stress.jpg","og:image:secure_url":"https:\/\/allasorias.hu\/hirek\/wp-content\/uploads\/2020\/10\/stress.jpg","og:image:width":1000,"og:image:height":397,"article:published_time":"2020-10-08T07:27:32+00:00","article:modified_time":"2020-10-08T07:30:50+00:00","article:publisher":"https:\/\/www.facebook.com\/allasorias","twitter:card":"summary_large_image","twitter:title":"Szoronganak a munkav\u00e1llal\u00f3k a j\u00e1rv\u00e1ny miatt | AllasOrias.hu | H\u00edrek-lapszemle","twitter:description":"Az Oracle \u00e9s a Workplace Intelligence HR kutat\u00f3 \u00e9s tan\u00e1csad\u00f3 c\u00e9g tanulm\u00e1nyt k\u00e9sz\u00edtett, 11 orsz\u00e1g t\u00f6bb mint 12 000 alkalmazottj\u00e1t, menedzser\u00e9t, HR vezet\u0151j\u00e9t \u00e9s C-szint\u0171 vezet\u0151j\u00e9t interj\u00favolt\u00e1k meg. Eszerint id\u00e9n az emberek 70 sz\u00e1zal\u00e9ka nagyobb munkahelyi stressznek \u00e9s t\u00f6bb szorong\u00e1snak van kit\u00e9ve a j\u00e1rv\u00e1ny miatt, mint a tavaly. Mindez negat\u00edvan hatott a glob\u00e1lis munkaer\u0151 78","twitter:image":"https:\/\/allasorias.hu\/hirek\/wp-content\/uploads\/2020\/10\/stress.jpg","twitter:label1":"Written by","twitter:data1":"Juh\u00e1sz P\u00e9ter","twitter:label2":"Est. reading time","twitter:data2":"3 minutes"},"aioseo_meta_data":{"post_id":"4292","title":null,"description":"","keywords":"","keyphrases":null,"primary_term":null,"canonical_url":"","og_title":null,"og_description":null,"og_object_type":"default","og_image_type":"default","og_image_url":null,"og_image_width":null,"og_image_height":null,"og_image_custom_url":null,"og_image_custom_fields":null,"og_video":null,"og_custom_url":null,"og_article_section":null,"og_article_tags":null,"twitter_use_og":false,"twitter_card":"default","twitter_image_type":"default","twitter_image_url":null,"twitter_image_custom_url":null,"twitter_image_custom_fields":null,"twitter_title":null,"twitter_description":null,"schema":{"blockGraphs":[],"customGraphs":[],"default":{"data":{"Article":[],"Course":[],"Dataset":[],"FAQPage":[],"Movie":[],"Person":[],"Product":[],"ProductReview":[],"Car":[],"Recipe":[],"Service":[],"SoftwareApplication":[],"WebPage":[]},"graphName":"","isEnabled":true},"graphs":[],"defaultGraph":"","defaultPostTypeGraph":""},"schema_type":null,"schema_type_options":null,"pillar_content":false,"robots_default":true,"robots_noindex":false,"robots_noarchive":false,"robots_nosnippet":false,"robots_nofollow":false,"robots_noimageindex":false,"robots_noodp":false,"robots_notranslate":false,"robots_max_snippet":null,"robots_max_videopreview":null,"robots_max_imagepreview":"large","priority":null,"frequency":null,"location":null,"local_seo":null,"breadcrumb_settings":null,"limit_modified_date":false,"ai":null,"created":"2021-02-01 20:46:00","updated":"2025-10-02 14:55:50","seo_analyzer_scan_date":null,"focus_keyword":null,"additional_keywords":null,"truseo_locale":null},"aioseo_breadcrumb":"<div class=\"aioseo-breadcrumbs\"><span class=\"aioseo-breadcrumb\">\n\t\t\t<a href=\"https:\/\/allasorias.hu\/hirek\" title=\"Home\">Home<\/a>\n\t\t<\/span><span class=\"aioseo-breadcrumb-separator\">&raquo;<\/span><span class=\"aioseo-breadcrumb\">\n\t\t\t<a href=\"https:\/\/allasorias.hu\/hirek\/temak\/munkaeropiac\/\" title=\"Munkaer\u0151piac\">Munkaer\u0151piac<\/a>\n\t\t<\/span><span class=\"aioseo-breadcrumb-separator\">&raquo;<\/span><span class=\"aioseo-breadcrumb\">\n\t\t\tSzoronganak a munkav\u00e1llal\u00f3k a j\u00e1rv\u00e1ny miatt\n\t\t<\/span><\/div>","aioseo_breadcrumb_json":[{"label":"Home","link":"https:\/\/allasorias.hu\/hirek"},{"label":"Munkaer\u0151piac","link":"https:\/\/allasorias.hu\/hirek\/temak\/munkaeropiac\/"},{"label":"Szoronganak a munkav\u00e1llal\u00f3k a j\u00e1rv\u00e1ny miatt","link":"https:\/\/allasorias.hu\/hirek\/szoronganak-a-munkavallalok-a-jarvany-miatt\/"}],"_links":{"self":[{"href":"https:\/\/allasorias.hu\/hirek\/wp-json\/wp\/v2\/posts\/4292","targetHints":{"allow":["GET"]}}],"collection":[{"href":"https:\/\/allasorias.hu\/hirek\/wp-json\/wp\/v2\/posts"}],"about":[{"href":"https:\/\/allasorias.hu\/hirek\/wp-json\/wp\/v2\/types\/post"}],"author":[{"embeddable":true,"href":"https:\/\/allasorias.hu\/hirek\/wp-json\/wp\/v2\/users\/1"}],"replies":[{"embeddable":true,"href":"https:\/\/allasorias.hu\/hirek\/wp-json\/wp\/v2\/comments?post=4292"}],"version-history":[{"count":1,"href":"https:\/\/allasorias.hu\/hirek\/wp-json\/wp\/v2\/posts\/4292\/revisions"}],"predecessor-version":[{"id":4293,"href":"https:\/\/allasorias.hu\/hirek\/wp-json\/wp\/v2\/posts\/4292\/revisions\/4293"}],"wp:featuredmedia":[{"embeddable":true,"href":"https:\/\/allasorias.hu\/hirek\/wp-json\/wp\/v2\/media\/4294"}],"wp:attachment":[{"href":"https:\/\/allasorias.hu\/hirek\/wp-json\/wp\/v2\/media?parent=4292"}],"wp:term":[{"taxonomy":"category","embeddable":true,"href":"https:\/\/allasorias.hu\/hirek\/wp-json\/wp\/v2\/categories?post=4292"},{"taxonomy":"post_tag","embeddable":true,"href":"https:\/\/allasorias.hu\/hirek\/wp-json\/wp\/v2\/tags?post=4292"}],"curies":[{"name":"wp","href":"https:\/\/api.w.org\/{rel}","templated":true}]}}