{"id":4288,"date":"2020-10-06T07:35:38","date_gmt":"2020-10-06T07:35:38","guid":{"rendered":"https:\/\/allasorias.hu\/hirek\/?p=4288"},"modified":"2020-10-06T07:35:38","modified_gmt":"2020-10-06T07:35:38","slug":"novekedhet-a-kiskereskedelmi-forgalom-magyarorszagon","status":"publish","type":"post","link":"https:\/\/allasorias.hu\/hirek\/novekedhet-a-kiskereskedelmi-forgalom-magyarorszagon\/","title":{"rendered":"N\u00f6vekedhet a kiskereskedelmi forgalom Magyarorsz\u00e1gon"},"content":{"rendered":"<p><strong>A K\u00f6zponti Statisztikai Hivatal legfrissebb \u00a0adatai szerint augusztusban 1,2 sz\u00e1zal\u00e9kkal, napt\u00e1rhat\u00e1st\u00f3l megtiszt\u00edtva 0,7 sz\u00e1zal\u00e9kkal cs\u00f6kkent a kiskereskedelmi \u00fczletek forgalma az el\u0151z\u0151 \u00e9v azonos id\u0151szakihoz k\u00e9pest. Virov\u00e1cz P\u00e9ter, az ING Bank vezet\u0151 elemz\u0151je szerint negat\u00edv meglepet\u00e9st okozott a kiskereskedelem augusztusi teljes\u00edtm\u00e9nye.<\/strong><\/p>\n<p>A piaci konszenzus jelent\u0151s n\u00f6veked\u00e9ssel sz\u00e1molt, jelezte. Megl\u00e1t\u00e1sa szerint a tavalyi magas b\u00e1zis okozta az \u00e9ves index visszaes\u00e9s\u00e9t. Id\u00e9n a korl\u00e1tozott lehet\u0151s\u00e9gek miatt a belf\u00f6ldi turizmus nagyban \u00e9l\u00e9nk\u00fclt, ugyanakkor ez ink\u00e1bb a szolg\u00e1ltat\u00f3szektor teljes\u00edtm\u00e9ny\u00e9t seg\u00edtette, sem pedig a kiskereskedelmi \u00e9rt\u00e9kes\u00edt\u00e9st. A hi\u00e1nyz\u00f3 k\u00fclf\u00f6ldi turistaforgalom, amely nagyobb ar\u00e1nyban hat a kiskereskedelemre, pont a ny\u00e1ri szezon cs\u00facspontj\u00e1t gyeng\u00edtette. A munkaer\u0151piaci t\u00e1mogat\u00e1sok kifut\u00e1sa \u0151szt\u0151l cs\u00f6kkentheti a rendelkez\u00e9sre \u00e1ll\u00f3 j\u00f6vedelmet, tov\u00e1bb m\u00e9rs\u00e9kelve a kiskereskedelem b\u0151v\u00fcl\u00e9s\u00e9t. Az er\u0151s j\u00falius \u00e9s gyeng\u00e9bb augusztus ellen\u00e9re tov\u00e1bbra is \u00fagy l\u00e1tja, hogy az el\u0151z\u0151 negyed\u00e9vhez m\u00e9rve a harmadik negyed\u00e9v minden id\u0151k legnagyobb n\u00f6veked\u00e9s\u00e9t hozhatja. Reg\u0151s G\u00e1bor, a Sz\u00e1zadv\u00e9g Gazdas\u00e1gkutat\u00f3 makrogazdas\u00e1gi \u00fczlet\u00e1g\u00e1nak vezet\u0151je is a k\u00fclf\u00f6ldi turist\u00e1k elmarad\u00e1s\u00e1t eml\u00edtette els\u0151k\u00e9nt a kiskereskedelmi forgalom visszaes\u00e9s\u00e9nek magyar\u00e1zatak\u00e9nt. Ide sorolta azt is hogy \u00f3vatosabb\u00e1 v\u00e1ltak a h\u00e1ztart\u00e1sok, illetve az infl\u00e1ci\u00f3 n\u00f6veked\u00e9s\u00e9t, ami cs\u00f6kkenti a h\u00e1ztart\u00e1sok v\u00e1s\u00e1rl\u00f3erej\u00e9t, m\u00edg az otthoni munkav\u00e9gz\u00e9s az \u00fczemanyagforgalmat m\u00e9rs\u00e9kli. Az adatokb\u00f3l ugyanakkor az is l\u00e1tszik, hogy a fogyaszt\u00e1s csak kism\u00e9rt\u00e9kben maradt el augusztusban is az egy \u00e9vvel kor\u00e1bbit\u00f3l, azaz a gazdas\u00e1g visszaes\u00e9s\u00e9nek nem ez a f\u0151 okoz\u00f3ja, abban nagyobb szerepe lesz az export \u00e9s a beruh\u00e1z\u00e1sok m\u00e9rs\u00e9kl\u0151d\u00e9s\u00e9nek. A kiskereskedelmi forgalom ism\u00e9telt n\u00f6veked\u00e9si p\u00e1ly\u00e1ra \u00e1ll\u00e1s\u00e1nak felt\u00e9tele a h\u00e1ztart\u00e1sok \u00f3vatoss\u00e1g\u00e1nak old\u00f3d\u00e1sa, j\u00f6vedelmi helyzet\u00fck javul\u00e1sa, az \u00fczemanyagforgalom n\u00f6veked\u00e9se, illetve a k\u00fclf\u00f6ldi turist\u00e1k visszat\u00e9r\u00e9se, sorolta a Sz\u00e1zadv\u00e9g Gazdas\u00e1gkutat\u00f3 szakembere. Suppan Gergely, a Takar\u00e9kbank vezet\u0151 elemz\u0151j\u00e9nek komment\u00e1rja szerint a k\u00f6vetkez\u0151 h\u00f3napokban tov\u00e1bb javulhat a kiskereskedelmi forgalom, hiszen egyre t\u00f6bben t\u00e9rnek vissza a munkahelyekre, illetve a teljes foglalkoztat\u00e1sba. Mintegy 170 ezer eg\u00e9szs\u00e9g\u00fcgyi dolgoz\u00f3 kapott f\u00e9l milli\u00f3 forint jutalmat, j\u00faliust\u00f3l 10 sz\u00e1zal\u00e9kkal emelkedett a pedag\u00f3gusok, 30 sz\u00e1zal\u00e9kkal a szakiskolai oktat\u00f3k, novemberben 20 sz\u00e1zal\u00e9kkal az egy\u00e9szs\u00e9g\u00fcgyi szakdolgoz\u00f3k b\u00e9re, j\u00f6v\u0151 \u00e9v elej\u00e9n pedig \u00e9rdemi b\u00e9remel\u00e9st kapnak az orvosok. A tov\u00e1bbra is dinamikus b\u00e9rn\u00f6veked\u00e9s mellett az elhalasztott fogyaszt\u00e1s is szerepet j\u00e1tszhat a kiskereskedelmi forgalom v\u00e1rhat\u00f3 felfut\u00e1s\u00e1ban. Ezzel szemben a magasabb munkan\u00e9lk\u00fclis\u00e9g, b\u00e9rcs\u00f6kkent\u00e9sek, r\u00e9szmunkaid\u0151k \u00e9s fizet\u00e9s n\u00e9lk\u00fcli szabads\u00e1gok, valamint az \u00f6sszeoml\u00f3 idegenforgalom h\u00e1tr\u00e1ltatj\u00e1k a kil\u00e1bal\u00e1st, amire a j\u00e1rv\u00e1ny m\u00e1sodik hull\u00e1ma kifejezett kock\u00e1zatot jelent. A Takar\u00e9kbank elemz\u0151je szerint id\u00e9n 1,3-1,7 sz\u00e1zal\u00e9kkal n\u0151het a kiskereskedelmi forgalom. A j\u00e1rv\u00e1nyhelyzet el\u0151tti szint el\u00e9r\u00e9se az idei \u00e9v v\u00e9g\u00e9n, a j\u00f6v\u0151 \u00e9v elej\u00e9n v\u00e1rhat\u00f3.<\/p>\n<p>Forr\u00e1s: mti, makronom.mandiner.hu<\/p>\n","protected":false},"excerpt":{"rendered":"<p>A K\u00f6zponti Statisztikai Hivatal legfrissebb \u00a0adatai szerint augusztusban 1,2 sz\u00e1zal\u00e9kkal, napt\u00e1rhat\u00e1st\u00f3l megtiszt\u00edtva 0,7 sz\u00e1zal\u00e9kkal cs\u00f6kkent a kiskereskedelmi \u00fczletek forgalma az el\u0151z\u0151 \u00e9v azonos id\u0151szakihoz k\u00e9pest. Virov\u00e1cz P\u00e9ter, az ING Bank vezet\u0151 elemz\u0151je szerint negat\u00edv meglepet\u00e9st okozott a kiskereskedelem augusztusi teljes\u00edtm\u00e9nye. A piaci konszenzus jelent\u0151s n\u00f6veked\u00e9ssel sz\u00e1molt, jelezte. Megl\u00e1t\u00e1sa szerint a tavalyi magas b\u00e1zis okozta az [&hellip;]<\/p>\n","protected":false},"author":1,"featured_media":4048,"comment_status":"open","ping_status":"open","sticky":false,"template":"","format":"standard","meta":{"_monsterinsights_skip_tracking":false,"footnotes":""},"categories":[198],"tags":[],"class_list":["post-4288","post","type-post","status-publish","format-standard","has-post-thumbnail","hentry","category-gazdasag"],"aioseo_notices":[],"aioseo_head":"\n\t\t<!-- All in One SEO 5.0.0.1 - aioseo.com -->\n\t<meta name=\"description\" content=\"A K\u00f6zponti Statisztikai Hivatal legfrissebb adatai szerint augusztusban 1,2 sz\u00e1zal\u00e9kkal, napt\u00e1rhat\u00e1st\u00f3l megtiszt\u00edtva 0,7 sz\u00e1zal\u00e9kkal cs\u00f6kkent a kiskereskedelmi \u00fczletek forgalma az el\u0151z\u0151 \u00e9v azonos id\u0151szakihoz k\u00e9pest. Virov\u00e1cz P\u00e9ter, az ING Bank vezet\u0151 elemz\u0151je szerint negat\u00edv meglepet\u00e9st okozott a kiskereskedelem augusztusi teljes\u00edtm\u00e9nye. A piaci konszenzus jelent\u0151s n\u00f6veked\u00e9ssel sz\u00e1molt, jelezte. Megl\u00e1t\u00e1sa szerint a tavalyi magas b\u00e1zis okozta az\" \/>\n\t<meta name=\"robots\" content=\"max-image-preview:large\" \/>\n\t<meta name=\"author\" content=\"Juh\u00e1sz P\u00e9ter\"\/>\n\t<link rel=\"canonical\" href=\"https:\/\/allasorias.hu\/hirek\/novekedhet-a-kiskereskedelmi-forgalom-magyarorszagon\/\" \/>\n\t<meta name=\"generator\" content=\"All in One SEO (AIOSEO) 5.0.0.1\" \/>\n\t\t<meta property=\"og:locale\" content=\"hu_HU\" \/>\n\t\t<meta property=\"og:site_name\" content=\"AllasOrias.hu | H\u00edrek-lapszemle | \u00dczleti h\u00edrek az \u00e1ll\u00e1s \u00e9s a munka vil\u00e1g\u00e1b\u00f3l\" \/>\n\t\t<meta property=\"og:type\" content=\"article\" \/>\n\t\t<meta property=\"og:title\" content=\"N\u00f6vekedhet a kiskereskedelmi forgalom Magyarorsz\u00e1gon | AllasOrias.hu | H\u00edrek-lapszemle\" \/>\n\t\t<meta property=\"og:description\" content=\"A K\u00f6zponti Statisztikai Hivatal legfrissebb adatai szerint augusztusban 1,2 sz\u00e1zal\u00e9kkal, napt\u00e1rhat\u00e1st\u00f3l megtiszt\u00edtva 0,7 sz\u00e1zal\u00e9kkal cs\u00f6kkent a kiskereskedelmi \u00fczletek forgalma az el\u0151z\u0151 \u00e9v azonos id\u0151szakihoz k\u00e9pest. Virov\u00e1cz P\u00e9ter, az ING Bank vezet\u0151 elemz\u0151je szerint negat\u00edv meglepet\u00e9st okozott a kiskereskedelem augusztusi teljes\u00edtm\u00e9nye. A piaci konszenzus jelent\u0151s n\u00f6veked\u00e9ssel sz\u00e1molt, jelezte. Megl\u00e1t\u00e1sa szerint a tavalyi magas b\u00e1zis okozta az\" \/>\n\t\t<meta property=\"og:url\" content=\"https:\/\/allasorias.hu\/hirek\/novekedhet-a-kiskereskedelmi-forgalom-magyarorszagon\/\" \/>\n\t\t<meta property=\"og:image\" content=\"https:\/\/allasorias.hu\/hirek\/wp-content\/uploads\/2020\/06\/20.jpg\" \/>\n\t\t<meta property=\"og:image:secure_url\" content=\"https:\/\/allasorias.hu\/hirek\/wp-content\/uploads\/2020\/06\/20.jpg\" \/>\n\t\t<meta property=\"og:image:width\" content=\"600\" \/>\n\t\t<meta property=\"og:image:height\" content=\"401\" \/>\n\t\t<meta property=\"article:published_time\" content=\"2020-10-06T07:35:38+00:00\" \/>\n\t\t<meta property=\"article:modified_time\" content=\"2020-10-06T07:35:38+00:00\" \/>\n\t\t<meta property=\"article:publisher\" content=\"https:\/\/www.facebook.com\/allasorias\" \/>\n\t\t<meta name=\"twitter:card\" content=\"summary_large_image\" \/>\n\t\t<meta name=\"twitter:title\" content=\"N\u00f6vekedhet a kiskereskedelmi forgalom Magyarorsz\u00e1gon | AllasOrias.hu | H\u00edrek-lapszemle\" \/>\n\t\t<meta name=\"twitter:description\" content=\"A K\u00f6zponti Statisztikai Hivatal legfrissebb adatai szerint augusztusban 1,2 sz\u00e1zal\u00e9kkal, napt\u00e1rhat\u00e1st\u00f3l megtiszt\u00edtva 0,7 sz\u00e1zal\u00e9kkal cs\u00f6kkent a kiskereskedelmi \u00fczletek forgalma az el\u0151z\u0151 \u00e9v azonos id\u0151szakihoz k\u00e9pest. Virov\u00e1cz P\u00e9ter, az ING Bank vezet\u0151 elemz\u0151je szerint negat\u00edv meglepet\u00e9st okozott a kiskereskedelem augusztusi teljes\u00edtm\u00e9nye. A piaci konszenzus jelent\u0151s n\u00f6veked\u00e9ssel sz\u00e1molt, jelezte. Megl\u00e1t\u00e1sa szerint a tavalyi magas b\u00e1zis okozta az\" \/>\n\t\t<meta name=\"twitter:image\" content=\"https:\/\/allasorias.hu\/hirek\/wp-content\/uploads\/2020\/06\/20.jpg\" \/>\n\t\t<meta name=\"twitter:label1\" content=\"Written by\" \/>\n\t\t<meta name=\"twitter:data1\" content=\"Juh\u00e1sz P\u00e9ter\" \/>\n\t\t<meta name=\"twitter:label2\" content=\"Est. reading time\" \/>\n\t\t<meta name=\"twitter:data2\" content=\"3 minutes\" \/>\n\t\t<script type=\"application\/ld+json\" class=\"aioseo-schema\">\n\t\t\t{\"@context\":\"https:\\\/\\\/schema.org\",\"@graph\":[{\"@type\":\"Article\",\"@id\":\"https:\\\/\\\/allasorias.hu\\\/hirek\\\/novekedhet-a-kiskereskedelmi-forgalom-magyarorszagon\\\/#article\",\"name\":\"N\\u00f6vekedhet a kiskereskedelmi forgalom Magyarorsz\\u00e1gon | AllasOrias.hu | H\\u00edrek-lapszemle\",\"headline\":\"N\\u00f6vekedhet a kiskereskedelmi forgalom Magyarorsz\\u00e1gon\",\"author\":{\"@id\":\"https:\\\/\\\/allasorias.hu\\\/hirek\\\/author\\\/admin-allasorias\\\/#author\"},\"publisher\":{\"@id\":\"https:\\\/\\\/allasorias.hu\\\/hirek\\\/#organization\"},\"image\":{\"@type\":\"ImageObject\",\"url\":\"https:\\\/\\\/allasorias.hu\\\/hirek\\\/wp-content\\\/uploads\\\/2020\\\/06\\\/20.jpg\",\"width\":600,\"height\":401,\"caption\":\"Business analysis, financial investment concept. Businessman, analyzing stock market report on digital tablet and laptop computer with market summary and financial graph\"},\"datePublished\":\"2020-10-06T07:35:38+02:00\",\"dateModified\":\"2020-10-06T07:35:38+02:00\",\"inLanguage\":\"hu-HU\",\"mainEntityOfPage\":{\"@id\":\"https:\\\/\\\/allasorias.hu\\\/hirek\\\/novekedhet-a-kiskereskedelmi-forgalom-magyarorszagon\\\/#webpage\"},\"isPartOf\":{\"@id\":\"https:\\\/\\\/allasorias.hu\\\/hirek\\\/novekedhet-a-kiskereskedelmi-forgalom-magyarorszagon\\\/#webpage\"},\"articleSection\":\"Gazdas\\u00e1g\"},{\"@type\":\"BreadcrumbList\",\"@id\":\"https:\\\/\\\/allasorias.hu\\\/hirek\\\/novekedhet-a-kiskereskedelmi-forgalom-magyarorszagon\\\/#breadcrumblist\",\"itemListElement\":[{\"@type\":\"ListItem\",\"@id\":\"https:\\\/\\\/allasorias.hu\\\/hirek#listItem\",\"position\":1,\"name\":\"Home\",\"item\":\"https:\\\/\\\/allasorias.hu\\\/hirek\",\"nextItem\":{\"@type\":\"ListItem\",\"@id\":\"https:\\\/\\\/allasorias.hu\\\/hirek\\\/temak\\\/gazdasag\\\/#listItem\",\"name\":\"Gazdas\\u00e1g\"}},{\"@type\":\"ListItem\",\"@id\":\"https:\\\/\\\/allasorias.hu\\\/hirek\\\/temak\\\/gazdasag\\\/#listItem\",\"position\":2,\"name\":\"Gazdas\\u00e1g\",\"item\":\"https:\\\/\\\/allasorias.hu\\\/hirek\\\/temak\\\/gazdasag\\\/\",\"nextItem\":{\"@type\":\"ListItem\",\"@id\":\"https:\\\/\\\/allasorias.hu\\\/hirek\\\/novekedhet-a-kiskereskedelmi-forgalom-magyarorszagon\\\/#listItem\",\"name\":\"N\\u00f6vekedhet a kiskereskedelmi forgalom Magyarorsz\\u00e1gon\"},\"previousItem\":{\"@type\":\"ListItem\",\"@id\":\"https:\\\/\\\/allasorias.hu\\\/hirek#listItem\",\"name\":\"Home\"}},{\"@type\":\"ListItem\",\"@id\":\"https:\\\/\\\/allasorias.hu\\\/hirek\\\/novekedhet-a-kiskereskedelmi-forgalom-magyarorszagon\\\/#listItem\",\"position\":3,\"name\":\"N\\u00f6vekedhet a kiskereskedelmi forgalom Magyarorsz\\u00e1gon\",\"previousItem\":{\"@type\":\"ListItem\",\"@id\":\"https:\\\/\\\/allasorias.hu\\\/hirek\\\/temak\\\/gazdasag\\\/#listItem\",\"name\":\"Gazdas\\u00e1g\"}}]},{\"@type\":\"Organization\",\"@id\":\"https:\\\/\\\/allasorias.hu\\\/hirek\\\/#organization\",\"name\":\"AllasOrias.hu | H\\u00edrek-lapszemle\",\"description\":\"\\u00dczleti h\\u00edrek az \\u00e1ll\\u00e1s \\u00e9s a munka vil\\u00e1g\\u00e1b\\u00f3l\",\"url\":\"https:\\\/\\\/allasorias.hu\\\/hirek\\\/\",\"logo\":{\"@type\":\"ImageObject\",\"url\":\"https:\\\/\\\/allasorias.hu\\\/hirek\\\/wp-content\\\/uploads\\\/2022\\\/10\\\/allasorias_site_facebok_logo.png\",\"@id\":\"https:\\\/\\\/allasorias.hu\\\/hirek\\\/novekedhet-a-kiskereskedelmi-forgalom-magyarorszagon\\\/#organizationLogo\"},\"image\":{\"@id\":\"https:\\\/\\\/allasorias.hu\\\/hirek\\\/novekedhet-a-kiskereskedelmi-forgalom-magyarorszagon\\\/#organizationLogo\"},\"sameAs\":[\"https:\\\/\\\/www.facebook.com\\\/allasorias\",\"https:\\\/\\\/www.linkedin.com\\\/company\\\/allasorias\"]},{\"@type\":\"Person\",\"@id\":\"https:\\\/\\\/allasorias.hu\\\/hirek\\\/author\\\/admin-allasorias\\\/#author\",\"url\":\"https:\\\/\\\/allasorias.hu\\\/hirek\\\/author\\\/admin-allasorias\\\/\",\"name\":\"Juh\\u00e1sz P\\u00e9ter\",\"image\":{\"@type\":\"ImageObject\",\"@id\":\"https:\\\/\\\/allasorias.hu\\\/hirek\\\/novekedhet-a-kiskereskedelmi-forgalom-magyarorszagon\\\/#authorImage\",\"url\":\"https:\\\/\\\/secure.gravatar.com\\\/avatar\\\/36e6bcb83148978b992977cb0f54d22feb0cce8a0a849a9410532bb2623ba4c6?s=96&d=mm&r=g\",\"width\":96,\"height\":96,\"caption\":\"Juh\\u00e1sz P\\u00e9ter\"}},{\"@type\":\"WebPage\",\"@id\":\"https:\\\/\\\/allasorias.hu\\\/hirek\\\/novekedhet-a-kiskereskedelmi-forgalom-magyarorszagon\\\/#webpage\",\"url\":\"https:\\\/\\\/allasorias.hu\\\/hirek\\\/novekedhet-a-kiskereskedelmi-forgalom-magyarorszagon\\\/\",\"name\":\"N\\u00f6vekedhet a kiskereskedelmi forgalom Magyarorsz\\u00e1gon | AllasOrias.hu | H\\u00edrek-lapszemle\",\"description\":\"A K\\u00f6zponti Statisztikai Hivatal legfrissebb adatai szerint augusztusban 1,2 sz\\u00e1zal\\u00e9kkal, napt\\u00e1rhat\\u00e1st\\u00f3l megtiszt\\u00edtva 0,7 sz\\u00e1zal\\u00e9kkal cs\\u00f6kkent a kiskereskedelmi \\u00fczletek forgalma az el\\u0151z\\u0151 \\u00e9v azonos id\\u0151szakihoz k\\u00e9pest. Virov\\u00e1cz P\\u00e9ter, az ING Bank vezet\\u0151 elemz\\u0151je szerint negat\\u00edv meglepet\\u00e9st okozott a kiskereskedelem augusztusi teljes\\u00edtm\\u00e9nye. A piaci konszenzus jelent\\u0151s n\\u00f6veked\\u00e9ssel sz\\u00e1molt, jelezte. Megl\\u00e1t\\u00e1sa szerint a tavalyi magas b\\u00e1zis okozta az\",\"inLanguage\":\"hu-HU\",\"isPartOf\":{\"@id\":\"https:\\\/\\\/allasorias.hu\\\/hirek\\\/#website\"},\"breadcrumb\":{\"@id\":\"https:\\\/\\\/allasorias.hu\\\/hirek\\\/novekedhet-a-kiskereskedelmi-forgalom-magyarorszagon\\\/#breadcrumblist\"},\"author\":{\"@id\":\"https:\\\/\\\/allasorias.hu\\\/hirek\\\/author\\\/admin-allasorias\\\/#author\"},\"creator\":{\"@id\":\"https:\\\/\\\/allasorias.hu\\\/hirek\\\/author\\\/admin-allasorias\\\/#author\"},\"image\":{\"@type\":\"ImageObject\",\"url\":\"https:\\\/\\\/allasorias.hu\\\/hirek\\\/wp-content\\\/uploads\\\/2020\\\/06\\\/20.jpg\",\"@id\":\"https:\\\/\\\/allasorias.hu\\\/hirek\\\/novekedhet-a-kiskereskedelmi-forgalom-magyarorszagon\\\/#mainImage\",\"width\":600,\"height\":401,\"caption\":\"Business analysis, financial investment concept. Businessman, analyzing stock market report on digital tablet and laptop computer with market summary and financial graph\"},\"primaryImageOfPage\":{\"@id\":\"https:\\\/\\\/allasorias.hu\\\/hirek\\\/novekedhet-a-kiskereskedelmi-forgalom-magyarorszagon\\\/#mainImage\"},\"datePublished\":\"2020-10-06T07:35:38+02:00\",\"dateModified\":\"2020-10-06T07:35:38+02:00\"},{\"@type\":\"WebSite\",\"@id\":\"https:\\\/\\\/allasorias.hu\\\/hirek\\\/#website\",\"url\":\"https:\\\/\\\/allasorias.hu\\\/hirek\\\/\",\"name\":\"AllasOrias.hu | H\\u00edrek-lapszemle\",\"description\":\"\\u00dczleti h\\u00edrek az \\u00e1ll\\u00e1s \\u00e9s a munka vil\\u00e1g\\u00e1b\\u00f3l\",\"inLanguage\":\"hu-HU\",\"publisher\":{\"@id\":\"https:\\\/\\\/allasorias.hu\\\/hirek\\\/#organization\"}}]}\n\t\t<\/script>\n\t\t<!-- All in One SEO -->\n\n","aioseo_head_json":{"title":"N\u00f6vekedhet a kiskereskedelmi forgalom Magyarorsz\u00e1gon | AllasOrias.hu | H\u00edrek-lapszemle","description":"A K\u00f6zponti Statisztikai Hivatal legfrissebb adatai szerint augusztusban 1,2 sz\u00e1zal\u00e9kkal, napt\u00e1rhat\u00e1st\u00f3l megtiszt\u00edtva 0,7 sz\u00e1zal\u00e9kkal cs\u00f6kkent a kiskereskedelmi \u00fczletek forgalma az el\u0151z\u0151 \u00e9v azonos id\u0151szakihoz k\u00e9pest. Virov\u00e1cz P\u00e9ter, az ING Bank vezet\u0151 elemz\u0151je szerint negat\u00edv meglepet\u00e9st okozott a kiskereskedelem augusztusi teljes\u00edtm\u00e9nye. A piaci konszenzus jelent\u0151s n\u00f6veked\u00e9ssel sz\u00e1molt, jelezte. Megl\u00e1t\u00e1sa szerint a tavalyi magas b\u00e1zis okozta az","canonical_url":"https:\/\/allasorias.hu\/hirek\/novekedhet-a-kiskereskedelmi-forgalom-magyarorszagon\/","robots":"max-image-preview:large","keywords":"","webmasterTools":{"miscellaneous":""},"schema":{"@context":"https:\/\/schema.org","@graph":[{"@type":"Article","@id":"https:\/\/allasorias.hu\/hirek\/novekedhet-a-kiskereskedelmi-forgalom-magyarorszagon\/#article","name":"N\u00f6vekedhet a kiskereskedelmi forgalom Magyarorsz\u00e1gon | AllasOrias.hu | H\u00edrek-lapszemle","headline":"N\u00f6vekedhet a kiskereskedelmi forgalom Magyarorsz\u00e1gon","author":{"@id":"https:\/\/allasorias.hu\/hirek\/author\/admin-allasorias\/#author"},"publisher":{"@id":"https:\/\/allasorias.hu\/hirek\/#organization"},"image":{"@type":"ImageObject","url":"https:\/\/allasorias.hu\/hirek\/wp-content\/uploads\/2020\/06\/20.jpg","width":600,"height":401,"caption":"Business analysis, financial investment concept. Businessman, analyzing stock market report on digital tablet and laptop computer with market summary and financial graph"},"datePublished":"2020-10-06T07:35:38+02:00","dateModified":"2020-10-06T07:35:38+02:00","inLanguage":"hu-HU","mainEntityOfPage":{"@id":"https:\/\/allasorias.hu\/hirek\/novekedhet-a-kiskereskedelmi-forgalom-magyarorszagon\/#webpage"},"isPartOf":{"@id":"https:\/\/allasorias.hu\/hirek\/novekedhet-a-kiskereskedelmi-forgalom-magyarorszagon\/#webpage"},"articleSection":"Gazdas\u00e1g"},{"@type":"BreadcrumbList","@id":"https:\/\/allasorias.hu\/hirek\/novekedhet-a-kiskereskedelmi-forgalom-magyarorszagon\/#breadcrumblist","itemListElement":[{"@type":"ListItem","@id":"https:\/\/allasorias.hu\/hirek#listItem","position":1,"name":"Home","item":"https:\/\/allasorias.hu\/hirek","nextItem":{"@type":"ListItem","@id":"https:\/\/allasorias.hu\/hirek\/temak\/gazdasag\/#listItem","name":"Gazdas\u00e1g"}},{"@type":"ListItem","@id":"https:\/\/allasorias.hu\/hirek\/temak\/gazdasag\/#listItem","position":2,"name":"Gazdas\u00e1g","item":"https:\/\/allasorias.hu\/hirek\/temak\/gazdasag\/","nextItem":{"@type":"ListItem","@id":"https:\/\/allasorias.hu\/hirek\/novekedhet-a-kiskereskedelmi-forgalom-magyarorszagon\/#listItem","name":"N\u00f6vekedhet a kiskereskedelmi forgalom Magyarorsz\u00e1gon"},"previousItem":{"@type":"ListItem","@id":"https:\/\/allasorias.hu\/hirek#listItem","name":"Home"}},{"@type":"ListItem","@id":"https:\/\/allasorias.hu\/hirek\/novekedhet-a-kiskereskedelmi-forgalom-magyarorszagon\/#listItem","position":3,"name":"N\u00f6vekedhet a kiskereskedelmi forgalom Magyarorsz\u00e1gon","previousItem":{"@type":"ListItem","@id":"https:\/\/allasorias.hu\/hirek\/temak\/gazdasag\/#listItem","name":"Gazdas\u00e1g"}}]},{"@type":"Organization","@id":"https:\/\/allasorias.hu\/hirek\/#organization","name":"AllasOrias.hu | H\u00edrek-lapszemle","description":"\u00dczleti h\u00edrek az \u00e1ll\u00e1s \u00e9s a munka vil\u00e1g\u00e1b\u00f3l","url":"https:\/\/allasorias.hu\/hirek\/","logo":{"@type":"ImageObject","url":"https:\/\/allasorias.hu\/hirek\/wp-content\/uploads\/2022\/10\/allasorias_site_facebok_logo.png","@id":"https:\/\/allasorias.hu\/hirek\/novekedhet-a-kiskereskedelmi-forgalom-magyarorszagon\/#organizationLogo"},"image":{"@id":"https:\/\/allasorias.hu\/hirek\/novekedhet-a-kiskereskedelmi-forgalom-magyarorszagon\/#organizationLogo"},"sameAs":["https:\/\/www.facebook.com\/allasorias","https:\/\/www.linkedin.com\/company\/allasorias"]},{"@type":"Person","@id":"https:\/\/allasorias.hu\/hirek\/author\/admin-allasorias\/#author","url":"https:\/\/allasorias.hu\/hirek\/author\/admin-allasorias\/","name":"Juh\u00e1sz P\u00e9ter","image":{"@type":"ImageObject","@id":"https:\/\/allasorias.hu\/hirek\/novekedhet-a-kiskereskedelmi-forgalom-magyarorszagon\/#authorImage","url":"https:\/\/secure.gravatar.com\/avatar\/36e6bcb83148978b992977cb0f54d22feb0cce8a0a849a9410532bb2623ba4c6?s=96&d=mm&r=g","width":96,"height":96,"caption":"Juh\u00e1sz P\u00e9ter"}},{"@type":"WebPage","@id":"https:\/\/allasorias.hu\/hirek\/novekedhet-a-kiskereskedelmi-forgalom-magyarorszagon\/#webpage","url":"https:\/\/allasorias.hu\/hirek\/novekedhet-a-kiskereskedelmi-forgalom-magyarorszagon\/","name":"N\u00f6vekedhet a kiskereskedelmi forgalom Magyarorsz\u00e1gon | AllasOrias.hu | H\u00edrek-lapszemle","description":"A K\u00f6zponti Statisztikai Hivatal legfrissebb adatai szerint augusztusban 1,2 sz\u00e1zal\u00e9kkal, napt\u00e1rhat\u00e1st\u00f3l megtiszt\u00edtva 0,7 sz\u00e1zal\u00e9kkal cs\u00f6kkent a kiskereskedelmi \u00fczletek forgalma az el\u0151z\u0151 \u00e9v azonos id\u0151szakihoz k\u00e9pest. Virov\u00e1cz P\u00e9ter, az ING Bank vezet\u0151 elemz\u0151je szerint negat\u00edv meglepet\u00e9st okozott a kiskereskedelem augusztusi teljes\u00edtm\u00e9nye. A piaci konszenzus jelent\u0151s n\u00f6veked\u00e9ssel sz\u00e1molt, jelezte. Megl\u00e1t\u00e1sa szerint a tavalyi magas b\u00e1zis okozta az","inLanguage":"hu-HU","isPartOf":{"@id":"https:\/\/allasorias.hu\/hirek\/#website"},"breadcrumb":{"@id":"https:\/\/allasorias.hu\/hirek\/novekedhet-a-kiskereskedelmi-forgalom-magyarorszagon\/#breadcrumblist"},"author":{"@id":"https:\/\/allasorias.hu\/hirek\/author\/admin-allasorias\/#author"},"creator":{"@id":"https:\/\/allasorias.hu\/hirek\/author\/admin-allasorias\/#author"},"image":{"@type":"ImageObject","url":"https:\/\/allasorias.hu\/hirek\/wp-content\/uploads\/2020\/06\/20.jpg","@id":"https:\/\/allasorias.hu\/hirek\/novekedhet-a-kiskereskedelmi-forgalom-magyarorszagon\/#mainImage","width":600,"height":401,"caption":"Business analysis, financial investment concept. Businessman, analyzing stock market report on digital tablet and laptop computer with market summary and financial graph"},"primaryImageOfPage":{"@id":"https:\/\/allasorias.hu\/hirek\/novekedhet-a-kiskereskedelmi-forgalom-magyarorszagon\/#mainImage"},"datePublished":"2020-10-06T07:35:38+02:00","dateModified":"2020-10-06T07:35:38+02:00"},{"@type":"WebSite","@id":"https:\/\/allasorias.hu\/hirek\/#website","url":"https:\/\/allasorias.hu\/hirek\/","name":"AllasOrias.hu | H\u00edrek-lapszemle","description":"\u00dczleti h\u00edrek az \u00e1ll\u00e1s \u00e9s a munka vil\u00e1g\u00e1b\u00f3l","inLanguage":"hu-HU","publisher":{"@id":"https:\/\/allasorias.hu\/hirek\/#organization"}}]},"og:locale":"hu_HU","og:site_name":"AllasOrias.hu | H\u00edrek-lapszemle | \u00dczleti h\u00edrek az \u00e1ll\u00e1s \u00e9s a munka vil\u00e1g\u00e1b\u00f3l","og:type":"article","og:title":"N\u00f6vekedhet a kiskereskedelmi forgalom Magyarorsz\u00e1gon | AllasOrias.hu | H\u00edrek-lapszemle","og:description":"A K\u00f6zponti Statisztikai Hivatal legfrissebb adatai szerint augusztusban 1,2 sz\u00e1zal\u00e9kkal, napt\u00e1rhat\u00e1st\u00f3l megtiszt\u00edtva 0,7 sz\u00e1zal\u00e9kkal cs\u00f6kkent a kiskereskedelmi \u00fczletek forgalma az el\u0151z\u0151 \u00e9v azonos id\u0151szakihoz k\u00e9pest. Virov\u00e1cz P\u00e9ter, az ING Bank vezet\u0151 elemz\u0151je szerint negat\u00edv meglepet\u00e9st okozott a kiskereskedelem augusztusi teljes\u00edtm\u00e9nye. A piaci konszenzus jelent\u0151s n\u00f6veked\u00e9ssel sz\u00e1molt, jelezte. Megl\u00e1t\u00e1sa szerint a tavalyi magas b\u00e1zis okozta az","og:url":"https:\/\/allasorias.hu\/hirek\/novekedhet-a-kiskereskedelmi-forgalom-magyarorszagon\/","og:image":"https:\/\/allasorias.hu\/hirek\/wp-content\/uploads\/2020\/06\/20.jpg","og:image:secure_url":"https:\/\/allasorias.hu\/hirek\/wp-content\/uploads\/2020\/06\/20.jpg","og:image:width":600,"og:image:height":401,"article:published_time":"2020-10-06T07:35:38+00:00","article:modified_time":"2020-10-06T07:35:38+00:00","article:publisher":"https:\/\/www.facebook.com\/allasorias","twitter:card":"summary_large_image","twitter:title":"N\u00f6vekedhet a kiskereskedelmi forgalom Magyarorsz\u00e1gon | AllasOrias.hu | H\u00edrek-lapszemle","twitter:description":"A K\u00f6zponti Statisztikai Hivatal legfrissebb adatai szerint augusztusban 1,2 sz\u00e1zal\u00e9kkal, napt\u00e1rhat\u00e1st\u00f3l megtiszt\u00edtva 0,7 sz\u00e1zal\u00e9kkal cs\u00f6kkent a kiskereskedelmi \u00fczletek forgalma az el\u0151z\u0151 \u00e9v azonos id\u0151szakihoz k\u00e9pest. Virov\u00e1cz P\u00e9ter, az ING Bank vezet\u0151 elemz\u0151je szerint negat\u00edv meglepet\u00e9st okozott a kiskereskedelem augusztusi teljes\u00edtm\u00e9nye. A piaci konszenzus jelent\u0151s n\u00f6veked\u00e9ssel sz\u00e1molt, jelezte. Megl\u00e1t\u00e1sa szerint a tavalyi magas b\u00e1zis okozta az","twitter:image":"https:\/\/allasorias.hu\/hirek\/wp-content\/uploads\/2020\/06\/20.jpg","twitter:label1":"Written by","twitter:data1":"Juh\u00e1sz P\u00e9ter","twitter:label2":"Est. reading time","twitter:data2":"3 minutes"},"aioseo_meta_data":{"post_id":"4288","title":null,"description":"","keywords":"","keyphrases":null,"primary_term":null,"canonical_url":"","og_title":null,"og_description":null,"og_object_type":"default","og_image_type":"default","og_image_url":null,"og_image_width":null,"og_image_height":null,"og_image_custom_url":null,"og_image_custom_fields":null,"og_video":null,"og_custom_url":null,"og_article_section":null,"og_article_tags":null,"twitter_use_og":false,"twitter_card":"default","twitter_image_type":"default","twitter_image_url":null,"twitter_image_custom_url":null,"twitter_image_custom_fields":null,"twitter_title":null,"twitter_description":null,"schema":{"blockGraphs":[],"customGraphs":[],"default":{"data":{"Article":[],"Course":[],"Dataset":[],"FAQPage":[],"Movie":[],"Person":[],"Product":[],"ProductReview":[],"Car":[],"Recipe":[],"Service":[],"SoftwareApplication":[],"WebPage":[]},"graphName":"","isEnabled":true},"graphs":[],"defaultGraph":"","defaultPostTypeGraph":""},"schema_type":null,"schema_type_options":null,"pillar_content":false,"robots_default":true,"robots_noindex":false,"robots_noarchive":false,"robots_nosnippet":false,"robots_nofollow":false,"robots_noimageindex":false,"robots_noodp":false,"robots_notranslate":false,"robots_max_snippet":null,"robots_max_videopreview":null,"robots_max_imagepreview":"large","priority":null,"frequency":null,"location":null,"local_seo":null,"breadcrumb_settings":null,"limit_modified_date":false,"ai":null,"created":"2021-02-01 20:46:00","updated":"2025-10-02 14:55:50","seo_analyzer_scan_date":null,"focus_keyword":null,"additional_keywords":null,"truseo_locale":null},"aioseo_breadcrumb":"<div class=\"aioseo-breadcrumbs\"><span class=\"aioseo-breadcrumb\">\n\t\t\t<a href=\"https:\/\/allasorias.hu\/hirek\" title=\"Home\">Home<\/a>\n\t\t<\/span><span class=\"aioseo-breadcrumb-separator\">&raquo;<\/span><span class=\"aioseo-breadcrumb\">\n\t\t\t<a href=\"https:\/\/allasorias.hu\/hirek\/temak\/gazdasag\/\" title=\"Gazdas\u00e1g\">Gazdas\u00e1g<\/a>\n\t\t<\/span><span class=\"aioseo-breadcrumb-separator\">&raquo;<\/span><span class=\"aioseo-breadcrumb\">\n\t\t\tN\u00f6vekedhet a kiskereskedelmi forgalom Magyarorsz\u00e1gon\n\t\t<\/span><\/div>","aioseo_breadcrumb_json":[{"label":"Home","link":"https:\/\/allasorias.hu\/hirek"},{"label":"Gazdas\u00e1g","link":"https:\/\/allasorias.hu\/hirek\/temak\/gazdasag\/"},{"label":"N\u00f6vekedhet a kiskereskedelmi forgalom Magyarorsz\u00e1gon","link":"https:\/\/allasorias.hu\/hirek\/novekedhet-a-kiskereskedelmi-forgalom-magyarorszagon\/"}],"_links":{"self":[{"href":"https:\/\/allasorias.hu\/hirek\/wp-json\/wp\/v2\/posts\/4288","targetHints":{"allow":["GET"]}}],"collection":[{"href":"https:\/\/allasorias.hu\/hirek\/wp-json\/wp\/v2\/posts"}],"about":[{"href":"https:\/\/allasorias.hu\/hirek\/wp-json\/wp\/v2\/types\/post"}],"author":[{"embeddable":true,"href":"https:\/\/allasorias.hu\/hirek\/wp-json\/wp\/v2\/users\/1"}],"replies":[{"embeddable":true,"href":"https:\/\/allasorias.hu\/hirek\/wp-json\/wp\/v2\/comments?post=4288"}],"version-history":[{"count":1,"href":"https:\/\/allasorias.hu\/hirek\/wp-json\/wp\/v2\/posts\/4288\/revisions"}],"predecessor-version":[{"id":4289,"href":"https:\/\/allasorias.hu\/hirek\/wp-json\/wp\/v2\/posts\/4288\/revisions\/4289"}],"wp:featuredmedia":[{"embeddable":true,"href":"https:\/\/allasorias.hu\/hirek\/wp-json\/wp\/v2\/media\/4048"}],"wp:attachment":[{"href":"https:\/\/allasorias.hu\/hirek\/wp-json\/wp\/v2\/media?parent=4288"}],"wp:term":[{"taxonomy":"category","embeddable":true,"href":"https:\/\/allasorias.hu\/hirek\/wp-json\/wp\/v2\/categories?post=4288"},{"taxonomy":"post_tag","embeddable":true,"href":"https:\/\/allasorias.hu\/hirek\/wp-json\/wp\/v2\/tags?post=4288"}],"curies":[{"name":"wp","href":"https:\/\/api.w.org\/{rel}","templated":true}]}}