{"id":4284,"date":"2020-10-05T07:24:13","date_gmt":"2020-10-05T07:24:13","guid":{"rendered":"https:\/\/allasorias.hu\/hirek\/?p=4284"},"modified":"2020-10-05T07:25:27","modified_gmt":"2020-10-05T07:25:27","slug":"jo-hatassal-vannak-a-foglalkoztatasra-a-kulfoldi-diakok","status":"publish","type":"post","link":"https:\/\/allasorias.hu\/hirek\/jo-hatassal-vannak-a-foglalkoztatasra-a-kulfoldi-diakok\/","title":{"rendered":"J\u00f3 hat\u00e1ssal vannak a foglalkoztat\u00e1sra a k\u00fclf\u00f6ldi di\u00e1kok"},"content":{"rendered":"<p><strong>Egy kutat\u00e1s szerint a magyar foglalkoztat\u00e1sra j\u00f3 hat\u00e1ssal vannak a k\u00fclf\u00f6ldi di\u00e1kok, kiknek sz\u00e1ma n\u00f6vekv\u0151 tendenci\u00e1t mutat haz\u00e1nkban. Felm\u00e9rt\u00e9k, hogy mik\u00e9nt hat a magyar gazdas\u00e1gra \u00e9s munkaer\u0151piacra a k\u00fclf\u00f6ldi hallgat\u00f3k jelenl\u00e9te, akik h\u00e1romszor annyian vannak, mint 20 \u00e9ve. K\u00e9t \u00e9vtized alatt t\u00f6bb mint h\u00e1romszoros\u00e1ra emelkedett a magyarorsz\u00e1gi fels\u0151oktat\u00e1sban tanul\u00f3 k\u00fclf\u00f6ldi hallgat\u00f3k sz\u00e1ma &#8211; \u00edrja a Magyar Nemzet.<\/strong><\/p>\n<p>M\u00edg 2001-ben 11 783 f\u0151 \u00e9rkezett haz\u00e1nkba, a 2019\/2020-as tan\u00e9vben m\u00e1r 38 422 k\u00fclf\u00f6ldi egyetemist\u00e1t \u00e9s f\u0151iskol\u00e1st sz\u00e1moltak orsz\u00e1gosan. A t\u00f6bb mint hatezer f\u0151 megk\u00e9rdez\u00e9s\u00e9vel v\u00e9gzett felm\u00e9r\u00e9sben azt vizsg\u00e1lt\u00e1k, hogy a k\u00fclf\u00f6ldi hallgat\u00f3k jelenl\u00e9te milyen hasznot hajt a fogad\u00f3 egyetem, a v\u00e1ros \u00e9s a c\u00e9lorsz\u00e1g sz\u00e1m\u00e1ra. Budapest mellett Debrecenben, Szegeden \u00e9s P\u00e9csen van a legt\u00f6bb k\u00fclf\u00f6ldi hallgat\u00f3. Az erasmusosok \u00e1tlagosan havi 315 298, a stipendiumosok 281 504, az \u00f6nk\u00f6lts\u00e9ges tanul\u00f3k pedig 708 856 forintot k\u00f6ltenek el. Az egyetemist\u00e1k lakhat\u00e1sra k\u00f6ltik a legt\u00f6bb p\u00e9nzt, ezt k\u00f6veti a rangsorban az \u00e9lelmiszerekre, \u00e9lvezeti cikkekre, higi\u00e9ni\u00e1ra \u00e9s a turizmusra vonatkoz\u00f3 kiad\u00e1sok. A k\u00fclf\u00f6ldi hallgat\u00f3k \u00f6sszes fogyaszt\u00e1sa 180 milli\u00e1rd forint \u00e1tlagos bev\u00e9telt eredm\u00e9nyezhet a magyar gazdas\u00e1g sz\u00e1m\u00e1ra. A kutat\u00e1sb\u00f3l kider\u00fcl, hogy a k\u00fclf\u00f6ldi egyetemist\u00e1k a foglalkoztat\u00e1sra is pozit\u00edv hat\u00e1ssal vannak: k\u00f6lt\u00e9seik r\u00e9v\u00e9n extra keresletet t\u00e1masztanak, \u00edgy az \u0151ket kiszolg\u00e1l\u00f3 v\u00e1llalkoz\u00e1sokn\u00e1l csaknem 2800 f\u0151vel n\u00f6velik a munkaer\u0151t. A megk\u00e9rdezett di\u00e1kok f\u0151k\u00e9nt a sz\u00f3rakoz\u00e1si lehet\u0151s\u00e9gekkel nincsenek megel\u00e9gedve, valamint az angol nyelv\u0171 kommunik\u00e1ci\u00f3val \u00e9s a munkalehet\u0151s\u00e9gekkel. A vizsg\u00e1lat arra is kit\u00e9rt, hogy a di\u00e1kok az edz\u0151termekre, vend\u00e9gl\u00e1t\u00f3egys\u00e9gekre, ingatlank\u00f6zvet\u00edt\u0151kre is pozit\u00edv hat\u00e1ssal vannak, egy\u00fattal a munkaer\u0151piacra is. Debrecenben egy volt orvosi egyetemre j\u00e1r\u00f3 k\u00fclf\u00f6ldi hallgat\u00f3 elind\u00edtott egy k\u00fclf\u00f6ldiekre specializ\u00e1l\u00f3dott h\u00e1zhoz sz\u00e1ll\u00edt\u00f3 c\u00e9get is. A tanulm\u00e1ny szerint ugyanakkor fontos, hogy a vid\u00e9ki egyetemi v\u00e1rosok hat\u00e1rozottabban \u00e9s tervszer\u0171en foglalkozzanak a k\u00fclf\u00f6ldi hallgat\u00f3k elv\u00e1r\u00e1saival.<\/p>\n<p>&nbsp;<\/p>\n<p>Forr\u00e1s: Magyar Nemzet,hrportal.hu<\/p>\n","protected":false},"excerpt":{"rendered":"<p>Egy kutat\u00e1s szerint a magyar foglalkoztat\u00e1sra j\u00f3 hat\u00e1ssal vannak a k\u00fclf\u00f6ldi di\u00e1kok, kiknek sz\u00e1ma n\u00f6vekv\u0151 tendenci\u00e1t mutat haz\u00e1nkban. Felm\u00e9rt\u00e9k, hogy mik\u00e9nt hat a magyar gazdas\u00e1gra \u00e9s munkaer\u0151piacra a k\u00fclf\u00f6ldi hallgat\u00f3k jelenl\u00e9te, akik h\u00e1romszor annyian vannak, mint 20 \u00e9ve. K\u00e9t \u00e9vtized alatt t\u00f6bb mint h\u00e1romszoros\u00e1ra emelkedett a magyarorsz\u00e1gi fels\u0151oktat\u00e1sban tanul\u00f3 k\u00fclf\u00f6ldi hallgat\u00f3k sz\u00e1ma &#8211; \u00edrja a [&hellip;]<\/p>\n","protected":false},"author":1,"featured_media":4287,"comment_status":"open","ping_status":"open","sticky":false,"template":"","format":"standard","meta":{"_monsterinsights_skip_tracking":false,"footnotes":""},"categories":[200],"tags":[],"class_list":["post-4284","post","type-post","status-publish","format-standard","has-post-thumbnail","hentry","category-munkaeropiac"],"aioseo_notices":[],"aioseo_head":"\n\t\t<!-- All in One SEO 5.0.0.1 - aioseo.com -->\n\t<meta name=\"description\" content=\"Egy kutat\u00e1s szerint a magyar foglalkoztat\u00e1sra j\u00f3 hat\u00e1ssal vannak a k\u00fclf\u00f6ldi di\u00e1kok, kiknek sz\u00e1ma n\u00f6vekv\u0151 tendenci\u00e1t mutat haz\u00e1nkban. Felm\u00e9rt\u00e9k, hogy mik\u00e9nt hat a magyar gazdas\u00e1gra \u00e9s munkaer\u0151piacra a k\u00fclf\u00f6ldi hallgat\u00f3k jelenl\u00e9te, akik h\u00e1romszor annyian vannak, mint 20 \u00e9ve. K\u00e9t \u00e9vtized alatt t\u00f6bb mint h\u00e1romszoros\u00e1ra emelkedett a magyarorsz\u00e1gi fels\u0151oktat\u00e1sban tanul\u00f3 k\u00fclf\u00f6ldi hallgat\u00f3k sz\u00e1ma - \u00edrja a\" \/>\n\t<meta name=\"robots\" content=\"max-image-preview:large\" \/>\n\t<meta name=\"author\" content=\"Juh\u00e1sz P\u00e9ter\"\/>\n\t<link rel=\"canonical\" href=\"https:\/\/allasorias.hu\/hirek\/jo-hatassal-vannak-a-foglalkoztatasra-a-kulfoldi-diakok\/\" \/>\n\t<meta name=\"generator\" content=\"All in One SEO (AIOSEO) 5.0.0.1\" \/>\n\t\t<meta property=\"og:locale\" content=\"hu_HU\" \/>\n\t\t<meta property=\"og:site_name\" content=\"AllasOrias.hu | H\u00edrek-lapszemle | \u00dczleti h\u00edrek az \u00e1ll\u00e1s \u00e9s a munka vil\u00e1g\u00e1b\u00f3l\" \/>\n\t\t<meta property=\"og:type\" content=\"article\" \/>\n\t\t<meta property=\"og:title\" content=\"J\u00f3 hat\u00e1ssal vannak a foglalkoztat\u00e1sra a k\u00fclf\u00f6ldi di\u00e1kok | AllasOrias.hu | H\u00edrek-lapszemle\" \/>\n\t\t<meta property=\"og:description\" content=\"Egy kutat\u00e1s szerint a magyar foglalkoztat\u00e1sra j\u00f3 hat\u00e1ssal vannak a k\u00fclf\u00f6ldi di\u00e1kok, kiknek sz\u00e1ma n\u00f6vekv\u0151 tendenci\u00e1t mutat haz\u00e1nkban. Felm\u00e9rt\u00e9k, hogy mik\u00e9nt hat a magyar gazdas\u00e1gra \u00e9s munkaer\u0151piacra a k\u00fclf\u00f6ldi hallgat\u00f3k jelenl\u00e9te, akik h\u00e1romszor annyian vannak, mint 20 \u00e9ve. K\u00e9t \u00e9vtized alatt t\u00f6bb mint h\u00e1romszoros\u00e1ra emelkedett a magyarorsz\u00e1gi fels\u0151oktat\u00e1sban tanul\u00f3 k\u00fclf\u00f6ldi hallgat\u00f3k sz\u00e1ma - \u00edrja a\" \/>\n\t\t<meta property=\"og:url\" content=\"https:\/\/allasorias.hu\/hirek\/jo-hatassal-vannak-a-foglalkoztatasra-a-kulfoldi-diakok\/\" \/>\n\t\t<meta property=\"og:image\" content=\"https:\/\/allasorias.hu\/hirek\/wp-content\/uploads\/2020\/10\/4531-1.jpg\" \/>\n\t\t<meta property=\"og:image:secure_url\" content=\"https:\/\/allasorias.hu\/hirek\/wp-content\/uploads\/2020\/10\/4531-1.jpg\" \/>\n\t\t<meta property=\"og:image:width\" content=\"1000\" \/>\n\t\t<meta property=\"og:image:height\" content=\"536\" \/>\n\t\t<meta property=\"article:published_time\" content=\"2020-10-05T07:24:13+00:00\" \/>\n\t\t<meta property=\"article:modified_time\" content=\"2020-10-05T07:25:27+00:00\" \/>\n\t\t<meta property=\"article:publisher\" content=\"https:\/\/www.facebook.com\/allasorias\" \/>\n\t\t<meta name=\"twitter:card\" content=\"summary_large_image\" \/>\n\t\t<meta name=\"twitter:title\" content=\"J\u00f3 hat\u00e1ssal vannak a foglalkoztat\u00e1sra a k\u00fclf\u00f6ldi di\u00e1kok | AllasOrias.hu | H\u00edrek-lapszemle\" \/>\n\t\t<meta name=\"twitter:description\" content=\"Egy kutat\u00e1s szerint a magyar foglalkoztat\u00e1sra j\u00f3 hat\u00e1ssal vannak a k\u00fclf\u00f6ldi di\u00e1kok, kiknek sz\u00e1ma n\u00f6vekv\u0151 tendenci\u00e1t mutat haz\u00e1nkban. Felm\u00e9rt\u00e9k, hogy mik\u00e9nt hat a magyar gazdas\u00e1gra \u00e9s munkaer\u0151piacra a k\u00fclf\u00f6ldi hallgat\u00f3k jelenl\u00e9te, akik h\u00e1romszor annyian vannak, mint 20 \u00e9ve. K\u00e9t \u00e9vtized alatt t\u00f6bb mint h\u00e1romszoros\u00e1ra emelkedett a magyarorsz\u00e1gi fels\u0151oktat\u00e1sban tanul\u00f3 k\u00fclf\u00f6ldi hallgat\u00f3k sz\u00e1ma - \u00edrja a\" \/>\n\t\t<meta name=\"twitter:image\" content=\"https:\/\/allasorias.hu\/hirek\/wp-content\/uploads\/2020\/10\/4531-1.jpg\" \/>\n\t\t<meta name=\"twitter:label1\" content=\"Written by\" \/>\n\t\t<meta name=\"twitter:data1\" content=\"Juh\u00e1sz P\u00e9ter\" \/>\n\t\t<meta name=\"twitter:label2\" content=\"Est. reading time\" \/>\n\t\t<meta name=\"twitter:data2\" content=\"2 minutes\" \/>\n\t\t<script type=\"application\/ld+json\" class=\"aioseo-schema\">\n\t\t\t{\"@context\":\"https:\\\/\\\/schema.org\",\"@graph\":[{\"@type\":\"Article\",\"@id\":\"https:\\\/\\\/allasorias.hu\\\/hirek\\\/jo-hatassal-vannak-a-foglalkoztatasra-a-kulfoldi-diakok\\\/#article\",\"name\":\"J\\u00f3 hat\\u00e1ssal vannak a foglalkoztat\\u00e1sra a k\\u00fclf\\u00f6ldi di\\u00e1kok | AllasOrias.hu | H\\u00edrek-lapszemle\",\"headline\":\"J\\u00f3 hat\\u00e1ssal vannak a foglalkoztat\\u00e1sra a k\\u00fclf\\u00f6ldi di\\u00e1kok\",\"author\":{\"@id\":\"https:\\\/\\\/allasorias.hu\\\/hirek\\\/author\\\/admin-allasorias\\\/#author\"},\"publisher\":{\"@id\":\"https:\\\/\\\/allasorias.hu\\\/hirek\\\/#organization\"},\"image\":{\"@type\":\"ImageObject\",\"url\":\"https:\\\/\\\/allasorias.hu\\\/hirek\\\/wp-content\\\/uploads\\\/2020\\\/10\\\/4531-1.jpg\",\"width\":1000,\"height\":536,\"caption\":\"Group of happy young students in a university.\"},\"datePublished\":\"2020-10-05T07:24:13+02:00\",\"dateModified\":\"2020-10-05T07:25:27+02:00\",\"inLanguage\":\"hu-HU\",\"mainEntityOfPage\":{\"@id\":\"https:\\\/\\\/allasorias.hu\\\/hirek\\\/jo-hatassal-vannak-a-foglalkoztatasra-a-kulfoldi-diakok\\\/#webpage\"},\"isPartOf\":{\"@id\":\"https:\\\/\\\/allasorias.hu\\\/hirek\\\/jo-hatassal-vannak-a-foglalkoztatasra-a-kulfoldi-diakok\\\/#webpage\"},\"articleSection\":\"Munkaer\\u0151piac\"},{\"@type\":\"BreadcrumbList\",\"@id\":\"https:\\\/\\\/allasorias.hu\\\/hirek\\\/jo-hatassal-vannak-a-foglalkoztatasra-a-kulfoldi-diakok\\\/#breadcrumblist\",\"itemListElement\":[{\"@type\":\"ListItem\",\"@id\":\"https:\\\/\\\/allasorias.hu\\\/hirek#listItem\",\"position\":1,\"name\":\"Home\",\"item\":\"https:\\\/\\\/allasorias.hu\\\/hirek\",\"nextItem\":{\"@type\":\"ListItem\",\"@id\":\"https:\\\/\\\/allasorias.hu\\\/hirek\\\/temak\\\/munkaeropiac\\\/#listItem\",\"name\":\"Munkaer\\u0151piac\"}},{\"@type\":\"ListItem\",\"@id\":\"https:\\\/\\\/allasorias.hu\\\/hirek\\\/temak\\\/munkaeropiac\\\/#listItem\",\"position\":2,\"name\":\"Munkaer\\u0151piac\",\"item\":\"https:\\\/\\\/allasorias.hu\\\/hirek\\\/temak\\\/munkaeropiac\\\/\",\"nextItem\":{\"@type\":\"ListItem\",\"@id\":\"https:\\\/\\\/allasorias.hu\\\/hirek\\\/jo-hatassal-vannak-a-foglalkoztatasra-a-kulfoldi-diakok\\\/#listItem\",\"name\":\"J\\u00f3 hat\\u00e1ssal vannak a foglalkoztat\\u00e1sra a k\\u00fclf\\u00f6ldi di\\u00e1kok\"},\"previousItem\":{\"@type\":\"ListItem\",\"@id\":\"https:\\\/\\\/allasorias.hu\\\/hirek#listItem\",\"name\":\"Home\"}},{\"@type\":\"ListItem\",\"@id\":\"https:\\\/\\\/allasorias.hu\\\/hirek\\\/jo-hatassal-vannak-a-foglalkoztatasra-a-kulfoldi-diakok\\\/#listItem\",\"position\":3,\"name\":\"J\\u00f3 hat\\u00e1ssal vannak a foglalkoztat\\u00e1sra a k\\u00fclf\\u00f6ldi di\\u00e1kok\",\"previousItem\":{\"@type\":\"ListItem\",\"@id\":\"https:\\\/\\\/allasorias.hu\\\/hirek\\\/temak\\\/munkaeropiac\\\/#listItem\",\"name\":\"Munkaer\\u0151piac\"}}]},{\"@type\":\"Organization\",\"@id\":\"https:\\\/\\\/allasorias.hu\\\/hirek\\\/#organization\",\"name\":\"AllasOrias.hu | H\\u00edrek-lapszemle\",\"description\":\"\\u00dczleti h\\u00edrek az \\u00e1ll\\u00e1s \\u00e9s a munka vil\\u00e1g\\u00e1b\\u00f3l\",\"url\":\"https:\\\/\\\/allasorias.hu\\\/hirek\\\/\",\"logo\":{\"@type\":\"ImageObject\",\"url\":\"https:\\\/\\\/allasorias.hu\\\/hirek\\\/wp-content\\\/uploads\\\/2022\\\/10\\\/allasorias_site_facebok_logo.png\",\"@id\":\"https:\\\/\\\/allasorias.hu\\\/hirek\\\/jo-hatassal-vannak-a-foglalkoztatasra-a-kulfoldi-diakok\\\/#organizationLogo\"},\"image\":{\"@id\":\"https:\\\/\\\/allasorias.hu\\\/hirek\\\/jo-hatassal-vannak-a-foglalkoztatasra-a-kulfoldi-diakok\\\/#organizationLogo\"},\"sameAs\":[\"https:\\\/\\\/www.facebook.com\\\/allasorias\",\"https:\\\/\\\/www.linkedin.com\\\/company\\\/allasorias\"]},{\"@type\":\"Person\",\"@id\":\"https:\\\/\\\/allasorias.hu\\\/hirek\\\/author\\\/admin-allasorias\\\/#author\",\"url\":\"https:\\\/\\\/allasorias.hu\\\/hirek\\\/author\\\/admin-allasorias\\\/\",\"name\":\"Juh\\u00e1sz P\\u00e9ter\",\"image\":{\"@type\":\"ImageObject\",\"@id\":\"https:\\\/\\\/allasorias.hu\\\/hirek\\\/jo-hatassal-vannak-a-foglalkoztatasra-a-kulfoldi-diakok\\\/#authorImage\",\"url\":\"https:\\\/\\\/secure.gravatar.com\\\/avatar\\\/36e6bcb83148978b992977cb0f54d22feb0cce8a0a849a9410532bb2623ba4c6?s=96&d=mm&r=g\",\"width\":96,\"height\":96,\"caption\":\"Juh\\u00e1sz P\\u00e9ter\"}},{\"@type\":\"WebPage\",\"@id\":\"https:\\\/\\\/allasorias.hu\\\/hirek\\\/jo-hatassal-vannak-a-foglalkoztatasra-a-kulfoldi-diakok\\\/#webpage\",\"url\":\"https:\\\/\\\/allasorias.hu\\\/hirek\\\/jo-hatassal-vannak-a-foglalkoztatasra-a-kulfoldi-diakok\\\/\",\"name\":\"J\\u00f3 hat\\u00e1ssal vannak a foglalkoztat\\u00e1sra a k\\u00fclf\\u00f6ldi di\\u00e1kok | AllasOrias.hu | H\\u00edrek-lapszemle\",\"description\":\"Egy kutat\\u00e1s szerint a magyar foglalkoztat\\u00e1sra j\\u00f3 hat\\u00e1ssal vannak a k\\u00fclf\\u00f6ldi di\\u00e1kok, kiknek sz\\u00e1ma n\\u00f6vekv\\u0151 tendenci\\u00e1t mutat haz\\u00e1nkban. Felm\\u00e9rt\\u00e9k, hogy mik\\u00e9nt hat a magyar gazdas\\u00e1gra \\u00e9s munkaer\\u0151piacra a k\\u00fclf\\u00f6ldi hallgat\\u00f3k jelenl\\u00e9te, akik h\\u00e1romszor annyian vannak, mint 20 \\u00e9ve. K\\u00e9t \\u00e9vtized alatt t\\u00f6bb mint h\\u00e1romszoros\\u00e1ra emelkedett a magyarorsz\\u00e1gi fels\\u0151oktat\\u00e1sban tanul\\u00f3 k\\u00fclf\\u00f6ldi hallgat\\u00f3k sz\\u00e1ma - \\u00edrja a\",\"inLanguage\":\"hu-HU\",\"isPartOf\":{\"@id\":\"https:\\\/\\\/allasorias.hu\\\/hirek\\\/#website\"},\"breadcrumb\":{\"@id\":\"https:\\\/\\\/allasorias.hu\\\/hirek\\\/jo-hatassal-vannak-a-foglalkoztatasra-a-kulfoldi-diakok\\\/#breadcrumblist\"},\"author\":{\"@id\":\"https:\\\/\\\/allasorias.hu\\\/hirek\\\/author\\\/admin-allasorias\\\/#author\"},\"creator\":{\"@id\":\"https:\\\/\\\/allasorias.hu\\\/hirek\\\/author\\\/admin-allasorias\\\/#author\"},\"image\":{\"@type\":\"ImageObject\",\"url\":\"https:\\\/\\\/allasorias.hu\\\/hirek\\\/wp-content\\\/uploads\\\/2020\\\/10\\\/4531-1.jpg\",\"@id\":\"https:\\\/\\\/allasorias.hu\\\/hirek\\\/jo-hatassal-vannak-a-foglalkoztatasra-a-kulfoldi-diakok\\\/#mainImage\",\"width\":1000,\"height\":536,\"caption\":\"Group of happy young students in a university.\"},\"primaryImageOfPage\":{\"@id\":\"https:\\\/\\\/allasorias.hu\\\/hirek\\\/jo-hatassal-vannak-a-foglalkoztatasra-a-kulfoldi-diakok\\\/#mainImage\"},\"datePublished\":\"2020-10-05T07:24:13+02:00\",\"dateModified\":\"2020-10-05T07:25:27+02:00\"},{\"@type\":\"WebSite\",\"@id\":\"https:\\\/\\\/allasorias.hu\\\/hirek\\\/#website\",\"url\":\"https:\\\/\\\/allasorias.hu\\\/hirek\\\/\",\"name\":\"AllasOrias.hu | H\\u00edrek-lapszemle\",\"description\":\"\\u00dczleti h\\u00edrek az \\u00e1ll\\u00e1s \\u00e9s a munka vil\\u00e1g\\u00e1b\\u00f3l\",\"inLanguage\":\"hu-HU\",\"publisher\":{\"@id\":\"https:\\\/\\\/allasorias.hu\\\/hirek\\\/#organization\"}}]}\n\t\t<\/script>\n\t\t<!-- All in One SEO -->\n\n","aioseo_head_json":{"title":"J\u00f3 hat\u00e1ssal vannak a foglalkoztat\u00e1sra a k\u00fclf\u00f6ldi di\u00e1kok | AllasOrias.hu | H\u00edrek-lapszemle","description":"Egy kutat\u00e1s szerint a magyar foglalkoztat\u00e1sra j\u00f3 hat\u00e1ssal vannak a k\u00fclf\u00f6ldi di\u00e1kok, kiknek sz\u00e1ma n\u00f6vekv\u0151 tendenci\u00e1t mutat haz\u00e1nkban. Felm\u00e9rt\u00e9k, hogy mik\u00e9nt hat a magyar gazdas\u00e1gra \u00e9s munkaer\u0151piacra a k\u00fclf\u00f6ldi hallgat\u00f3k jelenl\u00e9te, akik h\u00e1romszor annyian vannak, mint 20 \u00e9ve. K\u00e9t \u00e9vtized alatt t\u00f6bb mint h\u00e1romszoros\u00e1ra emelkedett a magyarorsz\u00e1gi fels\u0151oktat\u00e1sban tanul\u00f3 k\u00fclf\u00f6ldi hallgat\u00f3k sz\u00e1ma - \u00edrja a","canonical_url":"https:\/\/allasorias.hu\/hirek\/jo-hatassal-vannak-a-foglalkoztatasra-a-kulfoldi-diakok\/","robots":"max-image-preview:large","keywords":"","webmasterTools":{"miscellaneous":""},"schema":{"@context":"https:\/\/schema.org","@graph":[{"@type":"Article","@id":"https:\/\/allasorias.hu\/hirek\/jo-hatassal-vannak-a-foglalkoztatasra-a-kulfoldi-diakok\/#article","name":"J\u00f3 hat\u00e1ssal vannak a foglalkoztat\u00e1sra a k\u00fclf\u00f6ldi di\u00e1kok | AllasOrias.hu | H\u00edrek-lapszemle","headline":"J\u00f3 hat\u00e1ssal vannak a foglalkoztat\u00e1sra a k\u00fclf\u00f6ldi di\u00e1kok","author":{"@id":"https:\/\/allasorias.hu\/hirek\/author\/admin-allasorias\/#author"},"publisher":{"@id":"https:\/\/allasorias.hu\/hirek\/#organization"},"image":{"@type":"ImageObject","url":"https:\/\/allasorias.hu\/hirek\/wp-content\/uploads\/2020\/10\/4531-1.jpg","width":1000,"height":536,"caption":"Group of happy young students in a university."},"datePublished":"2020-10-05T07:24:13+02:00","dateModified":"2020-10-05T07:25:27+02:00","inLanguage":"hu-HU","mainEntityOfPage":{"@id":"https:\/\/allasorias.hu\/hirek\/jo-hatassal-vannak-a-foglalkoztatasra-a-kulfoldi-diakok\/#webpage"},"isPartOf":{"@id":"https:\/\/allasorias.hu\/hirek\/jo-hatassal-vannak-a-foglalkoztatasra-a-kulfoldi-diakok\/#webpage"},"articleSection":"Munkaer\u0151piac"},{"@type":"BreadcrumbList","@id":"https:\/\/allasorias.hu\/hirek\/jo-hatassal-vannak-a-foglalkoztatasra-a-kulfoldi-diakok\/#breadcrumblist","itemListElement":[{"@type":"ListItem","@id":"https:\/\/allasorias.hu\/hirek#listItem","position":1,"name":"Home","item":"https:\/\/allasorias.hu\/hirek","nextItem":{"@type":"ListItem","@id":"https:\/\/allasorias.hu\/hirek\/temak\/munkaeropiac\/#listItem","name":"Munkaer\u0151piac"}},{"@type":"ListItem","@id":"https:\/\/allasorias.hu\/hirek\/temak\/munkaeropiac\/#listItem","position":2,"name":"Munkaer\u0151piac","item":"https:\/\/allasorias.hu\/hirek\/temak\/munkaeropiac\/","nextItem":{"@type":"ListItem","@id":"https:\/\/allasorias.hu\/hirek\/jo-hatassal-vannak-a-foglalkoztatasra-a-kulfoldi-diakok\/#listItem","name":"J\u00f3 hat\u00e1ssal vannak a foglalkoztat\u00e1sra a k\u00fclf\u00f6ldi di\u00e1kok"},"previousItem":{"@type":"ListItem","@id":"https:\/\/allasorias.hu\/hirek#listItem","name":"Home"}},{"@type":"ListItem","@id":"https:\/\/allasorias.hu\/hirek\/jo-hatassal-vannak-a-foglalkoztatasra-a-kulfoldi-diakok\/#listItem","position":3,"name":"J\u00f3 hat\u00e1ssal vannak a foglalkoztat\u00e1sra a k\u00fclf\u00f6ldi di\u00e1kok","previousItem":{"@type":"ListItem","@id":"https:\/\/allasorias.hu\/hirek\/temak\/munkaeropiac\/#listItem","name":"Munkaer\u0151piac"}}]},{"@type":"Organization","@id":"https:\/\/allasorias.hu\/hirek\/#organization","name":"AllasOrias.hu | H\u00edrek-lapszemle","description":"\u00dczleti h\u00edrek az \u00e1ll\u00e1s \u00e9s a munka vil\u00e1g\u00e1b\u00f3l","url":"https:\/\/allasorias.hu\/hirek\/","logo":{"@type":"ImageObject","url":"https:\/\/allasorias.hu\/hirek\/wp-content\/uploads\/2022\/10\/allasorias_site_facebok_logo.png","@id":"https:\/\/allasorias.hu\/hirek\/jo-hatassal-vannak-a-foglalkoztatasra-a-kulfoldi-diakok\/#organizationLogo"},"image":{"@id":"https:\/\/allasorias.hu\/hirek\/jo-hatassal-vannak-a-foglalkoztatasra-a-kulfoldi-diakok\/#organizationLogo"},"sameAs":["https:\/\/www.facebook.com\/allasorias","https:\/\/www.linkedin.com\/company\/allasorias"]},{"@type":"Person","@id":"https:\/\/allasorias.hu\/hirek\/author\/admin-allasorias\/#author","url":"https:\/\/allasorias.hu\/hirek\/author\/admin-allasorias\/","name":"Juh\u00e1sz P\u00e9ter","image":{"@type":"ImageObject","@id":"https:\/\/allasorias.hu\/hirek\/jo-hatassal-vannak-a-foglalkoztatasra-a-kulfoldi-diakok\/#authorImage","url":"https:\/\/secure.gravatar.com\/avatar\/36e6bcb83148978b992977cb0f54d22feb0cce8a0a849a9410532bb2623ba4c6?s=96&d=mm&r=g","width":96,"height":96,"caption":"Juh\u00e1sz P\u00e9ter"}},{"@type":"WebPage","@id":"https:\/\/allasorias.hu\/hirek\/jo-hatassal-vannak-a-foglalkoztatasra-a-kulfoldi-diakok\/#webpage","url":"https:\/\/allasorias.hu\/hirek\/jo-hatassal-vannak-a-foglalkoztatasra-a-kulfoldi-diakok\/","name":"J\u00f3 hat\u00e1ssal vannak a foglalkoztat\u00e1sra a k\u00fclf\u00f6ldi di\u00e1kok | AllasOrias.hu | H\u00edrek-lapszemle","description":"Egy kutat\u00e1s szerint a magyar foglalkoztat\u00e1sra j\u00f3 hat\u00e1ssal vannak a k\u00fclf\u00f6ldi di\u00e1kok, kiknek sz\u00e1ma n\u00f6vekv\u0151 tendenci\u00e1t mutat haz\u00e1nkban. Felm\u00e9rt\u00e9k, hogy mik\u00e9nt hat a magyar gazdas\u00e1gra \u00e9s munkaer\u0151piacra a k\u00fclf\u00f6ldi hallgat\u00f3k jelenl\u00e9te, akik h\u00e1romszor annyian vannak, mint 20 \u00e9ve. K\u00e9t \u00e9vtized alatt t\u00f6bb mint h\u00e1romszoros\u00e1ra emelkedett a magyarorsz\u00e1gi fels\u0151oktat\u00e1sban tanul\u00f3 k\u00fclf\u00f6ldi hallgat\u00f3k sz\u00e1ma - \u00edrja a","inLanguage":"hu-HU","isPartOf":{"@id":"https:\/\/allasorias.hu\/hirek\/#website"},"breadcrumb":{"@id":"https:\/\/allasorias.hu\/hirek\/jo-hatassal-vannak-a-foglalkoztatasra-a-kulfoldi-diakok\/#breadcrumblist"},"author":{"@id":"https:\/\/allasorias.hu\/hirek\/author\/admin-allasorias\/#author"},"creator":{"@id":"https:\/\/allasorias.hu\/hirek\/author\/admin-allasorias\/#author"},"image":{"@type":"ImageObject","url":"https:\/\/allasorias.hu\/hirek\/wp-content\/uploads\/2020\/10\/4531-1.jpg","@id":"https:\/\/allasorias.hu\/hirek\/jo-hatassal-vannak-a-foglalkoztatasra-a-kulfoldi-diakok\/#mainImage","width":1000,"height":536,"caption":"Group of happy young students in a university."},"primaryImageOfPage":{"@id":"https:\/\/allasorias.hu\/hirek\/jo-hatassal-vannak-a-foglalkoztatasra-a-kulfoldi-diakok\/#mainImage"},"datePublished":"2020-10-05T07:24:13+02:00","dateModified":"2020-10-05T07:25:27+02:00"},{"@type":"WebSite","@id":"https:\/\/allasorias.hu\/hirek\/#website","url":"https:\/\/allasorias.hu\/hirek\/","name":"AllasOrias.hu | H\u00edrek-lapszemle","description":"\u00dczleti h\u00edrek az \u00e1ll\u00e1s \u00e9s a munka vil\u00e1g\u00e1b\u00f3l","inLanguage":"hu-HU","publisher":{"@id":"https:\/\/allasorias.hu\/hirek\/#organization"}}]},"og:locale":"hu_HU","og:site_name":"AllasOrias.hu | H\u00edrek-lapszemle | \u00dczleti h\u00edrek az \u00e1ll\u00e1s \u00e9s a munka vil\u00e1g\u00e1b\u00f3l","og:type":"article","og:title":"J\u00f3 hat\u00e1ssal vannak a foglalkoztat\u00e1sra a k\u00fclf\u00f6ldi di\u00e1kok | AllasOrias.hu | H\u00edrek-lapszemle","og:description":"Egy kutat\u00e1s szerint a magyar foglalkoztat\u00e1sra j\u00f3 hat\u00e1ssal vannak a k\u00fclf\u00f6ldi di\u00e1kok, kiknek sz\u00e1ma n\u00f6vekv\u0151 tendenci\u00e1t mutat haz\u00e1nkban. Felm\u00e9rt\u00e9k, hogy mik\u00e9nt hat a magyar gazdas\u00e1gra \u00e9s munkaer\u0151piacra a k\u00fclf\u00f6ldi hallgat\u00f3k jelenl\u00e9te, akik h\u00e1romszor annyian vannak, mint 20 \u00e9ve. K\u00e9t \u00e9vtized alatt t\u00f6bb mint h\u00e1romszoros\u00e1ra emelkedett a magyarorsz\u00e1gi fels\u0151oktat\u00e1sban tanul\u00f3 k\u00fclf\u00f6ldi hallgat\u00f3k sz\u00e1ma - \u00edrja a","og:url":"https:\/\/allasorias.hu\/hirek\/jo-hatassal-vannak-a-foglalkoztatasra-a-kulfoldi-diakok\/","og:image":"https:\/\/allasorias.hu\/hirek\/wp-content\/uploads\/2020\/10\/4531-1.jpg","og:image:secure_url":"https:\/\/allasorias.hu\/hirek\/wp-content\/uploads\/2020\/10\/4531-1.jpg","og:image:width":1000,"og:image:height":536,"article:published_time":"2020-10-05T07:24:13+00:00","article:modified_time":"2020-10-05T07:25:27+00:00","article:publisher":"https:\/\/www.facebook.com\/allasorias","twitter:card":"summary_large_image","twitter:title":"J\u00f3 hat\u00e1ssal vannak a foglalkoztat\u00e1sra a k\u00fclf\u00f6ldi di\u00e1kok | AllasOrias.hu | H\u00edrek-lapszemle","twitter:description":"Egy kutat\u00e1s szerint a magyar foglalkoztat\u00e1sra j\u00f3 hat\u00e1ssal vannak a k\u00fclf\u00f6ldi di\u00e1kok, kiknek sz\u00e1ma n\u00f6vekv\u0151 tendenci\u00e1t mutat haz\u00e1nkban. Felm\u00e9rt\u00e9k, hogy mik\u00e9nt hat a magyar gazdas\u00e1gra \u00e9s munkaer\u0151piacra a k\u00fclf\u00f6ldi hallgat\u00f3k jelenl\u00e9te, akik h\u00e1romszor annyian vannak, mint 20 \u00e9ve. K\u00e9t \u00e9vtized alatt t\u00f6bb mint h\u00e1romszoros\u00e1ra emelkedett a magyarorsz\u00e1gi fels\u0151oktat\u00e1sban tanul\u00f3 k\u00fclf\u00f6ldi hallgat\u00f3k sz\u00e1ma - \u00edrja a","twitter:image":"https:\/\/allasorias.hu\/hirek\/wp-content\/uploads\/2020\/10\/4531-1.jpg","twitter:label1":"Written by","twitter:data1":"Juh\u00e1sz P\u00e9ter","twitter:label2":"Est. reading time","twitter:data2":"2 minutes"},"aioseo_meta_data":{"post_id":"4284","title":null,"description":"","keywords":"","keyphrases":null,"primary_term":null,"canonical_url":"","og_title":null,"og_description":null,"og_object_type":"default","og_image_type":"default","og_image_url":null,"og_image_width":null,"og_image_height":null,"og_image_custom_url":null,"og_image_custom_fields":null,"og_video":null,"og_custom_url":null,"og_article_section":null,"og_article_tags":null,"twitter_use_og":false,"twitter_card":"default","twitter_image_type":"default","twitter_image_url":null,"twitter_image_custom_url":null,"twitter_image_custom_fields":null,"twitter_title":null,"twitter_description":null,"schema":{"blockGraphs":[],"customGraphs":[],"default":{"data":{"Article":[],"Course":[],"Dataset":[],"FAQPage":[],"Movie":[],"Person":[],"Product":[],"ProductReview":[],"Car":[],"Recipe":[],"Service":[],"SoftwareApplication":[],"WebPage":[]},"graphName":"","isEnabled":true},"graphs":[],"defaultGraph":"","defaultPostTypeGraph":""},"schema_type":null,"schema_type_options":null,"pillar_content":false,"robots_default":true,"robots_noindex":false,"robots_noarchive":false,"robots_nosnippet":false,"robots_nofollow":false,"robots_noimageindex":false,"robots_noodp":false,"robots_notranslate":false,"robots_max_snippet":null,"robots_max_videopreview":null,"robots_max_imagepreview":"large","priority":null,"frequency":null,"location":null,"local_seo":null,"breadcrumb_settings":null,"limit_modified_date":false,"ai":null,"created":"2021-02-01 20:46:00","updated":"2025-10-02 14:55:50","seo_analyzer_scan_date":null,"focus_keyword":null,"additional_keywords":null,"truseo_locale":null},"aioseo_breadcrumb":"<div class=\"aioseo-breadcrumbs\"><span class=\"aioseo-breadcrumb\">\n\t\t\t<a href=\"https:\/\/allasorias.hu\/hirek\" title=\"Home\">Home<\/a>\n\t\t<\/span><span class=\"aioseo-breadcrumb-separator\">&raquo;<\/span><span class=\"aioseo-breadcrumb\">\n\t\t\t<a href=\"https:\/\/allasorias.hu\/hirek\/temak\/munkaeropiac\/\" title=\"Munkaer\u0151piac\">Munkaer\u0151piac<\/a>\n\t\t<\/span><span class=\"aioseo-breadcrumb-separator\">&raquo;<\/span><span class=\"aioseo-breadcrumb\">\n\t\t\tJ\u00f3 hat\u00e1ssal vannak a foglalkoztat\u00e1sra a k\u00fclf\u00f6ldi di\u00e1kok\n\t\t<\/span><\/div>","aioseo_breadcrumb_json":[{"label":"Home","link":"https:\/\/allasorias.hu\/hirek"},{"label":"Munkaer\u0151piac","link":"https:\/\/allasorias.hu\/hirek\/temak\/munkaeropiac\/"},{"label":"J\u00f3 hat\u00e1ssal vannak a foglalkoztat\u00e1sra a k\u00fclf\u00f6ldi di\u00e1kok","link":"https:\/\/allasorias.hu\/hirek\/jo-hatassal-vannak-a-foglalkoztatasra-a-kulfoldi-diakok\/"}],"_links":{"self":[{"href":"https:\/\/allasorias.hu\/hirek\/wp-json\/wp\/v2\/posts\/4284","targetHints":{"allow":["GET"]}}],"collection":[{"href":"https:\/\/allasorias.hu\/hirek\/wp-json\/wp\/v2\/posts"}],"about":[{"href":"https:\/\/allasorias.hu\/hirek\/wp-json\/wp\/v2\/types\/post"}],"author":[{"embeddable":true,"href":"https:\/\/allasorias.hu\/hirek\/wp-json\/wp\/v2\/users\/1"}],"replies":[{"embeddable":true,"href":"https:\/\/allasorias.hu\/hirek\/wp-json\/wp\/v2\/comments?post=4284"}],"version-history":[{"count":1,"href":"https:\/\/allasorias.hu\/hirek\/wp-json\/wp\/v2\/posts\/4284\/revisions"}],"predecessor-version":[{"id":4286,"href":"https:\/\/allasorias.hu\/hirek\/wp-json\/wp\/v2\/posts\/4284\/revisions\/4286"}],"wp:featuredmedia":[{"embeddable":true,"href":"https:\/\/allasorias.hu\/hirek\/wp-json\/wp\/v2\/media\/4287"}],"wp:attachment":[{"href":"https:\/\/allasorias.hu\/hirek\/wp-json\/wp\/v2\/media?parent=4284"}],"wp:term":[{"taxonomy":"category","embeddable":true,"href":"https:\/\/allasorias.hu\/hirek\/wp-json\/wp\/v2\/categories?post=4284"},{"taxonomy":"post_tag","embeddable":true,"href":"https:\/\/allasorias.hu\/hirek\/wp-json\/wp\/v2\/tags?post=4284"}],"curies":[{"name":"wp","href":"https:\/\/api.w.org\/{rel}","templated":true}]}}