{"id":4281,"date":"2020-10-02T07:37:29","date_gmt":"2020-10-02T07:37:29","guid":{"rendered":"https:\/\/allasorias.hu\/hirek\/?p=4281"},"modified":"2020-10-02T07:37:29","modified_gmt":"2020-10-02T07:37:29","slug":"tamogatas-a-mentosoknek-az-ado-egy-szazalekaval","status":"publish","type":"post","link":"https:\/\/allasorias.hu\/hirek\/tamogatas-a-mentosoknek-az-ado-egy-szazalekaval\/","title":{"rendered":"T\u00e1mogat\u00e1s a ment\u0151s\u00f6knek az ad\u00f3 egy sz\u00e1zal\u00e9k\u00e1val"},"content":{"rendered":"<p><strong>A Vil\u00e1ggazdas\u00e1g szerint cs\u00f6kkent azok sz\u00e1ma, akik ad\u00f3juk egy sz\u00e1zal\u00e9k\u00e1val civil szervezeteket t\u00e1mogatnak. Tal\u00e1n a koronav\u00edrus j\u00e1rv\u00e1nynak is k\u00f6sz\u00f6nhet\u0151en a ment\u0151s\u00f6ket t\u00f6bben t\u00e1mogatj\u00e1k.<\/strong><\/p>\n<p>Id\u00e9n az Orsz\u00e1gos Ment\u0151szolg\u00e1lat Alap\u00edtv\u00e1nynak aj\u00e1nlott\u00e1k fel legt\u00f6bben ad\u00f3juk 1 sz\u00e1zal\u00e9k\u00e1t &#8211; \u00edrja a Vil\u00e1ggazdas\u00e1g. A ment\u0151s\u00f6knek egy \u00e9v alatt b\u0151 sz\u00e1zmilli\u00f3 forinttal t\u00f6bb felaj\u00e1nl\u00e1s \u00e9rkezett, ezzel \u0151k lettek a legt\u00e1mogatottabb szervezet. Az ad\u00f3hivatal statisztik\u00e1j\u00e1b\u00f3l kider\u00fcl, hogy folyamatosan cs\u00f6kken a civil szervezeteket t\u00e1mogat\u00f3k k\u00f6re, az egyh\u00e1zakat viszont egyre t\u00f6bben t\u00e1mogatj\u00e1k. Az Orsz\u00e1gos Ment\u0151szolg\u00e1lat Alap\u00edtv\u00e1nyt 231 milli\u00f3, a Heim P\u00e1l Gyermekk\u00f3rh\u00e1zat 186 milli\u00f3 forint adom\u00e1nnyal t\u00e1mogatt\u00e1k az ad\u00f3fizet\u0151k. A Magyarorsz\u00e1gi Krisna-tudat\u00fa H\u00edv\u0151k K\u00f6z\u00f6ss\u00e9ge 448 milli\u00f3 forint, a Magyarorsz\u00e1gi Evang\u00e9likus Egyh\u00e1z pedig 477 milli\u00f3 forintot kapott.<\/p>\n<p>Forr\u00e1s. hrportal.hu<\/p>\n","protected":false},"excerpt":{"rendered":"<p>A Vil\u00e1ggazdas\u00e1g szerint cs\u00f6kkent azok sz\u00e1ma, akik ad\u00f3juk egy sz\u00e1zal\u00e9k\u00e1val civil szervezeteket t\u00e1mogatnak. Tal\u00e1n a koronav\u00edrus j\u00e1rv\u00e1nynak is k\u00f6sz\u00f6nhet\u0151en a ment\u0151s\u00f6ket t\u00f6bben t\u00e1mogatj\u00e1k. Id\u00e9n az Orsz\u00e1gos Ment\u0151szolg\u00e1lat Alap\u00edtv\u00e1nynak aj\u00e1nlott\u00e1k fel legt\u00f6bben ad\u00f3juk 1 sz\u00e1zal\u00e9k\u00e1t &#8211; \u00edrja a Vil\u00e1ggazdas\u00e1g. A ment\u0151s\u00f6knek egy \u00e9v alatt b\u0151 sz\u00e1zmilli\u00f3 forinttal t\u00f6bb felaj\u00e1nl\u00e1s \u00e9rkezett, ezzel \u0151k lettek a legt\u00e1mogatottabb szervezet. [&hellip;]<\/p>\n","protected":false},"author":1,"featured_media":4282,"comment_status":"open","ping_status":"open","sticky":false,"template":"","format":"standard","meta":{"_monsterinsights_skip_tracking":false,"footnotes":""},"categories":[198],"tags":[],"class_list":["post-4281","post","type-post","status-publish","format-standard","has-post-thumbnail","hentry","category-gazdasag"],"aioseo_notices":[],"aioseo_head":"\n\t\t<!-- All in One SEO 5.0.0.1 - aioseo.com -->\n\t<meta name=\"description\" content=\"A Vil\u00e1ggazdas\u00e1g szerint cs\u00f6kkent azok sz\u00e1ma, akik ad\u00f3juk egy sz\u00e1zal\u00e9k\u00e1val civil szervezeteket t\u00e1mogatnak. Tal\u00e1n a koronav\u00edrus j\u00e1rv\u00e1nynak is k\u00f6sz\u00f6nhet\u0151en a ment\u0151s\u00f6ket t\u00f6bben t\u00e1mogatj\u00e1k. Id\u00e9n az Orsz\u00e1gos Ment\u0151szolg\u00e1lat Alap\u00edtv\u00e1nynak aj\u00e1nlott\u00e1k fel legt\u00f6bben ad\u00f3juk 1 sz\u00e1zal\u00e9k\u00e1t - \u00edrja a Vil\u00e1ggazdas\u00e1g. A ment\u0151s\u00f6knek egy \u00e9v alatt b\u0151 sz\u00e1zmilli\u00f3 forinttal t\u00f6bb felaj\u00e1nl\u00e1s \u00e9rkezett, ezzel \u0151k lettek a legt\u00e1mogatottabb szervezet.\" \/>\n\t<meta name=\"robots\" content=\"max-image-preview:large\" \/>\n\t<meta name=\"author\" content=\"Juh\u00e1sz P\u00e9ter\"\/>\n\t<link rel=\"canonical\" href=\"https:\/\/allasorias.hu\/hirek\/tamogatas-a-mentosoknek-az-ado-egy-szazalekaval\/\" \/>\n\t<meta name=\"generator\" content=\"All in One SEO (AIOSEO) 5.0.0.1\" \/>\n\t\t<meta property=\"og:locale\" content=\"hu_HU\" \/>\n\t\t<meta property=\"og:site_name\" content=\"AllasOrias.hu | H\u00edrek-lapszemle | \u00dczleti h\u00edrek az \u00e1ll\u00e1s \u00e9s a munka vil\u00e1g\u00e1b\u00f3l\" \/>\n\t\t<meta property=\"og:type\" content=\"article\" \/>\n\t\t<meta property=\"og:title\" content=\"T\u00e1mogat\u00e1s a ment\u0151s\u00f6knek az ad\u00f3 egy sz\u00e1zal\u00e9k\u00e1val | AllasOrias.hu | H\u00edrek-lapszemle\" \/>\n\t\t<meta property=\"og:description\" content=\"A Vil\u00e1ggazdas\u00e1g szerint cs\u00f6kkent azok sz\u00e1ma, akik ad\u00f3juk egy sz\u00e1zal\u00e9k\u00e1val civil szervezeteket t\u00e1mogatnak. Tal\u00e1n a koronav\u00edrus j\u00e1rv\u00e1nynak is k\u00f6sz\u00f6nhet\u0151en a ment\u0151s\u00f6ket t\u00f6bben t\u00e1mogatj\u00e1k. Id\u00e9n az Orsz\u00e1gos Ment\u0151szolg\u00e1lat Alap\u00edtv\u00e1nynak aj\u00e1nlott\u00e1k fel legt\u00f6bben ad\u00f3juk 1 sz\u00e1zal\u00e9k\u00e1t - \u00edrja a Vil\u00e1ggazdas\u00e1g. A ment\u0151s\u00f6knek egy \u00e9v alatt b\u0151 sz\u00e1zmilli\u00f3 forinttal t\u00f6bb felaj\u00e1nl\u00e1s \u00e9rkezett, ezzel \u0151k lettek a legt\u00e1mogatottabb szervezet.\" \/>\n\t\t<meta property=\"og:url\" content=\"https:\/\/allasorias.hu\/hirek\/tamogatas-a-mentosoknek-az-ado-egy-szazalekaval\/\" \/>\n\t\t<meta property=\"og:image\" content=\"https:\/\/allasorias.hu\/hirek\/wp-content\/uploads\/2020\/10\/908.jpg\" \/>\n\t\t<meta property=\"og:image:secure_url\" content=\"https:\/\/allasorias.hu\/hirek\/wp-content\/uploads\/2020\/10\/908.jpg\" \/>\n\t\t<meta property=\"og:image:width\" content=\"1000\" \/>\n\t\t<meta property=\"og:image:height\" content=\"667\" \/>\n\t\t<meta property=\"article:published_time\" content=\"2020-10-02T07:37:29+00:00\" \/>\n\t\t<meta property=\"article:modified_time\" content=\"2020-10-02T07:37:29+00:00\" \/>\n\t\t<meta property=\"article:publisher\" content=\"https:\/\/www.facebook.com\/allasorias\" \/>\n\t\t<meta name=\"twitter:card\" content=\"summary_large_image\" \/>\n\t\t<meta name=\"twitter:title\" content=\"T\u00e1mogat\u00e1s a ment\u0151s\u00f6knek az ad\u00f3 egy sz\u00e1zal\u00e9k\u00e1val | AllasOrias.hu | H\u00edrek-lapszemle\" \/>\n\t\t<meta name=\"twitter:description\" content=\"A Vil\u00e1ggazdas\u00e1g szerint cs\u00f6kkent azok sz\u00e1ma, akik ad\u00f3juk egy sz\u00e1zal\u00e9k\u00e1val civil szervezeteket t\u00e1mogatnak. Tal\u00e1n a koronav\u00edrus j\u00e1rv\u00e1nynak is k\u00f6sz\u00f6nhet\u0151en a ment\u0151s\u00f6ket t\u00f6bben t\u00e1mogatj\u00e1k. Id\u00e9n az Orsz\u00e1gos Ment\u0151szolg\u00e1lat Alap\u00edtv\u00e1nynak aj\u00e1nlott\u00e1k fel legt\u00f6bben ad\u00f3juk 1 sz\u00e1zal\u00e9k\u00e1t - \u00edrja a Vil\u00e1ggazdas\u00e1g. A ment\u0151s\u00f6knek egy \u00e9v alatt b\u0151 sz\u00e1zmilli\u00f3 forinttal t\u00f6bb felaj\u00e1nl\u00e1s \u00e9rkezett, ezzel \u0151k lettek a legt\u00e1mogatottabb szervezet.\" \/>\n\t\t<meta name=\"twitter:image\" content=\"https:\/\/allasorias.hu\/hirek\/wp-content\/uploads\/2020\/10\/908.jpg\" \/>\n\t\t<meta name=\"twitter:label1\" content=\"Written by\" \/>\n\t\t<meta name=\"twitter:data1\" content=\"Juh\u00e1sz P\u00e9ter\" \/>\n\t\t<meta name=\"twitter:label2\" content=\"Est. reading time\" \/>\n\t\t<meta name=\"twitter:data2\" content=\"1 minute\" \/>\n\t\t<script type=\"application\/ld+json\" class=\"aioseo-schema\">\n\t\t\t{\"@context\":\"https:\\\/\\\/schema.org\",\"@graph\":[{\"@type\":\"Article\",\"@id\":\"https:\\\/\\\/allasorias.hu\\\/hirek\\\/tamogatas-a-mentosoknek-az-ado-egy-szazalekaval\\\/#article\",\"name\":\"T\\u00e1mogat\\u00e1s a ment\\u0151s\\u00f6knek az ad\\u00f3 egy sz\\u00e1zal\\u00e9k\\u00e1val | AllasOrias.hu | H\\u00edrek-lapszemle\",\"headline\":\"T\\u00e1mogat\\u00e1s a ment\\u0151s\\u00f6knek az ad\\u00f3 egy sz\\u00e1zal\\u00e9k\\u00e1val\",\"author\":{\"@id\":\"https:\\\/\\\/allasorias.hu\\\/hirek\\\/author\\\/admin-allasorias\\\/#author\"},\"publisher\":{\"@id\":\"https:\\\/\\\/allasorias.hu\\\/hirek\\\/#organization\"},\"image\":{\"@type\":\"ImageObject\",\"url\":\"https:\\\/\\\/allasorias.hu\\\/hirek\\\/wp-content\\\/uploads\\\/2020\\\/10\\\/908.jpg\",\"width\":1000,\"height\":667,\"caption\":\"adult and child hands holding red heart on aqua background, heart health, donation, CSR concept, world heart day, world health day, family day\"},\"datePublished\":\"2020-10-02T07:37:29+02:00\",\"dateModified\":\"2020-10-02T07:37:29+02:00\",\"inLanguage\":\"hu-HU\",\"mainEntityOfPage\":{\"@id\":\"https:\\\/\\\/allasorias.hu\\\/hirek\\\/tamogatas-a-mentosoknek-az-ado-egy-szazalekaval\\\/#webpage\"},\"isPartOf\":{\"@id\":\"https:\\\/\\\/allasorias.hu\\\/hirek\\\/tamogatas-a-mentosoknek-az-ado-egy-szazalekaval\\\/#webpage\"},\"articleSection\":\"Gazdas\\u00e1g\"},{\"@type\":\"BreadcrumbList\",\"@id\":\"https:\\\/\\\/allasorias.hu\\\/hirek\\\/tamogatas-a-mentosoknek-az-ado-egy-szazalekaval\\\/#breadcrumblist\",\"itemListElement\":[{\"@type\":\"ListItem\",\"@id\":\"https:\\\/\\\/allasorias.hu\\\/hirek#listItem\",\"position\":1,\"name\":\"Home\",\"item\":\"https:\\\/\\\/allasorias.hu\\\/hirek\",\"nextItem\":{\"@type\":\"ListItem\",\"@id\":\"https:\\\/\\\/allasorias.hu\\\/hirek\\\/temak\\\/gazdasag\\\/#listItem\",\"name\":\"Gazdas\\u00e1g\"}},{\"@type\":\"ListItem\",\"@id\":\"https:\\\/\\\/allasorias.hu\\\/hirek\\\/temak\\\/gazdasag\\\/#listItem\",\"position\":2,\"name\":\"Gazdas\\u00e1g\",\"item\":\"https:\\\/\\\/allasorias.hu\\\/hirek\\\/temak\\\/gazdasag\\\/\",\"nextItem\":{\"@type\":\"ListItem\",\"@id\":\"https:\\\/\\\/allasorias.hu\\\/hirek\\\/tamogatas-a-mentosoknek-az-ado-egy-szazalekaval\\\/#listItem\",\"name\":\"T\\u00e1mogat\\u00e1s a ment\\u0151s\\u00f6knek az ad\\u00f3 egy sz\\u00e1zal\\u00e9k\\u00e1val\"},\"previousItem\":{\"@type\":\"ListItem\",\"@id\":\"https:\\\/\\\/allasorias.hu\\\/hirek#listItem\",\"name\":\"Home\"}},{\"@type\":\"ListItem\",\"@id\":\"https:\\\/\\\/allasorias.hu\\\/hirek\\\/tamogatas-a-mentosoknek-az-ado-egy-szazalekaval\\\/#listItem\",\"position\":3,\"name\":\"T\\u00e1mogat\\u00e1s a ment\\u0151s\\u00f6knek az ad\\u00f3 egy sz\\u00e1zal\\u00e9k\\u00e1val\",\"previousItem\":{\"@type\":\"ListItem\",\"@id\":\"https:\\\/\\\/allasorias.hu\\\/hirek\\\/temak\\\/gazdasag\\\/#listItem\",\"name\":\"Gazdas\\u00e1g\"}}]},{\"@type\":\"Organization\",\"@id\":\"https:\\\/\\\/allasorias.hu\\\/hirek\\\/#organization\",\"name\":\"AllasOrias.hu | H\\u00edrek-lapszemle\",\"description\":\"\\u00dczleti h\\u00edrek az \\u00e1ll\\u00e1s \\u00e9s a munka vil\\u00e1g\\u00e1b\\u00f3l\",\"url\":\"https:\\\/\\\/allasorias.hu\\\/hirek\\\/\",\"logo\":{\"@type\":\"ImageObject\",\"url\":\"https:\\\/\\\/allasorias.hu\\\/hirek\\\/wp-content\\\/uploads\\\/2022\\\/10\\\/allasorias_site_facebok_logo.png\",\"@id\":\"https:\\\/\\\/allasorias.hu\\\/hirek\\\/tamogatas-a-mentosoknek-az-ado-egy-szazalekaval\\\/#organizationLogo\"},\"image\":{\"@id\":\"https:\\\/\\\/allasorias.hu\\\/hirek\\\/tamogatas-a-mentosoknek-az-ado-egy-szazalekaval\\\/#organizationLogo\"},\"sameAs\":[\"https:\\\/\\\/www.facebook.com\\\/allasorias\",\"https:\\\/\\\/www.linkedin.com\\\/company\\\/allasorias\"]},{\"@type\":\"Person\",\"@id\":\"https:\\\/\\\/allasorias.hu\\\/hirek\\\/author\\\/admin-allasorias\\\/#author\",\"url\":\"https:\\\/\\\/allasorias.hu\\\/hirek\\\/author\\\/admin-allasorias\\\/\",\"name\":\"Juh\\u00e1sz P\\u00e9ter\",\"image\":{\"@type\":\"ImageObject\",\"@id\":\"https:\\\/\\\/allasorias.hu\\\/hirek\\\/tamogatas-a-mentosoknek-az-ado-egy-szazalekaval\\\/#authorImage\",\"url\":\"https:\\\/\\\/secure.gravatar.com\\\/avatar\\\/36e6bcb83148978b992977cb0f54d22feb0cce8a0a849a9410532bb2623ba4c6?s=96&d=mm&r=g\",\"width\":96,\"height\":96,\"caption\":\"Juh\\u00e1sz P\\u00e9ter\"}},{\"@type\":\"WebPage\",\"@id\":\"https:\\\/\\\/allasorias.hu\\\/hirek\\\/tamogatas-a-mentosoknek-az-ado-egy-szazalekaval\\\/#webpage\",\"url\":\"https:\\\/\\\/allasorias.hu\\\/hirek\\\/tamogatas-a-mentosoknek-az-ado-egy-szazalekaval\\\/\",\"name\":\"T\\u00e1mogat\\u00e1s a ment\\u0151s\\u00f6knek az ad\\u00f3 egy sz\\u00e1zal\\u00e9k\\u00e1val | AllasOrias.hu | H\\u00edrek-lapszemle\",\"description\":\"A Vil\\u00e1ggazdas\\u00e1g szerint cs\\u00f6kkent azok sz\\u00e1ma, akik ad\\u00f3juk egy sz\\u00e1zal\\u00e9k\\u00e1val civil szervezeteket t\\u00e1mogatnak. Tal\\u00e1n a koronav\\u00edrus j\\u00e1rv\\u00e1nynak is k\\u00f6sz\\u00f6nhet\\u0151en a ment\\u0151s\\u00f6ket t\\u00f6bben t\\u00e1mogatj\\u00e1k. Id\\u00e9n az Orsz\\u00e1gos Ment\\u0151szolg\\u00e1lat Alap\\u00edtv\\u00e1nynak aj\\u00e1nlott\\u00e1k fel legt\\u00f6bben ad\\u00f3juk 1 sz\\u00e1zal\\u00e9k\\u00e1t - \\u00edrja a Vil\\u00e1ggazdas\\u00e1g. A ment\\u0151s\\u00f6knek egy \\u00e9v alatt b\\u0151 sz\\u00e1zmilli\\u00f3 forinttal t\\u00f6bb felaj\\u00e1nl\\u00e1s \\u00e9rkezett, ezzel \\u0151k lettek a legt\\u00e1mogatottabb szervezet.\",\"inLanguage\":\"hu-HU\",\"isPartOf\":{\"@id\":\"https:\\\/\\\/allasorias.hu\\\/hirek\\\/#website\"},\"breadcrumb\":{\"@id\":\"https:\\\/\\\/allasorias.hu\\\/hirek\\\/tamogatas-a-mentosoknek-az-ado-egy-szazalekaval\\\/#breadcrumblist\"},\"author\":{\"@id\":\"https:\\\/\\\/allasorias.hu\\\/hirek\\\/author\\\/admin-allasorias\\\/#author\"},\"creator\":{\"@id\":\"https:\\\/\\\/allasorias.hu\\\/hirek\\\/author\\\/admin-allasorias\\\/#author\"},\"image\":{\"@type\":\"ImageObject\",\"url\":\"https:\\\/\\\/allasorias.hu\\\/hirek\\\/wp-content\\\/uploads\\\/2020\\\/10\\\/908.jpg\",\"@id\":\"https:\\\/\\\/allasorias.hu\\\/hirek\\\/tamogatas-a-mentosoknek-az-ado-egy-szazalekaval\\\/#mainImage\",\"width\":1000,\"height\":667,\"caption\":\"adult and child hands holding red heart on aqua background, heart health, donation, CSR concept, world heart day, world health day, family day\"},\"primaryImageOfPage\":{\"@id\":\"https:\\\/\\\/allasorias.hu\\\/hirek\\\/tamogatas-a-mentosoknek-az-ado-egy-szazalekaval\\\/#mainImage\"},\"datePublished\":\"2020-10-02T07:37:29+02:00\",\"dateModified\":\"2020-10-02T07:37:29+02:00\"},{\"@type\":\"WebSite\",\"@id\":\"https:\\\/\\\/allasorias.hu\\\/hirek\\\/#website\",\"url\":\"https:\\\/\\\/allasorias.hu\\\/hirek\\\/\",\"name\":\"AllasOrias.hu | H\\u00edrek-lapszemle\",\"description\":\"\\u00dczleti h\\u00edrek az \\u00e1ll\\u00e1s \\u00e9s a munka vil\\u00e1g\\u00e1b\\u00f3l\",\"inLanguage\":\"hu-HU\",\"publisher\":{\"@id\":\"https:\\\/\\\/allasorias.hu\\\/hirek\\\/#organization\"}}]}\n\t\t<\/script>\n\t\t<!-- All in One SEO -->\n\n","aioseo_head_json":{"title":"T\u00e1mogat\u00e1s a ment\u0151s\u00f6knek az ad\u00f3 egy sz\u00e1zal\u00e9k\u00e1val | AllasOrias.hu | H\u00edrek-lapszemle","description":"A Vil\u00e1ggazdas\u00e1g szerint cs\u00f6kkent azok sz\u00e1ma, akik ad\u00f3juk egy sz\u00e1zal\u00e9k\u00e1val civil szervezeteket t\u00e1mogatnak. Tal\u00e1n a koronav\u00edrus j\u00e1rv\u00e1nynak is k\u00f6sz\u00f6nhet\u0151en a ment\u0151s\u00f6ket t\u00f6bben t\u00e1mogatj\u00e1k. Id\u00e9n az Orsz\u00e1gos Ment\u0151szolg\u00e1lat Alap\u00edtv\u00e1nynak aj\u00e1nlott\u00e1k fel legt\u00f6bben ad\u00f3juk 1 sz\u00e1zal\u00e9k\u00e1t - \u00edrja a Vil\u00e1ggazdas\u00e1g. A ment\u0151s\u00f6knek egy \u00e9v alatt b\u0151 sz\u00e1zmilli\u00f3 forinttal t\u00f6bb felaj\u00e1nl\u00e1s \u00e9rkezett, ezzel \u0151k lettek a legt\u00e1mogatottabb szervezet.","canonical_url":"https:\/\/allasorias.hu\/hirek\/tamogatas-a-mentosoknek-az-ado-egy-szazalekaval\/","robots":"max-image-preview:large","keywords":"","webmasterTools":{"miscellaneous":""},"schema":{"@context":"https:\/\/schema.org","@graph":[{"@type":"Article","@id":"https:\/\/allasorias.hu\/hirek\/tamogatas-a-mentosoknek-az-ado-egy-szazalekaval\/#article","name":"T\u00e1mogat\u00e1s a ment\u0151s\u00f6knek az ad\u00f3 egy sz\u00e1zal\u00e9k\u00e1val | AllasOrias.hu | H\u00edrek-lapszemle","headline":"T\u00e1mogat\u00e1s a ment\u0151s\u00f6knek az ad\u00f3 egy sz\u00e1zal\u00e9k\u00e1val","author":{"@id":"https:\/\/allasorias.hu\/hirek\/author\/admin-allasorias\/#author"},"publisher":{"@id":"https:\/\/allasorias.hu\/hirek\/#organization"},"image":{"@type":"ImageObject","url":"https:\/\/allasorias.hu\/hirek\/wp-content\/uploads\/2020\/10\/908.jpg","width":1000,"height":667,"caption":"adult and child hands holding red heart on aqua background, heart health, donation, CSR concept, world heart day, world health day, family day"},"datePublished":"2020-10-02T07:37:29+02:00","dateModified":"2020-10-02T07:37:29+02:00","inLanguage":"hu-HU","mainEntityOfPage":{"@id":"https:\/\/allasorias.hu\/hirek\/tamogatas-a-mentosoknek-az-ado-egy-szazalekaval\/#webpage"},"isPartOf":{"@id":"https:\/\/allasorias.hu\/hirek\/tamogatas-a-mentosoknek-az-ado-egy-szazalekaval\/#webpage"},"articleSection":"Gazdas\u00e1g"},{"@type":"BreadcrumbList","@id":"https:\/\/allasorias.hu\/hirek\/tamogatas-a-mentosoknek-az-ado-egy-szazalekaval\/#breadcrumblist","itemListElement":[{"@type":"ListItem","@id":"https:\/\/allasorias.hu\/hirek#listItem","position":1,"name":"Home","item":"https:\/\/allasorias.hu\/hirek","nextItem":{"@type":"ListItem","@id":"https:\/\/allasorias.hu\/hirek\/temak\/gazdasag\/#listItem","name":"Gazdas\u00e1g"}},{"@type":"ListItem","@id":"https:\/\/allasorias.hu\/hirek\/temak\/gazdasag\/#listItem","position":2,"name":"Gazdas\u00e1g","item":"https:\/\/allasorias.hu\/hirek\/temak\/gazdasag\/","nextItem":{"@type":"ListItem","@id":"https:\/\/allasorias.hu\/hirek\/tamogatas-a-mentosoknek-az-ado-egy-szazalekaval\/#listItem","name":"T\u00e1mogat\u00e1s a ment\u0151s\u00f6knek az ad\u00f3 egy sz\u00e1zal\u00e9k\u00e1val"},"previousItem":{"@type":"ListItem","@id":"https:\/\/allasorias.hu\/hirek#listItem","name":"Home"}},{"@type":"ListItem","@id":"https:\/\/allasorias.hu\/hirek\/tamogatas-a-mentosoknek-az-ado-egy-szazalekaval\/#listItem","position":3,"name":"T\u00e1mogat\u00e1s a ment\u0151s\u00f6knek az ad\u00f3 egy sz\u00e1zal\u00e9k\u00e1val","previousItem":{"@type":"ListItem","@id":"https:\/\/allasorias.hu\/hirek\/temak\/gazdasag\/#listItem","name":"Gazdas\u00e1g"}}]},{"@type":"Organization","@id":"https:\/\/allasorias.hu\/hirek\/#organization","name":"AllasOrias.hu | H\u00edrek-lapszemle","description":"\u00dczleti h\u00edrek az \u00e1ll\u00e1s \u00e9s a munka vil\u00e1g\u00e1b\u00f3l","url":"https:\/\/allasorias.hu\/hirek\/","logo":{"@type":"ImageObject","url":"https:\/\/allasorias.hu\/hirek\/wp-content\/uploads\/2022\/10\/allasorias_site_facebok_logo.png","@id":"https:\/\/allasorias.hu\/hirek\/tamogatas-a-mentosoknek-az-ado-egy-szazalekaval\/#organizationLogo"},"image":{"@id":"https:\/\/allasorias.hu\/hirek\/tamogatas-a-mentosoknek-az-ado-egy-szazalekaval\/#organizationLogo"},"sameAs":["https:\/\/www.facebook.com\/allasorias","https:\/\/www.linkedin.com\/company\/allasorias"]},{"@type":"Person","@id":"https:\/\/allasorias.hu\/hirek\/author\/admin-allasorias\/#author","url":"https:\/\/allasorias.hu\/hirek\/author\/admin-allasorias\/","name":"Juh\u00e1sz P\u00e9ter","image":{"@type":"ImageObject","@id":"https:\/\/allasorias.hu\/hirek\/tamogatas-a-mentosoknek-az-ado-egy-szazalekaval\/#authorImage","url":"https:\/\/secure.gravatar.com\/avatar\/36e6bcb83148978b992977cb0f54d22feb0cce8a0a849a9410532bb2623ba4c6?s=96&d=mm&r=g","width":96,"height":96,"caption":"Juh\u00e1sz P\u00e9ter"}},{"@type":"WebPage","@id":"https:\/\/allasorias.hu\/hirek\/tamogatas-a-mentosoknek-az-ado-egy-szazalekaval\/#webpage","url":"https:\/\/allasorias.hu\/hirek\/tamogatas-a-mentosoknek-az-ado-egy-szazalekaval\/","name":"T\u00e1mogat\u00e1s a ment\u0151s\u00f6knek az ad\u00f3 egy sz\u00e1zal\u00e9k\u00e1val | AllasOrias.hu | H\u00edrek-lapszemle","description":"A Vil\u00e1ggazdas\u00e1g szerint cs\u00f6kkent azok sz\u00e1ma, akik ad\u00f3juk egy sz\u00e1zal\u00e9k\u00e1val civil szervezeteket t\u00e1mogatnak. Tal\u00e1n a koronav\u00edrus j\u00e1rv\u00e1nynak is k\u00f6sz\u00f6nhet\u0151en a ment\u0151s\u00f6ket t\u00f6bben t\u00e1mogatj\u00e1k. Id\u00e9n az Orsz\u00e1gos Ment\u0151szolg\u00e1lat Alap\u00edtv\u00e1nynak aj\u00e1nlott\u00e1k fel legt\u00f6bben ad\u00f3juk 1 sz\u00e1zal\u00e9k\u00e1t - \u00edrja a Vil\u00e1ggazdas\u00e1g. A ment\u0151s\u00f6knek egy \u00e9v alatt b\u0151 sz\u00e1zmilli\u00f3 forinttal t\u00f6bb felaj\u00e1nl\u00e1s \u00e9rkezett, ezzel \u0151k lettek a legt\u00e1mogatottabb szervezet.","inLanguage":"hu-HU","isPartOf":{"@id":"https:\/\/allasorias.hu\/hirek\/#website"},"breadcrumb":{"@id":"https:\/\/allasorias.hu\/hirek\/tamogatas-a-mentosoknek-az-ado-egy-szazalekaval\/#breadcrumblist"},"author":{"@id":"https:\/\/allasorias.hu\/hirek\/author\/admin-allasorias\/#author"},"creator":{"@id":"https:\/\/allasorias.hu\/hirek\/author\/admin-allasorias\/#author"},"image":{"@type":"ImageObject","url":"https:\/\/allasorias.hu\/hirek\/wp-content\/uploads\/2020\/10\/908.jpg","@id":"https:\/\/allasorias.hu\/hirek\/tamogatas-a-mentosoknek-az-ado-egy-szazalekaval\/#mainImage","width":1000,"height":667,"caption":"adult and child hands holding red heart on aqua background, heart health, donation, CSR concept, world heart day, world health day, family day"},"primaryImageOfPage":{"@id":"https:\/\/allasorias.hu\/hirek\/tamogatas-a-mentosoknek-az-ado-egy-szazalekaval\/#mainImage"},"datePublished":"2020-10-02T07:37:29+02:00","dateModified":"2020-10-02T07:37:29+02:00"},{"@type":"WebSite","@id":"https:\/\/allasorias.hu\/hirek\/#website","url":"https:\/\/allasorias.hu\/hirek\/","name":"AllasOrias.hu | H\u00edrek-lapszemle","description":"\u00dczleti h\u00edrek az \u00e1ll\u00e1s \u00e9s a munka vil\u00e1g\u00e1b\u00f3l","inLanguage":"hu-HU","publisher":{"@id":"https:\/\/allasorias.hu\/hirek\/#organization"}}]},"og:locale":"hu_HU","og:site_name":"AllasOrias.hu | H\u00edrek-lapszemle | \u00dczleti h\u00edrek az \u00e1ll\u00e1s \u00e9s a munka vil\u00e1g\u00e1b\u00f3l","og:type":"article","og:title":"T\u00e1mogat\u00e1s a ment\u0151s\u00f6knek az ad\u00f3 egy sz\u00e1zal\u00e9k\u00e1val | AllasOrias.hu | H\u00edrek-lapszemle","og:description":"A Vil\u00e1ggazdas\u00e1g szerint cs\u00f6kkent azok sz\u00e1ma, akik ad\u00f3juk egy sz\u00e1zal\u00e9k\u00e1val civil szervezeteket t\u00e1mogatnak. Tal\u00e1n a koronav\u00edrus j\u00e1rv\u00e1nynak is k\u00f6sz\u00f6nhet\u0151en a ment\u0151s\u00f6ket t\u00f6bben t\u00e1mogatj\u00e1k. Id\u00e9n az Orsz\u00e1gos Ment\u0151szolg\u00e1lat Alap\u00edtv\u00e1nynak aj\u00e1nlott\u00e1k fel legt\u00f6bben ad\u00f3juk 1 sz\u00e1zal\u00e9k\u00e1t - \u00edrja a Vil\u00e1ggazdas\u00e1g. A ment\u0151s\u00f6knek egy \u00e9v alatt b\u0151 sz\u00e1zmilli\u00f3 forinttal t\u00f6bb felaj\u00e1nl\u00e1s \u00e9rkezett, ezzel \u0151k lettek a legt\u00e1mogatottabb szervezet.","og:url":"https:\/\/allasorias.hu\/hirek\/tamogatas-a-mentosoknek-az-ado-egy-szazalekaval\/","og:image":"https:\/\/allasorias.hu\/hirek\/wp-content\/uploads\/2020\/10\/908.jpg","og:image:secure_url":"https:\/\/allasorias.hu\/hirek\/wp-content\/uploads\/2020\/10\/908.jpg","og:image:width":1000,"og:image:height":667,"article:published_time":"2020-10-02T07:37:29+00:00","article:modified_time":"2020-10-02T07:37:29+00:00","article:publisher":"https:\/\/www.facebook.com\/allasorias","twitter:card":"summary_large_image","twitter:title":"T\u00e1mogat\u00e1s a ment\u0151s\u00f6knek az ad\u00f3 egy sz\u00e1zal\u00e9k\u00e1val | AllasOrias.hu | H\u00edrek-lapszemle","twitter:description":"A Vil\u00e1ggazdas\u00e1g szerint cs\u00f6kkent azok sz\u00e1ma, akik ad\u00f3juk egy sz\u00e1zal\u00e9k\u00e1val civil szervezeteket t\u00e1mogatnak. Tal\u00e1n a koronav\u00edrus j\u00e1rv\u00e1nynak is k\u00f6sz\u00f6nhet\u0151en a ment\u0151s\u00f6ket t\u00f6bben t\u00e1mogatj\u00e1k. Id\u00e9n az Orsz\u00e1gos Ment\u0151szolg\u00e1lat Alap\u00edtv\u00e1nynak aj\u00e1nlott\u00e1k fel legt\u00f6bben ad\u00f3juk 1 sz\u00e1zal\u00e9k\u00e1t - \u00edrja a Vil\u00e1ggazdas\u00e1g. A ment\u0151s\u00f6knek egy \u00e9v alatt b\u0151 sz\u00e1zmilli\u00f3 forinttal t\u00f6bb felaj\u00e1nl\u00e1s \u00e9rkezett, ezzel \u0151k lettek a legt\u00e1mogatottabb szervezet.","twitter:image":"https:\/\/allasorias.hu\/hirek\/wp-content\/uploads\/2020\/10\/908.jpg","twitter:label1":"Written by","twitter:data1":"Juh\u00e1sz P\u00e9ter","twitter:label2":"Est. reading time","twitter:data2":"1 minute"},"aioseo_meta_data":{"post_id":"4281","title":null,"description":"","keywords":"","keyphrases":null,"primary_term":null,"canonical_url":"","og_title":null,"og_description":null,"og_object_type":"default","og_image_type":"default","og_image_url":null,"og_image_width":null,"og_image_height":null,"og_image_custom_url":null,"og_image_custom_fields":null,"og_video":null,"og_custom_url":null,"og_article_section":null,"og_article_tags":null,"twitter_use_og":false,"twitter_card":"default","twitter_image_type":"default","twitter_image_url":null,"twitter_image_custom_url":null,"twitter_image_custom_fields":null,"twitter_title":null,"twitter_description":null,"schema":{"blockGraphs":[],"customGraphs":[],"default":{"data":{"Article":[],"Course":[],"Dataset":[],"FAQPage":[],"Movie":[],"Person":[],"Product":[],"ProductReview":[],"Car":[],"Recipe":[],"Service":[],"SoftwareApplication":[],"WebPage":[]},"graphName":"","isEnabled":true},"graphs":[],"defaultGraph":"","defaultPostTypeGraph":""},"schema_type":null,"schema_type_options":null,"pillar_content":false,"robots_default":true,"robots_noindex":false,"robots_noarchive":false,"robots_nosnippet":false,"robots_nofollow":false,"robots_noimageindex":false,"robots_noodp":false,"robots_notranslate":false,"robots_max_snippet":null,"robots_max_videopreview":null,"robots_max_imagepreview":"large","priority":null,"frequency":null,"location":null,"local_seo":null,"breadcrumb_settings":null,"limit_modified_date":false,"ai":null,"created":"2021-02-01 20:46:00","updated":"2025-10-02 14:55:50","seo_analyzer_scan_date":null,"focus_keyword":null,"additional_keywords":null,"truseo_locale":null},"aioseo_breadcrumb":"<div class=\"aioseo-breadcrumbs\"><span class=\"aioseo-breadcrumb\">\n\t\t\t<a href=\"https:\/\/allasorias.hu\/hirek\" title=\"Home\">Home<\/a>\n\t\t<\/span><span class=\"aioseo-breadcrumb-separator\">&raquo;<\/span><span class=\"aioseo-breadcrumb\">\n\t\t\t<a href=\"https:\/\/allasorias.hu\/hirek\/temak\/gazdasag\/\" title=\"Gazdas\u00e1g\">Gazdas\u00e1g<\/a>\n\t\t<\/span><span class=\"aioseo-breadcrumb-separator\">&raquo;<\/span><span class=\"aioseo-breadcrumb\">\n\t\t\tT\u00e1mogat\u00e1s a ment\u0151s\u00f6knek az ad\u00f3 egy sz\u00e1zal\u00e9k\u00e1val\n\t\t<\/span><\/div>","aioseo_breadcrumb_json":[{"label":"Home","link":"https:\/\/allasorias.hu\/hirek"},{"label":"Gazdas\u00e1g","link":"https:\/\/allasorias.hu\/hirek\/temak\/gazdasag\/"},{"label":"T\u00e1mogat\u00e1s a ment\u0151s\u00f6knek az ad\u00f3 egy sz\u00e1zal\u00e9k\u00e1val","link":"https:\/\/allasorias.hu\/hirek\/tamogatas-a-mentosoknek-az-ado-egy-szazalekaval\/"}],"_links":{"self":[{"href":"https:\/\/allasorias.hu\/hirek\/wp-json\/wp\/v2\/posts\/4281","targetHints":{"allow":["GET"]}}],"collection":[{"href":"https:\/\/allasorias.hu\/hirek\/wp-json\/wp\/v2\/posts"}],"about":[{"href":"https:\/\/allasorias.hu\/hirek\/wp-json\/wp\/v2\/types\/post"}],"author":[{"embeddable":true,"href":"https:\/\/allasorias.hu\/hirek\/wp-json\/wp\/v2\/users\/1"}],"replies":[{"embeddable":true,"href":"https:\/\/allasorias.hu\/hirek\/wp-json\/wp\/v2\/comments?post=4281"}],"version-history":[{"count":1,"href":"https:\/\/allasorias.hu\/hirek\/wp-json\/wp\/v2\/posts\/4281\/revisions"}],"predecessor-version":[{"id":4283,"href":"https:\/\/allasorias.hu\/hirek\/wp-json\/wp\/v2\/posts\/4281\/revisions\/4283"}],"wp:featuredmedia":[{"embeddable":true,"href":"https:\/\/allasorias.hu\/hirek\/wp-json\/wp\/v2\/media\/4282"}],"wp:attachment":[{"href":"https:\/\/allasorias.hu\/hirek\/wp-json\/wp\/v2\/media?parent=4281"}],"wp:term":[{"taxonomy":"category","embeddable":true,"href":"https:\/\/allasorias.hu\/hirek\/wp-json\/wp\/v2\/categories?post=4281"},{"taxonomy":"post_tag","embeddable":true,"href":"https:\/\/allasorias.hu\/hirek\/wp-json\/wp\/v2\/tags?post=4281"}],"curies":[{"name":"wp","href":"https:\/\/api.w.org\/{rel}","templated":true}]}}