{"id":4276,"date":"2020-10-01T08:04:21","date_gmt":"2020-10-01T08:04:21","guid":{"rendered":"https:\/\/allasorias.hu\/hirek\/?p=4276"},"modified":"2020-10-01T08:04:21","modified_gmt":"2020-10-01T08:04:21","slug":"nem-tudni-mennyi-lesz-a-minimalber","status":"publish","type":"post","link":"https:\/\/allasorias.hu\/hirek\/nem-tudni-mennyi-lesz-a-minimalber\/","title":{"rendered":"Nem tudni mennyi lesz a minim\u00e1lb\u00e9r"},"content":{"rendered":"<p><strong>A koronav\u00edrus j\u00e1rv\u00e1ny elbizonytalan\u00edtotta a munkaer\u0151piaci t\u00e1rgyal\u00e1sok menet\u00e9t is, nem tudni mennyi lesz a minim\u00e1lb\u00e9r \u00e9s a garant\u00e1lt b\u00e9rminimum \u00f6sszege j\u00f6v\u0151re. A j\u00e1rv\u00e1ny miatt az id\u00e9n a megszokottn\u00e1l v\u00e1rhat\u00f3an k\u00e9s\u0151bb kezd\u0151dnek majd az orsz\u00e1gos b\u00e9rt\u00e1rgyal\u00e1sok, \u00edgy az els\u0151 egyeztet\u00e9sekre csak v\u00e1rhat\u00f3an okt\u00f3ber v\u00e9g\u00e9n ker\u00fclhet sor \u2013 nyilatkozta Palkovics Imre a MOSZ (Munk\u00e1stan\u00e1csok Orsz\u00e1gos Sz\u00f6vets\u00e9ge) eln\u00f6ke. <\/strong><\/p>\n<p>A 2018-ban k\u00f6t\u00f6tt b\u00e9rmeg\u00e1llapod\u00e1s a munkaad\u00f3k \u00e9s munk\u00e1ltat\u00f3k szervezetei k\u00f6z\u00f6tt 2020-ig sz\u00f3lt, melynek \u00e9rtelm\u00e9ben az elm\u00falt \u00e9vekben jelent\u0151s n\u00f6veked\u00e9s volt mind a minim\u00e1lb\u00e9r, mind a garant\u00e1l b\u00e9rminimum \u00f6sszeg\u00e9ben. 2018. \u00e9vi minim\u00e1lb\u00e9r \u00f6sszege: 138.000 Ft, 2019. \u00e9vi minim\u00e1lb\u00e9r \u00f6sszege: 149.000 Ft (8% n\u00f6veked\u00e9s az el\u0151z\u0151 \u00e9vhez k\u00e9pest) 2020. \u00e9vi minim\u00e1lb\u00e9r \u00f6sszege: 161.000 Ft (8%-os n\u00f6veked\u00e9s az el\u0151z\u0151 \u00e9vhez k\u00e9pest) 2021. \u00e9vi minim\u00e1lb\u00e9r \u00f6sszege: egyel\u0151re m\u00e9g nincs meghat\u00e1rozva. J\u00f3l l\u00e1that\u00f3 az adatokb\u00f3l, hogy az elm\u00falt 2 napt\u00e1ri \u00e9vben 8-8%-os n\u00f6veked\u00e9s volt a minim\u00e1lb\u00e9r \u00f6sszeg\u00e9ben de nagy k\u00e9rd\u00e9s, hogy a koronav\u00edrus okozta gazdas\u00e1gi visszaes\u00e9s k\u00f6vetkezt\u00e9ben tarthat\u00f3 lehet-e a j\u00f6v\u0151ben is egy ilyen ar\u00e1ny\u00fa minim\u00e1lb\u00e9r emel\u00e9s 2021-ben is. A jelenleg el\u00e9rhet\u0151 elemz\u0151i becsl\u00e9sek arr\u00f3l sz\u00f3lnak, hogy 2021-ben is v\u00e1rhat\u00f3 a minim\u00e1lb\u00e9r emelked\u00e9se, de ez a v\u00e1rakoz\u00e1sok szerint alacsonyabb m\u00e9rt\u00e9k\u0171 lehet az elm\u00falt \u00e9vekben megszokott 8%-os temp\u00f3t\u00f3l. A szak\u00e9rt\u0151k arra sz\u00e1m\u00edtanak, hogy a minim\u00e1lb\u00e9r 2021-es v\u00e1rhat\u00f3 n\u00f6veked\u00e9se az infl\u00e1ci\u00f3t meghalad\u00f3, azaz re\u00e1lb\u00e9r n\u00f6veked\u00e9\u00e9s-szint\u0171 lesz. De mindez egyel\u0151re m\u00e9g nem t\u00f6bb, mint spekul\u00e1ci\u00f3. Eddig er\u0151s a b\u00e9rdinamika, de bizonytalan a 2021-es minim\u00e1lb\u00e9r \u00f6sszege. K\u00f6zel 396 ezer forint volt a brutt\u00f3 \u00e1tlagkereset az \u00e9v els\u0151 h\u00e9t h\u00f3napj\u00e1ban, a kedvezm\u00e9nyek n\u00e9lk\u00fcl sz\u00e1molt \u00e1tlagos nett\u00f3 fizet\u00e9s pedig 263 ezer forintot tett ki, mindkett\u0151 10 sz\u00e1zal\u00e9kos emelked\u00e9snek felel meg \u00e9ves \u00f6sszevet\u00e9sben. \u201eA jelent\u0151snek mondhat\u00f3 emelked\u00e9s els\u0151sorban a minim\u00e1lb\u00e9r \u00e9s a garant\u00e1lt b\u00e9rminimum janu\u00e1ri emel\u00e9s\u00e9nek k\u00f6sz\u00f6nhet\u0151. Emellett felfel\u00e9 h\u00fazta az idei \u00e1tlagb\u00e9reket az eg\u00e9szs\u00e9g\u00fcgyi dolgoz\u00f3knak j\u00faniusban kifizetett jutalom is\u201d &#8211; mondta N\u00e9meth D\u00e1vid, a K&amp;H vezet\u0151 elemz\u0151je. A szakember szerint els\u0151sorban a j\u00e1rv\u00e1nyhat\u00e1s, a bizonytalanabb\u00e1 v\u00e1l\u00f3 gazdas\u00e1gi k\u00f6rnyezet miatt a j\u00f6v\u0151re visszafogottabb b\u00e9remelked\u00e9sre van kil\u00e1t\u00e1s. T\u00f6bb v\u00e1llalat a kereslet visszaes\u00e9se, a forgalom cs\u00f6kken\u00e9se, valamint a bizonytalan kil\u00e1t\u00e1sok miatt \u00f3vatosabban kezeli az esetleges b\u00e9remel\u00e9seket. Emellett a j\u00e1rv\u00e1nyhat\u00e1s miatt sok szektorban megsz\u0171nt a kor\u00e1bbi \u00e9vekben l\u00e1tott, els\u0151sorban a munkaer\u0151hi\u00e1ny miatt kialakult b\u00e9remel\u00e9si k\u00e9nyszer.<\/p>\n<p>Forr\u00e1s: profitline.hu<\/p>\n","protected":false},"excerpt":{"rendered":"<p>A koronav\u00edrus j\u00e1rv\u00e1ny elbizonytalan\u00edtotta a munkaer\u0151piaci t\u00e1rgyal\u00e1sok menet\u00e9t is, nem tudni mennyi lesz a minim\u00e1lb\u00e9r \u00e9s a garant\u00e1lt b\u00e9rminimum \u00f6sszege j\u00f6v\u0151re. A j\u00e1rv\u00e1ny miatt az id\u00e9n a megszokottn\u00e1l v\u00e1rhat\u00f3an k\u00e9s\u0151bb kezd\u0151dnek majd az orsz\u00e1gos b\u00e9rt\u00e1rgyal\u00e1sok, \u00edgy az els\u0151 egyeztet\u00e9sekre csak v\u00e1rhat\u00f3an okt\u00f3ber v\u00e9g\u00e9n ker\u00fclhet sor \u2013 nyilatkozta Palkovics Imre a MOSZ (Munk\u00e1stan\u00e1csok Orsz\u00e1gos Sz\u00f6vets\u00e9ge) eln\u00f6ke. [&hellip;]<\/p>\n","protected":false},"author":1,"featured_media":2372,"comment_status":"open","ping_status":"open","sticky":false,"template":"","format":"standard","meta":{"_monsterinsights_skip_tracking":false,"footnotes":""},"categories":[198],"tags":[],"class_list":["post-4276","post","type-post","status-publish","format-standard","has-post-thumbnail","hentry","category-gazdasag"],"aioseo_notices":[],"aioseo_head":"\n\t\t<!-- All in One SEO 5.0.0.1 - aioseo.com -->\n\t<meta name=\"description\" content=\"A koronav\u00edrus j\u00e1rv\u00e1ny elbizonytalan\u00edtotta a munkaer\u0151piaci t\u00e1rgyal\u00e1sok menet\u00e9t is, nem tudni mennyi lesz a minim\u00e1lb\u00e9r \u00e9s a garant\u00e1lt b\u00e9rminimum \u00f6sszege j\u00f6v\u0151re. A j\u00e1rv\u00e1ny miatt az id\u00e9n a megszokottn\u00e1l v\u00e1rhat\u00f3an k\u00e9s\u0151bb kezd\u0151dnek majd az orsz\u00e1gos b\u00e9rt\u00e1rgyal\u00e1sok, \u00edgy az els\u0151 egyeztet\u00e9sekre csak v\u00e1rhat\u00f3an okt\u00f3ber v\u00e9g\u00e9n ker\u00fclhet sor \u2013 nyilatkozta Palkovics Imre a MOSZ (Munk\u00e1stan\u00e1csok Orsz\u00e1gos Sz\u00f6vets\u00e9ge) eln\u00f6ke.\" \/>\n\t<meta name=\"robots\" content=\"max-image-preview:large\" \/>\n\t<meta name=\"author\" content=\"Juh\u00e1sz P\u00e9ter\"\/>\n\t<link rel=\"canonical\" href=\"https:\/\/allasorias.hu\/hirek\/nem-tudni-mennyi-lesz-a-minimalber\/\" \/>\n\t<meta name=\"generator\" content=\"All in One SEO (AIOSEO) 5.0.0.1\" \/>\n\t\t<meta property=\"og:locale\" content=\"hu_HU\" \/>\n\t\t<meta property=\"og:site_name\" content=\"AllasOrias.hu | H\u00edrek-lapszemle | \u00dczleti h\u00edrek az \u00e1ll\u00e1s \u00e9s a munka vil\u00e1g\u00e1b\u00f3l\" \/>\n\t\t<meta property=\"og:type\" content=\"article\" \/>\n\t\t<meta property=\"og:title\" content=\"Nem tudni mennyi lesz a minim\u00e1lb\u00e9r | AllasOrias.hu | H\u00edrek-lapszemle\" \/>\n\t\t<meta property=\"og:description\" content=\"A koronav\u00edrus j\u00e1rv\u00e1ny elbizonytalan\u00edtotta a munkaer\u0151piaci t\u00e1rgyal\u00e1sok menet\u00e9t is, nem tudni mennyi lesz a minim\u00e1lb\u00e9r \u00e9s a garant\u00e1lt b\u00e9rminimum \u00f6sszege j\u00f6v\u0151re. A j\u00e1rv\u00e1ny miatt az id\u00e9n a megszokottn\u00e1l v\u00e1rhat\u00f3an k\u00e9s\u0151bb kezd\u0151dnek majd az orsz\u00e1gos b\u00e9rt\u00e1rgyal\u00e1sok, \u00edgy az els\u0151 egyeztet\u00e9sekre csak v\u00e1rhat\u00f3an okt\u00f3ber v\u00e9g\u00e9n ker\u00fclhet sor \u2013 nyilatkozta Palkovics Imre a MOSZ (Munk\u00e1stan\u00e1csok Orsz\u00e1gos Sz\u00f6vets\u00e9ge) eln\u00f6ke.\" \/>\n\t\t<meta property=\"og:url\" content=\"https:\/\/allasorias.hu\/hirek\/nem-tudni-mennyi-lesz-a-minimalber\/\" \/>\n\t\t<meta property=\"og:image\" content=\"https:\/\/allasorias.hu\/hirek\/wp-content\/uploads\/2019\/01\/263629_forint.jpg\" \/>\n\t\t<meta property=\"og:image:secure_url\" content=\"https:\/\/allasorias.hu\/hirek\/wp-content\/uploads\/2019\/01\/263629_forint.jpg\" \/>\n\t\t<meta property=\"og:image:width\" content=\"800\" \/>\n\t\t<meta property=\"og:image:height\" content=\"400\" \/>\n\t\t<meta property=\"article:published_time\" content=\"2020-10-01T08:04:21+00:00\" \/>\n\t\t<meta property=\"article:modified_time\" content=\"2020-10-01T08:04:21+00:00\" \/>\n\t\t<meta property=\"article:publisher\" content=\"https:\/\/www.facebook.com\/allasorias\" \/>\n\t\t<meta name=\"twitter:card\" content=\"summary_large_image\" \/>\n\t\t<meta name=\"twitter:title\" content=\"Nem tudni mennyi lesz a minim\u00e1lb\u00e9r | AllasOrias.hu | H\u00edrek-lapszemle\" \/>\n\t\t<meta name=\"twitter:description\" content=\"A koronav\u00edrus j\u00e1rv\u00e1ny elbizonytalan\u00edtotta a munkaer\u0151piaci t\u00e1rgyal\u00e1sok menet\u00e9t is, nem tudni mennyi lesz a minim\u00e1lb\u00e9r \u00e9s a garant\u00e1lt b\u00e9rminimum \u00f6sszege j\u00f6v\u0151re. A j\u00e1rv\u00e1ny miatt az id\u00e9n a megszokottn\u00e1l v\u00e1rhat\u00f3an k\u00e9s\u0151bb kezd\u0151dnek majd az orsz\u00e1gos b\u00e9rt\u00e1rgyal\u00e1sok, \u00edgy az els\u0151 egyeztet\u00e9sekre csak v\u00e1rhat\u00f3an okt\u00f3ber v\u00e9g\u00e9n ker\u00fclhet sor \u2013 nyilatkozta Palkovics Imre a MOSZ (Munk\u00e1stan\u00e1csok Orsz\u00e1gos Sz\u00f6vets\u00e9ge) eln\u00f6ke.\" \/>\n\t\t<meta name=\"twitter:image\" content=\"https:\/\/allasorias.hu\/hirek\/wp-content\/uploads\/2019\/01\/263629_forint.jpg\" \/>\n\t\t<meta name=\"twitter:label1\" content=\"Written by\" \/>\n\t\t<meta name=\"twitter:data1\" content=\"Juh\u00e1sz P\u00e9ter\" \/>\n\t\t<meta name=\"twitter:label2\" content=\"Est. reading time\" \/>\n\t\t<meta name=\"twitter:data2\" content=\"3 minutes\" \/>\n\t\t<script type=\"application\/ld+json\" class=\"aioseo-schema\">\n\t\t\t{\"@context\":\"https:\\\/\\\/schema.org\",\"@graph\":[{\"@type\":\"Article\",\"@id\":\"https:\\\/\\\/allasorias.hu\\\/hirek\\\/nem-tudni-mennyi-lesz-a-minimalber\\\/#article\",\"name\":\"Nem tudni mennyi lesz a minim\\u00e1lb\\u00e9r | AllasOrias.hu | H\\u00edrek-lapszemle\",\"headline\":\"Nem tudni mennyi lesz a minim\\u00e1lb\\u00e9r\",\"author\":{\"@id\":\"https:\\\/\\\/allasorias.hu\\\/hirek\\\/author\\\/admin-allasorias\\\/#author\"},\"publisher\":{\"@id\":\"https:\\\/\\\/allasorias.hu\\\/hirek\\\/#organization\"},\"image\":{\"@type\":\"ImageObject\",\"url\":\"https:\\\/\\\/allasorias.hu\\\/hirek\\\/wp-content\\\/uploads\\\/2019\\\/01\\\/263629_forint.jpg\",\"width\":800,\"height\":400},\"datePublished\":\"2020-10-01T08:04:21+02:00\",\"dateModified\":\"2020-10-01T08:04:21+02:00\",\"inLanguage\":\"hu-HU\",\"mainEntityOfPage\":{\"@id\":\"https:\\\/\\\/allasorias.hu\\\/hirek\\\/nem-tudni-mennyi-lesz-a-minimalber\\\/#webpage\"},\"isPartOf\":{\"@id\":\"https:\\\/\\\/allasorias.hu\\\/hirek\\\/nem-tudni-mennyi-lesz-a-minimalber\\\/#webpage\"},\"articleSection\":\"Gazdas\\u00e1g\"},{\"@type\":\"BreadcrumbList\",\"@id\":\"https:\\\/\\\/allasorias.hu\\\/hirek\\\/nem-tudni-mennyi-lesz-a-minimalber\\\/#breadcrumblist\",\"itemListElement\":[{\"@type\":\"ListItem\",\"@id\":\"https:\\\/\\\/allasorias.hu\\\/hirek#listItem\",\"position\":1,\"name\":\"Home\",\"item\":\"https:\\\/\\\/allasorias.hu\\\/hirek\",\"nextItem\":{\"@type\":\"ListItem\",\"@id\":\"https:\\\/\\\/allasorias.hu\\\/hirek\\\/temak\\\/gazdasag\\\/#listItem\",\"name\":\"Gazdas\\u00e1g\"}},{\"@type\":\"ListItem\",\"@id\":\"https:\\\/\\\/allasorias.hu\\\/hirek\\\/temak\\\/gazdasag\\\/#listItem\",\"position\":2,\"name\":\"Gazdas\\u00e1g\",\"item\":\"https:\\\/\\\/allasorias.hu\\\/hirek\\\/temak\\\/gazdasag\\\/\",\"nextItem\":{\"@type\":\"ListItem\",\"@id\":\"https:\\\/\\\/allasorias.hu\\\/hirek\\\/nem-tudni-mennyi-lesz-a-minimalber\\\/#listItem\",\"name\":\"Nem tudni mennyi lesz a minim\\u00e1lb\\u00e9r\"},\"previousItem\":{\"@type\":\"ListItem\",\"@id\":\"https:\\\/\\\/allasorias.hu\\\/hirek#listItem\",\"name\":\"Home\"}},{\"@type\":\"ListItem\",\"@id\":\"https:\\\/\\\/allasorias.hu\\\/hirek\\\/nem-tudni-mennyi-lesz-a-minimalber\\\/#listItem\",\"position\":3,\"name\":\"Nem tudni mennyi lesz a minim\\u00e1lb\\u00e9r\",\"previousItem\":{\"@type\":\"ListItem\",\"@id\":\"https:\\\/\\\/allasorias.hu\\\/hirek\\\/temak\\\/gazdasag\\\/#listItem\",\"name\":\"Gazdas\\u00e1g\"}}]},{\"@type\":\"Organization\",\"@id\":\"https:\\\/\\\/allasorias.hu\\\/hirek\\\/#organization\",\"name\":\"AllasOrias.hu | H\\u00edrek-lapszemle\",\"description\":\"\\u00dczleti h\\u00edrek az \\u00e1ll\\u00e1s \\u00e9s a munka vil\\u00e1g\\u00e1b\\u00f3l\",\"url\":\"https:\\\/\\\/allasorias.hu\\\/hirek\\\/\",\"logo\":{\"@type\":\"ImageObject\",\"url\":\"https:\\\/\\\/allasorias.hu\\\/hirek\\\/wp-content\\\/uploads\\\/2022\\\/10\\\/allasorias_site_facebok_logo.png\",\"@id\":\"https:\\\/\\\/allasorias.hu\\\/hirek\\\/nem-tudni-mennyi-lesz-a-minimalber\\\/#organizationLogo\"},\"image\":{\"@id\":\"https:\\\/\\\/allasorias.hu\\\/hirek\\\/nem-tudni-mennyi-lesz-a-minimalber\\\/#organizationLogo\"},\"sameAs\":[\"https:\\\/\\\/www.facebook.com\\\/allasorias\",\"https:\\\/\\\/www.linkedin.com\\\/company\\\/allasorias\"]},{\"@type\":\"Person\",\"@id\":\"https:\\\/\\\/allasorias.hu\\\/hirek\\\/author\\\/admin-allasorias\\\/#author\",\"url\":\"https:\\\/\\\/allasorias.hu\\\/hirek\\\/author\\\/admin-allasorias\\\/\",\"name\":\"Juh\\u00e1sz P\\u00e9ter\",\"image\":{\"@type\":\"ImageObject\",\"@id\":\"https:\\\/\\\/allasorias.hu\\\/hirek\\\/nem-tudni-mennyi-lesz-a-minimalber\\\/#authorImage\",\"url\":\"https:\\\/\\\/secure.gravatar.com\\\/avatar\\\/36e6bcb83148978b992977cb0f54d22feb0cce8a0a849a9410532bb2623ba4c6?s=96&d=mm&r=g\",\"width\":96,\"height\":96,\"caption\":\"Juh\\u00e1sz P\\u00e9ter\"}},{\"@type\":\"WebPage\",\"@id\":\"https:\\\/\\\/allasorias.hu\\\/hirek\\\/nem-tudni-mennyi-lesz-a-minimalber\\\/#webpage\",\"url\":\"https:\\\/\\\/allasorias.hu\\\/hirek\\\/nem-tudni-mennyi-lesz-a-minimalber\\\/\",\"name\":\"Nem tudni mennyi lesz a minim\\u00e1lb\\u00e9r | AllasOrias.hu | H\\u00edrek-lapszemle\",\"description\":\"A koronav\\u00edrus j\\u00e1rv\\u00e1ny elbizonytalan\\u00edtotta a munkaer\\u0151piaci t\\u00e1rgyal\\u00e1sok menet\\u00e9t is, nem tudni mennyi lesz a minim\\u00e1lb\\u00e9r \\u00e9s a garant\\u00e1lt b\\u00e9rminimum \\u00f6sszege j\\u00f6v\\u0151re. A j\\u00e1rv\\u00e1ny miatt az id\\u00e9n a megszokottn\\u00e1l v\\u00e1rhat\\u00f3an k\\u00e9s\\u0151bb kezd\\u0151dnek majd az orsz\\u00e1gos b\\u00e9rt\\u00e1rgyal\\u00e1sok, \\u00edgy az els\\u0151 egyeztet\\u00e9sekre csak v\\u00e1rhat\\u00f3an okt\\u00f3ber v\\u00e9g\\u00e9n ker\\u00fclhet sor \\u2013 nyilatkozta Palkovics Imre a MOSZ (Munk\\u00e1stan\\u00e1csok Orsz\\u00e1gos Sz\\u00f6vets\\u00e9ge) eln\\u00f6ke.\",\"inLanguage\":\"hu-HU\",\"isPartOf\":{\"@id\":\"https:\\\/\\\/allasorias.hu\\\/hirek\\\/#website\"},\"breadcrumb\":{\"@id\":\"https:\\\/\\\/allasorias.hu\\\/hirek\\\/nem-tudni-mennyi-lesz-a-minimalber\\\/#breadcrumblist\"},\"author\":{\"@id\":\"https:\\\/\\\/allasorias.hu\\\/hirek\\\/author\\\/admin-allasorias\\\/#author\"},\"creator\":{\"@id\":\"https:\\\/\\\/allasorias.hu\\\/hirek\\\/author\\\/admin-allasorias\\\/#author\"},\"image\":{\"@type\":\"ImageObject\",\"url\":\"https:\\\/\\\/allasorias.hu\\\/hirek\\\/wp-content\\\/uploads\\\/2019\\\/01\\\/263629_forint.jpg\",\"@id\":\"https:\\\/\\\/allasorias.hu\\\/hirek\\\/nem-tudni-mennyi-lesz-a-minimalber\\\/#mainImage\",\"width\":800,\"height\":400},\"primaryImageOfPage\":{\"@id\":\"https:\\\/\\\/allasorias.hu\\\/hirek\\\/nem-tudni-mennyi-lesz-a-minimalber\\\/#mainImage\"},\"datePublished\":\"2020-10-01T08:04:21+02:00\",\"dateModified\":\"2020-10-01T08:04:21+02:00\"},{\"@type\":\"WebSite\",\"@id\":\"https:\\\/\\\/allasorias.hu\\\/hirek\\\/#website\",\"url\":\"https:\\\/\\\/allasorias.hu\\\/hirek\\\/\",\"name\":\"AllasOrias.hu | H\\u00edrek-lapszemle\",\"description\":\"\\u00dczleti h\\u00edrek az \\u00e1ll\\u00e1s \\u00e9s a munka vil\\u00e1g\\u00e1b\\u00f3l\",\"inLanguage\":\"hu-HU\",\"publisher\":{\"@id\":\"https:\\\/\\\/allasorias.hu\\\/hirek\\\/#organization\"}}]}\n\t\t<\/script>\n\t\t<!-- All in One SEO -->\n\n","aioseo_head_json":{"title":"Nem tudni mennyi lesz a minim\u00e1lb\u00e9r | AllasOrias.hu | H\u00edrek-lapszemle","description":"A koronav\u00edrus j\u00e1rv\u00e1ny elbizonytalan\u00edtotta a munkaer\u0151piaci t\u00e1rgyal\u00e1sok menet\u00e9t is, nem tudni mennyi lesz a minim\u00e1lb\u00e9r \u00e9s a garant\u00e1lt b\u00e9rminimum \u00f6sszege j\u00f6v\u0151re. A j\u00e1rv\u00e1ny miatt az id\u00e9n a megszokottn\u00e1l v\u00e1rhat\u00f3an k\u00e9s\u0151bb kezd\u0151dnek majd az orsz\u00e1gos b\u00e9rt\u00e1rgyal\u00e1sok, \u00edgy az els\u0151 egyeztet\u00e9sekre csak v\u00e1rhat\u00f3an okt\u00f3ber v\u00e9g\u00e9n ker\u00fclhet sor \u2013 nyilatkozta Palkovics Imre a MOSZ (Munk\u00e1stan\u00e1csok Orsz\u00e1gos Sz\u00f6vets\u00e9ge) eln\u00f6ke.","canonical_url":"https:\/\/allasorias.hu\/hirek\/nem-tudni-mennyi-lesz-a-minimalber\/","robots":"max-image-preview:large","keywords":"","webmasterTools":{"miscellaneous":""},"schema":{"@context":"https:\/\/schema.org","@graph":[{"@type":"Article","@id":"https:\/\/allasorias.hu\/hirek\/nem-tudni-mennyi-lesz-a-minimalber\/#article","name":"Nem tudni mennyi lesz a minim\u00e1lb\u00e9r | AllasOrias.hu | H\u00edrek-lapszemle","headline":"Nem tudni mennyi lesz a minim\u00e1lb\u00e9r","author":{"@id":"https:\/\/allasorias.hu\/hirek\/author\/admin-allasorias\/#author"},"publisher":{"@id":"https:\/\/allasorias.hu\/hirek\/#organization"},"image":{"@type":"ImageObject","url":"https:\/\/allasorias.hu\/hirek\/wp-content\/uploads\/2019\/01\/263629_forint.jpg","width":800,"height":400},"datePublished":"2020-10-01T08:04:21+02:00","dateModified":"2020-10-01T08:04:21+02:00","inLanguage":"hu-HU","mainEntityOfPage":{"@id":"https:\/\/allasorias.hu\/hirek\/nem-tudni-mennyi-lesz-a-minimalber\/#webpage"},"isPartOf":{"@id":"https:\/\/allasorias.hu\/hirek\/nem-tudni-mennyi-lesz-a-minimalber\/#webpage"},"articleSection":"Gazdas\u00e1g"},{"@type":"BreadcrumbList","@id":"https:\/\/allasorias.hu\/hirek\/nem-tudni-mennyi-lesz-a-minimalber\/#breadcrumblist","itemListElement":[{"@type":"ListItem","@id":"https:\/\/allasorias.hu\/hirek#listItem","position":1,"name":"Home","item":"https:\/\/allasorias.hu\/hirek","nextItem":{"@type":"ListItem","@id":"https:\/\/allasorias.hu\/hirek\/temak\/gazdasag\/#listItem","name":"Gazdas\u00e1g"}},{"@type":"ListItem","@id":"https:\/\/allasorias.hu\/hirek\/temak\/gazdasag\/#listItem","position":2,"name":"Gazdas\u00e1g","item":"https:\/\/allasorias.hu\/hirek\/temak\/gazdasag\/","nextItem":{"@type":"ListItem","@id":"https:\/\/allasorias.hu\/hirek\/nem-tudni-mennyi-lesz-a-minimalber\/#listItem","name":"Nem tudni mennyi lesz a minim\u00e1lb\u00e9r"},"previousItem":{"@type":"ListItem","@id":"https:\/\/allasorias.hu\/hirek#listItem","name":"Home"}},{"@type":"ListItem","@id":"https:\/\/allasorias.hu\/hirek\/nem-tudni-mennyi-lesz-a-minimalber\/#listItem","position":3,"name":"Nem tudni mennyi lesz a minim\u00e1lb\u00e9r","previousItem":{"@type":"ListItem","@id":"https:\/\/allasorias.hu\/hirek\/temak\/gazdasag\/#listItem","name":"Gazdas\u00e1g"}}]},{"@type":"Organization","@id":"https:\/\/allasorias.hu\/hirek\/#organization","name":"AllasOrias.hu | H\u00edrek-lapszemle","description":"\u00dczleti h\u00edrek az \u00e1ll\u00e1s \u00e9s a munka vil\u00e1g\u00e1b\u00f3l","url":"https:\/\/allasorias.hu\/hirek\/","logo":{"@type":"ImageObject","url":"https:\/\/allasorias.hu\/hirek\/wp-content\/uploads\/2022\/10\/allasorias_site_facebok_logo.png","@id":"https:\/\/allasorias.hu\/hirek\/nem-tudni-mennyi-lesz-a-minimalber\/#organizationLogo"},"image":{"@id":"https:\/\/allasorias.hu\/hirek\/nem-tudni-mennyi-lesz-a-minimalber\/#organizationLogo"},"sameAs":["https:\/\/www.facebook.com\/allasorias","https:\/\/www.linkedin.com\/company\/allasorias"]},{"@type":"Person","@id":"https:\/\/allasorias.hu\/hirek\/author\/admin-allasorias\/#author","url":"https:\/\/allasorias.hu\/hirek\/author\/admin-allasorias\/","name":"Juh\u00e1sz P\u00e9ter","image":{"@type":"ImageObject","@id":"https:\/\/allasorias.hu\/hirek\/nem-tudni-mennyi-lesz-a-minimalber\/#authorImage","url":"https:\/\/secure.gravatar.com\/avatar\/36e6bcb83148978b992977cb0f54d22feb0cce8a0a849a9410532bb2623ba4c6?s=96&d=mm&r=g","width":96,"height":96,"caption":"Juh\u00e1sz P\u00e9ter"}},{"@type":"WebPage","@id":"https:\/\/allasorias.hu\/hirek\/nem-tudni-mennyi-lesz-a-minimalber\/#webpage","url":"https:\/\/allasorias.hu\/hirek\/nem-tudni-mennyi-lesz-a-minimalber\/","name":"Nem tudni mennyi lesz a minim\u00e1lb\u00e9r | AllasOrias.hu | H\u00edrek-lapszemle","description":"A koronav\u00edrus j\u00e1rv\u00e1ny elbizonytalan\u00edtotta a munkaer\u0151piaci t\u00e1rgyal\u00e1sok menet\u00e9t is, nem tudni mennyi lesz a minim\u00e1lb\u00e9r \u00e9s a garant\u00e1lt b\u00e9rminimum \u00f6sszege j\u00f6v\u0151re. A j\u00e1rv\u00e1ny miatt az id\u00e9n a megszokottn\u00e1l v\u00e1rhat\u00f3an k\u00e9s\u0151bb kezd\u0151dnek majd az orsz\u00e1gos b\u00e9rt\u00e1rgyal\u00e1sok, \u00edgy az els\u0151 egyeztet\u00e9sekre csak v\u00e1rhat\u00f3an okt\u00f3ber v\u00e9g\u00e9n ker\u00fclhet sor \u2013 nyilatkozta Palkovics Imre a MOSZ (Munk\u00e1stan\u00e1csok Orsz\u00e1gos Sz\u00f6vets\u00e9ge) eln\u00f6ke.","inLanguage":"hu-HU","isPartOf":{"@id":"https:\/\/allasorias.hu\/hirek\/#website"},"breadcrumb":{"@id":"https:\/\/allasorias.hu\/hirek\/nem-tudni-mennyi-lesz-a-minimalber\/#breadcrumblist"},"author":{"@id":"https:\/\/allasorias.hu\/hirek\/author\/admin-allasorias\/#author"},"creator":{"@id":"https:\/\/allasorias.hu\/hirek\/author\/admin-allasorias\/#author"},"image":{"@type":"ImageObject","url":"https:\/\/allasorias.hu\/hirek\/wp-content\/uploads\/2019\/01\/263629_forint.jpg","@id":"https:\/\/allasorias.hu\/hirek\/nem-tudni-mennyi-lesz-a-minimalber\/#mainImage","width":800,"height":400},"primaryImageOfPage":{"@id":"https:\/\/allasorias.hu\/hirek\/nem-tudni-mennyi-lesz-a-minimalber\/#mainImage"},"datePublished":"2020-10-01T08:04:21+02:00","dateModified":"2020-10-01T08:04:21+02:00"},{"@type":"WebSite","@id":"https:\/\/allasorias.hu\/hirek\/#website","url":"https:\/\/allasorias.hu\/hirek\/","name":"AllasOrias.hu | H\u00edrek-lapszemle","description":"\u00dczleti h\u00edrek az \u00e1ll\u00e1s \u00e9s a munka vil\u00e1g\u00e1b\u00f3l","inLanguage":"hu-HU","publisher":{"@id":"https:\/\/allasorias.hu\/hirek\/#organization"}}]},"og:locale":"hu_HU","og:site_name":"AllasOrias.hu | H\u00edrek-lapszemle | \u00dczleti h\u00edrek az \u00e1ll\u00e1s \u00e9s a munka vil\u00e1g\u00e1b\u00f3l","og:type":"article","og:title":"Nem tudni mennyi lesz a minim\u00e1lb\u00e9r | AllasOrias.hu | H\u00edrek-lapszemle","og:description":"A koronav\u00edrus j\u00e1rv\u00e1ny elbizonytalan\u00edtotta a munkaer\u0151piaci t\u00e1rgyal\u00e1sok menet\u00e9t is, nem tudni mennyi lesz a minim\u00e1lb\u00e9r \u00e9s a garant\u00e1lt b\u00e9rminimum \u00f6sszege j\u00f6v\u0151re. A j\u00e1rv\u00e1ny miatt az id\u00e9n a megszokottn\u00e1l v\u00e1rhat\u00f3an k\u00e9s\u0151bb kezd\u0151dnek majd az orsz\u00e1gos b\u00e9rt\u00e1rgyal\u00e1sok, \u00edgy az els\u0151 egyeztet\u00e9sekre csak v\u00e1rhat\u00f3an okt\u00f3ber v\u00e9g\u00e9n ker\u00fclhet sor \u2013 nyilatkozta Palkovics Imre a MOSZ (Munk\u00e1stan\u00e1csok Orsz\u00e1gos Sz\u00f6vets\u00e9ge) eln\u00f6ke.","og:url":"https:\/\/allasorias.hu\/hirek\/nem-tudni-mennyi-lesz-a-minimalber\/","og:image":"https:\/\/allasorias.hu\/hirek\/wp-content\/uploads\/2019\/01\/263629_forint.jpg","og:image:secure_url":"https:\/\/allasorias.hu\/hirek\/wp-content\/uploads\/2019\/01\/263629_forint.jpg","og:image:width":800,"og:image:height":400,"article:published_time":"2020-10-01T08:04:21+00:00","article:modified_time":"2020-10-01T08:04:21+00:00","article:publisher":"https:\/\/www.facebook.com\/allasorias","twitter:card":"summary_large_image","twitter:title":"Nem tudni mennyi lesz a minim\u00e1lb\u00e9r | AllasOrias.hu | H\u00edrek-lapszemle","twitter:description":"A koronav\u00edrus j\u00e1rv\u00e1ny elbizonytalan\u00edtotta a munkaer\u0151piaci t\u00e1rgyal\u00e1sok menet\u00e9t is, nem tudni mennyi lesz a minim\u00e1lb\u00e9r \u00e9s a garant\u00e1lt b\u00e9rminimum \u00f6sszege j\u00f6v\u0151re. A j\u00e1rv\u00e1ny miatt az id\u00e9n a megszokottn\u00e1l v\u00e1rhat\u00f3an k\u00e9s\u0151bb kezd\u0151dnek majd az orsz\u00e1gos b\u00e9rt\u00e1rgyal\u00e1sok, \u00edgy az els\u0151 egyeztet\u00e9sekre csak v\u00e1rhat\u00f3an okt\u00f3ber v\u00e9g\u00e9n ker\u00fclhet sor \u2013 nyilatkozta Palkovics Imre a MOSZ (Munk\u00e1stan\u00e1csok Orsz\u00e1gos Sz\u00f6vets\u00e9ge) eln\u00f6ke.","twitter:image":"https:\/\/allasorias.hu\/hirek\/wp-content\/uploads\/2019\/01\/263629_forint.jpg","twitter:label1":"Written by","twitter:data1":"Juh\u00e1sz P\u00e9ter","twitter:label2":"Est. reading time","twitter:data2":"3 minutes"},"aioseo_meta_data":{"post_id":"4276","title":null,"description":"","keywords":"","keyphrases":null,"primary_term":null,"canonical_url":"","og_title":null,"og_description":null,"og_object_type":"default","og_image_type":"default","og_image_url":null,"og_image_width":null,"og_image_height":null,"og_image_custom_url":null,"og_image_custom_fields":null,"og_video":null,"og_custom_url":null,"og_article_section":null,"og_article_tags":null,"twitter_use_og":false,"twitter_card":"default","twitter_image_type":"default","twitter_image_url":null,"twitter_image_custom_url":null,"twitter_image_custom_fields":null,"twitter_title":null,"twitter_description":null,"schema":{"blockGraphs":[],"customGraphs":[],"default":{"data":{"Article":[],"Course":[],"Dataset":[],"FAQPage":[],"Movie":[],"Person":[],"Product":[],"ProductReview":[],"Car":[],"Recipe":[],"Service":[],"SoftwareApplication":[],"WebPage":[]},"graphName":"","isEnabled":true},"graphs":[],"defaultGraph":"","defaultPostTypeGraph":""},"schema_type":null,"schema_type_options":null,"pillar_content":false,"robots_default":true,"robots_noindex":false,"robots_noarchive":false,"robots_nosnippet":false,"robots_nofollow":false,"robots_noimageindex":false,"robots_noodp":false,"robots_notranslate":false,"robots_max_snippet":null,"robots_max_videopreview":null,"robots_max_imagepreview":"large","priority":null,"frequency":null,"location":null,"local_seo":null,"breadcrumb_settings":null,"limit_modified_date":false,"ai":null,"created":"2021-02-01 20:46:57","updated":"2025-10-02 14:54:52","seo_analyzer_scan_date":null,"focus_keyword":null,"additional_keywords":null,"truseo_locale":null},"aioseo_breadcrumb":"<div class=\"aioseo-breadcrumbs\"><span class=\"aioseo-breadcrumb\">\n\t\t\t<a href=\"https:\/\/allasorias.hu\/hirek\" title=\"Home\">Home<\/a>\n\t\t<\/span><span class=\"aioseo-breadcrumb-separator\">&raquo;<\/span><span class=\"aioseo-breadcrumb\">\n\t\t\t<a href=\"https:\/\/allasorias.hu\/hirek\/temak\/gazdasag\/\" title=\"Gazdas\u00e1g\">Gazdas\u00e1g<\/a>\n\t\t<\/span><span class=\"aioseo-breadcrumb-separator\">&raquo;<\/span><span class=\"aioseo-breadcrumb\">\n\t\t\tNem tudni mennyi lesz a minim\u00e1lb\u00e9r\n\t\t<\/span><\/div>","aioseo_breadcrumb_json":[{"label":"Home","link":"https:\/\/allasorias.hu\/hirek"},{"label":"Gazdas\u00e1g","link":"https:\/\/allasorias.hu\/hirek\/temak\/gazdasag\/"},{"label":"Nem tudni mennyi lesz a minim\u00e1lb\u00e9r","link":"https:\/\/allasorias.hu\/hirek\/nem-tudni-mennyi-lesz-a-minimalber\/"}],"_links":{"self":[{"href":"https:\/\/allasorias.hu\/hirek\/wp-json\/wp\/v2\/posts\/4276","targetHints":{"allow":["GET"]}}],"collection":[{"href":"https:\/\/allasorias.hu\/hirek\/wp-json\/wp\/v2\/posts"}],"about":[{"href":"https:\/\/allasorias.hu\/hirek\/wp-json\/wp\/v2\/types\/post"}],"author":[{"embeddable":true,"href":"https:\/\/allasorias.hu\/hirek\/wp-json\/wp\/v2\/users\/1"}],"replies":[{"embeddable":true,"href":"https:\/\/allasorias.hu\/hirek\/wp-json\/wp\/v2\/comments?post=4276"}],"version-history":[{"count":1,"href":"https:\/\/allasorias.hu\/hirek\/wp-json\/wp\/v2\/posts\/4276\/revisions"}],"predecessor-version":[{"id":4277,"href":"https:\/\/allasorias.hu\/hirek\/wp-json\/wp\/v2\/posts\/4276\/revisions\/4277"}],"wp:featuredmedia":[{"embeddable":true,"href":"https:\/\/allasorias.hu\/hirek\/wp-json\/wp\/v2\/media\/2372"}],"wp:attachment":[{"href":"https:\/\/allasorias.hu\/hirek\/wp-json\/wp\/v2\/media?parent=4276"}],"wp:term":[{"taxonomy":"category","embeddable":true,"href":"https:\/\/allasorias.hu\/hirek\/wp-json\/wp\/v2\/categories?post=4276"},{"taxonomy":"post_tag","embeddable":true,"href":"https:\/\/allasorias.hu\/hirek\/wp-json\/wp\/v2\/tags?post=4276"}],"curies":[{"name":"wp","href":"https:\/\/api.w.org\/{rel}","templated":true}]}}