{"id":4254,"date":"2020-09-18T07:18:53","date_gmt":"2020-09-18T07:18:53","guid":{"rendered":"https:\/\/allasorias.hu\/hirek\/?p=4254"},"modified":"2020-09-18T07:18:53","modified_gmt":"2020-09-18T07:18:53","slug":"sikeres-volt-a-bertamogatas","status":"publish","type":"post","link":"https:\/\/allasorias.hu\/hirek\/sikeres-volt-a-bertamogatas\/","title":{"rendered":"Sikeres volt a b\u00e9rt\u00e1mogat\u00e1s"},"content":{"rendered":"<p><strong>A Gazdas\u00e1gv\u00e9delmi akci\u00f3tervben meghirdetett b\u00e9rt\u00e1mogat\u00e1sokkal \u00f6sszesen m\u00e1r 280 ezer munkav\u00e1llal\u00f3n seg\u00edtett a korm\u00e1ny int\u00e9zked\u00e9se.. A 2020. augusztus 31-\u00e9n lez\u00e1rult p\u00e1ly\u00e1zatok feldolgoz\u00e1sa \u00e9s elb\u00edr\u00e1l\u00e1suk a befejez\u0151 szakasz\u00e1hoz \u00e9rkezett az augusztus legv\u00e9g\u00e9n beadott p\u00e1ly\u00e1zatok eset\u00e9n is \u2013 mondta Bod\u00f3 S\u00e1ndor, az Innov\u00e1ci\u00f3s \u00e9s Technol\u00f3giai Miniszt\u00e9rium (ITM) foglalkoztat\u00e1spolitik\u00e1\u00e9rt felel\u0151s \u00e1llamtitk\u00e1ra.<\/strong><\/p>\n<p>A miniszt\u00e9rium cs\u00fct\u00f6rt\u00f6ki k\u00f6zlem\u00e9nye felid\u00e9zi: a v\u00edrusv\u00e1ls\u00e1g k\u00e1ros k\u00f6vetkezm\u00e9nyeit a korm\u00e1ny komplex int\u00e9zked\u00e9sekkel m\u00e9rs\u00e9kelte \u00e9s m\u00e9rs\u00e9keli. A Gazdas\u00e1gv\u00e9delmi akci\u00f3terv az ad\u00f3- \u00e9s j\u00e1rul\u00e9kkedvezm\u00e9nyeken, a hat\u00e9konys\u00e1gn\u00f6vel\u0151 \u00e9s versenyk\u00e9pess\u00e9g-jav\u00edt\u00f3 t\u00e1mogat\u00e1sokon t\u00fal munkaer\u0151piaci l\u00e9p\u00e9sekkel is v\u00e9di az elm\u00falt \u00e9vtizedben el\u00e9rt eredm\u00e9nyeket. A munkahelyv\u00e9delmi b\u00e9rt\u00e1mogat\u00e1st k\u00f6zel 18 ezer v\u00e1llalkoz\u00e1s ig\u00e9nyelte 207 ezer munkav\u00e1llal\u00f3 foglalkoztat\u00e1s\u00e1hoz, \u00f6sszesen k\u00f6zel 35 milli\u00e1rd forint \u00e9rt\u00e9kben. Id\u0151tartama 3+1 h\u00f3nap, \u00edgy azok a munkaad\u00f3k, akik augusztus v\u00e9g\u00e9n adt\u00e1k be p\u00e1ly\u00e1zatukat, m\u00e9g az \u00e9v v\u00e9g\u00e9ig, janu\u00e1r elej\u00e9ig t\u00e1mogat\u00e1sban r\u00e9szes\u00fclnek. A munkahelyteremt\u0151 b\u00e9rt\u00e1mogat\u00e1s az \u00e1ll\u00e1skeres\u0151k elhelyezked\u00e9s\u00e9t seg\u00edtette, az \u00e1llam 6 h\u00f3napos b\u00e9rt\u00e1mogat\u00e1s mell\u00e9 3 h\u00f3napos tov\u00e1bbfoglalkoztat\u00e1st v\u00e1r el a v\u00e1llalkoz\u00e1sokt\u00f3l. A programban r\u00e9sztvev\u0151k \u00e1ll\u00e1sa \u00edgy ak\u00e1r 2021 els\u0151 fel\u00e9ben is biztos\u00edtott lehet. Az 57 milli\u00e1rd forintos \u00f6sszk\u00f6lts\u00e9g\u0171 munkahelyteremt\u0151 b\u00e9rt\u00e1mogat\u00e1sra k\u00f6zel 37 ezer v\u00e1llalkoz\u00e1s p\u00e1ly\u00e1zott, a munkaad\u00f3k 49 ezer \u00e1ll\u00e1skeres\u0151nek tudtak munkahelyet biztos\u00edtani. Az \u00e1ltal\u00e1nos b\u00e9rt\u00e1mogat\u00e1si programok ir\u00e1nt a turizmus \u00e9s vend\u00e9gl\u00e1t\u00e1s, a kereskedelem \u00e9s feldolgoz\u00f3ipar c\u00e9gei \u00e9rdekl\u0151dtek legink\u00e1bb. Az \u00e1llamtitk\u00e1r szerint a korm\u00e1ny sz\u00e1m\u00e1ra kiemelten fontos a kutat\u00e1s-fejleszt\u00e9s, innov\u00e1ci\u00f3 ter\u00fclet\u00e9n a versenyszf\u00e9r\u00e1ban dolgoz\u00f3k t\u00e1mogat\u00e1sa, hiszen a magasan k\u00e9pzett szakemberek teljes\u00edtm\u00e9nye hat\u00e1rozza meg Magyarorsz\u00e1g j\u00f6v\u0151j\u00e9t. A nemzetk\u00f6zi kitekint\u00e9sben is egyed\u00fcl\u00e1ll\u00f3 kutat\u00e1s-fejleszt\u00e9si b\u00e9rt\u00e1mogat\u00e1st k\u00f6zel 1300 v\u00e1llalkoz\u00e1s ig\u00e9nyelte. A korm\u00e1ny majdnem 23 ezer kutat\u00f3, fejleszt\u0151m\u00e9rn\u00f6k munkahely\u00e9nek megtart\u00e1s\u00e1hoz j\u00e1rult hozz\u00e1. A t\u00e1mogat\u00e1s \u00f6sszk\u00f6lts\u00e9ge meghaladta a 17 milli\u00e1rd forintot, a legt\u00f6bb p\u00e1ly\u00e1zat az egyetemi v\u00e1rosokb\u00f3l \u00e9rkezett.\u201eA b\u00e9rt\u00e1mogat\u00e1sok \u00e9s a Gazdas\u00e1gv\u00e9delmi akci\u00f3terv egy\u00e9b int\u00e9zked\u00e9sei \u00f6sszesen mintegy 1 milli\u00f3 munkav\u00e1llal\u00f3 kil\u00e1t\u00e1sait, lehet\u0151s\u00e9geit jav\u00edtott\u00e1k.<\/p>\n<p>Forr\u00e1s: hirado.hu<\/p>\n","protected":false},"excerpt":{"rendered":"<p>A Gazdas\u00e1gv\u00e9delmi akci\u00f3tervben meghirdetett b\u00e9rt\u00e1mogat\u00e1sokkal \u00f6sszesen m\u00e1r 280 ezer munkav\u00e1llal\u00f3n seg\u00edtett a korm\u00e1ny int\u00e9zked\u00e9se.. A 2020. augusztus 31-\u00e9n lez\u00e1rult p\u00e1ly\u00e1zatok feldolgoz\u00e1sa \u00e9s elb\u00edr\u00e1l\u00e1suk a befejez\u0151 szakasz\u00e1hoz \u00e9rkezett az augusztus legv\u00e9g\u00e9n beadott p\u00e1ly\u00e1zatok eset\u00e9n is \u2013 mondta Bod\u00f3 S\u00e1ndor, az Innov\u00e1ci\u00f3s \u00e9s Technol\u00f3giai Miniszt\u00e9rium (ITM) foglalkoztat\u00e1spolitik\u00e1\u00e9rt felel\u0151s \u00e1llamtitk\u00e1ra. A miniszt\u00e9rium cs\u00fct\u00f6rt\u00f6ki k\u00f6zlem\u00e9nye felid\u00e9zi: a v\u00edrusv\u00e1ls\u00e1g k\u00e1ros [&hellip;]<\/p>\n","protected":false},"author":1,"featured_media":4114,"comment_status":"open","ping_status":"open","sticky":false,"template":"","format":"standard","meta":{"_monsterinsights_skip_tracking":false,"footnotes":""},"categories":[198],"tags":[],"class_list":["post-4254","post","type-post","status-publish","format-standard","has-post-thumbnail","hentry","category-gazdasag"],"aioseo_notices":[],"aioseo_head":"\n\t\t<!-- All in One SEO 5.0.0.1 - aioseo.com -->\n\t<meta name=\"description\" content=\"A Gazdas\u00e1gv\u00e9delmi akci\u00f3tervben meghirdetett b\u00e9rt\u00e1mogat\u00e1sokkal \u00f6sszesen m\u00e1r 280 ezer munkav\u00e1llal\u00f3n seg\u00edtett a korm\u00e1ny int\u00e9zked\u00e9se.. A 2020. augusztus 31-\u00e9n lez\u00e1rult p\u00e1ly\u00e1zatok feldolgoz\u00e1sa \u00e9s elb\u00edr\u00e1l\u00e1suk a befejez\u0151 szakasz\u00e1hoz \u00e9rkezett az augusztus legv\u00e9g\u00e9n beadott p\u00e1ly\u00e1zatok eset\u00e9n is \u2013 mondta Bod\u00f3 S\u00e1ndor, az Innov\u00e1ci\u00f3s \u00e9s Technol\u00f3giai Miniszt\u00e9rium (ITM) foglalkoztat\u00e1spolitik\u00e1\u00e9rt felel\u0151s \u00e1llamtitk\u00e1ra. A miniszt\u00e9rium cs\u00fct\u00f6rt\u00f6ki k\u00f6zlem\u00e9nye felid\u00e9zi: a v\u00edrusv\u00e1ls\u00e1g k\u00e1ros\" \/>\n\t<meta name=\"robots\" content=\"max-image-preview:large\" \/>\n\t<meta name=\"author\" content=\"Juh\u00e1sz P\u00e9ter\"\/>\n\t<link rel=\"canonical\" href=\"https:\/\/allasorias.hu\/hirek\/sikeres-volt-a-bertamogatas\/\" \/>\n\t<meta name=\"generator\" content=\"All in One SEO (AIOSEO) 5.0.0.1\" \/>\n\t\t<meta property=\"og:locale\" content=\"hu_HU\" \/>\n\t\t<meta property=\"og:site_name\" content=\"AllasOrias.hu | H\u00edrek-lapszemle | \u00dczleti h\u00edrek az \u00e1ll\u00e1s \u00e9s a munka vil\u00e1g\u00e1b\u00f3l\" \/>\n\t\t<meta property=\"og:type\" content=\"article\" \/>\n\t\t<meta property=\"og:title\" content=\"Sikeres volt a b\u00e9rt\u00e1mogat\u00e1s | AllasOrias.hu | H\u00edrek-lapszemle\" \/>\n\t\t<meta property=\"og:description\" content=\"A Gazdas\u00e1gv\u00e9delmi akci\u00f3tervben meghirdetett b\u00e9rt\u00e1mogat\u00e1sokkal \u00f6sszesen m\u00e1r 280 ezer munkav\u00e1llal\u00f3n seg\u00edtett a korm\u00e1ny int\u00e9zked\u00e9se.. A 2020. augusztus 31-\u00e9n lez\u00e1rult p\u00e1ly\u00e1zatok feldolgoz\u00e1sa \u00e9s elb\u00edr\u00e1l\u00e1suk a befejez\u0151 szakasz\u00e1hoz \u00e9rkezett az augusztus legv\u00e9g\u00e9n beadott p\u00e1ly\u00e1zatok eset\u00e9n is \u2013 mondta Bod\u00f3 S\u00e1ndor, az Innov\u00e1ci\u00f3s \u00e9s Technol\u00f3giai Miniszt\u00e9rium (ITM) foglalkoztat\u00e1spolitik\u00e1\u00e9rt felel\u0151s \u00e1llamtitk\u00e1ra. A miniszt\u00e9rium cs\u00fct\u00f6rt\u00f6ki k\u00f6zlem\u00e9nye felid\u00e9zi: a v\u00edrusv\u00e1ls\u00e1g k\u00e1ros\" \/>\n\t\t<meta property=\"og:url\" content=\"https:\/\/allasorias.hu\/hirek\/sikeres-volt-a-bertamogatas\/\" \/>\n\t\t<meta property=\"og:image\" content=\"https:\/\/allasorias.hu\/hirek\/wp-content\/uploads\/2020\/07\/27.jpg\" \/>\n\t\t<meta property=\"og:image:secure_url\" content=\"https:\/\/allasorias.hu\/hirek\/wp-content\/uploads\/2020\/07\/27.jpg\" \/>\n\t\t<meta property=\"og:image:width\" content=\"1280\" \/>\n\t\t<meta property=\"og:image:height\" content=\"683\" \/>\n\t\t<meta property=\"article:published_time\" content=\"2020-09-18T07:18:53+00:00\" \/>\n\t\t<meta property=\"article:modified_time\" content=\"2020-09-18T07:18:53+00:00\" \/>\n\t\t<meta property=\"article:publisher\" content=\"https:\/\/www.facebook.com\/allasorias\" \/>\n\t\t<meta name=\"twitter:card\" content=\"summary_large_image\" \/>\n\t\t<meta name=\"twitter:title\" content=\"Sikeres volt a b\u00e9rt\u00e1mogat\u00e1s | AllasOrias.hu | H\u00edrek-lapszemle\" \/>\n\t\t<meta name=\"twitter:description\" content=\"A Gazdas\u00e1gv\u00e9delmi akci\u00f3tervben meghirdetett b\u00e9rt\u00e1mogat\u00e1sokkal \u00f6sszesen m\u00e1r 280 ezer munkav\u00e1llal\u00f3n seg\u00edtett a korm\u00e1ny int\u00e9zked\u00e9se.. A 2020. augusztus 31-\u00e9n lez\u00e1rult p\u00e1ly\u00e1zatok feldolgoz\u00e1sa \u00e9s elb\u00edr\u00e1l\u00e1suk a befejez\u0151 szakasz\u00e1hoz \u00e9rkezett az augusztus legv\u00e9g\u00e9n beadott p\u00e1ly\u00e1zatok eset\u00e9n is \u2013 mondta Bod\u00f3 S\u00e1ndor, az Innov\u00e1ci\u00f3s \u00e9s Technol\u00f3giai Miniszt\u00e9rium (ITM) foglalkoztat\u00e1spolitik\u00e1\u00e9rt felel\u0151s \u00e1llamtitk\u00e1ra. A miniszt\u00e9rium cs\u00fct\u00f6rt\u00f6ki k\u00f6zlem\u00e9nye felid\u00e9zi: a v\u00edrusv\u00e1ls\u00e1g k\u00e1ros\" \/>\n\t\t<meta name=\"twitter:image\" content=\"https:\/\/allasorias.hu\/hirek\/wp-content\/uploads\/2020\/07\/27.jpg\" \/>\n\t\t<meta name=\"twitter:label1\" content=\"Written by\" \/>\n\t\t<meta name=\"twitter:data1\" content=\"Juh\u00e1sz P\u00e9ter\" \/>\n\t\t<meta name=\"twitter:label2\" content=\"Est. reading time\" \/>\n\t\t<meta name=\"twitter:data2\" content=\"2 minutes\" \/>\n\t\t<script type=\"application\/ld+json\" class=\"aioseo-schema\">\n\t\t\t{\"@context\":\"https:\\\/\\\/schema.org\",\"@graph\":[{\"@type\":\"Article\",\"@id\":\"https:\\\/\\\/allasorias.hu\\\/hirek\\\/sikeres-volt-a-bertamogatas\\\/#article\",\"name\":\"Sikeres volt a b\\u00e9rt\\u00e1mogat\\u00e1s | AllasOrias.hu | H\\u00edrek-lapszemle\",\"headline\":\"Sikeres volt a b\\u00e9rt\\u00e1mogat\\u00e1s\",\"author\":{\"@id\":\"https:\\\/\\\/allasorias.hu\\\/hirek\\\/author\\\/admin-allasorias\\\/#author\"},\"publisher\":{\"@id\":\"https:\\\/\\\/allasorias.hu\\\/hirek\\\/#organization\"},\"image\":{\"@type\":\"ImageObject\",\"url\":\"https:\\\/\\\/allasorias.hu\\\/hirek\\\/wp-content\\\/uploads\\\/2020\\\/07\\\/27.jpg\",\"width\":1280,\"height\":683,\"caption\":\"Business man with pen mark the checkbox,Check the accuracy\"},\"datePublished\":\"2020-09-18T07:18:53+02:00\",\"dateModified\":\"2020-09-18T07:18:53+02:00\",\"inLanguage\":\"hu-HU\",\"mainEntityOfPage\":{\"@id\":\"https:\\\/\\\/allasorias.hu\\\/hirek\\\/sikeres-volt-a-bertamogatas\\\/#webpage\"},\"isPartOf\":{\"@id\":\"https:\\\/\\\/allasorias.hu\\\/hirek\\\/sikeres-volt-a-bertamogatas\\\/#webpage\"},\"articleSection\":\"Gazdas\\u00e1g\"},{\"@type\":\"BreadcrumbList\",\"@id\":\"https:\\\/\\\/allasorias.hu\\\/hirek\\\/sikeres-volt-a-bertamogatas\\\/#breadcrumblist\",\"itemListElement\":[{\"@type\":\"ListItem\",\"@id\":\"https:\\\/\\\/allasorias.hu\\\/hirek#listItem\",\"position\":1,\"name\":\"Home\",\"item\":\"https:\\\/\\\/allasorias.hu\\\/hirek\",\"nextItem\":{\"@type\":\"ListItem\",\"@id\":\"https:\\\/\\\/allasorias.hu\\\/hirek\\\/temak\\\/gazdasag\\\/#listItem\",\"name\":\"Gazdas\\u00e1g\"}},{\"@type\":\"ListItem\",\"@id\":\"https:\\\/\\\/allasorias.hu\\\/hirek\\\/temak\\\/gazdasag\\\/#listItem\",\"position\":2,\"name\":\"Gazdas\\u00e1g\",\"item\":\"https:\\\/\\\/allasorias.hu\\\/hirek\\\/temak\\\/gazdasag\\\/\",\"nextItem\":{\"@type\":\"ListItem\",\"@id\":\"https:\\\/\\\/allasorias.hu\\\/hirek\\\/sikeres-volt-a-bertamogatas\\\/#listItem\",\"name\":\"Sikeres volt a b\\u00e9rt\\u00e1mogat\\u00e1s\"},\"previousItem\":{\"@type\":\"ListItem\",\"@id\":\"https:\\\/\\\/allasorias.hu\\\/hirek#listItem\",\"name\":\"Home\"}},{\"@type\":\"ListItem\",\"@id\":\"https:\\\/\\\/allasorias.hu\\\/hirek\\\/sikeres-volt-a-bertamogatas\\\/#listItem\",\"position\":3,\"name\":\"Sikeres volt a b\\u00e9rt\\u00e1mogat\\u00e1s\",\"previousItem\":{\"@type\":\"ListItem\",\"@id\":\"https:\\\/\\\/allasorias.hu\\\/hirek\\\/temak\\\/gazdasag\\\/#listItem\",\"name\":\"Gazdas\\u00e1g\"}}]},{\"@type\":\"Organization\",\"@id\":\"https:\\\/\\\/allasorias.hu\\\/hirek\\\/#organization\",\"name\":\"AllasOrias.hu | H\\u00edrek-lapszemle\",\"description\":\"\\u00dczleti h\\u00edrek az \\u00e1ll\\u00e1s \\u00e9s a munka vil\\u00e1g\\u00e1b\\u00f3l\",\"url\":\"https:\\\/\\\/allasorias.hu\\\/hirek\\\/\",\"logo\":{\"@type\":\"ImageObject\",\"url\":\"https:\\\/\\\/allasorias.hu\\\/hirek\\\/wp-content\\\/uploads\\\/2022\\\/10\\\/allasorias_site_facebok_logo.png\",\"@id\":\"https:\\\/\\\/allasorias.hu\\\/hirek\\\/sikeres-volt-a-bertamogatas\\\/#organizationLogo\"},\"image\":{\"@id\":\"https:\\\/\\\/allasorias.hu\\\/hirek\\\/sikeres-volt-a-bertamogatas\\\/#organizationLogo\"},\"sameAs\":[\"https:\\\/\\\/www.facebook.com\\\/allasorias\",\"https:\\\/\\\/www.linkedin.com\\\/company\\\/allasorias\"]},{\"@type\":\"Person\",\"@id\":\"https:\\\/\\\/allasorias.hu\\\/hirek\\\/author\\\/admin-allasorias\\\/#author\",\"url\":\"https:\\\/\\\/allasorias.hu\\\/hirek\\\/author\\\/admin-allasorias\\\/\",\"name\":\"Juh\\u00e1sz P\\u00e9ter\",\"image\":{\"@type\":\"ImageObject\",\"@id\":\"https:\\\/\\\/allasorias.hu\\\/hirek\\\/sikeres-volt-a-bertamogatas\\\/#authorImage\",\"url\":\"https:\\\/\\\/secure.gravatar.com\\\/avatar\\\/36e6bcb83148978b992977cb0f54d22feb0cce8a0a849a9410532bb2623ba4c6?s=96&d=mm&r=g\",\"width\":96,\"height\":96,\"caption\":\"Juh\\u00e1sz P\\u00e9ter\"}},{\"@type\":\"WebPage\",\"@id\":\"https:\\\/\\\/allasorias.hu\\\/hirek\\\/sikeres-volt-a-bertamogatas\\\/#webpage\",\"url\":\"https:\\\/\\\/allasorias.hu\\\/hirek\\\/sikeres-volt-a-bertamogatas\\\/\",\"name\":\"Sikeres volt a b\\u00e9rt\\u00e1mogat\\u00e1s | AllasOrias.hu | H\\u00edrek-lapszemle\",\"description\":\"A Gazdas\\u00e1gv\\u00e9delmi akci\\u00f3tervben meghirdetett b\\u00e9rt\\u00e1mogat\\u00e1sokkal \\u00f6sszesen m\\u00e1r 280 ezer munkav\\u00e1llal\\u00f3n seg\\u00edtett a korm\\u00e1ny int\\u00e9zked\\u00e9se.. A 2020. augusztus 31-\\u00e9n lez\\u00e1rult p\\u00e1ly\\u00e1zatok feldolgoz\\u00e1sa \\u00e9s elb\\u00edr\\u00e1l\\u00e1suk a befejez\\u0151 szakasz\\u00e1hoz \\u00e9rkezett az augusztus legv\\u00e9g\\u00e9n beadott p\\u00e1ly\\u00e1zatok eset\\u00e9n is \\u2013 mondta Bod\\u00f3 S\\u00e1ndor, az Innov\\u00e1ci\\u00f3s \\u00e9s Technol\\u00f3giai Miniszt\\u00e9rium (ITM) foglalkoztat\\u00e1spolitik\\u00e1\\u00e9rt felel\\u0151s \\u00e1llamtitk\\u00e1ra. A miniszt\\u00e9rium cs\\u00fct\\u00f6rt\\u00f6ki k\\u00f6zlem\\u00e9nye felid\\u00e9zi: a v\\u00edrusv\\u00e1ls\\u00e1g k\\u00e1ros\",\"inLanguage\":\"hu-HU\",\"isPartOf\":{\"@id\":\"https:\\\/\\\/allasorias.hu\\\/hirek\\\/#website\"},\"breadcrumb\":{\"@id\":\"https:\\\/\\\/allasorias.hu\\\/hirek\\\/sikeres-volt-a-bertamogatas\\\/#breadcrumblist\"},\"author\":{\"@id\":\"https:\\\/\\\/allasorias.hu\\\/hirek\\\/author\\\/admin-allasorias\\\/#author\"},\"creator\":{\"@id\":\"https:\\\/\\\/allasorias.hu\\\/hirek\\\/author\\\/admin-allasorias\\\/#author\"},\"image\":{\"@type\":\"ImageObject\",\"url\":\"https:\\\/\\\/allasorias.hu\\\/hirek\\\/wp-content\\\/uploads\\\/2020\\\/07\\\/27.jpg\",\"@id\":\"https:\\\/\\\/allasorias.hu\\\/hirek\\\/sikeres-volt-a-bertamogatas\\\/#mainImage\",\"width\":1280,\"height\":683,\"caption\":\"Business man with pen mark the checkbox,Check the accuracy\"},\"primaryImageOfPage\":{\"@id\":\"https:\\\/\\\/allasorias.hu\\\/hirek\\\/sikeres-volt-a-bertamogatas\\\/#mainImage\"},\"datePublished\":\"2020-09-18T07:18:53+02:00\",\"dateModified\":\"2020-09-18T07:18:53+02:00\"},{\"@type\":\"WebSite\",\"@id\":\"https:\\\/\\\/allasorias.hu\\\/hirek\\\/#website\",\"url\":\"https:\\\/\\\/allasorias.hu\\\/hirek\\\/\",\"name\":\"AllasOrias.hu | H\\u00edrek-lapszemle\",\"description\":\"\\u00dczleti h\\u00edrek az \\u00e1ll\\u00e1s \\u00e9s a munka vil\\u00e1g\\u00e1b\\u00f3l\",\"inLanguage\":\"hu-HU\",\"publisher\":{\"@id\":\"https:\\\/\\\/allasorias.hu\\\/hirek\\\/#organization\"}}]}\n\t\t<\/script>\n\t\t<!-- All in One SEO -->\n\n","aioseo_head_json":{"title":"Sikeres volt a b\u00e9rt\u00e1mogat\u00e1s | AllasOrias.hu | H\u00edrek-lapszemle","description":"A Gazdas\u00e1gv\u00e9delmi akci\u00f3tervben meghirdetett b\u00e9rt\u00e1mogat\u00e1sokkal \u00f6sszesen m\u00e1r 280 ezer munkav\u00e1llal\u00f3n seg\u00edtett a korm\u00e1ny int\u00e9zked\u00e9se.. A 2020. augusztus 31-\u00e9n lez\u00e1rult p\u00e1ly\u00e1zatok feldolgoz\u00e1sa \u00e9s elb\u00edr\u00e1l\u00e1suk a befejez\u0151 szakasz\u00e1hoz \u00e9rkezett az augusztus legv\u00e9g\u00e9n beadott p\u00e1ly\u00e1zatok eset\u00e9n is \u2013 mondta Bod\u00f3 S\u00e1ndor, az Innov\u00e1ci\u00f3s \u00e9s Technol\u00f3giai Miniszt\u00e9rium (ITM) foglalkoztat\u00e1spolitik\u00e1\u00e9rt felel\u0151s \u00e1llamtitk\u00e1ra. A miniszt\u00e9rium cs\u00fct\u00f6rt\u00f6ki k\u00f6zlem\u00e9nye felid\u00e9zi: a v\u00edrusv\u00e1ls\u00e1g k\u00e1ros","canonical_url":"https:\/\/allasorias.hu\/hirek\/sikeres-volt-a-bertamogatas\/","robots":"max-image-preview:large","keywords":"","webmasterTools":{"miscellaneous":""},"schema":{"@context":"https:\/\/schema.org","@graph":[{"@type":"Article","@id":"https:\/\/allasorias.hu\/hirek\/sikeres-volt-a-bertamogatas\/#article","name":"Sikeres volt a b\u00e9rt\u00e1mogat\u00e1s | AllasOrias.hu | H\u00edrek-lapszemle","headline":"Sikeres volt a b\u00e9rt\u00e1mogat\u00e1s","author":{"@id":"https:\/\/allasorias.hu\/hirek\/author\/admin-allasorias\/#author"},"publisher":{"@id":"https:\/\/allasorias.hu\/hirek\/#organization"},"image":{"@type":"ImageObject","url":"https:\/\/allasorias.hu\/hirek\/wp-content\/uploads\/2020\/07\/27.jpg","width":1280,"height":683,"caption":"Business man with pen mark the checkbox,Check the accuracy"},"datePublished":"2020-09-18T07:18:53+02:00","dateModified":"2020-09-18T07:18:53+02:00","inLanguage":"hu-HU","mainEntityOfPage":{"@id":"https:\/\/allasorias.hu\/hirek\/sikeres-volt-a-bertamogatas\/#webpage"},"isPartOf":{"@id":"https:\/\/allasorias.hu\/hirek\/sikeres-volt-a-bertamogatas\/#webpage"},"articleSection":"Gazdas\u00e1g"},{"@type":"BreadcrumbList","@id":"https:\/\/allasorias.hu\/hirek\/sikeres-volt-a-bertamogatas\/#breadcrumblist","itemListElement":[{"@type":"ListItem","@id":"https:\/\/allasorias.hu\/hirek#listItem","position":1,"name":"Home","item":"https:\/\/allasorias.hu\/hirek","nextItem":{"@type":"ListItem","@id":"https:\/\/allasorias.hu\/hirek\/temak\/gazdasag\/#listItem","name":"Gazdas\u00e1g"}},{"@type":"ListItem","@id":"https:\/\/allasorias.hu\/hirek\/temak\/gazdasag\/#listItem","position":2,"name":"Gazdas\u00e1g","item":"https:\/\/allasorias.hu\/hirek\/temak\/gazdasag\/","nextItem":{"@type":"ListItem","@id":"https:\/\/allasorias.hu\/hirek\/sikeres-volt-a-bertamogatas\/#listItem","name":"Sikeres volt a b\u00e9rt\u00e1mogat\u00e1s"},"previousItem":{"@type":"ListItem","@id":"https:\/\/allasorias.hu\/hirek#listItem","name":"Home"}},{"@type":"ListItem","@id":"https:\/\/allasorias.hu\/hirek\/sikeres-volt-a-bertamogatas\/#listItem","position":3,"name":"Sikeres volt a b\u00e9rt\u00e1mogat\u00e1s","previousItem":{"@type":"ListItem","@id":"https:\/\/allasorias.hu\/hirek\/temak\/gazdasag\/#listItem","name":"Gazdas\u00e1g"}}]},{"@type":"Organization","@id":"https:\/\/allasorias.hu\/hirek\/#organization","name":"AllasOrias.hu | H\u00edrek-lapszemle","description":"\u00dczleti h\u00edrek az \u00e1ll\u00e1s \u00e9s a munka vil\u00e1g\u00e1b\u00f3l","url":"https:\/\/allasorias.hu\/hirek\/","logo":{"@type":"ImageObject","url":"https:\/\/allasorias.hu\/hirek\/wp-content\/uploads\/2022\/10\/allasorias_site_facebok_logo.png","@id":"https:\/\/allasorias.hu\/hirek\/sikeres-volt-a-bertamogatas\/#organizationLogo"},"image":{"@id":"https:\/\/allasorias.hu\/hirek\/sikeres-volt-a-bertamogatas\/#organizationLogo"},"sameAs":["https:\/\/www.facebook.com\/allasorias","https:\/\/www.linkedin.com\/company\/allasorias"]},{"@type":"Person","@id":"https:\/\/allasorias.hu\/hirek\/author\/admin-allasorias\/#author","url":"https:\/\/allasorias.hu\/hirek\/author\/admin-allasorias\/","name":"Juh\u00e1sz P\u00e9ter","image":{"@type":"ImageObject","@id":"https:\/\/allasorias.hu\/hirek\/sikeres-volt-a-bertamogatas\/#authorImage","url":"https:\/\/secure.gravatar.com\/avatar\/36e6bcb83148978b992977cb0f54d22feb0cce8a0a849a9410532bb2623ba4c6?s=96&d=mm&r=g","width":96,"height":96,"caption":"Juh\u00e1sz P\u00e9ter"}},{"@type":"WebPage","@id":"https:\/\/allasorias.hu\/hirek\/sikeres-volt-a-bertamogatas\/#webpage","url":"https:\/\/allasorias.hu\/hirek\/sikeres-volt-a-bertamogatas\/","name":"Sikeres volt a b\u00e9rt\u00e1mogat\u00e1s | AllasOrias.hu | H\u00edrek-lapszemle","description":"A Gazdas\u00e1gv\u00e9delmi akci\u00f3tervben meghirdetett b\u00e9rt\u00e1mogat\u00e1sokkal \u00f6sszesen m\u00e1r 280 ezer munkav\u00e1llal\u00f3n seg\u00edtett a korm\u00e1ny int\u00e9zked\u00e9se.. A 2020. augusztus 31-\u00e9n lez\u00e1rult p\u00e1ly\u00e1zatok feldolgoz\u00e1sa \u00e9s elb\u00edr\u00e1l\u00e1suk a befejez\u0151 szakasz\u00e1hoz \u00e9rkezett az augusztus legv\u00e9g\u00e9n beadott p\u00e1ly\u00e1zatok eset\u00e9n is \u2013 mondta Bod\u00f3 S\u00e1ndor, az Innov\u00e1ci\u00f3s \u00e9s Technol\u00f3giai Miniszt\u00e9rium (ITM) foglalkoztat\u00e1spolitik\u00e1\u00e9rt felel\u0151s \u00e1llamtitk\u00e1ra. A miniszt\u00e9rium cs\u00fct\u00f6rt\u00f6ki k\u00f6zlem\u00e9nye felid\u00e9zi: a v\u00edrusv\u00e1ls\u00e1g k\u00e1ros","inLanguage":"hu-HU","isPartOf":{"@id":"https:\/\/allasorias.hu\/hirek\/#website"},"breadcrumb":{"@id":"https:\/\/allasorias.hu\/hirek\/sikeres-volt-a-bertamogatas\/#breadcrumblist"},"author":{"@id":"https:\/\/allasorias.hu\/hirek\/author\/admin-allasorias\/#author"},"creator":{"@id":"https:\/\/allasorias.hu\/hirek\/author\/admin-allasorias\/#author"},"image":{"@type":"ImageObject","url":"https:\/\/allasorias.hu\/hirek\/wp-content\/uploads\/2020\/07\/27.jpg","@id":"https:\/\/allasorias.hu\/hirek\/sikeres-volt-a-bertamogatas\/#mainImage","width":1280,"height":683,"caption":"Business man with pen mark the checkbox,Check the accuracy"},"primaryImageOfPage":{"@id":"https:\/\/allasorias.hu\/hirek\/sikeres-volt-a-bertamogatas\/#mainImage"},"datePublished":"2020-09-18T07:18:53+02:00","dateModified":"2020-09-18T07:18:53+02:00"},{"@type":"WebSite","@id":"https:\/\/allasorias.hu\/hirek\/#website","url":"https:\/\/allasorias.hu\/hirek\/","name":"AllasOrias.hu | H\u00edrek-lapszemle","description":"\u00dczleti h\u00edrek az \u00e1ll\u00e1s \u00e9s a munka vil\u00e1g\u00e1b\u00f3l","inLanguage":"hu-HU","publisher":{"@id":"https:\/\/allasorias.hu\/hirek\/#organization"}}]},"og:locale":"hu_HU","og:site_name":"AllasOrias.hu | H\u00edrek-lapszemle | \u00dczleti h\u00edrek az \u00e1ll\u00e1s \u00e9s a munka vil\u00e1g\u00e1b\u00f3l","og:type":"article","og:title":"Sikeres volt a b\u00e9rt\u00e1mogat\u00e1s | AllasOrias.hu | H\u00edrek-lapszemle","og:description":"A Gazdas\u00e1gv\u00e9delmi akci\u00f3tervben meghirdetett b\u00e9rt\u00e1mogat\u00e1sokkal \u00f6sszesen m\u00e1r 280 ezer munkav\u00e1llal\u00f3n seg\u00edtett a korm\u00e1ny int\u00e9zked\u00e9se.. A 2020. augusztus 31-\u00e9n lez\u00e1rult p\u00e1ly\u00e1zatok feldolgoz\u00e1sa \u00e9s elb\u00edr\u00e1l\u00e1suk a befejez\u0151 szakasz\u00e1hoz \u00e9rkezett az augusztus legv\u00e9g\u00e9n beadott p\u00e1ly\u00e1zatok eset\u00e9n is \u2013 mondta Bod\u00f3 S\u00e1ndor, az Innov\u00e1ci\u00f3s \u00e9s Technol\u00f3giai Miniszt\u00e9rium (ITM) foglalkoztat\u00e1spolitik\u00e1\u00e9rt felel\u0151s \u00e1llamtitk\u00e1ra. A miniszt\u00e9rium cs\u00fct\u00f6rt\u00f6ki k\u00f6zlem\u00e9nye felid\u00e9zi: a v\u00edrusv\u00e1ls\u00e1g k\u00e1ros","og:url":"https:\/\/allasorias.hu\/hirek\/sikeres-volt-a-bertamogatas\/","og:image":"https:\/\/allasorias.hu\/hirek\/wp-content\/uploads\/2020\/07\/27.jpg","og:image:secure_url":"https:\/\/allasorias.hu\/hirek\/wp-content\/uploads\/2020\/07\/27.jpg","og:image:width":1280,"og:image:height":683,"article:published_time":"2020-09-18T07:18:53+00:00","article:modified_time":"2020-09-18T07:18:53+00:00","article:publisher":"https:\/\/www.facebook.com\/allasorias","twitter:card":"summary_large_image","twitter:title":"Sikeres volt a b\u00e9rt\u00e1mogat\u00e1s | AllasOrias.hu | H\u00edrek-lapszemle","twitter:description":"A Gazdas\u00e1gv\u00e9delmi akci\u00f3tervben meghirdetett b\u00e9rt\u00e1mogat\u00e1sokkal \u00f6sszesen m\u00e1r 280 ezer munkav\u00e1llal\u00f3n seg\u00edtett a korm\u00e1ny int\u00e9zked\u00e9se.. A 2020. augusztus 31-\u00e9n lez\u00e1rult p\u00e1ly\u00e1zatok feldolgoz\u00e1sa \u00e9s elb\u00edr\u00e1l\u00e1suk a befejez\u0151 szakasz\u00e1hoz \u00e9rkezett az augusztus legv\u00e9g\u00e9n beadott p\u00e1ly\u00e1zatok eset\u00e9n is \u2013 mondta Bod\u00f3 S\u00e1ndor, az Innov\u00e1ci\u00f3s \u00e9s Technol\u00f3giai Miniszt\u00e9rium (ITM) foglalkoztat\u00e1spolitik\u00e1\u00e9rt felel\u0151s \u00e1llamtitk\u00e1ra. A miniszt\u00e9rium cs\u00fct\u00f6rt\u00f6ki k\u00f6zlem\u00e9nye felid\u00e9zi: a v\u00edrusv\u00e1ls\u00e1g k\u00e1ros","twitter:image":"https:\/\/allasorias.hu\/hirek\/wp-content\/uploads\/2020\/07\/27.jpg","twitter:label1":"Written by","twitter:data1":"Juh\u00e1sz P\u00e9ter","twitter:label2":"Est. reading time","twitter:data2":"2 minutes"},"aioseo_meta_data":{"post_id":"4254","title":null,"description":"","keywords":"","keyphrases":null,"primary_term":null,"canonical_url":"","og_title":null,"og_description":null,"og_object_type":"default","og_image_type":"default","og_image_url":null,"og_image_width":null,"og_image_height":null,"og_image_custom_url":null,"og_image_custom_fields":null,"og_video":null,"og_custom_url":null,"og_article_section":null,"og_article_tags":null,"twitter_use_og":false,"twitter_card":"default","twitter_image_type":"default","twitter_image_url":null,"twitter_image_custom_url":null,"twitter_image_custom_fields":null,"twitter_title":null,"twitter_description":null,"schema":{"blockGraphs":[],"customGraphs":[],"default":{"data":{"Article":[],"Course":[],"Dataset":[],"FAQPage":[],"Movie":[],"Person":[],"Product":[],"ProductReview":[],"Car":[],"Recipe":[],"Service":[],"SoftwareApplication":[],"WebPage":[]},"graphName":"","isEnabled":true},"graphs":[],"defaultGraph":"","defaultPostTypeGraph":""},"schema_type":null,"schema_type_options":null,"pillar_content":false,"robots_default":true,"robots_noindex":false,"robots_noarchive":false,"robots_nosnippet":false,"robots_nofollow":false,"robots_noimageindex":false,"robots_noodp":false,"robots_notranslate":false,"robots_max_snippet":null,"robots_max_videopreview":null,"robots_max_imagepreview":"large","priority":null,"frequency":null,"location":null,"local_seo":null,"breadcrumb_settings":null,"limit_modified_date":false,"ai":null,"created":"2021-02-01 20:46:57","updated":"2025-10-02 14:50:25","seo_analyzer_scan_date":null,"focus_keyword":null,"additional_keywords":null,"truseo_locale":null},"aioseo_breadcrumb":"<div class=\"aioseo-breadcrumbs\"><span class=\"aioseo-breadcrumb\">\n\t\t\t<a href=\"https:\/\/allasorias.hu\/hirek\" title=\"Home\">Home<\/a>\n\t\t<\/span><span class=\"aioseo-breadcrumb-separator\">&raquo;<\/span><span class=\"aioseo-breadcrumb\">\n\t\t\t<a href=\"https:\/\/allasorias.hu\/hirek\/temak\/gazdasag\/\" title=\"Gazdas\u00e1g\">Gazdas\u00e1g<\/a>\n\t\t<\/span><span class=\"aioseo-breadcrumb-separator\">&raquo;<\/span><span class=\"aioseo-breadcrumb\">\n\t\t\tSikeres volt a b\u00e9rt\u00e1mogat\u00e1s\n\t\t<\/span><\/div>","aioseo_breadcrumb_json":[{"label":"Home","link":"https:\/\/allasorias.hu\/hirek"},{"label":"Gazdas\u00e1g","link":"https:\/\/allasorias.hu\/hirek\/temak\/gazdasag\/"},{"label":"Sikeres volt a b\u00e9rt\u00e1mogat\u00e1s","link":"https:\/\/allasorias.hu\/hirek\/sikeres-volt-a-bertamogatas\/"}],"_links":{"self":[{"href":"https:\/\/allasorias.hu\/hirek\/wp-json\/wp\/v2\/posts\/4254","targetHints":{"allow":["GET"]}}],"collection":[{"href":"https:\/\/allasorias.hu\/hirek\/wp-json\/wp\/v2\/posts"}],"about":[{"href":"https:\/\/allasorias.hu\/hirek\/wp-json\/wp\/v2\/types\/post"}],"author":[{"embeddable":true,"href":"https:\/\/allasorias.hu\/hirek\/wp-json\/wp\/v2\/users\/1"}],"replies":[{"embeddable":true,"href":"https:\/\/allasorias.hu\/hirek\/wp-json\/wp\/v2\/comments?post=4254"}],"version-history":[{"count":1,"href":"https:\/\/allasorias.hu\/hirek\/wp-json\/wp\/v2\/posts\/4254\/revisions"}],"predecessor-version":[{"id":4255,"href":"https:\/\/allasorias.hu\/hirek\/wp-json\/wp\/v2\/posts\/4254\/revisions\/4255"}],"wp:featuredmedia":[{"embeddable":true,"href":"https:\/\/allasorias.hu\/hirek\/wp-json\/wp\/v2\/media\/4114"}],"wp:attachment":[{"href":"https:\/\/allasorias.hu\/hirek\/wp-json\/wp\/v2\/media?parent=4254"}],"wp:term":[{"taxonomy":"category","embeddable":true,"href":"https:\/\/allasorias.hu\/hirek\/wp-json\/wp\/v2\/categories?post=4254"},{"taxonomy":"post_tag","embeddable":true,"href":"https:\/\/allasorias.hu\/hirek\/wp-json\/wp\/v2\/tags?post=4254"}],"curies":[{"name":"wp","href":"https:\/\/api.w.org\/{rel}","templated":true}]}}