{"id":4241,"date":"2020-09-11T06:33:26","date_gmt":"2020-09-11T06:33:26","guid":{"rendered":"https:\/\/allasorias.hu\/hirek\/?p=4241"},"modified":"2020-09-10T06:33:51","modified_gmt":"2020-09-10T06:33:51","slug":"hosszabb-idore-jarjon-az-allaskeresesi-jaradek","status":"publish","type":"post","link":"https:\/\/allasorias.hu\/hirek\/hosszabb-idore-jarjon-az-allaskeresesi-jaradek\/","title":{"rendered":"Hosszabb id\u0151re j\u00e1rjon az \u00e1ll\u00e1skeres\u00e9si j\u00e1rad\u00e9k"},"content":{"rendered":"<p><strong>legal\u00e1bb kilenc h\u00f3napra emeln\u00e9 az \u00e1ll\u00e1skeres\u00e9si j\u00e1rad\u00e9k id\u0151tartam\u00e1t az LMP. A j\u00e1rad\u00e9k \u00f6sszeg\u00e9t pedig szerint\u00fck \u00e9rje el a b\u00e9rminimumot. A p\u00e1rt frakci\u00f3vezet\u0151-helyettese Cs\u00e1rdi Antal elmondta: jelenleg minden m\u00e1sodik \u00e1ll\u00e1skeres\u0151 ell\u00e1t\u00e1s n\u00e9lk\u00fcl van, vagyis nincs bev\u00e9tele.<\/strong><\/p>\n<p>A politikus ez\u00e9rt elfogadhatatlannak tartja, hogy az Eur\u00f3pai Uni\u00f3ban Magyarorsz\u00e1g biztos\u00edtja a legr\u00f6videbb ideig a j\u00e1rad\u00e9kot. \u201eA magyar korm\u00e1ny cserbenhagyta azokat az embereket, akiket a gazdas\u00e1gi v\u00e1ls\u00e1g az utc\u00e1ra l\u00f6k\u00f6tt\u201d \u2013 f\u0171zte hozz\u00e1. R\u00e1mutatott arra is, hogy 200 ezerrel cs\u00f6kkent a foglalkoztatottak sz\u00e1ma, a teljes \u00e1ll\u00e1sban alkalmazott emberek\u00e9 azonban m\u00e9g nagyobb m\u00e9rt\u00e9kben, 335 ezerrel. Sokan k\u00e9nyszer\u00fclnek kevesebb \u00f3r\u00e1ban, nem ritk\u00e1n napi 1-2 \u00f3r\u00e1ban dolgozni, de kevesebb p\u00e9nz\u00e9rt \u2013 mondta. Az LMP ez\u00e9rt azt javasolja, hogy az \u00e1llam fizessen t\u00e1voll\u00e9ti d\u00edjat azoknak, akik az \u00f6nhib\u00e1jukon k\u00edv\u00fcl ker\u00fclnek ebbe a helyzetbe. A p\u00e1rt szerint \u00e1llamilag finansz\u00edrozott munkahelyek l\u00e9trehoz\u00e1s\u00e1ra is sz\u00fcks\u00e9g lenne, els\u0151sorban az id\u0151sell\u00e1t\u00e1sban, valamint az eg\u00e9szs\u00e9g\u00fcgy azon ter\u00fcletein, ahol nem sz\u00fcks\u00e9ges a szakk\u00e9pz\u00e9s \u2013fogalmazott Cs\u00e1rdi Antal.<\/p>\n<p>Forr\u00e1s: hirado.hu<\/p>\n","protected":false},"excerpt":{"rendered":"<p>legal\u00e1bb kilenc h\u00f3napra emeln\u00e9 az \u00e1ll\u00e1skeres\u00e9si j\u00e1rad\u00e9k id\u0151tartam\u00e1t az LMP. A j\u00e1rad\u00e9k \u00f6sszeg\u00e9t pedig szerint\u00fck \u00e9rje el a b\u00e9rminimumot. A p\u00e1rt frakci\u00f3vezet\u0151-helyettese Cs\u00e1rdi Antal elmondta: jelenleg minden m\u00e1sodik \u00e1ll\u00e1skeres\u0151 ell\u00e1t\u00e1s n\u00e9lk\u00fcl van, vagyis nincs bev\u00e9tele. A politikus ez\u00e9rt elfogadhatatlannak tartja, hogy az Eur\u00f3pai Uni\u00f3ban Magyarorsz\u00e1g biztos\u00edtja a legr\u00f6videbb ideig a j\u00e1rad\u00e9kot. \u201eA magyar korm\u00e1ny cserbenhagyta [&hellip;]<\/p>\n","protected":false},"author":1,"featured_media":2319,"comment_status":"open","ping_status":"open","sticky":false,"template":"","format":"standard","meta":{"_monsterinsights_skip_tracking":false,"footnotes":""},"categories":[198],"tags":[],"class_list":["post-4241","post","type-post","status-publish","format-standard","has-post-thumbnail","hentry","category-gazdasag"],"aioseo_notices":[],"aioseo_head":"\n\t\t<!-- All in One SEO 5.0.0.1 - aioseo.com -->\n\t<meta name=\"description\" content=\"legal\u00e1bb kilenc h\u00f3napra emeln\u00e9 az \u00e1ll\u00e1skeres\u00e9si j\u00e1rad\u00e9k id\u0151tartam\u00e1t az LMP. A j\u00e1rad\u00e9k \u00f6sszeg\u00e9t pedig szerint\u00fck \u00e9rje el a b\u00e9rminimumot. A p\u00e1rt frakci\u00f3vezet\u0151-helyettese Cs\u00e1rdi Antal elmondta: jelenleg minden m\u00e1sodik \u00e1ll\u00e1skeres\u0151 ell\u00e1t\u00e1s n\u00e9lk\u00fcl van, vagyis nincs bev\u00e9tele. A politikus ez\u00e9rt elfogadhatatlannak tartja, hogy az Eur\u00f3pai Uni\u00f3ban Magyarorsz\u00e1g biztos\u00edtja a legr\u00f6videbb ideig a j\u00e1rad\u00e9kot. \u201eA magyar korm\u00e1ny cserbenhagyta\" \/>\n\t<meta name=\"robots\" content=\"max-image-preview:large\" \/>\n\t<meta name=\"author\" content=\"Juh\u00e1sz P\u00e9ter\"\/>\n\t<link rel=\"canonical\" href=\"https:\/\/allasorias.hu\/hirek\/hosszabb-idore-jarjon-az-allaskeresesi-jaradek\/\" \/>\n\t<meta name=\"generator\" content=\"All in One SEO (AIOSEO) 5.0.0.1\" \/>\n\t\t<meta property=\"og:locale\" content=\"hu_HU\" \/>\n\t\t<meta property=\"og:site_name\" content=\"AllasOrias.hu | H\u00edrek-lapszemle | \u00dczleti h\u00edrek az \u00e1ll\u00e1s \u00e9s a munka vil\u00e1g\u00e1b\u00f3l\" \/>\n\t\t<meta property=\"og:type\" content=\"article\" \/>\n\t\t<meta property=\"og:title\" content=\"Hosszabb id\u0151re j\u00e1rjon az \u00e1ll\u00e1skeres\u00e9si j\u00e1rad\u00e9k | AllasOrias.hu | H\u00edrek-lapszemle\" \/>\n\t\t<meta property=\"og:description\" content=\"legal\u00e1bb kilenc h\u00f3napra emeln\u00e9 az \u00e1ll\u00e1skeres\u00e9si j\u00e1rad\u00e9k id\u0151tartam\u00e1t az LMP. A j\u00e1rad\u00e9k \u00f6sszeg\u00e9t pedig szerint\u00fck \u00e9rje el a b\u00e9rminimumot. A p\u00e1rt frakci\u00f3vezet\u0151-helyettese Cs\u00e1rdi Antal elmondta: jelenleg minden m\u00e1sodik \u00e1ll\u00e1skeres\u0151 ell\u00e1t\u00e1s n\u00e9lk\u00fcl van, vagyis nincs bev\u00e9tele. A politikus ez\u00e9rt elfogadhatatlannak tartja, hogy az Eur\u00f3pai Uni\u00f3ban Magyarorsz\u00e1g biztos\u00edtja a legr\u00f6videbb ideig a j\u00e1rad\u00e9kot. \u201eA magyar korm\u00e1ny cserbenhagyta\" \/>\n\t\t<meta property=\"og:url\" content=\"https:\/\/allasorias.hu\/hirek\/hosszabb-idore-jarjon-az-allaskeresesi-jaradek\/\" \/>\n\t\t<meta property=\"og:image\" content=\"https:\/\/allasorias.hu\/hirek\/wp-content\/uploads\/2018\/12\/ft.jpg\" \/>\n\t\t<meta property=\"og:image:secure_url\" content=\"https:\/\/allasorias.hu\/hirek\/wp-content\/uploads\/2018\/12\/ft.jpg\" \/>\n\t\t<meta property=\"og:image:width\" content=\"1500\" \/>\n\t\t<meta property=\"og:image:height\" content=\"844\" \/>\n\t\t<meta property=\"article:published_time\" content=\"2020-09-11T06:33:26+00:00\" \/>\n\t\t<meta property=\"article:modified_time\" content=\"2020-09-10T06:33:51+00:00\" \/>\n\t\t<meta property=\"article:publisher\" content=\"https:\/\/www.facebook.com\/allasorias\" \/>\n\t\t<meta name=\"twitter:card\" content=\"summary_large_image\" \/>\n\t\t<meta name=\"twitter:title\" content=\"Hosszabb id\u0151re j\u00e1rjon az \u00e1ll\u00e1skeres\u00e9si j\u00e1rad\u00e9k | AllasOrias.hu | H\u00edrek-lapszemle\" \/>\n\t\t<meta name=\"twitter:description\" content=\"legal\u00e1bb kilenc h\u00f3napra emeln\u00e9 az \u00e1ll\u00e1skeres\u00e9si j\u00e1rad\u00e9k id\u0151tartam\u00e1t az LMP. A j\u00e1rad\u00e9k \u00f6sszeg\u00e9t pedig szerint\u00fck \u00e9rje el a b\u00e9rminimumot. A p\u00e1rt frakci\u00f3vezet\u0151-helyettese Cs\u00e1rdi Antal elmondta: jelenleg minden m\u00e1sodik \u00e1ll\u00e1skeres\u0151 ell\u00e1t\u00e1s n\u00e9lk\u00fcl van, vagyis nincs bev\u00e9tele. A politikus ez\u00e9rt elfogadhatatlannak tartja, hogy az Eur\u00f3pai Uni\u00f3ban Magyarorsz\u00e1g biztos\u00edtja a legr\u00f6videbb ideig a j\u00e1rad\u00e9kot. \u201eA magyar korm\u00e1ny cserbenhagyta\" \/>\n\t\t<meta name=\"twitter:image\" content=\"https:\/\/allasorias.hu\/hirek\/wp-content\/uploads\/2018\/12\/ft.jpg\" \/>\n\t\t<meta name=\"twitter:label1\" content=\"Written by\" \/>\n\t\t<meta name=\"twitter:data1\" content=\"Juh\u00e1sz P\u00e9ter\" \/>\n\t\t<meta name=\"twitter:label2\" content=\"Est. reading time\" \/>\n\t\t<meta name=\"twitter:data2\" content=\"1 minute\" \/>\n\t\t<script type=\"application\/ld+json\" class=\"aioseo-schema\">\n\t\t\t{\"@context\":\"https:\\\/\\\/schema.org\",\"@graph\":[{\"@type\":\"Article\",\"@id\":\"https:\\\/\\\/allasorias.hu\\\/hirek\\\/hosszabb-idore-jarjon-az-allaskeresesi-jaradek\\\/#article\",\"name\":\"Hosszabb id\\u0151re j\\u00e1rjon az \\u00e1ll\\u00e1skeres\\u00e9si j\\u00e1rad\\u00e9k | AllasOrias.hu | H\\u00edrek-lapszemle\",\"headline\":\"Hosszabb id\\u0151re j\\u00e1rjon az \\u00e1ll\\u00e1skeres\\u00e9si j\\u00e1rad\\u00e9k\",\"author\":{\"@id\":\"https:\\\/\\\/allasorias.hu\\\/hirek\\\/author\\\/admin-allasorias\\\/#author\"},\"publisher\":{\"@id\":\"https:\\\/\\\/allasorias.hu\\\/hirek\\\/#organization\"},\"image\":{\"@type\":\"ImageObject\",\"url\":\"https:\\\/\\\/allasorias.hu\\\/hirek\\\/wp-content\\\/uploads\\\/2018\\\/12\\\/ft.jpg\",\"width\":1500,\"height\":844},\"datePublished\":\"2020-09-11T06:33:26+02:00\",\"dateModified\":\"2020-09-10T06:33:51+02:00\",\"inLanguage\":\"hu-HU\",\"mainEntityOfPage\":{\"@id\":\"https:\\\/\\\/allasorias.hu\\\/hirek\\\/hosszabb-idore-jarjon-az-allaskeresesi-jaradek\\\/#webpage\"},\"isPartOf\":{\"@id\":\"https:\\\/\\\/allasorias.hu\\\/hirek\\\/hosszabb-idore-jarjon-az-allaskeresesi-jaradek\\\/#webpage\"},\"articleSection\":\"Gazdas\\u00e1g\"},{\"@type\":\"BreadcrumbList\",\"@id\":\"https:\\\/\\\/allasorias.hu\\\/hirek\\\/hosszabb-idore-jarjon-az-allaskeresesi-jaradek\\\/#breadcrumblist\",\"itemListElement\":[{\"@type\":\"ListItem\",\"@id\":\"https:\\\/\\\/allasorias.hu\\\/hirek#listItem\",\"position\":1,\"name\":\"Home\",\"item\":\"https:\\\/\\\/allasorias.hu\\\/hirek\",\"nextItem\":{\"@type\":\"ListItem\",\"@id\":\"https:\\\/\\\/allasorias.hu\\\/hirek\\\/temak\\\/gazdasag\\\/#listItem\",\"name\":\"Gazdas\\u00e1g\"}},{\"@type\":\"ListItem\",\"@id\":\"https:\\\/\\\/allasorias.hu\\\/hirek\\\/temak\\\/gazdasag\\\/#listItem\",\"position\":2,\"name\":\"Gazdas\\u00e1g\",\"item\":\"https:\\\/\\\/allasorias.hu\\\/hirek\\\/temak\\\/gazdasag\\\/\",\"nextItem\":{\"@type\":\"ListItem\",\"@id\":\"https:\\\/\\\/allasorias.hu\\\/hirek\\\/hosszabb-idore-jarjon-az-allaskeresesi-jaradek\\\/#listItem\",\"name\":\"Hosszabb id\\u0151re j\\u00e1rjon az \\u00e1ll\\u00e1skeres\\u00e9si j\\u00e1rad\\u00e9k\"},\"previousItem\":{\"@type\":\"ListItem\",\"@id\":\"https:\\\/\\\/allasorias.hu\\\/hirek#listItem\",\"name\":\"Home\"}},{\"@type\":\"ListItem\",\"@id\":\"https:\\\/\\\/allasorias.hu\\\/hirek\\\/hosszabb-idore-jarjon-az-allaskeresesi-jaradek\\\/#listItem\",\"position\":3,\"name\":\"Hosszabb id\\u0151re j\\u00e1rjon az \\u00e1ll\\u00e1skeres\\u00e9si j\\u00e1rad\\u00e9k\",\"previousItem\":{\"@type\":\"ListItem\",\"@id\":\"https:\\\/\\\/allasorias.hu\\\/hirek\\\/temak\\\/gazdasag\\\/#listItem\",\"name\":\"Gazdas\\u00e1g\"}}]},{\"@type\":\"Organization\",\"@id\":\"https:\\\/\\\/allasorias.hu\\\/hirek\\\/#organization\",\"name\":\"AllasOrias.hu | H\\u00edrek-lapszemle\",\"description\":\"\\u00dczleti h\\u00edrek az \\u00e1ll\\u00e1s \\u00e9s a munka vil\\u00e1g\\u00e1b\\u00f3l\",\"url\":\"https:\\\/\\\/allasorias.hu\\\/hirek\\\/\",\"logo\":{\"@type\":\"ImageObject\",\"url\":\"https:\\\/\\\/allasorias.hu\\\/hirek\\\/wp-content\\\/uploads\\\/2022\\\/10\\\/allasorias_site_facebok_logo.png\",\"@id\":\"https:\\\/\\\/allasorias.hu\\\/hirek\\\/hosszabb-idore-jarjon-az-allaskeresesi-jaradek\\\/#organizationLogo\"},\"image\":{\"@id\":\"https:\\\/\\\/allasorias.hu\\\/hirek\\\/hosszabb-idore-jarjon-az-allaskeresesi-jaradek\\\/#organizationLogo\"},\"sameAs\":[\"https:\\\/\\\/www.facebook.com\\\/allasorias\",\"https:\\\/\\\/www.linkedin.com\\\/company\\\/allasorias\"]},{\"@type\":\"Person\",\"@id\":\"https:\\\/\\\/allasorias.hu\\\/hirek\\\/author\\\/admin-allasorias\\\/#author\",\"url\":\"https:\\\/\\\/allasorias.hu\\\/hirek\\\/author\\\/admin-allasorias\\\/\",\"name\":\"Juh\\u00e1sz P\\u00e9ter\",\"image\":{\"@type\":\"ImageObject\",\"@id\":\"https:\\\/\\\/allasorias.hu\\\/hirek\\\/hosszabb-idore-jarjon-az-allaskeresesi-jaradek\\\/#authorImage\",\"url\":\"https:\\\/\\\/secure.gravatar.com\\\/avatar\\\/36e6bcb83148978b992977cb0f54d22feb0cce8a0a849a9410532bb2623ba4c6?s=96&d=mm&r=g\",\"width\":96,\"height\":96,\"caption\":\"Juh\\u00e1sz P\\u00e9ter\"}},{\"@type\":\"WebPage\",\"@id\":\"https:\\\/\\\/allasorias.hu\\\/hirek\\\/hosszabb-idore-jarjon-az-allaskeresesi-jaradek\\\/#webpage\",\"url\":\"https:\\\/\\\/allasorias.hu\\\/hirek\\\/hosszabb-idore-jarjon-az-allaskeresesi-jaradek\\\/\",\"name\":\"Hosszabb id\\u0151re j\\u00e1rjon az \\u00e1ll\\u00e1skeres\\u00e9si j\\u00e1rad\\u00e9k | AllasOrias.hu | H\\u00edrek-lapszemle\",\"description\":\"legal\\u00e1bb kilenc h\\u00f3napra emeln\\u00e9 az \\u00e1ll\\u00e1skeres\\u00e9si j\\u00e1rad\\u00e9k id\\u0151tartam\\u00e1t az LMP. A j\\u00e1rad\\u00e9k \\u00f6sszeg\\u00e9t pedig szerint\\u00fck \\u00e9rje el a b\\u00e9rminimumot. A p\\u00e1rt frakci\\u00f3vezet\\u0151-helyettese Cs\\u00e1rdi Antal elmondta: jelenleg minden m\\u00e1sodik \\u00e1ll\\u00e1skeres\\u0151 ell\\u00e1t\\u00e1s n\\u00e9lk\\u00fcl van, vagyis nincs bev\\u00e9tele. A politikus ez\\u00e9rt elfogadhatatlannak tartja, hogy az Eur\\u00f3pai Uni\\u00f3ban Magyarorsz\\u00e1g biztos\\u00edtja a legr\\u00f6videbb ideig a j\\u00e1rad\\u00e9kot. \\u201eA magyar korm\\u00e1ny cserbenhagyta\",\"inLanguage\":\"hu-HU\",\"isPartOf\":{\"@id\":\"https:\\\/\\\/allasorias.hu\\\/hirek\\\/#website\"},\"breadcrumb\":{\"@id\":\"https:\\\/\\\/allasorias.hu\\\/hirek\\\/hosszabb-idore-jarjon-az-allaskeresesi-jaradek\\\/#breadcrumblist\"},\"author\":{\"@id\":\"https:\\\/\\\/allasorias.hu\\\/hirek\\\/author\\\/admin-allasorias\\\/#author\"},\"creator\":{\"@id\":\"https:\\\/\\\/allasorias.hu\\\/hirek\\\/author\\\/admin-allasorias\\\/#author\"},\"image\":{\"@type\":\"ImageObject\",\"url\":\"https:\\\/\\\/allasorias.hu\\\/hirek\\\/wp-content\\\/uploads\\\/2018\\\/12\\\/ft.jpg\",\"@id\":\"https:\\\/\\\/allasorias.hu\\\/hirek\\\/hosszabb-idore-jarjon-az-allaskeresesi-jaradek\\\/#mainImage\",\"width\":1500,\"height\":844},\"primaryImageOfPage\":{\"@id\":\"https:\\\/\\\/allasorias.hu\\\/hirek\\\/hosszabb-idore-jarjon-az-allaskeresesi-jaradek\\\/#mainImage\"},\"datePublished\":\"2020-09-11T06:33:26+02:00\",\"dateModified\":\"2020-09-10T06:33:51+02:00\"},{\"@type\":\"WebSite\",\"@id\":\"https:\\\/\\\/allasorias.hu\\\/hirek\\\/#website\",\"url\":\"https:\\\/\\\/allasorias.hu\\\/hirek\\\/\",\"name\":\"AllasOrias.hu | H\\u00edrek-lapszemle\",\"description\":\"\\u00dczleti h\\u00edrek az \\u00e1ll\\u00e1s \\u00e9s a munka vil\\u00e1g\\u00e1b\\u00f3l\",\"inLanguage\":\"hu-HU\",\"publisher\":{\"@id\":\"https:\\\/\\\/allasorias.hu\\\/hirek\\\/#organization\"}}]}\n\t\t<\/script>\n\t\t<!-- All in One SEO -->\n\n","aioseo_head_json":{"title":"Hosszabb id\u0151re j\u00e1rjon az \u00e1ll\u00e1skeres\u00e9si j\u00e1rad\u00e9k | AllasOrias.hu | H\u00edrek-lapszemle","description":"legal\u00e1bb kilenc h\u00f3napra emeln\u00e9 az \u00e1ll\u00e1skeres\u00e9si j\u00e1rad\u00e9k id\u0151tartam\u00e1t az LMP. A j\u00e1rad\u00e9k \u00f6sszeg\u00e9t pedig szerint\u00fck \u00e9rje el a b\u00e9rminimumot. A p\u00e1rt frakci\u00f3vezet\u0151-helyettese Cs\u00e1rdi Antal elmondta: jelenleg minden m\u00e1sodik \u00e1ll\u00e1skeres\u0151 ell\u00e1t\u00e1s n\u00e9lk\u00fcl van, vagyis nincs bev\u00e9tele. A politikus ez\u00e9rt elfogadhatatlannak tartja, hogy az Eur\u00f3pai Uni\u00f3ban Magyarorsz\u00e1g biztos\u00edtja a legr\u00f6videbb ideig a j\u00e1rad\u00e9kot. \u201eA magyar korm\u00e1ny cserbenhagyta","canonical_url":"https:\/\/allasorias.hu\/hirek\/hosszabb-idore-jarjon-az-allaskeresesi-jaradek\/","robots":"max-image-preview:large","keywords":"","webmasterTools":{"miscellaneous":""},"schema":{"@context":"https:\/\/schema.org","@graph":[{"@type":"Article","@id":"https:\/\/allasorias.hu\/hirek\/hosszabb-idore-jarjon-az-allaskeresesi-jaradek\/#article","name":"Hosszabb id\u0151re j\u00e1rjon az \u00e1ll\u00e1skeres\u00e9si j\u00e1rad\u00e9k | AllasOrias.hu | H\u00edrek-lapszemle","headline":"Hosszabb id\u0151re j\u00e1rjon az \u00e1ll\u00e1skeres\u00e9si j\u00e1rad\u00e9k","author":{"@id":"https:\/\/allasorias.hu\/hirek\/author\/admin-allasorias\/#author"},"publisher":{"@id":"https:\/\/allasorias.hu\/hirek\/#organization"},"image":{"@type":"ImageObject","url":"https:\/\/allasorias.hu\/hirek\/wp-content\/uploads\/2018\/12\/ft.jpg","width":1500,"height":844},"datePublished":"2020-09-11T06:33:26+02:00","dateModified":"2020-09-10T06:33:51+02:00","inLanguage":"hu-HU","mainEntityOfPage":{"@id":"https:\/\/allasorias.hu\/hirek\/hosszabb-idore-jarjon-az-allaskeresesi-jaradek\/#webpage"},"isPartOf":{"@id":"https:\/\/allasorias.hu\/hirek\/hosszabb-idore-jarjon-az-allaskeresesi-jaradek\/#webpage"},"articleSection":"Gazdas\u00e1g"},{"@type":"BreadcrumbList","@id":"https:\/\/allasorias.hu\/hirek\/hosszabb-idore-jarjon-az-allaskeresesi-jaradek\/#breadcrumblist","itemListElement":[{"@type":"ListItem","@id":"https:\/\/allasorias.hu\/hirek#listItem","position":1,"name":"Home","item":"https:\/\/allasorias.hu\/hirek","nextItem":{"@type":"ListItem","@id":"https:\/\/allasorias.hu\/hirek\/temak\/gazdasag\/#listItem","name":"Gazdas\u00e1g"}},{"@type":"ListItem","@id":"https:\/\/allasorias.hu\/hirek\/temak\/gazdasag\/#listItem","position":2,"name":"Gazdas\u00e1g","item":"https:\/\/allasorias.hu\/hirek\/temak\/gazdasag\/","nextItem":{"@type":"ListItem","@id":"https:\/\/allasorias.hu\/hirek\/hosszabb-idore-jarjon-az-allaskeresesi-jaradek\/#listItem","name":"Hosszabb id\u0151re j\u00e1rjon az \u00e1ll\u00e1skeres\u00e9si j\u00e1rad\u00e9k"},"previousItem":{"@type":"ListItem","@id":"https:\/\/allasorias.hu\/hirek#listItem","name":"Home"}},{"@type":"ListItem","@id":"https:\/\/allasorias.hu\/hirek\/hosszabb-idore-jarjon-az-allaskeresesi-jaradek\/#listItem","position":3,"name":"Hosszabb id\u0151re j\u00e1rjon az \u00e1ll\u00e1skeres\u00e9si j\u00e1rad\u00e9k","previousItem":{"@type":"ListItem","@id":"https:\/\/allasorias.hu\/hirek\/temak\/gazdasag\/#listItem","name":"Gazdas\u00e1g"}}]},{"@type":"Organization","@id":"https:\/\/allasorias.hu\/hirek\/#organization","name":"AllasOrias.hu | H\u00edrek-lapszemle","description":"\u00dczleti h\u00edrek az \u00e1ll\u00e1s \u00e9s a munka vil\u00e1g\u00e1b\u00f3l","url":"https:\/\/allasorias.hu\/hirek\/","logo":{"@type":"ImageObject","url":"https:\/\/allasorias.hu\/hirek\/wp-content\/uploads\/2022\/10\/allasorias_site_facebok_logo.png","@id":"https:\/\/allasorias.hu\/hirek\/hosszabb-idore-jarjon-az-allaskeresesi-jaradek\/#organizationLogo"},"image":{"@id":"https:\/\/allasorias.hu\/hirek\/hosszabb-idore-jarjon-az-allaskeresesi-jaradek\/#organizationLogo"},"sameAs":["https:\/\/www.facebook.com\/allasorias","https:\/\/www.linkedin.com\/company\/allasorias"]},{"@type":"Person","@id":"https:\/\/allasorias.hu\/hirek\/author\/admin-allasorias\/#author","url":"https:\/\/allasorias.hu\/hirek\/author\/admin-allasorias\/","name":"Juh\u00e1sz P\u00e9ter","image":{"@type":"ImageObject","@id":"https:\/\/allasorias.hu\/hirek\/hosszabb-idore-jarjon-az-allaskeresesi-jaradek\/#authorImage","url":"https:\/\/secure.gravatar.com\/avatar\/36e6bcb83148978b992977cb0f54d22feb0cce8a0a849a9410532bb2623ba4c6?s=96&d=mm&r=g","width":96,"height":96,"caption":"Juh\u00e1sz P\u00e9ter"}},{"@type":"WebPage","@id":"https:\/\/allasorias.hu\/hirek\/hosszabb-idore-jarjon-az-allaskeresesi-jaradek\/#webpage","url":"https:\/\/allasorias.hu\/hirek\/hosszabb-idore-jarjon-az-allaskeresesi-jaradek\/","name":"Hosszabb id\u0151re j\u00e1rjon az \u00e1ll\u00e1skeres\u00e9si j\u00e1rad\u00e9k | AllasOrias.hu | H\u00edrek-lapszemle","description":"legal\u00e1bb kilenc h\u00f3napra emeln\u00e9 az \u00e1ll\u00e1skeres\u00e9si j\u00e1rad\u00e9k id\u0151tartam\u00e1t az LMP. A j\u00e1rad\u00e9k \u00f6sszeg\u00e9t pedig szerint\u00fck \u00e9rje el a b\u00e9rminimumot. A p\u00e1rt frakci\u00f3vezet\u0151-helyettese Cs\u00e1rdi Antal elmondta: jelenleg minden m\u00e1sodik \u00e1ll\u00e1skeres\u0151 ell\u00e1t\u00e1s n\u00e9lk\u00fcl van, vagyis nincs bev\u00e9tele. A politikus ez\u00e9rt elfogadhatatlannak tartja, hogy az Eur\u00f3pai Uni\u00f3ban Magyarorsz\u00e1g biztos\u00edtja a legr\u00f6videbb ideig a j\u00e1rad\u00e9kot. \u201eA magyar korm\u00e1ny cserbenhagyta","inLanguage":"hu-HU","isPartOf":{"@id":"https:\/\/allasorias.hu\/hirek\/#website"},"breadcrumb":{"@id":"https:\/\/allasorias.hu\/hirek\/hosszabb-idore-jarjon-az-allaskeresesi-jaradek\/#breadcrumblist"},"author":{"@id":"https:\/\/allasorias.hu\/hirek\/author\/admin-allasorias\/#author"},"creator":{"@id":"https:\/\/allasorias.hu\/hirek\/author\/admin-allasorias\/#author"},"image":{"@type":"ImageObject","url":"https:\/\/allasorias.hu\/hirek\/wp-content\/uploads\/2018\/12\/ft.jpg","@id":"https:\/\/allasorias.hu\/hirek\/hosszabb-idore-jarjon-az-allaskeresesi-jaradek\/#mainImage","width":1500,"height":844},"primaryImageOfPage":{"@id":"https:\/\/allasorias.hu\/hirek\/hosszabb-idore-jarjon-az-allaskeresesi-jaradek\/#mainImage"},"datePublished":"2020-09-11T06:33:26+02:00","dateModified":"2020-09-10T06:33:51+02:00"},{"@type":"WebSite","@id":"https:\/\/allasorias.hu\/hirek\/#website","url":"https:\/\/allasorias.hu\/hirek\/","name":"AllasOrias.hu | H\u00edrek-lapszemle","description":"\u00dczleti h\u00edrek az \u00e1ll\u00e1s \u00e9s a munka vil\u00e1g\u00e1b\u00f3l","inLanguage":"hu-HU","publisher":{"@id":"https:\/\/allasorias.hu\/hirek\/#organization"}}]},"og:locale":"hu_HU","og:site_name":"AllasOrias.hu | H\u00edrek-lapszemle | \u00dczleti h\u00edrek az \u00e1ll\u00e1s \u00e9s a munka vil\u00e1g\u00e1b\u00f3l","og:type":"article","og:title":"Hosszabb id\u0151re j\u00e1rjon az \u00e1ll\u00e1skeres\u00e9si j\u00e1rad\u00e9k | AllasOrias.hu | H\u00edrek-lapszemle","og:description":"legal\u00e1bb kilenc h\u00f3napra emeln\u00e9 az \u00e1ll\u00e1skeres\u00e9si j\u00e1rad\u00e9k id\u0151tartam\u00e1t az LMP. A j\u00e1rad\u00e9k \u00f6sszeg\u00e9t pedig szerint\u00fck \u00e9rje el a b\u00e9rminimumot. A p\u00e1rt frakci\u00f3vezet\u0151-helyettese Cs\u00e1rdi Antal elmondta: jelenleg minden m\u00e1sodik \u00e1ll\u00e1skeres\u0151 ell\u00e1t\u00e1s n\u00e9lk\u00fcl van, vagyis nincs bev\u00e9tele. A politikus ez\u00e9rt elfogadhatatlannak tartja, hogy az Eur\u00f3pai Uni\u00f3ban Magyarorsz\u00e1g biztos\u00edtja a legr\u00f6videbb ideig a j\u00e1rad\u00e9kot. \u201eA magyar korm\u00e1ny cserbenhagyta","og:url":"https:\/\/allasorias.hu\/hirek\/hosszabb-idore-jarjon-az-allaskeresesi-jaradek\/","og:image":"https:\/\/allasorias.hu\/hirek\/wp-content\/uploads\/2018\/12\/ft.jpg","og:image:secure_url":"https:\/\/allasorias.hu\/hirek\/wp-content\/uploads\/2018\/12\/ft.jpg","og:image:width":1500,"og:image:height":844,"article:published_time":"2020-09-11T06:33:26+00:00","article:modified_time":"2020-09-10T06:33:51+00:00","article:publisher":"https:\/\/www.facebook.com\/allasorias","twitter:card":"summary_large_image","twitter:title":"Hosszabb id\u0151re j\u00e1rjon az \u00e1ll\u00e1skeres\u00e9si j\u00e1rad\u00e9k | AllasOrias.hu | H\u00edrek-lapszemle","twitter:description":"legal\u00e1bb kilenc h\u00f3napra emeln\u00e9 az \u00e1ll\u00e1skeres\u00e9si j\u00e1rad\u00e9k id\u0151tartam\u00e1t az LMP. A j\u00e1rad\u00e9k \u00f6sszeg\u00e9t pedig szerint\u00fck \u00e9rje el a b\u00e9rminimumot. A p\u00e1rt frakci\u00f3vezet\u0151-helyettese Cs\u00e1rdi Antal elmondta: jelenleg minden m\u00e1sodik \u00e1ll\u00e1skeres\u0151 ell\u00e1t\u00e1s n\u00e9lk\u00fcl van, vagyis nincs bev\u00e9tele. A politikus ez\u00e9rt elfogadhatatlannak tartja, hogy az Eur\u00f3pai Uni\u00f3ban Magyarorsz\u00e1g biztos\u00edtja a legr\u00f6videbb ideig a j\u00e1rad\u00e9kot. \u201eA magyar korm\u00e1ny cserbenhagyta","twitter:image":"https:\/\/allasorias.hu\/hirek\/wp-content\/uploads\/2018\/12\/ft.jpg","twitter:label1":"Written by","twitter:data1":"Juh\u00e1sz P\u00e9ter","twitter:label2":"Est. reading time","twitter:data2":"1 minute"},"aioseo_meta_data":{"post_id":"4241","title":null,"description":"","keywords":"","keyphrases":null,"primary_term":null,"canonical_url":"","og_title":null,"og_description":null,"og_object_type":"default","og_image_type":"default","og_image_url":null,"og_image_width":null,"og_image_height":null,"og_image_custom_url":null,"og_image_custom_fields":null,"og_video":null,"og_custom_url":null,"og_article_section":null,"og_article_tags":null,"twitter_use_og":false,"twitter_card":"default","twitter_image_type":"default","twitter_image_url":null,"twitter_image_custom_url":null,"twitter_image_custom_fields":null,"twitter_title":null,"twitter_description":null,"schema":{"blockGraphs":[],"customGraphs":[],"default":{"data":{"Article":[],"Course":[],"Dataset":[],"FAQPage":[],"Movie":[],"Person":[],"Product":[],"ProductReview":[],"Car":[],"Recipe":[],"Service":[],"SoftwareApplication":[],"WebPage":[]},"graphName":"","isEnabled":true},"graphs":[],"defaultGraph":"","defaultPostTypeGraph":""},"schema_type":null,"schema_type_options":null,"pillar_content":false,"robots_default":true,"robots_noindex":false,"robots_noarchive":false,"robots_nosnippet":false,"robots_nofollow":false,"robots_noimageindex":false,"robots_noodp":false,"robots_notranslate":false,"robots_max_snippet":null,"robots_max_videopreview":null,"robots_max_imagepreview":"large","priority":null,"frequency":null,"location":null,"local_seo":null,"breadcrumb_settings":null,"limit_modified_date":false,"ai":null,"created":"2021-02-01 20:46:57","updated":"2025-10-02 14:50:25","seo_analyzer_scan_date":null,"focus_keyword":null,"additional_keywords":null,"truseo_locale":null},"aioseo_breadcrumb":"<div class=\"aioseo-breadcrumbs\"><span class=\"aioseo-breadcrumb\">\n\t\t\t<a href=\"https:\/\/allasorias.hu\/hirek\" title=\"Home\">Home<\/a>\n\t\t<\/span><span class=\"aioseo-breadcrumb-separator\">&raquo;<\/span><span class=\"aioseo-breadcrumb\">\n\t\t\t<a href=\"https:\/\/allasorias.hu\/hirek\/temak\/gazdasag\/\" title=\"Gazdas\u00e1g\">Gazdas\u00e1g<\/a>\n\t\t<\/span><span class=\"aioseo-breadcrumb-separator\">&raquo;<\/span><span class=\"aioseo-breadcrumb\">\n\t\t\tHosszabb id\u0151re j\u00e1rjon az \u00e1ll\u00e1skeres\u00e9si j\u00e1rad\u00e9k\n\t\t<\/span><\/div>","aioseo_breadcrumb_json":[{"label":"Home","link":"https:\/\/allasorias.hu\/hirek"},{"label":"Gazdas\u00e1g","link":"https:\/\/allasorias.hu\/hirek\/temak\/gazdasag\/"},{"label":"Hosszabb id\u0151re j\u00e1rjon az \u00e1ll\u00e1skeres\u00e9si j\u00e1rad\u00e9k","link":"https:\/\/allasorias.hu\/hirek\/hosszabb-idore-jarjon-az-allaskeresesi-jaradek\/"}],"_links":{"self":[{"href":"https:\/\/allasorias.hu\/hirek\/wp-json\/wp\/v2\/posts\/4241","targetHints":{"allow":["GET"]}}],"collection":[{"href":"https:\/\/allasorias.hu\/hirek\/wp-json\/wp\/v2\/posts"}],"about":[{"href":"https:\/\/allasorias.hu\/hirek\/wp-json\/wp\/v2\/types\/post"}],"author":[{"embeddable":true,"href":"https:\/\/allasorias.hu\/hirek\/wp-json\/wp\/v2\/users\/1"}],"replies":[{"embeddable":true,"href":"https:\/\/allasorias.hu\/hirek\/wp-json\/wp\/v2\/comments?post=4241"}],"version-history":[{"count":1,"href":"https:\/\/allasorias.hu\/hirek\/wp-json\/wp\/v2\/posts\/4241\/revisions"}],"predecessor-version":[{"id":4242,"href":"https:\/\/allasorias.hu\/hirek\/wp-json\/wp\/v2\/posts\/4241\/revisions\/4242"}],"wp:featuredmedia":[{"embeddable":true,"href":"https:\/\/allasorias.hu\/hirek\/wp-json\/wp\/v2\/media\/2319"}],"wp:attachment":[{"href":"https:\/\/allasorias.hu\/hirek\/wp-json\/wp\/v2\/media?parent=4241"}],"wp:term":[{"taxonomy":"category","embeddable":true,"href":"https:\/\/allasorias.hu\/hirek\/wp-json\/wp\/v2\/categories?post=4241"},{"taxonomy":"post_tag","embeddable":true,"href":"https:\/\/allasorias.hu\/hirek\/wp-json\/wp\/v2\/tags?post=4241"}],"curies":[{"name":"wp","href":"https:\/\/api.w.org\/{rel}","templated":true}]}}