{"id":4237,"date":"2020-09-10T06:30:58","date_gmt":"2020-09-10T06:30:58","guid":{"rendered":"https:\/\/allasorias.hu\/hirek\/?p=4237"},"modified":"2020-09-10T06:30:58","modified_gmt":"2020-09-10T06:30:58","slug":"bevaltak-a-magyar-munkavedelmi-intezkedesek","status":"publish","type":"post","link":"https:\/\/allasorias.hu\/hirek\/bevaltak-a-magyar-munkavedelmi-intezkedesek\/","title":{"rendered":"Bev\u00e1ltak a magyar munkav\u00e9delmi int\u00e9zked\u00e9sek"},"content":{"rendered":"<p><strong>Az idei \u00e9v tapasztalatai azt mutatj\u00e1k, hogy a munkaer\u0151-k\u00f6lcs\u00f6nz\u00e9s itthon \u00e9s a szomsz\u00e9dos orsz\u00e1gokban is j\u00f3 alapot ad az \u00fajraindul\u00e1shoz. A r\u00e9gi\u00f3 nyolc orsz\u00e1g\u00e1ban le\u00e1nyc\u00e9ggel rendelkez\u0151 Prohuman szakemberei \u00f6sszegezt\u00e9k, hogy a k\u00f6rnyez\u0151 orsz\u00e1gok korm\u00e1nyai milyen int\u00e9zked\u00e9sekkel igyekeztek kezelni a koronav\u00edrus-j\u00e1rv\u00e1ny nyom\u00e1ban fell\u00e9p\u0151 gazdas\u00e1gi v\u00e1ls\u00e1got.<\/strong><\/p>\n<p>A r\u00e9gi\u00f3 vezet\u0151 HR szolg\u00e1ltat\u00f3j\u00e1nak szak\u00e9rt\u0151i szerint a j\u00e1rv\u00e1ny okozta visszaes\u00e9s a munkaer\u0151-k\u00f6lcs\u00f6nz\u00e9st is el\u00e9rte, ugyanakkor a hazai helyzeten sokat seg\u00edtett, hogy a korm\u00e1nyzat kiterjesztette a munkahelyv\u00e9delmi int\u00e9zked\u00e9seket a munkaer\u0151 k\u00f6lcs\u00f6nz\u00e9si keretek k\u00f6z\u00f6tt foglalkoztatott dolgoz\u00f3kra is. Hazai viszonylatban az elm\u00falt id\u0151szakban a k\u00f6lcs\u00f6nz\u00f6tt foglalkoztat\u00e1si konstrukci\u00f3ban dolgoz\u00f3k k\u00f6z\u00fcl eddig m\u00e1r k\u00f6zel 5.000 ember munkahely\u00e9nek meg\u0151rz\u00e9s\u00e9hez j\u00e1rulhatott hozz\u00e1 ez az int\u00e9zked\u00e9s a Prohuman szerint. A koronav\u00edrus-j\u00e1rv\u00e1ny miatt bevezetett korl\u00e1toz\u00e1sok az eg\u00e9sz k\u00f6z\u00e9p-kelet-eur\u00f3pai r\u00e9gi\u00f3ban komoly fennakad\u00e1sokat okoztak a gazdas\u00e1gban, \u00e9s az egyes korm\u00e1nyok v\u00e1ltozatos eszk\u00f6z\u00f6kkel igyekeztek minimaliz\u00e1lni a k\u00e1rokat, \u00f6szt\u00f6n\u00f6zni a talpra \u00e1ll\u00e1st. A magyar korm\u00e1ny ad\u00f3- \u00e9s j\u00e1rul\u00e9kk\u00f6nny\u00edt\u00e9sekkel, ad\u00f3ss\u00e1g-\u00e1t\u00fctemez\u00e9ssel, munkahelymeg\u0151rz\u0151 \u00e9s munkahelyteremt\u0151 b\u00e9rt\u00e1mogat\u00e1ssal pr\u00f3b\u00e1lta el\u00e9rni, hogy min\u00e9l t\u00f6bb ember \u0151rizhesse meg meg\u00e9lhet\u00e9s\u00e9t. A Prohuman Magyarorsz\u00e1g mellett Rom\u00e1ni\u00e1ban, Szlov\u00e9ni\u00e1ban, Horv\u00e1torsz\u00e1gban, Szerbi\u00e1ban \u00e9s Bulg\u00e1ri\u00e1ban is jelen van, \u00edgy els\u0151 k\u00e9zb\u0151l l\u00e1ttuk, mik\u00e9nt reag\u00e1ltak az egyes orsz\u00e1gok a v\u00e1ls\u00e1gra. Vannak ugyan elt\u00e9r\u00e9sek, de az mindenhol biztosan l\u00e1tszik, hogy rugalmass\u00e1g\u00e1nak k\u00f6sz\u00f6nhet\u0151en a munkaer\u0151 k\u00f6lcs\u00f6nz\u00e9s, mint foglalkoztat\u00e1si forma, j\u00f3 alapot adott \u00e9s ad a munk\u00e1ltat\u00f3k sz\u00e1m\u00e1ra, hogy megfelel\u0151en reag\u00e1lhassanak az \u00fajrakezd\u00e9s kih\u00edv\u00e1saira &#8211; mondta el Juh\u00e1sz Csongor, a Prohuman \u00fcgyvezet\u0151 igazgat\u00f3ja.<\/p>\n<p>Forr\u00e1s: penzcentrum.hu<\/p>\n","protected":false},"excerpt":{"rendered":"<p>Az idei \u00e9v tapasztalatai azt mutatj\u00e1k, hogy a munkaer\u0151-k\u00f6lcs\u00f6nz\u00e9s itthon \u00e9s a szomsz\u00e9dos orsz\u00e1gokban is j\u00f3 alapot ad az \u00fajraindul\u00e1shoz. A r\u00e9gi\u00f3 nyolc orsz\u00e1g\u00e1ban le\u00e1nyc\u00e9ggel rendelkez\u0151 Prohuman szakemberei \u00f6sszegezt\u00e9k, hogy a k\u00f6rnyez\u0151 orsz\u00e1gok korm\u00e1nyai milyen int\u00e9zked\u00e9sekkel igyekeztek kezelni a koronav\u00edrus-j\u00e1rv\u00e1ny nyom\u00e1ban fell\u00e9p\u0151 gazdas\u00e1gi v\u00e1ls\u00e1got. A r\u00e9gi\u00f3 vezet\u0151 HR szolg\u00e1ltat\u00f3j\u00e1nak szak\u00e9rt\u0151i szerint a j\u00e1rv\u00e1ny okozta visszaes\u00e9s [&hellip;]<\/p>\n","protected":false},"author":1,"featured_media":4057,"comment_status":"open","ping_status":"open","sticky":false,"template":"","format":"standard","meta":{"_monsterinsights_skip_tracking":false,"_monsterinsights_sitenote_active":false,"_monsterinsights_sitenote_note":"","_monsterinsights_sitenote_category":0,"footnotes":""},"categories":[200],"tags":[],"class_list":["post-4237","post","type-post","status-publish","format-standard","has-post-thumbnail","hentry","category-munkaeropiac"],"aioseo_notices":[],"_links":{"self":[{"href":"https:\/\/allasorias.hu\/hirek\/wp-json\/wp\/v2\/posts\/4237","targetHints":{"allow":["GET"]}}],"collection":[{"href":"https:\/\/allasorias.hu\/hirek\/wp-json\/wp\/v2\/posts"}],"about":[{"href":"https:\/\/allasorias.hu\/hirek\/wp-json\/wp\/v2\/types\/post"}],"author":[{"embeddable":true,"href":"https:\/\/allasorias.hu\/hirek\/wp-json\/wp\/v2\/users\/1"}],"replies":[{"embeddable":true,"href":"https:\/\/allasorias.hu\/hirek\/wp-json\/wp\/v2\/comments?post=4237"}],"version-history":[{"count":1,"href":"https:\/\/allasorias.hu\/hirek\/wp-json\/wp\/v2\/posts\/4237\/revisions"}],"predecessor-version":[{"id":4238,"href":"https:\/\/allasorias.hu\/hirek\/wp-json\/wp\/v2\/posts\/4237\/revisions\/4238"}],"wp:featuredmedia":[{"embeddable":true,"href":"https:\/\/allasorias.hu\/hirek\/wp-json\/wp\/v2\/media\/4057"}],"wp:attachment":[{"href":"https:\/\/allasorias.hu\/hirek\/wp-json\/wp\/v2\/media?parent=4237"}],"wp:term":[{"taxonomy":"category","embeddable":true,"href":"https:\/\/allasorias.hu\/hirek\/wp-json\/wp\/v2\/categories?post=4237"},{"taxonomy":"post_tag","embeddable":true,"href":"https:\/\/allasorias.hu\/hirek\/wp-json\/wp\/v2\/tags?post=4237"}],"curies":[{"name":"wp","href":"https:\/\/api.w.org\/{rel}","templated":true}]}}