{"id":4235,"date":"2020-09-09T14:28:48","date_gmt":"2020-09-09T14:28:48","guid":{"rendered":"https:\/\/allasorias.hu\/hirek\/?p=4235"},"modified":"2020-09-09T14:28:48","modified_gmt":"2020-09-09T14:28:48","slug":"konnyites-az-ovodapedagogus-hiany-miatt","status":"publish","type":"post","link":"https:\/\/allasorias.hu\/hirek\/konnyites-az-ovodapedagogus-hiany-miatt\/","title":{"rendered":"K\u00f6nny\u00edt\u00e9s az \u00f3vodapedag\u00f3gus hi\u00e1ny miatt"},"content":{"rendered":"<p><strong>Kev\u00e9s a k\u00e9pzett \u00f3vodapedag\u00f3gus, ez\u00e9rt korm\u00e1nyrendelettel igyekeznek enyh\u00edteni a probl\u00e9m\u00e1n. Az \u00f3vodai nap fel\u00e9t is pedag\u00f3gus v\u00e9gzetts\u00e9ggel nem rendelkez\u0151, nevel\u00e9st-oktat\u00e1st seg\u00edt\u0151 munkat\u00e1rsakkal t\u00f6lthetik a gyerekek \u00f3vodapedag\u00f3gusok helyett \u2013 erre ad lehet\u0151s\u00e9get szeptembert\u0151l egy augusztus v\u00e9g\u00e9n megjelent \u00faj korm\u00e1nyrendelet.<\/strong><\/p>\n<p>Sok \u00f3vod\u00e1ban m\u00e1r eddig is gyakorlat volt, hogy dajk\u00e1kkal vagy pedag\u00f3giai asszisztensekkel helyettes\u00edtett\u00e9k a hi\u00e1nyz\u00f3 \u00f3vodapedag\u00f3gust, m\u00e1shol a csoportl\u00e9tsz\u00e1mot n\u00f6velt\u00e9k, vagy t\u00fal\u00f3r\u00e1ztak az \u00f3v\u00f3n\u0151k. A Pedag\u00f3gusok Demokratikus Szakszervezete szerint a pedag\u00f3gushi\u00e1nyt pr\u00f3b\u00e1lja kezelni a korm\u00e1nyzat ezzel az eszk\u00f6zzel. A mostani jogszab\u00e1lym\u00f3dos\u00edt\u00e1s azt jelenti, hogy az \u00f3voda fenntart\u00f3ja, az \u00f6nkorm\u00e1nyzat ak\u00e1r \u00fagy is d\u00f6nthet, hogy csak a n\u00e9gy\u00f3r\u00e1s fejleszt\u0151 foglalkoz\u00e1s idej\u00e9re vesz fel k\u00e9pzett \u00f3vodapedag\u00f3gust, az \u00f6sszes t\u00f6bbi id\u0151ben pedig \u201enevel\u0151-oktat\u00f3 munk\u00e1t k\u00f6zvetlen\u00fcl seg\u00edt\u0151 munkak\u00f6rben foglalkoztatott szem\u00e9ly\u201d lehet a gyerekekkel. Ez az \u00f3voda eset\u00e9ben dajk\u00e1t vagy pedag\u00f3giai asszisztenst jelenthet \u2013 magyar\u00e1zta a Magyar Hangnak a Pedag\u00f3gusok Demokratikus Szakszervezete orsz\u00e1gos v\u00e1lasztm\u00e1ny\u00e1nak tagja, Kiss Erzs\u00e9bet. Szakszervezet\u00fck szerint norm\u00e1lis b\u00e9rek \u00e9s norm\u00e1lis munkaid\u0151 helyett \u00edgy pr\u00f3b\u00e1lja kezelni a korm\u00e1nyzat a pedag\u00f3gushi\u00e1nyt, ezzel viszont szerinte a XX. sz\u00e1zad sor\u00e1n a magyar \u00f3vodai nevel\u00e9sben el\u00e9rt, eur\u00f3pai szinten is jelent\u0151s eredm\u00e9ny gyakorlatilag \u201emegy a kuk\u00e1ba\u201d. Innent\u0151l ugyanis nem eg\u00e9sz napos nevel\u00e9st v\u00e1rnak az int\u00e9zm\u00e9nyekt\u0151l, hanem bizonyos id\u0151re el\u00e9g egyfajta gyermekfel\u00fcgyelet is, ezt pedig eszerint egy dajka is ell\u00e1thatja, ak\u00e1r nyolc oszt\u00e1lyos v\u00e9gzetts\u00e9ggel is. Kiss Erzs\u00e9bet szerint ezut\u00e1n az \u00f6nkorm\u00e1nyzatokon fog m\u00falni, \u00e1ldoznak-e arra, hogy ne csak n\u00e9gy \u00f3r\u00e1ban, hanem a teljes nap sor\u00e1n \u00f3vodapedag\u00f3gust foglalkoztassanak. Ha sp\u00f3rolni akarnak, akkor a n\u00e9gy\u00f3r\u00e1s fejleszt\u00e9s id\u0151szak\u00e1n t\u00fal felvehetnek szakk\u00e9pzetlen munkav\u00e1llal\u00f3t, akinek elegend\u0151 a minim\u00e1lb\u00e9rt kifizetni\u00fck.<\/p>\n<p>Forr\u00e1s: magyarhang.hu<\/p>\n","protected":false},"excerpt":{"rendered":"<p>Kev\u00e9s a k\u00e9pzett \u00f3vodapedag\u00f3gus, ez\u00e9rt korm\u00e1nyrendelettel igyekeznek enyh\u00edteni a probl\u00e9m\u00e1n. Az \u00f3vodai nap fel\u00e9t is pedag\u00f3gus v\u00e9gzetts\u00e9ggel nem rendelkez\u0151, nevel\u00e9st-oktat\u00e1st seg\u00edt\u0151 munkat\u00e1rsakkal t\u00f6lthetik a gyerekek \u00f3vodapedag\u00f3gusok helyett \u2013 erre ad lehet\u0151s\u00e9get szeptembert\u0151l egy augusztus v\u00e9g\u00e9n megjelent \u00faj korm\u00e1nyrendelet. Sok \u00f3vod\u00e1ban m\u00e1r eddig is gyakorlat volt, hogy dajk\u00e1kkal vagy pedag\u00f3giai asszisztensekkel helyettes\u00edtett\u00e9k a hi\u00e1nyz\u00f3 \u00f3vodapedag\u00f3gust, m\u00e1shol [&hellip;]<\/p>\n","protected":false},"author":1,"featured_media":3681,"comment_status":"open","ping_status":"open","sticky":false,"template":"","format":"standard","meta":{"_monsterinsights_skip_tracking":false,"_monsterinsights_sitenote_active":false,"_monsterinsights_sitenote_note":"","_monsterinsights_sitenote_category":0,"footnotes":""},"categories":[200],"tags":[],"class_list":["post-4235","post","type-post","status-publish","format-standard","has-post-thumbnail","hentry","category-munkaeropiac"],"aioseo_notices":[],"_links":{"self":[{"href":"https:\/\/allasorias.hu\/hirek\/wp-json\/wp\/v2\/posts\/4235","targetHints":{"allow":["GET"]}}],"collection":[{"href":"https:\/\/allasorias.hu\/hirek\/wp-json\/wp\/v2\/posts"}],"about":[{"href":"https:\/\/allasorias.hu\/hirek\/wp-json\/wp\/v2\/types\/post"}],"author":[{"embeddable":true,"href":"https:\/\/allasorias.hu\/hirek\/wp-json\/wp\/v2\/users\/1"}],"replies":[{"embeddable":true,"href":"https:\/\/allasorias.hu\/hirek\/wp-json\/wp\/v2\/comments?post=4235"}],"version-history":[{"count":1,"href":"https:\/\/allasorias.hu\/hirek\/wp-json\/wp\/v2\/posts\/4235\/revisions"}],"predecessor-version":[{"id":4236,"href":"https:\/\/allasorias.hu\/hirek\/wp-json\/wp\/v2\/posts\/4235\/revisions\/4236"}],"wp:featuredmedia":[{"embeddable":true,"href":"https:\/\/allasorias.hu\/hirek\/wp-json\/wp\/v2\/media\/3681"}],"wp:attachment":[{"href":"https:\/\/allasorias.hu\/hirek\/wp-json\/wp\/v2\/media?parent=4235"}],"wp:term":[{"taxonomy":"category","embeddable":true,"href":"https:\/\/allasorias.hu\/hirek\/wp-json\/wp\/v2\/categories?post=4235"},{"taxonomy":"post_tag","embeddable":true,"href":"https:\/\/allasorias.hu\/hirek\/wp-json\/wp\/v2\/tags?post=4235"}],"curies":[{"name":"wp","href":"https:\/\/api.w.org\/{rel}","templated":true}]}}