{"id":4233,"date":"2020-09-08T08:33:31","date_gmt":"2020-09-08T08:33:31","guid":{"rendered":"https:\/\/allasorias.hu\/hirek\/?p=4233"},"modified":"2020-09-08T08:33:31","modified_gmt":"2020-09-08T08:33:31","slug":"segitseg-a-vallalatoknak","status":"publish","type":"post","link":"https:\/\/allasorias.hu\/hirek\/segitseg-a-vallalatoknak\/","title":{"rendered":"Seg\u00edts\u00e9g a v\u00e1llalatoknak"},"content":{"rendered":"<p><strong>A c\u00e9gek folyamatos, biztons\u00e1gos m\u0171k\u00f6d\u00e9s\u00e9nek fenntart\u00e1s\u00e1\u00e9rt az ITM praktikus seg\u00edts\u00e9get ny\u00fajt a v\u00e1llalatoknak a j\u00e1rv\u00e1nyhull\u00e1mra val\u00f3 felk\u00e9sz\u00fcl\u00e9sben \u2013 jelentette ki az ITM \u00e1llamtitk\u00e1ra. Magyarorsz\u00e1g fenn tudja tartani a gazdas\u00e1gi aktivit\u00e1s\u00e1t, \u00e9s ezt seg\u00edti t\u00f6bbek k\u00f6z\u00f6tt a nemr\u00e9giben megjelent v\u00e1llalati feh\u00e9r k\u00f6nyv, valamint az \u00fczleti c\u00e9l\u00fa be- \u00e9s kiutaz\u00e1sok g\u00f6rd\u00fcl\u00e9kenyebb\u00e9 t\u00e9tele \u2013 fogalmazott \u00a0Gy\u00f6rgy L\u00e1szl\u00f3, az Innov\u00e1ci\u00f3s \u00e9s Technol\u00f3giai Miniszt\u00e9rium (ITM) gazdas\u00e1gstrat\u00e9gi\u00e1\u00e9rt \u00e9s szab\u00e1lyoz\u00e1s\u00e9rt felel\u0151s \u00e1llamtitk\u00e1ra. <\/strong><\/p>\n<p>A c\u00e9gek folyamatos, biztons\u00e1gos m\u0171k\u00f6d\u00e9s\u00e9nek fenntart\u00e1s\u00e1\u00e9rt az ITM praktikus seg\u00edts\u00e9get ny\u00fajt a v\u00e1llalatoknak a j\u00e1rv\u00e1nyhull\u00e1mra val\u00f3 felk\u00e9sz\u00fcl\u00e9sben, az\u00a0 online el\u00e9rhet\u0151 kiadv\u00e1nyban esettanulm\u00e1nyokon kereszt\u00fcl v\u00e9dekez\u00e9si, munkaszervez\u00e9si javaslatokat fogalmaznak meg az \u0151szi-t\u00e9li id\u0151szakra. A leg\u00fajabb szab\u00e1lyoz\u00e1s szerint \u00fczleti vagy gazdas\u00e1gi tev\u00e9kenys\u00e9g c\u00e9lj\u00e1val Magyarorsz\u00e1gra \u00e9rkez\u0151k korl\u00e1toz\u00e1s n\u00e9lk\u00fcl beutazhatnak, nincs k\u00f6telez\u0151 h\u00e1zikarant\u00e9n, \u00e9s ez igaz azokra a magyar \u00e1llampolg\u00e1rokra is, akik \u00fczleti c\u00e9llal utaznak k\u00fclf\u00f6ldre \u00e9s visszaj\u00f6nnek Magyarorsz\u00e1gra. Gy\u00f6rgy L\u00e1szl\u00f3 besz\u00e1molt arr\u00f3l, hogy tizenharmadik hete folyamatosan cs\u00f6kken a regisztr\u00e1lt \u00e1ll\u00e1skeres\u0151k sz\u00e1ma\u00a0 Magyarorsz\u00e1gon; az elm\u00falt h\u00e9ten mintegy 2500-zal m\u00e9rs\u00e9kl\u0151d\u00f6tt. Kit\u00e9rt arra is, hogy j\u00faliusban a foglalkoztat\u00e1si szint meghaladta a m\u00e1rciusit, a janu\u00e1rit is, \u00e9s mind\u00f6ssze 60 ezerrel maradt el a tavaly j\u00faliusi \u00e9rt\u00e9kt\u0151l \u2013 \u00edrta az MTI. A korm\u00e1ny a gazdas\u00e1gv\u00e9delmi akci\u00f3terv keret\u00e9ben 920 ezer munkav\u00e1llal\u00f3t t\u00e1mogat valamilyen m\u00f3don, 127 ezer embert seg\u00edtenek a munkakeres\u00e9sben, a Di\u00e1khitel Plusz konstrukci\u00f3t pedig 19 600\u00a0 hallgat\u00f3 vette ig\u00e9nybe. A k\u00fcl\u00f6nb\u00f6z\u0151 t\u00e1mogat\u00e1si programokkal t\u00f6bb mint 508 ezer \u00e1ll\u00e1shelyet v\u00e9denek meg, a munkahelyteremt\u0151 programmal pedig t\u00f6bb mint 70 ezer munkahely l\u00e9trehoz\u00e1s\u00e1t seg\u00edtik, a k\u00f6zfoglalkoztat\u00e1sban jelenleg 93 ezren vesznek r\u00e9szt \u2013 k\u00f6z\u00f6lte az \u00e1llamtitk\u00e1r. Gy\u00f6rgy L\u00e1szl\u00f3 azt mondta: a v\u00e1llalkoz\u00e1sok j\u00f6v\u0151be vetett hit\u00e9t mutatja, hogy a v\u00e1ls\u00e1g ut\u00e1n kialak\u00edtott \u00e1llamilag t\u00e1mogatott hitelkonstrukci\u00f3kra 1360 milli\u00e1rd forint hitelig\u00e9nyl\u00e9s \u00e9rkezett, \u00e9s 842 milli\u00e1rd forintra m\u00e1r szerz\u0151dtek.<\/p>\n<p>Forr\u00e1s: index.hu<\/p>\n","protected":false},"excerpt":{"rendered":"<p>A c\u00e9gek folyamatos, biztons\u00e1gos m\u0171k\u00f6d\u00e9s\u00e9nek fenntart\u00e1s\u00e1\u00e9rt az ITM praktikus seg\u00edts\u00e9get ny\u00fajt a v\u00e1llalatoknak a j\u00e1rv\u00e1nyhull\u00e1mra val\u00f3 felk\u00e9sz\u00fcl\u00e9sben \u2013 jelentette ki az ITM \u00e1llamtitk\u00e1ra. Magyarorsz\u00e1g fenn tudja tartani a gazdas\u00e1gi aktivit\u00e1s\u00e1t, \u00e9s ezt seg\u00edti t\u00f6bbek k\u00f6z\u00f6tt a nemr\u00e9giben megjelent v\u00e1llalati feh\u00e9r k\u00f6nyv, valamint az \u00fczleti c\u00e9l\u00fa be- \u00e9s kiutaz\u00e1sok g\u00f6rd\u00fcl\u00e9kenyebb\u00e9 t\u00e9tele \u2013 fogalmazott \u00a0Gy\u00f6rgy L\u00e1szl\u00f3, az [&hellip;]<\/p>\n","protected":false},"author":1,"featured_media":4114,"comment_status":"open","ping_status":"open","sticky":false,"template":"","format":"standard","meta":{"_monsterinsights_skip_tracking":false,"footnotes":""},"categories":[198],"tags":[],"class_list":["post-4233","post","type-post","status-publish","format-standard","has-post-thumbnail","hentry","category-gazdasag"],"aioseo_notices":[],"aioseo_head":"\n\t\t<!-- All in One SEO 5.0.0.1 - aioseo.com -->\n\t<meta name=\"description\" content=\"A c\u00e9gek folyamatos, biztons\u00e1gos m\u0171k\u00f6d\u00e9s\u00e9nek fenntart\u00e1s\u00e1\u00e9rt az ITM praktikus seg\u00edts\u00e9get ny\u00fajt a v\u00e1llalatoknak a j\u00e1rv\u00e1nyhull\u00e1mra val\u00f3 felk\u00e9sz\u00fcl\u00e9sben \u2013 jelentette ki az ITM \u00e1llamtitk\u00e1ra. Magyarorsz\u00e1g fenn tudja tartani a gazdas\u00e1gi aktivit\u00e1s\u00e1t, \u00e9s ezt seg\u00edti t\u00f6bbek k\u00f6z\u00f6tt a nemr\u00e9giben megjelent v\u00e1llalati feh\u00e9r k\u00f6nyv, valamint az \u00fczleti c\u00e9l\u00fa be- \u00e9s kiutaz\u00e1sok g\u00f6rd\u00fcl\u00e9kenyebb\u00e9 t\u00e9tele \u2013 fogalmazott Gy\u00f6rgy L\u00e1szl\u00f3, az\" \/>\n\t<meta name=\"robots\" content=\"max-image-preview:large\" \/>\n\t<meta name=\"author\" content=\"Juh\u00e1sz P\u00e9ter\"\/>\n\t<link rel=\"canonical\" href=\"https:\/\/allasorias.hu\/hirek\/segitseg-a-vallalatoknak\/\" \/>\n\t<meta name=\"generator\" content=\"All in One SEO (AIOSEO) 5.0.0.1\" \/>\n\t\t<meta property=\"og:locale\" content=\"hu_HU\" \/>\n\t\t<meta property=\"og:site_name\" content=\"AllasOrias.hu | H\u00edrek-lapszemle | \u00dczleti h\u00edrek az \u00e1ll\u00e1s \u00e9s a munka vil\u00e1g\u00e1b\u00f3l\" \/>\n\t\t<meta property=\"og:type\" content=\"article\" \/>\n\t\t<meta property=\"og:title\" content=\"Seg\u00edts\u00e9g a v\u00e1llalatoknak | AllasOrias.hu | H\u00edrek-lapszemle\" \/>\n\t\t<meta property=\"og:description\" content=\"A c\u00e9gek folyamatos, biztons\u00e1gos m\u0171k\u00f6d\u00e9s\u00e9nek fenntart\u00e1s\u00e1\u00e9rt az ITM praktikus seg\u00edts\u00e9get ny\u00fajt a v\u00e1llalatoknak a j\u00e1rv\u00e1nyhull\u00e1mra val\u00f3 felk\u00e9sz\u00fcl\u00e9sben \u2013 jelentette ki az ITM \u00e1llamtitk\u00e1ra. Magyarorsz\u00e1g fenn tudja tartani a gazdas\u00e1gi aktivit\u00e1s\u00e1t, \u00e9s ezt seg\u00edti t\u00f6bbek k\u00f6z\u00f6tt a nemr\u00e9giben megjelent v\u00e1llalati feh\u00e9r k\u00f6nyv, valamint az \u00fczleti c\u00e9l\u00fa be- \u00e9s kiutaz\u00e1sok g\u00f6rd\u00fcl\u00e9kenyebb\u00e9 t\u00e9tele \u2013 fogalmazott Gy\u00f6rgy L\u00e1szl\u00f3, az\" \/>\n\t\t<meta property=\"og:url\" content=\"https:\/\/allasorias.hu\/hirek\/segitseg-a-vallalatoknak\/\" \/>\n\t\t<meta property=\"og:image\" content=\"https:\/\/allasorias.hu\/hirek\/wp-content\/uploads\/2020\/07\/27.jpg\" \/>\n\t\t<meta property=\"og:image:secure_url\" content=\"https:\/\/allasorias.hu\/hirek\/wp-content\/uploads\/2020\/07\/27.jpg\" \/>\n\t\t<meta property=\"og:image:width\" content=\"1280\" \/>\n\t\t<meta property=\"og:image:height\" content=\"683\" \/>\n\t\t<meta property=\"article:published_time\" content=\"2020-09-08T08:33:31+00:00\" \/>\n\t\t<meta property=\"article:modified_time\" content=\"2020-09-08T08:33:31+00:00\" \/>\n\t\t<meta property=\"article:publisher\" content=\"https:\/\/www.facebook.com\/allasorias\" \/>\n\t\t<meta name=\"twitter:card\" content=\"summary_large_image\" \/>\n\t\t<meta name=\"twitter:title\" content=\"Seg\u00edts\u00e9g a v\u00e1llalatoknak | AllasOrias.hu | H\u00edrek-lapszemle\" \/>\n\t\t<meta name=\"twitter:description\" content=\"A c\u00e9gek folyamatos, biztons\u00e1gos m\u0171k\u00f6d\u00e9s\u00e9nek fenntart\u00e1s\u00e1\u00e9rt az ITM praktikus seg\u00edts\u00e9get ny\u00fajt a v\u00e1llalatoknak a j\u00e1rv\u00e1nyhull\u00e1mra val\u00f3 felk\u00e9sz\u00fcl\u00e9sben \u2013 jelentette ki az ITM \u00e1llamtitk\u00e1ra. Magyarorsz\u00e1g fenn tudja tartani a gazdas\u00e1gi aktivit\u00e1s\u00e1t, \u00e9s ezt seg\u00edti t\u00f6bbek k\u00f6z\u00f6tt a nemr\u00e9giben megjelent v\u00e1llalati feh\u00e9r k\u00f6nyv, valamint az \u00fczleti c\u00e9l\u00fa be- \u00e9s kiutaz\u00e1sok g\u00f6rd\u00fcl\u00e9kenyebb\u00e9 t\u00e9tele \u2013 fogalmazott Gy\u00f6rgy L\u00e1szl\u00f3, az\" \/>\n\t\t<meta name=\"twitter:image\" content=\"https:\/\/allasorias.hu\/hirek\/wp-content\/uploads\/2020\/07\/27.jpg\" \/>\n\t\t<meta name=\"twitter:label1\" content=\"Written by\" \/>\n\t\t<meta name=\"twitter:data1\" content=\"Juh\u00e1sz P\u00e9ter\" \/>\n\t\t<meta name=\"twitter:label2\" content=\"Est. reading time\" \/>\n\t\t<meta name=\"twitter:data2\" content=\"2 minutes\" \/>\n\t\t<script type=\"application\/ld+json\" class=\"aioseo-schema\">\n\t\t\t{\"@context\":\"https:\\\/\\\/schema.org\",\"@graph\":[{\"@type\":\"Article\",\"@id\":\"https:\\\/\\\/allasorias.hu\\\/hirek\\\/segitseg-a-vallalatoknak\\\/#article\",\"name\":\"Seg\\u00edts\\u00e9g a v\\u00e1llalatoknak | AllasOrias.hu | H\\u00edrek-lapszemle\",\"headline\":\"Seg\\u00edts\\u00e9g a v\\u00e1llalatoknak\",\"author\":{\"@id\":\"https:\\\/\\\/allasorias.hu\\\/hirek\\\/author\\\/admin-allasorias\\\/#author\"},\"publisher\":{\"@id\":\"https:\\\/\\\/allasorias.hu\\\/hirek\\\/#organization\"},\"image\":{\"@type\":\"ImageObject\",\"url\":\"https:\\\/\\\/allasorias.hu\\\/hirek\\\/wp-content\\\/uploads\\\/2020\\\/07\\\/27.jpg\",\"width\":1280,\"height\":683,\"caption\":\"Business man with pen mark the checkbox,Check the accuracy\"},\"datePublished\":\"2020-09-08T08:33:31+02:00\",\"dateModified\":\"2020-09-08T08:33:31+02:00\",\"inLanguage\":\"hu-HU\",\"mainEntityOfPage\":{\"@id\":\"https:\\\/\\\/allasorias.hu\\\/hirek\\\/segitseg-a-vallalatoknak\\\/#webpage\"},\"isPartOf\":{\"@id\":\"https:\\\/\\\/allasorias.hu\\\/hirek\\\/segitseg-a-vallalatoknak\\\/#webpage\"},\"articleSection\":\"Gazdas\\u00e1g\"},{\"@type\":\"BreadcrumbList\",\"@id\":\"https:\\\/\\\/allasorias.hu\\\/hirek\\\/segitseg-a-vallalatoknak\\\/#breadcrumblist\",\"itemListElement\":[{\"@type\":\"ListItem\",\"@id\":\"https:\\\/\\\/allasorias.hu\\\/hirek#listItem\",\"position\":1,\"name\":\"Home\",\"item\":\"https:\\\/\\\/allasorias.hu\\\/hirek\",\"nextItem\":{\"@type\":\"ListItem\",\"@id\":\"https:\\\/\\\/allasorias.hu\\\/hirek\\\/temak\\\/gazdasag\\\/#listItem\",\"name\":\"Gazdas\\u00e1g\"}},{\"@type\":\"ListItem\",\"@id\":\"https:\\\/\\\/allasorias.hu\\\/hirek\\\/temak\\\/gazdasag\\\/#listItem\",\"position\":2,\"name\":\"Gazdas\\u00e1g\",\"item\":\"https:\\\/\\\/allasorias.hu\\\/hirek\\\/temak\\\/gazdasag\\\/\",\"nextItem\":{\"@type\":\"ListItem\",\"@id\":\"https:\\\/\\\/allasorias.hu\\\/hirek\\\/segitseg-a-vallalatoknak\\\/#listItem\",\"name\":\"Seg\\u00edts\\u00e9g a v\\u00e1llalatoknak\"},\"previousItem\":{\"@type\":\"ListItem\",\"@id\":\"https:\\\/\\\/allasorias.hu\\\/hirek#listItem\",\"name\":\"Home\"}},{\"@type\":\"ListItem\",\"@id\":\"https:\\\/\\\/allasorias.hu\\\/hirek\\\/segitseg-a-vallalatoknak\\\/#listItem\",\"position\":3,\"name\":\"Seg\\u00edts\\u00e9g a v\\u00e1llalatoknak\",\"previousItem\":{\"@type\":\"ListItem\",\"@id\":\"https:\\\/\\\/allasorias.hu\\\/hirek\\\/temak\\\/gazdasag\\\/#listItem\",\"name\":\"Gazdas\\u00e1g\"}}]},{\"@type\":\"Organization\",\"@id\":\"https:\\\/\\\/allasorias.hu\\\/hirek\\\/#organization\",\"name\":\"AllasOrias.hu | H\\u00edrek-lapszemle\",\"description\":\"\\u00dczleti h\\u00edrek az \\u00e1ll\\u00e1s \\u00e9s a munka vil\\u00e1g\\u00e1b\\u00f3l\",\"url\":\"https:\\\/\\\/allasorias.hu\\\/hirek\\\/\",\"logo\":{\"@type\":\"ImageObject\",\"url\":\"https:\\\/\\\/allasorias.hu\\\/hirek\\\/wp-content\\\/uploads\\\/2022\\\/10\\\/allasorias_site_facebok_logo.png\",\"@id\":\"https:\\\/\\\/allasorias.hu\\\/hirek\\\/segitseg-a-vallalatoknak\\\/#organizationLogo\"},\"image\":{\"@id\":\"https:\\\/\\\/allasorias.hu\\\/hirek\\\/segitseg-a-vallalatoknak\\\/#organizationLogo\"},\"sameAs\":[\"https:\\\/\\\/www.facebook.com\\\/allasorias\",\"https:\\\/\\\/www.linkedin.com\\\/company\\\/allasorias\"]},{\"@type\":\"Person\",\"@id\":\"https:\\\/\\\/allasorias.hu\\\/hirek\\\/author\\\/admin-allasorias\\\/#author\",\"url\":\"https:\\\/\\\/allasorias.hu\\\/hirek\\\/author\\\/admin-allasorias\\\/\",\"name\":\"Juh\\u00e1sz P\\u00e9ter\",\"image\":{\"@type\":\"ImageObject\",\"@id\":\"https:\\\/\\\/allasorias.hu\\\/hirek\\\/segitseg-a-vallalatoknak\\\/#authorImage\",\"url\":\"https:\\\/\\\/secure.gravatar.com\\\/avatar\\\/36e6bcb83148978b992977cb0f54d22feb0cce8a0a849a9410532bb2623ba4c6?s=96&d=mm&r=g\",\"width\":96,\"height\":96,\"caption\":\"Juh\\u00e1sz P\\u00e9ter\"}},{\"@type\":\"WebPage\",\"@id\":\"https:\\\/\\\/allasorias.hu\\\/hirek\\\/segitseg-a-vallalatoknak\\\/#webpage\",\"url\":\"https:\\\/\\\/allasorias.hu\\\/hirek\\\/segitseg-a-vallalatoknak\\\/\",\"name\":\"Seg\\u00edts\\u00e9g a v\\u00e1llalatoknak | AllasOrias.hu | H\\u00edrek-lapszemle\",\"description\":\"A c\\u00e9gek folyamatos, biztons\\u00e1gos m\\u0171k\\u00f6d\\u00e9s\\u00e9nek fenntart\\u00e1s\\u00e1\\u00e9rt az ITM praktikus seg\\u00edts\\u00e9get ny\\u00fajt a v\\u00e1llalatoknak a j\\u00e1rv\\u00e1nyhull\\u00e1mra val\\u00f3 felk\\u00e9sz\\u00fcl\\u00e9sben \\u2013 jelentette ki az ITM \\u00e1llamtitk\\u00e1ra. Magyarorsz\\u00e1g fenn tudja tartani a gazdas\\u00e1gi aktivit\\u00e1s\\u00e1t, \\u00e9s ezt seg\\u00edti t\\u00f6bbek k\\u00f6z\\u00f6tt a nemr\\u00e9giben megjelent v\\u00e1llalati feh\\u00e9r k\\u00f6nyv, valamint az \\u00fczleti c\\u00e9l\\u00fa be- \\u00e9s kiutaz\\u00e1sok g\\u00f6rd\\u00fcl\\u00e9kenyebb\\u00e9 t\\u00e9tele \\u2013 fogalmazott Gy\\u00f6rgy L\\u00e1szl\\u00f3, az\",\"inLanguage\":\"hu-HU\",\"isPartOf\":{\"@id\":\"https:\\\/\\\/allasorias.hu\\\/hirek\\\/#website\"},\"breadcrumb\":{\"@id\":\"https:\\\/\\\/allasorias.hu\\\/hirek\\\/segitseg-a-vallalatoknak\\\/#breadcrumblist\"},\"author\":{\"@id\":\"https:\\\/\\\/allasorias.hu\\\/hirek\\\/author\\\/admin-allasorias\\\/#author\"},\"creator\":{\"@id\":\"https:\\\/\\\/allasorias.hu\\\/hirek\\\/author\\\/admin-allasorias\\\/#author\"},\"image\":{\"@type\":\"ImageObject\",\"url\":\"https:\\\/\\\/allasorias.hu\\\/hirek\\\/wp-content\\\/uploads\\\/2020\\\/07\\\/27.jpg\",\"@id\":\"https:\\\/\\\/allasorias.hu\\\/hirek\\\/segitseg-a-vallalatoknak\\\/#mainImage\",\"width\":1280,\"height\":683,\"caption\":\"Business man with pen mark the checkbox,Check the accuracy\"},\"primaryImageOfPage\":{\"@id\":\"https:\\\/\\\/allasorias.hu\\\/hirek\\\/segitseg-a-vallalatoknak\\\/#mainImage\"},\"datePublished\":\"2020-09-08T08:33:31+02:00\",\"dateModified\":\"2020-09-08T08:33:31+02:00\"},{\"@type\":\"WebSite\",\"@id\":\"https:\\\/\\\/allasorias.hu\\\/hirek\\\/#website\",\"url\":\"https:\\\/\\\/allasorias.hu\\\/hirek\\\/\",\"name\":\"AllasOrias.hu | H\\u00edrek-lapszemle\",\"description\":\"\\u00dczleti h\\u00edrek az \\u00e1ll\\u00e1s \\u00e9s a munka vil\\u00e1g\\u00e1b\\u00f3l\",\"inLanguage\":\"hu-HU\",\"publisher\":{\"@id\":\"https:\\\/\\\/allasorias.hu\\\/hirek\\\/#organization\"}}]}\n\t\t<\/script>\n\t\t<!-- All in One SEO -->\n\n","aioseo_head_json":{"title":"Seg\u00edts\u00e9g a v\u00e1llalatoknak | AllasOrias.hu | H\u00edrek-lapszemle","description":"A c\u00e9gek folyamatos, biztons\u00e1gos m\u0171k\u00f6d\u00e9s\u00e9nek fenntart\u00e1s\u00e1\u00e9rt az ITM praktikus seg\u00edts\u00e9get ny\u00fajt a v\u00e1llalatoknak a j\u00e1rv\u00e1nyhull\u00e1mra val\u00f3 felk\u00e9sz\u00fcl\u00e9sben \u2013 jelentette ki az ITM \u00e1llamtitk\u00e1ra. Magyarorsz\u00e1g fenn tudja tartani a gazdas\u00e1gi aktivit\u00e1s\u00e1t, \u00e9s ezt seg\u00edti t\u00f6bbek k\u00f6z\u00f6tt a nemr\u00e9giben megjelent v\u00e1llalati feh\u00e9r k\u00f6nyv, valamint az \u00fczleti c\u00e9l\u00fa be- \u00e9s kiutaz\u00e1sok g\u00f6rd\u00fcl\u00e9kenyebb\u00e9 t\u00e9tele \u2013 fogalmazott Gy\u00f6rgy L\u00e1szl\u00f3, az","canonical_url":"https:\/\/allasorias.hu\/hirek\/segitseg-a-vallalatoknak\/","robots":"max-image-preview:large","keywords":"","webmasterTools":{"miscellaneous":""},"schema":{"@context":"https:\/\/schema.org","@graph":[{"@type":"Article","@id":"https:\/\/allasorias.hu\/hirek\/segitseg-a-vallalatoknak\/#article","name":"Seg\u00edts\u00e9g a v\u00e1llalatoknak | AllasOrias.hu | H\u00edrek-lapszemle","headline":"Seg\u00edts\u00e9g a v\u00e1llalatoknak","author":{"@id":"https:\/\/allasorias.hu\/hirek\/author\/admin-allasorias\/#author"},"publisher":{"@id":"https:\/\/allasorias.hu\/hirek\/#organization"},"image":{"@type":"ImageObject","url":"https:\/\/allasorias.hu\/hirek\/wp-content\/uploads\/2020\/07\/27.jpg","width":1280,"height":683,"caption":"Business man with pen mark the checkbox,Check the accuracy"},"datePublished":"2020-09-08T08:33:31+02:00","dateModified":"2020-09-08T08:33:31+02:00","inLanguage":"hu-HU","mainEntityOfPage":{"@id":"https:\/\/allasorias.hu\/hirek\/segitseg-a-vallalatoknak\/#webpage"},"isPartOf":{"@id":"https:\/\/allasorias.hu\/hirek\/segitseg-a-vallalatoknak\/#webpage"},"articleSection":"Gazdas\u00e1g"},{"@type":"BreadcrumbList","@id":"https:\/\/allasorias.hu\/hirek\/segitseg-a-vallalatoknak\/#breadcrumblist","itemListElement":[{"@type":"ListItem","@id":"https:\/\/allasorias.hu\/hirek#listItem","position":1,"name":"Home","item":"https:\/\/allasorias.hu\/hirek","nextItem":{"@type":"ListItem","@id":"https:\/\/allasorias.hu\/hirek\/temak\/gazdasag\/#listItem","name":"Gazdas\u00e1g"}},{"@type":"ListItem","@id":"https:\/\/allasorias.hu\/hirek\/temak\/gazdasag\/#listItem","position":2,"name":"Gazdas\u00e1g","item":"https:\/\/allasorias.hu\/hirek\/temak\/gazdasag\/","nextItem":{"@type":"ListItem","@id":"https:\/\/allasorias.hu\/hirek\/segitseg-a-vallalatoknak\/#listItem","name":"Seg\u00edts\u00e9g a v\u00e1llalatoknak"},"previousItem":{"@type":"ListItem","@id":"https:\/\/allasorias.hu\/hirek#listItem","name":"Home"}},{"@type":"ListItem","@id":"https:\/\/allasorias.hu\/hirek\/segitseg-a-vallalatoknak\/#listItem","position":3,"name":"Seg\u00edts\u00e9g a v\u00e1llalatoknak","previousItem":{"@type":"ListItem","@id":"https:\/\/allasorias.hu\/hirek\/temak\/gazdasag\/#listItem","name":"Gazdas\u00e1g"}}]},{"@type":"Organization","@id":"https:\/\/allasorias.hu\/hirek\/#organization","name":"AllasOrias.hu | H\u00edrek-lapszemle","description":"\u00dczleti h\u00edrek az \u00e1ll\u00e1s \u00e9s a munka vil\u00e1g\u00e1b\u00f3l","url":"https:\/\/allasorias.hu\/hirek\/","logo":{"@type":"ImageObject","url":"https:\/\/allasorias.hu\/hirek\/wp-content\/uploads\/2022\/10\/allasorias_site_facebok_logo.png","@id":"https:\/\/allasorias.hu\/hirek\/segitseg-a-vallalatoknak\/#organizationLogo"},"image":{"@id":"https:\/\/allasorias.hu\/hirek\/segitseg-a-vallalatoknak\/#organizationLogo"},"sameAs":["https:\/\/www.facebook.com\/allasorias","https:\/\/www.linkedin.com\/company\/allasorias"]},{"@type":"Person","@id":"https:\/\/allasorias.hu\/hirek\/author\/admin-allasorias\/#author","url":"https:\/\/allasorias.hu\/hirek\/author\/admin-allasorias\/","name":"Juh\u00e1sz P\u00e9ter","image":{"@type":"ImageObject","@id":"https:\/\/allasorias.hu\/hirek\/segitseg-a-vallalatoknak\/#authorImage","url":"https:\/\/secure.gravatar.com\/avatar\/36e6bcb83148978b992977cb0f54d22feb0cce8a0a849a9410532bb2623ba4c6?s=96&d=mm&r=g","width":96,"height":96,"caption":"Juh\u00e1sz P\u00e9ter"}},{"@type":"WebPage","@id":"https:\/\/allasorias.hu\/hirek\/segitseg-a-vallalatoknak\/#webpage","url":"https:\/\/allasorias.hu\/hirek\/segitseg-a-vallalatoknak\/","name":"Seg\u00edts\u00e9g a v\u00e1llalatoknak | AllasOrias.hu | H\u00edrek-lapszemle","description":"A c\u00e9gek folyamatos, biztons\u00e1gos m\u0171k\u00f6d\u00e9s\u00e9nek fenntart\u00e1s\u00e1\u00e9rt az ITM praktikus seg\u00edts\u00e9get ny\u00fajt a v\u00e1llalatoknak a j\u00e1rv\u00e1nyhull\u00e1mra val\u00f3 felk\u00e9sz\u00fcl\u00e9sben \u2013 jelentette ki az ITM \u00e1llamtitk\u00e1ra. Magyarorsz\u00e1g fenn tudja tartani a gazdas\u00e1gi aktivit\u00e1s\u00e1t, \u00e9s ezt seg\u00edti t\u00f6bbek k\u00f6z\u00f6tt a nemr\u00e9giben megjelent v\u00e1llalati feh\u00e9r k\u00f6nyv, valamint az \u00fczleti c\u00e9l\u00fa be- \u00e9s kiutaz\u00e1sok g\u00f6rd\u00fcl\u00e9kenyebb\u00e9 t\u00e9tele \u2013 fogalmazott Gy\u00f6rgy L\u00e1szl\u00f3, az","inLanguage":"hu-HU","isPartOf":{"@id":"https:\/\/allasorias.hu\/hirek\/#website"},"breadcrumb":{"@id":"https:\/\/allasorias.hu\/hirek\/segitseg-a-vallalatoknak\/#breadcrumblist"},"author":{"@id":"https:\/\/allasorias.hu\/hirek\/author\/admin-allasorias\/#author"},"creator":{"@id":"https:\/\/allasorias.hu\/hirek\/author\/admin-allasorias\/#author"},"image":{"@type":"ImageObject","url":"https:\/\/allasorias.hu\/hirek\/wp-content\/uploads\/2020\/07\/27.jpg","@id":"https:\/\/allasorias.hu\/hirek\/segitseg-a-vallalatoknak\/#mainImage","width":1280,"height":683,"caption":"Business man with pen mark the checkbox,Check the accuracy"},"primaryImageOfPage":{"@id":"https:\/\/allasorias.hu\/hirek\/segitseg-a-vallalatoknak\/#mainImage"},"datePublished":"2020-09-08T08:33:31+02:00","dateModified":"2020-09-08T08:33:31+02:00"},{"@type":"WebSite","@id":"https:\/\/allasorias.hu\/hirek\/#website","url":"https:\/\/allasorias.hu\/hirek\/","name":"AllasOrias.hu | H\u00edrek-lapszemle","description":"\u00dczleti h\u00edrek az \u00e1ll\u00e1s \u00e9s a munka vil\u00e1g\u00e1b\u00f3l","inLanguage":"hu-HU","publisher":{"@id":"https:\/\/allasorias.hu\/hirek\/#organization"}}]},"og:locale":"hu_HU","og:site_name":"AllasOrias.hu | H\u00edrek-lapszemle | \u00dczleti h\u00edrek az \u00e1ll\u00e1s \u00e9s a munka vil\u00e1g\u00e1b\u00f3l","og:type":"article","og:title":"Seg\u00edts\u00e9g a v\u00e1llalatoknak | AllasOrias.hu | H\u00edrek-lapszemle","og:description":"A c\u00e9gek folyamatos, biztons\u00e1gos m\u0171k\u00f6d\u00e9s\u00e9nek fenntart\u00e1s\u00e1\u00e9rt az ITM praktikus seg\u00edts\u00e9get ny\u00fajt a v\u00e1llalatoknak a j\u00e1rv\u00e1nyhull\u00e1mra val\u00f3 felk\u00e9sz\u00fcl\u00e9sben \u2013 jelentette ki az ITM \u00e1llamtitk\u00e1ra. Magyarorsz\u00e1g fenn tudja tartani a gazdas\u00e1gi aktivit\u00e1s\u00e1t, \u00e9s ezt seg\u00edti t\u00f6bbek k\u00f6z\u00f6tt a nemr\u00e9giben megjelent v\u00e1llalati feh\u00e9r k\u00f6nyv, valamint az \u00fczleti c\u00e9l\u00fa be- \u00e9s kiutaz\u00e1sok g\u00f6rd\u00fcl\u00e9kenyebb\u00e9 t\u00e9tele \u2013 fogalmazott Gy\u00f6rgy L\u00e1szl\u00f3, az","og:url":"https:\/\/allasorias.hu\/hirek\/segitseg-a-vallalatoknak\/","og:image":"https:\/\/allasorias.hu\/hirek\/wp-content\/uploads\/2020\/07\/27.jpg","og:image:secure_url":"https:\/\/allasorias.hu\/hirek\/wp-content\/uploads\/2020\/07\/27.jpg","og:image:width":1280,"og:image:height":683,"article:published_time":"2020-09-08T08:33:31+00:00","article:modified_time":"2020-09-08T08:33:31+00:00","article:publisher":"https:\/\/www.facebook.com\/allasorias","twitter:card":"summary_large_image","twitter:title":"Seg\u00edts\u00e9g a v\u00e1llalatoknak | AllasOrias.hu | H\u00edrek-lapszemle","twitter:description":"A c\u00e9gek folyamatos, biztons\u00e1gos m\u0171k\u00f6d\u00e9s\u00e9nek fenntart\u00e1s\u00e1\u00e9rt az ITM praktikus seg\u00edts\u00e9get ny\u00fajt a v\u00e1llalatoknak a j\u00e1rv\u00e1nyhull\u00e1mra val\u00f3 felk\u00e9sz\u00fcl\u00e9sben \u2013 jelentette ki az ITM \u00e1llamtitk\u00e1ra. Magyarorsz\u00e1g fenn tudja tartani a gazdas\u00e1gi aktivit\u00e1s\u00e1t, \u00e9s ezt seg\u00edti t\u00f6bbek k\u00f6z\u00f6tt a nemr\u00e9giben megjelent v\u00e1llalati feh\u00e9r k\u00f6nyv, valamint az \u00fczleti c\u00e9l\u00fa be- \u00e9s kiutaz\u00e1sok g\u00f6rd\u00fcl\u00e9kenyebb\u00e9 t\u00e9tele \u2013 fogalmazott Gy\u00f6rgy L\u00e1szl\u00f3, az","twitter:image":"https:\/\/allasorias.hu\/hirek\/wp-content\/uploads\/2020\/07\/27.jpg","twitter:label1":"Written by","twitter:data1":"Juh\u00e1sz P\u00e9ter","twitter:label2":"Est. reading time","twitter:data2":"2 minutes"},"aioseo_meta_data":{"post_id":"4233","title":null,"description":"","keywords":"","keyphrases":null,"primary_term":null,"canonical_url":"","og_title":null,"og_description":null,"og_object_type":"default","og_image_type":"default","og_image_url":null,"og_image_width":null,"og_image_height":null,"og_image_custom_url":null,"og_image_custom_fields":null,"og_video":null,"og_custom_url":null,"og_article_section":null,"og_article_tags":null,"twitter_use_og":false,"twitter_card":"default","twitter_image_type":"default","twitter_image_url":null,"twitter_image_custom_url":null,"twitter_image_custom_fields":null,"twitter_title":null,"twitter_description":null,"schema":{"blockGraphs":[],"customGraphs":[],"default":{"data":{"Article":[],"Course":[],"Dataset":[],"FAQPage":[],"Movie":[],"Person":[],"Product":[],"ProductReview":[],"Car":[],"Recipe":[],"Service":[],"SoftwareApplication":[],"WebPage":[]},"graphName":"","isEnabled":true},"graphs":[],"defaultGraph":"","defaultPostTypeGraph":""},"schema_type":null,"schema_type_options":null,"pillar_content":false,"robots_default":true,"robots_noindex":false,"robots_noarchive":false,"robots_nosnippet":false,"robots_nofollow":false,"robots_noimageindex":false,"robots_noodp":false,"robots_notranslate":false,"robots_max_snippet":null,"robots_max_videopreview":null,"robots_max_imagepreview":"large","priority":null,"frequency":null,"location":null,"local_seo":null,"breadcrumb_settings":null,"limit_modified_date":false,"ai":null,"created":"2021-02-01 20:46:57","updated":"2025-10-02 14:40:20","seo_analyzer_scan_date":null,"focus_keyword":null,"additional_keywords":null,"truseo_locale":null},"aioseo_breadcrumb":"<div class=\"aioseo-breadcrumbs\"><span class=\"aioseo-breadcrumb\">\n\t\t\t<a href=\"https:\/\/allasorias.hu\/hirek\" title=\"Home\">Home<\/a>\n\t\t<\/span><span class=\"aioseo-breadcrumb-separator\">&raquo;<\/span><span class=\"aioseo-breadcrumb\">\n\t\t\t<a href=\"https:\/\/allasorias.hu\/hirek\/temak\/gazdasag\/\" title=\"Gazdas\u00e1g\">Gazdas\u00e1g<\/a>\n\t\t<\/span><span class=\"aioseo-breadcrumb-separator\">&raquo;<\/span><span class=\"aioseo-breadcrumb\">\n\t\t\tSeg\u00edts\u00e9g a v\u00e1llalatoknak\n\t\t<\/span><\/div>","aioseo_breadcrumb_json":[{"label":"Home","link":"https:\/\/allasorias.hu\/hirek"},{"label":"Gazdas\u00e1g","link":"https:\/\/allasorias.hu\/hirek\/temak\/gazdasag\/"},{"label":"Seg\u00edts\u00e9g a v\u00e1llalatoknak","link":"https:\/\/allasorias.hu\/hirek\/segitseg-a-vallalatoknak\/"}],"_links":{"self":[{"href":"https:\/\/allasorias.hu\/hirek\/wp-json\/wp\/v2\/posts\/4233","targetHints":{"allow":["GET"]}}],"collection":[{"href":"https:\/\/allasorias.hu\/hirek\/wp-json\/wp\/v2\/posts"}],"about":[{"href":"https:\/\/allasorias.hu\/hirek\/wp-json\/wp\/v2\/types\/post"}],"author":[{"embeddable":true,"href":"https:\/\/allasorias.hu\/hirek\/wp-json\/wp\/v2\/users\/1"}],"replies":[{"embeddable":true,"href":"https:\/\/allasorias.hu\/hirek\/wp-json\/wp\/v2\/comments?post=4233"}],"version-history":[{"count":1,"href":"https:\/\/allasorias.hu\/hirek\/wp-json\/wp\/v2\/posts\/4233\/revisions"}],"predecessor-version":[{"id":4234,"href":"https:\/\/allasorias.hu\/hirek\/wp-json\/wp\/v2\/posts\/4233\/revisions\/4234"}],"wp:featuredmedia":[{"embeddable":true,"href":"https:\/\/allasorias.hu\/hirek\/wp-json\/wp\/v2\/media\/4114"}],"wp:attachment":[{"href":"https:\/\/allasorias.hu\/hirek\/wp-json\/wp\/v2\/media?parent=4233"}],"wp:term":[{"taxonomy":"category","embeddable":true,"href":"https:\/\/allasorias.hu\/hirek\/wp-json\/wp\/v2\/categories?post=4233"},{"taxonomy":"post_tag","embeddable":true,"href":"https:\/\/allasorias.hu\/hirek\/wp-json\/wp\/v2\/tags?post=4233"}],"curies":[{"name":"wp","href":"https:\/\/api.w.org\/{rel}","templated":true}]}}