{"id":4227,"date":"2020-09-04T07:23:44","date_gmt":"2020-09-04T07:23:44","guid":{"rendered":"https:\/\/allasorias.hu\/hirek\/?p=4227"},"modified":"2020-09-04T07:23:44","modified_gmt":"2020-09-04T07:23:44","slug":"hivatalos-itt-a-jarvany-masodik-hullama","status":"publish","type":"post","link":"https:\/\/allasorias.hu\/hirek\/hivatalos-itt-a-jarvany-masodik-hullama\/","title":{"rendered":"Hivatalos: itt a j\u00e1rv\u00e1ny m\u00e1sodik hull\u00e1ma"},"content":{"rendered":"<p><strong>A koronav\u00edrus-j\u00e1rv\u00e1ny m\u00e1sodik hull\u00e1ma el\u00e9rte Magyarorsz\u00e1got &#8211; k\u00f6z\u00f6lte az M1-en az orsz\u00e1gos tisztif\u0151orvos, aki arr\u00f3l is besz\u00e9lt, hogy m\u00edg tavasszal a fert\u0151z\u00e9s f\u0151leg az id\u0151seket vesz\u00e9lyeztette, most ink\u00e1bb a fiatalok betegednek meg. <\/strong><\/p>\n<p>A j\u00e1rv\u00e1ny\u00fcgyi szakemberek imm\u00e1r hetedik hete tapasztalj\u00e1k, hogy egyre t\u00f6bb a fert\u0151z\u00f6tt \u2013 mondta M\u00fcller Cec\u00edlia. A naponta regisztr\u00e1lt \u00faj betegek sz\u00e1ma tendenci\u00f3zusan n\u00f6vekszik, \u00e9s most, a m\u00e1sodik hull\u00e1m elej\u00e9n jellemz\u0151en 30 \u00e9v k\u00f6r\u00fcl van a fert\u0151z\u00f6ttek \u00e9letkora &#8211; szemben a tavaszi id\u0151szakkal, amikor az id\u0151sek \u00e9s kr\u00f3nikus megbeteged\u00e9sben szenved\u0151k voltak t\u00f6bbs\u00e9gben. Ilyen k\u00f6r\u00fclm\u00e9nyek k\u00f6zt M\u00fcller Cec\u00edlia mindenkit \u2013 els\u0151sorban a fiatalokat \u2013 felel\u0151s viselked\u00e9sre k\u00e9r. Figyelmeztetett: a fiatalok azt gondolhatj\u00e1k magukr\u00f3l, hogy v\u00edrusmentesek, n\u00e1luk ugyanis t\u00fcnetmentesen vagy nagyon enyhe t\u00fcnetekkel zajlik le a fert\u0151z\u00e9s. \u00c1m az id\u0151sebb csal\u00e1dtagjaikat, a nagysz\u00fcleiket k\u00f6nnyen megfert\u0151zhetik. Az orsz\u00e1gos tisztif\u0151orvos a tapasztalatokr\u00f3l besz\u00e1molva k\u00f6z\u00f6lte: sokszor m\u00e9g a k\u00f6telez\u0151 helyeken sem viselik a fiatalok a maszkot, ami jelen pillanatban nagyon vesz\u00e9lyes magatart\u00e1s. R\u00e1ad\u00e1sul megn\u0151tt az \u00fagynevezett reprodukci\u00f3s r\u00e1ta, ami azt jelzi, hogy egy szem\u00e9ly h\u00e1ny tov\u00e1bbinak tudja \u00e1tadni a betegs\u00e9get \u2013 figyelmeztet az orsz\u00e1gos tisztif\u0151orvos. \u00dagy fogalmazott, hogy kor\u00e1bban m\u00e1r cs\u00f6kken\u0151ben volt a megbeteged\u00e9sek sz\u00e1ma, mert el\u00e9rt\u00fck az 1-es reprodukci\u00f3s r\u00e1ta alatti szintet. (Mint m\u00e1s nyilatkozatokb\u00f3l ismert, a reprodukci\u00f3s r\u00e1ta, vagyis az az ar\u00e1ny, hogy egy fert\u0151z\u00f6tt h\u00e1ny embernek adja tov\u00e1bb a v\u00edrust, jelenleg 2-2,5 k\u00f6r\u00fcl van most Magyarorsz\u00e1gon.) A kialakult helyzetben M\u00fcller Cec\u00edlia nyomat\u00e9kosan figyelmeztet mindenkit a higi\u00e9n\u00e9s szab\u00e1lyok betart\u00e1s\u00e1ra. Ez els\u0151sorban a t\u00e1vols\u00e1gtart\u00e1st jelent. Ha a m\u00e1sf\u00e9l m\u00e9teres t\u00e1vols\u00e1got nem tudjuk tartani, akkor azok, akik nem egy h\u00e1ztart\u00e1sban \u00e9lnek, viseljenek maszkot (ez a WHO aj\u00e1nl\u00e1sa is). K\u00fcl\u00f6n\u00f6sen fontos ez azokon a helyeken, ahol k\u00f6telez\u0151 a maszk haszn\u00e1lata. Ker\u00fclj\u00fck tov\u00e1bb\u00e1 az \u00e9rintkez\u00e9seket \u00e9s gyakori k\u00e9zmos\u00e1ssal akad\u00e1lyozzuk meg a fel\u00fcleti fert\u0151z\u0151d\u00e9st. Az orsz\u00e1gos tisztif\u0151orvos azt mondja, hogy az eml\u00edtett szab\u00e1lyok fegyelmezett betart\u00e1sa lehet\u0151v\u00e9 teheti, hogy ne kelljen ism\u00e9t orsz\u00e1gosan olyan korl\u00e1toz\u00f3 int\u00e9zked\u00e9seket bevezetni, amelyek meg\u00e1ll\u00edtj\u00e1k a mindennapos, megszokott \u00e9letet.<\/p>\n<p>Forr\u00e1s: infostart.hu<\/p>\n<p>&nbsp;<\/p>\n<p>&nbsp;<\/p>\n","protected":false},"excerpt":{"rendered":"<p>A koronav\u00edrus-j\u00e1rv\u00e1ny m\u00e1sodik hull\u00e1ma el\u00e9rte Magyarorsz\u00e1got &#8211; k\u00f6z\u00f6lte az M1-en az orsz\u00e1gos tisztif\u0151orvos, aki arr\u00f3l is besz\u00e9lt, hogy m\u00edg tavasszal a fert\u0151z\u00e9s f\u0151leg az id\u0151seket vesz\u00e9lyeztette, most ink\u00e1bb a fiatalok betegednek meg. A j\u00e1rv\u00e1ny\u00fcgyi szakemberek imm\u00e1r hetedik hete tapasztalj\u00e1k, hogy egyre t\u00f6bb a fert\u0151z\u00f6tt \u2013 mondta M\u00fcller Cec\u00edlia. A naponta regisztr\u00e1lt \u00faj betegek sz\u00e1ma tendenci\u00f3zusan [&hellip;]<\/p>\n","protected":false},"author":1,"featured_media":3791,"comment_status":"open","ping_status":"open","sticky":false,"template":"","format":"standard","meta":{"_monsterinsights_skip_tracking":false,"footnotes":""},"categories":[198],"tags":[],"class_list":["post-4227","post","type-post","status-publish","format-standard","has-post-thumbnail","hentry","category-gazdasag"],"aioseo_notices":[],"aioseo_head":"\n\t\t<!-- All in One SEO 5.0.0.1 - aioseo.com -->\n\t<meta name=\"description\" content=\"A koronav\u00edrus-j\u00e1rv\u00e1ny m\u00e1sodik hull\u00e1ma el\u00e9rte Magyarorsz\u00e1got - k\u00f6z\u00f6lte az M1-en az orsz\u00e1gos tisztif\u0151orvos, aki arr\u00f3l is besz\u00e9lt, hogy m\u00edg tavasszal a fert\u0151z\u00e9s f\u0151leg az id\u0151seket vesz\u00e9lyeztette, most ink\u00e1bb a fiatalok betegednek meg. A j\u00e1rv\u00e1ny\u00fcgyi szakemberek imm\u00e1r hetedik hete tapasztalj\u00e1k, hogy egyre t\u00f6bb a fert\u0151z\u00f6tt \u2013 mondta M\u00fcller Cec\u00edlia. A naponta regisztr\u00e1lt \u00faj betegek sz\u00e1ma tendenci\u00f3zusan\" \/>\n\t<meta name=\"robots\" content=\"max-image-preview:large\" \/>\n\t<meta name=\"author\" content=\"Juh\u00e1sz P\u00e9ter\"\/>\n\t<link rel=\"canonical\" href=\"https:\/\/allasorias.hu\/hirek\/hivatalos-itt-a-jarvany-masodik-hullama\/\" \/>\n\t<meta name=\"generator\" content=\"All in One SEO (AIOSEO) 5.0.0.1\" \/>\n\t\t<meta property=\"og:locale\" content=\"hu_HU\" \/>\n\t\t<meta property=\"og:site_name\" content=\"AllasOrias.hu | H\u00edrek-lapszemle | \u00dczleti h\u00edrek az \u00e1ll\u00e1s \u00e9s a munka vil\u00e1g\u00e1b\u00f3l\" \/>\n\t\t<meta property=\"og:type\" content=\"article\" \/>\n\t\t<meta property=\"og:title\" content=\"Hivatalos: itt a j\u00e1rv\u00e1ny m\u00e1sodik hull\u00e1ma | AllasOrias.hu | H\u00edrek-lapszemle\" \/>\n\t\t<meta property=\"og:description\" content=\"A koronav\u00edrus-j\u00e1rv\u00e1ny m\u00e1sodik hull\u00e1ma el\u00e9rte Magyarorsz\u00e1got - k\u00f6z\u00f6lte az M1-en az orsz\u00e1gos tisztif\u0151orvos, aki arr\u00f3l is besz\u00e9lt, hogy m\u00edg tavasszal a fert\u0151z\u00e9s f\u0151leg az id\u0151seket vesz\u00e9lyeztette, most ink\u00e1bb a fiatalok betegednek meg. A j\u00e1rv\u00e1ny\u00fcgyi szakemberek imm\u00e1r hetedik hete tapasztalj\u00e1k, hogy egyre t\u00f6bb a fert\u0151z\u00f6tt \u2013 mondta M\u00fcller Cec\u00edlia. A naponta regisztr\u00e1lt \u00faj betegek sz\u00e1ma tendenci\u00f3zusan\" \/>\n\t\t<meta property=\"og:url\" content=\"https:\/\/allasorias.hu\/hirek\/hivatalos-itt-a-jarvany-masodik-hullama\/\" \/>\n\t\t<meta property=\"og:image\" content=\"https:\/\/allasorias.hu\/hirek\/wp-content\/uploads\/2020\/03\/corona-4912807_640.jpg\" \/>\n\t\t<meta property=\"og:image:secure_url\" content=\"https:\/\/allasorias.hu\/hirek\/wp-content\/uploads\/2020\/03\/corona-4912807_640.jpg\" \/>\n\t\t<meta property=\"og:image:width\" content=\"640\" \/>\n\t\t<meta property=\"og:image:height\" content=\"452\" \/>\n\t\t<meta property=\"article:published_time\" content=\"2020-09-04T07:23:44+00:00\" \/>\n\t\t<meta property=\"article:modified_time\" content=\"2020-09-04T07:23:44+00:00\" \/>\n\t\t<meta property=\"article:publisher\" content=\"https:\/\/www.facebook.com\/allasorias\" \/>\n\t\t<meta name=\"twitter:card\" content=\"summary_large_image\" \/>\n\t\t<meta name=\"twitter:title\" content=\"Hivatalos: itt a j\u00e1rv\u00e1ny m\u00e1sodik hull\u00e1ma | AllasOrias.hu | H\u00edrek-lapszemle\" \/>\n\t\t<meta name=\"twitter:description\" content=\"A koronav\u00edrus-j\u00e1rv\u00e1ny m\u00e1sodik hull\u00e1ma el\u00e9rte Magyarorsz\u00e1got - k\u00f6z\u00f6lte az M1-en az orsz\u00e1gos tisztif\u0151orvos, aki arr\u00f3l is besz\u00e9lt, hogy m\u00edg tavasszal a fert\u0151z\u00e9s f\u0151leg az id\u0151seket vesz\u00e9lyeztette, most ink\u00e1bb a fiatalok betegednek meg. A j\u00e1rv\u00e1ny\u00fcgyi szakemberek imm\u00e1r hetedik hete tapasztalj\u00e1k, hogy egyre t\u00f6bb a fert\u0151z\u00f6tt \u2013 mondta M\u00fcller Cec\u00edlia. A naponta regisztr\u00e1lt \u00faj betegek sz\u00e1ma tendenci\u00f3zusan\" \/>\n\t\t<meta name=\"twitter:image\" content=\"https:\/\/allasorias.hu\/hirek\/wp-content\/uploads\/2020\/03\/corona-4912807_640.jpg\" \/>\n\t\t<meta name=\"twitter:label1\" content=\"Written by\" \/>\n\t\t<meta name=\"twitter:data1\" content=\"Juh\u00e1sz P\u00e9ter\" \/>\n\t\t<meta name=\"twitter:label2\" content=\"Est. reading time\" \/>\n\t\t<meta name=\"twitter:data2\" content=\"2 minutes\" \/>\n\t\t<script type=\"application\/ld+json\" class=\"aioseo-schema\">\n\t\t\t{\"@context\":\"https:\\\/\\\/schema.org\",\"@graph\":[{\"@type\":\"Article\",\"@id\":\"https:\\\/\\\/allasorias.hu\\\/hirek\\\/hivatalos-itt-a-jarvany-masodik-hullama\\\/#article\",\"name\":\"Hivatalos: itt a j\\u00e1rv\\u00e1ny m\\u00e1sodik hull\\u00e1ma | AllasOrias.hu | H\\u00edrek-lapszemle\",\"headline\":\"Hivatalos: itt a j\\u00e1rv\\u00e1ny m\\u00e1sodik hull\\u00e1ma\",\"author\":{\"@id\":\"https:\\\/\\\/allasorias.hu\\\/hirek\\\/author\\\/admin-allasorias\\\/#author\"},\"publisher\":{\"@id\":\"https:\\\/\\\/allasorias.hu\\\/hirek\\\/#organization\"},\"image\":{\"@type\":\"ImageObject\",\"url\":\"https:\\\/\\\/allasorias.hu\\\/hirek\\\/wp-content\\\/uploads\\\/2020\\\/03\\\/corona-4912807_640.jpg\",\"width\":640,\"height\":452},\"datePublished\":\"2020-09-04T07:23:44+02:00\",\"dateModified\":\"2020-09-04T07:23:44+02:00\",\"inLanguage\":\"hu-HU\",\"mainEntityOfPage\":{\"@id\":\"https:\\\/\\\/allasorias.hu\\\/hirek\\\/hivatalos-itt-a-jarvany-masodik-hullama\\\/#webpage\"},\"isPartOf\":{\"@id\":\"https:\\\/\\\/allasorias.hu\\\/hirek\\\/hivatalos-itt-a-jarvany-masodik-hullama\\\/#webpage\"},\"articleSection\":\"Gazdas\\u00e1g\"},{\"@type\":\"BreadcrumbList\",\"@id\":\"https:\\\/\\\/allasorias.hu\\\/hirek\\\/hivatalos-itt-a-jarvany-masodik-hullama\\\/#breadcrumblist\",\"itemListElement\":[{\"@type\":\"ListItem\",\"@id\":\"https:\\\/\\\/allasorias.hu\\\/hirek#listItem\",\"position\":1,\"name\":\"Home\",\"item\":\"https:\\\/\\\/allasorias.hu\\\/hirek\",\"nextItem\":{\"@type\":\"ListItem\",\"@id\":\"https:\\\/\\\/allasorias.hu\\\/hirek\\\/temak\\\/gazdasag\\\/#listItem\",\"name\":\"Gazdas\\u00e1g\"}},{\"@type\":\"ListItem\",\"@id\":\"https:\\\/\\\/allasorias.hu\\\/hirek\\\/temak\\\/gazdasag\\\/#listItem\",\"position\":2,\"name\":\"Gazdas\\u00e1g\",\"item\":\"https:\\\/\\\/allasorias.hu\\\/hirek\\\/temak\\\/gazdasag\\\/\",\"nextItem\":{\"@type\":\"ListItem\",\"@id\":\"https:\\\/\\\/allasorias.hu\\\/hirek\\\/hivatalos-itt-a-jarvany-masodik-hullama\\\/#listItem\",\"name\":\"Hivatalos: itt a j\\u00e1rv\\u00e1ny m\\u00e1sodik hull\\u00e1ma\"},\"previousItem\":{\"@type\":\"ListItem\",\"@id\":\"https:\\\/\\\/allasorias.hu\\\/hirek#listItem\",\"name\":\"Home\"}},{\"@type\":\"ListItem\",\"@id\":\"https:\\\/\\\/allasorias.hu\\\/hirek\\\/hivatalos-itt-a-jarvany-masodik-hullama\\\/#listItem\",\"position\":3,\"name\":\"Hivatalos: itt a j\\u00e1rv\\u00e1ny m\\u00e1sodik hull\\u00e1ma\",\"previousItem\":{\"@type\":\"ListItem\",\"@id\":\"https:\\\/\\\/allasorias.hu\\\/hirek\\\/temak\\\/gazdasag\\\/#listItem\",\"name\":\"Gazdas\\u00e1g\"}}]},{\"@type\":\"Organization\",\"@id\":\"https:\\\/\\\/allasorias.hu\\\/hirek\\\/#organization\",\"name\":\"AllasOrias.hu | H\\u00edrek-lapszemle\",\"description\":\"\\u00dczleti h\\u00edrek az \\u00e1ll\\u00e1s \\u00e9s a munka vil\\u00e1g\\u00e1b\\u00f3l\",\"url\":\"https:\\\/\\\/allasorias.hu\\\/hirek\\\/\",\"logo\":{\"@type\":\"ImageObject\",\"url\":\"https:\\\/\\\/allasorias.hu\\\/hirek\\\/wp-content\\\/uploads\\\/2022\\\/10\\\/allasorias_site_facebok_logo.png\",\"@id\":\"https:\\\/\\\/allasorias.hu\\\/hirek\\\/hivatalos-itt-a-jarvany-masodik-hullama\\\/#organizationLogo\"},\"image\":{\"@id\":\"https:\\\/\\\/allasorias.hu\\\/hirek\\\/hivatalos-itt-a-jarvany-masodik-hullama\\\/#organizationLogo\"},\"sameAs\":[\"https:\\\/\\\/www.facebook.com\\\/allasorias\",\"https:\\\/\\\/www.linkedin.com\\\/company\\\/allasorias\"]},{\"@type\":\"Person\",\"@id\":\"https:\\\/\\\/allasorias.hu\\\/hirek\\\/author\\\/admin-allasorias\\\/#author\",\"url\":\"https:\\\/\\\/allasorias.hu\\\/hirek\\\/author\\\/admin-allasorias\\\/\",\"name\":\"Juh\\u00e1sz P\\u00e9ter\",\"image\":{\"@type\":\"ImageObject\",\"@id\":\"https:\\\/\\\/allasorias.hu\\\/hirek\\\/hivatalos-itt-a-jarvany-masodik-hullama\\\/#authorImage\",\"url\":\"https:\\\/\\\/secure.gravatar.com\\\/avatar\\\/36e6bcb83148978b992977cb0f54d22feb0cce8a0a849a9410532bb2623ba4c6?s=96&d=mm&r=g\",\"width\":96,\"height\":96,\"caption\":\"Juh\\u00e1sz P\\u00e9ter\"}},{\"@type\":\"WebPage\",\"@id\":\"https:\\\/\\\/allasorias.hu\\\/hirek\\\/hivatalos-itt-a-jarvany-masodik-hullama\\\/#webpage\",\"url\":\"https:\\\/\\\/allasorias.hu\\\/hirek\\\/hivatalos-itt-a-jarvany-masodik-hullama\\\/\",\"name\":\"Hivatalos: itt a j\\u00e1rv\\u00e1ny m\\u00e1sodik hull\\u00e1ma | AllasOrias.hu | H\\u00edrek-lapszemle\",\"description\":\"A koronav\\u00edrus-j\\u00e1rv\\u00e1ny m\\u00e1sodik hull\\u00e1ma el\\u00e9rte Magyarorsz\\u00e1got - k\\u00f6z\\u00f6lte az M1-en az orsz\\u00e1gos tisztif\\u0151orvos, aki arr\\u00f3l is besz\\u00e9lt, hogy m\\u00edg tavasszal a fert\\u0151z\\u00e9s f\\u0151leg az id\\u0151seket vesz\\u00e9lyeztette, most ink\\u00e1bb a fiatalok betegednek meg. A j\\u00e1rv\\u00e1ny\\u00fcgyi szakemberek imm\\u00e1r hetedik hete tapasztalj\\u00e1k, hogy egyre t\\u00f6bb a fert\\u0151z\\u00f6tt \\u2013 mondta M\\u00fcller Cec\\u00edlia. A naponta regisztr\\u00e1lt \\u00faj betegek sz\\u00e1ma tendenci\\u00f3zusan\",\"inLanguage\":\"hu-HU\",\"isPartOf\":{\"@id\":\"https:\\\/\\\/allasorias.hu\\\/hirek\\\/#website\"},\"breadcrumb\":{\"@id\":\"https:\\\/\\\/allasorias.hu\\\/hirek\\\/hivatalos-itt-a-jarvany-masodik-hullama\\\/#breadcrumblist\"},\"author\":{\"@id\":\"https:\\\/\\\/allasorias.hu\\\/hirek\\\/author\\\/admin-allasorias\\\/#author\"},\"creator\":{\"@id\":\"https:\\\/\\\/allasorias.hu\\\/hirek\\\/author\\\/admin-allasorias\\\/#author\"},\"image\":{\"@type\":\"ImageObject\",\"url\":\"https:\\\/\\\/allasorias.hu\\\/hirek\\\/wp-content\\\/uploads\\\/2020\\\/03\\\/corona-4912807_640.jpg\",\"@id\":\"https:\\\/\\\/allasorias.hu\\\/hirek\\\/hivatalos-itt-a-jarvany-masodik-hullama\\\/#mainImage\",\"width\":640,\"height\":452},\"primaryImageOfPage\":{\"@id\":\"https:\\\/\\\/allasorias.hu\\\/hirek\\\/hivatalos-itt-a-jarvany-masodik-hullama\\\/#mainImage\"},\"datePublished\":\"2020-09-04T07:23:44+02:00\",\"dateModified\":\"2020-09-04T07:23:44+02:00\"},{\"@type\":\"WebSite\",\"@id\":\"https:\\\/\\\/allasorias.hu\\\/hirek\\\/#website\",\"url\":\"https:\\\/\\\/allasorias.hu\\\/hirek\\\/\",\"name\":\"AllasOrias.hu | H\\u00edrek-lapszemle\",\"description\":\"\\u00dczleti h\\u00edrek az \\u00e1ll\\u00e1s \\u00e9s a munka vil\\u00e1g\\u00e1b\\u00f3l\",\"inLanguage\":\"hu-HU\",\"publisher\":{\"@id\":\"https:\\\/\\\/allasorias.hu\\\/hirek\\\/#organization\"}}]}\n\t\t<\/script>\n\t\t<!-- All in One SEO -->\n\n","aioseo_head_json":{"title":"Hivatalos: itt a j\u00e1rv\u00e1ny m\u00e1sodik hull\u00e1ma | AllasOrias.hu | H\u00edrek-lapszemle","description":"A koronav\u00edrus-j\u00e1rv\u00e1ny m\u00e1sodik hull\u00e1ma el\u00e9rte Magyarorsz\u00e1got - k\u00f6z\u00f6lte az M1-en az orsz\u00e1gos tisztif\u0151orvos, aki arr\u00f3l is besz\u00e9lt, hogy m\u00edg tavasszal a fert\u0151z\u00e9s f\u0151leg az id\u0151seket vesz\u00e9lyeztette, most ink\u00e1bb a fiatalok betegednek meg. A j\u00e1rv\u00e1ny\u00fcgyi szakemberek imm\u00e1r hetedik hete tapasztalj\u00e1k, hogy egyre t\u00f6bb a fert\u0151z\u00f6tt \u2013 mondta M\u00fcller Cec\u00edlia. A naponta regisztr\u00e1lt \u00faj betegek sz\u00e1ma tendenci\u00f3zusan","canonical_url":"https:\/\/allasorias.hu\/hirek\/hivatalos-itt-a-jarvany-masodik-hullama\/","robots":"max-image-preview:large","keywords":"","webmasterTools":{"miscellaneous":""},"schema":{"@context":"https:\/\/schema.org","@graph":[{"@type":"Article","@id":"https:\/\/allasorias.hu\/hirek\/hivatalos-itt-a-jarvany-masodik-hullama\/#article","name":"Hivatalos: itt a j\u00e1rv\u00e1ny m\u00e1sodik hull\u00e1ma | AllasOrias.hu | H\u00edrek-lapszemle","headline":"Hivatalos: itt a j\u00e1rv\u00e1ny m\u00e1sodik hull\u00e1ma","author":{"@id":"https:\/\/allasorias.hu\/hirek\/author\/admin-allasorias\/#author"},"publisher":{"@id":"https:\/\/allasorias.hu\/hirek\/#organization"},"image":{"@type":"ImageObject","url":"https:\/\/allasorias.hu\/hirek\/wp-content\/uploads\/2020\/03\/corona-4912807_640.jpg","width":640,"height":452},"datePublished":"2020-09-04T07:23:44+02:00","dateModified":"2020-09-04T07:23:44+02:00","inLanguage":"hu-HU","mainEntityOfPage":{"@id":"https:\/\/allasorias.hu\/hirek\/hivatalos-itt-a-jarvany-masodik-hullama\/#webpage"},"isPartOf":{"@id":"https:\/\/allasorias.hu\/hirek\/hivatalos-itt-a-jarvany-masodik-hullama\/#webpage"},"articleSection":"Gazdas\u00e1g"},{"@type":"BreadcrumbList","@id":"https:\/\/allasorias.hu\/hirek\/hivatalos-itt-a-jarvany-masodik-hullama\/#breadcrumblist","itemListElement":[{"@type":"ListItem","@id":"https:\/\/allasorias.hu\/hirek#listItem","position":1,"name":"Home","item":"https:\/\/allasorias.hu\/hirek","nextItem":{"@type":"ListItem","@id":"https:\/\/allasorias.hu\/hirek\/temak\/gazdasag\/#listItem","name":"Gazdas\u00e1g"}},{"@type":"ListItem","@id":"https:\/\/allasorias.hu\/hirek\/temak\/gazdasag\/#listItem","position":2,"name":"Gazdas\u00e1g","item":"https:\/\/allasorias.hu\/hirek\/temak\/gazdasag\/","nextItem":{"@type":"ListItem","@id":"https:\/\/allasorias.hu\/hirek\/hivatalos-itt-a-jarvany-masodik-hullama\/#listItem","name":"Hivatalos: itt a j\u00e1rv\u00e1ny m\u00e1sodik hull\u00e1ma"},"previousItem":{"@type":"ListItem","@id":"https:\/\/allasorias.hu\/hirek#listItem","name":"Home"}},{"@type":"ListItem","@id":"https:\/\/allasorias.hu\/hirek\/hivatalos-itt-a-jarvany-masodik-hullama\/#listItem","position":3,"name":"Hivatalos: itt a j\u00e1rv\u00e1ny m\u00e1sodik hull\u00e1ma","previousItem":{"@type":"ListItem","@id":"https:\/\/allasorias.hu\/hirek\/temak\/gazdasag\/#listItem","name":"Gazdas\u00e1g"}}]},{"@type":"Organization","@id":"https:\/\/allasorias.hu\/hirek\/#organization","name":"AllasOrias.hu | H\u00edrek-lapszemle","description":"\u00dczleti h\u00edrek az \u00e1ll\u00e1s \u00e9s a munka vil\u00e1g\u00e1b\u00f3l","url":"https:\/\/allasorias.hu\/hirek\/","logo":{"@type":"ImageObject","url":"https:\/\/allasorias.hu\/hirek\/wp-content\/uploads\/2022\/10\/allasorias_site_facebok_logo.png","@id":"https:\/\/allasorias.hu\/hirek\/hivatalos-itt-a-jarvany-masodik-hullama\/#organizationLogo"},"image":{"@id":"https:\/\/allasorias.hu\/hirek\/hivatalos-itt-a-jarvany-masodik-hullama\/#organizationLogo"},"sameAs":["https:\/\/www.facebook.com\/allasorias","https:\/\/www.linkedin.com\/company\/allasorias"]},{"@type":"Person","@id":"https:\/\/allasorias.hu\/hirek\/author\/admin-allasorias\/#author","url":"https:\/\/allasorias.hu\/hirek\/author\/admin-allasorias\/","name":"Juh\u00e1sz P\u00e9ter","image":{"@type":"ImageObject","@id":"https:\/\/allasorias.hu\/hirek\/hivatalos-itt-a-jarvany-masodik-hullama\/#authorImage","url":"https:\/\/secure.gravatar.com\/avatar\/36e6bcb83148978b992977cb0f54d22feb0cce8a0a849a9410532bb2623ba4c6?s=96&d=mm&r=g","width":96,"height":96,"caption":"Juh\u00e1sz P\u00e9ter"}},{"@type":"WebPage","@id":"https:\/\/allasorias.hu\/hirek\/hivatalos-itt-a-jarvany-masodik-hullama\/#webpage","url":"https:\/\/allasorias.hu\/hirek\/hivatalos-itt-a-jarvany-masodik-hullama\/","name":"Hivatalos: itt a j\u00e1rv\u00e1ny m\u00e1sodik hull\u00e1ma | AllasOrias.hu | H\u00edrek-lapszemle","description":"A koronav\u00edrus-j\u00e1rv\u00e1ny m\u00e1sodik hull\u00e1ma el\u00e9rte Magyarorsz\u00e1got - k\u00f6z\u00f6lte az M1-en az orsz\u00e1gos tisztif\u0151orvos, aki arr\u00f3l is besz\u00e9lt, hogy m\u00edg tavasszal a fert\u0151z\u00e9s f\u0151leg az id\u0151seket vesz\u00e9lyeztette, most ink\u00e1bb a fiatalok betegednek meg. A j\u00e1rv\u00e1ny\u00fcgyi szakemberek imm\u00e1r hetedik hete tapasztalj\u00e1k, hogy egyre t\u00f6bb a fert\u0151z\u00f6tt \u2013 mondta M\u00fcller Cec\u00edlia. A naponta regisztr\u00e1lt \u00faj betegek sz\u00e1ma tendenci\u00f3zusan","inLanguage":"hu-HU","isPartOf":{"@id":"https:\/\/allasorias.hu\/hirek\/#website"},"breadcrumb":{"@id":"https:\/\/allasorias.hu\/hirek\/hivatalos-itt-a-jarvany-masodik-hullama\/#breadcrumblist"},"author":{"@id":"https:\/\/allasorias.hu\/hirek\/author\/admin-allasorias\/#author"},"creator":{"@id":"https:\/\/allasorias.hu\/hirek\/author\/admin-allasorias\/#author"},"image":{"@type":"ImageObject","url":"https:\/\/allasorias.hu\/hirek\/wp-content\/uploads\/2020\/03\/corona-4912807_640.jpg","@id":"https:\/\/allasorias.hu\/hirek\/hivatalos-itt-a-jarvany-masodik-hullama\/#mainImage","width":640,"height":452},"primaryImageOfPage":{"@id":"https:\/\/allasorias.hu\/hirek\/hivatalos-itt-a-jarvany-masodik-hullama\/#mainImage"},"datePublished":"2020-09-04T07:23:44+02:00","dateModified":"2020-09-04T07:23:44+02:00"},{"@type":"WebSite","@id":"https:\/\/allasorias.hu\/hirek\/#website","url":"https:\/\/allasorias.hu\/hirek\/","name":"AllasOrias.hu | H\u00edrek-lapszemle","description":"\u00dczleti h\u00edrek az \u00e1ll\u00e1s \u00e9s a munka vil\u00e1g\u00e1b\u00f3l","inLanguage":"hu-HU","publisher":{"@id":"https:\/\/allasorias.hu\/hirek\/#organization"}}]},"og:locale":"hu_HU","og:site_name":"AllasOrias.hu | H\u00edrek-lapszemle | \u00dczleti h\u00edrek az \u00e1ll\u00e1s \u00e9s a munka vil\u00e1g\u00e1b\u00f3l","og:type":"article","og:title":"Hivatalos: itt a j\u00e1rv\u00e1ny m\u00e1sodik hull\u00e1ma | AllasOrias.hu | H\u00edrek-lapszemle","og:description":"A koronav\u00edrus-j\u00e1rv\u00e1ny m\u00e1sodik hull\u00e1ma el\u00e9rte Magyarorsz\u00e1got - k\u00f6z\u00f6lte az M1-en az orsz\u00e1gos tisztif\u0151orvos, aki arr\u00f3l is besz\u00e9lt, hogy m\u00edg tavasszal a fert\u0151z\u00e9s f\u0151leg az id\u0151seket vesz\u00e9lyeztette, most ink\u00e1bb a fiatalok betegednek meg. A j\u00e1rv\u00e1ny\u00fcgyi szakemberek imm\u00e1r hetedik hete tapasztalj\u00e1k, hogy egyre t\u00f6bb a fert\u0151z\u00f6tt \u2013 mondta M\u00fcller Cec\u00edlia. A naponta regisztr\u00e1lt \u00faj betegek sz\u00e1ma tendenci\u00f3zusan","og:url":"https:\/\/allasorias.hu\/hirek\/hivatalos-itt-a-jarvany-masodik-hullama\/","og:image":"https:\/\/allasorias.hu\/hirek\/wp-content\/uploads\/2020\/03\/corona-4912807_640.jpg","og:image:secure_url":"https:\/\/allasorias.hu\/hirek\/wp-content\/uploads\/2020\/03\/corona-4912807_640.jpg","og:image:width":640,"og:image:height":452,"article:published_time":"2020-09-04T07:23:44+00:00","article:modified_time":"2020-09-04T07:23:44+00:00","article:publisher":"https:\/\/www.facebook.com\/allasorias","twitter:card":"summary_large_image","twitter:title":"Hivatalos: itt a j\u00e1rv\u00e1ny m\u00e1sodik hull\u00e1ma | AllasOrias.hu | H\u00edrek-lapszemle","twitter:description":"A koronav\u00edrus-j\u00e1rv\u00e1ny m\u00e1sodik hull\u00e1ma el\u00e9rte Magyarorsz\u00e1got - k\u00f6z\u00f6lte az M1-en az orsz\u00e1gos tisztif\u0151orvos, aki arr\u00f3l is besz\u00e9lt, hogy m\u00edg tavasszal a fert\u0151z\u00e9s f\u0151leg az id\u0151seket vesz\u00e9lyeztette, most ink\u00e1bb a fiatalok betegednek meg. A j\u00e1rv\u00e1ny\u00fcgyi szakemberek imm\u00e1r hetedik hete tapasztalj\u00e1k, hogy egyre t\u00f6bb a fert\u0151z\u00f6tt \u2013 mondta M\u00fcller Cec\u00edlia. A naponta regisztr\u00e1lt \u00faj betegek sz\u00e1ma tendenci\u00f3zusan","twitter:image":"https:\/\/allasorias.hu\/hirek\/wp-content\/uploads\/2020\/03\/corona-4912807_640.jpg","twitter:label1":"Written by","twitter:data1":"Juh\u00e1sz P\u00e9ter","twitter:label2":"Est. reading time","twitter:data2":"2 minutes"},"aioseo_meta_data":{"post_id":"4227","title":null,"description":"","keywords":"","keyphrases":null,"primary_term":null,"canonical_url":"","og_title":null,"og_description":null,"og_object_type":"default","og_image_type":"default","og_image_url":null,"og_image_width":null,"og_image_height":null,"og_image_custom_url":null,"og_image_custom_fields":null,"og_video":null,"og_custom_url":null,"og_article_section":null,"og_article_tags":null,"twitter_use_og":false,"twitter_card":"default","twitter_image_type":"default","twitter_image_url":null,"twitter_image_custom_url":null,"twitter_image_custom_fields":null,"twitter_title":null,"twitter_description":null,"schema":{"blockGraphs":[],"customGraphs":[],"default":{"data":{"Article":[],"Course":[],"Dataset":[],"FAQPage":[],"Movie":[],"Person":[],"Product":[],"ProductReview":[],"Car":[],"Recipe":[],"Service":[],"SoftwareApplication":[],"WebPage":[]},"graphName":"","isEnabled":true},"graphs":[],"defaultGraph":"","defaultPostTypeGraph":""},"schema_type":null,"schema_type_options":null,"pillar_content":false,"robots_default":true,"robots_noindex":false,"robots_noarchive":false,"robots_nosnippet":false,"robots_nofollow":false,"robots_noimageindex":false,"robots_noodp":false,"robots_notranslate":false,"robots_max_snippet":null,"robots_max_videopreview":null,"robots_max_imagepreview":"large","priority":null,"frequency":null,"location":null,"local_seo":null,"breadcrumb_settings":null,"limit_modified_date":false,"ai":null,"created":"2021-02-01 20:46:57","updated":"2025-10-02 14:40:20","seo_analyzer_scan_date":null,"focus_keyword":null,"additional_keywords":null,"truseo_locale":null},"aioseo_breadcrumb":"<div class=\"aioseo-breadcrumbs\"><span class=\"aioseo-breadcrumb\">\n\t\t\t<a href=\"https:\/\/allasorias.hu\/hirek\" title=\"Home\">Home<\/a>\n\t\t<\/span><span class=\"aioseo-breadcrumb-separator\">&raquo;<\/span><span class=\"aioseo-breadcrumb\">\n\t\t\t<a href=\"https:\/\/allasorias.hu\/hirek\/temak\/gazdasag\/\" title=\"Gazdas\u00e1g\">Gazdas\u00e1g<\/a>\n\t\t<\/span><span class=\"aioseo-breadcrumb-separator\">&raquo;<\/span><span class=\"aioseo-breadcrumb\">\n\t\t\tHivatalos: itt a j\u00e1rv\u00e1ny m\u00e1sodik hull\u00e1ma\n\t\t<\/span><\/div>","aioseo_breadcrumb_json":[{"label":"Home","link":"https:\/\/allasorias.hu\/hirek"},{"label":"Gazdas\u00e1g","link":"https:\/\/allasorias.hu\/hirek\/temak\/gazdasag\/"},{"label":"Hivatalos: itt a j\u00e1rv\u00e1ny m\u00e1sodik hull\u00e1ma","link":"https:\/\/allasorias.hu\/hirek\/hivatalos-itt-a-jarvany-masodik-hullama\/"}],"_links":{"self":[{"href":"https:\/\/allasorias.hu\/hirek\/wp-json\/wp\/v2\/posts\/4227","targetHints":{"allow":["GET"]}}],"collection":[{"href":"https:\/\/allasorias.hu\/hirek\/wp-json\/wp\/v2\/posts"}],"about":[{"href":"https:\/\/allasorias.hu\/hirek\/wp-json\/wp\/v2\/types\/post"}],"author":[{"embeddable":true,"href":"https:\/\/allasorias.hu\/hirek\/wp-json\/wp\/v2\/users\/1"}],"replies":[{"embeddable":true,"href":"https:\/\/allasorias.hu\/hirek\/wp-json\/wp\/v2\/comments?post=4227"}],"version-history":[{"count":1,"href":"https:\/\/allasorias.hu\/hirek\/wp-json\/wp\/v2\/posts\/4227\/revisions"}],"predecessor-version":[{"id":4228,"href":"https:\/\/allasorias.hu\/hirek\/wp-json\/wp\/v2\/posts\/4227\/revisions\/4228"}],"wp:featuredmedia":[{"embeddable":true,"href":"https:\/\/allasorias.hu\/hirek\/wp-json\/wp\/v2\/media\/3791"}],"wp:attachment":[{"href":"https:\/\/allasorias.hu\/hirek\/wp-json\/wp\/v2\/media?parent=4227"}],"wp:term":[{"taxonomy":"category","embeddable":true,"href":"https:\/\/allasorias.hu\/hirek\/wp-json\/wp\/v2\/categories?post=4227"},{"taxonomy":"post_tag","embeddable":true,"href":"https:\/\/allasorias.hu\/hirek\/wp-json\/wp\/v2\/tags?post=4227"}],"curies":[{"name":"wp","href":"https:\/\/api.w.org\/{rel}","templated":true}]}}