{"id":4225,"date":"2020-09-04T07:22:04","date_gmt":"2020-09-04T07:22:04","guid":{"rendered":"https:\/\/allasorias.hu\/hirek\/?p=4225"},"modified":"2020-09-04T07:22:04","modified_gmt":"2020-09-04T07:22:04","slug":"harom-ev-mulva-mulhat-el-a-gazdasagi-valsag","status":"publish","type":"post","link":"https:\/\/allasorias.hu\/hirek\/harom-ev-mulva-mulhat-el-a-gazdasagi-valsag\/","title":{"rendered":"H\u00e1rom \u00e9v m\u00falva m\u00falhat el a gazdas\u00e1gi v\u00e1ls\u00e1g"},"content":{"rendered":"<p><strong>Az idei \u00e9v m\u00e1sodik fel\u00e9re t\u00f6bb mint t\u00edzsz\u00e1zal\u00e9kos a magyar gazdas\u00e1g visszaes\u00e9se. Virov\u00e1cz P\u00e9ter az ING Bank vezet\u0151 elemz\u0151je elmondta: bor\u00edt\u00e9kolhat\u00f3 volt, hogy a visszaes\u00e9s k\u00e9t sz\u00e1mjegy\u0171 lesz a negyed\u00e9vre, de el\u0151zetesen m\u00ednusz 10 sz\u00e1zal\u00e9k k\u00f6rny\u00e9k\u00e9re tippelt\u00e9k ezt. <\/strong><\/p>\n<p>A majdnem 14 sz\u00e1zal\u00e9kos cs\u00f6kken\u00e9s sz\u00e1m\u00e1ra is meglep\u0151 volt. B\u00e1r ez az uni\u00f3s orsz\u00e1gok k\u00f6z\u00f6tt az egyik legrosszabb eredm\u00e9ny, a szak\u00e9rt\u0151 felh\u00edvta a figyelmet arra, hogy nem \u00e9rdemes az orsz\u00e1gokat ebben a tekintetben egym\u00e1shoz hasonl\u00edtani, mert m\u00e1s-m\u00e1s taktik\u00e1val reag\u00e1ltak a j\u00e1rv\u00e1nyra, \u00edgy k\u00fcl\u00f6nb\u00f6z\u0151 ter\u00fcleteken \u00e9rz\u00e9kelik annak gazdas\u00e1gi hat\u00e1sait is. Az elemz\u0151 kit\u00e9rt arra, hogy a pand\u00e9mia megjelen\u00e9se el\u0151tt is sz\u00e1m\u00edtottak a gazdas\u00e1g recesszi\u00f3j\u00e1ra, vagy legal\u00e1bbis a n\u00f6veked\u00e9s lassul\u00e1s\u00e1ra. Szerinte val\u00f3sz\u00edn\u0171 volt, hogy valamilyen k\u00fcls\u0151 k\u00f6r\u00fclm\u00e9ny miatt a vezet\u0151 gazdas\u00e1gi hatalmakn\u00e1l bek\u00f6vetkezik a visszaes\u00e9s, \u00e9s ez mag\u00e1val r\u00e1ntja majd Magyarorsz\u00e1got. Gyakorlatilag a koronav\u00edrus-j\u00e1rv\u00e1nnyal ez t\u00f6rt\u00e9nt meg, \u00edgy legal\u00e1bb t\u00fal vagyunk a recesszi\u00f3n- fogalmazott. A megl\u00e1t\u00e1sa az, hogy val\u00f3ban t\u00fal vagyunk rajta, hiszen politikailag nem megengedhet\u0151, hogy a m\u00e1sodik hull\u00e1m tov\u00e1bb fokozza a visszaes\u00e9st. Ebben az Eur\u00f3pai Uni\u00f3 tag\u00e1llamainak vezet\u0151i egyet\u00e9rtenek. A m\u00e1sodik negyed\u00e9v ut\u00e1n a szak\u00e9rt\u0151 szerint k\u00e9t er\u0151sebb h\u00f3nap k\u00f6vetkezett, hiszen az emberek az \u00e9let \u00fajraindul\u00e1s\u00e1val egyb\u0151l pr\u00f3b\u00e1ltak visszat\u00e9rni a norm\u00e1lis ker\u00e9kv\u00e1g\u00e1sba, utazni, vissza\u00e1llni az ipari termel\u00e9sbe, ig\u00e9nybe venni a szolg\u00e1ltat\u00e1sokat, \u00e9s a j\u00faniusi sz\u00e1mok tekintet\u00e9ben is bizakod\u00f3. Ett\u0151l m\u00e9g nem szabad ill\u00fazi\u00f3kat t\u00e1pl\u00e1lni \u2013 figyelmeztet \u2013 a 2020-as \u00e9vet nagyj\u00e1b\u00f3l 5,5 sz\u00e1zal\u00e9kos visszaes\u00e9ssel fogjuk majd z\u00e1rni. A k\u00f6vetkez\u0151 \u00e9vben, 2012-ben m\u00e1r 5 sz\u00e1zal\u00e9kos n\u00f6veked\u00e9st rem\u00e9l. Hozz\u00e1tette azonban, hogy ez egy csal\u00f3ka sz\u00e1m: magasnak t\u0171nik, de figyelembe kell venn\u00fcnk, hogy egy m\u00e9lypontr\u00f3l val\u00f3 elrugaszkod\u00e1s k\u00f6vetkezik, ut\u00e1na val\u00f3sz\u00edn\u0171leg lelassul a n\u00f6veked\u00e9s \u00e9s vissza\u00e1ll majd a 3-4 sz\u00e1zal\u00e9kos \u00e1tlagra, amit az elm\u00falt t\u00edz-tizen\u00f6t \u00e9vben tapasztaltunk. Virov\u00e1cz P\u00e9ter 2022 v\u00e9g\u00e9re \u00e9s 2023 elej\u00e9re v\u00e1rja azt, hogy t\u00fal lesz\u00fcnk a j\u00e1rv\u00e1ny okozta gazdas\u00e1gi v\u00e1ls\u00e1gon. A gazdas\u00e1gi ment\u0151csomagok tekintet\u00e9ben az elemz\u0151 \u00fagy v\u00e9li, mindig lehetne t\u00f6bbet tenni, mindig akadna olyan r\u00e9teg, ahol tov\u00e1bbi t\u00e1mogat\u00e1soknak is helye lenne. De ilyenkor m\u00e1shonnan kell elvenni a p\u00e9nzt, ez\u00e9rt nagyon megfontoltan kell cselekedni.<\/p>\n<p>Forr\u00e1s: atv.hu<\/p>\n","protected":false},"excerpt":{"rendered":"<p>Az idei \u00e9v m\u00e1sodik fel\u00e9re t\u00f6bb mint t\u00edzsz\u00e1zal\u00e9kos a magyar gazdas\u00e1g visszaes\u00e9se. Virov\u00e1cz P\u00e9ter az ING Bank vezet\u0151 elemz\u0151je elmondta: bor\u00edt\u00e9kolhat\u00f3 volt, hogy a visszaes\u00e9s k\u00e9t sz\u00e1mjegy\u0171 lesz a negyed\u00e9vre, de el\u0151zetesen m\u00ednusz 10 sz\u00e1zal\u00e9k k\u00f6rny\u00e9k\u00e9re tippelt\u00e9k ezt. A majdnem 14 sz\u00e1zal\u00e9kos cs\u00f6kken\u00e9s sz\u00e1m\u00e1ra is meglep\u0151 volt. B\u00e1r ez az uni\u00f3s orsz\u00e1gok k\u00f6z\u00f6tt az egyik [&hellip;]<\/p>\n","protected":false},"author":1,"featured_media":4206,"comment_status":"open","ping_status":"open","sticky":false,"template":"","format":"standard","meta":{"_monsterinsights_skip_tracking":false,"footnotes":""},"categories":[198],"tags":[],"class_list":["post-4225","post","type-post","status-publish","format-standard","has-post-thumbnail","hentry","category-gazdasag"],"aioseo_notices":[],"aioseo_head":"\n\t\t<!-- All in One SEO 5.0.0.1 - aioseo.com -->\n\t<meta name=\"description\" content=\"Az idei \u00e9v m\u00e1sodik fel\u00e9re t\u00f6bb mint t\u00edzsz\u00e1zal\u00e9kos a magyar gazdas\u00e1g visszaes\u00e9se. Virov\u00e1cz P\u00e9ter az ING Bank vezet\u0151 elemz\u0151je elmondta: bor\u00edt\u00e9kolhat\u00f3 volt, hogy a visszaes\u00e9s k\u00e9t sz\u00e1mjegy\u0171 lesz a negyed\u00e9vre, de el\u0151zetesen m\u00ednusz 10 sz\u00e1zal\u00e9k k\u00f6rny\u00e9k\u00e9re tippelt\u00e9k ezt. A majdnem 14 sz\u00e1zal\u00e9kos cs\u00f6kken\u00e9s sz\u00e1m\u00e1ra is meglep\u0151 volt. B\u00e1r ez az uni\u00f3s orsz\u00e1gok k\u00f6z\u00f6tt az egyik\" \/>\n\t<meta name=\"robots\" content=\"max-image-preview:large\" \/>\n\t<meta name=\"author\" content=\"Juh\u00e1sz P\u00e9ter\"\/>\n\t<link rel=\"canonical\" href=\"https:\/\/allasorias.hu\/hirek\/harom-ev-mulva-mulhat-el-a-gazdasagi-valsag\/\" \/>\n\t<meta name=\"generator\" content=\"All in One SEO (AIOSEO) 5.0.0.1\" \/>\n\t\t<meta property=\"og:locale\" content=\"hu_HU\" \/>\n\t\t<meta property=\"og:site_name\" content=\"AllasOrias.hu | H\u00edrek-lapszemle | \u00dczleti h\u00edrek az \u00e1ll\u00e1s \u00e9s a munka vil\u00e1g\u00e1b\u00f3l\" \/>\n\t\t<meta property=\"og:type\" content=\"article\" \/>\n\t\t<meta property=\"og:title\" content=\"H\u00e1rom \u00e9v m\u00falva m\u00falhat el a gazdas\u00e1gi v\u00e1ls\u00e1g | AllasOrias.hu | H\u00edrek-lapszemle\" \/>\n\t\t<meta property=\"og:description\" content=\"Az idei \u00e9v m\u00e1sodik fel\u00e9re t\u00f6bb mint t\u00edzsz\u00e1zal\u00e9kos a magyar gazdas\u00e1g visszaes\u00e9se. Virov\u00e1cz P\u00e9ter az ING Bank vezet\u0151 elemz\u0151je elmondta: bor\u00edt\u00e9kolhat\u00f3 volt, hogy a visszaes\u00e9s k\u00e9t sz\u00e1mjegy\u0171 lesz a negyed\u00e9vre, de el\u0151zetesen m\u00ednusz 10 sz\u00e1zal\u00e9k k\u00f6rny\u00e9k\u00e9re tippelt\u00e9k ezt. A majdnem 14 sz\u00e1zal\u00e9kos cs\u00f6kken\u00e9s sz\u00e1m\u00e1ra is meglep\u0151 volt. B\u00e1r ez az uni\u00f3s orsz\u00e1gok k\u00f6z\u00f6tt az egyik\" \/>\n\t\t<meta property=\"og:url\" content=\"https:\/\/allasorias.hu\/hirek\/harom-ev-mulva-mulhat-el-a-gazdasagi-valsag\/\" \/>\n\t\t<meta property=\"og:image\" content=\"https:\/\/allasorias.hu\/hirek\/wp-content\/uploads\/2020\/08\/chart-3976152_960_720.jpg\" \/>\n\t\t<meta property=\"og:image:secure_url\" content=\"https:\/\/allasorias.hu\/hirek\/wp-content\/uploads\/2020\/08\/chart-3976152_960_720.jpg\" \/>\n\t\t<meta property=\"og:image:width\" content=\"960\" \/>\n\t\t<meta property=\"og:image:height\" content=\"639\" \/>\n\t\t<meta property=\"article:published_time\" content=\"2020-09-04T07:22:04+00:00\" \/>\n\t\t<meta property=\"article:modified_time\" content=\"2020-09-04T07:22:04+00:00\" \/>\n\t\t<meta property=\"article:publisher\" content=\"https:\/\/www.facebook.com\/allasorias\" \/>\n\t\t<meta name=\"twitter:card\" content=\"summary_large_image\" \/>\n\t\t<meta name=\"twitter:title\" content=\"H\u00e1rom \u00e9v m\u00falva m\u00falhat el a gazdas\u00e1gi v\u00e1ls\u00e1g | AllasOrias.hu | H\u00edrek-lapszemle\" \/>\n\t\t<meta name=\"twitter:description\" content=\"Az idei \u00e9v m\u00e1sodik fel\u00e9re t\u00f6bb mint t\u00edzsz\u00e1zal\u00e9kos a magyar gazdas\u00e1g visszaes\u00e9se. Virov\u00e1cz P\u00e9ter az ING Bank vezet\u0151 elemz\u0151je elmondta: bor\u00edt\u00e9kolhat\u00f3 volt, hogy a visszaes\u00e9s k\u00e9t sz\u00e1mjegy\u0171 lesz a negyed\u00e9vre, de el\u0151zetesen m\u00ednusz 10 sz\u00e1zal\u00e9k k\u00f6rny\u00e9k\u00e9re tippelt\u00e9k ezt. A majdnem 14 sz\u00e1zal\u00e9kos cs\u00f6kken\u00e9s sz\u00e1m\u00e1ra is meglep\u0151 volt. B\u00e1r ez az uni\u00f3s orsz\u00e1gok k\u00f6z\u00f6tt az egyik\" \/>\n\t\t<meta name=\"twitter:image\" content=\"https:\/\/allasorias.hu\/hirek\/wp-content\/uploads\/2020\/08\/chart-3976152_960_720.jpg\" \/>\n\t\t<meta name=\"twitter:label1\" content=\"Written by\" \/>\n\t\t<meta name=\"twitter:data1\" content=\"Juh\u00e1sz P\u00e9ter\" \/>\n\t\t<meta name=\"twitter:label2\" content=\"Est. reading time\" \/>\n\t\t<meta name=\"twitter:data2\" content=\"3 minutes\" \/>\n\t\t<script type=\"application\/ld+json\" class=\"aioseo-schema\">\n\t\t\t{\"@context\":\"https:\\\/\\\/schema.org\",\"@graph\":[{\"@type\":\"Article\",\"@id\":\"https:\\\/\\\/allasorias.hu\\\/hirek\\\/harom-ev-mulva-mulhat-el-a-gazdasagi-valsag\\\/#article\",\"name\":\"H\\u00e1rom \\u00e9v m\\u00falva m\\u00falhat el a gazdas\\u00e1gi v\\u00e1ls\\u00e1g | AllasOrias.hu | H\\u00edrek-lapszemle\",\"headline\":\"H\\u00e1rom \\u00e9v m\\u00falva m\\u00falhat el a gazdas\\u00e1gi v\\u00e1ls\\u00e1g\",\"author\":{\"@id\":\"https:\\\/\\\/allasorias.hu\\\/hirek\\\/author\\\/admin-allasorias\\\/#author\"},\"publisher\":{\"@id\":\"https:\\\/\\\/allasorias.hu\\\/hirek\\\/#organization\"},\"image\":{\"@type\":\"ImageObject\",\"url\":\"https:\\\/\\\/allasorias.hu\\\/hirek\\\/wp-content\\\/uploads\\\/2020\\\/08\\\/chart-3976152_960_720.jpg\",\"width\":960,\"height\":639},\"datePublished\":\"2020-09-04T07:22:04+02:00\",\"dateModified\":\"2020-09-04T07:22:04+02:00\",\"inLanguage\":\"hu-HU\",\"mainEntityOfPage\":{\"@id\":\"https:\\\/\\\/allasorias.hu\\\/hirek\\\/harom-ev-mulva-mulhat-el-a-gazdasagi-valsag\\\/#webpage\"},\"isPartOf\":{\"@id\":\"https:\\\/\\\/allasorias.hu\\\/hirek\\\/harom-ev-mulva-mulhat-el-a-gazdasagi-valsag\\\/#webpage\"},\"articleSection\":\"Gazdas\\u00e1g\"},{\"@type\":\"BreadcrumbList\",\"@id\":\"https:\\\/\\\/allasorias.hu\\\/hirek\\\/harom-ev-mulva-mulhat-el-a-gazdasagi-valsag\\\/#breadcrumblist\",\"itemListElement\":[{\"@type\":\"ListItem\",\"@id\":\"https:\\\/\\\/allasorias.hu\\\/hirek#listItem\",\"position\":1,\"name\":\"Home\",\"item\":\"https:\\\/\\\/allasorias.hu\\\/hirek\",\"nextItem\":{\"@type\":\"ListItem\",\"@id\":\"https:\\\/\\\/allasorias.hu\\\/hirek\\\/temak\\\/gazdasag\\\/#listItem\",\"name\":\"Gazdas\\u00e1g\"}},{\"@type\":\"ListItem\",\"@id\":\"https:\\\/\\\/allasorias.hu\\\/hirek\\\/temak\\\/gazdasag\\\/#listItem\",\"position\":2,\"name\":\"Gazdas\\u00e1g\",\"item\":\"https:\\\/\\\/allasorias.hu\\\/hirek\\\/temak\\\/gazdasag\\\/\",\"nextItem\":{\"@type\":\"ListItem\",\"@id\":\"https:\\\/\\\/allasorias.hu\\\/hirek\\\/harom-ev-mulva-mulhat-el-a-gazdasagi-valsag\\\/#listItem\",\"name\":\"H\\u00e1rom \\u00e9v m\\u00falva m\\u00falhat el a gazdas\\u00e1gi v\\u00e1ls\\u00e1g\"},\"previousItem\":{\"@type\":\"ListItem\",\"@id\":\"https:\\\/\\\/allasorias.hu\\\/hirek#listItem\",\"name\":\"Home\"}},{\"@type\":\"ListItem\",\"@id\":\"https:\\\/\\\/allasorias.hu\\\/hirek\\\/harom-ev-mulva-mulhat-el-a-gazdasagi-valsag\\\/#listItem\",\"position\":3,\"name\":\"H\\u00e1rom \\u00e9v m\\u00falva m\\u00falhat el a gazdas\\u00e1gi v\\u00e1ls\\u00e1g\",\"previousItem\":{\"@type\":\"ListItem\",\"@id\":\"https:\\\/\\\/allasorias.hu\\\/hirek\\\/temak\\\/gazdasag\\\/#listItem\",\"name\":\"Gazdas\\u00e1g\"}}]},{\"@type\":\"Organization\",\"@id\":\"https:\\\/\\\/allasorias.hu\\\/hirek\\\/#organization\",\"name\":\"AllasOrias.hu | H\\u00edrek-lapszemle\",\"description\":\"\\u00dczleti h\\u00edrek az \\u00e1ll\\u00e1s \\u00e9s a munka vil\\u00e1g\\u00e1b\\u00f3l\",\"url\":\"https:\\\/\\\/allasorias.hu\\\/hirek\\\/\",\"logo\":{\"@type\":\"ImageObject\",\"url\":\"https:\\\/\\\/allasorias.hu\\\/hirek\\\/wp-content\\\/uploads\\\/2022\\\/10\\\/allasorias_site_facebok_logo.png\",\"@id\":\"https:\\\/\\\/allasorias.hu\\\/hirek\\\/harom-ev-mulva-mulhat-el-a-gazdasagi-valsag\\\/#organizationLogo\"},\"image\":{\"@id\":\"https:\\\/\\\/allasorias.hu\\\/hirek\\\/harom-ev-mulva-mulhat-el-a-gazdasagi-valsag\\\/#organizationLogo\"},\"sameAs\":[\"https:\\\/\\\/www.facebook.com\\\/allasorias\",\"https:\\\/\\\/www.linkedin.com\\\/company\\\/allasorias\"]},{\"@type\":\"Person\",\"@id\":\"https:\\\/\\\/allasorias.hu\\\/hirek\\\/author\\\/admin-allasorias\\\/#author\",\"url\":\"https:\\\/\\\/allasorias.hu\\\/hirek\\\/author\\\/admin-allasorias\\\/\",\"name\":\"Juh\\u00e1sz P\\u00e9ter\",\"image\":{\"@type\":\"ImageObject\",\"@id\":\"https:\\\/\\\/allasorias.hu\\\/hirek\\\/harom-ev-mulva-mulhat-el-a-gazdasagi-valsag\\\/#authorImage\",\"url\":\"https:\\\/\\\/secure.gravatar.com\\\/avatar\\\/36e6bcb83148978b992977cb0f54d22feb0cce8a0a849a9410532bb2623ba4c6?s=96&d=mm&r=g\",\"width\":96,\"height\":96,\"caption\":\"Juh\\u00e1sz P\\u00e9ter\"}},{\"@type\":\"WebPage\",\"@id\":\"https:\\\/\\\/allasorias.hu\\\/hirek\\\/harom-ev-mulva-mulhat-el-a-gazdasagi-valsag\\\/#webpage\",\"url\":\"https:\\\/\\\/allasorias.hu\\\/hirek\\\/harom-ev-mulva-mulhat-el-a-gazdasagi-valsag\\\/\",\"name\":\"H\\u00e1rom \\u00e9v m\\u00falva m\\u00falhat el a gazdas\\u00e1gi v\\u00e1ls\\u00e1g | AllasOrias.hu | H\\u00edrek-lapszemle\",\"description\":\"Az idei \\u00e9v m\\u00e1sodik fel\\u00e9re t\\u00f6bb mint t\\u00edzsz\\u00e1zal\\u00e9kos a magyar gazdas\\u00e1g visszaes\\u00e9se. Virov\\u00e1cz P\\u00e9ter az ING Bank vezet\\u0151 elemz\\u0151je elmondta: bor\\u00edt\\u00e9kolhat\\u00f3 volt, hogy a visszaes\\u00e9s k\\u00e9t sz\\u00e1mjegy\\u0171 lesz a negyed\\u00e9vre, de el\\u0151zetesen m\\u00ednusz 10 sz\\u00e1zal\\u00e9k k\\u00f6rny\\u00e9k\\u00e9re tippelt\\u00e9k ezt. A majdnem 14 sz\\u00e1zal\\u00e9kos cs\\u00f6kken\\u00e9s sz\\u00e1m\\u00e1ra is meglep\\u0151 volt. B\\u00e1r ez az uni\\u00f3s orsz\\u00e1gok k\\u00f6z\\u00f6tt az egyik\",\"inLanguage\":\"hu-HU\",\"isPartOf\":{\"@id\":\"https:\\\/\\\/allasorias.hu\\\/hirek\\\/#website\"},\"breadcrumb\":{\"@id\":\"https:\\\/\\\/allasorias.hu\\\/hirek\\\/harom-ev-mulva-mulhat-el-a-gazdasagi-valsag\\\/#breadcrumblist\"},\"author\":{\"@id\":\"https:\\\/\\\/allasorias.hu\\\/hirek\\\/author\\\/admin-allasorias\\\/#author\"},\"creator\":{\"@id\":\"https:\\\/\\\/allasorias.hu\\\/hirek\\\/author\\\/admin-allasorias\\\/#author\"},\"image\":{\"@type\":\"ImageObject\",\"url\":\"https:\\\/\\\/allasorias.hu\\\/hirek\\\/wp-content\\\/uploads\\\/2020\\\/08\\\/chart-3976152_960_720.jpg\",\"@id\":\"https:\\\/\\\/allasorias.hu\\\/hirek\\\/harom-ev-mulva-mulhat-el-a-gazdasagi-valsag\\\/#mainImage\",\"width\":960,\"height\":639},\"primaryImageOfPage\":{\"@id\":\"https:\\\/\\\/allasorias.hu\\\/hirek\\\/harom-ev-mulva-mulhat-el-a-gazdasagi-valsag\\\/#mainImage\"},\"datePublished\":\"2020-09-04T07:22:04+02:00\",\"dateModified\":\"2020-09-04T07:22:04+02:00\"},{\"@type\":\"WebSite\",\"@id\":\"https:\\\/\\\/allasorias.hu\\\/hirek\\\/#website\",\"url\":\"https:\\\/\\\/allasorias.hu\\\/hirek\\\/\",\"name\":\"AllasOrias.hu | H\\u00edrek-lapszemle\",\"description\":\"\\u00dczleti h\\u00edrek az \\u00e1ll\\u00e1s \\u00e9s a munka vil\\u00e1g\\u00e1b\\u00f3l\",\"inLanguage\":\"hu-HU\",\"publisher\":{\"@id\":\"https:\\\/\\\/allasorias.hu\\\/hirek\\\/#organization\"}}]}\n\t\t<\/script>\n\t\t<!-- All in One SEO -->\n\n","aioseo_head_json":{"title":"H\u00e1rom \u00e9v m\u00falva m\u00falhat el a gazdas\u00e1gi v\u00e1ls\u00e1g | AllasOrias.hu | H\u00edrek-lapszemle","description":"Az idei \u00e9v m\u00e1sodik fel\u00e9re t\u00f6bb mint t\u00edzsz\u00e1zal\u00e9kos a magyar gazdas\u00e1g visszaes\u00e9se. Virov\u00e1cz P\u00e9ter az ING Bank vezet\u0151 elemz\u0151je elmondta: bor\u00edt\u00e9kolhat\u00f3 volt, hogy a visszaes\u00e9s k\u00e9t sz\u00e1mjegy\u0171 lesz a negyed\u00e9vre, de el\u0151zetesen m\u00ednusz 10 sz\u00e1zal\u00e9k k\u00f6rny\u00e9k\u00e9re tippelt\u00e9k ezt. A majdnem 14 sz\u00e1zal\u00e9kos cs\u00f6kken\u00e9s sz\u00e1m\u00e1ra is meglep\u0151 volt. B\u00e1r ez az uni\u00f3s orsz\u00e1gok k\u00f6z\u00f6tt az egyik","canonical_url":"https:\/\/allasorias.hu\/hirek\/harom-ev-mulva-mulhat-el-a-gazdasagi-valsag\/","robots":"max-image-preview:large","keywords":"","webmasterTools":{"miscellaneous":""},"schema":{"@context":"https:\/\/schema.org","@graph":[{"@type":"Article","@id":"https:\/\/allasorias.hu\/hirek\/harom-ev-mulva-mulhat-el-a-gazdasagi-valsag\/#article","name":"H\u00e1rom \u00e9v m\u00falva m\u00falhat el a gazdas\u00e1gi v\u00e1ls\u00e1g | AllasOrias.hu | H\u00edrek-lapszemle","headline":"H\u00e1rom \u00e9v m\u00falva m\u00falhat el a gazdas\u00e1gi v\u00e1ls\u00e1g","author":{"@id":"https:\/\/allasorias.hu\/hirek\/author\/admin-allasorias\/#author"},"publisher":{"@id":"https:\/\/allasorias.hu\/hirek\/#organization"},"image":{"@type":"ImageObject","url":"https:\/\/allasorias.hu\/hirek\/wp-content\/uploads\/2020\/08\/chart-3976152_960_720.jpg","width":960,"height":639},"datePublished":"2020-09-04T07:22:04+02:00","dateModified":"2020-09-04T07:22:04+02:00","inLanguage":"hu-HU","mainEntityOfPage":{"@id":"https:\/\/allasorias.hu\/hirek\/harom-ev-mulva-mulhat-el-a-gazdasagi-valsag\/#webpage"},"isPartOf":{"@id":"https:\/\/allasorias.hu\/hirek\/harom-ev-mulva-mulhat-el-a-gazdasagi-valsag\/#webpage"},"articleSection":"Gazdas\u00e1g"},{"@type":"BreadcrumbList","@id":"https:\/\/allasorias.hu\/hirek\/harom-ev-mulva-mulhat-el-a-gazdasagi-valsag\/#breadcrumblist","itemListElement":[{"@type":"ListItem","@id":"https:\/\/allasorias.hu\/hirek#listItem","position":1,"name":"Home","item":"https:\/\/allasorias.hu\/hirek","nextItem":{"@type":"ListItem","@id":"https:\/\/allasorias.hu\/hirek\/temak\/gazdasag\/#listItem","name":"Gazdas\u00e1g"}},{"@type":"ListItem","@id":"https:\/\/allasorias.hu\/hirek\/temak\/gazdasag\/#listItem","position":2,"name":"Gazdas\u00e1g","item":"https:\/\/allasorias.hu\/hirek\/temak\/gazdasag\/","nextItem":{"@type":"ListItem","@id":"https:\/\/allasorias.hu\/hirek\/harom-ev-mulva-mulhat-el-a-gazdasagi-valsag\/#listItem","name":"H\u00e1rom \u00e9v m\u00falva m\u00falhat el a gazdas\u00e1gi v\u00e1ls\u00e1g"},"previousItem":{"@type":"ListItem","@id":"https:\/\/allasorias.hu\/hirek#listItem","name":"Home"}},{"@type":"ListItem","@id":"https:\/\/allasorias.hu\/hirek\/harom-ev-mulva-mulhat-el-a-gazdasagi-valsag\/#listItem","position":3,"name":"H\u00e1rom \u00e9v m\u00falva m\u00falhat el a gazdas\u00e1gi v\u00e1ls\u00e1g","previousItem":{"@type":"ListItem","@id":"https:\/\/allasorias.hu\/hirek\/temak\/gazdasag\/#listItem","name":"Gazdas\u00e1g"}}]},{"@type":"Organization","@id":"https:\/\/allasorias.hu\/hirek\/#organization","name":"AllasOrias.hu | H\u00edrek-lapszemle","description":"\u00dczleti h\u00edrek az \u00e1ll\u00e1s \u00e9s a munka vil\u00e1g\u00e1b\u00f3l","url":"https:\/\/allasorias.hu\/hirek\/","logo":{"@type":"ImageObject","url":"https:\/\/allasorias.hu\/hirek\/wp-content\/uploads\/2022\/10\/allasorias_site_facebok_logo.png","@id":"https:\/\/allasorias.hu\/hirek\/harom-ev-mulva-mulhat-el-a-gazdasagi-valsag\/#organizationLogo"},"image":{"@id":"https:\/\/allasorias.hu\/hirek\/harom-ev-mulva-mulhat-el-a-gazdasagi-valsag\/#organizationLogo"},"sameAs":["https:\/\/www.facebook.com\/allasorias","https:\/\/www.linkedin.com\/company\/allasorias"]},{"@type":"Person","@id":"https:\/\/allasorias.hu\/hirek\/author\/admin-allasorias\/#author","url":"https:\/\/allasorias.hu\/hirek\/author\/admin-allasorias\/","name":"Juh\u00e1sz P\u00e9ter","image":{"@type":"ImageObject","@id":"https:\/\/allasorias.hu\/hirek\/harom-ev-mulva-mulhat-el-a-gazdasagi-valsag\/#authorImage","url":"https:\/\/secure.gravatar.com\/avatar\/36e6bcb83148978b992977cb0f54d22feb0cce8a0a849a9410532bb2623ba4c6?s=96&d=mm&r=g","width":96,"height":96,"caption":"Juh\u00e1sz P\u00e9ter"}},{"@type":"WebPage","@id":"https:\/\/allasorias.hu\/hirek\/harom-ev-mulva-mulhat-el-a-gazdasagi-valsag\/#webpage","url":"https:\/\/allasorias.hu\/hirek\/harom-ev-mulva-mulhat-el-a-gazdasagi-valsag\/","name":"H\u00e1rom \u00e9v m\u00falva m\u00falhat el a gazdas\u00e1gi v\u00e1ls\u00e1g | AllasOrias.hu | H\u00edrek-lapszemle","description":"Az idei \u00e9v m\u00e1sodik fel\u00e9re t\u00f6bb mint t\u00edzsz\u00e1zal\u00e9kos a magyar gazdas\u00e1g visszaes\u00e9se. Virov\u00e1cz P\u00e9ter az ING Bank vezet\u0151 elemz\u0151je elmondta: bor\u00edt\u00e9kolhat\u00f3 volt, hogy a visszaes\u00e9s k\u00e9t sz\u00e1mjegy\u0171 lesz a negyed\u00e9vre, de el\u0151zetesen m\u00ednusz 10 sz\u00e1zal\u00e9k k\u00f6rny\u00e9k\u00e9re tippelt\u00e9k ezt. A majdnem 14 sz\u00e1zal\u00e9kos cs\u00f6kken\u00e9s sz\u00e1m\u00e1ra is meglep\u0151 volt. B\u00e1r ez az uni\u00f3s orsz\u00e1gok k\u00f6z\u00f6tt az egyik","inLanguage":"hu-HU","isPartOf":{"@id":"https:\/\/allasorias.hu\/hirek\/#website"},"breadcrumb":{"@id":"https:\/\/allasorias.hu\/hirek\/harom-ev-mulva-mulhat-el-a-gazdasagi-valsag\/#breadcrumblist"},"author":{"@id":"https:\/\/allasorias.hu\/hirek\/author\/admin-allasorias\/#author"},"creator":{"@id":"https:\/\/allasorias.hu\/hirek\/author\/admin-allasorias\/#author"},"image":{"@type":"ImageObject","url":"https:\/\/allasorias.hu\/hirek\/wp-content\/uploads\/2020\/08\/chart-3976152_960_720.jpg","@id":"https:\/\/allasorias.hu\/hirek\/harom-ev-mulva-mulhat-el-a-gazdasagi-valsag\/#mainImage","width":960,"height":639},"primaryImageOfPage":{"@id":"https:\/\/allasorias.hu\/hirek\/harom-ev-mulva-mulhat-el-a-gazdasagi-valsag\/#mainImage"},"datePublished":"2020-09-04T07:22:04+02:00","dateModified":"2020-09-04T07:22:04+02:00"},{"@type":"WebSite","@id":"https:\/\/allasorias.hu\/hirek\/#website","url":"https:\/\/allasorias.hu\/hirek\/","name":"AllasOrias.hu | H\u00edrek-lapszemle","description":"\u00dczleti h\u00edrek az \u00e1ll\u00e1s \u00e9s a munka vil\u00e1g\u00e1b\u00f3l","inLanguage":"hu-HU","publisher":{"@id":"https:\/\/allasorias.hu\/hirek\/#organization"}}]},"og:locale":"hu_HU","og:site_name":"AllasOrias.hu | H\u00edrek-lapszemle | \u00dczleti h\u00edrek az \u00e1ll\u00e1s \u00e9s a munka vil\u00e1g\u00e1b\u00f3l","og:type":"article","og:title":"H\u00e1rom \u00e9v m\u00falva m\u00falhat el a gazdas\u00e1gi v\u00e1ls\u00e1g | AllasOrias.hu | H\u00edrek-lapszemle","og:description":"Az idei \u00e9v m\u00e1sodik fel\u00e9re t\u00f6bb mint t\u00edzsz\u00e1zal\u00e9kos a magyar gazdas\u00e1g visszaes\u00e9se. Virov\u00e1cz P\u00e9ter az ING Bank vezet\u0151 elemz\u0151je elmondta: bor\u00edt\u00e9kolhat\u00f3 volt, hogy a visszaes\u00e9s k\u00e9t sz\u00e1mjegy\u0171 lesz a negyed\u00e9vre, de el\u0151zetesen m\u00ednusz 10 sz\u00e1zal\u00e9k k\u00f6rny\u00e9k\u00e9re tippelt\u00e9k ezt. A majdnem 14 sz\u00e1zal\u00e9kos cs\u00f6kken\u00e9s sz\u00e1m\u00e1ra is meglep\u0151 volt. B\u00e1r ez az uni\u00f3s orsz\u00e1gok k\u00f6z\u00f6tt az egyik","og:url":"https:\/\/allasorias.hu\/hirek\/harom-ev-mulva-mulhat-el-a-gazdasagi-valsag\/","og:image":"https:\/\/allasorias.hu\/hirek\/wp-content\/uploads\/2020\/08\/chart-3976152_960_720.jpg","og:image:secure_url":"https:\/\/allasorias.hu\/hirek\/wp-content\/uploads\/2020\/08\/chart-3976152_960_720.jpg","og:image:width":960,"og:image:height":639,"article:published_time":"2020-09-04T07:22:04+00:00","article:modified_time":"2020-09-04T07:22:04+00:00","article:publisher":"https:\/\/www.facebook.com\/allasorias","twitter:card":"summary_large_image","twitter:title":"H\u00e1rom \u00e9v m\u00falva m\u00falhat el a gazdas\u00e1gi v\u00e1ls\u00e1g | AllasOrias.hu | H\u00edrek-lapszemle","twitter:description":"Az idei \u00e9v m\u00e1sodik fel\u00e9re t\u00f6bb mint t\u00edzsz\u00e1zal\u00e9kos a magyar gazdas\u00e1g visszaes\u00e9se. Virov\u00e1cz P\u00e9ter az ING Bank vezet\u0151 elemz\u0151je elmondta: bor\u00edt\u00e9kolhat\u00f3 volt, hogy a visszaes\u00e9s k\u00e9t sz\u00e1mjegy\u0171 lesz a negyed\u00e9vre, de el\u0151zetesen m\u00ednusz 10 sz\u00e1zal\u00e9k k\u00f6rny\u00e9k\u00e9re tippelt\u00e9k ezt. A majdnem 14 sz\u00e1zal\u00e9kos cs\u00f6kken\u00e9s sz\u00e1m\u00e1ra is meglep\u0151 volt. B\u00e1r ez az uni\u00f3s orsz\u00e1gok k\u00f6z\u00f6tt az egyik","twitter:image":"https:\/\/allasorias.hu\/hirek\/wp-content\/uploads\/2020\/08\/chart-3976152_960_720.jpg","twitter:label1":"Written by","twitter:data1":"Juh\u00e1sz P\u00e9ter","twitter:label2":"Est. reading time","twitter:data2":"3 minutes"},"aioseo_meta_data":{"post_id":"4225","title":null,"description":"","keywords":"","keyphrases":null,"primary_term":null,"canonical_url":"","og_title":null,"og_description":null,"og_object_type":"default","og_image_type":"default","og_image_url":null,"og_image_width":null,"og_image_height":null,"og_image_custom_url":null,"og_image_custom_fields":null,"og_video":null,"og_custom_url":null,"og_article_section":null,"og_article_tags":null,"twitter_use_og":false,"twitter_card":"default","twitter_image_type":"default","twitter_image_url":null,"twitter_image_custom_url":null,"twitter_image_custom_fields":null,"twitter_title":null,"twitter_description":null,"schema":{"blockGraphs":[],"customGraphs":[],"default":{"data":{"Article":[],"Course":[],"Dataset":[],"FAQPage":[],"Movie":[],"Person":[],"Product":[],"ProductReview":[],"Car":[],"Recipe":[],"Service":[],"SoftwareApplication":[],"WebPage":[]},"graphName":"","isEnabled":true},"graphs":[],"defaultGraph":"","defaultPostTypeGraph":""},"schema_type":null,"schema_type_options":null,"pillar_content":false,"robots_default":true,"robots_noindex":false,"robots_noarchive":false,"robots_nosnippet":false,"robots_nofollow":false,"robots_noimageindex":false,"robots_noodp":false,"robots_notranslate":false,"robots_max_snippet":null,"robots_max_videopreview":null,"robots_max_imagepreview":"large","priority":null,"frequency":null,"location":null,"local_seo":null,"breadcrumb_settings":null,"limit_modified_date":false,"ai":null,"created":"2021-02-01 20:46:57","updated":"2025-10-02 14:40:20","seo_analyzer_scan_date":null,"focus_keyword":null,"additional_keywords":null,"truseo_locale":null},"aioseo_breadcrumb":"<div class=\"aioseo-breadcrumbs\"><span class=\"aioseo-breadcrumb\">\n\t\t\t<a href=\"https:\/\/allasorias.hu\/hirek\" title=\"Home\">Home<\/a>\n\t\t<\/span><span class=\"aioseo-breadcrumb-separator\">&raquo;<\/span><span class=\"aioseo-breadcrumb\">\n\t\t\t<a href=\"https:\/\/allasorias.hu\/hirek\/temak\/gazdasag\/\" title=\"Gazdas\u00e1g\">Gazdas\u00e1g<\/a>\n\t\t<\/span><span class=\"aioseo-breadcrumb-separator\">&raquo;<\/span><span class=\"aioseo-breadcrumb\">\n\t\t\tH\u00e1rom \u00e9v m\u00falva m\u00falhat el a gazdas\u00e1gi v\u00e1ls\u00e1g\n\t\t<\/span><\/div>","aioseo_breadcrumb_json":[{"label":"Home","link":"https:\/\/allasorias.hu\/hirek"},{"label":"Gazdas\u00e1g","link":"https:\/\/allasorias.hu\/hirek\/temak\/gazdasag\/"},{"label":"H\u00e1rom \u00e9v m\u00falva m\u00falhat el a gazdas\u00e1gi v\u00e1ls\u00e1g","link":"https:\/\/allasorias.hu\/hirek\/harom-ev-mulva-mulhat-el-a-gazdasagi-valsag\/"}],"_links":{"self":[{"href":"https:\/\/allasorias.hu\/hirek\/wp-json\/wp\/v2\/posts\/4225","targetHints":{"allow":["GET"]}}],"collection":[{"href":"https:\/\/allasorias.hu\/hirek\/wp-json\/wp\/v2\/posts"}],"about":[{"href":"https:\/\/allasorias.hu\/hirek\/wp-json\/wp\/v2\/types\/post"}],"author":[{"embeddable":true,"href":"https:\/\/allasorias.hu\/hirek\/wp-json\/wp\/v2\/users\/1"}],"replies":[{"embeddable":true,"href":"https:\/\/allasorias.hu\/hirek\/wp-json\/wp\/v2\/comments?post=4225"}],"version-history":[{"count":1,"href":"https:\/\/allasorias.hu\/hirek\/wp-json\/wp\/v2\/posts\/4225\/revisions"}],"predecessor-version":[{"id":4226,"href":"https:\/\/allasorias.hu\/hirek\/wp-json\/wp\/v2\/posts\/4225\/revisions\/4226"}],"wp:featuredmedia":[{"embeddable":true,"href":"https:\/\/allasorias.hu\/hirek\/wp-json\/wp\/v2\/media\/4206"}],"wp:attachment":[{"href":"https:\/\/allasorias.hu\/hirek\/wp-json\/wp\/v2\/media?parent=4225"}],"wp:term":[{"taxonomy":"category","embeddable":true,"href":"https:\/\/allasorias.hu\/hirek\/wp-json\/wp\/v2\/categories?post=4225"},{"taxonomy":"post_tag","embeddable":true,"href":"https:\/\/allasorias.hu\/hirek\/wp-json\/wp\/v2\/tags?post=4225"}],"curies":[{"name":"wp","href":"https:\/\/api.w.org\/{rel}","templated":true}]}}