{"id":4221,"date":"2020-09-02T07:04:11","date_gmt":"2020-09-02T07:04:11","guid":{"rendered":"https:\/\/allasorias.hu\/hirek\/?p=4221"},"modified":"2020-09-02T07:04:11","modified_gmt":"2020-09-02T07:04:11","slug":"egyre-tobb-a-munkaero-kolcsonzes","status":"publish","type":"post","link":"https:\/\/allasorias.hu\/hirek\/egyre-tobb-a-munkaero-kolcsonzes\/","title":{"rendered":"Egyre t\u00f6bb  a munkaer\u0151 k\u00f6lcs\u00f6nz\u00e9s"},"content":{"rendered":"<p><strong>Fellend\u00fcl\u0151ben van a munkaer\u0151piac, \u00e9letre kezdenek kapni a c\u00e9gek, amelyek a j\u00e1rv\u00e1ny ideje alatt neh\u00e9z helyzetbe ker\u00fcltek. \u00a0A koronav\u00edrus j\u00e1rv\u00e1ny ideje alatt le\u00e9p\u00edtett munkaer\u0151 fokozatos visszav\u00e9tele elkezd\u0151d\u00f6tt.<\/strong><\/p>\n<p>A korm\u00e1nyok \u00e9s a vil\u00e1g vezet\u0151 v\u00e1llalatai is k\u00e9sz\u00fclnek a k\u00f6vetkez\u0151 hull\u00e1mra, mely m\u00e1r nem \u00e9ri v\u00e1ratlanul \u0151ket. A j\u00e1rv\u00e1ny bizonyos hat\u00e1sait, mint p\u00e9ld\u00e1ul a home office-t, alkalmazkodva a k\u00f6r\u00fclm\u00e9nyekhez, sokan be\u00e9p\u00edtett\u00e9k a m\u0171k\u00f6d\u00e9s\u00fckbe. \u201eA ki\u00e9lezett helyzet, \u00e9ppen rugalmass\u00e1ga miatt, az atipikus munkaer\u0151-k\u00f6lcs\u00f6nz\u00e9s dinamikus fejl\u0151d\u00e9s\u00e9t hozza\u201d &#8211; fogalmaz D\u00e9nes Rajmund Roland, a Magyar Munkaer\u0151-k\u00f6lcs\u00f6nz\u0151k Orsz\u00e1gos Sz\u00f6vets\u00e9ge (MMOSZ) eln\u00f6ke. D\u00e9nes Rajmund szerint a kev\u00e9sb\u00e9 tapasztalt vagy k\u00fclf\u00f6ldi d\u00f6nt\u00e9shozatal\u00fa c\u00e9gekkel szemben &#8211; melyek sz\u00fcks\u00e9gszer\u0171 megold\u00e1sk\u00e9nt a teljes k\u00f6lcs\u00f6nz\u00e9st megsz\u00fcntett\u00e9k &#8211; versenyel\u0151nyh\u00f6z fognak jutni azon piaci szerepl\u0151k, amelyek komplex HR strat\u00e9gi\u00e1val rendelkeznek, el\u0151rel\u00e1t\u00f3ak, s a gazdas\u00e1gi v\u00e1ls\u00e1g idej\u00e9n is t\u00f6bb l\u00e1bon \u00e1llnak. \u201eEzen foglalkoztat\u00f3k, mikor mindenki a t\u00fal\u00e9l\u00e9s\u00e9rt k\u00fczd\u00f6tt, min\u0151s\u00e9gi mutat\u00f3kon alapul\u00f3 \u00e9rt\u00e9kel\u00e9si szempont szerint \u00e9p\u00edtettek le sz\u00fcks\u00e9g szerint nemcsak k\u00f6lcs\u00f6nz\u00f6tt munkaer\u0151t, de sok esetben a saj\u00e1t \u00e1llom\u00e1nyb\u00f3l is, hogy val\u00f3ban a legjobbakat tarts\u00e1k meg. \u201dA min\u0151s\u00e9gi munkaer\u0151 megtart\u00e1sa garanci\u00e1t jelent az \u00fajrakezd\u00e9shez. A legnagyobb atipikus HR-szolg\u00e1ltat\u00f3k m\u00e1r n\u00e9gy-\u00f6t gazdas\u00e1gi visszaes\u00e9st \u00e9s n\u00f6veked\u00e9st \u00e9ltek meg, s tapasztalt\u00e1k, akkor siker\u00fcl nyertesen kiker\u00fclni egy v\u00e1ls\u00e1ghelyzetb\u0151l, ha \u00e1tmentik a bizony\u00edtottan j\u00f3l k\u00e9pzett, motiv\u00e1lhat\u00f3 munkat\u00e1rsakat, akik az atipikus foglalkoztat\u00e1si form\u00e1t saj\u00e1t szem\u00e9ly\u00fck\u00f6n kereszt\u00fcl is n\u00e9pszer\u0171s\u00edtik. \u201eFeladatunk \u00e9s felel\u0151ss\u00e9g\u00fcnk is volt a koronav\u00edrus-j\u00e1rv\u00e1nyt megel\u0151z\u0151en is a k\u00f6lcs\u00f6nz\u00f6tt dolgoz\u00f3inkkal val\u00f3 rendszeres kapcsolattart\u00e1s, de a j\u00e1rv\u00e1ny id\u0151szaka alatt m\u00e9g fontosabbnak bizonyult a bels\u0151 kommunik\u00e1ci\u00f3\u201d &#8211; mondta el az MMOSZ eln\u00f6ke.<\/p>\n<p>Forr\u00e1s: hrportal.hu<\/p>\n","protected":false},"excerpt":{"rendered":"<p>Fellend\u00fcl\u0151ben van a munkaer\u0151piac, \u00e9letre kezdenek kapni a c\u00e9gek, amelyek a j\u00e1rv\u00e1ny ideje alatt neh\u00e9z helyzetbe ker\u00fcltek. \u00a0A koronav\u00edrus j\u00e1rv\u00e1ny ideje alatt le\u00e9p\u00edtett munkaer\u0151 fokozatos visszav\u00e9tele elkezd\u0151d\u00f6tt. A korm\u00e1nyok \u00e9s a vil\u00e1g vezet\u0151 v\u00e1llalatai is k\u00e9sz\u00fclnek a k\u00f6vetkez\u0151 hull\u00e1mra, mely m\u00e1r nem \u00e9ri v\u00e1ratlanul \u0151ket. A j\u00e1rv\u00e1ny bizonyos hat\u00e1sait, mint p\u00e9ld\u00e1ul a home office-t, alkalmazkodva [&hellip;]<\/p>\n","protected":false},"author":1,"featured_media":4124,"comment_status":"open","ping_status":"open","sticky":false,"template":"","format":"standard","meta":{"_monsterinsights_skip_tracking":false,"footnotes":""},"categories":[200],"tags":[],"class_list":["post-4221","post","type-post","status-publish","format-standard","has-post-thumbnail","hentry","category-munkaeropiac"],"aioseo_notices":[],"aioseo_head":"\n\t\t<!-- All in One SEO 5.0.0.1 - aioseo.com -->\n\t<meta name=\"description\" content=\"Fellend\u00fcl\u0151ben van a munkaer\u0151piac, \u00e9letre kezdenek kapni a c\u00e9gek, amelyek a j\u00e1rv\u00e1ny ideje alatt neh\u00e9z helyzetbe ker\u00fcltek. A koronav\u00edrus j\u00e1rv\u00e1ny ideje alatt le\u00e9p\u00edtett munkaer\u0151 fokozatos visszav\u00e9tele elkezd\u0151d\u00f6tt. A korm\u00e1nyok \u00e9s a vil\u00e1g vezet\u0151 v\u00e1llalatai is k\u00e9sz\u00fclnek a k\u00f6vetkez\u0151 hull\u00e1mra, mely m\u00e1r nem \u00e9ri v\u00e1ratlanul \u0151ket. A j\u00e1rv\u00e1ny bizonyos hat\u00e1sait, mint p\u00e9ld\u00e1ul a home office-t, alkalmazkodva\" \/>\n\t<meta name=\"robots\" content=\"max-image-preview:large\" \/>\n\t<meta name=\"author\" content=\"Juh\u00e1sz P\u00e9ter\"\/>\n\t<link rel=\"canonical\" href=\"https:\/\/allasorias.hu\/hirek\/egyre-tobb-a-munkaero-kolcsonzes\/\" \/>\n\t<meta name=\"generator\" content=\"All in One SEO (AIOSEO) 5.0.0.1\" \/>\n\t\t<meta property=\"og:locale\" content=\"hu_HU\" \/>\n\t\t<meta property=\"og:site_name\" content=\"AllasOrias.hu | H\u00edrek-lapszemle | \u00dczleti h\u00edrek az \u00e1ll\u00e1s \u00e9s a munka vil\u00e1g\u00e1b\u00f3l\" \/>\n\t\t<meta property=\"og:type\" content=\"article\" \/>\n\t\t<meta property=\"og:title\" content=\"Egyre t\u00f6bb a munkaer\u0151 k\u00f6lcs\u00f6nz\u00e9s | AllasOrias.hu | H\u00edrek-lapszemle\" \/>\n\t\t<meta property=\"og:description\" content=\"Fellend\u00fcl\u0151ben van a munkaer\u0151piac, \u00e9letre kezdenek kapni a c\u00e9gek, amelyek a j\u00e1rv\u00e1ny ideje alatt neh\u00e9z helyzetbe ker\u00fcltek. A koronav\u00edrus j\u00e1rv\u00e1ny ideje alatt le\u00e9p\u00edtett munkaer\u0151 fokozatos visszav\u00e9tele elkezd\u0151d\u00f6tt. A korm\u00e1nyok \u00e9s a vil\u00e1g vezet\u0151 v\u00e1llalatai is k\u00e9sz\u00fclnek a k\u00f6vetkez\u0151 hull\u00e1mra, mely m\u00e1r nem \u00e9ri v\u00e1ratlanul \u0151ket. A j\u00e1rv\u00e1ny bizonyos hat\u00e1sait, mint p\u00e9ld\u00e1ul a home office-t, alkalmazkodva\" \/>\n\t\t<meta property=\"og:url\" content=\"https:\/\/allasorias.hu\/hirek\/egyre-tobb-a-munkaero-kolcsonzes\/\" \/>\n\t\t<meta property=\"og:image\" content=\"https:\/\/allasorias.hu\/hirek\/wp-content\/uploads\/2020\/07\/OE5MJV0.jpg\" \/>\n\t\t<meta property=\"og:image:secure_url\" content=\"https:\/\/allasorias.hu\/hirek\/wp-content\/uploads\/2020\/07\/OE5MJV0.jpg\" \/>\n\t\t<meta property=\"og:image:width\" content=\"1280\" \/>\n\t\t<meta property=\"og:image:height\" content=\"896\" \/>\n\t\t<meta property=\"article:published_time\" content=\"2020-09-02T07:04:11+00:00\" \/>\n\t\t<meta property=\"article:modified_time\" content=\"2020-09-02T07:04:11+00:00\" \/>\n\t\t<meta property=\"article:publisher\" content=\"https:\/\/www.facebook.com\/allasorias\" \/>\n\t\t<meta name=\"twitter:card\" content=\"summary_large_image\" \/>\n\t\t<meta name=\"twitter:title\" content=\"Egyre t\u00f6bb a munkaer\u0151 k\u00f6lcs\u00f6nz\u00e9s | AllasOrias.hu | H\u00edrek-lapszemle\" \/>\n\t\t<meta name=\"twitter:description\" content=\"Fellend\u00fcl\u0151ben van a munkaer\u0151piac, \u00e9letre kezdenek kapni a c\u00e9gek, amelyek a j\u00e1rv\u00e1ny ideje alatt neh\u00e9z helyzetbe ker\u00fcltek. A koronav\u00edrus j\u00e1rv\u00e1ny ideje alatt le\u00e9p\u00edtett munkaer\u0151 fokozatos visszav\u00e9tele elkezd\u0151d\u00f6tt. A korm\u00e1nyok \u00e9s a vil\u00e1g vezet\u0151 v\u00e1llalatai is k\u00e9sz\u00fclnek a k\u00f6vetkez\u0151 hull\u00e1mra, mely m\u00e1r nem \u00e9ri v\u00e1ratlanul \u0151ket. A j\u00e1rv\u00e1ny bizonyos hat\u00e1sait, mint p\u00e9ld\u00e1ul a home office-t, alkalmazkodva\" \/>\n\t\t<meta name=\"twitter:image\" content=\"https:\/\/allasorias.hu\/hirek\/wp-content\/uploads\/2020\/07\/OE5MJV0.jpg\" \/>\n\t\t<meta name=\"twitter:label1\" content=\"Written by\" \/>\n\t\t<meta name=\"twitter:data1\" content=\"Juh\u00e1sz P\u00e9ter\" \/>\n\t\t<meta name=\"twitter:label2\" content=\"Est. reading time\" \/>\n\t\t<meta name=\"twitter:data2\" content=\"2 minutes\" \/>\n\t\t<script type=\"application\/ld+json\" class=\"aioseo-schema\">\n\t\t\t{\"@context\":\"https:\\\/\\\/schema.org\",\"@graph\":[{\"@type\":\"Article\",\"@id\":\"https:\\\/\\\/allasorias.hu\\\/hirek\\\/egyre-tobb-a-munkaero-kolcsonzes\\\/#article\",\"name\":\"Egyre t\\u00f6bb a munkaer\\u0151 k\\u00f6lcs\\u00f6nz\\u00e9s | AllasOrias.hu | H\\u00edrek-lapszemle\",\"headline\":\"Egyre t\\u00f6bb  a munkaer\\u0151 k\\u00f6lcs\\u00f6nz\\u00e9s\",\"author\":{\"@id\":\"https:\\\/\\\/allasorias.hu\\\/hirek\\\/author\\\/admin-allasorias\\\/#author\"},\"publisher\":{\"@id\":\"https:\\\/\\\/allasorias.hu\\\/hirek\\\/#organization\"},\"image\":{\"@type\":\"ImageObject\",\"url\":\"https:\\\/\\\/allasorias.hu\\\/hirek\\\/wp-content\\\/uploads\\\/2020\\\/07\\\/OE5MJV0.jpg\",\"width\":1280,\"height\":896,\"caption\":\"magnifying lens over teamwork series with leader\"},\"datePublished\":\"2020-09-02T07:04:11+02:00\",\"dateModified\":\"2020-09-02T07:04:11+02:00\",\"inLanguage\":\"hu-HU\",\"mainEntityOfPage\":{\"@id\":\"https:\\\/\\\/allasorias.hu\\\/hirek\\\/egyre-tobb-a-munkaero-kolcsonzes\\\/#webpage\"},\"isPartOf\":{\"@id\":\"https:\\\/\\\/allasorias.hu\\\/hirek\\\/egyre-tobb-a-munkaero-kolcsonzes\\\/#webpage\"},\"articleSection\":\"Munkaer\\u0151piac\"},{\"@type\":\"BreadcrumbList\",\"@id\":\"https:\\\/\\\/allasorias.hu\\\/hirek\\\/egyre-tobb-a-munkaero-kolcsonzes\\\/#breadcrumblist\",\"itemListElement\":[{\"@type\":\"ListItem\",\"@id\":\"https:\\\/\\\/allasorias.hu\\\/hirek#listItem\",\"position\":1,\"name\":\"Home\",\"item\":\"https:\\\/\\\/allasorias.hu\\\/hirek\",\"nextItem\":{\"@type\":\"ListItem\",\"@id\":\"https:\\\/\\\/allasorias.hu\\\/hirek\\\/temak\\\/munkaeropiac\\\/#listItem\",\"name\":\"Munkaer\\u0151piac\"}},{\"@type\":\"ListItem\",\"@id\":\"https:\\\/\\\/allasorias.hu\\\/hirek\\\/temak\\\/munkaeropiac\\\/#listItem\",\"position\":2,\"name\":\"Munkaer\\u0151piac\",\"item\":\"https:\\\/\\\/allasorias.hu\\\/hirek\\\/temak\\\/munkaeropiac\\\/\",\"nextItem\":{\"@type\":\"ListItem\",\"@id\":\"https:\\\/\\\/allasorias.hu\\\/hirek\\\/egyre-tobb-a-munkaero-kolcsonzes\\\/#listItem\",\"name\":\"Egyre t\\u00f6bb  a munkaer\\u0151 k\\u00f6lcs\\u00f6nz\\u00e9s\"},\"previousItem\":{\"@type\":\"ListItem\",\"@id\":\"https:\\\/\\\/allasorias.hu\\\/hirek#listItem\",\"name\":\"Home\"}},{\"@type\":\"ListItem\",\"@id\":\"https:\\\/\\\/allasorias.hu\\\/hirek\\\/egyre-tobb-a-munkaero-kolcsonzes\\\/#listItem\",\"position\":3,\"name\":\"Egyre t\\u00f6bb  a munkaer\\u0151 k\\u00f6lcs\\u00f6nz\\u00e9s\",\"previousItem\":{\"@type\":\"ListItem\",\"@id\":\"https:\\\/\\\/allasorias.hu\\\/hirek\\\/temak\\\/munkaeropiac\\\/#listItem\",\"name\":\"Munkaer\\u0151piac\"}}]},{\"@type\":\"Organization\",\"@id\":\"https:\\\/\\\/allasorias.hu\\\/hirek\\\/#organization\",\"name\":\"AllasOrias.hu | H\\u00edrek-lapszemle\",\"description\":\"\\u00dczleti h\\u00edrek az \\u00e1ll\\u00e1s \\u00e9s a munka vil\\u00e1g\\u00e1b\\u00f3l\",\"url\":\"https:\\\/\\\/allasorias.hu\\\/hirek\\\/\",\"logo\":{\"@type\":\"ImageObject\",\"url\":\"https:\\\/\\\/allasorias.hu\\\/hirek\\\/wp-content\\\/uploads\\\/2022\\\/10\\\/allasorias_site_facebok_logo.png\",\"@id\":\"https:\\\/\\\/allasorias.hu\\\/hirek\\\/egyre-tobb-a-munkaero-kolcsonzes\\\/#organizationLogo\"},\"image\":{\"@id\":\"https:\\\/\\\/allasorias.hu\\\/hirek\\\/egyre-tobb-a-munkaero-kolcsonzes\\\/#organizationLogo\"},\"sameAs\":[\"https:\\\/\\\/www.facebook.com\\\/allasorias\",\"https:\\\/\\\/www.linkedin.com\\\/company\\\/allasorias\"]},{\"@type\":\"Person\",\"@id\":\"https:\\\/\\\/allasorias.hu\\\/hirek\\\/author\\\/admin-allasorias\\\/#author\",\"url\":\"https:\\\/\\\/allasorias.hu\\\/hirek\\\/author\\\/admin-allasorias\\\/\",\"name\":\"Juh\\u00e1sz P\\u00e9ter\",\"image\":{\"@type\":\"ImageObject\",\"@id\":\"https:\\\/\\\/allasorias.hu\\\/hirek\\\/egyre-tobb-a-munkaero-kolcsonzes\\\/#authorImage\",\"url\":\"https:\\\/\\\/secure.gravatar.com\\\/avatar\\\/36e6bcb83148978b992977cb0f54d22feb0cce8a0a849a9410532bb2623ba4c6?s=96&d=mm&r=g\",\"width\":96,\"height\":96,\"caption\":\"Juh\\u00e1sz P\\u00e9ter\"}},{\"@type\":\"WebPage\",\"@id\":\"https:\\\/\\\/allasorias.hu\\\/hirek\\\/egyre-tobb-a-munkaero-kolcsonzes\\\/#webpage\",\"url\":\"https:\\\/\\\/allasorias.hu\\\/hirek\\\/egyre-tobb-a-munkaero-kolcsonzes\\\/\",\"name\":\"Egyre t\\u00f6bb a munkaer\\u0151 k\\u00f6lcs\\u00f6nz\\u00e9s | AllasOrias.hu | H\\u00edrek-lapszemle\",\"description\":\"Fellend\\u00fcl\\u0151ben van a munkaer\\u0151piac, \\u00e9letre kezdenek kapni a c\\u00e9gek, amelyek a j\\u00e1rv\\u00e1ny ideje alatt neh\\u00e9z helyzetbe ker\\u00fcltek. A koronav\\u00edrus j\\u00e1rv\\u00e1ny ideje alatt le\\u00e9p\\u00edtett munkaer\\u0151 fokozatos visszav\\u00e9tele elkezd\\u0151d\\u00f6tt. A korm\\u00e1nyok \\u00e9s a vil\\u00e1g vezet\\u0151 v\\u00e1llalatai is k\\u00e9sz\\u00fclnek a k\\u00f6vetkez\\u0151 hull\\u00e1mra, mely m\\u00e1r nem \\u00e9ri v\\u00e1ratlanul \\u0151ket. A j\\u00e1rv\\u00e1ny bizonyos hat\\u00e1sait, mint p\\u00e9ld\\u00e1ul a home office-t, alkalmazkodva\",\"inLanguage\":\"hu-HU\",\"isPartOf\":{\"@id\":\"https:\\\/\\\/allasorias.hu\\\/hirek\\\/#website\"},\"breadcrumb\":{\"@id\":\"https:\\\/\\\/allasorias.hu\\\/hirek\\\/egyre-tobb-a-munkaero-kolcsonzes\\\/#breadcrumblist\"},\"author\":{\"@id\":\"https:\\\/\\\/allasorias.hu\\\/hirek\\\/author\\\/admin-allasorias\\\/#author\"},\"creator\":{\"@id\":\"https:\\\/\\\/allasorias.hu\\\/hirek\\\/author\\\/admin-allasorias\\\/#author\"},\"image\":{\"@type\":\"ImageObject\",\"url\":\"https:\\\/\\\/allasorias.hu\\\/hirek\\\/wp-content\\\/uploads\\\/2020\\\/07\\\/OE5MJV0.jpg\",\"@id\":\"https:\\\/\\\/allasorias.hu\\\/hirek\\\/egyre-tobb-a-munkaero-kolcsonzes\\\/#mainImage\",\"width\":1280,\"height\":896,\"caption\":\"magnifying lens over teamwork series with leader\"},\"primaryImageOfPage\":{\"@id\":\"https:\\\/\\\/allasorias.hu\\\/hirek\\\/egyre-tobb-a-munkaero-kolcsonzes\\\/#mainImage\"},\"datePublished\":\"2020-09-02T07:04:11+02:00\",\"dateModified\":\"2020-09-02T07:04:11+02:00\"},{\"@type\":\"WebSite\",\"@id\":\"https:\\\/\\\/allasorias.hu\\\/hirek\\\/#website\",\"url\":\"https:\\\/\\\/allasorias.hu\\\/hirek\\\/\",\"name\":\"AllasOrias.hu | H\\u00edrek-lapszemle\",\"description\":\"\\u00dczleti h\\u00edrek az \\u00e1ll\\u00e1s \\u00e9s a munka vil\\u00e1g\\u00e1b\\u00f3l\",\"inLanguage\":\"hu-HU\",\"publisher\":{\"@id\":\"https:\\\/\\\/allasorias.hu\\\/hirek\\\/#organization\"}}]}\n\t\t<\/script>\n\t\t<!-- All in One SEO -->\n\n","aioseo_head_json":{"title":"Egyre t\u00f6bb a munkaer\u0151 k\u00f6lcs\u00f6nz\u00e9s | AllasOrias.hu | H\u00edrek-lapszemle","description":"Fellend\u00fcl\u0151ben van a munkaer\u0151piac, \u00e9letre kezdenek kapni a c\u00e9gek, amelyek a j\u00e1rv\u00e1ny ideje alatt neh\u00e9z helyzetbe ker\u00fcltek. A koronav\u00edrus j\u00e1rv\u00e1ny ideje alatt le\u00e9p\u00edtett munkaer\u0151 fokozatos visszav\u00e9tele elkezd\u0151d\u00f6tt. A korm\u00e1nyok \u00e9s a vil\u00e1g vezet\u0151 v\u00e1llalatai is k\u00e9sz\u00fclnek a k\u00f6vetkez\u0151 hull\u00e1mra, mely m\u00e1r nem \u00e9ri v\u00e1ratlanul \u0151ket. A j\u00e1rv\u00e1ny bizonyos hat\u00e1sait, mint p\u00e9ld\u00e1ul a home office-t, alkalmazkodva","canonical_url":"https:\/\/allasorias.hu\/hirek\/egyre-tobb-a-munkaero-kolcsonzes\/","robots":"max-image-preview:large","keywords":"","webmasterTools":{"miscellaneous":""},"schema":{"@context":"https:\/\/schema.org","@graph":[{"@type":"Article","@id":"https:\/\/allasorias.hu\/hirek\/egyre-tobb-a-munkaero-kolcsonzes\/#article","name":"Egyre t\u00f6bb a munkaer\u0151 k\u00f6lcs\u00f6nz\u00e9s | AllasOrias.hu | H\u00edrek-lapszemle","headline":"Egyre t\u00f6bb  a munkaer\u0151 k\u00f6lcs\u00f6nz\u00e9s","author":{"@id":"https:\/\/allasorias.hu\/hirek\/author\/admin-allasorias\/#author"},"publisher":{"@id":"https:\/\/allasorias.hu\/hirek\/#organization"},"image":{"@type":"ImageObject","url":"https:\/\/allasorias.hu\/hirek\/wp-content\/uploads\/2020\/07\/OE5MJV0.jpg","width":1280,"height":896,"caption":"magnifying lens over teamwork series with leader"},"datePublished":"2020-09-02T07:04:11+02:00","dateModified":"2020-09-02T07:04:11+02:00","inLanguage":"hu-HU","mainEntityOfPage":{"@id":"https:\/\/allasorias.hu\/hirek\/egyre-tobb-a-munkaero-kolcsonzes\/#webpage"},"isPartOf":{"@id":"https:\/\/allasorias.hu\/hirek\/egyre-tobb-a-munkaero-kolcsonzes\/#webpage"},"articleSection":"Munkaer\u0151piac"},{"@type":"BreadcrumbList","@id":"https:\/\/allasorias.hu\/hirek\/egyre-tobb-a-munkaero-kolcsonzes\/#breadcrumblist","itemListElement":[{"@type":"ListItem","@id":"https:\/\/allasorias.hu\/hirek#listItem","position":1,"name":"Home","item":"https:\/\/allasorias.hu\/hirek","nextItem":{"@type":"ListItem","@id":"https:\/\/allasorias.hu\/hirek\/temak\/munkaeropiac\/#listItem","name":"Munkaer\u0151piac"}},{"@type":"ListItem","@id":"https:\/\/allasorias.hu\/hirek\/temak\/munkaeropiac\/#listItem","position":2,"name":"Munkaer\u0151piac","item":"https:\/\/allasorias.hu\/hirek\/temak\/munkaeropiac\/","nextItem":{"@type":"ListItem","@id":"https:\/\/allasorias.hu\/hirek\/egyre-tobb-a-munkaero-kolcsonzes\/#listItem","name":"Egyre t\u00f6bb  a munkaer\u0151 k\u00f6lcs\u00f6nz\u00e9s"},"previousItem":{"@type":"ListItem","@id":"https:\/\/allasorias.hu\/hirek#listItem","name":"Home"}},{"@type":"ListItem","@id":"https:\/\/allasorias.hu\/hirek\/egyre-tobb-a-munkaero-kolcsonzes\/#listItem","position":3,"name":"Egyre t\u00f6bb  a munkaer\u0151 k\u00f6lcs\u00f6nz\u00e9s","previousItem":{"@type":"ListItem","@id":"https:\/\/allasorias.hu\/hirek\/temak\/munkaeropiac\/#listItem","name":"Munkaer\u0151piac"}}]},{"@type":"Organization","@id":"https:\/\/allasorias.hu\/hirek\/#organization","name":"AllasOrias.hu | H\u00edrek-lapszemle","description":"\u00dczleti h\u00edrek az \u00e1ll\u00e1s \u00e9s a munka vil\u00e1g\u00e1b\u00f3l","url":"https:\/\/allasorias.hu\/hirek\/","logo":{"@type":"ImageObject","url":"https:\/\/allasorias.hu\/hirek\/wp-content\/uploads\/2022\/10\/allasorias_site_facebok_logo.png","@id":"https:\/\/allasorias.hu\/hirek\/egyre-tobb-a-munkaero-kolcsonzes\/#organizationLogo"},"image":{"@id":"https:\/\/allasorias.hu\/hirek\/egyre-tobb-a-munkaero-kolcsonzes\/#organizationLogo"},"sameAs":["https:\/\/www.facebook.com\/allasorias","https:\/\/www.linkedin.com\/company\/allasorias"]},{"@type":"Person","@id":"https:\/\/allasorias.hu\/hirek\/author\/admin-allasorias\/#author","url":"https:\/\/allasorias.hu\/hirek\/author\/admin-allasorias\/","name":"Juh\u00e1sz P\u00e9ter","image":{"@type":"ImageObject","@id":"https:\/\/allasorias.hu\/hirek\/egyre-tobb-a-munkaero-kolcsonzes\/#authorImage","url":"https:\/\/secure.gravatar.com\/avatar\/36e6bcb83148978b992977cb0f54d22feb0cce8a0a849a9410532bb2623ba4c6?s=96&d=mm&r=g","width":96,"height":96,"caption":"Juh\u00e1sz P\u00e9ter"}},{"@type":"WebPage","@id":"https:\/\/allasorias.hu\/hirek\/egyre-tobb-a-munkaero-kolcsonzes\/#webpage","url":"https:\/\/allasorias.hu\/hirek\/egyre-tobb-a-munkaero-kolcsonzes\/","name":"Egyre t\u00f6bb a munkaer\u0151 k\u00f6lcs\u00f6nz\u00e9s | AllasOrias.hu | H\u00edrek-lapszemle","description":"Fellend\u00fcl\u0151ben van a munkaer\u0151piac, \u00e9letre kezdenek kapni a c\u00e9gek, amelyek a j\u00e1rv\u00e1ny ideje alatt neh\u00e9z helyzetbe ker\u00fcltek. A koronav\u00edrus j\u00e1rv\u00e1ny ideje alatt le\u00e9p\u00edtett munkaer\u0151 fokozatos visszav\u00e9tele elkezd\u0151d\u00f6tt. A korm\u00e1nyok \u00e9s a vil\u00e1g vezet\u0151 v\u00e1llalatai is k\u00e9sz\u00fclnek a k\u00f6vetkez\u0151 hull\u00e1mra, mely m\u00e1r nem \u00e9ri v\u00e1ratlanul \u0151ket. A j\u00e1rv\u00e1ny bizonyos hat\u00e1sait, mint p\u00e9ld\u00e1ul a home office-t, alkalmazkodva","inLanguage":"hu-HU","isPartOf":{"@id":"https:\/\/allasorias.hu\/hirek\/#website"},"breadcrumb":{"@id":"https:\/\/allasorias.hu\/hirek\/egyre-tobb-a-munkaero-kolcsonzes\/#breadcrumblist"},"author":{"@id":"https:\/\/allasorias.hu\/hirek\/author\/admin-allasorias\/#author"},"creator":{"@id":"https:\/\/allasorias.hu\/hirek\/author\/admin-allasorias\/#author"},"image":{"@type":"ImageObject","url":"https:\/\/allasorias.hu\/hirek\/wp-content\/uploads\/2020\/07\/OE5MJV0.jpg","@id":"https:\/\/allasorias.hu\/hirek\/egyre-tobb-a-munkaero-kolcsonzes\/#mainImage","width":1280,"height":896,"caption":"magnifying lens over teamwork series with leader"},"primaryImageOfPage":{"@id":"https:\/\/allasorias.hu\/hirek\/egyre-tobb-a-munkaero-kolcsonzes\/#mainImage"},"datePublished":"2020-09-02T07:04:11+02:00","dateModified":"2020-09-02T07:04:11+02:00"},{"@type":"WebSite","@id":"https:\/\/allasorias.hu\/hirek\/#website","url":"https:\/\/allasorias.hu\/hirek\/","name":"AllasOrias.hu | H\u00edrek-lapszemle","description":"\u00dczleti h\u00edrek az \u00e1ll\u00e1s \u00e9s a munka vil\u00e1g\u00e1b\u00f3l","inLanguage":"hu-HU","publisher":{"@id":"https:\/\/allasorias.hu\/hirek\/#organization"}}]},"og:locale":"hu_HU","og:site_name":"AllasOrias.hu | H\u00edrek-lapszemle | \u00dczleti h\u00edrek az \u00e1ll\u00e1s \u00e9s a munka vil\u00e1g\u00e1b\u00f3l","og:type":"article","og:title":"Egyre t\u00f6bb a munkaer\u0151 k\u00f6lcs\u00f6nz\u00e9s | AllasOrias.hu | H\u00edrek-lapszemle","og:description":"Fellend\u00fcl\u0151ben van a munkaer\u0151piac, \u00e9letre kezdenek kapni a c\u00e9gek, amelyek a j\u00e1rv\u00e1ny ideje alatt neh\u00e9z helyzetbe ker\u00fcltek. A koronav\u00edrus j\u00e1rv\u00e1ny ideje alatt le\u00e9p\u00edtett munkaer\u0151 fokozatos visszav\u00e9tele elkezd\u0151d\u00f6tt. A korm\u00e1nyok \u00e9s a vil\u00e1g vezet\u0151 v\u00e1llalatai is k\u00e9sz\u00fclnek a k\u00f6vetkez\u0151 hull\u00e1mra, mely m\u00e1r nem \u00e9ri v\u00e1ratlanul \u0151ket. A j\u00e1rv\u00e1ny bizonyos hat\u00e1sait, mint p\u00e9ld\u00e1ul a home office-t, alkalmazkodva","og:url":"https:\/\/allasorias.hu\/hirek\/egyre-tobb-a-munkaero-kolcsonzes\/","og:image":"https:\/\/allasorias.hu\/hirek\/wp-content\/uploads\/2020\/07\/OE5MJV0.jpg","og:image:secure_url":"https:\/\/allasorias.hu\/hirek\/wp-content\/uploads\/2020\/07\/OE5MJV0.jpg","og:image:width":1280,"og:image:height":896,"article:published_time":"2020-09-02T07:04:11+00:00","article:modified_time":"2020-09-02T07:04:11+00:00","article:publisher":"https:\/\/www.facebook.com\/allasorias","twitter:card":"summary_large_image","twitter:title":"Egyre t\u00f6bb a munkaer\u0151 k\u00f6lcs\u00f6nz\u00e9s | AllasOrias.hu | H\u00edrek-lapszemle","twitter:description":"Fellend\u00fcl\u0151ben van a munkaer\u0151piac, \u00e9letre kezdenek kapni a c\u00e9gek, amelyek a j\u00e1rv\u00e1ny ideje alatt neh\u00e9z helyzetbe ker\u00fcltek. A koronav\u00edrus j\u00e1rv\u00e1ny ideje alatt le\u00e9p\u00edtett munkaer\u0151 fokozatos visszav\u00e9tele elkezd\u0151d\u00f6tt. A korm\u00e1nyok \u00e9s a vil\u00e1g vezet\u0151 v\u00e1llalatai is k\u00e9sz\u00fclnek a k\u00f6vetkez\u0151 hull\u00e1mra, mely m\u00e1r nem \u00e9ri v\u00e1ratlanul \u0151ket. A j\u00e1rv\u00e1ny bizonyos hat\u00e1sait, mint p\u00e9ld\u00e1ul a home office-t, alkalmazkodva","twitter:image":"https:\/\/allasorias.hu\/hirek\/wp-content\/uploads\/2020\/07\/OE5MJV0.jpg","twitter:label1":"Written by","twitter:data1":"Juh\u00e1sz P\u00e9ter","twitter:label2":"Est. reading time","twitter:data2":"2 minutes"},"aioseo_meta_data":{"post_id":"4221","title":null,"description":"","keywords":"","keyphrases":null,"primary_term":null,"canonical_url":"","og_title":null,"og_description":null,"og_object_type":"default","og_image_type":"default","og_image_url":null,"og_image_width":null,"og_image_height":null,"og_image_custom_url":null,"og_image_custom_fields":null,"og_video":null,"og_custom_url":null,"og_article_section":null,"og_article_tags":null,"twitter_use_og":false,"twitter_card":"default","twitter_image_type":"default","twitter_image_url":null,"twitter_image_custom_url":null,"twitter_image_custom_fields":null,"twitter_title":null,"twitter_description":null,"schema":{"blockGraphs":[],"customGraphs":[],"default":{"data":{"Article":[],"Course":[],"Dataset":[],"FAQPage":[],"Movie":[],"Person":[],"Product":[],"ProductReview":[],"Car":[],"Recipe":[],"Service":[],"SoftwareApplication":[],"WebPage":[]},"graphName":"","isEnabled":true},"graphs":[],"defaultGraph":"","defaultPostTypeGraph":""},"schema_type":null,"schema_type_options":null,"pillar_content":false,"robots_default":true,"robots_noindex":false,"robots_noarchive":false,"robots_nosnippet":false,"robots_nofollow":false,"robots_noimageindex":false,"robots_noodp":false,"robots_notranslate":false,"robots_max_snippet":null,"robots_max_videopreview":null,"robots_max_imagepreview":"large","priority":null,"frequency":null,"location":null,"local_seo":null,"breadcrumb_settings":null,"limit_modified_date":false,"ai":null,"created":"2021-02-01 20:46:57","updated":"2025-10-02 14:40:20","seo_analyzer_scan_date":null,"focus_keyword":null,"additional_keywords":null,"truseo_locale":null},"aioseo_breadcrumb":"<div class=\"aioseo-breadcrumbs\"><span class=\"aioseo-breadcrumb\">\n\t\t\t<a href=\"https:\/\/allasorias.hu\/hirek\" title=\"Home\">Home<\/a>\n\t\t<\/span><span class=\"aioseo-breadcrumb-separator\">&raquo;<\/span><span class=\"aioseo-breadcrumb\">\n\t\t\t<a href=\"https:\/\/allasorias.hu\/hirek\/temak\/munkaeropiac\/\" title=\"Munkaer\u0151piac\">Munkaer\u0151piac<\/a>\n\t\t<\/span><span class=\"aioseo-breadcrumb-separator\">&raquo;<\/span><span class=\"aioseo-breadcrumb\">\n\t\t\tEgyre t\u00f6bb  a munkaer\u0151 k\u00f6lcs\u00f6nz\u00e9s\n\t\t<\/span><\/div>","aioseo_breadcrumb_json":[{"label":"Home","link":"https:\/\/allasorias.hu\/hirek"},{"label":"Munkaer\u0151piac","link":"https:\/\/allasorias.hu\/hirek\/temak\/munkaeropiac\/"},{"label":"Egyre t\u00f6bb  a munkaer\u0151 k\u00f6lcs\u00f6nz\u00e9s","link":"https:\/\/allasorias.hu\/hirek\/egyre-tobb-a-munkaero-kolcsonzes\/"}],"_links":{"self":[{"href":"https:\/\/allasorias.hu\/hirek\/wp-json\/wp\/v2\/posts\/4221","targetHints":{"allow":["GET"]}}],"collection":[{"href":"https:\/\/allasorias.hu\/hirek\/wp-json\/wp\/v2\/posts"}],"about":[{"href":"https:\/\/allasorias.hu\/hirek\/wp-json\/wp\/v2\/types\/post"}],"author":[{"embeddable":true,"href":"https:\/\/allasorias.hu\/hirek\/wp-json\/wp\/v2\/users\/1"}],"replies":[{"embeddable":true,"href":"https:\/\/allasorias.hu\/hirek\/wp-json\/wp\/v2\/comments?post=4221"}],"version-history":[{"count":1,"href":"https:\/\/allasorias.hu\/hirek\/wp-json\/wp\/v2\/posts\/4221\/revisions"}],"predecessor-version":[{"id":4222,"href":"https:\/\/allasorias.hu\/hirek\/wp-json\/wp\/v2\/posts\/4221\/revisions\/4222"}],"wp:featuredmedia":[{"embeddable":true,"href":"https:\/\/allasorias.hu\/hirek\/wp-json\/wp\/v2\/media\/4124"}],"wp:attachment":[{"href":"https:\/\/allasorias.hu\/hirek\/wp-json\/wp\/v2\/media?parent=4221"}],"wp:term":[{"taxonomy":"category","embeddable":true,"href":"https:\/\/allasorias.hu\/hirek\/wp-json\/wp\/v2\/categories?post=4221"},{"taxonomy":"post_tag","embeddable":true,"href":"https:\/\/allasorias.hu\/hirek\/wp-json\/wp\/v2\/tags?post=4221"}],"curies":[{"name":"wp","href":"https:\/\/api.w.org\/{rel}","templated":true}]}}