{"id":4219,"date":"2020-09-01T06:58:43","date_gmt":"2020-09-01T06:58:43","guid":{"rendered":"https:\/\/allasorias.hu\/hirek\/?p=4219"},"modified":"2020-09-01T06:58:43","modified_gmt":"2020-09-01T06:58:43","slug":"sokan-veszitettek-el-allasukat","status":"publish","type":"post","link":"https:\/\/allasorias.hu\/hirek\/sokan-veszitettek-el-allasukat\/","title":{"rendered":"Sokan vesz\u00edtett\u00e9k el \u00e1ll\u00e1sukat"},"content":{"rendered":"<p><strong>Augusztus v\u00e9g\u00e9re sokan vesz\u00edtett\u00e9k el \u00e1ll\u00e1sukat, k\u00f6zt\u00fck sok n\u0151.\u00a0 A statisztikai adatok azt mutatj\u00e1k, hogy\u00a0 a frissen elbocs\u00e1tottak majdnem k\u00e9tharmada \u00e9retts\u00e9gizett volt. Az id\u00e9n a m\u00e1jus\u2013j\u00faliusi id\u0151szakban a munkan\u00e9lk\u00fcliek \u00e1tlagos l\u00e9tsz\u00e1ma a KSH \u00e1ltal k\u00f6zz\u00e9tett adatok szerint 224 ezer f\u0151, a munkan\u00e9lk\u00fclis\u00e9gi r\u00e1ta 4,8 sz\u00e1zal\u00e9k volt. <\/strong><\/p>\n<p>A n\u0151k k\u00f6r\u00e9ben a munkan\u00e9lk\u00fclis\u00e9gi r\u00e1ta 5,1 sz\u00e1zal\u00e9kra emelkedett. Az id\u00e9n j\u00faliusban a KSH adatai szerint az el\u0151z\u0151 h\u00f3naphoz k\u00e9pest a munkan\u00e9lk\u00fcliek sz\u00e1ma 23 ezer f\u0151vel cs\u00f6kkent. Az egy \u00e9vvel kor\u00e1bbin\u00e1l 52 ezerrel volt magasabb az \u00e1ll\u00e1sn\u00e9lk\u00fcliek sz\u00e1ma. A Nemzeti Foglalkoztat\u00e1si Szolg\u00e1lat adatai szerint a nyilv\u00e1ntartott \u00e1ll\u00e1skeres\u0151k l\u00e9tsz\u00e1ma 366 ezer f\u0151 volt. A fiatalok helyzete sem t\u00fal r\u00f3zs\u00e1s. A 15\u201324 \u00e9ves munkan\u00e9lk\u00fcliek sz\u00e1ma 48 ezer f\u0151, munkan\u00e9lk\u00fclis\u00e9gi r\u00e1t\u00e1juk 15,1 sz\u00e1zal\u00e9k volt. A munkan\u00e9lk\u00fcliek t\u00f6bb mint \u00f6t\u00f6de \u2013 \u00e1llap\u00edtotta meg a KSH \u2013 ebb\u0151l a korcsoportb\u00f3l ker\u00fclt ki. A 25\u201354 \u00e9vesek (\u0151ket tartj\u00e1k a legjobb munkav\u00e1llal\u00e1si kor\u00faaknak) munkan\u00e9lk\u00fclis\u00e9gi r\u00e1t\u00e1ja 1,4 sz\u00e1zal\u00e9kponttal, 4,2 sz\u00e1zal\u00e9kra n\u0151tt, m\u00edg az 55\u201374 \u00e9vesek munkan\u00e9lk\u00fclis\u00e9gi r\u00e1t\u00e1ja 0,8 sz\u00e1zal\u00e9kponttal, 3,4 sz\u00e1zal\u00e9ka emelkedett. A munkan\u00e9lk\u00fclis\u00e9g \u00e1tlagos id\u0151tartama 9,0 h\u00f3nap volt, a munkan\u00e9lk\u00fcliek 22,9 sz\u00e1zal\u00e9ka keresett legal\u00e1bb egy \u00e9ve \u00e1ll\u00e1st, vagyis tart\u00f3san munkan\u00e9lk\u00fclinek sz\u00e1m\u00edtott. A KSH k\u00f6zz\u00e9tette azt is, hogy a m\u00e1sodik negyed\u00e9vben v\u00e9gzetts\u00e9g \u00e9s lak\u00f3hely szerint mik\u00e9nt alakult a munkan\u00e9lk\u00fcliek sz\u00e1ma. A r\u00e9szletes adatok \u2013 der\u00edtette ki az Az\u00e9np\u00e9nzem.hu \u2013 megd\u00f6bbent\u0151 m\u00f3don azt mutatj\u00e1k, hogy mik\u00f6zben a k\u00e9pzetlenek k\u00f6r\u00e9ben cs\u00f6kkent a munkan\u00e9lk\u00fcliek sz\u00e1ma, a frissen elbocs\u00e1tottak majdnem k\u00e9tharmada \u00e9retts\u00e9gizett volt. A k\u00e9p a lak\u00f3hely r\u00e9gi\u00f3ja szerint is meglehet\u0151sen meglep\u0151. Az adatokb\u00f3l ugyanis \u00fagy t\u0171nik, hogy mik\u00f6zben D\u00e9l-Dun\u00e1nt\u00falon kifejezetten kevesebb lett a munkan\u00e9lk\u00fcli, Budapesten \u00e9s Pest megy\u00e9ben hat\u00e1rozottan n\u0151tt a sz\u00e1muk. A frissen \u00e1ll\u00e1sukat veszt\u0151k k\u00f6zel fele ker\u00fcl ki az ut\u00f3bbi r\u00e9gi\u00f3kb\u00f3l. N\u00e9meth D\u00e1vid, a K&amp;H Bank vezet\u0151 elemz\u0151je szerint a munkan\u00e9lk\u00fclis\u00e9g j\u00f6v\u0151beni alakul\u00e1sa egyel\u0151re bizonytalan, mivel nem lehet l\u00e1tni, hogyan alakul a j\u00e1rv\u00e1ny, \u00e9s milyen hat\u00e1st gyakorol a gazdas\u00e1gra \u00e9s a munkaer\u0151piacra a m\u00e1sodik hull\u00e1m. Felh\u00edvta azonban a figyelmet arra is, hogy a munkan\u00e9lk\u00fclis\u00e9gi r\u00e1ta a m\u00falt \u00e9v utols\u00f3 negyed\u00e9v\u00e9ben m\u00e9rt 3,3 sz\u00e1zal\u00e9kos szintr\u0151l kezdett fokozatos emelked\u00e9sbe. Ha v\u00e9get \u00e9r a j\u00e1rv\u00e1ny, \u00e9s \u00fajra emelked\u0151re ker\u00fcl a magyar gazdas\u00e1g, akkor visszat\u00e9rhet a pand\u00e9mia el\u0151tti munkaer\u0151hi\u00e1ny Magyarorsz\u00e1gon \u2013 \u00e1ll\u00edtja az elemz\u0151. \u00dagy v\u00e9li ugyanis, hogy a magyar demogr\u00e1fiai helyzet nem v\u00e1ltozik, a munkak\u00e9pesek t\u00e1bor\u00e1b\u00f3l \u00e9vente t\u00f6bb 10 ezer ember esik ki. Ez pedig azt eredm\u00e9nyezheti, hogy nem biztos, hogy lesz elegend\u0151 munkaer\u0151 a j\u00e1rv\u00e1ny ut\u00e1ni fellend\u00fcl\u00e9shez. Mint hozz\u00e1tette: r\u00e1ad\u00e1sul, ha a koronav\u00edrus-j\u00e1rv\u00e1ny hat\u00e1s\u00e1ra a glob\u00e1lis besz\u00e1ll\u00edt\u00f3i l\u00e1ncok \u00e1talakulnak, \u00e9s nagyobb szerepet kapnak a helyi v\u00e1llalatok, akkor extra munkaer\u0151-keresletet jelenhet meg sz\u00e1mos orsz\u00e1gban, \u00edgy a magyar piacon is. Virov\u00e1cz P\u00e9ter, az ING bank vezet\u0151 elemz\u0151je az MTI-hez eljuttatott komment\u00e1rj\u00e1ban arra mutatott r\u00e1, hogy az adatok \u00e9rtelmez\u00e9se tov\u00e1bbra is neh\u00e9zkes, sok ellentmond\u00e1s tal\u00e1lhat\u00f3 az egyes adatforr\u00e1sokban. A 15-64 \u00e9ves koroszt\u00e1ly k\u00f6r\u00e9ben a m\u00e1jusi-j\u00faliusi id\u0151szakot lefed\u0151 munkan\u00e9lk\u00fclis\u00e9gi r\u00e1ta az el\u0151z\u0151 h\u00f3naphoz k\u00e9pest 0,2 sz\u00e1zal\u00e9kponttal 4,9 sz\u00e1zal\u00e9kra emelkedett, amire legut\u00f3bb 2016 k\u00f6zep\u00e9n volt p\u00e9lda. A vizsg\u00e1lt h\u00e1rom h\u00f3napban a KSH jelent\u00e9se szerint \u00e1tlagosan 223 ezren voltak munka n\u00e9lk\u00fcl, m\u00edg a Nemzeti Foglalkoztat\u00e1si Szolg\u00e1lat adatai szerint a nyilv\u00e1ntartott \u00e1ll\u00e1skeres\u0151k sz\u00e1ma a m\u00e1jus-j\u00faliusi id\u0151szakban \u00e1tlagosan meghaladta a 368 ezer f\u0151t. V\u00e9lhet\u0151en m\u00e9g mindig jellemz\u0151, hogy sz\u00e1mos t\u00e9nylegesen munka n\u00e9lk\u00fcl maradt ember nem felelt meg azoknak a statisztikai m\u00f3dszertani felt\u00e9teleknek, amelyek alapj\u00e1n munkan\u00e9lk\u00fcli st\u00e1tuszba kellene sorolni \u0151ket.<\/p>\n<p>Forr\u00e1s: azenpenzem.hu<\/p>\n","protected":false},"excerpt":{"rendered":"<p>Augusztus v\u00e9g\u00e9re sokan vesz\u00edtett\u00e9k el \u00e1ll\u00e1sukat, k\u00f6zt\u00fck sok n\u0151.\u00a0 A statisztikai adatok azt mutatj\u00e1k, hogy\u00a0 a frissen elbocs\u00e1tottak majdnem k\u00e9tharmada \u00e9retts\u00e9gizett volt. Az id\u00e9n a m\u00e1jus\u2013j\u00faliusi id\u0151szakban a munkan\u00e9lk\u00fcliek \u00e1tlagos l\u00e9tsz\u00e1ma a KSH \u00e1ltal k\u00f6zz\u00e9tett adatok szerint 224 ezer f\u0151, a munkan\u00e9lk\u00fclis\u00e9gi r\u00e1ta 4,8 sz\u00e1zal\u00e9k volt. A n\u0151k k\u00f6r\u00e9ben a munkan\u00e9lk\u00fclis\u00e9gi r\u00e1ta 5,1 sz\u00e1zal\u00e9kra emelkedett. [&hellip;]<\/p>\n","protected":false},"author":1,"featured_media":4138,"comment_status":"open","ping_status":"open","sticky":false,"template":"","format":"standard","meta":{"_monsterinsights_skip_tracking":false,"footnotes":""},"categories":[200],"tags":[],"class_list":["post-4219","post","type-post","status-publish","format-standard","has-post-thumbnail","hentry","category-munkaeropiac"],"aioseo_notices":[],"aioseo_head":"\n\t\t<!-- All in One SEO 5.0.0.1 - aioseo.com -->\n\t<meta name=\"description\" content=\"Augusztus v\u00e9g\u00e9re sokan vesz\u00edtett\u00e9k el \u00e1ll\u00e1sukat, k\u00f6zt\u00fck sok n\u0151. A statisztikai adatok azt mutatj\u00e1k, hogy a frissen elbocs\u00e1tottak majdnem k\u00e9tharmada \u00e9retts\u00e9gizett volt. Az id\u00e9n a m\u00e1jus\u2013j\u00faliusi id\u0151szakban a munkan\u00e9lk\u00fcliek \u00e1tlagos l\u00e9tsz\u00e1ma a KSH \u00e1ltal k\u00f6zz\u00e9tett adatok szerint 224 ezer f\u0151, a munkan\u00e9lk\u00fclis\u00e9gi r\u00e1ta 4,8 sz\u00e1zal\u00e9k volt. A n\u0151k k\u00f6r\u00e9ben a munkan\u00e9lk\u00fclis\u00e9gi r\u00e1ta 5,1 sz\u00e1zal\u00e9kra emelkedett.\" \/>\n\t<meta name=\"robots\" content=\"max-image-preview:large\" \/>\n\t<meta name=\"author\" content=\"Juh\u00e1sz P\u00e9ter\"\/>\n\t<link rel=\"canonical\" href=\"https:\/\/allasorias.hu\/hirek\/sokan-veszitettek-el-allasukat\/\" \/>\n\t<meta name=\"generator\" content=\"All in One SEO (AIOSEO) 5.0.0.1\" \/>\n\t\t<meta property=\"og:locale\" content=\"hu_HU\" \/>\n\t\t<meta property=\"og:site_name\" content=\"AllasOrias.hu | H\u00edrek-lapszemle | \u00dczleti h\u00edrek az \u00e1ll\u00e1s \u00e9s a munka vil\u00e1g\u00e1b\u00f3l\" \/>\n\t\t<meta property=\"og:type\" content=\"article\" \/>\n\t\t<meta property=\"og:title\" content=\"Sokan vesz\u00edtett\u00e9k el \u00e1ll\u00e1sukat | AllasOrias.hu | H\u00edrek-lapszemle\" \/>\n\t\t<meta property=\"og:description\" content=\"Augusztus v\u00e9g\u00e9re sokan vesz\u00edtett\u00e9k el \u00e1ll\u00e1sukat, k\u00f6zt\u00fck sok n\u0151. A statisztikai adatok azt mutatj\u00e1k, hogy a frissen elbocs\u00e1tottak majdnem k\u00e9tharmada \u00e9retts\u00e9gizett volt. Az id\u00e9n a m\u00e1jus\u2013j\u00faliusi id\u0151szakban a munkan\u00e9lk\u00fcliek \u00e1tlagos l\u00e9tsz\u00e1ma a KSH \u00e1ltal k\u00f6zz\u00e9tett adatok szerint 224 ezer f\u0151, a munkan\u00e9lk\u00fclis\u00e9gi r\u00e1ta 4,8 sz\u00e1zal\u00e9k volt. A n\u0151k k\u00f6r\u00e9ben a munkan\u00e9lk\u00fclis\u00e9gi r\u00e1ta 5,1 sz\u00e1zal\u00e9kra emelkedett.\" \/>\n\t\t<meta property=\"og:url\" content=\"https:\/\/allasorias.hu\/hirek\/sokan-veszitettek-el-allasukat\/\" \/>\n\t\t<meta property=\"og:image\" content=\"https:\/\/allasorias.hu\/hirek\/wp-content\/uploads\/2020\/07\/5492.jpg\" \/>\n\t\t<meta property=\"og:image:secure_url\" content=\"https:\/\/allasorias.hu\/hirek\/wp-content\/uploads\/2020\/07\/5492.jpg\" \/>\n\t\t<meta property=\"og:image:width\" content=\"1280\" \/>\n\t\t<meta property=\"og:image:height\" content=\"853\" \/>\n\t\t<meta property=\"article:published_time\" content=\"2020-09-01T06:58:43+00:00\" \/>\n\t\t<meta property=\"article:modified_time\" content=\"2020-09-01T06:58:43+00:00\" \/>\n\t\t<meta property=\"article:publisher\" content=\"https:\/\/www.facebook.com\/allasorias\" \/>\n\t\t<meta name=\"twitter:card\" content=\"summary_large_image\" \/>\n\t\t<meta name=\"twitter:title\" content=\"Sokan vesz\u00edtett\u00e9k el \u00e1ll\u00e1sukat | AllasOrias.hu | H\u00edrek-lapszemle\" \/>\n\t\t<meta name=\"twitter:description\" content=\"Augusztus v\u00e9g\u00e9re sokan vesz\u00edtett\u00e9k el \u00e1ll\u00e1sukat, k\u00f6zt\u00fck sok n\u0151. A statisztikai adatok azt mutatj\u00e1k, hogy a frissen elbocs\u00e1tottak majdnem k\u00e9tharmada \u00e9retts\u00e9gizett volt. Az id\u00e9n a m\u00e1jus\u2013j\u00faliusi id\u0151szakban a munkan\u00e9lk\u00fcliek \u00e1tlagos l\u00e9tsz\u00e1ma a KSH \u00e1ltal k\u00f6zz\u00e9tett adatok szerint 224 ezer f\u0151, a munkan\u00e9lk\u00fclis\u00e9gi r\u00e1ta 4,8 sz\u00e1zal\u00e9k volt. A n\u0151k k\u00f6r\u00e9ben a munkan\u00e9lk\u00fclis\u00e9gi r\u00e1ta 5,1 sz\u00e1zal\u00e9kra emelkedett.\" \/>\n\t\t<meta name=\"twitter:image\" content=\"https:\/\/allasorias.hu\/hirek\/wp-content\/uploads\/2020\/07\/5492.jpg\" \/>\n\t\t<meta name=\"twitter:label1\" content=\"Written by\" \/>\n\t\t<meta name=\"twitter:data1\" content=\"Juh\u00e1sz P\u00e9ter\" \/>\n\t\t<meta name=\"twitter:label2\" content=\"Est. reading time\" \/>\n\t\t<meta name=\"twitter:data2\" content=\"4 minutes\" \/>\n\t\t<script type=\"application\/ld+json\" class=\"aioseo-schema\">\n\t\t\t{\"@context\":\"https:\\\/\\\/schema.org\",\"@graph\":[{\"@type\":\"Article\",\"@id\":\"https:\\\/\\\/allasorias.hu\\\/hirek\\\/sokan-veszitettek-el-allasukat\\\/#article\",\"name\":\"Sokan vesz\\u00edtett\\u00e9k el \\u00e1ll\\u00e1sukat | AllasOrias.hu | H\\u00edrek-lapszemle\",\"headline\":\"Sokan vesz\\u00edtett\\u00e9k el \\u00e1ll\\u00e1sukat\",\"author\":{\"@id\":\"https:\\\/\\\/allasorias.hu\\\/hirek\\\/author\\\/admin-allasorias\\\/#author\"},\"publisher\":{\"@id\":\"https:\\\/\\\/allasorias.hu\\\/hirek\\\/#organization\"},\"image\":{\"@type\":\"ImageObject\",\"url\":\"https:\\\/\\\/allasorias.hu\\\/hirek\\\/wp-content\\\/uploads\\\/2020\\\/07\\\/5492.jpg\",\"width\":1280,\"height\":853,\"caption\":\"Young male candidate on post sitting on chair in office with resume in hands. Job applicant worries before talk with employer, trying to stay calm while waiting his turn on interview in waiting room\"},\"datePublished\":\"2020-09-01T06:58:43+02:00\",\"dateModified\":\"2020-09-01T06:58:43+02:00\",\"inLanguage\":\"hu-HU\",\"mainEntityOfPage\":{\"@id\":\"https:\\\/\\\/allasorias.hu\\\/hirek\\\/sokan-veszitettek-el-allasukat\\\/#webpage\"},\"isPartOf\":{\"@id\":\"https:\\\/\\\/allasorias.hu\\\/hirek\\\/sokan-veszitettek-el-allasukat\\\/#webpage\"},\"articleSection\":\"Munkaer\\u0151piac\"},{\"@type\":\"BreadcrumbList\",\"@id\":\"https:\\\/\\\/allasorias.hu\\\/hirek\\\/sokan-veszitettek-el-allasukat\\\/#breadcrumblist\",\"itemListElement\":[{\"@type\":\"ListItem\",\"@id\":\"https:\\\/\\\/allasorias.hu\\\/hirek#listItem\",\"position\":1,\"name\":\"Home\",\"item\":\"https:\\\/\\\/allasorias.hu\\\/hirek\",\"nextItem\":{\"@type\":\"ListItem\",\"@id\":\"https:\\\/\\\/allasorias.hu\\\/hirek\\\/temak\\\/munkaeropiac\\\/#listItem\",\"name\":\"Munkaer\\u0151piac\"}},{\"@type\":\"ListItem\",\"@id\":\"https:\\\/\\\/allasorias.hu\\\/hirek\\\/temak\\\/munkaeropiac\\\/#listItem\",\"position\":2,\"name\":\"Munkaer\\u0151piac\",\"item\":\"https:\\\/\\\/allasorias.hu\\\/hirek\\\/temak\\\/munkaeropiac\\\/\",\"nextItem\":{\"@type\":\"ListItem\",\"@id\":\"https:\\\/\\\/allasorias.hu\\\/hirek\\\/sokan-veszitettek-el-allasukat\\\/#listItem\",\"name\":\"Sokan vesz\\u00edtett\\u00e9k el \\u00e1ll\\u00e1sukat\"},\"previousItem\":{\"@type\":\"ListItem\",\"@id\":\"https:\\\/\\\/allasorias.hu\\\/hirek#listItem\",\"name\":\"Home\"}},{\"@type\":\"ListItem\",\"@id\":\"https:\\\/\\\/allasorias.hu\\\/hirek\\\/sokan-veszitettek-el-allasukat\\\/#listItem\",\"position\":3,\"name\":\"Sokan vesz\\u00edtett\\u00e9k el \\u00e1ll\\u00e1sukat\",\"previousItem\":{\"@type\":\"ListItem\",\"@id\":\"https:\\\/\\\/allasorias.hu\\\/hirek\\\/temak\\\/munkaeropiac\\\/#listItem\",\"name\":\"Munkaer\\u0151piac\"}}]},{\"@type\":\"Organization\",\"@id\":\"https:\\\/\\\/allasorias.hu\\\/hirek\\\/#organization\",\"name\":\"AllasOrias.hu | H\\u00edrek-lapszemle\",\"description\":\"\\u00dczleti h\\u00edrek az \\u00e1ll\\u00e1s \\u00e9s a munka vil\\u00e1g\\u00e1b\\u00f3l\",\"url\":\"https:\\\/\\\/allasorias.hu\\\/hirek\\\/\",\"logo\":{\"@type\":\"ImageObject\",\"url\":\"https:\\\/\\\/allasorias.hu\\\/hirek\\\/wp-content\\\/uploads\\\/2022\\\/10\\\/allasorias_site_facebok_logo.png\",\"@id\":\"https:\\\/\\\/allasorias.hu\\\/hirek\\\/sokan-veszitettek-el-allasukat\\\/#organizationLogo\"},\"image\":{\"@id\":\"https:\\\/\\\/allasorias.hu\\\/hirek\\\/sokan-veszitettek-el-allasukat\\\/#organizationLogo\"},\"sameAs\":[\"https:\\\/\\\/www.facebook.com\\\/allasorias\",\"https:\\\/\\\/www.linkedin.com\\\/company\\\/allasorias\"]},{\"@type\":\"Person\",\"@id\":\"https:\\\/\\\/allasorias.hu\\\/hirek\\\/author\\\/admin-allasorias\\\/#author\",\"url\":\"https:\\\/\\\/allasorias.hu\\\/hirek\\\/author\\\/admin-allasorias\\\/\",\"name\":\"Juh\\u00e1sz P\\u00e9ter\",\"image\":{\"@type\":\"ImageObject\",\"@id\":\"https:\\\/\\\/allasorias.hu\\\/hirek\\\/sokan-veszitettek-el-allasukat\\\/#authorImage\",\"url\":\"https:\\\/\\\/secure.gravatar.com\\\/avatar\\\/36e6bcb83148978b992977cb0f54d22feb0cce8a0a849a9410532bb2623ba4c6?s=96&d=mm&r=g\",\"width\":96,\"height\":96,\"caption\":\"Juh\\u00e1sz P\\u00e9ter\"}},{\"@type\":\"WebPage\",\"@id\":\"https:\\\/\\\/allasorias.hu\\\/hirek\\\/sokan-veszitettek-el-allasukat\\\/#webpage\",\"url\":\"https:\\\/\\\/allasorias.hu\\\/hirek\\\/sokan-veszitettek-el-allasukat\\\/\",\"name\":\"Sokan vesz\\u00edtett\\u00e9k el \\u00e1ll\\u00e1sukat | AllasOrias.hu | H\\u00edrek-lapszemle\",\"description\":\"Augusztus v\\u00e9g\\u00e9re sokan vesz\\u00edtett\\u00e9k el \\u00e1ll\\u00e1sukat, k\\u00f6zt\\u00fck sok n\\u0151. A statisztikai adatok azt mutatj\\u00e1k, hogy a frissen elbocs\\u00e1tottak majdnem k\\u00e9tharmada \\u00e9retts\\u00e9gizett volt. Az id\\u00e9n a m\\u00e1jus\\u2013j\\u00faliusi id\\u0151szakban a munkan\\u00e9lk\\u00fcliek \\u00e1tlagos l\\u00e9tsz\\u00e1ma a KSH \\u00e1ltal k\\u00f6zz\\u00e9tett adatok szerint 224 ezer f\\u0151, a munkan\\u00e9lk\\u00fclis\\u00e9gi r\\u00e1ta 4,8 sz\\u00e1zal\\u00e9k volt. A n\\u0151k k\\u00f6r\\u00e9ben a munkan\\u00e9lk\\u00fclis\\u00e9gi r\\u00e1ta 5,1 sz\\u00e1zal\\u00e9kra emelkedett.\",\"inLanguage\":\"hu-HU\",\"isPartOf\":{\"@id\":\"https:\\\/\\\/allasorias.hu\\\/hirek\\\/#website\"},\"breadcrumb\":{\"@id\":\"https:\\\/\\\/allasorias.hu\\\/hirek\\\/sokan-veszitettek-el-allasukat\\\/#breadcrumblist\"},\"author\":{\"@id\":\"https:\\\/\\\/allasorias.hu\\\/hirek\\\/author\\\/admin-allasorias\\\/#author\"},\"creator\":{\"@id\":\"https:\\\/\\\/allasorias.hu\\\/hirek\\\/author\\\/admin-allasorias\\\/#author\"},\"image\":{\"@type\":\"ImageObject\",\"url\":\"https:\\\/\\\/allasorias.hu\\\/hirek\\\/wp-content\\\/uploads\\\/2020\\\/07\\\/5492.jpg\",\"@id\":\"https:\\\/\\\/allasorias.hu\\\/hirek\\\/sokan-veszitettek-el-allasukat\\\/#mainImage\",\"width\":1280,\"height\":853,\"caption\":\"Young male candidate on post sitting on chair in office with resume in hands. Job applicant worries before talk with employer, trying to stay calm while waiting his turn on interview in waiting room\"},\"primaryImageOfPage\":{\"@id\":\"https:\\\/\\\/allasorias.hu\\\/hirek\\\/sokan-veszitettek-el-allasukat\\\/#mainImage\"},\"datePublished\":\"2020-09-01T06:58:43+02:00\",\"dateModified\":\"2020-09-01T06:58:43+02:00\"},{\"@type\":\"WebSite\",\"@id\":\"https:\\\/\\\/allasorias.hu\\\/hirek\\\/#website\",\"url\":\"https:\\\/\\\/allasorias.hu\\\/hirek\\\/\",\"name\":\"AllasOrias.hu | H\\u00edrek-lapszemle\",\"description\":\"\\u00dczleti h\\u00edrek az \\u00e1ll\\u00e1s \\u00e9s a munka vil\\u00e1g\\u00e1b\\u00f3l\",\"inLanguage\":\"hu-HU\",\"publisher\":{\"@id\":\"https:\\\/\\\/allasorias.hu\\\/hirek\\\/#organization\"}}]}\n\t\t<\/script>\n\t\t<!-- All in One SEO -->\n\n","aioseo_head_json":{"title":"Sokan vesz\u00edtett\u00e9k el \u00e1ll\u00e1sukat | AllasOrias.hu | H\u00edrek-lapszemle","description":"Augusztus v\u00e9g\u00e9re sokan vesz\u00edtett\u00e9k el \u00e1ll\u00e1sukat, k\u00f6zt\u00fck sok n\u0151. A statisztikai adatok azt mutatj\u00e1k, hogy a frissen elbocs\u00e1tottak majdnem k\u00e9tharmada \u00e9retts\u00e9gizett volt. Az id\u00e9n a m\u00e1jus\u2013j\u00faliusi id\u0151szakban a munkan\u00e9lk\u00fcliek \u00e1tlagos l\u00e9tsz\u00e1ma a KSH \u00e1ltal k\u00f6zz\u00e9tett adatok szerint 224 ezer f\u0151, a munkan\u00e9lk\u00fclis\u00e9gi r\u00e1ta 4,8 sz\u00e1zal\u00e9k volt. A n\u0151k k\u00f6r\u00e9ben a munkan\u00e9lk\u00fclis\u00e9gi r\u00e1ta 5,1 sz\u00e1zal\u00e9kra emelkedett.","canonical_url":"https:\/\/allasorias.hu\/hirek\/sokan-veszitettek-el-allasukat\/","robots":"max-image-preview:large","keywords":"","webmasterTools":{"miscellaneous":""},"schema":{"@context":"https:\/\/schema.org","@graph":[{"@type":"Article","@id":"https:\/\/allasorias.hu\/hirek\/sokan-veszitettek-el-allasukat\/#article","name":"Sokan vesz\u00edtett\u00e9k el \u00e1ll\u00e1sukat | AllasOrias.hu | H\u00edrek-lapszemle","headline":"Sokan vesz\u00edtett\u00e9k el \u00e1ll\u00e1sukat","author":{"@id":"https:\/\/allasorias.hu\/hirek\/author\/admin-allasorias\/#author"},"publisher":{"@id":"https:\/\/allasorias.hu\/hirek\/#organization"},"image":{"@type":"ImageObject","url":"https:\/\/allasorias.hu\/hirek\/wp-content\/uploads\/2020\/07\/5492.jpg","width":1280,"height":853,"caption":"Young male candidate on post sitting on chair in office with resume in hands. Job applicant worries before talk with employer, trying to stay calm while waiting his turn on interview in waiting room"},"datePublished":"2020-09-01T06:58:43+02:00","dateModified":"2020-09-01T06:58:43+02:00","inLanguage":"hu-HU","mainEntityOfPage":{"@id":"https:\/\/allasorias.hu\/hirek\/sokan-veszitettek-el-allasukat\/#webpage"},"isPartOf":{"@id":"https:\/\/allasorias.hu\/hirek\/sokan-veszitettek-el-allasukat\/#webpage"},"articleSection":"Munkaer\u0151piac"},{"@type":"BreadcrumbList","@id":"https:\/\/allasorias.hu\/hirek\/sokan-veszitettek-el-allasukat\/#breadcrumblist","itemListElement":[{"@type":"ListItem","@id":"https:\/\/allasorias.hu\/hirek#listItem","position":1,"name":"Home","item":"https:\/\/allasorias.hu\/hirek","nextItem":{"@type":"ListItem","@id":"https:\/\/allasorias.hu\/hirek\/temak\/munkaeropiac\/#listItem","name":"Munkaer\u0151piac"}},{"@type":"ListItem","@id":"https:\/\/allasorias.hu\/hirek\/temak\/munkaeropiac\/#listItem","position":2,"name":"Munkaer\u0151piac","item":"https:\/\/allasorias.hu\/hirek\/temak\/munkaeropiac\/","nextItem":{"@type":"ListItem","@id":"https:\/\/allasorias.hu\/hirek\/sokan-veszitettek-el-allasukat\/#listItem","name":"Sokan vesz\u00edtett\u00e9k el \u00e1ll\u00e1sukat"},"previousItem":{"@type":"ListItem","@id":"https:\/\/allasorias.hu\/hirek#listItem","name":"Home"}},{"@type":"ListItem","@id":"https:\/\/allasorias.hu\/hirek\/sokan-veszitettek-el-allasukat\/#listItem","position":3,"name":"Sokan vesz\u00edtett\u00e9k el \u00e1ll\u00e1sukat","previousItem":{"@type":"ListItem","@id":"https:\/\/allasorias.hu\/hirek\/temak\/munkaeropiac\/#listItem","name":"Munkaer\u0151piac"}}]},{"@type":"Organization","@id":"https:\/\/allasorias.hu\/hirek\/#organization","name":"AllasOrias.hu | H\u00edrek-lapszemle","description":"\u00dczleti h\u00edrek az \u00e1ll\u00e1s \u00e9s a munka vil\u00e1g\u00e1b\u00f3l","url":"https:\/\/allasorias.hu\/hirek\/","logo":{"@type":"ImageObject","url":"https:\/\/allasorias.hu\/hirek\/wp-content\/uploads\/2022\/10\/allasorias_site_facebok_logo.png","@id":"https:\/\/allasorias.hu\/hirek\/sokan-veszitettek-el-allasukat\/#organizationLogo"},"image":{"@id":"https:\/\/allasorias.hu\/hirek\/sokan-veszitettek-el-allasukat\/#organizationLogo"},"sameAs":["https:\/\/www.facebook.com\/allasorias","https:\/\/www.linkedin.com\/company\/allasorias"]},{"@type":"Person","@id":"https:\/\/allasorias.hu\/hirek\/author\/admin-allasorias\/#author","url":"https:\/\/allasorias.hu\/hirek\/author\/admin-allasorias\/","name":"Juh\u00e1sz P\u00e9ter","image":{"@type":"ImageObject","@id":"https:\/\/allasorias.hu\/hirek\/sokan-veszitettek-el-allasukat\/#authorImage","url":"https:\/\/secure.gravatar.com\/avatar\/36e6bcb83148978b992977cb0f54d22feb0cce8a0a849a9410532bb2623ba4c6?s=96&d=mm&r=g","width":96,"height":96,"caption":"Juh\u00e1sz P\u00e9ter"}},{"@type":"WebPage","@id":"https:\/\/allasorias.hu\/hirek\/sokan-veszitettek-el-allasukat\/#webpage","url":"https:\/\/allasorias.hu\/hirek\/sokan-veszitettek-el-allasukat\/","name":"Sokan vesz\u00edtett\u00e9k el \u00e1ll\u00e1sukat | AllasOrias.hu | H\u00edrek-lapszemle","description":"Augusztus v\u00e9g\u00e9re sokan vesz\u00edtett\u00e9k el \u00e1ll\u00e1sukat, k\u00f6zt\u00fck sok n\u0151. A statisztikai adatok azt mutatj\u00e1k, hogy a frissen elbocs\u00e1tottak majdnem k\u00e9tharmada \u00e9retts\u00e9gizett volt. Az id\u00e9n a m\u00e1jus\u2013j\u00faliusi id\u0151szakban a munkan\u00e9lk\u00fcliek \u00e1tlagos l\u00e9tsz\u00e1ma a KSH \u00e1ltal k\u00f6zz\u00e9tett adatok szerint 224 ezer f\u0151, a munkan\u00e9lk\u00fclis\u00e9gi r\u00e1ta 4,8 sz\u00e1zal\u00e9k volt. A n\u0151k k\u00f6r\u00e9ben a munkan\u00e9lk\u00fclis\u00e9gi r\u00e1ta 5,1 sz\u00e1zal\u00e9kra emelkedett.","inLanguage":"hu-HU","isPartOf":{"@id":"https:\/\/allasorias.hu\/hirek\/#website"},"breadcrumb":{"@id":"https:\/\/allasorias.hu\/hirek\/sokan-veszitettek-el-allasukat\/#breadcrumblist"},"author":{"@id":"https:\/\/allasorias.hu\/hirek\/author\/admin-allasorias\/#author"},"creator":{"@id":"https:\/\/allasorias.hu\/hirek\/author\/admin-allasorias\/#author"},"image":{"@type":"ImageObject","url":"https:\/\/allasorias.hu\/hirek\/wp-content\/uploads\/2020\/07\/5492.jpg","@id":"https:\/\/allasorias.hu\/hirek\/sokan-veszitettek-el-allasukat\/#mainImage","width":1280,"height":853,"caption":"Young male candidate on post sitting on chair in office with resume in hands. Job applicant worries before talk with employer, trying to stay calm while waiting his turn on interview in waiting room"},"primaryImageOfPage":{"@id":"https:\/\/allasorias.hu\/hirek\/sokan-veszitettek-el-allasukat\/#mainImage"},"datePublished":"2020-09-01T06:58:43+02:00","dateModified":"2020-09-01T06:58:43+02:00"},{"@type":"WebSite","@id":"https:\/\/allasorias.hu\/hirek\/#website","url":"https:\/\/allasorias.hu\/hirek\/","name":"AllasOrias.hu | H\u00edrek-lapszemle","description":"\u00dczleti h\u00edrek az \u00e1ll\u00e1s \u00e9s a munka vil\u00e1g\u00e1b\u00f3l","inLanguage":"hu-HU","publisher":{"@id":"https:\/\/allasorias.hu\/hirek\/#organization"}}]},"og:locale":"hu_HU","og:site_name":"AllasOrias.hu | H\u00edrek-lapszemle | \u00dczleti h\u00edrek az \u00e1ll\u00e1s \u00e9s a munka vil\u00e1g\u00e1b\u00f3l","og:type":"article","og:title":"Sokan vesz\u00edtett\u00e9k el \u00e1ll\u00e1sukat | AllasOrias.hu | H\u00edrek-lapszemle","og:description":"Augusztus v\u00e9g\u00e9re sokan vesz\u00edtett\u00e9k el \u00e1ll\u00e1sukat, k\u00f6zt\u00fck sok n\u0151. A statisztikai adatok azt mutatj\u00e1k, hogy a frissen elbocs\u00e1tottak majdnem k\u00e9tharmada \u00e9retts\u00e9gizett volt. Az id\u00e9n a m\u00e1jus\u2013j\u00faliusi id\u0151szakban a munkan\u00e9lk\u00fcliek \u00e1tlagos l\u00e9tsz\u00e1ma a KSH \u00e1ltal k\u00f6zz\u00e9tett adatok szerint 224 ezer f\u0151, a munkan\u00e9lk\u00fclis\u00e9gi r\u00e1ta 4,8 sz\u00e1zal\u00e9k volt. A n\u0151k k\u00f6r\u00e9ben a munkan\u00e9lk\u00fclis\u00e9gi r\u00e1ta 5,1 sz\u00e1zal\u00e9kra emelkedett.","og:url":"https:\/\/allasorias.hu\/hirek\/sokan-veszitettek-el-allasukat\/","og:image":"https:\/\/allasorias.hu\/hirek\/wp-content\/uploads\/2020\/07\/5492.jpg","og:image:secure_url":"https:\/\/allasorias.hu\/hirek\/wp-content\/uploads\/2020\/07\/5492.jpg","og:image:width":1280,"og:image:height":853,"article:published_time":"2020-09-01T06:58:43+00:00","article:modified_time":"2020-09-01T06:58:43+00:00","article:publisher":"https:\/\/www.facebook.com\/allasorias","twitter:card":"summary_large_image","twitter:title":"Sokan vesz\u00edtett\u00e9k el \u00e1ll\u00e1sukat | AllasOrias.hu | H\u00edrek-lapszemle","twitter:description":"Augusztus v\u00e9g\u00e9re sokan vesz\u00edtett\u00e9k el \u00e1ll\u00e1sukat, k\u00f6zt\u00fck sok n\u0151. A statisztikai adatok azt mutatj\u00e1k, hogy a frissen elbocs\u00e1tottak majdnem k\u00e9tharmada \u00e9retts\u00e9gizett volt. Az id\u00e9n a m\u00e1jus\u2013j\u00faliusi id\u0151szakban a munkan\u00e9lk\u00fcliek \u00e1tlagos l\u00e9tsz\u00e1ma a KSH \u00e1ltal k\u00f6zz\u00e9tett adatok szerint 224 ezer f\u0151, a munkan\u00e9lk\u00fclis\u00e9gi r\u00e1ta 4,8 sz\u00e1zal\u00e9k volt. A n\u0151k k\u00f6r\u00e9ben a munkan\u00e9lk\u00fclis\u00e9gi r\u00e1ta 5,1 sz\u00e1zal\u00e9kra emelkedett.","twitter:image":"https:\/\/allasorias.hu\/hirek\/wp-content\/uploads\/2020\/07\/5492.jpg","twitter:label1":"Written by","twitter:data1":"Juh\u00e1sz P\u00e9ter","twitter:label2":"Est. reading time","twitter:data2":"4 minutes"},"aioseo_meta_data":{"post_id":"4219","title":null,"description":"","keywords":"","keyphrases":null,"primary_term":null,"canonical_url":"","og_title":null,"og_description":null,"og_object_type":"default","og_image_type":"default","og_image_url":null,"og_image_width":null,"og_image_height":null,"og_image_custom_url":null,"og_image_custom_fields":null,"og_video":null,"og_custom_url":null,"og_article_section":null,"og_article_tags":null,"twitter_use_og":false,"twitter_card":"default","twitter_image_type":"default","twitter_image_url":null,"twitter_image_custom_url":null,"twitter_image_custom_fields":null,"twitter_title":null,"twitter_description":null,"schema":{"blockGraphs":[],"customGraphs":[],"default":{"data":{"Article":[],"Course":[],"Dataset":[],"FAQPage":[],"Movie":[],"Person":[],"Product":[],"ProductReview":[],"Car":[],"Recipe":[],"Service":[],"SoftwareApplication":[],"WebPage":[]},"graphName":"","isEnabled":true},"graphs":[]},"schema_type":null,"schema_type_options":null,"pillar_content":false,"robots_default":true,"robots_noindex":false,"robots_noarchive":false,"robots_nosnippet":false,"robots_nofollow":false,"robots_noimageindex":false,"robots_noodp":false,"robots_notranslate":false,"robots_max_snippet":null,"robots_max_videopreview":null,"robots_max_imagepreview":"large","priority":null,"frequency":null,"location":null,"local_seo":null,"breadcrumb_settings":null,"limit_modified_date":false,"ai":null,"created":"2021-02-01 20:46:57","updated":"2025-10-02 14:40:20","seo_analyzer_scan_date":null,"focus_keyword":null,"additional_keywords":null,"truseo_locale":null},"aioseo_breadcrumb":"<div class=\"aioseo-breadcrumbs\"><span class=\"aioseo-breadcrumb\">\n\t\t\t<a href=\"https:\/\/allasorias.hu\/hirek\" title=\"Home\">Home<\/a>\n\t\t<\/span><span class=\"aioseo-breadcrumb-separator\">&raquo;<\/span><span class=\"aioseo-breadcrumb\">\n\t\t\t<a href=\"https:\/\/allasorias.hu\/hirek\/temak\/munkaeropiac\/\" title=\"Munkaer\u0151piac\">Munkaer\u0151piac<\/a>\n\t\t<\/span><span class=\"aioseo-breadcrumb-separator\">&raquo;<\/span><span class=\"aioseo-breadcrumb\">\n\t\t\tSokan vesz\u00edtett\u00e9k el \u00e1ll\u00e1sukat\n\t\t<\/span><\/div>","aioseo_breadcrumb_json":[{"label":"Home","link":"https:\/\/allasorias.hu\/hirek"},{"label":"Munkaer\u0151piac","link":"https:\/\/allasorias.hu\/hirek\/temak\/munkaeropiac\/"},{"label":"Sokan vesz\u00edtett\u00e9k el \u00e1ll\u00e1sukat","link":"https:\/\/allasorias.hu\/hirek\/sokan-veszitettek-el-allasukat\/"}],"_links":{"self":[{"href":"https:\/\/allasorias.hu\/hirek\/wp-json\/wp\/v2\/posts\/4219","targetHints":{"allow":["GET"]}}],"collection":[{"href":"https:\/\/allasorias.hu\/hirek\/wp-json\/wp\/v2\/posts"}],"about":[{"href":"https:\/\/allasorias.hu\/hirek\/wp-json\/wp\/v2\/types\/post"}],"author":[{"embeddable":true,"href":"https:\/\/allasorias.hu\/hirek\/wp-json\/wp\/v2\/users\/1"}],"replies":[{"embeddable":true,"href":"https:\/\/allasorias.hu\/hirek\/wp-json\/wp\/v2\/comments?post=4219"}],"version-history":[{"count":1,"href":"https:\/\/allasorias.hu\/hirek\/wp-json\/wp\/v2\/posts\/4219\/revisions"}],"predecessor-version":[{"id":4220,"href":"https:\/\/allasorias.hu\/hirek\/wp-json\/wp\/v2\/posts\/4219\/revisions\/4220"}],"wp:featuredmedia":[{"embeddable":true,"href":"https:\/\/allasorias.hu\/hirek\/wp-json\/wp\/v2\/media\/4138"}],"wp:attachment":[{"href":"https:\/\/allasorias.hu\/hirek\/wp-json\/wp\/v2\/media?parent=4219"}],"wp:term":[{"taxonomy":"category","embeddable":true,"href":"https:\/\/allasorias.hu\/hirek\/wp-json\/wp\/v2\/categories?post=4219"},{"taxonomy":"post_tag","embeddable":true,"href":"https:\/\/allasorias.hu\/hirek\/wp-json\/wp\/v2\/tags?post=4219"}],"curies":[{"name":"wp","href":"https:\/\/api.w.org\/{rel}","templated":true}]}}