{"id":4213,"date":"2020-08-28T07:34:53","date_gmt":"2020-08-28T07:34:53","guid":{"rendered":"https:\/\/allasorias.hu\/hirek\/?p=4213"},"modified":"2025-05-13T13:13:17","modified_gmt":"2025-05-13T11:13:17","slug":"elonyben-a-diplomasok-a-munkaeropiacon-2","status":"publish","type":"post","link":"https:\/\/allasorias.hu\/hirek\/elonyben-a-diplomasok-a-munkaeropiacon-2\/","title":{"rendered":"El\u0151nyben a diplom\u00e1sok a munkaer\u0151piacon"},"content":{"rendered":"<p class=\"\" data-start=\"59\" data-end=\"131\"><strong data-start=\"59\" data-end=\"131\">A j\u00f6v\u0151\u00e1ll\u00f3 tud\u00e1s szerepe a fels\u0151oktat\u00e1sban \u2013 F\u00e1bri Gy\u00f6rgy gondolatai<\/strong><\/p>\n<p class=\"\" data-start=\"133\" data-end=\"482\">F\u00e1bri Gy\u00f6rgy, az ELTE Pedag\u00f3giai \u00e9s Pszichol\u00f3giai Kar\u00e1nak egyetemi docense szerint a fels\u0151oktat\u00e1s feladata olyan tud\u00e1s \u00e1tad\u00e1sa, amely hossz\u00fa t\u00e1von is biztos\u00edtja a hallgat\u00f3k munkaer\u0151piaci \u00e9rv\u00e9nyes\u00fcl\u00e9s\u00e9t. Szerinte a kezd\u0151 fizet\u00e9sek m\u00e9rt\u00e9ke nem els\u0151sorban a v\u00e1lasztott szakter\u00fclett\u0151l, hanem sokkal ink\u00e1bb az adott gazdas\u00e1gi \u00e1gazat saj\u00e1toss\u00e1gait\u00f3l f\u00fcgg.<\/p>\n<p class=\"\" data-start=\"484\" data-end=\"987\">Az InfoR\u00e1di\u00f3nak adott interj\u00faj\u00e1ban kifejtette: a gazdas\u00e1gi, menedzsment, informatikai \u00e9s banki szektorok jellemz\u0151en magasabb indul\u00f3 fizet\u00e9st k\u00edn\u00e1lnak, de ez nem jelenti azt, hogy kiz\u00e1r\u00f3lag ezekb\u0151l a ter\u00fcletekr\u0151l \u00e9rkez\u0151knek k\u00edn\u00e1lnak \u00e1ll\u00e1st. P\u00e9ld\u00e1ul a bankszektor sz\u00edvesen foglalkoztat term\u00e9szettudom\u00e1nyos v\u00e9gzetts\u00e9g\u0171 szakembereket is. Emellett a b\u00f6lcs\u00e9sz \u00e9s t\u00e1rsadalomtudom\u00e1nyi diplom\u00e1sok sz\u00e1m\u00e1ra is b\u0151ven k\u00edn\u00e1lkoznak lehet\u0151s\u00e9gek strat\u00e9giai ipar\u00e1gakban, hiszen az \u0151 k\u00e9szs\u00e9geik is \u00e9rt\u00e9kesek \u00e9s keresettek.<\/p>\n<p class=\"\" data-start=\"989\" data-end=\"1589\">A fels\u0151fok\u00fa k\u00e9pz\u00e9sek id\u0151tartama \u00e1ltal\u00e1ban 3\u20135 \u00e9v, m\u00edg a doktori k\u00e9pz\u00e9s ak\u00e1r nyolc \u00e9vig is tarthat. Ez alatt az id\u0151 alatt azonban jelent\u0151s v\u00e1ltoz\u00e1sok k\u00f6vetkezhetnek be a munkaer\u0151piacon, \u00edgy nem az aktu\u00e1lis elv\u00e1r\u00e1sokhoz kell igazodni, hanem olyan tud\u00e1st kell ny\u00fajtani, amely hosszabb t\u00e1von is hasznos\u00edthat\u00f3. P\u00e9ldak\u00e9nt eml\u00edtette, hogy 10\u201315 \u00e9vvel ezel\u0151tt m\u00e9g kevesen sejtett\u00e9k volna, mekkora ig\u00e9ny lesz a mesters\u00e9ges intelligencia szakemberekre. A piaci ig\u00e9nyek gyorsan \u00e9s kisz\u00e1m\u00edthatatlanul v\u00e1ltoznak, sokszor m\u00e9g a v\u00e1llalatvezet\u0151k sem tudj\u00e1k pontosan, milyen munkaer\u0151re lesz sz\u00fcks\u00e9g\u00fck n\u00e9h\u00e1ny \u00e9v m\u00falva.<\/p>\n<p class=\"\" data-start=\"1591\" data-end=\"2060\">A dinamikus alkalmazkod\u00e1s l\u00e9nyege, hogy a fels\u0151oktat\u00e1s felismerje a t\u00e1rsadalmi \u00e9s gazdas\u00e1gi trendeket, \u00e9s ezek alapj\u00e1n olyan alapokat ny\u00fajtson, amelyeket a v\u00e9gzettek ak\u00e1r 5\u201310\u201315 \u00e9v m\u00falva is k\u00e9pesek lesznek hasznos\u00edtani vagy tov\u00e1bbfejleszteni. P\u00e9ldak\u00e9nt hozta fel, hogy egykor a m\u00e9rn\u00f6ki p\u00e1ly\u00e1k ir\u00e1nt csek\u00e9ly volt az \u00e9rdekl\u0151d\u00e9s, de az elm\u00falt \u00e9vekben ugr\u00e1sszer\u0171en megn\u0151tt mind a jelentkez\u0151k sz\u00e1ma, mind a felv\u00e9teli ponthat\u00e1rok, ami \u00f6sszef\u00fcgg\u00e9sben \u00e1ll az ipar b\u0151v\u00fcl\u00e9s\u00e9vel.<\/p>\n<p class=\"\" data-start=\"2062\" data-end=\"2598\">F\u00e1bri szerint a fels\u0151oktat\u00e1s alkalmazkod\u00f3k\u00e9pess\u00e9ge k\u00e9t t\u00e9nyez\u0151n m\u00falik: egyr\u00e9szt a hallgat\u00f3k tudatos p\u00e1lyav\u00e1laszt\u00e1s\u00e1n, m\u00e1sr\u00e9szt az oktat\u00f3k szakmai felk\u00e9sz\u00fclts\u00e9g\u00e9n \u00e9s naprak\u00e9szs\u00e9g\u00e9n. A COVID-19 kapcs\u00e1n megjegyezte, hogy nem lenne c\u00e9lszer\u0171 egy t\u00f6bb \u00e9vre sz\u00f3l\u00f3 k\u00e9pz\u00e9si rendszert egy r\u00f6vid t\u00e1v\u00fa v\u00e1ls\u00e1g hat\u00e1s\u00e1ra teljesen \u00e1talak\u00edtani. A vil\u00e1g alakul\u00e1sa m\u00e9g bizonytalan, de v\u00e1rhat\u00f3an olyan \u00e1gazatok, mint a turizmus, vend\u00e9gl\u00e1t\u00e1s \u00e9s idegenforgalom tov\u00e1bbra is jelent\u0151s szerepet fognak bet\u00f6lteni, ez\u00e9rt nem lenne indokolt ezek h\u00e1tt\u00e9rbe szor\u00edt\u00e1sa.<\/p>\n","protected":false},"excerpt":{"rendered":"<p>A j\u00f6v\u0151\u00e1ll\u00f3 tud\u00e1s szerepe a fels\u0151oktat\u00e1sban \u2013 F\u00e1bri Gy\u00f6rgy gondolatai F\u00e1bri Gy\u00f6rgy, az ELTE Pedag\u00f3giai \u00e9s Pszichol\u00f3giai Kar\u00e1nak egyetemi docense szerint a fels\u0151oktat\u00e1s feladata olyan tud\u00e1s \u00e1tad\u00e1sa, amely hossz\u00fa t\u00e1von is biztos\u00edtja a hallgat\u00f3k munkaer\u0151piaci \u00e9rv\u00e9nyes\u00fcl\u00e9s\u00e9t. Szerinte a kezd\u0151 fizet\u00e9sek m\u00e9rt\u00e9ke nem els\u0151sorban a v\u00e1lasztott szakter\u00fclett\u0151l, hanem sokkal ink\u00e1bb az adott gazdas\u00e1gi \u00e1gazat saj\u00e1toss\u00e1gait\u00f3l f\u00fcgg. [&hellip;]<\/p>\n","protected":false},"author":1,"featured_media":4214,"comment_status":"closed","ping_status":"closed","sticky":false,"template":"","format":"standard","meta":{"_monsterinsights_skip_tracking":false,"footnotes":""},"categories":[200],"tags":[],"class_list":["post-4213","post","type-post","status-publish","format-standard","has-post-thumbnail","hentry","category-munkaeropiac"],"aioseo_notices":[],"aioseo_head":"\n\t\t<!-- All in One SEO 5.0.0.1 - aioseo.com -->\n\t<meta name=\"description\" content=\"A j\u00f6v\u0151\u00e1ll\u00f3 tud\u00e1s szerepe a fels\u0151oktat\u00e1sban \u2013 F\u00e1bri Gy\u00f6rgy gondolatai F\u00e1bri Gy\u00f6rgy, az ELTE Pedag\u00f3giai \u00e9s Pszichol\u00f3giai Kar\u00e1nak egyetemi docense szerint a fels\u0151oktat\u00e1s feladata olyan tud\u00e1s \u00e1tad\u00e1sa, amely hossz\u00fa t\u00e1von is biztos\u00edtja a hallgat\u00f3k munkaer\u0151piaci \u00e9rv\u00e9nyes\u00fcl\u00e9s\u00e9t. Szerinte a kezd\u0151 fizet\u00e9sek m\u00e9rt\u00e9ke nem els\u0151sorban a v\u00e1lasztott szakter\u00fclett\u0151l, hanem sokkal ink\u00e1bb az adott gazdas\u00e1gi \u00e1gazat saj\u00e1toss\u00e1gait\u00f3l f\u00fcgg.\" \/>\n\t<meta name=\"robots\" content=\"max-image-preview:large\" \/>\n\t<meta name=\"author\" content=\"Juh\u00e1sz P\u00e9ter\"\/>\n\t<link rel=\"canonical\" href=\"https:\/\/allasorias.hu\/hirek\/elonyben-a-diplomasok-a-munkaeropiacon-2\/\" \/>\n\t<meta name=\"generator\" content=\"All in One SEO (AIOSEO) 5.0.0.1\" \/>\n\t\t<meta property=\"og:locale\" content=\"hu_HU\" \/>\n\t\t<meta property=\"og:site_name\" content=\"AllasOrias.hu | H\u00edrek-lapszemle | \u00dczleti h\u00edrek az \u00e1ll\u00e1s \u00e9s a munka vil\u00e1g\u00e1b\u00f3l\" \/>\n\t\t<meta property=\"og:type\" content=\"article\" \/>\n\t\t<meta property=\"og:title\" content=\"El\u0151nyt \u00e9lveznek a diplom\u00e1sok a munkaer\u0151piacon\" \/>\n\t\t<meta property=\"og:description\" content=\"A j\u00f6v\u0151\u00e1ll\u00f3 tud\u00e1s szerepe a fels\u0151oktat\u00e1sban \u2013 F\u00e1bri Gy\u00f6rgy gondolatai F\u00e1bri Gy\u00f6rgy, az ELTE Pedag\u00f3giai \u00e9s Pszichol\u00f3giai Kar\u00e1nak egyetemi docense szerint a fels\u0151oktat\u00e1s feladata olyan tud\u00e1s \u00e1tad\u00e1sa, amely hossz\u00fa t\u00e1von is biztos\u00edtja a hallgat\u00f3k munkaer\u0151piaci \u00e9rv\u00e9nyes\u00fcl\u00e9s\u00e9t. Szerinte a kezd\u0151 fizet\u00e9sek m\u00e9rt\u00e9ke nem els\u0151sorban a v\u00e1lasztott szakter\u00fclett\u0151l, hanem sokkal ink\u00e1bb az adott gazdas\u00e1gi \u00e1gazat saj\u00e1toss\u00e1gait\u00f3l f\u00fcgg.\" \/>\n\t\t<meta property=\"og:url\" content=\"https:\/\/allasorias.hu\/hirek\/elonyben-a-diplomasok-a-munkaeropiacon-2\/\" \/>\n\t\t<meta property=\"og:image\" content=\"https:\/\/allasorias.hu\/hirek\/wp-content\/uploads\/2020\/08\/school-books-young-adult-education.jpg\" \/>\n\t\t<meta property=\"og:image:secure_url\" content=\"https:\/\/allasorias.hu\/hirek\/wp-content\/uploads\/2020\/08\/school-books-young-adult-education.jpg\" \/>\n\t\t<meta property=\"og:image:width\" content=\"910\" \/>\n\t\t<meta property=\"og:image:height\" content=\"607\" \/>\n\t\t<meta property=\"article:published_time\" content=\"2020-08-28T07:34:53+00:00\" \/>\n\t\t<meta property=\"article:modified_time\" content=\"2025-05-13T11:13:17+00:00\" \/>\n\t\t<meta property=\"article:publisher\" content=\"https:\/\/www.facebook.com\/allasorias\" \/>\n\t\t<meta name=\"twitter:card\" content=\"summary_large_image\" \/>\n\t\t<meta name=\"twitter:title\" content=\"El\u0151nyt \u00e9lveznek a diplom\u00e1sok a munkaer\u0151piacon\" \/>\n\t\t<meta name=\"twitter:description\" content=\"A j\u00f6v\u0151\u00e1ll\u00f3 tud\u00e1s szerepe a fels\u0151oktat\u00e1sban \u2013 F\u00e1bri Gy\u00f6rgy gondolatai F\u00e1bri Gy\u00f6rgy, az ELTE Pedag\u00f3giai \u00e9s Pszichol\u00f3giai Kar\u00e1nak egyetemi docense szerint a fels\u0151oktat\u00e1s feladata olyan tud\u00e1s \u00e1tad\u00e1sa, amely hossz\u00fa t\u00e1von is biztos\u00edtja a hallgat\u00f3k munkaer\u0151piaci \u00e9rv\u00e9nyes\u00fcl\u00e9s\u00e9t. Szerinte a kezd\u0151 fizet\u00e9sek m\u00e9rt\u00e9ke nem els\u0151sorban a v\u00e1lasztott szakter\u00fclett\u0151l, hanem sokkal ink\u00e1bb az adott gazdas\u00e1gi \u00e1gazat saj\u00e1toss\u00e1gait\u00f3l f\u00fcgg.\" \/>\n\t\t<meta name=\"twitter:image\" content=\"https:\/\/allasorias.hu\/hirek\/wp-content\/uploads\/2020\/08\/school-books-young-adult-education.jpg\" \/>\n\t\t<meta name=\"twitter:label1\" content=\"Written by\" \/>\n\t\t<meta name=\"twitter:data1\" content=\"Juh\u00e1sz P\u00e9ter\" \/>\n\t\t<meta name=\"twitter:label2\" content=\"Est. reading time\" \/>\n\t\t<meta name=\"twitter:data2\" content=\"3 minutes\" \/>\n\t\t<script type=\"application\/ld+json\" class=\"aioseo-schema\">\n\t\t\t{\"@context\":\"https:\\\/\\\/schema.org\",\"@graph\":[{\"@type\":\"Article\",\"@id\":\"https:\\\/\\\/allasorias.hu\\\/hirek\\\/elonyben-a-diplomasok-a-munkaeropiacon-2\\\/#article\",\"name\":\"El\\u0151nyt \\u00e9lveznek a diplom\\u00e1sok a munkaer\\u0151piacon\",\"headline\":\"El\\u0151nyben a diplom\\u00e1sok a munkaer\\u0151piacon\",\"author\":{\"@id\":\"https:\\\/\\\/allasorias.hu\\\/hirek\\\/author\\\/admin-allasorias\\\/#author\"},\"publisher\":{\"@id\":\"https:\\\/\\\/allasorias.hu\\\/hirek\\\/#organization\"},\"image\":{\"@type\":\"ImageObject\",\"url\":\"https:\\\/\\\/allasorias.hu\\\/hirek\\\/wp-content\\\/uploads\\\/2020\\\/08\\\/school-books-young-adult-education.jpg\",\"width\":910,\"height\":607},\"datePublished\":\"2020-08-28T07:34:53+02:00\",\"dateModified\":\"2025-05-13T13:13:17+02:00\",\"inLanguage\":\"hu-HU\",\"mainEntityOfPage\":{\"@id\":\"https:\\\/\\\/allasorias.hu\\\/hirek\\\/elonyben-a-diplomasok-a-munkaeropiacon-2\\\/#webpage\"},\"isPartOf\":{\"@id\":\"https:\\\/\\\/allasorias.hu\\\/hirek\\\/elonyben-a-diplomasok-a-munkaeropiacon-2\\\/#webpage\"},\"articleSection\":\"Munkaer\\u0151piac\"},{\"@type\":\"BreadcrumbList\",\"@id\":\"https:\\\/\\\/allasorias.hu\\\/hirek\\\/elonyben-a-diplomasok-a-munkaeropiacon-2\\\/#breadcrumblist\",\"itemListElement\":[{\"@type\":\"ListItem\",\"@id\":\"https:\\\/\\\/allasorias.hu\\\/hirek#listItem\",\"position\":1,\"name\":\"Home\",\"item\":\"https:\\\/\\\/allasorias.hu\\\/hirek\",\"nextItem\":{\"@type\":\"ListItem\",\"@id\":\"https:\\\/\\\/allasorias.hu\\\/hirek\\\/temak\\\/munkaeropiac\\\/#listItem\",\"name\":\"Munkaer\\u0151piac\"}},{\"@type\":\"ListItem\",\"@id\":\"https:\\\/\\\/allasorias.hu\\\/hirek\\\/temak\\\/munkaeropiac\\\/#listItem\",\"position\":2,\"name\":\"Munkaer\\u0151piac\",\"item\":\"https:\\\/\\\/allasorias.hu\\\/hirek\\\/temak\\\/munkaeropiac\\\/\",\"nextItem\":{\"@type\":\"ListItem\",\"@id\":\"https:\\\/\\\/allasorias.hu\\\/hirek\\\/elonyben-a-diplomasok-a-munkaeropiacon-2\\\/#listItem\",\"name\":\"El\\u0151nyben a diplom\\u00e1sok a munkaer\\u0151piacon\"},\"previousItem\":{\"@type\":\"ListItem\",\"@id\":\"https:\\\/\\\/allasorias.hu\\\/hirek#listItem\",\"name\":\"Home\"}},{\"@type\":\"ListItem\",\"@id\":\"https:\\\/\\\/allasorias.hu\\\/hirek\\\/elonyben-a-diplomasok-a-munkaeropiacon-2\\\/#listItem\",\"position\":3,\"name\":\"El\\u0151nyben a diplom\\u00e1sok a munkaer\\u0151piacon\",\"previousItem\":{\"@type\":\"ListItem\",\"@id\":\"https:\\\/\\\/allasorias.hu\\\/hirek\\\/temak\\\/munkaeropiac\\\/#listItem\",\"name\":\"Munkaer\\u0151piac\"}}]},{\"@type\":\"Organization\",\"@id\":\"https:\\\/\\\/allasorias.hu\\\/hirek\\\/#organization\",\"name\":\"AllasOrias.hu | H\\u00edrek-lapszemle\",\"description\":\"\\u00dczleti h\\u00edrek az \\u00e1ll\\u00e1s \\u00e9s a munka vil\\u00e1g\\u00e1b\\u00f3l\",\"url\":\"https:\\\/\\\/allasorias.hu\\\/hirek\\\/\",\"logo\":{\"@type\":\"ImageObject\",\"url\":\"https:\\\/\\\/allasorias.hu\\\/hirek\\\/wp-content\\\/uploads\\\/2022\\\/10\\\/allasorias_site_facebok_logo.png\",\"@id\":\"https:\\\/\\\/allasorias.hu\\\/hirek\\\/elonyben-a-diplomasok-a-munkaeropiacon-2\\\/#organizationLogo\"},\"image\":{\"@id\":\"https:\\\/\\\/allasorias.hu\\\/hirek\\\/elonyben-a-diplomasok-a-munkaeropiacon-2\\\/#organizationLogo\"},\"sameAs\":[\"https:\\\/\\\/www.facebook.com\\\/allasorias\",\"https:\\\/\\\/www.linkedin.com\\\/company\\\/allasorias\"]},{\"@type\":\"Person\",\"@id\":\"https:\\\/\\\/allasorias.hu\\\/hirek\\\/author\\\/admin-allasorias\\\/#author\",\"url\":\"https:\\\/\\\/allasorias.hu\\\/hirek\\\/author\\\/admin-allasorias\\\/\",\"name\":\"Juh\\u00e1sz P\\u00e9ter\",\"image\":{\"@type\":\"ImageObject\",\"@id\":\"https:\\\/\\\/allasorias.hu\\\/hirek\\\/elonyben-a-diplomasok-a-munkaeropiacon-2\\\/#authorImage\",\"url\":\"https:\\\/\\\/secure.gravatar.com\\\/avatar\\\/36e6bcb83148978b992977cb0f54d22feb0cce8a0a849a9410532bb2623ba4c6?s=96&d=mm&r=g\",\"width\":96,\"height\":96,\"caption\":\"Juh\\u00e1sz P\\u00e9ter\"}},{\"@type\":\"WebPage\",\"@id\":\"https:\\\/\\\/allasorias.hu\\\/hirek\\\/elonyben-a-diplomasok-a-munkaeropiacon-2\\\/#webpage\",\"url\":\"https:\\\/\\\/allasorias.hu\\\/hirek\\\/elonyben-a-diplomasok-a-munkaeropiacon-2\\\/\",\"name\":\"El\\u0151nyt \\u00e9lveznek a diplom\\u00e1sok a munkaer\\u0151piacon\",\"description\":\"A j\\u00f6v\\u0151\\u00e1ll\\u00f3 tud\\u00e1s szerepe a fels\\u0151oktat\\u00e1sban \\u2013 F\\u00e1bri Gy\\u00f6rgy gondolatai F\\u00e1bri Gy\\u00f6rgy, az ELTE Pedag\\u00f3giai \\u00e9s Pszichol\\u00f3giai Kar\\u00e1nak egyetemi docense szerint a fels\\u0151oktat\\u00e1s feladata olyan tud\\u00e1s \\u00e1tad\\u00e1sa, amely hossz\\u00fa t\\u00e1von is biztos\\u00edtja a hallgat\\u00f3k munkaer\\u0151piaci \\u00e9rv\\u00e9nyes\\u00fcl\\u00e9s\\u00e9t. Szerinte a kezd\\u0151 fizet\\u00e9sek m\\u00e9rt\\u00e9ke nem els\\u0151sorban a v\\u00e1lasztott szakter\\u00fclett\\u0151l, hanem sokkal ink\\u00e1bb az adott gazdas\\u00e1gi \\u00e1gazat saj\\u00e1toss\\u00e1gait\\u00f3l f\\u00fcgg.\",\"inLanguage\":\"hu-HU\",\"isPartOf\":{\"@id\":\"https:\\\/\\\/allasorias.hu\\\/hirek\\\/#website\"},\"breadcrumb\":{\"@id\":\"https:\\\/\\\/allasorias.hu\\\/hirek\\\/elonyben-a-diplomasok-a-munkaeropiacon-2\\\/#breadcrumblist\"},\"author\":{\"@id\":\"https:\\\/\\\/allasorias.hu\\\/hirek\\\/author\\\/admin-allasorias\\\/#author\"},\"creator\":{\"@id\":\"https:\\\/\\\/allasorias.hu\\\/hirek\\\/author\\\/admin-allasorias\\\/#author\"},\"image\":{\"@type\":\"ImageObject\",\"url\":\"https:\\\/\\\/allasorias.hu\\\/hirek\\\/wp-content\\\/uploads\\\/2020\\\/08\\\/school-books-young-adult-education.jpg\",\"@id\":\"https:\\\/\\\/allasorias.hu\\\/hirek\\\/elonyben-a-diplomasok-a-munkaeropiacon-2\\\/#mainImage\",\"width\":910,\"height\":607},\"primaryImageOfPage\":{\"@id\":\"https:\\\/\\\/allasorias.hu\\\/hirek\\\/elonyben-a-diplomasok-a-munkaeropiacon-2\\\/#mainImage\"},\"datePublished\":\"2020-08-28T07:34:53+02:00\",\"dateModified\":\"2025-05-13T13:13:17+02:00\"},{\"@type\":\"WebSite\",\"@id\":\"https:\\\/\\\/allasorias.hu\\\/hirek\\\/#website\",\"url\":\"https:\\\/\\\/allasorias.hu\\\/hirek\\\/\",\"name\":\"AllasOrias.hu | H\\u00edrek-lapszemle\",\"description\":\"\\u00dczleti h\\u00edrek az \\u00e1ll\\u00e1s \\u00e9s a munka vil\\u00e1g\\u00e1b\\u00f3l\",\"inLanguage\":\"hu-HU\",\"publisher\":{\"@id\":\"https:\\\/\\\/allasorias.hu\\\/hirek\\\/#organization\"}}]}\n\t\t<\/script>\n\t\t<!-- All in One SEO -->\n\n","aioseo_head_json":{"title":"El\u0151nyt \u00e9lveznek a diplom\u00e1sok a munkaer\u0151piacon","description":"A j\u00f6v\u0151\u00e1ll\u00f3 tud\u00e1s szerepe a fels\u0151oktat\u00e1sban \u2013 F\u00e1bri Gy\u00f6rgy gondolatai F\u00e1bri Gy\u00f6rgy, az ELTE Pedag\u00f3giai \u00e9s Pszichol\u00f3giai Kar\u00e1nak egyetemi docense szerint a fels\u0151oktat\u00e1s feladata olyan tud\u00e1s \u00e1tad\u00e1sa, amely hossz\u00fa t\u00e1von is biztos\u00edtja a hallgat\u00f3k munkaer\u0151piaci \u00e9rv\u00e9nyes\u00fcl\u00e9s\u00e9t. Szerinte a kezd\u0151 fizet\u00e9sek m\u00e9rt\u00e9ke nem els\u0151sorban a v\u00e1lasztott szakter\u00fclett\u0151l, hanem sokkal ink\u00e1bb az adott gazdas\u00e1gi \u00e1gazat saj\u00e1toss\u00e1gait\u00f3l f\u00fcgg.","canonical_url":"https:\/\/allasorias.hu\/hirek\/elonyben-a-diplomasok-a-munkaeropiacon-2\/","robots":"max-image-preview:large","keywords":"","webmasterTools":{"miscellaneous":""},"schema":{"@context":"https:\/\/schema.org","@graph":[{"@type":"Article","@id":"https:\/\/allasorias.hu\/hirek\/elonyben-a-diplomasok-a-munkaeropiacon-2\/#article","name":"El\u0151nyt \u00e9lveznek a diplom\u00e1sok a munkaer\u0151piacon","headline":"El\u0151nyben a diplom\u00e1sok a munkaer\u0151piacon","author":{"@id":"https:\/\/allasorias.hu\/hirek\/author\/admin-allasorias\/#author"},"publisher":{"@id":"https:\/\/allasorias.hu\/hirek\/#organization"},"image":{"@type":"ImageObject","url":"https:\/\/allasorias.hu\/hirek\/wp-content\/uploads\/2020\/08\/school-books-young-adult-education.jpg","width":910,"height":607},"datePublished":"2020-08-28T07:34:53+02:00","dateModified":"2025-05-13T13:13:17+02:00","inLanguage":"hu-HU","mainEntityOfPage":{"@id":"https:\/\/allasorias.hu\/hirek\/elonyben-a-diplomasok-a-munkaeropiacon-2\/#webpage"},"isPartOf":{"@id":"https:\/\/allasorias.hu\/hirek\/elonyben-a-diplomasok-a-munkaeropiacon-2\/#webpage"},"articleSection":"Munkaer\u0151piac"},{"@type":"BreadcrumbList","@id":"https:\/\/allasorias.hu\/hirek\/elonyben-a-diplomasok-a-munkaeropiacon-2\/#breadcrumblist","itemListElement":[{"@type":"ListItem","@id":"https:\/\/allasorias.hu\/hirek#listItem","position":1,"name":"Home","item":"https:\/\/allasorias.hu\/hirek","nextItem":{"@type":"ListItem","@id":"https:\/\/allasorias.hu\/hirek\/temak\/munkaeropiac\/#listItem","name":"Munkaer\u0151piac"}},{"@type":"ListItem","@id":"https:\/\/allasorias.hu\/hirek\/temak\/munkaeropiac\/#listItem","position":2,"name":"Munkaer\u0151piac","item":"https:\/\/allasorias.hu\/hirek\/temak\/munkaeropiac\/","nextItem":{"@type":"ListItem","@id":"https:\/\/allasorias.hu\/hirek\/elonyben-a-diplomasok-a-munkaeropiacon-2\/#listItem","name":"El\u0151nyben a diplom\u00e1sok a munkaer\u0151piacon"},"previousItem":{"@type":"ListItem","@id":"https:\/\/allasorias.hu\/hirek#listItem","name":"Home"}},{"@type":"ListItem","@id":"https:\/\/allasorias.hu\/hirek\/elonyben-a-diplomasok-a-munkaeropiacon-2\/#listItem","position":3,"name":"El\u0151nyben a diplom\u00e1sok a munkaer\u0151piacon","previousItem":{"@type":"ListItem","@id":"https:\/\/allasorias.hu\/hirek\/temak\/munkaeropiac\/#listItem","name":"Munkaer\u0151piac"}}]},{"@type":"Organization","@id":"https:\/\/allasorias.hu\/hirek\/#organization","name":"AllasOrias.hu | H\u00edrek-lapszemle","description":"\u00dczleti h\u00edrek az \u00e1ll\u00e1s \u00e9s a munka vil\u00e1g\u00e1b\u00f3l","url":"https:\/\/allasorias.hu\/hirek\/","logo":{"@type":"ImageObject","url":"https:\/\/allasorias.hu\/hirek\/wp-content\/uploads\/2022\/10\/allasorias_site_facebok_logo.png","@id":"https:\/\/allasorias.hu\/hirek\/elonyben-a-diplomasok-a-munkaeropiacon-2\/#organizationLogo"},"image":{"@id":"https:\/\/allasorias.hu\/hirek\/elonyben-a-diplomasok-a-munkaeropiacon-2\/#organizationLogo"},"sameAs":["https:\/\/www.facebook.com\/allasorias","https:\/\/www.linkedin.com\/company\/allasorias"]},{"@type":"Person","@id":"https:\/\/allasorias.hu\/hirek\/author\/admin-allasorias\/#author","url":"https:\/\/allasorias.hu\/hirek\/author\/admin-allasorias\/","name":"Juh\u00e1sz P\u00e9ter","image":{"@type":"ImageObject","@id":"https:\/\/allasorias.hu\/hirek\/elonyben-a-diplomasok-a-munkaeropiacon-2\/#authorImage","url":"https:\/\/secure.gravatar.com\/avatar\/36e6bcb83148978b992977cb0f54d22feb0cce8a0a849a9410532bb2623ba4c6?s=96&d=mm&r=g","width":96,"height":96,"caption":"Juh\u00e1sz P\u00e9ter"}},{"@type":"WebPage","@id":"https:\/\/allasorias.hu\/hirek\/elonyben-a-diplomasok-a-munkaeropiacon-2\/#webpage","url":"https:\/\/allasorias.hu\/hirek\/elonyben-a-diplomasok-a-munkaeropiacon-2\/","name":"El\u0151nyt \u00e9lveznek a diplom\u00e1sok a munkaer\u0151piacon","description":"A j\u00f6v\u0151\u00e1ll\u00f3 tud\u00e1s szerepe a fels\u0151oktat\u00e1sban \u2013 F\u00e1bri Gy\u00f6rgy gondolatai F\u00e1bri Gy\u00f6rgy, az ELTE Pedag\u00f3giai \u00e9s Pszichol\u00f3giai Kar\u00e1nak egyetemi docense szerint a fels\u0151oktat\u00e1s feladata olyan tud\u00e1s \u00e1tad\u00e1sa, amely hossz\u00fa t\u00e1von is biztos\u00edtja a hallgat\u00f3k munkaer\u0151piaci \u00e9rv\u00e9nyes\u00fcl\u00e9s\u00e9t. Szerinte a kezd\u0151 fizet\u00e9sek m\u00e9rt\u00e9ke nem els\u0151sorban a v\u00e1lasztott szakter\u00fclett\u0151l, hanem sokkal ink\u00e1bb az adott gazdas\u00e1gi \u00e1gazat saj\u00e1toss\u00e1gait\u00f3l f\u00fcgg.","inLanguage":"hu-HU","isPartOf":{"@id":"https:\/\/allasorias.hu\/hirek\/#website"},"breadcrumb":{"@id":"https:\/\/allasorias.hu\/hirek\/elonyben-a-diplomasok-a-munkaeropiacon-2\/#breadcrumblist"},"author":{"@id":"https:\/\/allasorias.hu\/hirek\/author\/admin-allasorias\/#author"},"creator":{"@id":"https:\/\/allasorias.hu\/hirek\/author\/admin-allasorias\/#author"},"image":{"@type":"ImageObject","url":"https:\/\/allasorias.hu\/hirek\/wp-content\/uploads\/2020\/08\/school-books-young-adult-education.jpg","@id":"https:\/\/allasorias.hu\/hirek\/elonyben-a-diplomasok-a-munkaeropiacon-2\/#mainImage","width":910,"height":607},"primaryImageOfPage":{"@id":"https:\/\/allasorias.hu\/hirek\/elonyben-a-diplomasok-a-munkaeropiacon-2\/#mainImage"},"datePublished":"2020-08-28T07:34:53+02:00","dateModified":"2025-05-13T13:13:17+02:00"},{"@type":"WebSite","@id":"https:\/\/allasorias.hu\/hirek\/#website","url":"https:\/\/allasorias.hu\/hirek\/","name":"AllasOrias.hu | H\u00edrek-lapszemle","description":"\u00dczleti h\u00edrek az \u00e1ll\u00e1s \u00e9s a munka vil\u00e1g\u00e1b\u00f3l","inLanguage":"hu-HU","publisher":{"@id":"https:\/\/allasorias.hu\/hirek\/#organization"}}]},"og:locale":"hu_HU","og:site_name":"AllasOrias.hu | H\u00edrek-lapszemle | \u00dczleti h\u00edrek az \u00e1ll\u00e1s \u00e9s a munka vil\u00e1g\u00e1b\u00f3l","og:type":"article","og:title":"El\u0151nyt \u00e9lveznek a diplom\u00e1sok a munkaer\u0151piacon","og:description":"A j\u00f6v\u0151\u00e1ll\u00f3 tud\u00e1s szerepe a fels\u0151oktat\u00e1sban \u2013 F\u00e1bri Gy\u00f6rgy gondolatai F\u00e1bri Gy\u00f6rgy, az ELTE Pedag\u00f3giai \u00e9s Pszichol\u00f3giai Kar\u00e1nak egyetemi docense szerint a fels\u0151oktat\u00e1s feladata olyan tud\u00e1s \u00e1tad\u00e1sa, amely hossz\u00fa t\u00e1von is biztos\u00edtja a hallgat\u00f3k munkaer\u0151piaci \u00e9rv\u00e9nyes\u00fcl\u00e9s\u00e9t. Szerinte a kezd\u0151 fizet\u00e9sek m\u00e9rt\u00e9ke nem els\u0151sorban a v\u00e1lasztott szakter\u00fclett\u0151l, hanem sokkal ink\u00e1bb az adott gazdas\u00e1gi \u00e1gazat saj\u00e1toss\u00e1gait\u00f3l f\u00fcgg.","og:url":"https:\/\/allasorias.hu\/hirek\/elonyben-a-diplomasok-a-munkaeropiacon-2\/","og:image":"https:\/\/allasorias.hu\/hirek\/wp-content\/uploads\/2020\/08\/school-books-young-adult-education.jpg","og:image:secure_url":"https:\/\/allasorias.hu\/hirek\/wp-content\/uploads\/2020\/08\/school-books-young-adult-education.jpg","og:image:width":910,"og:image:height":607,"article:published_time":"2020-08-28T07:34:53+00:00","article:modified_time":"2025-05-13T11:13:17+00:00","article:publisher":"https:\/\/www.facebook.com\/allasorias","twitter:card":"summary_large_image","twitter:title":"El\u0151nyt \u00e9lveznek a diplom\u00e1sok a munkaer\u0151piacon","twitter:description":"A j\u00f6v\u0151\u00e1ll\u00f3 tud\u00e1s szerepe a fels\u0151oktat\u00e1sban \u2013 F\u00e1bri Gy\u00f6rgy gondolatai F\u00e1bri Gy\u00f6rgy, az ELTE Pedag\u00f3giai \u00e9s Pszichol\u00f3giai Kar\u00e1nak egyetemi docense szerint a fels\u0151oktat\u00e1s feladata olyan tud\u00e1s \u00e1tad\u00e1sa, amely hossz\u00fa t\u00e1von is biztos\u00edtja a hallgat\u00f3k munkaer\u0151piaci \u00e9rv\u00e9nyes\u00fcl\u00e9s\u00e9t. Szerinte a kezd\u0151 fizet\u00e9sek m\u00e9rt\u00e9ke nem els\u0151sorban a v\u00e1lasztott szakter\u00fclett\u0151l, hanem sokkal ink\u00e1bb az adott gazdas\u00e1gi \u00e1gazat saj\u00e1toss\u00e1gait\u00f3l f\u00fcgg.","twitter:image":"https:\/\/allasorias.hu\/hirek\/wp-content\/uploads\/2020\/08\/school-books-young-adult-education.jpg","twitter:label1":"Written by","twitter:data1":"Juh\u00e1sz P\u00e9ter","twitter:label2":"Est. reading time","twitter:data2":"3 minutes"},"aioseo_meta_data":{"post_id":"4213","title":"El\u0151nyt \u00e9lveznek a diplom\u00e1sok a munkaer\u0151piacon","description":null,"keywords":null,"keyphrases":{"focus":{"keyphrase":"","score":0,"analysis":{"keyphraseInTitle":{"score":0,"maxScore":9,"error":1}}},"additional":[]},"primary_term":null,"canonical_url":null,"og_title":null,"og_description":null,"og_object_type":"default","og_image_type":"default","og_image_url":null,"og_image_width":null,"og_image_height":null,"og_image_custom_url":null,"og_image_custom_fields":null,"og_video":"","og_custom_url":null,"og_article_section":null,"og_article_tags":null,"twitter_use_og":false,"twitter_card":"default","twitter_image_type":"default","twitter_image_url":null,"twitter_image_custom_url":null,"twitter_image_custom_fields":null,"twitter_title":null,"twitter_description":null,"schema":{"blockGraphs":[],"customGraphs":[],"default":{"data":{"Article":[],"Course":[],"Dataset":[],"FAQPage":[],"Movie":[],"Person":[],"Product":[],"ProductReview":[],"Car":[],"Recipe":[],"Service":[],"SoftwareApplication":[],"WebPage":[]},"graphName":"Article","isEnabled":true},"graphs":[]},"schema_type":null,"schema_type_options":null,"pillar_content":false,"robots_default":true,"robots_noindex":false,"robots_noarchive":false,"robots_nosnippet":false,"robots_nofollow":false,"robots_noimageindex":false,"robots_noodp":false,"robots_notranslate":false,"robots_max_snippet":"-1","robots_max_videopreview":"-1","robots_max_imagepreview":"large","priority":null,"frequency":"default","location":null,"local_seo":null,"breadcrumb_settings":null,"limit_modified_date":false,"ai":null,"created":"2021-02-01 20:46:57","updated":"2025-10-02 14:38:54","seo_analyzer_scan_date":null,"focus_keyword":null,"additional_keywords":null,"truseo_locale":null},"aioseo_breadcrumb":"<div class=\"aioseo-breadcrumbs\"><span class=\"aioseo-breadcrumb\">\n\t\t\t<a href=\"https:\/\/allasorias.hu\/hirek\" title=\"Home\">Home<\/a>\n\t\t<\/span><span class=\"aioseo-breadcrumb-separator\">&raquo;<\/span><span class=\"aioseo-breadcrumb\">\n\t\t\t<a href=\"https:\/\/allasorias.hu\/hirek\/temak\/munkaeropiac\/\" title=\"Munkaer\u0151piac\">Munkaer\u0151piac<\/a>\n\t\t<\/span><span class=\"aioseo-breadcrumb-separator\">&raquo;<\/span><span class=\"aioseo-breadcrumb\">\n\t\t\tEl\u0151nyben a diplom\u00e1sok a munkaer\u0151piacon\n\t\t<\/span><\/div>","aioseo_breadcrumb_json":[{"label":"Home","link":"https:\/\/allasorias.hu\/hirek"},{"label":"Munkaer\u0151piac","link":"https:\/\/allasorias.hu\/hirek\/temak\/munkaeropiac\/"},{"label":"El\u0151nyben a diplom\u00e1sok a munkaer\u0151piacon","link":"https:\/\/allasorias.hu\/hirek\/elonyben-a-diplomasok-a-munkaeropiacon-2\/"}],"_links":{"self":[{"href":"https:\/\/allasorias.hu\/hirek\/wp-json\/wp\/v2\/posts\/4213","targetHints":{"allow":["GET"]}}],"collection":[{"href":"https:\/\/allasorias.hu\/hirek\/wp-json\/wp\/v2\/posts"}],"about":[{"href":"https:\/\/allasorias.hu\/hirek\/wp-json\/wp\/v2\/types\/post"}],"author":[{"embeddable":true,"href":"https:\/\/allasorias.hu\/hirek\/wp-json\/wp\/v2\/users\/1"}],"replies":[{"embeddable":true,"href":"https:\/\/allasorias.hu\/hirek\/wp-json\/wp\/v2\/comments?post=4213"}],"version-history":[{"count":3,"href":"https:\/\/allasorias.hu\/hirek\/wp-json\/wp\/v2\/posts\/4213\/revisions"}],"predecessor-version":[{"id":8373,"href":"https:\/\/allasorias.hu\/hirek\/wp-json\/wp\/v2\/posts\/4213\/revisions\/8373"}],"wp:featuredmedia":[{"embeddable":true,"href":"https:\/\/allasorias.hu\/hirek\/wp-json\/wp\/v2\/media\/4214"}],"wp:attachment":[{"href":"https:\/\/allasorias.hu\/hirek\/wp-json\/wp\/v2\/media?parent=4213"}],"wp:term":[{"taxonomy":"category","embeddable":true,"href":"https:\/\/allasorias.hu\/hirek\/wp-json\/wp\/v2\/categories?post=4213"},{"taxonomy":"post_tag","embeddable":true,"href":"https:\/\/allasorias.hu\/hirek\/wp-json\/wp\/v2\/tags?post=4213"}],"curies":[{"name":"wp","href":"https:\/\/api.w.org\/{rel}","templated":true}]}}